{"id":62466,"date":"2016-02-01T02:26:17","date_gmt":"2016-02-01T01:26:17","guid":{"rendered":"http:\/\/eldigitaldeasturias.com\/magazine365\/?p=62466"},"modified":"2016-02-01T02:26:17","modified_gmt":"2016-02-01T01:26:17","slug":"empresarios-de-ubeda-y-baeza-satisfechos-con-la-promocion-en-granada-de-la-autovia-del-olivar","status":"publish","type":"post","link":"https:\/\/eldigitaldeasturias.com\/magazine365\/empresarios-de-ubeda-y-baeza-satisfechos-con-la-promocion-en-granada-de-la-autovia-del-olivar\/","title":{"rendered":"Empresarios de \u00dabeda y Baeza, satisfechos con la promoci\u00f3n en Granada de la Autov\u00eda del Olivar"},"content":{"rendered":"<p><img fetchpriority=\"high\" decoding=\"async\" class=\"alignleft size-medium wp-image-62467\" src=\"https:\/\/eldigitaldeasturias.com\/magazine365\/wp-content\/uploads\/2016\/02\/fotonoticia_20160127171338_800-360x202.jpg\" alt=\"fotonoticia_20160127171338_800\" width=\"360\" height=\"202\" srcset=\"https:\/\/eldigitaldeasturias.com\/magazine365\/wp-content\/uploads\/2016\/02\/fotonoticia_20160127171338_800-360x202.jpg 360w, https:\/\/eldigitaldeasturias.com\/magazine365\/wp-content\/uploads\/2016\/02\/fotonoticia_20160127171338_800-650x365.jpg 650w, https:\/\/eldigitaldeasturias.com\/magazine365\/wp-content\/uploads\/2016\/02\/fotonoticia_20160127171338_800-768x431.jpg 768w, https:\/\/eldigitaldeasturias.com\/magazine365\/wp-content\/uploads\/2016\/02\/fotonoticia_20160127171338_800-150x84.jpg 150w, https:\/\/eldigitaldeasturias.com\/magazine365\/wp-content\/uploads\/2016\/02\/fotonoticia_20160127171338_800-450x253.jpg 450w, https:\/\/eldigitaldeasturias.com\/magazine365\/wp-content\/uploads\/2016\/02\/fotonoticia_20160127171338_800-696x391.jpg 696w, https:\/\/eldigitaldeasturias.com\/magazine365\/wp-content\/uploads\/2016\/02\/fotonoticia_20160127171338_800-748x420.jpg 748w, https:\/\/eldigitaldeasturias.com\/magazine365\/wp-content\/uploads\/2016\/02\/fotonoticia_20160127171338_800-499x280.jpg 499w, https:\/\/eldigitaldeasturias.com\/magazine365\/wp-content\/uploads\/2016\/02\/fotonoticia_20160127171338_800.jpg 800w\" sizes=\"(max-width: 360px) 100vw, 360px\" \/>La Asociaci\u00f3n para el Desarrollo Tur\u00edstico de \u00dabeda y Baeza (Tubba) ha valorado como \u00abmuy positiva\u00bb la campa\u00f1a de difusi\u00f3n y promoci\u00f3n de la Autov\u00eda del Olivar que la Consejer\u00eda de Fomento y Vivienda est\u00e1 llevando a cabo en la provincia de Granada por lo que puede conllevar de atracci\u00f3n de turistas a estas dos ciudades jiennenses declaradas Patrimonio de la Humanidad.<\/p>\n<p>De este modo, seg\u00fan Tubba, se potencia tanto la atracci\u00f3n del turismo que visita la capital granadina, como el turismo de proximidad que se pretende atraer a la provincia de Ja\u00e9n, convirti\u00e9ndose en \u00abindispensable transmitir la facilidad con la que pueden llegar a nuestro destino una vez finalizada esta importante actuaci\u00f3n\u00bb, dice la asociaci\u00f3n en un comunicado.<\/p>\n<p>Gracias al desarrollo de esta v\u00eda de comunicaci\u00f3n, \u00dabeda y Baeza se sit\u00faan a poco m\u00e1s de 140 kil\u00f3metros de la capital granadina. En una hora y cuarto el visitante puede desplazarse desde el monumento m\u00e1s visitado de Andaluc\u00eda, la Alhambra, a las ciudades Patrimonio Mundial.<\/p>\n<p>\u00ab\u00dabeda y Baeza cuentan con una materia prima de gran valor pero adem\u00e1s, para un buen funcionamiento de la industria tur\u00edstica, es necesario un capital que ponga en valor los recursos patrimoniales como lo es un sector privado din\u00e1mico y el apoyo constante de un sector p\u00fablico, con los que ya cuenta este destino\u00bb, sostiene la asociaci\u00f3n.<\/p>\n<p>No obstante, desde la Asociaci\u00f3n Tubba se entiende que, para terminar de desarrollar esta industria, es \u00abesencial contar con unas v\u00edas de comunicaci\u00f3n de calidad, hecho con el que se ha avanzado en gran medida gracias a la Autov\u00eda del Olivar, la cual nos acerca m\u00e1s tanto a la capital granadina, como a sus costas, sin olvidar a la provincia de M\u00e1laga e incluso Almer\u00eda\u00bb.<\/p>\n<p>Tubba ha mostrado tambi\u00e9n su satisfacci\u00f3n con la se\u00f1alizaci\u00f3n de la autov\u00eda. Un total de 45 se\u00f1ales informan de los atractivos tur\u00edsticos que se encuentran en su entorno, \u00abfacilitando as\u00ed el aumento de visitas\u00bb. Asimismo se ve como \u00abacertada\u00bb su denominaci\u00f3n como Autov\u00eda del Olivar porque \u00abtransmite la importancia de nuestro mar de olivos como icono de la cultura e industria jiennenses\u00bb.<\/p>\n","protected":false},"excerpt":{"rendered":"<p>La Asociaci\u00f3n para el Desarrollo Tur\u00edstico de \u00dabeda y Baeza (Tubba) ha valorado como \u00abmuy positiva\u00bb la campa\u00f1a de difusi\u00f3n y promoci\u00f3n de la Autov\u00eda del Olivar que la Consejer\u00eda de Fomento y Vivienda est\u00e1 llevando a cabo en la provincia de Granada por lo que puede conllevar de atracci\u00f3n de turistas a estas dos<\/p>\n","protected":false},"author":1,"featured_media":62467,"comment_status":"open","ping_status":"closed","sticky":false,"template":"","format":"standard","meta":{"footnotes":""},"categories":[224],"tags":[],"class_list":{"0":"post-62466","1":"post","2":"type-post","3":"status-publish","4":"format-standard","5":"has-post-thumbnail","7":"category-noticias-actualidad"},"aioseo_notices":[],"aioseo_head":"\n\t\t<!-- All in One SEO Pro 4.9.6.1 - aioseo.com -->\n\t<meta name=\"description\" content=\"La Asociaci\u00f3n para el Desarrollo Tur\u00edstico de \u00dabeda y Baeza (Tubba) ha valorado como &quot;muy positiva&quot; la campa\u00f1a de difusi\u00f3n y promoci\u00f3n de la Autov\u00eda del Olivar que la Consejer\u00eda de Fomento y Vivienda est\u00e1 llevando a cabo en la provincia de Granada por lo que puede conllevar de atracci\u00f3n de turistas a estas dos\" \/>\n\t<meta name=\"robots\" content=\"max-image-preview:large\" \/>\n\t<meta name=\"author\" content=\"admin\"\/>\n\t<meta name=\"google-site-verification\" content=\"UA-38556648-1\" \/>\n\t<meta name=\"keywords\" content=\"noticias y actualidad\" \/>\n\t<link rel=\"canonical\" href=\"https:\/\/eldigitaldeasturias.com\/magazine365\/empresarios-de-ubeda-y-baeza-satisfechos-con-la-promocion-en-granada-de-la-autovia-del-olivar\/\" \/>\n\t<meta name=\"generator\" content=\"All in One SEO Pro (AIOSEO) 4.9.6.1\" \/>\n\t\t<meta property=\"og:locale\" content=\"es_ES\" \/>\n\t\t<meta property=\"og:site_name\" content=\"El Digital de Asturias \u2013 Revista de ocio, turismo y estilo de vida\" \/>\n\t\t<meta property=\"og:type\" content=\"article\" \/>\n\t\t<meta property=\"og:title\" content=\"Empresarios de \u00dabeda y Baeza, satisfechos con la promoci\u00f3n en Granada de la Autov\u00eda del Olivar | El Digital de Asturias\" \/>\n\t\t<meta property=\"og:description\" content=\"La Asociaci\u00f3n para el Desarrollo Tur\u00edstico de \u00dabeda y Baeza (Tubba) ha valorado como &quot;muy positiva&quot; la campa\u00f1a de difusi\u00f3n y promoci\u00f3n de la Autov\u00eda del Olivar que la Consejer\u00eda de Fomento y Vivienda est\u00e1 llevando a cabo en la provincia de Granada por lo que puede conllevar de atracci\u00f3n de turistas a estas dos\" \/>\n\t\t<meta property=\"og:url\" content=\"https:\/\/eldigitaldeasturias.com\/magazine365\/empresarios-de-ubeda-y-baeza-satisfechos-con-la-promocion-en-granada-de-la-autovia-del-olivar\/\" \/>\n\t\t<meta property=\"og:image\" content=\"https:\/\/eldigitaldeasturias.com\/magazine365\/wp-content\/uploads\/2016\/02\/fotonoticia_20160127171338_800.jpg\" \/>\n\t\t<meta property=\"og:image:secure_url\" content=\"https:\/\/eldigitaldeasturias.com\/magazine365\/wp-content\/uploads\/2016\/02\/fotonoticia_20160127171338_800.jpg\" \/>\n\t\t<meta property=\"og:image:width\" content=\"800\" \/>\n\t\t<meta property=\"og:image:height\" content=\"449\" \/>\n\t\t<meta property=\"article:published_time\" content=\"2016-02-01T01:26:17+00:00\" \/>\n\t\t<meta property=\"article:modified_time\" content=\"2016-02-01T01:26:17+00:00\" \/>\n\t\t<meta name=\"twitter:card\" content=\"summary_large_image\" \/>\n\t\t<meta name=\"twitter:title\" content=\"Empresarios de \u00dabeda y Baeza, satisfechos con la promoci\u00f3n en Granada de la Autov\u00eda del Olivar | El Digital de Asturias\" \/>\n\t\t<meta name=\"twitter:description\" content=\"La Asociaci\u00f3n para el Desarrollo Tur\u00edstico de \u00dabeda y Baeza (Tubba) ha valorado como &quot;muy positiva&quot; la campa\u00f1a de difusi\u00f3n y promoci\u00f3n de la Autov\u00eda del Olivar que la Consejer\u00eda de Fomento y Vivienda est\u00e1 llevando a cabo en la provincia de Granada por lo que puede conllevar de atracci\u00f3n de turistas a estas dos\" \/>\n\t\t<meta name=\"twitter:image\" content=\"https:\/\/eldigitaldeasturias.com\/magazine365\/wp-content\/uploads\/2016\/02\/fotonoticia_20160127171338_800.jpg\" \/>\n\t\t<script type=\"application\/ld+json\" class=\"aioseo-schema\">\n\t\t\t{\"@context\":\"https:\\\/\\\/schema.org\",\"@graph\":[{\"@type\":\"Article\",\"@id\":\"https:\\\/\\\/eldigitaldeasturias.com\\\/magazine365\\\/empresarios-de-ubeda-y-baeza-satisfechos-con-la-promocion-en-granada-de-la-autovia-del-olivar\\\/#article\",\"name\":\"Empresarios de \\u00dabeda y Baeza, satisfechos con la promoci\\u00f3n en Granada de la Autov\\u00eda del Olivar | El Digital de Asturias\",\"headline\":\"Empresarios de \\u00dabeda y Baeza, satisfechos con la promoci\\u00f3n en Granada de la Autov\\u00eda del Olivar\",\"author\":{\"@id\":\"https:\\\/\\\/eldigitaldeasturias.com\\\/magazine365\\\/author\\\/admin\\\/#author\"},\"publisher\":{\"@id\":\"https:\\\/\\\/eldigitaldeasturias.com\\\/magazine365\\\/#organization\"},\"image\":{\"@type\":\"ImageObject\",\"url\":\"https:\\\/\\\/eldigitaldeasturias.com\\\/magazine365\\\/wp-content\\\/uploads\\\/2016\\\/02\\\/fotonoticia_20160127171338_800.jpg\",\"width\":800,\"height\":449},\"datePublished\":\"2016-02-01T02:26:17+01:00\",\"dateModified\":\"2016-02-01T02:26:17+01:00\",\"inLanguage\":\"es-ES\",\"mainEntityOfPage\":{\"@id\":\"https:\\\/\\\/eldigitaldeasturias.com\\\/magazine365\\\/empresarios-de-ubeda-y-baeza-satisfechos-con-la-promocion-en-granada-de-la-autovia-del-olivar\\\/#webpage\"},\"isPartOf\":{\"@id\":\"https:\\\/\\\/eldigitaldeasturias.com\\\/magazine365\\\/empresarios-de-ubeda-y-baeza-satisfechos-con-la-promocion-en-granada-de-la-autovia-del-olivar\\\/#webpage\"},\"articleSection\":\"Noticias y Actualidad\"},{\"@type\":\"BreadcrumbList\",\"@id\":\"https:\\\/\\\/eldigitaldeasturias.com\\\/magazine365\\\/empresarios-de-ubeda-y-baeza-satisfechos-con-la-promocion-en-granada-de-la-autovia-del-olivar\\\/#breadcrumblist\",\"itemListElement\":[{\"@type\":\"ListItem\",\"@id\":\"https:\\\/\\\/eldigitaldeasturias.com\\\/magazine365#listItem\",\"position\":1,\"name\":\"Home\",\"item\":\"https:\\\/\\\/eldigitaldeasturias.com\\\/magazine365\",\"nextItem\":{\"@type\":\"ListItem\",\"@id\":\"https:\\\/\\\/eldigitaldeasturias.com\\\/magazine365\\\/category\\\/noticias-actualidad\\\/#listItem\",\"name\":\"Noticias y Actualidad\"}},{\"@type\":\"ListItem\",\"@id\":\"https:\\\/\\\/eldigitaldeasturias.com\\\/magazine365\\\/category\\\/noticias-actualidad\\\/#listItem\",\"position\":2,\"name\":\"Noticias y Actualidad\",\"item\":\"https:\\\/\\\/eldigitaldeasturias.com\\\/magazine365\\\/category\\\/noticias-actualidad\\\/\",\"nextItem\":{\"@type\":\"ListItem\",\"@id\":\"https:\\\/\\\/eldigitaldeasturias.com\\\/magazine365\\\/empresarios-de-ubeda-y-baeza-satisfechos-con-la-promocion-en-granada-de-la-autovia-del-olivar\\\/#listItem\",\"name\":\"Empresarios de \\u00dabeda y Baeza, satisfechos con la promoci\\u00f3n en Granada de la Autov\\u00eda del Olivar\"},\"previousItem\":{\"@type\":\"ListItem\",\"@id\":\"https:\\\/\\\/eldigitaldeasturias.com\\\/magazine365#listItem\",\"name\":\"Home\"}},{\"@type\":\"ListItem\",\"@id\":\"https:\\\/\\\/eldigitaldeasturias.com\\\/magazine365\\\/empresarios-de-ubeda-y-baeza-satisfechos-con-la-promocion-en-granada-de-la-autovia-del-olivar\\\/#listItem\",\"position\":3,\"name\":\"Empresarios de \\u00dabeda y Baeza, satisfechos con la promoci\\u00f3n en Granada de la Autov\\u00eda del Olivar\",\"previousItem\":{\"@type\":\"ListItem\",\"@id\":\"https:\\\/\\\/eldigitaldeasturias.com\\\/magazine365\\\/category\\\/noticias-actualidad\\\/#listItem\",\"name\":\"Noticias y Actualidad\"}}]},{\"@type\":\"Organization\",\"@id\":\"https:\\\/\\\/eldigitaldeasturias.com\\\/magazine365\\\/#organization\",\"name\":\"El digital de Asturias\",\"description\":\"Revista de ocio, turismo y estilo de vida\",\"url\":\"https:\\\/\\\/eldigitaldeasturias.com\\\/magazine365\\\/\",\"logo\":{\"@type\":\"ImageObject\",\"url\":\"https:\\\/\\\/www.eldigitaldeasturias.com\\\/noticias\\\/wp-content\\\/uploads\\\/2020\\\/12\\\/EDA.jpg\",\"@id\":\"https:\\\/\\\/eldigitaldeasturias.com\\\/magazine365\\\/empresarios-de-ubeda-y-baeza-satisfechos-con-la-promocion-en-granada-de-la-autovia-del-olivar\\\/#organizationLogo\"},\"image\":{\"@id\":\"https:\\\/\\\/eldigitaldeasturias.com\\\/magazine365\\\/empresarios-de-ubeda-y-baeza-satisfechos-con-la-promocion-en-granada-de-la-autovia-del-olivar\\\/#organizationLogo\"}},{\"@type\":\"Person\",\"@id\":\"https:\\\/\\\/eldigitaldeasturias.com\\\/magazine365\\\/author\\\/admin\\\/#author\",\"url\":\"https:\\\/\\\/eldigitaldeasturias.com\\\/magazine365\\\/author\\\/admin\\\/\",\"name\":\"admin\",\"image\":{\"@type\":\"ImageObject\",\"@id\":\"https:\\\/\\\/eldigitaldeasturias.com\\\/magazine365\\\/empresarios-de-ubeda-y-baeza-satisfechos-con-la-promocion-en-granada-de-la-autovia-del-olivar\\\/#authorImage\",\"url\":\"https:\\\/\\\/eldigitaldeasturias.com\\\/magazine365\\\/wp-content\\\/litespeed\\\/avatar\\\/e571bcf59a0edd6fa6838245a470f2fe.jpg?ver=1776969259\",\"width\":96,\"height\":96,\"caption\":\"admin\"}},{\"@type\":\"WebPage\",\"@id\":\"https:\\\/\\\/eldigitaldeasturias.com\\\/magazine365\\\/empresarios-de-ubeda-y-baeza-satisfechos-con-la-promocion-en-granada-de-la-autovia-del-olivar\\\/#webpage\",\"url\":\"https:\\\/\\\/eldigitaldeasturias.com\\\/magazine365\\\/empresarios-de-ubeda-y-baeza-satisfechos-con-la-promocion-en-granada-de-la-autovia-del-olivar\\\/\",\"name\":\"Empresarios de \\u00dabeda y Baeza, satisfechos con la promoci\\u00f3n en Granada de la Autov\\u00eda del Olivar | El Digital de Asturias\",\"description\":\"La Asociaci\\u00f3n para el Desarrollo Tur\\u00edstico de \\u00dabeda y Baeza (Tubba) ha valorado como \\\"muy positiva\\\" la campa\\u00f1a de difusi\\u00f3n y promoci\\u00f3n de la Autov\\u00eda del Olivar que la Consejer\\u00eda de Fomento y Vivienda est\\u00e1 llevando a cabo en la provincia de Granada por lo que puede conllevar de atracci\\u00f3n de turistas a estas dos\",\"inLanguage\":\"es-ES\",\"isPartOf\":{\"@id\":\"https:\\\/\\\/eldigitaldeasturias.com\\\/magazine365\\\/#website\"},\"breadcrumb\":{\"@id\":\"https:\\\/\\\/eldigitaldeasturias.com\\\/magazine365\\\/empresarios-de-ubeda-y-baeza-satisfechos-con-la-promocion-en-granada-de-la-autovia-del-olivar\\\/#breadcrumblist\"},\"author\":{\"@id\":\"https:\\\/\\\/eldigitaldeasturias.com\\\/magazine365\\\/author\\\/admin\\\/#author\"},\"creator\":{\"@id\":\"https:\\\/\\\/eldigitaldeasturias.com\\\/magazine365\\\/author\\\/admin\\\/#author\"},\"image\":{\"@type\":\"ImageObject\",\"url\":\"https:\\\/\\\/eldigitaldeasturias.com\\\/magazine365\\\/wp-content\\\/uploads\\\/2016\\\/02\\\/fotonoticia_20160127171338_800.jpg\",\"@id\":\"https:\\\/\\\/eldigitaldeasturias.com\\\/magazine365\\\/empresarios-de-ubeda-y-baeza-satisfechos-con-la-promocion-en-granada-de-la-autovia-del-olivar\\\/#mainImage\",\"width\":800,\"height\":449},\"primaryImageOfPage\":{\"@id\":\"https:\\\/\\\/eldigitaldeasturias.com\\\/magazine365\\\/empresarios-de-ubeda-y-baeza-satisfechos-con-la-promocion-en-granada-de-la-autovia-del-olivar\\\/#mainImage\"},\"datePublished\":\"2016-02-01T02:26:17+01:00\",\"dateModified\":\"2016-02-01T02:26:17+01:00\"},{\"@type\":\"WebSite\",\"@id\":\"https:\\\/\\\/eldigitaldeasturias.com\\\/magazine365\\\/#website\",\"url\":\"https:\\\/\\\/eldigitaldeasturias.com\\\/magazine365\\\/\",\"name\":\"El Digital de Asturias\",\"description\":\"Revista de ocio, turismo y estilo de vida\",\"inLanguage\":\"es-ES\",\"publisher\":{\"@id\":\"https:\\\/\\\/eldigitaldeasturias.com\\\/magazine365\\\/#organization\"}}]}\n\t\t<\/script>\n\t\t<!-- All in One SEO Pro -->\r\n\t\t<title>Empresarios de \u00dabeda y Baeza, satisfechos con la promoci\u00f3n en Granada de la Autov\u00eda del Olivar | El Digital de Asturias<\/title>\n\n","aioseo_head_json":{"title":"Empresarios de \u00dabeda y Baeza, satisfechos con la promoci\u00f3n en Granada de la Autov\u00eda del Olivar | El Digital de Asturias","description":"La Asociaci\u00f3n para el Desarrollo Tur\u00edstico de \u00dabeda y Baeza (Tubba) ha valorado como \"muy positiva\" la campa\u00f1a de difusi\u00f3n y promoci\u00f3n de la Autov\u00eda del Olivar que la Consejer\u00eda de Fomento y Vivienda est\u00e1 llevando a cabo en la provincia de Granada por lo que puede conllevar de atracci\u00f3n de turistas a estas dos","canonical_url":"https:\/\/eldigitaldeasturias.com\/magazine365\/empresarios-de-ubeda-y-baeza-satisfechos-con-la-promocion-en-granada-de-la-autovia-del-olivar\/","robots":"max-image-preview:large","keywords":"noticias y actualidad","webmasterTools":{"google-site-verification":"UA-38556648-1","miscellaneous":""},"schema":{"@context":"https:\/\/schema.org","@graph":[{"@type":"Article","@id":"https:\/\/eldigitaldeasturias.com\/magazine365\/empresarios-de-ubeda-y-baeza-satisfechos-con-la-promocion-en-granada-de-la-autovia-del-olivar\/#article","name":"Empresarios de \u00dabeda y Baeza, satisfechos con la promoci\u00f3n en Granada de la Autov\u00eda del Olivar | El Digital de Asturias","headline":"Empresarios de \u00dabeda y Baeza, satisfechos con la promoci\u00f3n en Granada de la Autov\u00eda del Olivar","author":{"@id":"https:\/\/eldigitaldeasturias.com\/magazine365\/author\/admin\/#author"},"publisher":{"@id":"https:\/\/eldigitaldeasturias.com\/magazine365\/#organization"},"image":{"@type":"ImageObject","url":"https:\/\/eldigitaldeasturias.com\/magazine365\/wp-content\/uploads\/2016\/02\/fotonoticia_20160127171338_800.jpg","width":800,"height":449},"datePublished":"2016-02-01T02:26:17+01:00","dateModified":"2016-02-01T02:26:17+01:00","inLanguage":"es-ES","mainEntityOfPage":{"@id":"https:\/\/eldigitaldeasturias.com\/magazine365\/empresarios-de-ubeda-y-baeza-satisfechos-con-la-promocion-en-granada-de-la-autovia-del-olivar\/#webpage"},"isPartOf":{"@id":"https:\/\/eldigitaldeasturias.com\/magazine365\/empresarios-de-ubeda-y-baeza-satisfechos-con-la-promocion-en-granada-de-la-autovia-del-olivar\/#webpage"},"articleSection":"Noticias y Actualidad"},{"@type":"BreadcrumbList","@id":"https:\/\/eldigitaldeasturias.com\/magazine365\/empresarios-de-ubeda-y-baeza-satisfechos-con-la-promocion-en-granada-de-la-autovia-del-olivar\/#breadcrumblist","itemListElement":[{"@type":"ListItem","@id":"https:\/\/eldigitaldeasturias.com\/magazine365#listItem","position":1,"name":"Home","item":"https:\/\/eldigitaldeasturias.com\/magazine365","nextItem":{"@type":"ListItem","@id":"https:\/\/eldigitaldeasturias.com\/magazine365\/category\/noticias-actualidad\/#listItem","name":"Noticias y Actualidad"}},{"@type":"ListItem","@id":"https:\/\/eldigitaldeasturias.com\/magazine365\/category\/noticias-actualidad\/#listItem","position":2,"name":"Noticias y Actualidad","item":"https:\/\/eldigitaldeasturias.com\/magazine365\/category\/noticias-actualidad\/","nextItem":{"@type":"ListItem","@id":"https:\/\/eldigitaldeasturias.com\/magazine365\/empresarios-de-ubeda-y-baeza-satisfechos-con-la-promocion-en-granada-de-la-autovia-del-olivar\/#listItem","name":"Empresarios de \u00dabeda y Baeza, satisfechos con la promoci\u00f3n en Granada de la Autov\u00eda del Olivar"},"previousItem":{"@type":"ListItem","@id":"https:\/\/eldigitaldeasturias.com\/magazine365#listItem","name":"Home"}},{"@type":"ListItem","@id":"https:\/\/eldigitaldeasturias.com\/magazine365\/empresarios-de-ubeda-y-baeza-satisfechos-con-la-promocion-en-granada-de-la-autovia-del-olivar\/#listItem","position":3,"name":"Empresarios de \u00dabeda y Baeza, satisfechos con la promoci\u00f3n en Granada de la Autov\u00eda del Olivar","previousItem":{"@type":"ListItem","@id":"https:\/\/eldigitaldeasturias.com\/magazine365\/category\/noticias-actualidad\/#listItem","name":"Noticias y Actualidad"}}]},{"@type":"Organization","@id":"https:\/\/eldigitaldeasturias.com\/magazine365\/#organization","name":"El digital de Asturias","description":"Revista de ocio, turismo y estilo de vida","url":"https:\/\/eldigitaldeasturias.com\/magazine365\/","logo":{"@type":"ImageObject","url":"https:\/\/www.eldigitaldeasturias.com\/noticias\/wp-content\/uploads\/2020\/12\/EDA.jpg","@id":"https:\/\/eldigitaldeasturias.com\/magazine365\/empresarios-de-ubeda-y-baeza-satisfechos-con-la-promocion-en-granada-de-la-autovia-del-olivar\/#organizationLogo"},"image":{"@id":"https:\/\/eldigitaldeasturias.com\/magazine365\/empresarios-de-ubeda-y-baeza-satisfechos-con-la-promocion-en-granada-de-la-autovia-del-olivar\/#organizationLogo"}},{"@type":"Person","@id":"https:\/\/eldigitaldeasturias.com\/magazine365\/author\/admin\/#author","url":"https:\/\/eldigitaldeasturias.com\/magazine365\/author\/admin\/","name":"admin","image":{"@type":"ImageObject","@id":"https:\/\/eldigitaldeasturias.com\/magazine365\/empresarios-de-ubeda-y-baeza-satisfechos-con-la-promocion-en-granada-de-la-autovia-del-olivar\/#authorImage","url":"https:\/\/eldigitaldeasturias.com\/magazine365\/wp-content\/litespeed\/avatar\/e571bcf59a0edd6fa6838245a470f2fe.jpg?ver=1776969259","width":96,"height":96,"caption":"admin"}},{"@type":"WebPage","@id":"https:\/\/eldigitaldeasturias.com\/magazine365\/empresarios-de-ubeda-y-baeza-satisfechos-con-la-promocion-en-granada-de-la-autovia-del-olivar\/#webpage","url":"https:\/\/eldigitaldeasturias.com\/magazine365\/empresarios-de-ubeda-y-baeza-satisfechos-con-la-promocion-en-granada-de-la-autovia-del-olivar\/","name":"Empresarios de \u00dabeda y Baeza, satisfechos con la promoci\u00f3n en Granada de la Autov\u00eda del Olivar | El Digital de Asturias","description":"La Asociaci\u00f3n para el Desarrollo Tur\u00edstico de \u00dabeda y Baeza (Tubba) ha valorado como \"muy positiva\" la campa\u00f1a de difusi\u00f3n y promoci\u00f3n de la Autov\u00eda del Olivar que la Consejer\u00eda de Fomento y Vivienda est\u00e1 llevando a cabo en la provincia de Granada por lo que puede conllevar de atracci\u00f3n de turistas a estas dos","inLanguage":"es-ES","isPartOf":{"@id":"https:\/\/eldigitaldeasturias.com\/magazine365\/#website"},"breadcrumb":{"@id":"https:\/\/eldigitaldeasturias.com\/magazine365\/empresarios-de-ubeda-y-baeza-satisfechos-con-la-promocion-en-granada-de-la-autovia-del-olivar\/#breadcrumblist"},"author":{"@id":"https:\/\/eldigitaldeasturias.com\/magazine365\/author\/admin\/#author"},"creator":{"@id":"https:\/\/eldigitaldeasturias.com\/magazine365\/author\/admin\/#author"},"image":{"@type":"ImageObject","url":"https:\/\/eldigitaldeasturias.com\/magazine365\/wp-content\/uploads\/2016\/02\/fotonoticia_20160127171338_800.jpg","@id":"https:\/\/eldigitaldeasturias.com\/magazine365\/empresarios-de-ubeda-y-baeza-satisfechos-con-la-promocion-en-granada-de-la-autovia-del-olivar\/#mainImage","width":800,"height":449},"primaryImageOfPage":{"@id":"https:\/\/eldigitaldeasturias.com\/magazine365\/empresarios-de-ubeda-y-baeza-satisfechos-con-la-promocion-en-granada-de-la-autovia-del-olivar\/#mainImage"},"datePublished":"2016-02-01T02:26:17+01:00","dateModified":"2016-02-01T02:26:17+01:00"},{"@type":"WebSite","@id":"https:\/\/eldigitaldeasturias.com\/magazine365\/#website","url":"https:\/\/eldigitaldeasturias.com\/magazine365\/","name":"El Digital de Asturias","description":"Revista de ocio, turismo y estilo de vida","inLanguage":"es-ES","publisher":{"@id":"https:\/\/eldigitaldeasturias.com\/magazine365\/#organization"}}]},"og:locale":"es_ES","og:site_name":"El Digital de Asturias \u2013 Revista de ocio, turismo y estilo de vida","og:type":"article","og:title":"Empresarios de \u00dabeda y Baeza, satisfechos con la promoci\u00f3n en Granada de la Autov\u00eda del Olivar | El Digital de Asturias","og:description":"La Asociaci\u00f3n para el Desarrollo Tur\u00edstico de \u00dabeda y Baeza (Tubba) ha valorado como &quot;muy positiva&quot; la campa\u00f1a de difusi\u00f3n y promoci\u00f3n de la Autov\u00eda del Olivar que la Consejer\u00eda de Fomento y Vivienda est\u00e1 llevando a cabo en la provincia de Granada por lo que puede conllevar de atracci\u00f3n de turistas a estas dos","og:url":"https:\/\/eldigitaldeasturias.com\/magazine365\/empresarios-de-ubeda-y-baeza-satisfechos-con-la-promocion-en-granada-de-la-autovia-del-olivar\/","og:image":"https:\/\/eldigitaldeasturias.com\/magazine365\/wp-content\/uploads\/2016\/02\/fotonoticia_20160127171338_800.jpg","og:image:secure_url":"https:\/\/eldigitaldeasturias.com\/magazine365\/wp-content\/uploads\/2016\/02\/fotonoticia_20160127171338_800.jpg","og:image:width":800,"og:image:height":449,"article:published_time":"2016-02-01T01:26:17+00:00","article:modified_time":"2016-02-01T01:26:17+00:00","twitter:card":"summary_large_image","twitter:title":"Empresarios de \u00dabeda y Baeza, satisfechos con la promoci\u00f3n en Granada de la Autov\u00eda del Olivar | El Digital de Asturias","twitter:description":"La Asociaci\u00f3n para el Desarrollo Tur\u00edstico de \u00dabeda y Baeza (Tubba) ha valorado como &quot;muy positiva&quot; la campa\u00f1a de difusi\u00f3n y promoci\u00f3n de la Autov\u00eda del Olivar que la Consejer\u00eda de Fomento y Vivienda est\u00e1 llevando a cabo en la provincia de Granada por lo que puede conllevar de atracci\u00f3n de turistas a estas dos","twitter:image":"https:\/\/eldigitaldeasturias.com\/magazine365\/wp-content\/uploads\/2016\/02\/fotonoticia_20160127171338_800.jpg"},"aioseo_meta_data":{"post_id":"62466","title":null,"description":null,"keywords":null,"keyphrases":null,"primary_term":null,"canonical_url":null,"og_title":null,"og_description":null,"og_object_type":"default","og_image_type":"default","og_image_url":null,"og_image_width":null,"og_image_height":null,"og_image_custom_url":null,"og_image_custom_fields":null,"og_video":null,"og_custom_url":null,"og_article_section":null,"og_article_tags":null,"twitter_use_og":false,"twitter_card":"default","twitter_image_type":"default","twitter_image_url":null,"twitter_image_custom_url":null,"twitter_image_custom_fields":null,"twitter_title":null,"twitter_description":null,"schema":{"blockGraphs":[],"customGraphs":[],"default":{"data":{"Article":[],"Course":[],"Dataset":[],"FAQPage":[],"Movie":[],"Person":[],"Product":[],"ProductReview":[],"Car":[],"Recipe":[],"Service":[],"SoftwareApplication":[],"WebPage":[]},"graphName":"","isEnabled":true},"graphs":[],"defaultGraph":"","defaultPostTypeGraph":""},"schema_type":null,"schema_type_options":null,"pillar_content":false,"robots_default":true,"robots_noindex":false,"robots_noarchive":false,"robots_nosnippet":false,"robots_nofollow":false,"robots_noimageindex":false,"robots_noodp":false,"robots_notranslate":false,"robots_max_snippet":null,"robots_max_videopreview":null,"robots_max_imagepreview":"large","priority":null,"frequency":null,"location":null,"local_seo":null,"seo_analyzer_scan_date":"2025-09-25 11:14:57","breadcrumb_settings":null,"limit_modified_date":false,"open_ai":null,"ai":null,"created":"2021-03-08 21:36:39","updated":"2025-09-25 11:14:57"},"aioseo_breadcrumb":"<div class=\"aioseo-breadcrumbs\"><span class=\"aioseo-breadcrumb\">\n\t<a href=\"https:\/\/eldigitaldeasturias.com\/magazine365\" title=\"Home\">Home<\/a>\n<\/span><span class=\"aioseo-breadcrumb-separator\">\u2013<\/span><span class=\"aioseo-breadcrumb\">\n\t<a href=\"https:\/\/eldigitaldeasturias.com\/magazine365\/category\/noticias-actualidad\/\" title=\"Noticias y Actualidad\">Noticias y Actualidad<\/a>\n<\/span><span class=\"aioseo-breadcrumb-separator\">\u2013<\/span><span class=\"aioseo-breadcrumb\">\n\t<a href=\"https:\/\/eldigitaldeasturias.com\/magazine365\/empresarios-de-ubeda-y-baeza-satisfechos-con-la-promocion-en-granada-de-la-autovia-del-olivar\/\" title=\"Empresarios de \u00dabeda y Baeza, satisfechos con la promoci\u00f3n en Granada de la Autov\u00eda del Olivar\">Empresarios de \u00dabeda y Baeza, satisfechos con la promoci\u00f3n en Granada de la Autov\u00eda del Olivar<\/a>\n<\/span><\/div>","aioseo_breadcrumb_json":[{"label":"Home","link":"https:\/\/eldigitaldeasturias.com\/magazine365"},{"label":"Noticias y Actualidad","link":"https:\/\/eldigitaldeasturias.com\/magazine365\/category\/noticias-actualidad\/"},{"label":"Empresarios de \u00dabeda y Baeza, satisfechos con la promoci\u00f3n en Granada de la Autov\u00eda del Olivar","link":"https:\/\/eldigitaldeasturias.com\/magazine365\/empresarios-de-ubeda-y-baeza-satisfechos-con-la-promocion-en-granada-de-la-autovia-del-olivar\/"}],"_links":{"self":[{"href":"https:\/\/eldigitaldeasturias.com\/magazine365\/wp-json\/wp\/v2\/posts\/62466","targetHints":{"allow":["GET"]}}],"collection":[{"href":"https:\/\/eldigitaldeasturias.com\/magazine365\/wp-json\/wp\/v2\/posts"}],"about":[{"href":"https:\/\/eldigitaldeasturias.com\/magazine365\/wp-json\/wp\/v2\/types\/post"}],"author":[{"embeddable":true,"href":"https:\/\/eldigitaldeasturias.com\/magazine365\/wp-json\/wp\/v2\/users\/1"}],"replies":[{"embeddable":true,"href":"https:\/\/eldigitaldeasturias.com\/magazine365\/wp-json\/wp\/v2\/comments?post=62466"}],"version-history":[{"count":0,"href":"https:\/\/eldigitaldeasturias.com\/magazine365\/wp-json\/wp\/v2\/posts\/62466\/revisions"}],"wp:featuredmedia":[{"embeddable":true,"href":"https:\/\/eldigitaldeasturias.com\/magazine365\/wp-json\/wp\/v2\/media\/62467"}],"wp:attachment":[{"href":"https:\/\/eldigitaldeasturias.com\/magazine365\/wp-json\/wp\/v2\/media?parent=62466"}],"wp:term":[{"taxonomy":"category","embeddable":true,"href":"https:\/\/eldigitaldeasturias.com\/magazine365\/wp-json\/wp\/v2\/categories?post=62466"},{"taxonomy":"post_tag","embeddable":true,"href":"https:\/\/eldigitaldeasturias.com\/magazine365\/wp-json\/wp\/v2\/tags?post=62466"}],"curies":[{"name":"wp","href":"https:\/\/api.w.org\/{rel}","templated":true}]}}