{"id":62460,"date":"2016-02-01T02:23:54","date_gmt":"2016-02-01T01:23:54","guid":{"rendered":"http:\/\/eldigitaldeasturias.com\/magazine365\/?p=62460"},"modified":"2016-02-01T02:23:54","modified_gmt":"2016-02-01T01:23:54","slug":"el-cabildo-de-gran-canaria-pedira-al-gobierno-regional-incluir-los-patronatos-de-turismo-en-el-consejo-de-promotur","status":"publish","type":"post","link":"https:\/\/eldigitaldeasturias.com\/magazine365\/el-cabildo-de-gran-canaria-pedira-al-gobierno-regional-incluir-los-patronatos-de-turismo-en-el-consejo-de-promotur\/","title":{"rendered":"El Cabildo de Gran Canaria pedir\u00e1 al Gobierno regional incluir los patronatos de turismo en el Consejo de Promotur"},"content":{"rendered":"<p><img fetchpriority=\"high\" decoding=\"async\" class=\"alignleft size-medium wp-image-62461\" src=\"https:\/\/eldigitaldeasturias.com\/magazine365\/wp-content\/uploads\/2016\/02\/fotonoticia_20160127170711_800-360x227.jpg\" alt=\"fotonoticia_20160127170711_800\" width=\"360\" height=\"227\" srcset=\"https:\/\/eldigitaldeasturias.com\/magazine365\/wp-content\/uploads\/2016\/02\/fotonoticia_20160127170711_800-360x227.jpg 360w, https:\/\/eldigitaldeasturias.com\/magazine365\/wp-content\/uploads\/2016\/02\/fotonoticia_20160127170711_800-650x410.jpg 650w, https:\/\/eldigitaldeasturias.com\/magazine365\/wp-content\/uploads\/2016\/02\/fotonoticia_20160127170711_800-768x484.jpg 768w, https:\/\/eldigitaldeasturias.com\/magazine365\/wp-content\/uploads\/2016\/02\/fotonoticia_20160127170711_800-150x95.jpg 150w, https:\/\/eldigitaldeasturias.com\/magazine365\/wp-content\/uploads\/2016\/02\/fotonoticia_20160127170711_800-450x284.jpg 450w, https:\/\/eldigitaldeasturias.com\/magazine365\/wp-content\/uploads\/2016\/02\/fotonoticia_20160127170711_800-696x438.jpg 696w, https:\/\/eldigitaldeasturias.com\/magazine365\/wp-content\/uploads\/2016\/02\/fotonoticia_20160127170711_800-667x420.jpg 667w, https:\/\/eldigitaldeasturias.com\/magazine365\/wp-content\/uploads\/2016\/02\/fotonoticia_20160127170711_800-269x170.jpg 269w, https:\/\/eldigitaldeasturias.com\/magazine365\/wp-content\/uploads\/2016\/02\/fotonoticia_20160127170711_800-365x230.jpg 365w, https:\/\/eldigitaldeasturias.com\/magazine365\/wp-content\/uploads\/2016\/02\/fotonoticia_20160127170711_800-160x100.jpg 160w, https:\/\/eldigitaldeasturias.com\/magazine365\/wp-content\/uploads\/2016\/02\/fotonoticia_20160127170711_800.jpg 800w\" sizes=\"(max-width: 360px) 100vw, 360px\" \/>El Cabildo de Gran Canaria elevar\u00e1 al pleno insular de este viernes una moci\u00f3n para pedir al Gobierno regional que modifique los Estatutos de Promotur Turismo de Canarias para que las entidades de promoci\u00f3n tur\u00edstica de los cabildos dejen de tener solamente derecho a la asistencia al Consejo de Administraci\u00f3n de dicha entidad y pasen a ser miembros de pleno derecho del mismo.<\/p>\n<p>Seg\u00fan un comunicado del Cabildo insular, el texto recoger\u00e1 que esta medida \u00abes necesaria\u00bb para que los distintos patronatos de turismo puedan \u00abparticipar activamente\u00bb en las pol\u00edticas de coordinaci\u00f3n, colaboraci\u00f3n y fomento del turismo en el \u00e1mbito de Canarias, en general, y de cada isla, en particular.<\/p>\n<p>Asimismo, la moci\u00f3n instar\u00e1 tambi\u00e9n a Promotur Turismo de Canarias a que, mientras que no se modifiquen los Estatutos conforme a lo solicitado, proceda a convocar al mismo a las reuniones de su Consejo de Administraci\u00f3n seg\u00fan lo establecido en el p\u00e1rrafo segundo del art\u00edculo 12 de sus vigentes estatutos que establece que \u00abasimismo podr\u00e1 asistir al Consejo un miembro adicional de cada entidad de promoci\u00f3n tur\u00edstica constituidas por los cabildos insulares\u00bb.<\/p>\n<p>Por otra parte, se\u00f1alan el Patronato de Turismo es un organismo p\u00fablico creado y dependiente del Cabildo de Gran Canaria que desarrolla sus actuaciones de promoci\u00f3n interior y exterior bajo el compromiso de mantener a la isla como destino tur\u00edstico de primer nivel, tal y como recoge el art\u00edculo 1 de sus Estatutos.<\/p>\n<p>En este sentido, el art\u00edculo 6 de la Ley 7\/1995 se\u00f1ala que en materia tur\u00edstica corresponde a los cabildos \u00abla promoci\u00f3n tur\u00edstica de su isla en coordinaci\u00f3n con los municipios tur\u00edsticos, conforme al principio de unidad de destino reconocido en esta Ley\u00bb.<\/p>\n<p>Finalmente, el Decreto 156\/1994, de 21 de julio, establece la transferencia de funciones de la Administraci\u00f3n P\u00fablica de la Comunidad Aut\u00f3noma de Canarias a los cabildos en materia de promoci\u00f3n del turismo insular.<\/p>\n","protected":false},"excerpt":{"rendered":"<p>El Cabildo de Gran Canaria elevar\u00e1 al pleno insular de este viernes una moci\u00f3n para pedir al Gobierno regional que modifique los Estatutos de Promotur Turismo de Canarias para que las entidades de promoci\u00f3n tur\u00edstica de los cabildos dejen de tener solamente derecho a la asistencia al Consejo de Administraci\u00f3n de dicha entidad y pasen<\/p>\n","protected":false},"author":1,"featured_media":62461,"comment_status":"open","ping_status":"closed","sticky":false,"template":"","format":"standard","meta":{"footnotes":""},"categories":[224],"tags":[],"class_list":{"0":"post-62460","1":"post","2":"type-post","3":"status-publish","4":"format-standard","5":"has-post-thumbnail","7":"category-noticias-actualidad"},"aioseo_notices":[],"aioseo_head":"\n\t\t<!-- All in One SEO Pro 4.9.6.1 - aioseo.com -->\n\t<meta name=\"description\" content=\"El Cabildo de Gran Canaria elevar\u00e1 al pleno insular de este viernes una moci\u00f3n para pedir al Gobierno regional que modifique los Estatutos de Promotur Turismo de Canarias para que las entidades de promoci\u00f3n tur\u00edstica de los cabildos dejen de tener solamente derecho a la asistencia al Consejo de Administraci\u00f3n de dicha entidad y pasen\" \/>\n\t<meta name=\"robots\" content=\"max-image-preview:large\" \/>\n\t<meta name=\"author\" content=\"admin\"\/>\n\t<meta name=\"google-site-verification\" content=\"UA-38556648-1\" \/>\n\t<meta name=\"keywords\" content=\"noticias y actualidad\" \/>\n\t<link rel=\"canonical\" href=\"https:\/\/eldigitaldeasturias.com\/magazine365\/el-cabildo-de-gran-canaria-pedira-al-gobierno-regional-incluir-los-patronatos-de-turismo-en-el-consejo-de-promotur\/\" \/>\n\t<meta name=\"generator\" content=\"All in One SEO Pro (AIOSEO) 4.9.6.1\" \/>\n\t\t<meta property=\"og:locale\" content=\"es_ES\" \/>\n\t\t<meta property=\"og:site_name\" content=\"El Digital de Asturias \u2013 Revista de ocio, turismo y estilo de vida\" \/>\n\t\t<meta property=\"og:type\" content=\"article\" \/>\n\t\t<meta property=\"og:title\" content=\"El Cabildo de Gran Canaria pedir\u00e1 al Gobierno regional incluir los patronatos de turismo en el Consejo de Promotur | El Digital de Asturias\" \/>\n\t\t<meta property=\"og:description\" content=\"El Cabildo de Gran Canaria elevar\u00e1 al pleno insular de este viernes una moci\u00f3n para pedir al Gobierno regional que modifique los Estatutos de Promotur Turismo de Canarias para que las entidades de promoci\u00f3n tur\u00edstica de los cabildos dejen de tener solamente derecho a la asistencia al Consejo de Administraci\u00f3n de dicha entidad y pasen\" \/>\n\t\t<meta property=\"og:url\" content=\"https:\/\/eldigitaldeasturias.com\/magazine365\/el-cabildo-de-gran-canaria-pedira-al-gobierno-regional-incluir-los-patronatos-de-turismo-en-el-consejo-de-promotur\/\" \/>\n\t\t<meta property=\"og:image\" content=\"https:\/\/eldigitaldeasturias.com\/magazine365\/wp-content\/uploads\/2016\/02\/fotonoticia_20160127170711_800.jpg\" \/>\n\t\t<meta property=\"og:image:secure_url\" content=\"https:\/\/eldigitaldeasturias.com\/magazine365\/wp-content\/uploads\/2016\/02\/fotonoticia_20160127170711_800.jpg\" \/>\n\t\t<meta property=\"og:image:width\" content=\"800\" \/>\n\t\t<meta property=\"og:image:height\" content=\"504\" \/>\n\t\t<meta property=\"article:published_time\" content=\"2016-02-01T01:23:54+00:00\" \/>\n\t\t<meta property=\"article:modified_time\" content=\"2016-02-01T01:23:54+00:00\" \/>\n\t\t<meta name=\"twitter:card\" content=\"summary_large_image\" \/>\n\t\t<meta name=\"twitter:title\" content=\"El Cabildo de Gran Canaria pedir\u00e1 al Gobierno regional incluir los patronatos de turismo en el Consejo de Promotur | El Digital de Asturias\" \/>\n\t\t<meta name=\"twitter:description\" content=\"El Cabildo de Gran Canaria elevar\u00e1 al pleno insular de este viernes una moci\u00f3n para pedir al Gobierno regional que modifique los Estatutos de Promotur Turismo de Canarias para que las entidades de promoci\u00f3n tur\u00edstica de los cabildos dejen de tener solamente derecho a la asistencia al Consejo de Administraci\u00f3n de dicha entidad y pasen\" \/>\n\t\t<meta name=\"twitter:image\" content=\"https:\/\/eldigitaldeasturias.com\/magazine365\/wp-content\/uploads\/2016\/02\/fotonoticia_20160127170711_800.jpg\" \/>\n\t\t<script type=\"application\/ld+json\" class=\"aioseo-schema\">\n\t\t\t{\"@context\":\"https:\\\/\\\/schema.org\",\"@graph\":[{\"@type\":\"Article\",\"@id\":\"https:\\\/\\\/eldigitaldeasturias.com\\\/magazine365\\\/el-cabildo-de-gran-canaria-pedira-al-gobierno-regional-incluir-los-patronatos-de-turismo-en-el-consejo-de-promotur\\\/#article\",\"name\":\"El Cabildo de Gran Canaria pedir\\u00e1 al Gobierno regional incluir los patronatos de turismo en el Consejo de Promotur | El Digital de Asturias\",\"headline\":\"El Cabildo de Gran Canaria pedir\\u00e1 al Gobierno regional incluir los patronatos de turismo en el Consejo de Promotur\",\"author\":{\"@id\":\"https:\\\/\\\/eldigitaldeasturias.com\\\/magazine365\\\/author\\\/admin\\\/#author\"},\"publisher\":{\"@id\":\"https:\\\/\\\/eldigitaldeasturias.com\\\/magazine365\\\/#organization\"},\"image\":{\"@type\":\"ImageObject\",\"url\":\"https:\\\/\\\/eldigitaldeasturias.com\\\/magazine365\\\/wp-content\\\/uploads\\\/2016\\\/02\\\/fotonoticia_20160127170711_800.jpg\",\"width\":800,\"height\":504},\"datePublished\":\"2016-02-01T02:23:54+01:00\",\"dateModified\":\"2016-02-01T02:23:54+01:00\",\"inLanguage\":\"es-ES\",\"mainEntityOfPage\":{\"@id\":\"https:\\\/\\\/eldigitaldeasturias.com\\\/magazine365\\\/el-cabildo-de-gran-canaria-pedira-al-gobierno-regional-incluir-los-patronatos-de-turismo-en-el-consejo-de-promotur\\\/#webpage\"},\"isPartOf\":{\"@id\":\"https:\\\/\\\/eldigitaldeasturias.com\\\/magazine365\\\/el-cabildo-de-gran-canaria-pedira-al-gobierno-regional-incluir-los-patronatos-de-turismo-en-el-consejo-de-promotur\\\/#webpage\"},\"articleSection\":\"Noticias y Actualidad\"},{\"@type\":\"BreadcrumbList\",\"@id\":\"https:\\\/\\\/eldigitaldeasturias.com\\\/magazine365\\\/el-cabildo-de-gran-canaria-pedira-al-gobierno-regional-incluir-los-patronatos-de-turismo-en-el-consejo-de-promotur\\\/#breadcrumblist\",\"itemListElement\":[{\"@type\":\"ListItem\",\"@id\":\"https:\\\/\\\/eldigitaldeasturias.com\\\/magazine365#listItem\",\"position\":1,\"name\":\"Home\",\"item\":\"https:\\\/\\\/eldigitaldeasturias.com\\\/magazine365\",\"nextItem\":{\"@type\":\"ListItem\",\"@id\":\"https:\\\/\\\/eldigitaldeasturias.com\\\/magazine365\\\/category\\\/noticias-actualidad\\\/#listItem\",\"name\":\"Noticias y Actualidad\"}},{\"@type\":\"ListItem\",\"@id\":\"https:\\\/\\\/eldigitaldeasturias.com\\\/magazine365\\\/category\\\/noticias-actualidad\\\/#listItem\",\"position\":2,\"name\":\"Noticias y Actualidad\",\"item\":\"https:\\\/\\\/eldigitaldeasturias.com\\\/magazine365\\\/category\\\/noticias-actualidad\\\/\",\"nextItem\":{\"@type\":\"ListItem\",\"@id\":\"https:\\\/\\\/eldigitaldeasturias.com\\\/magazine365\\\/el-cabildo-de-gran-canaria-pedira-al-gobierno-regional-incluir-los-patronatos-de-turismo-en-el-consejo-de-promotur\\\/#listItem\",\"name\":\"El Cabildo de Gran Canaria pedir\\u00e1 al Gobierno regional incluir los patronatos de turismo en el Consejo de Promotur\"},\"previousItem\":{\"@type\":\"ListItem\",\"@id\":\"https:\\\/\\\/eldigitaldeasturias.com\\\/magazine365#listItem\",\"name\":\"Home\"}},{\"@type\":\"ListItem\",\"@id\":\"https:\\\/\\\/eldigitaldeasturias.com\\\/magazine365\\\/el-cabildo-de-gran-canaria-pedira-al-gobierno-regional-incluir-los-patronatos-de-turismo-en-el-consejo-de-promotur\\\/#listItem\",\"position\":3,\"name\":\"El Cabildo de Gran Canaria pedir\\u00e1 al Gobierno regional incluir los patronatos de turismo en el Consejo de Promotur\",\"previousItem\":{\"@type\":\"ListItem\",\"@id\":\"https:\\\/\\\/eldigitaldeasturias.com\\\/magazine365\\\/category\\\/noticias-actualidad\\\/#listItem\",\"name\":\"Noticias y Actualidad\"}}]},{\"@type\":\"Organization\",\"@id\":\"https:\\\/\\\/eldigitaldeasturias.com\\\/magazine365\\\/#organization\",\"name\":\"El digital de Asturias\",\"description\":\"Revista de ocio, turismo y estilo de vida\",\"url\":\"https:\\\/\\\/eldigitaldeasturias.com\\\/magazine365\\\/\",\"logo\":{\"@type\":\"ImageObject\",\"url\":\"https:\\\/\\\/www.eldigitaldeasturias.com\\\/noticias\\\/wp-content\\\/uploads\\\/2020\\\/12\\\/EDA.jpg\",\"@id\":\"https:\\\/\\\/eldigitaldeasturias.com\\\/magazine365\\\/el-cabildo-de-gran-canaria-pedira-al-gobierno-regional-incluir-los-patronatos-de-turismo-en-el-consejo-de-promotur\\\/#organizationLogo\"},\"image\":{\"@id\":\"https:\\\/\\\/eldigitaldeasturias.com\\\/magazine365\\\/el-cabildo-de-gran-canaria-pedira-al-gobierno-regional-incluir-los-patronatos-de-turismo-en-el-consejo-de-promotur\\\/#organizationLogo\"}},{\"@type\":\"Person\",\"@id\":\"https:\\\/\\\/eldigitaldeasturias.com\\\/magazine365\\\/author\\\/admin\\\/#author\",\"url\":\"https:\\\/\\\/eldigitaldeasturias.com\\\/magazine365\\\/author\\\/admin\\\/\",\"name\":\"admin\",\"image\":{\"@type\":\"ImageObject\",\"@id\":\"https:\\\/\\\/eldigitaldeasturias.com\\\/magazine365\\\/el-cabildo-de-gran-canaria-pedira-al-gobierno-regional-incluir-los-patronatos-de-turismo-en-el-consejo-de-promotur\\\/#authorImage\",\"url\":\"https:\\\/\\\/eldigitaldeasturias.com\\\/magazine365\\\/wp-content\\\/litespeed\\\/avatar\\\/e571bcf59a0edd6fa6838245a470f2fe.jpg?ver=1776969259\",\"width\":96,\"height\":96,\"caption\":\"admin\"}},{\"@type\":\"WebPage\",\"@id\":\"https:\\\/\\\/eldigitaldeasturias.com\\\/magazine365\\\/el-cabildo-de-gran-canaria-pedira-al-gobierno-regional-incluir-los-patronatos-de-turismo-en-el-consejo-de-promotur\\\/#webpage\",\"url\":\"https:\\\/\\\/eldigitaldeasturias.com\\\/magazine365\\\/el-cabildo-de-gran-canaria-pedira-al-gobierno-regional-incluir-los-patronatos-de-turismo-en-el-consejo-de-promotur\\\/\",\"name\":\"El Cabildo de Gran Canaria pedir\\u00e1 al Gobierno regional incluir los patronatos de turismo en el Consejo de Promotur | El Digital de Asturias\",\"description\":\"El Cabildo de Gran Canaria elevar\\u00e1 al pleno insular de este viernes una moci\\u00f3n para pedir al Gobierno regional que modifique los Estatutos de Promotur Turismo de Canarias para que las entidades de promoci\\u00f3n tur\\u00edstica de los cabildos dejen de tener solamente derecho a la asistencia al Consejo de Administraci\\u00f3n de dicha entidad y pasen\",\"inLanguage\":\"es-ES\",\"isPartOf\":{\"@id\":\"https:\\\/\\\/eldigitaldeasturias.com\\\/magazine365\\\/#website\"},\"breadcrumb\":{\"@id\":\"https:\\\/\\\/eldigitaldeasturias.com\\\/magazine365\\\/el-cabildo-de-gran-canaria-pedira-al-gobierno-regional-incluir-los-patronatos-de-turismo-en-el-consejo-de-promotur\\\/#breadcrumblist\"},\"author\":{\"@id\":\"https:\\\/\\\/eldigitaldeasturias.com\\\/magazine365\\\/author\\\/admin\\\/#author\"},\"creator\":{\"@id\":\"https:\\\/\\\/eldigitaldeasturias.com\\\/magazine365\\\/author\\\/admin\\\/#author\"},\"image\":{\"@type\":\"ImageObject\",\"url\":\"https:\\\/\\\/eldigitaldeasturias.com\\\/magazine365\\\/wp-content\\\/uploads\\\/2016\\\/02\\\/fotonoticia_20160127170711_800.jpg\",\"@id\":\"https:\\\/\\\/eldigitaldeasturias.com\\\/magazine365\\\/el-cabildo-de-gran-canaria-pedira-al-gobierno-regional-incluir-los-patronatos-de-turismo-en-el-consejo-de-promotur\\\/#mainImage\",\"width\":800,\"height\":504},\"primaryImageOfPage\":{\"@id\":\"https:\\\/\\\/eldigitaldeasturias.com\\\/magazine365\\\/el-cabildo-de-gran-canaria-pedira-al-gobierno-regional-incluir-los-patronatos-de-turismo-en-el-consejo-de-promotur\\\/#mainImage\"},\"datePublished\":\"2016-02-01T02:23:54+01:00\",\"dateModified\":\"2016-02-01T02:23:54+01:00\"},{\"@type\":\"WebSite\",\"@id\":\"https:\\\/\\\/eldigitaldeasturias.com\\\/magazine365\\\/#website\",\"url\":\"https:\\\/\\\/eldigitaldeasturias.com\\\/magazine365\\\/\",\"name\":\"El Digital de Asturias\",\"description\":\"Revista de ocio, turismo y estilo de vida\",\"inLanguage\":\"es-ES\",\"publisher\":{\"@id\":\"https:\\\/\\\/eldigitaldeasturias.com\\\/magazine365\\\/#organization\"}}]}\n\t\t<\/script>\n\t\t<!-- All in One SEO Pro -->\r\n\t\t<title>El Cabildo de Gran Canaria pedir\u00e1 al Gobierno regional incluir los patronatos de turismo en el Consejo de Promotur | El Digital de Asturias<\/title>\n\n","aioseo_head_json":{"title":"El Cabildo de Gran Canaria pedir\u00e1 al Gobierno regional incluir los patronatos de turismo en el Consejo de Promotur | El Digital de Asturias","description":"El Cabildo de Gran Canaria elevar\u00e1 al pleno insular de este viernes una moci\u00f3n para pedir al Gobierno regional que modifique los Estatutos de Promotur Turismo de Canarias para que las entidades de promoci\u00f3n tur\u00edstica de los cabildos dejen de tener solamente derecho a la asistencia al Consejo de Administraci\u00f3n de dicha entidad y pasen","canonical_url":"https:\/\/eldigitaldeasturias.com\/magazine365\/el-cabildo-de-gran-canaria-pedira-al-gobierno-regional-incluir-los-patronatos-de-turismo-en-el-consejo-de-promotur\/","robots":"max-image-preview:large","keywords":"noticias y actualidad","webmasterTools":{"google-site-verification":"UA-38556648-1","miscellaneous":""},"schema":{"@context":"https:\/\/schema.org","@graph":[{"@type":"Article","@id":"https:\/\/eldigitaldeasturias.com\/magazine365\/el-cabildo-de-gran-canaria-pedira-al-gobierno-regional-incluir-los-patronatos-de-turismo-en-el-consejo-de-promotur\/#article","name":"El Cabildo de Gran Canaria pedir\u00e1 al Gobierno regional incluir los patronatos de turismo en el Consejo de Promotur | El Digital de Asturias","headline":"El Cabildo de Gran Canaria pedir\u00e1 al Gobierno regional incluir los patronatos de turismo en el Consejo de Promotur","author":{"@id":"https:\/\/eldigitaldeasturias.com\/magazine365\/author\/admin\/#author"},"publisher":{"@id":"https:\/\/eldigitaldeasturias.com\/magazine365\/#organization"},"image":{"@type":"ImageObject","url":"https:\/\/eldigitaldeasturias.com\/magazine365\/wp-content\/uploads\/2016\/02\/fotonoticia_20160127170711_800.jpg","width":800,"height":504},"datePublished":"2016-02-01T02:23:54+01:00","dateModified":"2016-02-01T02:23:54+01:00","inLanguage":"es-ES","mainEntityOfPage":{"@id":"https:\/\/eldigitaldeasturias.com\/magazine365\/el-cabildo-de-gran-canaria-pedira-al-gobierno-regional-incluir-los-patronatos-de-turismo-en-el-consejo-de-promotur\/#webpage"},"isPartOf":{"@id":"https:\/\/eldigitaldeasturias.com\/magazine365\/el-cabildo-de-gran-canaria-pedira-al-gobierno-regional-incluir-los-patronatos-de-turismo-en-el-consejo-de-promotur\/#webpage"},"articleSection":"Noticias y Actualidad"},{"@type":"BreadcrumbList","@id":"https:\/\/eldigitaldeasturias.com\/magazine365\/el-cabildo-de-gran-canaria-pedira-al-gobierno-regional-incluir-los-patronatos-de-turismo-en-el-consejo-de-promotur\/#breadcrumblist","itemListElement":[{"@type":"ListItem","@id":"https:\/\/eldigitaldeasturias.com\/magazine365#listItem","position":1,"name":"Home","item":"https:\/\/eldigitaldeasturias.com\/magazine365","nextItem":{"@type":"ListItem","@id":"https:\/\/eldigitaldeasturias.com\/magazine365\/category\/noticias-actualidad\/#listItem","name":"Noticias y Actualidad"}},{"@type":"ListItem","@id":"https:\/\/eldigitaldeasturias.com\/magazine365\/category\/noticias-actualidad\/#listItem","position":2,"name":"Noticias y Actualidad","item":"https:\/\/eldigitaldeasturias.com\/magazine365\/category\/noticias-actualidad\/","nextItem":{"@type":"ListItem","@id":"https:\/\/eldigitaldeasturias.com\/magazine365\/el-cabildo-de-gran-canaria-pedira-al-gobierno-regional-incluir-los-patronatos-de-turismo-en-el-consejo-de-promotur\/#listItem","name":"El Cabildo de Gran Canaria pedir\u00e1 al Gobierno regional incluir los patronatos de turismo en el Consejo de Promotur"},"previousItem":{"@type":"ListItem","@id":"https:\/\/eldigitaldeasturias.com\/magazine365#listItem","name":"Home"}},{"@type":"ListItem","@id":"https:\/\/eldigitaldeasturias.com\/magazine365\/el-cabildo-de-gran-canaria-pedira-al-gobierno-regional-incluir-los-patronatos-de-turismo-en-el-consejo-de-promotur\/#listItem","position":3,"name":"El Cabildo de Gran Canaria pedir\u00e1 al Gobierno regional incluir los patronatos de turismo en el Consejo de Promotur","previousItem":{"@type":"ListItem","@id":"https:\/\/eldigitaldeasturias.com\/magazine365\/category\/noticias-actualidad\/#listItem","name":"Noticias y Actualidad"}}]},{"@type":"Organization","@id":"https:\/\/eldigitaldeasturias.com\/magazine365\/#organization","name":"El digital de Asturias","description":"Revista de ocio, turismo y estilo de vida","url":"https:\/\/eldigitaldeasturias.com\/magazine365\/","logo":{"@type":"ImageObject","url":"https:\/\/www.eldigitaldeasturias.com\/noticias\/wp-content\/uploads\/2020\/12\/EDA.jpg","@id":"https:\/\/eldigitaldeasturias.com\/magazine365\/el-cabildo-de-gran-canaria-pedira-al-gobierno-regional-incluir-los-patronatos-de-turismo-en-el-consejo-de-promotur\/#organizationLogo"},"image":{"@id":"https:\/\/eldigitaldeasturias.com\/magazine365\/el-cabildo-de-gran-canaria-pedira-al-gobierno-regional-incluir-los-patronatos-de-turismo-en-el-consejo-de-promotur\/#organizationLogo"}},{"@type":"Person","@id":"https:\/\/eldigitaldeasturias.com\/magazine365\/author\/admin\/#author","url":"https:\/\/eldigitaldeasturias.com\/magazine365\/author\/admin\/","name":"admin","image":{"@type":"ImageObject","@id":"https:\/\/eldigitaldeasturias.com\/magazine365\/el-cabildo-de-gran-canaria-pedira-al-gobierno-regional-incluir-los-patronatos-de-turismo-en-el-consejo-de-promotur\/#authorImage","url":"https:\/\/eldigitaldeasturias.com\/magazine365\/wp-content\/litespeed\/avatar\/e571bcf59a0edd6fa6838245a470f2fe.jpg?ver=1776969259","width":96,"height":96,"caption":"admin"}},{"@type":"WebPage","@id":"https:\/\/eldigitaldeasturias.com\/magazine365\/el-cabildo-de-gran-canaria-pedira-al-gobierno-regional-incluir-los-patronatos-de-turismo-en-el-consejo-de-promotur\/#webpage","url":"https:\/\/eldigitaldeasturias.com\/magazine365\/el-cabildo-de-gran-canaria-pedira-al-gobierno-regional-incluir-los-patronatos-de-turismo-en-el-consejo-de-promotur\/","name":"El Cabildo de Gran Canaria pedir\u00e1 al Gobierno regional incluir los patronatos de turismo en el Consejo de Promotur | El Digital de Asturias","description":"El Cabildo de Gran Canaria elevar\u00e1 al pleno insular de este viernes una moci\u00f3n para pedir al Gobierno regional que modifique los Estatutos de Promotur Turismo de Canarias para que las entidades de promoci\u00f3n tur\u00edstica de los cabildos dejen de tener solamente derecho a la asistencia al Consejo de Administraci\u00f3n de dicha entidad y pasen","inLanguage":"es-ES","isPartOf":{"@id":"https:\/\/eldigitaldeasturias.com\/magazine365\/#website"},"breadcrumb":{"@id":"https:\/\/eldigitaldeasturias.com\/magazine365\/el-cabildo-de-gran-canaria-pedira-al-gobierno-regional-incluir-los-patronatos-de-turismo-en-el-consejo-de-promotur\/#breadcrumblist"},"author":{"@id":"https:\/\/eldigitaldeasturias.com\/magazine365\/author\/admin\/#author"},"creator":{"@id":"https:\/\/eldigitaldeasturias.com\/magazine365\/author\/admin\/#author"},"image":{"@type":"ImageObject","url":"https:\/\/eldigitaldeasturias.com\/magazine365\/wp-content\/uploads\/2016\/02\/fotonoticia_20160127170711_800.jpg","@id":"https:\/\/eldigitaldeasturias.com\/magazine365\/el-cabildo-de-gran-canaria-pedira-al-gobierno-regional-incluir-los-patronatos-de-turismo-en-el-consejo-de-promotur\/#mainImage","width":800,"height":504},"primaryImageOfPage":{"@id":"https:\/\/eldigitaldeasturias.com\/magazine365\/el-cabildo-de-gran-canaria-pedira-al-gobierno-regional-incluir-los-patronatos-de-turismo-en-el-consejo-de-promotur\/#mainImage"},"datePublished":"2016-02-01T02:23:54+01:00","dateModified":"2016-02-01T02:23:54+01:00"},{"@type":"WebSite","@id":"https:\/\/eldigitaldeasturias.com\/magazine365\/#website","url":"https:\/\/eldigitaldeasturias.com\/magazine365\/","name":"El Digital de Asturias","description":"Revista de ocio, turismo y estilo de vida","inLanguage":"es-ES","publisher":{"@id":"https:\/\/eldigitaldeasturias.com\/magazine365\/#organization"}}]},"og:locale":"es_ES","og:site_name":"El Digital de Asturias \u2013 Revista de ocio, turismo y estilo de vida","og:type":"article","og:title":"El Cabildo de Gran Canaria pedir\u00e1 al Gobierno regional incluir los patronatos de turismo en el Consejo de Promotur | El Digital de Asturias","og:description":"El Cabildo de Gran Canaria elevar\u00e1 al pleno insular de este viernes una moci\u00f3n para pedir al Gobierno regional que modifique los Estatutos de Promotur Turismo de Canarias para que las entidades de promoci\u00f3n tur\u00edstica de los cabildos dejen de tener solamente derecho a la asistencia al Consejo de Administraci\u00f3n de dicha entidad y pasen","og:url":"https:\/\/eldigitaldeasturias.com\/magazine365\/el-cabildo-de-gran-canaria-pedira-al-gobierno-regional-incluir-los-patronatos-de-turismo-en-el-consejo-de-promotur\/","og:image":"https:\/\/eldigitaldeasturias.com\/magazine365\/wp-content\/uploads\/2016\/02\/fotonoticia_20160127170711_800.jpg","og:image:secure_url":"https:\/\/eldigitaldeasturias.com\/magazine365\/wp-content\/uploads\/2016\/02\/fotonoticia_20160127170711_800.jpg","og:image:width":800,"og:image:height":504,"article:published_time":"2016-02-01T01:23:54+00:00","article:modified_time":"2016-02-01T01:23:54+00:00","twitter:card":"summary_large_image","twitter:title":"El Cabildo de Gran Canaria pedir\u00e1 al Gobierno regional incluir los patronatos de turismo en el Consejo de Promotur | El Digital de Asturias","twitter:description":"El Cabildo de Gran Canaria elevar\u00e1 al pleno insular de este viernes una moci\u00f3n para pedir al Gobierno regional que modifique los Estatutos de Promotur Turismo de Canarias para que las entidades de promoci\u00f3n tur\u00edstica de los cabildos dejen de tener solamente derecho a la asistencia al Consejo de Administraci\u00f3n de dicha entidad y pasen","twitter:image":"https:\/\/eldigitaldeasturias.com\/magazine365\/wp-content\/uploads\/2016\/02\/fotonoticia_20160127170711_800.jpg"},"aioseo_meta_data":{"post_id":"62460","title":null,"description":null,"keywords":null,"keyphrases":null,"primary_term":null,"canonical_url":null,"og_title":null,"og_description":null,"og_object_type":"default","og_image_type":"default","og_image_url":null,"og_image_width":null,"og_image_height":null,"og_image_custom_url":null,"og_image_custom_fields":null,"og_video":null,"og_custom_url":null,"og_article_section":null,"og_article_tags":null,"twitter_use_og":false,"twitter_card":"default","twitter_image_type":"default","twitter_image_url":null,"twitter_image_custom_url":null,"twitter_image_custom_fields":null,"twitter_title":null,"twitter_description":null,"schema":{"blockGraphs":[],"customGraphs":[],"default":{"data":{"Article":[],"Course":[],"Dataset":[],"FAQPage":[],"Movie":[],"Person":[],"Product":[],"ProductReview":[],"Car":[],"Recipe":[],"Service":[],"SoftwareApplication":[],"WebPage":[]},"graphName":"","isEnabled":true},"graphs":[],"defaultGraph":"","defaultPostTypeGraph":""},"schema_type":null,"schema_type_options":null,"pillar_content":false,"robots_default":true,"robots_noindex":false,"robots_noarchive":false,"robots_nosnippet":false,"robots_nofollow":false,"robots_noimageindex":false,"robots_noodp":false,"robots_notranslate":false,"robots_max_snippet":null,"robots_max_videopreview":null,"robots_max_imagepreview":"large","priority":null,"frequency":null,"location":null,"local_seo":null,"seo_analyzer_scan_date":"2025-09-25 11:14:53","breadcrumb_settings":null,"limit_modified_date":false,"open_ai":null,"ai":null,"created":"2021-03-08 21:36:39","updated":"2025-09-25 11:14:53"},"aioseo_breadcrumb":"<div class=\"aioseo-breadcrumbs\"><span class=\"aioseo-breadcrumb\">\n\t<a href=\"https:\/\/eldigitaldeasturias.com\/magazine365\" title=\"Home\">Home<\/a>\n<\/span><span class=\"aioseo-breadcrumb-separator\">\u2013<\/span><span class=\"aioseo-breadcrumb\">\n\t<a href=\"https:\/\/eldigitaldeasturias.com\/magazine365\/category\/noticias-actualidad\/\" title=\"Noticias y Actualidad\">Noticias y Actualidad<\/a>\n<\/span><span class=\"aioseo-breadcrumb-separator\">\u2013<\/span><span class=\"aioseo-breadcrumb\">\n\t<a href=\"https:\/\/eldigitaldeasturias.com\/magazine365\/el-cabildo-de-gran-canaria-pedira-al-gobierno-regional-incluir-los-patronatos-de-turismo-en-el-consejo-de-promotur\/\" title=\"El Cabildo de Gran Canaria pedir\u00e1 al Gobierno regional incluir los patronatos de turismo en el Consejo de Promotur\">El Cabildo de Gran Canaria pedir\u00e1 al Gobierno regional incluir los patronatos de turismo en el Consejo de Promotur<\/a>\n<\/span><\/div>","aioseo_breadcrumb_json":[{"label":"Home","link":"https:\/\/eldigitaldeasturias.com\/magazine365"},{"label":"Noticias y Actualidad","link":"https:\/\/eldigitaldeasturias.com\/magazine365\/category\/noticias-actualidad\/"},{"label":"El Cabildo de Gran Canaria pedir\u00e1 al Gobierno regional incluir los patronatos de turismo en el Consejo de Promotur","link":"https:\/\/eldigitaldeasturias.com\/magazine365\/el-cabildo-de-gran-canaria-pedira-al-gobierno-regional-incluir-los-patronatos-de-turismo-en-el-consejo-de-promotur\/"}],"_links":{"self":[{"href":"https:\/\/eldigitaldeasturias.com\/magazine365\/wp-json\/wp\/v2\/posts\/62460","targetHints":{"allow":["GET"]}}],"collection":[{"href":"https:\/\/eldigitaldeasturias.com\/magazine365\/wp-json\/wp\/v2\/posts"}],"about":[{"href":"https:\/\/eldigitaldeasturias.com\/magazine365\/wp-json\/wp\/v2\/types\/post"}],"author":[{"embeddable":true,"href":"https:\/\/eldigitaldeasturias.com\/magazine365\/wp-json\/wp\/v2\/users\/1"}],"replies":[{"embeddable":true,"href":"https:\/\/eldigitaldeasturias.com\/magazine365\/wp-json\/wp\/v2\/comments?post=62460"}],"version-history":[{"count":0,"href":"https:\/\/eldigitaldeasturias.com\/magazine365\/wp-json\/wp\/v2\/posts\/62460\/revisions"}],"wp:featuredmedia":[{"embeddable":true,"href":"https:\/\/eldigitaldeasturias.com\/magazine365\/wp-json\/wp\/v2\/media\/62461"}],"wp:attachment":[{"href":"https:\/\/eldigitaldeasturias.com\/magazine365\/wp-json\/wp\/v2\/media?parent=62460"}],"wp:term":[{"taxonomy":"category","embeddable":true,"href":"https:\/\/eldigitaldeasturias.com\/magazine365\/wp-json\/wp\/v2\/categories?post=62460"},{"taxonomy":"post_tag","embeddable":true,"href":"https:\/\/eldigitaldeasturias.com\/magazine365\/wp-json\/wp\/v2\/tags?post=62460"}],"curies":[{"name":"wp","href":"https:\/\/api.w.org\/{rel}","templated":true}]}}