{"id":62448,"date":"2016-02-01T02:19:31","date_gmt":"2016-02-01T01:19:31","guid":{"rendered":"http:\/\/eldigitaldeasturias.com\/magazine365\/?p=62448"},"modified":"2016-02-01T02:19:31","modified_gmt":"2016-02-01T01:19:31","slug":"roberto-capone-y-julio-reoyo-haran-platos-con-carne-de-la-sierra-de-guadarrama-y-pollo-de-corral-de-euroambrosias","status":"publish","type":"post","link":"https:\/\/eldigitaldeasturias.com\/magazine365\/roberto-capone-y-julio-reoyo-haran-platos-con-carne-de-la-sierra-de-guadarrama-y-pollo-de-corral-de-euroambrosias\/","title":{"rendered":"Roberto Capone y Julio Reoyo har\u00e1n platos con carne de la Sierra de Guadarrama y pollo de corral de Euroambros\u00edas"},"content":{"rendered":"<p><img fetchpriority=\"high\" decoding=\"async\" class=\"alignleft size-medium wp-image-62449\" src=\"https:\/\/eldigitaldeasturias.com\/magazine365\/wp-content\/uploads\/2016\/02\/fotonoticia_20160127170322_800-360x240.jpg\" alt=\"fotonoticia_20160127170322_800\" width=\"360\" height=\"240\" srcset=\"https:\/\/eldigitaldeasturias.com\/magazine365\/wp-content\/uploads\/2016\/02\/fotonoticia_20160127170322_800-360x240.jpg 360w, https:\/\/eldigitaldeasturias.com\/magazine365\/wp-content\/uploads\/2016\/02\/fotonoticia_20160127170322_800-650x433.jpg 650w, https:\/\/eldigitaldeasturias.com\/magazine365\/wp-content\/uploads\/2016\/02\/fotonoticia_20160127170322_800-768x512.jpg 768w, https:\/\/eldigitaldeasturias.com\/magazine365\/wp-content\/uploads\/2016\/02\/fotonoticia_20160127170322_800-150x100.jpg 150w, https:\/\/eldigitaldeasturias.com\/magazine365\/wp-content\/uploads\/2016\/02\/fotonoticia_20160127170322_800-450x300.jpg 450w, https:\/\/eldigitaldeasturias.com\/magazine365\/wp-content\/uploads\/2016\/02\/fotonoticia_20160127170322_800-696x464.jpg 696w, https:\/\/eldigitaldeasturias.com\/magazine365\/wp-content\/uploads\/2016\/02\/fotonoticia_20160127170322_800-630x420.jpg 630w, https:\/\/eldigitaldeasturias.com\/magazine365\/wp-content\/uploads\/2016\/02\/fotonoticia_20160127170322_800-101x66.jpg 101w, https:\/\/eldigitaldeasturias.com\/magazine365\/wp-content\/uploads\/2016\/02\/fotonoticia_20160127170322_800.jpg 800w\" sizes=\"(max-width: 360px) 100vw, 360px\" \/>Los chefs Roberto Capone y Julio Reoyo pondr\u00e1n en escena en Madrid Fusi\u00f3n sus platos elaborados con la carne IGP de la Sierra de Guadarrama y el pollo de corral de Euroambros\u00edas, ha informado el Ejecutivo auton\u00f3mico en un comunicado.<\/p>\n<p>La Comunidad apuesta por el nuevo mercado de los alimentos ecol\u00f3gicos que estar\u00e1n representados en Madrid Fusi\u00f3n por Conservas Cachopo, una empresa familiar dedicada desde hace 22 a\u00f1os al cultivo de este tipo de productos y desde hace doce, a la elaboraci\u00f3n de conservas vegetales, como pisto de calabac\u00edn y cocido madrile\u00f1o, dos platos que los asistentes han podido degustar con una copa de vino de Bodegas Tagonius.<\/p>\n<p>El consejero de Medio Ambiente, Administraci\u00f3n Local y Ordenaci\u00f3n del Territorio, Jaime Gonz\u00e1lez Taboada, ha destacado \u00abel auge del sector ecol\u00f3gico dentro de la Comunidad de Madrid, as\u00ed como el peso, que cada vez m\u00e1s, tienen en el mercado los Vinos Denominaci\u00f3n de Origen de Madrid\u00bb. El a\u00f1o 2014 se cerr\u00f3 con un aumento de ventas del 8,9 por ciento con respecto a 2013 y la tendencia alcista continu\u00f3 durante los 6 primeros meses de 2015.<\/p>\n<p>Los productos ecol\u00f3gicos de la regi\u00f3n volver\u00e1n a ser protagonistas en el showcooking a cargo del chef Roberto Capone de la Antigua Tahona de Rascafr\u00eda, que utilizar\u00e1 hierbas arom\u00e1ticas ecol\u00f3gicas para aderezar los platos que cocinar\u00e1 con carne IGP de la sierra de Guadarrama.<\/p>\n<p>El cocinero Julio Reoyo del Mes\u00f3n de Do\u00f1a Filo tomar\u00e1 el relevo para ofrecer una degustaci\u00f3n de pollo de corral escabechado de Euroambros\u00edas.<\/p>\n<p>Los caf\u00e9s Guilis y el An\u00eds de Chinch\u00f3n ser\u00e1n los encargados de cerrar esta edici\u00f3n de Madrid Fusi\u00f3n.<\/p>\n","protected":false},"excerpt":{"rendered":"<p>Los chefs Roberto Capone y Julio Reoyo pondr\u00e1n en escena en Madrid Fusi\u00f3n sus platos elaborados con la carne IGP de la Sierra de Guadarrama y el pollo de corral de Euroambros\u00edas, ha informado el Ejecutivo auton\u00f3mico en un comunicado. La Comunidad apuesta por el nuevo mercado de los alimentos ecol\u00f3gicos que estar\u00e1n representados en<\/p>\n","protected":false},"author":1,"featured_media":62449,"comment_status":"open","ping_status":"closed","sticky":false,"template":"","format":"standard","meta":{"footnotes":""},"categories":[224],"tags":[],"class_list":{"0":"post-62448","1":"post","2":"type-post","3":"status-publish","4":"format-standard","5":"has-post-thumbnail","7":"category-noticias-actualidad"},"aioseo_notices":[],"aioseo_head":"\n\t\t<!-- All in One SEO Pro 4.9.6.1 - aioseo.com -->\n\t<meta name=\"description\" content=\"Los chefs Roberto Capone y Julio Reoyo pondr\u00e1n en escena en Madrid Fusi\u00f3n sus platos elaborados con la carne IGP de la Sierra de Guadarrama y el pollo de corral de Euroambros\u00edas, ha informado el Ejecutivo auton\u00f3mico en un comunicado. La Comunidad apuesta por el nuevo mercado de los alimentos ecol\u00f3gicos que estar\u00e1n representados en\" \/>\n\t<meta name=\"robots\" content=\"max-image-preview:large\" \/>\n\t<meta name=\"author\" content=\"admin\"\/>\n\t<meta name=\"google-site-verification\" content=\"UA-38556648-1\" \/>\n\t<meta name=\"keywords\" content=\"noticias y actualidad\" \/>\n\t<link rel=\"canonical\" href=\"https:\/\/eldigitaldeasturias.com\/magazine365\/roberto-capone-y-julio-reoyo-haran-platos-con-carne-de-la-sierra-de-guadarrama-y-pollo-de-corral-de-euroambrosias\/\" \/>\n\t<meta name=\"generator\" content=\"All in One SEO Pro (AIOSEO) 4.9.6.1\" \/>\n\t\t<meta property=\"og:locale\" content=\"es_ES\" \/>\n\t\t<meta property=\"og:site_name\" content=\"El Digital de Asturias \u2013 Revista de ocio, turismo y estilo de vida\" \/>\n\t\t<meta property=\"og:type\" content=\"article\" \/>\n\t\t<meta property=\"og:title\" content=\"Roberto Capone y Julio Reoyo har\u00e1n platos con carne de la Sierra de Guadarrama y pollo de corral de Euroambros\u00edas | El Digital de Asturias\" \/>\n\t\t<meta property=\"og:description\" content=\"Los chefs Roberto Capone y Julio Reoyo pondr\u00e1n en escena en Madrid Fusi\u00f3n sus platos elaborados con la carne IGP de la Sierra de Guadarrama y el pollo de corral de Euroambros\u00edas, ha informado el Ejecutivo auton\u00f3mico en un comunicado. La Comunidad apuesta por el nuevo mercado de los alimentos ecol\u00f3gicos que estar\u00e1n representados en\" \/>\n\t\t<meta property=\"og:url\" content=\"https:\/\/eldigitaldeasturias.com\/magazine365\/roberto-capone-y-julio-reoyo-haran-platos-con-carne-de-la-sierra-de-guadarrama-y-pollo-de-corral-de-euroambrosias\/\" \/>\n\t\t<meta property=\"og:image\" content=\"https:\/\/eldigitaldeasturias.com\/magazine365\/wp-content\/uploads\/2016\/02\/fotonoticia_20160127170322_800.jpg\" \/>\n\t\t<meta property=\"og:image:secure_url\" content=\"https:\/\/eldigitaldeasturias.com\/magazine365\/wp-content\/uploads\/2016\/02\/fotonoticia_20160127170322_800.jpg\" \/>\n\t\t<meta property=\"og:image:width\" content=\"800\" \/>\n\t\t<meta property=\"og:image:height\" content=\"533\" \/>\n\t\t<meta property=\"article:published_time\" content=\"2016-02-01T01:19:31+00:00\" \/>\n\t\t<meta property=\"article:modified_time\" content=\"2016-02-01T01:19:31+00:00\" \/>\n\t\t<meta name=\"twitter:card\" content=\"summary_large_image\" \/>\n\t\t<meta name=\"twitter:title\" content=\"Roberto Capone y Julio Reoyo har\u00e1n platos con carne de la Sierra de Guadarrama y pollo de corral de Euroambros\u00edas | El Digital de Asturias\" \/>\n\t\t<meta name=\"twitter:description\" content=\"Los chefs Roberto Capone y Julio Reoyo pondr\u00e1n en escena en Madrid Fusi\u00f3n sus platos elaborados con la carne IGP de la Sierra de Guadarrama y el pollo de corral de Euroambros\u00edas, ha informado el Ejecutivo auton\u00f3mico en un comunicado. La Comunidad apuesta por el nuevo mercado de los alimentos ecol\u00f3gicos que estar\u00e1n representados en\" \/>\n\t\t<meta name=\"twitter:image\" content=\"https:\/\/eldigitaldeasturias.com\/magazine365\/wp-content\/uploads\/2016\/02\/fotonoticia_20160127170322_800.jpg\" \/>\n\t\t<script type=\"application\/ld+json\" class=\"aioseo-schema\">\n\t\t\t{\"@context\":\"https:\\\/\\\/schema.org\",\"@graph\":[{\"@type\":\"Article\",\"@id\":\"https:\\\/\\\/eldigitaldeasturias.com\\\/magazine365\\\/roberto-capone-y-julio-reoyo-haran-platos-con-carne-de-la-sierra-de-guadarrama-y-pollo-de-corral-de-euroambrosias\\\/#article\",\"name\":\"Roberto Capone y Julio Reoyo har\\u00e1n platos con carne de la Sierra de Guadarrama y pollo de corral de Euroambros\\u00edas | El Digital de Asturias\",\"headline\":\"Roberto Capone y Julio Reoyo har\\u00e1n platos con carne de la Sierra de Guadarrama y pollo de corral de Euroambros\\u00edas\",\"author\":{\"@id\":\"https:\\\/\\\/eldigitaldeasturias.com\\\/magazine365\\\/author\\\/admin\\\/#author\"},\"publisher\":{\"@id\":\"https:\\\/\\\/eldigitaldeasturias.com\\\/magazine365\\\/#organization\"},\"image\":{\"@type\":\"ImageObject\",\"url\":\"https:\\\/\\\/eldigitaldeasturias.com\\\/magazine365\\\/wp-content\\\/uploads\\\/2016\\\/02\\\/fotonoticia_20160127170322_800.jpg\",\"width\":800,\"height\":533},\"datePublished\":\"2016-02-01T02:19:31+01:00\",\"dateModified\":\"2016-02-01T02:19:31+01:00\",\"inLanguage\":\"es-ES\",\"mainEntityOfPage\":{\"@id\":\"https:\\\/\\\/eldigitaldeasturias.com\\\/magazine365\\\/roberto-capone-y-julio-reoyo-haran-platos-con-carne-de-la-sierra-de-guadarrama-y-pollo-de-corral-de-euroambrosias\\\/#webpage\"},\"isPartOf\":{\"@id\":\"https:\\\/\\\/eldigitaldeasturias.com\\\/magazine365\\\/roberto-capone-y-julio-reoyo-haran-platos-con-carne-de-la-sierra-de-guadarrama-y-pollo-de-corral-de-euroambrosias\\\/#webpage\"},\"articleSection\":\"Noticias y Actualidad\"},{\"@type\":\"BreadcrumbList\",\"@id\":\"https:\\\/\\\/eldigitaldeasturias.com\\\/magazine365\\\/roberto-capone-y-julio-reoyo-haran-platos-con-carne-de-la-sierra-de-guadarrama-y-pollo-de-corral-de-euroambrosias\\\/#breadcrumblist\",\"itemListElement\":[{\"@type\":\"ListItem\",\"@id\":\"https:\\\/\\\/eldigitaldeasturias.com\\\/magazine365#listItem\",\"position\":1,\"name\":\"Home\",\"item\":\"https:\\\/\\\/eldigitaldeasturias.com\\\/magazine365\",\"nextItem\":{\"@type\":\"ListItem\",\"@id\":\"https:\\\/\\\/eldigitaldeasturias.com\\\/magazine365\\\/category\\\/noticias-actualidad\\\/#listItem\",\"name\":\"Noticias y Actualidad\"}},{\"@type\":\"ListItem\",\"@id\":\"https:\\\/\\\/eldigitaldeasturias.com\\\/magazine365\\\/category\\\/noticias-actualidad\\\/#listItem\",\"position\":2,\"name\":\"Noticias y Actualidad\",\"item\":\"https:\\\/\\\/eldigitaldeasturias.com\\\/magazine365\\\/category\\\/noticias-actualidad\\\/\",\"nextItem\":{\"@type\":\"ListItem\",\"@id\":\"https:\\\/\\\/eldigitaldeasturias.com\\\/magazine365\\\/roberto-capone-y-julio-reoyo-haran-platos-con-carne-de-la-sierra-de-guadarrama-y-pollo-de-corral-de-euroambrosias\\\/#listItem\",\"name\":\"Roberto Capone y Julio Reoyo har\\u00e1n platos con carne de la Sierra de Guadarrama y pollo de corral de Euroambros\\u00edas\"},\"previousItem\":{\"@type\":\"ListItem\",\"@id\":\"https:\\\/\\\/eldigitaldeasturias.com\\\/magazine365#listItem\",\"name\":\"Home\"}},{\"@type\":\"ListItem\",\"@id\":\"https:\\\/\\\/eldigitaldeasturias.com\\\/magazine365\\\/roberto-capone-y-julio-reoyo-haran-platos-con-carne-de-la-sierra-de-guadarrama-y-pollo-de-corral-de-euroambrosias\\\/#listItem\",\"position\":3,\"name\":\"Roberto Capone y Julio Reoyo har\\u00e1n platos con carne de la Sierra de Guadarrama y pollo de corral de Euroambros\\u00edas\",\"previousItem\":{\"@type\":\"ListItem\",\"@id\":\"https:\\\/\\\/eldigitaldeasturias.com\\\/magazine365\\\/category\\\/noticias-actualidad\\\/#listItem\",\"name\":\"Noticias y Actualidad\"}}]},{\"@type\":\"Organization\",\"@id\":\"https:\\\/\\\/eldigitaldeasturias.com\\\/magazine365\\\/#organization\",\"name\":\"El digital de Asturias\",\"description\":\"Revista de ocio, turismo y estilo de vida\",\"url\":\"https:\\\/\\\/eldigitaldeasturias.com\\\/magazine365\\\/\",\"logo\":{\"@type\":\"ImageObject\",\"url\":\"https:\\\/\\\/www.eldigitaldeasturias.com\\\/noticias\\\/wp-content\\\/uploads\\\/2020\\\/12\\\/EDA.jpg\",\"@id\":\"https:\\\/\\\/eldigitaldeasturias.com\\\/magazine365\\\/roberto-capone-y-julio-reoyo-haran-platos-con-carne-de-la-sierra-de-guadarrama-y-pollo-de-corral-de-euroambrosias\\\/#organizationLogo\"},\"image\":{\"@id\":\"https:\\\/\\\/eldigitaldeasturias.com\\\/magazine365\\\/roberto-capone-y-julio-reoyo-haran-platos-con-carne-de-la-sierra-de-guadarrama-y-pollo-de-corral-de-euroambrosias\\\/#organizationLogo\"}},{\"@type\":\"Person\",\"@id\":\"https:\\\/\\\/eldigitaldeasturias.com\\\/magazine365\\\/author\\\/admin\\\/#author\",\"url\":\"https:\\\/\\\/eldigitaldeasturias.com\\\/magazine365\\\/author\\\/admin\\\/\",\"name\":\"admin\",\"image\":{\"@type\":\"ImageObject\",\"@id\":\"https:\\\/\\\/eldigitaldeasturias.com\\\/magazine365\\\/roberto-capone-y-julio-reoyo-haran-platos-con-carne-de-la-sierra-de-guadarrama-y-pollo-de-corral-de-euroambrosias\\\/#authorImage\",\"url\":\"https:\\\/\\\/eldigitaldeasturias.com\\\/magazine365\\\/wp-content\\\/litespeed\\\/avatar\\\/e571bcf59a0edd6fa6838245a470f2fe.jpg?ver=1776969259\",\"width\":96,\"height\":96,\"caption\":\"admin\"}},{\"@type\":\"WebPage\",\"@id\":\"https:\\\/\\\/eldigitaldeasturias.com\\\/magazine365\\\/roberto-capone-y-julio-reoyo-haran-platos-con-carne-de-la-sierra-de-guadarrama-y-pollo-de-corral-de-euroambrosias\\\/#webpage\",\"url\":\"https:\\\/\\\/eldigitaldeasturias.com\\\/magazine365\\\/roberto-capone-y-julio-reoyo-haran-platos-con-carne-de-la-sierra-de-guadarrama-y-pollo-de-corral-de-euroambrosias\\\/\",\"name\":\"Roberto Capone y Julio Reoyo har\\u00e1n platos con carne de la Sierra de Guadarrama y pollo de corral de Euroambros\\u00edas | El Digital de Asturias\",\"description\":\"Los chefs Roberto Capone y Julio Reoyo pondr\\u00e1n en escena en Madrid Fusi\\u00f3n sus platos elaborados con la carne IGP de la Sierra de Guadarrama y el pollo de corral de Euroambros\\u00edas, ha informado el Ejecutivo auton\\u00f3mico en un comunicado. La Comunidad apuesta por el nuevo mercado de los alimentos ecol\\u00f3gicos que estar\\u00e1n representados en\",\"inLanguage\":\"es-ES\",\"isPartOf\":{\"@id\":\"https:\\\/\\\/eldigitaldeasturias.com\\\/magazine365\\\/#website\"},\"breadcrumb\":{\"@id\":\"https:\\\/\\\/eldigitaldeasturias.com\\\/magazine365\\\/roberto-capone-y-julio-reoyo-haran-platos-con-carne-de-la-sierra-de-guadarrama-y-pollo-de-corral-de-euroambrosias\\\/#breadcrumblist\"},\"author\":{\"@id\":\"https:\\\/\\\/eldigitaldeasturias.com\\\/magazine365\\\/author\\\/admin\\\/#author\"},\"creator\":{\"@id\":\"https:\\\/\\\/eldigitaldeasturias.com\\\/magazine365\\\/author\\\/admin\\\/#author\"},\"image\":{\"@type\":\"ImageObject\",\"url\":\"https:\\\/\\\/eldigitaldeasturias.com\\\/magazine365\\\/wp-content\\\/uploads\\\/2016\\\/02\\\/fotonoticia_20160127170322_800.jpg\",\"@id\":\"https:\\\/\\\/eldigitaldeasturias.com\\\/magazine365\\\/roberto-capone-y-julio-reoyo-haran-platos-con-carne-de-la-sierra-de-guadarrama-y-pollo-de-corral-de-euroambrosias\\\/#mainImage\",\"width\":800,\"height\":533},\"primaryImageOfPage\":{\"@id\":\"https:\\\/\\\/eldigitaldeasturias.com\\\/magazine365\\\/roberto-capone-y-julio-reoyo-haran-platos-con-carne-de-la-sierra-de-guadarrama-y-pollo-de-corral-de-euroambrosias\\\/#mainImage\"},\"datePublished\":\"2016-02-01T02:19:31+01:00\",\"dateModified\":\"2016-02-01T02:19:31+01:00\"},{\"@type\":\"WebSite\",\"@id\":\"https:\\\/\\\/eldigitaldeasturias.com\\\/magazine365\\\/#website\",\"url\":\"https:\\\/\\\/eldigitaldeasturias.com\\\/magazine365\\\/\",\"name\":\"El Digital de Asturias\",\"description\":\"Revista de ocio, turismo y estilo de vida\",\"inLanguage\":\"es-ES\",\"publisher\":{\"@id\":\"https:\\\/\\\/eldigitaldeasturias.com\\\/magazine365\\\/#organization\"}}]}\n\t\t<\/script>\n\t\t<!-- All in One SEO Pro -->\r\n\t\t<title>Roberto Capone y Julio Reoyo har\u00e1n platos con carne de la Sierra de Guadarrama y pollo de corral de Euroambros\u00edas | El Digital de Asturias<\/title>\n\n","aioseo_head_json":{"title":"Roberto Capone y Julio Reoyo har\u00e1n platos con carne de la Sierra de Guadarrama y pollo de corral de Euroambros\u00edas | El Digital de Asturias","description":"Los chefs Roberto Capone y Julio Reoyo pondr\u00e1n en escena en Madrid Fusi\u00f3n sus platos elaborados con la carne IGP de la Sierra de Guadarrama y el pollo de corral de Euroambros\u00edas, ha informado el Ejecutivo auton\u00f3mico en un comunicado. La Comunidad apuesta por el nuevo mercado de los alimentos ecol\u00f3gicos que estar\u00e1n representados en","canonical_url":"https:\/\/eldigitaldeasturias.com\/magazine365\/roberto-capone-y-julio-reoyo-haran-platos-con-carne-de-la-sierra-de-guadarrama-y-pollo-de-corral-de-euroambrosias\/","robots":"max-image-preview:large","keywords":"noticias y actualidad","webmasterTools":{"google-site-verification":"UA-38556648-1","miscellaneous":""},"schema":{"@context":"https:\/\/schema.org","@graph":[{"@type":"Article","@id":"https:\/\/eldigitaldeasturias.com\/magazine365\/roberto-capone-y-julio-reoyo-haran-platos-con-carne-de-la-sierra-de-guadarrama-y-pollo-de-corral-de-euroambrosias\/#article","name":"Roberto Capone y Julio Reoyo har\u00e1n platos con carne de la Sierra de Guadarrama y pollo de corral de Euroambros\u00edas | El Digital de Asturias","headline":"Roberto Capone y Julio Reoyo har\u00e1n platos con carne de la Sierra de Guadarrama y pollo de corral de Euroambros\u00edas","author":{"@id":"https:\/\/eldigitaldeasturias.com\/magazine365\/author\/admin\/#author"},"publisher":{"@id":"https:\/\/eldigitaldeasturias.com\/magazine365\/#organization"},"image":{"@type":"ImageObject","url":"https:\/\/eldigitaldeasturias.com\/magazine365\/wp-content\/uploads\/2016\/02\/fotonoticia_20160127170322_800.jpg","width":800,"height":533},"datePublished":"2016-02-01T02:19:31+01:00","dateModified":"2016-02-01T02:19:31+01:00","inLanguage":"es-ES","mainEntityOfPage":{"@id":"https:\/\/eldigitaldeasturias.com\/magazine365\/roberto-capone-y-julio-reoyo-haran-platos-con-carne-de-la-sierra-de-guadarrama-y-pollo-de-corral-de-euroambrosias\/#webpage"},"isPartOf":{"@id":"https:\/\/eldigitaldeasturias.com\/magazine365\/roberto-capone-y-julio-reoyo-haran-platos-con-carne-de-la-sierra-de-guadarrama-y-pollo-de-corral-de-euroambrosias\/#webpage"},"articleSection":"Noticias y Actualidad"},{"@type":"BreadcrumbList","@id":"https:\/\/eldigitaldeasturias.com\/magazine365\/roberto-capone-y-julio-reoyo-haran-platos-con-carne-de-la-sierra-de-guadarrama-y-pollo-de-corral-de-euroambrosias\/#breadcrumblist","itemListElement":[{"@type":"ListItem","@id":"https:\/\/eldigitaldeasturias.com\/magazine365#listItem","position":1,"name":"Home","item":"https:\/\/eldigitaldeasturias.com\/magazine365","nextItem":{"@type":"ListItem","@id":"https:\/\/eldigitaldeasturias.com\/magazine365\/category\/noticias-actualidad\/#listItem","name":"Noticias y Actualidad"}},{"@type":"ListItem","@id":"https:\/\/eldigitaldeasturias.com\/magazine365\/category\/noticias-actualidad\/#listItem","position":2,"name":"Noticias y Actualidad","item":"https:\/\/eldigitaldeasturias.com\/magazine365\/category\/noticias-actualidad\/","nextItem":{"@type":"ListItem","@id":"https:\/\/eldigitaldeasturias.com\/magazine365\/roberto-capone-y-julio-reoyo-haran-platos-con-carne-de-la-sierra-de-guadarrama-y-pollo-de-corral-de-euroambrosias\/#listItem","name":"Roberto Capone y Julio Reoyo har\u00e1n platos con carne de la Sierra de Guadarrama y pollo de corral de Euroambros\u00edas"},"previousItem":{"@type":"ListItem","@id":"https:\/\/eldigitaldeasturias.com\/magazine365#listItem","name":"Home"}},{"@type":"ListItem","@id":"https:\/\/eldigitaldeasturias.com\/magazine365\/roberto-capone-y-julio-reoyo-haran-platos-con-carne-de-la-sierra-de-guadarrama-y-pollo-de-corral-de-euroambrosias\/#listItem","position":3,"name":"Roberto Capone y Julio Reoyo har\u00e1n platos con carne de la Sierra de Guadarrama y pollo de corral de Euroambros\u00edas","previousItem":{"@type":"ListItem","@id":"https:\/\/eldigitaldeasturias.com\/magazine365\/category\/noticias-actualidad\/#listItem","name":"Noticias y Actualidad"}}]},{"@type":"Organization","@id":"https:\/\/eldigitaldeasturias.com\/magazine365\/#organization","name":"El digital de Asturias","description":"Revista de ocio, turismo y estilo de vida","url":"https:\/\/eldigitaldeasturias.com\/magazine365\/","logo":{"@type":"ImageObject","url":"https:\/\/www.eldigitaldeasturias.com\/noticias\/wp-content\/uploads\/2020\/12\/EDA.jpg","@id":"https:\/\/eldigitaldeasturias.com\/magazine365\/roberto-capone-y-julio-reoyo-haran-platos-con-carne-de-la-sierra-de-guadarrama-y-pollo-de-corral-de-euroambrosias\/#organizationLogo"},"image":{"@id":"https:\/\/eldigitaldeasturias.com\/magazine365\/roberto-capone-y-julio-reoyo-haran-platos-con-carne-de-la-sierra-de-guadarrama-y-pollo-de-corral-de-euroambrosias\/#organizationLogo"}},{"@type":"Person","@id":"https:\/\/eldigitaldeasturias.com\/magazine365\/author\/admin\/#author","url":"https:\/\/eldigitaldeasturias.com\/magazine365\/author\/admin\/","name":"admin","image":{"@type":"ImageObject","@id":"https:\/\/eldigitaldeasturias.com\/magazine365\/roberto-capone-y-julio-reoyo-haran-platos-con-carne-de-la-sierra-de-guadarrama-y-pollo-de-corral-de-euroambrosias\/#authorImage","url":"https:\/\/eldigitaldeasturias.com\/magazine365\/wp-content\/litespeed\/avatar\/e571bcf59a0edd6fa6838245a470f2fe.jpg?ver=1776969259","width":96,"height":96,"caption":"admin"}},{"@type":"WebPage","@id":"https:\/\/eldigitaldeasturias.com\/magazine365\/roberto-capone-y-julio-reoyo-haran-platos-con-carne-de-la-sierra-de-guadarrama-y-pollo-de-corral-de-euroambrosias\/#webpage","url":"https:\/\/eldigitaldeasturias.com\/magazine365\/roberto-capone-y-julio-reoyo-haran-platos-con-carne-de-la-sierra-de-guadarrama-y-pollo-de-corral-de-euroambrosias\/","name":"Roberto Capone y Julio Reoyo har\u00e1n platos con carne de la Sierra de Guadarrama y pollo de corral de Euroambros\u00edas | El Digital de Asturias","description":"Los chefs Roberto Capone y Julio Reoyo pondr\u00e1n en escena en Madrid Fusi\u00f3n sus platos elaborados con la carne IGP de la Sierra de Guadarrama y el pollo de corral de Euroambros\u00edas, ha informado el Ejecutivo auton\u00f3mico en un comunicado. La Comunidad apuesta por el nuevo mercado de los alimentos ecol\u00f3gicos que estar\u00e1n representados en","inLanguage":"es-ES","isPartOf":{"@id":"https:\/\/eldigitaldeasturias.com\/magazine365\/#website"},"breadcrumb":{"@id":"https:\/\/eldigitaldeasturias.com\/magazine365\/roberto-capone-y-julio-reoyo-haran-platos-con-carne-de-la-sierra-de-guadarrama-y-pollo-de-corral-de-euroambrosias\/#breadcrumblist"},"author":{"@id":"https:\/\/eldigitaldeasturias.com\/magazine365\/author\/admin\/#author"},"creator":{"@id":"https:\/\/eldigitaldeasturias.com\/magazine365\/author\/admin\/#author"},"image":{"@type":"ImageObject","url":"https:\/\/eldigitaldeasturias.com\/magazine365\/wp-content\/uploads\/2016\/02\/fotonoticia_20160127170322_800.jpg","@id":"https:\/\/eldigitaldeasturias.com\/magazine365\/roberto-capone-y-julio-reoyo-haran-platos-con-carne-de-la-sierra-de-guadarrama-y-pollo-de-corral-de-euroambrosias\/#mainImage","width":800,"height":533},"primaryImageOfPage":{"@id":"https:\/\/eldigitaldeasturias.com\/magazine365\/roberto-capone-y-julio-reoyo-haran-platos-con-carne-de-la-sierra-de-guadarrama-y-pollo-de-corral-de-euroambrosias\/#mainImage"},"datePublished":"2016-02-01T02:19:31+01:00","dateModified":"2016-02-01T02:19:31+01:00"},{"@type":"WebSite","@id":"https:\/\/eldigitaldeasturias.com\/magazine365\/#website","url":"https:\/\/eldigitaldeasturias.com\/magazine365\/","name":"El Digital de Asturias","description":"Revista de ocio, turismo y estilo de vida","inLanguage":"es-ES","publisher":{"@id":"https:\/\/eldigitaldeasturias.com\/magazine365\/#organization"}}]},"og:locale":"es_ES","og:site_name":"El Digital de Asturias \u2013 Revista de ocio, turismo y estilo de vida","og:type":"article","og:title":"Roberto Capone y Julio Reoyo har\u00e1n platos con carne de la Sierra de Guadarrama y pollo de corral de Euroambros\u00edas | El Digital de Asturias","og:description":"Los chefs Roberto Capone y Julio Reoyo pondr\u00e1n en escena en Madrid Fusi\u00f3n sus platos elaborados con la carne IGP de la Sierra de Guadarrama y el pollo de corral de Euroambros\u00edas, ha informado el Ejecutivo auton\u00f3mico en un comunicado. La Comunidad apuesta por el nuevo mercado de los alimentos ecol\u00f3gicos que estar\u00e1n representados en","og:url":"https:\/\/eldigitaldeasturias.com\/magazine365\/roberto-capone-y-julio-reoyo-haran-platos-con-carne-de-la-sierra-de-guadarrama-y-pollo-de-corral-de-euroambrosias\/","og:image":"https:\/\/eldigitaldeasturias.com\/magazine365\/wp-content\/uploads\/2016\/02\/fotonoticia_20160127170322_800.jpg","og:image:secure_url":"https:\/\/eldigitaldeasturias.com\/magazine365\/wp-content\/uploads\/2016\/02\/fotonoticia_20160127170322_800.jpg","og:image:width":800,"og:image:height":533,"article:published_time":"2016-02-01T01:19:31+00:00","article:modified_time":"2016-02-01T01:19:31+00:00","twitter:card":"summary_large_image","twitter:title":"Roberto Capone y Julio Reoyo har\u00e1n platos con carne de la Sierra de Guadarrama y pollo de corral de Euroambros\u00edas | El Digital de Asturias","twitter:description":"Los chefs Roberto Capone y Julio Reoyo pondr\u00e1n en escena en Madrid Fusi\u00f3n sus platos elaborados con la carne IGP de la Sierra de Guadarrama y el pollo de corral de Euroambros\u00edas, ha informado el Ejecutivo auton\u00f3mico en un comunicado. La Comunidad apuesta por el nuevo mercado de los alimentos ecol\u00f3gicos que estar\u00e1n representados en","twitter:image":"https:\/\/eldigitaldeasturias.com\/magazine365\/wp-content\/uploads\/2016\/02\/fotonoticia_20160127170322_800.jpg"},"aioseo_meta_data":{"post_id":"62448","title":null,"description":null,"keywords":null,"keyphrases":null,"primary_term":null,"canonical_url":null,"og_title":null,"og_description":null,"og_object_type":"default","og_image_type":"default","og_image_url":null,"og_image_width":null,"og_image_height":null,"og_image_custom_url":null,"og_image_custom_fields":null,"og_video":null,"og_custom_url":null,"og_article_section":null,"og_article_tags":null,"twitter_use_og":false,"twitter_card":"default","twitter_image_type":"default","twitter_image_url":null,"twitter_image_custom_url":null,"twitter_image_custom_fields":null,"twitter_title":null,"twitter_description":null,"schema":{"blockGraphs":[],"customGraphs":[],"default":{"data":{"Article":[],"Course":[],"Dataset":[],"FAQPage":[],"Movie":[],"Person":[],"Product":[],"ProductReview":[],"Car":[],"Recipe":[],"Service":[],"SoftwareApplication":[],"WebPage":[]},"graphName":"","isEnabled":true},"graphs":[],"defaultGraph":"","defaultPostTypeGraph":""},"schema_type":null,"schema_type_options":null,"pillar_content":false,"robots_default":true,"robots_noindex":false,"robots_noarchive":false,"robots_nosnippet":false,"robots_nofollow":false,"robots_noimageindex":false,"robots_noodp":false,"robots_notranslate":false,"robots_max_snippet":null,"robots_max_videopreview":null,"robots_max_imagepreview":"large","priority":null,"frequency":null,"location":null,"local_seo":null,"seo_analyzer_scan_date":"2025-09-25 11:12:58","breadcrumb_settings":null,"limit_modified_date":false,"open_ai":null,"ai":null,"created":"2021-03-08 21:36:39","updated":"2025-09-25 11:12:58"},"aioseo_breadcrumb":"<div class=\"aioseo-breadcrumbs\"><span class=\"aioseo-breadcrumb\">\n\t<a href=\"https:\/\/eldigitaldeasturias.com\/magazine365\" title=\"Home\">Home<\/a>\n<\/span><span class=\"aioseo-breadcrumb-separator\">\u2013<\/span><span class=\"aioseo-breadcrumb\">\n\t<a href=\"https:\/\/eldigitaldeasturias.com\/magazine365\/category\/noticias-actualidad\/\" title=\"Noticias y Actualidad\">Noticias y Actualidad<\/a>\n<\/span><span class=\"aioseo-breadcrumb-separator\">\u2013<\/span><span class=\"aioseo-breadcrumb\">\n\t<a href=\"https:\/\/eldigitaldeasturias.com\/magazine365\/roberto-capone-y-julio-reoyo-haran-platos-con-carne-de-la-sierra-de-guadarrama-y-pollo-de-corral-de-euroambrosias\/\" title=\"Roberto Capone y Julio Reoyo har\u00e1n platos con carne de la Sierra de Guadarrama y pollo de corral de Euroambros\u00edas\">Roberto Capone y Julio Reoyo har\u00e1n platos con carne de la Sierra de Guadarrama y pollo de corral de Euroambros\u00edas<\/a>\n<\/span><\/div>","aioseo_breadcrumb_json":[{"label":"Home","link":"https:\/\/eldigitaldeasturias.com\/magazine365"},{"label":"Noticias y Actualidad","link":"https:\/\/eldigitaldeasturias.com\/magazine365\/category\/noticias-actualidad\/"},{"label":"Roberto Capone y Julio Reoyo har\u00e1n platos con carne de la Sierra de Guadarrama y pollo de corral de Euroambros\u00edas","link":"https:\/\/eldigitaldeasturias.com\/magazine365\/roberto-capone-y-julio-reoyo-haran-platos-con-carne-de-la-sierra-de-guadarrama-y-pollo-de-corral-de-euroambrosias\/"}],"_links":{"self":[{"href":"https:\/\/eldigitaldeasturias.com\/magazine365\/wp-json\/wp\/v2\/posts\/62448","targetHints":{"allow":["GET"]}}],"collection":[{"href":"https:\/\/eldigitaldeasturias.com\/magazine365\/wp-json\/wp\/v2\/posts"}],"about":[{"href":"https:\/\/eldigitaldeasturias.com\/magazine365\/wp-json\/wp\/v2\/types\/post"}],"author":[{"embeddable":true,"href":"https:\/\/eldigitaldeasturias.com\/magazine365\/wp-json\/wp\/v2\/users\/1"}],"replies":[{"embeddable":true,"href":"https:\/\/eldigitaldeasturias.com\/magazine365\/wp-json\/wp\/v2\/comments?post=62448"}],"version-history":[{"count":0,"href":"https:\/\/eldigitaldeasturias.com\/magazine365\/wp-json\/wp\/v2\/posts\/62448\/revisions"}],"wp:featuredmedia":[{"embeddable":true,"href":"https:\/\/eldigitaldeasturias.com\/magazine365\/wp-json\/wp\/v2\/media\/62449"}],"wp:attachment":[{"href":"https:\/\/eldigitaldeasturias.com\/magazine365\/wp-json\/wp\/v2\/media?parent=62448"}],"wp:term":[{"taxonomy":"category","embeddable":true,"href":"https:\/\/eldigitaldeasturias.com\/magazine365\/wp-json\/wp\/v2\/categories?post=62448"},{"taxonomy":"post_tag","embeddable":true,"href":"https:\/\/eldigitaldeasturias.com\/magazine365\/wp-json\/wp\/v2\/tags?post=62448"}],"curies":[{"name":"wp","href":"https:\/\/api.w.org\/{rel}","templated":true}]}}