{"id":62442,"date":"2016-02-01T02:16:47","date_gmt":"2016-02-01T01:16:47","guid":{"rendered":"http:\/\/eldigitaldeasturias.com\/magazine365\/?p=62442"},"modified":"2016-02-01T02:16:47","modified_gmt":"2016-02-01T01:16:47","slug":"las-cinco-grandes-aerolineas-en-europa-piden-reducir-las-tasas-aeroportuarias","status":"publish","type":"post","link":"https:\/\/eldigitaldeasturias.com\/magazine365\/las-cinco-grandes-aerolineas-en-europa-piden-reducir-las-tasas-aeroportuarias\/","title":{"rendered":"Las cinco grandes aerol\u00edneas en Europa piden reducir las tasas aeroportuarias"},"content":{"rendered":"<p><img fetchpriority=\"high\" decoding=\"async\" class=\"alignleft size-medium wp-image-62443\" src=\"https:\/\/eldigitaldeasturias.com\/magazine365\/wp-content\/uploads\/2016\/02\/fotonoticia_20160127162247_800-225x300.jpg\" alt=\"fotonoticia_20160127162247_800\" width=\"225\" height=\"300\" srcset=\"https:\/\/eldigitaldeasturias.com\/magazine365\/wp-content\/uploads\/2016\/02\/fotonoticia_20160127162247_800-225x300.jpg 225w, https:\/\/eldigitaldeasturias.com\/magazine365\/wp-content\/uploads\/2016\/02\/fotonoticia_20160127162247_800-480x640.jpg 480w, https:\/\/eldigitaldeasturias.com\/magazine365\/wp-content\/uploads\/2016\/02\/fotonoticia_20160127162247_800-768x1024.jpg 768w, https:\/\/eldigitaldeasturias.com\/magazine365\/wp-content\/uploads\/2016\/02\/fotonoticia_20160127162247_800-150x200.jpg 150w, https:\/\/eldigitaldeasturias.com\/magazine365\/wp-content\/uploads\/2016\/02\/fotonoticia_20160127162247_800-450x600.jpg 450w, https:\/\/eldigitaldeasturias.com\/magazine365\/wp-content\/uploads\/2016\/02\/fotonoticia_20160127162247_800-696x928.jpg 696w, https:\/\/eldigitaldeasturias.com\/magazine365\/wp-content\/uploads\/2016\/02\/fotonoticia_20160127162247_800-315x420.jpg 315w, https:\/\/eldigitaldeasturias.com\/magazine365\/wp-content\/uploads\/2016\/02\/fotonoticia_20160127162247_800.jpg 800w\" sizes=\"(max-width: 225px) 100vw, 225px\" \/>El consejero delegado de Ryanair, Michael O&#8217;Leary, en representaci\u00f3n de Airlines for Europe (A4E), la asociaci\u00f3n formada por IAG, Air France-KLM, easyJet, Lufthansa y la aerol\u00ednea irlandesa, ha reclamado la necesidad de reducir las tasas aeroportuarias y eliminar impuestos no razonables al sector para promover su competitividad en un encuentro con eurodiputados para analizar la nueva estrategia de aviaci\u00f3n de la UE.<\/p>\n<p>\u00abLa realidad es que en los \u00faltimos diez a\u00f1os, las tasas aeroportuarias han crecido un 90% en los diez aeropuertos europeos m\u00e1s grandes, mientras que los billetes de las aerol\u00edneas han ca\u00eddo un 20% en el mismo periodo\u00bb, ha reprochado O&#8217;Leary.<\/p>\n<p>As\u00ed, ha abundado en que aunque \u00ablas aerol\u00edneas han reducido sus billetes, los pasajeros de la UE contin\u00faan siendo esquilmados por tasas aeroportuarias excesivas\u00bb.<\/p>\n<p>\u00abEst\u00e1 en el inter\u00e9s del consumidor que se beneficie de costes aeroportuarias m\u00e1s bajos en la UE y la A4E continuar\u00e1 defendiendo una regulaci\u00f3n eficaz de los aeropuertos monopolio en nombre de los pasajeros europeos\u00bb, ha remachado.<\/p>\n<p>La asociaci\u00f3n, que fue constituida la semana pasada, tambi\u00e9n reclama otras medidas para apuntar la competitividad en el sector como un plan de acci\u00f3n para reducir los parones por huelgas de los controlares a\u00e9reos.<\/p>\n","protected":false},"excerpt":{"rendered":"<p>El consejero delegado de Ryanair, Michael O&#8217;Leary, en representaci\u00f3n de Airlines for Europe (A4E), la asociaci\u00f3n formada por IAG, Air France-KLM, easyJet, Lufthansa y la aerol\u00ednea irlandesa, ha reclamado la necesidad de reducir las tasas aeroportuarias y eliminar impuestos no razonables al sector para promover su competitividad en un encuentro con eurodiputados para analizar la<\/p>\n","protected":false},"author":1,"featured_media":62443,"comment_status":"open","ping_status":"closed","sticky":false,"template":"","format":"standard","meta":{"footnotes":""},"categories":[224],"tags":[],"class_list":{"0":"post-62442","1":"post","2":"type-post","3":"status-publish","4":"format-standard","5":"has-post-thumbnail","7":"category-noticias-actualidad"},"aioseo_notices":[],"aioseo_head":"\n\t\t<!-- All in One SEO Pro 4.9.6.1 - aioseo.com -->\n\t<meta name=\"description\" content=\"El consejero delegado de Ryanair, Michael O&#039;Leary, en representaci\u00f3n de Airlines for Europe (A4E), la asociaci\u00f3n formada por IAG, Air France-KLM, easyJet, Lufthansa y la aerol\u00ednea irlandesa, ha reclamado la necesidad de reducir las tasas aeroportuarias y eliminar impuestos no razonables al sector para promover su competitividad en un encuentro con eurodiputados para analizar la\" \/>\n\t<meta name=\"robots\" content=\"max-image-preview:large\" \/>\n\t<meta name=\"author\" content=\"admin\"\/>\n\t<meta name=\"google-site-verification\" content=\"UA-38556648-1\" \/>\n\t<meta name=\"keywords\" content=\"noticias y actualidad\" \/>\n\t<link rel=\"canonical\" href=\"https:\/\/eldigitaldeasturias.com\/magazine365\/las-cinco-grandes-aerolineas-en-europa-piden-reducir-las-tasas-aeroportuarias\/\" \/>\n\t<meta name=\"generator\" content=\"All in One SEO Pro (AIOSEO) 4.9.6.1\" \/>\n\t\t<meta property=\"og:locale\" content=\"es_ES\" \/>\n\t\t<meta property=\"og:site_name\" content=\"El Digital de Asturias \u2013 Revista de ocio, turismo y estilo de vida\" \/>\n\t\t<meta property=\"og:type\" content=\"article\" \/>\n\t\t<meta property=\"og:title\" content=\"Las cinco grandes aerol\u00edneas en Europa piden reducir las tasas aeroportuarias | El Digital de Asturias\" \/>\n\t\t<meta property=\"og:description\" content=\"El consejero delegado de Ryanair, Michael O&#039;Leary, en representaci\u00f3n de Airlines for Europe (A4E), la asociaci\u00f3n formada por IAG, Air France-KLM, easyJet, Lufthansa y la aerol\u00ednea irlandesa, ha reclamado la necesidad de reducir las tasas aeroportuarias y eliminar impuestos no razonables al sector para promover su competitividad en un encuentro con eurodiputados para analizar la\" \/>\n\t\t<meta property=\"og:url\" content=\"https:\/\/eldigitaldeasturias.com\/magazine365\/las-cinco-grandes-aerolineas-en-europa-piden-reducir-las-tasas-aeroportuarias\/\" \/>\n\t\t<meta property=\"og:image\" content=\"https:\/\/eldigitaldeasturias.com\/magazine365\/wp-content\/uploads\/2016\/02\/fotonoticia_20160127162247_800.jpg\" \/>\n\t\t<meta property=\"og:image:secure_url\" content=\"https:\/\/eldigitaldeasturias.com\/magazine365\/wp-content\/uploads\/2016\/02\/fotonoticia_20160127162247_800.jpg\" \/>\n\t\t<meta property=\"og:image:width\" content=\"800\" \/>\n\t\t<meta property=\"og:image:height\" content=\"1067\" \/>\n\t\t<meta property=\"article:published_time\" content=\"2016-02-01T01:16:47+00:00\" \/>\n\t\t<meta property=\"article:modified_time\" content=\"2016-02-01T01:16:47+00:00\" \/>\n\t\t<meta name=\"twitter:card\" content=\"summary_large_image\" \/>\n\t\t<meta name=\"twitter:title\" content=\"Las cinco grandes aerol\u00edneas en Europa piden reducir las tasas aeroportuarias | El Digital de Asturias\" \/>\n\t\t<meta name=\"twitter:description\" content=\"El consejero delegado de Ryanair, Michael O&#039;Leary, en representaci\u00f3n de Airlines for Europe (A4E), la asociaci\u00f3n formada por IAG, Air France-KLM, easyJet, Lufthansa y la aerol\u00ednea irlandesa, ha reclamado la necesidad de reducir las tasas aeroportuarias y eliminar impuestos no razonables al sector para promover su competitividad en un encuentro con eurodiputados para analizar la\" \/>\n\t\t<meta name=\"twitter:image\" content=\"https:\/\/eldigitaldeasturias.com\/magazine365\/wp-content\/uploads\/2016\/02\/fotonoticia_20160127162247_800.jpg\" \/>\n\t\t<script type=\"application\/ld+json\" class=\"aioseo-schema\">\n\t\t\t{\"@context\":\"https:\\\/\\\/schema.org\",\"@graph\":[{\"@type\":\"Article\",\"@id\":\"https:\\\/\\\/eldigitaldeasturias.com\\\/magazine365\\\/las-cinco-grandes-aerolineas-en-europa-piden-reducir-las-tasas-aeroportuarias\\\/#article\",\"name\":\"Las cinco grandes aerol\\u00edneas en Europa piden reducir las tasas aeroportuarias | El Digital de Asturias\",\"headline\":\"Las cinco grandes aerol\\u00edneas en Europa piden reducir las tasas aeroportuarias\",\"author\":{\"@id\":\"https:\\\/\\\/eldigitaldeasturias.com\\\/magazine365\\\/author\\\/admin\\\/#author\"},\"publisher\":{\"@id\":\"https:\\\/\\\/eldigitaldeasturias.com\\\/magazine365\\\/#organization\"},\"image\":{\"@type\":\"ImageObject\",\"url\":\"https:\\\/\\\/eldigitaldeasturias.com\\\/magazine365\\\/wp-content\\\/uploads\\\/2016\\\/02\\\/fotonoticia_20160127162247_800.jpg\",\"width\":800,\"height\":1067},\"datePublished\":\"2016-02-01T02:16:47+01:00\",\"dateModified\":\"2016-02-01T02:16:47+01:00\",\"inLanguage\":\"es-ES\",\"mainEntityOfPage\":{\"@id\":\"https:\\\/\\\/eldigitaldeasturias.com\\\/magazine365\\\/las-cinco-grandes-aerolineas-en-europa-piden-reducir-las-tasas-aeroportuarias\\\/#webpage\"},\"isPartOf\":{\"@id\":\"https:\\\/\\\/eldigitaldeasturias.com\\\/magazine365\\\/las-cinco-grandes-aerolineas-en-europa-piden-reducir-las-tasas-aeroportuarias\\\/#webpage\"},\"articleSection\":\"Noticias y Actualidad\"},{\"@type\":\"BreadcrumbList\",\"@id\":\"https:\\\/\\\/eldigitaldeasturias.com\\\/magazine365\\\/las-cinco-grandes-aerolineas-en-europa-piden-reducir-las-tasas-aeroportuarias\\\/#breadcrumblist\",\"itemListElement\":[{\"@type\":\"ListItem\",\"@id\":\"https:\\\/\\\/eldigitaldeasturias.com\\\/magazine365#listItem\",\"position\":1,\"name\":\"Home\",\"item\":\"https:\\\/\\\/eldigitaldeasturias.com\\\/magazine365\",\"nextItem\":{\"@type\":\"ListItem\",\"@id\":\"https:\\\/\\\/eldigitaldeasturias.com\\\/magazine365\\\/category\\\/noticias-actualidad\\\/#listItem\",\"name\":\"Noticias y Actualidad\"}},{\"@type\":\"ListItem\",\"@id\":\"https:\\\/\\\/eldigitaldeasturias.com\\\/magazine365\\\/category\\\/noticias-actualidad\\\/#listItem\",\"position\":2,\"name\":\"Noticias y Actualidad\",\"item\":\"https:\\\/\\\/eldigitaldeasturias.com\\\/magazine365\\\/category\\\/noticias-actualidad\\\/\",\"nextItem\":{\"@type\":\"ListItem\",\"@id\":\"https:\\\/\\\/eldigitaldeasturias.com\\\/magazine365\\\/las-cinco-grandes-aerolineas-en-europa-piden-reducir-las-tasas-aeroportuarias\\\/#listItem\",\"name\":\"Las cinco grandes aerol\\u00edneas en Europa piden reducir las tasas aeroportuarias\"},\"previousItem\":{\"@type\":\"ListItem\",\"@id\":\"https:\\\/\\\/eldigitaldeasturias.com\\\/magazine365#listItem\",\"name\":\"Home\"}},{\"@type\":\"ListItem\",\"@id\":\"https:\\\/\\\/eldigitaldeasturias.com\\\/magazine365\\\/las-cinco-grandes-aerolineas-en-europa-piden-reducir-las-tasas-aeroportuarias\\\/#listItem\",\"position\":3,\"name\":\"Las cinco grandes aerol\\u00edneas en Europa piden reducir las tasas aeroportuarias\",\"previousItem\":{\"@type\":\"ListItem\",\"@id\":\"https:\\\/\\\/eldigitaldeasturias.com\\\/magazine365\\\/category\\\/noticias-actualidad\\\/#listItem\",\"name\":\"Noticias y Actualidad\"}}]},{\"@type\":\"Organization\",\"@id\":\"https:\\\/\\\/eldigitaldeasturias.com\\\/magazine365\\\/#organization\",\"name\":\"El digital de Asturias\",\"description\":\"Revista de ocio, turismo y estilo de vida\",\"url\":\"https:\\\/\\\/eldigitaldeasturias.com\\\/magazine365\\\/\",\"logo\":{\"@type\":\"ImageObject\",\"url\":\"https:\\\/\\\/www.eldigitaldeasturias.com\\\/noticias\\\/wp-content\\\/uploads\\\/2020\\\/12\\\/EDA.jpg\",\"@id\":\"https:\\\/\\\/eldigitaldeasturias.com\\\/magazine365\\\/las-cinco-grandes-aerolineas-en-europa-piden-reducir-las-tasas-aeroportuarias\\\/#organizationLogo\"},\"image\":{\"@id\":\"https:\\\/\\\/eldigitaldeasturias.com\\\/magazine365\\\/las-cinco-grandes-aerolineas-en-europa-piden-reducir-las-tasas-aeroportuarias\\\/#organizationLogo\"}},{\"@type\":\"Person\",\"@id\":\"https:\\\/\\\/eldigitaldeasturias.com\\\/magazine365\\\/author\\\/admin\\\/#author\",\"url\":\"https:\\\/\\\/eldigitaldeasturias.com\\\/magazine365\\\/author\\\/admin\\\/\",\"name\":\"admin\",\"image\":{\"@type\":\"ImageObject\",\"@id\":\"https:\\\/\\\/eldigitaldeasturias.com\\\/magazine365\\\/las-cinco-grandes-aerolineas-en-europa-piden-reducir-las-tasas-aeroportuarias\\\/#authorImage\",\"url\":\"https:\\\/\\\/eldigitaldeasturias.com\\\/magazine365\\\/wp-content\\\/litespeed\\\/avatar\\\/e571bcf59a0edd6fa6838245a470f2fe.jpg?ver=1776969259\",\"width\":96,\"height\":96,\"caption\":\"admin\"}},{\"@type\":\"WebPage\",\"@id\":\"https:\\\/\\\/eldigitaldeasturias.com\\\/magazine365\\\/las-cinco-grandes-aerolineas-en-europa-piden-reducir-las-tasas-aeroportuarias\\\/#webpage\",\"url\":\"https:\\\/\\\/eldigitaldeasturias.com\\\/magazine365\\\/las-cinco-grandes-aerolineas-en-europa-piden-reducir-las-tasas-aeroportuarias\\\/\",\"name\":\"Las cinco grandes aerol\\u00edneas en Europa piden reducir las tasas aeroportuarias | El Digital de Asturias\",\"description\":\"El consejero delegado de Ryanair, Michael O'Leary, en representaci\\u00f3n de Airlines for Europe (A4E), la asociaci\\u00f3n formada por IAG, Air France-KLM, easyJet, Lufthansa y la aerol\\u00ednea irlandesa, ha reclamado la necesidad de reducir las tasas aeroportuarias y eliminar impuestos no razonables al sector para promover su competitividad en un encuentro con eurodiputados para analizar la\",\"inLanguage\":\"es-ES\",\"isPartOf\":{\"@id\":\"https:\\\/\\\/eldigitaldeasturias.com\\\/magazine365\\\/#website\"},\"breadcrumb\":{\"@id\":\"https:\\\/\\\/eldigitaldeasturias.com\\\/magazine365\\\/las-cinco-grandes-aerolineas-en-europa-piden-reducir-las-tasas-aeroportuarias\\\/#breadcrumblist\"},\"author\":{\"@id\":\"https:\\\/\\\/eldigitaldeasturias.com\\\/magazine365\\\/author\\\/admin\\\/#author\"},\"creator\":{\"@id\":\"https:\\\/\\\/eldigitaldeasturias.com\\\/magazine365\\\/author\\\/admin\\\/#author\"},\"image\":{\"@type\":\"ImageObject\",\"url\":\"https:\\\/\\\/eldigitaldeasturias.com\\\/magazine365\\\/wp-content\\\/uploads\\\/2016\\\/02\\\/fotonoticia_20160127162247_800.jpg\",\"@id\":\"https:\\\/\\\/eldigitaldeasturias.com\\\/magazine365\\\/las-cinco-grandes-aerolineas-en-europa-piden-reducir-las-tasas-aeroportuarias\\\/#mainImage\",\"width\":800,\"height\":1067},\"primaryImageOfPage\":{\"@id\":\"https:\\\/\\\/eldigitaldeasturias.com\\\/magazine365\\\/las-cinco-grandes-aerolineas-en-europa-piden-reducir-las-tasas-aeroportuarias\\\/#mainImage\"},\"datePublished\":\"2016-02-01T02:16:47+01:00\",\"dateModified\":\"2016-02-01T02:16:47+01:00\"},{\"@type\":\"WebSite\",\"@id\":\"https:\\\/\\\/eldigitaldeasturias.com\\\/magazine365\\\/#website\",\"url\":\"https:\\\/\\\/eldigitaldeasturias.com\\\/magazine365\\\/\",\"name\":\"El Digital de Asturias\",\"description\":\"Revista de ocio, turismo y estilo de vida\",\"inLanguage\":\"es-ES\",\"publisher\":{\"@id\":\"https:\\\/\\\/eldigitaldeasturias.com\\\/magazine365\\\/#organization\"}}]}\n\t\t<\/script>\n\t\t<!-- All in One SEO Pro -->\r\n\t\t<title>Las cinco grandes aerol\u00edneas en Europa piden reducir las tasas aeroportuarias | El Digital de Asturias<\/title>\n\n","aioseo_head_json":{"title":"Las cinco grandes aerol\u00edneas en Europa piden reducir las tasas aeroportuarias | El Digital de Asturias","description":"El consejero delegado de Ryanair, Michael O'Leary, en representaci\u00f3n de Airlines for Europe (A4E), la asociaci\u00f3n formada por IAG, Air France-KLM, easyJet, Lufthansa y la aerol\u00ednea irlandesa, ha reclamado la necesidad de reducir las tasas aeroportuarias y eliminar impuestos no razonables al sector para promover su competitividad en un encuentro con eurodiputados para analizar la","canonical_url":"https:\/\/eldigitaldeasturias.com\/magazine365\/las-cinco-grandes-aerolineas-en-europa-piden-reducir-las-tasas-aeroportuarias\/","robots":"max-image-preview:large","keywords":"noticias y actualidad","webmasterTools":{"google-site-verification":"UA-38556648-1","miscellaneous":""},"schema":{"@context":"https:\/\/schema.org","@graph":[{"@type":"Article","@id":"https:\/\/eldigitaldeasturias.com\/magazine365\/las-cinco-grandes-aerolineas-en-europa-piden-reducir-las-tasas-aeroportuarias\/#article","name":"Las cinco grandes aerol\u00edneas en Europa piden reducir las tasas aeroportuarias | El Digital de Asturias","headline":"Las cinco grandes aerol\u00edneas en Europa piden reducir las tasas aeroportuarias","author":{"@id":"https:\/\/eldigitaldeasturias.com\/magazine365\/author\/admin\/#author"},"publisher":{"@id":"https:\/\/eldigitaldeasturias.com\/magazine365\/#organization"},"image":{"@type":"ImageObject","url":"https:\/\/eldigitaldeasturias.com\/magazine365\/wp-content\/uploads\/2016\/02\/fotonoticia_20160127162247_800.jpg","width":800,"height":1067},"datePublished":"2016-02-01T02:16:47+01:00","dateModified":"2016-02-01T02:16:47+01:00","inLanguage":"es-ES","mainEntityOfPage":{"@id":"https:\/\/eldigitaldeasturias.com\/magazine365\/las-cinco-grandes-aerolineas-en-europa-piden-reducir-las-tasas-aeroportuarias\/#webpage"},"isPartOf":{"@id":"https:\/\/eldigitaldeasturias.com\/magazine365\/las-cinco-grandes-aerolineas-en-europa-piden-reducir-las-tasas-aeroportuarias\/#webpage"},"articleSection":"Noticias y Actualidad"},{"@type":"BreadcrumbList","@id":"https:\/\/eldigitaldeasturias.com\/magazine365\/las-cinco-grandes-aerolineas-en-europa-piden-reducir-las-tasas-aeroportuarias\/#breadcrumblist","itemListElement":[{"@type":"ListItem","@id":"https:\/\/eldigitaldeasturias.com\/magazine365#listItem","position":1,"name":"Home","item":"https:\/\/eldigitaldeasturias.com\/magazine365","nextItem":{"@type":"ListItem","@id":"https:\/\/eldigitaldeasturias.com\/magazine365\/category\/noticias-actualidad\/#listItem","name":"Noticias y Actualidad"}},{"@type":"ListItem","@id":"https:\/\/eldigitaldeasturias.com\/magazine365\/category\/noticias-actualidad\/#listItem","position":2,"name":"Noticias y Actualidad","item":"https:\/\/eldigitaldeasturias.com\/magazine365\/category\/noticias-actualidad\/","nextItem":{"@type":"ListItem","@id":"https:\/\/eldigitaldeasturias.com\/magazine365\/las-cinco-grandes-aerolineas-en-europa-piden-reducir-las-tasas-aeroportuarias\/#listItem","name":"Las cinco grandes aerol\u00edneas en Europa piden reducir las tasas aeroportuarias"},"previousItem":{"@type":"ListItem","@id":"https:\/\/eldigitaldeasturias.com\/magazine365#listItem","name":"Home"}},{"@type":"ListItem","@id":"https:\/\/eldigitaldeasturias.com\/magazine365\/las-cinco-grandes-aerolineas-en-europa-piden-reducir-las-tasas-aeroportuarias\/#listItem","position":3,"name":"Las cinco grandes aerol\u00edneas en Europa piden reducir las tasas aeroportuarias","previousItem":{"@type":"ListItem","@id":"https:\/\/eldigitaldeasturias.com\/magazine365\/category\/noticias-actualidad\/#listItem","name":"Noticias y Actualidad"}}]},{"@type":"Organization","@id":"https:\/\/eldigitaldeasturias.com\/magazine365\/#organization","name":"El digital de Asturias","description":"Revista de ocio, turismo y estilo de vida","url":"https:\/\/eldigitaldeasturias.com\/magazine365\/","logo":{"@type":"ImageObject","url":"https:\/\/www.eldigitaldeasturias.com\/noticias\/wp-content\/uploads\/2020\/12\/EDA.jpg","@id":"https:\/\/eldigitaldeasturias.com\/magazine365\/las-cinco-grandes-aerolineas-en-europa-piden-reducir-las-tasas-aeroportuarias\/#organizationLogo"},"image":{"@id":"https:\/\/eldigitaldeasturias.com\/magazine365\/las-cinco-grandes-aerolineas-en-europa-piden-reducir-las-tasas-aeroportuarias\/#organizationLogo"}},{"@type":"Person","@id":"https:\/\/eldigitaldeasturias.com\/magazine365\/author\/admin\/#author","url":"https:\/\/eldigitaldeasturias.com\/magazine365\/author\/admin\/","name":"admin","image":{"@type":"ImageObject","@id":"https:\/\/eldigitaldeasturias.com\/magazine365\/las-cinco-grandes-aerolineas-en-europa-piden-reducir-las-tasas-aeroportuarias\/#authorImage","url":"https:\/\/eldigitaldeasturias.com\/magazine365\/wp-content\/litespeed\/avatar\/e571bcf59a0edd6fa6838245a470f2fe.jpg?ver=1776969259","width":96,"height":96,"caption":"admin"}},{"@type":"WebPage","@id":"https:\/\/eldigitaldeasturias.com\/magazine365\/las-cinco-grandes-aerolineas-en-europa-piden-reducir-las-tasas-aeroportuarias\/#webpage","url":"https:\/\/eldigitaldeasturias.com\/magazine365\/las-cinco-grandes-aerolineas-en-europa-piden-reducir-las-tasas-aeroportuarias\/","name":"Las cinco grandes aerol\u00edneas en Europa piden reducir las tasas aeroportuarias | El Digital de Asturias","description":"El consejero delegado de Ryanair, Michael O'Leary, en representaci\u00f3n de Airlines for Europe (A4E), la asociaci\u00f3n formada por IAG, Air France-KLM, easyJet, Lufthansa y la aerol\u00ednea irlandesa, ha reclamado la necesidad de reducir las tasas aeroportuarias y eliminar impuestos no razonables al sector para promover su competitividad en un encuentro con eurodiputados para analizar la","inLanguage":"es-ES","isPartOf":{"@id":"https:\/\/eldigitaldeasturias.com\/magazine365\/#website"},"breadcrumb":{"@id":"https:\/\/eldigitaldeasturias.com\/magazine365\/las-cinco-grandes-aerolineas-en-europa-piden-reducir-las-tasas-aeroportuarias\/#breadcrumblist"},"author":{"@id":"https:\/\/eldigitaldeasturias.com\/magazine365\/author\/admin\/#author"},"creator":{"@id":"https:\/\/eldigitaldeasturias.com\/magazine365\/author\/admin\/#author"},"image":{"@type":"ImageObject","url":"https:\/\/eldigitaldeasturias.com\/magazine365\/wp-content\/uploads\/2016\/02\/fotonoticia_20160127162247_800.jpg","@id":"https:\/\/eldigitaldeasturias.com\/magazine365\/las-cinco-grandes-aerolineas-en-europa-piden-reducir-las-tasas-aeroportuarias\/#mainImage","width":800,"height":1067},"primaryImageOfPage":{"@id":"https:\/\/eldigitaldeasturias.com\/magazine365\/las-cinco-grandes-aerolineas-en-europa-piden-reducir-las-tasas-aeroportuarias\/#mainImage"},"datePublished":"2016-02-01T02:16:47+01:00","dateModified":"2016-02-01T02:16:47+01:00"},{"@type":"WebSite","@id":"https:\/\/eldigitaldeasturias.com\/magazine365\/#website","url":"https:\/\/eldigitaldeasturias.com\/magazine365\/","name":"El Digital de Asturias","description":"Revista de ocio, turismo y estilo de vida","inLanguage":"es-ES","publisher":{"@id":"https:\/\/eldigitaldeasturias.com\/magazine365\/#organization"}}]},"og:locale":"es_ES","og:site_name":"El Digital de Asturias \u2013 Revista de ocio, turismo y estilo de vida","og:type":"article","og:title":"Las cinco grandes aerol\u00edneas en Europa piden reducir las tasas aeroportuarias | El Digital de Asturias","og:description":"El consejero delegado de Ryanair, Michael O'Leary, en representaci\u00f3n de Airlines for Europe (A4E), la asociaci\u00f3n formada por IAG, Air France-KLM, easyJet, Lufthansa y la aerol\u00ednea irlandesa, ha reclamado la necesidad de reducir las tasas aeroportuarias y eliminar impuestos no razonables al sector para promover su competitividad en un encuentro con eurodiputados para analizar la","og:url":"https:\/\/eldigitaldeasturias.com\/magazine365\/las-cinco-grandes-aerolineas-en-europa-piden-reducir-las-tasas-aeroportuarias\/","og:image":"https:\/\/eldigitaldeasturias.com\/magazine365\/wp-content\/uploads\/2016\/02\/fotonoticia_20160127162247_800.jpg","og:image:secure_url":"https:\/\/eldigitaldeasturias.com\/magazine365\/wp-content\/uploads\/2016\/02\/fotonoticia_20160127162247_800.jpg","og:image:width":800,"og:image:height":1067,"article:published_time":"2016-02-01T01:16:47+00:00","article:modified_time":"2016-02-01T01:16:47+00:00","twitter:card":"summary_large_image","twitter:title":"Las cinco grandes aerol\u00edneas en Europa piden reducir las tasas aeroportuarias | El Digital de Asturias","twitter:description":"El consejero delegado de Ryanair, Michael O'Leary, en representaci\u00f3n de Airlines for Europe (A4E), la asociaci\u00f3n formada por IAG, Air France-KLM, easyJet, Lufthansa y la aerol\u00ednea irlandesa, ha reclamado la necesidad de reducir las tasas aeroportuarias y eliminar impuestos no razonables al sector para promover su competitividad en un encuentro con eurodiputados para analizar la","twitter:image":"https:\/\/eldigitaldeasturias.com\/magazine365\/wp-content\/uploads\/2016\/02\/fotonoticia_20160127162247_800.jpg"},"aioseo_meta_data":{"post_id":"62442","title":null,"description":null,"keywords":null,"keyphrases":null,"primary_term":null,"canonical_url":null,"og_title":null,"og_description":null,"og_object_type":"default","og_image_type":"default","og_image_url":null,"og_image_width":null,"og_image_height":null,"og_image_custom_url":null,"og_image_custom_fields":null,"og_video":null,"og_custom_url":null,"og_article_section":null,"og_article_tags":null,"twitter_use_og":false,"twitter_card":"default","twitter_image_type":"default","twitter_image_url":null,"twitter_image_custom_url":null,"twitter_image_custom_fields":null,"twitter_title":null,"twitter_description":null,"schema":{"blockGraphs":[],"customGraphs":[],"default":{"data":{"Article":[],"Course":[],"Dataset":[],"FAQPage":[],"Movie":[],"Person":[],"Product":[],"ProductReview":[],"Car":[],"Recipe":[],"Service":[],"SoftwareApplication":[],"WebPage":[]},"graphName":"","isEnabled":true},"graphs":[],"defaultGraph":"","defaultPostTypeGraph":""},"schema_type":null,"schema_type_options":null,"pillar_content":false,"robots_default":true,"robots_noindex":false,"robots_noarchive":false,"robots_nosnippet":false,"robots_nofollow":false,"robots_noimageindex":false,"robots_noodp":false,"robots_notranslate":false,"robots_max_snippet":null,"robots_max_videopreview":null,"robots_max_imagepreview":"large","priority":null,"frequency":null,"location":null,"local_seo":null,"seo_analyzer_scan_date":"2025-09-25 11:11:05","breadcrumb_settings":null,"limit_modified_date":false,"open_ai":null,"ai":null,"created":"2021-03-08 21:36:39","updated":"2025-09-25 11:11:05"},"aioseo_breadcrumb":"<div class=\"aioseo-breadcrumbs\"><span class=\"aioseo-breadcrumb\">\n\t<a href=\"https:\/\/eldigitaldeasturias.com\/magazine365\" title=\"Home\">Home<\/a>\n<\/span><span class=\"aioseo-breadcrumb-separator\">\u2013<\/span><span class=\"aioseo-breadcrumb\">\n\t<a href=\"https:\/\/eldigitaldeasturias.com\/magazine365\/category\/noticias-actualidad\/\" title=\"Noticias y Actualidad\">Noticias y Actualidad<\/a>\n<\/span><span class=\"aioseo-breadcrumb-separator\">\u2013<\/span><span class=\"aioseo-breadcrumb\">\n\t<a href=\"https:\/\/eldigitaldeasturias.com\/magazine365\/las-cinco-grandes-aerolineas-en-europa-piden-reducir-las-tasas-aeroportuarias\/\" title=\"Las cinco grandes aerol\u00edneas en Europa piden reducir las tasas aeroportuarias\">Las cinco grandes aerol\u00edneas en Europa piden reducir las tasas aeroportuarias<\/a>\n<\/span><\/div>","aioseo_breadcrumb_json":[{"label":"Home","link":"https:\/\/eldigitaldeasturias.com\/magazine365"},{"label":"Noticias y Actualidad","link":"https:\/\/eldigitaldeasturias.com\/magazine365\/category\/noticias-actualidad\/"},{"label":"Las cinco grandes aerol\u00edneas en Europa piden reducir las tasas aeroportuarias","link":"https:\/\/eldigitaldeasturias.com\/magazine365\/las-cinco-grandes-aerolineas-en-europa-piden-reducir-las-tasas-aeroportuarias\/"}],"_links":{"self":[{"href":"https:\/\/eldigitaldeasturias.com\/magazine365\/wp-json\/wp\/v2\/posts\/62442","targetHints":{"allow":["GET"]}}],"collection":[{"href":"https:\/\/eldigitaldeasturias.com\/magazine365\/wp-json\/wp\/v2\/posts"}],"about":[{"href":"https:\/\/eldigitaldeasturias.com\/magazine365\/wp-json\/wp\/v2\/types\/post"}],"author":[{"embeddable":true,"href":"https:\/\/eldigitaldeasturias.com\/magazine365\/wp-json\/wp\/v2\/users\/1"}],"replies":[{"embeddable":true,"href":"https:\/\/eldigitaldeasturias.com\/magazine365\/wp-json\/wp\/v2\/comments?post=62442"}],"version-history":[{"count":0,"href":"https:\/\/eldigitaldeasturias.com\/magazine365\/wp-json\/wp\/v2\/posts\/62442\/revisions"}],"wp:featuredmedia":[{"embeddable":true,"href":"https:\/\/eldigitaldeasturias.com\/magazine365\/wp-json\/wp\/v2\/media\/62443"}],"wp:attachment":[{"href":"https:\/\/eldigitaldeasturias.com\/magazine365\/wp-json\/wp\/v2\/media?parent=62442"}],"wp:term":[{"taxonomy":"category","embeddable":true,"href":"https:\/\/eldigitaldeasturias.com\/magazine365\/wp-json\/wp\/v2\/categories?post=62442"},{"taxonomy":"post_tag","embeddable":true,"href":"https:\/\/eldigitaldeasturias.com\/magazine365\/wp-json\/wp\/v2\/tags?post=62442"}],"curies":[{"name":"wp","href":"https:\/\/api.w.org\/{rel}","templated":true}]}}