{"id":62427,"date":"2016-02-01T02:10:53","date_gmt":"2016-02-01T01:10:53","guid":{"rendered":"http:\/\/eldigitaldeasturias.com\/magazine365\/?p=62427"},"modified":"2016-02-01T02:10:53","modified_gmt":"2016-02-01T01:10:53","slug":"la-concejala-de-carnaval-de-las-palmas-presenta-a-los-djs-y-bandas-musicales-para-siete-noches-de-fiesta","status":"publish","type":"post","link":"https:\/\/eldigitaldeasturias.com\/magazine365\/la-concejala-de-carnaval-de-las-palmas-presenta-a-los-djs-y-bandas-musicales-para-siete-noches-de-fiesta\/","title":{"rendered":"La concejala de Carnaval de Las Palmas presenta a los DJs y bandas musicales para siete noches de fiesta"},"content":{"rendered":"<p><img fetchpriority=\"high\" decoding=\"async\" class=\"alignleft size-medium wp-image-62428\" src=\"https:\/\/eldigitaldeasturias.com\/magazine365\/wp-content\/uploads\/2016\/02\/fotonoticia_20160127150051_800-360x240.jpg\" alt=\"fotonoticia_20160127150051_800\" width=\"360\" height=\"240\" srcset=\"https:\/\/eldigitaldeasturias.com\/magazine365\/wp-content\/uploads\/2016\/02\/fotonoticia_20160127150051_800-360x240.jpg 360w, https:\/\/eldigitaldeasturias.com\/magazine365\/wp-content\/uploads\/2016\/02\/fotonoticia_20160127150051_800-650x433.jpg 650w, https:\/\/eldigitaldeasturias.com\/magazine365\/wp-content\/uploads\/2016\/02\/fotonoticia_20160127150051_800-768x512.jpg 768w, https:\/\/eldigitaldeasturias.com\/magazine365\/wp-content\/uploads\/2016\/02\/fotonoticia_20160127150051_800-150x100.jpg 150w, https:\/\/eldigitaldeasturias.com\/magazine365\/wp-content\/uploads\/2016\/02\/fotonoticia_20160127150051_800-450x300.jpg 450w, https:\/\/eldigitaldeasturias.com\/magazine365\/wp-content\/uploads\/2016\/02\/fotonoticia_20160127150051_800-696x464.jpg 696w, https:\/\/eldigitaldeasturias.com\/magazine365\/wp-content\/uploads\/2016\/02\/fotonoticia_20160127150051_800-630x420.jpg 630w, https:\/\/eldigitaldeasturias.com\/magazine365\/wp-content\/uploads\/2016\/02\/fotonoticia_20160127150051_800-101x66.jpg 101w, https:\/\/eldigitaldeasturias.com\/magazine365\/wp-content\/uploads\/2016\/02\/fotonoticia_20160127150051_800.jpg 800w\" sizes=\"(max-width: 360px) 100vw, 360px\" \/>La concejala del Carnaval de Las Palmas de Gran Canaria, Inmaculada Medina, present\u00f3 este mi\u00e9rcoles a los DJs y bandas de m\u00fasica que realizar\u00e1n conciertos en las &#8216;Siete noches de Carnaval&#8217;, y que tendr\u00e1n lugar los d\u00edas 5, 6, 8, 12, 13, 19 y 20 de febrero.<\/p>\n<p>As\u00ed destac\u00f3, en rueda de prensa, que \u00abtodos los m\u00fasicos\u00bb son parte de los \u00abgrandes\u00bb m\u00fasicos que tiene Canarias porque, dijo, es \u00abimposible\u00bb hablar de la fiesta \u00abm\u00e1s importante\u00bb y que \u00abellos no sean la parte importante de la misma\u00bb.<\/p>\n<p>Adem\u00e1s, record\u00f3 que \u00abno va a haber motivo\u00bb para que nadie se acerque, ya que alrededor de los 20 grupos que habr\u00e1 ofrecer\u00e1n m\u00fasica de todo tipo y para todos los gustos.<\/p>\n<p>En relaci\u00f3n a ello, Medina destac\u00f3 que la fiesta se plantea con \u00abla gana de un nuevo carnaval\u00bb y que \u00ablo que hay que hacer es poner nuevas f\u00f3rmulas\u00bb que \u00abmotiven\u00bb para que la gente vaya al encuentro y \u00abquieran vivirlo\u00bb, pero record\u00f3 que no se puede hacer \u00abel Carnaval de Canarias al margen de los canarios\u00bb.<\/p>\n<p>NO SUPERAR LOS 60 DECIBELIOS<\/p>\n<p>Por otra parte, la concejala afirm\u00f3 que hay que \u00abrespetar\u00bb el acuerdo que firm\u00f3 Cardona, quien &#8211;dijo&#8211; suscribi\u00f3 \u00abal margen de los t\u00e9cnicos\u00bb un convenio por el que no se pueden sobrepasar los 60 decibelios (dB) permitidos.<\/p>\n<p>Asimismo, puso de manifiesto que \u00abno poder superar\u00bb esa cantidad de dB es \u00abmarcar y colocar\u00bb unos reguladores de sonido pero que los artistas \u00abvan a entender\u00bb que la m\u00fasica \u00abno puede estar muy alta\u00bb.<\/p>\n<p>Sin embargo, \u00ablo importante\u00bb &#8211;dijo&#8211; de este acuerdo es que se puedan tener noches de ocio, de carnaval y si no se tendr\u00eda que haber trasladado \u00abal guant\u00e1namo\u00bb que se mont\u00f3 en El Rinc\u00f3n, \u00aby para eso mejor no celebrar Carnaval\u00bb, a\u00f1adi\u00f3.<\/p>\n<p>Por otro lado, quiso recordar que los vecinos han sido \u00abgenerosos\u00bb y \u00abhan entendido\u00bb que la fiesta de carnaval es \u00abla m\u00e1s importante de la ciudad\u00bb. \u00abNo solamente genera gastos para el ayuntamiento, sino que genera inversi\u00f3n, riqueza, econom\u00eda, puestos de trabajo y, sobre todo, que mucha gente vive tambi\u00e9n de estos d\u00edas de Carnaval. Eso es lo que han entendido y por eso han optado en que cumpliendo con ese acuerdo &#8216;in extremis&#8217; que firm\u00f3 el PP vamos a tener noches de carnaval\u00bb<\/p>\n<p>POL\u00c9MICA CON LOS CHIRIGINGUEIS<\/p>\n<p>Respecto a la pol\u00e9mica generada en torno a los chiringueis, Medina dijo que \u00abno ha tenido pol\u00e9mica\u00bb con los mismos y que ha habido una \u00abconfusi\u00f3n\u00bb, que ha sido un \u00aberror suyo\u00bb, ya que \u00abno llam\u00f3 al colectivo Gam\u00e1 para decirles que la zona LGTB no va a desaparecer\u00bb.<\/p>\n<p>Adem\u00e1s, se\u00f1al\u00f3 que ser\u00eda \u00ababsurdo\u00bb ese supuesto, ya que \u00abse est\u00e1 hablando\u00bb de \u00abla fiesta de la diversidad\u00bb, de la \u00abintegraci\u00f3n\u00bb, de la \u00abigualdad\u00bb, y \u00abno se pueden quitar\u00bb los espacios dirigidos a los colectivos LGTB.<\/p>\n<p>\u00abLo que pasa es que los chiringueis no est\u00e1n aqu\u00ed, se fueron a partir del 2013 a la terraza Tao y quieren seguir estando all\u00ed, pero en el Parque de Santa Catalina, con la nueva estructura y el nuevo escenario, van a estar los colectivos LGTB compartiendo barras y espacios con otros colectivos y con otros locales de ocio de ambiente y con cualquier tipo de profesional que se quiera poner ah\u00ed, lo mismo que con los estudiantes\u00bb, a\u00f1adi\u00f3.<\/p>\n<p>Finalmente, reiter\u00f3 que ha sido un \u00aberror suyo\u00bb no llamarlos y que \u00abno es culpa de ellos\u00bb pero que es \u00abimposible\u00bb que despareciera la zona LGTB, apostill\u00f3 la concejala al declararse \u00abmuy pro gay\u00bb.<\/p>\n","protected":false},"excerpt":{"rendered":"<p>La concejala del Carnaval de Las Palmas de Gran Canaria, Inmaculada Medina, present\u00f3 este mi\u00e9rcoles a los DJs y bandas de m\u00fasica que realizar\u00e1n conciertos en las &#8216;Siete noches de Carnaval&#8217;, y que tendr\u00e1n lugar los d\u00edas 5, 6, 8, 12, 13, 19 y 20 de febrero. As\u00ed destac\u00f3, en rueda de prensa, que \u00abtodos<\/p>\n","protected":false},"author":1,"featured_media":62428,"comment_status":"open","ping_status":"closed","sticky":false,"template":"","format":"standard","meta":{"footnotes":""},"categories":[224],"tags":[],"class_list":{"0":"post-62427","1":"post","2":"type-post","3":"status-publish","4":"format-standard","5":"has-post-thumbnail","7":"category-noticias-actualidad"},"aioseo_notices":[],"aioseo_head":"\n\t\t<!-- All in One SEO Pro 4.9.6.1 - aioseo.com -->\n\t<meta name=\"description\" content=\"La concejala del Carnaval de Las Palmas de Gran Canaria, Inmaculada Medina, present\u00f3 este mi\u00e9rcoles a los DJs y bandas de m\u00fasica que realizar\u00e1n conciertos en las &#039;Siete noches de Carnaval&#039;, y que tendr\u00e1n lugar los d\u00edas 5, 6, 8, 12, 13, 19 y 20 de febrero. As\u00ed destac\u00f3, en rueda de prensa, que &quot;todos\" \/>\n\t<meta name=\"robots\" content=\"max-image-preview:large\" \/>\n\t<meta name=\"author\" content=\"admin\"\/>\n\t<meta name=\"google-site-verification\" content=\"UA-38556648-1\" \/>\n\t<meta name=\"keywords\" content=\"noticias y actualidad\" \/>\n\t<link rel=\"canonical\" href=\"https:\/\/eldigitaldeasturias.com\/magazine365\/la-concejala-de-carnaval-de-las-palmas-presenta-a-los-djs-y-bandas-musicales-para-siete-noches-de-fiesta\/\" \/>\n\t<meta name=\"generator\" content=\"All in One SEO Pro (AIOSEO) 4.9.6.1\" \/>\n\t\t<meta property=\"og:locale\" content=\"es_ES\" \/>\n\t\t<meta property=\"og:site_name\" content=\"El Digital de Asturias \u2013 Revista de ocio, turismo y estilo de vida\" \/>\n\t\t<meta property=\"og:type\" content=\"article\" \/>\n\t\t<meta property=\"og:title\" content=\"La concejala de Carnaval de Las Palmas presenta a los DJs y bandas musicales para siete noches de fiesta | El Digital de Asturias\" \/>\n\t\t<meta property=\"og:description\" content=\"La concejala del Carnaval de Las Palmas de Gran Canaria, Inmaculada Medina, present\u00f3 este mi\u00e9rcoles a los DJs y bandas de m\u00fasica que realizar\u00e1n conciertos en las &#039;Siete noches de Carnaval&#039;, y que tendr\u00e1n lugar los d\u00edas 5, 6, 8, 12, 13, 19 y 20 de febrero. As\u00ed destac\u00f3, en rueda de prensa, que &quot;todos\" \/>\n\t\t<meta property=\"og:url\" content=\"https:\/\/eldigitaldeasturias.com\/magazine365\/la-concejala-de-carnaval-de-las-palmas-presenta-a-los-djs-y-bandas-musicales-para-siete-noches-de-fiesta\/\" \/>\n\t\t<meta property=\"og:image\" content=\"https:\/\/eldigitaldeasturias.com\/magazine365\/wp-content\/uploads\/2016\/02\/fotonoticia_20160127150051_800.jpg\" \/>\n\t\t<meta property=\"og:image:secure_url\" content=\"https:\/\/eldigitaldeasturias.com\/magazine365\/wp-content\/uploads\/2016\/02\/fotonoticia_20160127150051_800.jpg\" \/>\n\t\t<meta property=\"og:image:width\" content=\"800\" \/>\n\t\t<meta property=\"og:image:height\" content=\"533\" \/>\n\t\t<meta property=\"article:published_time\" content=\"2016-02-01T01:10:53+00:00\" \/>\n\t\t<meta property=\"article:modified_time\" content=\"2016-02-01T01:10:53+00:00\" \/>\n\t\t<meta name=\"twitter:card\" content=\"summary_large_image\" \/>\n\t\t<meta name=\"twitter:title\" content=\"La concejala de Carnaval de Las Palmas presenta a los DJs y bandas musicales para siete noches de fiesta | El Digital de Asturias\" \/>\n\t\t<meta name=\"twitter:description\" content=\"La concejala del Carnaval de Las Palmas de Gran Canaria, Inmaculada Medina, present\u00f3 este mi\u00e9rcoles a los DJs y bandas de m\u00fasica que realizar\u00e1n conciertos en las &#039;Siete noches de Carnaval&#039;, y que tendr\u00e1n lugar los d\u00edas 5, 6, 8, 12, 13, 19 y 20 de febrero. As\u00ed destac\u00f3, en rueda de prensa, que &quot;todos\" \/>\n\t\t<meta name=\"twitter:image\" content=\"https:\/\/eldigitaldeasturias.com\/magazine365\/wp-content\/uploads\/2016\/02\/fotonoticia_20160127150051_800.jpg\" \/>\n\t\t<script type=\"application\/ld+json\" class=\"aioseo-schema\">\n\t\t\t{\"@context\":\"https:\\\/\\\/schema.org\",\"@graph\":[{\"@type\":\"Article\",\"@id\":\"https:\\\/\\\/eldigitaldeasturias.com\\\/magazine365\\\/la-concejala-de-carnaval-de-las-palmas-presenta-a-los-djs-y-bandas-musicales-para-siete-noches-de-fiesta\\\/#article\",\"name\":\"La concejala de Carnaval de Las Palmas presenta a los DJs y bandas musicales para siete noches de fiesta | El Digital de Asturias\",\"headline\":\"La concejala de Carnaval de Las Palmas presenta a los DJs y bandas musicales para siete noches de fiesta\",\"author\":{\"@id\":\"https:\\\/\\\/eldigitaldeasturias.com\\\/magazine365\\\/author\\\/admin\\\/#author\"},\"publisher\":{\"@id\":\"https:\\\/\\\/eldigitaldeasturias.com\\\/magazine365\\\/#organization\"},\"image\":{\"@type\":\"ImageObject\",\"url\":\"https:\\\/\\\/eldigitaldeasturias.com\\\/magazine365\\\/wp-content\\\/uploads\\\/2016\\\/02\\\/fotonoticia_20160127150051_800.jpg\",\"width\":800,\"height\":533},\"datePublished\":\"2016-02-01T02:10:53+01:00\",\"dateModified\":\"2016-02-01T02:10:53+01:00\",\"inLanguage\":\"es-ES\",\"mainEntityOfPage\":{\"@id\":\"https:\\\/\\\/eldigitaldeasturias.com\\\/magazine365\\\/la-concejala-de-carnaval-de-las-palmas-presenta-a-los-djs-y-bandas-musicales-para-siete-noches-de-fiesta\\\/#webpage\"},\"isPartOf\":{\"@id\":\"https:\\\/\\\/eldigitaldeasturias.com\\\/magazine365\\\/la-concejala-de-carnaval-de-las-palmas-presenta-a-los-djs-y-bandas-musicales-para-siete-noches-de-fiesta\\\/#webpage\"},\"articleSection\":\"Noticias y Actualidad\"},{\"@type\":\"BreadcrumbList\",\"@id\":\"https:\\\/\\\/eldigitaldeasturias.com\\\/magazine365\\\/la-concejala-de-carnaval-de-las-palmas-presenta-a-los-djs-y-bandas-musicales-para-siete-noches-de-fiesta\\\/#breadcrumblist\",\"itemListElement\":[{\"@type\":\"ListItem\",\"@id\":\"https:\\\/\\\/eldigitaldeasturias.com\\\/magazine365#listItem\",\"position\":1,\"name\":\"Home\",\"item\":\"https:\\\/\\\/eldigitaldeasturias.com\\\/magazine365\",\"nextItem\":{\"@type\":\"ListItem\",\"@id\":\"https:\\\/\\\/eldigitaldeasturias.com\\\/magazine365\\\/category\\\/noticias-actualidad\\\/#listItem\",\"name\":\"Noticias y Actualidad\"}},{\"@type\":\"ListItem\",\"@id\":\"https:\\\/\\\/eldigitaldeasturias.com\\\/magazine365\\\/category\\\/noticias-actualidad\\\/#listItem\",\"position\":2,\"name\":\"Noticias y Actualidad\",\"item\":\"https:\\\/\\\/eldigitaldeasturias.com\\\/magazine365\\\/category\\\/noticias-actualidad\\\/\",\"nextItem\":{\"@type\":\"ListItem\",\"@id\":\"https:\\\/\\\/eldigitaldeasturias.com\\\/magazine365\\\/la-concejala-de-carnaval-de-las-palmas-presenta-a-los-djs-y-bandas-musicales-para-siete-noches-de-fiesta\\\/#listItem\",\"name\":\"La concejala de Carnaval de Las Palmas presenta a los DJs y bandas musicales para siete noches de fiesta\"},\"previousItem\":{\"@type\":\"ListItem\",\"@id\":\"https:\\\/\\\/eldigitaldeasturias.com\\\/magazine365#listItem\",\"name\":\"Home\"}},{\"@type\":\"ListItem\",\"@id\":\"https:\\\/\\\/eldigitaldeasturias.com\\\/magazine365\\\/la-concejala-de-carnaval-de-las-palmas-presenta-a-los-djs-y-bandas-musicales-para-siete-noches-de-fiesta\\\/#listItem\",\"position\":3,\"name\":\"La concejala de Carnaval de Las Palmas presenta a los DJs y bandas musicales para siete noches de fiesta\",\"previousItem\":{\"@type\":\"ListItem\",\"@id\":\"https:\\\/\\\/eldigitaldeasturias.com\\\/magazine365\\\/category\\\/noticias-actualidad\\\/#listItem\",\"name\":\"Noticias y Actualidad\"}}]},{\"@type\":\"Organization\",\"@id\":\"https:\\\/\\\/eldigitaldeasturias.com\\\/magazine365\\\/#organization\",\"name\":\"El digital de Asturias\",\"description\":\"Revista de ocio, turismo y estilo de vida\",\"url\":\"https:\\\/\\\/eldigitaldeasturias.com\\\/magazine365\\\/\",\"logo\":{\"@type\":\"ImageObject\",\"url\":\"https:\\\/\\\/www.eldigitaldeasturias.com\\\/noticias\\\/wp-content\\\/uploads\\\/2020\\\/12\\\/EDA.jpg\",\"@id\":\"https:\\\/\\\/eldigitaldeasturias.com\\\/magazine365\\\/la-concejala-de-carnaval-de-las-palmas-presenta-a-los-djs-y-bandas-musicales-para-siete-noches-de-fiesta\\\/#organizationLogo\"},\"image\":{\"@id\":\"https:\\\/\\\/eldigitaldeasturias.com\\\/magazine365\\\/la-concejala-de-carnaval-de-las-palmas-presenta-a-los-djs-y-bandas-musicales-para-siete-noches-de-fiesta\\\/#organizationLogo\"}},{\"@type\":\"Person\",\"@id\":\"https:\\\/\\\/eldigitaldeasturias.com\\\/magazine365\\\/author\\\/admin\\\/#author\",\"url\":\"https:\\\/\\\/eldigitaldeasturias.com\\\/magazine365\\\/author\\\/admin\\\/\",\"name\":\"admin\",\"image\":{\"@type\":\"ImageObject\",\"@id\":\"https:\\\/\\\/eldigitaldeasturias.com\\\/magazine365\\\/la-concejala-de-carnaval-de-las-palmas-presenta-a-los-djs-y-bandas-musicales-para-siete-noches-de-fiesta\\\/#authorImage\",\"url\":\"https:\\\/\\\/eldigitaldeasturias.com\\\/magazine365\\\/wp-content\\\/litespeed\\\/avatar\\\/e571bcf59a0edd6fa6838245a470f2fe.jpg?ver=1776969259\",\"width\":96,\"height\":96,\"caption\":\"admin\"}},{\"@type\":\"WebPage\",\"@id\":\"https:\\\/\\\/eldigitaldeasturias.com\\\/magazine365\\\/la-concejala-de-carnaval-de-las-palmas-presenta-a-los-djs-y-bandas-musicales-para-siete-noches-de-fiesta\\\/#webpage\",\"url\":\"https:\\\/\\\/eldigitaldeasturias.com\\\/magazine365\\\/la-concejala-de-carnaval-de-las-palmas-presenta-a-los-djs-y-bandas-musicales-para-siete-noches-de-fiesta\\\/\",\"name\":\"La concejala de Carnaval de Las Palmas presenta a los DJs y bandas musicales para siete noches de fiesta | El Digital de Asturias\",\"description\":\"La concejala del Carnaval de Las Palmas de Gran Canaria, Inmaculada Medina, present\\u00f3 este mi\\u00e9rcoles a los DJs y bandas de m\\u00fasica que realizar\\u00e1n conciertos en las 'Siete noches de Carnaval', y que tendr\\u00e1n lugar los d\\u00edas 5, 6, 8, 12, 13, 19 y 20 de febrero. As\\u00ed destac\\u00f3, en rueda de prensa, que \\\"todos\",\"inLanguage\":\"es-ES\",\"isPartOf\":{\"@id\":\"https:\\\/\\\/eldigitaldeasturias.com\\\/magazine365\\\/#website\"},\"breadcrumb\":{\"@id\":\"https:\\\/\\\/eldigitaldeasturias.com\\\/magazine365\\\/la-concejala-de-carnaval-de-las-palmas-presenta-a-los-djs-y-bandas-musicales-para-siete-noches-de-fiesta\\\/#breadcrumblist\"},\"author\":{\"@id\":\"https:\\\/\\\/eldigitaldeasturias.com\\\/magazine365\\\/author\\\/admin\\\/#author\"},\"creator\":{\"@id\":\"https:\\\/\\\/eldigitaldeasturias.com\\\/magazine365\\\/author\\\/admin\\\/#author\"},\"image\":{\"@type\":\"ImageObject\",\"url\":\"https:\\\/\\\/eldigitaldeasturias.com\\\/magazine365\\\/wp-content\\\/uploads\\\/2016\\\/02\\\/fotonoticia_20160127150051_800.jpg\",\"@id\":\"https:\\\/\\\/eldigitaldeasturias.com\\\/magazine365\\\/la-concejala-de-carnaval-de-las-palmas-presenta-a-los-djs-y-bandas-musicales-para-siete-noches-de-fiesta\\\/#mainImage\",\"width\":800,\"height\":533},\"primaryImageOfPage\":{\"@id\":\"https:\\\/\\\/eldigitaldeasturias.com\\\/magazine365\\\/la-concejala-de-carnaval-de-las-palmas-presenta-a-los-djs-y-bandas-musicales-para-siete-noches-de-fiesta\\\/#mainImage\"},\"datePublished\":\"2016-02-01T02:10:53+01:00\",\"dateModified\":\"2016-02-01T02:10:53+01:00\"},{\"@type\":\"WebSite\",\"@id\":\"https:\\\/\\\/eldigitaldeasturias.com\\\/magazine365\\\/#website\",\"url\":\"https:\\\/\\\/eldigitaldeasturias.com\\\/magazine365\\\/\",\"name\":\"El Digital de Asturias\",\"description\":\"Revista de ocio, turismo y estilo de vida\",\"inLanguage\":\"es-ES\",\"publisher\":{\"@id\":\"https:\\\/\\\/eldigitaldeasturias.com\\\/magazine365\\\/#organization\"}}]}\n\t\t<\/script>\n\t\t<!-- All in One SEO Pro -->\r\n\t\t<title>La concejala de Carnaval de Las Palmas presenta a los DJs y bandas musicales para siete noches de fiesta | El Digital de Asturias<\/title>\n\n","aioseo_head_json":{"title":"La concejala de Carnaval de Las Palmas presenta a los DJs y bandas musicales para siete noches de fiesta | El Digital de Asturias","description":"La concejala del Carnaval de Las Palmas de Gran Canaria, Inmaculada Medina, present\u00f3 este mi\u00e9rcoles a los DJs y bandas de m\u00fasica que realizar\u00e1n conciertos en las 'Siete noches de Carnaval', y que tendr\u00e1n lugar los d\u00edas 5, 6, 8, 12, 13, 19 y 20 de febrero. As\u00ed destac\u00f3, en rueda de prensa, que \"todos","canonical_url":"https:\/\/eldigitaldeasturias.com\/magazine365\/la-concejala-de-carnaval-de-las-palmas-presenta-a-los-djs-y-bandas-musicales-para-siete-noches-de-fiesta\/","robots":"max-image-preview:large","keywords":"noticias y actualidad","webmasterTools":{"google-site-verification":"UA-38556648-1","miscellaneous":""},"schema":{"@context":"https:\/\/schema.org","@graph":[{"@type":"Article","@id":"https:\/\/eldigitaldeasturias.com\/magazine365\/la-concejala-de-carnaval-de-las-palmas-presenta-a-los-djs-y-bandas-musicales-para-siete-noches-de-fiesta\/#article","name":"La concejala de Carnaval de Las Palmas presenta a los DJs y bandas musicales para siete noches de fiesta | El Digital de Asturias","headline":"La concejala de Carnaval de Las Palmas presenta a los DJs y bandas musicales para siete noches de fiesta","author":{"@id":"https:\/\/eldigitaldeasturias.com\/magazine365\/author\/admin\/#author"},"publisher":{"@id":"https:\/\/eldigitaldeasturias.com\/magazine365\/#organization"},"image":{"@type":"ImageObject","url":"https:\/\/eldigitaldeasturias.com\/magazine365\/wp-content\/uploads\/2016\/02\/fotonoticia_20160127150051_800.jpg","width":800,"height":533},"datePublished":"2016-02-01T02:10:53+01:00","dateModified":"2016-02-01T02:10:53+01:00","inLanguage":"es-ES","mainEntityOfPage":{"@id":"https:\/\/eldigitaldeasturias.com\/magazine365\/la-concejala-de-carnaval-de-las-palmas-presenta-a-los-djs-y-bandas-musicales-para-siete-noches-de-fiesta\/#webpage"},"isPartOf":{"@id":"https:\/\/eldigitaldeasturias.com\/magazine365\/la-concejala-de-carnaval-de-las-palmas-presenta-a-los-djs-y-bandas-musicales-para-siete-noches-de-fiesta\/#webpage"},"articleSection":"Noticias y Actualidad"},{"@type":"BreadcrumbList","@id":"https:\/\/eldigitaldeasturias.com\/magazine365\/la-concejala-de-carnaval-de-las-palmas-presenta-a-los-djs-y-bandas-musicales-para-siete-noches-de-fiesta\/#breadcrumblist","itemListElement":[{"@type":"ListItem","@id":"https:\/\/eldigitaldeasturias.com\/magazine365#listItem","position":1,"name":"Home","item":"https:\/\/eldigitaldeasturias.com\/magazine365","nextItem":{"@type":"ListItem","@id":"https:\/\/eldigitaldeasturias.com\/magazine365\/category\/noticias-actualidad\/#listItem","name":"Noticias y Actualidad"}},{"@type":"ListItem","@id":"https:\/\/eldigitaldeasturias.com\/magazine365\/category\/noticias-actualidad\/#listItem","position":2,"name":"Noticias y Actualidad","item":"https:\/\/eldigitaldeasturias.com\/magazine365\/category\/noticias-actualidad\/","nextItem":{"@type":"ListItem","@id":"https:\/\/eldigitaldeasturias.com\/magazine365\/la-concejala-de-carnaval-de-las-palmas-presenta-a-los-djs-y-bandas-musicales-para-siete-noches-de-fiesta\/#listItem","name":"La concejala de Carnaval de Las Palmas presenta a los DJs y bandas musicales para siete noches de fiesta"},"previousItem":{"@type":"ListItem","@id":"https:\/\/eldigitaldeasturias.com\/magazine365#listItem","name":"Home"}},{"@type":"ListItem","@id":"https:\/\/eldigitaldeasturias.com\/magazine365\/la-concejala-de-carnaval-de-las-palmas-presenta-a-los-djs-y-bandas-musicales-para-siete-noches-de-fiesta\/#listItem","position":3,"name":"La concejala de Carnaval de Las Palmas presenta a los DJs y bandas musicales para siete noches de fiesta","previousItem":{"@type":"ListItem","@id":"https:\/\/eldigitaldeasturias.com\/magazine365\/category\/noticias-actualidad\/#listItem","name":"Noticias y Actualidad"}}]},{"@type":"Organization","@id":"https:\/\/eldigitaldeasturias.com\/magazine365\/#organization","name":"El digital de Asturias","description":"Revista de ocio, turismo y estilo de vida","url":"https:\/\/eldigitaldeasturias.com\/magazine365\/","logo":{"@type":"ImageObject","url":"https:\/\/www.eldigitaldeasturias.com\/noticias\/wp-content\/uploads\/2020\/12\/EDA.jpg","@id":"https:\/\/eldigitaldeasturias.com\/magazine365\/la-concejala-de-carnaval-de-las-palmas-presenta-a-los-djs-y-bandas-musicales-para-siete-noches-de-fiesta\/#organizationLogo"},"image":{"@id":"https:\/\/eldigitaldeasturias.com\/magazine365\/la-concejala-de-carnaval-de-las-palmas-presenta-a-los-djs-y-bandas-musicales-para-siete-noches-de-fiesta\/#organizationLogo"}},{"@type":"Person","@id":"https:\/\/eldigitaldeasturias.com\/magazine365\/author\/admin\/#author","url":"https:\/\/eldigitaldeasturias.com\/magazine365\/author\/admin\/","name":"admin","image":{"@type":"ImageObject","@id":"https:\/\/eldigitaldeasturias.com\/magazine365\/la-concejala-de-carnaval-de-las-palmas-presenta-a-los-djs-y-bandas-musicales-para-siete-noches-de-fiesta\/#authorImage","url":"https:\/\/eldigitaldeasturias.com\/magazine365\/wp-content\/litespeed\/avatar\/e571bcf59a0edd6fa6838245a470f2fe.jpg?ver=1776969259","width":96,"height":96,"caption":"admin"}},{"@type":"WebPage","@id":"https:\/\/eldigitaldeasturias.com\/magazine365\/la-concejala-de-carnaval-de-las-palmas-presenta-a-los-djs-y-bandas-musicales-para-siete-noches-de-fiesta\/#webpage","url":"https:\/\/eldigitaldeasturias.com\/magazine365\/la-concejala-de-carnaval-de-las-palmas-presenta-a-los-djs-y-bandas-musicales-para-siete-noches-de-fiesta\/","name":"La concejala de Carnaval de Las Palmas presenta a los DJs y bandas musicales para siete noches de fiesta | El Digital de Asturias","description":"La concejala del Carnaval de Las Palmas de Gran Canaria, Inmaculada Medina, present\u00f3 este mi\u00e9rcoles a los DJs y bandas de m\u00fasica que realizar\u00e1n conciertos en las 'Siete noches de Carnaval', y que tendr\u00e1n lugar los d\u00edas 5, 6, 8, 12, 13, 19 y 20 de febrero. As\u00ed destac\u00f3, en rueda de prensa, que \"todos","inLanguage":"es-ES","isPartOf":{"@id":"https:\/\/eldigitaldeasturias.com\/magazine365\/#website"},"breadcrumb":{"@id":"https:\/\/eldigitaldeasturias.com\/magazine365\/la-concejala-de-carnaval-de-las-palmas-presenta-a-los-djs-y-bandas-musicales-para-siete-noches-de-fiesta\/#breadcrumblist"},"author":{"@id":"https:\/\/eldigitaldeasturias.com\/magazine365\/author\/admin\/#author"},"creator":{"@id":"https:\/\/eldigitaldeasturias.com\/magazine365\/author\/admin\/#author"},"image":{"@type":"ImageObject","url":"https:\/\/eldigitaldeasturias.com\/magazine365\/wp-content\/uploads\/2016\/02\/fotonoticia_20160127150051_800.jpg","@id":"https:\/\/eldigitaldeasturias.com\/magazine365\/la-concejala-de-carnaval-de-las-palmas-presenta-a-los-djs-y-bandas-musicales-para-siete-noches-de-fiesta\/#mainImage","width":800,"height":533},"primaryImageOfPage":{"@id":"https:\/\/eldigitaldeasturias.com\/magazine365\/la-concejala-de-carnaval-de-las-palmas-presenta-a-los-djs-y-bandas-musicales-para-siete-noches-de-fiesta\/#mainImage"},"datePublished":"2016-02-01T02:10:53+01:00","dateModified":"2016-02-01T02:10:53+01:00"},{"@type":"WebSite","@id":"https:\/\/eldigitaldeasturias.com\/magazine365\/#website","url":"https:\/\/eldigitaldeasturias.com\/magazine365\/","name":"El Digital de Asturias","description":"Revista de ocio, turismo y estilo de vida","inLanguage":"es-ES","publisher":{"@id":"https:\/\/eldigitaldeasturias.com\/magazine365\/#organization"}}]},"og:locale":"es_ES","og:site_name":"El Digital de Asturias \u2013 Revista de ocio, turismo y estilo de vida","og:type":"article","og:title":"La concejala de Carnaval de Las Palmas presenta a los DJs y bandas musicales para siete noches de fiesta | El Digital de Asturias","og:description":"La concejala del Carnaval de Las Palmas de Gran Canaria, Inmaculada Medina, present\u00f3 este mi\u00e9rcoles a los DJs y bandas de m\u00fasica que realizar\u00e1n conciertos en las 'Siete noches de Carnaval', y que tendr\u00e1n lugar los d\u00edas 5, 6, 8, 12, 13, 19 y 20 de febrero. As\u00ed destac\u00f3, en rueda de prensa, que &quot;todos","og:url":"https:\/\/eldigitaldeasturias.com\/magazine365\/la-concejala-de-carnaval-de-las-palmas-presenta-a-los-djs-y-bandas-musicales-para-siete-noches-de-fiesta\/","og:image":"https:\/\/eldigitaldeasturias.com\/magazine365\/wp-content\/uploads\/2016\/02\/fotonoticia_20160127150051_800.jpg","og:image:secure_url":"https:\/\/eldigitaldeasturias.com\/magazine365\/wp-content\/uploads\/2016\/02\/fotonoticia_20160127150051_800.jpg","og:image:width":800,"og:image:height":533,"article:published_time":"2016-02-01T01:10:53+00:00","article:modified_time":"2016-02-01T01:10:53+00:00","twitter:card":"summary_large_image","twitter:title":"La concejala de Carnaval de Las Palmas presenta a los DJs y bandas musicales para siete noches de fiesta | El Digital de Asturias","twitter:description":"La concejala del Carnaval de Las Palmas de Gran Canaria, Inmaculada Medina, present\u00f3 este mi\u00e9rcoles a los DJs y bandas de m\u00fasica que realizar\u00e1n conciertos en las 'Siete noches de Carnaval', y que tendr\u00e1n lugar los d\u00edas 5, 6, 8, 12, 13, 19 y 20 de febrero. As\u00ed destac\u00f3, en rueda de prensa, que &quot;todos","twitter:image":"https:\/\/eldigitaldeasturias.com\/magazine365\/wp-content\/uploads\/2016\/02\/fotonoticia_20160127150051_800.jpg"},"aioseo_meta_data":{"post_id":"62427","title":null,"description":null,"keywords":null,"keyphrases":null,"primary_term":null,"canonical_url":null,"og_title":null,"og_description":null,"og_object_type":"default","og_image_type":"default","og_image_url":null,"og_image_width":null,"og_image_height":null,"og_image_custom_url":null,"og_image_custom_fields":null,"og_video":null,"og_custom_url":null,"og_article_section":null,"og_article_tags":null,"twitter_use_og":false,"twitter_card":"default","twitter_image_type":"default","twitter_image_url":null,"twitter_image_custom_url":null,"twitter_image_custom_fields":null,"twitter_title":null,"twitter_description":null,"schema":{"blockGraphs":[],"customGraphs":[],"default":{"data":{"Article":[],"Course":[],"Dataset":[],"FAQPage":[],"Movie":[],"Person":[],"Product":[],"ProductReview":[],"Car":[],"Recipe":[],"Service":[],"SoftwareApplication":[],"WebPage":[]},"graphName":"","isEnabled":true},"graphs":[],"defaultGraph":"","defaultPostTypeGraph":""},"schema_type":null,"schema_type_options":null,"pillar_content":false,"robots_default":true,"robots_noindex":false,"robots_noarchive":false,"robots_nosnippet":false,"robots_nofollow":false,"robots_noimageindex":false,"robots_noodp":false,"robots_notranslate":false,"robots_max_snippet":null,"robots_max_videopreview":null,"robots_max_imagepreview":"large","priority":null,"frequency":null,"location":null,"local_seo":null,"seo_analyzer_scan_date":"2025-09-25 11:09:00","breadcrumb_settings":null,"limit_modified_date":false,"open_ai":null,"ai":null,"created":"2021-03-08 21:36:39","updated":"2025-09-25 11:09:00"},"aioseo_breadcrumb":"<div class=\"aioseo-breadcrumbs\"><span class=\"aioseo-breadcrumb\">\n\t<a href=\"https:\/\/eldigitaldeasturias.com\/magazine365\" title=\"Home\">Home<\/a>\n<\/span><span class=\"aioseo-breadcrumb-separator\">\u2013<\/span><span class=\"aioseo-breadcrumb\">\n\t<a href=\"https:\/\/eldigitaldeasturias.com\/magazine365\/category\/noticias-actualidad\/\" title=\"Noticias y Actualidad\">Noticias y Actualidad<\/a>\n<\/span><span class=\"aioseo-breadcrumb-separator\">\u2013<\/span><span class=\"aioseo-breadcrumb\">\n\t<a href=\"https:\/\/eldigitaldeasturias.com\/magazine365\/la-concejala-de-carnaval-de-las-palmas-presenta-a-los-djs-y-bandas-musicales-para-siete-noches-de-fiesta\/\" title=\"La concejala de Carnaval de Las Palmas presenta a los DJs y bandas musicales para siete noches de fiesta\">La concejala de Carnaval de Las Palmas presenta a los DJs y bandas musicales para siete noches de fiesta<\/a>\n<\/span><\/div>","aioseo_breadcrumb_json":[{"label":"Home","link":"https:\/\/eldigitaldeasturias.com\/magazine365"},{"label":"Noticias y Actualidad","link":"https:\/\/eldigitaldeasturias.com\/magazine365\/category\/noticias-actualidad\/"},{"label":"La concejala de Carnaval de Las Palmas presenta a los DJs y bandas musicales para siete noches de fiesta","link":"https:\/\/eldigitaldeasturias.com\/magazine365\/la-concejala-de-carnaval-de-las-palmas-presenta-a-los-djs-y-bandas-musicales-para-siete-noches-de-fiesta\/"}],"_links":{"self":[{"href":"https:\/\/eldigitaldeasturias.com\/magazine365\/wp-json\/wp\/v2\/posts\/62427","targetHints":{"allow":["GET"]}}],"collection":[{"href":"https:\/\/eldigitaldeasturias.com\/magazine365\/wp-json\/wp\/v2\/posts"}],"about":[{"href":"https:\/\/eldigitaldeasturias.com\/magazine365\/wp-json\/wp\/v2\/types\/post"}],"author":[{"embeddable":true,"href":"https:\/\/eldigitaldeasturias.com\/magazine365\/wp-json\/wp\/v2\/users\/1"}],"replies":[{"embeddable":true,"href":"https:\/\/eldigitaldeasturias.com\/magazine365\/wp-json\/wp\/v2\/comments?post=62427"}],"version-history":[{"count":0,"href":"https:\/\/eldigitaldeasturias.com\/magazine365\/wp-json\/wp\/v2\/posts\/62427\/revisions"}],"wp:featuredmedia":[{"embeddable":true,"href":"https:\/\/eldigitaldeasturias.com\/magazine365\/wp-json\/wp\/v2\/media\/62428"}],"wp:attachment":[{"href":"https:\/\/eldigitaldeasturias.com\/magazine365\/wp-json\/wp\/v2\/media?parent=62427"}],"wp:term":[{"taxonomy":"category","embeddable":true,"href":"https:\/\/eldigitaldeasturias.com\/magazine365\/wp-json\/wp\/v2\/categories?post=62427"},{"taxonomy":"post_tag","embeddable":true,"href":"https:\/\/eldigitaldeasturias.com\/magazine365\/wp-json\/wp\/v2\/tags?post=62427"}],"curies":[{"name":"wp","href":"https:\/\/api.w.org\/{rel}","templated":true}]}}