{"id":62424,"date":"2016-02-01T02:09:59","date_gmt":"2016-02-01T01:09:59","guid":{"rendered":"http:\/\/eldigitaldeasturias.com\/magazine365\/?p=62424"},"modified":"2016-02-01T02:09:59","modified_gmt":"2016-02-01T01:09:59","slug":"santa-cruz-lanza-una-campana-para-prevenir-el-consumo-de-drogas-en-el-carnaval","status":"publish","type":"post","link":"https:\/\/eldigitaldeasturias.com\/magazine365\/santa-cruz-lanza-una-campana-para-prevenir-el-consumo-de-drogas-en-el-carnaval\/","title":{"rendered":"Santa Cruz lanza una campa\u00f1a para prevenir el consumo de drogas en el Carnaval"},"content":{"rendered":"<p><img fetchpriority=\"high\" decoding=\"async\" class=\"alignleft size-medium wp-image-62425\" src=\"https:\/\/eldigitaldeasturias.com\/magazine365\/wp-content\/uploads\/2016\/02\/fotonoticia_20160127150019_800-360x270.jpg\" alt=\"fotonoticia_20160127150019_800\" width=\"360\" height=\"270\" srcset=\"https:\/\/eldigitaldeasturias.com\/magazine365\/wp-content\/uploads\/2016\/02\/fotonoticia_20160127150019_800-360x270.jpg 360w, https:\/\/eldigitaldeasturias.com\/magazine365\/wp-content\/uploads\/2016\/02\/fotonoticia_20160127150019_800-650x488.jpg 650w, https:\/\/eldigitaldeasturias.com\/magazine365\/wp-content\/uploads\/2016\/02\/fotonoticia_20160127150019_800-768x576.jpg 768w, https:\/\/eldigitaldeasturias.com\/magazine365\/wp-content\/uploads\/2016\/02\/fotonoticia_20160127150019_800-150x113.jpg 150w, https:\/\/eldigitaldeasturias.com\/magazine365\/wp-content\/uploads\/2016\/02\/fotonoticia_20160127150019_800-450x338.jpg 450w, https:\/\/eldigitaldeasturias.com\/magazine365\/wp-content\/uploads\/2016\/02\/fotonoticia_20160127150019_800-80x60.jpg 80w, https:\/\/eldigitaldeasturias.com\/magazine365\/wp-content\/uploads\/2016\/02\/fotonoticia_20160127150019_800-265x198.jpg 265w, https:\/\/eldigitaldeasturias.com\/magazine365\/wp-content\/uploads\/2016\/02\/fotonoticia_20160127150019_800-696x522.jpg 696w, https:\/\/eldigitaldeasturias.com\/magazine365\/wp-content\/uploads\/2016\/02\/fotonoticia_20160127150019_800-560x420.jpg 560w, https:\/\/eldigitaldeasturias.com\/magazine365\/wp-content\/uploads\/2016\/02\/fotonoticia_20160127150019_800-90x67.jpg 90w, https:\/\/eldigitaldeasturias.com\/magazine365\/wp-content\/uploads\/2016\/02\/fotonoticia_20160127150019_800-164x124.jpg 164w, https:\/\/eldigitaldeasturias.com\/magazine365\/wp-content\/uploads\/2016\/02\/fotonoticia_20160127150019_800-100x75.jpg 100w, https:\/\/eldigitaldeasturias.com\/magazine365\/wp-content\/uploads\/2016\/02\/fotonoticia_20160127150019_800.jpg 800w\" sizes=\"(max-width: 360px) 100vw, 360px\" \/>El Ayuntamiento de Santa Cruz de Tenerife ha puesto en marcha una nueva campa\u00f1a para la sensibilizaci\u00f3n y prevenci\u00f3n sobre el consumo de drogas en el Carnaval, dirigida principalmente a j\u00f3venes y adolescentes, y que tiene por lema &#8216;Si no abres los ojos ahora, &#8216;\u00bfcu\u00e1ndo lo har\u00e1s?&#8217;.<\/p>\n<p>La campa\u00f1a ha sido presentada esta ma\u00f1ana en una rueda de prensa por el alcalde de Santa Cruz, Jos\u00e9 Manuel Berm\u00fadez; el concejal de Atenci\u00f3n Social, \u00d3scar Garc\u00eda, y la concejal de Fiestas, Gladis de Le\u00f3n.<\/p>\n<p>Se trata de una nueva acci\u00f3n dentro del conjunto de l\u00edneas de trabajo y actividades programadas durante el a\u00f1o en el municipio para la prevenci\u00f3n de drogodependencias dentro del Plan Estrat\u00e9gico Municipal de Servicios Sociales y el II Plan Municipal sobre Drogas.<\/p>\n<p>El alcalde indic\u00f3 que la campa\u00f1a se dirige a j\u00f3venes con edades de entre 13 y 17 a\u00f1os y los centros p\u00fablicos educativos del municipio (14 de Ense\u00f1anza Secundaria y 4 integrales de Formaci\u00f3n Profesional), as\u00ed como los centros del Servicio Canario de la Salud (SCS).<\/p>\n<p>Berm\u00fadez detall\u00f3 que el a\u00f1o pasado fueron atendidos 116 adolescentes en el Hospital del Carnaval, el 60% de ellos por consumo de drogas, de ah\u00ed que haya hecho hincapi\u00e9 en la necesidad de lograr \u00abun cambio de h\u00e1bitos en los j\u00f3venes para conseguir resultados\u00bb, unos cambios que, dijo, \u00abno se consiguen en un a\u00f1o, sino insistiendo y siendo constantes\u00bb con este tipo de campa\u00f1as.<\/p>\n<p>El concejal de Servicios Sociales explic\u00f3 que la iniciativa est\u00e1 vinculada a la estrategia preventiva que se lleva a cabo con los alumnos de Secundaria, en concreto con el spot titulado &#8216;El antifaz&#8217; y los materiales relacionados con el mismo. Dicho spot se realiz\u00f3 por los j\u00f3venes del IES El Sobradillo del curso 4\u00ba de Diversificaci\u00f3n, que corresponde al alumnado con mayores dificultades.<\/p>\n<p>A\u00f1adi\u00f3, adem\u00e1s, que la campa\u00f1a se desarrollar\u00e1 durante el Carnaval a trav\u00e9s de los medios audiovisuales y diferentes soportes en redes sociales. De hecho, el concejal coment\u00f3 que se espera conseguir llegar a 250.000 personas por medio de Facebook, 200.000 gracias a Instagram y 20.000 con el v\u00eddeo subido a Youtube.<\/p>\n<p>OBJETIVOS DE LA CAMPA\u00d1A<\/p>\n<p>Los objetivos de la campa\u00f1a son aumentar la capacidad de la poblaci\u00f3n general y de los menores y adolescentes para la toma de decisiones libre y responsable respecto al consumo de drogas; reflexionar sobre el ocio creativo y el consumo de drogas, en especial del alcohol, promocionando comportamientos saludables en los espacios recreativos y de ocio, y apoyar el papel de los agentes socioeducativos en la sensibilizaci\u00f3n y prevenci\u00f3n del consumo de drogas.<\/p>\n<p>Para ello se prev\u00e9 una serie de acciones dentro de la campa\u00f1a, como la distribuci\u00f3n de material de sensibilizaci\u00f3n y prevenci\u00f3n en centros educativos y centros de salud, spot televisivos, campa\u00f1a en las redes sociales. Adem\u00e1s, la concejal de Fiestas indic\u00f3 que la campa\u00f1a tambi\u00e9n se podr\u00e1 ver en las pantallas de los escenarios del Carnaval, en su web y en siete vallas exteriores.<\/p>\n<p>El II Plan Municipal sobre Drogas entiende su consumo como un fen\u00f3meno que obedece a m\u00faltiples causas en el que intervienen factores sociales, individuales y derivados de las sustancias consideradas como drogas y que afectan al bienestar de las personas, sus familias y la comunidad en su conjunto.<\/p>\n","protected":false},"excerpt":{"rendered":"<p>El Ayuntamiento de Santa Cruz de Tenerife ha puesto en marcha una nueva campa\u00f1a para la sensibilizaci\u00f3n y prevenci\u00f3n sobre el consumo de drogas en el Carnaval, dirigida principalmente a j\u00f3venes y adolescentes, y que tiene por lema &#8216;Si no abres los ojos ahora, &#8216;\u00bfcu\u00e1ndo lo har\u00e1s?&#8217;. La campa\u00f1a ha sido presentada esta ma\u00f1ana en<\/p>\n","protected":false},"author":1,"featured_media":62425,"comment_status":"open","ping_status":"closed","sticky":false,"template":"","format":"standard","meta":{"footnotes":""},"categories":[224],"tags":[],"class_list":{"0":"post-62424","1":"post","2":"type-post","3":"status-publish","4":"format-standard","5":"has-post-thumbnail","7":"category-noticias-actualidad"},"aioseo_notices":[],"aioseo_head":"\n\t\t<!-- All in One SEO Pro 4.9.6.1 - aioseo.com -->\n\t<meta name=\"description\" content=\"El Ayuntamiento de Santa Cruz de Tenerife ha puesto en marcha una nueva campa\u00f1a para la sensibilizaci\u00f3n y prevenci\u00f3n sobre el consumo de drogas en el Carnaval, dirigida principalmente a j\u00f3venes y adolescentes, y que tiene por lema &#039;Si no abres los ojos ahora, &#039;\u00bfcu\u00e1ndo lo har\u00e1s?&#039;. La campa\u00f1a ha sido presentada esta ma\u00f1ana en\" \/>\n\t<meta name=\"robots\" content=\"max-image-preview:large\" \/>\n\t<meta name=\"author\" content=\"admin\"\/>\n\t<meta name=\"google-site-verification\" content=\"UA-38556648-1\" \/>\n\t<meta name=\"keywords\" content=\"noticias y actualidad\" \/>\n\t<link rel=\"canonical\" href=\"https:\/\/eldigitaldeasturias.com\/magazine365\/santa-cruz-lanza-una-campana-para-prevenir-el-consumo-de-drogas-en-el-carnaval\/\" \/>\n\t<meta name=\"generator\" content=\"All in One SEO Pro (AIOSEO) 4.9.6.1\" \/>\n\t\t<meta property=\"og:locale\" content=\"es_ES\" \/>\n\t\t<meta property=\"og:site_name\" content=\"El Digital de Asturias \u2013 Revista de ocio, turismo y estilo de vida\" \/>\n\t\t<meta property=\"og:type\" content=\"article\" \/>\n\t\t<meta property=\"og:title\" content=\"Santa Cruz lanza una campa\u00f1a para prevenir el consumo de drogas en el Carnaval | El Digital de Asturias\" \/>\n\t\t<meta property=\"og:description\" content=\"El Ayuntamiento de Santa Cruz de Tenerife ha puesto en marcha una nueva campa\u00f1a para la sensibilizaci\u00f3n y prevenci\u00f3n sobre el consumo de drogas en el Carnaval, dirigida principalmente a j\u00f3venes y adolescentes, y que tiene por lema &#039;Si no abres los ojos ahora, &#039;\u00bfcu\u00e1ndo lo har\u00e1s?&#039;. La campa\u00f1a ha sido presentada esta ma\u00f1ana en\" \/>\n\t\t<meta property=\"og:url\" content=\"https:\/\/eldigitaldeasturias.com\/magazine365\/santa-cruz-lanza-una-campana-para-prevenir-el-consumo-de-drogas-en-el-carnaval\/\" \/>\n\t\t<meta property=\"og:image\" content=\"https:\/\/eldigitaldeasturias.com\/magazine365\/wp-content\/uploads\/2016\/02\/fotonoticia_20160127150019_800.jpg\" \/>\n\t\t<meta property=\"og:image:secure_url\" content=\"https:\/\/eldigitaldeasturias.com\/magazine365\/wp-content\/uploads\/2016\/02\/fotonoticia_20160127150019_800.jpg\" \/>\n\t\t<meta property=\"og:image:width\" content=\"800\" \/>\n\t\t<meta property=\"og:image:height\" content=\"600\" \/>\n\t\t<meta property=\"article:published_time\" content=\"2016-02-01T01:09:59+00:00\" \/>\n\t\t<meta property=\"article:modified_time\" content=\"2016-02-01T01:09:59+00:00\" \/>\n\t\t<meta name=\"twitter:card\" content=\"summary_large_image\" \/>\n\t\t<meta name=\"twitter:title\" content=\"Santa Cruz lanza una campa\u00f1a para prevenir el consumo de drogas en el Carnaval | El Digital de Asturias\" \/>\n\t\t<meta name=\"twitter:description\" content=\"El Ayuntamiento de Santa Cruz de Tenerife ha puesto en marcha una nueva campa\u00f1a para la sensibilizaci\u00f3n y prevenci\u00f3n sobre el consumo de drogas en el Carnaval, dirigida principalmente a j\u00f3venes y adolescentes, y que tiene por lema &#039;Si no abres los ojos ahora, &#039;\u00bfcu\u00e1ndo lo har\u00e1s?&#039;. La campa\u00f1a ha sido presentada esta ma\u00f1ana en\" \/>\n\t\t<meta name=\"twitter:image\" content=\"https:\/\/eldigitaldeasturias.com\/magazine365\/wp-content\/uploads\/2016\/02\/fotonoticia_20160127150019_800.jpg\" \/>\n\t\t<script type=\"application\/ld+json\" class=\"aioseo-schema\">\n\t\t\t{\"@context\":\"https:\\\/\\\/schema.org\",\"@graph\":[{\"@type\":\"Article\",\"@id\":\"https:\\\/\\\/eldigitaldeasturias.com\\\/magazine365\\\/santa-cruz-lanza-una-campana-para-prevenir-el-consumo-de-drogas-en-el-carnaval\\\/#article\",\"name\":\"Santa Cruz lanza una campa\\u00f1a para prevenir el consumo de drogas en el Carnaval | El Digital de Asturias\",\"headline\":\"Santa Cruz lanza una campa\\u00f1a para prevenir el consumo de drogas en el Carnaval\",\"author\":{\"@id\":\"https:\\\/\\\/eldigitaldeasturias.com\\\/magazine365\\\/author\\\/admin\\\/#author\"},\"publisher\":{\"@id\":\"https:\\\/\\\/eldigitaldeasturias.com\\\/magazine365\\\/#organization\"},\"image\":{\"@type\":\"ImageObject\",\"url\":\"https:\\\/\\\/eldigitaldeasturias.com\\\/magazine365\\\/wp-content\\\/uploads\\\/2016\\\/02\\\/fotonoticia_20160127150019_800.jpg\",\"width\":800,\"height\":600},\"datePublished\":\"2016-02-01T02:09:59+01:00\",\"dateModified\":\"2016-02-01T02:09:59+01:00\",\"inLanguage\":\"es-ES\",\"mainEntityOfPage\":{\"@id\":\"https:\\\/\\\/eldigitaldeasturias.com\\\/magazine365\\\/santa-cruz-lanza-una-campana-para-prevenir-el-consumo-de-drogas-en-el-carnaval\\\/#webpage\"},\"isPartOf\":{\"@id\":\"https:\\\/\\\/eldigitaldeasturias.com\\\/magazine365\\\/santa-cruz-lanza-una-campana-para-prevenir-el-consumo-de-drogas-en-el-carnaval\\\/#webpage\"},\"articleSection\":\"Noticias y Actualidad\"},{\"@type\":\"BreadcrumbList\",\"@id\":\"https:\\\/\\\/eldigitaldeasturias.com\\\/magazine365\\\/santa-cruz-lanza-una-campana-para-prevenir-el-consumo-de-drogas-en-el-carnaval\\\/#breadcrumblist\",\"itemListElement\":[{\"@type\":\"ListItem\",\"@id\":\"https:\\\/\\\/eldigitaldeasturias.com\\\/magazine365#listItem\",\"position\":1,\"name\":\"Home\",\"item\":\"https:\\\/\\\/eldigitaldeasturias.com\\\/magazine365\",\"nextItem\":{\"@type\":\"ListItem\",\"@id\":\"https:\\\/\\\/eldigitaldeasturias.com\\\/magazine365\\\/category\\\/noticias-actualidad\\\/#listItem\",\"name\":\"Noticias y Actualidad\"}},{\"@type\":\"ListItem\",\"@id\":\"https:\\\/\\\/eldigitaldeasturias.com\\\/magazine365\\\/category\\\/noticias-actualidad\\\/#listItem\",\"position\":2,\"name\":\"Noticias y Actualidad\",\"item\":\"https:\\\/\\\/eldigitaldeasturias.com\\\/magazine365\\\/category\\\/noticias-actualidad\\\/\",\"nextItem\":{\"@type\":\"ListItem\",\"@id\":\"https:\\\/\\\/eldigitaldeasturias.com\\\/magazine365\\\/santa-cruz-lanza-una-campana-para-prevenir-el-consumo-de-drogas-en-el-carnaval\\\/#listItem\",\"name\":\"Santa Cruz lanza una campa\\u00f1a para prevenir el consumo de drogas en el Carnaval\"},\"previousItem\":{\"@type\":\"ListItem\",\"@id\":\"https:\\\/\\\/eldigitaldeasturias.com\\\/magazine365#listItem\",\"name\":\"Home\"}},{\"@type\":\"ListItem\",\"@id\":\"https:\\\/\\\/eldigitaldeasturias.com\\\/magazine365\\\/santa-cruz-lanza-una-campana-para-prevenir-el-consumo-de-drogas-en-el-carnaval\\\/#listItem\",\"position\":3,\"name\":\"Santa Cruz lanza una campa\\u00f1a para prevenir el consumo de drogas en el Carnaval\",\"previousItem\":{\"@type\":\"ListItem\",\"@id\":\"https:\\\/\\\/eldigitaldeasturias.com\\\/magazine365\\\/category\\\/noticias-actualidad\\\/#listItem\",\"name\":\"Noticias y Actualidad\"}}]},{\"@type\":\"Organization\",\"@id\":\"https:\\\/\\\/eldigitaldeasturias.com\\\/magazine365\\\/#organization\",\"name\":\"El digital de Asturias\",\"description\":\"Revista de ocio, turismo y estilo de vida\",\"url\":\"https:\\\/\\\/eldigitaldeasturias.com\\\/magazine365\\\/\",\"logo\":{\"@type\":\"ImageObject\",\"url\":\"https:\\\/\\\/www.eldigitaldeasturias.com\\\/noticias\\\/wp-content\\\/uploads\\\/2020\\\/12\\\/EDA.jpg\",\"@id\":\"https:\\\/\\\/eldigitaldeasturias.com\\\/magazine365\\\/santa-cruz-lanza-una-campana-para-prevenir-el-consumo-de-drogas-en-el-carnaval\\\/#organizationLogo\"},\"image\":{\"@id\":\"https:\\\/\\\/eldigitaldeasturias.com\\\/magazine365\\\/santa-cruz-lanza-una-campana-para-prevenir-el-consumo-de-drogas-en-el-carnaval\\\/#organizationLogo\"}},{\"@type\":\"Person\",\"@id\":\"https:\\\/\\\/eldigitaldeasturias.com\\\/magazine365\\\/author\\\/admin\\\/#author\",\"url\":\"https:\\\/\\\/eldigitaldeasturias.com\\\/magazine365\\\/author\\\/admin\\\/\",\"name\":\"admin\",\"image\":{\"@type\":\"ImageObject\",\"@id\":\"https:\\\/\\\/eldigitaldeasturias.com\\\/magazine365\\\/santa-cruz-lanza-una-campana-para-prevenir-el-consumo-de-drogas-en-el-carnaval\\\/#authorImage\",\"url\":\"https:\\\/\\\/eldigitaldeasturias.com\\\/magazine365\\\/wp-content\\\/litespeed\\\/avatar\\\/e571bcf59a0edd6fa6838245a470f2fe.jpg?ver=1776969259\",\"width\":96,\"height\":96,\"caption\":\"admin\"}},{\"@type\":\"WebPage\",\"@id\":\"https:\\\/\\\/eldigitaldeasturias.com\\\/magazine365\\\/santa-cruz-lanza-una-campana-para-prevenir-el-consumo-de-drogas-en-el-carnaval\\\/#webpage\",\"url\":\"https:\\\/\\\/eldigitaldeasturias.com\\\/magazine365\\\/santa-cruz-lanza-una-campana-para-prevenir-el-consumo-de-drogas-en-el-carnaval\\\/\",\"name\":\"Santa Cruz lanza una campa\\u00f1a para prevenir el consumo de drogas en el Carnaval | El Digital de Asturias\",\"description\":\"El Ayuntamiento de Santa Cruz de Tenerife ha puesto en marcha una nueva campa\\u00f1a para la sensibilizaci\\u00f3n y prevenci\\u00f3n sobre el consumo de drogas en el Carnaval, dirigida principalmente a j\\u00f3venes y adolescentes, y que tiene por lema 'Si no abres los ojos ahora, '\\u00bfcu\\u00e1ndo lo har\\u00e1s?'. La campa\\u00f1a ha sido presentada esta ma\\u00f1ana en\",\"inLanguage\":\"es-ES\",\"isPartOf\":{\"@id\":\"https:\\\/\\\/eldigitaldeasturias.com\\\/magazine365\\\/#website\"},\"breadcrumb\":{\"@id\":\"https:\\\/\\\/eldigitaldeasturias.com\\\/magazine365\\\/santa-cruz-lanza-una-campana-para-prevenir-el-consumo-de-drogas-en-el-carnaval\\\/#breadcrumblist\"},\"author\":{\"@id\":\"https:\\\/\\\/eldigitaldeasturias.com\\\/magazine365\\\/author\\\/admin\\\/#author\"},\"creator\":{\"@id\":\"https:\\\/\\\/eldigitaldeasturias.com\\\/magazine365\\\/author\\\/admin\\\/#author\"},\"image\":{\"@type\":\"ImageObject\",\"url\":\"https:\\\/\\\/eldigitaldeasturias.com\\\/magazine365\\\/wp-content\\\/uploads\\\/2016\\\/02\\\/fotonoticia_20160127150019_800.jpg\",\"@id\":\"https:\\\/\\\/eldigitaldeasturias.com\\\/magazine365\\\/santa-cruz-lanza-una-campana-para-prevenir-el-consumo-de-drogas-en-el-carnaval\\\/#mainImage\",\"width\":800,\"height\":600},\"primaryImageOfPage\":{\"@id\":\"https:\\\/\\\/eldigitaldeasturias.com\\\/magazine365\\\/santa-cruz-lanza-una-campana-para-prevenir-el-consumo-de-drogas-en-el-carnaval\\\/#mainImage\"},\"datePublished\":\"2016-02-01T02:09:59+01:00\",\"dateModified\":\"2016-02-01T02:09:59+01:00\"},{\"@type\":\"WebSite\",\"@id\":\"https:\\\/\\\/eldigitaldeasturias.com\\\/magazine365\\\/#website\",\"url\":\"https:\\\/\\\/eldigitaldeasturias.com\\\/magazine365\\\/\",\"name\":\"El Digital de Asturias\",\"description\":\"Revista de ocio, turismo y estilo de vida\",\"inLanguage\":\"es-ES\",\"publisher\":{\"@id\":\"https:\\\/\\\/eldigitaldeasturias.com\\\/magazine365\\\/#organization\"}}]}\n\t\t<\/script>\n\t\t<!-- All in One SEO Pro -->\r\n\t\t<title>Santa Cruz lanza una campa\u00f1a para prevenir el consumo de drogas en el Carnaval | El Digital de Asturias<\/title>\n\n","aioseo_head_json":{"title":"Santa Cruz lanza una campa\u00f1a para prevenir el consumo de drogas en el Carnaval | El Digital de Asturias","description":"El Ayuntamiento de Santa Cruz de Tenerife ha puesto en marcha una nueva campa\u00f1a para la sensibilizaci\u00f3n y prevenci\u00f3n sobre el consumo de drogas en el Carnaval, dirigida principalmente a j\u00f3venes y adolescentes, y que tiene por lema 'Si no abres los ojos ahora, '\u00bfcu\u00e1ndo lo har\u00e1s?'. La campa\u00f1a ha sido presentada esta ma\u00f1ana en","canonical_url":"https:\/\/eldigitaldeasturias.com\/magazine365\/santa-cruz-lanza-una-campana-para-prevenir-el-consumo-de-drogas-en-el-carnaval\/","robots":"max-image-preview:large","keywords":"noticias y actualidad","webmasterTools":{"google-site-verification":"UA-38556648-1","miscellaneous":""},"schema":{"@context":"https:\/\/schema.org","@graph":[{"@type":"Article","@id":"https:\/\/eldigitaldeasturias.com\/magazine365\/santa-cruz-lanza-una-campana-para-prevenir-el-consumo-de-drogas-en-el-carnaval\/#article","name":"Santa Cruz lanza una campa\u00f1a para prevenir el consumo de drogas en el Carnaval | El Digital de Asturias","headline":"Santa Cruz lanza una campa\u00f1a para prevenir el consumo de drogas en el Carnaval","author":{"@id":"https:\/\/eldigitaldeasturias.com\/magazine365\/author\/admin\/#author"},"publisher":{"@id":"https:\/\/eldigitaldeasturias.com\/magazine365\/#organization"},"image":{"@type":"ImageObject","url":"https:\/\/eldigitaldeasturias.com\/magazine365\/wp-content\/uploads\/2016\/02\/fotonoticia_20160127150019_800.jpg","width":800,"height":600},"datePublished":"2016-02-01T02:09:59+01:00","dateModified":"2016-02-01T02:09:59+01:00","inLanguage":"es-ES","mainEntityOfPage":{"@id":"https:\/\/eldigitaldeasturias.com\/magazine365\/santa-cruz-lanza-una-campana-para-prevenir-el-consumo-de-drogas-en-el-carnaval\/#webpage"},"isPartOf":{"@id":"https:\/\/eldigitaldeasturias.com\/magazine365\/santa-cruz-lanza-una-campana-para-prevenir-el-consumo-de-drogas-en-el-carnaval\/#webpage"},"articleSection":"Noticias y Actualidad"},{"@type":"BreadcrumbList","@id":"https:\/\/eldigitaldeasturias.com\/magazine365\/santa-cruz-lanza-una-campana-para-prevenir-el-consumo-de-drogas-en-el-carnaval\/#breadcrumblist","itemListElement":[{"@type":"ListItem","@id":"https:\/\/eldigitaldeasturias.com\/magazine365#listItem","position":1,"name":"Home","item":"https:\/\/eldigitaldeasturias.com\/magazine365","nextItem":{"@type":"ListItem","@id":"https:\/\/eldigitaldeasturias.com\/magazine365\/category\/noticias-actualidad\/#listItem","name":"Noticias y Actualidad"}},{"@type":"ListItem","@id":"https:\/\/eldigitaldeasturias.com\/magazine365\/category\/noticias-actualidad\/#listItem","position":2,"name":"Noticias y Actualidad","item":"https:\/\/eldigitaldeasturias.com\/magazine365\/category\/noticias-actualidad\/","nextItem":{"@type":"ListItem","@id":"https:\/\/eldigitaldeasturias.com\/magazine365\/santa-cruz-lanza-una-campana-para-prevenir-el-consumo-de-drogas-en-el-carnaval\/#listItem","name":"Santa Cruz lanza una campa\u00f1a para prevenir el consumo de drogas en el Carnaval"},"previousItem":{"@type":"ListItem","@id":"https:\/\/eldigitaldeasturias.com\/magazine365#listItem","name":"Home"}},{"@type":"ListItem","@id":"https:\/\/eldigitaldeasturias.com\/magazine365\/santa-cruz-lanza-una-campana-para-prevenir-el-consumo-de-drogas-en-el-carnaval\/#listItem","position":3,"name":"Santa Cruz lanza una campa\u00f1a para prevenir el consumo de drogas en el Carnaval","previousItem":{"@type":"ListItem","@id":"https:\/\/eldigitaldeasturias.com\/magazine365\/category\/noticias-actualidad\/#listItem","name":"Noticias y Actualidad"}}]},{"@type":"Organization","@id":"https:\/\/eldigitaldeasturias.com\/magazine365\/#organization","name":"El digital de Asturias","description":"Revista de ocio, turismo y estilo de vida","url":"https:\/\/eldigitaldeasturias.com\/magazine365\/","logo":{"@type":"ImageObject","url":"https:\/\/www.eldigitaldeasturias.com\/noticias\/wp-content\/uploads\/2020\/12\/EDA.jpg","@id":"https:\/\/eldigitaldeasturias.com\/magazine365\/santa-cruz-lanza-una-campana-para-prevenir-el-consumo-de-drogas-en-el-carnaval\/#organizationLogo"},"image":{"@id":"https:\/\/eldigitaldeasturias.com\/magazine365\/santa-cruz-lanza-una-campana-para-prevenir-el-consumo-de-drogas-en-el-carnaval\/#organizationLogo"}},{"@type":"Person","@id":"https:\/\/eldigitaldeasturias.com\/magazine365\/author\/admin\/#author","url":"https:\/\/eldigitaldeasturias.com\/magazine365\/author\/admin\/","name":"admin","image":{"@type":"ImageObject","@id":"https:\/\/eldigitaldeasturias.com\/magazine365\/santa-cruz-lanza-una-campana-para-prevenir-el-consumo-de-drogas-en-el-carnaval\/#authorImage","url":"https:\/\/eldigitaldeasturias.com\/magazine365\/wp-content\/litespeed\/avatar\/e571bcf59a0edd6fa6838245a470f2fe.jpg?ver=1776969259","width":96,"height":96,"caption":"admin"}},{"@type":"WebPage","@id":"https:\/\/eldigitaldeasturias.com\/magazine365\/santa-cruz-lanza-una-campana-para-prevenir-el-consumo-de-drogas-en-el-carnaval\/#webpage","url":"https:\/\/eldigitaldeasturias.com\/magazine365\/santa-cruz-lanza-una-campana-para-prevenir-el-consumo-de-drogas-en-el-carnaval\/","name":"Santa Cruz lanza una campa\u00f1a para prevenir el consumo de drogas en el Carnaval | El Digital de Asturias","description":"El Ayuntamiento de Santa Cruz de Tenerife ha puesto en marcha una nueva campa\u00f1a para la sensibilizaci\u00f3n y prevenci\u00f3n sobre el consumo de drogas en el Carnaval, dirigida principalmente a j\u00f3venes y adolescentes, y que tiene por lema 'Si no abres los ojos ahora, '\u00bfcu\u00e1ndo lo har\u00e1s?'. La campa\u00f1a ha sido presentada esta ma\u00f1ana en","inLanguage":"es-ES","isPartOf":{"@id":"https:\/\/eldigitaldeasturias.com\/magazine365\/#website"},"breadcrumb":{"@id":"https:\/\/eldigitaldeasturias.com\/magazine365\/santa-cruz-lanza-una-campana-para-prevenir-el-consumo-de-drogas-en-el-carnaval\/#breadcrumblist"},"author":{"@id":"https:\/\/eldigitaldeasturias.com\/magazine365\/author\/admin\/#author"},"creator":{"@id":"https:\/\/eldigitaldeasturias.com\/magazine365\/author\/admin\/#author"},"image":{"@type":"ImageObject","url":"https:\/\/eldigitaldeasturias.com\/magazine365\/wp-content\/uploads\/2016\/02\/fotonoticia_20160127150019_800.jpg","@id":"https:\/\/eldigitaldeasturias.com\/magazine365\/santa-cruz-lanza-una-campana-para-prevenir-el-consumo-de-drogas-en-el-carnaval\/#mainImage","width":800,"height":600},"primaryImageOfPage":{"@id":"https:\/\/eldigitaldeasturias.com\/magazine365\/santa-cruz-lanza-una-campana-para-prevenir-el-consumo-de-drogas-en-el-carnaval\/#mainImage"},"datePublished":"2016-02-01T02:09:59+01:00","dateModified":"2016-02-01T02:09:59+01:00"},{"@type":"WebSite","@id":"https:\/\/eldigitaldeasturias.com\/magazine365\/#website","url":"https:\/\/eldigitaldeasturias.com\/magazine365\/","name":"El Digital de Asturias","description":"Revista de ocio, turismo y estilo de vida","inLanguage":"es-ES","publisher":{"@id":"https:\/\/eldigitaldeasturias.com\/magazine365\/#organization"}}]},"og:locale":"es_ES","og:site_name":"El Digital de Asturias \u2013 Revista de ocio, turismo y estilo de vida","og:type":"article","og:title":"Santa Cruz lanza una campa\u00f1a para prevenir el consumo de drogas en el Carnaval | El Digital de Asturias","og:description":"El Ayuntamiento de Santa Cruz de Tenerife ha puesto en marcha una nueva campa\u00f1a para la sensibilizaci\u00f3n y prevenci\u00f3n sobre el consumo de drogas en el Carnaval, dirigida principalmente a j\u00f3venes y adolescentes, y que tiene por lema 'Si no abres los ojos ahora, '\u00bfcu\u00e1ndo lo har\u00e1s?'. La campa\u00f1a ha sido presentada esta ma\u00f1ana en","og:url":"https:\/\/eldigitaldeasturias.com\/magazine365\/santa-cruz-lanza-una-campana-para-prevenir-el-consumo-de-drogas-en-el-carnaval\/","og:image":"https:\/\/eldigitaldeasturias.com\/magazine365\/wp-content\/uploads\/2016\/02\/fotonoticia_20160127150019_800.jpg","og:image:secure_url":"https:\/\/eldigitaldeasturias.com\/magazine365\/wp-content\/uploads\/2016\/02\/fotonoticia_20160127150019_800.jpg","og:image:width":800,"og:image:height":600,"article:published_time":"2016-02-01T01:09:59+00:00","article:modified_time":"2016-02-01T01:09:59+00:00","twitter:card":"summary_large_image","twitter:title":"Santa Cruz lanza una campa\u00f1a para prevenir el consumo de drogas en el Carnaval | El Digital de Asturias","twitter:description":"El Ayuntamiento de Santa Cruz de Tenerife ha puesto en marcha una nueva campa\u00f1a para la sensibilizaci\u00f3n y prevenci\u00f3n sobre el consumo de drogas en el Carnaval, dirigida principalmente a j\u00f3venes y adolescentes, y que tiene por lema 'Si no abres los ojos ahora, '\u00bfcu\u00e1ndo lo har\u00e1s?'. La campa\u00f1a ha sido presentada esta ma\u00f1ana en","twitter:image":"https:\/\/eldigitaldeasturias.com\/magazine365\/wp-content\/uploads\/2016\/02\/fotonoticia_20160127150019_800.jpg"},"aioseo_meta_data":{"post_id":"62424","title":null,"description":null,"keywords":null,"keyphrases":null,"primary_term":null,"canonical_url":null,"og_title":null,"og_description":null,"og_object_type":"default","og_image_type":"default","og_image_url":null,"og_image_width":null,"og_image_height":null,"og_image_custom_url":null,"og_image_custom_fields":null,"og_video":null,"og_custom_url":null,"og_article_section":null,"og_article_tags":null,"twitter_use_og":false,"twitter_card":"default","twitter_image_type":"default","twitter_image_url":null,"twitter_image_custom_url":null,"twitter_image_custom_fields":null,"twitter_title":null,"twitter_description":null,"schema":{"blockGraphs":[],"customGraphs":[],"default":{"data":{"Article":[],"Course":[],"Dataset":[],"FAQPage":[],"Movie":[],"Person":[],"Product":[],"ProductReview":[],"Car":[],"Recipe":[],"Service":[],"SoftwareApplication":[],"WebPage":[]},"graphName":"","isEnabled":true},"graphs":[],"defaultGraph":"","defaultPostTypeGraph":""},"schema_type":null,"schema_type_options":null,"pillar_content":false,"robots_default":true,"robots_noindex":false,"robots_noarchive":false,"robots_nosnippet":false,"robots_nofollow":false,"robots_noimageindex":false,"robots_noodp":false,"robots_notranslate":false,"robots_max_snippet":null,"robots_max_videopreview":null,"robots_max_imagepreview":"large","priority":null,"frequency":null,"location":null,"local_seo":null,"seo_analyzer_scan_date":"2025-09-25 11:08:59","breadcrumb_settings":null,"limit_modified_date":false,"open_ai":null,"ai":null,"created":"2021-03-08 21:36:39","updated":"2025-09-25 11:08:59"},"aioseo_breadcrumb":"<div class=\"aioseo-breadcrumbs\"><span class=\"aioseo-breadcrumb\">\n\t<a href=\"https:\/\/eldigitaldeasturias.com\/magazine365\" title=\"Home\">Home<\/a>\n<\/span><span class=\"aioseo-breadcrumb-separator\">\u2013<\/span><span class=\"aioseo-breadcrumb\">\n\t<a href=\"https:\/\/eldigitaldeasturias.com\/magazine365\/category\/noticias-actualidad\/\" title=\"Noticias y Actualidad\">Noticias y Actualidad<\/a>\n<\/span><span class=\"aioseo-breadcrumb-separator\">\u2013<\/span><span class=\"aioseo-breadcrumb\">\n\t<a href=\"https:\/\/eldigitaldeasturias.com\/magazine365\/santa-cruz-lanza-una-campana-para-prevenir-el-consumo-de-drogas-en-el-carnaval\/\" title=\"Santa Cruz lanza una campa\u00f1a para prevenir el consumo de drogas en el Carnaval\">Santa Cruz lanza una campa\u00f1a para prevenir el consumo de drogas en el Carnaval<\/a>\n<\/span><\/div>","aioseo_breadcrumb_json":[{"label":"Home","link":"https:\/\/eldigitaldeasturias.com\/magazine365"},{"label":"Noticias y Actualidad","link":"https:\/\/eldigitaldeasturias.com\/magazine365\/category\/noticias-actualidad\/"},{"label":"Santa Cruz lanza una campa\u00f1a para prevenir el consumo de drogas en el Carnaval","link":"https:\/\/eldigitaldeasturias.com\/magazine365\/santa-cruz-lanza-una-campana-para-prevenir-el-consumo-de-drogas-en-el-carnaval\/"}],"_links":{"self":[{"href":"https:\/\/eldigitaldeasturias.com\/magazine365\/wp-json\/wp\/v2\/posts\/62424","targetHints":{"allow":["GET"]}}],"collection":[{"href":"https:\/\/eldigitaldeasturias.com\/magazine365\/wp-json\/wp\/v2\/posts"}],"about":[{"href":"https:\/\/eldigitaldeasturias.com\/magazine365\/wp-json\/wp\/v2\/types\/post"}],"author":[{"embeddable":true,"href":"https:\/\/eldigitaldeasturias.com\/magazine365\/wp-json\/wp\/v2\/users\/1"}],"replies":[{"embeddable":true,"href":"https:\/\/eldigitaldeasturias.com\/magazine365\/wp-json\/wp\/v2\/comments?post=62424"}],"version-history":[{"count":0,"href":"https:\/\/eldigitaldeasturias.com\/magazine365\/wp-json\/wp\/v2\/posts\/62424\/revisions"}],"wp:featuredmedia":[{"embeddable":true,"href":"https:\/\/eldigitaldeasturias.com\/magazine365\/wp-json\/wp\/v2\/media\/62425"}],"wp:attachment":[{"href":"https:\/\/eldigitaldeasturias.com\/magazine365\/wp-json\/wp\/v2\/media?parent=62424"}],"wp:term":[{"taxonomy":"category","embeddable":true,"href":"https:\/\/eldigitaldeasturias.com\/magazine365\/wp-json\/wp\/v2\/categories?post=62424"},{"taxonomy":"post_tag","embeddable":true,"href":"https:\/\/eldigitaldeasturias.com\/magazine365\/wp-json\/wp\/v2\/tags?post=62424"}],"curies":[{"name":"wp","href":"https:\/\/api.w.org\/{rel}","templated":true}]}}