{"id":62413,"date":"2016-02-01T02:06:30","date_gmt":"2016-02-01T01:06:30","guid":{"rendered":"http:\/\/eldigitaldeasturias.com\/magazine365\/?p=62413"},"modified":"2016-02-01T02:06:30","modified_gmt":"2016-02-01T01:06:30","slug":"el-trafico-de-las-autopistas-encadena-dos-anos-al-alza-al-crecer-un-61-en-2015","status":"publish","type":"post","link":"https:\/\/eldigitaldeasturias.com\/magazine365\/el-trafico-de-las-autopistas-encadena-dos-anos-al-alza-al-crecer-un-61-en-2015\/","title":{"rendered":"El tr\u00e1fico de las autopistas encadena dos a\u00f1os al alza al crecer un 6,1% en 2015"},"content":{"rendered":"<p><img fetchpriority=\"high\" decoding=\"async\" class=\"alignleft size-medium wp-image-62414\" src=\"https:\/\/eldigitaldeasturias.com\/magazine365\/wp-content\/uploads\/2016\/02\/fotonoticia_20160127144444_800-360x235.jpg\" alt=\"fotonoticia_20160127144444_800\" width=\"360\" height=\"235\" srcset=\"https:\/\/eldigitaldeasturias.com\/magazine365\/wp-content\/uploads\/2016\/02\/fotonoticia_20160127144444_800-360x235.jpg 360w, https:\/\/eldigitaldeasturias.com\/magazine365\/wp-content\/uploads\/2016\/02\/fotonoticia_20160127144444_800-650x425.jpg 650w, https:\/\/eldigitaldeasturias.com\/magazine365\/wp-content\/uploads\/2016\/02\/fotonoticia_20160127144444_800-768x502.jpg 768w, https:\/\/eldigitaldeasturias.com\/magazine365\/wp-content\/uploads\/2016\/02\/fotonoticia_20160127144444_800-150x98.jpg 150w, https:\/\/eldigitaldeasturias.com\/magazine365\/wp-content\/uploads\/2016\/02\/fotonoticia_20160127144444_800-450x294.jpg 450w, https:\/\/eldigitaldeasturias.com\/magazine365\/wp-content\/uploads\/2016\/02\/fotonoticia_20160127144444_800-696x455.jpg 696w, https:\/\/eldigitaldeasturias.com\/magazine365\/wp-content\/uploads\/2016\/02\/fotonoticia_20160127144444_800-741x486.jpg 741w, https:\/\/eldigitaldeasturias.com\/magazine365\/wp-content\/uploads\/2016\/02\/fotonoticia_20160127144444_800-642x420.jpg 642w, https:\/\/eldigitaldeasturias.com\/magazine365\/wp-content\/uploads\/2016\/02\/fotonoticia_20160127144444_800-121x79.jpg 121w, https:\/\/eldigitaldeasturias.com\/magazine365\/wp-content\/uploads\/2016\/02\/fotonoticia_20160127144444_800-101x66.jpg 101w, https:\/\/eldigitaldeasturias.com\/magazine365\/wp-content\/uploads\/2016\/02\/fotonoticia_20160127144444_800-326x213.jpg 326w, https:\/\/eldigitaldeasturias.com\/magazine365\/wp-content\/uploads\/2016\/02\/fotonoticia_20160127144444_800.jpg 800w\" sizes=\"(max-width: 360px) 100vw, 360px\" \/>La red de autopistas de peaje aument\u00f3 su tr\u00e1fico un 6,1% el pasado a\u00f1o, que cerr\u00f3 con una media de 15.021 usuarios diarios, seg\u00fan informa la patronal de constructoras y concesionarias Seopan.<\/p>\n<p>Las v\u00edas de pago encadenaron as\u00ed en 2015 su segundo ejercicio consecutivo de crecimiento, tras el del 2,5% registrado en 2014, cuando rompieron con un periodo de siete a\u00f1os consecutivos de ca\u00eddas, seg\u00fan se desprende de los datos oficiales publicados por el Ministerio de Fomento.<\/p>\n<p>El volumen del tr\u00e1fico de las autopistas recupera as\u00ed los niveles que presentaba en 2011, si bien est\u00e1 lejos de los que presentaba en 2007, el ejercicio previo a la crisis.<\/p>\n<p>La recuperaci\u00f3n de la econom\u00eda y el descenso del precio de la gasolina constituyen los principales factores del crecimiento del tr\u00e1fico en las autopistas, seg\u00fan se\u00f1ala Seopan en un comunicado.<\/p>\n<p>La patronal tambi\u00e9n apunta a la congelaci\u00f3n que el precio de los peajes registr\u00f3 en 2015, fruto de la f\u00f3rmula de actualizaci\u00f3n de precios autom\u00e1tica con que cuenta el sector.<\/p>\n<p>El descenso del precio de las tasas del 0,6% que esta actualizaci\u00f3n ha permitido aplicar a comienzos de 2016 puede contribuir a consolidar durante este a\u00f1o la recuperaci\u00f3n que registras las v\u00edas de pago, seg\u00fan apuntan expertos consultados por Europa Press.<\/p>\n<p>Por tipo de veh\u00edculos, el tr\u00e1fico de camiones, uno de los indicativos de la evoluci\u00f3n econ\u00f3mica, es el que m\u00e1s creci\u00f3 un 8,1%, y supone el 13% del total, seg\u00fan Seopan. El de turismos progres\u00f3 un 5,8%.<\/p>\n<p>AVANCE DEL TELEPEAJE.<\/p>\n<p>En cuanto a los medios de pago que utilizan los conductores que eligen circular por una autopista, destaca el hecho de que telepeaje, el sistema electr\u00f3nico que evita tener que detenerse para abonar las tasas, ya es la principal opci\u00f3n y copa el 42,2% de las operaciones, frente al 28% que supon\u00eda en 2007.<\/p>\n<p>Despu\u00e9s se sit\u00faa la tarjeta de cr\u00e9dito, con la que se pagaron el 34% de los peajes, y el efectivo, que a\u00fan copa el 23,8% de los abonos que se realizan en las cabinas de peaje de las autopistas.<\/p>\n","protected":false},"excerpt":{"rendered":"<p>La red de autopistas de peaje aument\u00f3 su tr\u00e1fico un 6,1% el pasado a\u00f1o, que cerr\u00f3 con una media de 15.021 usuarios diarios, seg\u00fan informa la patronal de constructoras y concesionarias Seopan. Las v\u00edas de pago encadenaron as\u00ed en 2015 su segundo ejercicio consecutivo de crecimiento, tras el del 2,5% registrado en 2014, cuando rompieron<\/p>\n","protected":false},"author":1,"featured_media":62414,"comment_status":"open","ping_status":"closed","sticky":false,"template":"","format":"standard","meta":{"footnotes":""},"categories":[224],"tags":[],"class_list":{"0":"post-62413","1":"post","2":"type-post","3":"status-publish","4":"format-standard","5":"has-post-thumbnail","7":"category-noticias-actualidad"},"aioseo_notices":[],"aioseo_head":"\n\t\t<!-- All in One SEO Pro 4.9.6.1 - aioseo.com -->\n\t<meta name=\"description\" content=\"La red de autopistas de peaje aument\u00f3 su tr\u00e1fico un 6,1% el pasado a\u00f1o, que cerr\u00f3 con una media de 15.021 usuarios diarios, seg\u00fan informa la patronal de constructoras y concesionarias Seopan. Las v\u00edas de pago encadenaron as\u00ed en 2015 su segundo ejercicio consecutivo de crecimiento, tras el del 2,5% registrado en 2014, cuando rompieron\" \/>\n\t<meta name=\"robots\" content=\"max-image-preview:large\" \/>\n\t<meta name=\"author\" content=\"admin\"\/>\n\t<meta name=\"google-site-verification\" content=\"UA-38556648-1\" \/>\n\t<meta name=\"keywords\" content=\"noticias y actualidad\" \/>\n\t<link rel=\"canonical\" href=\"https:\/\/eldigitaldeasturias.com\/magazine365\/el-trafico-de-las-autopistas-encadena-dos-anos-al-alza-al-crecer-un-61-en-2015\/\" \/>\n\t<meta name=\"generator\" content=\"All in One SEO Pro (AIOSEO) 4.9.6.1\" \/>\n\t\t<meta property=\"og:locale\" content=\"es_ES\" \/>\n\t\t<meta property=\"og:site_name\" content=\"El Digital de Asturias \u2013 Revista de ocio, turismo y estilo de vida\" \/>\n\t\t<meta property=\"og:type\" content=\"article\" \/>\n\t\t<meta property=\"og:title\" content=\"El tr\u00e1fico de las autopistas encadena dos a\u00f1os al alza al crecer un 6,1% en 2015 | El Digital de Asturias\" \/>\n\t\t<meta property=\"og:description\" content=\"La red de autopistas de peaje aument\u00f3 su tr\u00e1fico un 6,1% el pasado a\u00f1o, que cerr\u00f3 con una media de 15.021 usuarios diarios, seg\u00fan informa la patronal de constructoras y concesionarias Seopan. Las v\u00edas de pago encadenaron as\u00ed en 2015 su segundo ejercicio consecutivo de crecimiento, tras el del 2,5% registrado en 2014, cuando rompieron\" \/>\n\t\t<meta property=\"og:url\" content=\"https:\/\/eldigitaldeasturias.com\/magazine365\/el-trafico-de-las-autopistas-encadena-dos-anos-al-alza-al-crecer-un-61-en-2015\/\" \/>\n\t\t<meta property=\"og:image\" content=\"https:\/\/eldigitaldeasturias.com\/magazine365\/wp-content\/uploads\/2016\/02\/fotonoticia_20160127144444_800.jpg\" \/>\n\t\t<meta property=\"og:image:secure_url\" content=\"https:\/\/eldigitaldeasturias.com\/magazine365\/wp-content\/uploads\/2016\/02\/fotonoticia_20160127144444_800.jpg\" \/>\n\t\t<meta property=\"og:image:width\" content=\"800\" \/>\n\t\t<meta property=\"og:image:height\" content=\"523\" \/>\n\t\t<meta property=\"article:published_time\" content=\"2016-02-01T01:06:30+00:00\" \/>\n\t\t<meta property=\"article:modified_time\" content=\"2016-02-01T01:06:30+00:00\" \/>\n\t\t<meta name=\"twitter:card\" content=\"summary_large_image\" \/>\n\t\t<meta name=\"twitter:title\" content=\"El tr\u00e1fico de las autopistas encadena dos a\u00f1os al alza al crecer un 6,1% en 2015 | El Digital de Asturias\" \/>\n\t\t<meta name=\"twitter:description\" content=\"La red de autopistas de peaje aument\u00f3 su tr\u00e1fico un 6,1% el pasado a\u00f1o, que cerr\u00f3 con una media de 15.021 usuarios diarios, seg\u00fan informa la patronal de constructoras y concesionarias Seopan. Las v\u00edas de pago encadenaron as\u00ed en 2015 su segundo ejercicio consecutivo de crecimiento, tras el del 2,5% registrado en 2014, cuando rompieron\" \/>\n\t\t<meta name=\"twitter:image\" content=\"https:\/\/eldigitaldeasturias.com\/magazine365\/wp-content\/uploads\/2016\/02\/fotonoticia_20160127144444_800.jpg\" \/>\n\t\t<script type=\"application\/ld+json\" class=\"aioseo-schema\">\n\t\t\t{\"@context\":\"https:\\\/\\\/schema.org\",\"@graph\":[{\"@type\":\"Article\",\"@id\":\"https:\\\/\\\/eldigitaldeasturias.com\\\/magazine365\\\/el-trafico-de-las-autopistas-encadena-dos-anos-al-alza-al-crecer-un-61-en-2015\\\/#article\",\"name\":\"El tr\\u00e1fico de las autopistas encadena dos a\\u00f1os al alza al crecer un 6,1% en 2015 | El Digital de Asturias\",\"headline\":\"El tr\\u00e1fico de las autopistas encadena dos a\\u00f1os al alza al crecer un 6,1% en 2015\",\"author\":{\"@id\":\"https:\\\/\\\/eldigitaldeasturias.com\\\/magazine365\\\/author\\\/admin\\\/#author\"},\"publisher\":{\"@id\":\"https:\\\/\\\/eldigitaldeasturias.com\\\/magazine365\\\/#organization\"},\"image\":{\"@type\":\"ImageObject\",\"url\":\"https:\\\/\\\/eldigitaldeasturias.com\\\/magazine365\\\/wp-content\\\/uploads\\\/2016\\\/02\\\/fotonoticia_20160127144444_800.jpg\",\"width\":800,\"height\":523},\"datePublished\":\"2016-02-01T02:06:30+01:00\",\"dateModified\":\"2016-02-01T02:06:30+01:00\",\"inLanguage\":\"es-ES\",\"mainEntityOfPage\":{\"@id\":\"https:\\\/\\\/eldigitaldeasturias.com\\\/magazine365\\\/el-trafico-de-las-autopistas-encadena-dos-anos-al-alza-al-crecer-un-61-en-2015\\\/#webpage\"},\"isPartOf\":{\"@id\":\"https:\\\/\\\/eldigitaldeasturias.com\\\/magazine365\\\/el-trafico-de-las-autopistas-encadena-dos-anos-al-alza-al-crecer-un-61-en-2015\\\/#webpage\"},\"articleSection\":\"Noticias y Actualidad\"},{\"@type\":\"BreadcrumbList\",\"@id\":\"https:\\\/\\\/eldigitaldeasturias.com\\\/magazine365\\\/el-trafico-de-las-autopistas-encadena-dos-anos-al-alza-al-crecer-un-61-en-2015\\\/#breadcrumblist\",\"itemListElement\":[{\"@type\":\"ListItem\",\"@id\":\"https:\\\/\\\/eldigitaldeasturias.com\\\/magazine365#listItem\",\"position\":1,\"name\":\"Home\",\"item\":\"https:\\\/\\\/eldigitaldeasturias.com\\\/magazine365\",\"nextItem\":{\"@type\":\"ListItem\",\"@id\":\"https:\\\/\\\/eldigitaldeasturias.com\\\/magazine365\\\/category\\\/noticias-actualidad\\\/#listItem\",\"name\":\"Noticias y Actualidad\"}},{\"@type\":\"ListItem\",\"@id\":\"https:\\\/\\\/eldigitaldeasturias.com\\\/magazine365\\\/category\\\/noticias-actualidad\\\/#listItem\",\"position\":2,\"name\":\"Noticias y Actualidad\",\"item\":\"https:\\\/\\\/eldigitaldeasturias.com\\\/magazine365\\\/category\\\/noticias-actualidad\\\/\",\"nextItem\":{\"@type\":\"ListItem\",\"@id\":\"https:\\\/\\\/eldigitaldeasturias.com\\\/magazine365\\\/el-trafico-de-las-autopistas-encadena-dos-anos-al-alza-al-crecer-un-61-en-2015\\\/#listItem\",\"name\":\"El tr\\u00e1fico de las autopistas encadena dos a\\u00f1os al alza al crecer un 6,1% en 2015\"},\"previousItem\":{\"@type\":\"ListItem\",\"@id\":\"https:\\\/\\\/eldigitaldeasturias.com\\\/magazine365#listItem\",\"name\":\"Home\"}},{\"@type\":\"ListItem\",\"@id\":\"https:\\\/\\\/eldigitaldeasturias.com\\\/magazine365\\\/el-trafico-de-las-autopistas-encadena-dos-anos-al-alza-al-crecer-un-61-en-2015\\\/#listItem\",\"position\":3,\"name\":\"El tr\\u00e1fico de las autopistas encadena dos a\\u00f1os al alza al crecer un 6,1% en 2015\",\"previousItem\":{\"@type\":\"ListItem\",\"@id\":\"https:\\\/\\\/eldigitaldeasturias.com\\\/magazine365\\\/category\\\/noticias-actualidad\\\/#listItem\",\"name\":\"Noticias y Actualidad\"}}]},{\"@type\":\"Organization\",\"@id\":\"https:\\\/\\\/eldigitaldeasturias.com\\\/magazine365\\\/#organization\",\"name\":\"El digital de Asturias\",\"description\":\"Revista de ocio, turismo y estilo de vida\",\"url\":\"https:\\\/\\\/eldigitaldeasturias.com\\\/magazine365\\\/\",\"logo\":{\"@type\":\"ImageObject\",\"url\":\"https:\\\/\\\/www.eldigitaldeasturias.com\\\/noticias\\\/wp-content\\\/uploads\\\/2020\\\/12\\\/EDA.jpg\",\"@id\":\"https:\\\/\\\/eldigitaldeasturias.com\\\/magazine365\\\/el-trafico-de-las-autopistas-encadena-dos-anos-al-alza-al-crecer-un-61-en-2015\\\/#organizationLogo\"},\"image\":{\"@id\":\"https:\\\/\\\/eldigitaldeasturias.com\\\/magazine365\\\/el-trafico-de-las-autopistas-encadena-dos-anos-al-alza-al-crecer-un-61-en-2015\\\/#organizationLogo\"}},{\"@type\":\"Person\",\"@id\":\"https:\\\/\\\/eldigitaldeasturias.com\\\/magazine365\\\/author\\\/admin\\\/#author\",\"url\":\"https:\\\/\\\/eldigitaldeasturias.com\\\/magazine365\\\/author\\\/admin\\\/\",\"name\":\"admin\",\"image\":{\"@type\":\"ImageObject\",\"@id\":\"https:\\\/\\\/eldigitaldeasturias.com\\\/magazine365\\\/el-trafico-de-las-autopistas-encadena-dos-anos-al-alza-al-crecer-un-61-en-2015\\\/#authorImage\",\"url\":\"https:\\\/\\\/eldigitaldeasturias.com\\\/magazine365\\\/wp-content\\\/litespeed\\\/avatar\\\/e571bcf59a0edd6fa6838245a470f2fe.jpg?ver=1776969259\",\"width\":96,\"height\":96,\"caption\":\"admin\"}},{\"@type\":\"WebPage\",\"@id\":\"https:\\\/\\\/eldigitaldeasturias.com\\\/magazine365\\\/el-trafico-de-las-autopistas-encadena-dos-anos-al-alza-al-crecer-un-61-en-2015\\\/#webpage\",\"url\":\"https:\\\/\\\/eldigitaldeasturias.com\\\/magazine365\\\/el-trafico-de-las-autopistas-encadena-dos-anos-al-alza-al-crecer-un-61-en-2015\\\/\",\"name\":\"El tr\\u00e1fico de las autopistas encadena dos a\\u00f1os al alza al crecer un 6,1% en 2015 | El Digital de Asturias\",\"description\":\"La red de autopistas de peaje aument\\u00f3 su tr\\u00e1fico un 6,1% el pasado a\\u00f1o, que cerr\\u00f3 con una media de 15.021 usuarios diarios, seg\\u00fan informa la patronal de constructoras y concesionarias Seopan. Las v\\u00edas de pago encadenaron as\\u00ed en 2015 su segundo ejercicio consecutivo de crecimiento, tras el del 2,5% registrado en 2014, cuando rompieron\",\"inLanguage\":\"es-ES\",\"isPartOf\":{\"@id\":\"https:\\\/\\\/eldigitaldeasturias.com\\\/magazine365\\\/#website\"},\"breadcrumb\":{\"@id\":\"https:\\\/\\\/eldigitaldeasturias.com\\\/magazine365\\\/el-trafico-de-las-autopistas-encadena-dos-anos-al-alza-al-crecer-un-61-en-2015\\\/#breadcrumblist\"},\"author\":{\"@id\":\"https:\\\/\\\/eldigitaldeasturias.com\\\/magazine365\\\/author\\\/admin\\\/#author\"},\"creator\":{\"@id\":\"https:\\\/\\\/eldigitaldeasturias.com\\\/magazine365\\\/author\\\/admin\\\/#author\"},\"image\":{\"@type\":\"ImageObject\",\"url\":\"https:\\\/\\\/eldigitaldeasturias.com\\\/magazine365\\\/wp-content\\\/uploads\\\/2016\\\/02\\\/fotonoticia_20160127144444_800.jpg\",\"@id\":\"https:\\\/\\\/eldigitaldeasturias.com\\\/magazine365\\\/el-trafico-de-las-autopistas-encadena-dos-anos-al-alza-al-crecer-un-61-en-2015\\\/#mainImage\",\"width\":800,\"height\":523},\"primaryImageOfPage\":{\"@id\":\"https:\\\/\\\/eldigitaldeasturias.com\\\/magazine365\\\/el-trafico-de-las-autopistas-encadena-dos-anos-al-alza-al-crecer-un-61-en-2015\\\/#mainImage\"},\"datePublished\":\"2016-02-01T02:06:30+01:00\",\"dateModified\":\"2016-02-01T02:06:30+01:00\"},{\"@type\":\"WebSite\",\"@id\":\"https:\\\/\\\/eldigitaldeasturias.com\\\/magazine365\\\/#website\",\"url\":\"https:\\\/\\\/eldigitaldeasturias.com\\\/magazine365\\\/\",\"name\":\"El Digital de Asturias\",\"description\":\"Revista de ocio, turismo y estilo de vida\",\"inLanguage\":\"es-ES\",\"publisher\":{\"@id\":\"https:\\\/\\\/eldigitaldeasturias.com\\\/magazine365\\\/#organization\"}}]}\n\t\t<\/script>\n\t\t<!-- All in One SEO Pro -->\r\n\t\t<title>El tr\u00e1fico de las autopistas encadena dos a\u00f1os al alza al crecer un 6,1% en 2015 | El Digital de Asturias<\/title>\n\n","aioseo_head_json":{"title":"El tr\u00e1fico de las autopistas encadena dos a\u00f1os al alza al crecer un 6,1% en 2015 | El Digital de Asturias","description":"La red de autopistas de peaje aument\u00f3 su tr\u00e1fico un 6,1% el pasado a\u00f1o, que cerr\u00f3 con una media de 15.021 usuarios diarios, seg\u00fan informa la patronal de constructoras y concesionarias Seopan. Las v\u00edas de pago encadenaron as\u00ed en 2015 su segundo ejercicio consecutivo de crecimiento, tras el del 2,5% registrado en 2014, cuando rompieron","canonical_url":"https:\/\/eldigitaldeasturias.com\/magazine365\/el-trafico-de-las-autopistas-encadena-dos-anos-al-alza-al-crecer-un-61-en-2015\/","robots":"max-image-preview:large","keywords":"noticias y actualidad","webmasterTools":{"google-site-verification":"UA-38556648-1","miscellaneous":""},"schema":{"@context":"https:\/\/schema.org","@graph":[{"@type":"Article","@id":"https:\/\/eldigitaldeasturias.com\/magazine365\/el-trafico-de-las-autopistas-encadena-dos-anos-al-alza-al-crecer-un-61-en-2015\/#article","name":"El tr\u00e1fico de las autopistas encadena dos a\u00f1os al alza al crecer un 6,1% en 2015 | El Digital de Asturias","headline":"El tr\u00e1fico de las autopistas encadena dos a\u00f1os al alza al crecer un 6,1% en 2015","author":{"@id":"https:\/\/eldigitaldeasturias.com\/magazine365\/author\/admin\/#author"},"publisher":{"@id":"https:\/\/eldigitaldeasturias.com\/magazine365\/#organization"},"image":{"@type":"ImageObject","url":"https:\/\/eldigitaldeasturias.com\/magazine365\/wp-content\/uploads\/2016\/02\/fotonoticia_20160127144444_800.jpg","width":800,"height":523},"datePublished":"2016-02-01T02:06:30+01:00","dateModified":"2016-02-01T02:06:30+01:00","inLanguage":"es-ES","mainEntityOfPage":{"@id":"https:\/\/eldigitaldeasturias.com\/magazine365\/el-trafico-de-las-autopistas-encadena-dos-anos-al-alza-al-crecer-un-61-en-2015\/#webpage"},"isPartOf":{"@id":"https:\/\/eldigitaldeasturias.com\/magazine365\/el-trafico-de-las-autopistas-encadena-dos-anos-al-alza-al-crecer-un-61-en-2015\/#webpage"},"articleSection":"Noticias y Actualidad"},{"@type":"BreadcrumbList","@id":"https:\/\/eldigitaldeasturias.com\/magazine365\/el-trafico-de-las-autopistas-encadena-dos-anos-al-alza-al-crecer-un-61-en-2015\/#breadcrumblist","itemListElement":[{"@type":"ListItem","@id":"https:\/\/eldigitaldeasturias.com\/magazine365#listItem","position":1,"name":"Home","item":"https:\/\/eldigitaldeasturias.com\/magazine365","nextItem":{"@type":"ListItem","@id":"https:\/\/eldigitaldeasturias.com\/magazine365\/category\/noticias-actualidad\/#listItem","name":"Noticias y Actualidad"}},{"@type":"ListItem","@id":"https:\/\/eldigitaldeasturias.com\/magazine365\/category\/noticias-actualidad\/#listItem","position":2,"name":"Noticias y Actualidad","item":"https:\/\/eldigitaldeasturias.com\/magazine365\/category\/noticias-actualidad\/","nextItem":{"@type":"ListItem","@id":"https:\/\/eldigitaldeasturias.com\/magazine365\/el-trafico-de-las-autopistas-encadena-dos-anos-al-alza-al-crecer-un-61-en-2015\/#listItem","name":"El tr\u00e1fico de las autopistas encadena dos a\u00f1os al alza al crecer un 6,1% en 2015"},"previousItem":{"@type":"ListItem","@id":"https:\/\/eldigitaldeasturias.com\/magazine365#listItem","name":"Home"}},{"@type":"ListItem","@id":"https:\/\/eldigitaldeasturias.com\/magazine365\/el-trafico-de-las-autopistas-encadena-dos-anos-al-alza-al-crecer-un-61-en-2015\/#listItem","position":3,"name":"El tr\u00e1fico de las autopistas encadena dos a\u00f1os al alza al crecer un 6,1% en 2015","previousItem":{"@type":"ListItem","@id":"https:\/\/eldigitaldeasturias.com\/magazine365\/category\/noticias-actualidad\/#listItem","name":"Noticias y Actualidad"}}]},{"@type":"Organization","@id":"https:\/\/eldigitaldeasturias.com\/magazine365\/#organization","name":"El digital de Asturias","description":"Revista de ocio, turismo y estilo de vida","url":"https:\/\/eldigitaldeasturias.com\/magazine365\/","logo":{"@type":"ImageObject","url":"https:\/\/www.eldigitaldeasturias.com\/noticias\/wp-content\/uploads\/2020\/12\/EDA.jpg","@id":"https:\/\/eldigitaldeasturias.com\/magazine365\/el-trafico-de-las-autopistas-encadena-dos-anos-al-alza-al-crecer-un-61-en-2015\/#organizationLogo"},"image":{"@id":"https:\/\/eldigitaldeasturias.com\/magazine365\/el-trafico-de-las-autopistas-encadena-dos-anos-al-alza-al-crecer-un-61-en-2015\/#organizationLogo"}},{"@type":"Person","@id":"https:\/\/eldigitaldeasturias.com\/magazine365\/author\/admin\/#author","url":"https:\/\/eldigitaldeasturias.com\/magazine365\/author\/admin\/","name":"admin","image":{"@type":"ImageObject","@id":"https:\/\/eldigitaldeasturias.com\/magazine365\/el-trafico-de-las-autopistas-encadena-dos-anos-al-alza-al-crecer-un-61-en-2015\/#authorImage","url":"https:\/\/eldigitaldeasturias.com\/magazine365\/wp-content\/litespeed\/avatar\/e571bcf59a0edd6fa6838245a470f2fe.jpg?ver=1776969259","width":96,"height":96,"caption":"admin"}},{"@type":"WebPage","@id":"https:\/\/eldigitaldeasturias.com\/magazine365\/el-trafico-de-las-autopistas-encadena-dos-anos-al-alza-al-crecer-un-61-en-2015\/#webpage","url":"https:\/\/eldigitaldeasturias.com\/magazine365\/el-trafico-de-las-autopistas-encadena-dos-anos-al-alza-al-crecer-un-61-en-2015\/","name":"El tr\u00e1fico de las autopistas encadena dos a\u00f1os al alza al crecer un 6,1% en 2015 | El Digital de Asturias","description":"La red de autopistas de peaje aument\u00f3 su tr\u00e1fico un 6,1% el pasado a\u00f1o, que cerr\u00f3 con una media de 15.021 usuarios diarios, seg\u00fan informa la patronal de constructoras y concesionarias Seopan. Las v\u00edas de pago encadenaron as\u00ed en 2015 su segundo ejercicio consecutivo de crecimiento, tras el del 2,5% registrado en 2014, cuando rompieron","inLanguage":"es-ES","isPartOf":{"@id":"https:\/\/eldigitaldeasturias.com\/magazine365\/#website"},"breadcrumb":{"@id":"https:\/\/eldigitaldeasturias.com\/magazine365\/el-trafico-de-las-autopistas-encadena-dos-anos-al-alza-al-crecer-un-61-en-2015\/#breadcrumblist"},"author":{"@id":"https:\/\/eldigitaldeasturias.com\/magazine365\/author\/admin\/#author"},"creator":{"@id":"https:\/\/eldigitaldeasturias.com\/magazine365\/author\/admin\/#author"},"image":{"@type":"ImageObject","url":"https:\/\/eldigitaldeasturias.com\/magazine365\/wp-content\/uploads\/2016\/02\/fotonoticia_20160127144444_800.jpg","@id":"https:\/\/eldigitaldeasturias.com\/magazine365\/el-trafico-de-las-autopistas-encadena-dos-anos-al-alza-al-crecer-un-61-en-2015\/#mainImage","width":800,"height":523},"primaryImageOfPage":{"@id":"https:\/\/eldigitaldeasturias.com\/magazine365\/el-trafico-de-las-autopistas-encadena-dos-anos-al-alza-al-crecer-un-61-en-2015\/#mainImage"},"datePublished":"2016-02-01T02:06:30+01:00","dateModified":"2016-02-01T02:06:30+01:00"},{"@type":"WebSite","@id":"https:\/\/eldigitaldeasturias.com\/magazine365\/#website","url":"https:\/\/eldigitaldeasturias.com\/magazine365\/","name":"El Digital de Asturias","description":"Revista de ocio, turismo y estilo de vida","inLanguage":"es-ES","publisher":{"@id":"https:\/\/eldigitaldeasturias.com\/magazine365\/#organization"}}]},"og:locale":"es_ES","og:site_name":"El Digital de Asturias \u2013 Revista de ocio, turismo y estilo de vida","og:type":"article","og:title":"El tr\u00e1fico de las autopistas encadena dos a\u00f1os al alza al crecer un 6,1% en 2015 | El Digital de Asturias","og:description":"La red de autopistas de peaje aument\u00f3 su tr\u00e1fico un 6,1% el pasado a\u00f1o, que cerr\u00f3 con una media de 15.021 usuarios diarios, seg\u00fan informa la patronal de constructoras y concesionarias Seopan. Las v\u00edas de pago encadenaron as\u00ed en 2015 su segundo ejercicio consecutivo de crecimiento, tras el del 2,5% registrado en 2014, cuando rompieron","og:url":"https:\/\/eldigitaldeasturias.com\/magazine365\/el-trafico-de-las-autopistas-encadena-dos-anos-al-alza-al-crecer-un-61-en-2015\/","og:image":"https:\/\/eldigitaldeasturias.com\/magazine365\/wp-content\/uploads\/2016\/02\/fotonoticia_20160127144444_800.jpg","og:image:secure_url":"https:\/\/eldigitaldeasturias.com\/magazine365\/wp-content\/uploads\/2016\/02\/fotonoticia_20160127144444_800.jpg","og:image:width":800,"og:image:height":523,"article:published_time":"2016-02-01T01:06:30+00:00","article:modified_time":"2016-02-01T01:06:30+00:00","twitter:card":"summary_large_image","twitter:title":"El tr\u00e1fico de las autopistas encadena dos a\u00f1os al alza al crecer un 6,1% en 2015 | El Digital de Asturias","twitter:description":"La red de autopistas de peaje aument\u00f3 su tr\u00e1fico un 6,1% el pasado a\u00f1o, que cerr\u00f3 con una media de 15.021 usuarios diarios, seg\u00fan informa la patronal de constructoras y concesionarias Seopan. Las v\u00edas de pago encadenaron as\u00ed en 2015 su segundo ejercicio consecutivo de crecimiento, tras el del 2,5% registrado en 2014, cuando rompieron","twitter:image":"https:\/\/eldigitaldeasturias.com\/magazine365\/wp-content\/uploads\/2016\/02\/fotonoticia_20160127144444_800.jpg"},"aioseo_meta_data":{"post_id":"62413","title":null,"description":null,"keywords":null,"keyphrases":null,"primary_term":null,"canonical_url":null,"og_title":null,"og_description":null,"og_object_type":"default","og_image_type":"default","og_image_url":null,"og_image_width":null,"og_image_height":null,"og_image_custom_url":null,"og_image_custom_fields":null,"og_video":null,"og_custom_url":null,"og_article_section":null,"og_article_tags":null,"twitter_use_og":false,"twitter_card":"default","twitter_image_type":"default","twitter_image_url":null,"twitter_image_custom_url":null,"twitter_image_custom_fields":null,"twitter_title":null,"twitter_description":null,"schema":{"blockGraphs":[],"customGraphs":[],"default":{"data":{"Article":[],"Course":[],"Dataset":[],"FAQPage":[],"Movie":[],"Person":[],"Product":[],"ProductReview":[],"Car":[],"Recipe":[],"Service":[],"SoftwareApplication":[],"WebPage":[]},"graphName":"","isEnabled":true},"graphs":[],"defaultGraph":"","defaultPostTypeGraph":""},"schema_type":null,"schema_type_options":null,"pillar_content":false,"robots_default":true,"robots_noindex":false,"robots_noarchive":false,"robots_nosnippet":false,"robots_nofollow":false,"robots_noimageindex":false,"robots_noodp":false,"robots_notranslate":false,"robots_max_snippet":null,"robots_max_videopreview":null,"robots_max_imagepreview":"large","priority":null,"frequency":null,"location":null,"local_seo":null,"seo_analyzer_scan_date":"2025-09-25 11:05:27","breadcrumb_settings":null,"limit_modified_date":false,"open_ai":null,"ai":null,"created":"2021-03-08 21:36:39","updated":"2025-09-25 11:05:27"},"aioseo_breadcrumb":"<div class=\"aioseo-breadcrumbs\"><span class=\"aioseo-breadcrumb\">\n\t<a href=\"https:\/\/eldigitaldeasturias.com\/magazine365\" title=\"Home\">Home<\/a>\n<\/span><span class=\"aioseo-breadcrumb-separator\">\u2013<\/span><span class=\"aioseo-breadcrumb\">\n\t<a href=\"https:\/\/eldigitaldeasturias.com\/magazine365\/category\/noticias-actualidad\/\" title=\"Noticias y Actualidad\">Noticias y Actualidad<\/a>\n<\/span><span class=\"aioseo-breadcrumb-separator\">\u2013<\/span><span class=\"aioseo-breadcrumb\">\n\t<a href=\"https:\/\/eldigitaldeasturias.com\/magazine365\/el-trafico-de-las-autopistas-encadena-dos-anos-al-alza-al-crecer-un-61-en-2015\/\" title=\"El tr\u00e1fico de las autopistas encadena dos a\u00f1os al alza al crecer un 6,1% en 2015\">El tr\u00e1fico de las autopistas encadena dos a\u00f1os al alza al crecer un 6,1% en 2015<\/a>\n<\/span><\/div>","aioseo_breadcrumb_json":[{"label":"Home","link":"https:\/\/eldigitaldeasturias.com\/magazine365"},{"label":"Noticias y Actualidad","link":"https:\/\/eldigitaldeasturias.com\/magazine365\/category\/noticias-actualidad\/"},{"label":"El tr\u00e1fico de las autopistas encadena dos a\u00f1os al alza al crecer un 6,1% en 2015","link":"https:\/\/eldigitaldeasturias.com\/magazine365\/el-trafico-de-las-autopistas-encadena-dos-anos-al-alza-al-crecer-un-61-en-2015\/"}],"_links":{"self":[{"href":"https:\/\/eldigitaldeasturias.com\/magazine365\/wp-json\/wp\/v2\/posts\/62413","targetHints":{"allow":["GET"]}}],"collection":[{"href":"https:\/\/eldigitaldeasturias.com\/magazine365\/wp-json\/wp\/v2\/posts"}],"about":[{"href":"https:\/\/eldigitaldeasturias.com\/magazine365\/wp-json\/wp\/v2\/types\/post"}],"author":[{"embeddable":true,"href":"https:\/\/eldigitaldeasturias.com\/magazine365\/wp-json\/wp\/v2\/users\/1"}],"replies":[{"embeddable":true,"href":"https:\/\/eldigitaldeasturias.com\/magazine365\/wp-json\/wp\/v2\/comments?post=62413"}],"version-history":[{"count":0,"href":"https:\/\/eldigitaldeasturias.com\/magazine365\/wp-json\/wp\/v2\/posts\/62413\/revisions"}],"wp:featuredmedia":[{"embeddable":true,"href":"https:\/\/eldigitaldeasturias.com\/magazine365\/wp-json\/wp\/v2\/media\/62414"}],"wp:attachment":[{"href":"https:\/\/eldigitaldeasturias.com\/magazine365\/wp-json\/wp\/v2\/media?parent=62413"}],"wp:term":[{"taxonomy":"category","embeddable":true,"href":"https:\/\/eldigitaldeasturias.com\/magazine365\/wp-json\/wp\/v2\/categories?post=62413"},{"taxonomy":"post_tag","embeddable":true,"href":"https:\/\/eldigitaldeasturias.com\/magazine365\/wp-json\/wp\/v2\/tags?post=62413"}],"curies":[{"name":"wp","href":"https:\/\/api.w.org\/{rel}","templated":true}]}}