{"id":62410,"date":"2016-02-01T02:05:39","date_gmt":"2016-02-01T01:05:39","guid":{"rendered":"http:\/\/eldigitaldeasturias.com\/magazine365\/?p=62410"},"modified":"2016-02-01T02:05:39","modified_gmt":"2016-02-01T01:05:39","slug":"la-reserva-de-las-lagunas-de-villafafila-recibio-a-35-000-visitantes-en-2015","status":"publish","type":"post","link":"https:\/\/eldigitaldeasturias.com\/magazine365\/la-reserva-de-las-lagunas-de-villafafila-recibio-a-35-000-visitantes-en-2015\/","title":{"rendered":"La Reserva de las Lagunas de Villaf\u00e1fila recibi\u00f3 a 35.000 visitantes en 2015"},"content":{"rendered":"<p><img fetchpriority=\"high\" decoding=\"async\" class=\"alignleft size-medium wp-image-62411\" src=\"https:\/\/eldigitaldeasturias.com\/magazine365\/wp-content\/uploads\/2016\/02\/fotonoticia_20160127144304_800-360x279.jpg\" alt=\"fotonoticia_20160127144304_800\" width=\"360\" height=\"279\" srcset=\"https:\/\/eldigitaldeasturias.com\/magazine365\/wp-content\/uploads\/2016\/02\/fotonoticia_20160127144304_800-360x279.jpg 360w, https:\/\/eldigitaldeasturias.com\/magazine365\/wp-content\/uploads\/2016\/02\/fotonoticia_20160127144304_800-650x503.jpg 650w, https:\/\/eldigitaldeasturias.com\/magazine365\/wp-content\/uploads\/2016\/02\/fotonoticia_20160127144304_800-768x594.jpg 768w, https:\/\/eldigitaldeasturias.com\/magazine365\/wp-content\/uploads\/2016\/02\/fotonoticia_20160127144304_800-150x116.jpg 150w, https:\/\/eldigitaldeasturias.com\/magazine365\/wp-content\/uploads\/2016\/02\/fotonoticia_20160127144304_800-450x348.jpg 450w, https:\/\/eldigitaldeasturias.com\/magazine365\/wp-content\/uploads\/2016\/02\/fotonoticia_20160127144304_800-696x539.jpg 696w, https:\/\/eldigitaldeasturias.com\/magazine365\/wp-content\/uploads\/2016\/02\/fotonoticia_20160127144304_800-543x420.jpg 543w, https:\/\/eldigitaldeasturias.com\/magazine365\/wp-content\/uploads\/2016\/02\/fotonoticia_20160127144304_800.jpg 800w\" sizes=\"(max-width: 360px) 100vw, 360px\" \/>El consejero de Fomento y Medio Ambiente, Juan Carlos Su\u00e1rez-Qui\u00f1ones, ha visitado este mi\u00e9rcoles la Reserva de las Lagunas de Villaf\u00e1fila, en la provincia de Zamora, que junto a la Laguna de la Nava en Palencia es uno de los dos humedales m\u00e1s importantes del pa\u00eds y que el pasado a\u00f1o recibi\u00f3 a 35.000 visitantes de 27 nacionalidades.<\/p>\n<p>El consejero ha recordado en su visita que a lo largo de 2015, este espacio contabiliz\u00f3 a m\u00e1s de 35.000 visitantes de 27 nacionalidades diferentes, raz\u00f3n por la que se han creado \u00faltimamente 136 plazas hoteleras y siete restaurantes en la zona.<\/p>\n<p>Para el consejero, la Junta tiene como prioridad desde hace d\u00e9cadas la recuperaci\u00f3n de estos humedales esteparios, cuyos retos m\u00e1s importantes pasan por compatibilizar el mantenimiento de sus \u00abvalores naturales \u00fanicos\u00bb con el uso p\u00fablico y ordenado del espacio\u00bb, adem\u00e1s de ofrecer al visitante las mejores condiciones para que disfrute \u00abal m\u00e1ximo\u00bb de su estancia en la Reserva Natural.<\/p>\n<p>La Consejer\u00eda de Fomento y Medio Ambiente, ha asegurado, centra su esfuerzo inversor en mantener la infraestructura de uso p\u00fablico existente. En concreto, se han destinado 130.000 euros a mantener abierta la Casa del Parque, modernizar el sistema de c\u00e1maras existente en ella y el mantenimiento del resto de infraestructuras de uso p\u00fablico: se\u00f1ales, observatorios o \u00e1reas recreativas.<\/p>\n<p>Tambi\u00e9n, y en colaboraci\u00f3n con la Caixa, se han dispuesto medidas para reducir las poblaciones de topillo mediante el incremento de depredadores especializados (lechuza y cern\u00edcalos). Esta labor se acomete dados los buenos resultados obtenidos en un programa experimental de control biol\u00f3gico de plagas de topillos realizado por el GREFA en parte de la Reserva en el 2012 y cuyo objetivo principal del proyecto era aumentar la densidad de rapaces depredadoras de topillos como cern\u00edcalo vulgar y lechuza com\u00fan.<\/p>\n<p>Finalmente, y en colaboraci\u00f3n con los ayuntamientos y cazadores se han acometido mejoras en el medio, instal\u00e1ndose doce bebederos en zonas donde el agua limita le presencia de especies cineg\u00e9ticas, adem\u00e1s de ejecutar un plan de control del conejo, especie que causa actualmente el 86 por ciento de los da\u00f1os ocasionados por la fauna en la Reserva.<\/p>\n<p>Con estas actuaciones se han eliminado m\u00e1s de 1.000 conejos y se ha logrado estabilizar la cuant\u00eda de los da\u00f1os provocados por estos en los \u00faltimos tres a\u00f1os. Estos da\u00f1os son abonados por la Junta de Castilla y Le\u00f3n al producirse en una Reserva Regional de Caza.<\/p>\n<p>CARACTER\u00cdSTICAS<\/p>\n<p>Las Lagunas de Villaf\u00e1fila, ubicadas al noreste de la provincia de Zamora, en plena Tierra de Campos, constituyen uno de los m\u00e1s importantes humedales espa\u00f1oles y, sin duda, \u00abel m\u00e1s significativo enclave para las aves acu\u00e1ticas, esteparias y migratorias de Castilla y Le\u00f3n\u00bb.<\/p>\n<p>Este complejo lagunar, que est\u00e1 formado por tres lagunas principales &#8211; Salina Grande, Barillos y Salinas- y otra serie de peque\u00f1os humedales, est\u00e1 enclavado alrededor de la cuenca del r\u00edo Salado.<\/p>\n<p>La Reserva de las Lagunas de Villaf\u00e1fila tiene una extensi\u00f3n de m\u00e1s de 32.000 hect\u00e1reas y engloba once t\u00e9rminos municipales: Ca\u00f1izo, Cerecinos de Campos, Manganeses de la Lampreana, Revellinos, San Agust\u00edn del Pozo, San Mart\u00edn de Valderaduey, Tapioles, Villaf\u00e1fila, Villalba de la Lampreada, Vill\u00e1rdiga y Villarr\u00edn de Campos.<\/p>\n<p>Fue declarada Reserva Regional de Caza en marzo del 86 y, en septiembre del 87, fue declarada Zona de Especial Protecci\u00f3n para las Aves (ZEPA). Adem\u00e1s, est\u00e1 incluida en el Convenio Internacional de Zonas H\u00famedas de Ramsar. En el a\u00f1o 2006, se declar\u00f3 Reserva Natural, pasando este importante ecosistema a integrarse en la Red de Espacios Naturales de Castilla y Le\u00f3n, y el 14 de septiembre de 2015 se declar\u00f3 ZEC (Zona de Especial Conservaci\u00f3n).<\/p>\n<p>La situaci\u00f3n geogr\u00e1fica en la que se encuentran las convierten en un punto medio estrat\u00e9gico de las rutas migratorias de cientos de especies av\u00edcolas que migran desde toda Europa hasta Do\u00f1ana, norte de \u00c1frica y las grandes zonas costeras de Mauritania, lo que provoca las grandes concentraciones de aves invernantes en estas fechas.<\/p>\n<p>La especie principal que se puede encontrar en este humedal es el \u00e1nsar com\u00fan, conocido en Zamora como &#8216;pata grande&#8217;, pudi\u00e9ndose concentrar en esta \u00e9poca del a\u00f1o hasta 20.000 ejemplares, adem\u00e1s de grullas, \u00e1nade real o azul\u00f3n, pato cuchara, focha o garza real. Junto a esta \u00abgran variedad\u00bb de aves asociadas al agua convive adem\u00e1s una comunidad de aves diferente, colonizadora de los grandes espacios abiertos y secos, la avutarda, Otis tarda, que mantiene aqu\u00ed la mayor poblaci\u00f3n del mundo.<\/p>\n<p>LAGUNA DE LA NAVA EN PALENCIA<\/p>\n<p>La Laguna de la Nava, en Palencia, el segundo gran humedal de la estepa cerealista, se localiza en plena Tierra de Campos, ahora en una superficie de 440 hect\u00e1reas, en los t\u00e9rminos municipales de Fuentes de Nava y Mazariegos, pero lleg\u00f3 a alcanzar una extensi\u00f3n pr\u00f3xima a las 4.000 hect\u00e1reas en a\u00f1os lluviosos. Ha sido conocida como Mar de Campos y tras varios intentos se desec\u00f3 totalmente en 1968 para dedicar sus terrenos a la agricultura.<\/p>\n<p>La Junta de Castilla y Le\u00f3n participa desde los a\u00f1os 90 en los trabajos de recuperaci\u00f3n, a instancias de ganaderos y asociaciones conservacionistas, realizando las obras y trabajos para recuperar el humedal y responsabiliz\u00e1ndose de su gesti\u00f3n posterior. Su r\u00e9gimen hidrol\u00f3gico est\u00e1 controlado de manera artificial con aportaciones del Canal de Castilla imitando los ciclos naturales.<\/p>\n<p>La Nava posee importancia por la diversidad de la flora acu\u00e1tica y por la presencia de especies raras o amenazadas de algas y musgos acu\u00e1ticos. Pero, al igual que en las Lagunas de Villaf\u00e1fila, lo que le confiere \u00abmayor vistosidad\u00bb es la variedad tambi\u00e9n de aves acu\u00e1ticas, dado que se han podido localizar hasta 256 distintas, lo que supone la mitad de todas las especies presentes en territorio nacional.<\/p>\n<p>Garza real, garza imperial, cig\u00fce\u00f1a com\u00fan, esp\u00e1tula com\u00fan, \u00e1nade azul\u00f3n y carricer\u00edn cejudo son algunas de las especies que invernan aqu\u00ed. Por todo ello, est\u00e1 declarada como ZEPA (Zona de Especial Protecci\u00f3n para las Aves) y ZEC (Zona de Especial Conservaci\u00f3n), Zona H\u00fameda Catalogada y, desde 2002, est\u00e1 incluida en la Lista de Humedales de Importancia Internacional del Convenio de Ramsar. La Consejer\u00eda de Fomento y Medio Ambiente, en 2002, abri\u00f3 al p\u00fablico la Casa del Parque Fuentes de Nava para dar a conocer sus valores naturales.<\/p>\n","protected":false},"excerpt":{"rendered":"<p>El consejero de Fomento y Medio Ambiente, Juan Carlos Su\u00e1rez-Qui\u00f1ones, ha visitado este mi\u00e9rcoles la Reserva de las Lagunas de Villaf\u00e1fila, en la provincia de Zamora, que junto a la Laguna de la Nava en Palencia es uno de los dos humedales m\u00e1s importantes del pa\u00eds y que el pasado a\u00f1o recibi\u00f3 a 35.000 visitantes<\/p>\n","protected":false},"author":1,"featured_media":62411,"comment_status":"open","ping_status":"closed","sticky":false,"template":"","format":"standard","meta":{"footnotes":""},"categories":[224],"tags":[],"class_list":{"0":"post-62410","1":"post","2":"type-post","3":"status-publish","4":"format-standard","5":"has-post-thumbnail","7":"category-noticias-actualidad"},"aioseo_notices":[],"aioseo_head":"\n\t\t<!-- All in One SEO Pro 4.9.6.1 - aioseo.com -->\n\t<meta name=\"description\" content=\"El consejero de Fomento y Medio Ambiente, Juan Carlos Su\u00e1rez-Qui\u00f1ones, ha visitado este mi\u00e9rcoles la Reserva de las Lagunas de Villaf\u00e1fila, en la provincia de Zamora, que junto a la Laguna de la Nava en Palencia es uno de los dos humedales m\u00e1s importantes del pa\u00eds y que el pasado a\u00f1o recibi\u00f3 a 35.000 visitantes\" \/>\n\t<meta name=\"robots\" content=\"max-image-preview:large\" \/>\n\t<meta name=\"author\" content=\"admin\"\/>\n\t<meta name=\"google-site-verification\" content=\"UA-38556648-1\" \/>\n\t<meta name=\"keywords\" content=\"noticias y actualidad\" \/>\n\t<link rel=\"canonical\" href=\"https:\/\/eldigitaldeasturias.com\/magazine365\/la-reserva-de-las-lagunas-de-villafafila-recibio-a-35-000-visitantes-en-2015\/\" \/>\n\t<meta name=\"generator\" content=\"All in One SEO Pro (AIOSEO) 4.9.6.1\" \/>\n\t\t<meta property=\"og:locale\" content=\"es_ES\" \/>\n\t\t<meta property=\"og:site_name\" content=\"El Digital de Asturias \u2013 Revista de ocio, turismo y estilo de vida\" \/>\n\t\t<meta property=\"og:type\" content=\"article\" \/>\n\t\t<meta property=\"og:title\" content=\"La Reserva de las Lagunas de Villaf\u00e1fila recibi\u00f3 a 35.000 visitantes en 2015 | El Digital de Asturias\" \/>\n\t\t<meta property=\"og:description\" content=\"El consejero de Fomento y Medio Ambiente, Juan Carlos Su\u00e1rez-Qui\u00f1ones, ha visitado este mi\u00e9rcoles la Reserva de las Lagunas de Villaf\u00e1fila, en la provincia de Zamora, que junto a la Laguna de la Nava en Palencia es uno de los dos humedales m\u00e1s importantes del pa\u00eds y que el pasado a\u00f1o recibi\u00f3 a 35.000 visitantes\" \/>\n\t\t<meta property=\"og:url\" content=\"https:\/\/eldigitaldeasturias.com\/magazine365\/la-reserva-de-las-lagunas-de-villafafila-recibio-a-35-000-visitantes-en-2015\/\" \/>\n\t\t<meta property=\"og:image\" content=\"https:\/\/eldigitaldeasturias.com\/magazine365\/wp-content\/uploads\/2016\/02\/fotonoticia_20160127144304_800.jpg\" \/>\n\t\t<meta property=\"og:image:secure_url\" content=\"https:\/\/eldigitaldeasturias.com\/magazine365\/wp-content\/uploads\/2016\/02\/fotonoticia_20160127144304_800.jpg\" \/>\n\t\t<meta property=\"og:image:width\" content=\"800\" \/>\n\t\t<meta property=\"og:image:height\" content=\"619\" \/>\n\t\t<meta property=\"article:published_time\" content=\"2016-02-01T01:05:39+00:00\" \/>\n\t\t<meta property=\"article:modified_time\" content=\"2016-02-01T01:05:39+00:00\" \/>\n\t\t<meta name=\"twitter:card\" content=\"summary_large_image\" \/>\n\t\t<meta name=\"twitter:title\" content=\"La Reserva de las Lagunas de Villaf\u00e1fila recibi\u00f3 a 35.000 visitantes en 2015 | El Digital de Asturias\" \/>\n\t\t<meta name=\"twitter:description\" content=\"El consejero de Fomento y Medio Ambiente, Juan Carlos Su\u00e1rez-Qui\u00f1ones, ha visitado este mi\u00e9rcoles la Reserva de las Lagunas de Villaf\u00e1fila, en la provincia de Zamora, que junto a la Laguna de la Nava en Palencia es uno de los dos humedales m\u00e1s importantes del pa\u00eds y que el pasado a\u00f1o recibi\u00f3 a 35.000 visitantes\" \/>\n\t\t<meta name=\"twitter:image\" content=\"https:\/\/eldigitaldeasturias.com\/magazine365\/wp-content\/uploads\/2016\/02\/fotonoticia_20160127144304_800.jpg\" \/>\n\t\t<script type=\"application\/ld+json\" class=\"aioseo-schema\">\n\t\t\t{\"@context\":\"https:\\\/\\\/schema.org\",\"@graph\":[{\"@type\":\"Article\",\"@id\":\"https:\\\/\\\/eldigitaldeasturias.com\\\/magazine365\\\/la-reserva-de-las-lagunas-de-villafafila-recibio-a-35-000-visitantes-en-2015\\\/#article\",\"name\":\"La Reserva de las Lagunas de Villaf\\u00e1fila recibi\\u00f3 a 35.000 visitantes en 2015 | El Digital de Asturias\",\"headline\":\"La Reserva de las Lagunas de Villaf\\u00e1fila recibi\\u00f3 a 35.000 visitantes en 2015\",\"author\":{\"@id\":\"https:\\\/\\\/eldigitaldeasturias.com\\\/magazine365\\\/author\\\/admin\\\/#author\"},\"publisher\":{\"@id\":\"https:\\\/\\\/eldigitaldeasturias.com\\\/magazine365\\\/#organization\"},\"image\":{\"@type\":\"ImageObject\",\"url\":\"https:\\\/\\\/eldigitaldeasturias.com\\\/magazine365\\\/wp-content\\\/uploads\\\/2016\\\/02\\\/fotonoticia_20160127144304_800.jpg\",\"width\":800,\"height\":619},\"datePublished\":\"2016-02-01T02:05:39+01:00\",\"dateModified\":\"2016-02-01T02:05:39+01:00\",\"inLanguage\":\"es-ES\",\"mainEntityOfPage\":{\"@id\":\"https:\\\/\\\/eldigitaldeasturias.com\\\/magazine365\\\/la-reserva-de-las-lagunas-de-villafafila-recibio-a-35-000-visitantes-en-2015\\\/#webpage\"},\"isPartOf\":{\"@id\":\"https:\\\/\\\/eldigitaldeasturias.com\\\/magazine365\\\/la-reserva-de-las-lagunas-de-villafafila-recibio-a-35-000-visitantes-en-2015\\\/#webpage\"},\"articleSection\":\"Noticias y Actualidad\"},{\"@type\":\"BreadcrumbList\",\"@id\":\"https:\\\/\\\/eldigitaldeasturias.com\\\/magazine365\\\/la-reserva-de-las-lagunas-de-villafafila-recibio-a-35-000-visitantes-en-2015\\\/#breadcrumblist\",\"itemListElement\":[{\"@type\":\"ListItem\",\"@id\":\"https:\\\/\\\/eldigitaldeasturias.com\\\/magazine365#listItem\",\"position\":1,\"name\":\"Home\",\"item\":\"https:\\\/\\\/eldigitaldeasturias.com\\\/magazine365\",\"nextItem\":{\"@type\":\"ListItem\",\"@id\":\"https:\\\/\\\/eldigitaldeasturias.com\\\/magazine365\\\/category\\\/noticias-actualidad\\\/#listItem\",\"name\":\"Noticias y Actualidad\"}},{\"@type\":\"ListItem\",\"@id\":\"https:\\\/\\\/eldigitaldeasturias.com\\\/magazine365\\\/category\\\/noticias-actualidad\\\/#listItem\",\"position\":2,\"name\":\"Noticias y Actualidad\",\"item\":\"https:\\\/\\\/eldigitaldeasturias.com\\\/magazine365\\\/category\\\/noticias-actualidad\\\/\",\"nextItem\":{\"@type\":\"ListItem\",\"@id\":\"https:\\\/\\\/eldigitaldeasturias.com\\\/magazine365\\\/la-reserva-de-las-lagunas-de-villafafila-recibio-a-35-000-visitantes-en-2015\\\/#listItem\",\"name\":\"La Reserva de las Lagunas de Villaf\\u00e1fila recibi\\u00f3 a 35.000 visitantes en 2015\"},\"previousItem\":{\"@type\":\"ListItem\",\"@id\":\"https:\\\/\\\/eldigitaldeasturias.com\\\/magazine365#listItem\",\"name\":\"Home\"}},{\"@type\":\"ListItem\",\"@id\":\"https:\\\/\\\/eldigitaldeasturias.com\\\/magazine365\\\/la-reserva-de-las-lagunas-de-villafafila-recibio-a-35-000-visitantes-en-2015\\\/#listItem\",\"position\":3,\"name\":\"La Reserva de las Lagunas de Villaf\\u00e1fila recibi\\u00f3 a 35.000 visitantes en 2015\",\"previousItem\":{\"@type\":\"ListItem\",\"@id\":\"https:\\\/\\\/eldigitaldeasturias.com\\\/magazine365\\\/category\\\/noticias-actualidad\\\/#listItem\",\"name\":\"Noticias y Actualidad\"}}]},{\"@type\":\"Organization\",\"@id\":\"https:\\\/\\\/eldigitaldeasturias.com\\\/magazine365\\\/#organization\",\"name\":\"El digital de Asturias\",\"description\":\"Revista de ocio, turismo y estilo de vida\",\"url\":\"https:\\\/\\\/eldigitaldeasturias.com\\\/magazine365\\\/\",\"logo\":{\"@type\":\"ImageObject\",\"url\":\"https:\\\/\\\/www.eldigitaldeasturias.com\\\/noticias\\\/wp-content\\\/uploads\\\/2020\\\/12\\\/EDA.jpg\",\"@id\":\"https:\\\/\\\/eldigitaldeasturias.com\\\/magazine365\\\/la-reserva-de-las-lagunas-de-villafafila-recibio-a-35-000-visitantes-en-2015\\\/#organizationLogo\"},\"image\":{\"@id\":\"https:\\\/\\\/eldigitaldeasturias.com\\\/magazine365\\\/la-reserva-de-las-lagunas-de-villafafila-recibio-a-35-000-visitantes-en-2015\\\/#organizationLogo\"}},{\"@type\":\"Person\",\"@id\":\"https:\\\/\\\/eldigitaldeasturias.com\\\/magazine365\\\/author\\\/admin\\\/#author\",\"url\":\"https:\\\/\\\/eldigitaldeasturias.com\\\/magazine365\\\/author\\\/admin\\\/\",\"name\":\"admin\",\"image\":{\"@type\":\"ImageObject\",\"@id\":\"https:\\\/\\\/eldigitaldeasturias.com\\\/magazine365\\\/la-reserva-de-las-lagunas-de-villafafila-recibio-a-35-000-visitantes-en-2015\\\/#authorImage\",\"url\":\"https:\\\/\\\/eldigitaldeasturias.com\\\/magazine365\\\/wp-content\\\/litespeed\\\/avatar\\\/e571bcf59a0edd6fa6838245a470f2fe.jpg?ver=1776969259\",\"width\":96,\"height\":96,\"caption\":\"admin\"}},{\"@type\":\"WebPage\",\"@id\":\"https:\\\/\\\/eldigitaldeasturias.com\\\/magazine365\\\/la-reserva-de-las-lagunas-de-villafafila-recibio-a-35-000-visitantes-en-2015\\\/#webpage\",\"url\":\"https:\\\/\\\/eldigitaldeasturias.com\\\/magazine365\\\/la-reserva-de-las-lagunas-de-villafafila-recibio-a-35-000-visitantes-en-2015\\\/\",\"name\":\"La Reserva de las Lagunas de Villaf\\u00e1fila recibi\\u00f3 a 35.000 visitantes en 2015 | El Digital de Asturias\",\"description\":\"El consejero de Fomento y Medio Ambiente, Juan Carlos Su\\u00e1rez-Qui\\u00f1ones, ha visitado este mi\\u00e9rcoles la Reserva de las Lagunas de Villaf\\u00e1fila, en la provincia de Zamora, que junto a la Laguna de la Nava en Palencia es uno de los dos humedales m\\u00e1s importantes del pa\\u00eds y que el pasado a\\u00f1o recibi\\u00f3 a 35.000 visitantes\",\"inLanguage\":\"es-ES\",\"isPartOf\":{\"@id\":\"https:\\\/\\\/eldigitaldeasturias.com\\\/magazine365\\\/#website\"},\"breadcrumb\":{\"@id\":\"https:\\\/\\\/eldigitaldeasturias.com\\\/magazine365\\\/la-reserva-de-las-lagunas-de-villafafila-recibio-a-35-000-visitantes-en-2015\\\/#breadcrumblist\"},\"author\":{\"@id\":\"https:\\\/\\\/eldigitaldeasturias.com\\\/magazine365\\\/author\\\/admin\\\/#author\"},\"creator\":{\"@id\":\"https:\\\/\\\/eldigitaldeasturias.com\\\/magazine365\\\/author\\\/admin\\\/#author\"},\"image\":{\"@type\":\"ImageObject\",\"url\":\"https:\\\/\\\/eldigitaldeasturias.com\\\/magazine365\\\/wp-content\\\/uploads\\\/2016\\\/02\\\/fotonoticia_20160127144304_800.jpg\",\"@id\":\"https:\\\/\\\/eldigitaldeasturias.com\\\/magazine365\\\/la-reserva-de-las-lagunas-de-villafafila-recibio-a-35-000-visitantes-en-2015\\\/#mainImage\",\"width\":800,\"height\":619},\"primaryImageOfPage\":{\"@id\":\"https:\\\/\\\/eldigitaldeasturias.com\\\/magazine365\\\/la-reserva-de-las-lagunas-de-villafafila-recibio-a-35-000-visitantes-en-2015\\\/#mainImage\"},\"datePublished\":\"2016-02-01T02:05:39+01:00\",\"dateModified\":\"2016-02-01T02:05:39+01:00\"},{\"@type\":\"WebSite\",\"@id\":\"https:\\\/\\\/eldigitaldeasturias.com\\\/magazine365\\\/#website\",\"url\":\"https:\\\/\\\/eldigitaldeasturias.com\\\/magazine365\\\/\",\"name\":\"El Digital de Asturias\",\"description\":\"Revista de ocio, turismo y estilo de vida\",\"inLanguage\":\"es-ES\",\"publisher\":{\"@id\":\"https:\\\/\\\/eldigitaldeasturias.com\\\/magazine365\\\/#organization\"}}]}\n\t\t<\/script>\n\t\t<!-- All in One SEO Pro -->\r\n\t\t<title>La Reserva de las Lagunas de Villaf\u00e1fila recibi\u00f3 a 35.000 visitantes en 2015 | El Digital de Asturias<\/title>\n\n","aioseo_head_json":{"title":"La Reserva de las Lagunas de Villaf\u00e1fila recibi\u00f3 a 35.000 visitantes en 2015 | El Digital de Asturias","description":"El consejero de Fomento y Medio Ambiente, Juan Carlos Su\u00e1rez-Qui\u00f1ones, ha visitado este mi\u00e9rcoles la Reserva de las Lagunas de Villaf\u00e1fila, en la provincia de Zamora, que junto a la Laguna de la Nava en Palencia es uno de los dos humedales m\u00e1s importantes del pa\u00eds y que el pasado a\u00f1o recibi\u00f3 a 35.000 visitantes","canonical_url":"https:\/\/eldigitaldeasturias.com\/magazine365\/la-reserva-de-las-lagunas-de-villafafila-recibio-a-35-000-visitantes-en-2015\/","robots":"max-image-preview:large","keywords":"noticias y actualidad","webmasterTools":{"google-site-verification":"UA-38556648-1","miscellaneous":""},"schema":{"@context":"https:\/\/schema.org","@graph":[{"@type":"Article","@id":"https:\/\/eldigitaldeasturias.com\/magazine365\/la-reserva-de-las-lagunas-de-villafafila-recibio-a-35-000-visitantes-en-2015\/#article","name":"La Reserva de las Lagunas de Villaf\u00e1fila recibi\u00f3 a 35.000 visitantes en 2015 | El Digital de Asturias","headline":"La Reserva de las Lagunas de Villaf\u00e1fila recibi\u00f3 a 35.000 visitantes en 2015","author":{"@id":"https:\/\/eldigitaldeasturias.com\/magazine365\/author\/admin\/#author"},"publisher":{"@id":"https:\/\/eldigitaldeasturias.com\/magazine365\/#organization"},"image":{"@type":"ImageObject","url":"https:\/\/eldigitaldeasturias.com\/magazine365\/wp-content\/uploads\/2016\/02\/fotonoticia_20160127144304_800.jpg","width":800,"height":619},"datePublished":"2016-02-01T02:05:39+01:00","dateModified":"2016-02-01T02:05:39+01:00","inLanguage":"es-ES","mainEntityOfPage":{"@id":"https:\/\/eldigitaldeasturias.com\/magazine365\/la-reserva-de-las-lagunas-de-villafafila-recibio-a-35-000-visitantes-en-2015\/#webpage"},"isPartOf":{"@id":"https:\/\/eldigitaldeasturias.com\/magazine365\/la-reserva-de-las-lagunas-de-villafafila-recibio-a-35-000-visitantes-en-2015\/#webpage"},"articleSection":"Noticias y Actualidad"},{"@type":"BreadcrumbList","@id":"https:\/\/eldigitaldeasturias.com\/magazine365\/la-reserva-de-las-lagunas-de-villafafila-recibio-a-35-000-visitantes-en-2015\/#breadcrumblist","itemListElement":[{"@type":"ListItem","@id":"https:\/\/eldigitaldeasturias.com\/magazine365#listItem","position":1,"name":"Home","item":"https:\/\/eldigitaldeasturias.com\/magazine365","nextItem":{"@type":"ListItem","@id":"https:\/\/eldigitaldeasturias.com\/magazine365\/category\/noticias-actualidad\/#listItem","name":"Noticias y Actualidad"}},{"@type":"ListItem","@id":"https:\/\/eldigitaldeasturias.com\/magazine365\/category\/noticias-actualidad\/#listItem","position":2,"name":"Noticias y Actualidad","item":"https:\/\/eldigitaldeasturias.com\/magazine365\/category\/noticias-actualidad\/","nextItem":{"@type":"ListItem","@id":"https:\/\/eldigitaldeasturias.com\/magazine365\/la-reserva-de-las-lagunas-de-villafafila-recibio-a-35-000-visitantes-en-2015\/#listItem","name":"La Reserva de las Lagunas de Villaf\u00e1fila recibi\u00f3 a 35.000 visitantes en 2015"},"previousItem":{"@type":"ListItem","@id":"https:\/\/eldigitaldeasturias.com\/magazine365#listItem","name":"Home"}},{"@type":"ListItem","@id":"https:\/\/eldigitaldeasturias.com\/magazine365\/la-reserva-de-las-lagunas-de-villafafila-recibio-a-35-000-visitantes-en-2015\/#listItem","position":3,"name":"La Reserva de las Lagunas de Villaf\u00e1fila recibi\u00f3 a 35.000 visitantes en 2015","previousItem":{"@type":"ListItem","@id":"https:\/\/eldigitaldeasturias.com\/magazine365\/category\/noticias-actualidad\/#listItem","name":"Noticias y Actualidad"}}]},{"@type":"Organization","@id":"https:\/\/eldigitaldeasturias.com\/magazine365\/#organization","name":"El digital de Asturias","description":"Revista de ocio, turismo y estilo de vida","url":"https:\/\/eldigitaldeasturias.com\/magazine365\/","logo":{"@type":"ImageObject","url":"https:\/\/www.eldigitaldeasturias.com\/noticias\/wp-content\/uploads\/2020\/12\/EDA.jpg","@id":"https:\/\/eldigitaldeasturias.com\/magazine365\/la-reserva-de-las-lagunas-de-villafafila-recibio-a-35-000-visitantes-en-2015\/#organizationLogo"},"image":{"@id":"https:\/\/eldigitaldeasturias.com\/magazine365\/la-reserva-de-las-lagunas-de-villafafila-recibio-a-35-000-visitantes-en-2015\/#organizationLogo"}},{"@type":"Person","@id":"https:\/\/eldigitaldeasturias.com\/magazine365\/author\/admin\/#author","url":"https:\/\/eldigitaldeasturias.com\/magazine365\/author\/admin\/","name":"admin","image":{"@type":"ImageObject","@id":"https:\/\/eldigitaldeasturias.com\/magazine365\/la-reserva-de-las-lagunas-de-villafafila-recibio-a-35-000-visitantes-en-2015\/#authorImage","url":"https:\/\/eldigitaldeasturias.com\/magazine365\/wp-content\/litespeed\/avatar\/e571bcf59a0edd6fa6838245a470f2fe.jpg?ver=1776969259","width":96,"height":96,"caption":"admin"}},{"@type":"WebPage","@id":"https:\/\/eldigitaldeasturias.com\/magazine365\/la-reserva-de-las-lagunas-de-villafafila-recibio-a-35-000-visitantes-en-2015\/#webpage","url":"https:\/\/eldigitaldeasturias.com\/magazine365\/la-reserva-de-las-lagunas-de-villafafila-recibio-a-35-000-visitantes-en-2015\/","name":"La Reserva de las Lagunas de Villaf\u00e1fila recibi\u00f3 a 35.000 visitantes en 2015 | El Digital de Asturias","description":"El consejero de Fomento y Medio Ambiente, Juan Carlos Su\u00e1rez-Qui\u00f1ones, ha visitado este mi\u00e9rcoles la Reserva de las Lagunas de Villaf\u00e1fila, en la provincia de Zamora, que junto a la Laguna de la Nava en Palencia es uno de los dos humedales m\u00e1s importantes del pa\u00eds y que el pasado a\u00f1o recibi\u00f3 a 35.000 visitantes","inLanguage":"es-ES","isPartOf":{"@id":"https:\/\/eldigitaldeasturias.com\/magazine365\/#website"},"breadcrumb":{"@id":"https:\/\/eldigitaldeasturias.com\/magazine365\/la-reserva-de-las-lagunas-de-villafafila-recibio-a-35-000-visitantes-en-2015\/#breadcrumblist"},"author":{"@id":"https:\/\/eldigitaldeasturias.com\/magazine365\/author\/admin\/#author"},"creator":{"@id":"https:\/\/eldigitaldeasturias.com\/magazine365\/author\/admin\/#author"},"image":{"@type":"ImageObject","url":"https:\/\/eldigitaldeasturias.com\/magazine365\/wp-content\/uploads\/2016\/02\/fotonoticia_20160127144304_800.jpg","@id":"https:\/\/eldigitaldeasturias.com\/magazine365\/la-reserva-de-las-lagunas-de-villafafila-recibio-a-35-000-visitantes-en-2015\/#mainImage","width":800,"height":619},"primaryImageOfPage":{"@id":"https:\/\/eldigitaldeasturias.com\/magazine365\/la-reserva-de-las-lagunas-de-villafafila-recibio-a-35-000-visitantes-en-2015\/#mainImage"},"datePublished":"2016-02-01T02:05:39+01:00","dateModified":"2016-02-01T02:05:39+01:00"},{"@type":"WebSite","@id":"https:\/\/eldigitaldeasturias.com\/magazine365\/#website","url":"https:\/\/eldigitaldeasturias.com\/magazine365\/","name":"El Digital de Asturias","description":"Revista de ocio, turismo y estilo de vida","inLanguage":"es-ES","publisher":{"@id":"https:\/\/eldigitaldeasturias.com\/magazine365\/#organization"}}]},"og:locale":"es_ES","og:site_name":"El Digital de Asturias \u2013 Revista de ocio, turismo y estilo de vida","og:type":"article","og:title":"La Reserva de las Lagunas de Villaf\u00e1fila recibi\u00f3 a 35.000 visitantes en 2015 | El Digital de Asturias","og:description":"El consejero de Fomento y Medio Ambiente, Juan Carlos Su\u00e1rez-Qui\u00f1ones, ha visitado este mi\u00e9rcoles la Reserva de las Lagunas de Villaf\u00e1fila, en la provincia de Zamora, que junto a la Laguna de la Nava en Palencia es uno de los dos humedales m\u00e1s importantes del pa\u00eds y que el pasado a\u00f1o recibi\u00f3 a 35.000 visitantes","og:url":"https:\/\/eldigitaldeasturias.com\/magazine365\/la-reserva-de-las-lagunas-de-villafafila-recibio-a-35-000-visitantes-en-2015\/","og:image":"https:\/\/eldigitaldeasturias.com\/magazine365\/wp-content\/uploads\/2016\/02\/fotonoticia_20160127144304_800.jpg","og:image:secure_url":"https:\/\/eldigitaldeasturias.com\/magazine365\/wp-content\/uploads\/2016\/02\/fotonoticia_20160127144304_800.jpg","og:image:width":800,"og:image:height":619,"article:published_time":"2016-02-01T01:05:39+00:00","article:modified_time":"2016-02-01T01:05:39+00:00","twitter:card":"summary_large_image","twitter:title":"La Reserva de las Lagunas de Villaf\u00e1fila recibi\u00f3 a 35.000 visitantes en 2015 | El Digital de Asturias","twitter:description":"El consejero de Fomento y Medio Ambiente, Juan Carlos Su\u00e1rez-Qui\u00f1ones, ha visitado este mi\u00e9rcoles la Reserva de las Lagunas de Villaf\u00e1fila, en la provincia de Zamora, que junto a la Laguna de la Nava en Palencia es uno de los dos humedales m\u00e1s importantes del pa\u00eds y que el pasado a\u00f1o recibi\u00f3 a 35.000 visitantes","twitter:image":"https:\/\/eldigitaldeasturias.com\/magazine365\/wp-content\/uploads\/2016\/02\/fotonoticia_20160127144304_800.jpg"},"aioseo_meta_data":{"post_id":"62410","title":null,"description":null,"keywords":null,"keyphrases":null,"primary_term":null,"canonical_url":null,"og_title":null,"og_description":null,"og_object_type":"default","og_image_type":"default","og_image_url":null,"og_image_width":null,"og_image_height":null,"og_image_custom_url":null,"og_image_custom_fields":null,"og_video":null,"og_custom_url":null,"og_article_section":null,"og_article_tags":null,"twitter_use_og":false,"twitter_card":"default","twitter_image_type":"default","twitter_image_url":null,"twitter_image_custom_url":null,"twitter_image_custom_fields":null,"twitter_title":null,"twitter_description":null,"schema":{"blockGraphs":[],"customGraphs":[],"default":{"data":{"Article":[],"Course":[],"Dataset":[],"FAQPage":[],"Movie":[],"Person":[],"Product":[],"ProductReview":[],"Car":[],"Recipe":[],"Service":[],"SoftwareApplication":[],"WebPage":[]},"graphName":"","isEnabled":true},"graphs":[],"defaultGraph":"","defaultPostTypeGraph":""},"schema_type":null,"schema_type_options":null,"pillar_content":false,"robots_default":true,"robots_noindex":false,"robots_noarchive":false,"robots_nosnippet":false,"robots_nofollow":false,"robots_noimageindex":false,"robots_noodp":false,"robots_notranslate":false,"robots_max_snippet":null,"robots_max_videopreview":null,"robots_max_imagepreview":"large","priority":null,"frequency":null,"location":null,"local_seo":null,"seo_analyzer_scan_date":"2025-09-25 11:05:26","breadcrumb_settings":null,"limit_modified_date":false,"open_ai":null,"ai":null,"created":"2021-03-08 21:36:39","updated":"2025-09-25 11:05:26"},"aioseo_breadcrumb":"<div class=\"aioseo-breadcrumbs\"><span class=\"aioseo-breadcrumb\">\n\t<a href=\"https:\/\/eldigitaldeasturias.com\/magazine365\" title=\"Home\">Home<\/a>\n<\/span><span class=\"aioseo-breadcrumb-separator\">\u2013<\/span><span class=\"aioseo-breadcrumb\">\n\t<a href=\"https:\/\/eldigitaldeasturias.com\/magazine365\/category\/noticias-actualidad\/\" title=\"Noticias y Actualidad\">Noticias y Actualidad<\/a>\n<\/span><span class=\"aioseo-breadcrumb-separator\">\u2013<\/span><span class=\"aioseo-breadcrumb\">\n\t<a href=\"https:\/\/eldigitaldeasturias.com\/magazine365\/la-reserva-de-las-lagunas-de-villafafila-recibio-a-35-000-visitantes-en-2015\/\" title=\"La Reserva de las Lagunas de Villaf\u00e1fila recibi\u00f3 a 35.000 visitantes en 2015\">La Reserva de las Lagunas de Villaf\u00e1fila recibi\u00f3 a 35.000 visitantes en 2015<\/a>\n<\/span><\/div>","aioseo_breadcrumb_json":[{"label":"Home","link":"https:\/\/eldigitaldeasturias.com\/magazine365"},{"label":"Noticias y Actualidad","link":"https:\/\/eldigitaldeasturias.com\/magazine365\/category\/noticias-actualidad\/"},{"label":"La Reserva de las Lagunas de Villaf\u00e1fila recibi\u00f3 a 35.000 visitantes en 2015","link":"https:\/\/eldigitaldeasturias.com\/magazine365\/la-reserva-de-las-lagunas-de-villafafila-recibio-a-35-000-visitantes-en-2015\/"}],"_links":{"self":[{"href":"https:\/\/eldigitaldeasturias.com\/magazine365\/wp-json\/wp\/v2\/posts\/62410","targetHints":{"allow":["GET"]}}],"collection":[{"href":"https:\/\/eldigitaldeasturias.com\/magazine365\/wp-json\/wp\/v2\/posts"}],"about":[{"href":"https:\/\/eldigitaldeasturias.com\/magazine365\/wp-json\/wp\/v2\/types\/post"}],"author":[{"embeddable":true,"href":"https:\/\/eldigitaldeasturias.com\/magazine365\/wp-json\/wp\/v2\/users\/1"}],"replies":[{"embeddable":true,"href":"https:\/\/eldigitaldeasturias.com\/magazine365\/wp-json\/wp\/v2\/comments?post=62410"}],"version-history":[{"count":0,"href":"https:\/\/eldigitaldeasturias.com\/magazine365\/wp-json\/wp\/v2\/posts\/62410\/revisions"}],"wp:featuredmedia":[{"embeddable":true,"href":"https:\/\/eldigitaldeasturias.com\/magazine365\/wp-json\/wp\/v2\/media\/62411"}],"wp:attachment":[{"href":"https:\/\/eldigitaldeasturias.com\/magazine365\/wp-json\/wp\/v2\/media?parent=62410"}],"wp:term":[{"taxonomy":"category","embeddable":true,"href":"https:\/\/eldigitaldeasturias.com\/magazine365\/wp-json\/wp\/v2\/categories?post=62410"},{"taxonomy":"post_tag","embeddable":true,"href":"https:\/\/eldigitaldeasturias.com\/magazine365\/wp-json\/wp\/v2\/tags?post=62410"}],"curies":[{"name":"wp","href":"https:\/\/api.w.org\/{rel}","templated":true}]}}