{"id":62403,"date":"2016-02-01T02:01:58","date_gmt":"2016-02-01T01:01:58","guid":{"rendered":"http:\/\/eldigitaldeasturias.com\/magazine365\/?p=62403"},"modified":"2016-02-01T02:01:58","modified_gmt":"2016-02-01T01:01:58","slug":"diputacion-de-jaen-construira-un-mirador-en-la-sierra-de-andujar","status":"publish","type":"post","link":"https:\/\/eldigitaldeasturias.com\/magazine365\/diputacion-de-jaen-construira-un-mirador-en-la-sierra-de-andujar\/","title":{"rendered":"Diputaci\u00f3n de Ja\u00e9n construir\u00e1 un mirador en la Sierra de And\u00fajar"},"content":{"rendered":"<p>El diputado de Infraestructuras Municipales de la Diputaci\u00f3n de Ja\u00e9n, Jos\u00e9 Castro, ha presentado junto al alcalde de Villanueva de la Reina, Blas Alves, el proyecto que va a ejecutar la Diputaci\u00f3n para construir un mirador tur\u00edstico en la v\u00eda que une el Camino de los Escoriales con La Parrilla, en el Parque Natural Sierra de And\u00fajar.<\/p>\n<p>Esta carretera pertenece al t\u00e9rmino municipal de Villanueva de la Reina y, seg\u00fan ha explicado Castro, \u00abes una v\u00eda en la que ha aumentado mucho el tr\u00e1nsito de veh\u00edculos y personas, por eso el alcalde nos ha planteado la posibilidad de realizar un mirador en el kil\u00f3metro cinco\u00bb.<\/p>\n<p>Esta actuaci\u00f3n est\u00e1 pr\u00f3xima a ejecutarse, dado que, como ha anunciado el diputado de Infraestructuras Municipales, \u00abel proyecto ya est\u00e1 pr\u00e1cticamente redactado\u00bb. \u00abSer\u00e1 una obra que superar\u00e1 los 30.000 euros con la que vamos a contribuir a mejorar lo que es tambi\u00e9n el turismo en esta zona\u00bb, ha a\u00f1adido Castro, quien en esta l\u00ednea ha apuntado que \u00abde hecho, en esta intervenci\u00f3n se contempla que haya aparcamientos suficientes con el claro objetivo de que se puedan realizar actividades de observaci\u00f3n y de todo tipo\u00bb.<\/p>\n<p>Adem\u00e1s de contar con estas plazas de estacionamiento, el mirador tendr\u00e1 una superficie de plataforma de 18 metros cuadrados, con acabado de pavimento de granito irregular y forma de oct\u00f3gono irregular. La rampa de acceso al mirador tendr\u00e1 una pendiente del 6 por ciento, con una longitud de 20 metros y una anchura efectiva de 1 metro. La actuaci\u00f3n se completar\u00e1 con una zona de aparcamiento a pie de la rampa de acceso, las barandillas de protecci\u00f3n, tanto de la plataforma como de la rampa de acceso, as\u00ed como de la zona de aparcamiento.<\/p>\n","protected":false},"excerpt":{"rendered":"<p>El diputado de Infraestructuras Municipales de la Diputaci\u00f3n de Ja\u00e9n, Jos\u00e9 Castro, ha presentado junto al alcalde de Villanueva de la Reina, Blas Alves, el proyecto que va a ejecutar la Diputaci\u00f3n para construir un mirador tur\u00edstico en la v\u00eda que une el Camino de los Escoriales con La Parrilla, en el Parque Natural Sierra<\/p>\n","protected":false},"author":1,"featured_media":42478,"comment_status":"open","ping_status":"closed","sticky":false,"template":"","format":"standard","meta":{"footnotes":""},"categories":[224],"tags":[],"class_list":{"0":"post-62403","1":"post","2":"type-post","3":"status-publish","4":"format-standard","5":"has-post-thumbnail","7":"category-noticias-actualidad"},"aioseo_notices":[],"aioseo_head":"\n\t\t<!-- All in One SEO Pro 4.9.6.1 - aioseo.com -->\n\t<meta name=\"description\" content=\"El diputado de Infraestructuras Municipales de la Diputaci\u00f3n de Ja\u00e9n, Jos\u00e9 Castro, ha presentado junto al alcalde de Villanueva de la Reina, Blas Alves, el proyecto que va a ejecutar la Diputaci\u00f3n para construir un mirador tur\u00edstico en la v\u00eda que une el Camino de los Escoriales con La Parrilla, en el Parque Natural Sierra\" \/>\n\t<meta name=\"robots\" content=\"max-image-preview:large\" \/>\n\t<meta name=\"author\" content=\"admin\"\/>\n\t<meta name=\"google-site-verification\" content=\"UA-38556648-1\" \/>\n\t<meta name=\"keywords\" content=\"noticias y actualidad\" \/>\n\t<link rel=\"canonical\" href=\"https:\/\/eldigitaldeasturias.com\/magazine365\/diputacion-de-jaen-construira-un-mirador-en-la-sierra-de-andujar\/\" \/>\n\t<meta name=\"generator\" content=\"All in One SEO Pro (AIOSEO) 4.9.6.1\" \/>\n\t\t<meta property=\"og:locale\" content=\"es_ES\" \/>\n\t\t<meta property=\"og:site_name\" content=\"El Digital de Asturias \u2013 Revista de ocio, turismo y estilo de vida\" \/>\n\t\t<meta property=\"og:type\" content=\"article\" \/>\n\t\t<meta property=\"og:title\" content=\"Diputaci\u00f3n de Ja\u00e9n construir\u00e1 un mirador en la Sierra de And\u00fajar | El Digital de Asturias\" \/>\n\t\t<meta property=\"og:description\" content=\"El diputado de Infraestructuras Municipales de la Diputaci\u00f3n de Ja\u00e9n, Jos\u00e9 Castro, ha presentado junto al alcalde de Villanueva de la Reina, Blas Alves, el proyecto que va a ejecutar la Diputaci\u00f3n para construir un mirador tur\u00edstico en la v\u00eda que une el Camino de los Escoriales con La Parrilla, en el Parque Natural Sierra\" \/>\n\t\t<meta property=\"og:url\" content=\"https:\/\/eldigitaldeasturias.com\/magazine365\/diputacion-de-jaen-construira-un-mirador-en-la-sierra-de-andujar\/\" \/>\n\t\t<meta property=\"og:image\" content=\"https:\/\/eldigitaldeasturias.com\/magazine365\/wp-content\/uploads\/2015\/07\/euros.jpg\" \/>\n\t\t<meta property=\"og:image:secure_url\" content=\"https:\/\/eldigitaldeasturias.com\/magazine365\/wp-content\/uploads\/2015\/07\/euros.jpg\" \/>\n\t\t<meta property=\"og:image:width\" content=\"655\" \/>\n\t\t<meta property=\"og:image:height\" content=\"360\" \/>\n\t\t<meta property=\"article:published_time\" content=\"2016-02-01T01:01:58+00:00\" \/>\n\t\t<meta property=\"article:modified_time\" content=\"2016-02-01T01:01:58+00:00\" \/>\n\t\t<meta name=\"twitter:card\" content=\"summary_large_image\" \/>\n\t\t<meta name=\"twitter:title\" content=\"Diputaci\u00f3n de Ja\u00e9n construir\u00e1 un mirador en la Sierra de And\u00fajar | El Digital de Asturias\" \/>\n\t\t<meta name=\"twitter:description\" content=\"El diputado de Infraestructuras Municipales de la Diputaci\u00f3n de Ja\u00e9n, Jos\u00e9 Castro, ha presentado junto al alcalde de Villanueva de la Reina, Blas Alves, el proyecto que va a ejecutar la Diputaci\u00f3n para construir un mirador tur\u00edstico en la v\u00eda que une el Camino de los Escoriales con La Parrilla, en el Parque Natural Sierra\" \/>\n\t\t<meta name=\"twitter:image\" content=\"https:\/\/eldigitaldeasturias.com\/magazine365\/wp-content\/uploads\/2015\/07\/euros.jpg\" \/>\n\t\t<script type=\"application\/ld+json\" class=\"aioseo-schema\">\n\t\t\t{\"@context\":\"https:\\\/\\\/schema.org\",\"@graph\":[{\"@type\":\"Article\",\"@id\":\"https:\\\/\\\/eldigitaldeasturias.com\\\/magazine365\\\/diputacion-de-jaen-construira-un-mirador-en-la-sierra-de-andujar\\\/#article\",\"name\":\"Diputaci\\u00f3n de Ja\\u00e9n construir\\u00e1 un mirador en la Sierra de And\\u00fajar | El Digital de Asturias\",\"headline\":\"Diputaci\\u00f3n de Ja\\u00e9n construir\\u00e1 un mirador en la Sierra de And\\u00fajar\",\"author\":{\"@id\":\"https:\\\/\\\/eldigitaldeasturias.com\\\/magazine365\\\/author\\\/admin\\\/#author\"},\"publisher\":{\"@id\":\"https:\\\/\\\/eldigitaldeasturias.com\\\/magazine365\\\/#organization\"},\"image\":{\"@type\":\"ImageObject\",\"url\":\"https:\\\/\\\/eldigitaldeasturias.com\\\/magazine365\\\/wp-content\\\/uploads\\\/2015\\\/07\\\/euros.jpg\",\"width\":655,\"height\":360},\"datePublished\":\"2016-02-01T02:01:58+01:00\",\"dateModified\":\"2016-02-01T02:01:58+01:00\",\"inLanguage\":\"es-ES\",\"mainEntityOfPage\":{\"@id\":\"https:\\\/\\\/eldigitaldeasturias.com\\\/magazine365\\\/diputacion-de-jaen-construira-un-mirador-en-la-sierra-de-andujar\\\/#webpage\"},\"isPartOf\":{\"@id\":\"https:\\\/\\\/eldigitaldeasturias.com\\\/magazine365\\\/diputacion-de-jaen-construira-un-mirador-en-la-sierra-de-andujar\\\/#webpage\"},\"articleSection\":\"Noticias y Actualidad\"},{\"@type\":\"BreadcrumbList\",\"@id\":\"https:\\\/\\\/eldigitaldeasturias.com\\\/magazine365\\\/diputacion-de-jaen-construira-un-mirador-en-la-sierra-de-andujar\\\/#breadcrumblist\",\"itemListElement\":[{\"@type\":\"ListItem\",\"@id\":\"https:\\\/\\\/eldigitaldeasturias.com\\\/magazine365#listItem\",\"position\":1,\"name\":\"Home\",\"item\":\"https:\\\/\\\/eldigitaldeasturias.com\\\/magazine365\",\"nextItem\":{\"@type\":\"ListItem\",\"@id\":\"https:\\\/\\\/eldigitaldeasturias.com\\\/magazine365\\\/category\\\/noticias-actualidad\\\/#listItem\",\"name\":\"Noticias y Actualidad\"}},{\"@type\":\"ListItem\",\"@id\":\"https:\\\/\\\/eldigitaldeasturias.com\\\/magazine365\\\/category\\\/noticias-actualidad\\\/#listItem\",\"position\":2,\"name\":\"Noticias y Actualidad\",\"item\":\"https:\\\/\\\/eldigitaldeasturias.com\\\/magazine365\\\/category\\\/noticias-actualidad\\\/\",\"nextItem\":{\"@type\":\"ListItem\",\"@id\":\"https:\\\/\\\/eldigitaldeasturias.com\\\/magazine365\\\/diputacion-de-jaen-construira-un-mirador-en-la-sierra-de-andujar\\\/#listItem\",\"name\":\"Diputaci\\u00f3n de Ja\\u00e9n construir\\u00e1 un mirador en la Sierra de And\\u00fajar\"},\"previousItem\":{\"@type\":\"ListItem\",\"@id\":\"https:\\\/\\\/eldigitaldeasturias.com\\\/magazine365#listItem\",\"name\":\"Home\"}},{\"@type\":\"ListItem\",\"@id\":\"https:\\\/\\\/eldigitaldeasturias.com\\\/magazine365\\\/diputacion-de-jaen-construira-un-mirador-en-la-sierra-de-andujar\\\/#listItem\",\"position\":3,\"name\":\"Diputaci\\u00f3n de Ja\\u00e9n construir\\u00e1 un mirador en la Sierra de And\\u00fajar\",\"previousItem\":{\"@type\":\"ListItem\",\"@id\":\"https:\\\/\\\/eldigitaldeasturias.com\\\/magazine365\\\/category\\\/noticias-actualidad\\\/#listItem\",\"name\":\"Noticias y Actualidad\"}}]},{\"@type\":\"Organization\",\"@id\":\"https:\\\/\\\/eldigitaldeasturias.com\\\/magazine365\\\/#organization\",\"name\":\"El digital de Asturias\",\"description\":\"Revista de ocio, turismo y estilo de vida\",\"url\":\"https:\\\/\\\/eldigitaldeasturias.com\\\/magazine365\\\/\",\"logo\":{\"@type\":\"ImageObject\",\"url\":\"https:\\\/\\\/www.eldigitaldeasturias.com\\\/noticias\\\/wp-content\\\/uploads\\\/2020\\\/12\\\/EDA.jpg\",\"@id\":\"https:\\\/\\\/eldigitaldeasturias.com\\\/magazine365\\\/diputacion-de-jaen-construira-un-mirador-en-la-sierra-de-andujar\\\/#organizationLogo\"},\"image\":{\"@id\":\"https:\\\/\\\/eldigitaldeasturias.com\\\/magazine365\\\/diputacion-de-jaen-construira-un-mirador-en-la-sierra-de-andujar\\\/#organizationLogo\"}},{\"@type\":\"Person\",\"@id\":\"https:\\\/\\\/eldigitaldeasturias.com\\\/magazine365\\\/author\\\/admin\\\/#author\",\"url\":\"https:\\\/\\\/eldigitaldeasturias.com\\\/magazine365\\\/author\\\/admin\\\/\",\"name\":\"admin\",\"image\":{\"@type\":\"ImageObject\",\"@id\":\"https:\\\/\\\/eldigitaldeasturias.com\\\/magazine365\\\/diputacion-de-jaen-construira-un-mirador-en-la-sierra-de-andujar\\\/#authorImage\",\"url\":\"https:\\\/\\\/eldigitaldeasturias.com\\\/magazine365\\\/wp-content\\\/litespeed\\\/avatar\\\/e571bcf59a0edd6fa6838245a470f2fe.jpg?ver=1776969259\",\"width\":96,\"height\":96,\"caption\":\"admin\"}},{\"@type\":\"WebPage\",\"@id\":\"https:\\\/\\\/eldigitaldeasturias.com\\\/magazine365\\\/diputacion-de-jaen-construira-un-mirador-en-la-sierra-de-andujar\\\/#webpage\",\"url\":\"https:\\\/\\\/eldigitaldeasturias.com\\\/magazine365\\\/diputacion-de-jaen-construira-un-mirador-en-la-sierra-de-andujar\\\/\",\"name\":\"Diputaci\\u00f3n de Ja\\u00e9n construir\\u00e1 un mirador en la Sierra de And\\u00fajar | El Digital de Asturias\",\"description\":\"El diputado de Infraestructuras Municipales de la Diputaci\\u00f3n de Ja\\u00e9n, Jos\\u00e9 Castro, ha presentado junto al alcalde de Villanueva de la Reina, Blas Alves, el proyecto que va a ejecutar la Diputaci\\u00f3n para construir un mirador tur\\u00edstico en la v\\u00eda que une el Camino de los Escoriales con La Parrilla, en el Parque Natural Sierra\",\"inLanguage\":\"es-ES\",\"isPartOf\":{\"@id\":\"https:\\\/\\\/eldigitaldeasturias.com\\\/magazine365\\\/#website\"},\"breadcrumb\":{\"@id\":\"https:\\\/\\\/eldigitaldeasturias.com\\\/magazine365\\\/diputacion-de-jaen-construira-un-mirador-en-la-sierra-de-andujar\\\/#breadcrumblist\"},\"author\":{\"@id\":\"https:\\\/\\\/eldigitaldeasturias.com\\\/magazine365\\\/author\\\/admin\\\/#author\"},\"creator\":{\"@id\":\"https:\\\/\\\/eldigitaldeasturias.com\\\/magazine365\\\/author\\\/admin\\\/#author\"},\"image\":{\"@type\":\"ImageObject\",\"url\":\"https:\\\/\\\/eldigitaldeasturias.com\\\/magazine365\\\/wp-content\\\/uploads\\\/2015\\\/07\\\/euros.jpg\",\"@id\":\"https:\\\/\\\/eldigitaldeasturias.com\\\/magazine365\\\/diputacion-de-jaen-construira-un-mirador-en-la-sierra-de-andujar\\\/#mainImage\",\"width\":655,\"height\":360},\"primaryImageOfPage\":{\"@id\":\"https:\\\/\\\/eldigitaldeasturias.com\\\/magazine365\\\/diputacion-de-jaen-construira-un-mirador-en-la-sierra-de-andujar\\\/#mainImage\"},\"datePublished\":\"2016-02-01T02:01:58+01:00\",\"dateModified\":\"2016-02-01T02:01:58+01:00\"},{\"@type\":\"WebSite\",\"@id\":\"https:\\\/\\\/eldigitaldeasturias.com\\\/magazine365\\\/#website\",\"url\":\"https:\\\/\\\/eldigitaldeasturias.com\\\/magazine365\\\/\",\"name\":\"El Digital de Asturias\",\"description\":\"Revista de ocio, turismo y estilo de vida\",\"inLanguage\":\"es-ES\",\"publisher\":{\"@id\":\"https:\\\/\\\/eldigitaldeasturias.com\\\/magazine365\\\/#organization\"}}]}\n\t\t<\/script>\n\t\t<!-- All in One SEO Pro -->\r\n\t\t<title>Diputaci\u00f3n de Ja\u00e9n construir\u00e1 un mirador en la Sierra de And\u00fajar | El Digital de Asturias<\/title>\n\n","aioseo_head_json":{"title":"Diputaci\u00f3n de Ja\u00e9n construir\u00e1 un mirador en la Sierra de And\u00fajar | El Digital de Asturias","description":"El diputado de Infraestructuras Municipales de la Diputaci\u00f3n de Ja\u00e9n, Jos\u00e9 Castro, ha presentado junto al alcalde de Villanueva de la Reina, Blas Alves, el proyecto que va a ejecutar la Diputaci\u00f3n para construir un mirador tur\u00edstico en la v\u00eda que une el Camino de los Escoriales con La Parrilla, en el Parque Natural Sierra","canonical_url":"https:\/\/eldigitaldeasturias.com\/magazine365\/diputacion-de-jaen-construira-un-mirador-en-la-sierra-de-andujar\/","robots":"max-image-preview:large","keywords":"noticias y actualidad","webmasterTools":{"google-site-verification":"UA-38556648-1","miscellaneous":""},"schema":{"@context":"https:\/\/schema.org","@graph":[{"@type":"Article","@id":"https:\/\/eldigitaldeasturias.com\/magazine365\/diputacion-de-jaen-construira-un-mirador-en-la-sierra-de-andujar\/#article","name":"Diputaci\u00f3n de Ja\u00e9n construir\u00e1 un mirador en la Sierra de And\u00fajar | El Digital de Asturias","headline":"Diputaci\u00f3n de Ja\u00e9n construir\u00e1 un mirador en la Sierra de And\u00fajar","author":{"@id":"https:\/\/eldigitaldeasturias.com\/magazine365\/author\/admin\/#author"},"publisher":{"@id":"https:\/\/eldigitaldeasturias.com\/magazine365\/#organization"},"image":{"@type":"ImageObject","url":"https:\/\/eldigitaldeasturias.com\/magazine365\/wp-content\/uploads\/2015\/07\/euros.jpg","width":655,"height":360},"datePublished":"2016-02-01T02:01:58+01:00","dateModified":"2016-02-01T02:01:58+01:00","inLanguage":"es-ES","mainEntityOfPage":{"@id":"https:\/\/eldigitaldeasturias.com\/magazine365\/diputacion-de-jaen-construira-un-mirador-en-la-sierra-de-andujar\/#webpage"},"isPartOf":{"@id":"https:\/\/eldigitaldeasturias.com\/magazine365\/diputacion-de-jaen-construira-un-mirador-en-la-sierra-de-andujar\/#webpage"},"articleSection":"Noticias y Actualidad"},{"@type":"BreadcrumbList","@id":"https:\/\/eldigitaldeasturias.com\/magazine365\/diputacion-de-jaen-construira-un-mirador-en-la-sierra-de-andujar\/#breadcrumblist","itemListElement":[{"@type":"ListItem","@id":"https:\/\/eldigitaldeasturias.com\/magazine365#listItem","position":1,"name":"Home","item":"https:\/\/eldigitaldeasturias.com\/magazine365","nextItem":{"@type":"ListItem","@id":"https:\/\/eldigitaldeasturias.com\/magazine365\/category\/noticias-actualidad\/#listItem","name":"Noticias y Actualidad"}},{"@type":"ListItem","@id":"https:\/\/eldigitaldeasturias.com\/magazine365\/category\/noticias-actualidad\/#listItem","position":2,"name":"Noticias y Actualidad","item":"https:\/\/eldigitaldeasturias.com\/magazine365\/category\/noticias-actualidad\/","nextItem":{"@type":"ListItem","@id":"https:\/\/eldigitaldeasturias.com\/magazine365\/diputacion-de-jaen-construira-un-mirador-en-la-sierra-de-andujar\/#listItem","name":"Diputaci\u00f3n de Ja\u00e9n construir\u00e1 un mirador en la Sierra de And\u00fajar"},"previousItem":{"@type":"ListItem","@id":"https:\/\/eldigitaldeasturias.com\/magazine365#listItem","name":"Home"}},{"@type":"ListItem","@id":"https:\/\/eldigitaldeasturias.com\/magazine365\/diputacion-de-jaen-construira-un-mirador-en-la-sierra-de-andujar\/#listItem","position":3,"name":"Diputaci\u00f3n de Ja\u00e9n construir\u00e1 un mirador en la Sierra de And\u00fajar","previousItem":{"@type":"ListItem","@id":"https:\/\/eldigitaldeasturias.com\/magazine365\/category\/noticias-actualidad\/#listItem","name":"Noticias y Actualidad"}}]},{"@type":"Organization","@id":"https:\/\/eldigitaldeasturias.com\/magazine365\/#organization","name":"El digital de Asturias","description":"Revista de ocio, turismo y estilo de vida","url":"https:\/\/eldigitaldeasturias.com\/magazine365\/","logo":{"@type":"ImageObject","url":"https:\/\/www.eldigitaldeasturias.com\/noticias\/wp-content\/uploads\/2020\/12\/EDA.jpg","@id":"https:\/\/eldigitaldeasturias.com\/magazine365\/diputacion-de-jaen-construira-un-mirador-en-la-sierra-de-andujar\/#organizationLogo"},"image":{"@id":"https:\/\/eldigitaldeasturias.com\/magazine365\/diputacion-de-jaen-construira-un-mirador-en-la-sierra-de-andujar\/#organizationLogo"}},{"@type":"Person","@id":"https:\/\/eldigitaldeasturias.com\/magazine365\/author\/admin\/#author","url":"https:\/\/eldigitaldeasturias.com\/magazine365\/author\/admin\/","name":"admin","image":{"@type":"ImageObject","@id":"https:\/\/eldigitaldeasturias.com\/magazine365\/diputacion-de-jaen-construira-un-mirador-en-la-sierra-de-andujar\/#authorImage","url":"https:\/\/eldigitaldeasturias.com\/magazine365\/wp-content\/litespeed\/avatar\/e571bcf59a0edd6fa6838245a470f2fe.jpg?ver=1776969259","width":96,"height":96,"caption":"admin"}},{"@type":"WebPage","@id":"https:\/\/eldigitaldeasturias.com\/magazine365\/diputacion-de-jaen-construira-un-mirador-en-la-sierra-de-andujar\/#webpage","url":"https:\/\/eldigitaldeasturias.com\/magazine365\/diputacion-de-jaen-construira-un-mirador-en-la-sierra-de-andujar\/","name":"Diputaci\u00f3n de Ja\u00e9n construir\u00e1 un mirador en la Sierra de And\u00fajar | El Digital de Asturias","description":"El diputado de Infraestructuras Municipales de la Diputaci\u00f3n de Ja\u00e9n, Jos\u00e9 Castro, ha presentado junto al alcalde de Villanueva de la Reina, Blas Alves, el proyecto que va a ejecutar la Diputaci\u00f3n para construir un mirador tur\u00edstico en la v\u00eda que une el Camino de los Escoriales con La Parrilla, en el Parque Natural Sierra","inLanguage":"es-ES","isPartOf":{"@id":"https:\/\/eldigitaldeasturias.com\/magazine365\/#website"},"breadcrumb":{"@id":"https:\/\/eldigitaldeasturias.com\/magazine365\/diputacion-de-jaen-construira-un-mirador-en-la-sierra-de-andujar\/#breadcrumblist"},"author":{"@id":"https:\/\/eldigitaldeasturias.com\/magazine365\/author\/admin\/#author"},"creator":{"@id":"https:\/\/eldigitaldeasturias.com\/magazine365\/author\/admin\/#author"},"image":{"@type":"ImageObject","url":"https:\/\/eldigitaldeasturias.com\/magazine365\/wp-content\/uploads\/2015\/07\/euros.jpg","@id":"https:\/\/eldigitaldeasturias.com\/magazine365\/diputacion-de-jaen-construira-un-mirador-en-la-sierra-de-andujar\/#mainImage","width":655,"height":360},"primaryImageOfPage":{"@id":"https:\/\/eldigitaldeasturias.com\/magazine365\/diputacion-de-jaen-construira-un-mirador-en-la-sierra-de-andujar\/#mainImage"},"datePublished":"2016-02-01T02:01:58+01:00","dateModified":"2016-02-01T02:01:58+01:00"},{"@type":"WebSite","@id":"https:\/\/eldigitaldeasturias.com\/magazine365\/#website","url":"https:\/\/eldigitaldeasturias.com\/magazine365\/","name":"El Digital de Asturias","description":"Revista de ocio, turismo y estilo de vida","inLanguage":"es-ES","publisher":{"@id":"https:\/\/eldigitaldeasturias.com\/magazine365\/#organization"}}]},"og:locale":"es_ES","og:site_name":"El Digital de Asturias \u2013 Revista de ocio, turismo y estilo de vida","og:type":"article","og:title":"Diputaci\u00f3n de Ja\u00e9n construir\u00e1 un mirador en la Sierra de And\u00fajar | El Digital de Asturias","og:description":"El diputado de Infraestructuras Municipales de la Diputaci\u00f3n de Ja\u00e9n, Jos\u00e9 Castro, ha presentado junto al alcalde de Villanueva de la Reina, Blas Alves, el proyecto que va a ejecutar la Diputaci\u00f3n para construir un mirador tur\u00edstico en la v\u00eda que une el Camino de los Escoriales con La Parrilla, en el Parque Natural Sierra","og:url":"https:\/\/eldigitaldeasturias.com\/magazine365\/diputacion-de-jaen-construira-un-mirador-en-la-sierra-de-andujar\/","og:image":"https:\/\/eldigitaldeasturias.com\/magazine365\/wp-content\/uploads\/2015\/07\/euros.jpg","og:image:secure_url":"https:\/\/eldigitaldeasturias.com\/magazine365\/wp-content\/uploads\/2015\/07\/euros.jpg","og:image:width":655,"og:image:height":360,"article:published_time":"2016-02-01T01:01:58+00:00","article:modified_time":"2016-02-01T01:01:58+00:00","twitter:card":"summary_large_image","twitter:title":"Diputaci\u00f3n de Ja\u00e9n construir\u00e1 un mirador en la Sierra de And\u00fajar | El Digital de Asturias","twitter:description":"El diputado de Infraestructuras Municipales de la Diputaci\u00f3n de Ja\u00e9n, Jos\u00e9 Castro, ha presentado junto al alcalde de Villanueva de la Reina, Blas Alves, el proyecto que va a ejecutar la Diputaci\u00f3n para construir un mirador tur\u00edstico en la v\u00eda que une el Camino de los Escoriales con La Parrilla, en el Parque Natural Sierra","twitter:image":"https:\/\/eldigitaldeasturias.com\/magazine365\/wp-content\/uploads\/2015\/07\/euros.jpg"},"aioseo_meta_data":{"post_id":"62403","title":null,"description":null,"keywords":null,"keyphrases":null,"primary_term":null,"canonical_url":null,"og_title":null,"og_description":null,"og_object_type":"default","og_image_type":"default","og_image_url":null,"og_image_width":null,"og_image_height":null,"og_image_custom_url":null,"og_image_custom_fields":null,"og_video":null,"og_custom_url":null,"og_article_section":null,"og_article_tags":null,"twitter_use_og":false,"twitter_card":"default","twitter_image_type":"default","twitter_image_url":null,"twitter_image_custom_url":null,"twitter_image_custom_fields":null,"twitter_title":null,"twitter_description":null,"schema":{"blockGraphs":[],"customGraphs":[],"default":{"data":{"Article":[],"Course":[],"Dataset":[],"FAQPage":[],"Movie":[],"Person":[],"Product":[],"ProductReview":[],"Car":[],"Recipe":[],"Service":[],"SoftwareApplication":[],"WebPage":[]},"graphName":"","isEnabled":true},"graphs":[]},"schema_type":null,"schema_type_options":null,"pillar_content":false,"robots_default":true,"robots_noindex":false,"robots_noarchive":false,"robots_nosnippet":false,"robots_nofollow":false,"robots_noimageindex":false,"robots_noodp":false,"robots_notranslate":false,"robots_max_snippet":null,"robots_max_videopreview":null,"robots_max_imagepreview":"large","priority":null,"frequency":null,"location":null,"local_seo":null,"seo_analyzer_scan_date":"2025-09-25 11:05:21","breadcrumb_settings":null,"limit_modified_date":false,"open_ai":null,"ai":null,"created":"2021-03-08 21:37:54","updated":"2025-09-25 11:05:21"},"aioseo_breadcrumb":"<div class=\"aioseo-breadcrumbs\"><span class=\"aioseo-breadcrumb\">\n\t<a href=\"https:\/\/eldigitaldeasturias.com\/magazine365\" title=\"Home\">Home<\/a>\n<\/span><span class=\"aioseo-breadcrumb-separator\">\u2013<\/span><span class=\"aioseo-breadcrumb\">\n\t<a href=\"https:\/\/eldigitaldeasturias.com\/magazine365\/category\/noticias-actualidad\/\" title=\"Noticias y Actualidad\">Noticias y Actualidad<\/a>\n<\/span><span class=\"aioseo-breadcrumb-separator\">\u2013<\/span><span class=\"aioseo-breadcrumb\">\n\t<a href=\"https:\/\/eldigitaldeasturias.com\/magazine365\/diputacion-de-jaen-construira-un-mirador-en-la-sierra-de-andujar\/\" title=\"Diputaci\u00f3n de Ja\u00e9n construir\u00e1 un mirador en la Sierra de And\u00fajar\">Diputaci\u00f3n de Ja\u00e9n construir\u00e1 un mirador en la Sierra de And\u00fajar<\/a>\n<\/span><\/div>","aioseo_breadcrumb_json":[{"label":"Home","link":"https:\/\/eldigitaldeasturias.com\/magazine365"},{"label":"Noticias y Actualidad","link":"https:\/\/eldigitaldeasturias.com\/magazine365\/category\/noticias-actualidad\/"},{"label":"Diputaci\u00f3n de Ja\u00e9n construir\u00e1 un mirador en la Sierra de And\u00fajar","link":"https:\/\/eldigitaldeasturias.com\/magazine365\/diputacion-de-jaen-construira-un-mirador-en-la-sierra-de-andujar\/"}],"_links":{"self":[{"href":"https:\/\/eldigitaldeasturias.com\/magazine365\/wp-json\/wp\/v2\/posts\/62403","targetHints":{"allow":["GET"]}}],"collection":[{"href":"https:\/\/eldigitaldeasturias.com\/magazine365\/wp-json\/wp\/v2\/posts"}],"about":[{"href":"https:\/\/eldigitaldeasturias.com\/magazine365\/wp-json\/wp\/v2\/types\/post"}],"author":[{"embeddable":true,"href":"https:\/\/eldigitaldeasturias.com\/magazine365\/wp-json\/wp\/v2\/users\/1"}],"replies":[{"embeddable":true,"href":"https:\/\/eldigitaldeasturias.com\/magazine365\/wp-json\/wp\/v2\/comments?post=62403"}],"version-history":[{"count":0,"href":"https:\/\/eldigitaldeasturias.com\/magazine365\/wp-json\/wp\/v2\/posts\/62403\/revisions"}],"wp:featuredmedia":[{"embeddable":true,"href":"https:\/\/eldigitaldeasturias.com\/magazine365\/wp-json\/wp\/v2\/media\/42478"}],"wp:attachment":[{"href":"https:\/\/eldigitaldeasturias.com\/magazine365\/wp-json\/wp\/v2\/media?parent=62403"}],"wp:term":[{"taxonomy":"category","embeddable":true,"href":"https:\/\/eldigitaldeasturias.com\/magazine365\/wp-json\/wp\/v2\/categories?post=62403"},{"taxonomy":"post_tag","embeddable":true,"href":"https:\/\/eldigitaldeasturias.com\/magazine365\/wp-json\/wp\/v2\/tags?post=62403"}],"curies":[{"name":"wp","href":"https:\/\/api.w.org\/{rel}","templated":true}]}}