{"id":62377,"date":"2016-02-01T01:53:53","date_gmt":"2016-02-01T00:53:53","guid":{"rendered":"http:\/\/eldigitaldeasturias.com\/magazine365\/?p=62377"},"modified":"2016-02-01T01:53:53","modified_gmt":"2016-02-01T00:53:53","slug":"el-metro-de-barcelona-llegara-a-la-t1-de-el-prat-el-12-de-febrero-en-32-minutos","status":"publish","type":"post","link":"https:\/\/eldigitaldeasturias.com\/magazine365\/el-metro-de-barcelona-llegara-a-la-t1-de-el-prat-el-12-de-febrero-en-32-minutos\/","title":{"rendered":"El Metro de Barcelona llegar\u00e1 a la T1 de El Prat el 12 de febrero en 32 minutos"},"content":{"rendered":"<p><img fetchpriority=\"high\" decoding=\"async\" class=\"alignleft size-medium wp-image-62378\" src=\"https:\/\/eldigitaldeasturias.com\/magazine365\/wp-content\/uploads\/2016\/02\/fotonoticia_20160127131052_800-360x203.jpg\" alt=\"fotonoticia_20160127131052_800\" width=\"360\" height=\"203\" srcset=\"https:\/\/eldigitaldeasturias.com\/magazine365\/wp-content\/uploads\/2016\/02\/fotonoticia_20160127131052_800-360x203.jpg 360w, https:\/\/eldigitaldeasturias.com\/magazine365\/wp-content\/uploads\/2016\/02\/fotonoticia_20160127131052_800-650x366.jpg 650w, https:\/\/eldigitaldeasturias.com\/magazine365\/wp-content\/uploads\/2016\/02\/fotonoticia_20160127131052_800-768x432.jpg 768w, https:\/\/eldigitaldeasturias.com\/magazine365\/wp-content\/uploads\/2016\/02\/fotonoticia_20160127131052_800-150x84.jpg 150w, https:\/\/eldigitaldeasturias.com\/magazine365\/wp-content\/uploads\/2016\/02\/fotonoticia_20160127131052_800-450x253.jpg 450w, https:\/\/eldigitaldeasturias.com\/magazine365\/wp-content\/uploads\/2016\/02\/fotonoticia_20160127131052_800-696x392.jpg 696w, https:\/\/eldigitaldeasturias.com\/magazine365\/wp-content\/uploads\/2016\/02\/fotonoticia_20160127131052_800-747x420.jpg 747w, https:\/\/eldigitaldeasturias.com\/magazine365\/wp-content\/uploads\/2016\/02\/fotonoticia_20160127131052_800-499x280.jpg 499w, https:\/\/eldigitaldeasturias.com\/magazine365\/wp-content\/uploads\/2016\/02\/fotonoticia_20160127131052_800-510x289.jpg 510w, https:\/\/eldigitaldeasturias.com\/magazine365\/wp-content\/uploads\/2016\/02\/fotonoticia_20160127131052_800.jpg 800w\" sizes=\"(max-width: 360px) 100vw, 360px\" \/>El tramo de la L9 de Metro entre Zona Universit\u00e0ria y la T1 del Aeropuerto de Barcelona se inaugurar\u00e1 el viernes 12 de febrero, y el tiempo de viaje que tardar\u00e1 en realizar este trayecto ser\u00e1 de 32 minutos.<\/p>\n<p>As\u00ed lo ha dicho este mi\u00e9rcoles el conseller de Territorio y Sostenibilidad de la Generalitat, Josep Rull, en un viaje de prueba con la prensa, y ha indicado que la frecuencia de paso de los trenes ser\u00e1 de siete minutos, un tiempo que se puede reducir hasta por debajo de los cuatro minutos cuando se celebren grandes eventos, como el Mobile World Congress (MWC).<\/p>\n<p>Se har\u00e1 intercalando trenes con el servicio ordinario entre la T1 y la estaci\u00f3n de Fira, cuyo tiempo de trayecto es de 22 minutos, o entre Fira y Collblanc (siete minutos).<\/p>\n<p>El nuevo tramo ha requerido una inversi\u00f3n de 2.899 millones de euros &#8211;supondr\u00e1 que el canon ferroviario que paga la Generalitat para explotar la l\u00ednea aumente en 50 millones&#8211;, y con su inauguraci\u00f3n se prev\u00e9n incorporar 23 millones de validaciones.<\/p>\n<p>\u00abSe trata de la mayor l\u00ednea de trenes autom\u00e1tica, sin conductor, de toda Europa\u00bb, ha destacado Rull, y es que este tramo tiene una longitud de 20,1 kil\u00f3metros, muy similar a la de toda la L1 de Metro, de 20,7 kil\u00f3metros y que es la m\u00e1s larga de toda la red.<\/p>\n<p>Estos m\u00e1s de 20 kil\u00f3metros unir\u00e1n los municipios de Barcelona, L&#8217;Hospitalet de Llobregat y El Prat de Llobregat a trav\u00e9s de 15 estaciones: Zona Universitaria, Collblanc, Torrassa, Can Tries-Gornal, Europa-Fira, Fira, Parc Log\u00edstic, Mercabarna, Les Moreres, El Prat Estaci\u00f3, C\u00e8ntric, Parc Nou, Mas Blau, Aeroport-T2 y Aeroport-T1.<\/p>\n<p>Rull ha recalcado que la puesta en servicio de este tramo aportar\u00e1 una mayor competitividad al Aeropuerto de Barcelona, y para llegar a la T1 el pasajero deber\u00e1 pagar 4,5 euros, un precio superior a Rodalies, pero m\u00e1s econ\u00f3mico que el taxi o el Aerob\u00fas.<\/p>\n<p>TMB ha emitido 50.000 billetes que repartir\u00e1 entre los vecinos de las estaciones de este tramo para que puedan visitar la infraestructura el fin de semana del 12 de febrero.<\/p>\n<p>SIN FECHA PARA EL TRAMO CENTRAL<\/p>\n<p>Este tramo se suma a los ya inaugurados entre La Sagrera y Can Zam, en Santa Coloma de Gramenet (L9), y La Sagrera y Gorg (L10), en Badalona.<\/p>\n<p>Preguntado por el ramal sur, que debe unir el Gornal con el Pol\u00edgon Pratenc de la Zona Franca, Rull ha dicho que tiene que sentarse con el Ayuntamiento de Barcelona para abordar su financiaci\u00f3n, si bien se trata de una \u00abprioridad compartida\u00bb.<\/p>\n<p>Por otro lado, el tramo central, que debe unir toda la l\u00ednea cruzando la ciudad de Barcelona y cuyas obras est\u00e1n paradas, permanece sin fecha de inauguraci\u00f3n.<\/p>\n","protected":false},"excerpt":{"rendered":"<p>El tramo de la L9 de Metro entre Zona Universit\u00e0ria y la T1 del Aeropuerto de Barcelona se inaugurar\u00e1 el viernes 12 de febrero, y el tiempo de viaje que tardar\u00e1 en realizar este trayecto ser\u00e1 de 32 minutos. As\u00ed lo ha dicho este mi\u00e9rcoles el conseller de Territorio y Sostenibilidad de la Generalitat, Josep<\/p>\n","protected":false},"author":1,"featured_media":62378,"comment_status":"open","ping_status":"closed","sticky":false,"template":"","format":"standard","meta":{"footnotes":""},"categories":[224],"tags":[],"class_list":{"0":"post-62377","1":"post","2":"type-post","3":"status-publish","4":"format-standard","5":"has-post-thumbnail","7":"category-noticias-actualidad"},"aioseo_notices":[],"aioseo_head":"\n\t\t<!-- All in One SEO Pro 4.9.6.1 - aioseo.com -->\n\t<meta name=\"description\" content=\"El tramo de la L9 de Metro entre Zona Universit\u00e0ria y la T1 del Aeropuerto de Barcelona se inaugurar\u00e1 el viernes 12 de febrero, y el tiempo de viaje que tardar\u00e1 en realizar este trayecto ser\u00e1 de 32 minutos. As\u00ed lo ha dicho este mi\u00e9rcoles el conseller de Territorio y Sostenibilidad de la Generalitat, Josep\" \/>\n\t<meta name=\"robots\" content=\"max-image-preview:large\" \/>\n\t<meta name=\"author\" content=\"admin\"\/>\n\t<meta name=\"google-site-verification\" content=\"UA-38556648-1\" \/>\n\t<meta name=\"keywords\" content=\"noticias y actualidad\" \/>\n\t<link rel=\"canonical\" href=\"https:\/\/eldigitaldeasturias.com\/magazine365\/el-metro-de-barcelona-llegara-a-la-t1-de-el-prat-el-12-de-febrero-en-32-minutos\/\" \/>\n\t<meta name=\"generator\" content=\"All in One SEO Pro (AIOSEO) 4.9.6.1\" \/>\n\t\t<meta property=\"og:locale\" content=\"es_ES\" \/>\n\t\t<meta property=\"og:site_name\" content=\"El Digital de Asturias \u2013 Revista de ocio, turismo y estilo de vida\" \/>\n\t\t<meta property=\"og:type\" content=\"article\" \/>\n\t\t<meta property=\"og:title\" content=\"El Metro de Barcelona llegar\u00e1 a la T1 de El Prat el 12 de febrero en 32 minutos | El Digital de Asturias\" \/>\n\t\t<meta property=\"og:description\" content=\"El tramo de la L9 de Metro entre Zona Universit\u00e0ria y la T1 del Aeropuerto de Barcelona se inaugurar\u00e1 el viernes 12 de febrero, y el tiempo de viaje que tardar\u00e1 en realizar este trayecto ser\u00e1 de 32 minutos. As\u00ed lo ha dicho este mi\u00e9rcoles el conseller de Territorio y Sostenibilidad de la Generalitat, Josep\" \/>\n\t\t<meta property=\"og:url\" content=\"https:\/\/eldigitaldeasturias.com\/magazine365\/el-metro-de-barcelona-llegara-a-la-t1-de-el-prat-el-12-de-febrero-en-32-minutos\/\" \/>\n\t\t<meta property=\"og:image\" content=\"https:\/\/eldigitaldeasturias.com\/magazine365\/wp-content\/uploads\/2016\/02\/fotonoticia_20160127131052_800.jpg\" \/>\n\t\t<meta property=\"og:image:secure_url\" content=\"https:\/\/eldigitaldeasturias.com\/magazine365\/wp-content\/uploads\/2016\/02\/fotonoticia_20160127131052_800.jpg\" \/>\n\t\t<meta property=\"og:image:width\" content=\"800\" \/>\n\t\t<meta property=\"og:image:height\" content=\"450\" \/>\n\t\t<meta property=\"article:published_time\" content=\"2016-02-01T00:53:53+00:00\" \/>\n\t\t<meta property=\"article:modified_time\" content=\"2016-02-01T00:53:53+00:00\" \/>\n\t\t<meta name=\"twitter:card\" content=\"summary_large_image\" \/>\n\t\t<meta name=\"twitter:title\" content=\"El Metro de Barcelona llegar\u00e1 a la T1 de El Prat el 12 de febrero en 32 minutos | El Digital de Asturias\" \/>\n\t\t<meta name=\"twitter:description\" content=\"El tramo de la L9 de Metro entre Zona Universit\u00e0ria y la T1 del Aeropuerto de Barcelona se inaugurar\u00e1 el viernes 12 de febrero, y el tiempo de viaje que tardar\u00e1 en realizar este trayecto ser\u00e1 de 32 minutos. As\u00ed lo ha dicho este mi\u00e9rcoles el conseller de Territorio y Sostenibilidad de la Generalitat, Josep\" \/>\n\t\t<meta name=\"twitter:image\" content=\"https:\/\/eldigitaldeasturias.com\/magazine365\/wp-content\/uploads\/2016\/02\/fotonoticia_20160127131052_800.jpg\" \/>\n\t\t<script type=\"application\/ld+json\" class=\"aioseo-schema\">\n\t\t\t{\"@context\":\"https:\\\/\\\/schema.org\",\"@graph\":[{\"@type\":\"Article\",\"@id\":\"https:\\\/\\\/eldigitaldeasturias.com\\\/magazine365\\\/el-metro-de-barcelona-llegara-a-la-t1-de-el-prat-el-12-de-febrero-en-32-minutos\\\/#article\",\"name\":\"El Metro de Barcelona llegar\\u00e1 a la T1 de El Prat el 12 de febrero en 32 minutos | El Digital de Asturias\",\"headline\":\"El Metro de Barcelona llegar\\u00e1 a la T1 de El Prat el 12 de febrero en 32 minutos\",\"author\":{\"@id\":\"https:\\\/\\\/eldigitaldeasturias.com\\\/magazine365\\\/author\\\/admin\\\/#author\"},\"publisher\":{\"@id\":\"https:\\\/\\\/eldigitaldeasturias.com\\\/magazine365\\\/#organization\"},\"image\":{\"@type\":\"ImageObject\",\"url\":\"https:\\\/\\\/eldigitaldeasturias.com\\\/magazine365\\\/wp-content\\\/uploads\\\/2016\\\/02\\\/fotonoticia_20160127131052_800.jpg\",\"width\":800,\"height\":450},\"datePublished\":\"2016-02-01T01:53:53+01:00\",\"dateModified\":\"2016-02-01T01:53:53+01:00\",\"inLanguage\":\"es-ES\",\"mainEntityOfPage\":{\"@id\":\"https:\\\/\\\/eldigitaldeasturias.com\\\/magazine365\\\/el-metro-de-barcelona-llegara-a-la-t1-de-el-prat-el-12-de-febrero-en-32-minutos\\\/#webpage\"},\"isPartOf\":{\"@id\":\"https:\\\/\\\/eldigitaldeasturias.com\\\/magazine365\\\/el-metro-de-barcelona-llegara-a-la-t1-de-el-prat-el-12-de-febrero-en-32-minutos\\\/#webpage\"},\"articleSection\":\"Noticias y Actualidad\"},{\"@type\":\"BreadcrumbList\",\"@id\":\"https:\\\/\\\/eldigitaldeasturias.com\\\/magazine365\\\/el-metro-de-barcelona-llegara-a-la-t1-de-el-prat-el-12-de-febrero-en-32-minutos\\\/#breadcrumblist\",\"itemListElement\":[{\"@type\":\"ListItem\",\"@id\":\"https:\\\/\\\/eldigitaldeasturias.com\\\/magazine365#listItem\",\"position\":1,\"name\":\"Home\",\"item\":\"https:\\\/\\\/eldigitaldeasturias.com\\\/magazine365\",\"nextItem\":{\"@type\":\"ListItem\",\"@id\":\"https:\\\/\\\/eldigitaldeasturias.com\\\/magazine365\\\/category\\\/noticias-actualidad\\\/#listItem\",\"name\":\"Noticias y Actualidad\"}},{\"@type\":\"ListItem\",\"@id\":\"https:\\\/\\\/eldigitaldeasturias.com\\\/magazine365\\\/category\\\/noticias-actualidad\\\/#listItem\",\"position\":2,\"name\":\"Noticias y Actualidad\",\"item\":\"https:\\\/\\\/eldigitaldeasturias.com\\\/magazine365\\\/category\\\/noticias-actualidad\\\/\",\"nextItem\":{\"@type\":\"ListItem\",\"@id\":\"https:\\\/\\\/eldigitaldeasturias.com\\\/magazine365\\\/el-metro-de-barcelona-llegara-a-la-t1-de-el-prat-el-12-de-febrero-en-32-minutos\\\/#listItem\",\"name\":\"El Metro de Barcelona llegar\\u00e1 a la T1 de El Prat el 12 de febrero en 32 minutos\"},\"previousItem\":{\"@type\":\"ListItem\",\"@id\":\"https:\\\/\\\/eldigitaldeasturias.com\\\/magazine365#listItem\",\"name\":\"Home\"}},{\"@type\":\"ListItem\",\"@id\":\"https:\\\/\\\/eldigitaldeasturias.com\\\/magazine365\\\/el-metro-de-barcelona-llegara-a-la-t1-de-el-prat-el-12-de-febrero-en-32-minutos\\\/#listItem\",\"position\":3,\"name\":\"El Metro de Barcelona llegar\\u00e1 a la T1 de El Prat el 12 de febrero en 32 minutos\",\"previousItem\":{\"@type\":\"ListItem\",\"@id\":\"https:\\\/\\\/eldigitaldeasturias.com\\\/magazine365\\\/category\\\/noticias-actualidad\\\/#listItem\",\"name\":\"Noticias y Actualidad\"}}]},{\"@type\":\"Organization\",\"@id\":\"https:\\\/\\\/eldigitaldeasturias.com\\\/magazine365\\\/#organization\",\"name\":\"El digital de Asturias\",\"description\":\"Revista de ocio, turismo y estilo de vida\",\"url\":\"https:\\\/\\\/eldigitaldeasturias.com\\\/magazine365\\\/\",\"logo\":{\"@type\":\"ImageObject\",\"url\":\"https:\\\/\\\/www.eldigitaldeasturias.com\\\/noticias\\\/wp-content\\\/uploads\\\/2020\\\/12\\\/EDA.jpg\",\"@id\":\"https:\\\/\\\/eldigitaldeasturias.com\\\/magazine365\\\/el-metro-de-barcelona-llegara-a-la-t1-de-el-prat-el-12-de-febrero-en-32-minutos\\\/#organizationLogo\"},\"image\":{\"@id\":\"https:\\\/\\\/eldigitaldeasturias.com\\\/magazine365\\\/el-metro-de-barcelona-llegara-a-la-t1-de-el-prat-el-12-de-febrero-en-32-minutos\\\/#organizationLogo\"}},{\"@type\":\"Person\",\"@id\":\"https:\\\/\\\/eldigitaldeasturias.com\\\/magazine365\\\/author\\\/admin\\\/#author\",\"url\":\"https:\\\/\\\/eldigitaldeasturias.com\\\/magazine365\\\/author\\\/admin\\\/\",\"name\":\"admin\",\"image\":{\"@type\":\"ImageObject\",\"@id\":\"https:\\\/\\\/eldigitaldeasturias.com\\\/magazine365\\\/el-metro-de-barcelona-llegara-a-la-t1-de-el-prat-el-12-de-febrero-en-32-minutos\\\/#authorImage\",\"url\":\"https:\\\/\\\/eldigitaldeasturias.com\\\/magazine365\\\/wp-content\\\/litespeed\\\/avatar\\\/e571bcf59a0edd6fa6838245a470f2fe.jpg?ver=1776969259\",\"width\":96,\"height\":96,\"caption\":\"admin\"}},{\"@type\":\"WebPage\",\"@id\":\"https:\\\/\\\/eldigitaldeasturias.com\\\/magazine365\\\/el-metro-de-barcelona-llegara-a-la-t1-de-el-prat-el-12-de-febrero-en-32-minutos\\\/#webpage\",\"url\":\"https:\\\/\\\/eldigitaldeasturias.com\\\/magazine365\\\/el-metro-de-barcelona-llegara-a-la-t1-de-el-prat-el-12-de-febrero-en-32-minutos\\\/\",\"name\":\"El Metro de Barcelona llegar\\u00e1 a la T1 de El Prat el 12 de febrero en 32 minutos | El Digital de Asturias\",\"description\":\"El tramo de la L9 de Metro entre Zona Universit\\u00e0ria y la T1 del Aeropuerto de Barcelona se inaugurar\\u00e1 el viernes 12 de febrero, y el tiempo de viaje que tardar\\u00e1 en realizar este trayecto ser\\u00e1 de 32 minutos. As\\u00ed lo ha dicho este mi\\u00e9rcoles el conseller de Territorio y Sostenibilidad de la Generalitat, Josep\",\"inLanguage\":\"es-ES\",\"isPartOf\":{\"@id\":\"https:\\\/\\\/eldigitaldeasturias.com\\\/magazine365\\\/#website\"},\"breadcrumb\":{\"@id\":\"https:\\\/\\\/eldigitaldeasturias.com\\\/magazine365\\\/el-metro-de-barcelona-llegara-a-la-t1-de-el-prat-el-12-de-febrero-en-32-minutos\\\/#breadcrumblist\"},\"author\":{\"@id\":\"https:\\\/\\\/eldigitaldeasturias.com\\\/magazine365\\\/author\\\/admin\\\/#author\"},\"creator\":{\"@id\":\"https:\\\/\\\/eldigitaldeasturias.com\\\/magazine365\\\/author\\\/admin\\\/#author\"},\"image\":{\"@type\":\"ImageObject\",\"url\":\"https:\\\/\\\/eldigitaldeasturias.com\\\/magazine365\\\/wp-content\\\/uploads\\\/2016\\\/02\\\/fotonoticia_20160127131052_800.jpg\",\"@id\":\"https:\\\/\\\/eldigitaldeasturias.com\\\/magazine365\\\/el-metro-de-barcelona-llegara-a-la-t1-de-el-prat-el-12-de-febrero-en-32-minutos\\\/#mainImage\",\"width\":800,\"height\":450},\"primaryImageOfPage\":{\"@id\":\"https:\\\/\\\/eldigitaldeasturias.com\\\/magazine365\\\/el-metro-de-barcelona-llegara-a-la-t1-de-el-prat-el-12-de-febrero-en-32-minutos\\\/#mainImage\"},\"datePublished\":\"2016-02-01T01:53:53+01:00\",\"dateModified\":\"2016-02-01T01:53:53+01:00\"},{\"@type\":\"WebSite\",\"@id\":\"https:\\\/\\\/eldigitaldeasturias.com\\\/magazine365\\\/#website\",\"url\":\"https:\\\/\\\/eldigitaldeasturias.com\\\/magazine365\\\/\",\"name\":\"El Digital de Asturias\",\"description\":\"Revista de ocio, turismo y estilo de vida\",\"inLanguage\":\"es-ES\",\"publisher\":{\"@id\":\"https:\\\/\\\/eldigitaldeasturias.com\\\/magazine365\\\/#organization\"}}]}\n\t\t<\/script>\n\t\t<!-- All in One SEO Pro -->\r\n\t\t<title>El Metro de Barcelona llegar\u00e1 a la T1 de El Prat el 12 de febrero en 32 minutos | El Digital de Asturias<\/title>\n\n","aioseo_head_json":{"title":"El Metro de Barcelona llegar\u00e1 a la T1 de El Prat el 12 de febrero en 32 minutos | El Digital de Asturias","description":"El tramo de la L9 de Metro entre Zona Universit\u00e0ria y la T1 del Aeropuerto de Barcelona se inaugurar\u00e1 el viernes 12 de febrero, y el tiempo de viaje que tardar\u00e1 en realizar este trayecto ser\u00e1 de 32 minutos. As\u00ed lo ha dicho este mi\u00e9rcoles el conseller de Territorio y Sostenibilidad de la Generalitat, Josep","canonical_url":"https:\/\/eldigitaldeasturias.com\/magazine365\/el-metro-de-barcelona-llegara-a-la-t1-de-el-prat-el-12-de-febrero-en-32-minutos\/","robots":"max-image-preview:large","keywords":"noticias y actualidad","webmasterTools":{"google-site-verification":"UA-38556648-1","miscellaneous":""},"schema":{"@context":"https:\/\/schema.org","@graph":[{"@type":"Article","@id":"https:\/\/eldigitaldeasturias.com\/magazine365\/el-metro-de-barcelona-llegara-a-la-t1-de-el-prat-el-12-de-febrero-en-32-minutos\/#article","name":"El Metro de Barcelona llegar\u00e1 a la T1 de El Prat el 12 de febrero en 32 minutos | El Digital de Asturias","headline":"El Metro de Barcelona llegar\u00e1 a la T1 de El Prat el 12 de febrero en 32 minutos","author":{"@id":"https:\/\/eldigitaldeasturias.com\/magazine365\/author\/admin\/#author"},"publisher":{"@id":"https:\/\/eldigitaldeasturias.com\/magazine365\/#organization"},"image":{"@type":"ImageObject","url":"https:\/\/eldigitaldeasturias.com\/magazine365\/wp-content\/uploads\/2016\/02\/fotonoticia_20160127131052_800.jpg","width":800,"height":450},"datePublished":"2016-02-01T01:53:53+01:00","dateModified":"2016-02-01T01:53:53+01:00","inLanguage":"es-ES","mainEntityOfPage":{"@id":"https:\/\/eldigitaldeasturias.com\/magazine365\/el-metro-de-barcelona-llegara-a-la-t1-de-el-prat-el-12-de-febrero-en-32-minutos\/#webpage"},"isPartOf":{"@id":"https:\/\/eldigitaldeasturias.com\/magazine365\/el-metro-de-barcelona-llegara-a-la-t1-de-el-prat-el-12-de-febrero-en-32-minutos\/#webpage"},"articleSection":"Noticias y Actualidad"},{"@type":"BreadcrumbList","@id":"https:\/\/eldigitaldeasturias.com\/magazine365\/el-metro-de-barcelona-llegara-a-la-t1-de-el-prat-el-12-de-febrero-en-32-minutos\/#breadcrumblist","itemListElement":[{"@type":"ListItem","@id":"https:\/\/eldigitaldeasturias.com\/magazine365#listItem","position":1,"name":"Home","item":"https:\/\/eldigitaldeasturias.com\/magazine365","nextItem":{"@type":"ListItem","@id":"https:\/\/eldigitaldeasturias.com\/magazine365\/category\/noticias-actualidad\/#listItem","name":"Noticias y Actualidad"}},{"@type":"ListItem","@id":"https:\/\/eldigitaldeasturias.com\/magazine365\/category\/noticias-actualidad\/#listItem","position":2,"name":"Noticias y Actualidad","item":"https:\/\/eldigitaldeasturias.com\/magazine365\/category\/noticias-actualidad\/","nextItem":{"@type":"ListItem","@id":"https:\/\/eldigitaldeasturias.com\/magazine365\/el-metro-de-barcelona-llegara-a-la-t1-de-el-prat-el-12-de-febrero-en-32-minutos\/#listItem","name":"El Metro de Barcelona llegar\u00e1 a la T1 de El Prat el 12 de febrero en 32 minutos"},"previousItem":{"@type":"ListItem","@id":"https:\/\/eldigitaldeasturias.com\/magazine365#listItem","name":"Home"}},{"@type":"ListItem","@id":"https:\/\/eldigitaldeasturias.com\/magazine365\/el-metro-de-barcelona-llegara-a-la-t1-de-el-prat-el-12-de-febrero-en-32-minutos\/#listItem","position":3,"name":"El Metro de Barcelona llegar\u00e1 a la T1 de El Prat el 12 de febrero en 32 minutos","previousItem":{"@type":"ListItem","@id":"https:\/\/eldigitaldeasturias.com\/magazine365\/category\/noticias-actualidad\/#listItem","name":"Noticias y Actualidad"}}]},{"@type":"Organization","@id":"https:\/\/eldigitaldeasturias.com\/magazine365\/#organization","name":"El digital de Asturias","description":"Revista de ocio, turismo y estilo de vida","url":"https:\/\/eldigitaldeasturias.com\/magazine365\/","logo":{"@type":"ImageObject","url":"https:\/\/www.eldigitaldeasturias.com\/noticias\/wp-content\/uploads\/2020\/12\/EDA.jpg","@id":"https:\/\/eldigitaldeasturias.com\/magazine365\/el-metro-de-barcelona-llegara-a-la-t1-de-el-prat-el-12-de-febrero-en-32-minutos\/#organizationLogo"},"image":{"@id":"https:\/\/eldigitaldeasturias.com\/magazine365\/el-metro-de-barcelona-llegara-a-la-t1-de-el-prat-el-12-de-febrero-en-32-minutos\/#organizationLogo"}},{"@type":"Person","@id":"https:\/\/eldigitaldeasturias.com\/magazine365\/author\/admin\/#author","url":"https:\/\/eldigitaldeasturias.com\/magazine365\/author\/admin\/","name":"admin","image":{"@type":"ImageObject","@id":"https:\/\/eldigitaldeasturias.com\/magazine365\/el-metro-de-barcelona-llegara-a-la-t1-de-el-prat-el-12-de-febrero-en-32-minutos\/#authorImage","url":"https:\/\/eldigitaldeasturias.com\/magazine365\/wp-content\/litespeed\/avatar\/e571bcf59a0edd6fa6838245a470f2fe.jpg?ver=1776969259","width":96,"height":96,"caption":"admin"}},{"@type":"WebPage","@id":"https:\/\/eldigitaldeasturias.com\/magazine365\/el-metro-de-barcelona-llegara-a-la-t1-de-el-prat-el-12-de-febrero-en-32-minutos\/#webpage","url":"https:\/\/eldigitaldeasturias.com\/magazine365\/el-metro-de-barcelona-llegara-a-la-t1-de-el-prat-el-12-de-febrero-en-32-minutos\/","name":"El Metro de Barcelona llegar\u00e1 a la T1 de El Prat el 12 de febrero en 32 minutos | El Digital de Asturias","description":"El tramo de la L9 de Metro entre Zona Universit\u00e0ria y la T1 del Aeropuerto de Barcelona se inaugurar\u00e1 el viernes 12 de febrero, y el tiempo de viaje que tardar\u00e1 en realizar este trayecto ser\u00e1 de 32 minutos. As\u00ed lo ha dicho este mi\u00e9rcoles el conseller de Territorio y Sostenibilidad de la Generalitat, Josep","inLanguage":"es-ES","isPartOf":{"@id":"https:\/\/eldigitaldeasturias.com\/magazine365\/#website"},"breadcrumb":{"@id":"https:\/\/eldigitaldeasturias.com\/magazine365\/el-metro-de-barcelona-llegara-a-la-t1-de-el-prat-el-12-de-febrero-en-32-minutos\/#breadcrumblist"},"author":{"@id":"https:\/\/eldigitaldeasturias.com\/magazine365\/author\/admin\/#author"},"creator":{"@id":"https:\/\/eldigitaldeasturias.com\/magazine365\/author\/admin\/#author"},"image":{"@type":"ImageObject","url":"https:\/\/eldigitaldeasturias.com\/magazine365\/wp-content\/uploads\/2016\/02\/fotonoticia_20160127131052_800.jpg","@id":"https:\/\/eldigitaldeasturias.com\/magazine365\/el-metro-de-barcelona-llegara-a-la-t1-de-el-prat-el-12-de-febrero-en-32-minutos\/#mainImage","width":800,"height":450},"primaryImageOfPage":{"@id":"https:\/\/eldigitaldeasturias.com\/magazine365\/el-metro-de-barcelona-llegara-a-la-t1-de-el-prat-el-12-de-febrero-en-32-minutos\/#mainImage"},"datePublished":"2016-02-01T01:53:53+01:00","dateModified":"2016-02-01T01:53:53+01:00"},{"@type":"WebSite","@id":"https:\/\/eldigitaldeasturias.com\/magazine365\/#website","url":"https:\/\/eldigitaldeasturias.com\/magazine365\/","name":"El Digital de Asturias","description":"Revista de ocio, turismo y estilo de vida","inLanguage":"es-ES","publisher":{"@id":"https:\/\/eldigitaldeasturias.com\/magazine365\/#organization"}}]},"og:locale":"es_ES","og:site_name":"El Digital de Asturias \u2013 Revista de ocio, turismo y estilo de vida","og:type":"article","og:title":"El Metro de Barcelona llegar\u00e1 a la T1 de El Prat el 12 de febrero en 32 minutos | El Digital de Asturias","og:description":"El tramo de la L9 de Metro entre Zona Universit\u00e0ria y la T1 del Aeropuerto de Barcelona se inaugurar\u00e1 el viernes 12 de febrero, y el tiempo de viaje que tardar\u00e1 en realizar este trayecto ser\u00e1 de 32 minutos. As\u00ed lo ha dicho este mi\u00e9rcoles el conseller de Territorio y Sostenibilidad de la Generalitat, Josep","og:url":"https:\/\/eldigitaldeasturias.com\/magazine365\/el-metro-de-barcelona-llegara-a-la-t1-de-el-prat-el-12-de-febrero-en-32-minutos\/","og:image":"https:\/\/eldigitaldeasturias.com\/magazine365\/wp-content\/uploads\/2016\/02\/fotonoticia_20160127131052_800.jpg","og:image:secure_url":"https:\/\/eldigitaldeasturias.com\/magazine365\/wp-content\/uploads\/2016\/02\/fotonoticia_20160127131052_800.jpg","og:image:width":800,"og:image:height":450,"article:published_time":"2016-02-01T00:53:53+00:00","article:modified_time":"2016-02-01T00:53:53+00:00","twitter:card":"summary_large_image","twitter:title":"El Metro de Barcelona llegar\u00e1 a la T1 de El Prat el 12 de febrero en 32 minutos | El Digital de Asturias","twitter:description":"El tramo de la L9 de Metro entre Zona Universit\u00e0ria y la T1 del Aeropuerto de Barcelona se inaugurar\u00e1 el viernes 12 de febrero, y el tiempo de viaje que tardar\u00e1 en realizar este trayecto ser\u00e1 de 32 minutos. As\u00ed lo ha dicho este mi\u00e9rcoles el conseller de Territorio y Sostenibilidad de la Generalitat, Josep","twitter:image":"https:\/\/eldigitaldeasturias.com\/magazine365\/wp-content\/uploads\/2016\/02\/fotonoticia_20160127131052_800.jpg"},"aioseo_meta_data":{"post_id":"62377","title":null,"description":null,"keywords":null,"keyphrases":null,"primary_term":null,"canonical_url":null,"og_title":null,"og_description":null,"og_object_type":"default","og_image_type":"default","og_image_url":null,"og_image_width":null,"og_image_height":null,"og_image_custom_url":null,"og_image_custom_fields":null,"og_video":null,"og_custom_url":null,"og_article_section":null,"og_article_tags":null,"twitter_use_og":false,"twitter_card":"default","twitter_image_type":"default","twitter_image_url":null,"twitter_image_custom_url":null,"twitter_image_custom_fields":null,"twitter_title":null,"twitter_description":null,"schema":{"blockGraphs":[],"customGraphs":[],"default":{"data":{"Article":[],"Course":[],"Dataset":[],"FAQPage":[],"Movie":[],"Person":[],"Product":[],"ProductReview":[],"Car":[],"Recipe":[],"Service":[],"SoftwareApplication":[],"WebPage":[]},"graphName":"","isEnabled":true},"graphs":[],"defaultGraph":"","defaultPostTypeGraph":""},"schema_type":null,"schema_type_options":null,"pillar_content":false,"robots_default":true,"robots_noindex":false,"robots_noarchive":false,"robots_nosnippet":false,"robots_nofollow":false,"robots_noimageindex":false,"robots_noodp":false,"robots_notranslate":false,"robots_max_snippet":null,"robots_max_videopreview":null,"robots_max_imagepreview":"large","priority":null,"frequency":null,"location":null,"local_seo":null,"seo_analyzer_scan_date":"2025-09-25 11:02:10","breadcrumb_settings":null,"limit_modified_date":false,"open_ai":null,"ai":null,"created":"2021-03-08 21:37:54","updated":"2025-09-25 11:02:10"},"aioseo_breadcrumb":"<div class=\"aioseo-breadcrumbs\"><span class=\"aioseo-breadcrumb\">\n\t<a href=\"https:\/\/eldigitaldeasturias.com\/magazine365\" title=\"Home\">Home<\/a>\n<\/span><span class=\"aioseo-breadcrumb-separator\">\u2013<\/span><span class=\"aioseo-breadcrumb\">\n\t<a href=\"https:\/\/eldigitaldeasturias.com\/magazine365\/category\/noticias-actualidad\/\" title=\"Noticias y Actualidad\">Noticias y Actualidad<\/a>\n<\/span><span class=\"aioseo-breadcrumb-separator\">\u2013<\/span><span class=\"aioseo-breadcrumb\">\n\t<a href=\"https:\/\/eldigitaldeasturias.com\/magazine365\/el-metro-de-barcelona-llegara-a-la-t1-de-el-prat-el-12-de-febrero-en-32-minutos\/\" title=\"El Metro de Barcelona llegar\u00e1 a la T1 de El Prat el 12 de febrero en 32 minutos\">El Metro de Barcelona llegar\u00e1 a la T1 de El Prat el 12 de febrero en 32 minutos<\/a>\n<\/span><\/div>","aioseo_breadcrumb_json":[{"label":"Home","link":"https:\/\/eldigitaldeasturias.com\/magazine365"},{"label":"Noticias y Actualidad","link":"https:\/\/eldigitaldeasturias.com\/magazine365\/category\/noticias-actualidad\/"},{"label":"El Metro de Barcelona llegar\u00e1 a la T1 de El Prat el 12 de febrero en 32 minutos","link":"https:\/\/eldigitaldeasturias.com\/magazine365\/el-metro-de-barcelona-llegara-a-la-t1-de-el-prat-el-12-de-febrero-en-32-minutos\/"}],"_links":{"self":[{"href":"https:\/\/eldigitaldeasturias.com\/magazine365\/wp-json\/wp\/v2\/posts\/62377","targetHints":{"allow":["GET"]}}],"collection":[{"href":"https:\/\/eldigitaldeasturias.com\/magazine365\/wp-json\/wp\/v2\/posts"}],"about":[{"href":"https:\/\/eldigitaldeasturias.com\/magazine365\/wp-json\/wp\/v2\/types\/post"}],"author":[{"embeddable":true,"href":"https:\/\/eldigitaldeasturias.com\/magazine365\/wp-json\/wp\/v2\/users\/1"}],"replies":[{"embeddable":true,"href":"https:\/\/eldigitaldeasturias.com\/magazine365\/wp-json\/wp\/v2\/comments?post=62377"}],"version-history":[{"count":0,"href":"https:\/\/eldigitaldeasturias.com\/magazine365\/wp-json\/wp\/v2\/posts\/62377\/revisions"}],"wp:featuredmedia":[{"embeddable":true,"href":"https:\/\/eldigitaldeasturias.com\/magazine365\/wp-json\/wp\/v2\/media\/62378"}],"wp:attachment":[{"href":"https:\/\/eldigitaldeasturias.com\/magazine365\/wp-json\/wp\/v2\/media?parent=62377"}],"wp:term":[{"taxonomy":"category","embeddable":true,"href":"https:\/\/eldigitaldeasturias.com\/magazine365\/wp-json\/wp\/v2\/categories?post=62377"},{"taxonomy":"post_tag","embeddable":true,"href":"https:\/\/eldigitaldeasturias.com\/magazine365\/wp-json\/wp\/v2\/tags?post=62377"}],"curies":[{"name":"wp","href":"https:\/\/api.w.org\/{rel}","templated":true}]}}