{"id":62355,"date":"2016-02-01T01:47:06","date_gmt":"2016-02-01T00:47:06","guid":{"rendered":"http:\/\/eldigitaldeasturias.com\/magazine365\/?p=62355"},"modified":"2016-02-01T01:47:06","modified_gmt":"2016-02-01T00:47:06","slug":"el-albergue-turistico-de-jesus-y-maria-de-pamplona-acogio-a-20-534-personas-en-2015","status":"publish","type":"post","link":"https:\/\/eldigitaldeasturias.com\/magazine365\/el-albergue-turistico-de-jesus-y-maria-de-pamplona-acogio-a-20-534-personas-en-2015\/","title":{"rendered":"El albergue tur\u00edstico de Jes\u00fas y Mar\u00eda de Pamplona acogi\u00f3 a 20.534 personas en 2015"},"content":{"rendered":"<p>El albergue tur\u00edstico de Jes\u00fas y Mar\u00eda, ubicado en la calle Compa\u00f1\u00eda de Pamplona, acogi\u00f3 en 2015 a 20.534 personas, de las que 14.757 eran extranjeras (el 72%) y 5.777 nacionales (18%). Eso supone un ligero descenso respecto a 2014, cuando los turistas alojados fueron 20.890.<\/p>\n<p>Este alojamiento municipal es exclusivamente para personas que realizan el Camino de Santiago entre el 1 de mayo y el 30 de septiembre, periodo en el que no hay posibilidad de reservar las plazas y las disponibles se ocupan seg\u00fan llegan los peregrinos. Fuera de esos meses s\u00ed existe la opci\u00f3n de reserva de espacio para turistas que est\u00e9n visitando la ciudad y que no realicen el Camino de Santiago.<\/p>\n<p>Atendiendo al registro por meses, todos tuvieron una mayor afluencia de for\u00e1neos que de turistas nacionales. En cuanto al n\u00famero, agosto fue en el que m\u00e1s personas durmieron en el albergue con 3.302, seg\u00fan ha explicado el Ayuntamiento en una nota.<\/p>\n<p>Por encima de las 3.000 tambi\u00e9n se situaron mayo con 3.152 y septiembre con 3.099. A continuaci\u00f3n, en junio durmieron 2.840 peregrinos y en abril 2.405 turistas. Julio cont\u00f3 con 1.865 peregrinos (en esta cifra hay que tener en cuenta que permanece cerrado el recinto los nueve d\u00edas de Sanfermines). Por encima de mil tambi\u00e9n se situ\u00f3 octubre con 1.643 personas que utilizaron las instalaciones. Por debajo de este n\u00famero, est\u00e1n marzo con 964 y noviembre con 564. La atenci\u00f3n m\u00e1s baja se produjo en diciembre con 194 visitantes, enero con 221 y febrero con 285.<\/p>\n<p>112 CAMAS Y ESPACIOS COMUNES<\/p>\n<p>El albergue permanece abierto todo el a\u00f1o excepto del 24 de diciembre al 15 de enero y del 5 al 15 de julio y est\u00e1 gestionado por la Fundaci\u00f3n Aspace para el Empleo. A esta concesi\u00f3n solo pod\u00edan presentarse Centros Especiales de Empleo sin \u00e1nimo de lucro (CEE) y Centros de Inserci\u00f3n Sociolaboral (CIS). Para atenderlo, trabajan al menos 7 personas, 2 responsables de turno y 5 personas de mantenimiento, limpieza y recepci\u00f3n. Su horario de acogida y funcionamiento es de 12 a 23 horas.<\/p>\n<p>Dispone de 112 camas y diverso equipamiento para hacer m\u00e1s c\u00f3moda la estancia como lavadoras y secadoras, cocina y comedor, servicio de internet y zona de estar. En su distribuci\u00f3n se ha mantenido \u00edntegro el espacio que fue de culto, habilitando entre los pilares de las naves laterales unos m\u00f3dulos de madera, a dos niveles, en los que se ubican los dormitorios de manera que las habitaciones y zona de estar no son estancias independientes sino que hay una gran estancia com\u00fan. Queda libre la nave central como zona multiusos y que adem\u00e1s sirve para acoger, por ejemplo, exposiciones o conciertos.<\/p>\n<p>En el edificio colindante se sit\u00faan los ba\u00f1os y las instalaciones mientras que la zona que correspond\u00eda a la sacrist\u00eda ha mantenido su estado adaptando su uso como lavadero y tendedero. El albergue tambi\u00e9n cuenta con aparcamiento para bicicletas y un dormitorio destinado a roncadores.<\/p>\n<p>El albergue tur\u00edstico del Camino de Santiago de Jes\u00fas y Mar\u00eda de Pamplona fue inaugurado en agosto de 2007 y desde entonces han pernoctado en \u00e9l m\u00e1s de 150.000 personas. Est\u00e1 situado en la antigua iglesia de Jes\u00fas y Mar\u00eda.<\/p>\n<p>Desde su apertura hasta marzo de 2010 fue atendido por la Asociaci\u00f3n de los Amigos del Camino de Santiago mediante un convenio de colaboraci\u00f3n firmado entre el Ayuntamiento y dicha Asociaci\u00f3n. Esos a\u00f1os abr\u00eda entre los meses de marzo y octubre, permaneciendo cerrado durante las fiestas de San Ferm\u00edn. En 2007 se alojaron en \u00e9l 11.844 peregrinos, al a\u00f1o siguiente 13.538 y en 2009, 15.007 peregrinos.<\/p>\n<p>En marzo del a\u00f1o 2010 el Ayuntamiento adjudic\u00f3 el contrato de concesi\u00f3n administrativa del local municipal para su gesti\u00f3n como albergue de peregrinos a la Fundaci\u00f3n Aspace por un periodo de cuatro a\u00f1os. Ese a\u00f1o, desde abril hasta diciembre aloj\u00f3 a 14.276 peregrinos.<\/p>\n<p>Es en 2011 cuando el albergue comienza a abrir desde el 15 de enero hasta el 31 de diciembre (excepto los d\u00edas de San Ferm\u00edn) y llega a los 18.760 peregrinos. Esa cifra se incrementa en 2012 a 19.341 personas y en 2013 a 21.555 peregrinos. Tras la nueva adjudicaci\u00f3n realizada en 2014 a la Fundaci\u00f3n Aspace, se alojaron ese a\u00f1o 20.890 personas.<\/p>\n","protected":false},"excerpt":{"rendered":"<p>El albergue tur\u00edstico de Jes\u00fas y Mar\u00eda, ubicado en la calle Compa\u00f1\u00eda de Pamplona, acogi\u00f3 en 2015 a 20.534 personas, de las que 14.757 eran extranjeras (el 72%) y 5.777 nacionales (18%). Eso supone un ligero descenso respecto a 2014, cuando los turistas alojados fueron 20.890. Este alojamiento municipal es exclusivamente para personas que realizan<\/p>\n","protected":false},"author":1,"featured_media":38653,"comment_status":"open","ping_status":"closed","sticky":false,"template":"","format":"standard","meta":{"footnotes":""},"categories":[224],"tags":[],"class_list":{"0":"post-62355","1":"post","2":"type-post","3":"status-publish","4":"format-standard","5":"has-post-thumbnail","7":"category-noticias-actualidad"},"aioseo_notices":[],"aioseo_head":"\n\t\t<!-- All in One SEO Pro 4.9.6.1 - aioseo.com -->\n\t<meta name=\"description\" content=\"El albergue tur\u00edstico de Jes\u00fas y Mar\u00eda, ubicado en la calle Compa\u00f1\u00eda de Pamplona, acogi\u00f3 en 2015 a 20.534 personas, de las que 14.757 eran extranjeras (el 72%) y 5.777 nacionales (18%). Eso supone un ligero descenso respecto a 2014, cuando los turistas alojados fueron 20.890. Este alojamiento municipal es exclusivamente para personas que realizan\" \/>\n\t<meta name=\"robots\" content=\"max-image-preview:large\" \/>\n\t<meta name=\"author\" content=\"admin\"\/>\n\t<meta name=\"google-site-verification\" content=\"UA-38556648-1\" \/>\n\t<meta name=\"keywords\" content=\"noticias y actualidad\" \/>\n\t<link rel=\"canonical\" href=\"https:\/\/eldigitaldeasturias.com\/magazine365\/el-albergue-turistico-de-jesus-y-maria-de-pamplona-acogio-a-20-534-personas-en-2015\/\" \/>\n\t<meta name=\"generator\" content=\"All in One SEO Pro (AIOSEO) 4.9.6.1\" \/>\n\t\t<meta property=\"og:locale\" content=\"es_ES\" \/>\n\t\t<meta property=\"og:site_name\" content=\"El Digital de Asturias \u2013 Revista de ocio, turismo y estilo de vida\" \/>\n\t\t<meta property=\"og:type\" content=\"article\" \/>\n\t\t<meta property=\"og:title\" content=\"El albergue tur\u00edstico de Jes\u00fas y Mar\u00eda de Pamplona acogi\u00f3 a 20.534 personas en 2015 | El Digital de Asturias\" \/>\n\t\t<meta property=\"og:description\" content=\"El albergue tur\u00edstico de Jes\u00fas y Mar\u00eda, ubicado en la calle Compa\u00f1\u00eda de Pamplona, acogi\u00f3 en 2015 a 20.534 personas, de las que 14.757 eran extranjeras (el 72%) y 5.777 nacionales (18%). Eso supone un ligero descenso respecto a 2014, cuando los turistas alojados fueron 20.890. Este alojamiento municipal es exclusivamente para personas que realizan\" \/>\n\t\t<meta property=\"og:url\" content=\"https:\/\/eldigitaldeasturias.com\/magazine365\/el-albergue-turistico-de-jesus-y-maria-de-pamplona-acogio-a-20-534-personas-en-2015\/\" \/>\n\t\t<meta property=\"og:image\" content=\"https:\/\/eldigitaldeasturias.com\/magazine365\/wp-content\/uploads\/2015\/06\/rural.jpg\" \/>\n\t\t<meta property=\"og:image:secure_url\" content=\"https:\/\/eldigitaldeasturias.com\/magazine365\/wp-content\/uploads\/2015\/06\/rural.jpg\" \/>\n\t\t<meta property=\"og:image:width\" content=\"800\" \/>\n\t\t<meta property=\"og:image:height\" content=\"527\" \/>\n\t\t<meta property=\"article:published_time\" content=\"2016-02-01T00:47:06+00:00\" \/>\n\t\t<meta property=\"article:modified_time\" content=\"2016-02-01T00:47:06+00:00\" \/>\n\t\t<meta name=\"twitter:card\" content=\"summary_large_image\" \/>\n\t\t<meta name=\"twitter:title\" content=\"El albergue tur\u00edstico de Jes\u00fas y Mar\u00eda de Pamplona acogi\u00f3 a 20.534 personas en 2015 | El Digital de Asturias\" \/>\n\t\t<meta name=\"twitter:description\" content=\"El albergue tur\u00edstico de Jes\u00fas y Mar\u00eda, ubicado en la calle Compa\u00f1\u00eda de Pamplona, acogi\u00f3 en 2015 a 20.534 personas, de las que 14.757 eran extranjeras (el 72%) y 5.777 nacionales (18%). Eso supone un ligero descenso respecto a 2014, cuando los turistas alojados fueron 20.890. Este alojamiento municipal es exclusivamente para personas que realizan\" \/>\n\t\t<meta name=\"twitter:image\" content=\"https:\/\/eldigitaldeasturias.com\/magazine365\/wp-content\/uploads\/2015\/06\/rural.jpg\" \/>\n\t\t<script type=\"application\/ld+json\" class=\"aioseo-schema\">\n\t\t\t{\"@context\":\"https:\\\/\\\/schema.org\",\"@graph\":[{\"@type\":\"Article\",\"@id\":\"https:\\\/\\\/eldigitaldeasturias.com\\\/magazine365\\\/el-albergue-turistico-de-jesus-y-maria-de-pamplona-acogio-a-20-534-personas-en-2015\\\/#article\",\"name\":\"El albergue tur\\u00edstico de Jes\\u00fas y Mar\\u00eda de Pamplona acogi\\u00f3 a 20.534 personas en 2015 | El Digital de Asturias\",\"headline\":\"El albergue tur\\u00edstico de Jes\\u00fas y Mar\\u00eda de Pamplona acogi\\u00f3 a 20.534 personas en 2015\",\"author\":{\"@id\":\"https:\\\/\\\/eldigitaldeasturias.com\\\/magazine365\\\/author\\\/admin\\\/#author\"},\"publisher\":{\"@id\":\"https:\\\/\\\/eldigitaldeasturias.com\\\/magazine365\\\/#organization\"},\"image\":{\"@type\":\"ImageObject\",\"url\":\"https:\\\/\\\/eldigitaldeasturias.com\\\/magazine365\\\/wp-content\\\/uploads\\\/2015\\\/06\\\/rural.jpg\",\"width\":800,\"height\":527},\"datePublished\":\"2016-02-01T01:47:06+01:00\",\"dateModified\":\"2016-02-01T01:47:06+01:00\",\"inLanguage\":\"es-ES\",\"mainEntityOfPage\":{\"@id\":\"https:\\\/\\\/eldigitaldeasturias.com\\\/magazine365\\\/el-albergue-turistico-de-jesus-y-maria-de-pamplona-acogio-a-20-534-personas-en-2015\\\/#webpage\"},\"isPartOf\":{\"@id\":\"https:\\\/\\\/eldigitaldeasturias.com\\\/magazine365\\\/el-albergue-turistico-de-jesus-y-maria-de-pamplona-acogio-a-20-534-personas-en-2015\\\/#webpage\"},\"articleSection\":\"Noticias y Actualidad\"},{\"@type\":\"BreadcrumbList\",\"@id\":\"https:\\\/\\\/eldigitaldeasturias.com\\\/magazine365\\\/el-albergue-turistico-de-jesus-y-maria-de-pamplona-acogio-a-20-534-personas-en-2015\\\/#breadcrumblist\",\"itemListElement\":[{\"@type\":\"ListItem\",\"@id\":\"https:\\\/\\\/eldigitaldeasturias.com\\\/magazine365#listItem\",\"position\":1,\"name\":\"Home\",\"item\":\"https:\\\/\\\/eldigitaldeasturias.com\\\/magazine365\",\"nextItem\":{\"@type\":\"ListItem\",\"@id\":\"https:\\\/\\\/eldigitaldeasturias.com\\\/magazine365\\\/category\\\/noticias-actualidad\\\/#listItem\",\"name\":\"Noticias y Actualidad\"}},{\"@type\":\"ListItem\",\"@id\":\"https:\\\/\\\/eldigitaldeasturias.com\\\/magazine365\\\/category\\\/noticias-actualidad\\\/#listItem\",\"position\":2,\"name\":\"Noticias y Actualidad\",\"item\":\"https:\\\/\\\/eldigitaldeasturias.com\\\/magazine365\\\/category\\\/noticias-actualidad\\\/\",\"nextItem\":{\"@type\":\"ListItem\",\"@id\":\"https:\\\/\\\/eldigitaldeasturias.com\\\/magazine365\\\/el-albergue-turistico-de-jesus-y-maria-de-pamplona-acogio-a-20-534-personas-en-2015\\\/#listItem\",\"name\":\"El albergue tur\\u00edstico de Jes\\u00fas y Mar\\u00eda de Pamplona acogi\\u00f3 a 20.534 personas en 2015\"},\"previousItem\":{\"@type\":\"ListItem\",\"@id\":\"https:\\\/\\\/eldigitaldeasturias.com\\\/magazine365#listItem\",\"name\":\"Home\"}},{\"@type\":\"ListItem\",\"@id\":\"https:\\\/\\\/eldigitaldeasturias.com\\\/magazine365\\\/el-albergue-turistico-de-jesus-y-maria-de-pamplona-acogio-a-20-534-personas-en-2015\\\/#listItem\",\"position\":3,\"name\":\"El albergue tur\\u00edstico de Jes\\u00fas y Mar\\u00eda de Pamplona acogi\\u00f3 a 20.534 personas en 2015\",\"previousItem\":{\"@type\":\"ListItem\",\"@id\":\"https:\\\/\\\/eldigitaldeasturias.com\\\/magazine365\\\/category\\\/noticias-actualidad\\\/#listItem\",\"name\":\"Noticias y Actualidad\"}}]},{\"@type\":\"Organization\",\"@id\":\"https:\\\/\\\/eldigitaldeasturias.com\\\/magazine365\\\/#organization\",\"name\":\"El digital de Asturias\",\"description\":\"Revista de ocio, turismo y estilo de vida\",\"url\":\"https:\\\/\\\/eldigitaldeasturias.com\\\/magazine365\\\/\",\"logo\":{\"@type\":\"ImageObject\",\"url\":\"https:\\\/\\\/www.eldigitaldeasturias.com\\\/noticias\\\/wp-content\\\/uploads\\\/2020\\\/12\\\/EDA.jpg\",\"@id\":\"https:\\\/\\\/eldigitaldeasturias.com\\\/magazine365\\\/el-albergue-turistico-de-jesus-y-maria-de-pamplona-acogio-a-20-534-personas-en-2015\\\/#organizationLogo\"},\"image\":{\"@id\":\"https:\\\/\\\/eldigitaldeasturias.com\\\/magazine365\\\/el-albergue-turistico-de-jesus-y-maria-de-pamplona-acogio-a-20-534-personas-en-2015\\\/#organizationLogo\"}},{\"@type\":\"Person\",\"@id\":\"https:\\\/\\\/eldigitaldeasturias.com\\\/magazine365\\\/author\\\/admin\\\/#author\",\"url\":\"https:\\\/\\\/eldigitaldeasturias.com\\\/magazine365\\\/author\\\/admin\\\/\",\"name\":\"admin\",\"image\":{\"@type\":\"ImageObject\",\"@id\":\"https:\\\/\\\/eldigitaldeasturias.com\\\/magazine365\\\/el-albergue-turistico-de-jesus-y-maria-de-pamplona-acogio-a-20-534-personas-en-2015\\\/#authorImage\",\"url\":\"https:\\\/\\\/eldigitaldeasturias.com\\\/magazine365\\\/wp-content\\\/litespeed\\\/avatar\\\/e571bcf59a0edd6fa6838245a470f2fe.jpg?ver=1776969259\",\"width\":96,\"height\":96,\"caption\":\"admin\"}},{\"@type\":\"WebPage\",\"@id\":\"https:\\\/\\\/eldigitaldeasturias.com\\\/magazine365\\\/el-albergue-turistico-de-jesus-y-maria-de-pamplona-acogio-a-20-534-personas-en-2015\\\/#webpage\",\"url\":\"https:\\\/\\\/eldigitaldeasturias.com\\\/magazine365\\\/el-albergue-turistico-de-jesus-y-maria-de-pamplona-acogio-a-20-534-personas-en-2015\\\/\",\"name\":\"El albergue tur\\u00edstico de Jes\\u00fas y Mar\\u00eda de Pamplona acogi\\u00f3 a 20.534 personas en 2015 | El Digital de Asturias\",\"description\":\"El albergue tur\\u00edstico de Jes\\u00fas y Mar\\u00eda, ubicado en la calle Compa\\u00f1\\u00eda de Pamplona, acogi\\u00f3 en 2015 a 20.534 personas, de las que 14.757 eran extranjeras (el 72%) y 5.777 nacionales (18%). Eso supone un ligero descenso respecto a 2014, cuando los turistas alojados fueron 20.890. Este alojamiento municipal es exclusivamente para personas que realizan\",\"inLanguage\":\"es-ES\",\"isPartOf\":{\"@id\":\"https:\\\/\\\/eldigitaldeasturias.com\\\/magazine365\\\/#website\"},\"breadcrumb\":{\"@id\":\"https:\\\/\\\/eldigitaldeasturias.com\\\/magazine365\\\/el-albergue-turistico-de-jesus-y-maria-de-pamplona-acogio-a-20-534-personas-en-2015\\\/#breadcrumblist\"},\"author\":{\"@id\":\"https:\\\/\\\/eldigitaldeasturias.com\\\/magazine365\\\/author\\\/admin\\\/#author\"},\"creator\":{\"@id\":\"https:\\\/\\\/eldigitaldeasturias.com\\\/magazine365\\\/author\\\/admin\\\/#author\"},\"image\":{\"@type\":\"ImageObject\",\"url\":\"https:\\\/\\\/eldigitaldeasturias.com\\\/magazine365\\\/wp-content\\\/uploads\\\/2015\\\/06\\\/rural.jpg\",\"@id\":\"https:\\\/\\\/eldigitaldeasturias.com\\\/magazine365\\\/el-albergue-turistico-de-jesus-y-maria-de-pamplona-acogio-a-20-534-personas-en-2015\\\/#mainImage\",\"width\":800,\"height\":527},\"primaryImageOfPage\":{\"@id\":\"https:\\\/\\\/eldigitaldeasturias.com\\\/magazine365\\\/el-albergue-turistico-de-jesus-y-maria-de-pamplona-acogio-a-20-534-personas-en-2015\\\/#mainImage\"},\"datePublished\":\"2016-02-01T01:47:06+01:00\",\"dateModified\":\"2016-02-01T01:47:06+01:00\"},{\"@type\":\"WebSite\",\"@id\":\"https:\\\/\\\/eldigitaldeasturias.com\\\/magazine365\\\/#website\",\"url\":\"https:\\\/\\\/eldigitaldeasturias.com\\\/magazine365\\\/\",\"name\":\"El Digital de Asturias\",\"description\":\"Revista de ocio, turismo y estilo de vida\",\"inLanguage\":\"es-ES\",\"publisher\":{\"@id\":\"https:\\\/\\\/eldigitaldeasturias.com\\\/magazine365\\\/#organization\"}}]}\n\t\t<\/script>\n\t\t<!-- All in One SEO Pro -->\r\n\t\t<title>El albergue tur\u00edstico de Jes\u00fas y Mar\u00eda de Pamplona acogi\u00f3 a 20.534 personas en 2015 | El Digital de Asturias<\/title>\n\n","aioseo_head_json":{"title":"El albergue tur\u00edstico de Jes\u00fas y Mar\u00eda de Pamplona acogi\u00f3 a 20.534 personas en 2015 | El Digital de Asturias","description":"El albergue tur\u00edstico de Jes\u00fas y Mar\u00eda, ubicado en la calle Compa\u00f1\u00eda de Pamplona, acogi\u00f3 en 2015 a 20.534 personas, de las que 14.757 eran extranjeras (el 72%) y 5.777 nacionales (18%). Eso supone un ligero descenso respecto a 2014, cuando los turistas alojados fueron 20.890. Este alojamiento municipal es exclusivamente para personas que realizan","canonical_url":"https:\/\/eldigitaldeasturias.com\/magazine365\/el-albergue-turistico-de-jesus-y-maria-de-pamplona-acogio-a-20-534-personas-en-2015\/","robots":"max-image-preview:large","keywords":"noticias y actualidad","webmasterTools":{"google-site-verification":"UA-38556648-1","miscellaneous":""},"schema":{"@context":"https:\/\/schema.org","@graph":[{"@type":"Article","@id":"https:\/\/eldigitaldeasturias.com\/magazine365\/el-albergue-turistico-de-jesus-y-maria-de-pamplona-acogio-a-20-534-personas-en-2015\/#article","name":"El albergue tur\u00edstico de Jes\u00fas y Mar\u00eda de Pamplona acogi\u00f3 a 20.534 personas en 2015 | El Digital de Asturias","headline":"El albergue tur\u00edstico de Jes\u00fas y Mar\u00eda de Pamplona acogi\u00f3 a 20.534 personas en 2015","author":{"@id":"https:\/\/eldigitaldeasturias.com\/magazine365\/author\/admin\/#author"},"publisher":{"@id":"https:\/\/eldigitaldeasturias.com\/magazine365\/#organization"},"image":{"@type":"ImageObject","url":"https:\/\/eldigitaldeasturias.com\/magazine365\/wp-content\/uploads\/2015\/06\/rural.jpg","width":800,"height":527},"datePublished":"2016-02-01T01:47:06+01:00","dateModified":"2016-02-01T01:47:06+01:00","inLanguage":"es-ES","mainEntityOfPage":{"@id":"https:\/\/eldigitaldeasturias.com\/magazine365\/el-albergue-turistico-de-jesus-y-maria-de-pamplona-acogio-a-20-534-personas-en-2015\/#webpage"},"isPartOf":{"@id":"https:\/\/eldigitaldeasturias.com\/magazine365\/el-albergue-turistico-de-jesus-y-maria-de-pamplona-acogio-a-20-534-personas-en-2015\/#webpage"},"articleSection":"Noticias y Actualidad"},{"@type":"BreadcrumbList","@id":"https:\/\/eldigitaldeasturias.com\/magazine365\/el-albergue-turistico-de-jesus-y-maria-de-pamplona-acogio-a-20-534-personas-en-2015\/#breadcrumblist","itemListElement":[{"@type":"ListItem","@id":"https:\/\/eldigitaldeasturias.com\/magazine365#listItem","position":1,"name":"Home","item":"https:\/\/eldigitaldeasturias.com\/magazine365","nextItem":{"@type":"ListItem","@id":"https:\/\/eldigitaldeasturias.com\/magazine365\/category\/noticias-actualidad\/#listItem","name":"Noticias y Actualidad"}},{"@type":"ListItem","@id":"https:\/\/eldigitaldeasturias.com\/magazine365\/category\/noticias-actualidad\/#listItem","position":2,"name":"Noticias y Actualidad","item":"https:\/\/eldigitaldeasturias.com\/magazine365\/category\/noticias-actualidad\/","nextItem":{"@type":"ListItem","@id":"https:\/\/eldigitaldeasturias.com\/magazine365\/el-albergue-turistico-de-jesus-y-maria-de-pamplona-acogio-a-20-534-personas-en-2015\/#listItem","name":"El albergue tur\u00edstico de Jes\u00fas y Mar\u00eda de Pamplona acogi\u00f3 a 20.534 personas en 2015"},"previousItem":{"@type":"ListItem","@id":"https:\/\/eldigitaldeasturias.com\/magazine365#listItem","name":"Home"}},{"@type":"ListItem","@id":"https:\/\/eldigitaldeasturias.com\/magazine365\/el-albergue-turistico-de-jesus-y-maria-de-pamplona-acogio-a-20-534-personas-en-2015\/#listItem","position":3,"name":"El albergue tur\u00edstico de Jes\u00fas y Mar\u00eda de Pamplona acogi\u00f3 a 20.534 personas en 2015","previousItem":{"@type":"ListItem","@id":"https:\/\/eldigitaldeasturias.com\/magazine365\/category\/noticias-actualidad\/#listItem","name":"Noticias y Actualidad"}}]},{"@type":"Organization","@id":"https:\/\/eldigitaldeasturias.com\/magazine365\/#organization","name":"El digital de Asturias","description":"Revista de ocio, turismo y estilo de vida","url":"https:\/\/eldigitaldeasturias.com\/magazine365\/","logo":{"@type":"ImageObject","url":"https:\/\/www.eldigitaldeasturias.com\/noticias\/wp-content\/uploads\/2020\/12\/EDA.jpg","@id":"https:\/\/eldigitaldeasturias.com\/magazine365\/el-albergue-turistico-de-jesus-y-maria-de-pamplona-acogio-a-20-534-personas-en-2015\/#organizationLogo"},"image":{"@id":"https:\/\/eldigitaldeasturias.com\/magazine365\/el-albergue-turistico-de-jesus-y-maria-de-pamplona-acogio-a-20-534-personas-en-2015\/#organizationLogo"}},{"@type":"Person","@id":"https:\/\/eldigitaldeasturias.com\/magazine365\/author\/admin\/#author","url":"https:\/\/eldigitaldeasturias.com\/magazine365\/author\/admin\/","name":"admin","image":{"@type":"ImageObject","@id":"https:\/\/eldigitaldeasturias.com\/magazine365\/el-albergue-turistico-de-jesus-y-maria-de-pamplona-acogio-a-20-534-personas-en-2015\/#authorImage","url":"https:\/\/eldigitaldeasturias.com\/magazine365\/wp-content\/litespeed\/avatar\/e571bcf59a0edd6fa6838245a470f2fe.jpg?ver=1776969259","width":96,"height":96,"caption":"admin"}},{"@type":"WebPage","@id":"https:\/\/eldigitaldeasturias.com\/magazine365\/el-albergue-turistico-de-jesus-y-maria-de-pamplona-acogio-a-20-534-personas-en-2015\/#webpage","url":"https:\/\/eldigitaldeasturias.com\/magazine365\/el-albergue-turistico-de-jesus-y-maria-de-pamplona-acogio-a-20-534-personas-en-2015\/","name":"El albergue tur\u00edstico de Jes\u00fas y Mar\u00eda de Pamplona acogi\u00f3 a 20.534 personas en 2015 | El Digital de Asturias","description":"El albergue tur\u00edstico de Jes\u00fas y Mar\u00eda, ubicado en la calle Compa\u00f1\u00eda de Pamplona, acogi\u00f3 en 2015 a 20.534 personas, de las que 14.757 eran extranjeras (el 72%) y 5.777 nacionales (18%). Eso supone un ligero descenso respecto a 2014, cuando los turistas alojados fueron 20.890. Este alojamiento municipal es exclusivamente para personas que realizan","inLanguage":"es-ES","isPartOf":{"@id":"https:\/\/eldigitaldeasturias.com\/magazine365\/#website"},"breadcrumb":{"@id":"https:\/\/eldigitaldeasturias.com\/magazine365\/el-albergue-turistico-de-jesus-y-maria-de-pamplona-acogio-a-20-534-personas-en-2015\/#breadcrumblist"},"author":{"@id":"https:\/\/eldigitaldeasturias.com\/magazine365\/author\/admin\/#author"},"creator":{"@id":"https:\/\/eldigitaldeasturias.com\/magazine365\/author\/admin\/#author"},"image":{"@type":"ImageObject","url":"https:\/\/eldigitaldeasturias.com\/magazine365\/wp-content\/uploads\/2015\/06\/rural.jpg","@id":"https:\/\/eldigitaldeasturias.com\/magazine365\/el-albergue-turistico-de-jesus-y-maria-de-pamplona-acogio-a-20-534-personas-en-2015\/#mainImage","width":800,"height":527},"primaryImageOfPage":{"@id":"https:\/\/eldigitaldeasturias.com\/magazine365\/el-albergue-turistico-de-jesus-y-maria-de-pamplona-acogio-a-20-534-personas-en-2015\/#mainImage"},"datePublished":"2016-02-01T01:47:06+01:00","dateModified":"2016-02-01T01:47:06+01:00"},{"@type":"WebSite","@id":"https:\/\/eldigitaldeasturias.com\/magazine365\/#website","url":"https:\/\/eldigitaldeasturias.com\/magazine365\/","name":"El Digital de Asturias","description":"Revista de ocio, turismo y estilo de vida","inLanguage":"es-ES","publisher":{"@id":"https:\/\/eldigitaldeasturias.com\/magazine365\/#organization"}}]},"og:locale":"es_ES","og:site_name":"El Digital de Asturias \u2013 Revista de ocio, turismo y estilo de vida","og:type":"article","og:title":"El albergue tur\u00edstico de Jes\u00fas y Mar\u00eda de Pamplona acogi\u00f3 a 20.534 personas en 2015 | El Digital de Asturias","og:description":"El albergue tur\u00edstico de Jes\u00fas y Mar\u00eda, ubicado en la calle Compa\u00f1\u00eda de Pamplona, acogi\u00f3 en 2015 a 20.534 personas, de las que 14.757 eran extranjeras (el 72%) y 5.777 nacionales (18%). Eso supone un ligero descenso respecto a 2014, cuando los turistas alojados fueron 20.890. Este alojamiento municipal es exclusivamente para personas que realizan","og:url":"https:\/\/eldigitaldeasturias.com\/magazine365\/el-albergue-turistico-de-jesus-y-maria-de-pamplona-acogio-a-20-534-personas-en-2015\/","og:image":"https:\/\/eldigitaldeasturias.com\/magazine365\/wp-content\/uploads\/2015\/06\/rural.jpg","og:image:secure_url":"https:\/\/eldigitaldeasturias.com\/magazine365\/wp-content\/uploads\/2015\/06\/rural.jpg","og:image:width":800,"og:image:height":527,"article:published_time":"2016-02-01T00:47:06+00:00","article:modified_time":"2016-02-01T00:47:06+00:00","twitter:card":"summary_large_image","twitter:title":"El albergue tur\u00edstico de Jes\u00fas y Mar\u00eda de Pamplona acogi\u00f3 a 20.534 personas en 2015 | El Digital de Asturias","twitter:description":"El albergue tur\u00edstico de Jes\u00fas y Mar\u00eda, ubicado en la calle Compa\u00f1\u00eda de Pamplona, acogi\u00f3 en 2015 a 20.534 personas, de las que 14.757 eran extranjeras (el 72%) y 5.777 nacionales (18%). Eso supone un ligero descenso respecto a 2014, cuando los turistas alojados fueron 20.890. Este alojamiento municipal es exclusivamente para personas que realizan","twitter:image":"https:\/\/eldigitaldeasturias.com\/magazine365\/wp-content\/uploads\/2015\/06\/rural.jpg"},"aioseo_meta_data":{"post_id":"62355","title":null,"description":null,"keywords":null,"keyphrases":null,"primary_term":null,"canonical_url":null,"og_title":null,"og_description":null,"og_object_type":"default","og_image_type":"default","og_image_url":null,"og_image_width":null,"og_image_height":null,"og_image_custom_url":null,"og_image_custom_fields":null,"og_video":null,"og_custom_url":null,"og_article_section":null,"og_article_tags":null,"twitter_use_og":false,"twitter_card":"default","twitter_image_type":"default","twitter_image_url":null,"twitter_image_custom_url":null,"twitter_image_custom_fields":null,"twitter_title":null,"twitter_description":null,"schema":{"blockGraphs":[],"customGraphs":[],"default":{"data":{"Article":[],"Course":[],"Dataset":[],"FAQPage":[],"Movie":[],"Person":[],"Product":[],"ProductReview":[],"Car":[],"Recipe":[],"Service":[],"SoftwareApplication":[],"WebPage":[]},"graphName":"","isEnabled":true},"graphs":[],"defaultGraph":"","defaultPostTypeGraph":""},"schema_type":null,"schema_type_options":null,"pillar_content":false,"robots_default":true,"robots_noindex":false,"robots_noarchive":false,"robots_nosnippet":false,"robots_nofollow":false,"robots_noimageindex":false,"robots_noodp":false,"robots_notranslate":false,"robots_max_snippet":null,"robots_max_videopreview":null,"robots_max_imagepreview":"large","priority":null,"frequency":null,"location":null,"local_seo":null,"seo_analyzer_scan_date":"2025-09-25 10:58:05","breadcrumb_settings":null,"limit_modified_date":false,"open_ai":null,"ai":null,"created":"2021-03-08 21:37:54","updated":"2025-09-25 10:58:05"},"aioseo_breadcrumb":"<div class=\"aioseo-breadcrumbs\"><span class=\"aioseo-breadcrumb\">\n\t<a href=\"https:\/\/eldigitaldeasturias.com\/magazine365\" title=\"Home\">Home<\/a>\n<\/span><span class=\"aioseo-breadcrumb-separator\">\u2013<\/span><span class=\"aioseo-breadcrumb\">\n\t<a href=\"https:\/\/eldigitaldeasturias.com\/magazine365\/category\/noticias-actualidad\/\" title=\"Noticias y Actualidad\">Noticias y Actualidad<\/a>\n<\/span><span class=\"aioseo-breadcrumb-separator\">\u2013<\/span><span class=\"aioseo-breadcrumb\">\n\t<a href=\"https:\/\/eldigitaldeasturias.com\/magazine365\/el-albergue-turistico-de-jesus-y-maria-de-pamplona-acogio-a-20-534-personas-en-2015\/\" title=\"El albergue tur\u00edstico de Jes\u00fas y Mar\u00eda de Pamplona acogi\u00f3 a 20.534 personas en 2015\">El albergue tur\u00edstico de Jes\u00fas y Mar\u00eda de Pamplona acogi\u00f3 a 20.534 personas en 2015<\/a>\n<\/span><\/div>","aioseo_breadcrumb_json":[{"label":"Home","link":"https:\/\/eldigitaldeasturias.com\/magazine365"},{"label":"Noticias y Actualidad","link":"https:\/\/eldigitaldeasturias.com\/magazine365\/category\/noticias-actualidad\/"},{"label":"El albergue tur\u00edstico de Jes\u00fas y Mar\u00eda de Pamplona acogi\u00f3 a 20.534 personas en 2015","link":"https:\/\/eldigitaldeasturias.com\/magazine365\/el-albergue-turistico-de-jesus-y-maria-de-pamplona-acogio-a-20-534-personas-en-2015\/"}],"_links":{"self":[{"href":"https:\/\/eldigitaldeasturias.com\/magazine365\/wp-json\/wp\/v2\/posts\/62355","targetHints":{"allow":["GET"]}}],"collection":[{"href":"https:\/\/eldigitaldeasturias.com\/magazine365\/wp-json\/wp\/v2\/posts"}],"about":[{"href":"https:\/\/eldigitaldeasturias.com\/magazine365\/wp-json\/wp\/v2\/types\/post"}],"author":[{"embeddable":true,"href":"https:\/\/eldigitaldeasturias.com\/magazine365\/wp-json\/wp\/v2\/users\/1"}],"replies":[{"embeddable":true,"href":"https:\/\/eldigitaldeasturias.com\/magazine365\/wp-json\/wp\/v2\/comments?post=62355"}],"version-history":[{"count":0,"href":"https:\/\/eldigitaldeasturias.com\/magazine365\/wp-json\/wp\/v2\/posts\/62355\/revisions"}],"wp:featuredmedia":[{"embeddable":true,"href":"https:\/\/eldigitaldeasturias.com\/magazine365\/wp-json\/wp\/v2\/media\/38653"}],"wp:attachment":[{"href":"https:\/\/eldigitaldeasturias.com\/magazine365\/wp-json\/wp\/v2\/media?parent=62355"}],"wp:term":[{"taxonomy":"category","embeddable":true,"href":"https:\/\/eldigitaldeasturias.com\/magazine365\/wp-json\/wp\/v2\/categories?post=62355"},{"taxonomy":"post_tag","embeddable":true,"href":"https:\/\/eldigitaldeasturias.com\/magazine365\/wp-json\/wp\/v2\/tags?post=62355"}],"curies":[{"name":"wp","href":"https:\/\/api.w.org\/{rel}","templated":true}]}}