{"id":62352,"date":"2016-02-01T01:45:44","date_gmt":"2016-02-01T00:45:44","guid":{"rendered":"http:\/\/eldigitaldeasturias.com\/magazine365\/?p=62352"},"modified":"2016-02-01T01:45:44","modified_gmt":"2016-02-01T00:45:44","slug":"la-cueva-pintada-en-gran-canaria-guarda-dos-reservas-arqueologicas-de-casi-2-000-metros-cuadrados-sin-excavar","status":"publish","type":"post","link":"https:\/\/eldigitaldeasturias.com\/magazine365\/la-cueva-pintada-en-gran-canaria-guarda-dos-reservas-arqueologicas-de-casi-2-000-metros-cuadrados-sin-excavar\/","title":{"rendered":"La Cueva Pintada, en Gran Canaria, guarda dos reservas arqueol\u00f3gicas de casi 2.000 metros cuadrados sin excavar"},"content":{"rendered":"<p><img fetchpriority=\"high\" decoding=\"async\" class=\"alignleft size-medium wp-image-62353\" src=\"https:\/\/eldigitaldeasturias.com\/magazine365\/wp-content\/uploads\/2016\/02\/fotonoticia_20160127122215_800-360x240.jpg\" alt=\"fotonoticia_20160127122215_800\" width=\"360\" height=\"240\" srcset=\"https:\/\/eldigitaldeasturias.com\/magazine365\/wp-content\/uploads\/2016\/02\/fotonoticia_20160127122215_800-360x240.jpg 360w, https:\/\/eldigitaldeasturias.com\/magazine365\/wp-content\/uploads\/2016\/02\/fotonoticia_20160127122215_800-650x433.jpg 650w, https:\/\/eldigitaldeasturias.com\/magazine365\/wp-content\/uploads\/2016\/02\/fotonoticia_20160127122215_800-768x512.jpg 768w, https:\/\/eldigitaldeasturias.com\/magazine365\/wp-content\/uploads\/2016\/02\/fotonoticia_20160127122215_800-150x100.jpg 150w, https:\/\/eldigitaldeasturias.com\/magazine365\/wp-content\/uploads\/2016\/02\/fotonoticia_20160127122215_800-450x300.jpg 450w, https:\/\/eldigitaldeasturias.com\/magazine365\/wp-content\/uploads\/2016\/02\/fotonoticia_20160127122215_800-696x464.jpg 696w, https:\/\/eldigitaldeasturias.com\/magazine365\/wp-content\/uploads\/2016\/02\/fotonoticia_20160127122215_800-630x420.jpg 630w, https:\/\/eldigitaldeasturias.com\/magazine365\/wp-content\/uploads\/2016\/02\/fotonoticia_20160127122215_800-101x66.jpg 101w, https:\/\/eldigitaldeasturias.com\/magazine365\/wp-content\/uploads\/2016\/02\/fotonoticia_20160127122215_800.jpg 800w\" sizes=\"(max-width: 360px) 100vw, 360px\" \/>La Cueva Pintada de G\u00e1ldar, en Gran Canaria, es un yacimiento que permite al visitante viajar al pasado y conocer el poblado aborigen con sus secretos aunque a\u00fan guarda dos reservas arqueol\u00f3gicas de casi 2.000 metros cuadrados sin excavar.<\/p>\n<p>Para conocer las peculiaridades de este yacimiento, el presidente canario, Fernando Clavijo, y su hom\u00f3logo en el Cabildo de Gran Canaria, Antonio Morales, visitaron la Cueva Pintada en la tarde del martes.<\/p>\n<p>Durante la visita Clavijo y Morales conocieron que el n\u00facleo urbano de G\u00e1ldar se asienta exactamente sobre la antigua Ag\u00e1ldar y si bien el yacimiento de la Cueva Pintada aflor\u00f3 porque se encontraba bajo un cultivo, el resto del antiguo poblado se extiende bajo las casas cercanas al parque arqueol\u00f3gico.<\/p>\n<p>De todos modos, matizan que entre el recinto y las edificaciones hay dos franjas de tierra que \u00abguardan tesoros enterrados\u00bb que permanecer\u00e1n para poder ser excavados con las t\u00e9cnicas del futuro. As\u00ed lo manifest\u00f3 la directora del Parque Arqueol\u00f3gico, Carmen Rodr\u00edguez, a Clavijo y Morales, seg\u00fan inform\u00f3 el Cabildo de Gran Canaria en nota de prensa.<\/p>\n<p>La Cueva Pintada est\u00e1 declarada Monumento Hist\u00f3rico Art\u00edstico desde 1972 y se trata de un conjunto arqueol\u00f3gico del Cabildo de Gran Canaria \u00abvalorado por su singular riqueza patrimonial\u00bb, as\u00ed como por la forma que presenta a las personas que all\u00ed vivieron.<\/p>\n<p>El yacimiento permite al p\u00fablico, unos 55.000 visitantes anuales, conocer a Arminda, la peque\u00f1a aborigen que tras ser entregada a los conquistadores es bautizada como Catalina, que posteriormente relatar\u00e1 su infancia en Ag\u00e1ldar.<\/p>\n<p>Adem\u00e1s, la Cueva Pintada te permite observar pinturas, con un significado a\u00fan por conocer, y diversas construcciones del caser\u00edo aborigen, una poblaci\u00f3n que se distribu\u00eda por la isla en una treintena de poblados que \u00abllegaron a sumar 20.000 personas y que acab\u00f3 con la conquista, cuando se extingui\u00f3 esta sociedad y surgi\u00f3 una nueva realidad\u00bb, como as\u00ed se cuenta en un v\u00eddeo.<\/p>\n<p>El yacimiento abarca 5.000 metros cuadrados y data del siglo VII al XVII, aunque la eclosi\u00f3n del poblado fue en torno al siglo XIII, como atestiguan los granos de cebada y gram\u00ednea encontrados en la Cueva Pintada, donde en 1882, cuando fue descubierta, tambi\u00e9n se encontraron cuerpos, vasijas y enseres.<\/p>\n<p>La Cueva Pintada recibir\u00e1 la pr\u00f3xima semana un nuevo premio en su d\u00e9cimo aniversario concedido por el centro internacional CICOP, que recoger\u00e1 Antonio Morales en Alicante.<\/p>\n","protected":false},"excerpt":{"rendered":"<p>La Cueva Pintada de G\u00e1ldar, en Gran Canaria, es un yacimiento que permite al visitante viajar al pasado y conocer el poblado aborigen con sus secretos aunque a\u00fan guarda dos reservas arqueol\u00f3gicas de casi 2.000 metros cuadrados sin excavar. Para conocer las peculiaridades de este yacimiento, el presidente canario, Fernando Clavijo, y su hom\u00f3logo en<\/p>\n","protected":false},"author":1,"featured_media":62353,"comment_status":"open","ping_status":"closed","sticky":false,"template":"","format":"standard","meta":{"footnotes":""},"categories":[224],"tags":[],"class_list":{"0":"post-62352","1":"post","2":"type-post","3":"status-publish","4":"format-standard","5":"has-post-thumbnail","7":"category-noticias-actualidad"},"aioseo_notices":[],"aioseo_head":"\n\t\t<!-- All in One SEO Pro 4.9.6.1 - aioseo.com -->\n\t<meta name=\"description\" content=\"La Cueva Pintada de G\u00e1ldar, en Gran Canaria, es un yacimiento que permite al visitante viajar al pasado y conocer el poblado aborigen con sus secretos aunque a\u00fan guarda dos reservas arqueol\u00f3gicas de casi 2.000 metros cuadrados sin excavar. Para conocer las peculiaridades de este yacimiento, el presidente canario, Fernando Clavijo, y su hom\u00f3logo en\" \/>\n\t<meta name=\"robots\" content=\"max-image-preview:large\" \/>\n\t<meta name=\"author\" content=\"admin\"\/>\n\t<meta name=\"google-site-verification\" content=\"UA-38556648-1\" \/>\n\t<meta name=\"keywords\" content=\"noticias y actualidad\" \/>\n\t<link rel=\"canonical\" href=\"https:\/\/eldigitaldeasturias.com\/magazine365\/la-cueva-pintada-en-gran-canaria-guarda-dos-reservas-arqueologicas-de-casi-2-000-metros-cuadrados-sin-excavar\/\" \/>\n\t<meta name=\"generator\" content=\"All in One SEO Pro (AIOSEO) 4.9.6.1\" \/>\n\t\t<meta property=\"og:locale\" content=\"es_ES\" \/>\n\t\t<meta property=\"og:site_name\" content=\"El Digital de Asturias \u2013 Revista de ocio, turismo y estilo de vida\" \/>\n\t\t<meta property=\"og:type\" content=\"article\" \/>\n\t\t<meta property=\"og:title\" content=\"La Cueva Pintada, en Gran Canaria, guarda dos reservas arqueol\u00f3gicas de casi 2.000 metros cuadrados sin excavar | El Digital de Asturias\" \/>\n\t\t<meta property=\"og:description\" content=\"La Cueva Pintada de G\u00e1ldar, en Gran Canaria, es un yacimiento que permite al visitante viajar al pasado y conocer el poblado aborigen con sus secretos aunque a\u00fan guarda dos reservas arqueol\u00f3gicas de casi 2.000 metros cuadrados sin excavar. Para conocer las peculiaridades de este yacimiento, el presidente canario, Fernando Clavijo, y su hom\u00f3logo en\" \/>\n\t\t<meta property=\"og:url\" content=\"https:\/\/eldigitaldeasturias.com\/magazine365\/la-cueva-pintada-en-gran-canaria-guarda-dos-reservas-arqueologicas-de-casi-2-000-metros-cuadrados-sin-excavar\/\" \/>\n\t\t<meta property=\"og:image\" content=\"https:\/\/eldigitaldeasturias.com\/magazine365\/wp-content\/uploads\/2016\/02\/fotonoticia_20160127122215_800.jpg\" \/>\n\t\t<meta property=\"og:image:secure_url\" content=\"https:\/\/eldigitaldeasturias.com\/magazine365\/wp-content\/uploads\/2016\/02\/fotonoticia_20160127122215_800.jpg\" \/>\n\t\t<meta property=\"og:image:width\" content=\"800\" \/>\n\t\t<meta property=\"og:image:height\" content=\"533\" \/>\n\t\t<meta property=\"article:published_time\" content=\"2016-02-01T00:45:44+00:00\" \/>\n\t\t<meta property=\"article:modified_time\" content=\"2016-02-01T00:45:44+00:00\" \/>\n\t\t<meta name=\"twitter:card\" content=\"summary_large_image\" \/>\n\t\t<meta name=\"twitter:title\" content=\"La Cueva Pintada, en Gran Canaria, guarda dos reservas arqueol\u00f3gicas de casi 2.000 metros cuadrados sin excavar | El Digital de Asturias\" \/>\n\t\t<meta name=\"twitter:description\" content=\"La Cueva Pintada de G\u00e1ldar, en Gran Canaria, es un yacimiento que permite al visitante viajar al pasado y conocer el poblado aborigen con sus secretos aunque a\u00fan guarda dos reservas arqueol\u00f3gicas de casi 2.000 metros cuadrados sin excavar. Para conocer las peculiaridades de este yacimiento, el presidente canario, Fernando Clavijo, y su hom\u00f3logo en\" \/>\n\t\t<meta name=\"twitter:image\" content=\"https:\/\/eldigitaldeasturias.com\/magazine365\/wp-content\/uploads\/2016\/02\/fotonoticia_20160127122215_800.jpg\" \/>\n\t\t<script type=\"application\/ld+json\" class=\"aioseo-schema\">\n\t\t\t{\"@context\":\"https:\\\/\\\/schema.org\",\"@graph\":[{\"@type\":\"Article\",\"@id\":\"https:\\\/\\\/eldigitaldeasturias.com\\\/magazine365\\\/la-cueva-pintada-en-gran-canaria-guarda-dos-reservas-arqueologicas-de-casi-2-000-metros-cuadrados-sin-excavar\\\/#article\",\"name\":\"La Cueva Pintada, en Gran Canaria, guarda dos reservas arqueol\\u00f3gicas de casi 2.000 metros cuadrados sin excavar | El Digital de Asturias\",\"headline\":\"La Cueva Pintada, en Gran Canaria, guarda dos reservas arqueol\\u00f3gicas de casi 2.000 metros cuadrados sin excavar\",\"author\":{\"@id\":\"https:\\\/\\\/eldigitaldeasturias.com\\\/magazine365\\\/author\\\/admin\\\/#author\"},\"publisher\":{\"@id\":\"https:\\\/\\\/eldigitaldeasturias.com\\\/magazine365\\\/#organization\"},\"image\":{\"@type\":\"ImageObject\",\"url\":\"https:\\\/\\\/eldigitaldeasturias.com\\\/magazine365\\\/wp-content\\\/uploads\\\/2016\\\/02\\\/fotonoticia_20160127122215_800.jpg\",\"width\":800,\"height\":533},\"datePublished\":\"2016-02-01T01:45:44+01:00\",\"dateModified\":\"2016-02-01T01:45:44+01:00\",\"inLanguage\":\"es-ES\",\"mainEntityOfPage\":{\"@id\":\"https:\\\/\\\/eldigitaldeasturias.com\\\/magazine365\\\/la-cueva-pintada-en-gran-canaria-guarda-dos-reservas-arqueologicas-de-casi-2-000-metros-cuadrados-sin-excavar\\\/#webpage\"},\"isPartOf\":{\"@id\":\"https:\\\/\\\/eldigitaldeasturias.com\\\/magazine365\\\/la-cueva-pintada-en-gran-canaria-guarda-dos-reservas-arqueologicas-de-casi-2-000-metros-cuadrados-sin-excavar\\\/#webpage\"},\"articleSection\":\"Noticias y Actualidad\"},{\"@type\":\"BreadcrumbList\",\"@id\":\"https:\\\/\\\/eldigitaldeasturias.com\\\/magazine365\\\/la-cueva-pintada-en-gran-canaria-guarda-dos-reservas-arqueologicas-de-casi-2-000-metros-cuadrados-sin-excavar\\\/#breadcrumblist\",\"itemListElement\":[{\"@type\":\"ListItem\",\"@id\":\"https:\\\/\\\/eldigitaldeasturias.com\\\/magazine365#listItem\",\"position\":1,\"name\":\"Home\",\"item\":\"https:\\\/\\\/eldigitaldeasturias.com\\\/magazine365\",\"nextItem\":{\"@type\":\"ListItem\",\"@id\":\"https:\\\/\\\/eldigitaldeasturias.com\\\/magazine365\\\/category\\\/noticias-actualidad\\\/#listItem\",\"name\":\"Noticias y Actualidad\"}},{\"@type\":\"ListItem\",\"@id\":\"https:\\\/\\\/eldigitaldeasturias.com\\\/magazine365\\\/category\\\/noticias-actualidad\\\/#listItem\",\"position\":2,\"name\":\"Noticias y Actualidad\",\"item\":\"https:\\\/\\\/eldigitaldeasturias.com\\\/magazine365\\\/category\\\/noticias-actualidad\\\/\",\"nextItem\":{\"@type\":\"ListItem\",\"@id\":\"https:\\\/\\\/eldigitaldeasturias.com\\\/magazine365\\\/la-cueva-pintada-en-gran-canaria-guarda-dos-reservas-arqueologicas-de-casi-2-000-metros-cuadrados-sin-excavar\\\/#listItem\",\"name\":\"La Cueva Pintada, en Gran Canaria, guarda dos reservas arqueol\\u00f3gicas de casi 2.000 metros cuadrados sin excavar\"},\"previousItem\":{\"@type\":\"ListItem\",\"@id\":\"https:\\\/\\\/eldigitaldeasturias.com\\\/magazine365#listItem\",\"name\":\"Home\"}},{\"@type\":\"ListItem\",\"@id\":\"https:\\\/\\\/eldigitaldeasturias.com\\\/magazine365\\\/la-cueva-pintada-en-gran-canaria-guarda-dos-reservas-arqueologicas-de-casi-2-000-metros-cuadrados-sin-excavar\\\/#listItem\",\"position\":3,\"name\":\"La Cueva Pintada, en Gran Canaria, guarda dos reservas arqueol\\u00f3gicas de casi 2.000 metros cuadrados sin excavar\",\"previousItem\":{\"@type\":\"ListItem\",\"@id\":\"https:\\\/\\\/eldigitaldeasturias.com\\\/magazine365\\\/category\\\/noticias-actualidad\\\/#listItem\",\"name\":\"Noticias y Actualidad\"}}]},{\"@type\":\"Organization\",\"@id\":\"https:\\\/\\\/eldigitaldeasturias.com\\\/magazine365\\\/#organization\",\"name\":\"El digital de Asturias\",\"description\":\"Revista de ocio, turismo y estilo de vida\",\"url\":\"https:\\\/\\\/eldigitaldeasturias.com\\\/magazine365\\\/\",\"logo\":{\"@type\":\"ImageObject\",\"url\":\"https:\\\/\\\/www.eldigitaldeasturias.com\\\/noticias\\\/wp-content\\\/uploads\\\/2020\\\/12\\\/EDA.jpg\",\"@id\":\"https:\\\/\\\/eldigitaldeasturias.com\\\/magazine365\\\/la-cueva-pintada-en-gran-canaria-guarda-dos-reservas-arqueologicas-de-casi-2-000-metros-cuadrados-sin-excavar\\\/#organizationLogo\"},\"image\":{\"@id\":\"https:\\\/\\\/eldigitaldeasturias.com\\\/magazine365\\\/la-cueva-pintada-en-gran-canaria-guarda-dos-reservas-arqueologicas-de-casi-2-000-metros-cuadrados-sin-excavar\\\/#organizationLogo\"}},{\"@type\":\"Person\",\"@id\":\"https:\\\/\\\/eldigitaldeasturias.com\\\/magazine365\\\/author\\\/admin\\\/#author\",\"url\":\"https:\\\/\\\/eldigitaldeasturias.com\\\/magazine365\\\/author\\\/admin\\\/\",\"name\":\"admin\",\"image\":{\"@type\":\"ImageObject\",\"@id\":\"https:\\\/\\\/eldigitaldeasturias.com\\\/magazine365\\\/la-cueva-pintada-en-gran-canaria-guarda-dos-reservas-arqueologicas-de-casi-2-000-metros-cuadrados-sin-excavar\\\/#authorImage\",\"url\":\"https:\\\/\\\/eldigitaldeasturias.com\\\/magazine365\\\/wp-content\\\/litespeed\\\/avatar\\\/e571bcf59a0edd6fa6838245a470f2fe.jpg?ver=1776969259\",\"width\":96,\"height\":96,\"caption\":\"admin\"}},{\"@type\":\"WebPage\",\"@id\":\"https:\\\/\\\/eldigitaldeasturias.com\\\/magazine365\\\/la-cueva-pintada-en-gran-canaria-guarda-dos-reservas-arqueologicas-de-casi-2-000-metros-cuadrados-sin-excavar\\\/#webpage\",\"url\":\"https:\\\/\\\/eldigitaldeasturias.com\\\/magazine365\\\/la-cueva-pintada-en-gran-canaria-guarda-dos-reservas-arqueologicas-de-casi-2-000-metros-cuadrados-sin-excavar\\\/\",\"name\":\"La Cueva Pintada, en Gran Canaria, guarda dos reservas arqueol\\u00f3gicas de casi 2.000 metros cuadrados sin excavar | El Digital de Asturias\",\"description\":\"La Cueva Pintada de G\\u00e1ldar, en Gran Canaria, es un yacimiento que permite al visitante viajar al pasado y conocer el poblado aborigen con sus secretos aunque a\\u00fan guarda dos reservas arqueol\\u00f3gicas de casi 2.000 metros cuadrados sin excavar. Para conocer las peculiaridades de este yacimiento, el presidente canario, Fernando Clavijo, y su hom\\u00f3logo en\",\"inLanguage\":\"es-ES\",\"isPartOf\":{\"@id\":\"https:\\\/\\\/eldigitaldeasturias.com\\\/magazine365\\\/#website\"},\"breadcrumb\":{\"@id\":\"https:\\\/\\\/eldigitaldeasturias.com\\\/magazine365\\\/la-cueva-pintada-en-gran-canaria-guarda-dos-reservas-arqueologicas-de-casi-2-000-metros-cuadrados-sin-excavar\\\/#breadcrumblist\"},\"author\":{\"@id\":\"https:\\\/\\\/eldigitaldeasturias.com\\\/magazine365\\\/author\\\/admin\\\/#author\"},\"creator\":{\"@id\":\"https:\\\/\\\/eldigitaldeasturias.com\\\/magazine365\\\/author\\\/admin\\\/#author\"},\"image\":{\"@type\":\"ImageObject\",\"url\":\"https:\\\/\\\/eldigitaldeasturias.com\\\/magazine365\\\/wp-content\\\/uploads\\\/2016\\\/02\\\/fotonoticia_20160127122215_800.jpg\",\"@id\":\"https:\\\/\\\/eldigitaldeasturias.com\\\/magazine365\\\/la-cueva-pintada-en-gran-canaria-guarda-dos-reservas-arqueologicas-de-casi-2-000-metros-cuadrados-sin-excavar\\\/#mainImage\",\"width\":800,\"height\":533},\"primaryImageOfPage\":{\"@id\":\"https:\\\/\\\/eldigitaldeasturias.com\\\/magazine365\\\/la-cueva-pintada-en-gran-canaria-guarda-dos-reservas-arqueologicas-de-casi-2-000-metros-cuadrados-sin-excavar\\\/#mainImage\"},\"datePublished\":\"2016-02-01T01:45:44+01:00\",\"dateModified\":\"2016-02-01T01:45:44+01:00\"},{\"@type\":\"WebSite\",\"@id\":\"https:\\\/\\\/eldigitaldeasturias.com\\\/magazine365\\\/#website\",\"url\":\"https:\\\/\\\/eldigitaldeasturias.com\\\/magazine365\\\/\",\"name\":\"El Digital de Asturias\",\"description\":\"Revista de ocio, turismo y estilo de vida\",\"inLanguage\":\"es-ES\",\"publisher\":{\"@id\":\"https:\\\/\\\/eldigitaldeasturias.com\\\/magazine365\\\/#organization\"}}]}\n\t\t<\/script>\n\t\t<!-- All in One SEO Pro -->\r\n\t\t<title>La Cueva Pintada, en Gran Canaria, guarda dos reservas arqueol\u00f3gicas de casi 2.000 metros cuadrados sin excavar | El Digital de Asturias<\/title>\n\n","aioseo_head_json":{"title":"La Cueva Pintada, en Gran Canaria, guarda dos reservas arqueol\u00f3gicas de casi 2.000 metros cuadrados sin excavar | El Digital de Asturias","description":"La Cueva Pintada de G\u00e1ldar, en Gran Canaria, es un yacimiento que permite al visitante viajar al pasado y conocer el poblado aborigen con sus secretos aunque a\u00fan guarda dos reservas arqueol\u00f3gicas de casi 2.000 metros cuadrados sin excavar. Para conocer las peculiaridades de este yacimiento, el presidente canario, Fernando Clavijo, y su hom\u00f3logo en","canonical_url":"https:\/\/eldigitaldeasturias.com\/magazine365\/la-cueva-pintada-en-gran-canaria-guarda-dos-reservas-arqueologicas-de-casi-2-000-metros-cuadrados-sin-excavar\/","robots":"max-image-preview:large","keywords":"noticias y actualidad","webmasterTools":{"google-site-verification":"UA-38556648-1","miscellaneous":""},"schema":{"@context":"https:\/\/schema.org","@graph":[{"@type":"Article","@id":"https:\/\/eldigitaldeasturias.com\/magazine365\/la-cueva-pintada-en-gran-canaria-guarda-dos-reservas-arqueologicas-de-casi-2-000-metros-cuadrados-sin-excavar\/#article","name":"La Cueva Pintada, en Gran Canaria, guarda dos reservas arqueol\u00f3gicas de casi 2.000 metros cuadrados sin excavar | El Digital de Asturias","headline":"La Cueva Pintada, en Gran Canaria, guarda dos reservas arqueol\u00f3gicas de casi 2.000 metros cuadrados sin excavar","author":{"@id":"https:\/\/eldigitaldeasturias.com\/magazine365\/author\/admin\/#author"},"publisher":{"@id":"https:\/\/eldigitaldeasturias.com\/magazine365\/#organization"},"image":{"@type":"ImageObject","url":"https:\/\/eldigitaldeasturias.com\/magazine365\/wp-content\/uploads\/2016\/02\/fotonoticia_20160127122215_800.jpg","width":800,"height":533},"datePublished":"2016-02-01T01:45:44+01:00","dateModified":"2016-02-01T01:45:44+01:00","inLanguage":"es-ES","mainEntityOfPage":{"@id":"https:\/\/eldigitaldeasturias.com\/magazine365\/la-cueva-pintada-en-gran-canaria-guarda-dos-reservas-arqueologicas-de-casi-2-000-metros-cuadrados-sin-excavar\/#webpage"},"isPartOf":{"@id":"https:\/\/eldigitaldeasturias.com\/magazine365\/la-cueva-pintada-en-gran-canaria-guarda-dos-reservas-arqueologicas-de-casi-2-000-metros-cuadrados-sin-excavar\/#webpage"},"articleSection":"Noticias y Actualidad"},{"@type":"BreadcrumbList","@id":"https:\/\/eldigitaldeasturias.com\/magazine365\/la-cueva-pintada-en-gran-canaria-guarda-dos-reservas-arqueologicas-de-casi-2-000-metros-cuadrados-sin-excavar\/#breadcrumblist","itemListElement":[{"@type":"ListItem","@id":"https:\/\/eldigitaldeasturias.com\/magazine365#listItem","position":1,"name":"Home","item":"https:\/\/eldigitaldeasturias.com\/magazine365","nextItem":{"@type":"ListItem","@id":"https:\/\/eldigitaldeasturias.com\/magazine365\/category\/noticias-actualidad\/#listItem","name":"Noticias y Actualidad"}},{"@type":"ListItem","@id":"https:\/\/eldigitaldeasturias.com\/magazine365\/category\/noticias-actualidad\/#listItem","position":2,"name":"Noticias y Actualidad","item":"https:\/\/eldigitaldeasturias.com\/magazine365\/category\/noticias-actualidad\/","nextItem":{"@type":"ListItem","@id":"https:\/\/eldigitaldeasturias.com\/magazine365\/la-cueva-pintada-en-gran-canaria-guarda-dos-reservas-arqueologicas-de-casi-2-000-metros-cuadrados-sin-excavar\/#listItem","name":"La Cueva Pintada, en Gran Canaria, guarda dos reservas arqueol\u00f3gicas de casi 2.000 metros cuadrados sin excavar"},"previousItem":{"@type":"ListItem","@id":"https:\/\/eldigitaldeasturias.com\/magazine365#listItem","name":"Home"}},{"@type":"ListItem","@id":"https:\/\/eldigitaldeasturias.com\/magazine365\/la-cueva-pintada-en-gran-canaria-guarda-dos-reservas-arqueologicas-de-casi-2-000-metros-cuadrados-sin-excavar\/#listItem","position":3,"name":"La Cueva Pintada, en Gran Canaria, guarda dos reservas arqueol\u00f3gicas de casi 2.000 metros cuadrados sin excavar","previousItem":{"@type":"ListItem","@id":"https:\/\/eldigitaldeasturias.com\/magazine365\/category\/noticias-actualidad\/#listItem","name":"Noticias y Actualidad"}}]},{"@type":"Organization","@id":"https:\/\/eldigitaldeasturias.com\/magazine365\/#organization","name":"El digital de Asturias","description":"Revista de ocio, turismo y estilo de vida","url":"https:\/\/eldigitaldeasturias.com\/magazine365\/","logo":{"@type":"ImageObject","url":"https:\/\/www.eldigitaldeasturias.com\/noticias\/wp-content\/uploads\/2020\/12\/EDA.jpg","@id":"https:\/\/eldigitaldeasturias.com\/magazine365\/la-cueva-pintada-en-gran-canaria-guarda-dos-reservas-arqueologicas-de-casi-2-000-metros-cuadrados-sin-excavar\/#organizationLogo"},"image":{"@id":"https:\/\/eldigitaldeasturias.com\/magazine365\/la-cueva-pintada-en-gran-canaria-guarda-dos-reservas-arqueologicas-de-casi-2-000-metros-cuadrados-sin-excavar\/#organizationLogo"}},{"@type":"Person","@id":"https:\/\/eldigitaldeasturias.com\/magazine365\/author\/admin\/#author","url":"https:\/\/eldigitaldeasturias.com\/magazine365\/author\/admin\/","name":"admin","image":{"@type":"ImageObject","@id":"https:\/\/eldigitaldeasturias.com\/magazine365\/la-cueva-pintada-en-gran-canaria-guarda-dos-reservas-arqueologicas-de-casi-2-000-metros-cuadrados-sin-excavar\/#authorImage","url":"https:\/\/eldigitaldeasturias.com\/magazine365\/wp-content\/litespeed\/avatar\/e571bcf59a0edd6fa6838245a470f2fe.jpg?ver=1776969259","width":96,"height":96,"caption":"admin"}},{"@type":"WebPage","@id":"https:\/\/eldigitaldeasturias.com\/magazine365\/la-cueva-pintada-en-gran-canaria-guarda-dos-reservas-arqueologicas-de-casi-2-000-metros-cuadrados-sin-excavar\/#webpage","url":"https:\/\/eldigitaldeasturias.com\/magazine365\/la-cueva-pintada-en-gran-canaria-guarda-dos-reservas-arqueologicas-de-casi-2-000-metros-cuadrados-sin-excavar\/","name":"La Cueva Pintada, en Gran Canaria, guarda dos reservas arqueol\u00f3gicas de casi 2.000 metros cuadrados sin excavar | El Digital de Asturias","description":"La Cueva Pintada de G\u00e1ldar, en Gran Canaria, es un yacimiento que permite al visitante viajar al pasado y conocer el poblado aborigen con sus secretos aunque a\u00fan guarda dos reservas arqueol\u00f3gicas de casi 2.000 metros cuadrados sin excavar. Para conocer las peculiaridades de este yacimiento, el presidente canario, Fernando Clavijo, y su hom\u00f3logo en","inLanguage":"es-ES","isPartOf":{"@id":"https:\/\/eldigitaldeasturias.com\/magazine365\/#website"},"breadcrumb":{"@id":"https:\/\/eldigitaldeasturias.com\/magazine365\/la-cueva-pintada-en-gran-canaria-guarda-dos-reservas-arqueologicas-de-casi-2-000-metros-cuadrados-sin-excavar\/#breadcrumblist"},"author":{"@id":"https:\/\/eldigitaldeasturias.com\/magazine365\/author\/admin\/#author"},"creator":{"@id":"https:\/\/eldigitaldeasturias.com\/magazine365\/author\/admin\/#author"},"image":{"@type":"ImageObject","url":"https:\/\/eldigitaldeasturias.com\/magazine365\/wp-content\/uploads\/2016\/02\/fotonoticia_20160127122215_800.jpg","@id":"https:\/\/eldigitaldeasturias.com\/magazine365\/la-cueva-pintada-en-gran-canaria-guarda-dos-reservas-arqueologicas-de-casi-2-000-metros-cuadrados-sin-excavar\/#mainImage","width":800,"height":533},"primaryImageOfPage":{"@id":"https:\/\/eldigitaldeasturias.com\/magazine365\/la-cueva-pintada-en-gran-canaria-guarda-dos-reservas-arqueologicas-de-casi-2-000-metros-cuadrados-sin-excavar\/#mainImage"},"datePublished":"2016-02-01T01:45:44+01:00","dateModified":"2016-02-01T01:45:44+01:00"},{"@type":"WebSite","@id":"https:\/\/eldigitaldeasturias.com\/magazine365\/#website","url":"https:\/\/eldigitaldeasturias.com\/magazine365\/","name":"El Digital de Asturias","description":"Revista de ocio, turismo y estilo de vida","inLanguage":"es-ES","publisher":{"@id":"https:\/\/eldigitaldeasturias.com\/magazine365\/#organization"}}]},"og:locale":"es_ES","og:site_name":"El Digital de Asturias \u2013 Revista de ocio, turismo y estilo de vida","og:type":"article","og:title":"La Cueva Pintada, en Gran Canaria, guarda dos reservas arqueol\u00f3gicas de casi 2.000 metros cuadrados sin excavar | El Digital de Asturias","og:description":"La Cueva Pintada de G\u00e1ldar, en Gran Canaria, es un yacimiento que permite al visitante viajar al pasado y conocer el poblado aborigen con sus secretos aunque a\u00fan guarda dos reservas arqueol\u00f3gicas de casi 2.000 metros cuadrados sin excavar. Para conocer las peculiaridades de este yacimiento, el presidente canario, Fernando Clavijo, y su hom\u00f3logo en","og:url":"https:\/\/eldigitaldeasturias.com\/magazine365\/la-cueva-pintada-en-gran-canaria-guarda-dos-reservas-arqueologicas-de-casi-2-000-metros-cuadrados-sin-excavar\/","og:image":"https:\/\/eldigitaldeasturias.com\/magazine365\/wp-content\/uploads\/2016\/02\/fotonoticia_20160127122215_800.jpg","og:image:secure_url":"https:\/\/eldigitaldeasturias.com\/magazine365\/wp-content\/uploads\/2016\/02\/fotonoticia_20160127122215_800.jpg","og:image:width":800,"og:image:height":533,"article:published_time":"2016-02-01T00:45:44+00:00","article:modified_time":"2016-02-01T00:45:44+00:00","twitter:card":"summary_large_image","twitter:title":"La Cueva Pintada, en Gran Canaria, guarda dos reservas arqueol\u00f3gicas de casi 2.000 metros cuadrados sin excavar | El Digital de Asturias","twitter:description":"La Cueva Pintada de G\u00e1ldar, en Gran Canaria, es un yacimiento que permite al visitante viajar al pasado y conocer el poblado aborigen con sus secretos aunque a\u00fan guarda dos reservas arqueol\u00f3gicas de casi 2.000 metros cuadrados sin excavar. Para conocer las peculiaridades de este yacimiento, el presidente canario, Fernando Clavijo, y su hom\u00f3logo en","twitter:image":"https:\/\/eldigitaldeasturias.com\/magazine365\/wp-content\/uploads\/2016\/02\/fotonoticia_20160127122215_800.jpg"},"aioseo_meta_data":{"post_id":"62352","title":null,"description":null,"keywords":null,"keyphrases":null,"primary_term":null,"canonical_url":null,"og_title":null,"og_description":null,"og_object_type":"default","og_image_type":"default","og_image_url":null,"og_image_width":null,"og_image_height":null,"og_image_custom_url":null,"og_image_custom_fields":null,"og_video":null,"og_custom_url":null,"og_article_section":null,"og_article_tags":null,"twitter_use_og":false,"twitter_card":"default","twitter_image_type":"default","twitter_image_url":null,"twitter_image_custom_url":null,"twitter_image_custom_fields":null,"twitter_title":null,"twitter_description":null,"schema":{"blockGraphs":[],"customGraphs":[],"default":{"data":{"Article":[],"Course":[],"Dataset":[],"FAQPage":[],"Movie":[],"Person":[],"Product":[],"ProductReview":[],"Car":[],"Recipe":[],"Service":[],"SoftwareApplication":[],"WebPage":[]},"graphName":"","isEnabled":true},"graphs":[],"defaultGraph":"","defaultPostTypeGraph":""},"schema_type":null,"schema_type_options":null,"pillar_content":false,"robots_default":true,"robots_noindex":false,"robots_noarchive":false,"robots_nosnippet":false,"robots_nofollow":false,"robots_noimageindex":false,"robots_noodp":false,"robots_notranslate":false,"robots_max_snippet":null,"robots_max_videopreview":null,"robots_max_imagepreview":"large","priority":null,"frequency":null,"location":null,"local_seo":null,"seo_analyzer_scan_date":"2025-09-25 10:58:04","breadcrumb_settings":null,"limit_modified_date":false,"open_ai":null,"ai":null,"created":"2021-03-08 21:37:54","updated":"2025-09-25 10:58:04"},"aioseo_breadcrumb":"<div class=\"aioseo-breadcrumbs\"><span class=\"aioseo-breadcrumb\">\n\t<a href=\"https:\/\/eldigitaldeasturias.com\/magazine365\" title=\"Home\">Home<\/a>\n<\/span><span class=\"aioseo-breadcrumb-separator\">\u2013<\/span><span class=\"aioseo-breadcrumb\">\n\t<a href=\"https:\/\/eldigitaldeasturias.com\/magazine365\/category\/noticias-actualidad\/\" title=\"Noticias y Actualidad\">Noticias y Actualidad<\/a>\n<\/span><span class=\"aioseo-breadcrumb-separator\">\u2013<\/span><span class=\"aioseo-breadcrumb\">\n\t<a href=\"https:\/\/eldigitaldeasturias.com\/magazine365\/la-cueva-pintada-en-gran-canaria-guarda-dos-reservas-arqueologicas-de-casi-2-000-metros-cuadrados-sin-excavar\/\" title=\"La Cueva Pintada, en Gran Canaria, guarda dos reservas arqueol\u00f3gicas de casi 2.000 metros cuadrados sin excavar\">La Cueva Pintada, en Gran Canaria, guarda dos reservas arqueol\u00f3gicas de casi 2.000 metros cuadrados sin excavar<\/a>\n<\/span><\/div>","aioseo_breadcrumb_json":[{"label":"Home","link":"https:\/\/eldigitaldeasturias.com\/magazine365"},{"label":"Noticias y Actualidad","link":"https:\/\/eldigitaldeasturias.com\/magazine365\/category\/noticias-actualidad\/"},{"label":"La Cueva Pintada, en Gran Canaria, guarda dos reservas arqueol\u00f3gicas de casi 2.000 metros cuadrados sin excavar","link":"https:\/\/eldigitaldeasturias.com\/magazine365\/la-cueva-pintada-en-gran-canaria-guarda-dos-reservas-arqueologicas-de-casi-2-000-metros-cuadrados-sin-excavar\/"}],"_links":{"self":[{"href":"https:\/\/eldigitaldeasturias.com\/magazine365\/wp-json\/wp\/v2\/posts\/62352","targetHints":{"allow":["GET"]}}],"collection":[{"href":"https:\/\/eldigitaldeasturias.com\/magazine365\/wp-json\/wp\/v2\/posts"}],"about":[{"href":"https:\/\/eldigitaldeasturias.com\/magazine365\/wp-json\/wp\/v2\/types\/post"}],"author":[{"embeddable":true,"href":"https:\/\/eldigitaldeasturias.com\/magazine365\/wp-json\/wp\/v2\/users\/1"}],"replies":[{"embeddable":true,"href":"https:\/\/eldigitaldeasturias.com\/magazine365\/wp-json\/wp\/v2\/comments?post=62352"}],"version-history":[{"count":0,"href":"https:\/\/eldigitaldeasturias.com\/magazine365\/wp-json\/wp\/v2\/posts\/62352\/revisions"}],"wp:featuredmedia":[{"embeddable":true,"href":"https:\/\/eldigitaldeasturias.com\/magazine365\/wp-json\/wp\/v2\/media\/62353"}],"wp:attachment":[{"href":"https:\/\/eldigitaldeasturias.com\/magazine365\/wp-json\/wp\/v2\/media?parent=62352"}],"wp:term":[{"taxonomy":"category","embeddable":true,"href":"https:\/\/eldigitaldeasturias.com\/magazine365\/wp-json\/wp\/v2\/categories?post=62352"},{"taxonomy":"post_tag","embeddable":true,"href":"https:\/\/eldigitaldeasturias.com\/magazine365\/wp-json\/wp\/v2\/tags?post=62352"}],"curies":[{"name":"wp","href":"https:\/\/api.w.org\/{rel}","templated":true}]}}