{"id":62329,"date":"2016-01-30T04:00:17","date_gmt":"2016-01-30T03:00:17","guid":{"rendered":"http:\/\/eldigitaldeasturias.com\/magazine365\/?p=62329"},"modified":"2016-01-30T04:00:17","modified_gmt":"2016-01-30T03:00:17","slug":"la-junta-respeta-el-fallo-del-tc-pero-realizara-oposicion-desde-el-plano-politico-a-la-injusta-ley-de-costas","status":"publish","type":"post","link":"https:\/\/eldigitaldeasturias.com\/magazine365\/la-junta-respeta-el-fallo-del-tc-pero-realizara-oposicion-desde-el-plano-politico-a-la-injusta-ley-de-costas\/","title":{"rendered":"La Junta respeta el fallo del TC pero realizar\u00e1 \u00aboposici\u00f3n desde el plano pol\u00edtico\u00bb a la \u00abinjusta\u00bb Ley de Costas"},"content":{"rendered":"<p><img fetchpriority=\"high\" decoding=\"async\" class=\"alignleft size-medium wp-image-62330\" src=\"https:\/\/eldigitaldeasturias.com\/magazine365\/wp-content\/uploads\/2016\/01\/fotonoticia_20160127115317_800-360x279.jpg\" alt=\"fotonoticia_20160127115317_800\" width=\"360\" height=\"279\" srcset=\"https:\/\/eldigitaldeasturias.com\/magazine365\/wp-content\/uploads\/2016\/01\/fotonoticia_20160127115317_800-360x279.jpg 360w, https:\/\/eldigitaldeasturias.com\/magazine365\/wp-content\/uploads\/2016\/01\/fotonoticia_20160127115317_800-650x504.jpg 650w, https:\/\/eldigitaldeasturias.com\/magazine365\/wp-content\/uploads\/2016\/01\/fotonoticia_20160127115317_800-768x595.jpg 768w, https:\/\/eldigitaldeasturias.com\/magazine365\/wp-content\/uploads\/2016\/01\/fotonoticia_20160127115317_800-150x116.jpg 150w, https:\/\/eldigitaldeasturias.com\/magazine365\/wp-content\/uploads\/2016\/01\/fotonoticia_20160127115317_800-450x349.jpg 450w, https:\/\/eldigitaldeasturias.com\/magazine365\/wp-content\/uploads\/2016\/01\/fotonoticia_20160127115317_800-696x539.jpg 696w, https:\/\/eldigitaldeasturias.com\/magazine365\/wp-content\/uploads\/2016\/01\/fotonoticia_20160127115317_800-542x420.jpg 542w, https:\/\/eldigitaldeasturias.com\/magazine365\/wp-content\/uploads\/2016\/01\/fotonoticia_20160127115317_800.jpg 800w\" sizes=\"(max-width: 360px) 100vw, 360px\" \/>El consejero de Medio Ambiente y Ordenaci\u00f3n del Territorio, Jos\u00e9 Fiscal, ha manifestado este mi\u00e9rcoles que la Junta de Andaluc\u00eda \u00abrespeta\u00bb la decisi\u00f3n del Tribunal Constitucional (TC) de rechazar el recurso presentado por la Junta de Andaluc\u00eda contra la Ley de Costas del a\u00f1o 2013 que modificaba la anterior de 1988, si bien ha avanzado que el Gobierno auton\u00f3mico realizar\u00e1 \u00aboposici\u00f3n desde el plano pol\u00edtico\u00bb a una norma que considera \u00abinjusta\u00bb.<\/p>\n<p>As\u00ed lo ha manifestado el consejero a preguntas de los periodistas en Sevilla sobre dicha resoluci\u00f3n del TC de rechazar el referido recurso de la Junta contra la Ley de Costas y rechazar as\u00ed que, como alegaba la administraci\u00f3n regional, la norma vulnere el r\u00e9gimen constitucional del dominio p\u00fablico mar\u00edtimo-terrestre, las competencias auton\u00f3micas en materia de ordenaci\u00f3n del territorio y urbanismo y publicidad o el principio constitucional de autonom\u00eda local.<\/p>\n<p>\u00abCuando las sentencias nos son favorables decimos que las respetamos, y cuando no lo son tambi\u00e9n\u00bb, ha manifestado el consejero al respecto de esa decisi\u00f3n, si bien ha apostillado que \u00abevidentemente\u00bb en la Junta no pueden \u00abestar satisfechos porque interpusimos un recurso de inconstitucionalidad contra esta ley en su d\u00eda y no se nos ha dado la raz\u00f3n\u00bb.<\/p>\n<p>As\u00ed las cosas, \u00aba partir de ahora\u00bb, y al estar \u00abdisconformes con la ley\u00bb, desde la Junta har\u00e1n \u00aboposici\u00f3n desde el plano pol\u00edtico a esta ley ejerciendo con nuestras responsabilidades y competencias desde Andaluc\u00eda\u00bb, seg\u00fan ha dicho el consejero.<\/p>\n<p>Fiscal ha abogado por que, \u00absi el Gobierno andaluz en materia ambiental tiene que pecar de algo, que sea en exceso, como en este caso\u00bb, y en esa l\u00ednea ha incidido en que \u00abla reforma de la Ley de Costas viene a desproteger una gran superficie del litoral, y al no estar conformes, vamos a ejercer nuestro derecho\u00bb.<\/p>\n<p>Tras apuntar que \u00abya nos blindamos aprobando el decreto de ordenaci\u00f3n del litoral previendo que esto pudiera suceder\u00bb, ha remachado que \u00abla reforma de la Ley de Costas no contenta a nadie, ni a empresarios de la costa, ni a chiringuitos ni a muchos municipios\u00bb.<\/p>\n<p>\u00abSe ha reconocido que s\u00ed es constitucional, pero desde luego eso ni mucho menos es suficiente para que no sigamos haciendo oposici\u00f3n a una ley injusta que desprotege al litoral\u00bb, ha abundado el consejero.<\/p>\n<p>ALGARROBICO<\/p>\n<p>Preguntado sobre si esta decisi\u00f3n puede afectar al hotel de Azata del Sol en el paraje de El Algarrobico, en Carboneras (Almer\u00eda), el titular andaluz de Medio Ambiente ha respondido que entiende que \u00abno necesariamente\u00bb, si bien \u00abhabr\u00e1 que ver con m\u00e1s detenimiento c\u00f3mo queda la cosa\u00bb.<\/p>\n<p>En todo caso, ha recordado que \u00abel Algarrobico est\u00e1 pendiente de varios fallos en el Tribunal Supremo que parece ser que se van a producir de manera inminente\u00bb y en la Junta est\u00e1n \u00abexpectantes a ver qu\u00e9 dice el Supremo y si de una vez por todas se desembrolla esta cuesti\u00f3n\u00bb.<\/p>\n","protected":false},"excerpt":{"rendered":"<p>El consejero de Medio Ambiente y Ordenaci\u00f3n del Territorio, Jos\u00e9 Fiscal, ha manifestado este mi\u00e9rcoles que la Junta de Andaluc\u00eda \u00abrespeta\u00bb la decisi\u00f3n del Tribunal Constitucional (TC) de rechazar el recurso presentado por la Junta de Andaluc\u00eda contra la Ley de Costas del a\u00f1o 2013 que modificaba la anterior de 1988, si bien ha avanzado<\/p>\n","protected":false},"author":1,"featured_media":62330,"comment_status":"open","ping_status":"closed","sticky":false,"template":"","format":"standard","meta":{"footnotes":""},"categories":[224],"tags":[],"class_list":{"0":"post-62329","1":"post","2":"type-post","3":"status-publish","4":"format-standard","5":"has-post-thumbnail","7":"category-noticias-actualidad"},"aioseo_notices":[],"aioseo_head":"\n\t\t<!-- All in One SEO Pro 4.9.6.1 - aioseo.com -->\n\t<meta name=\"description\" content=\"El consejero de Medio Ambiente y Ordenaci\u00f3n del Territorio, Jos\u00e9 Fiscal, ha manifestado este mi\u00e9rcoles que la Junta de Andaluc\u00eda &quot;respeta&quot; la decisi\u00f3n del Tribunal Constitucional (TC) de rechazar el recurso presentado por la Junta de Andaluc\u00eda contra la Ley de Costas del a\u00f1o 2013 que modificaba la anterior de 1988, si bien ha avanzado\" \/>\n\t<meta name=\"robots\" content=\"max-image-preview:large\" \/>\n\t<meta name=\"author\" content=\"admin\"\/>\n\t<meta name=\"google-site-verification\" content=\"UA-38556648-1\" \/>\n\t<meta name=\"keywords\" content=\"noticias y actualidad\" \/>\n\t<link rel=\"canonical\" href=\"https:\/\/eldigitaldeasturias.com\/magazine365\/la-junta-respeta-el-fallo-del-tc-pero-realizara-oposicion-desde-el-plano-politico-a-la-injusta-ley-de-costas\/\" \/>\n\t<meta name=\"generator\" content=\"All in One SEO Pro (AIOSEO) 4.9.6.1\" \/>\n\t\t<meta property=\"og:locale\" content=\"es_ES\" \/>\n\t\t<meta property=\"og:site_name\" content=\"El Digital de Asturias \u2013 Revista de ocio, turismo y estilo de vida\" \/>\n\t\t<meta property=\"og:type\" content=\"article\" \/>\n\t\t<meta property=\"og:title\" content=\"La Junta respeta el fallo del TC pero realizar\u00e1 \u00aboposici\u00f3n desde el plano pol\u00edtico\u00bb a la \u00abinjusta\u00bb Ley de Costas | El Digital de Asturias\" \/>\n\t\t<meta property=\"og:description\" content=\"El consejero de Medio Ambiente y Ordenaci\u00f3n del Territorio, Jos\u00e9 Fiscal, ha manifestado este mi\u00e9rcoles que la Junta de Andaluc\u00eda &quot;respeta&quot; la decisi\u00f3n del Tribunal Constitucional (TC) de rechazar el recurso presentado por la Junta de Andaluc\u00eda contra la Ley de Costas del a\u00f1o 2013 que modificaba la anterior de 1988, si bien ha avanzado\" \/>\n\t\t<meta property=\"og:url\" content=\"https:\/\/eldigitaldeasturias.com\/magazine365\/la-junta-respeta-el-fallo-del-tc-pero-realizara-oposicion-desde-el-plano-politico-a-la-injusta-ley-de-costas\/\" \/>\n\t\t<meta property=\"og:image\" content=\"https:\/\/eldigitaldeasturias.com\/magazine365\/wp-content\/uploads\/2016\/01\/fotonoticia_20160127115317_800.jpg\" \/>\n\t\t<meta property=\"og:image:secure_url\" content=\"https:\/\/eldigitaldeasturias.com\/magazine365\/wp-content\/uploads\/2016\/01\/fotonoticia_20160127115317_800.jpg\" \/>\n\t\t<meta property=\"og:image:width\" content=\"800\" \/>\n\t\t<meta property=\"og:image:height\" content=\"620\" \/>\n\t\t<meta property=\"article:published_time\" content=\"2016-01-30T03:00:17+00:00\" \/>\n\t\t<meta property=\"article:modified_time\" content=\"2016-01-30T03:00:17+00:00\" \/>\n\t\t<meta name=\"twitter:card\" content=\"summary_large_image\" \/>\n\t\t<meta name=\"twitter:title\" content=\"La Junta respeta el fallo del TC pero realizar\u00e1 \u00aboposici\u00f3n desde el plano pol\u00edtico\u00bb a la \u00abinjusta\u00bb Ley de Costas | El Digital de Asturias\" \/>\n\t\t<meta name=\"twitter:description\" content=\"El consejero de Medio Ambiente y Ordenaci\u00f3n del Territorio, Jos\u00e9 Fiscal, ha manifestado este mi\u00e9rcoles que la Junta de Andaluc\u00eda &quot;respeta&quot; la decisi\u00f3n del Tribunal Constitucional (TC) de rechazar el recurso presentado por la Junta de Andaluc\u00eda contra la Ley de Costas del a\u00f1o 2013 que modificaba la anterior de 1988, si bien ha avanzado\" \/>\n\t\t<meta name=\"twitter:image\" content=\"https:\/\/eldigitaldeasturias.com\/magazine365\/wp-content\/uploads\/2016\/01\/fotonoticia_20160127115317_800.jpg\" \/>\n\t\t<script type=\"application\/ld+json\" class=\"aioseo-schema\">\n\t\t\t{\"@context\":\"https:\\\/\\\/schema.org\",\"@graph\":[{\"@type\":\"Article\",\"@id\":\"https:\\\/\\\/eldigitaldeasturias.com\\\/magazine365\\\/la-junta-respeta-el-fallo-del-tc-pero-realizara-oposicion-desde-el-plano-politico-a-la-injusta-ley-de-costas\\\/#article\",\"name\":\"La Junta respeta el fallo del TC pero realizar\\u00e1 \\u00aboposici\\u00f3n desde el plano pol\\u00edtico\\u00bb a la \\u00abinjusta\\u00bb Ley de Costas | El Digital de Asturias\",\"headline\":\"La Junta respeta el fallo del TC pero realizar\\u00e1 \\u00aboposici\\u00f3n desde el plano pol\\u00edtico\\u00bb a la \\u00abinjusta\\u00bb Ley de Costas\",\"author\":{\"@id\":\"https:\\\/\\\/eldigitaldeasturias.com\\\/magazine365\\\/author\\\/admin\\\/#author\"},\"publisher\":{\"@id\":\"https:\\\/\\\/eldigitaldeasturias.com\\\/magazine365\\\/#organization\"},\"image\":{\"@type\":\"ImageObject\",\"url\":\"https:\\\/\\\/eldigitaldeasturias.com\\\/magazine365\\\/wp-content\\\/uploads\\\/2016\\\/01\\\/fotonoticia_20160127115317_800.jpg\",\"width\":800,\"height\":620},\"datePublished\":\"2016-01-30T04:00:17+01:00\",\"dateModified\":\"2016-01-30T04:00:17+01:00\",\"inLanguage\":\"es-ES\",\"mainEntityOfPage\":{\"@id\":\"https:\\\/\\\/eldigitaldeasturias.com\\\/magazine365\\\/la-junta-respeta-el-fallo-del-tc-pero-realizara-oposicion-desde-el-plano-politico-a-la-injusta-ley-de-costas\\\/#webpage\"},\"isPartOf\":{\"@id\":\"https:\\\/\\\/eldigitaldeasturias.com\\\/magazine365\\\/la-junta-respeta-el-fallo-del-tc-pero-realizara-oposicion-desde-el-plano-politico-a-la-injusta-ley-de-costas\\\/#webpage\"},\"articleSection\":\"Noticias y Actualidad\"},{\"@type\":\"BreadcrumbList\",\"@id\":\"https:\\\/\\\/eldigitaldeasturias.com\\\/magazine365\\\/la-junta-respeta-el-fallo-del-tc-pero-realizara-oposicion-desde-el-plano-politico-a-la-injusta-ley-de-costas\\\/#breadcrumblist\",\"itemListElement\":[{\"@type\":\"ListItem\",\"@id\":\"https:\\\/\\\/eldigitaldeasturias.com\\\/magazine365#listItem\",\"position\":1,\"name\":\"Home\",\"item\":\"https:\\\/\\\/eldigitaldeasturias.com\\\/magazine365\",\"nextItem\":{\"@type\":\"ListItem\",\"@id\":\"https:\\\/\\\/eldigitaldeasturias.com\\\/magazine365\\\/category\\\/noticias-actualidad\\\/#listItem\",\"name\":\"Noticias y Actualidad\"}},{\"@type\":\"ListItem\",\"@id\":\"https:\\\/\\\/eldigitaldeasturias.com\\\/magazine365\\\/category\\\/noticias-actualidad\\\/#listItem\",\"position\":2,\"name\":\"Noticias y Actualidad\",\"item\":\"https:\\\/\\\/eldigitaldeasturias.com\\\/magazine365\\\/category\\\/noticias-actualidad\\\/\",\"nextItem\":{\"@type\":\"ListItem\",\"@id\":\"https:\\\/\\\/eldigitaldeasturias.com\\\/magazine365\\\/la-junta-respeta-el-fallo-del-tc-pero-realizara-oposicion-desde-el-plano-politico-a-la-injusta-ley-de-costas\\\/#listItem\",\"name\":\"La Junta respeta el fallo del TC pero realizar\\u00e1 \\u00aboposici\\u00f3n desde el plano pol\\u00edtico\\u00bb a la \\u00abinjusta\\u00bb Ley de Costas\"},\"previousItem\":{\"@type\":\"ListItem\",\"@id\":\"https:\\\/\\\/eldigitaldeasturias.com\\\/magazine365#listItem\",\"name\":\"Home\"}},{\"@type\":\"ListItem\",\"@id\":\"https:\\\/\\\/eldigitaldeasturias.com\\\/magazine365\\\/la-junta-respeta-el-fallo-del-tc-pero-realizara-oposicion-desde-el-plano-politico-a-la-injusta-ley-de-costas\\\/#listItem\",\"position\":3,\"name\":\"La Junta respeta el fallo del TC pero realizar\\u00e1 \\u00aboposici\\u00f3n desde el plano pol\\u00edtico\\u00bb a la \\u00abinjusta\\u00bb Ley de Costas\",\"previousItem\":{\"@type\":\"ListItem\",\"@id\":\"https:\\\/\\\/eldigitaldeasturias.com\\\/magazine365\\\/category\\\/noticias-actualidad\\\/#listItem\",\"name\":\"Noticias y Actualidad\"}}]},{\"@type\":\"Organization\",\"@id\":\"https:\\\/\\\/eldigitaldeasturias.com\\\/magazine365\\\/#organization\",\"name\":\"El digital de Asturias\",\"description\":\"Revista de ocio, turismo y estilo de vida\",\"url\":\"https:\\\/\\\/eldigitaldeasturias.com\\\/magazine365\\\/\",\"logo\":{\"@type\":\"ImageObject\",\"url\":\"https:\\\/\\\/www.eldigitaldeasturias.com\\\/noticias\\\/wp-content\\\/uploads\\\/2020\\\/12\\\/EDA.jpg\",\"@id\":\"https:\\\/\\\/eldigitaldeasturias.com\\\/magazine365\\\/la-junta-respeta-el-fallo-del-tc-pero-realizara-oposicion-desde-el-plano-politico-a-la-injusta-ley-de-costas\\\/#organizationLogo\"},\"image\":{\"@id\":\"https:\\\/\\\/eldigitaldeasturias.com\\\/magazine365\\\/la-junta-respeta-el-fallo-del-tc-pero-realizara-oposicion-desde-el-plano-politico-a-la-injusta-ley-de-costas\\\/#organizationLogo\"}},{\"@type\":\"Person\",\"@id\":\"https:\\\/\\\/eldigitaldeasturias.com\\\/magazine365\\\/author\\\/admin\\\/#author\",\"url\":\"https:\\\/\\\/eldigitaldeasturias.com\\\/magazine365\\\/author\\\/admin\\\/\",\"name\":\"admin\",\"image\":{\"@type\":\"ImageObject\",\"@id\":\"https:\\\/\\\/eldigitaldeasturias.com\\\/magazine365\\\/la-junta-respeta-el-fallo-del-tc-pero-realizara-oposicion-desde-el-plano-politico-a-la-injusta-ley-de-costas\\\/#authorImage\",\"url\":\"https:\\\/\\\/eldigitaldeasturias.com\\\/magazine365\\\/wp-content\\\/litespeed\\\/avatar\\\/e571bcf59a0edd6fa6838245a470f2fe.jpg?ver=1776969259\",\"width\":96,\"height\":96,\"caption\":\"admin\"}},{\"@type\":\"WebPage\",\"@id\":\"https:\\\/\\\/eldigitaldeasturias.com\\\/magazine365\\\/la-junta-respeta-el-fallo-del-tc-pero-realizara-oposicion-desde-el-plano-politico-a-la-injusta-ley-de-costas\\\/#webpage\",\"url\":\"https:\\\/\\\/eldigitaldeasturias.com\\\/magazine365\\\/la-junta-respeta-el-fallo-del-tc-pero-realizara-oposicion-desde-el-plano-politico-a-la-injusta-ley-de-costas\\\/\",\"name\":\"La Junta respeta el fallo del TC pero realizar\\u00e1 \\u00aboposici\\u00f3n desde el plano pol\\u00edtico\\u00bb a la \\u00abinjusta\\u00bb Ley de Costas | El Digital de Asturias\",\"description\":\"El consejero de Medio Ambiente y Ordenaci\\u00f3n del Territorio, Jos\\u00e9 Fiscal, ha manifestado este mi\\u00e9rcoles que la Junta de Andaluc\\u00eda \\\"respeta\\\" la decisi\\u00f3n del Tribunal Constitucional (TC) de rechazar el recurso presentado por la Junta de Andaluc\\u00eda contra la Ley de Costas del a\\u00f1o 2013 que modificaba la anterior de 1988, si bien ha avanzado\",\"inLanguage\":\"es-ES\",\"isPartOf\":{\"@id\":\"https:\\\/\\\/eldigitaldeasturias.com\\\/magazine365\\\/#website\"},\"breadcrumb\":{\"@id\":\"https:\\\/\\\/eldigitaldeasturias.com\\\/magazine365\\\/la-junta-respeta-el-fallo-del-tc-pero-realizara-oposicion-desde-el-plano-politico-a-la-injusta-ley-de-costas\\\/#breadcrumblist\"},\"author\":{\"@id\":\"https:\\\/\\\/eldigitaldeasturias.com\\\/magazine365\\\/author\\\/admin\\\/#author\"},\"creator\":{\"@id\":\"https:\\\/\\\/eldigitaldeasturias.com\\\/magazine365\\\/author\\\/admin\\\/#author\"},\"image\":{\"@type\":\"ImageObject\",\"url\":\"https:\\\/\\\/eldigitaldeasturias.com\\\/magazine365\\\/wp-content\\\/uploads\\\/2016\\\/01\\\/fotonoticia_20160127115317_800.jpg\",\"@id\":\"https:\\\/\\\/eldigitaldeasturias.com\\\/magazine365\\\/la-junta-respeta-el-fallo-del-tc-pero-realizara-oposicion-desde-el-plano-politico-a-la-injusta-ley-de-costas\\\/#mainImage\",\"width\":800,\"height\":620},\"primaryImageOfPage\":{\"@id\":\"https:\\\/\\\/eldigitaldeasturias.com\\\/magazine365\\\/la-junta-respeta-el-fallo-del-tc-pero-realizara-oposicion-desde-el-plano-politico-a-la-injusta-ley-de-costas\\\/#mainImage\"},\"datePublished\":\"2016-01-30T04:00:17+01:00\",\"dateModified\":\"2016-01-30T04:00:17+01:00\"},{\"@type\":\"WebSite\",\"@id\":\"https:\\\/\\\/eldigitaldeasturias.com\\\/magazine365\\\/#website\",\"url\":\"https:\\\/\\\/eldigitaldeasturias.com\\\/magazine365\\\/\",\"name\":\"El Digital de Asturias\",\"description\":\"Revista de ocio, turismo y estilo de vida\",\"inLanguage\":\"es-ES\",\"publisher\":{\"@id\":\"https:\\\/\\\/eldigitaldeasturias.com\\\/magazine365\\\/#organization\"}}]}\n\t\t<\/script>\n\t\t<!-- All in One SEO Pro -->\r\n\t\t<title>La Junta respeta el fallo del TC pero realizar\u00e1 \u00aboposici\u00f3n desde el plano pol\u00edtico\u00bb a la \u00abinjusta\u00bb Ley de Costas | El Digital de Asturias<\/title>\n\n","aioseo_head_json":{"title":"La Junta respeta el fallo del TC pero realizar\u00e1 \u00aboposici\u00f3n desde el plano pol\u00edtico\u00bb a la \u00abinjusta\u00bb Ley de Costas | El Digital de Asturias","description":"El consejero de Medio Ambiente y Ordenaci\u00f3n del Territorio, Jos\u00e9 Fiscal, ha manifestado este mi\u00e9rcoles que la Junta de Andaluc\u00eda \"respeta\" la decisi\u00f3n del Tribunal Constitucional (TC) de rechazar el recurso presentado por la Junta de Andaluc\u00eda contra la Ley de Costas del a\u00f1o 2013 que modificaba la anterior de 1988, si bien ha avanzado","canonical_url":"https:\/\/eldigitaldeasturias.com\/magazine365\/la-junta-respeta-el-fallo-del-tc-pero-realizara-oposicion-desde-el-plano-politico-a-la-injusta-ley-de-costas\/","robots":"max-image-preview:large","keywords":"noticias y actualidad","webmasterTools":{"google-site-verification":"UA-38556648-1","miscellaneous":""},"schema":{"@context":"https:\/\/schema.org","@graph":[{"@type":"Article","@id":"https:\/\/eldigitaldeasturias.com\/magazine365\/la-junta-respeta-el-fallo-del-tc-pero-realizara-oposicion-desde-el-plano-politico-a-la-injusta-ley-de-costas\/#article","name":"La Junta respeta el fallo del TC pero realizar\u00e1 \u00aboposici\u00f3n desde el plano pol\u00edtico\u00bb a la \u00abinjusta\u00bb Ley de Costas | El Digital de Asturias","headline":"La Junta respeta el fallo del TC pero realizar\u00e1 \u00aboposici\u00f3n desde el plano pol\u00edtico\u00bb a la \u00abinjusta\u00bb Ley de Costas","author":{"@id":"https:\/\/eldigitaldeasturias.com\/magazine365\/author\/admin\/#author"},"publisher":{"@id":"https:\/\/eldigitaldeasturias.com\/magazine365\/#organization"},"image":{"@type":"ImageObject","url":"https:\/\/eldigitaldeasturias.com\/magazine365\/wp-content\/uploads\/2016\/01\/fotonoticia_20160127115317_800.jpg","width":800,"height":620},"datePublished":"2016-01-30T04:00:17+01:00","dateModified":"2016-01-30T04:00:17+01:00","inLanguage":"es-ES","mainEntityOfPage":{"@id":"https:\/\/eldigitaldeasturias.com\/magazine365\/la-junta-respeta-el-fallo-del-tc-pero-realizara-oposicion-desde-el-plano-politico-a-la-injusta-ley-de-costas\/#webpage"},"isPartOf":{"@id":"https:\/\/eldigitaldeasturias.com\/magazine365\/la-junta-respeta-el-fallo-del-tc-pero-realizara-oposicion-desde-el-plano-politico-a-la-injusta-ley-de-costas\/#webpage"},"articleSection":"Noticias y Actualidad"},{"@type":"BreadcrumbList","@id":"https:\/\/eldigitaldeasturias.com\/magazine365\/la-junta-respeta-el-fallo-del-tc-pero-realizara-oposicion-desde-el-plano-politico-a-la-injusta-ley-de-costas\/#breadcrumblist","itemListElement":[{"@type":"ListItem","@id":"https:\/\/eldigitaldeasturias.com\/magazine365#listItem","position":1,"name":"Home","item":"https:\/\/eldigitaldeasturias.com\/magazine365","nextItem":{"@type":"ListItem","@id":"https:\/\/eldigitaldeasturias.com\/magazine365\/category\/noticias-actualidad\/#listItem","name":"Noticias y Actualidad"}},{"@type":"ListItem","@id":"https:\/\/eldigitaldeasturias.com\/magazine365\/category\/noticias-actualidad\/#listItem","position":2,"name":"Noticias y Actualidad","item":"https:\/\/eldigitaldeasturias.com\/magazine365\/category\/noticias-actualidad\/","nextItem":{"@type":"ListItem","@id":"https:\/\/eldigitaldeasturias.com\/magazine365\/la-junta-respeta-el-fallo-del-tc-pero-realizara-oposicion-desde-el-plano-politico-a-la-injusta-ley-de-costas\/#listItem","name":"La Junta respeta el fallo del TC pero realizar\u00e1 \u00aboposici\u00f3n desde el plano pol\u00edtico\u00bb a la \u00abinjusta\u00bb Ley de Costas"},"previousItem":{"@type":"ListItem","@id":"https:\/\/eldigitaldeasturias.com\/magazine365#listItem","name":"Home"}},{"@type":"ListItem","@id":"https:\/\/eldigitaldeasturias.com\/magazine365\/la-junta-respeta-el-fallo-del-tc-pero-realizara-oposicion-desde-el-plano-politico-a-la-injusta-ley-de-costas\/#listItem","position":3,"name":"La Junta respeta el fallo del TC pero realizar\u00e1 \u00aboposici\u00f3n desde el plano pol\u00edtico\u00bb a la \u00abinjusta\u00bb Ley de Costas","previousItem":{"@type":"ListItem","@id":"https:\/\/eldigitaldeasturias.com\/magazine365\/category\/noticias-actualidad\/#listItem","name":"Noticias y Actualidad"}}]},{"@type":"Organization","@id":"https:\/\/eldigitaldeasturias.com\/magazine365\/#organization","name":"El digital de Asturias","description":"Revista de ocio, turismo y estilo de vida","url":"https:\/\/eldigitaldeasturias.com\/magazine365\/","logo":{"@type":"ImageObject","url":"https:\/\/www.eldigitaldeasturias.com\/noticias\/wp-content\/uploads\/2020\/12\/EDA.jpg","@id":"https:\/\/eldigitaldeasturias.com\/magazine365\/la-junta-respeta-el-fallo-del-tc-pero-realizara-oposicion-desde-el-plano-politico-a-la-injusta-ley-de-costas\/#organizationLogo"},"image":{"@id":"https:\/\/eldigitaldeasturias.com\/magazine365\/la-junta-respeta-el-fallo-del-tc-pero-realizara-oposicion-desde-el-plano-politico-a-la-injusta-ley-de-costas\/#organizationLogo"}},{"@type":"Person","@id":"https:\/\/eldigitaldeasturias.com\/magazine365\/author\/admin\/#author","url":"https:\/\/eldigitaldeasturias.com\/magazine365\/author\/admin\/","name":"admin","image":{"@type":"ImageObject","@id":"https:\/\/eldigitaldeasturias.com\/magazine365\/la-junta-respeta-el-fallo-del-tc-pero-realizara-oposicion-desde-el-plano-politico-a-la-injusta-ley-de-costas\/#authorImage","url":"https:\/\/eldigitaldeasturias.com\/magazine365\/wp-content\/litespeed\/avatar\/e571bcf59a0edd6fa6838245a470f2fe.jpg?ver=1776969259","width":96,"height":96,"caption":"admin"}},{"@type":"WebPage","@id":"https:\/\/eldigitaldeasturias.com\/magazine365\/la-junta-respeta-el-fallo-del-tc-pero-realizara-oposicion-desde-el-plano-politico-a-la-injusta-ley-de-costas\/#webpage","url":"https:\/\/eldigitaldeasturias.com\/magazine365\/la-junta-respeta-el-fallo-del-tc-pero-realizara-oposicion-desde-el-plano-politico-a-la-injusta-ley-de-costas\/","name":"La Junta respeta el fallo del TC pero realizar\u00e1 \u00aboposici\u00f3n desde el plano pol\u00edtico\u00bb a la \u00abinjusta\u00bb Ley de Costas | El Digital de Asturias","description":"El consejero de Medio Ambiente y Ordenaci\u00f3n del Territorio, Jos\u00e9 Fiscal, ha manifestado este mi\u00e9rcoles que la Junta de Andaluc\u00eda \"respeta\" la decisi\u00f3n del Tribunal Constitucional (TC) de rechazar el recurso presentado por la Junta de Andaluc\u00eda contra la Ley de Costas del a\u00f1o 2013 que modificaba la anterior de 1988, si bien ha avanzado","inLanguage":"es-ES","isPartOf":{"@id":"https:\/\/eldigitaldeasturias.com\/magazine365\/#website"},"breadcrumb":{"@id":"https:\/\/eldigitaldeasturias.com\/magazine365\/la-junta-respeta-el-fallo-del-tc-pero-realizara-oposicion-desde-el-plano-politico-a-la-injusta-ley-de-costas\/#breadcrumblist"},"author":{"@id":"https:\/\/eldigitaldeasturias.com\/magazine365\/author\/admin\/#author"},"creator":{"@id":"https:\/\/eldigitaldeasturias.com\/magazine365\/author\/admin\/#author"},"image":{"@type":"ImageObject","url":"https:\/\/eldigitaldeasturias.com\/magazine365\/wp-content\/uploads\/2016\/01\/fotonoticia_20160127115317_800.jpg","@id":"https:\/\/eldigitaldeasturias.com\/magazine365\/la-junta-respeta-el-fallo-del-tc-pero-realizara-oposicion-desde-el-plano-politico-a-la-injusta-ley-de-costas\/#mainImage","width":800,"height":620},"primaryImageOfPage":{"@id":"https:\/\/eldigitaldeasturias.com\/magazine365\/la-junta-respeta-el-fallo-del-tc-pero-realizara-oposicion-desde-el-plano-politico-a-la-injusta-ley-de-costas\/#mainImage"},"datePublished":"2016-01-30T04:00:17+01:00","dateModified":"2016-01-30T04:00:17+01:00"},{"@type":"WebSite","@id":"https:\/\/eldigitaldeasturias.com\/magazine365\/#website","url":"https:\/\/eldigitaldeasturias.com\/magazine365\/","name":"El Digital de Asturias","description":"Revista de ocio, turismo y estilo de vida","inLanguage":"es-ES","publisher":{"@id":"https:\/\/eldigitaldeasturias.com\/magazine365\/#organization"}}]},"og:locale":"es_ES","og:site_name":"El Digital de Asturias \u2013 Revista de ocio, turismo y estilo de vida","og:type":"article","og:title":"La Junta respeta el fallo del TC pero realizar\u00e1 \u00aboposici\u00f3n desde el plano pol\u00edtico\u00bb a la \u00abinjusta\u00bb Ley de Costas | El Digital de Asturias","og:description":"El consejero de Medio Ambiente y Ordenaci\u00f3n del Territorio, Jos\u00e9 Fiscal, ha manifestado este mi\u00e9rcoles que la Junta de Andaluc\u00eda &quot;respeta&quot; la decisi\u00f3n del Tribunal Constitucional (TC) de rechazar el recurso presentado por la Junta de Andaluc\u00eda contra la Ley de Costas del a\u00f1o 2013 que modificaba la anterior de 1988, si bien ha avanzado","og:url":"https:\/\/eldigitaldeasturias.com\/magazine365\/la-junta-respeta-el-fallo-del-tc-pero-realizara-oposicion-desde-el-plano-politico-a-la-injusta-ley-de-costas\/","og:image":"https:\/\/eldigitaldeasturias.com\/magazine365\/wp-content\/uploads\/2016\/01\/fotonoticia_20160127115317_800.jpg","og:image:secure_url":"https:\/\/eldigitaldeasturias.com\/magazine365\/wp-content\/uploads\/2016\/01\/fotonoticia_20160127115317_800.jpg","og:image:width":800,"og:image:height":620,"article:published_time":"2016-01-30T03:00:17+00:00","article:modified_time":"2016-01-30T03:00:17+00:00","twitter:card":"summary_large_image","twitter:title":"La Junta respeta el fallo del TC pero realizar\u00e1 \u00aboposici\u00f3n desde el plano pol\u00edtico\u00bb a la \u00abinjusta\u00bb Ley de Costas | El Digital de Asturias","twitter:description":"El consejero de Medio Ambiente y Ordenaci\u00f3n del Territorio, Jos\u00e9 Fiscal, ha manifestado este mi\u00e9rcoles que la Junta de Andaluc\u00eda &quot;respeta&quot; la decisi\u00f3n del Tribunal Constitucional (TC) de rechazar el recurso presentado por la Junta de Andaluc\u00eda contra la Ley de Costas del a\u00f1o 2013 que modificaba la anterior de 1988, si bien ha avanzado","twitter:image":"https:\/\/eldigitaldeasturias.com\/magazine365\/wp-content\/uploads\/2016\/01\/fotonoticia_20160127115317_800.jpg"},"aioseo_meta_data":{"post_id":"62329","title":null,"description":null,"keywords":null,"keyphrases":null,"primary_term":null,"canonical_url":null,"og_title":null,"og_description":null,"og_object_type":"default","og_image_type":"default","og_image_url":null,"og_image_width":null,"og_image_height":null,"og_image_custom_url":null,"og_image_custom_fields":null,"og_video":null,"og_custom_url":null,"og_article_section":null,"og_article_tags":null,"twitter_use_og":false,"twitter_card":"default","twitter_image_type":"default","twitter_image_url":null,"twitter_image_custom_url":null,"twitter_image_custom_fields":null,"twitter_title":null,"twitter_description":null,"schema":{"blockGraphs":[],"customGraphs":[],"default":{"data":{"Article":[],"Course":[],"Dataset":[],"FAQPage":[],"Movie":[],"Person":[],"Product":[],"ProductReview":[],"Car":[],"Recipe":[],"Service":[],"SoftwareApplication":[],"WebPage":[]},"graphName":"","isEnabled":true},"graphs":[],"defaultGraph":"","defaultPostTypeGraph":""},"schema_type":null,"schema_type_options":null,"pillar_content":false,"robots_default":true,"robots_noindex":false,"robots_noarchive":false,"robots_nosnippet":false,"robots_nofollow":false,"robots_noimageindex":false,"robots_noodp":false,"robots_notranslate":false,"robots_max_snippet":null,"robots_max_videopreview":null,"robots_max_imagepreview":"large","priority":null,"frequency":null,"location":null,"local_seo":null,"seo_analyzer_scan_date":"2025-09-25 10:54:09","breadcrumb_settings":null,"limit_modified_date":false,"open_ai":null,"ai":null,"created":"2021-03-08 15:03:59","updated":"2025-09-25 10:54:09"},"aioseo_breadcrumb":"<div class=\"aioseo-breadcrumbs\"><span class=\"aioseo-breadcrumb\">\n\t<a href=\"https:\/\/eldigitaldeasturias.com\/magazine365\" title=\"Home\">Home<\/a>\n<\/span><span class=\"aioseo-breadcrumb-separator\">\u2013<\/span><span class=\"aioseo-breadcrumb\">\n\t<a href=\"https:\/\/eldigitaldeasturias.com\/magazine365\/category\/noticias-actualidad\/\" title=\"Noticias y Actualidad\">Noticias y Actualidad<\/a>\n<\/span><span class=\"aioseo-breadcrumb-separator\">\u2013<\/span><span class=\"aioseo-breadcrumb\">\n\t<a href=\"https:\/\/eldigitaldeasturias.com\/magazine365\/la-junta-respeta-el-fallo-del-tc-pero-realizara-oposicion-desde-el-plano-politico-a-la-injusta-ley-de-costas\/\" title=\"La Junta respeta el fallo del TC pero realizar\u00e1 \u00aboposici\u00f3n desde el plano pol\u00edtico\u00bb a la \u00abinjusta\u00bb Ley de Costas\">La Junta respeta el fallo del TC pero realizar\u00e1 \u00aboposici\u00f3n desde el plano pol\u00edtico\u00bb a la \u00abinjusta\u00bb Ley de Costas<\/a>\n<\/span><\/div>","aioseo_breadcrumb_json":[{"label":"Home","link":"https:\/\/eldigitaldeasturias.com\/magazine365"},{"label":"Noticias y Actualidad","link":"https:\/\/eldigitaldeasturias.com\/magazine365\/category\/noticias-actualidad\/"},{"label":"La Junta respeta el fallo del TC pero realizar\u00e1 \u00aboposici\u00f3n desde el plano pol\u00edtico\u00bb a la \u00abinjusta\u00bb Ley de Costas","link":"https:\/\/eldigitaldeasturias.com\/magazine365\/la-junta-respeta-el-fallo-del-tc-pero-realizara-oposicion-desde-el-plano-politico-a-la-injusta-ley-de-costas\/"}],"_links":{"self":[{"href":"https:\/\/eldigitaldeasturias.com\/magazine365\/wp-json\/wp\/v2\/posts\/62329","targetHints":{"allow":["GET"]}}],"collection":[{"href":"https:\/\/eldigitaldeasturias.com\/magazine365\/wp-json\/wp\/v2\/posts"}],"about":[{"href":"https:\/\/eldigitaldeasturias.com\/magazine365\/wp-json\/wp\/v2\/types\/post"}],"author":[{"embeddable":true,"href":"https:\/\/eldigitaldeasturias.com\/magazine365\/wp-json\/wp\/v2\/users\/1"}],"replies":[{"embeddable":true,"href":"https:\/\/eldigitaldeasturias.com\/magazine365\/wp-json\/wp\/v2\/comments?post=62329"}],"version-history":[{"count":0,"href":"https:\/\/eldigitaldeasturias.com\/magazine365\/wp-json\/wp\/v2\/posts\/62329\/revisions"}],"wp:featuredmedia":[{"embeddable":true,"href":"https:\/\/eldigitaldeasturias.com\/magazine365\/wp-json\/wp\/v2\/media\/62330"}],"wp:attachment":[{"href":"https:\/\/eldigitaldeasturias.com\/magazine365\/wp-json\/wp\/v2\/media?parent=62329"}],"wp:term":[{"taxonomy":"category","embeddable":true,"href":"https:\/\/eldigitaldeasturias.com\/magazine365\/wp-json\/wp\/v2\/categories?post=62329"},{"taxonomy":"post_tag","embeddable":true,"href":"https:\/\/eldigitaldeasturias.com\/magazine365\/wp-json\/wp\/v2\/tags?post=62329"}],"curies":[{"name":"wp","href":"https:\/\/api.w.org\/{rel}","templated":true}]}}