{"id":62302,"date":"2016-01-30T03:41:35","date_gmt":"2016-01-30T02:41:35","guid":{"rendered":"http:\/\/eldigitaldeasturias.com\/magazine365\/?p=62302"},"modified":"2016-01-30T03:41:35","modified_gmt":"2016-01-30T02:41:35","slug":"madrid-fusion-rinde-homenaje-a-angel-velasco-y-albert-adria","status":"publish","type":"post","link":"https:\/\/eldigitaldeasturias.com\/magazine365\/madrid-fusion-rinde-homenaje-a-angel-velasco-y-albert-adria\/","title":{"rendered":"Madrid Fusi\u00f3n rinde homenaje a \u00c1ngel Velasco y Albert Adri\u00e0"},"content":{"rendered":"<p><img fetchpriority=\"high\" decoding=\"async\" class=\"alignleft size-medium wp-image-62303\" src=\"https:\/\/eldigitaldeasturias.com\/magazine365\/wp-content\/uploads\/2016\/01\/fotonoticia_20160127111910_800-358x300.jpg\" alt=\"fotonoticia_20160127111910_800\" width=\"358\" height=\"300\" srcset=\"https:\/\/eldigitaldeasturias.com\/magazine365\/wp-content\/uploads\/2016\/01\/fotonoticia_20160127111910_800-358x300.jpg 358w, https:\/\/eldigitaldeasturias.com\/magazine365\/wp-content\/uploads\/2016\/01\/fotonoticia_20160127111910_800-650x545.jpg 650w, https:\/\/eldigitaldeasturias.com\/magazine365\/wp-content\/uploads\/2016\/01\/fotonoticia_20160127111910_800-768x644.jpg 768w, https:\/\/eldigitaldeasturias.com\/magazine365\/wp-content\/uploads\/2016\/01\/fotonoticia_20160127111910_800-150x126.jpg 150w, https:\/\/eldigitaldeasturias.com\/magazine365\/wp-content\/uploads\/2016\/01\/fotonoticia_20160127111910_800-450x377.jpg 450w, https:\/\/eldigitaldeasturias.com\/magazine365\/wp-content\/uploads\/2016\/01\/fotonoticia_20160127111910_800-696x584.jpg 696w, https:\/\/eldigitaldeasturias.com\/magazine365\/wp-content\/uploads\/2016\/01\/fotonoticia_20160127111910_800-501x420.jpg 501w, https:\/\/eldigitaldeasturias.com\/magazine365\/wp-content\/uploads\/2016\/01\/fotonoticia_20160127111910_800.jpg 800w\" sizes=\"(max-width: 358px) 100vw, 358px\" \/>La XIV edici\u00f3n del Congreso Internacional de Gastronom\u00eda Madrid Fusi\u00f3n ha rendido homenaje al turronero \u00c1ngel Velasco y al cocinero Albert Adri\u00e0.<\/p>\n<p>Los dos pasteleros han trabajado juntos para la creaci\u00f3n de la gama de turrones &#8216;Albert Adri\u00e0 Natura de Turrons Vicens&#8217; ideando un nuevo concepto del producto.<\/p>\n<p>Asimismo, tambi\u00e9n han sido homenajeados en la celebraci\u00f3n otros cocineros de postre como Pacto Torreblanca, Mart\u00edn Berasategui, Jordi Roca, Oriol Balaguer, Jordi Butr\u00f3n, Christian Escrib\u00e0, Jos\u00e9 Mar\u00eda Guerola, Fernando S\u00e1enz y Ricardo V\u00e9lez.<\/p>\n","protected":false},"excerpt":{"rendered":"<p>La XIV edici\u00f3n del Congreso Internacional de Gastronom\u00eda Madrid Fusi\u00f3n ha rendido homenaje al turronero \u00c1ngel Velasco y al cocinero Albert Adri\u00e0. Los dos pasteleros han trabajado juntos para la creaci\u00f3n de la gama de turrones &#8216;Albert Adri\u00e0 Natura de Turrons Vicens&#8217; ideando un nuevo concepto del producto. Asimismo, tambi\u00e9n han sido homenajeados en la<\/p>\n","protected":false},"author":1,"featured_media":62303,"comment_status":"open","ping_status":"closed","sticky":false,"template":"","format":"standard","meta":{"footnotes":""},"categories":[224],"tags":[],"class_list":{"0":"post-62302","1":"post","2":"type-post","3":"status-publish","4":"format-standard","5":"has-post-thumbnail","7":"category-noticias-actualidad"},"aioseo_notices":[],"aioseo_head":"\n\t\t<!-- All in One SEO Pro 4.9.6.1 - aioseo.com -->\n\t<meta name=\"description\" content=\"La XIV edici\u00f3n del Congreso Internacional de Gastronom\u00eda Madrid Fusi\u00f3n ha rendido homenaje al turronero \u00c1ngel Velasco y al cocinero Albert Adri\u00e0. Los dos pasteleros han trabajado juntos para la creaci\u00f3n de la gama de turrones &#039;Albert Adri\u00e0 Natura de Turrons Vicens&#039; ideando un nuevo concepto del producto. Asimismo, tambi\u00e9n han sido homenajeados en la\" \/>\n\t<meta name=\"robots\" content=\"max-image-preview:large\" \/>\n\t<meta name=\"author\" content=\"admin\"\/>\n\t<meta name=\"google-site-verification\" content=\"UA-38556648-1\" \/>\n\t<meta name=\"keywords\" content=\"noticias y actualidad\" \/>\n\t<link rel=\"canonical\" href=\"https:\/\/eldigitaldeasturias.com\/magazine365\/madrid-fusion-rinde-homenaje-a-angel-velasco-y-albert-adria\/\" \/>\n\t<meta name=\"generator\" content=\"All in One SEO Pro (AIOSEO) 4.9.6.1\" \/>\n\t\t<meta property=\"og:locale\" content=\"es_ES\" \/>\n\t\t<meta property=\"og:site_name\" content=\"El Digital de Asturias \u2013 Revista de ocio, turismo y estilo de vida\" \/>\n\t\t<meta property=\"og:type\" content=\"article\" \/>\n\t\t<meta property=\"og:title\" content=\"Madrid Fusi\u00f3n rinde homenaje a \u00c1ngel Velasco y Albert Adri\u00e0 | El Digital de Asturias\" \/>\n\t\t<meta property=\"og:description\" content=\"La XIV edici\u00f3n del Congreso Internacional de Gastronom\u00eda Madrid Fusi\u00f3n ha rendido homenaje al turronero \u00c1ngel Velasco y al cocinero Albert Adri\u00e0. Los dos pasteleros han trabajado juntos para la creaci\u00f3n de la gama de turrones &#039;Albert Adri\u00e0 Natura de Turrons Vicens&#039; ideando un nuevo concepto del producto. Asimismo, tambi\u00e9n han sido homenajeados en la\" \/>\n\t\t<meta property=\"og:url\" content=\"https:\/\/eldigitaldeasturias.com\/magazine365\/madrid-fusion-rinde-homenaje-a-angel-velasco-y-albert-adria\/\" \/>\n\t\t<meta property=\"og:image\" content=\"https:\/\/eldigitaldeasturias.com\/magazine365\/wp-content\/uploads\/2016\/01\/fotonoticia_20160127111910_800.jpg\" \/>\n\t\t<meta property=\"og:image:secure_url\" content=\"https:\/\/eldigitaldeasturias.com\/magazine365\/wp-content\/uploads\/2016\/01\/fotonoticia_20160127111910_800.jpg\" \/>\n\t\t<meta property=\"og:image:width\" content=\"800\" \/>\n\t\t<meta property=\"og:image:height\" content=\"671\" \/>\n\t\t<meta property=\"article:published_time\" content=\"2016-01-30T02:41:35+00:00\" \/>\n\t\t<meta property=\"article:modified_time\" content=\"2016-01-30T02:41:35+00:00\" \/>\n\t\t<meta name=\"twitter:card\" content=\"summary_large_image\" \/>\n\t\t<meta name=\"twitter:title\" content=\"Madrid Fusi\u00f3n rinde homenaje a \u00c1ngel Velasco y Albert Adri\u00e0 | El Digital de Asturias\" \/>\n\t\t<meta name=\"twitter:description\" content=\"La XIV edici\u00f3n del Congreso Internacional de Gastronom\u00eda Madrid Fusi\u00f3n ha rendido homenaje al turronero \u00c1ngel Velasco y al cocinero Albert Adri\u00e0. Los dos pasteleros han trabajado juntos para la creaci\u00f3n de la gama de turrones &#039;Albert Adri\u00e0 Natura de Turrons Vicens&#039; ideando un nuevo concepto del producto. Asimismo, tambi\u00e9n han sido homenajeados en la\" \/>\n\t\t<meta name=\"twitter:image\" content=\"https:\/\/eldigitaldeasturias.com\/magazine365\/wp-content\/uploads\/2016\/01\/fotonoticia_20160127111910_800.jpg\" \/>\n\t\t<script type=\"application\/ld+json\" class=\"aioseo-schema\">\n\t\t\t{\"@context\":\"https:\\\/\\\/schema.org\",\"@graph\":[{\"@type\":\"Article\",\"@id\":\"https:\\\/\\\/eldigitaldeasturias.com\\\/magazine365\\\/madrid-fusion-rinde-homenaje-a-angel-velasco-y-albert-adria\\\/#article\",\"name\":\"Madrid Fusi\\u00f3n rinde homenaje a \\u00c1ngel Velasco y Albert Adri\\u00e0 | El Digital de Asturias\",\"headline\":\"Madrid Fusi\\u00f3n rinde homenaje a \\u00c1ngel Velasco y Albert Adri\\u00e0\",\"author\":{\"@id\":\"https:\\\/\\\/eldigitaldeasturias.com\\\/magazine365\\\/author\\\/admin\\\/#author\"},\"publisher\":{\"@id\":\"https:\\\/\\\/eldigitaldeasturias.com\\\/magazine365\\\/#organization\"},\"image\":{\"@type\":\"ImageObject\",\"url\":\"https:\\\/\\\/eldigitaldeasturias.com\\\/magazine365\\\/wp-content\\\/uploads\\\/2016\\\/01\\\/fotonoticia_20160127111910_800.jpg\",\"width\":800,\"height\":671},\"datePublished\":\"2016-01-30T03:41:35+01:00\",\"dateModified\":\"2016-01-30T03:41:35+01:00\",\"inLanguage\":\"es-ES\",\"mainEntityOfPage\":{\"@id\":\"https:\\\/\\\/eldigitaldeasturias.com\\\/magazine365\\\/madrid-fusion-rinde-homenaje-a-angel-velasco-y-albert-adria\\\/#webpage\"},\"isPartOf\":{\"@id\":\"https:\\\/\\\/eldigitaldeasturias.com\\\/magazine365\\\/madrid-fusion-rinde-homenaje-a-angel-velasco-y-albert-adria\\\/#webpage\"},\"articleSection\":\"Noticias y Actualidad\"},{\"@type\":\"BreadcrumbList\",\"@id\":\"https:\\\/\\\/eldigitaldeasturias.com\\\/magazine365\\\/madrid-fusion-rinde-homenaje-a-angel-velasco-y-albert-adria\\\/#breadcrumblist\",\"itemListElement\":[{\"@type\":\"ListItem\",\"@id\":\"https:\\\/\\\/eldigitaldeasturias.com\\\/magazine365#listItem\",\"position\":1,\"name\":\"Home\",\"item\":\"https:\\\/\\\/eldigitaldeasturias.com\\\/magazine365\",\"nextItem\":{\"@type\":\"ListItem\",\"@id\":\"https:\\\/\\\/eldigitaldeasturias.com\\\/magazine365\\\/category\\\/noticias-actualidad\\\/#listItem\",\"name\":\"Noticias y Actualidad\"}},{\"@type\":\"ListItem\",\"@id\":\"https:\\\/\\\/eldigitaldeasturias.com\\\/magazine365\\\/category\\\/noticias-actualidad\\\/#listItem\",\"position\":2,\"name\":\"Noticias y Actualidad\",\"item\":\"https:\\\/\\\/eldigitaldeasturias.com\\\/magazine365\\\/category\\\/noticias-actualidad\\\/\",\"nextItem\":{\"@type\":\"ListItem\",\"@id\":\"https:\\\/\\\/eldigitaldeasturias.com\\\/magazine365\\\/madrid-fusion-rinde-homenaje-a-angel-velasco-y-albert-adria\\\/#listItem\",\"name\":\"Madrid Fusi\\u00f3n rinde homenaje a \\u00c1ngel Velasco y Albert Adri\\u00e0\"},\"previousItem\":{\"@type\":\"ListItem\",\"@id\":\"https:\\\/\\\/eldigitaldeasturias.com\\\/magazine365#listItem\",\"name\":\"Home\"}},{\"@type\":\"ListItem\",\"@id\":\"https:\\\/\\\/eldigitaldeasturias.com\\\/magazine365\\\/madrid-fusion-rinde-homenaje-a-angel-velasco-y-albert-adria\\\/#listItem\",\"position\":3,\"name\":\"Madrid Fusi\\u00f3n rinde homenaje a \\u00c1ngel Velasco y Albert Adri\\u00e0\",\"previousItem\":{\"@type\":\"ListItem\",\"@id\":\"https:\\\/\\\/eldigitaldeasturias.com\\\/magazine365\\\/category\\\/noticias-actualidad\\\/#listItem\",\"name\":\"Noticias y Actualidad\"}}]},{\"@type\":\"Organization\",\"@id\":\"https:\\\/\\\/eldigitaldeasturias.com\\\/magazine365\\\/#organization\",\"name\":\"El digital de Asturias\",\"description\":\"Revista de ocio, turismo y estilo de vida\",\"url\":\"https:\\\/\\\/eldigitaldeasturias.com\\\/magazine365\\\/\",\"logo\":{\"@type\":\"ImageObject\",\"url\":\"https:\\\/\\\/www.eldigitaldeasturias.com\\\/noticias\\\/wp-content\\\/uploads\\\/2020\\\/12\\\/EDA.jpg\",\"@id\":\"https:\\\/\\\/eldigitaldeasturias.com\\\/magazine365\\\/madrid-fusion-rinde-homenaje-a-angel-velasco-y-albert-adria\\\/#organizationLogo\"},\"image\":{\"@id\":\"https:\\\/\\\/eldigitaldeasturias.com\\\/magazine365\\\/madrid-fusion-rinde-homenaje-a-angel-velasco-y-albert-adria\\\/#organizationLogo\"}},{\"@type\":\"Person\",\"@id\":\"https:\\\/\\\/eldigitaldeasturias.com\\\/magazine365\\\/author\\\/admin\\\/#author\",\"url\":\"https:\\\/\\\/eldigitaldeasturias.com\\\/magazine365\\\/author\\\/admin\\\/\",\"name\":\"admin\",\"image\":{\"@type\":\"ImageObject\",\"@id\":\"https:\\\/\\\/eldigitaldeasturias.com\\\/magazine365\\\/madrid-fusion-rinde-homenaje-a-angel-velasco-y-albert-adria\\\/#authorImage\",\"url\":\"https:\\\/\\\/eldigitaldeasturias.com\\\/magazine365\\\/wp-content\\\/litespeed\\\/avatar\\\/e571bcf59a0edd6fa6838245a470f2fe.jpg?ver=1776969259\",\"width\":96,\"height\":96,\"caption\":\"admin\"}},{\"@type\":\"WebPage\",\"@id\":\"https:\\\/\\\/eldigitaldeasturias.com\\\/magazine365\\\/madrid-fusion-rinde-homenaje-a-angel-velasco-y-albert-adria\\\/#webpage\",\"url\":\"https:\\\/\\\/eldigitaldeasturias.com\\\/magazine365\\\/madrid-fusion-rinde-homenaje-a-angel-velasco-y-albert-adria\\\/\",\"name\":\"Madrid Fusi\\u00f3n rinde homenaje a \\u00c1ngel Velasco y Albert Adri\\u00e0 | El Digital de Asturias\",\"description\":\"La XIV edici\\u00f3n del Congreso Internacional de Gastronom\\u00eda Madrid Fusi\\u00f3n ha rendido homenaje al turronero \\u00c1ngel Velasco y al cocinero Albert Adri\\u00e0. Los dos pasteleros han trabajado juntos para la creaci\\u00f3n de la gama de turrones 'Albert Adri\\u00e0 Natura de Turrons Vicens' ideando un nuevo concepto del producto. Asimismo, tambi\\u00e9n han sido homenajeados en la\",\"inLanguage\":\"es-ES\",\"isPartOf\":{\"@id\":\"https:\\\/\\\/eldigitaldeasturias.com\\\/magazine365\\\/#website\"},\"breadcrumb\":{\"@id\":\"https:\\\/\\\/eldigitaldeasturias.com\\\/magazine365\\\/madrid-fusion-rinde-homenaje-a-angel-velasco-y-albert-adria\\\/#breadcrumblist\"},\"author\":{\"@id\":\"https:\\\/\\\/eldigitaldeasturias.com\\\/magazine365\\\/author\\\/admin\\\/#author\"},\"creator\":{\"@id\":\"https:\\\/\\\/eldigitaldeasturias.com\\\/magazine365\\\/author\\\/admin\\\/#author\"},\"image\":{\"@type\":\"ImageObject\",\"url\":\"https:\\\/\\\/eldigitaldeasturias.com\\\/magazine365\\\/wp-content\\\/uploads\\\/2016\\\/01\\\/fotonoticia_20160127111910_800.jpg\",\"@id\":\"https:\\\/\\\/eldigitaldeasturias.com\\\/magazine365\\\/madrid-fusion-rinde-homenaje-a-angel-velasco-y-albert-adria\\\/#mainImage\",\"width\":800,\"height\":671},\"primaryImageOfPage\":{\"@id\":\"https:\\\/\\\/eldigitaldeasturias.com\\\/magazine365\\\/madrid-fusion-rinde-homenaje-a-angel-velasco-y-albert-adria\\\/#mainImage\"},\"datePublished\":\"2016-01-30T03:41:35+01:00\",\"dateModified\":\"2016-01-30T03:41:35+01:00\"},{\"@type\":\"WebSite\",\"@id\":\"https:\\\/\\\/eldigitaldeasturias.com\\\/magazine365\\\/#website\",\"url\":\"https:\\\/\\\/eldigitaldeasturias.com\\\/magazine365\\\/\",\"name\":\"El Digital de Asturias\",\"description\":\"Revista de ocio, turismo y estilo de vida\",\"inLanguage\":\"es-ES\",\"publisher\":{\"@id\":\"https:\\\/\\\/eldigitaldeasturias.com\\\/magazine365\\\/#organization\"}}]}\n\t\t<\/script>\n\t\t<!-- All in One SEO Pro -->\r\n\t\t<title>Madrid Fusi\u00f3n rinde homenaje a \u00c1ngel Velasco y Albert Adri\u00e0 | El Digital de Asturias<\/title>\n\n","aioseo_head_json":{"title":"Madrid Fusi\u00f3n rinde homenaje a \u00c1ngel Velasco y Albert Adri\u00e0 | El Digital de Asturias","description":"La XIV edici\u00f3n del Congreso Internacional de Gastronom\u00eda Madrid Fusi\u00f3n ha rendido homenaje al turronero \u00c1ngel Velasco y al cocinero Albert Adri\u00e0. Los dos pasteleros han trabajado juntos para la creaci\u00f3n de la gama de turrones 'Albert Adri\u00e0 Natura de Turrons Vicens' ideando un nuevo concepto del producto. Asimismo, tambi\u00e9n han sido homenajeados en la","canonical_url":"https:\/\/eldigitaldeasturias.com\/magazine365\/madrid-fusion-rinde-homenaje-a-angel-velasco-y-albert-adria\/","robots":"max-image-preview:large","keywords":"noticias y actualidad","webmasterTools":{"google-site-verification":"UA-38556648-1","miscellaneous":""},"schema":{"@context":"https:\/\/schema.org","@graph":[{"@type":"Article","@id":"https:\/\/eldigitaldeasturias.com\/magazine365\/madrid-fusion-rinde-homenaje-a-angel-velasco-y-albert-adria\/#article","name":"Madrid Fusi\u00f3n rinde homenaje a \u00c1ngel Velasco y Albert Adri\u00e0 | El Digital de Asturias","headline":"Madrid Fusi\u00f3n rinde homenaje a \u00c1ngel Velasco y Albert Adri\u00e0","author":{"@id":"https:\/\/eldigitaldeasturias.com\/magazine365\/author\/admin\/#author"},"publisher":{"@id":"https:\/\/eldigitaldeasturias.com\/magazine365\/#organization"},"image":{"@type":"ImageObject","url":"https:\/\/eldigitaldeasturias.com\/magazine365\/wp-content\/uploads\/2016\/01\/fotonoticia_20160127111910_800.jpg","width":800,"height":671},"datePublished":"2016-01-30T03:41:35+01:00","dateModified":"2016-01-30T03:41:35+01:00","inLanguage":"es-ES","mainEntityOfPage":{"@id":"https:\/\/eldigitaldeasturias.com\/magazine365\/madrid-fusion-rinde-homenaje-a-angel-velasco-y-albert-adria\/#webpage"},"isPartOf":{"@id":"https:\/\/eldigitaldeasturias.com\/magazine365\/madrid-fusion-rinde-homenaje-a-angel-velasco-y-albert-adria\/#webpage"},"articleSection":"Noticias y Actualidad"},{"@type":"BreadcrumbList","@id":"https:\/\/eldigitaldeasturias.com\/magazine365\/madrid-fusion-rinde-homenaje-a-angel-velasco-y-albert-adria\/#breadcrumblist","itemListElement":[{"@type":"ListItem","@id":"https:\/\/eldigitaldeasturias.com\/magazine365#listItem","position":1,"name":"Home","item":"https:\/\/eldigitaldeasturias.com\/magazine365","nextItem":{"@type":"ListItem","@id":"https:\/\/eldigitaldeasturias.com\/magazine365\/category\/noticias-actualidad\/#listItem","name":"Noticias y Actualidad"}},{"@type":"ListItem","@id":"https:\/\/eldigitaldeasturias.com\/magazine365\/category\/noticias-actualidad\/#listItem","position":2,"name":"Noticias y Actualidad","item":"https:\/\/eldigitaldeasturias.com\/magazine365\/category\/noticias-actualidad\/","nextItem":{"@type":"ListItem","@id":"https:\/\/eldigitaldeasturias.com\/magazine365\/madrid-fusion-rinde-homenaje-a-angel-velasco-y-albert-adria\/#listItem","name":"Madrid Fusi\u00f3n rinde homenaje a \u00c1ngel Velasco y Albert Adri\u00e0"},"previousItem":{"@type":"ListItem","@id":"https:\/\/eldigitaldeasturias.com\/magazine365#listItem","name":"Home"}},{"@type":"ListItem","@id":"https:\/\/eldigitaldeasturias.com\/magazine365\/madrid-fusion-rinde-homenaje-a-angel-velasco-y-albert-adria\/#listItem","position":3,"name":"Madrid Fusi\u00f3n rinde homenaje a \u00c1ngel Velasco y Albert Adri\u00e0","previousItem":{"@type":"ListItem","@id":"https:\/\/eldigitaldeasturias.com\/magazine365\/category\/noticias-actualidad\/#listItem","name":"Noticias y Actualidad"}}]},{"@type":"Organization","@id":"https:\/\/eldigitaldeasturias.com\/magazine365\/#organization","name":"El digital de Asturias","description":"Revista de ocio, turismo y estilo de vida","url":"https:\/\/eldigitaldeasturias.com\/magazine365\/","logo":{"@type":"ImageObject","url":"https:\/\/www.eldigitaldeasturias.com\/noticias\/wp-content\/uploads\/2020\/12\/EDA.jpg","@id":"https:\/\/eldigitaldeasturias.com\/magazine365\/madrid-fusion-rinde-homenaje-a-angel-velasco-y-albert-adria\/#organizationLogo"},"image":{"@id":"https:\/\/eldigitaldeasturias.com\/magazine365\/madrid-fusion-rinde-homenaje-a-angel-velasco-y-albert-adria\/#organizationLogo"}},{"@type":"Person","@id":"https:\/\/eldigitaldeasturias.com\/magazine365\/author\/admin\/#author","url":"https:\/\/eldigitaldeasturias.com\/magazine365\/author\/admin\/","name":"admin","image":{"@type":"ImageObject","@id":"https:\/\/eldigitaldeasturias.com\/magazine365\/madrid-fusion-rinde-homenaje-a-angel-velasco-y-albert-adria\/#authorImage","url":"https:\/\/eldigitaldeasturias.com\/magazine365\/wp-content\/litespeed\/avatar\/e571bcf59a0edd6fa6838245a470f2fe.jpg?ver=1776969259","width":96,"height":96,"caption":"admin"}},{"@type":"WebPage","@id":"https:\/\/eldigitaldeasturias.com\/magazine365\/madrid-fusion-rinde-homenaje-a-angel-velasco-y-albert-adria\/#webpage","url":"https:\/\/eldigitaldeasturias.com\/magazine365\/madrid-fusion-rinde-homenaje-a-angel-velasco-y-albert-adria\/","name":"Madrid Fusi\u00f3n rinde homenaje a \u00c1ngel Velasco y Albert Adri\u00e0 | El Digital de Asturias","description":"La XIV edici\u00f3n del Congreso Internacional de Gastronom\u00eda Madrid Fusi\u00f3n ha rendido homenaje al turronero \u00c1ngel Velasco y al cocinero Albert Adri\u00e0. Los dos pasteleros han trabajado juntos para la creaci\u00f3n de la gama de turrones 'Albert Adri\u00e0 Natura de Turrons Vicens' ideando un nuevo concepto del producto. Asimismo, tambi\u00e9n han sido homenajeados en la","inLanguage":"es-ES","isPartOf":{"@id":"https:\/\/eldigitaldeasturias.com\/magazine365\/#website"},"breadcrumb":{"@id":"https:\/\/eldigitaldeasturias.com\/magazine365\/madrid-fusion-rinde-homenaje-a-angel-velasco-y-albert-adria\/#breadcrumblist"},"author":{"@id":"https:\/\/eldigitaldeasturias.com\/magazine365\/author\/admin\/#author"},"creator":{"@id":"https:\/\/eldigitaldeasturias.com\/magazine365\/author\/admin\/#author"},"image":{"@type":"ImageObject","url":"https:\/\/eldigitaldeasturias.com\/magazine365\/wp-content\/uploads\/2016\/01\/fotonoticia_20160127111910_800.jpg","@id":"https:\/\/eldigitaldeasturias.com\/magazine365\/madrid-fusion-rinde-homenaje-a-angel-velasco-y-albert-adria\/#mainImage","width":800,"height":671},"primaryImageOfPage":{"@id":"https:\/\/eldigitaldeasturias.com\/magazine365\/madrid-fusion-rinde-homenaje-a-angel-velasco-y-albert-adria\/#mainImage"},"datePublished":"2016-01-30T03:41:35+01:00","dateModified":"2016-01-30T03:41:35+01:00"},{"@type":"WebSite","@id":"https:\/\/eldigitaldeasturias.com\/magazine365\/#website","url":"https:\/\/eldigitaldeasturias.com\/magazine365\/","name":"El Digital de Asturias","description":"Revista de ocio, turismo y estilo de vida","inLanguage":"es-ES","publisher":{"@id":"https:\/\/eldigitaldeasturias.com\/magazine365\/#organization"}}]},"og:locale":"es_ES","og:site_name":"El Digital de Asturias \u2013 Revista de ocio, turismo y estilo de vida","og:type":"article","og:title":"Madrid Fusi\u00f3n rinde homenaje a \u00c1ngel Velasco y Albert Adri\u00e0 | El Digital de Asturias","og:description":"La XIV edici\u00f3n del Congreso Internacional de Gastronom\u00eda Madrid Fusi\u00f3n ha rendido homenaje al turronero \u00c1ngel Velasco y al cocinero Albert Adri\u00e0. Los dos pasteleros han trabajado juntos para la creaci\u00f3n de la gama de turrones 'Albert Adri\u00e0 Natura de Turrons Vicens' ideando un nuevo concepto del producto. Asimismo, tambi\u00e9n han sido homenajeados en la","og:url":"https:\/\/eldigitaldeasturias.com\/magazine365\/madrid-fusion-rinde-homenaje-a-angel-velasco-y-albert-adria\/","og:image":"https:\/\/eldigitaldeasturias.com\/magazine365\/wp-content\/uploads\/2016\/01\/fotonoticia_20160127111910_800.jpg","og:image:secure_url":"https:\/\/eldigitaldeasturias.com\/magazine365\/wp-content\/uploads\/2016\/01\/fotonoticia_20160127111910_800.jpg","og:image:width":800,"og:image:height":671,"article:published_time":"2016-01-30T02:41:35+00:00","article:modified_time":"2016-01-30T02:41:35+00:00","twitter:card":"summary_large_image","twitter:title":"Madrid Fusi\u00f3n rinde homenaje a \u00c1ngel Velasco y Albert Adri\u00e0 | El Digital de Asturias","twitter:description":"La XIV edici\u00f3n del Congreso Internacional de Gastronom\u00eda Madrid Fusi\u00f3n ha rendido homenaje al turronero \u00c1ngel Velasco y al cocinero Albert Adri\u00e0. Los dos pasteleros han trabajado juntos para la creaci\u00f3n de la gama de turrones 'Albert Adri\u00e0 Natura de Turrons Vicens' ideando un nuevo concepto del producto. Asimismo, tambi\u00e9n han sido homenajeados en la","twitter:image":"https:\/\/eldigitaldeasturias.com\/magazine365\/wp-content\/uploads\/2016\/01\/fotonoticia_20160127111910_800.jpg"},"aioseo_meta_data":{"post_id":"62302","title":null,"description":null,"keywords":null,"keyphrases":null,"primary_term":null,"canonical_url":null,"og_title":null,"og_description":null,"og_object_type":"default","og_image_type":"default","og_image_url":null,"og_image_width":null,"og_image_height":null,"og_image_custom_url":null,"og_image_custom_fields":null,"og_video":null,"og_custom_url":null,"og_article_section":null,"og_article_tags":null,"twitter_use_og":false,"twitter_card":"default","twitter_image_type":"default","twitter_image_url":null,"twitter_image_custom_url":null,"twitter_image_custom_fields":null,"twitter_title":null,"twitter_description":null,"schema":{"blockGraphs":[],"customGraphs":[],"default":{"data":{"Article":[],"Course":[],"Dataset":[],"FAQPage":[],"Movie":[],"Person":[],"Product":[],"ProductReview":[],"Car":[],"Recipe":[],"Service":[],"SoftwareApplication":[],"WebPage":[]},"graphName":"","isEnabled":true},"graphs":[],"defaultGraph":"","defaultPostTypeGraph":""},"schema_type":null,"schema_type_options":null,"pillar_content":false,"robots_default":true,"robots_noindex":false,"robots_noarchive":false,"robots_nosnippet":false,"robots_nofollow":false,"robots_noimageindex":false,"robots_noodp":false,"robots_notranslate":false,"robots_max_snippet":null,"robots_max_videopreview":null,"robots_max_imagepreview":"large","priority":null,"frequency":null,"location":null,"local_seo":null,"seo_analyzer_scan_date":"2025-09-25 10:52:12","breadcrumb_settings":null,"limit_modified_date":false,"open_ai":null,"ai":null,"created":"2021-03-08 21:38:49","updated":"2025-09-25 10:52:12"},"aioseo_breadcrumb":"<div class=\"aioseo-breadcrumbs\"><span class=\"aioseo-breadcrumb\">\n\t<a href=\"https:\/\/eldigitaldeasturias.com\/magazine365\" title=\"Home\">Home<\/a>\n<\/span><span class=\"aioseo-breadcrumb-separator\">\u2013<\/span><span class=\"aioseo-breadcrumb\">\n\t<a href=\"https:\/\/eldigitaldeasturias.com\/magazine365\/category\/noticias-actualidad\/\" title=\"Noticias y Actualidad\">Noticias y Actualidad<\/a>\n<\/span><span class=\"aioseo-breadcrumb-separator\">\u2013<\/span><span class=\"aioseo-breadcrumb\">\n\t<a href=\"https:\/\/eldigitaldeasturias.com\/magazine365\/madrid-fusion-rinde-homenaje-a-angel-velasco-y-albert-adria\/\" title=\"Madrid Fusi\u00f3n rinde homenaje a \u00c1ngel Velasco y Albert Adri\u00e0\">Madrid Fusi\u00f3n rinde homenaje a \u00c1ngel Velasco y Albert Adri\u00e0<\/a>\n<\/span><\/div>","aioseo_breadcrumb_json":[{"label":"Home","link":"https:\/\/eldigitaldeasturias.com\/magazine365"},{"label":"Noticias y Actualidad","link":"https:\/\/eldigitaldeasturias.com\/magazine365\/category\/noticias-actualidad\/"},{"label":"Madrid Fusi\u00f3n rinde homenaje a \u00c1ngel Velasco y Albert Adri\u00e0","link":"https:\/\/eldigitaldeasturias.com\/magazine365\/madrid-fusion-rinde-homenaje-a-angel-velasco-y-albert-adria\/"}],"_links":{"self":[{"href":"https:\/\/eldigitaldeasturias.com\/magazine365\/wp-json\/wp\/v2\/posts\/62302","targetHints":{"allow":["GET"]}}],"collection":[{"href":"https:\/\/eldigitaldeasturias.com\/magazine365\/wp-json\/wp\/v2\/posts"}],"about":[{"href":"https:\/\/eldigitaldeasturias.com\/magazine365\/wp-json\/wp\/v2\/types\/post"}],"author":[{"embeddable":true,"href":"https:\/\/eldigitaldeasturias.com\/magazine365\/wp-json\/wp\/v2\/users\/1"}],"replies":[{"embeddable":true,"href":"https:\/\/eldigitaldeasturias.com\/magazine365\/wp-json\/wp\/v2\/comments?post=62302"}],"version-history":[{"count":0,"href":"https:\/\/eldigitaldeasturias.com\/magazine365\/wp-json\/wp\/v2\/posts\/62302\/revisions"}],"wp:featuredmedia":[{"embeddable":true,"href":"https:\/\/eldigitaldeasturias.com\/magazine365\/wp-json\/wp\/v2\/media\/62303"}],"wp:attachment":[{"href":"https:\/\/eldigitaldeasturias.com\/magazine365\/wp-json\/wp\/v2\/media?parent=62302"}],"wp:term":[{"taxonomy":"category","embeddable":true,"href":"https:\/\/eldigitaldeasturias.com\/magazine365\/wp-json\/wp\/v2\/categories?post=62302"},{"taxonomy":"post_tag","embeddable":true,"href":"https:\/\/eldigitaldeasturias.com\/magazine365\/wp-json\/wp\/v2\/tags?post=62302"}],"curies":[{"name":"wp","href":"https:\/\/api.w.org\/{rel}","templated":true}]}}