{"id":62262,"date":"2016-01-30T03:14:34","date_gmt":"2016-01-30T02:14:34","guid":{"rendered":"http:\/\/eldigitaldeasturias.com\/magazine365\/?p=62262"},"modified":"2016-01-30T03:14:34","modified_gmt":"2016-01-30T02:14:34","slug":"los-alcaldes-de-txorierri-preocupados-por-la-posibilidad-de-que-se-amplie-el-horario-del-aeropuerto-de-bilbao","status":"publish","type":"post","link":"https:\/\/eldigitaldeasturias.com\/magazine365\/los-alcaldes-de-txorierri-preocupados-por-la-posibilidad-de-que-se-amplie-el-horario-del-aeropuerto-de-bilbao\/","title":{"rendered":"Los Alcaldes de Txorierri preocupados por la posibilidad de que se ampl\u00ede el horario del Aeropuerto de Bilbao"},"content":{"rendered":"<p><img fetchpriority=\"high\" decoding=\"async\" class=\"alignleft size-medium wp-image-62263\" src=\"https:\/\/eldigitaldeasturias.com\/magazine365\/wp-content\/uploads\/2016\/01\/fotonoticia_20160126175157_800-360x270.jpg\" alt=\"fotonoticia_20160126175157_800\" width=\"360\" height=\"270\" srcset=\"https:\/\/eldigitaldeasturias.com\/magazine365\/wp-content\/uploads\/2016\/01\/fotonoticia_20160126175157_800-360x270.jpg 360w, https:\/\/eldigitaldeasturias.com\/magazine365\/wp-content\/uploads\/2016\/01\/fotonoticia_20160126175157_800-650x488.jpg 650w, https:\/\/eldigitaldeasturias.com\/magazine365\/wp-content\/uploads\/2016\/01\/fotonoticia_20160126175157_800-768x576.jpg 768w, https:\/\/eldigitaldeasturias.com\/magazine365\/wp-content\/uploads\/2016\/01\/fotonoticia_20160126175157_800-150x113.jpg 150w, https:\/\/eldigitaldeasturias.com\/magazine365\/wp-content\/uploads\/2016\/01\/fotonoticia_20160126175157_800-450x338.jpg 450w, https:\/\/eldigitaldeasturias.com\/magazine365\/wp-content\/uploads\/2016\/01\/fotonoticia_20160126175157_800-80x60.jpg 80w, https:\/\/eldigitaldeasturias.com\/magazine365\/wp-content\/uploads\/2016\/01\/fotonoticia_20160126175157_800-265x198.jpg 265w, https:\/\/eldigitaldeasturias.com\/magazine365\/wp-content\/uploads\/2016\/01\/fotonoticia_20160126175157_800-696x522.jpg 696w, https:\/\/eldigitaldeasturias.com\/magazine365\/wp-content\/uploads\/2016\/01\/fotonoticia_20160126175157_800-560x420.jpg 560w, https:\/\/eldigitaldeasturias.com\/magazine365\/wp-content\/uploads\/2016\/01\/fotonoticia_20160126175157_800-90x67.jpg 90w, https:\/\/eldigitaldeasturias.com\/magazine365\/wp-content\/uploads\/2016\/01\/fotonoticia_20160126175157_800-164x124.jpg 164w, https:\/\/eldigitaldeasturias.com\/magazine365\/wp-content\/uploads\/2016\/01\/fotonoticia_20160126175157_800-100x75.jpg 100w, https:\/\/eldigitaldeasturias.com\/magazine365\/wp-content\/uploads\/2016\/01\/fotonoticia_20160126175157_800.jpg 800w\" sizes=\"(max-width: 360px) 100vw, 360px\" \/>Alcaldes del Txorierri han trasladado a la direcci\u00f3n del Aeropuerto de Bilbao su preocupaci\u00f3n ante la posibilidad de que se ampl\u00ede el horario del aer\u00f3dromo, y han pedido m\u00e1s informaci\u00f3n sobre las gestiones que se lleven a cabo con las compa\u00f1\u00edas a\u00e9reas.<\/p>\n<p>La alcaldesa de Derio, Esther Apraiz, y los alcaldes de Erandio, Joseba Goikouria, de Loiu, Josu Andoni Bego\u00f1a, de Sondika, Xabier Zubiaur, y de Zamudio, Igotz L\u00f3pez, se han reunido este martes con la directora del Aeropuerto de Bilbao, Cristina Echeverr\u00eda, para trasladarle la \u00abpreocupaci\u00f3n\u00bb existente entre sus vecinos ante \u00abla solicitud de ampliaci\u00f3n del horario del aeropuerto por parte de una compa\u00f1\u00eda a\u00e9rea\u00bb.<\/p>\n<p>Al mismo tiempo, los representantes municipales han pedido estar \u00abinformados puntualmente\u00bb sobre todas aquellas gestiones que AENA realice con las compa\u00f1\u00edas a\u00e9reas en este sentido, seg\u00fan han informado en un comunicado.<\/p>\n<p>La directora del aeropuerto y los representantes municipales han llegado a un acuerdo para que todas las gestiones que se lleven a cabo sean comunicadas debidamente a los alcaldes.<\/p>\n<p>\u00abCreemos que debemos ser los primeros en saber si finalmente se va o no a ampliar los horarios del aeropuerto para poder trasmitir dicha informaci\u00f3n a nuestros habitantes\u00bb, han considerado los regidores.<\/p>\n<p>En ese sentido, han indicado que, \u00abdesde que se conoci\u00f3 la noticia de la posible ampliaci\u00f3n por parte de una compa\u00f1\u00eda \u00e1rea hace ya meses\u00bb, AENA \u00abs\u00f3lo nos ha trasladado que est\u00e1n a la espera de recibir los informes t\u00e9cnicos necesarios para tomar una decisi\u00f3n\u00bb.<\/p>\n<p>Seg\u00fan han manifestado, en sus municipios \u00abexiste una preocupaci\u00f3n y, como ya hemos se\u00f1alado en otras ocasiones, nuestra prioridad es y ser\u00e1 el descanso y el bienestar de nuestro vecinos\u00bb.<\/p>\n<p>Los alcaldes de Txorierri afectados seguir\u00e1n haciendo seguimiento a la ampliaci\u00f3n horaria solicitada, ya que est\u00e1n \u00abmuy preocupados\u00bb por \u00ablas consecuencias que tendr\u00eda esta controvertida medida, si finalmente llega a materializarse\u00bb.<\/p>\n<p>Por \u00faltimo, han recordado que en octubre y noviembre del pasado a\u00f1o se aprobaron distintas mociones en contra de la ampliaci\u00f3n horaria en los ayuntamientos de Txorierri.<\/p>\n","protected":false},"excerpt":{"rendered":"<p>Alcaldes del Txorierri han trasladado a la direcci\u00f3n del Aeropuerto de Bilbao su preocupaci\u00f3n ante la posibilidad de que se ampl\u00ede el horario del aer\u00f3dromo, y han pedido m\u00e1s informaci\u00f3n sobre las gestiones que se lleven a cabo con las compa\u00f1\u00edas a\u00e9reas. La alcaldesa de Derio, Esther Apraiz, y los alcaldes de Erandio, Joseba Goikouria,<\/p>\n","protected":false},"author":1,"featured_media":62263,"comment_status":"open","ping_status":"closed","sticky":false,"template":"","format":"standard","meta":{"footnotes":""},"categories":[224],"tags":[],"class_list":{"0":"post-62262","1":"post","2":"type-post","3":"status-publish","4":"format-standard","5":"has-post-thumbnail","7":"category-noticias-actualidad"},"aioseo_notices":[],"aioseo_head":"\n\t\t<!-- All in One SEO Pro 4.9.6.1 - aioseo.com -->\n\t<meta name=\"description\" content=\"Alcaldes del Txorierri han trasladado a la direcci\u00f3n del Aeropuerto de Bilbao su preocupaci\u00f3n ante la posibilidad de que se ampl\u00ede el horario del aer\u00f3dromo, y han pedido m\u00e1s informaci\u00f3n sobre las gestiones que se lleven a cabo con las compa\u00f1\u00edas a\u00e9reas. La alcaldesa de Derio, Esther Apraiz, y los alcaldes de Erandio, Joseba Goikouria,\" \/>\n\t<meta name=\"robots\" content=\"max-image-preview:large\" \/>\n\t<meta name=\"author\" content=\"admin\"\/>\n\t<meta name=\"google-site-verification\" content=\"UA-38556648-1\" \/>\n\t<meta name=\"keywords\" content=\"noticias y actualidad\" \/>\n\t<link rel=\"canonical\" href=\"https:\/\/eldigitaldeasturias.com\/magazine365\/los-alcaldes-de-txorierri-preocupados-por-la-posibilidad-de-que-se-amplie-el-horario-del-aeropuerto-de-bilbao\/\" \/>\n\t<meta name=\"generator\" content=\"All in One SEO Pro (AIOSEO) 4.9.6.1\" \/>\n\t\t<meta property=\"og:locale\" content=\"es_ES\" \/>\n\t\t<meta property=\"og:site_name\" content=\"El Digital de Asturias \u2013 Revista de ocio, turismo y estilo de vida\" \/>\n\t\t<meta property=\"og:type\" content=\"article\" \/>\n\t\t<meta property=\"og:title\" content=\"Los Alcaldes de Txorierri preocupados por la posibilidad de que se ampl\u00ede el horario del Aeropuerto de Bilbao | El Digital de Asturias\" \/>\n\t\t<meta property=\"og:description\" content=\"Alcaldes del Txorierri han trasladado a la direcci\u00f3n del Aeropuerto de Bilbao su preocupaci\u00f3n ante la posibilidad de que se ampl\u00ede el horario del aer\u00f3dromo, y han pedido m\u00e1s informaci\u00f3n sobre las gestiones que se lleven a cabo con las compa\u00f1\u00edas a\u00e9reas. La alcaldesa de Derio, Esther Apraiz, y los alcaldes de Erandio, Joseba Goikouria,\" \/>\n\t\t<meta property=\"og:url\" content=\"https:\/\/eldigitaldeasturias.com\/magazine365\/los-alcaldes-de-txorierri-preocupados-por-la-posibilidad-de-que-se-amplie-el-horario-del-aeropuerto-de-bilbao\/\" \/>\n\t\t<meta property=\"og:image\" content=\"https:\/\/eldigitaldeasturias.com\/magazine365\/wp-content\/uploads\/2016\/01\/fotonoticia_20160126175157_800.jpg\" \/>\n\t\t<meta property=\"og:image:secure_url\" content=\"https:\/\/eldigitaldeasturias.com\/magazine365\/wp-content\/uploads\/2016\/01\/fotonoticia_20160126175157_800.jpg\" \/>\n\t\t<meta property=\"og:image:width\" content=\"800\" \/>\n\t\t<meta property=\"og:image:height\" content=\"600\" \/>\n\t\t<meta property=\"article:published_time\" content=\"2016-01-30T02:14:34+00:00\" \/>\n\t\t<meta property=\"article:modified_time\" content=\"2016-01-30T02:14:34+00:00\" \/>\n\t\t<meta name=\"twitter:card\" content=\"summary_large_image\" \/>\n\t\t<meta name=\"twitter:title\" content=\"Los Alcaldes de Txorierri preocupados por la posibilidad de que se ampl\u00ede el horario del Aeropuerto de Bilbao | El Digital de Asturias\" \/>\n\t\t<meta name=\"twitter:description\" content=\"Alcaldes del Txorierri han trasladado a la direcci\u00f3n del Aeropuerto de Bilbao su preocupaci\u00f3n ante la posibilidad de que se ampl\u00ede el horario del aer\u00f3dromo, y han pedido m\u00e1s informaci\u00f3n sobre las gestiones que se lleven a cabo con las compa\u00f1\u00edas a\u00e9reas. La alcaldesa de Derio, Esther Apraiz, y los alcaldes de Erandio, Joseba Goikouria,\" \/>\n\t\t<meta name=\"twitter:image\" content=\"https:\/\/eldigitaldeasturias.com\/magazine365\/wp-content\/uploads\/2016\/01\/fotonoticia_20160126175157_800.jpg\" \/>\n\t\t<script type=\"application\/ld+json\" class=\"aioseo-schema\">\n\t\t\t{\"@context\":\"https:\\\/\\\/schema.org\",\"@graph\":[{\"@type\":\"Article\",\"@id\":\"https:\\\/\\\/eldigitaldeasturias.com\\\/magazine365\\\/los-alcaldes-de-txorierri-preocupados-por-la-posibilidad-de-que-se-amplie-el-horario-del-aeropuerto-de-bilbao\\\/#article\",\"name\":\"Los Alcaldes de Txorierri preocupados por la posibilidad de que se ampl\\u00ede el horario del Aeropuerto de Bilbao | El Digital de Asturias\",\"headline\":\"Los Alcaldes de Txorierri preocupados por la posibilidad de que se ampl\\u00ede el horario del Aeropuerto de Bilbao\",\"author\":{\"@id\":\"https:\\\/\\\/eldigitaldeasturias.com\\\/magazine365\\\/author\\\/admin\\\/#author\"},\"publisher\":{\"@id\":\"https:\\\/\\\/eldigitaldeasturias.com\\\/magazine365\\\/#organization\"},\"image\":{\"@type\":\"ImageObject\",\"url\":\"https:\\\/\\\/eldigitaldeasturias.com\\\/magazine365\\\/wp-content\\\/uploads\\\/2016\\\/01\\\/fotonoticia_20160126175157_800.jpg\",\"width\":800,\"height\":600},\"datePublished\":\"2016-01-30T03:14:34+01:00\",\"dateModified\":\"2016-01-30T03:14:34+01:00\",\"inLanguage\":\"es-ES\",\"mainEntityOfPage\":{\"@id\":\"https:\\\/\\\/eldigitaldeasturias.com\\\/magazine365\\\/los-alcaldes-de-txorierri-preocupados-por-la-posibilidad-de-que-se-amplie-el-horario-del-aeropuerto-de-bilbao\\\/#webpage\"},\"isPartOf\":{\"@id\":\"https:\\\/\\\/eldigitaldeasturias.com\\\/magazine365\\\/los-alcaldes-de-txorierri-preocupados-por-la-posibilidad-de-que-se-amplie-el-horario-del-aeropuerto-de-bilbao\\\/#webpage\"},\"articleSection\":\"Noticias y Actualidad\"},{\"@type\":\"BreadcrumbList\",\"@id\":\"https:\\\/\\\/eldigitaldeasturias.com\\\/magazine365\\\/los-alcaldes-de-txorierri-preocupados-por-la-posibilidad-de-que-se-amplie-el-horario-del-aeropuerto-de-bilbao\\\/#breadcrumblist\",\"itemListElement\":[{\"@type\":\"ListItem\",\"@id\":\"https:\\\/\\\/eldigitaldeasturias.com\\\/magazine365#listItem\",\"position\":1,\"name\":\"Home\",\"item\":\"https:\\\/\\\/eldigitaldeasturias.com\\\/magazine365\",\"nextItem\":{\"@type\":\"ListItem\",\"@id\":\"https:\\\/\\\/eldigitaldeasturias.com\\\/magazine365\\\/category\\\/noticias-actualidad\\\/#listItem\",\"name\":\"Noticias y Actualidad\"}},{\"@type\":\"ListItem\",\"@id\":\"https:\\\/\\\/eldigitaldeasturias.com\\\/magazine365\\\/category\\\/noticias-actualidad\\\/#listItem\",\"position\":2,\"name\":\"Noticias y Actualidad\",\"item\":\"https:\\\/\\\/eldigitaldeasturias.com\\\/magazine365\\\/category\\\/noticias-actualidad\\\/\",\"nextItem\":{\"@type\":\"ListItem\",\"@id\":\"https:\\\/\\\/eldigitaldeasturias.com\\\/magazine365\\\/los-alcaldes-de-txorierri-preocupados-por-la-posibilidad-de-que-se-amplie-el-horario-del-aeropuerto-de-bilbao\\\/#listItem\",\"name\":\"Los Alcaldes de Txorierri preocupados por la posibilidad de que se ampl\\u00ede el horario del Aeropuerto de Bilbao\"},\"previousItem\":{\"@type\":\"ListItem\",\"@id\":\"https:\\\/\\\/eldigitaldeasturias.com\\\/magazine365#listItem\",\"name\":\"Home\"}},{\"@type\":\"ListItem\",\"@id\":\"https:\\\/\\\/eldigitaldeasturias.com\\\/magazine365\\\/los-alcaldes-de-txorierri-preocupados-por-la-posibilidad-de-que-se-amplie-el-horario-del-aeropuerto-de-bilbao\\\/#listItem\",\"position\":3,\"name\":\"Los Alcaldes de Txorierri preocupados por la posibilidad de que se ampl\\u00ede el horario del Aeropuerto de Bilbao\",\"previousItem\":{\"@type\":\"ListItem\",\"@id\":\"https:\\\/\\\/eldigitaldeasturias.com\\\/magazine365\\\/category\\\/noticias-actualidad\\\/#listItem\",\"name\":\"Noticias y Actualidad\"}}]},{\"@type\":\"Organization\",\"@id\":\"https:\\\/\\\/eldigitaldeasturias.com\\\/magazine365\\\/#organization\",\"name\":\"El digital de Asturias\",\"description\":\"Revista de ocio, turismo y estilo de vida\",\"url\":\"https:\\\/\\\/eldigitaldeasturias.com\\\/magazine365\\\/\",\"logo\":{\"@type\":\"ImageObject\",\"url\":\"https:\\\/\\\/www.eldigitaldeasturias.com\\\/noticias\\\/wp-content\\\/uploads\\\/2020\\\/12\\\/EDA.jpg\",\"@id\":\"https:\\\/\\\/eldigitaldeasturias.com\\\/magazine365\\\/los-alcaldes-de-txorierri-preocupados-por-la-posibilidad-de-que-se-amplie-el-horario-del-aeropuerto-de-bilbao\\\/#organizationLogo\"},\"image\":{\"@id\":\"https:\\\/\\\/eldigitaldeasturias.com\\\/magazine365\\\/los-alcaldes-de-txorierri-preocupados-por-la-posibilidad-de-que-se-amplie-el-horario-del-aeropuerto-de-bilbao\\\/#organizationLogo\"}},{\"@type\":\"Person\",\"@id\":\"https:\\\/\\\/eldigitaldeasturias.com\\\/magazine365\\\/author\\\/admin\\\/#author\",\"url\":\"https:\\\/\\\/eldigitaldeasturias.com\\\/magazine365\\\/author\\\/admin\\\/\",\"name\":\"admin\",\"image\":{\"@type\":\"ImageObject\",\"@id\":\"https:\\\/\\\/eldigitaldeasturias.com\\\/magazine365\\\/los-alcaldes-de-txorierri-preocupados-por-la-posibilidad-de-que-se-amplie-el-horario-del-aeropuerto-de-bilbao\\\/#authorImage\",\"url\":\"https:\\\/\\\/eldigitaldeasturias.com\\\/magazine365\\\/wp-content\\\/litespeed\\\/avatar\\\/e571bcf59a0edd6fa6838245a470f2fe.jpg?ver=1776969259\",\"width\":96,\"height\":96,\"caption\":\"admin\"}},{\"@type\":\"WebPage\",\"@id\":\"https:\\\/\\\/eldigitaldeasturias.com\\\/magazine365\\\/los-alcaldes-de-txorierri-preocupados-por-la-posibilidad-de-que-se-amplie-el-horario-del-aeropuerto-de-bilbao\\\/#webpage\",\"url\":\"https:\\\/\\\/eldigitaldeasturias.com\\\/magazine365\\\/los-alcaldes-de-txorierri-preocupados-por-la-posibilidad-de-que-se-amplie-el-horario-del-aeropuerto-de-bilbao\\\/\",\"name\":\"Los Alcaldes de Txorierri preocupados por la posibilidad de que se ampl\\u00ede el horario del Aeropuerto de Bilbao | El Digital de Asturias\",\"description\":\"Alcaldes del Txorierri han trasladado a la direcci\\u00f3n del Aeropuerto de Bilbao su preocupaci\\u00f3n ante la posibilidad de que se ampl\\u00ede el horario del aer\\u00f3dromo, y han pedido m\\u00e1s informaci\\u00f3n sobre las gestiones que se lleven a cabo con las compa\\u00f1\\u00edas a\\u00e9reas. La alcaldesa de Derio, Esther Apraiz, y los alcaldes de Erandio, Joseba Goikouria,\",\"inLanguage\":\"es-ES\",\"isPartOf\":{\"@id\":\"https:\\\/\\\/eldigitaldeasturias.com\\\/magazine365\\\/#website\"},\"breadcrumb\":{\"@id\":\"https:\\\/\\\/eldigitaldeasturias.com\\\/magazine365\\\/los-alcaldes-de-txorierri-preocupados-por-la-posibilidad-de-que-se-amplie-el-horario-del-aeropuerto-de-bilbao\\\/#breadcrumblist\"},\"author\":{\"@id\":\"https:\\\/\\\/eldigitaldeasturias.com\\\/magazine365\\\/author\\\/admin\\\/#author\"},\"creator\":{\"@id\":\"https:\\\/\\\/eldigitaldeasturias.com\\\/magazine365\\\/author\\\/admin\\\/#author\"},\"image\":{\"@type\":\"ImageObject\",\"url\":\"https:\\\/\\\/eldigitaldeasturias.com\\\/magazine365\\\/wp-content\\\/uploads\\\/2016\\\/01\\\/fotonoticia_20160126175157_800.jpg\",\"@id\":\"https:\\\/\\\/eldigitaldeasturias.com\\\/magazine365\\\/los-alcaldes-de-txorierri-preocupados-por-la-posibilidad-de-que-se-amplie-el-horario-del-aeropuerto-de-bilbao\\\/#mainImage\",\"width\":800,\"height\":600},\"primaryImageOfPage\":{\"@id\":\"https:\\\/\\\/eldigitaldeasturias.com\\\/magazine365\\\/los-alcaldes-de-txorierri-preocupados-por-la-posibilidad-de-que-se-amplie-el-horario-del-aeropuerto-de-bilbao\\\/#mainImage\"},\"datePublished\":\"2016-01-30T03:14:34+01:00\",\"dateModified\":\"2016-01-30T03:14:34+01:00\"},{\"@type\":\"WebSite\",\"@id\":\"https:\\\/\\\/eldigitaldeasturias.com\\\/magazine365\\\/#website\",\"url\":\"https:\\\/\\\/eldigitaldeasturias.com\\\/magazine365\\\/\",\"name\":\"El Digital de Asturias\",\"description\":\"Revista de ocio, turismo y estilo de vida\",\"inLanguage\":\"es-ES\",\"publisher\":{\"@id\":\"https:\\\/\\\/eldigitaldeasturias.com\\\/magazine365\\\/#organization\"}}]}\n\t\t<\/script>\n\t\t<!-- All in One SEO Pro -->\r\n\t\t<title>Los Alcaldes de Txorierri preocupados por la posibilidad de que se ampl\u00ede el horario del Aeropuerto de Bilbao | El Digital de Asturias<\/title>\n\n","aioseo_head_json":{"title":"Los Alcaldes de Txorierri preocupados por la posibilidad de que se ampl\u00ede el horario del Aeropuerto de Bilbao | El Digital de Asturias","description":"Alcaldes del Txorierri han trasladado a la direcci\u00f3n del Aeropuerto de Bilbao su preocupaci\u00f3n ante la posibilidad de que se ampl\u00ede el horario del aer\u00f3dromo, y han pedido m\u00e1s informaci\u00f3n sobre las gestiones que se lleven a cabo con las compa\u00f1\u00edas a\u00e9reas. La alcaldesa de Derio, Esther Apraiz, y los alcaldes de Erandio, Joseba Goikouria,","canonical_url":"https:\/\/eldigitaldeasturias.com\/magazine365\/los-alcaldes-de-txorierri-preocupados-por-la-posibilidad-de-que-se-amplie-el-horario-del-aeropuerto-de-bilbao\/","robots":"max-image-preview:large","keywords":"noticias y actualidad","webmasterTools":{"google-site-verification":"UA-38556648-1","miscellaneous":""},"schema":{"@context":"https:\/\/schema.org","@graph":[{"@type":"Article","@id":"https:\/\/eldigitaldeasturias.com\/magazine365\/los-alcaldes-de-txorierri-preocupados-por-la-posibilidad-de-que-se-amplie-el-horario-del-aeropuerto-de-bilbao\/#article","name":"Los Alcaldes de Txorierri preocupados por la posibilidad de que se ampl\u00ede el horario del Aeropuerto de Bilbao | El Digital de Asturias","headline":"Los Alcaldes de Txorierri preocupados por la posibilidad de que se ampl\u00ede el horario del Aeropuerto de Bilbao","author":{"@id":"https:\/\/eldigitaldeasturias.com\/magazine365\/author\/admin\/#author"},"publisher":{"@id":"https:\/\/eldigitaldeasturias.com\/magazine365\/#organization"},"image":{"@type":"ImageObject","url":"https:\/\/eldigitaldeasturias.com\/magazine365\/wp-content\/uploads\/2016\/01\/fotonoticia_20160126175157_800.jpg","width":800,"height":600},"datePublished":"2016-01-30T03:14:34+01:00","dateModified":"2016-01-30T03:14:34+01:00","inLanguage":"es-ES","mainEntityOfPage":{"@id":"https:\/\/eldigitaldeasturias.com\/magazine365\/los-alcaldes-de-txorierri-preocupados-por-la-posibilidad-de-que-se-amplie-el-horario-del-aeropuerto-de-bilbao\/#webpage"},"isPartOf":{"@id":"https:\/\/eldigitaldeasturias.com\/magazine365\/los-alcaldes-de-txorierri-preocupados-por-la-posibilidad-de-que-se-amplie-el-horario-del-aeropuerto-de-bilbao\/#webpage"},"articleSection":"Noticias y Actualidad"},{"@type":"BreadcrumbList","@id":"https:\/\/eldigitaldeasturias.com\/magazine365\/los-alcaldes-de-txorierri-preocupados-por-la-posibilidad-de-que-se-amplie-el-horario-del-aeropuerto-de-bilbao\/#breadcrumblist","itemListElement":[{"@type":"ListItem","@id":"https:\/\/eldigitaldeasturias.com\/magazine365#listItem","position":1,"name":"Home","item":"https:\/\/eldigitaldeasturias.com\/magazine365","nextItem":{"@type":"ListItem","@id":"https:\/\/eldigitaldeasturias.com\/magazine365\/category\/noticias-actualidad\/#listItem","name":"Noticias y Actualidad"}},{"@type":"ListItem","@id":"https:\/\/eldigitaldeasturias.com\/magazine365\/category\/noticias-actualidad\/#listItem","position":2,"name":"Noticias y Actualidad","item":"https:\/\/eldigitaldeasturias.com\/magazine365\/category\/noticias-actualidad\/","nextItem":{"@type":"ListItem","@id":"https:\/\/eldigitaldeasturias.com\/magazine365\/los-alcaldes-de-txorierri-preocupados-por-la-posibilidad-de-que-se-amplie-el-horario-del-aeropuerto-de-bilbao\/#listItem","name":"Los Alcaldes de Txorierri preocupados por la posibilidad de que se ampl\u00ede el horario del Aeropuerto de Bilbao"},"previousItem":{"@type":"ListItem","@id":"https:\/\/eldigitaldeasturias.com\/magazine365#listItem","name":"Home"}},{"@type":"ListItem","@id":"https:\/\/eldigitaldeasturias.com\/magazine365\/los-alcaldes-de-txorierri-preocupados-por-la-posibilidad-de-que-se-amplie-el-horario-del-aeropuerto-de-bilbao\/#listItem","position":3,"name":"Los Alcaldes de Txorierri preocupados por la posibilidad de que se ampl\u00ede el horario del Aeropuerto de Bilbao","previousItem":{"@type":"ListItem","@id":"https:\/\/eldigitaldeasturias.com\/magazine365\/category\/noticias-actualidad\/#listItem","name":"Noticias y Actualidad"}}]},{"@type":"Organization","@id":"https:\/\/eldigitaldeasturias.com\/magazine365\/#organization","name":"El digital de Asturias","description":"Revista de ocio, turismo y estilo de vida","url":"https:\/\/eldigitaldeasturias.com\/magazine365\/","logo":{"@type":"ImageObject","url":"https:\/\/www.eldigitaldeasturias.com\/noticias\/wp-content\/uploads\/2020\/12\/EDA.jpg","@id":"https:\/\/eldigitaldeasturias.com\/magazine365\/los-alcaldes-de-txorierri-preocupados-por-la-posibilidad-de-que-se-amplie-el-horario-del-aeropuerto-de-bilbao\/#organizationLogo"},"image":{"@id":"https:\/\/eldigitaldeasturias.com\/magazine365\/los-alcaldes-de-txorierri-preocupados-por-la-posibilidad-de-que-se-amplie-el-horario-del-aeropuerto-de-bilbao\/#organizationLogo"}},{"@type":"Person","@id":"https:\/\/eldigitaldeasturias.com\/magazine365\/author\/admin\/#author","url":"https:\/\/eldigitaldeasturias.com\/magazine365\/author\/admin\/","name":"admin","image":{"@type":"ImageObject","@id":"https:\/\/eldigitaldeasturias.com\/magazine365\/los-alcaldes-de-txorierri-preocupados-por-la-posibilidad-de-que-se-amplie-el-horario-del-aeropuerto-de-bilbao\/#authorImage","url":"https:\/\/eldigitaldeasturias.com\/magazine365\/wp-content\/litespeed\/avatar\/e571bcf59a0edd6fa6838245a470f2fe.jpg?ver=1776969259","width":96,"height":96,"caption":"admin"}},{"@type":"WebPage","@id":"https:\/\/eldigitaldeasturias.com\/magazine365\/los-alcaldes-de-txorierri-preocupados-por-la-posibilidad-de-que-se-amplie-el-horario-del-aeropuerto-de-bilbao\/#webpage","url":"https:\/\/eldigitaldeasturias.com\/magazine365\/los-alcaldes-de-txorierri-preocupados-por-la-posibilidad-de-que-se-amplie-el-horario-del-aeropuerto-de-bilbao\/","name":"Los Alcaldes de Txorierri preocupados por la posibilidad de que se ampl\u00ede el horario del Aeropuerto de Bilbao | El Digital de Asturias","description":"Alcaldes del Txorierri han trasladado a la direcci\u00f3n del Aeropuerto de Bilbao su preocupaci\u00f3n ante la posibilidad de que se ampl\u00ede el horario del aer\u00f3dromo, y han pedido m\u00e1s informaci\u00f3n sobre las gestiones que se lleven a cabo con las compa\u00f1\u00edas a\u00e9reas. La alcaldesa de Derio, Esther Apraiz, y los alcaldes de Erandio, Joseba Goikouria,","inLanguage":"es-ES","isPartOf":{"@id":"https:\/\/eldigitaldeasturias.com\/magazine365\/#website"},"breadcrumb":{"@id":"https:\/\/eldigitaldeasturias.com\/magazine365\/los-alcaldes-de-txorierri-preocupados-por-la-posibilidad-de-que-se-amplie-el-horario-del-aeropuerto-de-bilbao\/#breadcrumblist"},"author":{"@id":"https:\/\/eldigitaldeasturias.com\/magazine365\/author\/admin\/#author"},"creator":{"@id":"https:\/\/eldigitaldeasturias.com\/magazine365\/author\/admin\/#author"},"image":{"@type":"ImageObject","url":"https:\/\/eldigitaldeasturias.com\/magazine365\/wp-content\/uploads\/2016\/01\/fotonoticia_20160126175157_800.jpg","@id":"https:\/\/eldigitaldeasturias.com\/magazine365\/los-alcaldes-de-txorierri-preocupados-por-la-posibilidad-de-que-se-amplie-el-horario-del-aeropuerto-de-bilbao\/#mainImage","width":800,"height":600},"primaryImageOfPage":{"@id":"https:\/\/eldigitaldeasturias.com\/magazine365\/los-alcaldes-de-txorierri-preocupados-por-la-posibilidad-de-que-se-amplie-el-horario-del-aeropuerto-de-bilbao\/#mainImage"},"datePublished":"2016-01-30T03:14:34+01:00","dateModified":"2016-01-30T03:14:34+01:00"},{"@type":"WebSite","@id":"https:\/\/eldigitaldeasturias.com\/magazine365\/#website","url":"https:\/\/eldigitaldeasturias.com\/magazine365\/","name":"El Digital de Asturias","description":"Revista de ocio, turismo y estilo de vida","inLanguage":"es-ES","publisher":{"@id":"https:\/\/eldigitaldeasturias.com\/magazine365\/#organization"}}]},"og:locale":"es_ES","og:site_name":"El Digital de Asturias \u2013 Revista de ocio, turismo y estilo de vida","og:type":"article","og:title":"Los Alcaldes de Txorierri preocupados por la posibilidad de que se ampl\u00ede el horario del Aeropuerto de Bilbao | El Digital de Asturias","og:description":"Alcaldes del Txorierri han trasladado a la direcci\u00f3n del Aeropuerto de Bilbao su preocupaci\u00f3n ante la posibilidad de que se ampl\u00ede el horario del aer\u00f3dromo, y han pedido m\u00e1s informaci\u00f3n sobre las gestiones que se lleven a cabo con las compa\u00f1\u00edas a\u00e9reas. La alcaldesa de Derio, Esther Apraiz, y los alcaldes de Erandio, Joseba Goikouria,","og:url":"https:\/\/eldigitaldeasturias.com\/magazine365\/los-alcaldes-de-txorierri-preocupados-por-la-posibilidad-de-que-se-amplie-el-horario-del-aeropuerto-de-bilbao\/","og:image":"https:\/\/eldigitaldeasturias.com\/magazine365\/wp-content\/uploads\/2016\/01\/fotonoticia_20160126175157_800.jpg","og:image:secure_url":"https:\/\/eldigitaldeasturias.com\/magazine365\/wp-content\/uploads\/2016\/01\/fotonoticia_20160126175157_800.jpg","og:image:width":800,"og:image:height":600,"article:published_time":"2016-01-30T02:14:34+00:00","article:modified_time":"2016-01-30T02:14:34+00:00","twitter:card":"summary_large_image","twitter:title":"Los Alcaldes de Txorierri preocupados por la posibilidad de que se ampl\u00ede el horario del Aeropuerto de Bilbao | El Digital de Asturias","twitter:description":"Alcaldes del Txorierri han trasladado a la direcci\u00f3n del Aeropuerto de Bilbao su preocupaci\u00f3n ante la posibilidad de que se ampl\u00ede el horario del aer\u00f3dromo, y han pedido m\u00e1s informaci\u00f3n sobre las gestiones que se lleven a cabo con las compa\u00f1\u00edas a\u00e9reas. La alcaldesa de Derio, Esther Apraiz, y los alcaldes de Erandio, Joseba Goikouria,","twitter:image":"https:\/\/eldigitaldeasturias.com\/magazine365\/wp-content\/uploads\/2016\/01\/fotonoticia_20160126175157_800.jpg"},"aioseo_meta_data":{"post_id":"62262","title":null,"description":null,"keywords":null,"keyphrases":null,"primary_term":null,"canonical_url":null,"og_title":null,"og_description":null,"og_object_type":"default","og_image_type":"default","og_image_url":null,"og_image_width":null,"og_image_height":null,"og_image_custom_url":null,"og_image_custom_fields":null,"og_video":null,"og_custom_url":null,"og_article_section":null,"og_article_tags":null,"twitter_use_og":false,"twitter_card":"default","twitter_image_type":"default","twitter_image_url":null,"twitter_image_custom_url":null,"twitter_image_custom_fields":null,"twitter_title":null,"twitter_description":null,"schema":{"blockGraphs":[],"customGraphs":[],"default":{"data":{"Article":[],"Course":[],"Dataset":[],"FAQPage":[],"Movie":[],"Person":[],"Product":[],"ProductReview":[],"Car":[],"Recipe":[],"Service":[],"SoftwareApplication":[],"WebPage":[]},"graphName":"","isEnabled":true},"graphs":[],"defaultGraph":"","defaultPostTypeGraph":""},"schema_type":null,"schema_type_options":null,"pillar_content":false,"robots_default":true,"robots_noindex":false,"robots_noarchive":false,"robots_nosnippet":false,"robots_nofollow":false,"robots_noimageindex":false,"robots_noodp":false,"robots_notranslate":false,"robots_max_snippet":null,"robots_max_videopreview":null,"robots_max_imagepreview":"large","priority":null,"frequency":null,"location":null,"local_seo":null,"seo_analyzer_scan_date":"2025-09-25 10:45:35","breadcrumb_settings":null,"limit_modified_date":false,"open_ai":null,"ai":null,"created":"2021-03-08 21:38:49","updated":"2025-09-25 10:45:35"},"aioseo_breadcrumb":"<div class=\"aioseo-breadcrumbs\"><span class=\"aioseo-breadcrumb\">\n\t<a href=\"https:\/\/eldigitaldeasturias.com\/magazine365\" title=\"Home\">Home<\/a>\n<\/span><span class=\"aioseo-breadcrumb-separator\">\u2013<\/span><span class=\"aioseo-breadcrumb\">\n\t<a href=\"https:\/\/eldigitaldeasturias.com\/magazine365\/category\/noticias-actualidad\/\" title=\"Noticias y Actualidad\">Noticias y Actualidad<\/a>\n<\/span><span class=\"aioseo-breadcrumb-separator\">\u2013<\/span><span class=\"aioseo-breadcrumb\">\n\t<a href=\"https:\/\/eldigitaldeasturias.com\/magazine365\/los-alcaldes-de-txorierri-preocupados-por-la-posibilidad-de-que-se-amplie-el-horario-del-aeropuerto-de-bilbao\/\" title=\"Los Alcaldes de Txorierri preocupados por la posibilidad de que se ampl\u00ede el horario del Aeropuerto de Bilbao\">Los Alcaldes de Txorierri preocupados por la posibilidad de que se ampl\u00ede el horario del Aeropuerto de Bilbao<\/a>\n<\/span><\/div>","aioseo_breadcrumb_json":[{"label":"Home","link":"https:\/\/eldigitaldeasturias.com\/magazine365"},{"label":"Noticias y Actualidad","link":"https:\/\/eldigitaldeasturias.com\/magazine365\/category\/noticias-actualidad\/"},{"label":"Los Alcaldes de Txorierri preocupados por la posibilidad de que se ampl\u00ede el horario del Aeropuerto de Bilbao","link":"https:\/\/eldigitaldeasturias.com\/magazine365\/los-alcaldes-de-txorierri-preocupados-por-la-posibilidad-de-que-se-amplie-el-horario-del-aeropuerto-de-bilbao\/"}],"_links":{"self":[{"href":"https:\/\/eldigitaldeasturias.com\/magazine365\/wp-json\/wp\/v2\/posts\/62262","targetHints":{"allow":["GET"]}}],"collection":[{"href":"https:\/\/eldigitaldeasturias.com\/magazine365\/wp-json\/wp\/v2\/posts"}],"about":[{"href":"https:\/\/eldigitaldeasturias.com\/magazine365\/wp-json\/wp\/v2\/types\/post"}],"author":[{"embeddable":true,"href":"https:\/\/eldigitaldeasturias.com\/magazine365\/wp-json\/wp\/v2\/users\/1"}],"replies":[{"embeddable":true,"href":"https:\/\/eldigitaldeasturias.com\/magazine365\/wp-json\/wp\/v2\/comments?post=62262"}],"version-history":[{"count":0,"href":"https:\/\/eldigitaldeasturias.com\/magazine365\/wp-json\/wp\/v2\/posts\/62262\/revisions"}],"wp:featuredmedia":[{"embeddable":true,"href":"https:\/\/eldigitaldeasturias.com\/magazine365\/wp-json\/wp\/v2\/media\/62263"}],"wp:attachment":[{"href":"https:\/\/eldigitaldeasturias.com\/magazine365\/wp-json\/wp\/v2\/media?parent=62262"}],"wp:term":[{"taxonomy":"category","embeddable":true,"href":"https:\/\/eldigitaldeasturias.com\/magazine365\/wp-json\/wp\/v2\/categories?post=62262"},{"taxonomy":"post_tag","embeddable":true,"href":"https:\/\/eldigitaldeasturias.com\/magazine365\/wp-json\/wp\/v2\/tags?post=62262"}],"curies":[{"name":"wp","href":"https:\/\/api.w.org\/{rel}","templated":true}]}}