{"id":62241,"date":"2016-01-30T02:59:12","date_gmt":"2016-01-30T01:59:12","guid":{"rendered":"http:\/\/eldigitaldeasturias.com\/magazine365\/?p=62241"},"modified":"2016-01-30T02:59:12","modified_gmt":"2016-01-30T01:59:12","slug":"la-playa-de-palma-contara-con-3-700-nuevas-plazas-hoteleras","status":"publish","type":"post","link":"https:\/\/eldigitaldeasturias.com\/magazine365\/la-playa-de-palma-contara-con-3-700-nuevas-plazas-hoteleras\/","title":{"rendered":"La Playa de Palma contar\u00e1 con 3.700 nuevas plazas hoteleras"},"content":{"rendered":"<p><img fetchpriority=\"high\" decoding=\"async\" class=\"alignleft size-medium wp-image-62242\" src=\"https:\/\/eldigitaldeasturias.com\/magazine365\/wp-content\/uploads\/2016\/01\/fotonoticia_20160126165837_800-360x203.jpg\" alt=\"fotonoticia_20160126165837_800\" width=\"360\" height=\"203\" srcset=\"https:\/\/eldigitaldeasturias.com\/magazine365\/wp-content\/uploads\/2016\/01\/fotonoticia_20160126165837_800-360x203.jpg 360w, https:\/\/eldigitaldeasturias.com\/magazine365\/wp-content\/uploads\/2016\/01\/fotonoticia_20160126165837_800-650x366.jpg 650w, https:\/\/eldigitaldeasturias.com\/magazine365\/wp-content\/uploads\/2016\/01\/fotonoticia_20160126165837_800-768x432.jpg 768w, https:\/\/eldigitaldeasturias.com\/magazine365\/wp-content\/uploads\/2016\/01\/fotonoticia_20160126165837_800-150x84.jpg 150w, https:\/\/eldigitaldeasturias.com\/magazine365\/wp-content\/uploads\/2016\/01\/fotonoticia_20160126165837_800-450x253.jpg 450w, https:\/\/eldigitaldeasturias.com\/magazine365\/wp-content\/uploads\/2016\/01\/fotonoticia_20160126165837_800-696x392.jpg 696w, https:\/\/eldigitaldeasturias.com\/magazine365\/wp-content\/uploads\/2016\/01\/fotonoticia_20160126165837_800-747x420.jpg 747w, https:\/\/eldigitaldeasturias.com\/magazine365\/wp-content\/uploads\/2016\/01\/fotonoticia_20160126165837_800-499x280.jpg 499w, https:\/\/eldigitaldeasturias.com\/magazine365\/wp-content\/uploads\/2016\/01\/fotonoticia_20160126165837_800-510x289.jpg 510w, https:\/\/eldigitaldeasturias.com\/magazine365\/wp-content\/uploads\/2016\/01\/fotonoticia_20160126165837_800.jpg 800w\" sizes=\"(max-width: 360px) 100vw, 360px\" \/>La Playa de Palma dispondr\u00e1 entre este verano y el a\u00f1o que viene de 3.700 plazas hoteleras nuevas provenientes tanto de establecimientos nuevos, como de hoteles que han aumentado su oferta de habitaciones.<\/p>\n<p>As\u00ed ha informado este martes el teniente de alcalde de Modelo de Ciudad, Urbanismo y Vivienda Digna, Antoni Noguera, quien ha asegurado que este crecimiento se ha llevado a cabo por la Ley Tur\u00edstica impulsada por el anterior Govern.<\/p>\n<p>\u00abNo se trata de un modelo tur\u00edstico sostenible y ha causado una clara incidencia en la capacidad de la playa\u00bb, ha declarado antes de detallar que, en total, Playa de Palma dispondr\u00e1 de cuatro hoteles nuevos y que 26 establecimientos aumentar\u00e1n su n\u00famero de plazas.<\/p>\n<p>Noguera ha puesto como ejemplo el consumo de agua y ha explicado que un ciudadano consume 110 litros de agua a diario, mientras que un turista consume \u00abentre dos y tres veces m\u00e1s\u00bb.<\/p>\n<p>\u00abEl crecimiento no tuvo en cuenta c\u00f3mo afectar\u00eda a los recursos h\u00eddricos de Playa de Palma ni a los equipamientos, los equipamientos no se han adaptado\u00bb, ha asegurado el teniente de alcalde.<\/p>\n<p>El decreto aprobado por el actual Govern devuelve los incrementos de edificabilidad a los previstos en el Plan de Reforma Integral de Planta de Palma (PRI), ha recordado Cort.<\/p>\n","protected":false},"excerpt":{"rendered":"<p>La Playa de Palma dispondr\u00e1 entre este verano y el a\u00f1o que viene de 3.700 plazas hoteleras nuevas provenientes tanto de establecimientos nuevos, como de hoteles que han aumentado su oferta de habitaciones. As\u00ed ha informado este martes el teniente de alcalde de Modelo de Ciudad, Urbanismo y Vivienda Digna, Antoni Noguera, quien ha asegurado<\/p>\n","protected":false},"author":1,"featured_media":62242,"comment_status":"open","ping_status":"closed","sticky":false,"template":"","format":"standard","meta":{"footnotes":""},"categories":[224],"tags":[],"class_list":{"0":"post-62241","1":"post","2":"type-post","3":"status-publish","4":"format-standard","5":"has-post-thumbnail","7":"category-noticias-actualidad"},"aioseo_notices":[],"aioseo_head":"\n\t\t<!-- All in One SEO Pro 4.9.6.1 - aioseo.com -->\n\t<meta name=\"description\" content=\"La Playa de Palma dispondr\u00e1 entre este verano y el a\u00f1o que viene de 3.700 plazas hoteleras nuevas provenientes tanto de establecimientos nuevos, como de hoteles que han aumentado su oferta de habitaciones. As\u00ed ha informado este martes el teniente de alcalde de Modelo de Ciudad, Urbanismo y Vivienda Digna, Antoni Noguera, quien ha asegurado\" \/>\n\t<meta name=\"robots\" content=\"max-image-preview:large\" \/>\n\t<meta name=\"author\" content=\"admin\"\/>\n\t<meta name=\"google-site-verification\" content=\"UA-38556648-1\" \/>\n\t<meta name=\"keywords\" content=\"noticias y actualidad\" \/>\n\t<link rel=\"canonical\" href=\"https:\/\/eldigitaldeasturias.com\/magazine365\/la-playa-de-palma-contara-con-3-700-nuevas-plazas-hoteleras\/\" \/>\n\t<meta name=\"generator\" content=\"All in One SEO Pro (AIOSEO) 4.9.6.1\" \/>\n\t\t<meta property=\"og:locale\" content=\"es_ES\" \/>\n\t\t<meta property=\"og:site_name\" content=\"El Digital de Asturias \u2013 Revista de ocio, turismo y estilo de vida\" \/>\n\t\t<meta property=\"og:type\" content=\"article\" \/>\n\t\t<meta property=\"og:title\" content=\"La Playa de Palma contar\u00e1 con 3.700 nuevas plazas hoteleras | El Digital de Asturias\" \/>\n\t\t<meta property=\"og:description\" content=\"La Playa de Palma dispondr\u00e1 entre este verano y el a\u00f1o que viene de 3.700 plazas hoteleras nuevas provenientes tanto de establecimientos nuevos, como de hoteles que han aumentado su oferta de habitaciones. As\u00ed ha informado este martes el teniente de alcalde de Modelo de Ciudad, Urbanismo y Vivienda Digna, Antoni Noguera, quien ha asegurado\" \/>\n\t\t<meta property=\"og:url\" content=\"https:\/\/eldigitaldeasturias.com\/magazine365\/la-playa-de-palma-contara-con-3-700-nuevas-plazas-hoteleras\/\" \/>\n\t\t<meta property=\"og:image\" content=\"https:\/\/eldigitaldeasturias.com\/magazine365\/wp-content\/uploads\/2016\/01\/fotonoticia_20160126165837_800.jpg\" \/>\n\t\t<meta property=\"og:image:secure_url\" content=\"https:\/\/eldigitaldeasturias.com\/magazine365\/wp-content\/uploads\/2016\/01\/fotonoticia_20160126165837_800.jpg\" \/>\n\t\t<meta property=\"og:image:width\" content=\"800\" \/>\n\t\t<meta property=\"og:image:height\" content=\"450\" \/>\n\t\t<meta property=\"article:published_time\" content=\"2016-01-30T01:59:12+00:00\" \/>\n\t\t<meta property=\"article:modified_time\" content=\"2016-01-30T01:59:12+00:00\" \/>\n\t\t<meta name=\"twitter:card\" content=\"summary_large_image\" \/>\n\t\t<meta name=\"twitter:title\" content=\"La Playa de Palma contar\u00e1 con 3.700 nuevas plazas hoteleras | El Digital de Asturias\" \/>\n\t\t<meta name=\"twitter:description\" content=\"La Playa de Palma dispondr\u00e1 entre este verano y el a\u00f1o que viene de 3.700 plazas hoteleras nuevas provenientes tanto de establecimientos nuevos, como de hoteles que han aumentado su oferta de habitaciones. As\u00ed ha informado este martes el teniente de alcalde de Modelo de Ciudad, Urbanismo y Vivienda Digna, Antoni Noguera, quien ha asegurado\" \/>\n\t\t<meta name=\"twitter:image\" content=\"https:\/\/eldigitaldeasturias.com\/magazine365\/wp-content\/uploads\/2016\/01\/fotonoticia_20160126165837_800.jpg\" \/>\n\t\t<script type=\"application\/ld+json\" class=\"aioseo-schema\">\n\t\t\t{\"@context\":\"https:\\\/\\\/schema.org\",\"@graph\":[{\"@type\":\"Article\",\"@id\":\"https:\\\/\\\/eldigitaldeasturias.com\\\/magazine365\\\/la-playa-de-palma-contara-con-3-700-nuevas-plazas-hoteleras\\\/#article\",\"name\":\"La Playa de Palma contar\\u00e1 con 3.700 nuevas plazas hoteleras | El Digital de Asturias\",\"headline\":\"La Playa de Palma contar\\u00e1 con 3.700 nuevas plazas hoteleras\",\"author\":{\"@id\":\"https:\\\/\\\/eldigitaldeasturias.com\\\/magazine365\\\/author\\\/admin\\\/#author\"},\"publisher\":{\"@id\":\"https:\\\/\\\/eldigitaldeasturias.com\\\/magazine365\\\/#organization\"},\"image\":{\"@type\":\"ImageObject\",\"url\":\"https:\\\/\\\/eldigitaldeasturias.com\\\/magazine365\\\/wp-content\\\/uploads\\\/2016\\\/01\\\/fotonoticia_20160126165837_800.jpg\",\"width\":800,\"height\":450},\"datePublished\":\"2016-01-30T02:59:12+01:00\",\"dateModified\":\"2016-01-30T02:59:12+01:00\",\"inLanguage\":\"es-ES\",\"mainEntityOfPage\":{\"@id\":\"https:\\\/\\\/eldigitaldeasturias.com\\\/magazine365\\\/la-playa-de-palma-contara-con-3-700-nuevas-plazas-hoteleras\\\/#webpage\"},\"isPartOf\":{\"@id\":\"https:\\\/\\\/eldigitaldeasturias.com\\\/magazine365\\\/la-playa-de-palma-contara-con-3-700-nuevas-plazas-hoteleras\\\/#webpage\"},\"articleSection\":\"Noticias y Actualidad\"},{\"@type\":\"BreadcrumbList\",\"@id\":\"https:\\\/\\\/eldigitaldeasturias.com\\\/magazine365\\\/la-playa-de-palma-contara-con-3-700-nuevas-plazas-hoteleras\\\/#breadcrumblist\",\"itemListElement\":[{\"@type\":\"ListItem\",\"@id\":\"https:\\\/\\\/eldigitaldeasturias.com\\\/magazine365#listItem\",\"position\":1,\"name\":\"Home\",\"item\":\"https:\\\/\\\/eldigitaldeasturias.com\\\/magazine365\",\"nextItem\":{\"@type\":\"ListItem\",\"@id\":\"https:\\\/\\\/eldigitaldeasturias.com\\\/magazine365\\\/category\\\/noticias-actualidad\\\/#listItem\",\"name\":\"Noticias y Actualidad\"}},{\"@type\":\"ListItem\",\"@id\":\"https:\\\/\\\/eldigitaldeasturias.com\\\/magazine365\\\/category\\\/noticias-actualidad\\\/#listItem\",\"position\":2,\"name\":\"Noticias y Actualidad\",\"item\":\"https:\\\/\\\/eldigitaldeasturias.com\\\/magazine365\\\/category\\\/noticias-actualidad\\\/\",\"nextItem\":{\"@type\":\"ListItem\",\"@id\":\"https:\\\/\\\/eldigitaldeasturias.com\\\/magazine365\\\/la-playa-de-palma-contara-con-3-700-nuevas-plazas-hoteleras\\\/#listItem\",\"name\":\"La Playa de Palma contar\\u00e1 con 3.700 nuevas plazas hoteleras\"},\"previousItem\":{\"@type\":\"ListItem\",\"@id\":\"https:\\\/\\\/eldigitaldeasturias.com\\\/magazine365#listItem\",\"name\":\"Home\"}},{\"@type\":\"ListItem\",\"@id\":\"https:\\\/\\\/eldigitaldeasturias.com\\\/magazine365\\\/la-playa-de-palma-contara-con-3-700-nuevas-plazas-hoteleras\\\/#listItem\",\"position\":3,\"name\":\"La Playa de Palma contar\\u00e1 con 3.700 nuevas plazas hoteleras\",\"previousItem\":{\"@type\":\"ListItem\",\"@id\":\"https:\\\/\\\/eldigitaldeasturias.com\\\/magazine365\\\/category\\\/noticias-actualidad\\\/#listItem\",\"name\":\"Noticias y Actualidad\"}}]},{\"@type\":\"Organization\",\"@id\":\"https:\\\/\\\/eldigitaldeasturias.com\\\/magazine365\\\/#organization\",\"name\":\"El digital de Asturias\",\"description\":\"Revista de ocio, turismo y estilo de vida\",\"url\":\"https:\\\/\\\/eldigitaldeasturias.com\\\/magazine365\\\/\",\"logo\":{\"@type\":\"ImageObject\",\"url\":\"https:\\\/\\\/www.eldigitaldeasturias.com\\\/noticias\\\/wp-content\\\/uploads\\\/2020\\\/12\\\/EDA.jpg\",\"@id\":\"https:\\\/\\\/eldigitaldeasturias.com\\\/magazine365\\\/la-playa-de-palma-contara-con-3-700-nuevas-plazas-hoteleras\\\/#organizationLogo\"},\"image\":{\"@id\":\"https:\\\/\\\/eldigitaldeasturias.com\\\/magazine365\\\/la-playa-de-palma-contara-con-3-700-nuevas-plazas-hoteleras\\\/#organizationLogo\"}},{\"@type\":\"Person\",\"@id\":\"https:\\\/\\\/eldigitaldeasturias.com\\\/magazine365\\\/author\\\/admin\\\/#author\",\"url\":\"https:\\\/\\\/eldigitaldeasturias.com\\\/magazine365\\\/author\\\/admin\\\/\",\"name\":\"admin\",\"image\":{\"@type\":\"ImageObject\",\"@id\":\"https:\\\/\\\/eldigitaldeasturias.com\\\/magazine365\\\/la-playa-de-palma-contara-con-3-700-nuevas-plazas-hoteleras\\\/#authorImage\",\"url\":\"https:\\\/\\\/eldigitaldeasturias.com\\\/magazine365\\\/wp-content\\\/litespeed\\\/avatar\\\/e571bcf59a0edd6fa6838245a470f2fe.jpg?ver=1776969259\",\"width\":96,\"height\":96,\"caption\":\"admin\"}},{\"@type\":\"WebPage\",\"@id\":\"https:\\\/\\\/eldigitaldeasturias.com\\\/magazine365\\\/la-playa-de-palma-contara-con-3-700-nuevas-plazas-hoteleras\\\/#webpage\",\"url\":\"https:\\\/\\\/eldigitaldeasturias.com\\\/magazine365\\\/la-playa-de-palma-contara-con-3-700-nuevas-plazas-hoteleras\\\/\",\"name\":\"La Playa de Palma contar\\u00e1 con 3.700 nuevas plazas hoteleras | El Digital de Asturias\",\"description\":\"La Playa de Palma dispondr\\u00e1 entre este verano y el a\\u00f1o que viene de 3.700 plazas hoteleras nuevas provenientes tanto de establecimientos nuevos, como de hoteles que han aumentado su oferta de habitaciones. As\\u00ed ha informado este martes el teniente de alcalde de Modelo de Ciudad, Urbanismo y Vivienda Digna, Antoni Noguera, quien ha asegurado\",\"inLanguage\":\"es-ES\",\"isPartOf\":{\"@id\":\"https:\\\/\\\/eldigitaldeasturias.com\\\/magazine365\\\/#website\"},\"breadcrumb\":{\"@id\":\"https:\\\/\\\/eldigitaldeasturias.com\\\/magazine365\\\/la-playa-de-palma-contara-con-3-700-nuevas-plazas-hoteleras\\\/#breadcrumblist\"},\"author\":{\"@id\":\"https:\\\/\\\/eldigitaldeasturias.com\\\/magazine365\\\/author\\\/admin\\\/#author\"},\"creator\":{\"@id\":\"https:\\\/\\\/eldigitaldeasturias.com\\\/magazine365\\\/author\\\/admin\\\/#author\"},\"image\":{\"@type\":\"ImageObject\",\"url\":\"https:\\\/\\\/eldigitaldeasturias.com\\\/magazine365\\\/wp-content\\\/uploads\\\/2016\\\/01\\\/fotonoticia_20160126165837_800.jpg\",\"@id\":\"https:\\\/\\\/eldigitaldeasturias.com\\\/magazine365\\\/la-playa-de-palma-contara-con-3-700-nuevas-plazas-hoteleras\\\/#mainImage\",\"width\":800,\"height\":450},\"primaryImageOfPage\":{\"@id\":\"https:\\\/\\\/eldigitaldeasturias.com\\\/magazine365\\\/la-playa-de-palma-contara-con-3-700-nuevas-plazas-hoteleras\\\/#mainImage\"},\"datePublished\":\"2016-01-30T02:59:12+01:00\",\"dateModified\":\"2016-01-30T02:59:12+01:00\"},{\"@type\":\"WebSite\",\"@id\":\"https:\\\/\\\/eldigitaldeasturias.com\\\/magazine365\\\/#website\",\"url\":\"https:\\\/\\\/eldigitaldeasturias.com\\\/magazine365\\\/\",\"name\":\"El Digital de Asturias\",\"description\":\"Revista de ocio, turismo y estilo de vida\",\"inLanguage\":\"es-ES\",\"publisher\":{\"@id\":\"https:\\\/\\\/eldigitaldeasturias.com\\\/magazine365\\\/#organization\"}}]}\n\t\t<\/script>\n\t\t<!-- All in One SEO Pro -->\r\n\t\t<title>La Playa de Palma contar\u00e1 con 3.700 nuevas plazas hoteleras | El Digital de Asturias<\/title>\n\n","aioseo_head_json":{"title":"La Playa de Palma contar\u00e1 con 3.700 nuevas plazas hoteleras | El Digital de Asturias","description":"La Playa de Palma dispondr\u00e1 entre este verano y el a\u00f1o que viene de 3.700 plazas hoteleras nuevas provenientes tanto de establecimientos nuevos, como de hoteles que han aumentado su oferta de habitaciones. As\u00ed ha informado este martes el teniente de alcalde de Modelo de Ciudad, Urbanismo y Vivienda Digna, Antoni Noguera, quien ha asegurado","canonical_url":"https:\/\/eldigitaldeasturias.com\/magazine365\/la-playa-de-palma-contara-con-3-700-nuevas-plazas-hoteleras\/","robots":"max-image-preview:large","keywords":"noticias y actualidad","webmasterTools":{"google-site-verification":"UA-38556648-1","miscellaneous":""},"schema":{"@context":"https:\/\/schema.org","@graph":[{"@type":"Article","@id":"https:\/\/eldigitaldeasturias.com\/magazine365\/la-playa-de-palma-contara-con-3-700-nuevas-plazas-hoteleras\/#article","name":"La Playa de Palma contar\u00e1 con 3.700 nuevas plazas hoteleras | El Digital de Asturias","headline":"La Playa de Palma contar\u00e1 con 3.700 nuevas plazas hoteleras","author":{"@id":"https:\/\/eldigitaldeasturias.com\/magazine365\/author\/admin\/#author"},"publisher":{"@id":"https:\/\/eldigitaldeasturias.com\/magazine365\/#organization"},"image":{"@type":"ImageObject","url":"https:\/\/eldigitaldeasturias.com\/magazine365\/wp-content\/uploads\/2016\/01\/fotonoticia_20160126165837_800.jpg","width":800,"height":450},"datePublished":"2016-01-30T02:59:12+01:00","dateModified":"2016-01-30T02:59:12+01:00","inLanguage":"es-ES","mainEntityOfPage":{"@id":"https:\/\/eldigitaldeasturias.com\/magazine365\/la-playa-de-palma-contara-con-3-700-nuevas-plazas-hoteleras\/#webpage"},"isPartOf":{"@id":"https:\/\/eldigitaldeasturias.com\/magazine365\/la-playa-de-palma-contara-con-3-700-nuevas-plazas-hoteleras\/#webpage"},"articleSection":"Noticias y Actualidad"},{"@type":"BreadcrumbList","@id":"https:\/\/eldigitaldeasturias.com\/magazine365\/la-playa-de-palma-contara-con-3-700-nuevas-plazas-hoteleras\/#breadcrumblist","itemListElement":[{"@type":"ListItem","@id":"https:\/\/eldigitaldeasturias.com\/magazine365#listItem","position":1,"name":"Home","item":"https:\/\/eldigitaldeasturias.com\/magazine365","nextItem":{"@type":"ListItem","@id":"https:\/\/eldigitaldeasturias.com\/magazine365\/category\/noticias-actualidad\/#listItem","name":"Noticias y Actualidad"}},{"@type":"ListItem","@id":"https:\/\/eldigitaldeasturias.com\/magazine365\/category\/noticias-actualidad\/#listItem","position":2,"name":"Noticias y Actualidad","item":"https:\/\/eldigitaldeasturias.com\/magazine365\/category\/noticias-actualidad\/","nextItem":{"@type":"ListItem","@id":"https:\/\/eldigitaldeasturias.com\/magazine365\/la-playa-de-palma-contara-con-3-700-nuevas-plazas-hoteleras\/#listItem","name":"La Playa de Palma contar\u00e1 con 3.700 nuevas plazas hoteleras"},"previousItem":{"@type":"ListItem","@id":"https:\/\/eldigitaldeasturias.com\/magazine365#listItem","name":"Home"}},{"@type":"ListItem","@id":"https:\/\/eldigitaldeasturias.com\/magazine365\/la-playa-de-palma-contara-con-3-700-nuevas-plazas-hoteleras\/#listItem","position":3,"name":"La Playa de Palma contar\u00e1 con 3.700 nuevas plazas hoteleras","previousItem":{"@type":"ListItem","@id":"https:\/\/eldigitaldeasturias.com\/magazine365\/category\/noticias-actualidad\/#listItem","name":"Noticias y Actualidad"}}]},{"@type":"Organization","@id":"https:\/\/eldigitaldeasturias.com\/magazine365\/#organization","name":"El digital de Asturias","description":"Revista de ocio, turismo y estilo de vida","url":"https:\/\/eldigitaldeasturias.com\/magazine365\/","logo":{"@type":"ImageObject","url":"https:\/\/www.eldigitaldeasturias.com\/noticias\/wp-content\/uploads\/2020\/12\/EDA.jpg","@id":"https:\/\/eldigitaldeasturias.com\/magazine365\/la-playa-de-palma-contara-con-3-700-nuevas-plazas-hoteleras\/#organizationLogo"},"image":{"@id":"https:\/\/eldigitaldeasturias.com\/magazine365\/la-playa-de-palma-contara-con-3-700-nuevas-plazas-hoteleras\/#organizationLogo"}},{"@type":"Person","@id":"https:\/\/eldigitaldeasturias.com\/magazine365\/author\/admin\/#author","url":"https:\/\/eldigitaldeasturias.com\/magazine365\/author\/admin\/","name":"admin","image":{"@type":"ImageObject","@id":"https:\/\/eldigitaldeasturias.com\/magazine365\/la-playa-de-palma-contara-con-3-700-nuevas-plazas-hoteleras\/#authorImage","url":"https:\/\/eldigitaldeasturias.com\/magazine365\/wp-content\/litespeed\/avatar\/e571bcf59a0edd6fa6838245a470f2fe.jpg?ver=1776969259","width":96,"height":96,"caption":"admin"}},{"@type":"WebPage","@id":"https:\/\/eldigitaldeasturias.com\/magazine365\/la-playa-de-palma-contara-con-3-700-nuevas-plazas-hoteleras\/#webpage","url":"https:\/\/eldigitaldeasturias.com\/magazine365\/la-playa-de-palma-contara-con-3-700-nuevas-plazas-hoteleras\/","name":"La Playa de Palma contar\u00e1 con 3.700 nuevas plazas hoteleras | El Digital de Asturias","description":"La Playa de Palma dispondr\u00e1 entre este verano y el a\u00f1o que viene de 3.700 plazas hoteleras nuevas provenientes tanto de establecimientos nuevos, como de hoteles que han aumentado su oferta de habitaciones. As\u00ed ha informado este martes el teniente de alcalde de Modelo de Ciudad, Urbanismo y Vivienda Digna, Antoni Noguera, quien ha asegurado","inLanguage":"es-ES","isPartOf":{"@id":"https:\/\/eldigitaldeasturias.com\/magazine365\/#website"},"breadcrumb":{"@id":"https:\/\/eldigitaldeasturias.com\/magazine365\/la-playa-de-palma-contara-con-3-700-nuevas-plazas-hoteleras\/#breadcrumblist"},"author":{"@id":"https:\/\/eldigitaldeasturias.com\/magazine365\/author\/admin\/#author"},"creator":{"@id":"https:\/\/eldigitaldeasturias.com\/magazine365\/author\/admin\/#author"},"image":{"@type":"ImageObject","url":"https:\/\/eldigitaldeasturias.com\/magazine365\/wp-content\/uploads\/2016\/01\/fotonoticia_20160126165837_800.jpg","@id":"https:\/\/eldigitaldeasturias.com\/magazine365\/la-playa-de-palma-contara-con-3-700-nuevas-plazas-hoteleras\/#mainImage","width":800,"height":450},"primaryImageOfPage":{"@id":"https:\/\/eldigitaldeasturias.com\/magazine365\/la-playa-de-palma-contara-con-3-700-nuevas-plazas-hoteleras\/#mainImage"},"datePublished":"2016-01-30T02:59:12+01:00","dateModified":"2016-01-30T02:59:12+01:00"},{"@type":"WebSite","@id":"https:\/\/eldigitaldeasturias.com\/magazine365\/#website","url":"https:\/\/eldigitaldeasturias.com\/magazine365\/","name":"El Digital de Asturias","description":"Revista de ocio, turismo y estilo de vida","inLanguage":"es-ES","publisher":{"@id":"https:\/\/eldigitaldeasturias.com\/magazine365\/#organization"}}]},"og:locale":"es_ES","og:site_name":"El Digital de Asturias \u2013 Revista de ocio, turismo y estilo de vida","og:type":"article","og:title":"La Playa de Palma contar\u00e1 con 3.700 nuevas plazas hoteleras | El Digital de Asturias","og:description":"La Playa de Palma dispondr\u00e1 entre este verano y el a\u00f1o que viene de 3.700 plazas hoteleras nuevas provenientes tanto de establecimientos nuevos, como de hoteles que han aumentado su oferta de habitaciones. As\u00ed ha informado este martes el teniente de alcalde de Modelo de Ciudad, Urbanismo y Vivienda Digna, Antoni Noguera, quien ha asegurado","og:url":"https:\/\/eldigitaldeasturias.com\/magazine365\/la-playa-de-palma-contara-con-3-700-nuevas-plazas-hoteleras\/","og:image":"https:\/\/eldigitaldeasturias.com\/magazine365\/wp-content\/uploads\/2016\/01\/fotonoticia_20160126165837_800.jpg","og:image:secure_url":"https:\/\/eldigitaldeasturias.com\/magazine365\/wp-content\/uploads\/2016\/01\/fotonoticia_20160126165837_800.jpg","og:image:width":800,"og:image:height":450,"article:published_time":"2016-01-30T01:59:12+00:00","article:modified_time":"2016-01-30T01:59:12+00:00","twitter:card":"summary_large_image","twitter:title":"La Playa de Palma contar\u00e1 con 3.700 nuevas plazas hoteleras | El Digital de Asturias","twitter:description":"La Playa de Palma dispondr\u00e1 entre este verano y el a\u00f1o que viene de 3.700 plazas hoteleras nuevas provenientes tanto de establecimientos nuevos, como de hoteles que han aumentado su oferta de habitaciones. As\u00ed ha informado este martes el teniente de alcalde de Modelo de Ciudad, Urbanismo y Vivienda Digna, Antoni Noguera, quien ha asegurado","twitter:image":"https:\/\/eldigitaldeasturias.com\/magazine365\/wp-content\/uploads\/2016\/01\/fotonoticia_20160126165837_800.jpg"},"aioseo_meta_data":{"post_id":"62241","title":null,"description":null,"keywords":null,"keyphrases":null,"primary_term":null,"canonical_url":null,"og_title":null,"og_description":null,"og_object_type":"default","og_image_type":"default","og_image_url":null,"og_image_width":null,"og_image_height":null,"og_image_custom_url":null,"og_image_custom_fields":null,"og_video":null,"og_custom_url":null,"og_article_section":null,"og_article_tags":null,"twitter_use_og":false,"twitter_card":"default","twitter_image_type":"default","twitter_image_url":null,"twitter_image_custom_url":null,"twitter_image_custom_fields":null,"twitter_title":null,"twitter_description":null,"schema":{"blockGraphs":[],"customGraphs":[],"default":{"data":{"Article":[],"Course":[],"Dataset":[],"FAQPage":[],"Movie":[],"Person":[],"Product":[],"ProductReview":[],"Car":[],"Recipe":[],"Service":[],"SoftwareApplication":[],"WebPage":[]},"graphName":"","isEnabled":true},"graphs":[],"defaultGraph":"","defaultPostTypeGraph":""},"schema_type":null,"schema_type_options":null,"pillar_content":false,"robots_default":true,"robots_noindex":false,"robots_noarchive":false,"robots_nosnippet":false,"robots_nofollow":false,"robots_noimageindex":false,"robots_noodp":false,"robots_notranslate":false,"robots_max_snippet":null,"robots_max_videopreview":null,"robots_max_imagepreview":"large","priority":null,"frequency":null,"location":null,"local_seo":null,"seo_analyzer_scan_date":"2025-09-25 10:42:41","breadcrumb_settings":null,"limit_modified_date":false,"open_ai":null,"ai":null,"created":"2021-03-08 21:39:43","updated":"2025-09-25 10:42:41"},"aioseo_breadcrumb":"<div class=\"aioseo-breadcrumbs\"><span class=\"aioseo-breadcrumb\">\n\t<a href=\"https:\/\/eldigitaldeasturias.com\/magazine365\" title=\"Home\">Home<\/a>\n<\/span><span class=\"aioseo-breadcrumb-separator\">\u2013<\/span><span class=\"aioseo-breadcrumb\">\n\t<a href=\"https:\/\/eldigitaldeasturias.com\/magazine365\/category\/noticias-actualidad\/\" title=\"Noticias y Actualidad\">Noticias y Actualidad<\/a>\n<\/span><span class=\"aioseo-breadcrumb-separator\">\u2013<\/span><span class=\"aioseo-breadcrumb\">\n\t<a href=\"https:\/\/eldigitaldeasturias.com\/magazine365\/la-playa-de-palma-contara-con-3-700-nuevas-plazas-hoteleras\/\" title=\"La Playa de Palma contar\u00e1 con 3.700 nuevas plazas hoteleras\">La Playa de Palma contar\u00e1 con 3.700 nuevas plazas hoteleras<\/a>\n<\/span><\/div>","aioseo_breadcrumb_json":[{"label":"Home","link":"https:\/\/eldigitaldeasturias.com\/magazine365"},{"label":"Noticias y Actualidad","link":"https:\/\/eldigitaldeasturias.com\/magazine365\/category\/noticias-actualidad\/"},{"label":"La Playa de Palma contar\u00e1 con 3.700 nuevas plazas hoteleras","link":"https:\/\/eldigitaldeasturias.com\/magazine365\/la-playa-de-palma-contara-con-3-700-nuevas-plazas-hoteleras\/"}],"_links":{"self":[{"href":"https:\/\/eldigitaldeasturias.com\/magazine365\/wp-json\/wp\/v2\/posts\/62241","targetHints":{"allow":["GET"]}}],"collection":[{"href":"https:\/\/eldigitaldeasturias.com\/magazine365\/wp-json\/wp\/v2\/posts"}],"about":[{"href":"https:\/\/eldigitaldeasturias.com\/magazine365\/wp-json\/wp\/v2\/types\/post"}],"author":[{"embeddable":true,"href":"https:\/\/eldigitaldeasturias.com\/magazine365\/wp-json\/wp\/v2\/users\/1"}],"replies":[{"embeddable":true,"href":"https:\/\/eldigitaldeasturias.com\/magazine365\/wp-json\/wp\/v2\/comments?post=62241"}],"version-history":[{"count":0,"href":"https:\/\/eldigitaldeasturias.com\/magazine365\/wp-json\/wp\/v2\/posts\/62241\/revisions"}],"wp:featuredmedia":[{"embeddable":true,"href":"https:\/\/eldigitaldeasturias.com\/magazine365\/wp-json\/wp\/v2\/media\/62242"}],"wp:attachment":[{"href":"https:\/\/eldigitaldeasturias.com\/magazine365\/wp-json\/wp\/v2\/media?parent=62241"}],"wp:term":[{"taxonomy":"category","embeddable":true,"href":"https:\/\/eldigitaldeasturias.com\/magazine365\/wp-json\/wp\/v2\/categories?post=62241"},{"taxonomy":"post_tag","embeddable":true,"href":"https:\/\/eldigitaldeasturias.com\/magazine365\/wp-json\/wp\/v2\/tags?post=62241"}],"curies":[{"name":"wp","href":"https:\/\/api.w.org\/{rel}","templated":true}]}}