{"id":62238,"date":"2016-01-30T02:58:05","date_gmt":"2016-01-30T01:58:05","guid":{"rendered":"http:\/\/eldigitaldeasturias.com\/magazine365\/?p=62238"},"modified":"2016-01-30T02:58:05","modified_gmt":"2016-01-30T01:58:05","slug":"air-europa-fija-tarifas-especiales-para-los-vuelos-profesionales-de-los-asociados-a-la-caeb","status":"publish","type":"post","link":"https:\/\/eldigitaldeasturias.com\/magazine365\/air-europa-fija-tarifas-especiales-para-los-vuelos-profesionales-de-los-asociados-a-la-caeb\/","title":{"rendered":"Air Europa fija tarifas especiales para los vuelos profesionales de los asociados a la CAEB"},"content":{"rendered":"<p><img fetchpriority=\"high\" decoding=\"async\" class=\"alignleft size-medium wp-image-62239\" src=\"https:\/\/eldigitaldeasturias.com\/magazine365\/wp-content\/uploads\/2016\/01\/fotonoticia_20160126165449_800-360x264.jpg\" alt=\"fotonoticia_20160126165449_800\" width=\"360\" height=\"264\" srcset=\"https:\/\/eldigitaldeasturias.com\/magazine365\/wp-content\/uploads\/2016\/01\/fotonoticia_20160126165449_800-360x264.jpg 360w, https:\/\/eldigitaldeasturias.com\/magazine365\/wp-content\/uploads\/2016\/01\/fotonoticia_20160126165449_800-650x476.jpg 650w, https:\/\/eldigitaldeasturias.com\/magazine365\/wp-content\/uploads\/2016\/01\/fotonoticia_20160126165449_800-768x563.jpg 768w, https:\/\/eldigitaldeasturias.com\/magazine365\/wp-content\/uploads\/2016\/01\/fotonoticia_20160126165449_800-150x110.jpg 150w, https:\/\/eldigitaldeasturias.com\/magazine365\/wp-content\/uploads\/2016\/01\/fotonoticia_20160126165449_800-450x330.jpg 450w, https:\/\/eldigitaldeasturias.com\/magazine365\/wp-content\/uploads\/2016\/01\/fotonoticia_20160126165449_800-80x60.jpg 80w, https:\/\/eldigitaldeasturias.com\/magazine365\/wp-content\/uploads\/2016\/01\/fotonoticia_20160126165449_800-696x510.jpg 696w, https:\/\/eldigitaldeasturias.com\/magazine365\/wp-content\/uploads\/2016\/01\/fotonoticia_20160126165449_800-573x420.jpg 573w, https:\/\/eldigitaldeasturias.com\/magazine365\/wp-content\/uploads\/2016\/01\/fotonoticia_20160126165449_800-90x67.jpg 90w, https:\/\/eldigitaldeasturias.com\/magazine365\/wp-content\/uploads\/2016\/01\/fotonoticia_20160126165449_800.jpg 800w\" sizes=\"(max-width: 360px) 100vw, 360px\" \/>La compa\u00f1\u00eda Air Europa ser\u00e1 el proveedor preferente de servicios a\u00e9reos para los desplazamientos de la Confederaci\u00f3n de Asociaciones Empresariales de Baleares (CAEB) y ofrecer\u00e1 tarifas especiales en rutas, con origen Espa\u00f1a, a favor de todos los asociados de CAEB.<\/p>\n<p>Estas ventajas son fruto del acuerdo de colaboraci\u00f3n firmado este martes entre la directora general de Air Europa, Mar\u00eda Jos\u00e9 Hidalgo, y la presidenta de la CAEB, Carmen Planas, y se hacen extensibles a las rutas operadas por la aerol\u00ednea, tanto nacional, europea o larga distancia, y siempre que se refieran a vuelos de car\u00e1cter profesional por parte del personal de las empresas asociadas.<\/p>\n<p>Tras la firma del acuerdo, tanto la directora general de Air Europa como la presidenta de CAEB han mostrado su satisfacci\u00f3n y han destacado que dicho convenio reporta destacados beneficios a ambas partes.<\/p>\n<p>Seg\u00fan ha dicho Hidalgo, \u00abpara Air Europa es todo un orgullo poder ofrecer cobertura a\u00e9rea al tejido empresarial de Baleares\u00bb. Mientras, Planas ha subrayado \u00abel beneficio econ\u00f3mico directo que supone este acuerdo para los asociados a CAEB en sus desplazamientos profesionales\u00bb.<\/p>\n<p>Tanto el acuerdo como la vigencia de las tarifas establecidas se prolongar\u00e1n, por conformidad de ambas partes, hasta el pr\u00f3ximo 31 de diciembre.<\/p>\n","protected":false},"excerpt":{"rendered":"<p>La compa\u00f1\u00eda Air Europa ser\u00e1 el proveedor preferente de servicios a\u00e9reos para los desplazamientos de la Confederaci\u00f3n de Asociaciones Empresariales de Baleares (CAEB) y ofrecer\u00e1 tarifas especiales en rutas, con origen Espa\u00f1a, a favor de todos los asociados de CAEB. Estas ventajas son fruto del acuerdo de colaboraci\u00f3n firmado este martes entre la directora general<\/p>\n","protected":false},"author":1,"featured_media":62239,"comment_status":"open","ping_status":"closed","sticky":false,"template":"","format":"standard","meta":{"footnotes":""},"categories":[224],"tags":[],"class_list":{"0":"post-62238","1":"post","2":"type-post","3":"status-publish","4":"format-standard","5":"has-post-thumbnail","7":"category-noticias-actualidad"},"aioseo_notices":[],"aioseo_head":"\n\t\t<!-- All in One SEO Pro 4.9.6.1 - aioseo.com -->\n\t<meta name=\"description\" content=\"La compa\u00f1\u00eda Air Europa ser\u00e1 el proveedor preferente de servicios a\u00e9reos para los desplazamientos de la Confederaci\u00f3n de Asociaciones Empresariales de Baleares (CAEB) y ofrecer\u00e1 tarifas especiales en rutas, con origen Espa\u00f1a, a favor de todos los asociados de CAEB. Estas ventajas son fruto del acuerdo de colaboraci\u00f3n firmado este martes entre la directora general\" \/>\n\t<meta name=\"robots\" content=\"max-image-preview:large\" \/>\n\t<meta name=\"author\" content=\"admin\"\/>\n\t<meta name=\"google-site-verification\" content=\"UA-38556648-1\" \/>\n\t<meta name=\"keywords\" content=\"noticias y actualidad\" \/>\n\t<link rel=\"canonical\" href=\"https:\/\/eldigitaldeasturias.com\/magazine365\/air-europa-fija-tarifas-especiales-para-los-vuelos-profesionales-de-los-asociados-a-la-caeb\/\" \/>\n\t<meta name=\"generator\" content=\"All in One SEO Pro (AIOSEO) 4.9.6.1\" \/>\n\t\t<meta property=\"og:locale\" content=\"es_ES\" \/>\n\t\t<meta property=\"og:site_name\" content=\"El Digital de Asturias \u2013 Revista de ocio, turismo y estilo de vida\" \/>\n\t\t<meta property=\"og:type\" content=\"article\" \/>\n\t\t<meta property=\"og:title\" content=\"Air Europa fija tarifas especiales para los vuelos profesionales de los asociados a la CAEB | El Digital de Asturias\" \/>\n\t\t<meta property=\"og:description\" content=\"La compa\u00f1\u00eda Air Europa ser\u00e1 el proveedor preferente de servicios a\u00e9reos para los desplazamientos de la Confederaci\u00f3n de Asociaciones Empresariales de Baleares (CAEB) y ofrecer\u00e1 tarifas especiales en rutas, con origen Espa\u00f1a, a favor de todos los asociados de CAEB. Estas ventajas son fruto del acuerdo de colaboraci\u00f3n firmado este martes entre la directora general\" \/>\n\t\t<meta property=\"og:url\" content=\"https:\/\/eldigitaldeasturias.com\/magazine365\/air-europa-fija-tarifas-especiales-para-los-vuelos-profesionales-de-los-asociados-a-la-caeb\/\" \/>\n\t\t<meta property=\"og:image\" content=\"https:\/\/eldigitaldeasturias.com\/magazine365\/wp-content\/uploads\/2016\/01\/fotonoticia_20160126165449_800.jpg\" \/>\n\t\t<meta property=\"og:image:secure_url\" content=\"https:\/\/eldigitaldeasturias.com\/magazine365\/wp-content\/uploads\/2016\/01\/fotonoticia_20160126165449_800.jpg\" \/>\n\t\t<meta property=\"og:image:width\" content=\"800\" \/>\n\t\t<meta property=\"og:image:height\" content=\"586\" \/>\n\t\t<meta property=\"article:published_time\" content=\"2016-01-30T01:58:05+00:00\" \/>\n\t\t<meta property=\"article:modified_time\" content=\"2016-01-30T01:58:05+00:00\" \/>\n\t\t<meta name=\"twitter:card\" content=\"summary_large_image\" \/>\n\t\t<meta name=\"twitter:title\" content=\"Air Europa fija tarifas especiales para los vuelos profesionales de los asociados a la CAEB | El Digital de Asturias\" \/>\n\t\t<meta name=\"twitter:description\" content=\"La compa\u00f1\u00eda Air Europa ser\u00e1 el proveedor preferente de servicios a\u00e9reos para los desplazamientos de la Confederaci\u00f3n de Asociaciones Empresariales de Baleares (CAEB) y ofrecer\u00e1 tarifas especiales en rutas, con origen Espa\u00f1a, a favor de todos los asociados de CAEB. Estas ventajas son fruto del acuerdo de colaboraci\u00f3n firmado este martes entre la directora general\" \/>\n\t\t<meta name=\"twitter:image\" content=\"https:\/\/eldigitaldeasturias.com\/magazine365\/wp-content\/uploads\/2016\/01\/fotonoticia_20160126165449_800.jpg\" \/>\n\t\t<script type=\"application\/ld+json\" class=\"aioseo-schema\">\n\t\t\t{\"@context\":\"https:\\\/\\\/schema.org\",\"@graph\":[{\"@type\":\"Article\",\"@id\":\"https:\\\/\\\/eldigitaldeasturias.com\\\/magazine365\\\/air-europa-fija-tarifas-especiales-para-los-vuelos-profesionales-de-los-asociados-a-la-caeb\\\/#article\",\"name\":\"Air Europa fija tarifas especiales para los vuelos profesionales de los asociados a la CAEB | El Digital de Asturias\",\"headline\":\"Air Europa fija tarifas especiales para los vuelos profesionales de los asociados a la CAEB\",\"author\":{\"@id\":\"https:\\\/\\\/eldigitaldeasturias.com\\\/magazine365\\\/author\\\/admin\\\/#author\"},\"publisher\":{\"@id\":\"https:\\\/\\\/eldigitaldeasturias.com\\\/magazine365\\\/#organization\"},\"image\":{\"@type\":\"ImageObject\",\"url\":\"https:\\\/\\\/eldigitaldeasturias.com\\\/magazine365\\\/wp-content\\\/uploads\\\/2016\\\/01\\\/fotonoticia_20160126165449_800.jpg\",\"width\":800,\"height\":586},\"datePublished\":\"2016-01-30T02:58:05+01:00\",\"dateModified\":\"2016-01-30T02:58:05+01:00\",\"inLanguage\":\"es-ES\",\"mainEntityOfPage\":{\"@id\":\"https:\\\/\\\/eldigitaldeasturias.com\\\/magazine365\\\/air-europa-fija-tarifas-especiales-para-los-vuelos-profesionales-de-los-asociados-a-la-caeb\\\/#webpage\"},\"isPartOf\":{\"@id\":\"https:\\\/\\\/eldigitaldeasturias.com\\\/magazine365\\\/air-europa-fija-tarifas-especiales-para-los-vuelos-profesionales-de-los-asociados-a-la-caeb\\\/#webpage\"},\"articleSection\":\"Noticias y Actualidad\"},{\"@type\":\"BreadcrumbList\",\"@id\":\"https:\\\/\\\/eldigitaldeasturias.com\\\/magazine365\\\/air-europa-fija-tarifas-especiales-para-los-vuelos-profesionales-de-los-asociados-a-la-caeb\\\/#breadcrumblist\",\"itemListElement\":[{\"@type\":\"ListItem\",\"@id\":\"https:\\\/\\\/eldigitaldeasturias.com\\\/magazine365#listItem\",\"position\":1,\"name\":\"Home\",\"item\":\"https:\\\/\\\/eldigitaldeasturias.com\\\/magazine365\",\"nextItem\":{\"@type\":\"ListItem\",\"@id\":\"https:\\\/\\\/eldigitaldeasturias.com\\\/magazine365\\\/category\\\/noticias-actualidad\\\/#listItem\",\"name\":\"Noticias y Actualidad\"}},{\"@type\":\"ListItem\",\"@id\":\"https:\\\/\\\/eldigitaldeasturias.com\\\/magazine365\\\/category\\\/noticias-actualidad\\\/#listItem\",\"position\":2,\"name\":\"Noticias y Actualidad\",\"item\":\"https:\\\/\\\/eldigitaldeasturias.com\\\/magazine365\\\/category\\\/noticias-actualidad\\\/\",\"nextItem\":{\"@type\":\"ListItem\",\"@id\":\"https:\\\/\\\/eldigitaldeasturias.com\\\/magazine365\\\/air-europa-fija-tarifas-especiales-para-los-vuelos-profesionales-de-los-asociados-a-la-caeb\\\/#listItem\",\"name\":\"Air Europa fija tarifas especiales para los vuelos profesionales de los asociados a la CAEB\"},\"previousItem\":{\"@type\":\"ListItem\",\"@id\":\"https:\\\/\\\/eldigitaldeasturias.com\\\/magazine365#listItem\",\"name\":\"Home\"}},{\"@type\":\"ListItem\",\"@id\":\"https:\\\/\\\/eldigitaldeasturias.com\\\/magazine365\\\/air-europa-fija-tarifas-especiales-para-los-vuelos-profesionales-de-los-asociados-a-la-caeb\\\/#listItem\",\"position\":3,\"name\":\"Air Europa fija tarifas especiales para los vuelos profesionales de los asociados a la CAEB\",\"previousItem\":{\"@type\":\"ListItem\",\"@id\":\"https:\\\/\\\/eldigitaldeasturias.com\\\/magazine365\\\/category\\\/noticias-actualidad\\\/#listItem\",\"name\":\"Noticias y Actualidad\"}}]},{\"@type\":\"Organization\",\"@id\":\"https:\\\/\\\/eldigitaldeasturias.com\\\/magazine365\\\/#organization\",\"name\":\"El digital de Asturias\",\"description\":\"Revista de ocio, turismo y estilo de vida\",\"url\":\"https:\\\/\\\/eldigitaldeasturias.com\\\/magazine365\\\/\",\"logo\":{\"@type\":\"ImageObject\",\"url\":\"https:\\\/\\\/www.eldigitaldeasturias.com\\\/noticias\\\/wp-content\\\/uploads\\\/2020\\\/12\\\/EDA.jpg\",\"@id\":\"https:\\\/\\\/eldigitaldeasturias.com\\\/magazine365\\\/air-europa-fija-tarifas-especiales-para-los-vuelos-profesionales-de-los-asociados-a-la-caeb\\\/#organizationLogo\"},\"image\":{\"@id\":\"https:\\\/\\\/eldigitaldeasturias.com\\\/magazine365\\\/air-europa-fija-tarifas-especiales-para-los-vuelos-profesionales-de-los-asociados-a-la-caeb\\\/#organizationLogo\"}},{\"@type\":\"Person\",\"@id\":\"https:\\\/\\\/eldigitaldeasturias.com\\\/magazine365\\\/author\\\/admin\\\/#author\",\"url\":\"https:\\\/\\\/eldigitaldeasturias.com\\\/magazine365\\\/author\\\/admin\\\/\",\"name\":\"admin\",\"image\":{\"@type\":\"ImageObject\",\"@id\":\"https:\\\/\\\/eldigitaldeasturias.com\\\/magazine365\\\/air-europa-fija-tarifas-especiales-para-los-vuelos-profesionales-de-los-asociados-a-la-caeb\\\/#authorImage\",\"url\":\"https:\\\/\\\/eldigitaldeasturias.com\\\/magazine365\\\/wp-content\\\/litespeed\\\/avatar\\\/e571bcf59a0edd6fa6838245a470f2fe.jpg?ver=1776969259\",\"width\":96,\"height\":96,\"caption\":\"admin\"}},{\"@type\":\"WebPage\",\"@id\":\"https:\\\/\\\/eldigitaldeasturias.com\\\/magazine365\\\/air-europa-fija-tarifas-especiales-para-los-vuelos-profesionales-de-los-asociados-a-la-caeb\\\/#webpage\",\"url\":\"https:\\\/\\\/eldigitaldeasturias.com\\\/magazine365\\\/air-europa-fija-tarifas-especiales-para-los-vuelos-profesionales-de-los-asociados-a-la-caeb\\\/\",\"name\":\"Air Europa fija tarifas especiales para los vuelos profesionales de los asociados a la CAEB | El Digital de Asturias\",\"description\":\"La compa\\u00f1\\u00eda Air Europa ser\\u00e1 el proveedor preferente de servicios a\\u00e9reos para los desplazamientos de la Confederaci\\u00f3n de Asociaciones Empresariales de Baleares (CAEB) y ofrecer\\u00e1 tarifas especiales en rutas, con origen Espa\\u00f1a, a favor de todos los asociados de CAEB. Estas ventajas son fruto del acuerdo de colaboraci\\u00f3n firmado este martes entre la directora general\",\"inLanguage\":\"es-ES\",\"isPartOf\":{\"@id\":\"https:\\\/\\\/eldigitaldeasturias.com\\\/magazine365\\\/#website\"},\"breadcrumb\":{\"@id\":\"https:\\\/\\\/eldigitaldeasturias.com\\\/magazine365\\\/air-europa-fija-tarifas-especiales-para-los-vuelos-profesionales-de-los-asociados-a-la-caeb\\\/#breadcrumblist\"},\"author\":{\"@id\":\"https:\\\/\\\/eldigitaldeasturias.com\\\/magazine365\\\/author\\\/admin\\\/#author\"},\"creator\":{\"@id\":\"https:\\\/\\\/eldigitaldeasturias.com\\\/magazine365\\\/author\\\/admin\\\/#author\"},\"image\":{\"@type\":\"ImageObject\",\"url\":\"https:\\\/\\\/eldigitaldeasturias.com\\\/magazine365\\\/wp-content\\\/uploads\\\/2016\\\/01\\\/fotonoticia_20160126165449_800.jpg\",\"@id\":\"https:\\\/\\\/eldigitaldeasturias.com\\\/magazine365\\\/air-europa-fija-tarifas-especiales-para-los-vuelos-profesionales-de-los-asociados-a-la-caeb\\\/#mainImage\",\"width\":800,\"height\":586},\"primaryImageOfPage\":{\"@id\":\"https:\\\/\\\/eldigitaldeasturias.com\\\/magazine365\\\/air-europa-fija-tarifas-especiales-para-los-vuelos-profesionales-de-los-asociados-a-la-caeb\\\/#mainImage\"},\"datePublished\":\"2016-01-30T02:58:05+01:00\",\"dateModified\":\"2016-01-30T02:58:05+01:00\"},{\"@type\":\"WebSite\",\"@id\":\"https:\\\/\\\/eldigitaldeasturias.com\\\/magazine365\\\/#website\",\"url\":\"https:\\\/\\\/eldigitaldeasturias.com\\\/magazine365\\\/\",\"name\":\"El Digital de Asturias\",\"description\":\"Revista de ocio, turismo y estilo de vida\",\"inLanguage\":\"es-ES\",\"publisher\":{\"@id\":\"https:\\\/\\\/eldigitaldeasturias.com\\\/magazine365\\\/#organization\"}}]}\n\t\t<\/script>\n\t\t<!-- All in One SEO Pro -->\r\n\t\t<title>Air Europa fija tarifas especiales para los vuelos profesionales de los asociados a la CAEB | El Digital de Asturias<\/title>\n\n","aioseo_head_json":{"title":"Air Europa fija tarifas especiales para los vuelos profesionales de los asociados a la CAEB | El Digital de Asturias","description":"La compa\u00f1\u00eda Air Europa ser\u00e1 el proveedor preferente de servicios a\u00e9reos para los desplazamientos de la Confederaci\u00f3n de Asociaciones Empresariales de Baleares (CAEB) y ofrecer\u00e1 tarifas especiales en rutas, con origen Espa\u00f1a, a favor de todos los asociados de CAEB. Estas ventajas son fruto del acuerdo de colaboraci\u00f3n firmado este martes entre la directora general","canonical_url":"https:\/\/eldigitaldeasturias.com\/magazine365\/air-europa-fija-tarifas-especiales-para-los-vuelos-profesionales-de-los-asociados-a-la-caeb\/","robots":"max-image-preview:large","keywords":"noticias y actualidad","webmasterTools":{"google-site-verification":"UA-38556648-1","miscellaneous":""},"schema":{"@context":"https:\/\/schema.org","@graph":[{"@type":"Article","@id":"https:\/\/eldigitaldeasturias.com\/magazine365\/air-europa-fija-tarifas-especiales-para-los-vuelos-profesionales-de-los-asociados-a-la-caeb\/#article","name":"Air Europa fija tarifas especiales para los vuelos profesionales de los asociados a la CAEB | El Digital de Asturias","headline":"Air Europa fija tarifas especiales para los vuelos profesionales de los asociados a la CAEB","author":{"@id":"https:\/\/eldigitaldeasturias.com\/magazine365\/author\/admin\/#author"},"publisher":{"@id":"https:\/\/eldigitaldeasturias.com\/magazine365\/#organization"},"image":{"@type":"ImageObject","url":"https:\/\/eldigitaldeasturias.com\/magazine365\/wp-content\/uploads\/2016\/01\/fotonoticia_20160126165449_800.jpg","width":800,"height":586},"datePublished":"2016-01-30T02:58:05+01:00","dateModified":"2016-01-30T02:58:05+01:00","inLanguage":"es-ES","mainEntityOfPage":{"@id":"https:\/\/eldigitaldeasturias.com\/magazine365\/air-europa-fija-tarifas-especiales-para-los-vuelos-profesionales-de-los-asociados-a-la-caeb\/#webpage"},"isPartOf":{"@id":"https:\/\/eldigitaldeasturias.com\/magazine365\/air-europa-fija-tarifas-especiales-para-los-vuelos-profesionales-de-los-asociados-a-la-caeb\/#webpage"},"articleSection":"Noticias y Actualidad"},{"@type":"BreadcrumbList","@id":"https:\/\/eldigitaldeasturias.com\/magazine365\/air-europa-fija-tarifas-especiales-para-los-vuelos-profesionales-de-los-asociados-a-la-caeb\/#breadcrumblist","itemListElement":[{"@type":"ListItem","@id":"https:\/\/eldigitaldeasturias.com\/magazine365#listItem","position":1,"name":"Home","item":"https:\/\/eldigitaldeasturias.com\/magazine365","nextItem":{"@type":"ListItem","@id":"https:\/\/eldigitaldeasturias.com\/magazine365\/category\/noticias-actualidad\/#listItem","name":"Noticias y Actualidad"}},{"@type":"ListItem","@id":"https:\/\/eldigitaldeasturias.com\/magazine365\/category\/noticias-actualidad\/#listItem","position":2,"name":"Noticias y Actualidad","item":"https:\/\/eldigitaldeasturias.com\/magazine365\/category\/noticias-actualidad\/","nextItem":{"@type":"ListItem","@id":"https:\/\/eldigitaldeasturias.com\/magazine365\/air-europa-fija-tarifas-especiales-para-los-vuelos-profesionales-de-los-asociados-a-la-caeb\/#listItem","name":"Air Europa fija tarifas especiales para los vuelos profesionales de los asociados a la CAEB"},"previousItem":{"@type":"ListItem","@id":"https:\/\/eldigitaldeasturias.com\/magazine365#listItem","name":"Home"}},{"@type":"ListItem","@id":"https:\/\/eldigitaldeasturias.com\/magazine365\/air-europa-fija-tarifas-especiales-para-los-vuelos-profesionales-de-los-asociados-a-la-caeb\/#listItem","position":3,"name":"Air Europa fija tarifas especiales para los vuelos profesionales de los asociados a la CAEB","previousItem":{"@type":"ListItem","@id":"https:\/\/eldigitaldeasturias.com\/magazine365\/category\/noticias-actualidad\/#listItem","name":"Noticias y Actualidad"}}]},{"@type":"Organization","@id":"https:\/\/eldigitaldeasturias.com\/magazine365\/#organization","name":"El digital de Asturias","description":"Revista de ocio, turismo y estilo de vida","url":"https:\/\/eldigitaldeasturias.com\/magazine365\/","logo":{"@type":"ImageObject","url":"https:\/\/www.eldigitaldeasturias.com\/noticias\/wp-content\/uploads\/2020\/12\/EDA.jpg","@id":"https:\/\/eldigitaldeasturias.com\/magazine365\/air-europa-fija-tarifas-especiales-para-los-vuelos-profesionales-de-los-asociados-a-la-caeb\/#organizationLogo"},"image":{"@id":"https:\/\/eldigitaldeasturias.com\/magazine365\/air-europa-fija-tarifas-especiales-para-los-vuelos-profesionales-de-los-asociados-a-la-caeb\/#organizationLogo"}},{"@type":"Person","@id":"https:\/\/eldigitaldeasturias.com\/magazine365\/author\/admin\/#author","url":"https:\/\/eldigitaldeasturias.com\/magazine365\/author\/admin\/","name":"admin","image":{"@type":"ImageObject","@id":"https:\/\/eldigitaldeasturias.com\/magazine365\/air-europa-fija-tarifas-especiales-para-los-vuelos-profesionales-de-los-asociados-a-la-caeb\/#authorImage","url":"https:\/\/eldigitaldeasturias.com\/magazine365\/wp-content\/litespeed\/avatar\/e571bcf59a0edd6fa6838245a470f2fe.jpg?ver=1776969259","width":96,"height":96,"caption":"admin"}},{"@type":"WebPage","@id":"https:\/\/eldigitaldeasturias.com\/magazine365\/air-europa-fija-tarifas-especiales-para-los-vuelos-profesionales-de-los-asociados-a-la-caeb\/#webpage","url":"https:\/\/eldigitaldeasturias.com\/magazine365\/air-europa-fija-tarifas-especiales-para-los-vuelos-profesionales-de-los-asociados-a-la-caeb\/","name":"Air Europa fija tarifas especiales para los vuelos profesionales de los asociados a la CAEB | El Digital de Asturias","description":"La compa\u00f1\u00eda Air Europa ser\u00e1 el proveedor preferente de servicios a\u00e9reos para los desplazamientos de la Confederaci\u00f3n de Asociaciones Empresariales de Baleares (CAEB) y ofrecer\u00e1 tarifas especiales en rutas, con origen Espa\u00f1a, a favor de todos los asociados de CAEB. Estas ventajas son fruto del acuerdo de colaboraci\u00f3n firmado este martes entre la directora general","inLanguage":"es-ES","isPartOf":{"@id":"https:\/\/eldigitaldeasturias.com\/magazine365\/#website"},"breadcrumb":{"@id":"https:\/\/eldigitaldeasturias.com\/magazine365\/air-europa-fija-tarifas-especiales-para-los-vuelos-profesionales-de-los-asociados-a-la-caeb\/#breadcrumblist"},"author":{"@id":"https:\/\/eldigitaldeasturias.com\/magazine365\/author\/admin\/#author"},"creator":{"@id":"https:\/\/eldigitaldeasturias.com\/magazine365\/author\/admin\/#author"},"image":{"@type":"ImageObject","url":"https:\/\/eldigitaldeasturias.com\/magazine365\/wp-content\/uploads\/2016\/01\/fotonoticia_20160126165449_800.jpg","@id":"https:\/\/eldigitaldeasturias.com\/magazine365\/air-europa-fija-tarifas-especiales-para-los-vuelos-profesionales-de-los-asociados-a-la-caeb\/#mainImage","width":800,"height":586},"primaryImageOfPage":{"@id":"https:\/\/eldigitaldeasturias.com\/magazine365\/air-europa-fija-tarifas-especiales-para-los-vuelos-profesionales-de-los-asociados-a-la-caeb\/#mainImage"},"datePublished":"2016-01-30T02:58:05+01:00","dateModified":"2016-01-30T02:58:05+01:00"},{"@type":"WebSite","@id":"https:\/\/eldigitaldeasturias.com\/magazine365\/#website","url":"https:\/\/eldigitaldeasturias.com\/magazine365\/","name":"El Digital de Asturias","description":"Revista de ocio, turismo y estilo de vida","inLanguage":"es-ES","publisher":{"@id":"https:\/\/eldigitaldeasturias.com\/magazine365\/#organization"}}]},"og:locale":"es_ES","og:site_name":"El Digital de Asturias \u2013 Revista de ocio, turismo y estilo de vida","og:type":"article","og:title":"Air Europa fija tarifas especiales para los vuelos profesionales de los asociados a la CAEB | El Digital de Asturias","og:description":"La compa\u00f1\u00eda Air Europa ser\u00e1 el proveedor preferente de servicios a\u00e9reos para los desplazamientos de la Confederaci\u00f3n de Asociaciones Empresariales de Baleares (CAEB) y ofrecer\u00e1 tarifas especiales en rutas, con origen Espa\u00f1a, a favor de todos los asociados de CAEB. Estas ventajas son fruto del acuerdo de colaboraci\u00f3n firmado este martes entre la directora general","og:url":"https:\/\/eldigitaldeasturias.com\/magazine365\/air-europa-fija-tarifas-especiales-para-los-vuelos-profesionales-de-los-asociados-a-la-caeb\/","og:image":"https:\/\/eldigitaldeasturias.com\/magazine365\/wp-content\/uploads\/2016\/01\/fotonoticia_20160126165449_800.jpg","og:image:secure_url":"https:\/\/eldigitaldeasturias.com\/magazine365\/wp-content\/uploads\/2016\/01\/fotonoticia_20160126165449_800.jpg","og:image:width":800,"og:image:height":586,"article:published_time":"2016-01-30T01:58:05+00:00","article:modified_time":"2016-01-30T01:58:05+00:00","twitter:card":"summary_large_image","twitter:title":"Air Europa fija tarifas especiales para los vuelos profesionales de los asociados a la CAEB | El Digital de Asturias","twitter:description":"La compa\u00f1\u00eda Air Europa ser\u00e1 el proveedor preferente de servicios a\u00e9reos para los desplazamientos de la Confederaci\u00f3n de Asociaciones Empresariales de Baleares (CAEB) y ofrecer\u00e1 tarifas especiales en rutas, con origen Espa\u00f1a, a favor de todos los asociados de CAEB. Estas ventajas son fruto del acuerdo de colaboraci\u00f3n firmado este martes entre la directora general","twitter:image":"https:\/\/eldigitaldeasturias.com\/magazine365\/wp-content\/uploads\/2016\/01\/fotonoticia_20160126165449_800.jpg"},"aioseo_meta_data":{"post_id":"62238","title":null,"description":null,"keywords":null,"keyphrases":null,"primary_term":null,"canonical_url":null,"og_title":null,"og_description":null,"og_object_type":"default","og_image_type":"default","og_image_url":null,"og_image_width":null,"og_image_height":null,"og_image_custom_url":null,"og_image_custom_fields":null,"og_video":null,"og_custom_url":null,"og_article_section":null,"og_article_tags":null,"twitter_use_og":false,"twitter_card":"default","twitter_image_type":"default","twitter_image_url":null,"twitter_image_custom_url":null,"twitter_image_custom_fields":null,"twitter_title":null,"twitter_description":null,"schema":{"blockGraphs":[],"customGraphs":[],"default":{"data":{"Article":[],"Course":[],"Dataset":[],"FAQPage":[],"Movie":[],"Person":[],"Product":[],"ProductReview":[],"Car":[],"Recipe":[],"Service":[],"SoftwareApplication":[],"WebPage":[]},"graphName":"","isEnabled":true},"graphs":[],"defaultGraph":"","defaultPostTypeGraph":""},"schema_type":null,"schema_type_options":null,"pillar_content":false,"robots_default":true,"robots_noindex":false,"robots_noarchive":false,"robots_nosnippet":false,"robots_nofollow":false,"robots_noimageindex":false,"robots_noodp":false,"robots_notranslate":false,"robots_max_snippet":null,"robots_max_videopreview":null,"robots_max_imagepreview":"large","priority":null,"frequency":null,"location":null,"local_seo":null,"seo_analyzer_scan_date":"2025-09-25 10:42:40","breadcrumb_settings":null,"limit_modified_date":false,"open_ai":null,"ai":null,"created":"2021-03-08 21:39:43","updated":"2025-09-25 10:42:40"},"aioseo_breadcrumb":"<div class=\"aioseo-breadcrumbs\"><span class=\"aioseo-breadcrumb\">\n\t<a href=\"https:\/\/eldigitaldeasturias.com\/magazine365\" title=\"Home\">Home<\/a>\n<\/span><span class=\"aioseo-breadcrumb-separator\">\u2013<\/span><span class=\"aioseo-breadcrumb\">\n\t<a href=\"https:\/\/eldigitaldeasturias.com\/magazine365\/category\/noticias-actualidad\/\" title=\"Noticias y Actualidad\">Noticias y Actualidad<\/a>\n<\/span><span class=\"aioseo-breadcrumb-separator\">\u2013<\/span><span class=\"aioseo-breadcrumb\">\n\t<a href=\"https:\/\/eldigitaldeasturias.com\/magazine365\/air-europa-fija-tarifas-especiales-para-los-vuelos-profesionales-de-los-asociados-a-la-caeb\/\" title=\"Air Europa fija tarifas especiales para los vuelos profesionales de los asociados a la CAEB\">Air Europa fija tarifas especiales para los vuelos profesionales de los asociados a la CAEB<\/a>\n<\/span><\/div>","aioseo_breadcrumb_json":[{"label":"Home","link":"https:\/\/eldigitaldeasturias.com\/magazine365"},{"label":"Noticias y Actualidad","link":"https:\/\/eldigitaldeasturias.com\/magazine365\/category\/noticias-actualidad\/"},{"label":"Air Europa fija tarifas especiales para los vuelos profesionales de los asociados a la CAEB","link":"https:\/\/eldigitaldeasturias.com\/magazine365\/air-europa-fija-tarifas-especiales-para-los-vuelos-profesionales-de-los-asociados-a-la-caeb\/"}],"_links":{"self":[{"href":"https:\/\/eldigitaldeasturias.com\/magazine365\/wp-json\/wp\/v2\/posts\/62238","targetHints":{"allow":["GET"]}}],"collection":[{"href":"https:\/\/eldigitaldeasturias.com\/magazine365\/wp-json\/wp\/v2\/posts"}],"about":[{"href":"https:\/\/eldigitaldeasturias.com\/magazine365\/wp-json\/wp\/v2\/types\/post"}],"author":[{"embeddable":true,"href":"https:\/\/eldigitaldeasturias.com\/magazine365\/wp-json\/wp\/v2\/users\/1"}],"replies":[{"embeddable":true,"href":"https:\/\/eldigitaldeasturias.com\/magazine365\/wp-json\/wp\/v2\/comments?post=62238"}],"version-history":[{"count":0,"href":"https:\/\/eldigitaldeasturias.com\/magazine365\/wp-json\/wp\/v2\/posts\/62238\/revisions"}],"wp:featuredmedia":[{"embeddable":true,"href":"https:\/\/eldigitaldeasturias.com\/magazine365\/wp-json\/wp\/v2\/media\/62239"}],"wp:attachment":[{"href":"https:\/\/eldigitaldeasturias.com\/magazine365\/wp-json\/wp\/v2\/media?parent=62238"}],"wp:term":[{"taxonomy":"category","embeddable":true,"href":"https:\/\/eldigitaldeasturias.com\/magazine365\/wp-json\/wp\/v2\/categories?post=62238"},{"taxonomy":"post_tag","embeddable":true,"href":"https:\/\/eldigitaldeasturias.com\/magazine365\/wp-json\/wp\/v2\/tags?post=62238"}],"curies":[{"name":"wp","href":"https:\/\/api.w.org\/{rel}","templated":true}]}}