{"id":62223,"date":"2016-01-30T02:51:53","date_gmt":"2016-01-30T01:51:53","guid":{"rendered":"http:\/\/eldigitaldeasturias.com\/magazine365\/?p=62223"},"modified":"2016-01-30T02:51:53","modified_gmt":"2016-01-30T01:51:53","slug":"la-atb-promociona-la-gastronomia-balear-participando-en-madrid-fusion","status":"publish","type":"post","link":"https:\/\/eldigitaldeasturias.com\/magazine365\/la-atb-promociona-la-gastronomia-balear-participando-en-madrid-fusion\/","title":{"rendered":"La ATB promociona la gastronom\u00eda balear participando en Madrid Fusi\u00f3n"},"content":{"rendered":"<p><img fetchpriority=\"high\" decoding=\"async\" class=\"alignleft size-medium wp-image-62224\" src=\"https:\/\/eldigitaldeasturias.com\/magazine365\/wp-content\/uploads\/2016\/01\/fotonoticia_20160126152118_800-225x300.jpg\" alt=\"fotonoticia_20160126152118_800\" width=\"225\" height=\"300\" srcset=\"https:\/\/eldigitaldeasturias.com\/magazine365\/wp-content\/uploads\/2016\/01\/fotonoticia_20160126152118_800-225x300.jpg 225w, https:\/\/eldigitaldeasturias.com\/magazine365\/wp-content\/uploads\/2016\/01\/fotonoticia_20160126152118_800-480x640.jpg 480w, https:\/\/eldigitaldeasturias.com\/magazine365\/wp-content\/uploads\/2016\/01\/fotonoticia_20160126152118_800-768x1024.jpg 768w, https:\/\/eldigitaldeasturias.com\/magazine365\/wp-content\/uploads\/2016\/01\/fotonoticia_20160126152118_800-150x200.jpg 150w, https:\/\/eldigitaldeasturias.com\/magazine365\/wp-content\/uploads\/2016\/01\/fotonoticia_20160126152118_800-450x600.jpg 450w, https:\/\/eldigitaldeasturias.com\/magazine365\/wp-content\/uploads\/2016\/01\/fotonoticia_20160126152118_800-696x928.jpg 696w, https:\/\/eldigitaldeasturias.com\/magazine365\/wp-content\/uploads\/2016\/01\/fotonoticia_20160126152118_800-315x420.jpg 315w, https:\/\/eldigitaldeasturias.com\/magazine365\/wp-content\/uploads\/2016\/01\/fotonoticia_20160126152118_800.jpg 800w\" sizes=\"(max-width: 225px) 100vw, 225px\" \/>La Agencia de Turismo de las Islas Baleares (ATB) participa, del 25 al 27 de enero, en la feria Madrid Fusi\u00f3n con el objetivo de promocionar nuestra gastronom\u00eda y las Islas Baleares como destino gastron\u00f3mico.<\/p>\n<p>La presencia balear en la feria gastron\u00f3mica Madrid Fusi\u00f3n se ubica en un stand propio de 9 metros cuadrados en el que tambi\u00e9n participan, en calidad de co-expositores, la Denominaci\u00f3n de Origen Vins Binissalem y la Demoninaci\u00f3n de Origen Oli de Mallorca.<\/p>\n<p>Ambas DO han organizado estos d\u00edas, en el stand balear, diferentes degustaciones de sus productos en las que han participado chefs de las islas como Fernando P\u00e9rez Arellano, del restaurante Zaranda (Mallorca), con dos estrellas Michelin.<\/p>\n<p>Asimismo, productos como Sobrasada de Mallorca, queso de Mah\u00f3n o los vinos de la DO Pla y Llevant tambi\u00e9n han tenido presencia en Madrid Fusi\u00f3n a trav\u00e9s de diferentes showcooking organizados en el recinto ferial.<\/p>\n<p>La feria Madrid Fusi\u00f3n forma parte del plan de acci\u00f3n de la ATB para este a\u00f1o 2016 que se desarrolla en los diferentes mercados emisores, en este caso se trata de promoci\u00f3n del producto gastronom\u00eda en el mercado nacional.<\/p>\n","protected":false},"excerpt":{"rendered":"<p>La Agencia de Turismo de las Islas Baleares (ATB) participa, del 25 al 27 de enero, en la feria Madrid Fusi\u00f3n con el objetivo de promocionar nuestra gastronom\u00eda y las Islas Baleares como destino gastron\u00f3mico. La presencia balear en la feria gastron\u00f3mica Madrid Fusi\u00f3n se ubica en un stand propio de 9 metros cuadrados en<\/p>\n","protected":false},"author":1,"featured_media":62224,"comment_status":"open","ping_status":"closed","sticky":false,"template":"","format":"standard","meta":{"footnotes":""},"categories":[224],"tags":[],"class_list":{"0":"post-62223","1":"post","2":"type-post","3":"status-publish","4":"format-standard","5":"has-post-thumbnail","7":"category-noticias-actualidad"},"aioseo_notices":[],"aioseo_head":"\n\t\t<!-- All in One SEO Pro 4.9.6.1 - aioseo.com -->\n\t<meta name=\"description\" content=\"La Agencia de Turismo de las Islas Baleares (ATB) participa, del 25 al 27 de enero, en la feria Madrid Fusi\u00f3n con el objetivo de promocionar nuestra gastronom\u00eda y las Islas Baleares como destino gastron\u00f3mico. La presencia balear en la feria gastron\u00f3mica Madrid Fusi\u00f3n se ubica en un stand propio de 9 metros cuadrados en\" \/>\n\t<meta name=\"robots\" content=\"max-image-preview:large\" \/>\n\t<meta name=\"author\" content=\"admin\"\/>\n\t<meta name=\"google-site-verification\" content=\"UA-38556648-1\" \/>\n\t<meta name=\"keywords\" content=\"noticias y actualidad\" \/>\n\t<link rel=\"canonical\" href=\"https:\/\/eldigitaldeasturias.com\/magazine365\/la-atb-promociona-la-gastronomia-balear-participando-en-madrid-fusion\/\" \/>\n\t<meta name=\"generator\" content=\"All in One SEO Pro (AIOSEO) 4.9.6.1\" \/>\n\t\t<meta property=\"og:locale\" content=\"es_ES\" \/>\n\t\t<meta property=\"og:site_name\" content=\"El Digital de Asturias \u2013 Revista de ocio, turismo y estilo de vida\" \/>\n\t\t<meta property=\"og:type\" content=\"article\" \/>\n\t\t<meta property=\"og:title\" content=\"La ATB promociona la gastronom\u00eda balear participando en Madrid Fusi\u00f3n | El Digital de Asturias\" \/>\n\t\t<meta property=\"og:description\" content=\"La Agencia de Turismo de las Islas Baleares (ATB) participa, del 25 al 27 de enero, en la feria Madrid Fusi\u00f3n con el objetivo de promocionar nuestra gastronom\u00eda y las Islas Baleares como destino gastron\u00f3mico. La presencia balear en la feria gastron\u00f3mica Madrid Fusi\u00f3n se ubica en un stand propio de 9 metros cuadrados en\" \/>\n\t\t<meta property=\"og:url\" content=\"https:\/\/eldigitaldeasturias.com\/magazine365\/la-atb-promociona-la-gastronomia-balear-participando-en-madrid-fusion\/\" \/>\n\t\t<meta property=\"og:image\" content=\"https:\/\/eldigitaldeasturias.com\/magazine365\/wp-content\/uploads\/2016\/01\/fotonoticia_20160126152118_800.jpg\" \/>\n\t\t<meta property=\"og:image:secure_url\" content=\"https:\/\/eldigitaldeasturias.com\/magazine365\/wp-content\/uploads\/2016\/01\/fotonoticia_20160126152118_800.jpg\" \/>\n\t\t<meta property=\"og:image:width\" content=\"800\" \/>\n\t\t<meta property=\"og:image:height\" content=\"1067\" \/>\n\t\t<meta property=\"article:published_time\" content=\"2016-01-30T01:51:53+00:00\" \/>\n\t\t<meta property=\"article:modified_time\" content=\"2016-01-30T01:51:53+00:00\" \/>\n\t\t<meta name=\"twitter:card\" content=\"summary_large_image\" \/>\n\t\t<meta name=\"twitter:title\" content=\"La ATB promociona la gastronom\u00eda balear participando en Madrid Fusi\u00f3n | El Digital de Asturias\" \/>\n\t\t<meta name=\"twitter:description\" content=\"La Agencia de Turismo de las Islas Baleares (ATB) participa, del 25 al 27 de enero, en la feria Madrid Fusi\u00f3n con el objetivo de promocionar nuestra gastronom\u00eda y las Islas Baleares como destino gastron\u00f3mico. La presencia balear en la feria gastron\u00f3mica Madrid Fusi\u00f3n se ubica en un stand propio de 9 metros cuadrados en\" \/>\n\t\t<meta name=\"twitter:image\" content=\"https:\/\/eldigitaldeasturias.com\/magazine365\/wp-content\/uploads\/2016\/01\/fotonoticia_20160126152118_800.jpg\" \/>\n\t\t<script type=\"application\/ld+json\" class=\"aioseo-schema\">\n\t\t\t{\"@context\":\"https:\\\/\\\/schema.org\",\"@graph\":[{\"@type\":\"Article\",\"@id\":\"https:\\\/\\\/eldigitaldeasturias.com\\\/magazine365\\\/la-atb-promociona-la-gastronomia-balear-participando-en-madrid-fusion\\\/#article\",\"name\":\"La ATB promociona la gastronom\\u00eda balear participando en Madrid Fusi\\u00f3n | El Digital de Asturias\",\"headline\":\"La ATB promociona la gastronom\\u00eda balear participando en Madrid Fusi\\u00f3n\",\"author\":{\"@id\":\"https:\\\/\\\/eldigitaldeasturias.com\\\/magazine365\\\/author\\\/admin\\\/#author\"},\"publisher\":{\"@id\":\"https:\\\/\\\/eldigitaldeasturias.com\\\/magazine365\\\/#organization\"},\"image\":{\"@type\":\"ImageObject\",\"url\":\"https:\\\/\\\/eldigitaldeasturias.com\\\/magazine365\\\/wp-content\\\/uploads\\\/2016\\\/01\\\/fotonoticia_20160126152118_800.jpg\",\"width\":800,\"height\":1067},\"datePublished\":\"2016-01-30T02:51:53+01:00\",\"dateModified\":\"2016-01-30T02:51:53+01:00\",\"inLanguage\":\"es-ES\",\"mainEntityOfPage\":{\"@id\":\"https:\\\/\\\/eldigitaldeasturias.com\\\/magazine365\\\/la-atb-promociona-la-gastronomia-balear-participando-en-madrid-fusion\\\/#webpage\"},\"isPartOf\":{\"@id\":\"https:\\\/\\\/eldigitaldeasturias.com\\\/magazine365\\\/la-atb-promociona-la-gastronomia-balear-participando-en-madrid-fusion\\\/#webpage\"},\"articleSection\":\"Noticias y Actualidad\"},{\"@type\":\"BreadcrumbList\",\"@id\":\"https:\\\/\\\/eldigitaldeasturias.com\\\/magazine365\\\/la-atb-promociona-la-gastronomia-balear-participando-en-madrid-fusion\\\/#breadcrumblist\",\"itemListElement\":[{\"@type\":\"ListItem\",\"@id\":\"https:\\\/\\\/eldigitaldeasturias.com\\\/magazine365#listItem\",\"position\":1,\"name\":\"Home\",\"item\":\"https:\\\/\\\/eldigitaldeasturias.com\\\/magazine365\",\"nextItem\":{\"@type\":\"ListItem\",\"@id\":\"https:\\\/\\\/eldigitaldeasturias.com\\\/magazine365\\\/category\\\/noticias-actualidad\\\/#listItem\",\"name\":\"Noticias y Actualidad\"}},{\"@type\":\"ListItem\",\"@id\":\"https:\\\/\\\/eldigitaldeasturias.com\\\/magazine365\\\/category\\\/noticias-actualidad\\\/#listItem\",\"position\":2,\"name\":\"Noticias y Actualidad\",\"item\":\"https:\\\/\\\/eldigitaldeasturias.com\\\/magazine365\\\/category\\\/noticias-actualidad\\\/\",\"nextItem\":{\"@type\":\"ListItem\",\"@id\":\"https:\\\/\\\/eldigitaldeasturias.com\\\/magazine365\\\/la-atb-promociona-la-gastronomia-balear-participando-en-madrid-fusion\\\/#listItem\",\"name\":\"La ATB promociona la gastronom\\u00eda balear participando en Madrid Fusi\\u00f3n\"},\"previousItem\":{\"@type\":\"ListItem\",\"@id\":\"https:\\\/\\\/eldigitaldeasturias.com\\\/magazine365#listItem\",\"name\":\"Home\"}},{\"@type\":\"ListItem\",\"@id\":\"https:\\\/\\\/eldigitaldeasturias.com\\\/magazine365\\\/la-atb-promociona-la-gastronomia-balear-participando-en-madrid-fusion\\\/#listItem\",\"position\":3,\"name\":\"La ATB promociona la gastronom\\u00eda balear participando en Madrid Fusi\\u00f3n\",\"previousItem\":{\"@type\":\"ListItem\",\"@id\":\"https:\\\/\\\/eldigitaldeasturias.com\\\/magazine365\\\/category\\\/noticias-actualidad\\\/#listItem\",\"name\":\"Noticias y Actualidad\"}}]},{\"@type\":\"Organization\",\"@id\":\"https:\\\/\\\/eldigitaldeasturias.com\\\/magazine365\\\/#organization\",\"name\":\"El digital de Asturias\",\"description\":\"Revista de ocio, turismo y estilo de vida\",\"url\":\"https:\\\/\\\/eldigitaldeasturias.com\\\/magazine365\\\/\",\"logo\":{\"@type\":\"ImageObject\",\"url\":\"https:\\\/\\\/www.eldigitaldeasturias.com\\\/noticias\\\/wp-content\\\/uploads\\\/2020\\\/12\\\/EDA.jpg\",\"@id\":\"https:\\\/\\\/eldigitaldeasturias.com\\\/magazine365\\\/la-atb-promociona-la-gastronomia-balear-participando-en-madrid-fusion\\\/#organizationLogo\"},\"image\":{\"@id\":\"https:\\\/\\\/eldigitaldeasturias.com\\\/magazine365\\\/la-atb-promociona-la-gastronomia-balear-participando-en-madrid-fusion\\\/#organizationLogo\"}},{\"@type\":\"Person\",\"@id\":\"https:\\\/\\\/eldigitaldeasturias.com\\\/magazine365\\\/author\\\/admin\\\/#author\",\"url\":\"https:\\\/\\\/eldigitaldeasturias.com\\\/magazine365\\\/author\\\/admin\\\/\",\"name\":\"admin\",\"image\":{\"@type\":\"ImageObject\",\"@id\":\"https:\\\/\\\/eldigitaldeasturias.com\\\/magazine365\\\/la-atb-promociona-la-gastronomia-balear-participando-en-madrid-fusion\\\/#authorImage\",\"url\":\"https:\\\/\\\/eldigitaldeasturias.com\\\/magazine365\\\/wp-content\\\/litespeed\\\/avatar\\\/e571bcf59a0edd6fa6838245a470f2fe.jpg?ver=1776969259\",\"width\":96,\"height\":96,\"caption\":\"admin\"}},{\"@type\":\"WebPage\",\"@id\":\"https:\\\/\\\/eldigitaldeasturias.com\\\/magazine365\\\/la-atb-promociona-la-gastronomia-balear-participando-en-madrid-fusion\\\/#webpage\",\"url\":\"https:\\\/\\\/eldigitaldeasturias.com\\\/magazine365\\\/la-atb-promociona-la-gastronomia-balear-participando-en-madrid-fusion\\\/\",\"name\":\"La ATB promociona la gastronom\\u00eda balear participando en Madrid Fusi\\u00f3n | El Digital de Asturias\",\"description\":\"La Agencia de Turismo de las Islas Baleares (ATB) participa, del 25 al 27 de enero, en la feria Madrid Fusi\\u00f3n con el objetivo de promocionar nuestra gastronom\\u00eda y las Islas Baleares como destino gastron\\u00f3mico. La presencia balear en la feria gastron\\u00f3mica Madrid Fusi\\u00f3n se ubica en un stand propio de 9 metros cuadrados en\",\"inLanguage\":\"es-ES\",\"isPartOf\":{\"@id\":\"https:\\\/\\\/eldigitaldeasturias.com\\\/magazine365\\\/#website\"},\"breadcrumb\":{\"@id\":\"https:\\\/\\\/eldigitaldeasturias.com\\\/magazine365\\\/la-atb-promociona-la-gastronomia-balear-participando-en-madrid-fusion\\\/#breadcrumblist\"},\"author\":{\"@id\":\"https:\\\/\\\/eldigitaldeasturias.com\\\/magazine365\\\/author\\\/admin\\\/#author\"},\"creator\":{\"@id\":\"https:\\\/\\\/eldigitaldeasturias.com\\\/magazine365\\\/author\\\/admin\\\/#author\"},\"image\":{\"@type\":\"ImageObject\",\"url\":\"https:\\\/\\\/eldigitaldeasturias.com\\\/magazine365\\\/wp-content\\\/uploads\\\/2016\\\/01\\\/fotonoticia_20160126152118_800.jpg\",\"@id\":\"https:\\\/\\\/eldigitaldeasturias.com\\\/magazine365\\\/la-atb-promociona-la-gastronomia-balear-participando-en-madrid-fusion\\\/#mainImage\",\"width\":800,\"height\":1067},\"primaryImageOfPage\":{\"@id\":\"https:\\\/\\\/eldigitaldeasturias.com\\\/magazine365\\\/la-atb-promociona-la-gastronomia-balear-participando-en-madrid-fusion\\\/#mainImage\"},\"datePublished\":\"2016-01-30T02:51:53+01:00\",\"dateModified\":\"2016-01-30T02:51:53+01:00\"},{\"@type\":\"WebSite\",\"@id\":\"https:\\\/\\\/eldigitaldeasturias.com\\\/magazine365\\\/#website\",\"url\":\"https:\\\/\\\/eldigitaldeasturias.com\\\/magazine365\\\/\",\"name\":\"El Digital de Asturias\",\"description\":\"Revista de ocio, turismo y estilo de vida\",\"inLanguage\":\"es-ES\",\"publisher\":{\"@id\":\"https:\\\/\\\/eldigitaldeasturias.com\\\/magazine365\\\/#organization\"}}]}\n\t\t<\/script>\n\t\t<!-- All in One SEO Pro -->\r\n\t\t<title>La ATB promociona la gastronom\u00eda balear participando en Madrid Fusi\u00f3n | El Digital de Asturias<\/title>\n\n","aioseo_head_json":{"title":"La ATB promociona la gastronom\u00eda balear participando en Madrid Fusi\u00f3n | El Digital de Asturias","description":"La Agencia de Turismo de las Islas Baleares (ATB) participa, del 25 al 27 de enero, en la feria Madrid Fusi\u00f3n con el objetivo de promocionar nuestra gastronom\u00eda y las Islas Baleares como destino gastron\u00f3mico. La presencia balear en la feria gastron\u00f3mica Madrid Fusi\u00f3n se ubica en un stand propio de 9 metros cuadrados en","canonical_url":"https:\/\/eldigitaldeasturias.com\/magazine365\/la-atb-promociona-la-gastronomia-balear-participando-en-madrid-fusion\/","robots":"max-image-preview:large","keywords":"noticias y actualidad","webmasterTools":{"google-site-verification":"UA-38556648-1","miscellaneous":""},"schema":{"@context":"https:\/\/schema.org","@graph":[{"@type":"Article","@id":"https:\/\/eldigitaldeasturias.com\/magazine365\/la-atb-promociona-la-gastronomia-balear-participando-en-madrid-fusion\/#article","name":"La ATB promociona la gastronom\u00eda balear participando en Madrid Fusi\u00f3n | El Digital de Asturias","headline":"La ATB promociona la gastronom\u00eda balear participando en Madrid Fusi\u00f3n","author":{"@id":"https:\/\/eldigitaldeasturias.com\/magazine365\/author\/admin\/#author"},"publisher":{"@id":"https:\/\/eldigitaldeasturias.com\/magazine365\/#organization"},"image":{"@type":"ImageObject","url":"https:\/\/eldigitaldeasturias.com\/magazine365\/wp-content\/uploads\/2016\/01\/fotonoticia_20160126152118_800.jpg","width":800,"height":1067},"datePublished":"2016-01-30T02:51:53+01:00","dateModified":"2016-01-30T02:51:53+01:00","inLanguage":"es-ES","mainEntityOfPage":{"@id":"https:\/\/eldigitaldeasturias.com\/magazine365\/la-atb-promociona-la-gastronomia-balear-participando-en-madrid-fusion\/#webpage"},"isPartOf":{"@id":"https:\/\/eldigitaldeasturias.com\/magazine365\/la-atb-promociona-la-gastronomia-balear-participando-en-madrid-fusion\/#webpage"},"articleSection":"Noticias y Actualidad"},{"@type":"BreadcrumbList","@id":"https:\/\/eldigitaldeasturias.com\/magazine365\/la-atb-promociona-la-gastronomia-balear-participando-en-madrid-fusion\/#breadcrumblist","itemListElement":[{"@type":"ListItem","@id":"https:\/\/eldigitaldeasturias.com\/magazine365#listItem","position":1,"name":"Home","item":"https:\/\/eldigitaldeasturias.com\/magazine365","nextItem":{"@type":"ListItem","@id":"https:\/\/eldigitaldeasturias.com\/magazine365\/category\/noticias-actualidad\/#listItem","name":"Noticias y Actualidad"}},{"@type":"ListItem","@id":"https:\/\/eldigitaldeasturias.com\/magazine365\/category\/noticias-actualidad\/#listItem","position":2,"name":"Noticias y Actualidad","item":"https:\/\/eldigitaldeasturias.com\/magazine365\/category\/noticias-actualidad\/","nextItem":{"@type":"ListItem","@id":"https:\/\/eldigitaldeasturias.com\/magazine365\/la-atb-promociona-la-gastronomia-balear-participando-en-madrid-fusion\/#listItem","name":"La ATB promociona la gastronom\u00eda balear participando en Madrid Fusi\u00f3n"},"previousItem":{"@type":"ListItem","@id":"https:\/\/eldigitaldeasturias.com\/magazine365#listItem","name":"Home"}},{"@type":"ListItem","@id":"https:\/\/eldigitaldeasturias.com\/magazine365\/la-atb-promociona-la-gastronomia-balear-participando-en-madrid-fusion\/#listItem","position":3,"name":"La ATB promociona la gastronom\u00eda balear participando en Madrid Fusi\u00f3n","previousItem":{"@type":"ListItem","@id":"https:\/\/eldigitaldeasturias.com\/magazine365\/category\/noticias-actualidad\/#listItem","name":"Noticias y Actualidad"}}]},{"@type":"Organization","@id":"https:\/\/eldigitaldeasturias.com\/magazine365\/#organization","name":"El digital de Asturias","description":"Revista de ocio, turismo y estilo de vida","url":"https:\/\/eldigitaldeasturias.com\/magazine365\/","logo":{"@type":"ImageObject","url":"https:\/\/www.eldigitaldeasturias.com\/noticias\/wp-content\/uploads\/2020\/12\/EDA.jpg","@id":"https:\/\/eldigitaldeasturias.com\/magazine365\/la-atb-promociona-la-gastronomia-balear-participando-en-madrid-fusion\/#organizationLogo"},"image":{"@id":"https:\/\/eldigitaldeasturias.com\/magazine365\/la-atb-promociona-la-gastronomia-balear-participando-en-madrid-fusion\/#organizationLogo"}},{"@type":"Person","@id":"https:\/\/eldigitaldeasturias.com\/magazine365\/author\/admin\/#author","url":"https:\/\/eldigitaldeasturias.com\/magazine365\/author\/admin\/","name":"admin","image":{"@type":"ImageObject","@id":"https:\/\/eldigitaldeasturias.com\/magazine365\/la-atb-promociona-la-gastronomia-balear-participando-en-madrid-fusion\/#authorImage","url":"https:\/\/eldigitaldeasturias.com\/magazine365\/wp-content\/litespeed\/avatar\/e571bcf59a0edd6fa6838245a470f2fe.jpg?ver=1776969259","width":96,"height":96,"caption":"admin"}},{"@type":"WebPage","@id":"https:\/\/eldigitaldeasturias.com\/magazine365\/la-atb-promociona-la-gastronomia-balear-participando-en-madrid-fusion\/#webpage","url":"https:\/\/eldigitaldeasturias.com\/magazine365\/la-atb-promociona-la-gastronomia-balear-participando-en-madrid-fusion\/","name":"La ATB promociona la gastronom\u00eda balear participando en Madrid Fusi\u00f3n | El Digital de Asturias","description":"La Agencia de Turismo de las Islas Baleares (ATB) participa, del 25 al 27 de enero, en la feria Madrid Fusi\u00f3n con el objetivo de promocionar nuestra gastronom\u00eda y las Islas Baleares como destino gastron\u00f3mico. La presencia balear en la feria gastron\u00f3mica Madrid Fusi\u00f3n se ubica en un stand propio de 9 metros cuadrados en","inLanguage":"es-ES","isPartOf":{"@id":"https:\/\/eldigitaldeasturias.com\/magazine365\/#website"},"breadcrumb":{"@id":"https:\/\/eldigitaldeasturias.com\/magazine365\/la-atb-promociona-la-gastronomia-balear-participando-en-madrid-fusion\/#breadcrumblist"},"author":{"@id":"https:\/\/eldigitaldeasturias.com\/magazine365\/author\/admin\/#author"},"creator":{"@id":"https:\/\/eldigitaldeasturias.com\/magazine365\/author\/admin\/#author"},"image":{"@type":"ImageObject","url":"https:\/\/eldigitaldeasturias.com\/magazine365\/wp-content\/uploads\/2016\/01\/fotonoticia_20160126152118_800.jpg","@id":"https:\/\/eldigitaldeasturias.com\/magazine365\/la-atb-promociona-la-gastronomia-balear-participando-en-madrid-fusion\/#mainImage","width":800,"height":1067},"primaryImageOfPage":{"@id":"https:\/\/eldigitaldeasturias.com\/magazine365\/la-atb-promociona-la-gastronomia-balear-participando-en-madrid-fusion\/#mainImage"},"datePublished":"2016-01-30T02:51:53+01:00","dateModified":"2016-01-30T02:51:53+01:00"},{"@type":"WebSite","@id":"https:\/\/eldigitaldeasturias.com\/magazine365\/#website","url":"https:\/\/eldigitaldeasturias.com\/magazine365\/","name":"El Digital de Asturias","description":"Revista de ocio, turismo y estilo de vida","inLanguage":"es-ES","publisher":{"@id":"https:\/\/eldigitaldeasturias.com\/magazine365\/#organization"}}]},"og:locale":"es_ES","og:site_name":"El Digital de Asturias \u2013 Revista de ocio, turismo y estilo de vida","og:type":"article","og:title":"La ATB promociona la gastronom\u00eda balear participando en Madrid Fusi\u00f3n | El Digital de Asturias","og:description":"La Agencia de Turismo de las Islas Baleares (ATB) participa, del 25 al 27 de enero, en la feria Madrid Fusi\u00f3n con el objetivo de promocionar nuestra gastronom\u00eda y las Islas Baleares como destino gastron\u00f3mico. La presencia balear en la feria gastron\u00f3mica Madrid Fusi\u00f3n se ubica en un stand propio de 9 metros cuadrados en","og:url":"https:\/\/eldigitaldeasturias.com\/magazine365\/la-atb-promociona-la-gastronomia-balear-participando-en-madrid-fusion\/","og:image":"https:\/\/eldigitaldeasturias.com\/magazine365\/wp-content\/uploads\/2016\/01\/fotonoticia_20160126152118_800.jpg","og:image:secure_url":"https:\/\/eldigitaldeasturias.com\/magazine365\/wp-content\/uploads\/2016\/01\/fotonoticia_20160126152118_800.jpg","og:image:width":800,"og:image:height":1067,"article:published_time":"2016-01-30T01:51:53+00:00","article:modified_time":"2016-01-30T01:51:53+00:00","twitter:card":"summary_large_image","twitter:title":"La ATB promociona la gastronom\u00eda balear participando en Madrid Fusi\u00f3n | El Digital de Asturias","twitter:description":"La Agencia de Turismo de las Islas Baleares (ATB) participa, del 25 al 27 de enero, en la feria Madrid Fusi\u00f3n con el objetivo de promocionar nuestra gastronom\u00eda y las Islas Baleares como destino gastron\u00f3mico. La presencia balear en la feria gastron\u00f3mica Madrid Fusi\u00f3n se ubica en un stand propio de 9 metros cuadrados en","twitter:image":"https:\/\/eldigitaldeasturias.com\/magazine365\/wp-content\/uploads\/2016\/01\/fotonoticia_20160126152118_800.jpg"},"aioseo_meta_data":{"post_id":"62223","title":null,"description":null,"keywords":null,"keyphrases":null,"primary_term":null,"canonical_url":null,"og_title":null,"og_description":null,"og_object_type":"default","og_image_type":"default","og_image_url":null,"og_image_width":null,"og_image_height":null,"og_image_custom_url":null,"og_image_custom_fields":null,"og_video":null,"og_custom_url":null,"og_article_section":null,"og_article_tags":null,"twitter_use_og":false,"twitter_card":"default","twitter_image_type":"default","twitter_image_url":null,"twitter_image_custom_url":null,"twitter_image_custom_fields":null,"twitter_title":null,"twitter_description":null,"schema":{"blockGraphs":[],"customGraphs":[],"default":{"data":{"Article":[],"Course":[],"Dataset":[],"FAQPage":[],"Movie":[],"Person":[],"Product":[],"ProductReview":[],"Car":[],"Recipe":[],"Service":[],"SoftwareApplication":[],"WebPage":[]},"graphName":"","isEnabled":true},"graphs":[],"defaultGraph":"","defaultPostTypeGraph":""},"schema_type":null,"schema_type_options":null,"pillar_content":false,"robots_default":true,"robots_noindex":false,"robots_noarchive":false,"robots_nosnippet":false,"robots_nofollow":false,"robots_noimageindex":false,"robots_noodp":false,"robots_notranslate":false,"robots_max_snippet":null,"robots_max_videopreview":null,"robots_max_imagepreview":"large","priority":null,"frequency":null,"location":null,"local_seo":null,"seo_analyzer_scan_date":"2025-09-25 10:40:58","breadcrumb_settings":null,"limit_modified_date":false,"open_ai":null,"ai":null,"created":"2021-03-08 21:39:43","updated":"2025-09-25 10:40:58"},"aioseo_breadcrumb":"<div class=\"aioseo-breadcrumbs\"><span class=\"aioseo-breadcrumb\">\n\t<a href=\"https:\/\/eldigitaldeasturias.com\/magazine365\" title=\"Home\">Home<\/a>\n<\/span><span class=\"aioseo-breadcrumb-separator\">\u2013<\/span><span class=\"aioseo-breadcrumb\">\n\t<a href=\"https:\/\/eldigitaldeasturias.com\/magazine365\/category\/noticias-actualidad\/\" title=\"Noticias y Actualidad\">Noticias y Actualidad<\/a>\n<\/span><span class=\"aioseo-breadcrumb-separator\">\u2013<\/span><span class=\"aioseo-breadcrumb\">\n\t<a href=\"https:\/\/eldigitaldeasturias.com\/magazine365\/la-atb-promociona-la-gastronomia-balear-participando-en-madrid-fusion\/\" title=\"La ATB promociona la gastronom\u00eda balear participando en Madrid Fusi\u00f3n\">La ATB promociona la gastronom\u00eda balear participando en Madrid Fusi\u00f3n<\/a>\n<\/span><\/div>","aioseo_breadcrumb_json":[{"label":"Home","link":"https:\/\/eldigitaldeasturias.com\/magazine365"},{"label":"Noticias y Actualidad","link":"https:\/\/eldigitaldeasturias.com\/magazine365\/category\/noticias-actualidad\/"},{"label":"La ATB promociona la gastronom\u00eda balear participando en Madrid Fusi\u00f3n","link":"https:\/\/eldigitaldeasturias.com\/magazine365\/la-atb-promociona-la-gastronomia-balear-participando-en-madrid-fusion\/"}],"_links":{"self":[{"href":"https:\/\/eldigitaldeasturias.com\/magazine365\/wp-json\/wp\/v2\/posts\/62223","targetHints":{"allow":["GET"]}}],"collection":[{"href":"https:\/\/eldigitaldeasturias.com\/magazine365\/wp-json\/wp\/v2\/posts"}],"about":[{"href":"https:\/\/eldigitaldeasturias.com\/magazine365\/wp-json\/wp\/v2\/types\/post"}],"author":[{"embeddable":true,"href":"https:\/\/eldigitaldeasturias.com\/magazine365\/wp-json\/wp\/v2\/users\/1"}],"replies":[{"embeddable":true,"href":"https:\/\/eldigitaldeasturias.com\/magazine365\/wp-json\/wp\/v2\/comments?post=62223"}],"version-history":[{"count":0,"href":"https:\/\/eldigitaldeasturias.com\/magazine365\/wp-json\/wp\/v2\/posts\/62223\/revisions"}],"wp:featuredmedia":[{"embeddable":true,"href":"https:\/\/eldigitaldeasturias.com\/magazine365\/wp-json\/wp\/v2\/media\/62224"}],"wp:attachment":[{"href":"https:\/\/eldigitaldeasturias.com\/magazine365\/wp-json\/wp\/v2\/media?parent=62223"}],"wp:term":[{"taxonomy":"category","embeddable":true,"href":"https:\/\/eldigitaldeasturias.com\/magazine365\/wp-json\/wp\/v2\/categories?post=62223"},{"taxonomy":"post_tag","embeddable":true,"href":"https:\/\/eldigitaldeasturias.com\/magazine365\/wp-json\/wp\/v2\/tags?post=62223"}],"curies":[{"name":"wp","href":"https:\/\/api.w.org\/{rel}","templated":true}]}}