{"id":62208,"date":"2016-01-30T02:45:39","date_gmt":"2016-01-30T01:45:39","guid":{"rendered":"http:\/\/eldigitaldeasturias.com\/magazine365\/?p=62208"},"modified":"2016-01-30T02:45:39","modified_gmt":"2016-01-30T01:45:39","slug":"restaurantes-de-merida-ofreceran-tapas-que-mezclaran-la-cocina-extremena-e-iberoamericana-con-el-carnaval","status":"publish","type":"post","link":"https:\/\/eldigitaldeasturias.com\/magazine365\/restaurantes-de-merida-ofreceran-tapas-que-mezclaran-la-cocina-extremena-e-iberoamericana-con-el-carnaval\/","title":{"rendered":"Restaurantes de M\u00e9rida ofrecer\u00e1n tapas que mezclar\u00e1n la cocina extreme\u00f1a e iberoamericana con el Carnaval"},"content":{"rendered":"<p><img fetchpriority=\"high\" decoding=\"async\" class=\"alignleft size-medium wp-image-62209\" src=\"https:\/\/eldigitaldeasturias.com\/magazine365\/wp-content\/uploads\/2016\/01\/fotonoticia_20160126144752_800-200x300.jpg\" alt=\"fotonoticia_20160126144752_800\" width=\"200\" height=\"300\" srcset=\"https:\/\/eldigitaldeasturias.com\/magazine365\/wp-content\/uploads\/2016\/01\/fotonoticia_20160126144752_800-200x300.jpg 200w, https:\/\/eldigitaldeasturias.com\/magazine365\/wp-content\/uploads\/2016\/01\/fotonoticia_20160126144752_800-427x640.jpg 427w, https:\/\/eldigitaldeasturias.com\/magazine365\/wp-content\/uploads\/2016\/01\/fotonoticia_20160126144752_800-768x1152.jpg 768w, https:\/\/eldigitaldeasturias.com\/magazine365\/wp-content\/uploads\/2016\/01\/fotonoticia_20160126144752_800-150x225.jpg 150w, https:\/\/eldigitaldeasturias.com\/magazine365\/wp-content\/uploads\/2016\/01\/fotonoticia_20160126144752_800-450x675.jpg 450w, https:\/\/eldigitaldeasturias.com\/magazine365\/wp-content\/uploads\/2016\/01\/fotonoticia_20160126144752_800-696x1044.jpg 696w, https:\/\/eldigitaldeasturias.com\/magazine365\/wp-content\/uploads\/2016\/01\/fotonoticia_20160126144752_800-280x420.jpg 280w, https:\/\/eldigitaldeasturias.com\/magazine365\/wp-content\/uploads\/2016\/01\/fotonoticia_20160126144752_800.jpg 800w\" sizes=\"(max-width: 200px) 100vw, 200px\" \/>Restaurantes de M\u00e9rida ofrecer\u00e1n durante el carnaval de este a\u00f1o una tapa carnavalera y \u00abdivertida\u00bb que mezclar\u00e1 la cocina extreme\u00f1a e iberoamericana con la fiesta, ya que la localidad pacense es durante este a\u00f1o la Capital Iberoamericana de la Cultura Gastron\u00f3mica.<\/p>\n<p>As\u00ed, el Carnaval de M\u00e9rida de este a\u00f1o contar\u00e1 con cuatro d\u00edas de actividades para todos los p\u00fablicos con algunas propuestas de los carnavaleros para \u00abmejorar la fiesta\u00bb y con el preg\u00f3n de la cantante Soraya Arnelas, el 5 de febrero.<\/p>\n<p>La programaci\u00f3n del Carnaval Romano arranca este pr\u00f3ximo jueves, d\u00eda 28, con el Concurso de Chirigotas y Comparsas cuya final ser\u00e1 el 4 de febrero.<\/p>\n<p>Adem\u00e1s, el 5 de febrero tendr\u00e1 lugar el desfile escolar y tambi\u00e9n se realizar\u00e1 la entrega de premios del Concurso de Chirigotas y Comparsas, seg\u00fan ha informado el Ayuntamiento de M\u00e9rida en nota de prensa.<\/p>\n<p>La delegada de Festejos, Ana Aragoneses, ha presentado esta ma\u00f1ana en rueda de prensa el programa de actos y la revista del Carnaval Romano 2016, y ha se\u00f1alado que el trabajo del consistorio ha sido el de \u00abescuchar a los carnavaleros\u00bb<\/p>\n<p>Ana Aragoneses ha a\u00f1adido que el ayuntamiento emeritense quiere los ciudadanos \u00absalgan y disfruten del carnaval, que se disfracen y acudan a las actividades que va a haber en la ciudad\u00bb.<\/p>\n<p>DOMINGO DE ADAS<\/p>\n<p>Durante todo el fin de semana, diferentes locales privados organizan fiestas carnavaleras y habr\u00e1 Cantacalles por distintos lugares del centro de la ciudad.<\/p>\n<p>Adem\u00e1s, el 7 de febrero se celebrar\u00e1 el Domingo de Adas a partir de las 12,00 horas en la plaza de Espa\u00f1a, y a partir de las 16,30 horas tendr\u00e1 lugar el desfile de pasacalles.<\/p>\n<p>El lunes 8 de febrero se organizar\u00e1 el desfile infantil de carnaval y, por la noche, tendr\u00e1 lugar la novena edici\u00f3n del concurso de drag queen Tom\u00e1s Bravo.<\/p>\n<p>Por \u00faltimo, el 9 de febrero el carnaval finaliza con el entierro de la sardina, por lo que habr\u00e1 degustaciones en la Plaza del Padre Panero, a partir de las 13,00 horas, y la comitiva partir\u00e1 a las 17,00 horas con destino a las orillas del r\u00edo Guadiana.<\/p>\n","protected":false},"excerpt":{"rendered":"<p>Restaurantes de M\u00e9rida ofrecer\u00e1n durante el carnaval de este a\u00f1o una tapa carnavalera y \u00abdivertida\u00bb que mezclar\u00e1 la cocina extreme\u00f1a e iberoamericana con la fiesta, ya que la localidad pacense es durante este a\u00f1o la Capital Iberoamericana de la Cultura Gastron\u00f3mica. As\u00ed, el Carnaval de M\u00e9rida de este a\u00f1o contar\u00e1 con cuatro d\u00edas de actividades<\/p>\n","protected":false},"author":1,"featured_media":62209,"comment_status":"open","ping_status":"closed","sticky":false,"template":"","format":"standard","meta":{"footnotes":""},"categories":[224],"tags":[],"class_list":{"0":"post-62208","1":"post","2":"type-post","3":"status-publish","4":"format-standard","5":"has-post-thumbnail","7":"category-noticias-actualidad"},"aioseo_notices":[],"aioseo_head":"\n\t\t<!-- All in One SEO Pro 4.9.6.1 - aioseo.com -->\n\t<meta name=\"description\" content=\"Restaurantes de M\u00e9rida ofrecer\u00e1n durante el carnaval de este a\u00f1o una tapa carnavalera y &quot;divertida&quot; que mezclar\u00e1 la cocina extreme\u00f1a e iberoamericana con la fiesta, ya que la localidad pacense es durante este a\u00f1o la Capital Iberoamericana de la Cultura Gastron\u00f3mica. As\u00ed, el Carnaval de M\u00e9rida de este a\u00f1o contar\u00e1 con cuatro d\u00edas de actividades\" \/>\n\t<meta name=\"robots\" content=\"max-image-preview:large\" \/>\n\t<meta name=\"author\" content=\"admin\"\/>\n\t<meta name=\"google-site-verification\" content=\"UA-38556648-1\" \/>\n\t<meta name=\"keywords\" content=\"noticias y actualidad\" \/>\n\t<link rel=\"canonical\" href=\"https:\/\/eldigitaldeasturias.com\/magazine365\/restaurantes-de-merida-ofreceran-tapas-que-mezclaran-la-cocina-extremena-e-iberoamericana-con-el-carnaval\/\" \/>\n\t<meta name=\"generator\" content=\"All in One SEO Pro (AIOSEO) 4.9.6.1\" \/>\n\t\t<meta property=\"og:locale\" content=\"es_ES\" \/>\n\t\t<meta property=\"og:site_name\" content=\"El Digital de Asturias \u2013 Revista de ocio, turismo y estilo de vida\" \/>\n\t\t<meta property=\"og:type\" content=\"article\" \/>\n\t\t<meta property=\"og:title\" content=\"Restaurantes de M\u00e9rida ofrecer\u00e1n tapas que mezclar\u00e1n la cocina extreme\u00f1a e iberoamericana con el Carnaval | El Digital de Asturias\" \/>\n\t\t<meta property=\"og:description\" content=\"Restaurantes de M\u00e9rida ofrecer\u00e1n durante el carnaval de este a\u00f1o una tapa carnavalera y &quot;divertida&quot; que mezclar\u00e1 la cocina extreme\u00f1a e iberoamericana con la fiesta, ya que la localidad pacense es durante este a\u00f1o la Capital Iberoamericana de la Cultura Gastron\u00f3mica. As\u00ed, el Carnaval de M\u00e9rida de este a\u00f1o contar\u00e1 con cuatro d\u00edas de actividades\" \/>\n\t\t<meta property=\"og:url\" content=\"https:\/\/eldigitaldeasturias.com\/magazine365\/restaurantes-de-merida-ofreceran-tapas-que-mezclaran-la-cocina-extremena-e-iberoamericana-con-el-carnaval\/\" \/>\n\t\t<meta property=\"og:image\" content=\"https:\/\/eldigitaldeasturias.com\/magazine365\/wp-content\/uploads\/2016\/01\/fotonoticia_20160126144752_800.jpg\" \/>\n\t\t<meta property=\"og:image:secure_url\" content=\"https:\/\/eldigitaldeasturias.com\/magazine365\/wp-content\/uploads\/2016\/01\/fotonoticia_20160126144752_800.jpg\" \/>\n\t\t<meta property=\"og:image:width\" content=\"800\" \/>\n\t\t<meta property=\"og:image:height\" content=\"1200\" \/>\n\t\t<meta property=\"article:published_time\" content=\"2016-01-30T01:45:39+00:00\" \/>\n\t\t<meta property=\"article:modified_time\" content=\"2016-01-30T01:45:39+00:00\" \/>\n\t\t<meta name=\"twitter:card\" content=\"summary_large_image\" \/>\n\t\t<meta name=\"twitter:title\" content=\"Restaurantes de M\u00e9rida ofrecer\u00e1n tapas que mezclar\u00e1n la cocina extreme\u00f1a e iberoamericana con el Carnaval | El Digital de Asturias\" \/>\n\t\t<meta name=\"twitter:description\" content=\"Restaurantes de M\u00e9rida ofrecer\u00e1n durante el carnaval de este a\u00f1o una tapa carnavalera y &quot;divertida&quot; que mezclar\u00e1 la cocina extreme\u00f1a e iberoamericana con la fiesta, ya que la localidad pacense es durante este a\u00f1o la Capital Iberoamericana de la Cultura Gastron\u00f3mica. As\u00ed, el Carnaval de M\u00e9rida de este a\u00f1o contar\u00e1 con cuatro d\u00edas de actividades\" \/>\n\t\t<meta name=\"twitter:image\" content=\"https:\/\/eldigitaldeasturias.com\/magazine365\/wp-content\/uploads\/2016\/01\/fotonoticia_20160126144752_800.jpg\" \/>\n\t\t<script type=\"application\/ld+json\" class=\"aioseo-schema\">\n\t\t\t{\"@context\":\"https:\\\/\\\/schema.org\",\"@graph\":[{\"@type\":\"Article\",\"@id\":\"https:\\\/\\\/eldigitaldeasturias.com\\\/magazine365\\\/restaurantes-de-merida-ofreceran-tapas-que-mezclaran-la-cocina-extremena-e-iberoamericana-con-el-carnaval\\\/#article\",\"name\":\"Restaurantes de M\\u00e9rida ofrecer\\u00e1n tapas que mezclar\\u00e1n la cocina extreme\\u00f1a e iberoamericana con el Carnaval | El Digital de Asturias\",\"headline\":\"Restaurantes de M\\u00e9rida ofrecer\\u00e1n tapas que mezclar\\u00e1n la cocina extreme\\u00f1a e iberoamericana con el Carnaval\",\"author\":{\"@id\":\"https:\\\/\\\/eldigitaldeasturias.com\\\/magazine365\\\/author\\\/admin\\\/#author\"},\"publisher\":{\"@id\":\"https:\\\/\\\/eldigitaldeasturias.com\\\/magazine365\\\/#organization\"},\"image\":{\"@type\":\"ImageObject\",\"url\":\"https:\\\/\\\/eldigitaldeasturias.com\\\/magazine365\\\/wp-content\\\/uploads\\\/2016\\\/01\\\/fotonoticia_20160126144752_800.jpg\",\"width\":800,\"height\":1200},\"datePublished\":\"2016-01-30T02:45:39+01:00\",\"dateModified\":\"2016-01-30T02:45:39+01:00\",\"inLanguage\":\"es-ES\",\"mainEntityOfPage\":{\"@id\":\"https:\\\/\\\/eldigitaldeasturias.com\\\/magazine365\\\/restaurantes-de-merida-ofreceran-tapas-que-mezclaran-la-cocina-extremena-e-iberoamericana-con-el-carnaval\\\/#webpage\"},\"isPartOf\":{\"@id\":\"https:\\\/\\\/eldigitaldeasturias.com\\\/magazine365\\\/restaurantes-de-merida-ofreceran-tapas-que-mezclaran-la-cocina-extremena-e-iberoamericana-con-el-carnaval\\\/#webpage\"},\"articleSection\":\"Noticias y Actualidad\"},{\"@type\":\"BreadcrumbList\",\"@id\":\"https:\\\/\\\/eldigitaldeasturias.com\\\/magazine365\\\/restaurantes-de-merida-ofreceran-tapas-que-mezclaran-la-cocina-extremena-e-iberoamericana-con-el-carnaval\\\/#breadcrumblist\",\"itemListElement\":[{\"@type\":\"ListItem\",\"@id\":\"https:\\\/\\\/eldigitaldeasturias.com\\\/magazine365#listItem\",\"position\":1,\"name\":\"Home\",\"item\":\"https:\\\/\\\/eldigitaldeasturias.com\\\/magazine365\",\"nextItem\":{\"@type\":\"ListItem\",\"@id\":\"https:\\\/\\\/eldigitaldeasturias.com\\\/magazine365\\\/category\\\/noticias-actualidad\\\/#listItem\",\"name\":\"Noticias y Actualidad\"}},{\"@type\":\"ListItem\",\"@id\":\"https:\\\/\\\/eldigitaldeasturias.com\\\/magazine365\\\/category\\\/noticias-actualidad\\\/#listItem\",\"position\":2,\"name\":\"Noticias y Actualidad\",\"item\":\"https:\\\/\\\/eldigitaldeasturias.com\\\/magazine365\\\/category\\\/noticias-actualidad\\\/\",\"nextItem\":{\"@type\":\"ListItem\",\"@id\":\"https:\\\/\\\/eldigitaldeasturias.com\\\/magazine365\\\/restaurantes-de-merida-ofreceran-tapas-que-mezclaran-la-cocina-extremena-e-iberoamericana-con-el-carnaval\\\/#listItem\",\"name\":\"Restaurantes de M\\u00e9rida ofrecer\\u00e1n tapas que mezclar\\u00e1n la cocina extreme\\u00f1a e iberoamericana con el Carnaval\"},\"previousItem\":{\"@type\":\"ListItem\",\"@id\":\"https:\\\/\\\/eldigitaldeasturias.com\\\/magazine365#listItem\",\"name\":\"Home\"}},{\"@type\":\"ListItem\",\"@id\":\"https:\\\/\\\/eldigitaldeasturias.com\\\/magazine365\\\/restaurantes-de-merida-ofreceran-tapas-que-mezclaran-la-cocina-extremena-e-iberoamericana-con-el-carnaval\\\/#listItem\",\"position\":3,\"name\":\"Restaurantes de M\\u00e9rida ofrecer\\u00e1n tapas que mezclar\\u00e1n la cocina extreme\\u00f1a e iberoamericana con el Carnaval\",\"previousItem\":{\"@type\":\"ListItem\",\"@id\":\"https:\\\/\\\/eldigitaldeasturias.com\\\/magazine365\\\/category\\\/noticias-actualidad\\\/#listItem\",\"name\":\"Noticias y Actualidad\"}}]},{\"@type\":\"Organization\",\"@id\":\"https:\\\/\\\/eldigitaldeasturias.com\\\/magazine365\\\/#organization\",\"name\":\"El digital de Asturias\",\"description\":\"Revista de ocio, turismo y estilo de vida\",\"url\":\"https:\\\/\\\/eldigitaldeasturias.com\\\/magazine365\\\/\",\"logo\":{\"@type\":\"ImageObject\",\"url\":\"https:\\\/\\\/www.eldigitaldeasturias.com\\\/noticias\\\/wp-content\\\/uploads\\\/2020\\\/12\\\/EDA.jpg\",\"@id\":\"https:\\\/\\\/eldigitaldeasturias.com\\\/magazine365\\\/restaurantes-de-merida-ofreceran-tapas-que-mezclaran-la-cocina-extremena-e-iberoamericana-con-el-carnaval\\\/#organizationLogo\"},\"image\":{\"@id\":\"https:\\\/\\\/eldigitaldeasturias.com\\\/magazine365\\\/restaurantes-de-merida-ofreceran-tapas-que-mezclaran-la-cocina-extremena-e-iberoamericana-con-el-carnaval\\\/#organizationLogo\"}},{\"@type\":\"Person\",\"@id\":\"https:\\\/\\\/eldigitaldeasturias.com\\\/magazine365\\\/author\\\/admin\\\/#author\",\"url\":\"https:\\\/\\\/eldigitaldeasturias.com\\\/magazine365\\\/author\\\/admin\\\/\",\"name\":\"admin\",\"image\":{\"@type\":\"ImageObject\",\"@id\":\"https:\\\/\\\/eldigitaldeasturias.com\\\/magazine365\\\/restaurantes-de-merida-ofreceran-tapas-que-mezclaran-la-cocina-extremena-e-iberoamericana-con-el-carnaval\\\/#authorImage\",\"url\":\"https:\\\/\\\/eldigitaldeasturias.com\\\/magazine365\\\/wp-content\\\/litespeed\\\/avatar\\\/e571bcf59a0edd6fa6838245a470f2fe.jpg?ver=1776969259\",\"width\":96,\"height\":96,\"caption\":\"admin\"}},{\"@type\":\"WebPage\",\"@id\":\"https:\\\/\\\/eldigitaldeasturias.com\\\/magazine365\\\/restaurantes-de-merida-ofreceran-tapas-que-mezclaran-la-cocina-extremena-e-iberoamericana-con-el-carnaval\\\/#webpage\",\"url\":\"https:\\\/\\\/eldigitaldeasturias.com\\\/magazine365\\\/restaurantes-de-merida-ofreceran-tapas-que-mezclaran-la-cocina-extremena-e-iberoamericana-con-el-carnaval\\\/\",\"name\":\"Restaurantes de M\\u00e9rida ofrecer\\u00e1n tapas que mezclar\\u00e1n la cocina extreme\\u00f1a e iberoamericana con el Carnaval | El Digital de Asturias\",\"description\":\"Restaurantes de M\\u00e9rida ofrecer\\u00e1n durante el carnaval de este a\\u00f1o una tapa carnavalera y \\\"divertida\\\" que mezclar\\u00e1 la cocina extreme\\u00f1a e iberoamericana con la fiesta, ya que la localidad pacense es durante este a\\u00f1o la Capital Iberoamericana de la Cultura Gastron\\u00f3mica. As\\u00ed, el Carnaval de M\\u00e9rida de este a\\u00f1o contar\\u00e1 con cuatro d\\u00edas de actividades\",\"inLanguage\":\"es-ES\",\"isPartOf\":{\"@id\":\"https:\\\/\\\/eldigitaldeasturias.com\\\/magazine365\\\/#website\"},\"breadcrumb\":{\"@id\":\"https:\\\/\\\/eldigitaldeasturias.com\\\/magazine365\\\/restaurantes-de-merida-ofreceran-tapas-que-mezclaran-la-cocina-extremena-e-iberoamericana-con-el-carnaval\\\/#breadcrumblist\"},\"author\":{\"@id\":\"https:\\\/\\\/eldigitaldeasturias.com\\\/magazine365\\\/author\\\/admin\\\/#author\"},\"creator\":{\"@id\":\"https:\\\/\\\/eldigitaldeasturias.com\\\/magazine365\\\/author\\\/admin\\\/#author\"},\"image\":{\"@type\":\"ImageObject\",\"url\":\"https:\\\/\\\/eldigitaldeasturias.com\\\/magazine365\\\/wp-content\\\/uploads\\\/2016\\\/01\\\/fotonoticia_20160126144752_800.jpg\",\"@id\":\"https:\\\/\\\/eldigitaldeasturias.com\\\/magazine365\\\/restaurantes-de-merida-ofreceran-tapas-que-mezclaran-la-cocina-extremena-e-iberoamericana-con-el-carnaval\\\/#mainImage\",\"width\":800,\"height\":1200},\"primaryImageOfPage\":{\"@id\":\"https:\\\/\\\/eldigitaldeasturias.com\\\/magazine365\\\/restaurantes-de-merida-ofreceran-tapas-que-mezclaran-la-cocina-extremena-e-iberoamericana-con-el-carnaval\\\/#mainImage\"},\"datePublished\":\"2016-01-30T02:45:39+01:00\",\"dateModified\":\"2016-01-30T02:45:39+01:00\"},{\"@type\":\"WebSite\",\"@id\":\"https:\\\/\\\/eldigitaldeasturias.com\\\/magazine365\\\/#website\",\"url\":\"https:\\\/\\\/eldigitaldeasturias.com\\\/magazine365\\\/\",\"name\":\"El Digital de Asturias\",\"description\":\"Revista de ocio, turismo y estilo de vida\",\"inLanguage\":\"es-ES\",\"publisher\":{\"@id\":\"https:\\\/\\\/eldigitaldeasturias.com\\\/magazine365\\\/#organization\"}}]}\n\t\t<\/script>\n\t\t<!-- All in One SEO Pro -->\r\n\t\t<title>Restaurantes de M\u00e9rida ofrecer\u00e1n tapas que mezclar\u00e1n la cocina extreme\u00f1a e iberoamericana con el Carnaval | El Digital de Asturias<\/title>\n\n","aioseo_head_json":{"title":"Restaurantes de M\u00e9rida ofrecer\u00e1n tapas que mezclar\u00e1n la cocina extreme\u00f1a e iberoamericana con el Carnaval | El Digital de Asturias","description":"Restaurantes de M\u00e9rida ofrecer\u00e1n durante el carnaval de este a\u00f1o una tapa carnavalera y \"divertida\" que mezclar\u00e1 la cocina extreme\u00f1a e iberoamericana con la fiesta, ya que la localidad pacense es durante este a\u00f1o la Capital Iberoamericana de la Cultura Gastron\u00f3mica. As\u00ed, el Carnaval de M\u00e9rida de este a\u00f1o contar\u00e1 con cuatro d\u00edas de actividades","canonical_url":"https:\/\/eldigitaldeasturias.com\/magazine365\/restaurantes-de-merida-ofreceran-tapas-que-mezclaran-la-cocina-extremena-e-iberoamericana-con-el-carnaval\/","robots":"max-image-preview:large","keywords":"noticias y actualidad","webmasterTools":{"google-site-verification":"UA-38556648-1","miscellaneous":""},"schema":{"@context":"https:\/\/schema.org","@graph":[{"@type":"Article","@id":"https:\/\/eldigitaldeasturias.com\/magazine365\/restaurantes-de-merida-ofreceran-tapas-que-mezclaran-la-cocina-extremena-e-iberoamericana-con-el-carnaval\/#article","name":"Restaurantes de M\u00e9rida ofrecer\u00e1n tapas que mezclar\u00e1n la cocina extreme\u00f1a e iberoamericana con el Carnaval | El Digital de Asturias","headline":"Restaurantes de M\u00e9rida ofrecer\u00e1n tapas que mezclar\u00e1n la cocina extreme\u00f1a e iberoamericana con el Carnaval","author":{"@id":"https:\/\/eldigitaldeasturias.com\/magazine365\/author\/admin\/#author"},"publisher":{"@id":"https:\/\/eldigitaldeasturias.com\/magazine365\/#organization"},"image":{"@type":"ImageObject","url":"https:\/\/eldigitaldeasturias.com\/magazine365\/wp-content\/uploads\/2016\/01\/fotonoticia_20160126144752_800.jpg","width":800,"height":1200},"datePublished":"2016-01-30T02:45:39+01:00","dateModified":"2016-01-30T02:45:39+01:00","inLanguage":"es-ES","mainEntityOfPage":{"@id":"https:\/\/eldigitaldeasturias.com\/magazine365\/restaurantes-de-merida-ofreceran-tapas-que-mezclaran-la-cocina-extremena-e-iberoamericana-con-el-carnaval\/#webpage"},"isPartOf":{"@id":"https:\/\/eldigitaldeasturias.com\/magazine365\/restaurantes-de-merida-ofreceran-tapas-que-mezclaran-la-cocina-extremena-e-iberoamericana-con-el-carnaval\/#webpage"},"articleSection":"Noticias y Actualidad"},{"@type":"BreadcrumbList","@id":"https:\/\/eldigitaldeasturias.com\/magazine365\/restaurantes-de-merida-ofreceran-tapas-que-mezclaran-la-cocina-extremena-e-iberoamericana-con-el-carnaval\/#breadcrumblist","itemListElement":[{"@type":"ListItem","@id":"https:\/\/eldigitaldeasturias.com\/magazine365#listItem","position":1,"name":"Home","item":"https:\/\/eldigitaldeasturias.com\/magazine365","nextItem":{"@type":"ListItem","@id":"https:\/\/eldigitaldeasturias.com\/magazine365\/category\/noticias-actualidad\/#listItem","name":"Noticias y Actualidad"}},{"@type":"ListItem","@id":"https:\/\/eldigitaldeasturias.com\/magazine365\/category\/noticias-actualidad\/#listItem","position":2,"name":"Noticias y Actualidad","item":"https:\/\/eldigitaldeasturias.com\/magazine365\/category\/noticias-actualidad\/","nextItem":{"@type":"ListItem","@id":"https:\/\/eldigitaldeasturias.com\/magazine365\/restaurantes-de-merida-ofreceran-tapas-que-mezclaran-la-cocina-extremena-e-iberoamericana-con-el-carnaval\/#listItem","name":"Restaurantes de M\u00e9rida ofrecer\u00e1n tapas que mezclar\u00e1n la cocina extreme\u00f1a e iberoamericana con el Carnaval"},"previousItem":{"@type":"ListItem","@id":"https:\/\/eldigitaldeasturias.com\/magazine365#listItem","name":"Home"}},{"@type":"ListItem","@id":"https:\/\/eldigitaldeasturias.com\/magazine365\/restaurantes-de-merida-ofreceran-tapas-que-mezclaran-la-cocina-extremena-e-iberoamericana-con-el-carnaval\/#listItem","position":3,"name":"Restaurantes de M\u00e9rida ofrecer\u00e1n tapas que mezclar\u00e1n la cocina extreme\u00f1a e iberoamericana con el Carnaval","previousItem":{"@type":"ListItem","@id":"https:\/\/eldigitaldeasturias.com\/magazine365\/category\/noticias-actualidad\/#listItem","name":"Noticias y Actualidad"}}]},{"@type":"Organization","@id":"https:\/\/eldigitaldeasturias.com\/magazine365\/#organization","name":"El digital de Asturias","description":"Revista de ocio, turismo y estilo de vida","url":"https:\/\/eldigitaldeasturias.com\/magazine365\/","logo":{"@type":"ImageObject","url":"https:\/\/www.eldigitaldeasturias.com\/noticias\/wp-content\/uploads\/2020\/12\/EDA.jpg","@id":"https:\/\/eldigitaldeasturias.com\/magazine365\/restaurantes-de-merida-ofreceran-tapas-que-mezclaran-la-cocina-extremena-e-iberoamericana-con-el-carnaval\/#organizationLogo"},"image":{"@id":"https:\/\/eldigitaldeasturias.com\/magazine365\/restaurantes-de-merida-ofreceran-tapas-que-mezclaran-la-cocina-extremena-e-iberoamericana-con-el-carnaval\/#organizationLogo"}},{"@type":"Person","@id":"https:\/\/eldigitaldeasturias.com\/magazine365\/author\/admin\/#author","url":"https:\/\/eldigitaldeasturias.com\/magazine365\/author\/admin\/","name":"admin","image":{"@type":"ImageObject","@id":"https:\/\/eldigitaldeasturias.com\/magazine365\/restaurantes-de-merida-ofreceran-tapas-que-mezclaran-la-cocina-extremena-e-iberoamericana-con-el-carnaval\/#authorImage","url":"https:\/\/eldigitaldeasturias.com\/magazine365\/wp-content\/litespeed\/avatar\/e571bcf59a0edd6fa6838245a470f2fe.jpg?ver=1776969259","width":96,"height":96,"caption":"admin"}},{"@type":"WebPage","@id":"https:\/\/eldigitaldeasturias.com\/magazine365\/restaurantes-de-merida-ofreceran-tapas-que-mezclaran-la-cocina-extremena-e-iberoamericana-con-el-carnaval\/#webpage","url":"https:\/\/eldigitaldeasturias.com\/magazine365\/restaurantes-de-merida-ofreceran-tapas-que-mezclaran-la-cocina-extremena-e-iberoamericana-con-el-carnaval\/","name":"Restaurantes de M\u00e9rida ofrecer\u00e1n tapas que mezclar\u00e1n la cocina extreme\u00f1a e iberoamericana con el Carnaval | El Digital de Asturias","description":"Restaurantes de M\u00e9rida ofrecer\u00e1n durante el carnaval de este a\u00f1o una tapa carnavalera y \"divertida\" que mezclar\u00e1 la cocina extreme\u00f1a e iberoamericana con la fiesta, ya que la localidad pacense es durante este a\u00f1o la Capital Iberoamericana de la Cultura Gastron\u00f3mica. As\u00ed, el Carnaval de M\u00e9rida de este a\u00f1o contar\u00e1 con cuatro d\u00edas de actividades","inLanguage":"es-ES","isPartOf":{"@id":"https:\/\/eldigitaldeasturias.com\/magazine365\/#website"},"breadcrumb":{"@id":"https:\/\/eldigitaldeasturias.com\/magazine365\/restaurantes-de-merida-ofreceran-tapas-que-mezclaran-la-cocina-extremena-e-iberoamericana-con-el-carnaval\/#breadcrumblist"},"author":{"@id":"https:\/\/eldigitaldeasturias.com\/magazine365\/author\/admin\/#author"},"creator":{"@id":"https:\/\/eldigitaldeasturias.com\/magazine365\/author\/admin\/#author"},"image":{"@type":"ImageObject","url":"https:\/\/eldigitaldeasturias.com\/magazine365\/wp-content\/uploads\/2016\/01\/fotonoticia_20160126144752_800.jpg","@id":"https:\/\/eldigitaldeasturias.com\/magazine365\/restaurantes-de-merida-ofreceran-tapas-que-mezclaran-la-cocina-extremena-e-iberoamericana-con-el-carnaval\/#mainImage","width":800,"height":1200},"primaryImageOfPage":{"@id":"https:\/\/eldigitaldeasturias.com\/magazine365\/restaurantes-de-merida-ofreceran-tapas-que-mezclaran-la-cocina-extremena-e-iberoamericana-con-el-carnaval\/#mainImage"},"datePublished":"2016-01-30T02:45:39+01:00","dateModified":"2016-01-30T02:45:39+01:00"},{"@type":"WebSite","@id":"https:\/\/eldigitaldeasturias.com\/magazine365\/#website","url":"https:\/\/eldigitaldeasturias.com\/magazine365\/","name":"El Digital de Asturias","description":"Revista de ocio, turismo y estilo de vida","inLanguage":"es-ES","publisher":{"@id":"https:\/\/eldigitaldeasturias.com\/magazine365\/#organization"}}]},"og:locale":"es_ES","og:site_name":"El Digital de Asturias \u2013 Revista de ocio, turismo y estilo de vida","og:type":"article","og:title":"Restaurantes de M\u00e9rida ofrecer\u00e1n tapas que mezclar\u00e1n la cocina extreme\u00f1a e iberoamericana con el Carnaval | El Digital de Asturias","og:description":"Restaurantes de M\u00e9rida ofrecer\u00e1n durante el carnaval de este a\u00f1o una tapa carnavalera y &quot;divertida&quot; que mezclar\u00e1 la cocina extreme\u00f1a e iberoamericana con la fiesta, ya que la localidad pacense es durante este a\u00f1o la Capital Iberoamericana de la Cultura Gastron\u00f3mica. As\u00ed, el Carnaval de M\u00e9rida de este a\u00f1o contar\u00e1 con cuatro d\u00edas de actividades","og:url":"https:\/\/eldigitaldeasturias.com\/magazine365\/restaurantes-de-merida-ofreceran-tapas-que-mezclaran-la-cocina-extremena-e-iberoamericana-con-el-carnaval\/","og:image":"https:\/\/eldigitaldeasturias.com\/magazine365\/wp-content\/uploads\/2016\/01\/fotonoticia_20160126144752_800.jpg","og:image:secure_url":"https:\/\/eldigitaldeasturias.com\/magazine365\/wp-content\/uploads\/2016\/01\/fotonoticia_20160126144752_800.jpg","og:image:width":800,"og:image:height":1200,"article:published_time":"2016-01-30T01:45:39+00:00","article:modified_time":"2016-01-30T01:45:39+00:00","twitter:card":"summary_large_image","twitter:title":"Restaurantes de M\u00e9rida ofrecer\u00e1n tapas que mezclar\u00e1n la cocina extreme\u00f1a e iberoamericana con el Carnaval | El Digital de Asturias","twitter:description":"Restaurantes de M\u00e9rida ofrecer\u00e1n durante el carnaval de este a\u00f1o una tapa carnavalera y &quot;divertida&quot; que mezclar\u00e1 la cocina extreme\u00f1a e iberoamericana con la fiesta, ya que la localidad pacense es durante este a\u00f1o la Capital Iberoamericana de la Cultura Gastron\u00f3mica. As\u00ed, el Carnaval de M\u00e9rida de este a\u00f1o contar\u00e1 con cuatro d\u00edas de actividades","twitter:image":"https:\/\/eldigitaldeasturias.com\/magazine365\/wp-content\/uploads\/2016\/01\/fotonoticia_20160126144752_800.jpg"},"aioseo_meta_data":{"post_id":"62208","title":null,"description":null,"keywords":null,"keyphrases":null,"primary_term":null,"canonical_url":null,"og_title":null,"og_description":null,"og_object_type":"default","og_image_type":"default","og_image_url":null,"og_image_width":null,"og_image_height":null,"og_image_custom_url":null,"og_image_custom_fields":null,"og_video":null,"og_custom_url":null,"og_article_section":null,"og_article_tags":null,"twitter_use_og":false,"twitter_card":"default","twitter_image_type":"default","twitter_image_url":null,"twitter_image_custom_url":null,"twitter_image_custom_fields":null,"twitter_title":null,"twitter_description":null,"schema":{"blockGraphs":[],"customGraphs":[],"default":{"data":{"Article":[],"Course":[],"Dataset":[],"FAQPage":[],"Movie":[],"Person":[],"Product":[],"ProductReview":[],"Car":[],"Recipe":[],"Service":[],"SoftwareApplication":[],"WebPage":[]},"graphName":"","isEnabled":true},"graphs":[],"defaultGraph":"","defaultPostTypeGraph":""},"schema_type":null,"schema_type_options":null,"pillar_content":false,"robots_default":true,"robots_noindex":false,"robots_noarchive":false,"robots_nosnippet":false,"robots_nofollow":false,"robots_noimageindex":false,"robots_noodp":false,"robots_notranslate":false,"robots_max_snippet":null,"robots_max_videopreview":null,"robots_max_imagepreview":"large","priority":null,"frequency":null,"location":null,"local_seo":null,"seo_analyzer_scan_date":"2025-09-25 10:38:34","breadcrumb_settings":null,"limit_modified_date":false,"open_ai":null,"ai":null,"created":"2021-03-08 21:39:43","updated":"2025-09-25 10:38:34"},"aioseo_breadcrumb":"<div class=\"aioseo-breadcrumbs\"><span class=\"aioseo-breadcrumb\">\n\t<a href=\"https:\/\/eldigitaldeasturias.com\/magazine365\" title=\"Home\">Home<\/a>\n<\/span><span class=\"aioseo-breadcrumb-separator\">\u2013<\/span><span class=\"aioseo-breadcrumb\">\n\t<a href=\"https:\/\/eldigitaldeasturias.com\/magazine365\/category\/noticias-actualidad\/\" title=\"Noticias y Actualidad\">Noticias y Actualidad<\/a>\n<\/span><span class=\"aioseo-breadcrumb-separator\">\u2013<\/span><span class=\"aioseo-breadcrumb\">\n\t<a href=\"https:\/\/eldigitaldeasturias.com\/magazine365\/restaurantes-de-merida-ofreceran-tapas-que-mezclaran-la-cocina-extremena-e-iberoamericana-con-el-carnaval\/\" title=\"Restaurantes de M\u00e9rida ofrecer\u00e1n tapas que mezclar\u00e1n la cocina extreme\u00f1a e iberoamericana con el Carnaval\">Restaurantes de M\u00e9rida ofrecer\u00e1n tapas que mezclar\u00e1n la cocina extreme\u00f1a e iberoamericana con el Carnaval<\/a>\n<\/span><\/div>","aioseo_breadcrumb_json":[{"label":"Home","link":"https:\/\/eldigitaldeasturias.com\/magazine365"},{"label":"Noticias y Actualidad","link":"https:\/\/eldigitaldeasturias.com\/magazine365\/category\/noticias-actualidad\/"},{"label":"Restaurantes de M\u00e9rida ofrecer\u00e1n tapas que mezclar\u00e1n la cocina extreme\u00f1a e iberoamericana con el Carnaval","link":"https:\/\/eldigitaldeasturias.com\/magazine365\/restaurantes-de-merida-ofreceran-tapas-que-mezclaran-la-cocina-extremena-e-iberoamericana-con-el-carnaval\/"}],"_links":{"self":[{"href":"https:\/\/eldigitaldeasturias.com\/magazine365\/wp-json\/wp\/v2\/posts\/62208","targetHints":{"allow":["GET"]}}],"collection":[{"href":"https:\/\/eldigitaldeasturias.com\/magazine365\/wp-json\/wp\/v2\/posts"}],"about":[{"href":"https:\/\/eldigitaldeasturias.com\/magazine365\/wp-json\/wp\/v2\/types\/post"}],"author":[{"embeddable":true,"href":"https:\/\/eldigitaldeasturias.com\/magazine365\/wp-json\/wp\/v2\/users\/1"}],"replies":[{"embeddable":true,"href":"https:\/\/eldigitaldeasturias.com\/magazine365\/wp-json\/wp\/v2\/comments?post=62208"}],"version-history":[{"count":0,"href":"https:\/\/eldigitaldeasturias.com\/magazine365\/wp-json\/wp\/v2\/posts\/62208\/revisions"}],"wp:featuredmedia":[{"embeddable":true,"href":"https:\/\/eldigitaldeasturias.com\/magazine365\/wp-json\/wp\/v2\/media\/62209"}],"wp:attachment":[{"href":"https:\/\/eldigitaldeasturias.com\/magazine365\/wp-json\/wp\/v2\/media?parent=62208"}],"wp:term":[{"taxonomy":"category","embeddable":true,"href":"https:\/\/eldigitaldeasturias.com\/magazine365\/wp-json\/wp\/v2\/categories?post=62208"},{"taxonomy":"post_tag","embeddable":true,"href":"https:\/\/eldigitaldeasturias.com\/magazine365\/wp-json\/wp\/v2\/tags?post=62208"}],"curies":[{"name":"wp","href":"https:\/\/api.w.org\/{rel}","templated":true}]}}