{"id":62187,"date":"2016-01-30T02:36:33","date_gmt":"2016-01-30T01:36:33","guid":{"rendered":"http:\/\/eldigitaldeasturias.com\/magazine365\/?p=62187"},"modified":"2016-01-30T02:36:33","modified_gmt":"2016-01-30T01:36:33","slug":"el-alcalde-de-granada-matiza-que-la-tasa-turistica-no-busca-hacer-caja-y-seria-bien-invertida","status":"publish","type":"post","link":"https:\/\/eldigitaldeasturias.com\/magazine365\/el-alcalde-de-granada-matiza-que-la-tasa-turistica-no-busca-hacer-caja-y-seria-bien-invertida\/","title":{"rendered":"El alcalde de Granada matiza que la tasa tur\u00edstica no busca \u00abhacer caja\u00bb y ser\u00eda \u00abbien invertida\u00bb"},"content":{"rendered":"<p><img fetchpriority=\"high\" decoding=\"async\" class=\"alignleft size-medium wp-image-62188\" src=\"https:\/\/eldigitaldeasturias.com\/magazine365\/wp-content\/uploads\/2016\/01\/fotonoticia_20160126135227_800-360x203.jpg\" alt=\"fotonoticia_20160126135227_800\" width=\"360\" height=\"203\" srcset=\"https:\/\/eldigitaldeasturias.com\/magazine365\/wp-content\/uploads\/2016\/01\/fotonoticia_20160126135227_800-360x203.jpg 360w, https:\/\/eldigitaldeasturias.com\/magazine365\/wp-content\/uploads\/2016\/01\/fotonoticia_20160126135227_800-650x366.jpg 650w, https:\/\/eldigitaldeasturias.com\/magazine365\/wp-content\/uploads\/2016\/01\/fotonoticia_20160126135227_800-768x432.jpg 768w, https:\/\/eldigitaldeasturias.com\/magazine365\/wp-content\/uploads\/2016\/01\/fotonoticia_20160126135227_800-150x84.jpg 150w, https:\/\/eldigitaldeasturias.com\/magazine365\/wp-content\/uploads\/2016\/01\/fotonoticia_20160126135227_800-450x253.jpg 450w, https:\/\/eldigitaldeasturias.com\/magazine365\/wp-content\/uploads\/2016\/01\/fotonoticia_20160126135227_800-696x392.jpg 696w, https:\/\/eldigitaldeasturias.com\/magazine365\/wp-content\/uploads\/2016\/01\/fotonoticia_20160126135227_800-747x420.jpg 747w, https:\/\/eldigitaldeasturias.com\/magazine365\/wp-content\/uploads\/2016\/01\/fotonoticia_20160126135227_800-499x280.jpg 499w, https:\/\/eldigitaldeasturias.com\/magazine365\/wp-content\/uploads\/2016\/01\/fotonoticia_20160126135227_800-510x289.jpg 510w, https:\/\/eldigitaldeasturias.com\/magazine365\/wp-content\/uploads\/2016\/01\/fotonoticia_20160126135227_800.jpg 800w\" sizes=\"(max-width: 360px) 100vw, 360px\" \/>El alcalde de Granada, Jos\u00e9 Torres Hurtado (PP), ha matizado este martes que la tasa tur\u00edstica que se ha propuesto aplicar en los hoteles de la ciudad \u00abno busca hacer caja\u00bb sino \u00abmejorar\u00bb el sector tur\u00edstico, de forma que ser\u00eda \u00abbien invertida\u00bb con este prop\u00f3sito.<\/p>\n<p>Torres Hurtado ha se\u00f1alado a preguntas de los periodistas que en los lugares en los que se aplica esta tasa es de car\u00e1cter auton\u00f3mico, como es el caso de Barcelona o las Islas Baleares, y sin querer profundizar en este debate ha a\u00f1adido que las ciudades punteras en el sector tur\u00edstico cuentan con esta clase de impuesto que, en todo caso, ha a\u00f1adido, deber\u00e1 ser \u00abdiscutido con el sector\u00bb.<\/p>\n<p>Tras citar a Roma, Par\u00eds o Nueva York como otros lugares donde se aplica, el regidor se ha mostrado convencido de que a los turistas no les importa pagar un euro m\u00e1s durante su estancia si se encuentran las ciudades mejor y con mejores servicios dirigidos a ellos.<\/p>\n<p>\u00abLo importante de la tasa tur\u00edstica es c\u00f3mo la invertimos para favorecer y promocionar el turismo de la ciudad\u00bb, ha a\u00f1adido, garantizando que la pretensi\u00f3n del Ayuntamiento no es en ning\u00fan caso \u00abhacer caja\u00bb con este impuesto.<\/p>\n<p>En el borrador presupuestario que el equipo de gobierno (PP) ha trasladado a los grupos de la oposici\u00f3n para negociar las cuentas de 2016, el Ayuntamiento calcula que el cobro de la tasa tur\u00edstica a los visitantes que pernocten en los hoteles de la ciudad reportar\u00eda tres millones de euros anuales a las arcas municipales, una medida que podr\u00eda sumarse a la instalaci\u00f3n de un peaje en los accesos a la Alhambra como nueva fuente de ingresos.<\/p>\n<p>Preguntado sobre el acto vand\u00e1lico registrado en la placa que se\u00f1aliza la tapia del Cementerio de San Jos\u00e9 de Granada como Lugar de Memoria Hist\u00f3rica de Andaluc\u00eda, donde se han escrito proclamas a favor de Franco, el alcalde ha dicho que el cartel ser\u00e1 reparado y lo ha enmarcado en el vandalismo que sufre la ciudad con la proliferaci\u00f3n de pintadas.<\/p>\n<p>Ha recordado que el Ayuntamiento de Granada est\u00e1 tratando de impulsar un proyecto para la instalaci\u00f3n de c\u00e1maras que permita proteger el patrimonio y ha pedido \u00abresponsabilidad y sentido com\u00fan\u00bb a los ciudadanos para que \u00abcuiden las cosas\u00bb.<\/p>\n<p>Sobre el informe que la Comisi\u00f3n de Garant\u00edas de Videovigilancia del Tribunal Superior de Justicia de Andaluc\u00eda (TSJA) ha solicitado al Consistorio para completar el expediente, Torres Hurtado ha mantenido que ha sido un problema de la Delegaci\u00f3n del Gobierno, que ha dejado sin enviar un documento que recoge la informaci\u00f3n que falta y que los t\u00e9cnicos remitir\u00e1n lo antes posible a este \u00f3rgano.<\/p>\n<p>En la misma rueda de prensa el Ayuntamiento de Granada se ha pronunciado a preguntas de los periodistas sobre la reapertura de la Biblioteca de Las Palomas del Zaid\u00edn, defendiendo que ha hecho un \u00abesfuerzo brutal\u00bb de dotaci\u00f3n de personal y de fondos bibliogr\u00e1ficos para tenerlo todo a punto para el funcionamiento de este espacio cultural.<\/p>\n<p>No obstante, el concejal de Cultura, Juan Garc\u00eda Montero (PP), ha precisado que el asunto est\u00e1 pendiente del proceso administrativo que debe culminar la Junta para devolver a la ciudad este espacio y ha aprovechado el contexto para solicitar la agilizaci\u00f3n de este expediente.<\/p>\n","protected":false},"excerpt":{"rendered":"<p>El alcalde de Granada, Jos\u00e9 Torres Hurtado (PP), ha matizado este martes que la tasa tur\u00edstica que se ha propuesto aplicar en los hoteles de la ciudad \u00abno busca hacer caja\u00bb sino \u00abmejorar\u00bb el sector tur\u00edstico, de forma que ser\u00eda \u00abbien invertida\u00bb con este prop\u00f3sito. Torres Hurtado ha se\u00f1alado a preguntas de los periodistas que<\/p>\n","protected":false},"author":1,"featured_media":62188,"comment_status":"open","ping_status":"closed","sticky":false,"template":"","format":"standard","meta":{"footnotes":""},"categories":[224],"tags":[],"class_list":{"0":"post-62187","1":"post","2":"type-post","3":"status-publish","4":"format-standard","5":"has-post-thumbnail","7":"category-noticias-actualidad"},"aioseo_notices":[],"aioseo_head":"\n\t\t<!-- All in One SEO Pro 4.9.6.1 - aioseo.com -->\n\t<meta name=\"description\" content=\"El alcalde de Granada, Jos\u00e9 Torres Hurtado (PP), ha matizado este martes que la tasa tur\u00edstica que se ha propuesto aplicar en los hoteles de la ciudad &quot;no busca hacer caja&quot; sino &quot;mejorar&quot; el sector tur\u00edstico, de forma que ser\u00eda &quot;bien invertida&quot; con este prop\u00f3sito. Torres Hurtado ha se\u00f1alado a preguntas de los periodistas que\" \/>\n\t<meta name=\"robots\" content=\"max-image-preview:large\" \/>\n\t<meta name=\"author\" content=\"admin\"\/>\n\t<meta name=\"google-site-verification\" content=\"UA-38556648-1\" \/>\n\t<meta name=\"keywords\" content=\"noticias y actualidad\" \/>\n\t<link rel=\"canonical\" href=\"https:\/\/eldigitaldeasturias.com\/magazine365\/el-alcalde-de-granada-matiza-que-la-tasa-turistica-no-busca-hacer-caja-y-seria-bien-invertida\/\" \/>\n\t<meta name=\"generator\" content=\"All in One SEO Pro (AIOSEO) 4.9.6.1\" \/>\n\t\t<meta property=\"og:locale\" content=\"es_ES\" \/>\n\t\t<meta property=\"og:site_name\" content=\"El Digital de Asturias \u2013 Revista de ocio, turismo y estilo de vida\" \/>\n\t\t<meta property=\"og:type\" content=\"article\" \/>\n\t\t<meta property=\"og:title\" content=\"El alcalde de Granada matiza que la tasa tur\u00edstica no busca \u00abhacer caja\u00bb y ser\u00eda \u00abbien invertida\u00bb | El Digital de Asturias\" \/>\n\t\t<meta property=\"og:description\" content=\"El alcalde de Granada, Jos\u00e9 Torres Hurtado (PP), ha matizado este martes que la tasa tur\u00edstica que se ha propuesto aplicar en los hoteles de la ciudad &quot;no busca hacer caja&quot; sino &quot;mejorar&quot; el sector tur\u00edstico, de forma que ser\u00eda &quot;bien invertida&quot; con este prop\u00f3sito. Torres Hurtado ha se\u00f1alado a preguntas de los periodistas que\" \/>\n\t\t<meta property=\"og:url\" content=\"https:\/\/eldigitaldeasturias.com\/magazine365\/el-alcalde-de-granada-matiza-que-la-tasa-turistica-no-busca-hacer-caja-y-seria-bien-invertida\/\" \/>\n\t\t<meta property=\"og:image\" content=\"https:\/\/eldigitaldeasturias.com\/magazine365\/wp-content\/uploads\/2016\/01\/fotonoticia_20160126135227_800.jpg\" \/>\n\t\t<meta property=\"og:image:secure_url\" content=\"https:\/\/eldigitaldeasturias.com\/magazine365\/wp-content\/uploads\/2016\/01\/fotonoticia_20160126135227_800.jpg\" \/>\n\t\t<meta property=\"og:image:width\" content=\"800\" \/>\n\t\t<meta property=\"og:image:height\" content=\"450\" \/>\n\t\t<meta property=\"article:published_time\" content=\"2016-01-30T01:36:33+00:00\" \/>\n\t\t<meta property=\"article:modified_time\" content=\"2016-01-30T01:36:33+00:00\" \/>\n\t\t<meta name=\"twitter:card\" content=\"summary_large_image\" \/>\n\t\t<meta name=\"twitter:title\" content=\"El alcalde de Granada matiza que la tasa tur\u00edstica no busca \u00abhacer caja\u00bb y ser\u00eda \u00abbien invertida\u00bb | El Digital de Asturias\" \/>\n\t\t<meta name=\"twitter:description\" content=\"El alcalde de Granada, Jos\u00e9 Torres Hurtado (PP), ha matizado este martes que la tasa tur\u00edstica que se ha propuesto aplicar en los hoteles de la ciudad &quot;no busca hacer caja&quot; sino &quot;mejorar&quot; el sector tur\u00edstico, de forma que ser\u00eda &quot;bien invertida&quot; con este prop\u00f3sito. Torres Hurtado ha se\u00f1alado a preguntas de los periodistas que\" \/>\n\t\t<meta name=\"twitter:image\" content=\"https:\/\/eldigitaldeasturias.com\/magazine365\/wp-content\/uploads\/2016\/01\/fotonoticia_20160126135227_800.jpg\" \/>\n\t\t<script type=\"application\/ld+json\" class=\"aioseo-schema\">\n\t\t\t{\"@context\":\"https:\\\/\\\/schema.org\",\"@graph\":[{\"@type\":\"Article\",\"@id\":\"https:\\\/\\\/eldigitaldeasturias.com\\\/magazine365\\\/el-alcalde-de-granada-matiza-que-la-tasa-turistica-no-busca-hacer-caja-y-seria-bien-invertida\\\/#article\",\"name\":\"El alcalde de Granada matiza que la tasa tur\\u00edstica no busca \\u00abhacer caja\\u00bb y ser\\u00eda \\u00abbien invertida\\u00bb | El Digital de Asturias\",\"headline\":\"El alcalde de Granada matiza que la tasa tur\\u00edstica no busca \\u00abhacer caja\\u00bb y ser\\u00eda \\u00abbien invertida\\u00bb\",\"author\":{\"@id\":\"https:\\\/\\\/eldigitaldeasturias.com\\\/magazine365\\\/author\\\/admin\\\/#author\"},\"publisher\":{\"@id\":\"https:\\\/\\\/eldigitaldeasturias.com\\\/magazine365\\\/#organization\"},\"image\":{\"@type\":\"ImageObject\",\"url\":\"https:\\\/\\\/eldigitaldeasturias.com\\\/magazine365\\\/wp-content\\\/uploads\\\/2016\\\/01\\\/fotonoticia_20160126135227_800.jpg\",\"width\":800,\"height\":450},\"datePublished\":\"2016-01-30T02:36:33+01:00\",\"dateModified\":\"2016-01-30T02:36:33+01:00\",\"inLanguage\":\"es-ES\",\"mainEntityOfPage\":{\"@id\":\"https:\\\/\\\/eldigitaldeasturias.com\\\/magazine365\\\/el-alcalde-de-granada-matiza-que-la-tasa-turistica-no-busca-hacer-caja-y-seria-bien-invertida\\\/#webpage\"},\"isPartOf\":{\"@id\":\"https:\\\/\\\/eldigitaldeasturias.com\\\/magazine365\\\/el-alcalde-de-granada-matiza-que-la-tasa-turistica-no-busca-hacer-caja-y-seria-bien-invertida\\\/#webpage\"},\"articleSection\":\"Noticias y Actualidad\"},{\"@type\":\"BreadcrumbList\",\"@id\":\"https:\\\/\\\/eldigitaldeasturias.com\\\/magazine365\\\/el-alcalde-de-granada-matiza-que-la-tasa-turistica-no-busca-hacer-caja-y-seria-bien-invertida\\\/#breadcrumblist\",\"itemListElement\":[{\"@type\":\"ListItem\",\"@id\":\"https:\\\/\\\/eldigitaldeasturias.com\\\/magazine365#listItem\",\"position\":1,\"name\":\"Home\",\"item\":\"https:\\\/\\\/eldigitaldeasturias.com\\\/magazine365\",\"nextItem\":{\"@type\":\"ListItem\",\"@id\":\"https:\\\/\\\/eldigitaldeasturias.com\\\/magazine365\\\/category\\\/noticias-actualidad\\\/#listItem\",\"name\":\"Noticias y Actualidad\"}},{\"@type\":\"ListItem\",\"@id\":\"https:\\\/\\\/eldigitaldeasturias.com\\\/magazine365\\\/category\\\/noticias-actualidad\\\/#listItem\",\"position\":2,\"name\":\"Noticias y Actualidad\",\"item\":\"https:\\\/\\\/eldigitaldeasturias.com\\\/magazine365\\\/category\\\/noticias-actualidad\\\/\",\"nextItem\":{\"@type\":\"ListItem\",\"@id\":\"https:\\\/\\\/eldigitaldeasturias.com\\\/magazine365\\\/el-alcalde-de-granada-matiza-que-la-tasa-turistica-no-busca-hacer-caja-y-seria-bien-invertida\\\/#listItem\",\"name\":\"El alcalde de Granada matiza que la tasa tur\\u00edstica no busca \\u00abhacer caja\\u00bb y ser\\u00eda \\u00abbien invertida\\u00bb\"},\"previousItem\":{\"@type\":\"ListItem\",\"@id\":\"https:\\\/\\\/eldigitaldeasturias.com\\\/magazine365#listItem\",\"name\":\"Home\"}},{\"@type\":\"ListItem\",\"@id\":\"https:\\\/\\\/eldigitaldeasturias.com\\\/magazine365\\\/el-alcalde-de-granada-matiza-que-la-tasa-turistica-no-busca-hacer-caja-y-seria-bien-invertida\\\/#listItem\",\"position\":3,\"name\":\"El alcalde de Granada matiza que la tasa tur\\u00edstica no busca \\u00abhacer caja\\u00bb y ser\\u00eda \\u00abbien invertida\\u00bb\",\"previousItem\":{\"@type\":\"ListItem\",\"@id\":\"https:\\\/\\\/eldigitaldeasturias.com\\\/magazine365\\\/category\\\/noticias-actualidad\\\/#listItem\",\"name\":\"Noticias y Actualidad\"}}]},{\"@type\":\"Organization\",\"@id\":\"https:\\\/\\\/eldigitaldeasturias.com\\\/magazine365\\\/#organization\",\"name\":\"El digital de Asturias\",\"description\":\"Revista de ocio, turismo y estilo de vida\",\"url\":\"https:\\\/\\\/eldigitaldeasturias.com\\\/magazine365\\\/\",\"logo\":{\"@type\":\"ImageObject\",\"url\":\"https:\\\/\\\/www.eldigitaldeasturias.com\\\/noticias\\\/wp-content\\\/uploads\\\/2020\\\/12\\\/EDA.jpg\",\"@id\":\"https:\\\/\\\/eldigitaldeasturias.com\\\/magazine365\\\/el-alcalde-de-granada-matiza-que-la-tasa-turistica-no-busca-hacer-caja-y-seria-bien-invertida\\\/#organizationLogo\"},\"image\":{\"@id\":\"https:\\\/\\\/eldigitaldeasturias.com\\\/magazine365\\\/el-alcalde-de-granada-matiza-que-la-tasa-turistica-no-busca-hacer-caja-y-seria-bien-invertida\\\/#organizationLogo\"}},{\"@type\":\"Person\",\"@id\":\"https:\\\/\\\/eldigitaldeasturias.com\\\/magazine365\\\/author\\\/admin\\\/#author\",\"url\":\"https:\\\/\\\/eldigitaldeasturias.com\\\/magazine365\\\/author\\\/admin\\\/\",\"name\":\"admin\",\"image\":{\"@type\":\"ImageObject\",\"@id\":\"https:\\\/\\\/eldigitaldeasturias.com\\\/magazine365\\\/el-alcalde-de-granada-matiza-que-la-tasa-turistica-no-busca-hacer-caja-y-seria-bien-invertida\\\/#authorImage\",\"url\":\"https:\\\/\\\/eldigitaldeasturias.com\\\/magazine365\\\/wp-content\\\/litespeed\\\/avatar\\\/e571bcf59a0edd6fa6838245a470f2fe.jpg?ver=1776969259\",\"width\":96,\"height\":96,\"caption\":\"admin\"}},{\"@type\":\"WebPage\",\"@id\":\"https:\\\/\\\/eldigitaldeasturias.com\\\/magazine365\\\/el-alcalde-de-granada-matiza-que-la-tasa-turistica-no-busca-hacer-caja-y-seria-bien-invertida\\\/#webpage\",\"url\":\"https:\\\/\\\/eldigitaldeasturias.com\\\/magazine365\\\/el-alcalde-de-granada-matiza-que-la-tasa-turistica-no-busca-hacer-caja-y-seria-bien-invertida\\\/\",\"name\":\"El alcalde de Granada matiza que la tasa tur\\u00edstica no busca \\u00abhacer caja\\u00bb y ser\\u00eda \\u00abbien invertida\\u00bb | El Digital de Asturias\",\"description\":\"El alcalde de Granada, Jos\\u00e9 Torres Hurtado (PP), ha matizado este martes que la tasa tur\\u00edstica que se ha propuesto aplicar en los hoteles de la ciudad \\\"no busca hacer caja\\\" sino \\\"mejorar\\\" el sector tur\\u00edstico, de forma que ser\\u00eda \\\"bien invertida\\\" con este prop\\u00f3sito. Torres Hurtado ha se\\u00f1alado a preguntas de los periodistas que\",\"inLanguage\":\"es-ES\",\"isPartOf\":{\"@id\":\"https:\\\/\\\/eldigitaldeasturias.com\\\/magazine365\\\/#website\"},\"breadcrumb\":{\"@id\":\"https:\\\/\\\/eldigitaldeasturias.com\\\/magazine365\\\/el-alcalde-de-granada-matiza-que-la-tasa-turistica-no-busca-hacer-caja-y-seria-bien-invertida\\\/#breadcrumblist\"},\"author\":{\"@id\":\"https:\\\/\\\/eldigitaldeasturias.com\\\/magazine365\\\/author\\\/admin\\\/#author\"},\"creator\":{\"@id\":\"https:\\\/\\\/eldigitaldeasturias.com\\\/magazine365\\\/author\\\/admin\\\/#author\"},\"image\":{\"@type\":\"ImageObject\",\"url\":\"https:\\\/\\\/eldigitaldeasturias.com\\\/magazine365\\\/wp-content\\\/uploads\\\/2016\\\/01\\\/fotonoticia_20160126135227_800.jpg\",\"@id\":\"https:\\\/\\\/eldigitaldeasturias.com\\\/magazine365\\\/el-alcalde-de-granada-matiza-que-la-tasa-turistica-no-busca-hacer-caja-y-seria-bien-invertida\\\/#mainImage\",\"width\":800,\"height\":450},\"primaryImageOfPage\":{\"@id\":\"https:\\\/\\\/eldigitaldeasturias.com\\\/magazine365\\\/el-alcalde-de-granada-matiza-que-la-tasa-turistica-no-busca-hacer-caja-y-seria-bien-invertida\\\/#mainImage\"},\"datePublished\":\"2016-01-30T02:36:33+01:00\",\"dateModified\":\"2016-01-30T02:36:33+01:00\"},{\"@type\":\"WebSite\",\"@id\":\"https:\\\/\\\/eldigitaldeasturias.com\\\/magazine365\\\/#website\",\"url\":\"https:\\\/\\\/eldigitaldeasturias.com\\\/magazine365\\\/\",\"name\":\"El Digital de Asturias\",\"description\":\"Revista de ocio, turismo y estilo de vida\",\"inLanguage\":\"es-ES\",\"publisher\":{\"@id\":\"https:\\\/\\\/eldigitaldeasturias.com\\\/magazine365\\\/#organization\"}}]}\n\t\t<\/script>\n\t\t<!-- All in One SEO Pro -->\r\n\t\t<title>El alcalde de Granada matiza que la tasa tur\u00edstica no busca \u00abhacer caja\u00bb y ser\u00eda \u00abbien invertida\u00bb | El Digital de Asturias<\/title>\n\n","aioseo_head_json":{"title":"El alcalde de Granada matiza que la tasa tur\u00edstica no busca \u00abhacer caja\u00bb y ser\u00eda \u00abbien invertida\u00bb | El Digital de Asturias","description":"El alcalde de Granada, Jos\u00e9 Torres Hurtado (PP), ha matizado este martes que la tasa tur\u00edstica que se ha propuesto aplicar en los hoteles de la ciudad \"no busca hacer caja\" sino \"mejorar\" el sector tur\u00edstico, de forma que ser\u00eda \"bien invertida\" con este prop\u00f3sito. Torres Hurtado ha se\u00f1alado a preguntas de los periodistas que","canonical_url":"https:\/\/eldigitaldeasturias.com\/magazine365\/el-alcalde-de-granada-matiza-que-la-tasa-turistica-no-busca-hacer-caja-y-seria-bien-invertida\/","robots":"max-image-preview:large","keywords":"noticias y actualidad","webmasterTools":{"google-site-verification":"UA-38556648-1","miscellaneous":""},"schema":{"@context":"https:\/\/schema.org","@graph":[{"@type":"Article","@id":"https:\/\/eldigitaldeasturias.com\/magazine365\/el-alcalde-de-granada-matiza-que-la-tasa-turistica-no-busca-hacer-caja-y-seria-bien-invertida\/#article","name":"El alcalde de Granada matiza que la tasa tur\u00edstica no busca \u00abhacer caja\u00bb y ser\u00eda \u00abbien invertida\u00bb | El Digital de Asturias","headline":"El alcalde de Granada matiza que la tasa tur\u00edstica no busca \u00abhacer caja\u00bb y ser\u00eda \u00abbien invertida\u00bb","author":{"@id":"https:\/\/eldigitaldeasturias.com\/magazine365\/author\/admin\/#author"},"publisher":{"@id":"https:\/\/eldigitaldeasturias.com\/magazine365\/#organization"},"image":{"@type":"ImageObject","url":"https:\/\/eldigitaldeasturias.com\/magazine365\/wp-content\/uploads\/2016\/01\/fotonoticia_20160126135227_800.jpg","width":800,"height":450},"datePublished":"2016-01-30T02:36:33+01:00","dateModified":"2016-01-30T02:36:33+01:00","inLanguage":"es-ES","mainEntityOfPage":{"@id":"https:\/\/eldigitaldeasturias.com\/magazine365\/el-alcalde-de-granada-matiza-que-la-tasa-turistica-no-busca-hacer-caja-y-seria-bien-invertida\/#webpage"},"isPartOf":{"@id":"https:\/\/eldigitaldeasturias.com\/magazine365\/el-alcalde-de-granada-matiza-que-la-tasa-turistica-no-busca-hacer-caja-y-seria-bien-invertida\/#webpage"},"articleSection":"Noticias y Actualidad"},{"@type":"BreadcrumbList","@id":"https:\/\/eldigitaldeasturias.com\/magazine365\/el-alcalde-de-granada-matiza-que-la-tasa-turistica-no-busca-hacer-caja-y-seria-bien-invertida\/#breadcrumblist","itemListElement":[{"@type":"ListItem","@id":"https:\/\/eldigitaldeasturias.com\/magazine365#listItem","position":1,"name":"Home","item":"https:\/\/eldigitaldeasturias.com\/magazine365","nextItem":{"@type":"ListItem","@id":"https:\/\/eldigitaldeasturias.com\/magazine365\/category\/noticias-actualidad\/#listItem","name":"Noticias y Actualidad"}},{"@type":"ListItem","@id":"https:\/\/eldigitaldeasturias.com\/magazine365\/category\/noticias-actualidad\/#listItem","position":2,"name":"Noticias y Actualidad","item":"https:\/\/eldigitaldeasturias.com\/magazine365\/category\/noticias-actualidad\/","nextItem":{"@type":"ListItem","@id":"https:\/\/eldigitaldeasturias.com\/magazine365\/el-alcalde-de-granada-matiza-que-la-tasa-turistica-no-busca-hacer-caja-y-seria-bien-invertida\/#listItem","name":"El alcalde de Granada matiza que la tasa tur\u00edstica no busca \u00abhacer caja\u00bb y ser\u00eda \u00abbien invertida\u00bb"},"previousItem":{"@type":"ListItem","@id":"https:\/\/eldigitaldeasturias.com\/magazine365#listItem","name":"Home"}},{"@type":"ListItem","@id":"https:\/\/eldigitaldeasturias.com\/magazine365\/el-alcalde-de-granada-matiza-que-la-tasa-turistica-no-busca-hacer-caja-y-seria-bien-invertida\/#listItem","position":3,"name":"El alcalde de Granada matiza que la tasa tur\u00edstica no busca \u00abhacer caja\u00bb y ser\u00eda \u00abbien invertida\u00bb","previousItem":{"@type":"ListItem","@id":"https:\/\/eldigitaldeasturias.com\/magazine365\/category\/noticias-actualidad\/#listItem","name":"Noticias y Actualidad"}}]},{"@type":"Organization","@id":"https:\/\/eldigitaldeasturias.com\/magazine365\/#organization","name":"El digital de Asturias","description":"Revista de ocio, turismo y estilo de vida","url":"https:\/\/eldigitaldeasturias.com\/magazine365\/","logo":{"@type":"ImageObject","url":"https:\/\/www.eldigitaldeasturias.com\/noticias\/wp-content\/uploads\/2020\/12\/EDA.jpg","@id":"https:\/\/eldigitaldeasturias.com\/magazine365\/el-alcalde-de-granada-matiza-que-la-tasa-turistica-no-busca-hacer-caja-y-seria-bien-invertida\/#organizationLogo"},"image":{"@id":"https:\/\/eldigitaldeasturias.com\/magazine365\/el-alcalde-de-granada-matiza-que-la-tasa-turistica-no-busca-hacer-caja-y-seria-bien-invertida\/#organizationLogo"}},{"@type":"Person","@id":"https:\/\/eldigitaldeasturias.com\/magazine365\/author\/admin\/#author","url":"https:\/\/eldigitaldeasturias.com\/magazine365\/author\/admin\/","name":"admin","image":{"@type":"ImageObject","@id":"https:\/\/eldigitaldeasturias.com\/magazine365\/el-alcalde-de-granada-matiza-que-la-tasa-turistica-no-busca-hacer-caja-y-seria-bien-invertida\/#authorImage","url":"https:\/\/eldigitaldeasturias.com\/magazine365\/wp-content\/litespeed\/avatar\/e571bcf59a0edd6fa6838245a470f2fe.jpg?ver=1776969259","width":96,"height":96,"caption":"admin"}},{"@type":"WebPage","@id":"https:\/\/eldigitaldeasturias.com\/magazine365\/el-alcalde-de-granada-matiza-que-la-tasa-turistica-no-busca-hacer-caja-y-seria-bien-invertida\/#webpage","url":"https:\/\/eldigitaldeasturias.com\/magazine365\/el-alcalde-de-granada-matiza-que-la-tasa-turistica-no-busca-hacer-caja-y-seria-bien-invertida\/","name":"El alcalde de Granada matiza que la tasa tur\u00edstica no busca \u00abhacer caja\u00bb y ser\u00eda \u00abbien invertida\u00bb | El Digital de Asturias","description":"El alcalde de Granada, Jos\u00e9 Torres Hurtado (PP), ha matizado este martes que la tasa tur\u00edstica que se ha propuesto aplicar en los hoteles de la ciudad \"no busca hacer caja\" sino \"mejorar\" el sector tur\u00edstico, de forma que ser\u00eda \"bien invertida\" con este prop\u00f3sito. Torres Hurtado ha se\u00f1alado a preguntas de los periodistas que","inLanguage":"es-ES","isPartOf":{"@id":"https:\/\/eldigitaldeasturias.com\/magazine365\/#website"},"breadcrumb":{"@id":"https:\/\/eldigitaldeasturias.com\/magazine365\/el-alcalde-de-granada-matiza-que-la-tasa-turistica-no-busca-hacer-caja-y-seria-bien-invertida\/#breadcrumblist"},"author":{"@id":"https:\/\/eldigitaldeasturias.com\/magazine365\/author\/admin\/#author"},"creator":{"@id":"https:\/\/eldigitaldeasturias.com\/magazine365\/author\/admin\/#author"},"image":{"@type":"ImageObject","url":"https:\/\/eldigitaldeasturias.com\/magazine365\/wp-content\/uploads\/2016\/01\/fotonoticia_20160126135227_800.jpg","@id":"https:\/\/eldigitaldeasturias.com\/magazine365\/el-alcalde-de-granada-matiza-que-la-tasa-turistica-no-busca-hacer-caja-y-seria-bien-invertida\/#mainImage","width":800,"height":450},"primaryImageOfPage":{"@id":"https:\/\/eldigitaldeasturias.com\/magazine365\/el-alcalde-de-granada-matiza-que-la-tasa-turistica-no-busca-hacer-caja-y-seria-bien-invertida\/#mainImage"},"datePublished":"2016-01-30T02:36:33+01:00","dateModified":"2016-01-30T02:36:33+01:00"},{"@type":"WebSite","@id":"https:\/\/eldigitaldeasturias.com\/magazine365\/#website","url":"https:\/\/eldigitaldeasturias.com\/magazine365\/","name":"El Digital de Asturias","description":"Revista de ocio, turismo y estilo de vida","inLanguage":"es-ES","publisher":{"@id":"https:\/\/eldigitaldeasturias.com\/magazine365\/#organization"}}]},"og:locale":"es_ES","og:site_name":"El Digital de Asturias \u2013 Revista de ocio, turismo y estilo de vida","og:type":"article","og:title":"El alcalde de Granada matiza que la tasa tur\u00edstica no busca \u00abhacer caja\u00bb y ser\u00eda \u00abbien invertida\u00bb | El Digital de Asturias","og:description":"El alcalde de Granada, Jos\u00e9 Torres Hurtado (PP), ha matizado este martes que la tasa tur\u00edstica que se ha propuesto aplicar en los hoteles de la ciudad &quot;no busca hacer caja&quot; sino &quot;mejorar&quot; el sector tur\u00edstico, de forma que ser\u00eda &quot;bien invertida&quot; con este prop\u00f3sito. Torres Hurtado ha se\u00f1alado a preguntas de los periodistas que","og:url":"https:\/\/eldigitaldeasturias.com\/magazine365\/el-alcalde-de-granada-matiza-que-la-tasa-turistica-no-busca-hacer-caja-y-seria-bien-invertida\/","og:image":"https:\/\/eldigitaldeasturias.com\/magazine365\/wp-content\/uploads\/2016\/01\/fotonoticia_20160126135227_800.jpg","og:image:secure_url":"https:\/\/eldigitaldeasturias.com\/magazine365\/wp-content\/uploads\/2016\/01\/fotonoticia_20160126135227_800.jpg","og:image:width":800,"og:image:height":450,"article:published_time":"2016-01-30T01:36:33+00:00","article:modified_time":"2016-01-30T01:36:33+00:00","twitter:card":"summary_large_image","twitter:title":"El alcalde de Granada matiza que la tasa tur\u00edstica no busca \u00abhacer caja\u00bb y ser\u00eda \u00abbien invertida\u00bb | El Digital de Asturias","twitter:description":"El alcalde de Granada, Jos\u00e9 Torres Hurtado (PP), ha matizado este martes que la tasa tur\u00edstica que se ha propuesto aplicar en los hoteles de la ciudad &quot;no busca hacer caja&quot; sino &quot;mejorar&quot; el sector tur\u00edstico, de forma que ser\u00eda &quot;bien invertida&quot; con este prop\u00f3sito. Torres Hurtado ha se\u00f1alado a preguntas de los periodistas que","twitter:image":"https:\/\/eldigitaldeasturias.com\/magazine365\/wp-content\/uploads\/2016\/01\/fotonoticia_20160126135227_800.jpg"},"aioseo_meta_data":{"post_id":"62187","title":null,"description":null,"keywords":null,"keyphrases":null,"primary_term":null,"canonical_url":null,"og_title":null,"og_description":null,"og_object_type":"default","og_image_type":"default","og_image_url":null,"og_image_width":null,"og_image_height":null,"og_image_custom_url":null,"og_image_custom_fields":null,"og_video":null,"og_custom_url":null,"og_article_section":null,"og_article_tags":null,"twitter_use_og":false,"twitter_card":"default","twitter_image_type":"default","twitter_image_url":null,"twitter_image_custom_url":null,"twitter_image_custom_fields":null,"twitter_title":null,"twitter_description":null,"schema":{"blockGraphs":[],"customGraphs":[],"default":{"data":{"Article":[],"Course":[],"Dataset":[],"FAQPage":[],"Movie":[],"Person":[],"Product":[],"ProductReview":[],"Car":[],"Recipe":[],"Service":[],"SoftwareApplication":[],"WebPage":[]},"graphName":"","isEnabled":true},"graphs":[],"defaultGraph":"","defaultPostTypeGraph":""},"schema_type":null,"schema_type_options":null,"pillar_content":false,"robots_default":true,"robots_noindex":false,"robots_noarchive":false,"robots_nosnippet":false,"robots_nofollow":false,"robots_noimageindex":false,"robots_noodp":false,"robots_notranslate":false,"robots_max_snippet":null,"robots_max_videopreview":null,"robots_max_imagepreview":"large","priority":null,"frequency":null,"location":null,"local_seo":null,"seo_analyzer_scan_date":"2025-09-25 10:37:11","breadcrumb_settings":null,"limit_modified_date":false,"open_ai":null,"ai":null,"created":"2021-03-08 21:39:43","updated":"2025-09-25 10:37:11"},"aioseo_breadcrumb":"<div class=\"aioseo-breadcrumbs\"><span class=\"aioseo-breadcrumb\">\n\t<a href=\"https:\/\/eldigitaldeasturias.com\/magazine365\" title=\"Home\">Home<\/a>\n<\/span><span class=\"aioseo-breadcrumb-separator\">\u2013<\/span><span class=\"aioseo-breadcrumb\">\n\t<a href=\"https:\/\/eldigitaldeasturias.com\/magazine365\/category\/noticias-actualidad\/\" title=\"Noticias y Actualidad\">Noticias y Actualidad<\/a>\n<\/span><span class=\"aioseo-breadcrumb-separator\">\u2013<\/span><span class=\"aioseo-breadcrumb\">\n\t<a href=\"https:\/\/eldigitaldeasturias.com\/magazine365\/el-alcalde-de-granada-matiza-que-la-tasa-turistica-no-busca-hacer-caja-y-seria-bien-invertida\/\" title=\"El alcalde de Granada matiza que la tasa tur\u00edstica no busca \u00abhacer caja\u00bb y ser\u00eda \u00abbien invertida\u00bb\">El alcalde de Granada matiza que la tasa tur\u00edstica no busca \u00abhacer caja\u00bb y ser\u00eda \u00abbien invertida\u00bb<\/a>\n<\/span><\/div>","aioseo_breadcrumb_json":[{"label":"Home","link":"https:\/\/eldigitaldeasturias.com\/magazine365"},{"label":"Noticias y Actualidad","link":"https:\/\/eldigitaldeasturias.com\/magazine365\/category\/noticias-actualidad\/"},{"label":"El alcalde de Granada matiza que la tasa tur\u00edstica no busca \u00abhacer caja\u00bb y ser\u00eda \u00abbien invertida\u00bb","link":"https:\/\/eldigitaldeasturias.com\/magazine365\/el-alcalde-de-granada-matiza-que-la-tasa-turistica-no-busca-hacer-caja-y-seria-bien-invertida\/"}],"_links":{"self":[{"href":"https:\/\/eldigitaldeasturias.com\/magazine365\/wp-json\/wp\/v2\/posts\/62187","targetHints":{"allow":["GET"]}}],"collection":[{"href":"https:\/\/eldigitaldeasturias.com\/magazine365\/wp-json\/wp\/v2\/posts"}],"about":[{"href":"https:\/\/eldigitaldeasturias.com\/magazine365\/wp-json\/wp\/v2\/types\/post"}],"author":[{"embeddable":true,"href":"https:\/\/eldigitaldeasturias.com\/magazine365\/wp-json\/wp\/v2\/users\/1"}],"replies":[{"embeddable":true,"href":"https:\/\/eldigitaldeasturias.com\/magazine365\/wp-json\/wp\/v2\/comments?post=62187"}],"version-history":[{"count":0,"href":"https:\/\/eldigitaldeasturias.com\/magazine365\/wp-json\/wp\/v2\/posts\/62187\/revisions"}],"wp:featuredmedia":[{"embeddable":true,"href":"https:\/\/eldigitaldeasturias.com\/magazine365\/wp-json\/wp\/v2\/media\/62188"}],"wp:attachment":[{"href":"https:\/\/eldigitaldeasturias.com\/magazine365\/wp-json\/wp\/v2\/media?parent=62187"}],"wp:term":[{"taxonomy":"category","embeddable":true,"href":"https:\/\/eldigitaldeasturias.com\/magazine365\/wp-json\/wp\/v2\/categories?post=62187"},{"taxonomy":"post_tag","embeddable":true,"href":"https:\/\/eldigitaldeasturias.com\/magazine365\/wp-json\/wp\/v2\/tags?post=62187"}],"curies":[{"name":"wp","href":"https:\/\/api.w.org\/{rel}","templated":true}]}}