{"id":62177,"date":"2016-01-30T02:32:55","date_gmt":"2016-01-30T01:32:55","guid":{"rendered":"http:\/\/eldigitaldeasturias.com\/magazine365\/?p=62177"},"modified":"2016-01-30T02:32:55","modified_gmt":"2016-01-30T01:32:55","slug":"inaugurada-la-nueva-linea-de-carga-de-la-naviera-frs-que-conectara-los-puertos-de-motril-y-tanger","status":"publish","type":"post","link":"https:\/\/eldigitaldeasturias.com\/magazine365\/inaugurada-la-nueva-linea-de-carga-de-la-naviera-frs-que-conectara-los-puertos-de-motril-y-tanger\/","title":{"rendered":"Inaugurada la nueva l\u00ednea de carga de la naviera FRS que conectar\u00e1 los puertos de Motril y T\u00e1nger"},"content":{"rendered":"<p><img fetchpriority=\"high\" decoding=\"async\" class=\"alignleft size-medium wp-image-62178\" src=\"https:\/\/eldigitaldeasturias.com\/magazine365\/wp-content\/uploads\/2016\/01\/fotonoticia_20160126134243_800-360x209.jpg\" alt=\"fotonoticia_20160126134243_800\" width=\"360\" height=\"209\" srcset=\"https:\/\/eldigitaldeasturias.com\/magazine365\/wp-content\/uploads\/2016\/01\/fotonoticia_20160126134243_800-360x209.jpg 360w, https:\/\/eldigitaldeasturias.com\/magazine365\/wp-content\/uploads\/2016\/01\/fotonoticia_20160126134243_800-650x378.jpg 650w, https:\/\/eldigitaldeasturias.com\/magazine365\/wp-content\/uploads\/2016\/01\/fotonoticia_20160126134243_800-768x446.jpg 768w, https:\/\/eldigitaldeasturias.com\/magazine365\/wp-content\/uploads\/2016\/01\/fotonoticia_20160126134243_800-150x87.jpg 150w, https:\/\/eldigitaldeasturias.com\/magazine365\/wp-content\/uploads\/2016\/01\/fotonoticia_20160126134243_800-450x262.jpg 450w, https:\/\/eldigitaldeasturias.com\/magazine365\/wp-content\/uploads\/2016\/01\/fotonoticia_20160126134243_800-696x405.jpg 696w, https:\/\/eldigitaldeasturias.com\/magazine365\/wp-content\/uploads\/2016\/01\/fotonoticia_20160126134243_800-723x420.jpg 723w, https:\/\/eldigitaldeasturias.com\/magazine365\/wp-content\/uploads\/2016\/01\/fotonoticia_20160126134243_800-172x100.jpg 172w, https:\/\/eldigitaldeasturias.com\/magazine365\/wp-content\/uploads\/2016\/01\/fotonoticia_20160126134243_800.jpg 800w\" sizes=\"(max-width: 360px) 100vw, 360px\" \/>La naviera FRS Ib\u00e9rica ha inaugurado su nueva l\u00ednea de carga que desde este mi\u00e9rcoles conectar\u00e1 los puertos de Motril (Granada) y T\u00e1nger Med a trav\u00e9s del buque &#8216;Kattegat&#8217;, que prev\u00e9 un tr\u00e1fico de unos 20.000 camiones anuales y que en las pr\u00f3ximas semanas podr\u00eda incluir tambi\u00e9n el transporte de pasajeros, una vez que lo autorice el Reino de Marruecos.<\/p>\n<p>La inauguraci\u00f3n de esta nueva l\u00ednea ha contado con la presencia del presidente de Puertos del Estado, Jos\u00e9 Llorca, el codirector general de FRS, Moritz Bruns, el presidente de la Autoridad Portuaria de Motril, Francisco \u00c1lvarez de la Chica, el presidente de la Diputaci\u00f3n de Granada, Jos\u00e9 Entrena, la delegada del Gobierno de la Junta, Sandra Garc\u00eda, y la alcaldesa de Motril, Flor Alm\u00f3n.<\/p>\n<p>Adem\u00e1s, ha asistido el consejero del grupo FRS Ib\u00e9rica Luis Mora, quien ha explicado que el buque &#8216;Kattegat&#8217;, que ser\u00e1 sustituido en las pr\u00f3ximas semanas por otro, cuenta con capacidad para 70 camiones y 1.000 pasajeros. La l\u00ednea, que saldr\u00e1 a las 11,00 horas desde Motril y volver\u00e1 desde T\u00e1nger a las 00,00 horas, se inicia como ro-ro, es decir s\u00f3lo como transporte de carga, pero la compa\u00f1\u00eda, con la oficina central en Tarifa (C\u00e1diz), conf\u00eda en que las autoridades marroqu\u00edes acepten \u00aben las pr\u00f3ximas semanas\u00bb el tr\u00e1nsito de veh\u00edculos y pasajeros.<\/p>\n<p>\u00abLas expectativas son muy buenas\u00bb, ha dicho Mora, quien ha destacado la posici\u00f3n estrat\u00e9gica del puerto de Motril, al ser el m\u00e1s cercano a Madrid, y el ahorro econ\u00f3mico y de emisi\u00f3n de humos y gases que supondr\u00e1 esta nueva conexi\u00f3n, que prev\u00e9 el transporte de unos 20.000 camiones al a\u00f1o, es decir, el 10 por ciento de lo que actualmente se mueve en todas las l\u00edneas del Estrecho.<\/p>\n<p>El consejero de FRS, que ha puesto de manifiesto adem\u00e1s el desarrollo creciente del norte de Marruecos, ha considerado que esta nueva l\u00ednea, una vez se habilite para pasajeros, supondr\u00e1 el \u00absoporte ideal\u00bb para la Operaci\u00f3n Paso del Estrecho (OPE) con la posibilidad de una conexi\u00f3n con T\u00e1nger en unas siete horas de trayecto.<\/p>\n<p>El presidente de Puertos del Estado, Jos\u00e9 Llorca, ha afirmado que la puesta en marcha de esta l\u00ednea \u00abejemplifica\u00bb las l\u00edneas estrat\u00e9gicas que quiere impulsar precisamente Puertos del Estado, que pasan, seg\u00fan ha dicho, por la \u00abdiversificaci\u00f3n\u00bb. \u00abNo creemos que todas las cargas tengan que concentrarse en los puertos grandes\u00bb, ha explicado Llorca, quien ha se\u00f1alado que el hecho de que haya m\u00e1s puertos que conecten con el norte de \u00c1frica va a suponer una descongesti\u00f3n del puerto m\u00e1s grande, el de Algeciras, pero tambi\u00e9n de las carreteras.<\/p>\n<p>APUESTA POR LA \u00abSOSTENIBILIDAD\u00bb<\/p>\n<p>En la misma l\u00ednea, ha apostado por la \u00absostenibilidad\u00bb en un momento en el que los tr\u00e1ficos con el norte de \u00c1frica son \u00abcrecientes\u00bb, y suponen ya el movimiento de m\u00e1s de 200.000 camiones anuales por el Estrecho de Gibraltar. Por ello, y, al servicio de la \u00abeficiencia\u00bb, Puertos del Estado considera que el Estrecho no debe limitarse a Algeciras y T\u00e1nger, sino que se extiende desde Huelva hasta la costa de Almer\u00eda. Por ello, ha confiado en que esta nueva inauguraci\u00f3n suponga tambi\u00e9n la posibilidad de otras oportunidades para los puertos \u00abpeque\u00f1os de Andaluc\u00eda\u00bb, como es el caso de M\u00e1laga, Motril o Almer\u00eda.<\/p>\n<p>Por su parte, el presidente de la Diputaci\u00f3n de Granada, Jos\u00e9 Entrena, ha se\u00f1alado, en referencia a la nueva conexi\u00f3n, que \u00abse trata de una oportunidad de desarrollo important\u00edsima para la provincia, para el crecimiento del Puerto y para la generaci\u00f3n de empleo\u00bb.<\/p>\n<p>Para Entrena, el Puerto constituye \u00abun elemento esencial para aprovechar el enorme potencial que tiene la Costa\u00bb. Por ello, ha afirmado, \u00abdebe tener el protagonismo que le corresponde\u00bb. \u00abEso redundar\u00e1 en favor del conjunto de Granada y de sus ciudadanos\u00bb, ha subrayado.<\/p>\n<p>El presidente de la Autoridad Portuaria de Motril, Francisco \u00c1lvarez de la Chica, ha rese\u00f1ado \u00e9ste como un \u00abd\u00eda hist\u00f3rico\u00bb, en tanto que esta nueva conexi\u00f3n supone \u00abun salto cualitativo muy potente\u00bb para la d\u00e1rsena granadina. Por ello, ha agradecido a FRS por \u00abponer los ojos en Motril\u00bb, y ha resaltado el liderazgo de la empresa en tr\u00e1fico de mercanc\u00edas y pasajeros entre el norte de \u00c1frica y el sur de Espa\u00f1a.<\/p>\n<p>La delegada del Gobierno andaluz en Granada, Sandra Garc\u00eda, ha puesto de manifiesto la importancia de que las instituciones trabajen unidas apostando por el desarrollo de los territorios, y ha afirmado que \u00abesta nueva l\u00ednea abre una nueva dimensi\u00f3n al Puerto de Motril y a su potencial como zona estrat\u00e9gica de la Costa Tropical, de la provincia de Granada y de Andaluc\u00eda\u00bb.<\/p>\n<p>Tambi\u00e9n la alcaldesa de Motril, Flor Alm\u00f3n, se ha ofrecido a la compa\u00f1\u00eda para ayudar en lo que necesite, puesto que esta nueva l\u00ednea supone \u00abposibilidades de crecimiento\u00bb y creaci\u00f3n de empleo y riqueza.<\/p>\n<p>Durante su larga experiencia, FRS ha conseguido posicionarse como una de las navieras l\u00edderes del Estrecho registrando unas cifras de m\u00e1s de 1.700.000 pasajeros y 350.000 veh\u00edculos transportados en el \u00faltimo a\u00f1o. Adem\u00e1s, la nueva l\u00ednea de carga nace con unas expectativas de transporte de 20.000 unidades de carga transportada para 2016 con una sola rotaci\u00f3n al d\u00eda o, lo que es lo mismo, un 23 por ciento de las unidades transportadas en el \u00faltimo a\u00f1o por FRS entre las l\u00edneas de Algeciras-Tanger Med y Algeciras- Ceuta.<\/p>\n<p>\u00abLo que significa para la empresa afianzar su posicionamiento como naviera l\u00edder en las conexiones entre Espa\u00f1a y Marruecos\u00bb, ha se\u00f1alado en su intervenci\u00f3n el director general de FRS.<\/p>\n","protected":false},"excerpt":{"rendered":"<p>La naviera FRS Ib\u00e9rica ha inaugurado su nueva l\u00ednea de carga que desde este mi\u00e9rcoles conectar\u00e1 los puertos de Motril (Granada) y T\u00e1nger Med a trav\u00e9s del buque &#8216;Kattegat&#8217;, que prev\u00e9 un tr\u00e1fico de unos 20.000 camiones anuales y que en las pr\u00f3ximas semanas podr\u00eda incluir tambi\u00e9n el transporte de pasajeros, una vez que lo<\/p>\n","protected":false},"author":1,"featured_media":62178,"comment_status":"open","ping_status":"closed","sticky":false,"template":"","format":"standard","meta":{"footnotes":""},"categories":[224],"tags":[],"class_list":{"0":"post-62177","1":"post","2":"type-post","3":"status-publish","4":"format-standard","5":"has-post-thumbnail","7":"category-noticias-actualidad"},"aioseo_notices":[],"aioseo_head":"\n\t\t<!-- All in One SEO Pro 4.9.6.1 - aioseo.com -->\n\t<meta name=\"description\" content=\"La naviera FRS Ib\u00e9rica ha inaugurado su nueva l\u00ednea de carga que desde este mi\u00e9rcoles conectar\u00e1 los puertos de Motril (Granada) y T\u00e1nger Med a trav\u00e9s del buque &#039;Kattegat&#039;, que prev\u00e9 un tr\u00e1fico de unos 20.000 camiones anuales y que en las pr\u00f3ximas semanas podr\u00eda incluir tambi\u00e9n el transporte de pasajeros, una vez que lo\" \/>\n\t<meta name=\"robots\" content=\"max-image-preview:large\" \/>\n\t<meta name=\"author\" content=\"admin\"\/>\n\t<meta name=\"google-site-verification\" content=\"UA-38556648-1\" \/>\n\t<meta name=\"keywords\" content=\"noticias y actualidad\" \/>\n\t<link rel=\"canonical\" href=\"https:\/\/eldigitaldeasturias.com\/magazine365\/inaugurada-la-nueva-linea-de-carga-de-la-naviera-frs-que-conectara-los-puertos-de-motril-y-tanger\/\" \/>\n\t<meta name=\"generator\" content=\"All in One SEO Pro (AIOSEO) 4.9.6.1\" \/>\n\t\t<meta property=\"og:locale\" content=\"es_ES\" \/>\n\t\t<meta property=\"og:site_name\" content=\"El Digital de Asturias \u2013 Revista de ocio, turismo y estilo de vida\" \/>\n\t\t<meta property=\"og:type\" content=\"article\" \/>\n\t\t<meta property=\"og:title\" content=\"Inaugurada la nueva l\u00ednea de carga de la naviera FRS que conectar\u00e1 los puertos de Motril y T\u00e1nger | El Digital de Asturias\" \/>\n\t\t<meta property=\"og:description\" content=\"La naviera FRS Ib\u00e9rica ha inaugurado su nueva l\u00ednea de carga que desde este mi\u00e9rcoles conectar\u00e1 los puertos de Motril (Granada) y T\u00e1nger Med a trav\u00e9s del buque &#039;Kattegat&#039;, que prev\u00e9 un tr\u00e1fico de unos 20.000 camiones anuales y que en las pr\u00f3ximas semanas podr\u00eda incluir tambi\u00e9n el transporte de pasajeros, una vez que lo\" \/>\n\t\t<meta property=\"og:url\" content=\"https:\/\/eldigitaldeasturias.com\/magazine365\/inaugurada-la-nueva-linea-de-carga-de-la-naviera-frs-que-conectara-los-puertos-de-motril-y-tanger\/\" \/>\n\t\t<meta property=\"og:image\" content=\"https:\/\/eldigitaldeasturias.com\/magazine365\/wp-content\/uploads\/2016\/01\/fotonoticia_20160126134243_800.jpg\" \/>\n\t\t<meta property=\"og:image:secure_url\" content=\"https:\/\/eldigitaldeasturias.com\/magazine365\/wp-content\/uploads\/2016\/01\/fotonoticia_20160126134243_800.jpg\" \/>\n\t\t<meta property=\"og:image:width\" content=\"800\" \/>\n\t\t<meta property=\"og:image:height\" content=\"465\" \/>\n\t\t<meta property=\"article:published_time\" content=\"2016-01-30T01:32:55+00:00\" \/>\n\t\t<meta property=\"article:modified_time\" content=\"2016-01-30T01:32:55+00:00\" \/>\n\t\t<meta name=\"twitter:card\" content=\"summary_large_image\" \/>\n\t\t<meta name=\"twitter:title\" content=\"Inaugurada la nueva l\u00ednea de carga de la naviera FRS que conectar\u00e1 los puertos de Motril y T\u00e1nger | El Digital de Asturias\" \/>\n\t\t<meta name=\"twitter:description\" content=\"La naviera FRS Ib\u00e9rica ha inaugurado su nueva l\u00ednea de carga que desde este mi\u00e9rcoles conectar\u00e1 los puertos de Motril (Granada) y T\u00e1nger Med a trav\u00e9s del buque &#039;Kattegat&#039;, que prev\u00e9 un tr\u00e1fico de unos 20.000 camiones anuales y que en las pr\u00f3ximas semanas podr\u00eda incluir tambi\u00e9n el transporte de pasajeros, una vez que lo\" \/>\n\t\t<meta name=\"twitter:image\" content=\"https:\/\/eldigitaldeasturias.com\/magazine365\/wp-content\/uploads\/2016\/01\/fotonoticia_20160126134243_800.jpg\" \/>\n\t\t<script type=\"application\/ld+json\" class=\"aioseo-schema\">\n\t\t\t{\"@context\":\"https:\\\/\\\/schema.org\",\"@graph\":[{\"@type\":\"Article\",\"@id\":\"https:\\\/\\\/eldigitaldeasturias.com\\\/magazine365\\\/inaugurada-la-nueva-linea-de-carga-de-la-naviera-frs-que-conectara-los-puertos-de-motril-y-tanger\\\/#article\",\"name\":\"Inaugurada la nueva l\\u00ednea de carga de la naviera FRS que conectar\\u00e1 los puertos de Motril y T\\u00e1nger | El Digital de Asturias\",\"headline\":\"Inaugurada la nueva l\\u00ednea de carga de la naviera FRS que conectar\\u00e1 los puertos de Motril y T\\u00e1nger\",\"author\":{\"@id\":\"https:\\\/\\\/eldigitaldeasturias.com\\\/magazine365\\\/author\\\/admin\\\/#author\"},\"publisher\":{\"@id\":\"https:\\\/\\\/eldigitaldeasturias.com\\\/magazine365\\\/#organization\"},\"image\":{\"@type\":\"ImageObject\",\"url\":\"https:\\\/\\\/eldigitaldeasturias.com\\\/magazine365\\\/wp-content\\\/uploads\\\/2016\\\/01\\\/fotonoticia_20160126134243_800.jpg\",\"width\":800,\"height\":465},\"datePublished\":\"2016-01-30T02:32:55+01:00\",\"dateModified\":\"2016-01-30T02:32:55+01:00\",\"inLanguage\":\"es-ES\",\"mainEntityOfPage\":{\"@id\":\"https:\\\/\\\/eldigitaldeasturias.com\\\/magazine365\\\/inaugurada-la-nueva-linea-de-carga-de-la-naviera-frs-que-conectara-los-puertos-de-motril-y-tanger\\\/#webpage\"},\"isPartOf\":{\"@id\":\"https:\\\/\\\/eldigitaldeasturias.com\\\/magazine365\\\/inaugurada-la-nueva-linea-de-carga-de-la-naviera-frs-que-conectara-los-puertos-de-motril-y-tanger\\\/#webpage\"},\"articleSection\":\"Noticias y Actualidad\"},{\"@type\":\"BreadcrumbList\",\"@id\":\"https:\\\/\\\/eldigitaldeasturias.com\\\/magazine365\\\/inaugurada-la-nueva-linea-de-carga-de-la-naviera-frs-que-conectara-los-puertos-de-motril-y-tanger\\\/#breadcrumblist\",\"itemListElement\":[{\"@type\":\"ListItem\",\"@id\":\"https:\\\/\\\/eldigitaldeasturias.com\\\/magazine365#listItem\",\"position\":1,\"name\":\"Home\",\"item\":\"https:\\\/\\\/eldigitaldeasturias.com\\\/magazine365\",\"nextItem\":{\"@type\":\"ListItem\",\"@id\":\"https:\\\/\\\/eldigitaldeasturias.com\\\/magazine365\\\/category\\\/noticias-actualidad\\\/#listItem\",\"name\":\"Noticias y Actualidad\"}},{\"@type\":\"ListItem\",\"@id\":\"https:\\\/\\\/eldigitaldeasturias.com\\\/magazine365\\\/category\\\/noticias-actualidad\\\/#listItem\",\"position\":2,\"name\":\"Noticias y Actualidad\",\"item\":\"https:\\\/\\\/eldigitaldeasturias.com\\\/magazine365\\\/category\\\/noticias-actualidad\\\/\",\"nextItem\":{\"@type\":\"ListItem\",\"@id\":\"https:\\\/\\\/eldigitaldeasturias.com\\\/magazine365\\\/inaugurada-la-nueva-linea-de-carga-de-la-naviera-frs-que-conectara-los-puertos-de-motril-y-tanger\\\/#listItem\",\"name\":\"Inaugurada la nueva l\\u00ednea de carga de la naviera FRS que conectar\\u00e1 los puertos de Motril y T\\u00e1nger\"},\"previousItem\":{\"@type\":\"ListItem\",\"@id\":\"https:\\\/\\\/eldigitaldeasturias.com\\\/magazine365#listItem\",\"name\":\"Home\"}},{\"@type\":\"ListItem\",\"@id\":\"https:\\\/\\\/eldigitaldeasturias.com\\\/magazine365\\\/inaugurada-la-nueva-linea-de-carga-de-la-naviera-frs-que-conectara-los-puertos-de-motril-y-tanger\\\/#listItem\",\"position\":3,\"name\":\"Inaugurada la nueva l\\u00ednea de carga de la naviera FRS que conectar\\u00e1 los puertos de Motril y T\\u00e1nger\",\"previousItem\":{\"@type\":\"ListItem\",\"@id\":\"https:\\\/\\\/eldigitaldeasturias.com\\\/magazine365\\\/category\\\/noticias-actualidad\\\/#listItem\",\"name\":\"Noticias y Actualidad\"}}]},{\"@type\":\"Organization\",\"@id\":\"https:\\\/\\\/eldigitaldeasturias.com\\\/magazine365\\\/#organization\",\"name\":\"El digital de Asturias\",\"description\":\"Revista de ocio, turismo y estilo de vida\",\"url\":\"https:\\\/\\\/eldigitaldeasturias.com\\\/magazine365\\\/\",\"logo\":{\"@type\":\"ImageObject\",\"url\":\"https:\\\/\\\/www.eldigitaldeasturias.com\\\/noticias\\\/wp-content\\\/uploads\\\/2020\\\/12\\\/EDA.jpg\",\"@id\":\"https:\\\/\\\/eldigitaldeasturias.com\\\/magazine365\\\/inaugurada-la-nueva-linea-de-carga-de-la-naviera-frs-que-conectara-los-puertos-de-motril-y-tanger\\\/#organizationLogo\"},\"image\":{\"@id\":\"https:\\\/\\\/eldigitaldeasturias.com\\\/magazine365\\\/inaugurada-la-nueva-linea-de-carga-de-la-naviera-frs-que-conectara-los-puertos-de-motril-y-tanger\\\/#organizationLogo\"}},{\"@type\":\"Person\",\"@id\":\"https:\\\/\\\/eldigitaldeasturias.com\\\/magazine365\\\/author\\\/admin\\\/#author\",\"url\":\"https:\\\/\\\/eldigitaldeasturias.com\\\/magazine365\\\/author\\\/admin\\\/\",\"name\":\"admin\",\"image\":{\"@type\":\"ImageObject\",\"@id\":\"https:\\\/\\\/eldigitaldeasturias.com\\\/magazine365\\\/inaugurada-la-nueva-linea-de-carga-de-la-naviera-frs-que-conectara-los-puertos-de-motril-y-tanger\\\/#authorImage\",\"url\":\"https:\\\/\\\/eldigitaldeasturias.com\\\/magazine365\\\/wp-content\\\/litespeed\\\/avatar\\\/e571bcf59a0edd6fa6838245a470f2fe.jpg?ver=1776969259\",\"width\":96,\"height\":96,\"caption\":\"admin\"}},{\"@type\":\"WebPage\",\"@id\":\"https:\\\/\\\/eldigitaldeasturias.com\\\/magazine365\\\/inaugurada-la-nueva-linea-de-carga-de-la-naviera-frs-que-conectara-los-puertos-de-motril-y-tanger\\\/#webpage\",\"url\":\"https:\\\/\\\/eldigitaldeasturias.com\\\/magazine365\\\/inaugurada-la-nueva-linea-de-carga-de-la-naviera-frs-que-conectara-los-puertos-de-motril-y-tanger\\\/\",\"name\":\"Inaugurada la nueva l\\u00ednea de carga de la naviera FRS que conectar\\u00e1 los puertos de Motril y T\\u00e1nger | El Digital de Asturias\",\"description\":\"La naviera FRS Ib\\u00e9rica ha inaugurado su nueva l\\u00ednea de carga que desde este mi\\u00e9rcoles conectar\\u00e1 los puertos de Motril (Granada) y T\\u00e1nger Med a trav\\u00e9s del buque 'Kattegat', que prev\\u00e9 un tr\\u00e1fico de unos 20.000 camiones anuales y que en las pr\\u00f3ximas semanas podr\\u00eda incluir tambi\\u00e9n el transporte de pasajeros, una vez que lo\",\"inLanguage\":\"es-ES\",\"isPartOf\":{\"@id\":\"https:\\\/\\\/eldigitaldeasturias.com\\\/magazine365\\\/#website\"},\"breadcrumb\":{\"@id\":\"https:\\\/\\\/eldigitaldeasturias.com\\\/magazine365\\\/inaugurada-la-nueva-linea-de-carga-de-la-naviera-frs-que-conectara-los-puertos-de-motril-y-tanger\\\/#breadcrumblist\"},\"author\":{\"@id\":\"https:\\\/\\\/eldigitaldeasturias.com\\\/magazine365\\\/author\\\/admin\\\/#author\"},\"creator\":{\"@id\":\"https:\\\/\\\/eldigitaldeasturias.com\\\/magazine365\\\/author\\\/admin\\\/#author\"},\"image\":{\"@type\":\"ImageObject\",\"url\":\"https:\\\/\\\/eldigitaldeasturias.com\\\/magazine365\\\/wp-content\\\/uploads\\\/2016\\\/01\\\/fotonoticia_20160126134243_800.jpg\",\"@id\":\"https:\\\/\\\/eldigitaldeasturias.com\\\/magazine365\\\/inaugurada-la-nueva-linea-de-carga-de-la-naviera-frs-que-conectara-los-puertos-de-motril-y-tanger\\\/#mainImage\",\"width\":800,\"height\":465},\"primaryImageOfPage\":{\"@id\":\"https:\\\/\\\/eldigitaldeasturias.com\\\/magazine365\\\/inaugurada-la-nueva-linea-de-carga-de-la-naviera-frs-que-conectara-los-puertos-de-motril-y-tanger\\\/#mainImage\"},\"datePublished\":\"2016-01-30T02:32:55+01:00\",\"dateModified\":\"2016-01-30T02:32:55+01:00\"},{\"@type\":\"WebSite\",\"@id\":\"https:\\\/\\\/eldigitaldeasturias.com\\\/magazine365\\\/#website\",\"url\":\"https:\\\/\\\/eldigitaldeasturias.com\\\/magazine365\\\/\",\"name\":\"El Digital de Asturias\",\"description\":\"Revista de ocio, turismo y estilo de vida\",\"inLanguage\":\"es-ES\",\"publisher\":{\"@id\":\"https:\\\/\\\/eldigitaldeasturias.com\\\/magazine365\\\/#organization\"}}]}\n\t\t<\/script>\n\t\t<!-- All in One SEO Pro -->\r\n\t\t<title>Inaugurada la nueva l\u00ednea de carga de la naviera FRS que conectar\u00e1 los puertos de Motril y T\u00e1nger | El Digital de Asturias<\/title>\n\n","aioseo_head_json":{"title":"Inaugurada la nueva l\u00ednea de carga de la naviera FRS que conectar\u00e1 los puertos de Motril y T\u00e1nger | El Digital de Asturias","description":"La naviera FRS Ib\u00e9rica ha inaugurado su nueva l\u00ednea de carga que desde este mi\u00e9rcoles conectar\u00e1 los puertos de Motril (Granada) y T\u00e1nger Med a trav\u00e9s del buque 'Kattegat', que prev\u00e9 un tr\u00e1fico de unos 20.000 camiones anuales y que en las pr\u00f3ximas semanas podr\u00eda incluir tambi\u00e9n el transporte de pasajeros, una vez que lo","canonical_url":"https:\/\/eldigitaldeasturias.com\/magazine365\/inaugurada-la-nueva-linea-de-carga-de-la-naviera-frs-que-conectara-los-puertos-de-motril-y-tanger\/","robots":"max-image-preview:large","keywords":"noticias y actualidad","webmasterTools":{"google-site-verification":"UA-38556648-1","miscellaneous":""},"schema":{"@context":"https:\/\/schema.org","@graph":[{"@type":"Article","@id":"https:\/\/eldigitaldeasturias.com\/magazine365\/inaugurada-la-nueva-linea-de-carga-de-la-naviera-frs-que-conectara-los-puertos-de-motril-y-tanger\/#article","name":"Inaugurada la nueva l\u00ednea de carga de la naviera FRS que conectar\u00e1 los puertos de Motril y T\u00e1nger | El Digital de Asturias","headline":"Inaugurada la nueva l\u00ednea de carga de la naviera FRS que conectar\u00e1 los puertos de Motril y T\u00e1nger","author":{"@id":"https:\/\/eldigitaldeasturias.com\/magazine365\/author\/admin\/#author"},"publisher":{"@id":"https:\/\/eldigitaldeasturias.com\/magazine365\/#organization"},"image":{"@type":"ImageObject","url":"https:\/\/eldigitaldeasturias.com\/magazine365\/wp-content\/uploads\/2016\/01\/fotonoticia_20160126134243_800.jpg","width":800,"height":465},"datePublished":"2016-01-30T02:32:55+01:00","dateModified":"2016-01-30T02:32:55+01:00","inLanguage":"es-ES","mainEntityOfPage":{"@id":"https:\/\/eldigitaldeasturias.com\/magazine365\/inaugurada-la-nueva-linea-de-carga-de-la-naviera-frs-que-conectara-los-puertos-de-motril-y-tanger\/#webpage"},"isPartOf":{"@id":"https:\/\/eldigitaldeasturias.com\/magazine365\/inaugurada-la-nueva-linea-de-carga-de-la-naviera-frs-que-conectara-los-puertos-de-motril-y-tanger\/#webpage"},"articleSection":"Noticias y Actualidad"},{"@type":"BreadcrumbList","@id":"https:\/\/eldigitaldeasturias.com\/magazine365\/inaugurada-la-nueva-linea-de-carga-de-la-naviera-frs-que-conectara-los-puertos-de-motril-y-tanger\/#breadcrumblist","itemListElement":[{"@type":"ListItem","@id":"https:\/\/eldigitaldeasturias.com\/magazine365#listItem","position":1,"name":"Home","item":"https:\/\/eldigitaldeasturias.com\/magazine365","nextItem":{"@type":"ListItem","@id":"https:\/\/eldigitaldeasturias.com\/magazine365\/category\/noticias-actualidad\/#listItem","name":"Noticias y Actualidad"}},{"@type":"ListItem","@id":"https:\/\/eldigitaldeasturias.com\/magazine365\/category\/noticias-actualidad\/#listItem","position":2,"name":"Noticias y Actualidad","item":"https:\/\/eldigitaldeasturias.com\/magazine365\/category\/noticias-actualidad\/","nextItem":{"@type":"ListItem","@id":"https:\/\/eldigitaldeasturias.com\/magazine365\/inaugurada-la-nueva-linea-de-carga-de-la-naviera-frs-que-conectara-los-puertos-de-motril-y-tanger\/#listItem","name":"Inaugurada la nueva l\u00ednea de carga de la naviera FRS que conectar\u00e1 los puertos de Motril y T\u00e1nger"},"previousItem":{"@type":"ListItem","@id":"https:\/\/eldigitaldeasturias.com\/magazine365#listItem","name":"Home"}},{"@type":"ListItem","@id":"https:\/\/eldigitaldeasturias.com\/magazine365\/inaugurada-la-nueva-linea-de-carga-de-la-naviera-frs-que-conectara-los-puertos-de-motril-y-tanger\/#listItem","position":3,"name":"Inaugurada la nueva l\u00ednea de carga de la naviera FRS que conectar\u00e1 los puertos de Motril y T\u00e1nger","previousItem":{"@type":"ListItem","@id":"https:\/\/eldigitaldeasturias.com\/magazine365\/category\/noticias-actualidad\/#listItem","name":"Noticias y Actualidad"}}]},{"@type":"Organization","@id":"https:\/\/eldigitaldeasturias.com\/magazine365\/#organization","name":"El digital de Asturias","description":"Revista de ocio, turismo y estilo de vida","url":"https:\/\/eldigitaldeasturias.com\/magazine365\/","logo":{"@type":"ImageObject","url":"https:\/\/www.eldigitaldeasturias.com\/noticias\/wp-content\/uploads\/2020\/12\/EDA.jpg","@id":"https:\/\/eldigitaldeasturias.com\/magazine365\/inaugurada-la-nueva-linea-de-carga-de-la-naviera-frs-que-conectara-los-puertos-de-motril-y-tanger\/#organizationLogo"},"image":{"@id":"https:\/\/eldigitaldeasturias.com\/magazine365\/inaugurada-la-nueva-linea-de-carga-de-la-naviera-frs-que-conectara-los-puertos-de-motril-y-tanger\/#organizationLogo"}},{"@type":"Person","@id":"https:\/\/eldigitaldeasturias.com\/magazine365\/author\/admin\/#author","url":"https:\/\/eldigitaldeasturias.com\/magazine365\/author\/admin\/","name":"admin","image":{"@type":"ImageObject","@id":"https:\/\/eldigitaldeasturias.com\/magazine365\/inaugurada-la-nueva-linea-de-carga-de-la-naviera-frs-que-conectara-los-puertos-de-motril-y-tanger\/#authorImage","url":"https:\/\/eldigitaldeasturias.com\/magazine365\/wp-content\/litespeed\/avatar\/e571bcf59a0edd6fa6838245a470f2fe.jpg?ver=1776969259","width":96,"height":96,"caption":"admin"}},{"@type":"WebPage","@id":"https:\/\/eldigitaldeasturias.com\/magazine365\/inaugurada-la-nueva-linea-de-carga-de-la-naviera-frs-que-conectara-los-puertos-de-motril-y-tanger\/#webpage","url":"https:\/\/eldigitaldeasturias.com\/magazine365\/inaugurada-la-nueva-linea-de-carga-de-la-naviera-frs-que-conectara-los-puertos-de-motril-y-tanger\/","name":"Inaugurada la nueva l\u00ednea de carga de la naviera FRS que conectar\u00e1 los puertos de Motril y T\u00e1nger | El Digital de Asturias","description":"La naviera FRS Ib\u00e9rica ha inaugurado su nueva l\u00ednea de carga que desde este mi\u00e9rcoles conectar\u00e1 los puertos de Motril (Granada) y T\u00e1nger Med a trav\u00e9s del buque 'Kattegat', que prev\u00e9 un tr\u00e1fico de unos 20.000 camiones anuales y que en las pr\u00f3ximas semanas podr\u00eda incluir tambi\u00e9n el transporte de pasajeros, una vez que lo","inLanguage":"es-ES","isPartOf":{"@id":"https:\/\/eldigitaldeasturias.com\/magazine365\/#website"},"breadcrumb":{"@id":"https:\/\/eldigitaldeasturias.com\/magazine365\/inaugurada-la-nueva-linea-de-carga-de-la-naviera-frs-que-conectara-los-puertos-de-motril-y-tanger\/#breadcrumblist"},"author":{"@id":"https:\/\/eldigitaldeasturias.com\/magazine365\/author\/admin\/#author"},"creator":{"@id":"https:\/\/eldigitaldeasturias.com\/magazine365\/author\/admin\/#author"},"image":{"@type":"ImageObject","url":"https:\/\/eldigitaldeasturias.com\/magazine365\/wp-content\/uploads\/2016\/01\/fotonoticia_20160126134243_800.jpg","@id":"https:\/\/eldigitaldeasturias.com\/magazine365\/inaugurada-la-nueva-linea-de-carga-de-la-naviera-frs-que-conectara-los-puertos-de-motril-y-tanger\/#mainImage","width":800,"height":465},"primaryImageOfPage":{"@id":"https:\/\/eldigitaldeasturias.com\/magazine365\/inaugurada-la-nueva-linea-de-carga-de-la-naviera-frs-que-conectara-los-puertos-de-motril-y-tanger\/#mainImage"},"datePublished":"2016-01-30T02:32:55+01:00","dateModified":"2016-01-30T02:32:55+01:00"},{"@type":"WebSite","@id":"https:\/\/eldigitaldeasturias.com\/magazine365\/#website","url":"https:\/\/eldigitaldeasturias.com\/magazine365\/","name":"El Digital de Asturias","description":"Revista de ocio, turismo y estilo de vida","inLanguage":"es-ES","publisher":{"@id":"https:\/\/eldigitaldeasturias.com\/magazine365\/#organization"}}]},"og:locale":"es_ES","og:site_name":"El Digital de Asturias \u2013 Revista de ocio, turismo y estilo de vida","og:type":"article","og:title":"Inaugurada la nueva l\u00ednea de carga de la naviera FRS que conectar\u00e1 los puertos de Motril y T\u00e1nger | El Digital de Asturias","og:description":"La naviera FRS Ib\u00e9rica ha inaugurado su nueva l\u00ednea de carga que desde este mi\u00e9rcoles conectar\u00e1 los puertos de Motril (Granada) y T\u00e1nger Med a trav\u00e9s del buque 'Kattegat', que prev\u00e9 un tr\u00e1fico de unos 20.000 camiones anuales y que en las pr\u00f3ximas semanas podr\u00eda incluir tambi\u00e9n el transporte de pasajeros, una vez que lo","og:url":"https:\/\/eldigitaldeasturias.com\/magazine365\/inaugurada-la-nueva-linea-de-carga-de-la-naviera-frs-que-conectara-los-puertos-de-motril-y-tanger\/","og:image":"https:\/\/eldigitaldeasturias.com\/magazine365\/wp-content\/uploads\/2016\/01\/fotonoticia_20160126134243_800.jpg","og:image:secure_url":"https:\/\/eldigitaldeasturias.com\/magazine365\/wp-content\/uploads\/2016\/01\/fotonoticia_20160126134243_800.jpg","og:image:width":800,"og:image:height":465,"article:published_time":"2016-01-30T01:32:55+00:00","article:modified_time":"2016-01-30T01:32:55+00:00","twitter:card":"summary_large_image","twitter:title":"Inaugurada la nueva l\u00ednea de carga de la naviera FRS que conectar\u00e1 los puertos de Motril y T\u00e1nger | El Digital de Asturias","twitter:description":"La naviera FRS Ib\u00e9rica ha inaugurado su nueva l\u00ednea de carga que desde este mi\u00e9rcoles conectar\u00e1 los puertos de Motril (Granada) y T\u00e1nger Med a trav\u00e9s del buque 'Kattegat', que prev\u00e9 un tr\u00e1fico de unos 20.000 camiones anuales y que en las pr\u00f3ximas semanas podr\u00eda incluir tambi\u00e9n el transporte de pasajeros, una vez que lo","twitter:image":"https:\/\/eldigitaldeasturias.com\/magazine365\/wp-content\/uploads\/2016\/01\/fotonoticia_20160126134243_800.jpg"},"aioseo_meta_data":{"post_id":"62177","title":null,"description":null,"keywords":null,"keyphrases":null,"primary_term":null,"canonical_url":null,"og_title":null,"og_description":null,"og_object_type":"default","og_image_type":"default","og_image_url":null,"og_image_width":null,"og_image_height":null,"og_image_custom_url":null,"og_image_custom_fields":null,"og_video":null,"og_custom_url":null,"og_article_section":null,"og_article_tags":null,"twitter_use_og":false,"twitter_card":"default","twitter_image_type":"default","twitter_image_url":null,"twitter_image_custom_url":null,"twitter_image_custom_fields":null,"twitter_title":null,"twitter_description":null,"schema":{"blockGraphs":[],"customGraphs":[],"default":{"data":{"Article":[],"Course":[],"Dataset":[],"FAQPage":[],"Movie":[],"Person":[],"Product":[],"ProductReview":[],"Car":[],"Recipe":[],"Service":[],"SoftwareApplication":[],"WebPage":[]},"graphName":"","isEnabled":true},"graphs":[],"defaultGraph":"","defaultPostTypeGraph":""},"schema_type":null,"schema_type_options":null,"pillar_content":false,"robots_default":true,"robots_noindex":false,"robots_noarchive":false,"robots_nosnippet":false,"robots_nofollow":false,"robots_noimageindex":false,"robots_noodp":false,"robots_notranslate":false,"robots_max_snippet":null,"robots_max_videopreview":null,"robots_max_imagepreview":"large","priority":null,"frequency":null,"location":null,"local_seo":null,"seo_analyzer_scan_date":"2025-09-25 10:35:40","breadcrumb_settings":null,"limit_modified_date":false,"open_ai":null,"ai":null,"created":"2021-03-08 21:39:43","updated":"2025-09-25 10:35:40"},"aioseo_breadcrumb":"<div class=\"aioseo-breadcrumbs\"><span class=\"aioseo-breadcrumb\">\n\t<a href=\"https:\/\/eldigitaldeasturias.com\/magazine365\" title=\"Home\">Home<\/a>\n<\/span><span class=\"aioseo-breadcrumb-separator\">\u2013<\/span><span class=\"aioseo-breadcrumb\">\n\t<a href=\"https:\/\/eldigitaldeasturias.com\/magazine365\/category\/noticias-actualidad\/\" title=\"Noticias y Actualidad\">Noticias y Actualidad<\/a>\n<\/span><span class=\"aioseo-breadcrumb-separator\">\u2013<\/span><span class=\"aioseo-breadcrumb\">\n\t<a href=\"https:\/\/eldigitaldeasturias.com\/magazine365\/inaugurada-la-nueva-linea-de-carga-de-la-naviera-frs-que-conectara-los-puertos-de-motril-y-tanger\/\" title=\"Inaugurada la nueva l\u00ednea de carga de la naviera FRS que conectar\u00e1 los puertos de Motril y T\u00e1nger\">Inaugurada la nueva l\u00ednea de carga de la naviera FRS que conectar\u00e1 los puertos de Motril y T\u00e1nger<\/a>\n<\/span><\/div>","aioseo_breadcrumb_json":[{"label":"Home","link":"https:\/\/eldigitaldeasturias.com\/magazine365"},{"label":"Noticias y Actualidad","link":"https:\/\/eldigitaldeasturias.com\/magazine365\/category\/noticias-actualidad\/"},{"label":"Inaugurada la nueva l\u00ednea de carga de la naviera FRS que conectar\u00e1 los puertos de Motril y T\u00e1nger","link":"https:\/\/eldigitaldeasturias.com\/magazine365\/inaugurada-la-nueva-linea-de-carga-de-la-naviera-frs-que-conectara-los-puertos-de-motril-y-tanger\/"}],"_links":{"self":[{"href":"https:\/\/eldigitaldeasturias.com\/magazine365\/wp-json\/wp\/v2\/posts\/62177","targetHints":{"allow":["GET"]}}],"collection":[{"href":"https:\/\/eldigitaldeasturias.com\/magazine365\/wp-json\/wp\/v2\/posts"}],"about":[{"href":"https:\/\/eldigitaldeasturias.com\/magazine365\/wp-json\/wp\/v2\/types\/post"}],"author":[{"embeddable":true,"href":"https:\/\/eldigitaldeasturias.com\/magazine365\/wp-json\/wp\/v2\/users\/1"}],"replies":[{"embeddable":true,"href":"https:\/\/eldigitaldeasturias.com\/magazine365\/wp-json\/wp\/v2\/comments?post=62177"}],"version-history":[{"count":0,"href":"https:\/\/eldigitaldeasturias.com\/magazine365\/wp-json\/wp\/v2\/posts\/62177\/revisions"}],"wp:featuredmedia":[{"embeddable":true,"href":"https:\/\/eldigitaldeasturias.com\/magazine365\/wp-json\/wp\/v2\/media\/62178"}],"wp:attachment":[{"href":"https:\/\/eldigitaldeasturias.com\/magazine365\/wp-json\/wp\/v2\/media?parent=62177"}],"wp:term":[{"taxonomy":"category","embeddable":true,"href":"https:\/\/eldigitaldeasturias.com\/magazine365\/wp-json\/wp\/v2\/categories?post=62177"},{"taxonomy":"post_tag","embeddable":true,"href":"https:\/\/eldigitaldeasturias.com\/magazine365\/wp-json\/wp\/v2\/tags?post=62177"}],"curies":[{"name":"wp","href":"https:\/\/api.w.org\/{rel}","templated":true}]}}