{"id":62162,"date":"2016-01-29T13:41:55","date_gmt":"2016-01-29T12:41:55","guid":{"rendered":"http:\/\/eldigitaldeasturias.com\/magazine365\/?p=62162"},"modified":"2016-01-29T13:41:55","modified_gmt":"2016-01-29T12:41:55","slug":"la-huelga-de-controladores-galos-obliga-a-cancelar-cuatro-vuelos-entre-francia-y-espana","status":"publish","type":"post","link":"https:\/\/eldigitaldeasturias.com\/magazine365\/la-huelga-de-controladores-galos-obliga-a-cancelar-cuatro-vuelos-entre-francia-y-espana\/","title":{"rendered":"La huelga de controladores galos obliga a cancelar cuatro vuelos entre Francia y Espa\u00f1a"},"content":{"rendered":"<p><img fetchpriority=\"high\" decoding=\"async\" class=\"alignleft size-medium wp-image-62163\" src=\"https:\/\/eldigitaldeasturias.com\/magazine365\/wp-content\/uploads\/2016\/01\/fotonoticia_20160126121555_800-360x240.jpg\" alt=\"fotonoticia_20160126121555_800\" width=\"360\" height=\"240\" srcset=\"https:\/\/eldigitaldeasturias.com\/magazine365\/wp-content\/uploads\/2016\/01\/fotonoticia_20160126121555_800-360x240.jpg 360w, https:\/\/eldigitaldeasturias.com\/magazine365\/wp-content\/uploads\/2016\/01\/fotonoticia_20160126121555_800-650x434.jpg 650w, https:\/\/eldigitaldeasturias.com\/magazine365\/wp-content\/uploads\/2016\/01\/fotonoticia_20160126121555_800-768x513.jpg 768w, https:\/\/eldigitaldeasturias.com\/magazine365\/wp-content\/uploads\/2016\/01\/fotonoticia_20160126121555_800-150x100.jpg 150w, https:\/\/eldigitaldeasturias.com\/magazine365\/wp-content\/uploads\/2016\/01\/fotonoticia_20160126121555_800-450x300.jpg 450w, https:\/\/eldigitaldeasturias.com\/magazine365\/wp-content\/uploads\/2016\/01\/fotonoticia_20160126121555_800-696x465.jpg 696w, https:\/\/eldigitaldeasturias.com\/magazine365\/wp-content\/uploads\/2016\/01\/fotonoticia_20160126121555_800-629x420.jpg 629w, https:\/\/eldigitaldeasturias.com\/magazine365\/wp-content\/uploads\/2016\/01\/fotonoticia_20160126121555_800-101x66.jpg 101w, https:\/\/eldigitaldeasturias.com\/magazine365\/wp-content\/uploads\/2016\/01\/fotonoticia_20160126121555_800.jpg 800w\" sizes=\"(max-width: 360px) 100vw, 360px\" \/>La huelga de controladores a\u00e9reos en Francia ha obligado a las compa\u00f1\u00edas a cancelar cuatro vuelos que enlazaban Espa\u00f1a con el pa\u00eds vecino, seg\u00fan informaron fuentes de Aena a Europa Press.<\/p>\n<p>En total para hoy hay programados 132 vuelos programados desde la red espa\u00f1ola con aeropuertos franceses, de los cuales se han visto afectados cuatro: dos en el aeropuerto de Barcelona-El Prat y otros dos en Zaragoza.<\/p>\n<p>Hasta media ma\u00f1ana, se han producido demoras en una decena de vuelos de salida con destino a lugares como Par\u00eds, Londres, Bruselas o \u00c1msterdam, mientras que las llegadas est\u00e1n operando con bastante puntualidad.<\/p>\n<p>La Direcci\u00f3n General de Aviaci\u00f3n Civil de Francia (DGAC) ha pedido a las aerol\u00edneas que operan en el pa\u00eds que anulen el 20% de los vuelos previstos, debido a la huelga convocada por los dos principales sindicatos de controladores galos.<\/p>\n<p>El organismo ha alertado de \u00abperturbaciones\u00bb en todo el territorio y aconseja a los pasajeros que se informen del estado de sus vuelos antes de ir al aeropuerto.<\/p>\n","protected":false},"excerpt":{"rendered":"<p>La huelga de controladores a\u00e9reos en Francia ha obligado a las compa\u00f1\u00edas a cancelar cuatro vuelos que enlazaban Espa\u00f1a con el pa\u00eds vecino, seg\u00fan informaron fuentes de Aena a Europa Press. En total para hoy hay programados 132 vuelos programados desde la red espa\u00f1ola con aeropuertos franceses, de los cuales se han visto afectados cuatro:<\/p>\n","protected":false},"author":1,"featured_media":62163,"comment_status":"open","ping_status":"closed","sticky":false,"template":"","format":"standard","meta":{"footnotes":""},"categories":[224],"tags":[],"class_list":{"0":"post-62162","1":"post","2":"type-post","3":"status-publish","4":"format-standard","5":"has-post-thumbnail","7":"category-noticias-actualidad"},"aioseo_notices":[],"aioseo_head":"\n\t\t<!-- All in One SEO Pro 4.9.6.1 - aioseo.com -->\n\t<meta name=\"description\" content=\"La huelga de controladores a\u00e9reos en Francia ha obligado a las compa\u00f1\u00edas a cancelar cuatro vuelos que enlazaban Espa\u00f1a con el pa\u00eds vecino, seg\u00fan informaron fuentes de Aena a Europa Press. En total para hoy hay programados 132 vuelos programados desde la red espa\u00f1ola con aeropuertos franceses, de los cuales se han visto afectados cuatro:\" \/>\n\t<meta name=\"robots\" content=\"max-image-preview:large\" \/>\n\t<meta name=\"author\" content=\"admin\"\/>\n\t<meta name=\"google-site-verification\" content=\"UA-38556648-1\" \/>\n\t<meta name=\"keywords\" content=\"noticias y actualidad\" \/>\n\t<link rel=\"canonical\" href=\"https:\/\/eldigitaldeasturias.com\/magazine365\/la-huelga-de-controladores-galos-obliga-a-cancelar-cuatro-vuelos-entre-francia-y-espana\/\" \/>\n\t<meta name=\"generator\" content=\"All in One SEO Pro (AIOSEO) 4.9.6.1\" \/>\n\t\t<meta property=\"og:locale\" content=\"es_ES\" \/>\n\t\t<meta property=\"og:site_name\" content=\"El Digital de Asturias \u2013 Revista de ocio, turismo y estilo de vida\" \/>\n\t\t<meta property=\"og:type\" content=\"article\" \/>\n\t\t<meta property=\"og:title\" content=\"La huelga de controladores galos obliga a cancelar cuatro vuelos entre Francia y Espa\u00f1a | El Digital de Asturias\" \/>\n\t\t<meta property=\"og:description\" content=\"La huelga de controladores a\u00e9reos en Francia ha obligado a las compa\u00f1\u00edas a cancelar cuatro vuelos que enlazaban Espa\u00f1a con el pa\u00eds vecino, seg\u00fan informaron fuentes de Aena a Europa Press. En total para hoy hay programados 132 vuelos programados desde la red espa\u00f1ola con aeropuertos franceses, de los cuales se han visto afectados cuatro:\" \/>\n\t\t<meta property=\"og:url\" content=\"https:\/\/eldigitaldeasturias.com\/magazine365\/la-huelga-de-controladores-galos-obliga-a-cancelar-cuatro-vuelos-entre-francia-y-espana\/\" \/>\n\t\t<meta property=\"og:image\" content=\"https:\/\/eldigitaldeasturias.com\/magazine365\/wp-content\/uploads\/2016\/01\/fotonoticia_20160126121555_800.jpg\" \/>\n\t\t<meta property=\"og:image:secure_url\" content=\"https:\/\/eldigitaldeasturias.com\/magazine365\/wp-content\/uploads\/2016\/01\/fotonoticia_20160126121555_800.jpg\" \/>\n\t\t<meta property=\"og:image:width\" content=\"800\" \/>\n\t\t<meta property=\"og:image:height\" content=\"534\" \/>\n\t\t<meta property=\"article:published_time\" content=\"2016-01-29T12:41:55+00:00\" \/>\n\t\t<meta property=\"article:modified_time\" content=\"2016-01-29T12:41:55+00:00\" \/>\n\t\t<meta name=\"twitter:card\" content=\"summary_large_image\" \/>\n\t\t<meta name=\"twitter:title\" content=\"La huelga de controladores galos obliga a cancelar cuatro vuelos entre Francia y Espa\u00f1a | El Digital de Asturias\" \/>\n\t\t<meta name=\"twitter:description\" content=\"La huelga de controladores a\u00e9reos en Francia ha obligado a las compa\u00f1\u00edas a cancelar cuatro vuelos que enlazaban Espa\u00f1a con el pa\u00eds vecino, seg\u00fan informaron fuentes de Aena a Europa Press. En total para hoy hay programados 132 vuelos programados desde la red espa\u00f1ola con aeropuertos franceses, de los cuales se han visto afectados cuatro:\" \/>\n\t\t<meta name=\"twitter:image\" content=\"https:\/\/eldigitaldeasturias.com\/magazine365\/wp-content\/uploads\/2016\/01\/fotonoticia_20160126121555_800.jpg\" \/>\n\t\t<script type=\"application\/ld+json\" class=\"aioseo-schema\">\n\t\t\t{\"@context\":\"https:\\\/\\\/schema.org\",\"@graph\":[{\"@type\":\"Article\",\"@id\":\"https:\\\/\\\/eldigitaldeasturias.com\\\/magazine365\\\/la-huelga-de-controladores-galos-obliga-a-cancelar-cuatro-vuelos-entre-francia-y-espana\\\/#article\",\"name\":\"La huelga de controladores galos obliga a cancelar cuatro vuelos entre Francia y Espa\\u00f1a | El Digital de Asturias\",\"headline\":\"La huelga de controladores galos obliga a cancelar cuatro vuelos entre Francia y Espa\\u00f1a\",\"author\":{\"@id\":\"https:\\\/\\\/eldigitaldeasturias.com\\\/magazine365\\\/author\\\/admin\\\/#author\"},\"publisher\":{\"@id\":\"https:\\\/\\\/eldigitaldeasturias.com\\\/magazine365\\\/#organization\"},\"image\":{\"@type\":\"ImageObject\",\"url\":\"https:\\\/\\\/eldigitaldeasturias.com\\\/magazine365\\\/wp-content\\\/uploads\\\/2016\\\/01\\\/fotonoticia_20160126121555_800.jpg\",\"width\":800,\"height\":534},\"datePublished\":\"2016-01-29T13:41:55+01:00\",\"dateModified\":\"2016-01-29T13:41:55+01:00\",\"inLanguage\":\"es-ES\",\"mainEntityOfPage\":{\"@id\":\"https:\\\/\\\/eldigitaldeasturias.com\\\/magazine365\\\/la-huelga-de-controladores-galos-obliga-a-cancelar-cuatro-vuelos-entre-francia-y-espana\\\/#webpage\"},\"isPartOf\":{\"@id\":\"https:\\\/\\\/eldigitaldeasturias.com\\\/magazine365\\\/la-huelga-de-controladores-galos-obliga-a-cancelar-cuatro-vuelos-entre-francia-y-espana\\\/#webpage\"},\"articleSection\":\"Noticias y Actualidad\"},{\"@type\":\"BreadcrumbList\",\"@id\":\"https:\\\/\\\/eldigitaldeasturias.com\\\/magazine365\\\/la-huelga-de-controladores-galos-obliga-a-cancelar-cuatro-vuelos-entre-francia-y-espana\\\/#breadcrumblist\",\"itemListElement\":[{\"@type\":\"ListItem\",\"@id\":\"https:\\\/\\\/eldigitaldeasturias.com\\\/magazine365#listItem\",\"position\":1,\"name\":\"Home\",\"item\":\"https:\\\/\\\/eldigitaldeasturias.com\\\/magazine365\",\"nextItem\":{\"@type\":\"ListItem\",\"@id\":\"https:\\\/\\\/eldigitaldeasturias.com\\\/magazine365\\\/category\\\/noticias-actualidad\\\/#listItem\",\"name\":\"Noticias y Actualidad\"}},{\"@type\":\"ListItem\",\"@id\":\"https:\\\/\\\/eldigitaldeasturias.com\\\/magazine365\\\/category\\\/noticias-actualidad\\\/#listItem\",\"position\":2,\"name\":\"Noticias y Actualidad\",\"item\":\"https:\\\/\\\/eldigitaldeasturias.com\\\/magazine365\\\/category\\\/noticias-actualidad\\\/\",\"nextItem\":{\"@type\":\"ListItem\",\"@id\":\"https:\\\/\\\/eldigitaldeasturias.com\\\/magazine365\\\/la-huelga-de-controladores-galos-obliga-a-cancelar-cuatro-vuelos-entre-francia-y-espana\\\/#listItem\",\"name\":\"La huelga de controladores galos obliga a cancelar cuatro vuelos entre Francia y Espa\\u00f1a\"},\"previousItem\":{\"@type\":\"ListItem\",\"@id\":\"https:\\\/\\\/eldigitaldeasturias.com\\\/magazine365#listItem\",\"name\":\"Home\"}},{\"@type\":\"ListItem\",\"@id\":\"https:\\\/\\\/eldigitaldeasturias.com\\\/magazine365\\\/la-huelga-de-controladores-galos-obliga-a-cancelar-cuatro-vuelos-entre-francia-y-espana\\\/#listItem\",\"position\":3,\"name\":\"La huelga de controladores galos obliga a cancelar cuatro vuelos entre Francia y Espa\\u00f1a\",\"previousItem\":{\"@type\":\"ListItem\",\"@id\":\"https:\\\/\\\/eldigitaldeasturias.com\\\/magazine365\\\/category\\\/noticias-actualidad\\\/#listItem\",\"name\":\"Noticias y Actualidad\"}}]},{\"@type\":\"Organization\",\"@id\":\"https:\\\/\\\/eldigitaldeasturias.com\\\/magazine365\\\/#organization\",\"name\":\"El digital de Asturias\",\"description\":\"Revista de ocio, turismo y estilo de vida\",\"url\":\"https:\\\/\\\/eldigitaldeasturias.com\\\/magazine365\\\/\",\"logo\":{\"@type\":\"ImageObject\",\"url\":\"https:\\\/\\\/www.eldigitaldeasturias.com\\\/noticias\\\/wp-content\\\/uploads\\\/2020\\\/12\\\/EDA.jpg\",\"@id\":\"https:\\\/\\\/eldigitaldeasturias.com\\\/magazine365\\\/la-huelga-de-controladores-galos-obliga-a-cancelar-cuatro-vuelos-entre-francia-y-espana\\\/#organizationLogo\"},\"image\":{\"@id\":\"https:\\\/\\\/eldigitaldeasturias.com\\\/magazine365\\\/la-huelga-de-controladores-galos-obliga-a-cancelar-cuatro-vuelos-entre-francia-y-espana\\\/#organizationLogo\"}},{\"@type\":\"Person\",\"@id\":\"https:\\\/\\\/eldigitaldeasturias.com\\\/magazine365\\\/author\\\/admin\\\/#author\",\"url\":\"https:\\\/\\\/eldigitaldeasturias.com\\\/magazine365\\\/author\\\/admin\\\/\",\"name\":\"admin\",\"image\":{\"@type\":\"ImageObject\",\"@id\":\"https:\\\/\\\/eldigitaldeasturias.com\\\/magazine365\\\/la-huelga-de-controladores-galos-obliga-a-cancelar-cuatro-vuelos-entre-francia-y-espana\\\/#authorImage\",\"url\":\"https:\\\/\\\/eldigitaldeasturias.com\\\/magazine365\\\/wp-content\\\/litespeed\\\/avatar\\\/e571bcf59a0edd6fa6838245a470f2fe.jpg?ver=1776969259\",\"width\":96,\"height\":96,\"caption\":\"admin\"}},{\"@type\":\"WebPage\",\"@id\":\"https:\\\/\\\/eldigitaldeasturias.com\\\/magazine365\\\/la-huelga-de-controladores-galos-obliga-a-cancelar-cuatro-vuelos-entre-francia-y-espana\\\/#webpage\",\"url\":\"https:\\\/\\\/eldigitaldeasturias.com\\\/magazine365\\\/la-huelga-de-controladores-galos-obliga-a-cancelar-cuatro-vuelos-entre-francia-y-espana\\\/\",\"name\":\"La huelga de controladores galos obliga a cancelar cuatro vuelos entre Francia y Espa\\u00f1a | El Digital de Asturias\",\"description\":\"La huelga de controladores a\\u00e9reos en Francia ha obligado a las compa\\u00f1\\u00edas a cancelar cuatro vuelos que enlazaban Espa\\u00f1a con el pa\\u00eds vecino, seg\\u00fan informaron fuentes de Aena a Europa Press. En total para hoy hay programados 132 vuelos programados desde la red espa\\u00f1ola con aeropuertos franceses, de los cuales se han visto afectados cuatro:\",\"inLanguage\":\"es-ES\",\"isPartOf\":{\"@id\":\"https:\\\/\\\/eldigitaldeasturias.com\\\/magazine365\\\/#website\"},\"breadcrumb\":{\"@id\":\"https:\\\/\\\/eldigitaldeasturias.com\\\/magazine365\\\/la-huelga-de-controladores-galos-obliga-a-cancelar-cuatro-vuelos-entre-francia-y-espana\\\/#breadcrumblist\"},\"author\":{\"@id\":\"https:\\\/\\\/eldigitaldeasturias.com\\\/magazine365\\\/author\\\/admin\\\/#author\"},\"creator\":{\"@id\":\"https:\\\/\\\/eldigitaldeasturias.com\\\/magazine365\\\/author\\\/admin\\\/#author\"},\"image\":{\"@type\":\"ImageObject\",\"url\":\"https:\\\/\\\/eldigitaldeasturias.com\\\/magazine365\\\/wp-content\\\/uploads\\\/2016\\\/01\\\/fotonoticia_20160126121555_800.jpg\",\"@id\":\"https:\\\/\\\/eldigitaldeasturias.com\\\/magazine365\\\/la-huelga-de-controladores-galos-obliga-a-cancelar-cuatro-vuelos-entre-francia-y-espana\\\/#mainImage\",\"width\":800,\"height\":534},\"primaryImageOfPage\":{\"@id\":\"https:\\\/\\\/eldigitaldeasturias.com\\\/magazine365\\\/la-huelga-de-controladores-galos-obliga-a-cancelar-cuatro-vuelos-entre-francia-y-espana\\\/#mainImage\"},\"datePublished\":\"2016-01-29T13:41:55+01:00\",\"dateModified\":\"2016-01-29T13:41:55+01:00\"},{\"@type\":\"WebSite\",\"@id\":\"https:\\\/\\\/eldigitaldeasturias.com\\\/magazine365\\\/#website\",\"url\":\"https:\\\/\\\/eldigitaldeasturias.com\\\/magazine365\\\/\",\"name\":\"El Digital de Asturias\",\"description\":\"Revista de ocio, turismo y estilo de vida\",\"inLanguage\":\"es-ES\",\"publisher\":{\"@id\":\"https:\\\/\\\/eldigitaldeasturias.com\\\/magazine365\\\/#organization\"}}]}\n\t\t<\/script>\n\t\t<!-- All in One SEO Pro -->\r\n\t\t<title>La huelga de controladores galos obliga a cancelar cuatro vuelos entre Francia y Espa\u00f1a | El Digital de Asturias<\/title>\n\n","aioseo_head_json":{"title":"La huelga de controladores galos obliga a cancelar cuatro vuelos entre Francia y Espa\u00f1a | El Digital de Asturias","description":"La huelga de controladores a\u00e9reos en Francia ha obligado a las compa\u00f1\u00edas a cancelar cuatro vuelos que enlazaban Espa\u00f1a con el pa\u00eds vecino, seg\u00fan informaron fuentes de Aena a Europa Press. En total para hoy hay programados 132 vuelos programados desde la red espa\u00f1ola con aeropuertos franceses, de los cuales se han visto afectados cuatro:","canonical_url":"https:\/\/eldigitaldeasturias.com\/magazine365\/la-huelga-de-controladores-galos-obliga-a-cancelar-cuatro-vuelos-entre-francia-y-espana\/","robots":"max-image-preview:large","keywords":"noticias y actualidad","webmasterTools":{"google-site-verification":"UA-38556648-1","miscellaneous":""},"schema":{"@context":"https:\/\/schema.org","@graph":[{"@type":"Article","@id":"https:\/\/eldigitaldeasturias.com\/magazine365\/la-huelga-de-controladores-galos-obliga-a-cancelar-cuatro-vuelos-entre-francia-y-espana\/#article","name":"La huelga de controladores galos obliga a cancelar cuatro vuelos entre Francia y Espa\u00f1a | El Digital de Asturias","headline":"La huelga de controladores galos obliga a cancelar cuatro vuelos entre Francia y Espa\u00f1a","author":{"@id":"https:\/\/eldigitaldeasturias.com\/magazine365\/author\/admin\/#author"},"publisher":{"@id":"https:\/\/eldigitaldeasturias.com\/magazine365\/#organization"},"image":{"@type":"ImageObject","url":"https:\/\/eldigitaldeasturias.com\/magazine365\/wp-content\/uploads\/2016\/01\/fotonoticia_20160126121555_800.jpg","width":800,"height":534},"datePublished":"2016-01-29T13:41:55+01:00","dateModified":"2016-01-29T13:41:55+01:00","inLanguage":"es-ES","mainEntityOfPage":{"@id":"https:\/\/eldigitaldeasturias.com\/magazine365\/la-huelga-de-controladores-galos-obliga-a-cancelar-cuatro-vuelos-entre-francia-y-espana\/#webpage"},"isPartOf":{"@id":"https:\/\/eldigitaldeasturias.com\/magazine365\/la-huelga-de-controladores-galos-obliga-a-cancelar-cuatro-vuelos-entre-francia-y-espana\/#webpage"},"articleSection":"Noticias y Actualidad"},{"@type":"BreadcrumbList","@id":"https:\/\/eldigitaldeasturias.com\/magazine365\/la-huelga-de-controladores-galos-obliga-a-cancelar-cuatro-vuelos-entre-francia-y-espana\/#breadcrumblist","itemListElement":[{"@type":"ListItem","@id":"https:\/\/eldigitaldeasturias.com\/magazine365#listItem","position":1,"name":"Home","item":"https:\/\/eldigitaldeasturias.com\/magazine365","nextItem":{"@type":"ListItem","@id":"https:\/\/eldigitaldeasturias.com\/magazine365\/category\/noticias-actualidad\/#listItem","name":"Noticias y Actualidad"}},{"@type":"ListItem","@id":"https:\/\/eldigitaldeasturias.com\/magazine365\/category\/noticias-actualidad\/#listItem","position":2,"name":"Noticias y Actualidad","item":"https:\/\/eldigitaldeasturias.com\/magazine365\/category\/noticias-actualidad\/","nextItem":{"@type":"ListItem","@id":"https:\/\/eldigitaldeasturias.com\/magazine365\/la-huelga-de-controladores-galos-obliga-a-cancelar-cuatro-vuelos-entre-francia-y-espana\/#listItem","name":"La huelga de controladores galos obliga a cancelar cuatro vuelos entre Francia y Espa\u00f1a"},"previousItem":{"@type":"ListItem","@id":"https:\/\/eldigitaldeasturias.com\/magazine365#listItem","name":"Home"}},{"@type":"ListItem","@id":"https:\/\/eldigitaldeasturias.com\/magazine365\/la-huelga-de-controladores-galos-obliga-a-cancelar-cuatro-vuelos-entre-francia-y-espana\/#listItem","position":3,"name":"La huelga de controladores galos obliga a cancelar cuatro vuelos entre Francia y Espa\u00f1a","previousItem":{"@type":"ListItem","@id":"https:\/\/eldigitaldeasturias.com\/magazine365\/category\/noticias-actualidad\/#listItem","name":"Noticias y Actualidad"}}]},{"@type":"Organization","@id":"https:\/\/eldigitaldeasturias.com\/magazine365\/#organization","name":"El digital de Asturias","description":"Revista de ocio, turismo y estilo de vida","url":"https:\/\/eldigitaldeasturias.com\/magazine365\/","logo":{"@type":"ImageObject","url":"https:\/\/www.eldigitaldeasturias.com\/noticias\/wp-content\/uploads\/2020\/12\/EDA.jpg","@id":"https:\/\/eldigitaldeasturias.com\/magazine365\/la-huelga-de-controladores-galos-obliga-a-cancelar-cuatro-vuelos-entre-francia-y-espana\/#organizationLogo"},"image":{"@id":"https:\/\/eldigitaldeasturias.com\/magazine365\/la-huelga-de-controladores-galos-obliga-a-cancelar-cuatro-vuelos-entre-francia-y-espana\/#organizationLogo"}},{"@type":"Person","@id":"https:\/\/eldigitaldeasturias.com\/magazine365\/author\/admin\/#author","url":"https:\/\/eldigitaldeasturias.com\/magazine365\/author\/admin\/","name":"admin","image":{"@type":"ImageObject","@id":"https:\/\/eldigitaldeasturias.com\/magazine365\/la-huelga-de-controladores-galos-obliga-a-cancelar-cuatro-vuelos-entre-francia-y-espana\/#authorImage","url":"https:\/\/eldigitaldeasturias.com\/magazine365\/wp-content\/litespeed\/avatar\/e571bcf59a0edd6fa6838245a470f2fe.jpg?ver=1776969259","width":96,"height":96,"caption":"admin"}},{"@type":"WebPage","@id":"https:\/\/eldigitaldeasturias.com\/magazine365\/la-huelga-de-controladores-galos-obliga-a-cancelar-cuatro-vuelos-entre-francia-y-espana\/#webpage","url":"https:\/\/eldigitaldeasturias.com\/magazine365\/la-huelga-de-controladores-galos-obliga-a-cancelar-cuatro-vuelos-entre-francia-y-espana\/","name":"La huelga de controladores galos obliga a cancelar cuatro vuelos entre Francia y Espa\u00f1a | El Digital de Asturias","description":"La huelga de controladores a\u00e9reos en Francia ha obligado a las compa\u00f1\u00edas a cancelar cuatro vuelos que enlazaban Espa\u00f1a con el pa\u00eds vecino, seg\u00fan informaron fuentes de Aena a Europa Press. En total para hoy hay programados 132 vuelos programados desde la red espa\u00f1ola con aeropuertos franceses, de los cuales se han visto afectados cuatro:","inLanguage":"es-ES","isPartOf":{"@id":"https:\/\/eldigitaldeasturias.com\/magazine365\/#website"},"breadcrumb":{"@id":"https:\/\/eldigitaldeasturias.com\/magazine365\/la-huelga-de-controladores-galos-obliga-a-cancelar-cuatro-vuelos-entre-francia-y-espana\/#breadcrumblist"},"author":{"@id":"https:\/\/eldigitaldeasturias.com\/magazine365\/author\/admin\/#author"},"creator":{"@id":"https:\/\/eldigitaldeasturias.com\/magazine365\/author\/admin\/#author"},"image":{"@type":"ImageObject","url":"https:\/\/eldigitaldeasturias.com\/magazine365\/wp-content\/uploads\/2016\/01\/fotonoticia_20160126121555_800.jpg","@id":"https:\/\/eldigitaldeasturias.com\/magazine365\/la-huelga-de-controladores-galos-obliga-a-cancelar-cuatro-vuelos-entre-francia-y-espana\/#mainImage","width":800,"height":534},"primaryImageOfPage":{"@id":"https:\/\/eldigitaldeasturias.com\/magazine365\/la-huelga-de-controladores-galos-obliga-a-cancelar-cuatro-vuelos-entre-francia-y-espana\/#mainImage"},"datePublished":"2016-01-29T13:41:55+01:00","dateModified":"2016-01-29T13:41:55+01:00"},{"@type":"WebSite","@id":"https:\/\/eldigitaldeasturias.com\/magazine365\/#website","url":"https:\/\/eldigitaldeasturias.com\/magazine365\/","name":"El Digital de Asturias","description":"Revista de ocio, turismo y estilo de vida","inLanguage":"es-ES","publisher":{"@id":"https:\/\/eldigitaldeasturias.com\/magazine365\/#organization"}}]},"og:locale":"es_ES","og:site_name":"El Digital de Asturias \u2013 Revista de ocio, turismo y estilo de vida","og:type":"article","og:title":"La huelga de controladores galos obliga a cancelar cuatro vuelos entre Francia y Espa\u00f1a | El Digital de Asturias","og:description":"La huelga de controladores a\u00e9reos en Francia ha obligado a las compa\u00f1\u00edas a cancelar cuatro vuelos que enlazaban Espa\u00f1a con el pa\u00eds vecino, seg\u00fan informaron fuentes de Aena a Europa Press. En total para hoy hay programados 132 vuelos programados desde la red espa\u00f1ola con aeropuertos franceses, de los cuales se han visto afectados cuatro:","og:url":"https:\/\/eldigitaldeasturias.com\/magazine365\/la-huelga-de-controladores-galos-obliga-a-cancelar-cuatro-vuelos-entre-francia-y-espana\/","og:image":"https:\/\/eldigitaldeasturias.com\/magazine365\/wp-content\/uploads\/2016\/01\/fotonoticia_20160126121555_800.jpg","og:image:secure_url":"https:\/\/eldigitaldeasturias.com\/magazine365\/wp-content\/uploads\/2016\/01\/fotonoticia_20160126121555_800.jpg","og:image:width":800,"og:image:height":534,"article:published_time":"2016-01-29T12:41:55+00:00","article:modified_time":"2016-01-29T12:41:55+00:00","twitter:card":"summary_large_image","twitter:title":"La huelga de controladores galos obliga a cancelar cuatro vuelos entre Francia y Espa\u00f1a | El Digital de Asturias","twitter:description":"La huelga de controladores a\u00e9reos en Francia ha obligado a las compa\u00f1\u00edas a cancelar cuatro vuelos que enlazaban Espa\u00f1a con el pa\u00eds vecino, seg\u00fan informaron fuentes de Aena a Europa Press. En total para hoy hay programados 132 vuelos programados desde la red espa\u00f1ola con aeropuertos franceses, de los cuales se han visto afectados cuatro:","twitter:image":"https:\/\/eldigitaldeasturias.com\/magazine365\/wp-content\/uploads\/2016\/01\/fotonoticia_20160126121555_800.jpg"},"aioseo_meta_data":{"post_id":"62162","title":null,"description":null,"keywords":null,"keyphrases":null,"primary_term":null,"canonical_url":null,"og_title":null,"og_description":null,"og_object_type":"default","og_image_type":"default","og_image_url":null,"og_image_width":null,"og_image_height":null,"og_image_custom_url":null,"og_image_custom_fields":null,"og_video":null,"og_custom_url":null,"og_article_section":null,"og_article_tags":null,"twitter_use_og":false,"twitter_card":"default","twitter_image_type":"default","twitter_image_url":null,"twitter_image_custom_url":null,"twitter_image_custom_fields":null,"twitter_title":null,"twitter_description":null,"schema":{"blockGraphs":[],"customGraphs":[],"default":{"data":{"Article":[],"Course":[],"Dataset":[],"FAQPage":[],"Movie":[],"Person":[],"Product":[],"ProductReview":[],"Car":[],"Recipe":[],"Service":[],"SoftwareApplication":[],"WebPage":[]},"graphName":"","isEnabled":true},"graphs":[],"defaultGraph":"","defaultPostTypeGraph":""},"schema_type":null,"schema_type_options":null,"pillar_content":false,"robots_default":true,"robots_noindex":false,"robots_noarchive":false,"robots_nosnippet":false,"robots_nofollow":false,"robots_noimageindex":false,"robots_noodp":false,"robots_notranslate":false,"robots_max_snippet":null,"robots_max_videopreview":null,"robots_max_imagepreview":"large","priority":null,"frequency":null,"location":null,"local_seo":null,"seo_analyzer_scan_date":"2025-09-25 10:33:50","breadcrumb_settings":null,"limit_modified_date":false,"open_ai":null,"ai":null,"created":"2021-03-08 21:40:49","updated":"2025-09-25 10:33:50"},"aioseo_breadcrumb":"<div class=\"aioseo-breadcrumbs\"><span class=\"aioseo-breadcrumb\">\n\t<a href=\"https:\/\/eldigitaldeasturias.com\/magazine365\" title=\"Home\">Home<\/a>\n<\/span><span class=\"aioseo-breadcrumb-separator\">\u2013<\/span><span class=\"aioseo-breadcrumb\">\n\t<a href=\"https:\/\/eldigitaldeasturias.com\/magazine365\/category\/noticias-actualidad\/\" title=\"Noticias y Actualidad\">Noticias y Actualidad<\/a>\n<\/span><span class=\"aioseo-breadcrumb-separator\">\u2013<\/span><span class=\"aioseo-breadcrumb\">\n\t<a href=\"https:\/\/eldigitaldeasturias.com\/magazine365\/la-huelga-de-controladores-galos-obliga-a-cancelar-cuatro-vuelos-entre-francia-y-espana\/\" title=\"La huelga de controladores galos obliga a cancelar cuatro vuelos entre Francia y Espa\u00f1a\">La huelga de controladores galos obliga a cancelar cuatro vuelos entre Francia y Espa\u00f1a<\/a>\n<\/span><\/div>","aioseo_breadcrumb_json":[{"label":"Home","link":"https:\/\/eldigitaldeasturias.com\/magazine365"},{"label":"Noticias y Actualidad","link":"https:\/\/eldigitaldeasturias.com\/magazine365\/category\/noticias-actualidad\/"},{"label":"La huelga de controladores galos obliga a cancelar cuatro vuelos entre Francia y Espa\u00f1a","link":"https:\/\/eldigitaldeasturias.com\/magazine365\/la-huelga-de-controladores-galos-obliga-a-cancelar-cuatro-vuelos-entre-francia-y-espana\/"}],"_links":{"self":[{"href":"https:\/\/eldigitaldeasturias.com\/magazine365\/wp-json\/wp\/v2\/posts\/62162","targetHints":{"allow":["GET"]}}],"collection":[{"href":"https:\/\/eldigitaldeasturias.com\/magazine365\/wp-json\/wp\/v2\/posts"}],"about":[{"href":"https:\/\/eldigitaldeasturias.com\/magazine365\/wp-json\/wp\/v2\/types\/post"}],"author":[{"embeddable":true,"href":"https:\/\/eldigitaldeasturias.com\/magazine365\/wp-json\/wp\/v2\/users\/1"}],"replies":[{"embeddable":true,"href":"https:\/\/eldigitaldeasturias.com\/magazine365\/wp-json\/wp\/v2\/comments?post=62162"}],"version-history":[{"count":0,"href":"https:\/\/eldigitaldeasturias.com\/magazine365\/wp-json\/wp\/v2\/posts\/62162\/revisions"}],"wp:featuredmedia":[{"embeddable":true,"href":"https:\/\/eldigitaldeasturias.com\/magazine365\/wp-json\/wp\/v2\/media\/62163"}],"wp:attachment":[{"href":"https:\/\/eldigitaldeasturias.com\/magazine365\/wp-json\/wp\/v2\/media?parent=62162"}],"wp:term":[{"taxonomy":"category","embeddable":true,"href":"https:\/\/eldigitaldeasturias.com\/magazine365\/wp-json\/wp\/v2\/categories?post=62162"},{"taxonomy":"post_tag","embeddable":true,"href":"https:\/\/eldigitaldeasturias.com\/magazine365\/wp-json\/wp\/v2\/tags?post=62162"}],"curies":[{"name":"wp","href":"https:\/\/api.w.org\/{rel}","templated":true}]}}