{"id":62156,"date":"2016-01-29T13:36:12","date_gmt":"2016-01-29T12:36:12","guid":{"rendered":"http:\/\/eldigitaldeasturias.com\/magazine365\/?p=62156"},"modified":"2016-01-29T13:36:12","modified_gmt":"2016-01-29T12:36:12","slug":"la-reina-belluga-sustituye-al-rei-carnestoltes-en-el-carnaval-de-barcelona-como-reivindicacion-de-la-mujer","status":"publish","type":"post","link":"https:\/\/eldigitaldeasturias.com\/magazine365\/la-reina-belluga-sustituye-al-rei-carnestoltes-en-el-carnaval-de-barcelona-como-reivindicacion-de-la-mujer\/","title":{"rendered":"La Reina Belluga sustituye al Rei Carnestoltes en el carnaval de Barcelona como reivindicaci\u00f3n de la mujer"},"content":{"rendered":"<p><img fetchpriority=\"high\" decoding=\"async\" class=\"alignleft size-medium wp-image-62157\" src=\"https:\/\/eldigitaldeasturias.com\/magazine365\/wp-content\/uploads\/2016\/01\/fotonoticia_20160126120157_800-360x240.jpg\" alt=\"fotonoticia_20160126120157_800\" width=\"360\" height=\"240\" srcset=\"https:\/\/eldigitaldeasturias.com\/magazine365\/wp-content\/uploads\/2016\/01\/fotonoticia_20160126120157_800-360x240.jpg 360w, https:\/\/eldigitaldeasturias.com\/magazine365\/wp-content\/uploads\/2016\/01\/fotonoticia_20160126120157_800-650x433.jpg 650w, https:\/\/eldigitaldeasturias.com\/magazine365\/wp-content\/uploads\/2016\/01\/fotonoticia_20160126120157_800-768x512.jpg 768w, https:\/\/eldigitaldeasturias.com\/magazine365\/wp-content\/uploads\/2016\/01\/fotonoticia_20160126120157_800-150x100.jpg 150w, https:\/\/eldigitaldeasturias.com\/magazine365\/wp-content\/uploads\/2016\/01\/fotonoticia_20160126120157_800-450x300.jpg 450w, https:\/\/eldigitaldeasturias.com\/magazine365\/wp-content\/uploads\/2016\/01\/fotonoticia_20160126120157_800-696x464.jpg 696w, https:\/\/eldigitaldeasturias.com\/magazine365\/wp-content\/uploads\/2016\/01\/fotonoticia_20160126120157_800-630x420.jpg 630w, https:\/\/eldigitaldeasturias.com\/magazine365\/wp-content\/uploads\/2016\/01\/fotonoticia_20160126120157_800-101x66.jpg 101w, https:\/\/eldigitaldeasturias.com\/magazine365\/wp-content\/uploads\/2016\/01\/fotonoticia_20160126120157_800.jpg 800w\" sizes=\"(max-width: 360px) 100vw, 360px\" \/>El Carnaval de Barcelona de este a\u00f1o estar\u00e1 protagonizado por la Reina Belluga, que deja al Rei Carnestoltes un papel secundario, como una reivindicaci\u00f3n simb\u00f3lica de la mujer, ha explicado la concejal de Ciclo de la Vida, Feminismos y LGTBI, Laura P\u00e9rez.<\/p>\n<p>En rueda de prensa junto a P\u00e9rez y a la artista que encarnar\u00e1 a la reina, Alba Sarraute, la concejal de Participaci\u00f3n, Gala Pin, ha destacado que se trata de una figura tradicional del Carnaval de la capital catalana del siglo XVII, por lo que tambi\u00e9n pretende \u00abrecuperar tradiciones de la propia ciudad y actualizarlas\u00bb, en una fiesta que se alargar\u00e1 del jueves 4 de febrero al mi\u00e9rcoles 7.<\/p>\n<p>\u00abLa historia se escribe desde el poder, y tradicionalmente ha sido masculino\u00bb, lo que ha llevado a que se hayan invisibilizado e incluso eliminado algunas figuras femeninas, ha criticado P\u00e9rez, que ha resaltado que la Reina Belluga &#8211;y tambi\u00e9n el Rei Belluga&#8211; son anteriores al Rei Carnestoltes como figura del Carnaval, que este a\u00f1o cuenta con un vestuario dise\u00f1ado por Valeria Civil y un cartel de Toni Camarasa.<\/p>\n<p>Pin ha destacado que el Carnaval es un \u00abmomento de fiesta y de desenfreno, y en origen es el momento en que las clases populares hacen cr\u00edtica pol\u00edtica, sarcasmo e iron\u00eda del poder establecido\u00bb, una tradici\u00f3n que ha esperado que recuperen los vecinos que participar\u00e1n en la celebraci\u00f3n.<\/p>\n<p>\u00abS\u00c1TIRA MON\u00c1RQUICA\u00bb<\/p>\n<p>P\u00e9rez ha relatado que la Reina Belluga &#8211;que apareci\u00f3 en el pasado Carnaval en un papel secundario&#8211; representaba la diversi\u00f3n, el desenfreno y tambi\u00e9n la desobediencia, y desfilaba por la capital catalana de hace tres siglos llevando corona y molinillos de viento como una s\u00e1tira mon\u00e1rquica: \u00abEn este car\u00e1cter exc\u00e9ntrico que tambi\u00e9n tiene el Carnaval, hemos querido poner en valor nuestra nueva pero vieja Reina Belluga\u00bb.<\/p>\n<p>Preguntada por si otros grupos municipales pueden criticar este cambio, Pin ha insistido en que el protagonismo de la Reina Belluga pretende recuperar tradiciones propias de la ciudad y actualizarlas, y ha a\u00f1adido: \u00abPoner sobre la mesa la cr\u00edtica pol\u00edtica debe ser m\u00e1s una cuesti\u00f3n que sea bienvenida por los distintos grupos\u00bb.<\/p>\n<p>REINA \u00abM\u00c1S PODEROSA\u00bb<\/p>\n<p>Sarraute ha destacado el honor que representa convertirse en la reina del Carnaval, y ha se\u00f1alado sobre esta festividad y su papel: \u00abEl Carnaval no deja de ser una s\u00e1tira de todo lo que hay en nuestro entorno pol\u00edtico y social. La reina es republicana y antimon\u00e1rquica porque es lo que tenemos. Si hubiera un primer ministro, ser\u00eda otra cosa\u00bb.<\/p>\n<p>\u00abComo payasa y cirquera, hacer un cambio radical y ser m\u00e1s poderosa que los hombres que han participado llevando todas esas herramientas acrob\u00e1ticas, musicales, de bajadas en tirolina, sin miedo, con cante, con fuerza y con mucha emoci\u00f3n de poder participar en este gran Carnaval de Barcelona\u00bb, ha a\u00f1adido la artista.<\/p>\n<p>Ha resaltado que participar en la fiesta de la capital catalana es un s\u00edmbolo emocional para las personas que est\u00e1n trabajando fuera, y representa la situaci\u00f3n del \u00e1mbito cultural: \u00abGracias a este Carnaval, siento la libertad de venir a Barcelona y gritar fuerte que la cultura todav\u00eda necesita reivindicarse\u00bb.<\/p>\n<p>30% MENOS DE PRESUPUESTO<\/p>\n<p>Pin ha explicado que el Carnaval de este a\u00f1o cuenta con un presupuesto de 200.000 euros, un 30% menos que la anterior edici\u00f3n, debido a que han puesto \u00e9nfasis en las r\u00faas de los barrios y se ha eliminado el entierro de la sardina central en el parque de la Ciutadella &#8211;impulsan los que organizan entidades y escuelas&#8211; y la presentaci\u00f3n de los embajadores de Carnaval en varios mercados, que se concentran en el Mercat del Clot.<\/p>\n<p>El tradicional Arribo, esta vez de la reina, se celebrar\u00e1 el jueves ante el Born, donde ella llegar\u00e1 bajando en tirolina y discutir\u00e1 al Rei Carnestoltes la legitimidad de su reinado antes de los fuegos artificiales, mientras que el viernes tendr\u00e1 lugar el Ball del Molinet, que dar\u00e1 protagonismo a los molinillos de viento y las m\u00e1scaras.<\/p>\n<p>El s\u00e1bado se celebrar\u00e1n una treintena de r\u00faas por los barrios de la capital catalana, y el domingo la plaza Comercial acoger\u00e1 la Taronjada y la Cavalcada de la Reina Belluga, mientras que el mi\u00e9rcoles 10 la capital catalana se despedir\u00e1 del Carnaval con el entierro de la sardina.<\/p>\n","protected":false},"excerpt":{"rendered":"<p>El Carnaval de Barcelona de este a\u00f1o estar\u00e1 protagonizado por la Reina Belluga, que deja al Rei Carnestoltes un papel secundario, como una reivindicaci\u00f3n simb\u00f3lica de la mujer, ha explicado la concejal de Ciclo de la Vida, Feminismos y LGTBI, Laura P\u00e9rez. En rueda de prensa junto a P\u00e9rez y a la artista que encarnar\u00e1<\/p>\n","protected":false},"author":1,"featured_media":62157,"comment_status":"open","ping_status":"closed","sticky":false,"template":"","format":"standard","meta":{"footnotes":""},"categories":[224],"tags":[],"class_list":{"0":"post-62156","1":"post","2":"type-post","3":"status-publish","4":"format-standard","5":"has-post-thumbnail","7":"category-noticias-actualidad"},"aioseo_notices":[],"aioseo_head":"\n\t\t<!-- All in One SEO Pro 4.9.6.1 - aioseo.com -->\n\t<meta name=\"description\" content=\"El Carnaval de Barcelona de este a\u00f1o estar\u00e1 protagonizado por la Reina Belluga, que deja al Rei Carnestoltes un papel secundario, como una reivindicaci\u00f3n simb\u00f3lica de la mujer, ha explicado la concejal de Ciclo de la Vida, Feminismos y LGTBI, Laura P\u00e9rez. En rueda de prensa junto a P\u00e9rez y a la artista que encarnar\u00e1\" \/>\n\t<meta name=\"robots\" content=\"max-image-preview:large\" \/>\n\t<meta name=\"author\" content=\"admin\"\/>\n\t<meta name=\"google-site-verification\" content=\"UA-38556648-1\" \/>\n\t<meta name=\"keywords\" content=\"noticias y actualidad\" \/>\n\t<link rel=\"canonical\" href=\"https:\/\/eldigitaldeasturias.com\/magazine365\/la-reina-belluga-sustituye-al-rei-carnestoltes-en-el-carnaval-de-barcelona-como-reivindicacion-de-la-mujer\/\" \/>\n\t<meta name=\"generator\" content=\"All in One SEO Pro (AIOSEO) 4.9.6.1\" \/>\n\t\t<meta property=\"og:locale\" content=\"es_ES\" \/>\n\t\t<meta property=\"og:site_name\" content=\"El Digital de Asturias \u2013 Revista de ocio, turismo y estilo de vida\" \/>\n\t\t<meta property=\"og:type\" content=\"article\" \/>\n\t\t<meta property=\"og:title\" content=\"La Reina Belluga sustituye al Rei Carnestoltes en el carnaval de Barcelona como reivindicaci\u00f3n de la mujer | El Digital de Asturias\" \/>\n\t\t<meta property=\"og:description\" content=\"El Carnaval de Barcelona de este a\u00f1o estar\u00e1 protagonizado por la Reina Belluga, que deja al Rei Carnestoltes un papel secundario, como una reivindicaci\u00f3n simb\u00f3lica de la mujer, ha explicado la concejal de Ciclo de la Vida, Feminismos y LGTBI, Laura P\u00e9rez. En rueda de prensa junto a P\u00e9rez y a la artista que encarnar\u00e1\" \/>\n\t\t<meta property=\"og:url\" content=\"https:\/\/eldigitaldeasturias.com\/magazine365\/la-reina-belluga-sustituye-al-rei-carnestoltes-en-el-carnaval-de-barcelona-como-reivindicacion-de-la-mujer\/\" \/>\n\t\t<meta property=\"og:image\" content=\"https:\/\/eldigitaldeasturias.com\/magazine365\/wp-content\/uploads\/2016\/01\/fotonoticia_20160126120157_800.jpg\" \/>\n\t\t<meta property=\"og:image:secure_url\" content=\"https:\/\/eldigitaldeasturias.com\/magazine365\/wp-content\/uploads\/2016\/01\/fotonoticia_20160126120157_800.jpg\" \/>\n\t\t<meta property=\"og:image:width\" content=\"800\" \/>\n\t\t<meta property=\"og:image:height\" content=\"533\" \/>\n\t\t<meta property=\"article:published_time\" content=\"2016-01-29T12:36:12+00:00\" \/>\n\t\t<meta property=\"article:modified_time\" content=\"2016-01-29T12:36:12+00:00\" \/>\n\t\t<meta name=\"twitter:card\" content=\"summary_large_image\" \/>\n\t\t<meta name=\"twitter:title\" content=\"La Reina Belluga sustituye al Rei Carnestoltes en el carnaval de Barcelona como reivindicaci\u00f3n de la mujer | El Digital de Asturias\" \/>\n\t\t<meta name=\"twitter:description\" content=\"El Carnaval de Barcelona de este a\u00f1o estar\u00e1 protagonizado por la Reina Belluga, que deja al Rei Carnestoltes un papel secundario, como una reivindicaci\u00f3n simb\u00f3lica de la mujer, ha explicado la concejal de Ciclo de la Vida, Feminismos y LGTBI, Laura P\u00e9rez. En rueda de prensa junto a P\u00e9rez y a la artista que encarnar\u00e1\" \/>\n\t\t<meta name=\"twitter:image\" content=\"https:\/\/eldigitaldeasturias.com\/magazine365\/wp-content\/uploads\/2016\/01\/fotonoticia_20160126120157_800.jpg\" \/>\n\t\t<script type=\"application\/ld+json\" class=\"aioseo-schema\">\n\t\t\t{\"@context\":\"https:\\\/\\\/schema.org\",\"@graph\":[{\"@type\":\"Article\",\"@id\":\"https:\\\/\\\/eldigitaldeasturias.com\\\/magazine365\\\/la-reina-belluga-sustituye-al-rei-carnestoltes-en-el-carnaval-de-barcelona-como-reivindicacion-de-la-mujer\\\/#article\",\"name\":\"La Reina Belluga sustituye al Rei Carnestoltes en el carnaval de Barcelona como reivindicaci\\u00f3n de la mujer | El Digital de Asturias\",\"headline\":\"La Reina Belluga sustituye al Rei Carnestoltes en el carnaval de Barcelona como reivindicaci\\u00f3n de la mujer\",\"author\":{\"@id\":\"https:\\\/\\\/eldigitaldeasturias.com\\\/magazine365\\\/author\\\/admin\\\/#author\"},\"publisher\":{\"@id\":\"https:\\\/\\\/eldigitaldeasturias.com\\\/magazine365\\\/#organization\"},\"image\":{\"@type\":\"ImageObject\",\"url\":\"https:\\\/\\\/eldigitaldeasturias.com\\\/magazine365\\\/wp-content\\\/uploads\\\/2016\\\/01\\\/fotonoticia_20160126120157_800.jpg\",\"width\":800,\"height\":533},\"datePublished\":\"2016-01-29T13:36:12+01:00\",\"dateModified\":\"2016-01-29T13:36:12+01:00\",\"inLanguage\":\"es-ES\",\"mainEntityOfPage\":{\"@id\":\"https:\\\/\\\/eldigitaldeasturias.com\\\/magazine365\\\/la-reina-belluga-sustituye-al-rei-carnestoltes-en-el-carnaval-de-barcelona-como-reivindicacion-de-la-mujer\\\/#webpage\"},\"isPartOf\":{\"@id\":\"https:\\\/\\\/eldigitaldeasturias.com\\\/magazine365\\\/la-reina-belluga-sustituye-al-rei-carnestoltes-en-el-carnaval-de-barcelona-como-reivindicacion-de-la-mujer\\\/#webpage\"},\"articleSection\":\"Noticias y Actualidad\"},{\"@type\":\"BreadcrumbList\",\"@id\":\"https:\\\/\\\/eldigitaldeasturias.com\\\/magazine365\\\/la-reina-belluga-sustituye-al-rei-carnestoltes-en-el-carnaval-de-barcelona-como-reivindicacion-de-la-mujer\\\/#breadcrumblist\",\"itemListElement\":[{\"@type\":\"ListItem\",\"@id\":\"https:\\\/\\\/eldigitaldeasturias.com\\\/magazine365#listItem\",\"position\":1,\"name\":\"Home\",\"item\":\"https:\\\/\\\/eldigitaldeasturias.com\\\/magazine365\",\"nextItem\":{\"@type\":\"ListItem\",\"@id\":\"https:\\\/\\\/eldigitaldeasturias.com\\\/magazine365\\\/category\\\/noticias-actualidad\\\/#listItem\",\"name\":\"Noticias y Actualidad\"}},{\"@type\":\"ListItem\",\"@id\":\"https:\\\/\\\/eldigitaldeasturias.com\\\/magazine365\\\/category\\\/noticias-actualidad\\\/#listItem\",\"position\":2,\"name\":\"Noticias y Actualidad\",\"item\":\"https:\\\/\\\/eldigitaldeasturias.com\\\/magazine365\\\/category\\\/noticias-actualidad\\\/\",\"nextItem\":{\"@type\":\"ListItem\",\"@id\":\"https:\\\/\\\/eldigitaldeasturias.com\\\/magazine365\\\/la-reina-belluga-sustituye-al-rei-carnestoltes-en-el-carnaval-de-barcelona-como-reivindicacion-de-la-mujer\\\/#listItem\",\"name\":\"La Reina Belluga sustituye al Rei Carnestoltes en el carnaval de Barcelona como reivindicaci\\u00f3n de la mujer\"},\"previousItem\":{\"@type\":\"ListItem\",\"@id\":\"https:\\\/\\\/eldigitaldeasturias.com\\\/magazine365#listItem\",\"name\":\"Home\"}},{\"@type\":\"ListItem\",\"@id\":\"https:\\\/\\\/eldigitaldeasturias.com\\\/magazine365\\\/la-reina-belluga-sustituye-al-rei-carnestoltes-en-el-carnaval-de-barcelona-como-reivindicacion-de-la-mujer\\\/#listItem\",\"position\":3,\"name\":\"La Reina Belluga sustituye al Rei Carnestoltes en el carnaval de Barcelona como reivindicaci\\u00f3n de la mujer\",\"previousItem\":{\"@type\":\"ListItem\",\"@id\":\"https:\\\/\\\/eldigitaldeasturias.com\\\/magazine365\\\/category\\\/noticias-actualidad\\\/#listItem\",\"name\":\"Noticias y Actualidad\"}}]},{\"@type\":\"Organization\",\"@id\":\"https:\\\/\\\/eldigitaldeasturias.com\\\/magazine365\\\/#organization\",\"name\":\"El digital de Asturias\",\"description\":\"Revista de ocio, turismo y estilo de vida\",\"url\":\"https:\\\/\\\/eldigitaldeasturias.com\\\/magazine365\\\/\",\"logo\":{\"@type\":\"ImageObject\",\"url\":\"https:\\\/\\\/www.eldigitaldeasturias.com\\\/noticias\\\/wp-content\\\/uploads\\\/2020\\\/12\\\/EDA.jpg\",\"@id\":\"https:\\\/\\\/eldigitaldeasturias.com\\\/magazine365\\\/la-reina-belluga-sustituye-al-rei-carnestoltes-en-el-carnaval-de-barcelona-como-reivindicacion-de-la-mujer\\\/#organizationLogo\"},\"image\":{\"@id\":\"https:\\\/\\\/eldigitaldeasturias.com\\\/magazine365\\\/la-reina-belluga-sustituye-al-rei-carnestoltes-en-el-carnaval-de-barcelona-como-reivindicacion-de-la-mujer\\\/#organizationLogo\"}},{\"@type\":\"Person\",\"@id\":\"https:\\\/\\\/eldigitaldeasturias.com\\\/magazine365\\\/author\\\/admin\\\/#author\",\"url\":\"https:\\\/\\\/eldigitaldeasturias.com\\\/magazine365\\\/author\\\/admin\\\/\",\"name\":\"admin\",\"image\":{\"@type\":\"ImageObject\",\"@id\":\"https:\\\/\\\/eldigitaldeasturias.com\\\/magazine365\\\/la-reina-belluga-sustituye-al-rei-carnestoltes-en-el-carnaval-de-barcelona-como-reivindicacion-de-la-mujer\\\/#authorImage\",\"url\":\"https:\\\/\\\/eldigitaldeasturias.com\\\/magazine365\\\/wp-content\\\/litespeed\\\/avatar\\\/e571bcf59a0edd6fa6838245a470f2fe.jpg?ver=1776969259\",\"width\":96,\"height\":96,\"caption\":\"admin\"}},{\"@type\":\"WebPage\",\"@id\":\"https:\\\/\\\/eldigitaldeasturias.com\\\/magazine365\\\/la-reina-belluga-sustituye-al-rei-carnestoltes-en-el-carnaval-de-barcelona-como-reivindicacion-de-la-mujer\\\/#webpage\",\"url\":\"https:\\\/\\\/eldigitaldeasturias.com\\\/magazine365\\\/la-reina-belluga-sustituye-al-rei-carnestoltes-en-el-carnaval-de-barcelona-como-reivindicacion-de-la-mujer\\\/\",\"name\":\"La Reina Belluga sustituye al Rei Carnestoltes en el carnaval de Barcelona como reivindicaci\\u00f3n de la mujer | El Digital de Asturias\",\"description\":\"El Carnaval de Barcelona de este a\\u00f1o estar\\u00e1 protagonizado por la Reina Belluga, que deja al Rei Carnestoltes un papel secundario, como una reivindicaci\\u00f3n simb\\u00f3lica de la mujer, ha explicado la concejal de Ciclo de la Vida, Feminismos y LGTBI, Laura P\\u00e9rez. En rueda de prensa junto a P\\u00e9rez y a la artista que encarnar\\u00e1\",\"inLanguage\":\"es-ES\",\"isPartOf\":{\"@id\":\"https:\\\/\\\/eldigitaldeasturias.com\\\/magazine365\\\/#website\"},\"breadcrumb\":{\"@id\":\"https:\\\/\\\/eldigitaldeasturias.com\\\/magazine365\\\/la-reina-belluga-sustituye-al-rei-carnestoltes-en-el-carnaval-de-barcelona-como-reivindicacion-de-la-mujer\\\/#breadcrumblist\"},\"author\":{\"@id\":\"https:\\\/\\\/eldigitaldeasturias.com\\\/magazine365\\\/author\\\/admin\\\/#author\"},\"creator\":{\"@id\":\"https:\\\/\\\/eldigitaldeasturias.com\\\/magazine365\\\/author\\\/admin\\\/#author\"},\"image\":{\"@type\":\"ImageObject\",\"url\":\"https:\\\/\\\/eldigitaldeasturias.com\\\/magazine365\\\/wp-content\\\/uploads\\\/2016\\\/01\\\/fotonoticia_20160126120157_800.jpg\",\"@id\":\"https:\\\/\\\/eldigitaldeasturias.com\\\/magazine365\\\/la-reina-belluga-sustituye-al-rei-carnestoltes-en-el-carnaval-de-barcelona-como-reivindicacion-de-la-mujer\\\/#mainImage\",\"width\":800,\"height\":533},\"primaryImageOfPage\":{\"@id\":\"https:\\\/\\\/eldigitaldeasturias.com\\\/magazine365\\\/la-reina-belluga-sustituye-al-rei-carnestoltes-en-el-carnaval-de-barcelona-como-reivindicacion-de-la-mujer\\\/#mainImage\"},\"datePublished\":\"2016-01-29T13:36:12+01:00\",\"dateModified\":\"2016-01-29T13:36:12+01:00\"},{\"@type\":\"WebSite\",\"@id\":\"https:\\\/\\\/eldigitaldeasturias.com\\\/magazine365\\\/#website\",\"url\":\"https:\\\/\\\/eldigitaldeasturias.com\\\/magazine365\\\/\",\"name\":\"El Digital de Asturias\",\"description\":\"Revista de ocio, turismo y estilo de vida\",\"inLanguage\":\"es-ES\",\"publisher\":{\"@id\":\"https:\\\/\\\/eldigitaldeasturias.com\\\/magazine365\\\/#organization\"}}]}\n\t\t<\/script>\n\t\t<!-- All in One SEO Pro -->\r\n\t\t<title>La Reina Belluga sustituye al Rei Carnestoltes en el carnaval de Barcelona como reivindicaci\u00f3n de la mujer | El Digital de Asturias<\/title>\n\n","aioseo_head_json":{"title":"La Reina Belluga sustituye al Rei Carnestoltes en el carnaval de Barcelona como reivindicaci\u00f3n de la mujer | El Digital de Asturias","description":"El Carnaval de Barcelona de este a\u00f1o estar\u00e1 protagonizado por la Reina Belluga, que deja al Rei Carnestoltes un papel secundario, como una reivindicaci\u00f3n simb\u00f3lica de la mujer, ha explicado la concejal de Ciclo de la Vida, Feminismos y LGTBI, Laura P\u00e9rez. En rueda de prensa junto a P\u00e9rez y a la artista que encarnar\u00e1","canonical_url":"https:\/\/eldigitaldeasturias.com\/magazine365\/la-reina-belluga-sustituye-al-rei-carnestoltes-en-el-carnaval-de-barcelona-como-reivindicacion-de-la-mujer\/","robots":"max-image-preview:large","keywords":"noticias y actualidad","webmasterTools":{"google-site-verification":"UA-38556648-1","miscellaneous":""},"schema":{"@context":"https:\/\/schema.org","@graph":[{"@type":"Article","@id":"https:\/\/eldigitaldeasturias.com\/magazine365\/la-reina-belluga-sustituye-al-rei-carnestoltes-en-el-carnaval-de-barcelona-como-reivindicacion-de-la-mujer\/#article","name":"La Reina Belluga sustituye al Rei Carnestoltes en el carnaval de Barcelona como reivindicaci\u00f3n de la mujer | El Digital de Asturias","headline":"La Reina Belluga sustituye al Rei Carnestoltes en el carnaval de Barcelona como reivindicaci\u00f3n de la mujer","author":{"@id":"https:\/\/eldigitaldeasturias.com\/magazine365\/author\/admin\/#author"},"publisher":{"@id":"https:\/\/eldigitaldeasturias.com\/magazine365\/#organization"},"image":{"@type":"ImageObject","url":"https:\/\/eldigitaldeasturias.com\/magazine365\/wp-content\/uploads\/2016\/01\/fotonoticia_20160126120157_800.jpg","width":800,"height":533},"datePublished":"2016-01-29T13:36:12+01:00","dateModified":"2016-01-29T13:36:12+01:00","inLanguage":"es-ES","mainEntityOfPage":{"@id":"https:\/\/eldigitaldeasturias.com\/magazine365\/la-reina-belluga-sustituye-al-rei-carnestoltes-en-el-carnaval-de-barcelona-como-reivindicacion-de-la-mujer\/#webpage"},"isPartOf":{"@id":"https:\/\/eldigitaldeasturias.com\/magazine365\/la-reina-belluga-sustituye-al-rei-carnestoltes-en-el-carnaval-de-barcelona-como-reivindicacion-de-la-mujer\/#webpage"},"articleSection":"Noticias y Actualidad"},{"@type":"BreadcrumbList","@id":"https:\/\/eldigitaldeasturias.com\/magazine365\/la-reina-belluga-sustituye-al-rei-carnestoltes-en-el-carnaval-de-barcelona-como-reivindicacion-de-la-mujer\/#breadcrumblist","itemListElement":[{"@type":"ListItem","@id":"https:\/\/eldigitaldeasturias.com\/magazine365#listItem","position":1,"name":"Home","item":"https:\/\/eldigitaldeasturias.com\/magazine365","nextItem":{"@type":"ListItem","@id":"https:\/\/eldigitaldeasturias.com\/magazine365\/category\/noticias-actualidad\/#listItem","name":"Noticias y Actualidad"}},{"@type":"ListItem","@id":"https:\/\/eldigitaldeasturias.com\/magazine365\/category\/noticias-actualidad\/#listItem","position":2,"name":"Noticias y Actualidad","item":"https:\/\/eldigitaldeasturias.com\/magazine365\/category\/noticias-actualidad\/","nextItem":{"@type":"ListItem","@id":"https:\/\/eldigitaldeasturias.com\/magazine365\/la-reina-belluga-sustituye-al-rei-carnestoltes-en-el-carnaval-de-barcelona-como-reivindicacion-de-la-mujer\/#listItem","name":"La Reina Belluga sustituye al Rei Carnestoltes en el carnaval de Barcelona como reivindicaci\u00f3n de la mujer"},"previousItem":{"@type":"ListItem","@id":"https:\/\/eldigitaldeasturias.com\/magazine365#listItem","name":"Home"}},{"@type":"ListItem","@id":"https:\/\/eldigitaldeasturias.com\/magazine365\/la-reina-belluga-sustituye-al-rei-carnestoltes-en-el-carnaval-de-barcelona-como-reivindicacion-de-la-mujer\/#listItem","position":3,"name":"La Reina Belluga sustituye al Rei Carnestoltes en el carnaval de Barcelona como reivindicaci\u00f3n de la mujer","previousItem":{"@type":"ListItem","@id":"https:\/\/eldigitaldeasturias.com\/magazine365\/category\/noticias-actualidad\/#listItem","name":"Noticias y Actualidad"}}]},{"@type":"Organization","@id":"https:\/\/eldigitaldeasturias.com\/magazine365\/#organization","name":"El digital de Asturias","description":"Revista de ocio, turismo y estilo de vida","url":"https:\/\/eldigitaldeasturias.com\/magazine365\/","logo":{"@type":"ImageObject","url":"https:\/\/www.eldigitaldeasturias.com\/noticias\/wp-content\/uploads\/2020\/12\/EDA.jpg","@id":"https:\/\/eldigitaldeasturias.com\/magazine365\/la-reina-belluga-sustituye-al-rei-carnestoltes-en-el-carnaval-de-barcelona-como-reivindicacion-de-la-mujer\/#organizationLogo"},"image":{"@id":"https:\/\/eldigitaldeasturias.com\/magazine365\/la-reina-belluga-sustituye-al-rei-carnestoltes-en-el-carnaval-de-barcelona-como-reivindicacion-de-la-mujer\/#organizationLogo"}},{"@type":"Person","@id":"https:\/\/eldigitaldeasturias.com\/magazine365\/author\/admin\/#author","url":"https:\/\/eldigitaldeasturias.com\/magazine365\/author\/admin\/","name":"admin","image":{"@type":"ImageObject","@id":"https:\/\/eldigitaldeasturias.com\/magazine365\/la-reina-belluga-sustituye-al-rei-carnestoltes-en-el-carnaval-de-barcelona-como-reivindicacion-de-la-mujer\/#authorImage","url":"https:\/\/eldigitaldeasturias.com\/magazine365\/wp-content\/litespeed\/avatar\/e571bcf59a0edd6fa6838245a470f2fe.jpg?ver=1776969259","width":96,"height":96,"caption":"admin"}},{"@type":"WebPage","@id":"https:\/\/eldigitaldeasturias.com\/magazine365\/la-reina-belluga-sustituye-al-rei-carnestoltes-en-el-carnaval-de-barcelona-como-reivindicacion-de-la-mujer\/#webpage","url":"https:\/\/eldigitaldeasturias.com\/magazine365\/la-reina-belluga-sustituye-al-rei-carnestoltes-en-el-carnaval-de-barcelona-como-reivindicacion-de-la-mujer\/","name":"La Reina Belluga sustituye al Rei Carnestoltes en el carnaval de Barcelona como reivindicaci\u00f3n de la mujer | El Digital de Asturias","description":"El Carnaval de Barcelona de este a\u00f1o estar\u00e1 protagonizado por la Reina Belluga, que deja al Rei Carnestoltes un papel secundario, como una reivindicaci\u00f3n simb\u00f3lica de la mujer, ha explicado la concejal de Ciclo de la Vida, Feminismos y LGTBI, Laura P\u00e9rez. En rueda de prensa junto a P\u00e9rez y a la artista que encarnar\u00e1","inLanguage":"es-ES","isPartOf":{"@id":"https:\/\/eldigitaldeasturias.com\/magazine365\/#website"},"breadcrumb":{"@id":"https:\/\/eldigitaldeasturias.com\/magazine365\/la-reina-belluga-sustituye-al-rei-carnestoltes-en-el-carnaval-de-barcelona-como-reivindicacion-de-la-mujer\/#breadcrumblist"},"author":{"@id":"https:\/\/eldigitaldeasturias.com\/magazine365\/author\/admin\/#author"},"creator":{"@id":"https:\/\/eldigitaldeasturias.com\/magazine365\/author\/admin\/#author"},"image":{"@type":"ImageObject","url":"https:\/\/eldigitaldeasturias.com\/magazine365\/wp-content\/uploads\/2016\/01\/fotonoticia_20160126120157_800.jpg","@id":"https:\/\/eldigitaldeasturias.com\/magazine365\/la-reina-belluga-sustituye-al-rei-carnestoltes-en-el-carnaval-de-barcelona-como-reivindicacion-de-la-mujer\/#mainImage","width":800,"height":533},"primaryImageOfPage":{"@id":"https:\/\/eldigitaldeasturias.com\/magazine365\/la-reina-belluga-sustituye-al-rei-carnestoltes-en-el-carnaval-de-barcelona-como-reivindicacion-de-la-mujer\/#mainImage"},"datePublished":"2016-01-29T13:36:12+01:00","dateModified":"2016-01-29T13:36:12+01:00"},{"@type":"WebSite","@id":"https:\/\/eldigitaldeasturias.com\/magazine365\/#website","url":"https:\/\/eldigitaldeasturias.com\/magazine365\/","name":"El Digital de Asturias","description":"Revista de ocio, turismo y estilo de vida","inLanguage":"es-ES","publisher":{"@id":"https:\/\/eldigitaldeasturias.com\/magazine365\/#organization"}}]},"og:locale":"es_ES","og:site_name":"El Digital de Asturias \u2013 Revista de ocio, turismo y estilo de vida","og:type":"article","og:title":"La Reina Belluga sustituye al Rei Carnestoltes en el carnaval de Barcelona como reivindicaci\u00f3n de la mujer | El Digital de Asturias","og:description":"El Carnaval de Barcelona de este a\u00f1o estar\u00e1 protagonizado por la Reina Belluga, que deja al Rei Carnestoltes un papel secundario, como una reivindicaci\u00f3n simb\u00f3lica de la mujer, ha explicado la concejal de Ciclo de la Vida, Feminismos y LGTBI, Laura P\u00e9rez. En rueda de prensa junto a P\u00e9rez y a la artista que encarnar\u00e1","og:url":"https:\/\/eldigitaldeasturias.com\/magazine365\/la-reina-belluga-sustituye-al-rei-carnestoltes-en-el-carnaval-de-barcelona-como-reivindicacion-de-la-mujer\/","og:image":"https:\/\/eldigitaldeasturias.com\/magazine365\/wp-content\/uploads\/2016\/01\/fotonoticia_20160126120157_800.jpg","og:image:secure_url":"https:\/\/eldigitaldeasturias.com\/magazine365\/wp-content\/uploads\/2016\/01\/fotonoticia_20160126120157_800.jpg","og:image:width":800,"og:image:height":533,"article:published_time":"2016-01-29T12:36:12+00:00","article:modified_time":"2016-01-29T12:36:12+00:00","twitter:card":"summary_large_image","twitter:title":"La Reina Belluga sustituye al Rei Carnestoltes en el carnaval de Barcelona como reivindicaci\u00f3n de la mujer | El Digital de Asturias","twitter:description":"El Carnaval de Barcelona de este a\u00f1o estar\u00e1 protagonizado por la Reina Belluga, que deja al Rei Carnestoltes un papel secundario, como una reivindicaci\u00f3n simb\u00f3lica de la mujer, ha explicado la concejal de Ciclo de la Vida, Feminismos y LGTBI, Laura P\u00e9rez. En rueda de prensa junto a P\u00e9rez y a la artista que encarnar\u00e1","twitter:image":"https:\/\/eldigitaldeasturias.com\/magazine365\/wp-content\/uploads\/2016\/01\/fotonoticia_20160126120157_800.jpg"},"aioseo_meta_data":{"post_id":"62156","title":null,"description":null,"keywords":null,"keyphrases":null,"primary_term":null,"canonical_url":null,"og_title":null,"og_description":null,"og_object_type":"default","og_image_type":"default","og_image_url":null,"og_image_width":null,"og_image_height":null,"og_image_custom_url":null,"og_image_custom_fields":null,"og_video":null,"og_custom_url":null,"og_article_section":null,"og_article_tags":null,"twitter_use_og":false,"twitter_card":"default","twitter_image_type":"default","twitter_image_url":null,"twitter_image_custom_url":null,"twitter_image_custom_fields":null,"twitter_title":null,"twitter_description":null,"schema":{"blockGraphs":[],"customGraphs":[],"default":{"data":{"Article":[],"Course":[],"Dataset":[],"FAQPage":[],"Movie":[],"Person":[],"Product":[],"ProductReview":[],"Car":[],"Recipe":[],"Service":[],"SoftwareApplication":[],"WebPage":[]},"graphName":"","isEnabled":true},"graphs":[]},"schema_type":null,"schema_type_options":null,"pillar_content":false,"robots_default":true,"robots_noindex":false,"robots_noarchive":false,"robots_nosnippet":false,"robots_nofollow":false,"robots_noimageindex":false,"robots_noodp":false,"robots_notranslate":false,"robots_max_snippet":null,"robots_max_videopreview":null,"robots_max_imagepreview":"large","priority":null,"frequency":null,"location":null,"local_seo":null,"seo_analyzer_scan_date":"2025-09-25 10:33:47","breadcrumb_settings":null,"limit_modified_date":false,"open_ai":null,"ai":null,"created":"2021-03-08 21:40:49","updated":"2025-09-25 10:33:47"},"aioseo_breadcrumb":"<div class=\"aioseo-breadcrumbs\"><span class=\"aioseo-breadcrumb\">\n\t<a href=\"https:\/\/eldigitaldeasturias.com\/magazine365\" title=\"Home\">Home<\/a>\n<\/span><span class=\"aioseo-breadcrumb-separator\">\u2013<\/span><span class=\"aioseo-breadcrumb\">\n\t<a href=\"https:\/\/eldigitaldeasturias.com\/magazine365\/category\/noticias-actualidad\/\" title=\"Noticias y Actualidad\">Noticias y Actualidad<\/a>\n<\/span><span class=\"aioseo-breadcrumb-separator\">\u2013<\/span><span class=\"aioseo-breadcrumb\">\n\t<a href=\"https:\/\/eldigitaldeasturias.com\/magazine365\/la-reina-belluga-sustituye-al-rei-carnestoltes-en-el-carnaval-de-barcelona-como-reivindicacion-de-la-mujer\/\" title=\"La Reina Belluga sustituye al Rei Carnestoltes en el carnaval de Barcelona como reivindicaci\u00f3n de la mujer\">La Reina Belluga sustituye al Rei Carnestoltes en el carnaval de Barcelona como reivindicaci\u00f3n de la mujer<\/a>\n<\/span><\/div>","aioseo_breadcrumb_json":[{"label":"Home","link":"https:\/\/eldigitaldeasturias.com\/magazine365"},{"label":"Noticias y Actualidad","link":"https:\/\/eldigitaldeasturias.com\/magazine365\/category\/noticias-actualidad\/"},{"label":"La Reina Belluga sustituye al Rei Carnestoltes en el carnaval de Barcelona como reivindicaci\u00f3n de la mujer","link":"https:\/\/eldigitaldeasturias.com\/magazine365\/la-reina-belluga-sustituye-al-rei-carnestoltes-en-el-carnaval-de-barcelona-como-reivindicacion-de-la-mujer\/"}],"_links":{"self":[{"href":"https:\/\/eldigitaldeasturias.com\/magazine365\/wp-json\/wp\/v2\/posts\/62156","targetHints":{"allow":["GET"]}}],"collection":[{"href":"https:\/\/eldigitaldeasturias.com\/magazine365\/wp-json\/wp\/v2\/posts"}],"about":[{"href":"https:\/\/eldigitaldeasturias.com\/magazine365\/wp-json\/wp\/v2\/types\/post"}],"author":[{"embeddable":true,"href":"https:\/\/eldigitaldeasturias.com\/magazine365\/wp-json\/wp\/v2\/users\/1"}],"replies":[{"embeddable":true,"href":"https:\/\/eldigitaldeasturias.com\/magazine365\/wp-json\/wp\/v2\/comments?post=62156"}],"version-history":[{"count":0,"href":"https:\/\/eldigitaldeasturias.com\/magazine365\/wp-json\/wp\/v2\/posts\/62156\/revisions"}],"wp:featuredmedia":[{"embeddable":true,"href":"https:\/\/eldigitaldeasturias.com\/magazine365\/wp-json\/wp\/v2\/media\/62157"}],"wp:attachment":[{"href":"https:\/\/eldigitaldeasturias.com\/magazine365\/wp-json\/wp\/v2\/media?parent=62156"}],"wp:term":[{"taxonomy":"category","embeddable":true,"href":"https:\/\/eldigitaldeasturias.com\/magazine365\/wp-json\/wp\/v2\/categories?post=62156"},{"taxonomy":"post_tag","embeddable":true,"href":"https:\/\/eldigitaldeasturias.com\/magazine365\/wp-json\/wp\/v2\/tags?post=62156"}],"curies":[{"name":"wp","href":"https:\/\/api.w.org\/{rel}","templated":true}]}}