{"id":62141,"date":"2016-01-27T11:24:56","date_gmt":"2016-01-27T10:24:56","guid":{"rendered":"http:\/\/eldigitaldeasturias.com\/magazine365\/?p=62141"},"modified":"2016-01-27T11:24:56","modified_gmt":"2016-01-27T10:24:56","slug":"el-cabildo-asegura-que-el-turismo-en-gran-canaria-esta-en-un-momento-historico","status":"publish","type":"post","link":"https:\/\/eldigitaldeasturias.com\/magazine365\/el-cabildo-asegura-que-el-turismo-en-gran-canaria-esta-en-un-momento-historico\/","title":{"rendered":"El Cabildo asegura que el turismo en Gran Canaria est\u00e1 en un \u00abmomento hist\u00f3rico\u00bb"},"content":{"rendered":"<p><img fetchpriority=\"high\" decoding=\"async\" class=\"alignleft size-medium wp-image-62142\" src=\"https:\/\/eldigitaldeasturias.com\/magazine365\/wp-content\/uploads\/2016\/01\/fotonoticia_20160126115015_800-360x227.jpg\" alt=\"fotonoticia_20160126115015_800\" width=\"360\" height=\"227\" srcset=\"https:\/\/eldigitaldeasturias.com\/magazine365\/wp-content\/uploads\/2016\/01\/fotonoticia_20160126115015_800-360x227.jpg 360w, https:\/\/eldigitaldeasturias.com\/magazine365\/wp-content\/uploads\/2016\/01\/fotonoticia_20160126115015_800-650x410.jpg 650w, https:\/\/eldigitaldeasturias.com\/magazine365\/wp-content\/uploads\/2016\/01\/fotonoticia_20160126115015_800-768x484.jpg 768w, https:\/\/eldigitaldeasturias.com\/magazine365\/wp-content\/uploads\/2016\/01\/fotonoticia_20160126115015_800-150x95.jpg 150w, https:\/\/eldigitaldeasturias.com\/magazine365\/wp-content\/uploads\/2016\/01\/fotonoticia_20160126115015_800-450x284.jpg 450w, https:\/\/eldigitaldeasturias.com\/magazine365\/wp-content\/uploads\/2016\/01\/fotonoticia_20160126115015_800-696x438.jpg 696w, https:\/\/eldigitaldeasturias.com\/magazine365\/wp-content\/uploads\/2016\/01\/fotonoticia_20160126115015_800-667x420.jpg 667w, https:\/\/eldigitaldeasturias.com\/magazine365\/wp-content\/uploads\/2016\/01\/fotonoticia_20160126115015_800-269x170.jpg 269w, https:\/\/eldigitaldeasturias.com\/magazine365\/wp-content\/uploads\/2016\/01\/fotonoticia_20160126115015_800-365x230.jpg 365w, https:\/\/eldigitaldeasturias.com\/magazine365\/wp-content\/uploads\/2016\/01\/fotonoticia_20160126115015_800-160x100.jpg 160w, https:\/\/eldigitaldeasturias.com\/magazine365\/wp-content\/uploads\/2016\/01\/fotonoticia_20160126115015_800.jpg 800w\" sizes=\"(max-width: 360px) 100vw, 360px\" \/>El presidente del Cabildo de Gran Canaria, Antonio Morales, ha subrayado que el turismo en la isla se encuentra en un \u00abmomento hist\u00f3rico\u00bb, ya que vuelve a \u00abrecuperar las cifras de antes de la crisis\u00bb.<\/p>\n<p>En este sentido, se\u00f1al\u00f3 que el objetivo de diversificar los mercados para romper la estacionalidad, \u00abse est\u00e1 consiguiendo\u00bb. Adem\u00e1s, incidi\u00f3 en que para este a\u00f1o 2016 se pretende alcanzar los 500.000 turistas peninsulares.<\/p>\n<p>\u00abEn Gran Canaria hay un turismo estable durante el invierno, el turismo n\u00f3rdico, el escandinavo, el alem\u00e1n ya empieza a ser de todo el a\u00f1o, el ingl\u00e9s tambi\u00e9n, el franc\u00e9s es m\u00e1s de verano, el espa\u00f1ol. Por lo tanto, cubrir todas las estaciones y garantizar la presencia y un lleno durante todo el a\u00f1o\u00bb, destac\u00f3 en declaraciones a los medios durante un acto p\u00fablico.<\/p>\n<p>Asimismo, apunt\u00f3 que se ha aumentado la conectividad, lo que \u00abes fundamental\u00bb en el turismo, de tal forma que indic\u00f3 se han ampliado l\u00edneas con Zurich y otros lugares de Europa; mientras que Norwegian \u00abva a duplicar\u00bb la oferta con Madrid, Catalu\u00f1a y Andaluc\u00eda, adem\u00e1s de abrirse una nueva l\u00ednea con Budapest.<\/p>\n<p>Morales a\u00f1adi\u00f3 que \u00abeso es muy importante\u00bb, ya que se aumenta la llegada de ciudadanos, fundamentalmente, del norte de Alemania y del turismo peninsular, por lo que incidi\u00f3 en que es un \u00abbuen momento, que rompe la estacionalidad y que hace que se tenga turismo durante todo el a\u00f1o en Gran Canaria\u00bb.<\/p>\n","protected":false},"excerpt":{"rendered":"<p>El presidente del Cabildo de Gran Canaria, Antonio Morales, ha subrayado que el turismo en la isla se encuentra en un \u00abmomento hist\u00f3rico\u00bb, ya que vuelve a \u00abrecuperar las cifras de antes de la crisis\u00bb. En este sentido, se\u00f1al\u00f3 que el objetivo de diversificar los mercados para romper la estacionalidad, \u00abse est\u00e1 consiguiendo\u00bb. Adem\u00e1s, incidi\u00f3<\/p>\n","protected":false},"author":1,"featured_media":62142,"comment_status":"open","ping_status":"closed","sticky":false,"template":"","format":"standard","meta":{"footnotes":""},"categories":[224],"tags":[],"class_list":{"0":"post-62141","1":"post","2":"type-post","3":"status-publish","4":"format-standard","5":"has-post-thumbnail","7":"category-noticias-actualidad"},"aioseo_notices":[],"aioseo_head":"\n\t\t<!-- All in One SEO Pro 4.9.6.1 - aioseo.com -->\n\t<meta name=\"description\" content=\"El presidente del Cabildo de Gran Canaria, Antonio Morales, ha subrayado que el turismo en la isla se encuentra en un &quot;momento hist\u00f3rico&quot;, ya que vuelve a &quot;recuperar las cifras de antes de la crisis&quot;. En este sentido, se\u00f1al\u00f3 que el objetivo de diversificar los mercados para romper la estacionalidad, &quot;se est\u00e1 consiguiendo&quot;. Adem\u00e1s, incidi\u00f3\" \/>\n\t<meta name=\"robots\" content=\"max-image-preview:large\" \/>\n\t<meta name=\"author\" content=\"admin\"\/>\n\t<meta name=\"google-site-verification\" content=\"UA-38556648-1\" \/>\n\t<meta name=\"keywords\" content=\"noticias y actualidad\" \/>\n\t<link rel=\"canonical\" href=\"https:\/\/eldigitaldeasturias.com\/magazine365\/el-cabildo-asegura-que-el-turismo-en-gran-canaria-esta-en-un-momento-historico\/\" \/>\n\t<meta name=\"generator\" content=\"All in One SEO Pro (AIOSEO) 4.9.6.1\" \/>\n\t\t<meta property=\"og:locale\" content=\"es_ES\" \/>\n\t\t<meta property=\"og:site_name\" content=\"El Digital de Asturias \u2013 Revista de ocio, turismo y estilo de vida\" \/>\n\t\t<meta property=\"og:type\" content=\"article\" \/>\n\t\t<meta property=\"og:title\" content=\"El Cabildo asegura que el turismo en Gran Canaria est\u00e1 en un \u00abmomento hist\u00f3rico\u00bb | El Digital de Asturias\" \/>\n\t\t<meta property=\"og:description\" content=\"El presidente del Cabildo de Gran Canaria, Antonio Morales, ha subrayado que el turismo en la isla se encuentra en un &quot;momento hist\u00f3rico&quot;, ya que vuelve a &quot;recuperar las cifras de antes de la crisis&quot;. En este sentido, se\u00f1al\u00f3 que el objetivo de diversificar los mercados para romper la estacionalidad, &quot;se est\u00e1 consiguiendo&quot;. Adem\u00e1s, incidi\u00f3\" \/>\n\t\t<meta property=\"og:url\" content=\"https:\/\/eldigitaldeasturias.com\/magazine365\/el-cabildo-asegura-que-el-turismo-en-gran-canaria-esta-en-un-momento-historico\/\" \/>\n\t\t<meta property=\"og:image\" content=\"https:\/\/eldigitaldeasturias.com\/magazine365\/wp-content\/uploads\/2016\/01\/fotonoticia_20160126115015_800.jpg\" \/>\n\t\t<meta property=\"og:image:secure_url\" content=\"https:\/\/eldigitaldeasturias.com\/magazine365\/wp-content\/uploads\/2016\/01\/fotonoticia_20160126115015_800.jpg\" \/>\n\t\t<meta property=\"og:image:width\" content=\"800\" \/>\n\t\t<meta property=\"og:image:height\" content=\"504\" \/>\n\t\t<meta property=\"article:published_time\" content=\"2016-01-27T10:24:56+00:00\" \/>\n\t\t<meta property=\"article:modified_time\" content=\"2016-01-27T10:24:56+00:00\" \/>\n\t\t<meta name=\"twitter:card\" content=\"summary_large_image\" \/>\n\t\t<meta name=\"twitter:title\" content=\"El Cabildo asegura que el turismo en Gran Canaria est\u00e1 en un \u00abmomento hist\u00f3rico\u00bb | El Digital de Asturias\" \/>\n\t\t<meta name=\"twitter:description\" content=\"El presidente del Cabildo de Gran Canaria, Antonio Morales, ha subrayado que el turismo en la isla se encuentra en un &quot;momento hist\u00f3rico&quot;, ya que vuelve a &quot;recuperar las cifras de antes de la crisis&quot;. En este sentido, se\u00f1al\u00f3 que el objetivo de diversificar los mercados para romper la estacionalidad, &quot;se est\u00e1 consiguiendo&quot;. Adem\u00e1s, incidi\u00f3\" \/>\n\t\t<meta name=\"twitter:image\" content=\"https:\/\/eldigitaldeasturias.com\/magazine365\/wp-content\/uploads\/2016\/01\/fotonoticia_20160126115015_800.jpg\" \/>\n\t\t<script type=\"application\/ld+json\" class=\"aioseo-schema\">\n\t\t\t{\"@context\":\"https:\\\/\\\/schema.org\",\"@graph\":[{\"@type\":\"Article\",\"@id\":\"https:\\\/\\\/eldigitaldeasturias.com\\\/magazine365\\\/el-cabildo-asegura-que-el-turismo-en-gran-canaria-esta-en-un-momento-historico\\\/#article\",\"name\":\"El Cabildo asegura que el turismo en Gran Canaria est\\u00e1 en un \\u00abmomento hist\\u00f3rico\\u00bb | El Digital de Asturias\",\"headline\":\"El Cabildo asegura que el turismo en Gran Canaria est\\u00e1 en un \\u00abmomento hist\\u00f3rico\\u00bb\",\"author\":{\"@id\":\"https:\\\/\\\/eldigitaldeasturias.com\\\/magazine365\\\/author\\\/admin\\\/#author\"},\"publisher\":{\"@id\":\"https:\\\/\\\/eldigitaldeasturias.com\\\/magazine365\\\/#organization\"},\"image\":{\"@type\":\"ImageObject\",\"url\":\"https:\\\/\\\/eldigitaldeasturias.com\\\/magazine365\\\/wp-content\\\/uploads\\\/2016\\\/01\\\/fotonoticia_20160126115015_800.jpg\",\"width\":800,\"height\":504},\"datePublished\":\"2016-01-27T11:24:56+01:00\",\"dateModified\":\"2016-01-27T11:24:56+01:00\",\"inLanguage\":\"es-ES\",\"mainEntityOfPage\":{\"@id\":\"https:\\\/\\\/eldigitaldeasturias.com\\\/magazine365\\\/el-cabildo-asegura-que-el-turismo-en-gran-canaria-esta-en-un-momento-historico\\\/#webpage\"},\"isPartOf\":{\"@id\":\"https:\\\/\\\/eldigitaldeasturias.com\\\/magazine365\\\/el-cabildo-asegura-que-el-turismo-en-gran-canaria-esta-en-un-momento-historico\\\/#webpage\"},\"articleSection\":\"Noticias y Actualidad\"},{\"@type\":\"BreadcrumbList\",\"@id\":\"https:\\\/\\\/eldigitaldeasturias.com\\\/magazine365\\\/el-cabildo-asegura-que-el-turismo-en-gran-canaria-esta-en-un-momento-historico\\\/#breadcrumblist\",\"itemListElement\":[{\"@type\":\"ListItem\",\"@id\":\"https:\\\/\\\/eldigitaldeasturias.com\\\/magazine365#listItem\",\"position\":1,\"name\":\"Home\",\"item\":\"https:\\\/\\\/eldigitaldeasturias.com\\\/magazine365\",\"nextItem\":{\"@type\":\"ListItem\",\"@id\":\"https:\\\/\\\/eldigitaldeasturias.com\\\/magazine365\\\/category\\\/noticias-actualidad\\\/#listItem\",\"name\":\"Noticias y Actualidad\"}},{\"@type\":\"ListItem\",\"@id\":\"https:\\\/\\\/eldigitaldeasturias.com\\\/magazine365\\\/category\\\/noticias-actualidad\\\/#listItem\",\"position\":2,\"name\":\"Noticias y Actualidad\",\"item\":\"https:\\\/\\\/eldigitaldeasturias.com\\\/magazine365\\\/category\\\/noticias-actualidad\\\/\",\"nextItem\":{\"@type\":\"ListItem\",\"@id\":\"https:\\\/\\\/eldigitaldeasturias.com\\\/magazine365\\\/el-cabildo-asegura-que-el-turismo-en-gran-canaria-esta-en-un-momento-historico\\\/#listItem\",\"name\":\"El Cabildo asegura que el turismo en Gran Canaria est\\u00e1 en un \\u00abmomento hist\\u00f3rico\\u00bb\"},\"previousItem\":{\"@type\":\"ListItem\",\"@id\":\"https:\\\/\\\/eldigitaldeasturias.com\\\/magazine365#listItem\",\"name\":\"Home\"}},{\"@type\":\"ListItem\",\"@id\":\"https:\\\/\\\/eldigitaldeasturias.com\\\/magazine365\\\/el-cabildo-asegura-que-el-turismo-en-gran-canaria-esta-en-un-momento-historico\\\/#listItem\",\"position\":3,\"name\":\"El Cabildo asegura que el turismo en Gran Canaria est\\u00e1 en un \\u00abmomento hist\\u00f3rico\\u00bb\",\"previousItem\":{\"@type\":\"ListItem\",\"@id\":\"https:\\\/\\\/eldigitaldeasturias.com\\\/magazine365\\\/category\\\/noticias-actualidad\\\/#listItem\",\"name\":\"Noticias y Actualidad\"}}]},{\"@type\":\"Organization\",\"@id\":\"https:\\\/\\\/eldigitaldeasturias.com\\\/magazine365\\\/#organization\",\"name\":\"El digital de Asturias\",\"description\":\"Revista de ocio, turismo y estilo de vida\",\"url\":\"https:\\\/\\\/eldigitaldeasturias.com\\\/magazine365\\\/\",\"logo\":{\"@type\":\"ImageObject\",\"url\":\"https:\\\/\\\/www.eldigitaldeasturias.com\\\/noticias\\\/wp-content\\\/uploads\\\/2020\\\/12\\\/EDA.jpg\",\"@id\":\"https:\\\/\\\/eldigitaldeasturias.com\\\/magazine365\\\/el-cabildo-asegura-que-el-turismo-en-gran-canaria-esta-en-un-momento-historico\\\/#organizationLogo\"},\"image\":{\"@id\":\"https:\\\/\\\/eldigitaldeasturias.com\\\/magazine365\\\/el-cabildo-asegura-que-el-turismo-en-gran-canaria-esta-en-un-momento-historico\\\/#organizationLogo\"}},{\"@type\":\"Person\",\"@id\":\"https:\\\/\\\/eldigitaldeasturias.com\\\/magazine365\\\/author\\\/admin\\\/#author\",\"url\":\"https:\\\/\\\/eldigitaldeasturias.com\\\/magazine365\\\/author\\\/admin\\\/\",\"name\":\"admin\",\"image\":{\"@type\":\"ImageObject\",\"@id\":\"https:\\\/\\\/eldigitaldeasturias.com\\\/magazine365\\\/el-cabildo-asegura-que-el-turismo-en-gran-canaria-esta-en-un-momento-historico\\\/#authorImage\",\"url\":\"https:\\\/\\\/eldigitaldeasturias.com\\\/magazine365\\\/wp-content\\\/litespeed\\\/avatar\\\/e571bcf59a0edd6fa6838245a470f2fe.jpg?ver=1776969259\",\"width\":96,\"height\":96,\"caption\":\"admin\"}},{\"@type\":\"WebPage\",\"@id\":\"https:\\\/\\\/eldigitaldeasturias.com\\\/magazine365\\\/el-cabildo-asegura-que-el-turismo-en-gran-canaria-esta-en-un-momento-historico\\\/#webpage\",\"url\":\"https:\\\/\\\/eldigitaldeasturias.com\\\/magazine365\\\/el-cabildo-asegura-que-el-turismo-en-gran-canaria-esta-en-un-momento-historico\\\/\",\"name\":\"El Cabildo asegura que el turismo en Gran Canaria est\\u00e1 en un \\u00abmomento hist\\u00f3rico\\u00bb | El Digital de Asturias\",\"description\":\"El presidente del Cabildo de Gran Canaria, Antonio Morales, ha subrayado que el turismo en la isla se encuentra en un \\\"momento hist\\u00f3rico\\\", ya que vuelve a \\\"recuperar las cifras de antes de la crisis\\\". En este sentido, se\\u00f1al\\u00f3 que el objetivo de diversificar los mercados para romper la estacionalidad, \\\"se est\\u00e1 consiguiendo\\\". Adem\\u00e1s, incidi\\u00f3\",\"inLanguage\":\"es-ES\",\"isPartOf\":{\"@id\":\"https:\\\/\\\/eldigitaldeasturias.com\\\/magazine365\\\/#website\"},\"breadcrumb\":{\"@id\":\"https:\\\/\\\/eldigitaldeasturias.com\\\/magazine365\\\/el-cabildo-asegura-que-el-turismo-en-gran-canaria-esta-en-un-momento-historico\\\/#breadcrumblist\"},\"author\":{\"@id\":\"https:\\\/\\\/eldigitaldeasturias.com\\\/magazine365\\\/author\\\/admin\\\/#author\"},\"creator\":{\"@id\":\"https:\\\/\\\/eldigitaldeasturias.com\\\/magazine365\\\/author\\\/admin\\\/#author\"},\"image\":{\"@type\":\"ImageObject\",\"url\":\"https:\\\/\\\/eldigitaldeasturias.com\\\/magazine365\\\/wp-content\\\/uploads\\\/2016\\\/01\\\/fotonoticia_20160126115015_800.jpg\",\"@id\":\"https:\\\/\\\/eldigitaldeasturias.com\\\/magazine365\\\/el-cabildo-asegura-que-el-turismo-en-gran-canaria-esta-en-un-momento-historico\\\/#mainImage\",\"width\":800,\"height\":504},\"primaryImageOfPage\":{\"@id\":\"https:\\\/\\\/eldigitaldeasturias.com\\\/magazine365\\\/el-cabildo-asegura-que-el-turismo-en-gran-canaria-esta-en-un-momento-historico\\\/#mainImage\"},\"datePublished\":\"2016-01-27T11:24:56+01:00\",\"dateModified\":\"2016-01-27T11:24:56+01:00\"},{\"@type\":\"WebSite\",\"@id\":\"https:\\\/\\\/eldigitaldeasturias.com\\\/magazine365\\\/#website\",\"url\":\"https:\\\/\\\/eldigitaldeasturias.com\\\/magazine365\\\/\",\"name\":\"El Digital de Asturias\",\"description\":\"Revista de ocio, turismo y estilo de vida\",\"inLanguage\":\"es-ES\",\"publisher\":{\"@id\":\"https:\\\/\\\/eldigitaldeasturias.com\\\/magazine365\\\/#organization\"}}]}\n\t\t<\/script>\n\t\t<!-- All in One SEO Pro -->\r\n\t\t<title>El Cabildo asegura que el turismo en Gran Canaria est\u00e1 en un \u00abmomento hist\u00f3rico\u00bb | El Digital de Asturias<\/title>\n\n","aioseo_head_json":{"title":"El Cabildo asegura que el turismo en Gran Canaria est\u00e1 en un \u00abmomento hist\u00f3rico\u00bb | El Digital de Asturias","description":"El presidente del Cabildo de Gran Canaria, Antonio Morales, ha subrayado que el turismo en la isla se encuentra en un \"momento hist\u00f3rico\", ya que vuelve a \"recuperar las cifras de antes de la crisis\". En este sentido, se\u00f1al\u00f3 que el objetivo de diversificar los mercados para romper la estacionalidad, \"se est\u00e1 consiguiendo\". Adem\u00e1s, incidi\u00f3","canonical_url":"https:\/\/eldigitaldeasturias.com\/magazine365\/el-cabildo-asegura-que-el-turismo-en-gran-canaria-esta-en-un-momento-historico\/","robots":"max-image-preview:large","keywords":"noticias y actualidad","webmasterTools":{"google-site-verification":"UA-38556648-1","miscellaneous":""},"schema":{"@context":"https:\/\/schema.org","@graph":[{"@type":"Article","@id":"https:\/\/eldigitaldeasturias.com\/magazine365\/el-cabildo-asegura-que-el-turismo-en-gran-canaria-esta-en-un-momento-historico\/#article","name":"El Cabildo asegura que el turismo en Gran Canaria est\u00e1 en un \u00abmomento hist\u00f3rico\u00bb | El Digital de Asturias","headline":"El Cabildo asegura que el turismo en Gran Canaria est\u00e1 en un \u00abmomento hist\u00f3rico\u00bb","author":{"@id":"https:\/\/eldigitaldeasturias.com\/magazine365\/author\/admin\/#author"},"publisher":{"@id":"https:\/\/eldigitaldeasturias.com\/magazine365\/#organization"},"image":{"@type":"ImageObject","url":"https:\/\/eldigitaldeasturias.com\/magazine365\/wp-content\/uploads\/2016\/01\/fotonoticia_20160126115015_800.jpg","width":800,"height":504},"datePublished":"2016-01-27T11:24:56+01:00","dateModified":"2016-01-27T11:24:56+01:00","inLanguage":"es-ES","mainEntityOfPage":{"@id":"https:\/\/eldigitaldeasturias.com\/magazine365\/el-cabildo-asegura-que-el-turismo-en-gran-canaria-esta-en-un-momento-historico\/#webpage"},"isPartOf":{"@id":"https:\/\/eldigitaldeasturias.com\/magazine365\/el-cabildo-asegura-que-el-turismo-en-gran-canaria-esta-en-un-momento-historico\/#webpage"},"articleSection":"Noticias y Actualidad"},{"@type":"BreadcrumbList","@id":"https:\/\/eldigitaldeasturias.com\/magazine365\/el-cabildo-asegura-que-el-turismo-en-gran-canaria-esta-en-un-momento-historico\/#breadcrumblist","itemListElement":[{"@type":"ListItem","@id":"https:\/\/eldigitaldeasturias.com\/magazine365#listItem","position":1,"name":"Home","item":"https:\/\/eldigitaldeasturias.com\/magazine365","nextItem":{"@type":"ListItem","@id":"https:\/\/eldigitaldeasturias.com\/magazine365\/category\/noticias-actualidad\/#listItem","name":"Noticias y Actualidad"}},{"@type":"ListItem","@id":"https:\/\/eldigitaldeasturias.com\/magazine365\/category\/noticias-actualidad\/#listItem","position":2,"name":"Noticias y Actualidad","item":"https:\/\/eldigitaldeasturias.com\/magazine365\/category\/noticias-actualidad\/","nextItem":{"@type":"ListItem","@id":"https:\/\/eldigitaldeasturias.com\/magazine365\/el-cabildo-asegura-que-el-turismo-en-gran-canaria-esta-en-un-momento-historico\/#listItem","name":"El Cabildo asegura que el turismo en Gran Canaria est\u00e1 en un \u00abmomento hist\u00f3rico\u00bb"},"previousItem":{"@type":"ListItem","@id":"https:\/\/eldigitaldeasturias.com\/magazine365#listItem","name":"Home"}},{"@type":"ListItem","@id":"https:\/\/eldigitaldeasturias.com\/magazine365\/el-cabildo-asegura-que-el-turismo-en-gran-canaria-esta-en-un-momento-historico\/#listItem","position":3,"name":"El Cabildo asegura que el turismo en Gran Canaria est\u00e1 en un \u00abmomento hist\u00f3rico\u00bb","previousItem":{"@type":"ListItem","@id":"https:\/\/eldigitaldeasturias.com\/magazine365\/category\/noticias-actualidad\/#listItem","name":"Noticias y Actualidad"}}]},{"@type":"Organization","@id":"https:\/\/eldigitaldeasturias.com\/magazine365\/#organization","name":"El digital de Asturias","description":"Revista de ocio, turismo y estilo de vida","url":"https:\/\/eldigitaldeasturias.com\/magazine365\/","logo":{"@type":"ImageObject","url":"https:\/\/www.eldigitaldeasturias.com\/noticias\/wp-content\/uploads\/2020\/12\/EDA.jpg","@id":"https:\/\/eldigitaldeasturias.com\/magazine365\/el-cabildo-asegura-que-el-turismo-en-gran-canaria-esta-en-un-momento-historico\/#organizationLogo"},"image":{"@id":"https:\/\/eldigitaldeasturias.com\/magazine365\/el-cabildo-asegura-que-el-turismo-en-gran-canaria-esta-en-un-momento-historico\/#organizationLogo"}},{"@type":"Person","@id":"https:\/\/eldigitaldeasturias.com\/magazine365\/author\/admin\/#author","url":"https:\/\/eldigitaldeasturias.com\/magazine365\/author\/admin\/","name":"admin","image":{"@type":"ImageObject","@id":"https:\/\/eldigitaldeasturias.com\/magazine365\/el-cabildo-asegura-que-el-turismo-en-gran-canaria-esta-en-un-momento-historico\/#authorImage","url":"https:\/\/eldigitaldeasturias.com\/magazine365\/wp-content\/litespeed\/avatar\/e571bcf59a0edd6fa6838245a470f2fe.jpg?ver=1776969259","width":96,"height":96,"caption":"admin"}},{"@type":"WebPage","@id":"https:\/\/eldigitaldeasturias.com\/magazine365\/el-cabildo-asegura-que-el-turismo-en-gran-canaria-esta-en-un-momento-historico\/#webpage","url":"https:\/\/eldigitaldeasturias.com\/magazine365\/el-cabildo-asegura-que-el-turismo-en-gran-canaria-esta-en-un-momento-historico\/","name":"El Cabildo asegura que el turismo en Gran Canaria est\u00e1 en un \u00abmomento hist\u00f3rico\u00bb | El Digital de Asturias","description":"El presidente del Cabildo de Gran Canaria, Antonio Morales, ha subrayado que el turismo en la isla se encuentra en un \"momento hist\u00f3rico\", ya que vuelve a \"recuperar las cifras de antes de la crisis\". En este sentido, se\u00f1al\u00f3 que el objetivo de diversificar los mercados para romper la estacionalidad, \"se est\u00e1 consiguiendo\". Adem\u00e1s, incidi\u00f3","inLanguage":"es-ES","isPartOf":{"@id":"https:\/\/eldigitaldeasturias.com\/magazine365\/#website"},"breadcrumb":{"@id":"https:\/\/eldigitaldeasturias.com\/magazine365\/el-cabildo-asegura-que-el-turismo-en-gran-canaria-esta-en-un-momento-historico\/#breadcrumblist"},"author":{"@id":"https:\/\/eldigitaldeasturias.com\/magazine365\/author\/admin\/#author"},"creator":{"@id":"https:\/\/eldigitaldeasturias.com\/magazine365\/author\/admin\/#author"},"image":{"@type":"ImageObject","url":"https:\/\/eldigitaldeasturias.com\/magazine365\/wp-content\/uploads\/2016\/01\/fotonoticia_20160126115015_800.jpg","@id":"https:\/\/eldigitaldeasturias.com\/magazine365\/el-cabildo-asegura-que-el-turismo-en-gran-canaria-esta-en-un-momento-historico\/#mainImage","width":800,"height":504},"primaryImageOfPage":{"@id":"https:\/\/eldigitaldeasturias.com\/magazine365\/el-cabildo-asegura-que-el-turismo-en-gran-canaria-esta-en-un-momento-historico\/#mainImage"},"datePublished":"2016-01-27T11:24:56+01:00","dateModified":"2016-01-27T11:24:56+01:00"},{"@type":"WebSite","@id":"https:\/\/eldigitaldeasturias.com\/magazine365\/#website","url":"https:\/\/eldigitaldeasturias.com\/magazine365\/","name":"El Digital de Asturias","description":"Revista de ocio, turismo y estilo de vida","inLanguage":"es-ES","publisher":{"@id":"https:\/\/eldigitaldeasturias.com\/magazine365\/#organization"}}]},"og:locale":"es_ES","og:site_name":"El Digital de Asturias \u2013 Revista de ocio, turismo y estilo de vida","og:type":"article","og:title":"El Cabildo asegura que el turismo en Gran Canaria est\u00e1 en un \u00abmomento hist\u00f3rico\u00bb | El Digital de Asturias","og:description":"El presidente del Cabildo de Gran Canaria, Antonio Morales, ha subrayado que el turismo en la isla se encuentra en un &quot;momento hist\u00f3rico&quot;, ya que vuelve a &quot;recuperar las cifras de antes de la crisis&quot;. En este sentido, se\u00f1al\u00f3 que el objetivo de diversificar los mercados para romper la estacionalidad, &quot;se est\u00e1 consiguiendo&quot;. Adem\u00e1s, incidi\u00f3","og:url":"https:\/\/eldigitaldeasturias.com\/magazine365\/el-cabildo-asegura-que-el-turismo-en-gran-canaria-esta-en-un-momento-historico\/","og:image":"https:\/\/eldigitaldeasturias.com\/magazine365\/wp-content\/uploads\/2016\/01\/fotonoticia_20160126115015_800.jpg","og:image:secure_url":"https:\/\/eldigitaldeasturias.com\/magazine365\/wp-content\/uploads\/2016\/01\/fotonoticia_20160126115015_800.jpg","og:image:width":800,"og:image:height":504,"article:published_time":"2016-01-27T10:24:56+00:00","article:modified_time":"2016-01-27T10:24:56+00:00","twitter:card":"summary_large_image","twitter:title":"El Cabildo asegura que el turismo en Gran Canaria est\u00e1 en un \u00abmomento hist\u00f3rico\u00bb | El Digital de Asturias","twitter:description":"El presidente del Cabildo de Gran Canaria, Antonio Morales, ha subrayado que el turismo en la isla se encuentra en un &quot;momento hist\u00f3rico&quot;, ya que vuelve a &quot;recuperar las cifras de antes de la crisis&quot;. En este sentido, se\u00f1al\u00f3 que el objetivo de diversificar los mercados para romper la estacionalidad, &quot;se est\u00e1 consiguiendo&quot;. Adem\u00e1s, incidi\u00f3","twitter:image":"https:\/\/eldigitaldeasturias.com\/magazine365\/wp-content\/uploads\/2016\/01\/fotonoticia_20160126115015_800.jpg"},"aioseo_meta_data":{"post_id":"62141","title":null,"description":null,"keywords":null,"keyphrases":null,"primary_term":null,"canonical_url":null,"og_title":null,"og_description":null,"og_object_type":"default","og_image_type":"default","og_image_url":null,"og_image_width":null,"og_image_height":null,"og_image_custom_url":null,"og_image_custom_fields":null,"og_video":null,"og_custom_url":null,"og_article_section":null,"og_article_tags":null,"twitter_use_og":false,"twitter_card":"default","twitter_image_type":"default","twitter_image_url":null,"twitter_image_custom_url":null,"twitter_image_custom_fields":null,"twitter_title":null,"twitter_description":null,"schema":{"blockGraphs":[],"customGraphs":[],"default":{"data":{"Article":[],"Course":[],"Dataset":[],"FAQPage":[],"Movie":[],"Person":[],"Product":[],"ProductReview":[],"Car":[],"Recipe":[],"Service":[],"SoftwareApplication":[],"WebPage":[]},"graphName":"","isEnabled":true},"graphs":[],"defaultGraph":"","defaultPostTypeGraph":""},"schema_type":null,"schema_type_options":null,"pillar_content":false,"robots_default":true,"robots_noindex":false,"robots_noarchive":false,"robots_nosnippet":false,"robots_nofollow":false,"robots_noimageindex":false,"robots_noodp":false,"robots_notranslate":false,"robots_max_snippet":null,"robots_max_videopreview":null,"robots_max_imagepreview":"large","priority":null,"frequency":null,"location":null,"local_seo":null,"seo_analyzer_scan_date":"2025-09-25 10:31:16","breadcrumb_settings":null,"limit_modified_date":false,"open_ai":null,"ai":null,"created":"2021-03-08 21:40:49","updated":"2025-09-25 10:31:16"},"aioseo_breadcrumb":"<div class=\"aioseo-breadcrumbs\"><span class=\"aioseo-breadcrumb\">\n\t<a href=\"https:\/\/eldigitaldeasturias.com\/magazine365\" title=\"Home\">Home<\/a>\n<\/span><span class=\"aioseo-breadcrumb-separator\">\u2013<\/span><span class=\"aioseo-breadcrumb\">\n\t<a href=\"https:\/\/eldigitaldeasturias.com\/magazine365\/category\/noticias-actualidad\/\" title=\"Noticias y Actualidad\">Noticias y Actualidad<\/a>\n<\/span><span class=\"aioseo-breadcrumb-separator\">\u2013<\/span><span class=\"aioseo-breadcrumb\">\n\t<a href=\"https:\/\/eldigitaldeasturias.com\/magazine365\/el-cabildo-asegura-que-el-turismo-en-gran-canaria-esta-en-un-momento-historico\/\" title=\"El Cabildo asegura que el turismo en Gran Canaria est\u00e1 en un \u00abmomento hist\u00f3rico\u00bb\">El Cabildo asegura que el turismo en Gran Canaria est\u00e1 en un \u00abmomento hist\u00f3rico\u00bb<\/a>\n<\/span><\/div>","aioseo_breadcrumb_json":[{"label":"Home","link":"https:\/\/eldigitaldeasturias.com\/magazine365"},{"label":"Noticias y Actualidad","link":"https:\/\/eldigitaldeasturias.com\/magazine365\/category\/noticias-actualidad\/"},{"label":"El Cabildo asegura que el turismo en Gran Canaria est\u00e1 en un \u00abmomento hist\u00f3rico\u00bb","link":"https:\/\/eldigitaldeasturias.com\/magazine365\/el-cabildo-asegura-que-el-turismo-en-gran-canaria-esta-en-un-momento-historico\/"}],"_links":{"self":[{"href":"https:\/\/eldigitaldeasturias.com\/magazine365\/wp-json\/wp\/v2\/posts\/62141","targetHints":{"allow":["GET"]}}],"collection":[{"href":"https:\/\/eldigitaldeasturias.com\/magazine365\/wp-json\/wp\/v2\/posts"}],"about":[{"href":"https:\/\/eldigitaldeasturias.com\/magazine365\/wp-json\/wp\/v2\/types\/post"}],"author":[{"embeddable":true,"href":"https:\/\/eldigitaldeasturias.com\/magazine365\/wp-json\/wp\/v2\/users\/1"}],"replies":[{"embeddable":true,"href":"https:\/\/eldigitaldeasturias.com\/magazine365\/wp-json\/wp\/v2\/comments?post=62141"}],"version-history":[{"count":0,"href":"https:\/\/eldigitaldeasturias.com\/magazine365\/wp-json\/wp\/v2\/posts\/62141\/revisions"}],"wp:featuredmedia":[{"embeddable":true,"href":"https:\/\/eldigitaldeasturias.com\/magazine365\/wp-json\/wp\/v2\/media\/62142"}],"wp:attachment":[{"href":"https:\/\/eldigitaldeasturias.com\/magazine365\/wp-json\/wp\/v2\/media?parent=62141"}],"wp:term":[{"taxonomy":"category","embeddable":true,"href":"https:\/\/eldigitaldeasturias.com\/magazine365\/wp-json\/wp\/v2\/categories?post=62141"},{"taxonomy":"post_tag","embeddable":true,"href":"https:\/\/eldigitaldeasturias.com\/magazine365\/wp-json\/wp\/v2\/tags?post=62141"}],"curies":[{"name":"wp","href":"https:\/\/api.w.org\/{rel}","templated":true}]}}