{"id":62138,"date":"2016-01-27T11:23:06","date_gmt":"2016-01-27T10:23:06","guid":{"rendered":"http:\/\/eldigitaldeasturias.com\/magazine365\/?p=62138"},"modified":"2016-01-27T11:23:06","modified_gmt":"2016-01-27T10:23:06","slug":"el-ayuntamiento-de-madrid-hace-una-nueva-propuesta-a-wanda","status":"publish","type":"post","link":"https:\/\/eldigitaldeasturias.com\/magazine365\/el-ayuntamiento-de-madrid-hace-una-nueva-propuesta-a-wanda\/","title":{"rendered":"El Ayuntamiento de Madrid hace \u00abuna nueva propuesta\u00bb a Wanda"},"content":{"rendered":"<p><img fetchpriority=\"high\" decoding=\"async\" class=\"alignleft size-medium wp-image-62139\" src=\"https:\/\/eldigitaldeasturias.com\/magazine365\/wp-content\/uploads\/2016\/01\/fotonoticia_20160126114910_800-360x240.jpg\" alt=\"fotonoticia_20160126114910_800\" width=\"360\" height=\"240\" srcset=\"https:\/\/eldigitaldeasturias.com\/magazine365\/wp-content\/uploads\/2016\/01\/fotonoticia_20160126114910_800-360x240.jpg 360w, https:\/\/eldigitaldeasturias.com\/magazine365\/wp-content\/uploads\/2016\/01\/fotonoticia_20160126114910_800-650x433.jpg 650w, https:\/\/eldigitaldeasturias.com\/magazine365\/wp-content\/uploads\/2016\/01\/fotonoticia_20160126114910_800-768x512.jpg 768w, https:\/\/eldigitaldeasturias.com\/magazine365\/wp-content\/uploads\/2016\/01\/fotonoticia_20160126114910_800-150x100.jpg 150w, https:\/\/eldigitaldeasturias.com\/magazine365\/wp-content\/uploads\/2016\/01\/fotonoticia_20160126114910_800-450x300.jpg 450w, https:\/\/eldigitaldeasturias.com\/magazine365\/wp-content\/uploads\/2016\/01\/fotonoticia_20160126114910_800-696x464.jpg 696w, https:\/\/eldigitaldeasturias.com\/magazine365\/wp-content\/uploads\/2016\/01\/fotonoticia_20160126114910_800-630x420.jpg 630w, https:\/\/eldigitaldeasturias.com\/magazine365\/wp-content\/uploads\/2016\/01\/fotonoticia_20160126114910_800-101x66.jpg 101w, https:\/\/eldigitaldeasturias.com\/magazine365\/wp-content\/uploads\/2016\/01\/fotonoticia_20160126114910_800.jpg 800w\" sizes=\"(max-width: 360px) 100vw, 360px\" \/>El Ayuntamiento de Madrid ha hecho \u00abuna nueva propuesta\u00bb a Wanda sobre el proyecto en el Edificio Espa\u00f1a, ha informado este martes en rueda de prensa la alcaldesa de Madrid, Manuela Carmena, junto al delegado de Desarrollo Urbano Sostenible, Jos\u00e9 Manuel Calvo, y ha a\u00f1adido que el grupo inversor chino \u00abno\u00bb parece que se vaya a ir porque se sigue negociando con ellos.<\/p>\n<p>\u00abNo, porque seguimos negociando. Si se marcharan no negociar\u00edamos\u00bb, ha razonado la regidora. Calvo ha detallado que se reunieron con el grupo inversor chino la semana pasada y que las conversaciones se mantienen. El edil ha avanzado que esa nueva propuesta contempla tanto la \u00abviabilidad t\u00e9cnica\u00bb como dar \u00abcumplimiento a la ley\u00bb.<\/p>\n<p>En ning\u00fan momento se plantea la posibilidad de derribar la fachada y reconstruirla ladrillo a ladrillo, algo que, por otro lado, es inviable t\u00e9cnicamente. La soluci\u00f3n pasa por conciliar el cumplimiento de la ley y el mantenimiento de los elementos protegidos junto con la transformaci\u00f3n del edificio que quiere hacer Wanda. La fachada \u00abpor supuesto que se puede tocar\u00bb, ha aclarado el concejal, que ha recordado que la consulta del grupo inversor chino pasaba por demolerla.<\/p>\n<p>Ante una gran expectaci\u00f3n medi\u00e1tica, Carmena ha informado de que \u00abcontin\u00faan las conversaciones con el grupo\u00bb y ha a\u00f1adido que el Ayuntamiento \u00abest\u00e1 muy interesado en que este grupo pueda construir el hotel en la Plaza de Espa\u00f1a\u00bb. Desde el \u00e1rea de Desarrollo Urbano Sostenible siguen trabajando con los \u00abresponsables t\u00e9cnicos, jur\u00eddicos y directivos del grupo\u00bb. \u00abSeguimos en conversaciones\u00bb, ha asegurado el titular de Urbanismo. Tras la rueda de prensa han detallado que las conversaciones han sido telef\u00f3nicas.<\/p>\n<p>\u00abEstamos en conversaciones permanentes. Nos vimos la semana pasada y nos seguiremos viendo\u00bb, ha a\u00f1adido Jos\u00e9 Manuel Calvo. Carmena, a su vez, ha contestado que \u00abse han visto muchas posibilidades de cercan\u00eda dentro de las posibilidades legales\u00bb.<\/p>\n<p>El delegado ha recordado que los elementos a proteger est\u00e1n definidos no por el Ayuntamiento sino por la Comisi\u00f3n Local de Patrimonio, en la que participa el Consistorio y es presidida por la Comunidad, que tiene la mayor\u00eda. En su momento este organismo dictamin\u00f3 que \u00abera viable hacer la obra manteniendo los elementos protegidos\u00bb, es decir, dio por inviable la propuesta de derribar la fachada.<\/p>\n<p>Calvo, arquitecto de profesi\u00f3n, ha aclarado que, de llevarse a cabo las obras en el Edificio Espa\u00f1a, el andamio no ocupar\u00eda m\u00e1s que el que ocup\u00f3 en su momento el que se puso para remodelar la fachada entre los a\u00f1os 1998 y 2000. Y es que, a diferencia de lo que ocurre en Canalejas, se mantendr\u00eda \u00abuna masa cr\u00edtica sostenible para mantener la fachada\u00bb.<\/p>\n<p>Jos\u00e9 Manuel Calvo ha insistido en la \u00absituaci\u00f3n de normalidad\u00bb que se vive hablando con esta empresa, igual que se hace con otras. Esa normalidad se traduce en que el Ayuntamiento ya tiene listo el preceptivo estudio de detalle y tramitar\u00e1 la aprobaci\u00f3n inicial cuando el grupo inversor les d\u00e9 instrucciones para seguir adelante. El Ayuntamiento \u00ablo har\u00e1 encantado\u00bb. Tras dicha aprobaci\u00f3n las obras podr\u00edan empezar en dos o tres meses.<\/p>\n<p>El delegado de Desarrollo Urbano Sostenible ha a\u00f1adido adem\u00e1s que si las obras se ponen en marcha el Ayuntamiento se reserva la posibilidad de \u00abgarantizar avales\u00bb a Wanda para asegurar el desarrollo de los trabajos.<\/p>\n<p>\u00abTRANQUILIZAR A QUIENES SE HAN SENTIDO INQUIETOS\u00bb<\/p>\n<p>La regidora ha comparecido en rueda de prensa, ante una gran expectaci\u00f3n medi\u00e1tica, tras regresar de su viaje oficial por Chile y Uruguay para mantener el nivel de \u00abtransparencia\u00bb al que se comprometi\u00f3 con los informadores. Su comparecencia ten\u00eda como objetivo \u00abtranquilizar a quienes se han sentido inquietos\u00bb.<\/p>\n<p>Calvo, por su parte, ha explicado que la comparecencia sirve para \u00absalir al paso de la cantidad de informaciones, muchas veces contradictorias, que se han producido en la \u00faltima semana y media sobre el proyecto del Edificio Espa\u00f1a\u00bb.<\/p>\n<p>Manuela Carmena, por su parte, ha contestado que \u00abpor supuesto que no\u00bb puede garantizar que el Edificio Espa\u00f1a est\u00e9 reformado y finalizado antes del final del mandato porque desconoce incluso el plazo de ejecuci\u00f3n de las obras. S\u00ed ha confesado que le gustar\u00eda verlo porque \u00ablos viejos del lugar\u00bb a\u00fan se acuerdan del hotel \u00abprecioso\u00bb que all\u00ed hab\u00eda.<\/p>\n<p>Preguntada sobre si el Ayuntamiento ser\u00e1 m\u00e1s flexible ante una hipot\u00e9tica marcha de los inversores, Carmena ha contestado que el Consistorio \u00abno tiene miedo\u00bb sino \u00abresponsabilidad\u00bb para conseguir hacer de Madrid una ciudad m\u00e1s \u00abbonita y pr\u00f3spera\u00bb.<\/p>\n<p>En otra l\u00ednea, el proyecto para reformar Plaza de Espa\u00f1a sigue adelante. El Gobierno municipal tratar\u00e1 de sacar la licitaci\u00f3n la redacci\u00f3n del proyecto antes de que termine el a\u00f1o. En cuanto a la denuncia interpuesta en su momento por Ecologistas en Acci\u00f3n por la reducci\u00f3n del grado de protecci\u00f3n del edificio, autorizada por el anterior Gobierno, Calvo ha contestado que, \u00abcomo Administraci\u00f3n responsable\u00bb, acatar\u00edan lo que estableciese la Justicia, ya fuera la paralizaci\u00f3n de las obras o la concesi\u00f3n de licencias.<\/p>\n","protected":false},"excerpt":{"rendered":"<p>El Ayuntamiento de Madrid ha hecho \u00abuna nueva propuesta\u00bb a Wanda sobre el proyecto en el Edificio Espa\u00f1a, ha informado este martes en rueda de prensa la alcaldesa de Madrid, Manuela Carmena, junto al delegado de Desarrollo Urbano Sostenible, Jos\u00e9 Manuel Calvo, y ha a\u00f1adido que el grupo inversor chino \u00abno\u00bb parece que se vaya<\/p>\n","protected":false},"author":1,"featured_media":62139,"comment_status":"open","ping_status":"closed","sticky":false,"template":"","format":"standard","meta":{"footnotes":""},"categories":[224],"tags":[],"class_list":{"0":"post-62138","1":"post","2":"type-post","3":"status-publish","4":"format-standard","5":"has-post-thumbnail","7":"category-noticias-actualidad"},"aioseo_notices":[],"aioseo_head":"\n\t\t<!-- All in One SEO Pro 4.9.6.1 - aioseo.com -->\n\t<meta name=\"description\" content=\"El Ayuntamiento de Madrid ha hecho &quot;una nueva propuesta&quot; a Wanda sobre el proyecto en el Edificio Espa\u00f1a, ha informado este martes en rueda de prensa la alcaldesa de Madrid, Manuela Carmena, junto al delegado de Desarrollo Urbano Sostenible, Jos\u00e9 Manuel Calvo, y ha a\u00f1adido que el grupo inversor chino &quot;no&quot; parece que se vaya\" \/>\n\t<meta name=\"robots\" content=\"max-image-preview:large\" \/>\n\t<meta name=\"author\" content=\"admin\"\/>\n\t<meta name=\"google-site-verification\" content=\"UA-38556648-1\" \/>\n\t<meta name=\"keywords\" content=\"noticias y actualidad\" \/>\n\t<link rel=\"canonical\" href=\"https:\/\/eldigitaldeasturias.com\/magazine365\/el-ayuntamiento-de-madrid-hace-una-nueva-propuesta-a-wanda\/\" \/>\n\t<meta name=\"generator\" content=\"All in One SEO Pro (AIOSEO) 4.9.6.1\" \/>\n\t\t<meta property=\"og:locale\" content=\"es_ES\" \/>\n\t\t<meta property=\"og:site_name\" content=\"El Digital de Asturias \u2013 Revista de ocio, turismo y estilo de vida\" \/>\n\t\t<meta property=\"og:type\" content=\"article\" \/>\n\t\t<meta property=\"og:title\" content=\"El Ayuntamiento de Madrid hace \u00abuna nueva propuesta\u00bb a Wanda | El Digital de Asturias\" \/>\n\t\t<meta property=\"og:description\" content=\"El Ayuntamiento de Madrid ha hecho &quot;una nueva propuesta&quot; a Wanda sobre el proyecto en el Edificio Espa\u00f1a, ha informado este martes en rueda de prensa la alcaldesa de Madrid, Manuela Carmena, junto al delegado de Desarrollo Urbano Sostenible, Jos\u00e9 Manuel Calvo, y ha a\u00f1adido que el grupo inversor chino &quot;no&quot; parece que se vaya\" \/>\n\t\t<meta property=\"og:url\" content=\"https:\/\/eldigitaldeasturias.com\/magazine365\/el-ayuntamiento-de-madrid-hace-una-nueva-propuesta-a-wanda\/\" \/>\n\t\t<meta property=\"og:image\" content=\"https:\/\/eldigitaldeasturias.com\/magazine365\/wp-content\/uploads\/2016\/01\/fotonoticia_20160126114910_800.jpg\" \/>\n\t\t<meta property=\"og:image:secure_url\" content=\"https:\/\/eldigitaldeasturias.com\/magazine365\/wp-content\/uploads\/2016\/01\/fotonoticia_20160126114910_800.jpg\" \/>\n\t\t<meta property=\"og:image:width\" content=\"800\" \/>\n\t\t<meta property=\"og:image:height\" content=\"533\" \/>\n\t\t<meta property=\"article:published_time\" content=\"2016-01-27T10:23:06+00:00\" \/>\n\t\t<meta property=\"article:modified_time\" content=\"2016-01-27T10:23:06+00:00\" \/>\n\t\t<meta name=\"twitter:card\" content=\"summary_large_image\" \/>\n\t\t<meta name=\"twitter:title\" content=\"El Ayuntamiento de Madrid hace \u00abuna nueva propuesta\u00bb a Wanda | El Digital de Asturias\" \/>\n\t\t<meta name=\"twitter:description\" content=\"El Ayuntamiento de Madrid ha hecho &quot;una nueva propuesta&quot; a Wanda sobre el proyecto en el Edificio Espa\u00f1a, ha informado este martes en rueda de prensa la alcaldesa de Madrid, Manuela Carmena, junto al delegado de Desarrollo Urbano Sostenible, Jos\u00e9 Manuel Calvo, y ha a\u00f1adido que el grupo inversor chino &quot;no&quot; parece que se vaya\" \/>\n\t\t<meta name=\"twitter:image\" content=\"https:\/\/eldigitaldeasturias.com\/magazine365\/wp-content\/uploads\/2016\/01\/fotonoticia_20160126114910_800.jpg\" \/>\n\t\t<script type=\"application\/ld+json\" class=\"aioseo-schema\">\n\t\t\t{\"@context\":\"https:\\\/\\\/schema.org\",\"@graph\":[{\"@type\":\"Article\",\"@id\":\"https:\\\/\\\/eldigitaldeasturias.com\\\/magazine365\\\/el-ayuntamiento-de-madrid-hace-una-nueva-propuesta-a-wanda\\\/#article\",\"name\":\"El Ayuntamiento de Madrid hace \\u00abuna nueva propuesta\\u00bb a Wanda | El Digital de Asturias\",\"headline\":\"El Ayuntamiento de Madrid hace \\u00abuna nueva propuesta\\u00bb a Wanda\",\"author\":{\"@id\":\"https:\\\/\\\/eldigitaldeasturias.com\\\/magazine365\\\/author\\\/admin\\\/#author\"},\"publisher\":{\"@id\":\"https:\\\/\\\/eldigitaldeasturias.com\\\/magazine365\\\/#organization\"},\"image\":{\"@type\":\"ImageObject\",\"url\":\"https:\\\/\\\/eldigitaldeasturias.com\\\/magazine365\\\/wp-content\\\/uploads\\\/2016\\\/01\\\/fotonoticia_20160126114910_800.jpg\",\"width\":800,\"height\":533},\"datePublished\":\"2016-01-27T11:23:06+01:00\",\"dateModified\":\"2016-01-27T11:23:06+01:00\",\"inLanguage\":\"es-ES\",\"mainEntityOfPage\":{\"@id\":\"https:\\\/\\\/eldigitaldeasturias.com\\\/magazine365\\\/el-ayuntamiento-de-madrid-hace-una-nueva-propuesta-a-wanda\\\/#webpage\"},\"isPartOf\":{\"@id\":\"https:\\\/\\\/eldigitaldeasturias.com\\\/magazine365\\\/el-ayuntamiento-de-madrid-hace-una-nueva-propuesta-a-wanda\\\/#webpage\"},\"articleSection\":\"Noticias y Actualidad\"},{\"@type\":\"BreadcrumbList\",\"@id\":\"https:\\\/\\\/eldigitaldeasturias.com\\\/magazine365\\\/el-ayuntamiento-de-madrid-hace-una-nueva-propuesta-a-wanda\\\/#breadcrumblist\",\"itemListElement\":[{\"@type\":\"ListItem\",\"@id\":\"https:\\\/\\\/eldigitaldeasturias.com\\\/magazine365#listItem\",\"position\":1,\"name\":\"Home\",\"item\":\"https:\\\/\\\/eldigitaldeasturias.com\\\/magazine365\",\"nextItem\":{\"@type\":\"ListItem\",\"@id\":\"https:\\\/\\\/eldigitaldeasturias.com\\\/magazine365\\\/category\\\/noticias-actualidad\\\/#listItem\",\"name\":\"Noticias y Actualidad\"}},{\"@type\":\"ListItem\",\"@id\":\"https:\\\/\\\/eldigitaldeasturias.com\\\/magazine365\\\/category\\\/noticias-actualidad\\\/#listItem\",\"position\":2,\"name\":\"Noticias y Actualidad\",\"item\":\"https:\\\/\\\/eldigitaldeasturias.com\\\/magazine365\\\/category\\\/noticias-actualidad\\\/\",\"nextItem\":{\"@type\":\"ListItem\",\"@id\":\"https:\\\/\\\/eldigitaldeasturias.com\\\/magazine365\\\/el-ayuntamiento-de-madrid-hace-una-nueva-propuesta-a-wanda\\\/#listItem\",\"name\":\"El Ayuntamiento de Madrid hace \\u00abuna nueva propuesta\\u00bb a Wanda\"},\"previousItem\":{\"@type\":\"ListItem\",\"@id\":\"https:\\\/\\\/eldigitaldeasturias.com\\\/magazine365#listItem\",\"name\":\"Home\"}},{\"@type\":\"ListItem\",\"@id\":\"https:\\\/\\\/eldigitaldeasturias.com\\\/magazine365\\\/el-ayuntamiento-de-madrid-hace-una-nueva-propuesta-a-wanda\\\/#listItem\",\"position\":3,\"name\":\"El Ayuntamiento de Madrid hace \\u00abuna nueva propuesta\\u00bb a Wanda\",\"previousItem\":{\"@type\":\"ListItem\",\"@id\":\"https:\\\/\\\/eldigitaldeasturias.com\\\/magazine365\\\/category\\\/noticias-actualidad\\\/#listItem\",\"name\":\"Noticias y Actualidad\"}}]},{\"@type\":\"Organization\",\"@id\":\"https:\\\/\\\/eldigitaldeasturias.com\\\/magazine365\\\/#organization\",\"name\":\"El digital de Asturias\",\"description\":\"Revista de ocio, turismo y estilo de vida\",\"url\":\"https:\\\/\\\/eldigitaldeasturias.com\\\/magazine365\\\/\",\"logo\":{\"@type\":\"ImageObject\",\"url\":\"https:\\\/\\\/www.eldigitaldeasturias.com\\\/noticias\\\/wp-content\\\/uploads\\\/2020\\\/12\\\/EDA.jpg\",\"@id\":\"https:\\\/\\\/eldigitaldeasturias.com\\\/magazine365\\\/el-ayuntamiento-de-madrid-hace-una-nueva-propuesta-a-wanda\\\/#organizationLogo\"},\"image\":{\"@id\":\"https:\\\/\\\/eldigitaldeasturias.com\\\/magazine365\\\/el-ayuntamiento-de-madrid-hace-una-nueva-propuesta-a-wanda\\\/#organizationLogo\"}},{\"@type\":\"Person\",\"@id\":\"https:\\\/\\\/eldigitaldeasturias.com\\\/magazine365\\\/author\\\/admin\\\/#author\",\"url\":\"https:\\\/\\\/eldigitaldeasturias.com\\\/magazine365\\\/author\\\/admin\\\/\",\"name\":\"admin\",\"image\":{\"@type\":\"ImageObject\",\"@id\":\"https:\\\/\\\/eldigitaldeasturias.com\\\/magazine365\\\/el-ayuntamiento-de-madrid-hace-una-nueva-propuesta-a-wanda\\\/#authorImage\",\"url\":\"https:\\\/\\\/eldigitaldeasturias.com\\\/magazine365\\\/wp-content\\\/litespeed\\\/avatar\\\/e571bcf59a0edd6fa6838245a470f2fe.jpg?ver=1776969259\",\"width\":96,\"height\":96,\"caption\":\"admin\"}},{\"@type\":\"WebPage\",\"@id\":\"https:\\\/\\\/eldigitaldeasturias.com\\\/magazine365\\\/el-ayuntamiento-de-madrid-hace-una-nueva-propuesta-a-wanda\\\/#webpage\",\"url\":\"https:\\\/\\\/eldigitaldeasturias.com\\\/magazine365\\\/el-ayuntamiento-de-madrid-hace-una-nueva-propuesta-a-wanda\\\/\",\"name\":\"El Ayuntamiento de Madrid hace \\u00abuna nueva propuesta\\u00bb a Wanda | El Digital de Asturias\",\"description\":\"El Ayuntamiento de Madrid ha hecho \\\"una nueva propuesta\\\" a Wanda sobre el proyecto en el Edificio Espa\\u00f1a, ha informado este martes en rueda de prensa la alcaldesa de Madrid, Manuela Carmena, junto al delegado de Desarrollo Urbano Sostenible, Jos\\u00e9 Manuel Calvo, y ha a\\u00f1adido que el grupo inversor chino \\\"no\\\" parece que se vaya\",\"inLanguage\":\"es-ES\",\"isPartOf\":{\"@id\":\"https:\\\/\\\/eldigitaldeasturias.com\\\/magazine365\\\/#website\"},\"breadcrumb\":{\"@id\":\"https:\\\/\\\/eldigitaldeasturias.com\\\/magazine365\\\/el-ayuntamiento-de-madrid-hace-una-nueva-propuesta-a-wanda\\\/#breadcrumblist\"},\"author\":{\"@id\":\"https:\\\/\\\/eldigitaldeasturias.com\\\/magazine365\\\/author\\\/admin\\\/#author\"},\"creator\":{\"@id\":\"https:\\\/\\\/eldigitaldeasturias.com\\\/magazine365\\\/author\\\/admin\\\/#author\"},\"image\":{\"@type\":\"ImageObject\",\"url\":\"https:\\\/\\\/eldigitaldeasturias.com\\\/magazine365\\\/wp-content\\\/uploads\\\/2016\\\/01\\\/fotonoticia_20160126114910_800.jpg\",\"@id\":\"https:\\\/\\\/eldigitaldeasturias.com\\\/magazine365\\\/el-ayuntamiento-de-madrid-hace-una-nueva-propuesta-a-wanda\\\/#mainImage\",\"width\":800,\"height\":533},\"primaryImageOfPage\":{\"@id\":\"https:\\\/\\\/eldigitaldeasturias.com\\\/magazine365\\\/el-ayuntamiento-de-madrid-hace-una-nueva-propuesta-a-wanda\\\/#mainImage\"},\"datePublished\":\"2016-01-27T11:23:06+01:00\",\"dateModified\":\"2016-01-27T11:23:06+01:00\"},{\"@type\":\"WebSite\",\"@id\":\"https:\\\/\\\/eldigitaldeasturias.com\\\/magazine365\\\/#website\",\"url\":\"https:\\\/\\\/eldigitaldeasturias.com\\\/magazine365\\\/\",\"name\":\"El Digital de Asturias\",\"description\":\"Revista de ocio, turismo y estilo de vida\",\"inLanguage\":\"es-ES\",\"publisher\":{\"@id\":\"https:\\\/\\\/eldigitaldeasturias.com\\\/magazine365\\\/#organization\"}}]}\n\t\t<\/script>\n\t\t<!-- All in One SEO Pro -->\r\n\t\t<title>El Ayuntamiento de Madrid hace \u00abuna nueva propuesta\u00bb a Wanda | El Digital de Asturias<\/title>\n\n","aioseo_head_json":{"title":"El Ayuntamiento de Madrid hace \u00abuna nueva propuesta\u00bb a Wanda | El Digital de Asturias","description":"El Ayuntamiento de Madrid ha hecho \"una nueva propuesta\" a Wanda sobre el proyecto en el Edificio Espa\u00f1a, ha informado este martes en rueda de prensa la alcaldesa de Madrid, Manuela Carmena, junto al delegado de Desarrollo Urbano Sostenible, Jos\u00e9 Manuel Calvo, y ha a\u00f1adido que el grupo inversor chino \"no\" parece que se vaya","canonical_url":"https:\/\/eldigitaldeasturias.com\/magazine365\/el-ayuntamiento-de-madrid-hace-una-nueva-propuesta-a-wanda\/","robots":"max-image-preview:large","keywords":"noticias y actualidad","webmasterTools":{"google-site-verification":"UA-38556648-1","miscellaneous":""},"schema":{"@context":"https:\/\/schema.org","@graph":[{"@type":"Article","@id":"https:\/\/eldigitaldeasturias.com\/magazine365\/el-ayuntamiento-de-madrid-hace-una-nueva-propuesta-a-wanda\/#article","name":"El Ayuntamiento de Madrid hace \u00abuna nueva propuesta\u00bb a Wanda | El Digital de Asturias","headline":"El Ayuntamiento de Madrid hace \u00abuna nueva propuesta\u00bb a Wanda","author":{"@id":"https:\/\/eldigitaldeasturias.com\/magazine365\/author\/admin\/#author"},"publisher":{"@id":"https:\/\/eldigitaldeasturias.com\/magazine365\/#organization"},"image":{"@type":"ImageObject","url":"https:\/\/eldigitaldeasturias.com\/magazine365\/wp-content\/uploads\/2016\/01\/fotonoticia_20160126114910_800.jpg","width":800,"height":533},"datePublished":"2016-01-27T11:23:06+01:00","dateModified":"2016-01-27T11:23:06+01:00","inLanguage":"es-ES","mainEntityOfPage":{"@id":"https:\/\/eldigitaldeasturias.com\/magazine365\/el-ayuntamiento-de-madrid-hace-una-nueva-propuesta-a-wanda\/#webpage"},"isPartOf":{"@id":"https:\/\/eldigitaldeasturias.com\/magazine365\/el-ayuntamiento-de-madrid-hace-una-nueva-propuesta-a-wanda\/#webpage"},"articleSection":"Noticias y Actualidad"},{"@type":"BreadcrumbList","@id":"https:\/\/eldigitaldeasturias.com\/magazine365\/el-ayuntamiento-de-madrid-hace-una-nueva-propuesta-a-wanda\/#breadcrumblist","itemListElement":[{"@type":"ListItem","@id":"https:\/\/eldigitaldeasturias.com\/magazine365#listItem","position":1,"name":"Home","item":"https:\/\/eldigitaldeasturias.com\/magazine365","nextItem":{"@type":"ListItem","@id":"https:\/\/eldigitaldeasturias.com\/magazine365\/category\/noticias-actualidad\/#listItem","name":"Noticias y Actualidad"}},{"@type":"ListItem","@id":"https:\/\/eldigitaldeasturias.com\/magazine365\/category\/noticias-actualidad\/#listItem","position":2,"name":"Noticias y Actualidad","item":"https:\/\/eldigitaldeasturias.com\/magazine365\/category\/noticias-actualidad\/","nextItem":{"@type":"ListItem","@id":"https:\/\/eldigitaldeasturias.com\/magazine365\/el-ayuntamiento-de-madrid-hace-una-nueva-propuesta-a-wanda\/#listItem","name":"El Ayuntamiento de Madrid hace \u00abuna nueva propuesta\u00bb a Wanda"},"previousItem":{"@type":"ListItem","@id":"https:\/\/eldigitaldeasturias.com\/magazine365#listItem","name":"Home"}},{"@type":"ListItem","@id":"https:\/\/eldigitaldeasturias.com\/magazine365\/el-ayuntamiento-de-madrid-hace-una-nueva-propuesta-a-wanda\/#listItem","position":3,"name":"El Ayuntamiento de Madrid hace \u00abuna nueva propuesta\u00bb a Wanda","previousItem":{"@type":"ListItem","@id":"https:\/\/eldigitaldeasturias.com\/magazine365\/category\/noticias-actualidad\/#listItem","name":"Noticias y Actualidad"}}]},{"@type":"Organization","@id":"https:\/\/eldigitaldeasturias.com\/magazine365\/#organization","name":"El digital de Asturias","description":"Revista de ocio, turismo y estilo de vida","url":"https:\/\/eldigitaldeasturias.com\/magazine365\/","logo":{"@type":"ImageObject","url":"https:\/\/www.eldigitaldeasturias.com\/noticias\/wp-content\/uploads\/2020\/12\/EDA.jpg","@id":"https:\/\/eldigitaldeasturias.com\/magazine365\/el-ayuntamiento-de-madrid-hace-una-nueva-propuesta-a-wanda\/#organizationLogo"},"image":{"@id":"https:\/\/eldigitaldeasturias.com\/magazine365\/el-ayuntamiento-de-madrid-hace-una-nueva-propuesta-a-wanda\/#organizationLogo"}},{"@type":"Person","@id":"https:\/\/eldigitaldeasturias.com\/magazine365\/author\/admin\/#author","url":"https:\/\/eldigitaldeasturias.com\/magazine365\/author\/admin\/","name":"admin","image":{"@type":"ImageObject","@id":"https:\/\/eldigitaldeasturias.com\/magazine365\/el-ayuntamiento-de-madrid-hace-una-nueva-propuesta-a-wanda\/#authorImage","url":"https:\/\/eldigitaldeasturias.com\/magazine365\/wp-content\/litespeed\/avatar\/e571bcf59a0edd6fa6838245a470f2fe.jpg?ver=1776969259","width":96,"height":96,"caption":"admin"}},{"@type":"WebPage","@id":"https:\/\/eldigitaldeasturias.com\/magazine365\/el-ayuntamiento-de-madrid-hace-una-nueva-propuesta-a-wanda\/#webpage","url":"https:\/\/eldigitaldeasturias.com\/magazine365\/el-ayuntamiento-de-madrid-hace-una-nueva-propuesta-a-wanda\/","name":"El Ayuntamiento de Madrid hace \u00abuna nueva propuesta\u00bb a Wanda | El Digital de Asturias","description":"El Ayuntamiento de Madrid ha hecho \"una nueva propuesta\" a Wanda sobre el proyecto en el Edificio Espa\u00f1a, ha informado este martes en rueda de prensa la alcaldesa de Madrid, Manuela Carmena, junto al delegado de Desarrollo Urbano Sostenible, Jos\u00e9 Manuel Calvo, y ha a\u00f1adido que el grupo inversor chino \"no\" parece que se vaya","inLanguage":"es-ES","isPartOf":{"@id":"https:\/\/eldigitaldeasturias.com\/magazine365\/#website"},"breadcrumb":{"@id":"https:\/\/eldigitaldeasturias.com\/magazine365\/el-ayuntamiento-de-madrid-hace-una-nueva-propuesta-a-wanda\/#breadcrumblist"},"author":{"@id":"https:\/\/eldigitaldeasturias.com\/magazine365\/author\/admin\/#author"},"creator":{"@id":"https:\/\/eldigitaldeasturias.com\/magazine365\/author\/admin\/#author"},"image":{"@type":"ImageObject","url":"https:\/\/eldigitaldeasturias.com\/magazine365\/wp-content\/uploads\/2016\/01\/fotonoticia_20160126114910_800.jpg","@id":"https:\/\/eldigitaldeasturias.com\/magazine365\/el-ayuntamiento-de-madrid-hace-una-nueva-propuesta-a-wanda\/#mainImage","width":800,"height":533},"primaryImageOfPage":{"@id":"https:\/\/eldigitaldeasturias.com\/magazine365\/el-ayuntamiento-de-madrid-hace-una-nueva-propuesta-a-wanda\/#mainImage"},"datePublished":"2016-01-27T11:23:06+01:00","dateModified":"2016-01-27T11:23:06+01:00"},{"@type":"WebSite","@id":"https:\/\/eldigitaldeasturias.com\/magazine365\/#website","url":"https:\/\/eldigitaldeasturias.com\/magazine365\/","name":"El Digital de Asturias","description":"Revista de ocio, turismo y estilo de vida","inLanguage":"es-ES","publisher":{"@id":"https:\/\/eldigitaldeasturias.com\/magazine365\/#organization"}}]},"og:locale":"es_ES","og:site_name":"El Digital de Asturias \u2013 Revista de ocio, turismo y estilo de vida","og:type":"article","og:title":"El Ayuntamiento de Madrid hace \u00abuna nueva propuesta\u00bb a Wanda | El Digital de Asturias","og:description":"El Ayuntamiento de Madrid ha hecho &quot;una nueva propuesta&quot; a Wanda sobre el proyecto en el Edificio Espa\u00f1a, ha informado este martes en rueda de prensa la alcaldesa de Madrid, Manuela Carmena, junto al delegado de Desarrollo Urbano Sostenible, Jos\u00e9 Manuel Calvo, y ha a\u00f1adido que el grupo inversor chino &quot;no&quot; parece que se vaya","og:url":"https:\/\/eldigitaldeasturias.com\/magazine365\/el-ayuntamiento-de-madrid-hace-una-nueva-propuesta-a-wanda\/","og:image":"https:\/\/eldigitaldeasturias.com\/magazine365\/wp-content\/uploads\/2016\/01\/fotonoticia_20160126114910_800.jpg","og:image:secure_url":"https:\/\/eldigitaldeasturias.com\/magazine365\/wp-content\/uploads\/2016\/01\/fotonoticia_20160126114910_800.jpg","og:image:width":800,"og:image:height":533,"article:published_time":"2016-01-27T10:23:06+00:00","article:modified_time":"2016-01-27T10:23:06+00:00","twitter:card":"summary_large_image","twitter:title":"El Ayuntamiento de Madrid hace \u00abuna nueva propuesta\u00bb a Wanda | El Digital de Asturias","twitter:description":"El Ayuntamiento de Madrid ha hecho &quot;una nueva propuesta&quot; a Wanda sobre el proyecto en el Edificio Espa\u00f1a, ha informado este martes en rueda de prensa la alcaldesa de Madrid, Manuela Carmena, junto al delegado de Desarrollo Urbano Sostenible, Jos\u00e9 Manuel Calvo, y ha a\u00f1adido que el grupo inversor chino &quot;no&quot; parece que se vaya","twitter:image":"https:\/\/eldigitaldeasturias.com\/magazine365\/wp-content\/uploads\/2016\/01\/fotonoticia_20160126114910_800.jpg"},"aioseo_meta_data":{"post_id":"62138","title":null,"description":null,"keywords":null,"keyphrases":null,"primary_term":null,"canonical_url":null,"og_title":null,"og_description":null,"og_object_type":"default","og_image_type":"default","og_image_url":null,"og_image_width":null,"og_image_height":null,"og_image_custom_url":null,"og_image_custom_fields":null,"og_video":null,"og_custom_url":null,"og_article_section":null,"og_article_tags":null,"twitter_use_og":false,"twitter_card":"default","twitter_image_type":"default","twitter_image_url":null,"twitter_image_custom_url":null,"twitter_image_custom_fields":null,"twitter_title":null,"twitter_description":null,"schema":{"blockGraphs":[],"customGraphs":[],"default":{"data":{"Article":[],"Course":[],"Dataset":[],"FAQPage":[],"Movie":[],"Person":[],"Product":[],"ProductReview":[],"Car":[],"Recipe":[],"Service":[],"SoftwareApplication":[],"WebPage":[]},"graphName":"","isEnabled":true},"graphs":[],"defaultGraph":"","defaultPostTypeGraph":""},"schema_type":null,"schema_type_options":null,"pillar_content":false,"robots_default":true,"robots_noindex":false,"robots_noarchive":false,"robots_nosnippet":false,"robots_nofollow":false,"robots_noimageindex":false,"robots_noodp":false,"robots_notranslate":false,"robots_max_snippet":null,"robots_max_videopreview":null,"robots_max_imagepreview":"large","priority":null,"frequency":null,"location":null,"local_seo":null,"seo_analyzer_scan_date":"2025-09-25 10:31:14","breadcrumb_settings":null,"limit_modified_date":false,"open_ai":null,"ai":null,"created":"2021-03-08 21:40:49","updated":"2025-09-25 10:31:14"},"aioseo_breadcrumb":"<div class=\"aioseo-breadcrumbs\"><span class=\"aioseo-breadcrumb\">\n\t<a href=\"https:\/\/eldigitaldeasturias.com\/magazine365\" title=\"Home\">Home<\/a>\n<\/span><span class=\"aioseo-breadcrumb-separator\">\u2013<\/span><span class=\"aioseo-breadcrumb\">\n\t<a href=\"https:\/\/eldigitaldeasturias.com\/magazine365\/category\/noticias-actualidad\/\" title=\"Noticias y Actualidad\">Noticias y Actualidad<\/a>\n<\/span><span class=\"aioseo-breadcrumb-separator\">\u2013<\/span><span class=\"aioseo-breadcrumb\">\n\t<a href=\"https:\/\/eldigitaldeasturias.com\/magazine365\/el-ayuntamiento-de-madrid-hace-una-nueva-propuesta-a-wanda\/\" title=\"El Ayuntamiento de Madrid hace \u00abuna nueva propuesta\u00bb a Wanda\">El Ayuntamiento de Madrid hace \u00abuna nueva propuesta\u00bb a Wanda<\/a>\n<\/span><\/div>","aioseo_breadcrumb_json":[{"label":"Home","link":"https:\/\/eldigitaldeasturias.com\/magazine365"},{"label":"Noticias y Actualidad","link":"https:\/\/eldigitaldeasturias.com\/magazine365\/category\/noticias-actualidad\/"},{"label":"El Ayuntamiento de Madrid hace \u00abuna nueva propuesta\u00bb a Wanda","link":"https:\/\/eldigitaldeasturias.com\/magazine365\/el-ayuntamiento-de-madrid-hace-una-nueva-propuesta-a-wanda\/"}],"_links":{"self":[{"href":"https:\/\/eldigitaldeasturias.com\/magazine365\/wp-json\/wp\/v2\/posts\/62138","targetHints":{"allow":["GET"]}}],"collection":[{"href":"https:\/\/eldigitaldeasturias.com\/magazine365\/wp-json\/wp\/v2\/posts"}],"about":[{"href":"https:\/\/eldigitaldeasturias.com\/magazine365\/wp-json\/wp\/v2\/types\/post"}],"author":[{"embeddable":true,"href":"https:\/\/eldigitaldeasturias.com\/magazine365\/wp-json\/wp\/v2\/users\/1"}],"replies":[{"embeddable":true,"href":"https:\/\/eldigitaldeasturias.com\/magazine365\/wp-json\/wp\/v2\/comments?post=62138"}],"version-history":[{"count":0,"href":"https:\/\/eldigitaldeasturias.com\/magazine365\/wp-json\/wp\/v2\/posts\/62138\/revisions"}],"wp:featuredmedia":[{"embeddable":true,"href":"https:\/\/eldigitaldeasturias.com\/magazine365\/wp-json\/wp\/v2\/media\/62139"}],"wp:attachment":[{"href":"https:\/\/eldigitaldeasturias.com\/magazine365\/wp-json\/wp\/v2\/media?parent=62138"}],"wp:term":[{"taxonomy":"category","embeddable":true,"href":"https:\/\/eldigitaldeasturias.com\/magazine365\/wp-json\/wp\/v2\/categories?post=62138"},{"taxonomy":"post_tag","embeddable":true,"href":"https:\/\/eldigitaldeasturias.com\/magazine365\/wp-json\/wp\/v2\/tags?post=62138"}],"curies":[{"name":"wp","href":"https:\/\/api.w.org\/{rel}","templated":true}]}}