{"id":62127,"date":"2016-01-27T11:17:58","date_gmt":"2016-01-27T10:17:58","guid":{"rendered":"http:\/\/eldigitaldeasturias.com\/magazine365\/?p=62127"},"modified":"2016-01-27T11:17:58","modified_gmt":"2016-01-27T10:17:58","slug":"aparece-con-vida-el-piloto-cuya-avioneta-se-estrello-frente-a-la-playa-de-almerimar-este-lunes","status":"publish","type":"post","link":"https:\/\/eldigitaldeasturias.com\/magazine365\/aparece-con-vida-el-piloto-cuya-avioneta-se-estrello-frente-a-la-playa-de-almerimar-este-lunes\/","title":{"rendered":"Aparece con vida el piloto cuya avioneta se estrell\u00f3 frente a la playa de Almerimar este lunes"},"content":{"rendered":"<p>La Guardia Civil ha asistido al piloto de una avioneta que ha aparecido a 50 metros de la costa de Almerimar, en El Ejido (Almer\u00eda) despu\u00e9s de que en la tarde de este lunes se le perdiera la pista tras despegar a las 17,30 horas desde la pedan\u00eda de Los Mart\u00ednez del Puerto de Murcia, si bien el hombre se encontraba en aparente buen estado de salud en tierra, donde habr\u00eda llegado por sus propios medios.<\/p>\n<p>   Fuentes del servicio unificado de emergencias 112 y del Ej\u00e9rcito del Aire han explicado a Europa Press que fue un conocido del piloto el que alert\u00f3 de su desaparici\u00f3n ya que, seg\u00fan sus c\u00e1lculos, ten\u00eda que haber aterrizado en el Aeropuerto de Almer\u00eda antes de las 21,00 horas.<\/p>\n<p>   En este sentido, fue el propio aeropuerto el que dio aviso al 112 sobre las 20,55 horas al no tener se\u00f1al del aparato, que se perdi\u00f3 a unas diez millas al sur de Punta Sabinal, por lo que se alert\u00f3 a Guardia Civil, Salvamento Mar\u00edtimo y Ej\u00e9rcito del Aire, que se ha encargado de coordinar el operativo de b\u00fasqueda.<\/p>\n<p>   As\u00ed, tras reanudar a primera hora de este martes el operativo de b\u00fasqueda, la Guardia Civil ha encontrado en un camino de Almerimar al piloto, que estaba desorientado, pero que ha podido identificarse como tal. Seg\u00fan su relato, habr\u00eda ca\u00eddo al mar con la avioneta, de forma que lleg\u00f3 por sus propios medios a tierra. Sus c\u00e1lculos indicaban que la nave estaba dos kil\u00f3metros mar adentro.<\/p>\n<p>   Paralelamente, un avi\u00f3n Delta IV con base en Mallorca y un helic\u00f3ptero Puma con base en el aeropuerto de San Javier (Murcia) han encontrado la avioneta a unos 50 metros de la l\u00ednea de costa de Almerimar a las 9,40 horas, con lo que las labores de b\u00fasqueda se dieron por finalizas.<\/p>\n<p>   En el operativo han participado tambi\u00e9n la Guardia Civil con la patrullera &#8216;Cabo de Gata&#8217;, y Salvamento Mar\u00edtimo, con el helic\u00f3pter Helimer y el remolcador SAR Mastelero.<\/p>\n","protected":false},"excerpt":{"rendered":"<p>La Guardia Civil ha asistido al piloto de una avioneta que ha aparecido a 50 metros de la costa de Almerimar, en El Ejido (Almer\u00eda) despu\u00e9s de que en la tarde de este lunes se le perdiera la pista tras despegar a las 17,30 horas desde la pedan\u00eda de Los Mart\u00ednez del Puerto de Murcia,<\/p>\n","protected":false},"author":1,"featured_media":0,"comment_status":"open","ping_status":"closed","sticky":false,"template":"","format":"standard","meta":{"footnotes":""},"categories":[224],"tags":[],"class_list":{"0":"post-62127","1":"post","2":"type-post","3":"status-publish","4":"format-standard","6":"category-noticias-actualidad"},"aioseo_notices":[],"aioseo_head":"\n\t\t<!-- All in One SEO Pro 4.9.6.1 - aioseo.com -->\n\t<meta name=\"description\" content=\"La Guardia Civil ha asistido al piloto de una avioneta que ha aparecido a 50 metros de la costa de Almerimar, en El Ejido (Almer\u00eda) despu\u00e9s de que en la tarde de este lunes se le perdiera la pista tras despegar a las 17,30 horas desde la pedan\u00eda de Los Mart\u00ednez del Puerto de Murcia,\" \/>\n\t<meta name=\"robots\" content=\"max-image-preview:large\" \/>\n\t<meta name=\"author\" content=\"admin\"\/>\n\t<meta name=\"google-site-verification\" content=\"UA-38556648-1\" \/>\n\t<meta name=\"keywords\" content=\"noticias y actualidad\" \/>\n\t<link rel=\"canonical\" href=\"https:\/\/eldigitaldeasturias.com\/magazine365\/aparece-con-vida-el-piloto-cuya-avioneta-se-estrello-frente-a-la-playa-de-almerimar-este-lunes\/\" \/>\n\t<meta name=\"generator\" content=\"All in One SEO Pro (AIOSEO) 4.9.6.1\" \/>\n\t\t<meta property=\"og:locale\" content=\"es_ES\" \/>\n\t\t<meta property=\"og:site_name\" content=\"El Digital de Asturias \u2013 Revista de ocio, turismo y estilo de vida\" \/>\n\t\t<meta property=\"og:type\" content=\"article\" \/>\n\t\t<meta property=\"og:title\" content=\"Aparece con vida el piloto cuya avioneta se estrell\u00f3 frente a la playa de Almerimar este lunes | El Digital de Asturias\" \/>\n\t\t<meta property=\"og:description\" content=\"La Guardia Civil ha asistido al piloto de una avioneta que ha aparecido a 50 metros de la costa de Almerimar, en El Ejido (Almer\u00eda) despu\u00e9s de que en la tarde de este lunes se le perdiera la pista tras despegar a las 17,30 horas desde la pedan\u00eda de Los Mart\u00ednez del Puerto de Murcia,\" \/>\n\t\t<meta property=\"og:url\" content=\"https:\/\/eldigitaldeasturias.com\/magazine365\/aparece-con-vida-el-piloto-cuya-avioneta-se-estrello-frente-a-la-playa-de-almerimar-este-lunes\/\" \/>\n\t\t<meta property=\"og:image\" content=\"https:\/\/www.eldigitaldeasturias.com\/noticias\/wp-content\/uploads\/2020\/12\/EDA.jpg\" \/>\n\t\t<meta property=\"og:image:secure_url\" content=\"https:\/\/www.eldigitaldeasturias.com\/noticias\/wp-content\/uploads\/2020\/12\/EDA.jpg\" \/>\n\t\t<meta property=\"article:published_time\" content=\"2016-01-27T10:17:58+00:00\" \/>\n\t\t<meta property=\"article:modified_time\" content=\"2016-01-27T10:17:58+00:00\" \/>\n\t\t<meta name=\"twitter:card\" content=\"summary_large_image\" \/>\n\t\t<meta name=\"twitter:title\" content=\"Aparece con vida el piloto cuya avioneta se estrell\u00f3 frente a la playa de Almerimar este lunes | El Digital de Asturias\" \/>\n\t\t<meta name=\"twitter:description\" content=\"La Guardia Civil ha asistido al piloto de una avioneta que ha aparecido a 50 metros de la costa de Almerimar, en El Ejido (Almer\u00eda) despu\u00e9s de que en la tarde de este lunes se le perdiera la pista tras despegar a las 17,30 horas desde la pedan\u00eda de Los Mart\u00ednez del Puerto de Murcia,\" \/>\n\t\t<meta name=\"twitter:image\" content=\"https:\/\/www.eldigitaldeasturias.com\/noticias\/wp-content\/uploads\/2020\/12\/EDA.jpg\" \/>\n\t\t<script type=\"application\/ld+json\" class=\"aioseo-schema\">\n\t\t\t{\"@context\":\"https:\\\/\\\/schema.org\",\"@graph\":[{\"@type\":\"Article\",\"@id\":\"https:\\\/\\\/eldigitaldeasturias.com\\\/magazine365\\\/aparece-con-vida-el-piloto-cuya-avioneta-se-estrello-frente-a-la-playa-de-almerimar-este-lunes\\\/#article\",\"name\":\"Aparece con vida el piloto cuya avioneta se estrell\\u00f3 frente a la playa de Almerimar este lunes | El Digital de Asturias\",\"headline\":\"Aparece con vida el piloto cuya avioneta se estrell\\u00f3 frente a la playa de Almerimar este lunes\",\"author\":{\"@id\":\"https:\\\/\\\/eldigitaldeasturias.com\\\/magazine365\\\/author\\\/admin\\\/#author\"},\"publisher\":{\"@id\":\"https:\\\/\\\/eldigitaldeasturias.com\\\/magazine365\\\/#organization\"},\"image\":{\"@type\":\"ImageObject\",\"url\":\"https:\\\/\\\/www.eldigitaldeasturias.com\\\/noticias\\\/wp-content\\\/uploads\\\/2020\\\/12\\\/EDA.jpg\",\"@id\":\"https:\\\/\\\/eldigitaldeasturias.com\\\/magazine365\\\/#articleImage\"},\"datePublished\":\"2016-01-27T11:17:58+01:00\",\"dateModified\":\"2016-01-27T11:17:58+01:00\",\"inLanguage\":\"es-ES\",\"mainEntityOfPage\":{\"@id\":\"https:\\\/\\\/eldigitaldeasturias.com\\\/magazine365\\\/aparece-con-vida-el-piloto-cuya-avioneta-se-estrello-frente-a-la-playa-de-almerimar-este-lunes\\\/#webpage\"},\"isPartOf\":{\"@id\":\"https:\\\/\\\/eldigitaldeasturias.com\\\/magazine365\\\/aparece-con-vida-el-piloto-cuya-avioneta-se-estrello-frente-a-la-playa-de-almerimar-este-lunes\\\/#webpage\"},\"articleSection\":\"Noticias y Actualidad\"},{\"@type\":\"BreadcrumbList\",\"@id\":\"https:\\\/\\\/eldigitaldeasturias.com\\\/magazine365\\\/aparece-con-vida-el-piloto-cuya-avioneta-se-estrello-frente-a-la-playa-de-almerimar-este-lunes\\\/#breadcrumblist\",\"itemListElement\":[{\"@type\":\"ListItem\",\"@id\":\"https:\\\/\\\/eldigitaldeasturias.com\\\/magazine365#listItem\",\"position\":1,\"name\":\"Home\",\"item\":\"https:\\\/\\\/eldigitaldeasturias.com\\\/magazine365\",\"nextItem\":{\"@type\":\"ListItem\",\"@id\":\"https:\\\/\\\/eldigitaldeasturias.com\\\/magazine365\\\/category\\\/noticias-actualidad\\\/#listItem\",\"name\":\"Noticias y Actualidad\"}},{\"@type\":\"ListItem\",\"@id\":\"https:\\\/\\\/eldigitaldeasturias.com\\\/magazine365\\\/category\\\/noticias-actualidad\\\/#listItem\",\"position\":2,\"name\":\"Noticias y Actualidad\",\"item\":\"https:\\\/\\\/eldigitaldeasturias.com\\\/magazine365\\\/category\\\/noticias-actualidad\\\/\",\"nextItem\":{\"@type\":\"ListItem\",\"@id\":\"https:\\\/\\\/eldigitaldeasturias.com\\\/magazine365\\\/aparece-con-vida-el-piloto-cuya-avioneta-se-estrello-frente-a-la-playa-de-almerimar-este-lunes\\\/#listItem\",\"name\":\"Aparece con vida el piloto cuya avioneta se estrell\\u00f3 frente a la playa de Almerimar este lunes\"},\"previousItem\":{\"@type\":\"ListItem\",\"@id\":\"https:\\\/\\\/eldigitaldeasturias.com\\\/magazine365#listItem\",\"name\":\"Home\"}},{\"@type\":\"ListItem\",\"@id\":\"https:\\\/\\\/eldigitaldeasturias.com\\\/magazine365\\\/aparece-con-vida-el-piloto-cuya-avioneta-se-estrello-frente-a-la-playa-de-almerimar-este-lunes\\\/#listItem\",\"position\":3,\"name\":\"Aparece con vida el piloto cuya avioneta se estrell\\u00f3 frente a la playa de Almerimar este lunes\",\"previousItem\":{\"@type\":\"ListItem\",\"@id\":\"https:\\\/\\\/eldigitaldeasturias.com\\\/magazine365\\\/category\\\/noticias-actualidad\\\/#listItem\",\"name\":\"Noticias y Actualidad\"}}]},{\"@type\":\"Organization\",\"@id\":\"https:\\\/\\\/eldigitaldeasturias.com\\\/magazine365\\\/#organization\",\"name\":\"El digital de Asturias\",\"description\":\"Revista de ocio, turismo y estilo de vida\",\"url\":\"https:\\\/\\\/eldigitaldeasturias.com\\\/magazine365\\\/\",\"logo\":{\"@type\":\"ImageObject\",\"url\":\"https:\\\/\\\/www.eldigitaldeasturias.com\\\/noticias\\\/wp-content\\\/uploads\\\/2020\\\/12\\\/EDA.jpg\",\"@id\":\"https:\\\/\\\/eldigitaldeasturias.com\\\/magazine365\\\/aparece-con-vida-el-piloto-cuya-avioneta-se-estrello-frente-a-la-playa-de-almerimar-este-lunes\\\/#organizationLogo\"},\"image\":{\"@id\":\"https:\\\/\\\/eldigitaldeasturias.com\\\/magazine365\\\/aparece-con-vida-el-piloto-cuya-avioneta-se-estrello-frente-a-la-playa-de-almerimar-este-lunes\\\/#organizationLogo\"}},{\"@type\":\"Person\",\"@id\":\"https:\\\/\\\/eldigitaldeasturias.com\\\/magazine365\\\/author\\\/admin\\\/#author\",\"url\":\"https:\\\/\\\/eldigitaldeasturias.com\\\/magazine365\\\/author\\\/admin\\\/\",\"name\":\"admin\",\"image\":{\"@type\":\"ImageObject\",\"@id\":\"https:\\\/\\\/eldigitaldeasturias.com\\\/magazine365\\\/aparece-con-vida-el-piloto-cuya-avioneta-se-estrello-frente-a-la-playa-de-almerimar-este-lunes\\\/#authorImage\",\"url\":\"https:\\\/\\\/eldigitaldeasturias.com\\\/magazine365\\\/wp-content\\\/litespeed\\\/avatar\\\/e571bcf59a0edd6fa6838245a470f2fe.jpg?ver=1776969259\",\"width\":96,\"height\":96,\"caption\":\"admin\"}},{\"@type\":\"WebPage\",\"@id\":\"https:\\\/\\\/eldigitaldeasturias.com\\\/magazine365\\\/aparece-con-vida-el-piloto-cuya-avioneta-se-estrello-frente-a-la-playa-de-almerimar-este-lunes\\\/#webpage\",\"url\":\"https:\\\/\\\/eldigitaldeasturias.com\\\/magazine365\\\/aparece-con-vida-el-piloto-cuya-avioneta-se-estrello-frente-a-la-playa-de-almerimar-este-lunes\\\/\",\"name\":\"Aparece con vida el piloto cuya avioneta se estrell\\u00f3 frente a la playa de Almerimar este lunes | El Digital de Asturias\",\"description\":\"La Guardia Civil ha asistido al piloto de una avioneta que ha aparecido a 50 metros de la costa de Almerimar, en El Ejido (Almer\\u00eda) despu\\u00e9s de que en la tarde de este lunes se le perdiera la pista tras despegar a las 17,30 horas desde la pedan\\u00eda de Los Mart\\u00ednez del Puerto de Murcia,\",\"inLanguage\":\"es-ES\",\"isPartOf\":{\"@id\":\"https:\\\/\\\/eldigitaldeasturias.com\\\/magazine365\\\/#website\"},\"breadcrumb\":{\"@id\":\"https:\\\/\\\/eldigitaldeasturias.com\\\/magazine365\\\/aparece-con-vida-el-piloto-cuya-avioneta-se-estrello-frente-a-la-playa-de-almerimar-este-lunes\\\/#breadcrumblist\"},\"author\":{\"@id\":\"https:\\\/\\\/eldigitaldeasturias.com\\\/magazine365\\\/author\\\/admin\\\/#author\"},\"creator\":{\"@id\":\"https:\\\/\\\/eldigitaldeasturias.com\\\/magazine365\\\/author\\\/admin\\\/#author\"},\"datePublished\":\"2016-01-27T11:17:58+01:00\",\"dateModified\":\"2016-01-27T11:17:58+01:00\"},{\"@type\":\"WebSite\",\"@id\":\"https:\\\/\\\/eldigitaldeasturias.com\\\/magazine365\\\/#website\",\"url\":\"https:\\\/\\\/eldigitaldeasturias.com\\\/magazine365\\\/\",\"name\":\"El Digital de Asturias\",\"description\":\"Revista de ocio, turismo y estilo de vida\",\"inLanguage\":\"es-ES\",\"publisher\":{\"@id\":\"https:\\\/\\\/eldigitaldeasturias.com\\\/magazine365\\\/#organization\"}}]}\n\t\t<\/script>\n\t\t<!-- All in One SEO Pro -->\r\n\t\t<title>Aparece con vida el piloto cuya avioneta se estrell\u00f3 frente a la playa de Almerimar este lunes | El Digital de Asturias<\/title>\n\n","aioseo_head_json":{"title":"Aparece con vida el piloto cuya avioneta se estrell\u00f3 frente a la playa de Almerimar este lunes | El Digital de Asturias","description":"La Guardia Civil ha asistido al piloto de una avioneta que ha aparecido a 50 metros de la costa de Almerimar, en El Ejido (Almer\u00eda) despu\u00e9s de que en la tarde de este lunes se le perdiera la pista tras despegar a las 17,30 horas desde la pedan\u00eda de Los Mart\u00ednez del Puerto de Murcia,","canonical_url":"https:\/\/eldigitaldeasturias.com\/magazine365\/aparece-con-vida-el-piloto-cuya-avioneta-se-estrello-frente-a-la-playa-de-almerimar-este-lunes\/","robots":"max-image-preview:large","keywords":"noticias y actualidad","webmasterTools":{"google-site-verification":"UA-38556648-1","miscellaneous":""},"schema":{"@context":"https:\/\/schema.org","@graph":[{"@type":"Article","@id":"https:\/\/eldigitaldeasturias.com\/magazine365\/aparece-con-vida-el-piloto-cuya-avioneta-se-estrello-frente-a-la-playa-de-almerimar-este-lunes\/#article","name":"Aparece con vida el piloto cuya avioneta se estrell\u00f3 frente a la playa de Almerimar este lunes | El Digital de Asturias","headline":"Aparece con vida el piloto cuya avioneta se estrell\u00f3 frente a la playa de Almerimar este lunes","author":{"@id":"https:\/\/eldigitaldeasturias.com\/magazine365\/author\/admin\/#author"},"publisher":{"@id":"https:\/\/eldigitaldeasturias.com\/magazine365\/#organization"},"image":{"@type":"ImageObject","url":"https:\/\/www.eldigitaldeasturias.com\/noticias\/wp-content\/uploads\/2020\/12\/EDA.jpg","@id":"https:\/\/eldigitaldeasturias.com\/magazine365\/#articleImage"},"datePublished":"2016-01-27T11:17:58+01:00","dateModified":"2016-01-27T11:17:58+01:00","inLanguage":"es-ES","mainEntityOfPage":{"@id":"https:\/\/eldigitaldeasturias.com\/magazine365\/aparece-con-vida-el-piloto-cuya-avioneta-se-estrello-frente-a-la-playa-de-almerimar-este-lunes\/#webpage"},"isPartOf":{"@id":"https:\/\/eldigitaldeasturias.com\/magazine365\/aparece-con-vida-el-piloto-cuya-avioneta-se-estrello-frente-a-la-playa-de-almerimar-este-lunes\/#webpage"},"articleSection":"Noticias y Actualidad"},{"@type":"BreadcrumbList","@id":"https:\/\/eldigitaldeasturias.com\/magazine365\/aparece-con-vida-el-piloto-cuya-avioneta-se-estrello-frente-a-la-playa-de-almerimar-este-lunes\/#breadcrumblist","itemListElement":[{"@type":"ListItem","@id":"https:\/\/eldigitaldeasturias.com\/magazine365#listItem","position":1,"name":"Home","item":"https:\/\/eldigitaldeasturias.com\/magazine365","nextItem":{"@type":"ListItem","@id":"https:\/\/eldigitaldeasturias.com\/magazine365\/category\/noticias-actualidad\/#listItem","name":"Noticias y Actualidad"}},{"@type":"ListItem","@id":"https:\/\/eldigitaldeasturias.com\/magazine365\/category\/noticias-actualidad\/#listItem","position":2,"name":"Noticias y Actualidad","item":"https:\/\/eldigitaldeasturias.com\/magazine365\/category\/noticias-actualidad\/","nextItem":{"@type":"ListItem","@id":"https:\/\/eldigitaldeasturias.com\/magazine365\/aparece-con-vida-el-piloto-cuya-avioneta-se-estrello-frente-a-la-playa-de-almerimar-este-lunes\/#listItem","name":"Aparece con vida el piloto cuya avioneta se estrell\u00f3 frente a la playa de Almerimar este lunes"},"previousItem":{"@type":"ListItem","@id":"https:\/\/eldigitaldeasturias.com\/magazine365#listItem","name":"Home"}},{"@type":"ListItem","@id":"https:\/\/eldigitaldeasturias.com\/magazine365\/aparece-con-vida-el-piloto-cuya-avioneta-se-estrello-frente-a-la-playa-de-almerimar-este-lunes\/#listItem","position":3,"name":"Aparece con vida el piloto cuya avioneta se estrell\u00f3 frente a la playa de Almerimar este lunes","previousItem":{"@type":"ListItem","@id":"https:\/\/eldigitaldeasturias.com\/magazine365\/category\/noticias-actualidad\/#listItem","name":"Noticias y Actualidad"}}]},{"@type":"Organization","@id":"https:\/\/eldigitaldeasturias.com\/magazine365\/#organization","name":"El digital de Asturias","description":"Revista de ocio, turismo y estilo de vida","url":"https:\/\/eldigitaldeasturias.com\/magazine365\/","logo":{"@type":"ImageObject","url":"https:\/\/www.eldigitaldeasturias.com\/noticias\/wp-content\/uploads\/2020\/12\/EDA.jpg","@id":"https:\/\/eldigitaldeasturias.com\/magazine365\/aparece-con-vida-el-piloto-cuya-avioneta-se-estrello-frente-a-la-playa-de-almerimar-este-lunes\/#organizationLogo"},"image":{"@id":"https:\/\/eldigitaldeasturias.com\/magazine365\/aparece-con-vida-el-piloto-cuya-avioneta-se-estrello-frente-a-la-playa-de-almerimar-este-lunes\/#organizationLogo"}},{"@type":"Person","@id":"https:\/\/eldigitaldeasturias.com\/magazine365\/author\/admin\/#author","url":"https:\/\/eldigitaldeasturias.com\/magazine365\/author\/admin\/","name":"admin","image":{"@type":"ImageObject","@id":"https:\/\/eldigitaldeasturias.com\/magazine365\/aparece-con-vida-el-piloto-cuya-avioneta-se-estrello-frente-a-la-playa-de-almerimar-este-lunes\/#authorImage","url":"https:\/\/eldigitaldeasturias.com\/magazine365\/wp-content\/litespeed\/avatar\/e571bcf59a0edd6fa6838245a470f2fe.jpg?ver=1776969259","width":96,"height":96,"caption":"admin"}},{"@type":"WebPage","@id":"https:\/\/eldigitaldeasturias.com\/magazine365\/aparece-con-vida-el-piloto-cuya-avioneta-se-estrello-frente-a-la-playa-de-almerimar-este-lunes\/#webpage","url":"https:\/\/eldigitaldeasturias.com\/magazine365\/aparece-con-vida-el-piloto-cuya-avioneta-se-estrello-frente-a-la-playa-de-almerimar-este-lunes\/","name":"Aparece con vida el piloto cuya avioneta se estrell\u00f3 frente a la playa de Almerimar este lunes | El Digital de Asturias","description":"La Guardia Civil ha asistido al piloto de una avioneta que ha aparecido a 50 metros de la costa de Almerimar, en El Ejido (Almer\u00eda) despu\u00e9s de que en la tarde de este lunes se le perdiera la pista tras despegar a las 17,30 horas desde la pedan\u00eda de Los Mart\u00ednez del Puerto de Murcia,","inLanguage":"es-ES","isPartOf":{"@id":"https:\/\/eldigitaldeasturias.com\/magazine365\/#website"},"breadcrumb":{"@id":"https:\/\/eldigitaldeasturias.com\/magazine365\/aparece-con-vida-el-piloto-cuya-avioneta-se-estrello-frente-a-la-playa-de-almerimar-este-lunes\/#breadcrumblist"},"author":{"@id":"https:\/\/eldigitaldeasturias.com\/magazine365\/author\/admin\/#author"},"creator":{"@id":"https:\/\/eldigitaldeasturias.com\/magazine365\/author\/admin\/#author"},"datePublished":"2016-01-27T11:17:58+01:00","dateModified":"2016-01-27T11:17:58+01:00"},{"@type":"WebSite","@id":"https:\/\/eldigitaldeasturias.com\/magazine365\/#website","url":"https:\/\/eldigitaldeasturias.com\/magazine365\/","name":"El Digital de Asturias","description":"Revista de ocio, turismo y estilo de vida","inLanguage":"es-ES","publisher":{"@id":"https:\/\/eldigitaldeasturias.com\/magazine365\/#organization"}}]},"og:locale":"es_ES","og:site_name":"El Digital de Asturias \u2013 Revista de ocio, turismo y estilo de vida","og:type":"article","og:title":"Aparece con vida el piloto cuya avioneta se estrell\u00f3 frente a la playa de Almerimar este lunes | El Digital de Asturias","og:description":"La Guardia Civil ha asistido al piloto de una avioneta que ha aparecido a 50 metros de la costa de Almerimar, en El Ejido (Almer\u00eda) despu\u00e9s de que en la tarde de este lunes se le perdiera la pista tras despegar a las 17,30 horas desde la pedan\u00eda de Los Mart\u00ednez del Puerto de Murcia,","og:url":"https:\/\/eldigitaldeasturias.com\/magazine365\/aparece-con-vida-el-piloto-cuya-avioneta-se-estrello-frente-a-la-playa-de-almerimar-este-lunes\/","og:image":"https:\/\/www.eldigitaldeasturias.com\/noticias\/wp-content\/uploads\/2020\/12\/EDA.jpg","og:image:secure_url":"https:\/\/www.eldigitaldeasturias.com\/noticias\/wp-content\/uploads\/2020\/12\/EDA.jpg","article:published_time":"2016-01-27T10:17:58+00:00","article:modified_time":"2016-01-27T10:17:58+00:00","twitter:card":"summary_large_image","twitter:title":"Aparece con vida el piloto cuya avioneta se estrell\u00f3 frente a la playa de Almerimar este lunes | El Digital de Asturias","twitter:description":"La Guardia Civil ha asistido al piloto de una avioneta que ha aparecido a 50 metros de la costa de Almerimar, en El Ejido (Almer\u00eda) despu\u00e9s de que en la tarde de este lunes se le perdiera la pista tras despegar a las 17,30 horas desde la pedan\u00eda de Los Mart\u00ednez del Puerto de Murcia,","twitter:image":"https:\/\/www.eldigitaldeasturias.com\/noticias\/wp-content\/uploads\/2020\/12\/EDA.jpg"},"aioseo_meta_data":{"post_id":"62127","title":null,"description":null,"keywords":null,"keyphrases":null,"primary_term":null,"canonical_url":null,"og_title":null,"og_description":null,"og_object_type":"default","og_image_type":"default","og_image_url":null,"og_image_width":null,"og_image_height":null,"og_image_custom_url":null,"og_image_custom_fields":null,"og_video":null,"og_custom_url":null,"og_article_section":null,"og_article_tags":null,"twitter_use_og":false,"twitter_card":"default","twitter_image_type":"default","twitter_image_url":null,"twitter_image_custom_url":null,"twitter_image_custom_fields":null,"twitter_title":null,"twitter_description":null,"schema":{"blockGraphs":[],"customGraphs":[],"default":{"data":{"Article":[],"Course":[],"Dataset":[],"FAQPage":[],"Movie":[],"Person":[],"Product":[],"ProductReview":[],"Car":[],"Recipe":[],"Service":[],"SoftwareApplication":[],"WebPage":[]},"graphName":"","isEnabled":true},"graphs":[],"defaultGraph":"","defaultPostTypeGraph":""},"schema_type":null,"schema_type_options":null,"pillar_content":false,"robots_default":true,"robots_noindex":false,"robots_noarchive":false,"robots_nosnippet":false,"robots_nofollow":false,"robots_noimageindex":false,"robots_noodp":false,"robots_notranslate":false,"robots_max_snippet":null,"robots_max_videopreview":null,"robots_max_imagepreview":"large","priority":null,"frequency":null,"location":null,"local_seo":null,"seo_analyzer_scan_date":"2025-09-25 10:29:35","breadcrumb_settings":null,"limit_modified_date":false,"open_ai":null,"ai":null,"created":"2021-03-08 21:40:49","updated":"2025-09-25 10:29:35"},"aioseo_breadcrumb":"<div class=\"aioseo-breadcrumbs\"><span class=\"aioseo-breadcrumb\">\n\t<a href=\"https:\/\/eldigitaldeasturias.com\/magazine365\" title=\"Home\">Home<\/a>\n<\/span><span class=\"aioseo-breadcrumb-separator\">\u2013<\/span><span class=\"aioseo-breadcrumb\">\n\t<a href=\"https:\/\/eldigitaldeasturias.com\/magazine365\/category\/noticias-actualidad\/\" title=\"Noticias y Actualidad\">Noticias y Actualidad<\/a>\n<\/span><span class=\"aioseo-breadcrumb-separator\">\u2013<\/span><span class=\"aioseo-breadcrumb\">\n\t<a href=\"https:\/\/eldigitaldeasturias.com\/magazine365\/aparece-con-vida-el-piloto-cuya-avioneta-se-estrello-frente-a-la-playa-de-almerimar-este-lunes\/\" title=\"Aparece con vida el piloto cuya avioneta se estrell\u00f3 frente a la playa de Almerimar este lunes\">Aparece con vida el piloto cuya avioneta se estrell\u00f3 frente a la playa de Almerimar este lunes<\/a>\n<\/span><\/div>","aioseo_breadcrumb_json":[{"label":"Home","link":"https:\/\/eldigitaldeasturias.com\/magazine365"},{"label":"Noticias y Actualidad","link":"https:\/\/eldigitaldeasturias.com\/magazine365\/category\/noticias-actualidad\/"},{"label":"Aparece con vida el piloto cuya avioneta se estrell\u00f3 frente a la playa de Almerimar este lunes","link":"https:\/\/eldigitaldeasturias.com\/magazine365\/aparece-con-vida-el-piloto-cuya-avioneta-se-estrello-frente-a-la-playa-de-almerimar-este-lunes\/"}],"_links":{"self":[{"href":"https:\/\/eldigitaldeasturias.com\/magazine365\/wp-json\/wp\/v2\/posts\/62127","targetHints":{"allow":["GET"]}}],"collection":[{"href":"https:\/\/eldigitaldeasturias.com\/magazine365\/wp-json\/wp\/v2\/posts"}],"about":[{"href":"https:\/\/eldigitaldeasturias.com\/magazine365\/wp-json\/wp\/v2\/types\/post"}],"author":[{"embeddable":true,"href":"https:\/\/eldigitaldeasturias.com\/magazine365\/wp-json\/wp\/v2\/users\/1"}],"replies":[{"embeddable":true,"href":"https:\/\/eldigitaldeasturias.com\/magazine365\/wp-json\/wp\/v2\/comments?post=62127"}],"version-history":[{"count":0,"href":"https:\/\/eldigitaldeasturias.com\/magazine365\/wp-json\/wp\/v2\/posts\/62127\/revisions"}],"wp:attachment":[{"href":"https:\/\/eldigitaldeasturias.com\/magazine365\/wp-json\/wp\/v2\/media?parent=62127"}],"wp:term":[{"taxonomy":"category","embeddable":true,"href":"https:\/\/eldigitaldeasturias.com\/magazine365\/wp-json\/wp\/v2\/categories?post=62127"},{"taxonomy":"post_tag","embeddable":true,"href":"https:\/\/eldigitaldeasturias.com\/magazine365\/wp-json\/wp\/v2\/tags?post=62127"}],"curies":[{"name":"wp","href":"https:\/\/api.w.org\/{rel}","templated":true}]}}