{"id":62124,"date":"2016-01-27T11:16:38","date_gmt":"2016-01-27T10:16:38","guid":{"rendered":"http:\/\/eldigitaldeasturias.com\/magazine365\/?p=62124"},"modified":"2016-01-27T11:16:38","modified_gmt":"2016-01-27T10:16:38","slug":"la-huelga-de-controladores-en-francia-provoca-retrasos-en-vuelos-del-aeropuerto-de-el-prat","status":"publish","type":"post","link":"https:\/\/eldigitaldeasturias.com\/magazine365\/la-huelga-de-controladores-en-francia-provoca-retrasos-en-vuelos-del-aeropuerto-de-el-prat\/","title":{"rendered":"La huelga de controladores en Francia provoca retrasos en vuelos del Aeropuerto de El Prat"},"content":{"rendered":"<p><img fetchpriority=\"high\" decoding=\"async\" class=\"alignleft size-medium wp-image-62125\" src=\"https:\/\/eldigitaldeasturias.com\/magazine365\/wp-content\/uploads\/2016\/01\/fotonoticia_20160126111945_800-360x239.jpg\" alt=\"fotonoticia_20160126111945_800\" width=\"360\" height=\"239\" srcset=\"https:\/\/eldigitaldeasturias.com\/magazine365\/wp-content\/uploads\/2016\/01\/fotonoticia_20160126111945_800-360x239.jpg 360w, https:\/\/eldigitaldeasturias.com\/magazine365\/wp-content\/uploads\/2016\/01\/fotonoticia_20160126111945_800-650x431.jpg 650w, https:\/\/eldigitaldeasturias.com\/magazine365\/wp-content\/uploads\/2016\/01\/fotonoticia_20160126111945_800-768x510.jpg 768w, https:\/\/eldigitaldeasturias.com\/magazine365\/wp-content\/uploads\/2016\/01\/fotonoticia_20160126111945_800-150x100.jpg 150w, https:\/\/eldigitaldeasturias.com\/magazine365\/wp-content\/uploads\/2016\/01\/fotonoticia_20160126111945_800-450x299.jpg 450w, https:\/\/eldigitaldeasturias.com\/magazine365\/wp-content\/uploads\/2016\/01\/fotonoticia_20160126111945_800-696x462.jpg 696w, https:\/\/eldigitaldeasturias.com\/magazine365\/wp-content\/uploads\/2016\/01\/fotonoticia_20160126111945_800-633x420.jpg 633w, https:\/\/eldigitaldeasturias.com\/magazine365\/wp-content\/uploads\/2016\/01\/fotonoticia_20160126111945_800-121x79.jpg 121w, https:\/\/eldigitaldeasturias.com\/magazine365\/wp-content\/uploads\/2016\/01\/fotonoticia_20160126111945_800-101x66.jpg 101w, https:\/\/eldigitaldeasturias.com\/magazine365\/wp-content\/uploads\/2016\/01\/fotonoticia_20160126111945_800.jpg 800w\" sizes=\"(max-width: 360px) 100vw, 360px\" \/>La huelga de controladores a\u00e9reos en Francia est\u00e1 provocando retrasos en algunos de los vuelos del Aeropuerto de Barcelona-El Prat que tienen que sobrevolar el espacio a\u00e9reo franc\u00e9s, con demoras que han llegado a superar las dos horas en un avi\u00f3n con destino a Londres.<\/p>\n<p>Hasta las 10 horas, se han producido retrasos en una decena de vuelos de salida con destino a lugares como Par\u00eds, Londres, Bruselas o \u00c1msterdam, mientras que las llegadas operan con bastante puntualidad.<\/p>\n<p>Las demoras han ido desde los 41 minutos de un vuelo con destino a \u00c1msterdam hasta las dos horas y 19 minutos del vuelo de Vueling con destino a Londres que ten\u00eda previsto despegar a las 7 horas y que ha despegado a las 9.19 horas, seg\u00fan datos de la web de Aena.<\/p>\n<p>Fuentes de Vueling han informado a Europa Press que la compa\u00f1\u00eda est\u00e1 registrando retrasos en sus operaciones debido a las restricciones en el espacio a\u00e9reo franc\u00e9s y que ha cancelado dos vuelos en el aeropuerto de Barcelona-El Prat (una salida hacia Par\u00eds y una llegada procedente de Par\u00eds); mientras que la compa\u00f1\u00eda Ryanair ha informado a trav\u00e9s de su web de la cancelaci\u00f3n anticipada de 24 vuelos en El Prat, 12 de salida y 12 de llegada.<\/p>\n<p>Aena ha informado a Europa Press que durante la jornada de este martes el aeropuerto de El Prat tiene programadas 38 operaciones con aeropuertos franceses, siete de las cuales ya se hab\u00edan realizado a las 10 horas y dos se han cancelado.<\/p>\n","protected":false},"excerpt":{"rendered":"<p>La huelga de controladores a\u00e9reos en Francia est\u00e1 provocando retrasos en algunos de los vuelos del Aeropuerto de Barcelona-El Prat que tienen que sobrevolar el espacio a\u00e9reo franc\u00e9s, con demoras que han llegado a superar las dos horas en un avi\u00f3n con destino a Londres. Hasta las 10 horas, se han producido retrasos en una<\/p>\n","protected":false},"author":1,"featured_media":62125,"comment_status":"open","ping_status":"closed","sticky":false,"template":"","format":"standard","meta":{"footnotes":""},"categories":[224],"tags":[],"class_list":{"0":"post-62124","1":"post","2":"type-post","3":"status-publish","4":"format-standard","5":"has-post-thumbnail","7":"category-noticias-actualidad"},"aioseo_notices":[],"aioseo_head":"\n\t\t<!-- All in One SEO Pro 4.9.6.1 - aioseo.com -->\n\t<meta name=\"description\" content=\"La huelga de controladores a\u00e9reos en Francia est\u00e1 provocando retrasos en algunos de los vuelos del Aeropuerto de Barcelona-El Prat que tienen que sobrevolar el espacio a\u00e9reo franc\u00e9s, con demoras que han llegado a superar las dos horas en un avi\u00f3n con destino a Londres. Hasta las 10 horas, se han producido retrasos en una\" \/>\n\t<meta name=\"robots\" content=\"max-image-preview:large\" \/>\n\t<meta name=\"author\" content=\"admin\"\/>\n\t<meta name=\"google-site-verification\" content=\"UA-38556648-1\" \/>\n\t<meta name=\"keywords\" content=\"noticias y actualidad\" \/>\n\t<link rel=\"canonical\" href=\"https:\/\/eldigitaldeasturias.com\/magazine365\/la-huelga-de-controladores-en-francia-provoca-retrasos-en-vuelos-del-aeropuerto-de-el-prat\/\" \/>\n\t<meta name=\"generator\" content=\"All in One SEO Pro (AIOSEO) 4.9.6.1\" \/>\n\t\t<meta property=\"og:locale\" content=\"es_ES\" \/>\n\t\t<meta property=\"og:site_name\" content=\"El Digital de Asturias \u2013 Revista de ocio, turismo y estilo de vida\" \/>\n\t\t<meta property=\"og:type\" content=\"article\" \/>\n\t\t<meta property=\"og:title\" content=\"La huelga de controladores en Francia provoca retrasos en vuelos del Aeropuerto de El Prat | El Digital de Asturias\" \/>\n\t\t<meta property=\"og:description\" content=\"La huelga de controladores a\u00e9reos en Francia est\u00e1 provocando retrasos en algunos de los vuelos del Aeropuerto de Barcelona-El Prat que tienen que sobrevolar el espacio a\u00e9reo franc\u00e9s, con demoras que han llegado a superar las dos horas en un avi\u00f3n con destino a Londres. Hasta las 10 horas, se han producido retrasos en una\" \/>\n\t\t<meta property=\"og:url\" content=\"https:\/\/eldigitaldeasturias.com\/magazine365\/la-huelga-de-controladores-en-francia-provoca-retrasos-en-vuelos-del-aeropuerto-de-el-prat\/\" \/>\n\t\t<meta property=\"og:image\" content=\"https:\/\/eldigitaldeasturias.com\/magazine365\/wp-content\/uploads\/2016\/01\/fotonoticia_20160126111945_800.jpg\" \/>\n\t\t<meta property=\"og:image:secure_url\" content=\"https:\/\/eldigitaldeasturias.com\/magazine365\/wp-content\/uploads\/2016\/01\/fotonoticia_20160126111945_800.jpg\" \/>\n\t\t<meta property=\"og:image:width\" content=\"800\" \/>\n\t\t<meta property=\"og:image:height\" content=\"531\" \/>\n\t\t<meta property=\"article:published_time\" content=\"2016-01-27T10:16:38+00:00\" \/>\n\t\t<meta property=\"article:modified_time\" content=\"2016-01-27T10:16:38+00:00\" \/>\n\t\t<meta name=\"twitter:card\" content=\"summary_large_image\" \/>\n\t\t<meta name=\"twitter:title\" content=\"La huelga de controladores en Francia provoca retrasos en vuelos del Aeropuerto de El Prat | El Digital de Asturias\" \/>\n\t\t<meta name=\"twitter:description\" content=\"La huelga de controladores a\u00e9reos en Francia est\u00e1 provocando retrasos en algunos de los vuelos del Aeropuerto de Barcelona-El Prat que tienen que sobrevolar el espacio a\u00e9reo franc\u00e9s, con demoras que han llegado a superar las dos horas en un avi\u00f3n con destino a Londres. Hasta las 10 horas, se han producido retrasos en una\" \/>\n\t\t<meta name=\"twitter:image\" content=\"https:\/\/eldigitaldeasturias.com\/magazine365\/wp-content\/uploads\/2016\/01\/fotonoticia_20160126111945_800.jpg\" \/>\n\t\t<script type=\"application\/ld+json\" class=\"aioseo-schema\">\n\t\t\t{\"@context\":\"https:\\\/\\\/schema.org\",\"@graph\":[{\"@type\":\"Article\",\"@id\":\"https:\\\/\\\/eldigitaldeasturias.com\\\/magazine365\\\/la-huelga-de-controladores-en-francia-provoca-retrasos-en-vuelos-del-aeropuerto-de-el-prat\\\/#article\",\"name\":\"La huelga de controladores en Francia provoca retrasos en vuelos del Aeropuerto de El Prat | El Digital de Asturias\",\"headline\":\"La huelga de controladores en Francia provoca retrasos en vuelos del Aeropuerto de El Prat\",\"author\":{\"@id\":\"https:\\\/\\\/eldigitaldeasturias.com\\\/magazine365\\\/author\\\/admin\\\/#author\"},\"publisher\":{\"@id\":\"https:\\\/\\\/eldigitaldeasturias.com\\\/magazine365\\\/#organization\"},\"image\":{\"@type\":\"ImageObject\",\"url\":\"https:\\\/\\\/eldigitaldeasturias.com\\\/magazine365\\\/wp-content\\\/uploads\\\/2016\\\/01\\\/fotonoticia_20160126111945_800.jpg\",\"width\":800,\"height\":531},\"datePublished\":\"2016-01-27T11:16:38+01:00\",\"dateModified\":\"2016-01-27T11:16:38+01:00\",\"inLanguage\":\"es-ES\",\"mainEntityOfPage\":{\"@id\":\"https:\\\/\\\/eldigitaldeasturias.com\\\/magazine365\\\/la-huelga-de-controladores-en-francia-provoca-retrasos-en-vuelos-del-aeropuerto-de-el-prat\\\/#webpage\"},\"isPartOf\":{\"@id\":\"https:\\\/\\\/eldigitaldeasturias.com\\\/magazine365\\\/la-huelga-de-controladores-en-francia-provoca-retrasos-en-vuelos-del-aeropuerto-de-el-prat\\\/#webpage\"},\"articleSection\":\"Noticias y Actualidad\"},{\"@type\":\"BreadcrumbList\",\"@id\":\"https:\\\/\\\/eldigitaldeasturias.com\\\/magazine365\\\/la-huelga-de-controladores-en-francia-provoca-retrasos-en-vuelos-del-aeropuerto-de-el-prat\\\/#breadcrumblist\",\"itemListElement\":[{\"@type\":\"ListItem\",\"@id\":\"https:\\\/\\\/eldigitaldeasturias.com\\\/magazine365#listItem\",\"position\":1,\"name\":\"Home\",\"item\":\"https:\\\/\\\/eldigitaldeasturias.com\\\/magazine365\",\"nextItem\":{\"@type\":\"ListItem\",\"@id\":\"https:\\\/\\\/eldigitaldeasturias.com\\\/magazine365\\\/category\\\/noticias-actualidad\\\/#listItem\",\"name\":\"Noticias y Actualidad\"}},{\"@type\":\"ListItem\",\"@id\":\"https:\\\/\\\/eldigitaldeasturias.com\\\/magazine365\\\/category\\\/noticias-actualidad\\\/#listItem\",\"position\":2,\"name\":\"Noticias y Actualidad\",\"item\":\"https:\\\/\\\/eldigitaldeasturias.com\\\/magazine365\\\/category\\\/noticias-actualidad\\\/\",\"nextItem\":{\"@type\":\"ListItem\",\"@id\":\"https:\\\/\\\/eldigitaldeasturias.com\\\/magazine365\\\/la-huelga-de-controladores-en-francia-provoca-retrasos-en-vuelos-del-aeropuerto-de-el-prat\\\/#listItem\",\"name\":\"La huelga de controladores en Francia provoca retrasos en vuelos del Aeropuerto de El Prat\"},\"previousItem\":{\"@type\":\"ListItem\",\"@id\":\"https:\\\/\\\/eldigitaldeasturias.com\\\/magazine365#listItem\",\"name\":\"Home\"}},{\"@type\":\"ListItem\",\"@id\":\"https:\\\/\\\/eldigitaldeasturias.com\\\/magazine365\\\/la-huelga-de-controladores-en-francia-provoca-retrasos-en-vuelos-del-aeropuerto-de-el-prat\\\/#listItem\",\"position\":3,\"name\":\"La huelga de controladores en Francia provoca retrasos en vuelos del Aeropuerto de El Prat\",\"previousItem\":{\"@type\":\"ListItem\",\"@id\":\"https:\\\/\\\/eldigitaldeasturias.com\\\/magazine365\\\/category\\\/noticias-actualidad\\\/#listItem\",\"name\":\"Noticias y Actualidad\"}}]},{\"@type\":\"Organization\",\"@id\":\"https:\\\/\\\/eldigitaldeasturias.com\\\/magazine365\\\/#organization\",\"name\":\"El digital de Asturias\",\"description\":\"Revista de ocio, turismo y estilo de vida\",\"url\":\"https:\\\/\\\/eldigitaldeasturias.com\\\/magazine365\\\/\",\"logo\":{\"@type\":\"ImageObject\",\"url\":\"https:\\\/\\\/www.eldigitaldeasturias.com\\\/noticias\\\/wp-content\\\/uploads\\\/2020\\\/12\\\/EDA.jpg\",\"@id\":\"https:\\\/\\\/eldigitaldeasturias.com\\\/magazine365\\\/la-huelga-de-controladores-en-francia-provoca-retrasos-en-vuelos-del-aeropuerto-de-el-prat\\\/#organizationLogo\"},\"image\":{\"@id\":\"https:\\\/\\\/eldigitaldeasturias.com\\\/magazine365\\\/la-huelga-de-controladores-en-francia-provoca-retrasos-en-vuelos-del-aeropuerto-de-el-prat\\\/#organizationLogo\"}},{\"@type\":\"Person\",\"@id\":\"https:\\\/\\\/eldigitaldeasturias.com\\\/magazine365\\\/author\\\/admin\\\/#author\",\"url\":\"https:\\\/\\\/eldigitaldeasturias.com\\\/magazine365\\\/author\\\/admin\\\/\",\"name\":\"admin\",\"image\":{\"@type\":\"ImageObject\",\"@id\":\"https:\\\/\\\/eldigitaldeasturias.com\\\/magazine365\\\/la-huelga-de-controladores-en-francia-provoca-retrasos-en-vuelos-del-aeropuerto-de-el-prat\\\/#authorImage\",\"url\":\"https:\\\/\\\/eldigitaldeasturias.com\\\/magazine365\\\/wp-content\\\/litespeed\\\/avatar\\\/e571bcf59a0edd6fa6838245a470f2fe.jpg?ver=1776969259\",\"width\":96,\"height\":96,\"caption\":\"admin\"}},{\"@type\":\"WebPage\",\"@id\":\"https:\\\/\\\/eldigitaldeasturias.com\\\/magazine365\\\/la-huelga-de-controladores-en-francia-provoca-retrasos-en-vuelos-del-aeropuerto-de-el-prat\\\/#webpage\",\"url\":\"https:\\\/\\\/eldigitaldeasturias.com\\\/magazine365\\\/la-huelga-de-controladores-en-francia-provoca-retrasos-en-vuelos-del-aeropuerto-de-el-prat\\\/\",\"name\":\"La huelga de controladores en Francia provoca retrasos en vuelos del Aeropuerto de El Prat | El Digital de Asturias\",\"description\":\"La huelga de controladores a\\u00e9reos en Francia est\\u00e1 provocando retrasos en algunos de los vuelos del Aeropuerto de Barcelona-El Prat que tienen que sobrevolar el espacio a\\u00e9reo franc\\u00e9s, con demoras que han llegado a superar las dos horas en un avi\\u00f3n con destino a Londres. Hasta las 10 horas, se han producido retrasos en una\",\"inLanguage\":\"es-ES\",\"isPartOf\":{\"@id\":\"https:\\\/\\\/eldigitaldeasturias.com\\\/magazine365\\\/#website\"},\"breadcrumb\":{\"@id\":\"https:\\\/\\\/eldigitaldeasturias.com\\\/magazine365\\\/la-huelga-de-controladores-en-francia-provoca-retrasos-en-vuelos-del-aeropuerto-de-el-prat\\\/#breadcrumblist\"},\"author\":{\"@id\":\"https:\\\/\\\/eldigitaldeasturias.com\\\/magazine365\\\/author\\\/admin\\\/#author\"},\"creator\":{\"@id\":\"https:\\\/\\\/eldigitaldeasturias.com\\\/magazine365\\\/author\\\/admin\\\/#author\"},\"image\":{\"@type\":\"ImageObject\",\"url\":\"https:\\\/\\\/eldigitaldeasturias.com\\\/magazine365\\\/wp-content\\\/uploads\\\/2016\\\/01\\\/fotonoticia_20160126111945_800.jpg\",\"@id\":\"https:\\\/\\\/eldigitaldeasturias.com\\\/magazine365\\\/la-huelga-de-controladores-en-francia-provoca-retrasos-en-vuelos-del-aeropuerto-de-el-prat\\\/#mainImage\",\"width\":800,\"height\":531},\"primaryImageOfPage\":{\"@id\":\"https:\\\/\\\/eldigitaldeasturias.com\\\/magazine365\\\/la-huelga-de-controladores-en-francia-provoca-retrasos-en-vuelos-del-aeropuerto-de-el-prat\\\/#mainImage\"},\"datePublished\":\"2016-01-27T11:16:38+01:00\",\"dateModified\":\"2016-01-27T11:16:38+01:00\"},{\"@type\":\"WebSite\",\"@id\":\"https:\\\/\\\/eldigitaldeasturias.com\\\/magazine365\\\/#website\",\"url\":\"https:\\\/\\\/eldigitaldeasturias.com\\\/magazine365\\\/\",\"name\":\"El Digital de Asturias\",\"description\":\"Revista de ocio, turismo y estilo de vida\",\"inLanguage\":\"es-ES\",\"publisher\":{\"@id\":\"https:\\\/\\\/eldigitaldeasturias.com\\\/magazine365\\\/#organization\"}}]}\n\t\t<\/script>\n\t\t<!-- All in One SEO Pro -->\r\n\t\t<title>La huelga de controladores en Francia provoca retrasos en vuelos del Aeropuerto de El Prat | El Digital de Asturias<\/title>\n\n","aioseo_head_json":{"title":"La huelga de controladores en Francia provoca retrasos en vuelos del Aeropuerto de El Prat | El Digital de Asturias","description":"La huelga de controladores a\u00e9reos en Francia est\u00e1 provocando retrasos en algunos de los vuelos del Aeropuerto de Barcelona-El Prat que tienen que sobrevolar el espacio a\u00e9reo franc\u00e9s, con demoras que han llegado a superar las dos horas en un avi\u00f3n con destino a Londres. Hasta las 10 horas, se han producido retrasos en una","canonical_url":"https:\/\/eldigitaldeasturias.com\/magazine365\/la-huelga-de-controladores-en-francia-provoca-retrasos-en-vuelos-del-aeropuerto-de-el-prat\/","robots":"max-image-preview:large","keywords":"noticias y actualidad","webmasterTools":{"google-site-verification":"UA-38556648-1","miscellaneous":""},"schema":{"@context":"https:\/\/schema.org","@graph":[{"@type":"Article","@id":"https:\/\/eldigitaldeasturias.com\/magazine365\/la-huelga-de-controladores-en-francia-provoca-retrasos-en-vuelos-del-aeropuerto-de-el-prat\/#article","name":"La huelga de controladores en Francia provoca retrasos en vuelos del Aeropuerto de El Prat | El Digital de Asturias","headline":"La huelga de controladores en Francia provoca retrasos en vuelos del Aeropuerto de El Prat","author":{"@id":"https:\/\/eldigitaldeasturias.com\/magazine365\/author\/admin\/#author"},"publisher":{"@id":"https:\/\/eldigitaldeasturias.com\/magazine365\/#organization"},"image":{"@type":"ImageObject","url":"https:\/\/eldigitaldeasturias.com\/magazine365\/wp-content\/uploads\/2016\/01\/fotonoticia_20160126111945_800.jpg","width":800,"height":531},"datePublished":"2016-01-27T11:16:38+01:00","dateModified":"2016-01-27T11:16:38+01:00","inLanguage":"es-ES","mainEntityOfPage":{"@id":"https:\/\/eldigitaldeasturias.com\/magazine365\/la-huelga-de-controladores-en-francia-provoca-retrasos-en-vuelos-del-aeropuerto-de-el-prat\/#webpage"},"isPartOf":{"@id":"https:\/\/eldigitaldeasturias.com\/magazine365\/la-huelga-de-controladores-en-francia-provoca-retrasos-en-vuelos-del-aeropuerto-de-el-prat\/#webpage"},"articleSection":"Noticias y Actualidad"},{"@type":"BreadcrumbList","@id":"https:\/\/eldigitaldeasturias.com\/magazine365\/la-huelga-de-controladores-en-francia-provoca-retrasos-en-vuelos-del-aeropuerto-de-el-prat\/#breadcrumblist","itemListElement":[{"@type":"ListItem","@id":"https:\/\/eldigitaldeasturias.com\/magazine365#listItem","position":1,"name":"Home","item":"https:\/\/eldigitaldeasturias.com\/magazine365","nextItem":{"@type":"ListItem","@id":"https:\/\/eldigitaldeasturias.com\/magazine365\/category\/noticias-actualidad\/#listItem","name":"Noticias y Actualidad"}},{"@type":"ListItem","@id":"https:\/\/eldigitaldeasturias.com\/magazine365\/category\/noticias-actualidad\/#listItem","position":2,"name":"Noticias y Actualidad","item":"https:\/\/eldigitaldeasturias.com\/magazine365\/category\/noticias-actualidad\/","nextItem":{"@type":"ListItem","@id":"https:\/\/eldigitaldeasturias.com\/magazine365\/la-huelga-de-controladores-en-francia-provoca-retrasos-en-vuelos-del-aeropuerto-de-el-prat\/#listItem","name":"La huelga de controladores en Francia provoca retrasos en vuelos del Aeropuerto de El Prat"},"previousItem":{"@type":"ListItem","@id":"https:\/\/eldigitaldeasturias.com\/magazine365#listItem","name":"Home"}},{"@type":"ListItem","@id":"https:\/\/eldigitaldeasturias.com\/magazine365\/la-huelga-de-controladores-en-francia-provoca-retrasos-en-vuelos-del-aeropuerto-de-el-prat\/#listItem","position":3,"name":"La huelga de controladores en Francia provoca retrasos en vuelos del Aeropuerto de El Prat","previousItem":{"@type":"ListItem","@id":"https:\/\/eldigitaldeasturias.com\/magazine365\/category\/noticias-actualidad\/#listItem","name":"Noticias y Actualidad"}}]},{"@type":"Organization","@id":"https:\/\/eldigitaldeasturias.com\/magazine365\/#organization","name":"El digital de Asturias","description":"Revista de ocio, turismo y estilo de vida","url":"https:\/\/eldigitaldeasturias.com\/magazine365\/","logo":{"@type":"ImageObject","url":"https:\/\/www.eldigitaldeasturias.com\/noticias\/wp-content\/uploads\/2020\/12\/EDA.jpg","@id":"https:\/\/eldigitaldeasturias.com\/magazine365\/la-huelga-de-controladores-en-francia-provoca-retrasos-en-vuelos-del-aeropuerto-de-el-prat\/#organizationLogo"},"image":{"@id":"https:\/\/eldigitaldeasturias.com\/magazine365\/la-huelga-de-controladores-en-francia-provoca-retrasos-en-vuelos-del-aeropuerto-de-el-prat\/#organizationLogo"}},{"@type":"Person","@id":"https:\/\/eldigitaldeasturias.com\/magazine365\/author\/admin\/#author","url":"https:\/\/eldigitaldeasturias.com\/magazine365\/author\/admin\/","name":"admin","image":{"@type":"ImageObject","@id":"https:\/\/eldigitaldeasturias.com\/magazine365\/la-huelga-de-controladores-en-francia-provoca-retrasos-en-vuelos-del-aeropuerto-de-el-prat\/#authorImage","url":"https:\/\/eldigitaldeasturias.com\/magazine365\/wp-content\/litespeed\/avatar\/e571bcf59a0edd6fa6838245a470f2fe.jpg?ver=1776969259","width":96,"height":96,"caption":"admin"}},{"@type":"WebPage","@id":"https:\/\/eldigitaldeasturias.com\/magazine365\/la-huelga-de-controladores-en-francia-provoca-retrasos-en-vuelos-del-aeropuerto-de-el-prat\/#webpage","url":"https:\/\/eldigitaldeasturias.com\/magazine365\/la-huelga-de-controladores-en-francia-provoca-retrasos-en-vuelos-del-aeropuerto-de-el-prat\/","name":"La huelga de controladores en Francia provoca retrasos en vuelos del Aeropuerto de El Prat | El Digital de Asturias","description":"La huelga de controladores a\u00e9reos en Francia est\u00e1 provocando retrasos en algunos de los vuelos del Aeropuerto de Barcelona-El Prat que tienen que sobrevolar el espacio a\u00e9reo franc\u00e9s, con demoras que han llegado a superar las dos horas en un avi\u00f3n con destino a Londres. Hasta las 10 horas, se han producido retrasos en una","inLanguage":"es-ES","isPartOf":{"@id":"https:\/\/eldigitaldeasturias.com\/magazine365\/#website"},"breadcrumb":{"@id":"https:\/\/eldigitaldeasturias.com\/magazine365\/la-huelga-de-controladores-en-francia-provoca-retrasos-en-vuelos-del-aeropuerto-de-el-prat\/#breadcrumblist"},"author":{"@id":"https:\/\/eldigitaldeasturias.com\/magazine365\/author\/admin\/#author"},"creator":{"@id":"https:\/\/eldigitaldeasturias.com\/magazine365\/author\/admin\/#author"},"image":{"@type":"ImageObject","url":"https:\/\/eldigitaldeasturias.com\/magazine365\/wp-content\/uploads\/2016\/01\/fotonoticia_20160126111945_800.jpg","@id":"https:\/\/eldigitaldeasturias.com\/magazine365\/la-huelga-de-controladores-en-francia-provoca-retrasos-en-vuelos-del-aeropuerto-de-el-prat\/#mainImage","width":800,"height":531},"primaryImageOfPage":{"@id":"https:\/\/eldigitaldeasturias.com\/magazine365\/la-huelga-de-controladores-en-francia-provoca-retrasos-en-vuelos-del-aeropuerto-de-el-prat\/#mainImage"},"datePublished":"2016-01-27T11:16:38+01:00","dateModified":"2016-01-27T11:16:38+01:00"},{"@type":"WebSite","@id":"https:\/\/eldigitaldeasturias.com\/magazine365\/#website","url":"https:\/\/eldigitaldeasturias.com\/magazine365\/","name":"El Digital de Asturias","description":"Revista de ocio, turismo y estilo de vida","inLanguage":"es-ES","publisher":{"@id":"https:\/\/eldigitaldeasturias.com\/magazine365\/#organization"}}]},"og:locale":"es_ES","og:site_name":"El Digital de Asturias \u2013 Revista de ocio, turismo y estilo de vida","og:type":"article","og:title":"La huelga de controladores en Francia provoca retrasos en vuelos del Aeropuerto de El Prat | El Digital de Asturias","og:description":"La huelga de controladores a\u00e9reos en Francia est\u00e1 provocando retrasos en algunos de los vuelos del Aeropuerto de Barcelona-El Prat que tienen que sobrevolar el espacio a\u00e9reo franc\u00e9s, con demoras que han llegado a superar las dos horas en un avi\u00f3n con destino a Londres. Hasta las 10 horas, se han producido retrasos en una","og:url":"https:\/\/eldigitaldeasturias.com\/magazine365\/la-huelga-de-controladores-en-francia-provoca-retrasos-en-vuelos-del-aeropuerto-de-el-prat\/","og:image":"https:\/\/eldigitaldeasturias.com\/magazine365\/wp-content\/uploads\/2016\/01\/fotonoticia_20160126111945_800.jpg","og:image:secure_url":"https:\/\/eldigitaldeasturias.com\/magazine365\/wp-content\/uploads\/2016\/01\/fotonoticia_20160126111945_800.jpg","og:image:width":800,"og:image:height":531,"article:published_time":"2016-01-27T10:16:38+00:00","article:modified_time":"2016-01-27T10:16:38+00:00","twitter:card":"summary_large_image","twitter:title":"La huelga de controladores en Francia provoca retrasos en vuelos del Aeropuerto de El Prat | El Digital de Asturias","twitter:description":"La huelga de controladores a\u00e9reos en Francia est\u00e1 provocando retrasos en algunos de los vuelos del Aeropuerto de Barcelona-El Prat que tienen que sobrevolar el espacio a\u00e9reo franc\u00e9s, con demoras que han llegado a superar las dos horas en un avi\u00f3n con destino a Londres. Hasta las 10 horas, se han producido retrasos en una","twitter:image":"https:\/\/eldigitaldeasturias.com\/magazine365\/wp-content\/uploads\/2016\/01\/fotonoticia_20160126111945_800.jpg"},"aioseo_meta_data":{"post_id":"62124","title":null,"description":null,"keywords":null,"keyphrases":null,"primary_term":null,"canonical_url":null,"og_title":null,"og_description":null,"og_object_type":"default","og_image_type":"default","og_image_url":null,"og_image_width":null,"og_image_height":null,"og_image_custom_url":null,"og_image_custom_fields":null,"og_video":null,"og_custom_url":null,"og_article_section":null,"og_article_tags":null,"twitter_use_og":false,"twitter_card":"default","twitter_image_type":"default","twitter_image_url":null,"twitter_image_custom_url":null,"twitter_image_custom_fields":null,"twitter_title":null,"twitter_description":null,"schema":{"blockGraphs":[],"customGraphs":[],"default":{"data":{"Article":[],"Course":[],"Dataset":[],"FAQPage":[],"Movie":[],"Person":[],"Product":[],"ProductReview":[],"Car":[],"Recipe":[],"Service":[],"SoftwareApplication":[],"WebPage":[]},"graphName":"","isEnabled":true},"graphs":[],"defaultGraph":"","defaultPostTypeGraph":""},"schema_type":null,"schema_type_options":null,"pillar_content":false,"robots_default":true,"robots_noindex":false,"robots_noarchive":false,"robots_nosnippet":false,"robots_nofollow":false,"robots_noimageindex":false,"robots_noodp":false,"robots_notranslate":false,"robots_max_snippet":null,"robots_max_videopreview":null,"robots_max_imagepreview":"large","priority":null,"frequency":null,"location":null,"local_seo":null,"seo_analyzer_scan_date":"2025-09-25 10:29:33","breadcrumb_settings":null,"limit_modified_date":false,"open_ai":null,"ai":null,"created":"2021-03-08 21:40:49","updated":"2025-09-25 10:29:33"},"aioseo_breadcrumb":"<div class=\"aioseo-breadcrumbs\"><span class=\"aioseo-breadcrumb\">\n\t<a href=\"https:\/\/eldigitaldeasturias.com\/magazine365\" title=\"Home\">Home<\/a>\n<\/span><span class=\"aioseo-breadcrumb-separator\">\u2013<\/span><span class=\"aioseo-breadcrumb\">\n\t<a href=\"https:\/\/eldigitaldeasturias.com\/magazine365\/category\/noticias-actualidad\/\" title=\"Noticias y Actualidad\">Noticias y Actualidad<\/a>\n<\/span><span class=\"aioseo-breadcrumb-separator\">\u2013<\/span><span class=\"aioseo-breadcrumb\">\n\t<a href=\"https:\/\/eldigitaldeasturias.com\/magazine365\/la-huelga-de-controladores-en-francia-provoca-retrasos-en-vuelos-del-aeropuerto-de-el-prat\/\" title=\"La huelga de controladores en Francia provoca retrasos en vuelos del Aeropuerto de El Prat\">La huelga de controladores en Francia provoca retrasos en vuelos del Aeropuerto de El Prat<\/a>\n<\/span><\/div>","aioseo_breadcrumb_json":[{"label":"Home","link":"https:\/\/eldigitaldeasturias.com\/magazine365"},{"label":"Noticias y Actualidad","link":"https:\/\/eldigitaldeasturias.com\/magazine365\/category\/noticias-actualidad\/"},{"label":"La huelga de controladores en Francia provoca retrasos en vuelos del Aeropuerto de El Prat","link":"https:\/\/eldigitaldeasturias.com\/magazine365\/la-huelga-de-controladores-en-francia-provoca-retrasos-en-vuelos-del-aeropuerto-de-el-prat\/"}],"_links":{"self":[{"href":"https:\/\/eldigitaldeasturias.com\/magazine365\/wp-json\/wp\/v2\/posts\/62124","targetHints":{"allow":["GET"]}}],"collection":[{"href":"https:\/\/eldigitaldeasturias.com\/magazine365\/wp-json\/wp\/v2\/posts"}],"about":[{"href":"https:\/\/eldigitaldeasturias.com\/magazine365\/wp-json\/wp\/v2\/types\/post"}],"author":[{"embeddable":true,"href":"https:\/\/eldigitaldeasturias.com\/magazine365\/wp-json\/wp\/v2\/users\/1"}],"replies":[{"embeddable":true,"href":"https:\/\/eldigitaldeasturias.com\/magazine365\/wp-json\/wp\/v2\/comments?post=62124"}],"version-history":[{"count":0,"href":"https:\/\/eldigitaldeasturias.com\/magazine365\/wp-json\/wp\/v2\/posts\/62124\/revisions"}],"wp:featuredmedia":[{"embeddable":true,"href":"https:\/\/eldigitaldeasturias.com\/magazine365\/wp-json\/wp\/v2\/media\/62125"}],"wp:attachment":[{"href":"https:\/\/eldigitaldeasturias.com\/magazine365\/wp-json\/wp\/v2\/media?parent=62124"}],"wp:term":[{"taxonomy":"category","embeddable":true,"href":"https:\/\/eldigitaldeasturias.com\/magazine365\/wp-json\/wp\/v2\/categories?post=62124"},{"taxonomy":"post_tag","embeddable":true,"href":"https:\/\/eldigitaldeasturias.com\/magazine365\/wp-json\/wp\/v2\/tags?post=62124"}],"curies":[{"name":"wp","href":"https:\/\/api.w.org\/{rel}","templated":true}]}}