{"id":62115,"date":"2016-01-26T14:59:27","date_gmt":"2016-01-26T13:59:27","guid":{"rendered":"http:\/\/eldigitaldeasturias.com\/magazine365\/?p=62115"},"modified":"2016-01-26T14:59:27","modified_gmt":"2016-01-26T13:59:27","slug":"los-hosteleros-de-valladolid-y-el-ayuntamiento-ofreceran-de-nuevo-el-almuerzo-de-la-jornada-de-clausura-de-madrid-fusion","status":"publish","type":"post","link":"https:\/\/eldigitaldeasturias.com\/magazine365\/los-hosteleros-de-valladolid-y-el-ayuntamiento-ofreceran-de-nuevo-el-almuerzo-de-la-jornada-de-clausura-de-madrid-fusion\/","title":{"rendered":"Los hosteleros de Valladolid y el Ayuntamiento ofrecer\u00e1n de nuevo el almuerzo de la jornada de clausura de Madrid Fusi\u00f3n"},"content":{"rendered":"<p><img fetchpriority=\"high\" decoding=\"async\" class=\"alignleft size-medium wp-image-62116\" src=\"https:\/\/eldigitaldeasturias.com\/magazine365\/wp-content\/uploads\/2016\/01\/fotonoticia_20160126102435_800-360x240.jpg\" alt=\"fotonoticia_20160126102435_800\" width=\"360\" height=\"240\" srcset=\"https:\/\/eldigitaldeasturias.com\/magazine365\/wp-content\/uploads\/2016\/01\/fotonoticia_20160126102435_800-360x240.jpg 360w, https:\/\/eldigitaldeasturias.com\/magazine365\/wp-content\/uploads\/2016\/01\/fotonoticia_20160126102435_800-650x433.jpg 650w, https:\/\/eldigitaldeasturias.com\/magazine365\/wp-content\/uploads\/2016\/01\/fotonoticia_20160126102435_800-768x512.jpg 768w, https:\/\/eldigitaldeasturias.com\/magazine365\/wp-content\/uploads\/2016\/01\/fotonoticia_20160126102435_800-150x100.jpg 150w, https:\/\/eldigitaldeasturias.com\/magazine365\/wp-content\/uploads\/2016\/01\/fotonoticia_20160126102435_800-450x300.jpg 450w, https:\/\/eldigitaldeasturias.com\/magazine365\/wp-content\/uploads\/2016\/01\/fotonoticia_20160126102435_800-696x464.jpg 696w, https:\/\/eldigitaldeasturias.com\/magazine365\/wp-content\/uploads\/2016\/01\/fotonoticia_20160126102435_800-630x420.jpg 630w, https:\/\/eldigitaldeasturias.com\/magazine365\/wp-content\/uploads\/2016\/01\/fotonoticia_20160126102435_800-101x66.jpg 101w, https:\/\/eldigitaldeasturias.com\/magazine365\/wp-content\/uploads\/2016\/01\/fotonoticia_20160126102435_800.jpg 800w\" sizes=\"(max-width: 360px) 100vw, 360px\" \/>La Asociaci\u00f3n Provincial de Empresarios de Hosteler\u00eda de Valladolid (Apeh) y el Ayuntamiento ofrecer\u00e1n de nuevo, el pr\u00f3ximo 27 de enero, el almuerzo de la jornada de clausura de la cumbre gastron\u00f3mica Madrid Fusi\u00f3n, que se celebrar\u00e1 desde el d\u00eda 25 en la capital de Espa\u00f1a.<\/p>\n<p>Seg\u00fan han explicado fuentes de los hosteleros de la ciudad, la colaboraci\u00f3n con el Ayuntamiento de Valladolid para la participaci\u00f3n en Madrid Fusi\u00f3n se mantiene despu\u00e9s del cambio de Gobierno en las Elecciones de mayo de 2015.<\/p>\n<p>Ser\u00e1n un total de nueve restaurantes los que participen en la elaboraci\u00f3n del almuerzo que, como en ediciones anteriores, se compondr\u00e1 de pinchos fr\u00edos, pinchos calientes, guisos, lechazo asado y postres, con los que comer\u00e1n aproximadamente unas 500 personas entre invitados y prensa especializada.<\/p>\n<p>La iniciativa, seg\u00fan han precisado en la Apeh, parte del Ayuntamiento de Valladolid que cuenta con la participaci\u00f3n de los hosteleros. El Consistorio y el sector han participado en esta cumbre desde el a\u00f1o 2007.<\/p>\n<p>En esta ocasi\u00f3n, colaborar\u00e1n en el almuerzo los restaurantes Maria, Los Zagales de la Abad\u00eda, La Criolla, Don Bacalao, el Azalea del Hotel Felipe IV, Aquarium Sabores, Campogrande, \u00c1ngela y Ceyjo. El coordinador de sala ser\u00e1 Jos\u00e9 Luis Gil, del restaurante la Tahona, mientras que el de las cocinas ser\u00e1 Jes\u00fas N\u00fa\u00f1ez, del hotel Felipe IV.<\/p>\n<p>Asimismo, se contar\u00e1 con la participaci\u00f3n de alumnos de los ciclos formativos de Cocina y Gastronom\u00eda del Instituto Diego de Praves de Valladolid para el servicio de la sala.<\/p>\n<p>Los vinos que acompa\u00f1ar\u00e1n a los pinchos y raciones que se sirvan en el almuerzo ser\u00e1n aportados por las bodegas adscritas a la Oficina de Enoturismo.<\/p>\n","protected":false},"excerpt":{"rendered":"<p>La Asociaci\u00f3n Provincial de Empresarios de Hosteler\u00eda de Valladolid (Apeh) y el Ayuntamiento ofrecer\u00e1n de nuevo, el pr\u00f3ximo 27 de enero, el almuerzo de la jornada de clausura de la cumbre gastron\u00f3mica Madrid Fusi\u00f3n, que se celebrar\u00e1 desde el d\u00eda 25 en la capital de Espa\u00f1a. Seg\u00fan han explicado fuentes de los hosteleros de la<\/p>\n","protected":false},"author":1,"featured_media":62116,"comment_status":"open","ping_status":"closed","sticky":false,"template":"","format":"standard","meta":{"footnotes":""},"categories":[224],"tags":[],"class_list":{"0":"post-62115","1":"post","2":"type-post","3":"status-publish","4":"format-standard","5":"has-post-thumbnail","7":"category-noticias-actualidad"},"aioseo_notices":[],"aioseo_head":"\n\t\t<!-- All in One SEO Pro 4.9.6.1 - aioseo.com -->\n\t<meta name=\"description\" content=\"La Asociaci\u00f3n Provincial de Empresarios de Hosteler\u00eda de Valladolid (Apeh) y el Ayuntamiento ofrecer\u00e1n de nuevo, el pr\u00f3ximo 27 de enero, el almuerzo de la jornada de clausura de la cumbre gastron\u00f3mica Madrid Fusi\u00f3n, que se celebrar\u00e1 desde el d\u00eda 25 en la capital de Espa\u00f1a. Seg\u00fan han explicado fuentes de los hosteleros de la\" \/>\n\t<meta name=\"robots\" content=\"max-image-preview:large\" \/>\n\t<meta name=\"author\" content=\"admin\"\/>\n\t<meta name=\"google-site-verification\" content=\"UA-38556648-1\" \/>\n\t<meta name=\"keywords\" content=\"noticias y actualidad\" \/>\n\t<link rel=\"canonical\" href=\"https:\/\/eldigitaldeasturias.com\/magazine365\/los-hosteleros-de-valladolid-y-el-ayuntamiento-ofreceran-de-nuevo-el-almuerzo-de-la-jornada-de-clausura-de-madrid-fusion\/\" \/>\n\t<meta name=\"generator\" content=\"All in One SEO Pro (AIOSEO) 4.9.6.1\" \/>\n\t\t<meta property=\"og:locale\" content=\"es_ES\" \/>\n\t\t<meta property=\"og:site_name\" content=\"El Digital de Asturias \u2013 Revista de ocio, turismo y estilo de vida\" \/>\n\t\t<meta property=\"og:type\" content=\"article\" \/>\n\t\t<meta property=\"og:title\" content=\"Los hosteleros de Valladolid y el Ayuntamiento ofrecer\u00e1n de nuevo el almuerzo de la jornada de clausura de Madrid Fusi\u00f3n | El Digital de Asturias\" \/>\n\t\t<meta property=\"og:description\" content=\"La Asociaci\u00f3n Provincial de Empresarios de Hosteler\u00eda de Valladolid (Apeh) y el Ayuntamiento ofrecer\u00e1n de nuevo, el pr\u00f3ximo 27 de enero, el almuerzo de la jornada de clausura de la cumbre gastron\u00f3mica Madrid Fusi\u00f3n, que se celebrar\u00e1 desde el d\u00eda 25 en la capital de Espa\u00f1a. Seg\u00fan han explicado fuentes de los hosteleros de la\" \/>\n\t\t<meta property=\"og:url\" content=\"https:\/\/eldigitaldeasturias.com\/magazine365\/los-hosteleros-de-valladolid-y-el-ayuntamiento-ofreceran-de-nuevo-el-almuerzo-de-la-jornada-de-clausura-de-madrid-fusion\/\" \/>\n\t\t<meta property=\"og:image\" content=\"https:\/\/eldigitaldeasturias.com\/magazine365\/wp-content\/uploads\/2016\/01\/fotonoticia_20160126102435_800.jpg\" \/>\n\t\t<meta property=\"og:image:secure_url\" content=\"https:\/\/eldigitaldeasturias.com\/magazine365\/wp-content\/uploads\/2016\/01\/fotonoticia_20160126102435_800.jpg\" \/>\n\t\t<meta property=\"og:image:width\" content=\"800\" \/>\n\t\t<meta property=\"og:image:height\" content=\"533\" \/>\n\t\t<meta property=\"article:published_time\" content=\"2016-01-26T13:59:27+00:00\" \/>\n\t\t<meta property=\"article:modified_time\" content=\"2016-01-26T13:59:27+00:00\" \/>\n\t\t<meta name=\"twitter:card\" content=\"summary_large_image\" \/>\n\t\t<meta name=\"twitter:title\" content=\"Los hosteleros de Valladolid y el Ayuntamiento ofrecer\u00e1n de nuevo el almuerzo de la jornada de clausura de Madrid Fusi\u00f3n | El Digital de Asturias\" \/>\n\t\t<meta name=\"twitter:description\" content=\"La Asociaci\u00f3n Provincial de Empresarios de Hosteler\u00eda de Valladolid (Apeh) y el Ayuntamiento ofrecer\u00e1n de nuevo, el pr\u00f3ximo 27 de enero, el almuerzo de la jornada de clausura de la cumbre gastron\u00f3mica Madrid Fusi\u00f3n, que se celebrar\u00e1 desde el d\u00eda 25 en la capital de Espa\u00f1a. Seg\u00fan han explicado fuentes de los hosteleros de la\" \/>\n\t\t<meta name=\"twitter:image\" content=\"https:\/\/eldigitaldeasturias.com\/magazine365\/wp-content\/uploads\/2016\/01\/fotonoticia_20160126102435_800.jpg\" \/>\n\t\t<script type=\"application\/ld+json\" class=\"aioseo-schema\">\n\t\t\t{\"@context\":\"https:\\\/\\\/schema.org\",\"@graph\":[{\"@type\":\"Article\",\"@id\":\"https:\\\/\\\/eldigitaldeasturias.com\\\/magazine365\\\/los-hosteleros-de-valladolid-y-el-ayuntamiento-ofreceran-de-nuevo-el-almuerzo-de-la-jornada-de-clausura-de-madrid-fusion\\\/#article\",\"name\":\"Los hosteleros de Valladolid y el Ayuntamiento ofrecer\\u00e1n de nuevo el almuerzo de la jornada de clausura de Madrid Fusi\\u00f3n | El Digital de Asturias\",\"headline\":\"Los hosteleros de Valladolid y el Ayuntamiento ofrecer\\u00e1n de nuevo el almuerzo de la jornada de clausura de Madrid Fusi\\u00f3n\",\"author\":{\"@id\":\"https:\\\/\\\/eldigitaldeasturias.com\\\/magazine365\\\/author\\\/admin\\\/#author\"},\"publisher\":{\"@id\":\"https:\\\/\\\/eldigitaldeasturias.com\\\/magazine365\\\/#organization\"},\"image\":{\"@type\":\"ImageObject\",\"url\":\"https:\\\/\\\/eldigitaldeasturias.com\\\/magazine365\\\/wp-content\\\/uploads\\\/2016\\\/01\\\/fotonoticia_20160126102435_800.jpg\",\"width\":800,\"height\":533},\"datePublished\":\"2016-01-26T14:59:27+01:00\",\"dateModified\":\"2016-01-26T14:59:27+01:00\",\"inLanguage\":\"es-ES\",\"mainEntityOfPage\":{\"@id\":\"https:\\\/\\\/eldigitaldeasturias.com\\\/magazine365\\\/los-hosteleros-de-valladolid-y-el-ayuntamiento-ofreceran-de-nuevo-el-almuerzo-de-la-jornada-de-clausura-de-madrid-fusion\\\/#webpage\"},\"isPartOf\":{\"@id\":\"https:\\\/\\\/eldigitaldeasturias.com\\\/magazine365\\\/los-hosteleros-de-valladolid-y-el-ayuntamiento-ofreceran-de-nuevo-el-almuerzo-de-la-jornada-de-clausura-de-madrid-fusion\\\/#webpage\"},\"articleSection\":\"Noticias y Actualidad\"},{\"@type\":\"BreadcrumbList\",\"@id\":\"https:\\\/\\\/eldigitaldeasturias.com\\\/magazine365\\\/los-hosteleros-de-valladolid-y-el-ayuntamiento-ofreceran-de-nuevo-el-almuerzo-de-la-jornada-de-clausura-de-madrid-fusion\\\/#breadcrumblist\",\"itemListElement\":[{\"@type\":\"ListItem\",\"@id\":\"https:\\\/\\\/eldigitaldeasturias.com\\\/magazine365#listItem\",\"position\":1,\"name\":\"Home\",\"item\":\"https:\\\/\\\/eldigitaldeasturias.com\\\/magazine365\",\"nextItem\":{\"@type\":\"ListItem\",\"@id\":\"https:\\\/\\\/eldigitaldeasturias.com\\\/magazine365\\\/category\\\/noticias-actualidad\\\/#listItem\",\"name\":\"Noticias y Actualidad\"}},{\"@type\":\"ListItem\",\"@id\":\"https:\\\/\\\/eldigitaldeasturias.com\\\/magazine365\\\/category\\\/noticias-actualidad\\\/#listItem\",\"position\":2,\"name\":\"Noticias y Actualidad\",\"item\":\"https:\\\/\\\/eldigitaldeasturias.com\\\/magazine365\\\/category\\\/noticias-actualidad\\\/\",\"nextItem\":{\"@type\":\"ListItem\",\"@id\":\"https:\\\/\\\/eldigitaldeasturias.com\\\/magazine365\\\/los-hosteleros-de-valladolid-y-el-ayuntamiento-ofreceran-de-nuevo-el-almuerzo-de-la-jornada-de-clausura-de-madrid-fusion\\\/#listItem\",\"name\":\"Los hosteleros de Valladolid y el Ayuntamiento ofrecer\\u00e1n de nuevo el almuerzo de la jornada de clausura de Madrid Fusi\\u00f3n\"},\"previousItem\":{\"@type\":\"ListItem\",\"@id\":\"https:\\\/\\\/eldigitaldeasturias.com\\\/magazine365#listItem\",\"name\":\"Home\"}},{\"@type\":\"ListItem\",\"@id\":\"https:\\\/\\\/eldigitaldeasturias.com\\\/magazine365\\\/los-hosteleros-de-valladolid-y-el-ayuntamiento-ofreceran-de-nuevo-el-almuerzo-de-la-jornada-de-clausura-de-madrid-fusion\\\/#listItem\",\"position\":3,\"name\":\"Los hosteleros de Valladolid y el Ayuntamiento ofrecer\\u00e1n de nuevo el almuerzo de la jornada de clausura de Madrid Fusi\\u00f3n\",\"previousItem\":{\"@type\":\"ListItem\",\"@id\":\"https:\\\/\\\/eldigitaldeasturias.com\\\/magazine365\\\/category\\\/noticias-actualidad\\\/#listItem\",\"name\":\"Noticias y Actualidad\"}}]},{\"@type\":\"Organization\",\"@id\":\"https:\\\/\\\/eldigitaldeasturias.com\\\/magazine365\\\/#organization\",\"name\":\"El digital de Asturias\",\"description\":\"Revista de ocio, turismo y estilo de vida\",\"url\":\"https:\\\/\\\/eldigitaldeasturias.com\\\/magazine365\\\/\",\"logo\":{\"@type\":\"ImageObject\",\"url\":\"https:\\\/\\\/www.eldigitaldeasturias.com\\\/noticias\\\/wp-content\\\/uploads\\\/2020\\\/12\\\/EDA.jpg\",\"@id\":\"https:\\\/\\\/eldigitaldeasturias.com\\\/magazine365\\\/los-hosteleros-de-valladolid-y-el-ayuntamiento-ofreceran-de-nuevo-el-almuerzo-de-la-jornada-de-clausura-de-madrid-fusion\\\/#organizationLogo\"},\"image\":{\"@id\":\"https:\\\/\\\/eldigitaldeasturias.com\\\/magazine365\\\/los-hosteleros-de-valladolid-y-el-ayuntamiento-ofreceran-de-nuevo-el-almuerzo-de-la-jornada-de-clausura-de-madrid-fusion\\\/#organizationLogo\"}},{\"@type\":\"Person\",\"@id\":\"https:\\\/\\\/eldigitaldeasturias.com\\\/magazine365\\\/author\\\/admin\\\/#author\",\"url\":\"https:\\\/\\\/eldigitaldeasturias.com\\\/magazine365\\\/author\\\/admin\\\/\",\"name\":\"admin\",\"image\":{\"@type\":\"ImageObject\",\"@id\":\"https:\\\/\\\/eldigitaldeasturias.com\\\/magazine365\\\/los-hosteleros-de-valladolid-y-el-ayuntamiento-ofreceran-de-nuevo-el-almuerzo-de-la-jornada-de-clausura-de-madrid-fusion\\\/#authorImage\",\"url\":\"https:\\\/\\\/eldigitaldeasturias.com\\\/magazine365\\\/wp-content\\\/litespeed\\\/avatar\\\/e571bcf59a0edd6fa6838245a470f2fe.jpg?ver=1776969259\",\"width\":96,\"height\":96,\"caption\":\"admin\"}},{\"@type\":\"WebPage\",\"@id\":\"https:\\\/\\\/eldigitaldeasturias.com\\\/magazine365\\\/los-hosteleros-de-valladolid-y-el-ayuntamiento-ofreceran-de-nuevo-el-almuerzo-de-la-jornada-de-clausura-de-madrid-fusion\\\/#webpage\",\"url\":\"https:\\\/\\\/eldigitaldeasturias.com\\\/magazine365\\\/los-hosteleros-de-valladolid-y-el-ayuntamiento-ofreceran-de-nuevo-el-almuerzo-de-la-jornada-de-clausura-de-madrid-fusion\\\/\",\"name\":\"Los hosteleros de Valladolid y el Ayuntamiento ofrecer\\u00e1n de nuevo el almuerzo de la jornada de clausura de Madrid Fusi\\u00f3n | El Digital de Asturias\",\"description\":\"La Asociaci\\u00f3n Provincial de Empresarios de Hosteler\\u00eda de Valladolid (Apeh) y el Ayuntamiento ofrecer\\u00e1n de nuevo, el pr\\u00f3ximo 27 de enero, el almuerzo de la jornada de clausura de la cumbre gastron\\u00f3mica Madrid Fusi\\u00f3n, que se celebrar\\u00e1 desde el d\\u00eda 25 en la capital de Espa\\u00f1a. Seg\\u00fan han explicado fuentes de los hosteleros de la\",\"inLanguage\":\"es-ES\",\"isPartOf\":{\"@id\":\"https:\\\/\\\/eldigitaldeasturias.com\\\/magazine365\\\/#website\"},\"breadcrumb\":{\"@id\":\"https:\\\/\\\/eldigitaldeasturias.com\\\/magazine365\\\/los-hosteleros-de-valladolid-y-el-ayuntamiento-ofreceran-de-nuevo-el-almuerzo-de-la-jornada-de-clausura-de-madrid-fusion\\\/#breadcrumblist\"},\"author\":{\"@id\":\"https:\\\/\\\/eldigitaldeasturias.com\\\/magazine365\\\/author\\\/admin\\\/#author\"},\"creator\":{\"@id\":\"https:\\\/\\\/eldigitaldeasturias.com\\\/magazine365\\\/author\\\/admin\\\/#author\"},\"image\":{\"@type\":\"ImageObject\",\"url\":\"https:\\\/\\\/eldigitaldeasturias.com\\\/magazine365\\\/wp-content\\\/uploads\\\/2016\\\/01\\\/fotonoticia_20160126102435_800.jpg\",\"@id\":\"https:\\\/\\\/eldigitaldeasturias.com\\\/magazine365\\\/los-hosteleros-de-valladolid-y-el-ayuntamiento-ofreceran-de-nuevo-el-almuerzo-de-la-jornada-de-clausura-de-madrid-fusion\\\/#mainImage\",\"width\":800,\"height\":533},\"primaryImageOfPage\":{\"@id\":\"https:\\\/\\\/eldigitaldeasturias.com\\\/magazine365\\\/los-hosteleros-de-valladolid-y-el-ayuntamiento-ofreceran-de-nuevo-el-almuerzo-de-la-jornada-de-clausura-de-madrid-fusion\\\/#mainImage\"},\"datePublished\":\"2016-01-26T14:59:27+01:00\",\"dateModified\":\"2016-01-26T14:59:27+01:00\"},{\"@type\":\"WebSite\",\"@id\":\"https:\\\/\\\/eldigitaldeasturias.com\\\/magazine365\\\/#website\",\"url\":\"https:\\\/\\\/eldigitaldeasturias.com\\\/magazine365\\\/\",\"name\":\"El Digital de Asturias\",\"description\":\"Revista de ocio, turismo y estilo de vida\",\"inLanguage\":\"es-ES\",\"publisher\":{\"@id\":\"https:\\\/\\\/eldigitaldeasturias.com\\\/magazine365\\\/#organization\"}}]}\n\t\t<\/script>\n\t\t<!-- All in One SEO Pro -->\r\n\t\t<title>Los hosteleros de Valladolid y el Ayuntamiento ofrecer\u00e1n de nuevo el almuerzo de la jornada de clausura de Madrid Fusi\u00f3n | El Digital de Asturias<\/title>\n\n","aioseo_head_json":{"title":"Los hosteleros de Valladolid y el Ayuntamiento ofrecer\u00e1n de nuevo el almuerzo de la jornada de clausura de Madrid Fusi\u00f3n | El Digital de Asturias","description":"La Asociaci\u00f3n Provincial de Empresarios de Hosteler\u00eda de Valladolid (Apeh) y el Ayuntamiento ofrecer\u00e1n de nuevo, el pr\u00f3ximo 27 de enero, el almuerzo de la jornada de clausura de la cumbre gastron\u00f3mica Madrid Fusi\u00f3n, que se celebrar\u00e1 desde el d\u00eda 25 en la capital de Espa\u00f1a. Seg\u00fan han explicado fuentes de los hosteleros de la","canonical_url":"https:\/\/eldigitaldeasturias.com\/magazine365\/los-hosteleros-de-valladolid-y-el-ayuntamiento-ofreceran-de-nuevo-el-almuerzo-de-la-jornada-de-clausura-de-madrid-fusion\/","robots":"max-image-preview:large","keywords":"noticias y actualidad","webmasterTools":{"google-site-verification":"UA-38556648-1","miscellaneous":""},"schema":{"@context":"https:\/\/schema.org","@graph":[{"@type":"Article","@id":"https:\/\/eldigitaldeasturias.com\/magazine365\/los-hosteleros-de-valladolid-y-el-ayuntamiento-ofreceran-de-nuevo-el-almuerzo-de-la-jornada-de-clausura-de-madrid-fusion\/#article","name":"Los hosteleros de Valladolid y el Ayuntamiento ofrecer\u00e1n de nuevo el almuerzo de la jornada de clausura de Madrid Fusi\u00f3n | El Digital de Asturias","headline":"Los hosteleros de Valladolid y el Ayuntamiento ofrecer\u00e1n de nuevo el almuerzo de la jornada de clausura de Madrid Fusi\u00f3n","author":{"@id":"https:\/\/eldigitaldeasturias.com\/magazine365\/author\/admin\/#author"},"publisher":{"@id":"https:\/\/eldigitaldeasturias.com\/magazine365\/#organization"},"image":{"@type":"ImageObject","url":"https:\/\/eldigitaldeasturias.com\/magazine365\/wp-content\/uploads\/2016\/01\/fotonoticia_20160126102435_800.jpg","width":800,"height":533},"datePublished":"2016-01-26T14:59:27+01:00","dateModified":"2016-01-26T14:59:27+01:00","inLanguage":"es-ES","mainEntityOfPage":{"@id":"https:\/\/eldigitaldeasturias.com\/magazine365\/los-hosteleros-de-valladolid-y-el-ayuntamiento-ofreceran-de-nuevo-el-almuerzo-de-la-jornada-de-clausura-de-madrid-fusion\/#webpage"},"isPartOf":{"@id":"https:\/\/eldigitaldeasturias.com\/magazine365\/los-hosteleros-de-valladolid-y-el-ayuntamiento-ofreceran-de-nuevo-el-almuerzo-de-la-jornada-de-clausura-de-madrid-fusion\/#webpage"},"articleSection":"Noticias y Actualidad"},{"@type":"BreadcrumbList","@id":"https:\/\/eldigitaldeasturias.com\/magazine365\/los-hosteleros-de-valladolid-y-el-ayuntamiento-ofreceran-de-nuevo-el-almuerzo-de-la-jornada-de-clausura-de-madrid-fusion\/#breadcrumblist","itemListElement":[{"@type":"ListItem","@id":"https:\/\/eldigitaldeasturias.com\/magazine365#listItem","position":1,"name":"Home","item":"https:\/\/eldigitaldeasturias.com\/magazine365","nextItem":{"@type":"ListItem","@id":"https:\/\/eldigitaldeasturias.com\/magazine365\/category\/noticias-actualidad\/#listItem","name":"Noticias y Actualidad"}},{"@type":"ListItem","@id":"https:\/\/eldigitaldeasturias.com\/magazine365\/category\/noticias-actualidad\/#listItem","position":2,"name":"Noticias y Actualidad","item":"https:\/\/eldigitaldeasturias.com\/magazine365\/category\/noticias-actualidad\/","nextItem":{"@type":"ListItem","@id":"https:\/\/eldigitaldeasturias.com\/magazine365\/los-hosteleros-de-valladolid-y-el-ayuntamiento-ofreceran-de-nuevo-el-almuerzo-de-la-jornada-de-clausura-de-madrid-fusion\/#listItem","name":"Los hosteleros de Valladolid y el Ayuntamiento ofrecer\u00e1n de nuevo el almuerzo de la jornada de clausura de Madrid Fusi\u00f3n"},"previousItem":{"@type":"ListItem","@id":"https:\/\/eldigitaldeasturias.com\/magazine365#listItem","name":"Home"}},{"@type":"ListItem","@id":"https:\/\/eldigitaldeasturias.com\/magazine365\/los-hosteleros-de-valladolid-y-el-ayuntamiento-ofreceran-de-nuevo-el-almuerzo-de-la-jornada-de-clausura-de-madrid-fusion\/#listItem","position":3,"name":"Los hosteleros de Valladolid y el Ayuntamiento ofrecer\u00e1n de nuevo el almuerzo de la jornada de clausura de Madrid Fusi\u00f3n","previousItem":{"@type":"ListItem","@id":"https:\/\/eldigitaldeasturias.com\/magazine365\/category\/noticias-actualidad\/#listItem","name":"Noticias y Actualidad"}}]},{"@type":"Organization","@id":"https:\/\/eldigitaldeasturias.com\/magazine365\/#organization","name":"El digital de Asturias","description":"Revista de ocio, turismo y estilo de vida","url":"https:\/\/eldigitaldeasturias.com\/magazine365\/","logo":{"@type":"ImageObject","url":"https:\/\/www.eldigitaldeasturias.com\/noticias\/wp-content\/uploads\/2020\/12\/EDA.jpg","@id":"https:\/\/eldigitaldeasturias.com\/magazine365\/los-hosteleros-de-valladolid-y-el-ayuntamiento-ofreceran-de-nuevo-el-almuerzo-de-la-jornada-de-clausura-de-madrid-fusion\/#organizationLogo"},"image":{"@id":"https:\/\/eldigitaldeasturias.com\/magazine365\/los-hosteleros-de-valladolid-y-el-ayuntamiento-ofreceran-de-nuevo-el-almuerzo-de-la-jornada-de-clausura-de-madrid-fusion\/#organizationLogo"}},{"@type":"Person","@id":"https:\/\/eldigitaldeasturias.com\/magazine365\/author\/admin\/#author","url":"https:\/\/eldigitaldeasturias.com\/magazine365\/author\/admin\/","name":"admin","image":{"@type":"ImageObject","@id":"https:\/\/eldigitaldeasturias.com\/magazine365\/los-hosteleros-de-valladolid-y-el-ayuntamiento-ofreceran-de-nuevo-el-almuerzo-de-la-jornada-de-clausura-de-madrid-fusion\/#authorImage","url":"https:\/\/eldigitaldeasturias.com\/magazine365\/wp-content\/litespeed\/avatar\/e571bcf59a0edd6fa6838245a470f2fe.jpg?ver=1776969259","width":96,"height":96,"caption":"admin"}},{"@type":"WebPage","@id":"https:\/\/eldigitaldeasturias.com\/magazine365\/los-hosteleros-de-valladolid-y-el-ayuntamiento-ofreceran-de-nuevo-el-almuerzo-de-la-jornada-de-clausura-de-madrid-fusion\/#webpage","url":"https:\/\/eldigitaldeasturias.com\/magazine365\/los-hosteleros-de-valladolid-y-el-ayuntamiento-ofreceran-de-nuevo-el-almuerzo-de-la-jornada-de-clausura-de-madrid-fusion\/","name":"Los hosteleros de Valladolid y el Ayuntamiento ofrecer\u00e1n de nuevo el almuerzo de la jornada de clausura de Madrid Fusi\u00f3n | El Digital de Asturias","description":"La Asociaci\u00f3n Provincial de Empresarios de Hosteler\u00eda de Valladolid (Apeh) y el Ayuntamiento ofrecer\u00e1n de nuevo, el pr\u00f3ximo 27 de enero, el almuerzo de la jornada de clausura de la cumbre gastron\u00f3mica Madrid Fusi\u00f3n, que se celebrar\u00e1 desde el d\u00eda 25 en la capital de Espa\u00f1a. Seg\u00fan han explicado fuentes de los hosteleros de la","inLanguage":"es-ES","isPartOf":{"@id":"https:\/\/eldigitaldeasturias.com\/magazine365\/#website"},"breadcrumb":{"@id":"https:\/\/eldigitaldeasturias.com\/magazine365\/los-hosteleros-de-valladolid-y-el-ayuntamiento-ofreceran-de-nuevo-el-almuerzo-de-la-jornada-de-clausura-de-madrid-fusion\/#breadcrumblist"},"author":{"@id":"https:\/\/eldigitaldeasturias.com\/magazine365\/author\/admin\/#author"},"creator":{"@id":"https:\/\/eldigitaldeasturias.com\/magazine365\/author\/admin\/#author"},"image":{"@type":"ImageObject","url":"https:\/\/eldigitaldeasturias.com\/magazine365\/wp-content\/uploads\/2016\/01\/fotonoticia_20160126102435_800.jpg","@id":"https:\/\/eldigitaldeasturias.com\/magazine365\/los-hosteleros-de-valladolid-y-el-ayuntamiento-ofreceran-de-nuevo-el-almuerzo-de-la-jornada-de-clausura-de-madrid-fusion\/#mainImage","width":800,"height":533},"primaryImageOfPage":{"@id":"https:\/\/eldigitaldeasturias.com\/magazine365\/los-hosteleros-de-valladolid-y-el-ayuntamiento-ofreceran-de-nuevo-el-almuerzo-de-la-jornada-de-clausura-de-madrid-fusion\/#mainImage"},"datePublished":"2016-01-26T14:59:27+01:00","dateModified":"2016-01-26T14:59:27+01:00"},{"@type":"WebSite","@id":"https:\/\/eldigitaldeasturias.com\/magazine365\/#website","url":"https:\/\/eldigitaldeasturias.com\/magazine365\/","name":"El Digital de Asturias","description":"Revista de ocio, turismo y estilo de vida","inLanguage":"es-ES","publisher":{"@id":"https:\/\/eldigitaldeasturias.com\/magazine365\/#organization"}}]},"og:locale":"es_ES","og:site_name":"El Digital de Asturias \u2013 Revista de ocio, turismo y estilo de vida","og:type":"article","og:title":"Los hosteleros de Valladolid y el Ayuntamiento ofrecer\u00e1n de nuevo el almuerzo de la jornada de clausura de Madrid Fusi\u00f3n | El Digital de Asturias","og:description":"La Asociaci\u00f3n Provincial de Empresarios de Hosteler\u00eda de Valladolid (Apeh) y el Ayuntamiento ofrecer\u00e1n de nuevo, el pr\u00f3ximo 27 de enero, el almuerzo de la jornada de clausura de la cumbre gastron\u00f3mica Madrid Fusi\u00f3n, que se celebrar\u00e1 desde el d\u00eda 25 en la capital de Espa\u00f1a. Seg\u00fan han explicado fuentes de los hosteleros de la","og:url":"https:\/\/eldigitaldeasturias.com\/magazine365\/los-hosteleros-de-valladolid-y-el-ayuntamiento-ofreceran-de-nuevo-el-almuerzo-de-la-jornada-de-clausura-de-madrid-fusion\/","og:image":"https:\/\/eldigitaldeasturias.com\/magazine365\/wp-content\/uploads\/2016\/01\/fotonoticia_20160126102435_800.jpg","og:image:secure_url":"https:\/\/eldigitaldeasturias.com\/magazine365\/wp-content\/uploads\/2016\/01\/fotonoticia_20160126102435_800.jpg","og:image:width":800,"og:image:height":533,"article:published_time":"2016-01-26T13:59:27+00:00","article:modified_time":"2016-01-26T13:59:27+00:00","twitter:card":"summary_large_image","twitter:title":"Los hosteleros de Valladolid y el Ayuntamiento ofrecer\u00e1n de nuevo el almuerzo de la jornada de clausura de Madrid Fusi\u00f3n | El Digital de Asturias","twitter:description":"La Asociaci\u00f3n Provincial de Empresarios de Hosteler\u00eda de Valladolid (Apeh) y el Ayuntamiento ofrecer\u00e1n de nuevo, el pr\u00f3ximo 27 de enero, el almuerzo de la jornada de clausura de la cumbre gastron\u00f3mica Madrid Fusi\u00f3n, que se celebrar\u00e1 desde el d\u00eda 25 en la capital de Espa\u00f1a. Seg\u00fan han explicado fuentes de los hosteleros de la","twitter:image":"https:\/\/eldigitaldeasturias.com\/magazine365\/wp-content\/uploads\/2016\/01\/fotonoticia_20160126102435_800.jpg"},"aioseo_meta_data":{"post_id":"62115","title":null,"description":null,"keywords":null,"keyphrases":null,"primary_term":null,"canonical_url":null,"og_title":null,"og_description":null,"og_object_type":"default","og_image_type":"default","og_image_url":null,"og_image_width":null,"og_image_height":null,"og_image_custom_url":null,"og_image_custom_fields":null,"og_video":null,"og_custom_url":null,"og_article_section":null,"og_article_tags":null,"twitter_use_og":false,"twitter_card":"default","twitter_image_type":"default","twitter_image_url":null,"twitter_image_custom_url":null,"twitter_image_custom_fields":null,"twitter_title":null,"twitter_description":null,"schema":{"blockGraphs":[],"customGraphs":[],"default":{"data":{"Article":[],"Course":[],"Dataset":[],"FAQPage":[],"Movie":[],"Person":[],"Product":[],"ProductReview":[],"Car":[],"Recipe":[],"Service":[],"SoftwareApplication":[],"WebPage":[]},"graphName":"","isEnabled":true},"graphs":[],"defaultGraph":"","defaultPostTypeGraph":""},"schema_type":null,"schema_type_options":null,"pillar_content":false,"robots_default":true,"robots_noindex":false,"robots_noarchive":false,"robots_nosnippet":false,"robots_nofollow":false,"robots_noimageindex":false,"robots_noodp":false,"robots_notranslate":false,"robots_max_snippet":null,"robots_max_videopreview":null,"robots_max_imagepreview":"large","priority":null,"frequency":null,"location":null,"local_seo":null,"seo_analyzer_scan_date":"2025-09-25 10:27:29","breadcrumb_settings":null,"limit_modified_date":false,"open_ai":null,"ai":null,"created":"2021-03-08 21:40:49","updated":"2025-09-25 10:27:29"},"aioseo_breadcrumb":"<div class=\"aioseo-breadcrumbs\"><span class=\"aioseo-breadcrumb\">\n\t<a href=\"https:\/\/eldigitaldeasturias.com\/magazine365\" title=\"Home\">Home<\/a>\n<\/span><span class=\"aioseo-breadcrumb-separator\">\u2013<\/span><span class=\"aioseo-breadcrumb\">\n\t<a href=\"https:\/\/eldigitaldeasturias.com\/magazine365\/category\/noticias-actualidad\/\" title=\"Noticias y Actualidad\">Noticias y Actualidad<\/a>\n<\/span><span class=\"aioseo-breadcrumb-separator\">\u2013<\/span><span class=\"aioseo-breadcrumb\">\n\t<a href=\"https:\/\/eldigitaldeasturias.com\/magazine365\/los-hosteleros-de-valladolid-y-el-ayuntamiento-ofreceran-de-nuevo-el-almuerzo-de-la-jornada-de-clausura-de-madrid-fusion\/\" title=\"Los hosteleros de Valladolid y el Ayuntamiento ofrecer\u00e1n de nuevo el almuerzo de la jornada de clausura de Madrid Fusi\u00f3n\">Los hosteleros de Valladolid y el Ayuntamiento ofrecer\u00e1n de nuevo el almuerzo de la jornada de clausura de Madrid Fusi\u00f3n<\/a>\n<\/span><\/div>","aioseo_breadcrumb_json":[{"label":"Home","link":"https:\/\/eldigitaldeasturias.com\/magazine365"},{"label":"Noticias y Actualidad","link":"https:\/\/eldigitaldeasturias.com\/magazine365\/category\/noticias-actualidad\/"},{"label":"Los hosteleros de Valladolid y el Ayuntamiento ofrecer\u00e1n de nuevo el almuerzo de la jornada de clausura de Madrid Fusi\u00f3n","link":"https:\/\/eldigitaldeasturias.com\/magazine365\/los-hosteleros-de-valladolid-y-el-ayuntamiento-ofreceran-de-nuevo-el-almuerzo-de-la-jornada-de-clausura-de-madrid-fusion\/"}],"_links":{"self":[{"href":"https:\/\/eldigitaldeasturias.com\/magazine365\/wp-json\/wp\/v2\/posts\/62115","targetHints":{"allow":["GET"]}}],"collection":[{"href":"https:\/\/eldigitaldeasturias.com\/magazine365\/wp-json\/wp\/v2\/posts"}],"about":[{"href":"https:\/\/eldigitaldeasturias.com\/magazine365\/wp-json\/wp\/v2\/types\/post"}],"author":[{"embeddable":true,"href":"https:\/\/eldigitaldeasturias.com\/magazine365\/wp-json\/wp\/v2\/users\/1"}],"replies":[{"embeddable":true,"href":"https:\/\/eldigitaldeasturias.com\/magazine365\/wp-json\/wp\/v2\/comments?post=62115"}],"version-history":[{"count":0,"href":"https:\/\/eldigitaldeasturias.com\/magazine365\/wp-json\/wp\/v2\/posts\/62115\/revisions"}],"wp:featuredmedia":[{"embeddable":true,"href":"https:\/\/eldigitaldeasturias.com\/magazine365\/wp-json\/wp\/v2\/media\/62116"}],"wp:attachment":[{"href":"https:\/\/eldigitaldeasturias.com\/magazine365\/wp-json\/wp\/v2\/media?parent=62115"}],"wp:term":[{"taxonomy":"category","embeddable":true,"href":"https:\/\/eldigitaldeasturias.com\/magazine365\/wp-json\/wp\/v2\/categories?post=62115"},{"taxonomy":"post_tag","embeddable":true,"href":"https:\/\/eldigitaldeasturias.com\/magazine365\/wp-json\/wp\/v2\/tags?post=62115"}],"curies":[{"name":"wp","href":"https:\/\/api.w.org\/{rel}","templated":true}]}}