{"id":62101,"date":"2016-01-26T00:13:11","date_gmt":"2016-01-25T23:13:11","guid":{"rendered":"http:\/\/eldigitaldeasturias.com\/magazine365\/?p=62101"},"modified":"2016-01-26T00:13:11","modified_gmt":"2016-01-25T23:13:11","slug":"el-aeropuerto-de-sevilla-inaugura-una-tienda-de-moda-multimarca-en-la-zona-de-embarque","status":"publish","type":"post","link":"https:\/\/eldigitaldeasturias.com\/magazine365\/el-aeropuerto-de-sevilla-inaugura-una-tienda-de-moda-multimarca-en-la-zona-de-embarque\/","title":{"rendered":"El aeropuerto de Sevilla inaugura una tienda de moda multimarca en la zona de embarque"},"content":{"rendered":"<p><img fetchpriority=\"high\" decoding=\"async\" class=\"alignleft size-medium wp-image-62102\" src=\"https:\/\/eldigitaldeasturias.com\/magazine365\/wp-content\/uploads\/2016\/01\/fotonoticia_20160125182412_800-200x300.jpg\" alt=\"fotonoticia_20160125182412_800\" width=\"200\" height=\"300\" srcset=\"https:\/\/eldigitaldeasturias.com\/magazine365\/wp-content\/uploads\/2016\/01\/fotonoticia_20160125182412_800-200x300.jpg 200w, https:\/\/eldigitaldeasturias.com\/magazine365\/wp-content\/uploads\/2016\/01\/fotonoticia_20160125182412_800-427x640.jpg 427w, https:\/\/eldigitaldeasturias.com\/magazine365\/wp-content\/uploads\/2016\/01\/fotonoticia_20160125182412_800-768x1152.jpg 768w, https:\/\/eldigitaldeasturias.com\/magazine365\/wp-content\/uploads\/2016\/01\/fotonoticia_20160125182412_800-150x225.jpg 150w, https:\/\/eldigitaldeasturias.com\/magazine365\/wp-content\/uploads\/2016\/01\/fotonoticia_20160125182412_800-450x675.jpg 450w, https:\/\/eldigitaldeasturias.com\/magazine365\/wp-content\/uploads\/2016\/01\/fotonoticia_20160125182412_800-696x1044.jpg 696w, https:\/\/eldigitaldeasturias.com\/magazine365\/wp-content\/uploads\/2016\/01\/fotonoticia_20160125182412_800-280x420.jpg 280w, https:\/\/eldigitaldeasturias.com\/magazine365\/wp-content\/uploads\/2016\/01\/fotonoticia_20160125182412_800.jpg 800w\" sizes=\"(max-width: 200px) 100vw, 200px\" \/>El Aeropuerto de Sevilla acaba de incorporar un nuevo punto de venta a su oferta comercial, en concreto, una tienda de moda multimarca, cuya apertura da continuidad al proceso de revisi\u00f3n que se est\u00e1 acometiendo en el \u00e1rea comercial del edificio terminal.<\/p>\n<p>El establecimiento, que ser\u00e1 gestionado por Lagard\u00e8re, ocupa cerca de 260 metros cuadrados en el pasillo de embarque y aglutina la oferta de firmas tan conocidas como Desigual, Pandora, Lacoste, Bimba y Lola, Armani Jeans o Spagnolo.<\/p>\n<p>El nuevo local comercial, el segundo m\u00e1s grande del terminal tras la tienda libre de impuestos, pondr\u00e1 a disposici\u00f3n de los pasajeros un amplio cat\u00e1logo de art\u00edculos de moda masculina, femenina e infantil, lencer\u00eda, ba\u00f1o, bisuter\u00eda y joyer\u00eda, adem\u00e1s de gafas y complementos.<\/p>\n<p>En los \u00faltimos meses el aeropuerto de Sevilla ha licitado y adjudicado la explotaci\u00f3n de siete locales comerciales, en el marco de un proyecto con el que aumentar\u00e1 en m\u00e1s de un 50% el espacio dedicado a tiendas, y que tambi\u00e9n contempla la renovaci\u00f3n de los puntos de restauraci\u00f3n.<\/p>\n<p>A la apertura del nuevo establecimiento de moda multimarca habr\u00eda que sumar la ampliaci\u00f3n de la tienda libre de impuestos en abril de 2015, la inauguraci\u00f3n de un local de la cadena Natura en julio o la remodelaci\u00f3n del punto de restauraci\u00f3n de Llegadas (aiCaf\u00e9), el pasado octubre.<\/p>\n<p>El objetivo de este proyecto de revisi\u00f3n de la oferta comercial es contribuir a que la experiencia del pasajero a su paso por el aeropuerto sea la mejor posible, ya no s\u00f3lo desde el punto de vista de la calidad de los servicios, sino tambi\u00e9n de sus opciones para amenizar los tiempos de espera.<\/p>\n","protected":false},"excerpt":{"rendered":"<p>El Aeropuerto de Sevilla acaba de incorporar un nuevo punto de venta a su oferta comercial, en concreto, una tienda de moda multimarca, cuya apertura da continuidad al proceso de revisi\u00f3n que se est\u00e1 acometiendo en el \u00e1rea comercial del edificio terminal. El establecimiento, que ser\u00e1 gestionado por Lagard\u00e8re, ocupa cerca de 260 metros cuadrados<\/p>\n","protected":false},"author":1,"featured_media":62102,"comment_status":"open","ping_status":"closed","sticky":false,"template":"","format":"standard","meta":{"footnotes":""},"categories":[224],"tags":[],"class_list":{"0":"post-62101","1":"post","2":"type-post","3":"status-publish","4":"format-standard","5":"has-post-thumbnail","7":"category-noticias-actualidad"},"aioseo_notices":[],"aioseo_head":"\n\t\t<!-- All in One SEO Pro 4.9.6.1 - aioseo.com -->\n\t<meta name=\"description\" content=\"El Aeropuerto de Sevilla acaba de incorporar un nuevo punto de venta a su oferta comercial, en concreto, una tienda de moda multimarca, cuya apertura da continuidad al proceso de revisi\u00f3n que se est\u00e1 acometiendo en el \u00e1rea comercial del edificio terminal. El establecimiento, que ser\u00e1 gestionado por Lagard\u00e8re, ocupa cerca de 260 metros cuadrados\" \/>\n\t<meta name=\"robots\" content=\"max-image-preview:large\" \/>\n\t<meta name=\"author\" content=\"admin\"\/>\n\t<meta name=\"google-site-verification\" content=\"UA-38556648-1\" \/>\n\t<meta name=\"keywords\" content=\"noticias y actualidad\" \/>\n\t<link rel=\"canonical\" href=\"https:\/\/eldigitaldeasturias.com\/magazine365\/el-aeropuerto-de-sevilla-inaugura-una-tienda-de-moda-multimarca-en-la-zona-de-embarque\/\" \/>\n\t<meta name=\"generator\" content=\"All in One SEO Pro (AIOSEO) 4.9.6.1\" \/>\n\t\t<meta property=\"og:locale\" content=\"es_ES\" \/>\n\t\t<meta property=\"og:site_name\" content=\"El Digital de Asturias \u2013 Revista de ocio, turismo y estilo de vida\" \/>\n\t\t<meta property=\"og:type\" content=\"article\" \/>\n\t\t<meta property=\"og:title\" content=\"El aeropuerto de Sevilla inaugura una tienda de moda multimarca en la zona de embarque | El Digital de Asturias\" \/>\n\t\t<meta property=\"og:description\" content=\"El Aeropuerto de Sevilla acaba de incorporar un nuevo punto de venta a su oferta comercial, en concreto, una tienda de moda multimarca, cuya apertura da continuidad al proceso de revisi\u00f3n que se est\u00e1 acometiendo en el \u00e1rea comercial del edificio terminal. El establecimiento, que ser\u00e1 gestionado por Lagard\u00e8re, ocupa cerca de 260 metros cuadrados\" \/>\n\t\t<meta property=\"og:url\" content=\"https:\/\/eldigitaldeasturias.com\/magazine365\/el-aeropuerto-de-sevilla-inaugura-una-tienda-de-moda-multimarca-en-la-zona-de-embarque\/\" \/>\n\t\t<meta property=\"og:image\" content=\"https:\/\/eldigitaldeasturias.com\/magazine365\/wp-content\/uploads\/2016\/01\/fotonoticia_20160125182412_800.jpg\" \/>\n\t\t<meta property=\"og:image:secure_url\" content=\"https:\/\/eldigitaldeasturias.com\/magazine365\/wp-content\/uploads\/2016\/01\/fotonoticia_20160125182412_800.jpg\" \/>\n\t\t<meta property=\"og:image:width\" content=\"800\" \/>\n\t\t<meta property=\"og:image:height\" content=\"1200\" \/>\n\t\t<meta property=\"article:published_time\" content=\"2016-01-25T23:13:11+00:00\" \/>\n\t\t<meta property=\"article:modified_time\" content=\"2016-01-25T23:13:11+00:00\" \/>\n\t\t<meta name=\"twitter:card\" content=\"summary_large_image\" \/>\n\t\t<meta name=\"twitter:title\" content=\"El aeropuerto de Sevilla inaugura una tienda de moda multimarca en la zona de embarque | El Digital de Asturias\" \/>\n\t\t<meta name=\"twitter:description\" content=\"El Aeropuerto de Sevilla acaba de incorporar un nuevo punto de venta a su oferta comercial, en concreto, una tienda de moda multimarca, cuya apertura da continuidad al proceso de revisi\u00f3n que se est\u00e1 acometiendo en el \u00e1rea comercial del edificio terminal. El establecimiento, que ser\u00e1 gestionado por Lagard\u00e8re, ocupa cerca de 260 metros cuadrados\" \/>\n\t\t<meta name=\"twitter:image\" content=\"https:\/\/eldigitaldeasturias.com\/magazine365\/wp-content\/uploads\/2016\/01\/fotonoticia_20160125182412_800.jpg\" \/>\n\t\t<script type=\"application\/ld+json\" class=\"aioseo-schema\">\n\t\t\t{\"@context\":\"https:\\\/\\\/schema.org\",\"@graph\":[{\"@type\":\"Article\",\"@id\":\"https:\\\/\\\/eldigitaldeasturias.com\\\/magazine365\\\/el-aeropuerto-de-sevilla-inaugura-una-tienda-de-moda-multimarca-en-la-zona-de-embarque\\\/#article\",\"name\":\"El aeropuerto de Sevilla inaugura una tienda de moda multimarca en la zona de embarque | El Digital de Asturias\",\"headline\":\"El aeropuerto de Sevilla inaugura una tienda de moda multimarca en la zona de embarque\",\"author\":{\"@id\":\"https:\\\/\\\/eldigitaldeasturias.com\\\/magazine365\\\/author\\\/admin\\\/#author\"},\"publisher\":{\"@id\":\"https:\\\/\\\/eldigitaldeasturias.com\\\/magazine365\\\/#organization\"},\"image\":{\"@type\":\"ImageObject\",\"url\":\"https:\\\/\\\/eldigitaldeasturias.com\\\/magazine365\\\/wp-content\\\/uploads\\\/2016\\\/01\\\/fotonoticia_20160125182412_800.jpg\",\"width\":800,\"height\":1200},\"datePublished\":\"2016-01-26T00:13:11+01:00\",\"dateModified\":\"2016-01-26T00:13:11+01:00\",\"inLanguage\":\"es-ES\",\"mainEntityOfPage\":{\"@id\":\"https:\\\/\\\/eldigitaldeasturias.com\\\/magazine365\\\/el-aeropuerto-de-sevilla-inaugura-una-tienda-de-moda-multimarca-en-la-zona-de-embarque\\\/#webpage\"},\"isPartOf\":{\"@id\":\"https:\\\/\\\/eldigitaldeasturias.com\\\/magazine365\\\/el-aeropuerto-de-sevilla-inaugura-una-tienda-de-moda-multimarca-en-la-zona-de-embarque\\\/#webpage\"},\"articleSection\":\"Noticias y Actualidad\"},{\"@type\":\"BreadcrumbList\",\"@id\":\"https:\\\/\\\/eldigitaldeasturias.com\\\/magazine365\\\/el-aeropuerto-de-sevilla-inaugura-una-tienda-de-moda-multimarca-en-la-zona-de-embarque\\\/#breadcrumblist\",\"itemListElement\":[{\"@type\":\"ListItem\",\"@id\":\"https:\\\/\\\/eldigitaldeasturias.com\\\/magazine365#listItem\",\"position\":1,\"name\":\"Home\",\"item\":\"https:\\\/\\\/eldigitaldeasturias.com\\\/magazine365\",\"nextItem\":{\"@type\":\"ListItem\",\"@id\":\"https:\\\/\\\/eldigitaldeasturias.com\\\/magazine365\\\/category\\\/noticias-actualidad\\\/#listItem\",\"name\":\"Noticias y Actualidad\"}},{\"@type\":\"ListItem\",\"@id\":\"https:\\\/\\\/eldigitaldeasturias.com\\\/magazine365\\\/category\\\/noticias-actualidad\\\/#listItem\",\"position\":2,\"name\":\"Noticias y Actualidad\",\"item\":\"https:\\\/\\\/eldigitaldeasturias.com\\\/magazine365\\\/category\\\/noticias-actualidad\\\/\",\"nextItem\":{\"@type\":\"ListItem\",\"@id\":\"https:\\\/\\\/eldigitaldeasturias.com\\\/magazine365\\\/el-aeropuerto-de-sevilla-inaugura-una-tienda-de-moda-multimarca-en-la-zona-de-embarque\\\/#listItem\",\"name\":\"El aeropuerto de Sevilla inaugura una tienda de moda multimarca en la zona de embarque\"},\"previousItem\":{\"@type\":\"ListItem\",\"@id\":\"https:\\\/\\\/eldigitaldeasturias.com\\\/magazine365#listItem\",\"name\":\"Home\"}},{\"@type\":\"ListItem\",\"@id\":\"https:\\\/\\\/eldigitaldeasturias.com\\\/magazine365\\\/el-aeropuerto-de-sevilla-inaugura-una-tienda-de-moda-multimarca-en-la-zona-de-embarque\\\/#listItem\",\"position\":3,\"name\":\"El aeropuerto de Sevilla inaugura una tienda de moda multimarca en la zona de embarque\",\"previousItem\":{\"@type\":\"ListItem\",\"@id\":\"https:\\\/\\\/eldigitaldeasturias.com\\\/magazine365\\\/category\\\/noticias-actualidad\\\/#listItem\",\"name\":\"Noticias y Actualidad\"}}]},{\"@type\":\"Organization\",\"@id\":\"https:\\\/\\\/eldigitaldeasturias.com\\\/magazine365\\\/#organization\",\"name\":\"El digital de Asturias\",\"description\":\"Revista de ocio, turismo y estilo de vida\",\"url\":\"https:\\\/\\\/eldigitaldeasturias.com\\\/magazine365\\\/\",\"logo\":{\"@type\":\"ImageObject\",\"url\":\"https:\\\/\\\/www.eldigitaldeasturias.com\\\/noticias\\\/wp-content\\\/uploads\\\/2020\\\/12\\\/EDA.jpg\",\"@id\":\"https:\\\/\\\/eldigitaldeasturias.com\\\/magazine365\\\/el-aeropuerto-de-sevilla-inaugura-una-tienda-de-moda-multimarca-en-la-zona-de-embarque\\\/#organizationLogo\"},\"image\":{\"@id\":\"https:\\\/\\\/eldigitaldeasturias.com\\\/magazine365\\\/el-aeropuerto-de-sevilla-inaugura-una-tienda-de-moda-multimarca-en-la-zona-de-embarque\\\/#organizationLogo\"}},{\"@type\":\"Person\",\"@id\":\"https:\\\/\\\/eldigitaldeasturias.com\\\/magazine365\\\/author\\\/admin\\\/#author\",\"url\":\"https:\\\/\\\/eldigitaldeasturias.com\\\/magazine365\\\/author\\\/admin\\\/\",\"name\":\"admin\",\"image\":{\"@type\":\"ImageObject\",\"@id\":\"https:\\\/\\\/eldigitaldeasturias.com\\\/magazine365\\\/el-aeropuerto-de-sevilla-inaugura-una-tienda-de-moda-multimarca-en-la-zona-de-embarque\\\/#authorImage\",\"url\":\"https:\\\/\\\/eldigitaldeasturias.com\\\/magazine365\\\/wp-content\\\/litespeed\\\/avatar\\\/e571bcf59a0edd6fa6838245a470f2fe.jpg?ver=1776969259\",\"width\":96,\"height\":96,\"caption\":\"admin\"}},{\"@type\":\"WebPage\",\"@id\":\"https:\\\/\\\/eldigitaldeasturias.com\\\/magazine365\\\/el-aeropuerto-de-sevilla-inaugura-una-tienda-de-moda-multimarca-en-la-zona-de-embarque\\\/#webpage\",\"url\":\"https:\\\/\\\/eldigitaldeasturias.com\\\/magazine365\\\/el-aeropuerto-de-sevilla-inaugura-una-tienda-de-moda-multimarca-en-la-zona-de-embarque\\\/\",\"name\":\"El aeropuerto de Sevilla inaugura una tienda de moda multimarca en la zona de embarque | El Digital de Asturias\",\"description\":\"El Aeropuerto de Sevilla acaba de incorporar un nuevo punto de venta a su oferta comercial, en concreto, una tienda de moda multimarca, cuya apertura da continuidad al proceso de revisi\\u00f3n que se est\\u00e1 acometiendo en el \\u00e1rea comercial del edificio terminal. El establecimiento, que ser\\u00e1 gestionado por Lagard\\u00e8re, ocupa cerca de 260 metros cuadrados\",\"inLanguage\":\"es-ES\",\"isPartOf\":{\"@id\":\"https:\\\/\\\/eldigitaldeasturias.com\\\/magazine365\\\/#website\"},\"breadcrumb\":{\"@id\":\"https:\\\/\\\/eldigitaldeasturias.com\\\/magazine365\\\/el-aeropuerto-de-sevilla-inaugura-una-tienda-de-moda-multimarca-en-la-zona-de-embarque\\\/#breadcrumblist\"},\"author\":{\"@id\":\"https:\\\/\\\/eldigitaldeasturias.com\\\/magazine365\\\/author\\\/admin\\\/#author\"},\"creator\":{\"@id\":\"https:\\\/\\\/eldigitaldeasturias.com\\\/magazine365\\\/author\\\/admin\\\/#author\"},\"image\":{\"@type\":\"ImageObject\",\"url\":\"https:\\\/\\\/eldigitaldeasturias.com\\\/magazine365\\\/wp-content\\\/uploads\\\/2016\\\/01\\\/fotonoticia_20160125182412_800.jpg\",\"@id\":\"https:\\\/\\\/eldigitaldeasturias.com\\\/magazine365\\\/el-aeropuerto-de-sevilla-inaugura-una-tienda-de-moda-multimarca-en-la-zona-de-embarque\\\/#mainImage\",\"width\":800,\"height\":1200},\"primaryImageOfPage\":{\"@id\":\"https:\\\/\\\/eldigitaldeasturias.com\\\/magazine365\\\/el-aeropuerto-de-sevilla-inaugura-una-tienda-de-moda-multimarca-en-la-zona-de-embarque\\\/#mainImage\"},\"datePublished\":\"2016-01-26T00:13:11+01:00\",\"dateModified\":\"2016-01-26T00:13:11+01:00\"},{\"@type\":\"WebSite\",\"@id\":\"https:\\\/\\\/eldigitaldeasturias.com\\\/magazine365\\\/#website\",\"url\":\"https:\\\/\\\/eldigitaldeasturias.com\\\/magazine365\\\/\",\"name\":\"El Digital de Asturias\",\"description\":\"Revista de ocio, turismo y estilo de vida\",\"inLanguage\":\"es-ES\",\"publisher\":{\"@id\":\"https:\\\/\\\/eldigitaldeasturias.com\\\/magazine365\\\/#organization\"}}]}\n\t\t<\/script>\n\t\t<!-- All in One SEO Pro -->\r\n\t\t<title>El aeropuerto de Sevilla inaugura una tienda de moda multimarca en la zona de embarque | El Digital de Asturias<\/title>\n\n","aioseo_head_json":{"title":"El aeropuerto de Sevilla inaugura una tienda de moda multimarca en la zona de embarque | El Digital de Asturias","description":"El Aeropuerto de Sevilla acaba de incorporar un nuevo punto de venta a su oferta comercial, en concreto, una tienda de moda multimarca, cuya apertura da continuidad al proceso de revisi\u00f3n que se est\u00e1 acometiendo en el \u00e1rea comercial del edificio terminal. El establecimiento, que ser\u00e1 gestionado por Lagard\u00e8re, ocupa cerca de 260 metros cuadrados","canonical_url":"https:\/\/eldigitaldeasturias.com\/magazine365\/el-aeropuerto-de-sevilla-inaugura-una-tienda-de-moda-multimarca-en-la-zona-de-embarque\/","robots":"max-image-preview:large","keywords":"noticias y actualidad","webmasterTools":{"google-site-verification":"UA-38556648-1","miscellaneous":""},"schema":{"@context":"https:\/\/schema.org","@graph":[{"@type":"Article","@id":"https:\/\/eldigitaldeasturias.com\/magazine365\/el-aeropuerto-de-sevilla-inaugura-una-tienda-de-moda-multimarca-en-la-zona-de-embarque\/#article","name":"El aeropuerto de Sevilla inaugura una tienda de moda multimarca en la zona de embarque | El Digital de Asturias","headline":"El aeropuerto de Sevilla inaugura una tienda de moda multimarca en la zona de embarque","author":{"@id":"https:\/\/eldigitaldeasturias.com\/magazine365\/author\/admin\/#author"},"publisher":{"@id":"https:\/\/eldigitaldeasturias.com\/magazine365\/#organization"},"image":{"@type":"ImageObject","url":"https:\/\/eldigitaldeasturias.com\/magazine365\/wp-content\/uploads\/2016\/01\/fotonoticia_20160125182412_800.jpg","width":800,"height":1200},"datePublished":"2016-01-26T00:13:11+01:00","dateModified":"2016-01-26T00:13:11+01:00","inLanguage":"es-ES","mainEntityOfPage":{"@id":"https:\/\/eldigitaldeasturias.com\/magazine365\/el-aeropuerto-de-sevilla-inaugura-una-tienda-de-moda-multimarca-en-la-zona-de-embarque\/#webpage"},"isPartOf":{"@id":"https:\/\/eldigitaldeasturias.com\/magazine365\/el-aeropuerto-de-sevilla-inaugura-una-tienda-de-moda-multimarca-en-la-zona-de-embarque\/#webpage"},"articleSection":"Noticias y Actualidad"},{"@type":"BreadcrumbList","@id":"https:\/\/eldigitaldeasturias.com\/magazine365\/el-aeropuerto-de-sevilla-inaugura-una-tienda-de-moda-multimarca-en-la-zona-de-embarque\/#breadcrumblist","itemListElement":[{"@type":"ListItem","@id":"https:\/\/eldigitaldeasturias.com\/magazine365#listItem","position":1,"name":"Home","item":"https:\/\/eldigitaldeasturias.com\/magazine365","nextItem":{"@type":"ListItem","@id":"https:\/\/eldigitaldeasturias.com\/magazine365\/category\/noticias-actualidad\/#listItem","name":"Noticias y Actualidad"}},{"@type":"ListItem","@id":"https:\/\/eldigitaldeasturias.com\/magazine365\/category\/noticias-actualidad\/#listItem","position":2,"name":"Noticias y Actualidad","item":"https:\/\/eldigitaldeasturias.com\/magazine365\/category\/noticias-actualidad\/","nextItem":{"@type":"ListItem","@id":"https:\/\/eldigitaldeasturias.com\/magazine365\/el-aeropuerto-de-sevilla-inaugura-una-tienda-de-moda-multimarca-en-la-zona-de-embarque\/#listItem","name":"El aeropuerto de Sevilla inaugura una tienda de moda multimarca en la zona de embarque"},"previousItem":{"@type":"ListItem","@id":"https:\/\/eldigitaldeasturias.com\/magazine365#listItem","name":"Home"}},{"@type":"ListItem","@id":"https:\/\/eldigitaldeasturias.com\/magazine365\/el-aeropuerto-de-sevilla-inaugura-una-tienda-de-moda-multimarca-en-la-zona-de-embarque\/#listItem","position":3,"name":"El aeropuerto de Sevilla inaugura una tienda de moda multimarca en la zona de embarque","previousItem":{"@type":"ListItem","@id":"https:\/\/eldigitaldeasturias.com\/magazine365\/category\/noticias-actualidad\/#listItem","name":"Noticias y Actualidad"}}]},{"@type":"Organization","@id":"https:\/\/eldigitaldeasturias.com\/magazine365\/#organization","name":"El digital de Asturias","description":"Revista de ocio, turismo y estilo de vida","url":"https:\/\/eldigitaldeasturias.com\/magazine365\/","logo":{"@type":"ImageObject","url":"https:\/\/www.eldigitaldeasturias.com\/noticias\/wp-content\/uploads\/2020\/12\/EDA.jpg","@id":"https:\/\/eldigitaldeasturias.com\/magazine365\/el-aeropuerto-de-sevilla-inaugura-una-tienda-de-moda-multimarca-en-la-zona-de-embarque\/#organizationLogo"},"image":{"@id":"https:\/\/eldigitaldeasturias.com\/magazine365\/el-aeropuerto-de-sevilla-inaugura-una-tienda-de-moda-multimarca-en-la-zona-de-embarque\/#organizationLogo"}},{"@type":"Person","@id":"https:\/\/eldigitaldeasturias.com\/magazine365\/author\/admin\/#author","url":"https:\/\/eldigitaldeasturias.com\/magazine365\/author\/admin\/","name":"admin","image":{"@type":"ImageObject","@id":"https:\/\/eldigitaldeasturias.com\/magazine365\/el-aeropuerto-de-sevilla-inaugura-una-tienda-de-moda-multimarca-en-la-zona-de-embarque\/#authorImage","url":"https:\/\/eldigitaldeasturias.com\/magazine365\/wp-content\/litespeed\/avatar\/e571bcf59a0edd6fa6838245a470f2fe.jpg?ver=1776969259","width":96,"height":96,"caption":"admin"}},{"@type":"WebPage","@id":"https:\/\/eldigitaldeasturias.com\/magazine365\/el-aeropuerto-de-sevilla-inaugura-una-tienda-de-moda-multimarca-en-la-zona-de-embarque\/#webpage","url":"https:\/\/eldigitaldeasturias.com\/magazine365\/el-aeropuerto-de-sevilla-inaugura-una-tienda-de-moda-multimarca-en-la-zona-de-embarque\/","name":"El aeropuerto de Sevilla inaugura una tienda de moda multimarca en la zona de embarque | El Digital de Asturias","description":"El Aeropuerto de Sevilla acaba de incorporar un nuevo punto de venta a su oferta comercial, en concreto, una tienda de moda multimarca, cuya apertura da continuidad al proceso de revisi\u00f3n que se est\u00e1 acometiendo en el \u00e1rea comercial del edificio terminal. El establecimiento, que ser\u00e1 gestionado por Lagard\u00e8re, ocupa cerca de 260 metros cuadrados","inLanguage":"es-ES","isPartOf":{"@id":"https:\/\/eldigitaldeasturias.com\/magazine365\/#website"},"breadcrumb":{"@id":"https:\/\/eldigitaldeasturias.com\/magazine365\/el-aeropuerto-de-sevilla-inaugura-una-tienda-de-moda-multimarca-en-la-zona-de-embarque\/#breadcrumblist"},"author":{"@id":"https:\/\/eldigitaldeasturias.com\/magazine365\/author\/admin\/#author"},"creator":{"@id":"https:\/\/eldigitaldeasturias.com\/magazine365\/author\/admin\/#author"},"image":{"@type":"ImageObject","url":"https:\/\/eldigitaldeasturias.com\/magazine365\/wp-content\/uploads\/2016\/01\/fotonoticia_20160125182412_800.jpg","@id":"https:\/\/eldigitaldeasturias.com\/magazine365\/el-aeropuerto-de-sevilla-inaugura-una-tienda-de-moda-multimarca-en-la-zona-de-embarque\/#mainImage","width":800,"height":1200},"primaryImageOfPage":{"@id":"https:\/\/eldigitaldeasturias.com\/magazine365\/el-aeropuerto-de-sevilla-inaugura-una-tienda-de-moda-multimarca-en-la-zona-de-embarque\/#mainImage"},"datePublished":"2016-01-26T00:13:11+01:00","dateModified":"2016-01-26T00:13:11+01:00"},{"@type":"WebSite","@id":"https:\/\/eldigitaldeasturias.com\/magazine365\/#website","url":"https:\/\/eldigitaldeasturias.com\/magazine365\/","name":"El Digital de Asturias","description":"Revista de ocio, turismo y estilo de vida","inLanguage":"es-ES","publisher":{"@id":"https:\/\/eldigitaldeasturias.com\/magazine365\/#organization"}}]},"og:locale":"es_ES","og:site_name":"El Digital de Asturias \u2013 Revista de ocio, turismo y estilo de vida","og:type":"article","og:title":"El aeropuerto de Sevilla inaugura una tienda de moda multimarca en la zona de embarque | El Digital de Asturias","og:description":"El Aeropuerto de Sevilla acaba de incorporar un nuevo punto de venta a su oferta comercial, en concreto, una tienda de moda multimarca, cuya apertura da continuidad al proceso de revisi\u00f3n que se est\u00e1 acometiendo en el \u00e1rea comercial del edificio terminal. El establecimiento, que ser\u00e1 gestionado por Lagard\u00e8re, ocupa cerca de 260 metros cuadrados","og:url":"https:\/\/eldigitaldeasturias.com\/magazine365\/el-aeropuerto-de-sevilla-inaugura-una-tienda-de-moda-multimarca-en-la-zona-de-embarque\/","og:image":"https:\/\/eldigitaldeasturias.com\/magazine365\/wp-content\/uploads\/2016\/01\/fotonoticia_20160125182412_800.jpg","og:image:secure_url":"https:\/\/eldigitaldeasturias.com\/magazine365\/wp-content\/uploads\/2016\/01\/fotonoticia_20160125182412_800.jpg","og:image:width":800,"og:image:height":1200,"article:published_time":"2016-01-25T23:13:11+00:00","article:modified_time":"2016-01-25T23:13:11+00:00","twitter:card":"summary_large_image","twitter:title":"El aeropuerto de Sevilla inaugura una tienda de moda multimarca en la zona de embarque | El Digital de Asturias","twitter:description":"El Aeropuerto de Sevilla acaba de incorporar un nuevo punto de venta a su oferta comercial, en concreto, una tienda de moda multimarca, cuya apertura da continuidad al proceso de revisi\u00f3n que se est\u00e1 acometiendo en el \u00e1rea comercial del edificio terminal. El establecimiento, que ser\u00e1 gestionado por Lagard\u00e8re, ocupa cerca de 260 metros cuadrados","twitter:image":"https:\/\/eldigitaldeasturias.com\/magazine365\/wp-content\/uploads\/2016\/01\/fotonoticia_20160125182412_800.jpg"},"aioseo_meta_data":{"post_id":"62101","title":null,"description":null,"keywords":null,"keyphrases":null,"primary_term":null,"canonical_url":null,"og_title":null,"og_description":null,"og_object_type":"default","og_image_type":"default","og_image_url":null,"og_image_width":null,"og_image_height":null,"og_image_custom_url":null,"og_image_custom_fields":null,"og_video":null,"og_custom_url":null,"og_article_section":null,"og_article_tags":null,"twitter_use_og":false,"twitter_card":"default","twitter_image_type":"default","twitter_image_url":null,"twitter_image_custom_url":null,"twitter_image_custom_fields":null,"twitter_title":null,"twitter_description":null,"schema":{"blockGraphs":[],"customGraphs":[],"default":{"data":{"Article":[],"Course":[],"Dataset":[],"FAQPage":[],"Movie":[],"Person":[],"Product":[],"ProductReview":[],"Car":[],"Recipe":[],"Service":[],"SoftwareApplication":[],"WebPage":[]},"graphName":"","isEnabled":true},"graphs":[],"defaultGraph":"","defaultPostTypeGraph":""},"schema_type":null,"schema_type_options":null,"pillar_content":false,"robots_default":true,"robots_noindex":false,"robots_noarchive":false,"robots_nosnippet":false,"robots_nofollow":false,"robots_noimageindex":false,"robots_noodp":false,"robots_notranslate":false,"robots_max_snippet":null,"robots_max_videopreview":null,"robots_max_imagepreview":"large","priority":null,"frequency":null,"location":null,"local_seo":null,"seo_analyzer_scan_date":"2025-09-25 10:23:56","breadcrumb_settings":null,"limit_modified_date":false,"open_ai":null,"ai":null,"created":"2021-03-08 21:40:49","updated":"2025-09-25 10:23:56"},"aioseo_breadcrumb":"<div class=\"aioseo-breadcrumbs\"><span class=\"aioseo-breadcrumb\">\n\t<a href=\"https:\/\/eldigitaldeasturias.com\/magazine365\" title=\"Home\">Home<\/a>\n<\/span><span class=\"aioseo-breadcrumb-separator\">\u2013<\/span><span class=\"aioseo-breadcrumb\">\n\t<a href=\"https:\/\/eldigitaldeasturias.com\/magazine365\/category\/noticias-actualidad\/\" title=\"Noticias y Actualidad\">Noticias y Actualidad<\/a>\n<\/span><span class=\"aioseo-breadcrumb-separator\">\u2013<\/span><span class=\"aioseo-breadcrumb\">\n\t<a href=\"https:\/\/eldigitaldeasturias.com\/magazine365\/el-aeropuerto-de-sevilla-inaugura-una-tienda-de-moda-multimarca-en-la-zona-de-embarque\/\" title=\"El aeropuerto de Sevilla inaugura una tienda de moda multimarca en la zona de embarque\">El aeropuerto de Sevilla inaugura una tienda de moda multimarca en la zona de embarque<\/a>\n<\/span><\/div>","aioseo_breadcrumb_json":[{"label":"Home","link":"https:\/\/eldigitaldeasturias.com\/magazine365"},{"label":"Noticias y Actualidad","link":"https:\/\/eldigitaldeasturias.com\/magazine365\/category\/noticias-actualidad\/"},{"label":"El aeropuerto de Sevilla inaugura una tienda de moda multimarca en la zona de embarque","link":"https:\/\/eldigitaldeasturias.com\/magazine365\/el-aeropuerto-de-sevilla-inaugura-una-tienda-de-moda-multimarca-en-la-zona-de-embarque\/"}],"_links":{"self":[{"href":"https:\/\/eldigitaldeasturias.com\/magazine365\/wp-json\/wp\/v2\/posts\/62101","targetHints":{"allow":["GET"]}}],"collection":[{"href":"https:\/\/eldigitaldeasturias.com\/magazine365\/wp-json\/wp\/v2\/posts"}],"about":[{"href":"https:\/\/eldigitaldeasturias.com\/magazine365\/wp-json\/wp\/v2\/types\/post"}],"author":[{"embeddable":true,"href":"https:\/\/eldigitaldeasturias.com\/magazine365\/wp-json\/wp\/v2\/users\/1"}],"replies":[{"embeddable":true,"href":"https:\/\/eldigitaldeasturias.com\/magazine365\/wp-json\/wp\/v2\/comments?post=62101"}],"version-history":[{"count":0,"href":"https:\/\/eldigitaldeasturias.com\/magazine365\/wp-json\/wp\/v2\/posts\/62101\/revisions"}],"wp:featuredmedia":[{"embeddable":true,"href":"https:\/\/eldigitaldeasturias.com\/magazine365\/wp-json\/wp\/v2\/media\/62102"}],"wp:attachment":[{"href":"https:\/\/eldigitaldeasturias.com\/magazine365\/wp-json\/wp\/v2\/media?parent=62101"}],"wp:term":[{"taxonomy":"category","embeddable":true,"href":"https:\/\/eldigitaldeasturias.com\/magazine365\/wp-json\/wp\/v2\/categories?post=62101"},{"taxonomy":"post_tag","embeddable":true,"href":"https:\/\/eldigitaldeasturias.com\/magazine365\/wp-json\/wp\/v2\/tags?post=62101"}],"curies":[{"name":"wp","href":"https:\/\/api.w.org\/{rel}","templated":true}]}}