{"id":62098,"date":"2016-01-26T00:11:49","date_gmt":"2016-01-25T23:11:49","guid":{"rendered":"http:\/\/eldigitaldeasturias.com\/magazine365\/?p=62098"},"modified":"2016-01-26T00:11:49","modified_gmt":"2016-01-25T23:11:49","slug":"montilla-presenta-un-proyecto-vitivinicola-para-potenciar-el-turismo-enologico","status":"publish","type":"post","link":"https:\/\/eldigitaldeasturias.com\/magazine365\/montilla-presenta-un-proyecto-vitivinicola-para-potenciar-el-turismo-enologico\/","title":{"rendered":"Montilla presenta un proyecto vitivin\u00edcola para potenciar el turismo enol\u00f3gico"},"content":{"rendered":"<p><img fetchpriority=\"high\" decoding=\"async\" class=\"alignleft size-medium wp-image-62099\" src=\"https:\/\/eldigitaldeasturias.com\/magazine365\/wp-content\/uploads\/2016\/01\/fotonoticia_20160125182155_800-360x240.jpg\" alt=\"fotonoticia_20160125182155_800\" width=\"360\" height=\"240\" srcset=\"https:\/\/eldigitaldeasturias.com\/magazine365\/wp-content\/uploads\/2016\/01\/fotonoticia_20160125182155_800-360x240.jpg 360w, https:\/\/eldigitaldeasturias.com\/magazine365\/wp-content\/uploads\/2016\/01\/fotonoticia_20160125182155_800-650x434.jpg 650w, https:\/\/eldigitaldeasturias.com\/magazine365\/wp-content\/uploads\/2016\/01\/fotonoticia_20160125182155_800-768x513.jpg 768w, https:\/\/eldigitaldeasturias.com\/magazine365\/wp-content\/uploads\/2016\/01\/fotonoticia_20160125182155_800-150x100.jpg 150w, https:\/\/eldigitaldeasturias.com\/magazine365\/wp-content\/uploads\/2016\/01\/fotonoticia_20160125182155_800-450x300.jpg 450w, https:\/\/eldigitaldeasturias.com\/magazine365\/wp-content\/uploads\/2016\/01\/fotonoticia_20160125182155_800-696x465.jpg 696w, https:\/\/eldigitaldeasturias.com\/magazine365\/wp-content\/uploads\/2016\/01\/fotonoticia_20160125182155_800-629x420.jpg 629w, https:\/\/eldigitaldeasturias.com\/magazine365\/wp-content\/uploads\/2016\/01\/fotonoticia_20160125182155_800-101x66.jpg 101w, https:\/\/eldigitaldeasturias.com\/magazine365\/wp-content\/uploads\/2016\/01\/fotonoticia_20160125182155_800.jpg 800w\" sizes=\"(max-width: 360px) 100vw, 360px\" \/>Los concejales del Ayuntamiento de Montilla (C\u00f3rdoba) de Promoci\u00f3n, Turismo y Festejos, Antonio Agust\u00edn Ligero, y el de Promoci\u00f3n Econ\u00f3mica, Innovaci\u00f3n y Comercio, Manuel Carmona, han dado a conocer este lunes el programa &#8216;Experiencias Vitivin\u00edcolas en el Al-Andalus&#8217; (EVA) que, junto a la localidad onubense de La Palma del Condado y las portuguesas Lagoa (Algarve) y Reguengos de Monsaraz (Alentejo), ha presentado para que sea subvencionada a trav\u00e9s de fondos europeos Interreg Espa\u00f1a-Portugal.<\/p>\n<p>A trav\u00e9s de un comunicado, Carmona ha destacado la importancia del turismo y el vino como pilares de la econom\u00eda montillana \u00abpor eso hemos querido dar un empuje al sector enotur\u00edstico con esta iniciativa, que si se nos aprueba dejar\u00e1 en nuestra ciudad m\u00e1s de 541.000 euros hasta el a\u00f1o 2019\u00bb. El proyecto en su conjunto supone una inversi\u00f3n superior a los 1,2 millones de euros, cofinanciados al 75 por ciento por la Uni\u00f3n Europea y el resto por los municipios participantes.<\/p>\n<p>Por su parte, Ligero ha resaltado la importancia que para el actual equipo de gobierno tiene el turismo enol\u00f3gico como motor de desarrollo, y ha explicado que \u00abdentro de esta apuesta se enmarca la idea de unir Andaluc\u00eda con otras dos regiones portuguesa dentro de una ruta com\u00fan con el objetivo de \u00abver el turismo desde otro punto de vista\u00bb.<\/p>\n<p>En este sentido, el responsable de Turismo ha apuntado que \u00abEVA cuenta adem\u00e1s de con el vino, con elementos culturales y gastron\u00f3micos que constituyen una excelente oferta tur\u00edstica para el visitante\u00bb, y ha explicado que \u00ablas estrategias dise\u00f1adas dentro del proyecto EVA se articulan en torno a cuatro tipos de actividades con sus respectivas actuaciones\u00bb.<\/p>\n<p>\u00abPor un lado se va a trabajar en el dise\u00f1o del geodestino EVA, donde se incluir\u00e1n los recursos disponibles, la demanda existente, perfil del posible visitante, diagn\u00f3stico de la situaci\u00f3n y la valoraci\u00f3n de los resultados obtenidos\u00bb, ha manifestado Ligero.<\/p>\n<p>\u00abEn un paso posterior se crear\u00e1 un geoportal que permitir\u00e1 al visitante dise\u00f1ar itinerarios personalizados conociendo la oferta de inter\u00e9s que existe en EVA\u00bb, ha se\u00f1alado el concejal de Turismo, que ha a\u00f1adido que \u00abse continuar\u00e1 con el dise\u00f1o de eventos vinculados a la gastronom\u00eda y el vino que completen la oferta existente actualmente para concluir con la promoci\u00f3n de estos eventos\u00bb. Ligero ha mostrado su convencimiento de que esta actividad supondr\u00e1 un beneficio para las empresas de Montilla.<\/p>\n","protected":false},"excerpt":{"rendered":"<p>Los concejales del Ayuntamiento de Montilla (C\u00f3rdoba) de Promoci\u00f3n, Turismo y Festejos, Antonio Agust\u00edn Ligero, y el de Promoci\u00f3n Econ\u00f3mica, Innovaci\u00f3n y Comercio, Manuel Carmona, han dado a conocer este lunes el programa &#8216;Experiencias Vitivin\u00edcolas en el Al-Andalus&#8217; (EVA) que, junto a la localidad onubense de La Palma del Condado y las portuguesas Lagoa (Algarve)<\/p>\n","protected":false},"author":1,"featured_media":62099,"comment_status":"open","ping_status":"closed","sticky":false,"template":"","format":"standard","meta":{"footnotes":""},"categories":[224],"tags":[],"class_list":{"0":"post-62098","1":"post","2":"type-post","3":"status-publish","4":"format-standard","5":"has-post-thumbnail","7":"category-noticias-actualidad"},"aioseo_notices":[],"aioseo_head":"\n\t\t<!-- All in One SEO Pro 4.9.6.1 - aioseo.com -->\n\t<meta name=\"description\" content=\"Los concejales del Ayuntamiento de Montilla (C\u00f3rdoba) de Promoci\u00f3n, Turismo y Festejos, Antonio Agust\u00edn Ligero, y el de Promoci\u00f3n Econ\u00f3mica, Innovaci\u00f3n y Comercio, Manuel Carmona, han dado a conocer este lunes el programa &#039;Experiencias Vitivin\u00edcolas en el Al-Andalus&#039; (EVA) que, junto a la localidad onubense de La Palma del Condado y las portuguesas Lagoa (Algarve)\" \/>\n\t<meta name=\"robots\" content=\"max-image-preview:large\" \/>\n\t<meta name=\"author\" content=\"admin\"\/>\n\t<meta name=\"google-site-verification\" content=\"UA-38556648-1\" \/>\n\t<meta name=\"keywords\" content=\"noticias y actualidad\" \/>\n\t<link rel=\"canonical\" href=\"https:\/\/eldigitaldeasturias.com\/magazine365\/montilla-presenta-un-proyecto-vitivinicola-para-potenciar-el-turismo-enologico\/\" \/>\n\t<meta name=\"generator\" content=\"All in One SEO Pro (AIOSEO) 4.9.6.1\" \/>\n\t\t<meta property=\"og:locale\" content=\"es_ES\" \/>\n\t\t<meta property=\"og:site_name\" content=\"El Digital de Asturias \u2013 Revista de ocio, turismo y estilo de vida\" \/>\n\t\t<meta property=\"og:type\" content=\"article\" \/>\n\t\t<meta property=\"og:title\" content=\"Montilla presenta un proyecto vitivin\u00edcola para potenciar el turismo enol\u00f3gico | El Digital de Asturias\" \/>\n\t\t<meta property=\"og:description\" content=\"Los concejales del Ayuntamiento de Montilla (C\u00f3rdoba) de Promoci\u00f3n, Turismo y Festejos, Antonio Agust\u00edn Ligero, y el de Promoci\u00f3n Econ\u00f3mica, Innovaci\u00f3n y Comercio, Manuel Carmona, han dado a conocer este lunes el programa &#039;Experiencias Vitivin\u00edcolas en el Al-Andalus&#039; (EVA) que, junto a la localidad onubense de La Palma del Condado y las portuguesas Lagoa (Algarve)\" \/>\n\t\t<meta property=\"og:url\" content=\"https:\/\/eldigitaldeasturias.com\/magazine365\/montilla-presenta-un-proyecto-vitivinicola-para-potenciar-el-turismo-enologico\/\" \/>\n\t\t<meta property=\"og:image\" content=\"https:\/\/eldigitaldeasturias.com\/magazine365\/wp-content\/uploads\/2016\/01\/fotonoticia_20160125182155_800.jpg\" \/>\n\t\t<meta property=\"og:image:secure_url\" content=\"https:\/\/eldigitaldeasturias.com\/magazine365\/wp-content\/uploads\/2016\/01\/fotonoticia_20160125182155_800.jpg\" \/>\n\t\t<meta property=\"og:image:width\" content=\"800\" \/>\n\t\t<meta property=\"og:image:height\" content=\"534\" \/>\n\t\t<meta property=\"article:published_time\" content=\"2016-01-25T23:11:49+00:00\" \/>\n\t\t<meta property=\"article:modified_time\" content=\"2016-01-25T23:11:49+00:00\" \/>\n\t\t<meta name=\"twitter:card\" content=\"summary_large_image\" \/>\n\t\t<meta name=\"twitter:title\" content=\"Montilla presenta un proyecto vitivin\u00edcola para potenciar el turismo enol\u00f3gico | El Digital de Asturias\" \/>\n\t\t<meta name=\"twitter:description\" content=\"Los concejales del Ayuntamiento de Montilla (C\u00f3rdoba) de Promoci\u00f3n, Turismo y Festejos, Antonio Agust\u00edn Ligero, y el de Promoci\u00f3n Econ\u00f3mica, Innovaci\u00f3n y Comercio, Manuel Carmona, han dado a conocer este lunes el programa &#039;Experiencias Vitivin\u00edcolas en el Al-Andalus&#039; (EVA) que, junto a la localidad onubense de La Palma del Condado y las portuguesas Lagoa (Algarve)\" \/>\n\t\t<meta name=\"twitter:image\" content=\"https:\/\/eldigitaldeasturias.com\/magazine365\/wp-content\/uploads\/2016\/01\/fotonoticia_20160125182155_800.jpg\" \/>\n\t\t<script type=\"application\/ld+json\" class=\"aioseo-schema\">\n\t\t\t{\"@context\":\"https:\\\/\\\/schema.org\",\"@graph\":[{\"@type\":\"Article\",\"@id\":\"https:\\\/\\\/eldigitaldeasturias.com\\\/magazine365\\\/montilla-presenta-un-proyecto-vitivinicola-para-potenciar-el-turismo-enologico\\\/#article\",\"name\":\"Montilla presenta un proyecto vitivin\\u00edcola para potenciar el turismo enol\\u00f3gico | El Digital de Asturias\",\"headline\":\"Montilla presenta un proyecto vitivin\\u00edcola para potenciar el turismo enol\\u00f3gico\",\"author\":{\"@id\":\"https:\\\/\\\/eldigitaldeasturias.com\\\/magazine365\\\/author\\\/admin\\\/#author\"},\"publisher\":{\"@id\":\"https:\\\/\\\/eldigitaldeasturias.com\\\/magazine365\\\/#organization\"},\"image\":{\"@type\":\"ImageObject\",\"url\":\"https:\\\/\\\/eldigitaldeasturias.com\\\/magazine365\\\/wp-content\\\/uploads\\\/2016\\\/01\\\/fotonoticia_20160125182155_800.jpg\",\"width\":800,\"height\":534},\"datePublished\":\"2016-01-26T00:11:49+01:00\",\"dateModified\":\"2016-01-26T00:11:49+01:00\",\"inLanguage\":\"es-ES\",\"mainEntityOfPage\":{\"@id\":\"https:\\\/\\\/eldigitaldeasturias.com\\\/magazine365\\\/montilla-presenta-un-proyecto-vitivinicola-para-potenciar-el-turismo-enologico\\\/#webpage\"},\"isPartOf\":{\"@id\":\"https:\\\/\\\/eldigitaldeasturias.com\\\/magazine365\\\/montilla-presenta-un-proyecto-vitivinicola-para-potenciar-el-turismo-enologico\\\/#webpage\"},\"articleSection\":\"Noticias y Actualidad\"},{\"@type\":\"BreadcrumbList\",\"@id\":\"https:\\\/\\\/eldigitaldeasturias.com\\\/magazine365\\\/montilla-presenta-un-proyecto-vitivinicola-para-potenciar-el-turismo-enologico\\\/#breadcrumblist\",\"itemListElement\":[{\"@type\":\"ListItem\",\"@id\":\"https:\\\/\\\/eldigitaldeasturias.com\\\/magazine365#listItem\",\"position\":1,\"name\":\"Home\",\"item\":\"https:\\\/\\\/eldigitaldeasturias.com\\\/magazine365\",\"nextItem\":{\"@type\":\"ListItem\",\"@id\":\"https:\\\/\\\/eldigitaldeasturias.com\\\/magazine365\\\/category\\\/noticias-actualidad\\\/#listItem\",\"name\":\"Noticias y Actualidad\"}},{\"@type\":\"ListItem\",\"@id\":\"https:\\\/\\\/eldigitaldeasturias.com\\\/magazine365\\\/category\\\/noticias-actualidad\\\/#listItem\",\"position\":2,\"name\":\"Noticias y Actualidad\",\"item\":\"https:\\\/\\\/eldigitaldeasturias.com\\\/magazine365\\\/category\\\/noticias-actualidad\\\/\",\"nextItem\":{\"@type\":\"ListItem\",\"@id\":\"https:\\\/\\\/eldigitaldeasturias.com\\\/magazine365\\\/montilla-presenta-un-proyecto-vitivinicola-para-potenciar-el-turismo-enologico\\\/#listItem\",\"name\":\"Montilla presenta un proyecto vitivin\\u00edcola para potenciar el turismo enol\\u00f3gico\"},\"previousItem\":{\"@type\":\"ListItem\",\"@id\":\"https:\\\/\\\/eldigitaldeasturias.com\\\/magazine365#listItem\",\"name\":\"Home\"}},{\"@type\":\"ListItem\",\"@id\":\"https:\\\/\\\/eldigitaldeasturias.com\\\/magazine365\\\/montilla-presenta-un-proyecto-vitivinicola-para-potenciar-el-turismo-enologico\\\/#listItem\",\"position\":3,\"name\":\"Montilla presenta un proyecto vitivin\\u00edcola para potenciar el turismo enol\\u00f3gico\",\"previousItem\":{\"@type\":\"ListItem\",\"@id\":\"https:\\\/\\\/eldigitaldeasturias.com\\\/magazine365\\\/category\\\/noticias-actualidad\\\/#listItem\",\"name\":\"Noticias y Actualidad\"}}]},{\"@type\":\"Organization\",\"@id\":\"https:\\\/\\\/eldigitaldeasturias.com\\\/magazine365\\\/#organization\",\"name\":\"El digital de Asturias\",\"description\":\"Revista de ocio, turismo y estilo de vida\",\"url\":\"https:\\\/\\\/eldigitaldeasturias.com\\\/magazine365\\\/\",\"logo\":{\"@type\":\"ImageObject\",\"url\":\"https:\\\/\\\/www.eldigitaldeasturias.com\\\/noticias\\\/wp-content\\\/uploads\\\/2020\\\/12\\\/EDA.jpg\",\"@id\":\"https:\\\/\\\/eldigitaldeasturias.com\\\/magazine365\\\/montilla-presenta-un-proyecto-vitivinicola-para-potenciar-el-turismo-enologico\\\/#organizationLogo\"},\"image\":{\"@id\":\"https:\\\/\\\/eldigitaldeasturias.com\\\/magazine365\\\/montilla-presenta-un-proyecto-vitivinicola-para-potenciar-el-turismo-enologico\\\/#organizationLogo\"}},{\"@type\":\"Person\",\"@id\":\"https:\\\/\\\/eldigitaldeasturias.com\\\/magazine365\\\/author\\\/admin\\\/#author\",\"url\":\"https:\\\/\\\/eldigitaldeasturias.com\\\/magazine365\\\/author\\\/admin\\\/\",\"name\":\"admin\",\"image\":{\"@type\":\"ImageObject\",\"@id\":\"https:\\\/\\\/eldigitaldeasturias.com\\\/magazine365\\\/montilla-presenta-un-proyecto-vitivinicola-para-potenciar-el-turismo-enologico\\\/#authorImage\",\"url\":\"https:\\\/\\\/eldigitaldeasturias.com\\\/magazine365\\\/wp-content\\\/litespeed\\\/avatar\\\/e571bcf59a0edd6fa6838245a470f2fe.jpg?ver=1776969259\",\"width\":96,\"height\":96,\"caption\":\"admin\"}},{\"@type\":\"WebPage\",\"@id\":\"https:\\\/\\\/eldigitaldeasturias.com\\\/magazine365\\\/montilla-presenta-un-proyecto-vitivinicola-para-potenciar-el-turismo-enologico\\\/#webpage\",\"url\":\"https:\\\/\\\/eldigitaldeasturias.com\\\/magazine365\\\/montilla-presenta-un-proyecto-vitivinicola-para-potenciar-el-turismo-enologico\\\/\",\"name\":\"Montilla presenta un proyecto vitivin\\u00edcola para potenciar el turismo enol\\u00f3gico | El Digital de Asturias\",\"description\":\"Los concejales del Ayuntamiento de Montilla (C\\u00f3rdoba) de Promoci\\u00f3n, Turismo y Festejos, Antonio Agust\\u00edn Ligero, y el de Promoci\\u00f3n Econ\\u00f3mica, Innovaci\\u00f3n y Comercio, Manuel Carmona, han dado a conocer este lunes el programa 'Experiencias Vitivin\\u00edcolas en el Al-Andalus' (EVA) que, junto a la localidad onubense de La Palma del Condado y las portuguesas Lagoa (Algarve)\",\"inLanguage\":\"es-ES\",\"isPartOf\":{\"@id\":\"https:\\\/\\\/eldigitaldeasturias.com\\\/magazine365\\\/#website\"},\"breadcrumb\":{\"@id\":\"https:\\\/\\\/eldigitaldeasturias.com\\\/magazine365\\\/montilla-presenta-un-proyecto-vitivinicola-para-potenciar-el-turismo-enologico\\\/#breadcrumblist\"},\"author\":{\"@id\":\"https:\\\/\\\/eldigitaldeasturias.com\\\/magazine365\\\/author\\\/admin\\\/#author\"},\"creator\":{\"@id\":\"https:\\\/\\\/eldigitaldeasturias.com\\\/magazine365\\\/author\\\/admin\\\/#author\"},\"image\":{\"@type\":\"ImageObject\",\"url\":\"https:\\\/\\\/eldigitaldeasturias.com\\\/magazine365\\\/wp-content\\\/uploads\\\/2016\\\/01\\\/fotonoticia_20160125182155_800.jpg\",\"@id\":\"https:\\\/\\\/eldigitaldeasturias.com\\\/magazine365\\\/montilla-presenta-un-proyecto-vitivinicola-para-potenciar-el-turismo-enologico\\\/#mainImage\",\"width\":800,\"height\":534},\"primaryImageOfPage\":{\"@id\":\"https:\\\/\\\/eldigitaldeasturias.com\\\/magazine365\\\/montilla-presenta-un-proyecto-vitivinicola-para-potenciar-el-turismo-enologico\\\/#mainImage\"},\"datePublished\":\"2016-01-26T00:11:49+01:00\",\"dateModified\":\"2016-01-26T00:11:49+01:00\"},{\"@type\":\"WebSite\",\"@id\":\"https:\\\/\\\/eldigitaldeasturias.com\\\/magazine365\\\/#website\",\"url\":\"https:\\\/\\\/eldigitaldeasturias.com\\\/magazine365\\\/\",\"name\":\"El Digital de Asturias\",\"description\":\"Revista de ocio, turismo y estilo de vida\",\"inLanguage\":\"es-ES\",\"publisher\":{\"@id\":\"https:\\\/\\\/eldigitaldeasturias.com\\\/magazine365\\\/#organization\"}}]}\n\t\t<\/script>\n\t\t<!-- All in One SEO Pro -->\r\n\t\t<title>Montilla presenta un proyecto vitivin\u00edcola para potenciar el turismo enol\u00f3gico | El Digital de Asturias<\/title>\n\n","aioseo_head_json":{"title":"Montilla presenta un proyecto vitivin\u00edcola para potenciar el turismo enol\u00f3gico | El Digital de Asturias","description":"Los concejales del Ayuntamiento de Montilla (C\u00f3rdoba) de Promoci\u00f3n, Turismo y Festejos, Antonio Agust\u00edn Ligero, y el de Promoci\u00f3n Econ\u00f3mica, Innovaci\u00f3n y Comercio, Manuel Carmona, han dado a conocer este lunes el programa 'Experiencias Vitivin\u00edcolas en el Al-Andalus' (EVA) que, junto a la localidad onubense de La Palma del Condado y las portuguesas Lagoa (Algarve)","canonical_url":"https:\/\/eldigitaldeasturias.com\/magazine365\/montilla-presenta-un-proyecto-vitivinicola-para-potenciar-el-turismo-enologico\/","robots":"max-image-preview:large","keywords":"noticias y actualidad","webmasterTools":{"google-site-verification":"UA-38556648-1","miscellaneous":""},"schema":{"@context":"https:\/\/schema.org","@graph":[{"@type":"Article","@id":"https:\/\/eldigitaldeasturias.com\/magazine365\/montilla-presenta-un-proyecto-vitivinicola-para-potenciar-el-turismo-enologico\/#article","name":"Montilla presenta un proyecto vitivin\u00edcola para potenciar el turismo enol\u00f3gico | El Digital de Asturias","headline":"Montilla presenta un proyecto vitivin\u00edcola para potenciar el turismo enol\u00f3gico","author":{"@id":"https:\/\/eldigitaldeasturias.com\/magazine365\/author\/admin\/#author"},"publisher":{"@id":"https:\/\/eldigitaldeasturias.com\/magazine365\/#organization"},"image":{"@type":"ImageObject","url":"https:\/\/eldigitaldeasturias.com\/magazine365\/wp-content\/uploads\/2016\/01\/fotonoticia_20160125182155_800.jpg","width":800,"height":534},"datePublished":"2016-01-26T00:11:49+01:00","dateModified":"2016-01-26T00:11:49+01:00","inLanguage":"es-ES","mainEntityOfPage":{"@id":"https:\/\/eldigitaldeasturias.com\/magazine365\/montilla-presenta-un-proyecto-vitivinicola-para-potenciar-el-turismo-enologico\/#webpage"},"isPartOf":{"@id":"https:\/\/eldigitaldeasturias.com\/magazine365\/montilla-presenta-un-proyecto-vitivinicola-para-potenciar-el-turismo-enologico\/#webpage"},"articleSection":"Noticias y Actualidad"},{"@type":"BreadcrumbList","@id":"https:\/\/eldigitaldeasturias.com\/magazine365\/montilla-presenta-un-proyecto-vitivinicola-para-potenciar-el-turismo-enologico\/#breadcrumblist","itemListElement":[{"@type":"ListItem","@id":"https:\/\/eldigitaldeasturias.com\/magazine365#listItem","position":1,"name":"Home","item":"https:\/\/eldigitaldeasturias.com\/magazine365","nextItem":{"@type":"ListItem","@id":"https:\/\/eldigitaldeasturias.com\/magazine365\/category\/noticias-actualidad\/#listItem","name":"Noticias y Actualidad"}},{"@type":"ListItem","@id":"https:\/\/eldigitaldeasturias.com\/magazine365\/category\/noticias-actualidad\/#listItem","position":2,"name":"Noticias y Actualidad","item":"https:\/\/eldigitaldeasturias.com\/magazine365\/category\/noticias-actualidad\/","nextItem":{"@type":"ListItem","@id":"https:\/\/eldigitaldeasturias.com\/magazine365\/montilla-presenta-un-proyecto-vitivinicola-para-potenciar-el-turismo-enologico\/#listItem","name":"Montilla presenta un proyecto vitivin\u00edcola para potenciar el turismo enol\u00f3gico"},"previousItem":{"@type":"ListItem","@id":"https:\/\/eldigitaldeasturias.com\/magazine365#listItem","name":"Home"}},{"@type":"ListItem","@id":"https:\/\/eldigitaldeasturias.com\/magazine365\/montilla-presenta-un-proyecto-vitivinicola-para-potenciar-el-turismo-enologico\/#listItem","position":3,"name":"Montilla presenta un proyecto vitivin\u00edcola para potenciar el turismo enol\u00f3gico","previousItem":{"@type":"ListItem","@id":"https:\/\/eldigitaldeasturias.com\/magazine365\/category\/noticias-actualidad\/#listItem","name":"Noticias y Actualidad"}}]},{"@type":"Organization","@id":"https:\/\/eldigitaldeasturias.com\/magazine365\/#organization","name":"El digital de Asturias","description":"Revista de ocio, turismo y estilo de vida","url":"https:\/\/eldigitaldeasturias.com\/magazine365\/","logo":{"@type":"ImageObject","url":"https:\/\/www.eldigitaldeasturias.com\/noticias\/wp-content\/uploads\/2020\/12\/EDA.jpg","@id":"https:\/\/eldigitaldeasturias.com\/magazine365\/montilla-presenta-un-proyecto-vitivinicola-para-potenciar-el-turismo-enologico\/#organizationLogo"},"image":{"@id":"https:\/\/eldigitaldeasturias.com\/magazine365\/montilla-presenta-un-proyecto-vitivinicola-para-potenciar-el-turismo-enologico\/#organizationLogo"}},{"@type":"Person","@id":"https:\/\/eldigitaldeasturias.com\/magazine365\/author\/admin\/#author","url":"https:\/\/eldigitaldeasturias.com\/magazine365\/author\/admin\/","name":"admin","image":{"@type":"ImageObject","@id":"https:\/\/eldigitaldeasturias.com\/magazine365\/montilla-presenta-un-proyecto-vitivinicola-para-potenciar-el-turismo-enologico\/#authorImage","url":"https:\/\/eldigitaldeasturias.com\/magazine365\/wp-content\/litespeed\/avatar\/e571bcf59a0edd6fa6838245a470f2fe.jpg?ver=1776969259","width":96,"height":96,"caption":"admin"}},{"@type":"WebPage","@id":"https:\/\/eldigitaldeasturias.com\/magazine365\/montilla-presenta-un-proyecto-vitivinicola-para-potenciar-el-turismo-enologico\/#webpage","url":"https:\/\/eldigitaldeasturias.com\/magazine365\/montilla-presenta-un-proyecto-vitivinicola-para-potenciar-el-turismo-enologico\/","name":"Montilla presenta un proyecto vitivin\u00edcola para potenciar el turismo enol\u00f3gico | El Digital de Asturias","description":"Los concejales del Ayuntamiento de Montilla (C\u00f3rdoba) de Promoci\u00f3n, Turismo y Festejos, Antonio Agust\u00edn Ligero, y el de Promoci\u00f3n Econ\u00f3mica, Innovaci\u00f3n y Comercio, Manuel Carmona, han dado a conocer este lunes el programa 'Experiencias Vitivin\u00edcolas en el Al-Andalus' (EVA) que, junto a la localidad onubense de La Palma del Condado y las portuguesas Lagoa (Algarve)","inLanguage":"es-ES","isPartOf":{"@id":"https:\/\/eldigitaldeasturias.com\/magazine365\/#website"},"breadcrumb":{"@id":"https:\/\/eldigitaldeasturias.com\/magazine365\/montilla-presenta-un-proyecto-vitivinicola-para-potenciar-el-turismo-enologico\/#breadcrumblist"},"author":{"@id":"https:\/\/eldigitaldeasturias.com\/magazine365\/author\/admin\/#author"},"creator":{"@id":"https:\/\/eldigitaldeasturias.com\/magazine365\/author\/admin\/#author"},"image":{"@type":"ImageObject","url":"https:\/\/eldigitaldeasturias.com\/magazine365\/wp-content\/uploads\/2016\/01\/fotonoticia_20160125182155_800.jpg","@id":"https:\/\/eldigitaldeasturias.com\/magazine365\/montilla-presenta-un-proyecto-vitivinicola-para-potenciar-el-turismo-enologico\/#mainImage","width":800,"height":534},"primaryImageOfPage":{"@id":"https:\/\/eldigitaldeasturias.com\/magazine365\/montilla-presenta-un-proyecto-vitivinicola-para-potenciar-el-turismo-enologico\/#mainImage"},"datePublished":"2016-01-26T00:11:49+01:00","dateModified":"2016-01-26T00:11:49+01:00"},{"@type":"WebSite","@id":"https:\/\/eldigitaldeasturias.com\/magazine365\/#website","url":"https:\/\/eldigitaldeasturias.com\/magazine365\/","name":"El Digital de Asturias","description":"Revista de ocio, turismo y estilo de vida","inLanguage":"es-ES","publisher":{"@id":"https:\/\/eldigitaldeasturias.com\/magazine365\/#organization"}}]},"og:locale":"es_ES","og:site_name":"El Digital de Asturias \u2013 Revista de ocio, turismo y estilo de vida","og:type":"article","og:title":"Montilla presenta un proyecto vitivin\u00edcola para potenciar el turismo enol\u00f3gico | El Digital de Asturias","og:description":"Los concejales del Ayuntamiento de Montilla (C\u00f3rdoba) de Promoci\u00f3n, Turismo y Festejos, Antonio Agust\u00edn Ligero, y el de Promoci\u00f3n Econ\u00f3mica, Innovaci\u00f3n y Comercio, Manuel Carmona, han dado a conocer este lunes el programa 'Experiencias Vitivin\u00edcolas en el Al-Andalus' (EVA) que, junto a la localidad onubense de La Palma del Condado y las portuguesas Lagoa (Algarve)","og:url":"https:\/\/eldigitaldeasturias.com\/magazine365\/montilla-presenta-un-proyecto-vitivinicola-para-potenciar-el-turismo-enologico\/","og:image":"https:\/\/eldigitaldeasturias.com\/magazine365\/wp-content\/uploads\/2016\/01\/fotonoticia_20160125182155_800.jpg","og:image:secure_url":"https:\/\/eldigitaldeasturias.com\/magazine365\/wp-content\/uploads\/2016\/01\/fotonoticia_20160125182155_800.jpg","og:image:width":800,"og:image:height":534,"article:published_time":"2016-01-25T23:11:49+00:00","article:modified_time":"2016-01-25T23:11:49+00:00","twitter:card":"summary_large_image","twitter:title":"Montilla presenta un proyecto vitivin\u00edcola para potenciar el turismo enol\u00f3gico | El Digital de Asturias","twitter:description":"Los concejales del Ayuntamiento de Montilla (C\u00f3rdoba) de Promoci\u00f3n, Turismo y Festejos, Antonio Agust\u00edn Ligero, y el de Promoci\u00f3n Econ\u00f3mica, Innovaci\u00f3n y Comercio, Manuel Carmona, han dado a conocer este lunes el programa 'Experiencias Vitivin\u00edcolas en el Al-Andalus' (EVA) que, junto a la localidad onubense de La Palma del Condado y las portuguesas Lagoa (Algarve)","twitter:image":"https:\/\/eldigitaldeasturias.com\/magazine365\/wp-content\/uploads\/2016\/01\/fotonoticia_20160125182155_800.jpg"},"aioseo_meta_data":{"post_id":"62098","title":null,"description":null,"keywords":null,"keyphrases":null,"primary_term":null,"canonical_url":null,"og_title":null,"og_description":null,"og_object_type":"default","og_image_type":"default","og_image_url":null,"og_image_width":null,"og_image_height":null,"og_image_custom_url":null,"og_image_custom_fields":null,"og_video":null,"og_custom_url":null,"og_article_section":null,"og_article_tags":null,"twitter_use_og":false,"twitter_card":"default","twitter_image_type":"default","twitter_image_url":null,"twitter_image_custom_url":null,"twitter_image_custom_fields":null,"twitter_title":null,"twitter_description":null,"schema":{"blockGraphs":[],"customGraphs":[],"default":{"data":{"Article":[],"Course":[],"Dataset":[],"FAQPage":[],"Movie":[],"Person":[],"Product":[],"ProductReview":[],"Car":[],"Recipe":[],"Service":[],"SoftwareApplication":[],"WebPage":[]},"graphName":"","isEnabled":true},"graphs":[],"defaultGraph":"","defaultPostTypeGraph":""},"schema_type":null,"schema_type_options":null,"pillar_content":false,"robots_default":true,"robots_noindex":false,"robots_noarchive":false,"robots_nosnippet":false,"robots_nofollow":false,"robots_noimageindex":false,"robots_noodp":false,"robots_notranslate":false,"robots_max_snippet":null,"robots_max_videopreview":null,"robots_max_imagepreview":"large","priority":null,"frequency":null,"location":null,"local_seo":null,"seo_analyzer_scan_date":"2025-09-25 10:23:55","breadcrumb_settings":null,"limit_modified_date":false,"open_ai":null,"ai":null,"created":"2021-03-08 21:40:49","updated":"2025-09-25 10:23:55"},"aioseo_breadcrumb":"<div class=\"aioseo-breadcrumbs\"><span class=\"aioseo-breadcrumb\">\n\t<a href=\"https:\/\/eldigitaldeasturias.com\/magazine365\" title=\"Home\">Home<\/a>\n<\/span><span class=\"aioseo-breadcrumb-separator\">\u2013<\/span><span class=\"aioseo-breadcrumb\">\n\t<a href=\"https:\/\/eldigitaldeasturias.com\/magazine365\/category\/noticias-actualidad\/\" title=\"Noticias y Actualidad\">Noticias y Actualidad<\/a>\n<\/span><span class=\"aioseo-breadcrumb-separator\">\u2013<\/span><span class=\"aioseo-breadcrumb\">\n\t<a href=\"https:\/\/eldigitaldeasturias.com\/magazine365\/montilla-presenta-un-proyecto-vitivinicola-para-potenciar-el-turismo-enologico\/\" title=\"Montilla presenta un proyecto vitivin\u00edcola para potenciar el turismo enol\u00f3gico\">Montilla presenta un proyecto vitivin\u00edcola para potenciar el turismo enol\u00f3gico<\/a>\n<\/span><\/div>","aioseo_breadcrumb_json":[{"label":"Home","link":"https:\/\/eldigitaldeasturias.com\/magazine365"},{"label":"Noticias y Actualidad","link":"https:\/\/eldigitaldeasturias.com\/magazine365\/category\/noticias-actualidad\/"},{"label":"Montilla presenta un proyecto vitivin\u00edcola para potenciar el turismo enol\u00f3gico","link":"https:\/\/eldigitaldeasturias.com\/magazine365\/montilla-presenta-un-proyecto-vitivinicola-para-potenciar-el-turismo-enologico\/"}],"_links":{"self":[{"href":"https:\/\/eldigitaldeasturias.com\/magazine365\/wp-json\/wp\/v2\/posts\/62098","targetHints":{"allow":["GET"]}}],"collection":[{"href":"https:\/\/eldigitaldeasturias.com\/magazine365\/wp-json\/wp\/v2\/posts"}],"about":[{"href":"https:\/\/eldigitaldeasturias.com\/magazine365\/wp-json\/wp\/v2\/types\/post"}],"author":[{"embeddable":true,"href":"https:\/\/eldigitaldeasturias.com\/magazine365\/wp-json\/wp\/v2\/users\/1"}],"replies":[{"embeddable":true,"href":"https:\/\/eldigitaldeasturias.com\/magazine365\/wp-json\/wp\/v2\/comments?post=62098"}],"version-history":[{"count":0,"href":"https:\/\/eldigitaldeasturias.com\/magazine365\/wp-json\/wp\/v2\/posts\/62098\/revisions"}],"wp:featuredmedia":[{"embeddable":true,"href":"https:\/\/eldigitaldeasturias.com\/magazine365\/wp-json\/wp\/v2\/media\/62099"}],"wp:attachment":[{"href":"https:\/\/eldigitaldeasturias.com\/magazine365\/wp-json\/wp\/v2\/media?parent=62098"}],"wp:term":[{"taxonomy":"category","embeddable":true,"href":"https:\/\/eldigitaldeasturias.com\/magazine365\/wp-json\/wp\/v2\/categories?post=62098"},{"taxonomy":"post_tag","embeddable":true,"href":"https:\/\/eldigitaldeasturias.com\/magazine365\/wp-json\/wp\/v2\/tags?post=62098"}],"curies":[{"name":"wp","href":"https:\/\/api.w.org\/{rel}","templated":true}]}}