{"id":62095,"date":"2016-01-26T00:02:27","date_gmt":"2016-01-25T23:02:27","guid":{"rendered":"http:\/\/eldigitaldeasturias.com\/magazine365\/?p=62095"},"modified":"2016-01-26T00:02:27","modified_gmt":"2016-01-25T23:02:27","slug":"el-stand-de-la-region-de-murcia-atiende-a-15-000-personas-entre-publico-y-profesionales","status":"publish","type":"post","link":"https:\/\/eldigitaldeasturias.com\/magazine365\/el-stand-de-la-region-de-murcia-atiende-a-15-000-personas-entre-publico-y-profesionales\/","title":{"rendered":"El stand de la Regi\u00f3n de Murcia atiende a 15.000 personas, entre p\u00fablico y profesionales"},"content":{"rendered":"<p><img fetchpriority=\"high\" decoding=\"async\" class=\"alignleft size-medium wp-image-62096\" src=\"https:\/\/eldigitaldeasturias.com\/magazine365\/wp-content\/uploads\/2016\/01\/fotonoticia_20160125175038_800-360x270.jpg\" alt=\"fotonoticia_20160125175038_800\" width=\"360\" height=\"270\" srcset=\"https:\/\/eldigitaldeasturias.com\/magazine365\/wp-content\/uploads\/2016\/01\/fotonoticia_20160125175038_800-360x270.jpg 360w, https:\/\/eldigitaldeasturias.com\/magazine365\/wp-content\/uploads\/2016\/01\/fotonoticia_20160125175038_800-650x488.jpg 650w, https:\/\/eldigitaldeasturias.com\/magazine365\/wp-content\/uploads\/2016\/01\/fotonoticia_20160125175038_800-768x576.jpg 768w, https:\/\/eldigitaldeasturias.com\/magazine365\/wp-content\/uploads\/2016\/01\/fotonoticia_20160125175038_800-150x113.jpg 150w, https:\/\/eldigitaldeasturias.com\/magazine365\/wp-content\/uploads\/2016\/01\/fotonoticia_20160125175038_800-450x338.jpg 450w, https:\/\/eldigitaldeasturias.com\/magazine365\/wp-content\/uploads\/2016\/01\/fotonoticia_20160125175038_800-80x60.jpg 80w, https:\/\/eldigitaldeasturias.com\/magazine365\/wp-content\/uploads\/2016\/01\/fotonoticia_20160125175038_800-265x198.jpg 265w, https:\/\/eldigitaldeasturias.com\/magazine365\/wp-content\/uploads\/2016\/01\/fotonoticia_20160125175038_800-696x522.jpg 696w, https:\/\/eldigitaldeasturias.com\/magazine365\/wp-content\/uploads\/2016\/01\/fotonoticia_20160125175038_800-560x420.jpg 560w, https:\/\/eldigitaldeasturias.com\/magazine365\/wp-content\/uploads\/2016\/01\/fotonoticia_20160125175038_800-90x67.jpg 90w, https:\/\/eldigitaldeasturias.com\/magazine365\/wp-content\/uploads\/2016\/01\/fotonoticia_20160125175038_800-164x124.jpg 164w, https:\/\/eldigitaldeasturias.com\/magazine365\/wp-content\/uploads\/2016\/01\/fotonoticia_20160125175038_800-100x75.jpg 100w, https:\/\/eldigitaldeasturias.com\/magazine365\/wp-content\/uploads\/2016\/01\/fotonoticia_20160125175038_800.jpg 800w\" sizes=\"(max-width: 360px) 100vw, 360px\" \/>El stand de la Regi\u00f3n de Murcia en la Feria Internacional de Turismo de Madrid (Fitur) atendi\u00f3 a alrededor de 15.000 personas, entre p\u00fablico y profesionales. Fitur, que celebr\u00f3, entre el 20 y el 24 de enero, su trig\u00e9simo sexta edici\u00f3n, ha contado con tres d\u00edas dedicados exclusivamente a la actividad profesional y dos jornadas de puertas abiertas.<\/p>\n<p>El stand de la Regi\u00f3n, ubicado un a\u00f1o m\u00e1s en el Pabell\u00f3n 7, \u00abtuvo una gran acogida por los visitantes, del mismo modo que la promoci\u00f3n segmentada por productos, que ha sido celebrada tanto por los empresarios del sector como por las administraciones locales\u00bb, indic\u00f3 el director general del Instituto de Turismo, Manuel Fern\u00e1ndez-Delgado.<\/p>\n<p>Otro de los aciertos, seg\u00fan indic\u00f3 el director, fue el mostrador \u00fanico del stand en el que 15.000 personas fueron atendidas por los gu\u00edas oficiales de Turismo de la Regi\u00f3n de Murcia. Asimismo, el hecho de que el stand murciano haya extendido su servicio de degustaciones tambi\u00e9n al fin de semana permiti\u00f3 a m\u00e1s de 12.000 personas disfrutar de los productos enogastron\u00f3micos t\u00edpicos de la Regi\u00f3n durante los cinco d\u00edas que dur\u00f3 el certamen.<\/p>\n<p>Respecto al \u00e1rea de experiencias, cerca de 1.000 personas pasaron por el &#8216;photocall&#8217; regional y sobrepasaron las 1.200 las que acudieron a la &#8216;zona experiencias&#8217; para montar en los simuladores de motos n\u00e1uticas en el Mar Menor, seg\u00fan informaron fuentes del Gobierno regional en un comunicado.<\/p>\n<p>Adem\u00e1s, a la feria acudieron m\u00e1s de 200 profesionales del sector tur\u00edstico de la Regi\u00f3n de Murcia. En cuanto al n\u00famero de encuentros profesionales celebrados en Fitur, la Regi\u00f3n triplic\u00f3 la cifra del a\u00f1o pasado y sald\u00f3 la feria con 300 reuniones mantenidas por empresas del sector y t\u00e9cnicos del Instituto de Turismo.<\/p>\n<p>\u00abEstas cifras, junto con las m\u00e1s de 30.000 personas que visitaron el stand murciano, ponen de relieve lo productivo que ha resultado Fitur para el Turismo de la Regi\u00f3n, tanto en t\u00e9rminos de promoci\u00f3n como de negocio\u00bb, subray\u00f3 Manuel Fern\u00e1ndez-Delgado, quien adem\u00e1s record\u00f3 que \u00aben Madrid se lograron cerrar acuerdos estrat\u00e9gicos cuya rentabilidad ya se puede medir y que vamos a ver materializarse muy pronto\u00bb.<\/p>\n<p>UN FITUR DE R\u00c9CORD<\/p>\n<p>Seg\u00fan fuentes de la organizaci\u00f3n, este a\u00f1o Fitur ha cerrado sus puertas con un r\u00e9cord hist\u00f3rico de participaci\u00f3n: 232.000 visitantes, un seis por ciento m\u00e1s que el a\u00f1o pasado.<\/p>\n<p>Adem\u00e1s, han estado presentes m\u00e1s de 1.600 empresas de 165 pa\u00edses y regiones en un total de 67.000 metros cuadrados. La feria ha contado con la participaci\u00f3n de 125.000 profesionales en las tres primeras jornadas, \u00ablo que supone un crecimiento del dos por ciento respecto al a\u00f1o pasado, que ya super\u00f3, a su vez, las mejores cifras de los a\u00f1os anteriores\u00bb, explic\u00f3 el director general.<\/p>\n<p>La participaci\u00f3n de las empresas tambi\u00e9n ha batido un r\u00e9cord, ya que han sido 9.605, un 3,4 por ciento m\u00e1s, con un crecimiento significativo de las internacionales, del cuatro por ciento.<\/p>\n<p>En cuanto al p\u00fablico en general, la edici\u00f3n de 2016 de Fitur se ha cerrado con un incremento del diez por ciento, hasta 107.213 personas, lo que, sumado a las cifras anteriores, supone 232.000 visitas, el seis por ciento m\u00e1s que en 2015.<\/p>\n","protected":false},"excerpt":{"rendered":"<p>El stand de la Regi\u00f3n de Murcia en la Feria Internacional de Turismo de Madrid (Fitur) atendi\u00f3 a alrededor de 15.000 personas, entre p\u00fablico y profesionales. Fitur, que celebr\u00f3, entre el 20 y el 24 de enero, su trig\u00e9simo sexta edici\u00f3n, ha contado con tres d\u00edas dedicados exclusivamente a la actividad profesional y dos jornadas<\/p>\n","protected":false},"author":1,"featured_media":62096,"comment_status":"open","ping_status":"closed","sticky":false,"template":"","format":"standard","meta":{"footnotes":""},"categories":[224],"tags":[],"class_list":{"0":"post-62095","1":"post","2":"type-post","3":"status-publish","4":"format-standard","5":"has-post-thumbnail","7":"category-noticias-actualidad"},"aioseo_notices":[],"aioseo_head":"\n\t\t<!-- All in One SEO Pro 4.9.6.1 - aioseo.com -->\n\t<meta name=\"description\" content=\"El stand de la Regi\u00f3n de Murcia en la Feria Internacional de Turismo de Madrid (Fitur) atendi\u00f3 a alrededor de 15.000 personas, entre p\u00fablico y profesionales. Fitur, que celebr\u00f3, entre el 20 y el 24 de enero, su trig\u00e9simo sexta edici\u00f3n, ha contado con tres d\u00edas dedicados exclusivamente a la actividad profesional y dos jornadas\" \/>\n\t<meta name=\"robots\" content=\"max-image-preview:large\" \/>\n\t<meta name=\"author\" content=\"admin\"\/>\n\t<meta name=\"google-site-verification\" content=\"UA-38556648-1\" \/>\n\t<meta name=\"keywords\" content=\"noticias y actualidad\" \/>\n\t<link rel=\"canonical\" href=\"https:\/\/eldigitaldeasturias.com\/magazine365\/el-stand-de-la-region-de-murcia-atiende-a-15-000-personas-entre-publico-y-profesionales\/\" \/>\n\t<meta name=\"generator\" content=\"All in One SEO Pro (AIOSEO) 4.9.6.1\" \/>\n\t\t<meta property=\"og:locale\" content=\"es_ES\" \/>\n\t\t<meta property=\"og:site_name\" content=\"El Digital de Asturias \u2013 Revista de ocio, turismo y estilo de vida\" \/>\n\t\t<meta property=\"og:type\" content=\"article\" \/>\n\t\t<meta property=\"og:title\" content=\"El stand de la Regi\u00f3n de Murcia atiende a 15.000 personas, entre p\u00fablico y profesionales | El Digital de Asturias\" \/>\n\t\t<meta property=\"og:description\" content=\"El stand de la Regi\u00f3n de Murcia en la Feria Internacional de Turismo de Madrid (Fitur) atendi\u00f3 a alrededor de 15.000 personas, entre p\u00fablico y profesionales. Fitur, que celebr\u00f3, entre el 20 y el 24 de enero, su trig\u00e9simo sexta edici\u00f3n, ha contado con tres d\u00edas dedicados exclusivamente a la actividad profesional y dos jornadas\" \/>\n\t\t<meta property=\"og:url\" content=\"https:\/\/eldigitaldeasturias.com\/magazine365\/el-stand-de-la-region-de-murcia-atiende-a-15-000-personas-entre-publico-y-profesionales\/\" \/>\n\t\t<meta property=\"og:image\" content=\"https:\/\/eldigitaldeasturias.com\/magazine365\/wp-content\/uploads\/2016\/01\/fotonoticia_20160125175038_800.jpg\" \/>\n\t\t<meta property=\"og:image:secure_url\" content=\"https:\/\/eldigitaldeasturias.com\/magazine365\/wp-content\/uploads\/2016\/01\/fotonoticia_20160125175038_800.jpg\" \/>\n\t\t<meta property=\"og:image:width\" content=\"800\" \/>\n\t\t<meta property=\"og:image:height\" content=\"600\" \/>\n\t\t<meta property=\"article:published_time\" content=\"2016-01-25T23:02:27+00:00\" \/>\n\t\t<meta property=\"article:modified_time\" content=\"2016-01-25T23:02:27+00:00\" \/>\n\t\t<meta name=\"twitter:card\" content=\"summary_large_image\" \/>\n\t\t<meta name=\"twitter:title\" content=\"El stand de la Regi\u00f3n de Murcia atiende a 15.000 personas, entre p\u00fablico y profesionales | El Digital de Asturias\" \/>\n\t\t<meta name=\"twitter:description\" content=\"El stand de la Regi\u00f3n de Murcia en la Feria Internacional de Turismo de Madrid (Fitur) atendi\u00f3 a alrededor de 15.000 personas, entre p\u00fablico y profesionales. Fitur, que celebr\u00f3, entre el 20 y el 24 de enero, su trig\u00e9simo sexta edici\u00f3n, ha contado con tres d\u00edas dedicados exclusivamente a la actividad profesional y dos jornadas\" \/>\n\t\t<meta name=\"twitter:image\" content=\"https:\/\/eldigitaldeasturias.com\/magazine365\/wp-content\/uploads\/2016\/01\/fotonoticia_20160125175038_800.jpg\" \/>\n\t\t<script type=\"application\/ld+json\" class=\"aioseo-schema\">\n\t\t\t{\"@context\":\"https:\\\/\\\/schema.org\",\"@graph\":[{\"@type\":\"Article\",\"@id\":\"https:\\\/\\\/eldigitaldeasturias.com\\\/magazine365\\\/el-stand-de-la-region-de-murcia-atiende-a-15-000-personas-entre-publico-y-profesionales\\\/#article\",\"name\":\"El stand de la Regi\\u00f3n de Murcia atiende a 15.000 personas, entre p\\u00fablico y profesionales | El Digital de Asturias\",\"headline\":\"El stand de la Regi\\u00f3n de Murcia atiende a 15.000 personas, entre p\\u00fablico y profesionales\",\"author\":{\"@id\":\"https:\\\/\\\/eldigitaldeasturias.com\\\/magazine365\\\/author\\\/admin\\\/#author\"},\"publisher\":{\"@id\":\"https:\\\/\\\/eldigitaldeasturias.com\\\/magazine365\\\/#organization\"},\"image\":{\"@type\":\"ImageObject\",\"url\":\"https:\\\/\\\/eldigitaldeasturias.com\\\/magazine365\\\/wp-content\\\/uploads\\\/2016\\\/01\\\/fotonoticia_20160125175038_800.jpg\",\"width\":800,\"height\":600},\"datePublished\":\"2016-01-26T00:02:27+01:00\",\"dateModified\":\"2016-01-26T00:02:27+01:00\",\"inLanguage\":\"es-ES\",\"mainEntityOfPage\":{\"@id\":\"https:\\\/\\\/eldigitaldeasturias.com\\\/magazine365\\\/el-stand-de-la-region-de-murcia-atiende-a-15-000-personas-entre-publico-y-profesionales\\\/#webpage\"},\"isPartOf\":{\"@id\":\"https:\\\/\\\/eldigitaldeasturias.com\\\/magazine365\\\/el-stand-de-la-region-de-murcia-atiende-a-15-000-personas-entre-publico-y-profesionales\\\/#webpage\"},\"articleSection\":\"Noticias y Actualidad\"},{\"@type\":\"BreadcrumbList\",\"@id\":\"https:\\\/\\\/eldigitaldeasturias.com\\\/magazine365\\\/el-stand-de-la-region-de-murcia-atiende-a-15-000-personas-entre-publico-y-profesionales\\\/#breadcrumblist\",\"itemListElement\":[{\"@type\":\"ListItem\",\"@id\":\"https:\\\/\\\/eldigitaldeasturias.com\\\/magazine365#listItem\",\"position\":1,\"name\":\"Home\",\"item\":\"https:\\\/\\\/eldigitaldeasturias.com\\\/magazine365\",\"nextItem\":{\"@type\":\"ListItem\",\"@id\":\"https:\\\/\\\/eldigitaldeasturias.com\\\/magazine365\\\/category\\\/noticias-actualidad\\\/#listItem\",\"name\":\"Noticias y Actualidad\"}},{\"@type\":\"ListItem\",\"@id\":\"https:\\\/\\\/eldigitaldeasturias.com\\\/magazine365\\\/category\\\/noticias-actualidad\\\/#listItem\",\"position\":2,\"name\":\"Noticias y Actualidad\",\"item\":\"https:\\\/\\\/eldigitaldeasturias.com\\\/magazine365\\\/category\\\/noticias-actualidad\\\/\",\"nextItem\":{\"@type\":\"ListItem\",\"@id\":\"https:\\\/\\\/eldigitaldeasturias.com\\\/magazine365\\\/el-stand-de-la-region-de-murcia-atiende-a-15-000-personas-entre-publico-y-profesionales\\\/#listItem\",\"name\":\"El stand de la Regi\\u00f3n de Murcia atiende a 15.000 personas, entre p\\u00fablico y profesionales\"},\"previousItem\":{\"@type\":\"ListItem\",\"@id\":\"https:\\\/\\\/eldigitaldeasturias.com\\\/magazine365#listItem\",\"name\":\"Home\"}},{\"@type\":\"ListItem\",\"@id\":\"https:\\\/\\\/eldigitaldeasturias.com\\\/magazine365\\\/el-stand-de-la-region-de-murcia-atiende-a-15-000-personas-entre-publico-y-profesionales\\\/#listItem\",\"position\":3,\"name\":\"El stand de la Regi\\u00f3n de Murcia atiende a 15.000 personas, entre p\\u00fablico y profesionales\",\"previousItem\":{\"@type\":\"ListItem\",\"@id\":\"https:\\\/\\\/eldigitaldeasturias.com\\\/magazine365\\\/category\\\/noticias-actualidad\\\/#listItem\",\"name\":\"Noticias y Actualidad\"}}]},{\"@type\":\"Organization\",\"@id\":\"https:\\\/\\\/eldigitaldeasturias.com\\\/magazine365\\\/#organization\",\"name\":\"El digital de Asturias\",\"description\":\"Revista de ocio, turismo y estilo de vida\",\"url\":\"https:\\\/\\\/eldigitaldeasturias.com\\\/magazine365\\\/\",\"logo\":{\"@type\":\"ImageObject\",\"url\":\"https:\\\/\\\/www.eldigitaldeasturias.com\\\/noticias\\\/wp-content\\\/uploads\\\/2020\\\/12\\\/EDA.jpg\",\"@id\":\"https:\\\/\\\/eldigitaldeasturias.com\\\/magazine365\\\/el-stand-de-la-region-de-murcia-atiende-a-15-000-personas-entre-publico-y-profesionales\\\/#organizationLogo\"},\"image\":{\"@id\":\"https:\\\/\\\/eldigitaldeasturias.com\\\/magazine365\\\/el-stand-de-la-region-de-murcia-atiende-a-15-000-personas-entre-publico-y-profesionales\\\/#organizationLogo\"}},{\"@type\":\"Person\",\"@id\":\"https:\\\/\\\/eldigitaldeasturias.com\\\/magazine365\\\/author\\\/admin\\\/#author\",\"url\":\"https:\\\/\\\/eldigitaldeasturias.com\\\/magazine365\\\/author\\\/admin\\\/\",\"name\":\"admin\",\"image\":{\"@type\":\"ImageObject\",\"@id\":\"https:\\\/\\\/eldigitaldeasturias.com\\\/magazine365\\\/el-stand-de-la-region-de-murcia-atiende-a-15-000-personas-entre-publico-y-profesionales\\\/#authorImage\",\"url\":\"https:\\\/\\\/eldigitaldeasturias.com\\\/magazine365\\\/wp-content\\\/litespeed\\\/avatar\\\/e571bcf59a0edd6fa6838245a470f2fe.jpg?ver=1776969259\",\"width\":96,\"height\":96,\"caption\":\"admin\"}},{\"@type\":\"WebPage\",\"@id\":\"https:\\\/\\\/eldigitaldeasturias.com\\\/magazine365\\\/el-stand-de-la-region-de-murcia-atiende-a-15-000-personas-entre-publico-y-profesionales\\\/#webpage\",\"url\":\"https:\\\/\\\/eldigitaldeasturias.com\\\/magazine365\\\/el-stand-de-la-region-de-murcia-atiende-a-15-000-personas-entre-publico-y-profesionales\\\/\",\"name\":\"El stand de la Regi\\u00f3n de Murcia atiende a 15.000 personas, entre p\\u00fablico y profesionales | El Digital de Asturias\",\"description\":\"El stand de la Regi\\u00f3n de Murcia en la Feria Internacional de Turismo de Madrid (Fitur) atendi\\u00f3 a alrededor de 15.000 personas, entre p\\u00fablico y profesionales. Fitur, que celebr\\u00f3, entre el 20 y el 24 de enero, su trig\\u00e9simo sexta edici\\u00f3n, ha contado con tres d\\u00edas dedicados exclusivamente a la actividad profesional y dos jornadas\",\"inLanguage\":\"es-ES\",\"isPartOf\":{\"@id\":\"https:\\\/\\\/eldigitaldeasturias.com\\\/magazine365\\\/#website\"},\"breadcrumb\":{\"@id\":\"https:\\\/\\\/eldigitaldeasturias.com\\\/magazine365\\\/el-stand-de-la-region-de-murcia-atiende-a-15-000-personas-entre-publico-y-profesionales\\\/#breadcrumblist\"},\"author\":{\"@id\":\"https:\\\/\\\/eldigitaldeasturias.com\\\/magazine365\\\/author\\\/admin\\\/#author\"},\"creator\":{\"@id\":\"https:\\\/\\\/eldigitaldeasturias.com\\\/magazine365\\\/author\\\/admin\\\/#author\"},\"image\":{\"@type\":\"ImageObject\",\"url\":\"https:\\\/\\\/eldigitaldeasturias.com\\\/magazine365\\\/wp-content\\\/uploads\\\/2016\\\/01\\\/fotonoticia_20160125175038_800.jpg\",\"@id\":\"https:\\\/\\\/eldigitaldeasturias.com\\\/magazine365\\\/el-stand-de-la-region-de-murcia-atiende-a-15-000-personas-entre-publico-y-profesionales\\\/#mainImage\",\"width\":800,\"height\":600},\"primaryImageOfPage\":{\"@id\":\"https:\\\/\\\/eldigitaldeasturias.com\\\/magazine365\\\/el-stand-de-la-region-de-murcia-atiende-a-15-000-personas-entre-publico-y-profesionales\\\/#mainImage\"},\"datePublished\":\"2016-01-26T00:02:27+01:00\",\"dateModified\":\"2016-01-26T00:02:27+01:00\"},{\"@type\":\"WebSite\",\"@id\":\"https:\\\/\\\/eldigitaldeasturias.com\\\/magazine365\\\/#website\",\"url\":\"https:\\\/\\\/eldigitaldeasturias.com\\\/magazine365\\\/\",\"name\":\"El Digital de Asturias\",\"description\":\"Revista de ocio, turismo y estilo de vida\",\"inLanguage\":\"es-ES\",\"publisher\":{\"@id\":\"https:\\\/\\\/eldigitaldeasturias.com\\\/magazine365\\\/#organization\"}}]}\n\t\t<\/script>\n\t\t<!-- All in One SEO Pro -->\r\n\t\t<title>El stand de la Regi\u00f3n de Murcia atiende a 15.000 personas, entre p\u00fablico y profesionales | El Digital de Asturias<\/title>\n\n","aioseo_head_json":{"title":"El stand de la Regi\u00f3n de Murcia atiende a 15.000 personas, entre p\u00fablico y profesionales | El Digital de Asturias","description":"El stand de la Regi\u00f3n de Murcia en la Feria Internacional de Turismo de Madrid (Fitur) atendi\u00f3 a alrededor de 15.000 personas, entre p\u00fablico y profesionales. Fitur, que celebr\u00f3, entre el 20 y el 24 de enero, su trig\u00e9simo sexta edici\u00f3n, ha contado con tres d\u00edas dedicados exclusivamente a la actividad profesional y dos jornadas","canonical_url":"https:\/\/eldigitaldeasturias.com\/magazine365\/el-stand-de-la-region-de-murcia-atiende-a-15-000-personas-entre-publico-y-profesionales\/","robots":"max-image-preview:large","keywords":"noticias y actualidad","webmasterTools":{"google-site-verification":"UA-38556648-1","miscellaneous":""},"schema":{"@context":"https:\/\/schema.org","@graph":[{"@type":"Article","@id":"https:\/\/eldigitaldeasturias.com\/magazine365\/el-stand-de-la-region-de-murcia-atiende-a-15-000-personas-entre-publico-y-profesionales\/#article","name":"El stand de la Regi\u00f3n de Murcia atiende a 15.000 personas, entre p\u00fablico y profesionales | El Digital de Asturias","headline":"El stand de la Regi\u00f3n de Murcia atiende a 15.000 personas, entre p\u00fablico y profesionales","author":{"@id":"https:\/\/eldigitaldeasturias.com\/magazine365\/author\/admin\/#author"},"publisher":{"@id":"https:\/\/eldigitaldeasturias.com\/magazine365\/#organization"},"image":{"@type":"ImageObject","url":"https:\/\/eldigitaldeasturias.com\/magazine365\/wp-content\/uploads\/2016\/01\/fotonoticia_20160125175038_800.jpg","width":800,"height":600},"datePublished":"2016-01-26T00:02:27+01:00","dateModified":"2016-01-26T00:02:27+01:00","inLanguage":"es-ES","mainEntityOfPage":{"@id":"https:\/\/eldigitaldeasturias.com\/magazine365\/el-stand-de-la-region-de-murcia-atiende-a-15-000-personas-entre-publico-y-profesionales\/#webpage"},"isPartOf":{"@id":"https:\/\/eldigitaldeasturias.com\/magazine365\/el-stand-de-la-region-de-murcia-atiende-a-15-000-personas-entre-publico-y-profesionales\/#webpage"},"articleSection":"Noticias y Actualidad"},{"@type":"BreadcrumbList","@id":"https:\/\/eldigitaldeasturias.com\/magazine365\/el-stand-de-la-region-de-murcia-atiende-a-15-000-personas-entre-publico-y-profesionales\/#breadcrumblist","itemListElement":[{"@type":"ListItem","@id":"https:\/\/eldigitaldeasturias.com\/magazine365#listItem","position":1,"name":"Home","item":"https:\/\/eldigitaldeasturias.com\/magazine365","nextItem":{"@type":"ListItem","@id":"https:\/\/eldigitaldeasturias.com\/magazine365\/category\/noticias-actualidad\/#listItem","name":"Noticias y Actualidad"}},{"@type":"ListItem","@id":"https:\/\/eldigitaldeasturias.com\/magazine365\/category\/noticias-actualidad\/#listItem","position":2,"name":"Noticias y Actualidad","item":"https:\/\/eldigitaldeasturias.com\/magazine365\/category\/noticias-actualidad\/","nextItem":{"@type":"ListItem","@id":"https:\/\/eldigitaldeasturias.com\/magazine365\/el-stand-de-la-region-de-murcia-atiende-a-15-000-personas-entre-publico-y-profesionales\/#listItem","name":"El stand de la Regi\u00f3n de Murcia atiende a 15.000 personas, entre p\u00fablico y profesionales"},"previousItem":{"@type":"ListItem","@id":"https:\/\/eldigitaldeasturias.com\/magazine365#listItem","name":"Home"}},{"@type":"ListItem","@id":"https:\/\/eldigitaldeasturias.com\/magazine365\/el-stand-de-la-region-de-murcia-atiende-a-15-000-personas-entre-publico-y-profesionales\/#listItem","position":3,"name":"El stand de la Regi\u00f3n de Murcia atiende a 15.000 personas, entre p\u00fablico y profesionales","previousItem":{"@type":"ListItem","@id":"https:\/\/eldigitaldeasturias.com\/magazine365\/category\/noticias-actualidad\/#listItem","name":"Noticias y Actualidad"}}]},{"@type":"Organization","@id":"https:\/\/eldigitaldeasturias.com\/magazine365\/#organization","name":"El digital de Asturias","description":"Revista de ocio, turismo y estilo de vida","url":"https:\/\/eldigitaldeasturias.com\/magazine365\/","logo":{"@type":"ImageObject","url":"https:\/\/www.eldigitaldeasturias.com\/noticias\/wp-content\/uploads\/2020\/12\/EDA.jpg","@id":"https:\/\/eldigitaldeasturias.com\/magazine365\/el-stand-de-la-region-de-murcia-atiende-a-15-000-personas-entre-publico-y-profesionales\/#organizationLogo"},"image":{"@id":"https:\/\/eldigitaldeasturias.com\/magazine365\/el-stand-de-la-region-de-murcia-atiende-a-15-000-personas-entre-publico-y-profesionales\/#organizationLogo"}},{"@type":"Person","@id":"https:\/\/eldigitaldeasturias.com\/magazine365\/author\/admin\/#author","url":"https:\/\/eldigitaldeasturias.com\/magazine365\/author\/admin\/","name":"admin","image":{"@type":"ImageObject","@id":"https:\/\/eldigitaldeasturias.com\/magazine365\/el-stand-de-la-region-de-murcia-atiende-a-15-000-personas-entre-publico-y-profesionales\/#authorImage","url":"https:\/\/eldigitaldeasturias.com\/magazine365\/wp-content\/litespeed\/avatar\/e571bcf59a0edd6fa6838245a470f2fe.jpg?ver=1776969259","width":96,"height":96,"caption":"admin"}},{"@type":"WebPage","@id":"https:\/\/eldigitaldeasturias.com\/magazine365\/el-stand-de-la-region-de-murcia-atiende-a-15-000-personas-entre-publico-y-profesionales\/#webpage","url":"https:\/\/eldigitaldeasturias.com\/magazine365\/el-stand-de-la-region-de-murcia-atiende-a-15-000-personas-entre-publico-y-profesionales\/","name":"El stand de la Regi\u00f3n de Murcia atiende a 15.000 personas, entre p\u00fablico y profesionales | El Digital de Asturias","description":"El stand de la Regi\u00f3n de Murcia en la Feria Internacional de Turismo de Madrid (Fitur) atendi\u00f3 a alrededor de 15.000 personas, entre p\u00fablico y profesionales. Fitur, que celebr\u00f3, entre el 20 y el 24 de enero, su trig\u00e9simo sexta edici\u00f3n, ha contado con tres d\u00edas dedicados exclusivamente a la actividad profesional y dos jornadas","inLanguage":"es-ES","isPartOf":{"@id":"https:\/\/eldigitaldeasturias.com\/magazine365\/#website"},"breadcrumb":{"@id":"https:\/\/eldigitaldeasturias.com\/magazine365\/el-stand-de-la-region-de-murcia-atiende-a-15-000-personas-entre-publico-y-profesionales\/#breadcrumblist"},"author":{"@id":"https:\/\/eldigitaldeasturias.com\/magazine365\/author\/admin\/#author"},"creator":{"@id":"https:\/\/eldigitaldeasturias.com\/magazine365\/author\/admin\/#author"},"image":{"@type":"ImageObject","url":"https:\/\/eldigitaldeasturias.com\/magazine365\/wp-content\/uploads\/2016\/01\/fotonoticia_20160125175038_800.jpg","@id":"https:\/\/eldigitaldeasturias.com\/magazine365\/el-stand-de-la-region-de-murcia-atiende-a-15-000-personas-entre-publico-y-profesionales\/#mainImage","width":800,"height":600},"primaryImageOfPage":{"@id":"https:\/\/eldigitaldeasturias.com\/magazine365\/el-stand-de-la-region-de-murcia-atiende-a-15-000-personas-entre-publico-y-profesionales\/#mainImage"},"datePublished":"2016-01-26T00:02:27+01:00","dateModified":"2016-01-26T00:02:27+01:00"},{"@type":"WebSite","@id":"https:\/\/eldigitaldeasturias.com\/magazine365\/#website","url":"https:\/\/eldigitaldeasturias.com\/magazine365\/","name":"El Digital de Asturias","description":"Revista de ocio, turismo y estilo de vida","inLanguage":"es-ES","publisher":{"@id":"https:\/\/eldigitaldeasturias.com\/magazine365\/#organization"}}]},"og:locale":"es_ES","og:site_name":"El Digital de Asturias \u2013 Revista de ocio, turismo y estilo de vida","og:type":"article","og:title":"El stand de la Regi\u00f3n de Murcia atiende a 15.000 personas, entre p\u00fablico y profesionales | El Digital de Asturias","og:description":"El stand de la Regi\u00f3n de Murcia en la Feria Internacional de Turismo de Madrid (Fitur) atendi\u00f3 a alrededor de 15.000 personas, entre p\u00fablico y profesionales. Fitur, que celebr\u00f3, entre el 20 y el 24 de enero, su trig\u00e9simo sexta edici\u00f3n, ha contado con tres d\u00edas dedicados exclusivamente a la actividad profesional y dos jornadas","og:url":"https:\/\/eldigitaldeasturias.com\/magazine365\/el-stand-de-la-region-de-murcia-atiende-a-15-000-personas-entre-publico-y-profesionales\/","og:image":"https:\/\/eldigitaldeasturias.com\/magazine365\/wp-content\/uploads\/2016\/01\/fotonoticia_20160125175038_800.jpg","og:image:secure_url":"https:\/\/eldigitaldeasturias.com\/magazine365\/wp-content\/uploads\/2016\/01\/fotonoticia_20160125175038_800.jpg","og:image:width":800,"og:image:height":600,"article:published_time":"2016-01-25T23:02:27+00:00","article:modified_time":"2016-01-25T23:02:27+00:00","twitter:card":"summary_large_image","twitter:title":"El stand de la Regi\u00f3n de Murcia atiende a 15.000 personas, entre p\u00fablico y profesionales | El Digital de Asturias","twitter:description":"El stand de la Regi\u00f3n de Murcia en la Feria Internacional de Turismo de Madrid (Fitur) atendi\u00f3 a alrededor de 15.000 personas, entre p\u00fablico y profesionales. Fitur, que celebr\u00f3, entre el 20 y el 24 de enero, su trig\u00e9simo sexta edici\u00f3n, ha contado con tres d\u00edas dedicados exclusivamente a la actividad profesional y dos jornadas","twitter:image":"https:\/\/eldigitaldeasturias.com\/magazine365\/wp-content\/uploads\/2016\/01\/fotonoticia_20160125175038_800.jpg"},"aioseo_meta_data":{"post_id":"62095","title":null,"description":null,"keywords":null,"keyphrases":null,"primary_term":null,"canonical_url":null,"og_title":null,"og_description":null,"og_object_type":"default","og_image_type":"default","og_image_url":null,"og_image_width":null,"og_image_height":null,"og_image_custom_url":null,"og_image_custom_fields":null,"og_video":null,"og_custom_url":null,"og_article_section":null,"og_article_tags":null,"twitter_use_og":false,"twitter_card":"default","twitter_image_type":"default","twitter_image_url":null,"twitter_image_custom_url":null,"twitter_image_custom_fields":null,"twitter_title":null,"twitter_description":null,"schema":{"blockGraphs":[],"customGraphs":[],"default":{"data":{"Article":[],"Course":[],"Dataset":[],"FAQPage":[],"Movie":[],"Person":[],"Product":[],"ProductReview":[],"Car":[],"Recipe":[],"Service":[],"SoftwareApplication":[],"WebPage":[]},"graphName":"","isEnabled":true},"graphs":[],"defaultGraph":"","defaultPostTypeGraph":""},"schema_type":null,"schema_type_options":null,"pillar_content":false,"robots_default":true,"robots_noindex":false,"robots_noarchive":false,"robots_nosnippet":false,"robots_nofollow":false,"robots_noimageindex":false,"robots_noodp":false,"robots_notranslate":false,"robots_max_snippet":null,"robots_max_videopreview":null,"robots_max_imagepreview":"large","priority":null,"frequency":null,"location":null,"local_seo":null,"seo_analyzer_scan_date":"2025-09-25 10:23:53","breadcrumb_settings":null,"limit_modified_date":false,"open_ai":null,"ai":null,"created":"2021-03-08 21:41:41","updated":"2025-09-25 10:23:53"},"aioseo_breadcrumb":"<div class=\"aioseo-breadcrumbs\"><span class=\"aioseo-breadcrumb\">\n\t<a href=\"https:\/\/eldigitaldeasturias.com\/magazine365\" title=\"Home\">Home<\/a>\n<\/span><span class=\"aioseo-breadcrumb-separator\">\u2013<\/span><span class=\"aioseo-breadcrumb\">\n\t<a href=\"https:\/\/eldigitaldeasturias.com\/magazine365\/category\/noticias-actualidad\/\" title=\"Noticias y Actualidad\">Noticias y Actualidad<\/a>\n<\/span><span class=\"aioseo-breadcrumb-separator\">\u2013<\/span><span class=\"aioseo-breadcrumb\">\n\t<a href=\"https:\/\/eldigitaldeasturias.com\/magazine365\/el-stand-de-la-region-de-murcia-atiende-a-15-000-personas-entre-publico-y-profesionales\/\" title=\"El stand de la Regi\u00f3n de Murcia atiende a 15.000 personas, entre p\u00fablico y profesionales\">El stand de la Regi\u00f3n de Murcia atiende a 15.000 personas, entre p\u00fablico y profesionales<\/a>\n<\/span><\/div>","aioseo_breadcrumb_json":[{"label":"Home","link":"https:\/\/eldigitaldeasturias.com\/magazine365"},{"label":"Noticias y Actualidad","link":"https:\/\/eldigitaldeasturias.com\/magazine365\/category\/noticias-actualidad\/"},{"label":"El stand de la Regi\u00f3n de Murcia atiende a 15.000 personas, entre p\u00fablico y profesionales","link":"https:\/\/eldigitaldeasturias.com\/magazine365\/el-stand-de-la-region-de-murcia-atiende-a-15-000-personas-entre-publico-y-profesionales\/"}],"_links":{"self":[{"href":"https:\/\/eldigitaldeasturias.com\/magazine365\/wp-json\/wp\/v2\/posts\/62095","targetHints":{"allow":["GET"]}}],"collection":[{"href":"https:\/\/eldigitaldeasturias.com\/magazine365\/wp-json\/wp\/v2\/posts"}],"about":[{"href":"https:\/\/eldigitaldeasturias.com\/magazine365\/wp-json\/wp\/v2\/types\/post"}],"author":[{"embeddable":true,"href":"https:\/\/eldigitaldeasturias.com\/magazine365\/wp-json\/wp\/v2\/users\/1"}],"replies":[{"embeddable":true,"href":"https:\/\/eldigitaldeasturias.com\/magazine365\/wp-json\/wp\/v2\/comments?post=62095"}],"version-history":[{"count":0,"href":"https:\/\/eldigitaldeasturias.com\/magazine365\/wp-json\/wp\/v2\/posts\/62095\/revisions"}],"wp:featuredmedia":[{"embeddable":true,"href":"https:\/\/eldigitaldeasturias.com\/magazine365\/wp-json\/wp\/v2\/media\/62096"}],"wp:attachment":[{"href":"https:\/\/eldigitaldeasturias.com\/magazine365\/wp-json\/wp\/v2\/media?parent=62095"}],"wp:term":[{"taxonomy":"category","embeddable":true,"href":"https:\/\/eldigitaldeasturias.com\/magazine365\/wp-json\/wp\/v2\/categories?post=62095"},{"taxonomy":"post_tag","embeddable":true,"href":"https:\/\/eldigitaldeasturias.com\/magazine365\/wp-json\/wp\/v2\/tags?post=62095"}],"curies":[{"name":"wp","href":"https:\/\/api.w.org\/{rel}","templated":true}]}}