{"id":62074,"date":"2016-01-25T23:55:46","date_gmt":"2016-01-25T22:55:46","guid":{"rendered":"http:\/\/eldigitaldeasturias.com\/magazine365\/?p=62074"},"modified":"2016-01-25T23:55:46","modified_gmt":"2016-01-25T22:55:46","slug":"la-costa-del-sol-confirma-en-fitur-las-buenas-perspectivas-del-mercado-nacional-para-2016","status":"publish","type":"post","link":"https:\/\/eldigitaldeasturias.com\/magazine365\/la-costa-del-sol-confirma-en-fitur-las-buenas-perspectivas-del-mercado-nacional-para-2016\/","title":{"rendered":"La Costa del Sol confirma en Fitur las buenas perspectivas del mercado nacional para 2016"},"content":{"rendered":"<p><img fetchpriority=\"high\" decoding=\"async\" class=\"alignleft size-medium wp-image-62075\" src=\"https:\/\/eldigitaldeasturias.com\/magazine365\/wp-content\/uploads\/2016\/01\/fotonoticia_20160125164840_800-360x270.jpg\" alt=\"fotonoticia_20160125164840_800\" width=\"360\" height=\"270\" srcset=\"https:\/\/eldigitaldeasturias.com\/magazine365\/wp-content\/uploads\/2016\/01\/fotonoticia_20160125164840_800-360x270.jpg 360w, https:\/\/eldigitaldeasturias.com\/magazine365\/wp-content\/uploads\/2016\/01\/fotonoticia_20160125164840_800-650x488.jpg 650w, https:\/\/eldigitaldeasturias.com\/magazine365\/wp-content\/uploads\/2016\/01\/fotonoticia_20160125164840_800-768x576.jpg 768w, https:\/\/eldigitaldeasturias.com\/magazine365\/wp-content\/uploads\/2016\/01\/fotonoticia_20160125164840_800-150x113.jpg 150w, https:\/\/eldigitaldeasturias.com\/magazine365\/wp-content\/uploads\/2016\/01\/fotonoticia_20160125164840_800-450x338.jpg 450w, https:\/\/eldigitaldeasturias.com\/magazine365\/wp-content\/uploads\/2016\/01\/fotonoticia_20160125164840_800-80x60.jpg 80w, https:\/\/eldigitaldeasturias.com\/magazine365\/wp-content\/uploads\/2016\/01\/fotonoticia_20160125164840_800-265x198.jpg 265w, https:\/\/eldigitaldeasturias.com\/magazine365\/wp-content\/uploads\/2016\/01\/fotonoticia_20160125164840_800-696x522.jpg 696w, https:\/\/eldigitaldeasturias.com\/magazine365\/wp-content\/uploads\/2016\/01\/fotonoticia_20160125164840_800-560x420.jpg 560w, https:\/\/eldigitaldeasturias.com\/magazine365\/wp-content\/uploads\/2016\/01\/fotonoticia_20160125164840_800-90x67.jpg 90w, https:\/\/eldigitaldeasturias.com\/magazine365\/wp-content\/uploads\/2016\/01\/fotonoticia_20160125164840_800-164x124.jpg 164w, https:\/\/eldigitaldeasturias.com\/magazine365\/wp-content\/uploads\/2016\/01\/fotonoticia_20160125164840_800-100x75.jpg 100w, https:\/\/eldigitaldeasturias.com\/magazine365\/wp-content\/uploads\/2016\/01\/fotonoticia_20160125164840_800.jpg 800w\" sizes=\"(max-width: 360px) 100vw, 360px\" \/>La Costa del Sol ha puesto fin a su participaci\u00f3n en Fitur 2016 con la confirmaci\u00f3n de la recuperaci\u00f3n definitiva del turismo nacional. El presidente de Turismo Costa del Sol, El\u00edas Bendodo, ha puesto de manifiesto que las previsiones de crecimiento de la demanda interna para el primer trimestre del a\u00f1o &#8211;m\u00e1s 4,2 por ciento en n\u00famero de visitantes&#8211; han podido ser corroboradas con las prospecciones que maneja la industria tur\u00edstica espa\u00f1ola en general.<\/p>\n<p>Al respecto, Bendodo, ha cuantificado que para el primer trimestre del a\u00f1o se esperan un mill\u00f3n de turistas espa\u00f1oles en el destino. La presencia de la Costa del Sol en Fitur 2015, que ha estado representada por un 140 empresarios de la provincia, ha servido para que se completar\u00e1n unas 800 citas profesionales ante los principales actores de industria nacional e internacional.<\/p>\n<p>La consolidaci\u00f3n de importantes segmentos para el destino como el golf y el sol y playa y el impulso de otros productos tur\u00edsticos como el segmento de interior, la cultura y la gastronom\u00eda han sido el hilo conductor de la presencia de la Costa del Sol en la pasada edici\u00f3n de Fitur.<\/p>\n<p>En este sentido, la industria tur\u00edstica nacional e internacional ha asistido a la presentaci\u00f3n de diversos proyectos que repercutir\u00e1n positivamente en el desarrollo de la provincia de M\u00e1laga.<\/p>\n<p>Entre ellos, ha explicado, la inversi\u00f3n de un mill\u00f3n de euros en equipamientos tur\u00edsticos que invertir\u00e1n la Secretar\u00eda de Estado de Turismo, la Mancomunidad de Municipios de la Costa del Sol Occidental y la Diputaci\u00f3n de M\u00e1laga.<\/p>\n<p>La gastronom\u00eda tambi\u00e9n ha sido protagonista en Fitur en el evento la &#8216;Noche de las Estrellas&#8217;, que hizo un recorrido por las diferentes comarcas de la mano de reconocidos maestros de la cocina malague\u00f1a, seg\u00fan han informado a trav\u00e9s de un comunicado.<\/p>\n<p>Cerca de 300 profesionales del sector tur\u00edstico se dieron cita en el evento gastron\u00f3mico de la Costa del Sol en Fitur, un evento que, con el t\u00edtulo &#8216;La Noche de las Estrellas&#8217;, llev\u00f3 a los invitados a recorrer y conocer algunos de los espacios m\u00e1s singulares de la provincia, saboreando sus productos y su gastronom\u00eda.<\/p>\n<p>El acto cont\u00f3 con la presencia de diferentes autoridades entre los que figur\u00f3 la secretaria de Estado de Turismo, Isabel Borrego, alcaldes, agentes de la industria tur\u00edstica, operadores, nacionales e internacionales, directores de las oficinas espa\u00f1olas de turismo, empresarios, medios de comunicaci\u00f3n.<\/p>\n<p>Asimismo, tuvo lugar en torno a la gastronom\u00eda la presentaci\u00f3n del M\u00e1laga Gastronomy Festival cuya tercera edici\u00f3n convertir\u00e1 a M\u00e1laga durante los meses de abril y mayo en referencia gastron\u00f3mica internacional.<\/p>\n<p>Bendodo ha indicado que la presencia de la Costa del Sol en Fitur \u00abha sido altamente positiva y en este sentido se han confirmado las previsiones optimistas que manej\u00e1bamos\u00bb.<\/p>\n<p>Adem\u00e1s, ha dicho, \u00abhemos detectado un importante incremento en las motivaciones relacionadas con el segmento de interior, en torno a los productos Caminito del Rey, Senda Litoral, y Gran Senda, la gastronom\u00eda y la Cultura\u00bb.<\/p>\n<p>Por ello, ha a\u00f1adido corresponde al destino \u00abseguir trabajando en nuestros tradicionales segmentos de sol y playa y en responder a las nuevas motivaciones porque es muy positivos que estos nuevos segmentos sean tal altamente demandados\u00bb.<\/p>\n","protected":false},"excerpt":{"rendered":"<p>La Costa del Sol ha puesto fin a su participaci\u00f3n en Fitur 2016 con la confirmaci\u00f3n de la recuperaci\u00f3n definitiva del turismo nacional. El presidente de Turismo Costa del Sol, El\u00edas Bendodo, ha puesto de manifiesto que las previsiones de crecimiento de la demanda interna para el primer trimestre del a\u00f1o &#8211;m\u00e1s 4,2 por ciento<\/p>\n","protected":false},"author":1,"featured_media":62075,"comment_status":"open","ping_status":"closed","sticky":false,"template":"","format":"standard","meta":{"footnotes":""},"categories":[224],"tags":[],"class_list":{"0":"post-62074","1":"post","2":"type-post","3":"status-publish","4":"format-standard","5":"has-post-thumbnail","7":"category-noticias-actualidad"},"aioseo_notices":[],"aioseo_head":"\n\t\t<!-- All in One SEO Pro 4.9.6.1 - aioseo.com -->\n\t<meta name=\"description\" content=\"La Costa del Sol ha puesto fin a su participaci\u00f3n en Fitur 2016 con la confirmaci\u00f3n de la recuperaci\u00f3n definitiva del turismo nacional. El presidente de Turismo Costa del Sol, El\u00edas Bendodo, ha puesto de manifiesto que las previsiones de crecimiento de la demanda interna para el primer trimestre del a\u00f1o --m\u00e1s 4,2 por ciento\" \/>\n\t<meta name=\"robots\" content=\"max-image-preview:large\" \/>\n\t<meta name=\"author\" content=\"admin\"\/>\n\t<meta name=\"google-site-verification\" content=\"UA-38556648-1\" \/>\n\t<meta name=\"keywords\" content=\"noticias y actualidad\" \/>\n\t<link rel=\"canonical\" href=\"https:\/\/eldigitaldeasturias.com\/magazine365\/la-costa-del-sol-confirma-en-fitur-las-buenas-perspectivas-del-mercado-nacional-para-2016\/\" \/>\n\t<meta name=\"generator\" content=\"All in One SEO Pro (AIOSEO) 4.9.6.1\" \/>\n\t\t<meta property=\"og:locale\" content=\"es_ES\" \/>\n\t\t<meta property=\"og:site_name\" content=\"El Digital de Asturias \u2013 Revista de ocio, turismo y estilo de vida\" \/>\n\t\t<meta property=\"og:type\" content=\"article\" \/>\n\t\t<meta property=\"og:title\" content=\"La Costa del Sol confirma en Fitur las buenas perspectivas del mercado nacional para 2016 | El Digital de Asturias\" \/>\n\t\t<meta property=\"og:description\" content=\"La Costa del Sol ha puesto fin a su participaci\u00f3n en Fitur 2016 con la confirmaci\u00f3n de la recuperaci\u00f3n definitiva del turismo nacional. El presidente de Turismo Costa del Sol, El\u00edas Bendodo, ha puesto de manifiesto que las previsiones de crecimiento de la demanda interna para el primer trimestre del a\u00f1o --m\u00e1s 4,2 por ciento\" \/>\n\t\t<meta property=\"og:url\" content=\"https:\/\/eldigitaldeasturias.com\/magazine365\/la-costa-del-sol-confirma-en-fitur-las-buenas-perspectivas-del-mercado-nacional-para-2016\/\" \/>\n\t\t<meta property=\"og:image\" content=\"https:\/\/eldigitaldeasturias.com\/magazine365\/wp-content\/uploads\/2016\/01\/fotonoticia_20160125164840_800.jpg\" \/>\n\t\t<meta property=\"og:image:secure_url\" content=\"https:\/\/eldigitaldeasturias.com\/magazine365\/wp-content\/uploads\/2016\/01\/fotonoticia_20160125164840_800.jpg\" \/>\n\t\t<meta property=\"og:image:width\" content=\"800\" \/>\n\t\t<meta property=\"og:image:height\" content=\"600\" \/>\n\t\t<meta property=\"article:published_time\" content=\"2016-01-25T22:55:46+00:00\" \/>\n\t\t<meta property=\"article:modified_time\" content=\"2016-01-25T22:55:46+00:00\" \/>\n\t\t<meta name=\"twitter:card\" content=\"summary_large_image\" \/>\n\t\t<meta name=\"twitter:title\" content=\"La Costa del Sol confirma en Fitur las buenas perspectivas del mercado nacional para 2016 | El Digital de Asturias\" \/>\n\t\t<meta name=\"twitter:description\" content=\"La Costa del Sol ha puesto fin a su participaci\u00f3n en Fitur 2016 con la confirmaci\u00f3n de la recuperaci\u00f3n definitiva del turismo nacional. El presidente de Turismo Costa del Sol, El\u00edas Bendodo, ha puesto de manifiesto que las previsiones de crecimiento de la demanda interna para el primer trimestre del a\u00f1o --m\u00e1s 4,2 por ciento\" \/>\n\t\t<meta name=\"twitter:image\" content=\"https:\/\/eldigitaldeasturias.com\/magazine365\/wp-content\/uploads\/2016\/01\/fotonoticia_20160125164840_800.jpg\" \/>\n\t\t<script type=\"application\/ld+json\" class=\"aioseo-schema\">\n\t\t\t{\"@context\":\"https:\\\/\\\/schema.org\",\"@graph\":[{\"@type\":\"Article\",\"@id\":\"https:\\\/\\\/eldigitaldeasturias.com\\\/magazine365\\\/la-costa-del-sol-confirma-en-fitur-las-buenas-perspectivas-del-mercado-nacional-para-2016\\\/#article\",\"name\":\"La Costa del Sol confirma en Fitur las buenas perspectivas del mercado nacional para 2016 | El Digital de Asturias\",\"headline\":\"La Costa del Sol confirma en Fitur las buenas perspectivas del mercado nacional para 2016\",\"author\":{\"@id\":\"https:\\\/\\\/eldigitaldeasturias.com\\\/magazine365\\\/author\\\/admin\\\/#author\"},\"publisher\":{\"@id\":\"https:\\\/\\\/eldigitaldeasturias.com\\\/magazine365\\\/#organization\"},\"image\":{\"@type\":\"ImageObject\",\"url\":\"https:\\\/\\\/eldigitaldeasturias.com\\\/magazine365\\\/wp-content\\\/uploads\\\/2016\\\/01\\\/fotonoticia_20160125164840_800.jpg\",\"width\":800,\"height\":600},\"datePublished\":\"2016-01-25T23:55:46+01:00\",\"dateModified\":\"2016-01-25T23:55:46+01:00\",\"inLanguage\":\"es-ES\",\"mainEntityOfPage\":{\"@id\":\"https:\\\/\\\/eldigitaldeasturias.com\\\/magazine365\\\/la-costa-del-sol-confirma-en-fitur-las-buenas-perspectivas-del-mercado-nacional-para-2016\\\/#webpage\"},\"isPartOf\":{\"@id\":\"https:\\\/\\\/eldigitaldeasturias.com\\\/magazine365\\\/la-costa-del-sol-confirma-en-fitur-las-buenas-perspectivas-del-mercado-nacional-para-2016\\\/#webpage\"},\"articleSection\":\"Noticias y Actualidad\"},{\"@type\":\"BreadcrumbList\",\"@id\":\"https:\\\/\\\/eldigitaldeasturias.com\\\/magazine365\\\/la-costa-del-sol-confirma-en-fitur-las-buenas-perspectivas-del-mercado-nacional-para-2016\\\/#breadcrumblist\",\"itemListElement\":[{\"@type\":\"ListItem\",\"@id\":\"https:\\\/\\\/eldigitaldeasturias.com\\\/magazine365#listItem\",\"position\":1,\"name\":\"Home\",\"item\":\"https:\\\/\\\/eldigitaldeasturias.com\\\/magazine365\",\"nextItem\":{\"@type\":\"ListItem\",\"@id\":\"https:\\\/\\\/eldigitaldeasturias.com\\\/magazine365\\\/category\\\/noticias-actualidad\\\/#listItem\",\"name\":\"Noticias y Actualidad\"}},{\"@type\":\"ListItem\",\"@id\":\"https:\\\/\\\/eldigitaldeasturias.com\\\/magazine365\\\/category\\\/noticias-actualidad\\\/#listItem\",\"position\":2,\"name\":\"Noticias y Actualidad\",\"item\":\"https:\\\/\\\/eldigitaldeasturias.com\\\/magazine365\\\/category\\\/noticias-actualidad\\\/\",\"nextItem\":{\"@type\":\"ListItem\",\"@id\":\"https:\\\/\\\/eldigitaldeasturias.com\\\/magazine365\\\/la-costa-del-sol-confirma-en-fitur-las-buenas-perspectivas-del-mercado-nacional-para-2016\\\/#listItem\",\"name\":\"La Costa del Sol confirma en Fitur las buenas perspectivas del mercado nacional para 2016\"},\"previousItem\":{\"@type\":\"ListItem\",\"@id\":\"https:\\\/\\\/eldigitaldeasturias.com\\\/magazine365#listItem\",\"name\":\"Home\"}},{\"@type\":\"ListItem\",\"@id\":\"https:\\\/\\\/eldigitaldeasturias.com\\\/magazine365\\\/la-costa-del-sol-confirma-en-fitur-las-buenas-perspectivas-del-mercado-nacional-para-2016\\\/#listItem\",\"position\":3,\"name\":\"La Costa del Sol confirma en Fitur las buenas perspectivas del mercado nacional para 2016\",\"previousItem\":{\"@type\":\"ListItem\",\"@id\":\"https:\\\/\\\/eldigitaldeasturias.com\\\/magazine365\\\/category\\\/noticias-actualidad\\\/#listItem\",\"name\":\"Noticias y Actualidad\"}}]},{\"@type\":\"Organization\",\"@id\":\"https:\\\/\\\/eldigitaldeasturias.com\\\/magazine365\\\/#organization\",\"name\":\"El digital de Asturias\",\"description\":\"Revista de ocio, turismo y estilo de vida\",\"url\":\"https:\\\/\\\/eldigitaldeasturias.com\\\/magazine365\\\/\",\"logo\":{\"@type\":\"ImageObject\",\"url\":\"https:\\\/\\\/www.eldigitaldeasturias.com\\\/noticias\\\/wp-content\\\/uploads\\\/2020\\\/12\\\/EDA.jpg\",\"@id\":\"https:\\\/\\\/eldigitaldeasturias.com\\\/magazine365\\\/la-costa-del-sol-confirma-en-fitur-las-buenas-perspectivas-del-mercado-nacional-para-2016\\\/#organizationLogo\"},\"image\":{\"@id\":\"https:\\\/\\\/eldigitaldeasturias.com\\\/magazine365\\\/la-costa-del-sol-confirma-en-fitur-las-buenas-perspectivas-del-mercado-nacional-para-2016\\\/#organizationLogo\"}},{\"@type\":\"Person\",\"@id\":\"https:\\\/\\\/eldigitaldeasturias.com\\\/magazine365\\\/author\\\/admin\\\/#author\",\"url\":\"https:\\\/\\\/eldigitaldeasturias.com\\\/magazine365\\\/author\\\/admin\\\/\",\"name\":\"admin\",\"image\":{\"@type\":\"ImageObject\",\"@id\":\"https:\\\/\\\/eldigitaldeasturias.com\\\/magazine365\\\/la-costa-del-sol-confirma-en-fitur-las-buenas-perspectivas-del-mercado-nacional-para-2016\\\/#authorImage\",\"url\":\"https:\\\/\\\/eldigitaldeasturias.com\\\/magazine365\\\/wp-content\\\/litespeed\\\/avatar\\\/e571bcf59a0edd6fa6838245a470f2fe.jpg?ver=1776969259\",\"width\":96,\"height\":96,\"caption\":\"admin\"}},{\"@type\":\"WebPage\",\"@id\":\"https:\\\/\\\/eldigitaldeasturias.com\\\/magazine365\\\/la-costa-del-sol-confirma-en-fitur-las-buenas-perspectivas-del-mercado-nacional-para-2016\\\/#webpage\",\"url\":\"https:\\\/\\\/eldigitaldeasturias.com\\\/magazine365\\\/la-costa-del-sol-confirma-en-fitur-las-buenas-perspectivas-del-mercado-nacional-para-2016\\\/\",\"name\":\"La Costa del Sol confirma en Fitur las buenas perspectivas del mercado nacional para 2016 | El Digital de Asturias\",\"description\":\"La Costa del Sol ha puesto fin a su participaci\\u00f3n en Fitur 2016 con la confirmaci\\u00f3n de la recuperaci\\u00f3n definitiva del turismo nacional. El presidente de Turismo Costa del Sol, El\\u00edas Bendodo, ha puesto de manifiesto que las previsiones de crecimiento de la demanda interna para el primer trimestre del a\\u00f1o --m\\u00e1s 4,2 por ciento\",\"inLanguage\":\"es-ES\",\"isPartOf\":{\"@id\":\"https:\\\/\\\/eldigitaldeasturias.com\\\/magazine365\\\/#website\"},\"breadcrumb\":{\"@id\":\"https:\\\/\\\/eldigitaldeasturias.com\\\/magazine365\\\/la-costa-del-sol-confirma-en-fitur-las-buenas-perspectivas-del-mercado-nacional-para-2016\\\/#breadcrumblist\"},\"author\":{\"@id\":\"https:\\\/\\\/eldigitaldeasturias.com\\\/magazine365\\\/author\\\/admin\\\/#author\"},\"creator\":{\"@id\":\"https:\\\/\\\/eldigitaldeasturias.com\\\/magazine365\\\/author\\\/admin\\\/#author\"},\"image\":{\"@type\":\"ImageObject\",\"url\":\"https:\\\/\\\/eldigitaldeasturias.com\\\/magazine365\\\/wp-content\\\/uploads\\\/2016\\\/01\\\/fotonoticia_20160125164840_800.jpg\",\"@id\":\"https:\\\/\\\/eldigitaldeasturias.com\\\/magazine365\\\/la-costa-del-sol-confirma-en-fitur-las-buenas-perspectivas-del-mercado-nacional-para-2016\\\/#mainImage\",\"width\":800,\"height\":600},\"primaryImageOfPage\":{\"@id\":\"https:\\\/\\\/eldigitaldeasturias.com\\\/magazine365\\\/la-costa-del-sol-confirma-en-fitur-las-buenas-perspectivas-del-mercado-nacional-para-2016\\\/#mainImage\"},\"datePublished\":\"2016-01-25T23:55:46+01:00\",\"dateModified\":\"2016-01-25T23:55:46+01:00\"},{\"@type\":\"WebSite\",\"@id\":\"https:\\\/\\\/eldigitaldeasturias.com\\\/magazine365\\\/#website\",\"url\":\"https:\\\/\\\/eldigitaldeasturias.com\\\/magazine365\\\/\",\"name\":\"El Digital de Asturias\",\"description\":\"Revista de ocio, turismo y estilo de vida\",\"inLanguage\":\"es-ES\",\"publisher\":{\"@id\":\"https:\\\/\\\/eldigitaldeasturias.com\\\/magazine365\\\/#organization\"}}]}\n\t\t<\/script>\n\t\t<!-- All in One SEO Pro -->\r\n\t\t<title>La Costa del Sol confirma en Fitur las buenas perspectivas del mercado nacional para 2016 | El Digital de Asturias<\/title>\n\n","aioseo_head_json":{"title":"La Costa del Sol confirma en Fitur las buenas perspectivas del mercado nacional para 2016 | El Digital de Asturias","description":"La Costa del Sol ha puesto fin a su participaci\u00f3n en Fitur 2016 con la confirmaci\u00f3n de la recuperaci\u00f3n definitiva del turismo nacional. El presidente de Turismo Costa del Sol, El\u00edas Bendodo, ha puesto de manifiesto que las previsiones de crecimiento de la demanda interna para el primer trimestre del a\u00f1o --m\u00e1s 4,2 por ciento","canonical_url":"https:\/\/eldigitaldeasturias.com\/magazine365\/la-costa-del-sol-confirma-en-fitur-las-buenas-perspectivas-del-mercado-nacional-para-2016\/","robots":"max-image-preview:large","keywords":"noticias y actualidad","webmasterTools":{"google-site-verification":"UA-38556648-1","miscellaneous":""},"schema":{"@context":"https:\/\/schema.org","@graph":[{"@type":"Article","@id":"https:\/\/eldigitaldeasturias.com\/magazine365\/la-costa-del-sol-confirma-en-fitur-las-buenas-perspectivas-del-mercado-nacional-para-2016\/#article","name":"La Costa del Sol confirma en Fitur las buenas perspectivas del mercado nacional para 2016 | El Digital de Asturias","headline":"La Costa del Sol confirma en Fitur las buenas perspectivas del mercado nacional para 2016","author":{"@id":"https:\/\/eldigitaldeasturias.com\/magazine365\/author\/admin\/#author"},"publisher":{"@id":"https:\/\/eldigitaldeasturias.com\/magazine365\/#organization"},"image":{"@type":"ImageObject","url":"https:\/\/eldigitaldeasturias.com\/magazine365\/wp-content\/uploads\/2016\/01\/fotonoticia_20160125164840_800.jpg","width":800,"height":600},"datePublished":"2016-01-25T23:55:46+01:00","dateModified":"2016-01-25T23:55:46+01:00","inLanguage":"es-ES","mainEntityOfPage":{"@id":"https:\/\/eldigitaldeasturias.com\/magazine365\/la-costa-del-sol-confirma-en-fitur-las-buenas-perspectivas-del-mercado-nacional-para-2016\/#webpage"},"isPartOf":{"@id":"https:\/\/eldigitaldeasturias.com\/magazine365\/la-costa-del-sol-confirma-en-fitur-las-buenas-perspectivas-del-mercado-nacional-para-2016\/#webpage"},"articleSection":"Noticias y Actualidad"},{"@type":"BreadcrumbList","@id":"https:\/\/eldigitaldeasturias.com\/magazine365\/la-costa-del-sol-confirma-en-fitur-las-buenas-perspectivas-del-mercado-nacional-para-2016\/#breadcrumblist","itemListElement":[{"@type":"ListItem","@id":"https:\/\/eldigitaldeasturias.com\/magazine365#listItem","position":1,"name":"Home","item":"https:\/\/eldigitaldeasturias.com\/magazine365","nextItem":{"@type":"ListItem","@id":"https:\/\/eldigitaldeasturias.com\/magazine365\/category\/noticias-actualidad\/#listItem","name":"Noticias y Actualidad"}},{"@type":"ListItem","@id":"https:\/\/eldigitaldeasturias.com\/magazine365\/category\/noticias-actualidad\/#listItem","position":2,"name":"Noticias y Actualidad","item":"https:\/\/eldigitaldeasturias.com\/magazine365\/category\/noticias-actualidad\/","nextItem":{"@type":"ListItem","@id":"https:\/\/eldigitaldeasturias.com\/magazine365\/la-costa-del-sol-confirma-en-fitur-las-buenas-perspectivas-del-mercado-nacional-para-2016\/#listItem","name":"La Costa del Sol confirma en Fitur las buenas perspectivas del mercado nacional para 2016"},"previousItem":{"@type":"ListItem","@id":"https:\/\/eldigitaldeasturias.com\/magazine365#listItem","name":"Home"}},{"@type":"ListItem","@id":"https:\/\/eldigitaldeasturias.com\/magazine365\/la-costa-del-sol-confirma-en-fitur-las-buenas-perspectivas-del-mercado-nacional-para-2016\/#listItem","position":3,"name":"La Costa del Sol confirma en Fitur las buenas perspectivas del mercado nacional para 2016","previousItem":{"@type":"ListItem","@id":"https:\/\/eldigitaldeasturias.com\/magazine365\/category\/noticias-actualidad\/#listItem","name":"Noticias y Actualidad"}}]},{"@type":"Organization","@id":"https:\/\/eldigitaldeasturias.com\/magazine365\/#organization","name":"El digital de Asturias","description":"Revista de ocio, turismo y estilo de vida","url":"https:\/\/eldigitaldeasturias.com\/magazine365\/","logo":{"@type":"ImageObject","url":"https:\/\/www.eldigitaldeasturias.com\/noticias\/wp-content\/uploads\/2020\/12\/EDA.jpg","@id":"https:\/\/eldigitaldeasturias.com\/magazine365\/la-costa-del-sol-confirma-en-fitur-las-buenas-perspectivas-del-mercado-nacional-para-2016\/#organizationLogo"},"image":{"@id":"https:\/\/eldigitaldeasturias.com\/magazine365\/la-costa-del-sol-confirma-en-fitur-las-buenas-perspectivas-del-mercado-nacional-para-2016\/#organizationLogo"}},{"@type":"Person","@id":"https:\/\/eldigitaldeasturias.com\/magazine365\/author\/admin\/#author","url":"https:\/\/eldigitaldeasturias.com\/magazine365\/author\/admin\/","name":"admin","image":{"@type":"ImageObject","@id":"https:\/\/eldigitaldeasturias.com\/magazine365\/la-costa-del-sol-confirma-en-fitur-las-buenas-perspectivas-del-mercado-nacional-para-2016\/#authorImage","url":"https:\/\/eldigitaldeasturias.com\/magazine365\/wp-content\/litespeed\/avatar\/e571bcf59a0edd6fa6838245a470f2fe.jpg?ver=1776969259","width":96,"height":96,"caption":"admin"}},{"@type":"WebPage","@id":"https:\/\/eldigitaldeasturias.com\/magazine365\/la-costa-del-sol-confirma-en-fitur-las-buenas-perspectivas-del-mercado-nacional-para-2016\/#webpage","url":"https:\/\/eldigitaldeasturias.com\/magazine365\/la-costa-del-sol-confirma-en-fitur-las-buenas-perspectivas-del-mercado-nacional-para-2016\/","name":"La Costa del Sol confirma en Fitur las buenas perspectivas del mercado nacional para 2016 | El Digital de Asturias","description":"La Costa del Sol ha puesto fin a su participaci\u00f3n en Fitur 2016 con la confirmaci\u00f3n de la recuperaci\u00f3n definitiva del turismo nacional. El presidente de Turismo Costa del Sol, El\u00edas Bendodo, ha puesto de manifiesto que las previsiones de crecimiento de la demanda interna para el primer trimestre del a\u00f1o --m\u00e1s 4,2 por ciento","inLanguage":"es-ES","isPartOf":{"@id":"https:\/\/eldigitaldeasturias.com\/magazine365\/#website"},"breadcrumb":{"@id":"https:\/\/eldigitaldeasturias.com\/magazine365\/la-costa-del-sol-confirma-en-fitur-las-buenas-perspectivas-del-mercado-nacional-para-2016\/#breadcrumblist"},"author":{"@id":"https:\/\/eldigitaldeasturias.com\/magazine365\/author\/admin\/#author"},"creator":{"@id":"https:\/\/eldigitaldeasturias.com\/magazine365\/author\/admin\/#author"},"image":{"@type":"ImageObject","url":"https:\/\/eldigitaldeasturias.com\/magazine365\/wp-content\/uploads\/2016\/01\/fotonoticia_20160125164840_800.jpg","@id":"https:\/\/eldigitaldeasturias.com\/magazine365\/la-costa-del-sol-confirma-en-fitur-las-buenas-perspectivas-del-mercado-nacional-para-2016\/#mainImage","width":800,"height":600},"primaryImageOfPage":{"@id":"https:\/\/eldigitaldeasturias.com\/magazine365\/la-costa-del-sol-confirma-en-fitur-las-buenas-perspectivas-del-mercado-nacional-para-2016\/#mainImage"},"datePublished":"2016-01-25T23:55:46+01:00","dateModified":"2016-01-25T23:55:46+01:00"},{"@type":"WebSite","@id":"https:\/\/eldigitaldeasturias.com\/magazine365\/#website","url":"https:\/\/eldigitaldeasturias.com\/magazine365\/","name":"El Digital de Asturias","description":"Revista de ocio, turismo y estilo de vida","inLanguage":"es-ES","publisher":{"@id":"https:\/\/eldigitaldeasturias.com\/magazine365\/#organization"}}]},"og:locale":"es_ES","og:site_name":"El Digital de Asturias \u2013 Revista de ocio, turismo y estilo de vida","og:type":"article","og:title":"La Costa del Sol confirma en Fitur las buenas perspectivas del mercado nacional para 2016 | El Digital de Asturias","og:description":"La Costa del Sol ha puesto fin a su participaci\u00f3n en Fitur 2016 con la confirmaci\u00f3n de la recuperaci\u00f3n definitiva del turismo nacional. El presidente de Turismo Costa del Sol, El\u00edas Bendodo, ha puesto de manifiesto que las previsiones de crecimiento de la demanda interna para el primer trimestre del a\u00f1o --m\u00e1s 4,2 por ciento","og:url":"https:\/\/eldigitaldeasturias.com\/magazine365\/la-costa-del-sol-confirma-en-fitur-las-buenas-perspectivas-del-mercado-nacional-para-2016\/","og:image":"https:\/\/eldigitaldeasturias.com\/magazine365\/wp-content\/uploads\/2016\/01\/fotonoticia_20160125164840_800.jpg","og:image:secure_url":"https:\/\/eldigitaldeasturias.com\/magazine365\/wp-content\/uploads\/2016\/01\/fotonoticia_20160125164840_800.jpg","og:image:width":800,"og:image:height":600,"article:published_time":"2016-01-25T22:55:46+00:00","article:modified_time":"2016-01-25T22:55:46+00:00","twitter:card":"summary_large_image","twitter:title":"La Costa del Sol confirma en Fitur las buenas perspectivas del mercado nacional para 2016 | El Digital de Asturias","twitter:description":"La Costa del Sol ha puesto fin a su participaci\u00f3n en Fitur 2016 con la confirmaci\u00f3n de la recuperaci\u00f3n definitiva del turismo nacional. El presidente de Turismo Costa del Sol, El\u00edas Bendodo, ha puesto de manifiesto que las previsiones de crecimiento de la demanda interna para el primer trimestre del a\u00f1o --m\u00e1s 4,2 por ciento","twitter:image":"https:\/\/eldigitaldeasturias.com\/magazine365\/wp-content\/uploads\/2016\/01\/fotonoticia_20160125164840_800.jpg"},"aioseo_meta_data":{"post_id":"62074","title":null,"description":null,"keywords":null,"keyphrases":null,"primary_term":null,"canonical_url":null,"og_title":null,"og_description":null,"og_object_type":"default","og_image_type":"default","og_image_url":null,"og_image_width":null,"og_image_height":null,"og_image_custom_url":null,"og_image_custom_fields":null,"og_video":null,"og_custom_url":null,"og_article_section":null,"og_article_tags":null,"twitter_use_og":false,"twitter_card":"default","twitter_image_type":"default","twitter_image_url":null,"twitter_image_custom_url":null,"twitter_image_custom_fields":null,"twitter_title":null,"twitter_description":null,"schema":{"blockGraphs":[],"customGraphs":[],"default":{"data":{"Article":[],"Course":[],"Dataset":[],"FAQPage":[],"Movie":[],"Person":[],"Product":[],"ProductReview":[],"Car":[],"Recipe":[],"Service":[],"SoftwareApplication":[],"WebPage":[]},"graphName":"","isEnabled":true},"graphs":[],"defaultGraph":"","defaultPostTypeGraph":""},"schema_type":null,"schema_type_options":null,"pillar_content":false,"robots_default":true,"robots_noindex":false,"robots_noarchive":false,"robots_nosnippet":false,"robots_nofollow":false,"robots_noimageindex":false,"robots_noodp":false,"robots_notranslate":false,"robots_max_snippet":null,"robots_max_videopreview":null,"robots_max_imagepreview":"large","priority":null,"frequency":null,"location":null,"local_seo":null,"seo_analyzer_scan_date":"2025-09-25 10:21:17","breadcrumb_settings":null,"limit_modified_date":false,"open_ai":null,"ai":null,"created":"2021-03-08 21:41:41","updated":"2025-09-25 10:21:17"},"aioseo_breadcrumb":"<div class=\"aioseo-breadcrumbs\"><span class=\"aioseo-breadcrumb\">\n\t<a href=\"https:\/\/eldigitaldeasturias.com\/magazine365\" title=\"Home\">Home<\/a>\n<\/span><span class=\"aioseo-breadcrumb-separator\">\u2013<\/span><span class=\"aioseo-breadcrumb\">\n\t<a href=\"https:\/\/eldigitaldeasturias.com\/magazine365\/category\/noticias-actualidad\/\" title=\"Noticias y Actualidad\">Noticias y Actualidad<\/a>\n<\/span><span class=\"aioseo-breadcrumb-separator\">\u2013<\/span><span class=\"aioseo-breadcrumb\">\n\t<a href=\"https:\/\/eldigitaldeasturias.com\/magazine365\/la-costa-del-sol-confirma-en-fitur-las-buenas-perspectivas-del-mercado-nacional-para-2016\/\" title=\"La Costa del Sol confirma en Fitur las buenas perspectivas del mercado nacional para 2016\">La Costa del Sol confirma en Fitur las buenas perspectivas del mercado nacional para 2016<\/a>\n<\/span><\/div>","aioseo_breadcrumb_json":[{"label":"Home","link":"https:\/\/eldigitaldeasturias.com\/magazine365"},{"label":"Noticias y Actualidad","link":"https:\/\/eldigitaldeasturias.com\/magazine365\/category\/noticias-actualidad\/"},{"label":"La Costa del Sol confirma en Fitur las buenas perspectivas del mercado nacional para 2016","link":"https:\/\/eldigitaldeasturias.com\/magazine365\/la-costa-del-sol-confirma-en-fitur-las-buenas-perspectivas-del-mercado-nacional-para-2016\/"}],"_links":{"self":[{"href":"https:\/\/eldigitaldeasturias.com\/magazine365\/wp-json\/wp\/v2\/posts\/62074","targetHints":{"allow":["GET"]}}],"collection":[{"href":"https:\/\/eldigitaldeasturias.com\/magazine365\/wp-json\/wp\/v2\/posts"}],"about":[{"href":"https:\/\/eldigitaldeasturias.com\/magazine365\/wp-json\/wp\/v2\/types\/post"}],"author":[{"embeddable":true,"href":"https:\/\/eldigitaldeasturias.com\/magazine365\/wp-json\/wp\/v2\/users\/1"}],"replies":[{"embeddable":true,"href":"https:\/\/eldigitaldeasturias.com\/magazine365\/wp-json\/wp\/v2\/comments?post=62074"}],"version-history":[{"count":0,"href":"https:\/\/eldigitaldeasturias.com\/magazine365\/wp-json\/wp\/v2\/posts\/62074\/revisions"}],"wp:featuredmedia":[{"embeddable":true,"href":"https:\/\/eldigitaldeasturias.com\/magazine365\/wp-json\/wp\/v2\/media\/62075"}],"wp:attachment":[{"href":"https:\/\/eldigitaldeasturias.com\/magazine365\/wp-json\/wp\/v2\/media?parent=62074"}],"wp:term":[{"taxonomy":"category","embeddable":true,"href":"https:\/\/eldigitaldeasturias.com\/magazine365\/wp-json\/wp\/v2\/categories?post=62074"},{"taxonomy":"post_tag","embeddable":true,"href":"https:\/\/eldigitaldeasturias.com\/magazine365\/wp-json\/wp\/v2\/tags?post=62074"}],"curies":[{"name":"wp","href":"https:\/\/api.w.org\/{rel}","templated":true}]}}