{"id":62062,"date":"2016-01-25T23:52:05","date_gmt":"2016-01-25T22:52:05","guid":{"rendered":"http:\/\/eldigitaldeasturias.com\/magazine365\/?p=62062"},"modified":"2016-01-25T23:52:05","modified_gmt":"2016-01-25T22:52:05","slug":"el-stand-de-andalucia-en-fitur-permite-a-los-empresarios-andaluces-iniciar-mas-de-11-800-contactos-comerciales","status":"publish","type":"post","link":"https:\/\/eldigitaldeasturias.com\/magazine365\/el-stand-de-andalucia-en-fitur-permite-a-los-empresarios-andaluces-iniciar-mas-de-11-800-contactos-comerciales\/","title":{"rendered":"El stand de Andaluc\u00eda en Fitur permite a los empresarios andaluces iniciar m\u00e1s de 11.800 contactos comerciales"},"content":{"rendered":"<p><img fetchpriority=\"high\" decoding=\"async\" class=\"alignleft size-medium wp-image-62063\" src=\"https:\/\/eldigitaldeasturias.com\/magazine365\/wp-content\/uploads\/2016\/01\/fotonoticia_20160125155302_800-360x214.jpg\" alt=\"fotonoticia_20160125155302_800\" width=\"360\" height=\"214\" srcset=\"https:\/\/eldigitaldeasturias.com\/magazine365\/wp-content\/uploads\/2016\/01\/fotonoticia_20160125155302_800-360x214.jpg 360w, https:\/\/eldigitaldeasturias.com\/magazine365\/wp-content\/uploads\/2016\/01\/fotonoticia_20160125155302_800-650x387.jpg 650w, https:\/\/eldigitaldeasturias.com\/magazine365\/wp-content\/uploads\/2016\/01\/fotonoticia_20160125155302_800-768x457.jpg 768w, https:\/\/eldigitaldeasturias.com\/magazine365\/wp-content\/uploads\/2016\/01\/fotonoticia_20160125155302_800-150x89.jpg 150w, https:\/\/eldigitaldeasturias.com\/magazine365\/wp-content\/uploads\/2016\/01\/fotonoticia_20160125155302_800-450x268.jpg 450w, https:\/\/eldigitaldeasturias.com\/magazine365\/wp-content\/uploads\/2016\/01\/fotonoticia_20160125155302_800-696x414.jpg 696w, https:\/\/eldigitaldeasturias.com\/magazine365\/wp-content\/uploads\/2016\/01\/fotonoticia_20160125155302_800-706x420.jpg 706w, https:\/\/eldigitaldeasturias.com\/magazine365\/wp-content\/uploads\/2016\/01\/fotonoticia_20160125155302_800.jpg 800w\" sizes=\"(max-width: 360px) 100vw, 360px\" \/>El stand de Andaluc\u00eda en la pasada edici\u00f3n de la Feria Internacional de Turismo (Fitur) en Madrid ha permitido a los empresarios y profesionales andaluces que contaron con mesa de trabajo en el expositor establecer m\u00e1s de 11.800 contactos comerciales.<\/p>\n<p>En una nota, la Consejer\u00eda de Turismo y Deporte ha precisado que as\u00ed, cada uno de ellos ha realizado, por t\u00e9rmino medio, 35 encuentros empresariales de los que pr\u00e1cticamente la mitad (49,8 por ciento) fueron con empresas con las que a\u00fan no hab\u00edan trabajado. Las empresas que han acudido sin mesa de trabajo tuvieron un promedio de 24 contactos comerciales. Adem\u00e1s, m\u00e1s de seis de cada diez expositores andaluces manifestaron haber realizado m\u00e1s o muchos m\u00e1s contactos que en la edici\u00f3n anterior y nueve de cada diez esperan obtener mejores resultados con el mercado nacional.<\/p>\n<p>As\u00ed se extrae de los principales resultados de la encuesta elaborada por la Consejer\u00eda de Turismo y Deporte durante la celebraci\u00f3n de la presente edici\u00f3n de la feria, en la que la Comunidad participaba por vez primera como socio exclusivo Fitur.<\/p>\n<p>El consejero, Francisco Javier Fern\u00e1ndez, ha mostrado su satisfacci\u00f3n por el \u00abelevado nivel de trabajo entre los profesionales del sector\u00bb y ha destacado el potencial de estos encuentros a la hora de generar negocio en Andaluc\u00eda. En este sentido, entre los visitantes profesionales de fuera de la Comunidad, siete de cada diez manifest\u00f3 tener mejores expectativas de negocio para con Andaluc\u00eda en 2016.<\/p>\n<p>Fern\u00e1ndez tambi\u00e9n ha valorado el crecimiento en la afluencia de visitantes al expositor de la Comunidad, que alcanz\u00f3 los 160.000 asistentes, lo que supone un 69,2 por ciento del total de visitantes a Fitur y un crecimiento respecto a 2015 de casi un seis por ciento (5,9 por ciento). Del conjunto de visitantes al stand de Andaluc\u00eda, unos 85.800 asistentes eran profesionales, mientras que 74.800 correspondieron a p\u00fablico en general durante el fin de semana.<\/p>\n<p>PRESENCIA EN LOS OCHO PATRONATOS Y VALORACI\u00d3N SOBRESALIENTE<\/p>\n<p>Durante los cuatro d\u00edas de duraci\u00f3n de la feria, el consejero, adem\u00e1s de llevar a cabo una intensa agenda para la promoci\u00f3n y difusi\u00f3n del destino Andaluc\u00eda, ha participado en los actos organizados por cada uno de los patronatos provinciales de Turismo presentes en el expositor andaluz, resaltando la apuesta de la Consejer\u00eda por \u00abla complementariedad de las provincias como ventaja competitiva de Andaluc\u00eda\u00bb.<\/p>\n<p>En cuanto a las acciones de marketing m\u00e1s interesantes para atraer al mercado nacional hacia el destino andaluz, destacan el marketing digital (9,1 sobre 10) y el marketing directo (nueve), seguidos de las acciones de social media y de la realizaci\u00f3n de acciones y eventos.<\/p>\n<p>La satisfacci\u00f3n de los visitantes con el stand de Andaluc\u00eda fue valorada con 9,1 puntos sobre 10, mayor que los se\u00f1alados en a\u00f1os anteriores. Los aspectos m\u00e1s destacados fueron el dise\u00f1o y la distribuci\u00f3n, as\u00ed como la atenci\u00f3n y trato recibido durante la visita; valorados como sobresaliente (9,3 y 9,2 sobre 10, respectivamente). Adem\u00e1s, el 94,6 por ciento del p\u00fablico visitante ha manifestado su intenci\u00f3n de viajar a Andaluc\u00eda durante 2016.<\/p>\n","protected":false},"excerpt":{"rendered":"<p>El stand de Andaluc\u00eda en la pasada edici\u00f3n de la Feria Internacional de Turismo (Fitur) en Madrid ha permitido a los empresarios y profesionales andaluces que contaron con mesa de trabajo en el expositor establecer m\u00e1s de 11.800 contactos comerciales. En una nota, la Consejer\u00eda de Turismo y Deporte ha precisado que as\u00ed, cada uno<\/p>\n","protected":false},"author":1,"featured_media":62063,"comment_status":"open","ping_status":"closed","sticky":false,"template":"","format":"standard","meta":{"footnotes":""},"categories":[224],"tags":[],"class_list":{"0":"post-62062","1":"post","2":"type-post","3":"status-publish","4":"format-standard","5":"has-post-thumbnail","7":"category-noticias-actualidad"},"aioseo_notices":[],"aioseo_head":"\n\t\t<!-- All in One SEO Pro 4.9.6.1 - aioseo.com -->\n\t<meta name=\"description\" content=\"El stand de Andaluc\u00eda en la pasada edici\u00f3n de la Feria Internacional de Turismo (Fitur) en Madrid ha permitido a los empresarios y profesionales andaluces que contaron con mesa de trabajo en el expositor establecer m\u00e1s de 11.800 contactos comerciales. En una nota, la Consejer\u00eda de Turismo y Deporte ha precisado que as\u00ed, cada uno\" \/>\n\t<meta name=\"robots\" content=\"max-image-preview:large\" \/>\n\t<meta name=\"author\" content=\"admin\"\/>\n\t<meta name=\"google-site-verification\" content=\"UA-38556648-1\" \/>\n\t<meta name=\"keywords\" content=\"noticias y actualidad\" \/>\n\t<link rel=\"canonical\" href=\"https:\/\/eldigitaldeasturias.com\/magazine365\/el-stand-de-andalucia-en-fitur-permite-a-los-empresarios-andaluces-iniciar-mas-de-11-800-contactos-comerciales\/\" \/>\n\t<meta name=\"generator\" content=\"All in One SEO Pro (AIOSEO) 4.9.6.1\" \/>\n\t\t<meta property=\"og:locale\" content=\"es_ES\" \/>\n\t\t<meta property=\"og:site_name\" content=\"El Digital de Asturias \u2013 Revista de ocio, turismo y estilo de vida\" \/>\n\t\t<meta property=\"og:type\" content=\"article\" \/>\n\t\t<meta property=\"og:title\" content=\"El stand de Andaluc\u00eda en Fitur permite a los empresarios andaluces iniciar m\u00e1s de 11.800 contactos comerciales | El Digital de Asturias\" \/>\n\t\t<meta property=\"og:description\" content=\"El stand de Andaluc\u00eda en la pasada edici\u00f3n de la Feria Internacional de Turismo (Fitur) en Madrid ha permitido a los empresarios y profesionales andaluces que contaron con mesa de trabajo en el expositor establecer m\u00e1s de 11.800 contactos comerciales. En una nota, la Consejer\u00eda de Turismo y Deporte ha precisado que as\u00ed, cada uno\" \/>\n\t\t<meta property=\"og:url\" content=\"https:\/\/eldigitaldeasturias.com\/magazine365\/el-stand-de-andalucia-en-fitur-permite-a-los-empresarios-andaluces-iniciar-mas-de-11-800-contactos-comerciales\/\" \/>\n\t\t<meta property=\"og:image\" content=\"https:\/\/eldigitaldeasturias.com\/magazine365\/wp-content\/uploads\/2016\/01\/fotonoticia_20160125155302_800.jpg\" \/>\n\t\t<meta property=\"og:image:secure_url\" content=\"https:\/\/eldigitaldeasturias.com\/magazine365\/wp-content\/uploads\/2016\/01\/fotonoticia_20160125155302_800.jpg\" \/>\n\t\t<meta property=\"og:image:width\" content=\"800\" \/>\n\t\t<meta property=\"og:image:height\" content=\"476\" \/>\n\t\t<meta property=\"article:published_time\" content=\"2016-01-25T22:52:05+00:00\" \/>\n\t\t<meta property=\"article:modified_time\" content=\"2016-01-25T22:52:05+00:00\" \/>\n\t\t<meta name=\"twitter:card\" content=\"summary_large_image\" \/>\n\t\t<meta name=\"twitter:title\" content=\"El stand de Andaluc\u00eda en Fitur permite a los empresarios andaluces iniciar m\u00e1s de 11.800 contactos comerciales | El Digital de Asturias\" \/>\n\t\t<meta name=\"twitter:description\" content=\"El stand de Andaluc\u00eda en la pasada edici\u00f3n de la Feria Internacional de Turismo (Fitur) en Madrid ha permitido a los empresarios y profesionales andaluces que contaron con mesa de trabajo en el expositor establecer m\u00e1s de 11.800 contactos comerciales. En una nota, la Consejer\u00eda de Turismo y Deporte ha precisado que as\u00ed, cada uno\" \/>\n\t\t<meta name=\"twitter:image\" content=\"https:\/\/eldigitaldeasturias.com\/magazine365\/wp-content\/uploads\/2016\/01\/fotonoticia_20160125155302_800.jpg\" \/>\n\t\t<script type=\"application\/ld+json\" class=\"aioseo-schema\">\n\t\t\t{\"@context\":\"https:\\\/\\\/schema.org\",\"@graph\":[{\"@type\":\"Article\",\"@id\":\"https:\\\/\\\/eldigitaldeasturias.com\\\/magazine365\\\/el-stand-de-andalucia-en-fitur-permite-a-los-empresarios-andaluces-iniciar-mas-de-11-800-contactos-comerciales\\\/#article\",\"name\":\"El stand de Andaluc\\u00eda en Fitur permite a los empresarios andaluces iniciar m\\u00e1s de 11.800 contactos comerciales | El Digital de Asturias\",\"headline\":\"El stand de Andaluc\\u00eda en Fitur permite a los empresarios andaluces iniciar m\\u00e1s de 11.800 contactos comerciales\",\"author\":{\"@id\":\"https:\\\/\\\/eldigitaldeasturias.com\\\/magazine365\\\/author\\\/admin\\\/#author\"},\"publisher\":{\"@id\":\"https:\\\/\\\/eldigitaldeasturias.com\\\/magazine365\\\/#organization\"},\"image\":{\"@type\":\"ImageObject\",\"url\":\"https:\\\/\\\/eldigitaldeasturias.com\\\/magazine365\\\/wp-content\\\/uploads\\\/2016\\\/01\\\/fotonoticia_20160125155302_800.jpg\",\"width\":800,\"height\":476},\"datePublished\":\"2016-01-25T23:52:05+01:00\",\"dateModified\":\"2016-01-25T23:52:05+01:00\",\"inLanguage\":\"es-ES\",\"mainEntityOfPage\":{\"@id\":\"https:\\\/\\\/eldigitaldeasturias.com\\\/magazine365\\\/el-stand-de-andalucia-en-fitur-permite-a-los-empresarios-andaluces-iniciar-mas-de-11-800-contactos-comerciales\\\/#webpage\"},\"isPartOf\":{\"@id\":\"https:\\\/\\\/eldigitaldeasturias.com\\\/magazine365\\\/el-stand-de-andalucia-en-fitur-permite-a-los-empresarios-andaluces-iniciar-mas-de-11-800-contactos-comerciales\\\/#webpage\"},\"articleSection\":\"Noticias y Actualidad\"},{\"@type\":\"BreadcrumbList\",\"@id\":\"https:\\\/\\\/eldigitaldeasturias.com\\\/magazine365\\\/el-stand-de-andalucia-en-fitur-permite-a-los-empresarios-andaluces-iniciar-mas-de-11-800-contactos-comerciales\\\/#breadcrumblist\",\"itemListElement\":[{\"@type\":\"ListItem\",\"@id\":\"https:\\\/\\\/eldigitaldeasturias.com\\\/magazine365#listItem\",\"position\":1,\"name\":\"Home\",\"item\":\"https:\\\/\\\/eldigitaldeasturias.com\\\/magazine365\",\"nextItem\":{\"@type\":\"ListItem\",\"@id\":\"https:\\\/\\\/eldigitaldeasturias.com\\\/magazine365\\\/category\\\/noticias-actualidad\\\/#listItem\",\"name\":\"Noticias y Actualidad\"}},{\"@type\":\"ListItem\",\"@id\":\"https:\\\/\\\/eldigitaldeasturias.com\\\/magazine365\\\/category\\\/noticias-actualidad\\\/#listItem\",\"position\":2,\"name\":\"Noticias y Actualidad\",\"item\":\"https:\\\/\\\/eldigitaldeasturias.com\\\/magazine365\\\/category\\\/noticias-actualidad\\\/\",\"nextItem\":{\"@type\":\"ListItem\",\"@id\":\"https:\\\/\\\/eldigitaldeasturias.com\\\/magazine365\\\/el-stand-de-andalucia-en-fitur-permite-a-los-empresarios-andaluces-iniciar-mas-de-11-800-contactos-comerciales\\\/#listItem\",\"name\":\"El stand de Andaluc\\u00eda en Fitur permite a los empresarios andaluces iniciar m\\u00e1s de 11.800 contactos comerciales\"},\"previousItem\":{\"@type\":\"ListItem\",\"@id\":\"https:\\\/\\\/eldigitaldeasturias.com\\\/magazine365#listItem\",\"name\":\"Home\"}},{\"@type\":\"ListItem\",\"@id\":\"https:\\\/\\\/eldigitaldeasturias.com\\\/magazine365\\\/el-stand-de-andalucia-en-fitur-permite-a-los-empresarios-andaluces-iniciar-mas-de-11-800-contactos-comerciales\\\/#listItem\",\"position\":3,\"name\":\"El stand de Andaluc\\u00eda en Fitur permite a los empresarios andaluces iniciar m\\u00e1s de 11.800 contactos comerciales\",\"previousItem\":{\"@type\":\"ListItem\",\"@id\":\"https:\\\/\\\/eldigitaldeasturias.com\\\/magazine365\\\/category\\\/noticias-actualidad\\\/#listItem\",\"name\":\"Noticias y Actualidad\"}}]},{\"@type\":\"Organization\",\"@id\":\"https:\\\/\\\/eldigitaldeasturias.com\\\/magazine365\\\/#organization\",\"name\":\"El digital de Asturias\",\"description\":\"Revista de ocio, turismo y estilo de vida\",\"url\":\"https:\\\/\\\/eldigitaldeasturias.com\\\/magazine365\\\/\",\"logo\":{\"@type\":\"ImageObject\",\"url\":\"https:\\\/\\\/www.eldigitaldeasturias.com\\\/noticias\\\/wp-content\\\/uploads\\\/2020\\\/12\\\/EDA.jpg\",\"@id\":\"https:\\\/\\\/eldigitaldeasturias.com\\\/magazine365\\\/el-stand-de-andalucia-en-fitur-permite-a-los-empresarios-andaluces-iniciar-mas-de-11-800-contactos-comerciales\\\/#organizationLogo\"},\"image\":{\"@id\":\"https:\\\/\\\/eldigitaldeasturias.com\\\/magazine365\\\/el-stand-de-andalucia-en-fitur-permite-a-los-empresarios-andaluces-iniciar-mas-de-11-800-contactos-comerciales\\\/#organizationLogo\"}},{\"@type\":\"Person\",\"@id\":\"https:\\\/\\\/eldigitaldeasturias.com\\\/magazine365\\\/author\\\/admin\\\/#author\",\"url\":\"https:\\\/\\\/eldigitaldeasturias.com\\\/magazine365\\\/author\\\/admin\\\/\",\"name\":\"admin\",\"image\":{\"@type\":\"ImageObject\",\"@id\":\"https:\\\/\\\/eldigitaldeasturias.com\\\/magazine365\\\/el-stand-de-andalucia-en-fitur-permite-a-los-empresarios-andaluces-iniciar-mas-de-11-800-contactos-comerciales\\\/#authorImage\",\"url\":\"https:\\\/\\\/eldigitaldeasturias.com\\\/magazine365\\\/wp-content\\\/litespeed\\\/avatar\\\/e571bcf59a0edd6fa6838245a470f2fe.jpg?ver=1776969259\",\"width\":96,\"height\":96,\"caption\":\"admin\"}},{\"@type\":\"WebPage\",\"@id\":\"https:\\\/\\\/eldigitaldeasturias.com\\\/magazine365\\\/el-stand-de-andalucia-en-fitur-permite-a-los-empresarios-andaluces-iniciar-mas-de-11-800-contactos-comerciales\\\/#webpage\",\"url\":\"https:\\\/\\\/eldigitaldeasturias.com\\\/magazine365\\\/el-stand-de-andalucia-en-fitur-permite-a-los-empresarios-andaluces-iniciar-mas-de-11-800-contactos-comerciales\\\/\",\"name\":\"El stand de Andaluc\\u00eda en Fitur permite a los empresarios andaluces iniciar m\\u00e1s de 11.800 contactos comerciales | El Digital de Asturias\",\"description\":\"El stand de Andaluc\\u00eda en la pasada edici\\u00f3n de la Feria Internacional de Turismo (Fitur) en Madrid ha permitido a los empresarios y profesionales andaluces que contaron con mesa de trabajo en el expositor establecer m\\u00e1s de 11.800 contactos comerciales. En una nota, la Consejer\\u00eda de Turismo y Deporte ha precisado que as\\u00ed, cada uno\",\"inLanguage\":\"es-ES\",\"isPartOf\":{\"@id\":\"https:\\\/\\\/eldigitaldeasturias.com\\\/magazine365\\\/#website\"},\"breadcrumb\":{\"@id\":\"https:\\\/\\\/eldigitaldeasturias.com\\\/magazine365\\\/el-stand-de-andalucia-en-fitur-permite-a-los-empresarios-andaluces-iniciar-mas-de-11-800-contactos-comerciales\\\/#breadcrumblist\"},\"author\":{\"@id\":\"https:\\\/\\\/eldigitaldeasturias.com\\\/magazine365\\\/author\\\/admin\\\/#author\"},\"creator\":{\"@id\":\"https:\\\/\\\/eldigitaldeasturias.com\\\/magazine365\\\/author\\\/admin\\\/#author\"},\"image\":{\"@type\":\"ImageObject\",\"url\":\"https:\\\/\\\/eldigitaldeasturias.com\\\/magazine365\\\/wp-content\\\/uploads\\\/2016\\\/01\\\/fotonoticia_20160125155302_800.jpg\",\"@id\":\"https:\\\/\\\/eldigitaldeasturias.com\\\/magazine365\\\/el-stand-de-andalucia-en-fitur-permite-a-los-empresarios-andaluces-iniciar-mas-de-11-800-contactos-comerciales\\\/#mainImage\",\"width\":800,\"height\":476},\"primaryImageOfPage\":{\"@id\":\"https:\\\/\\\/eldigitaldeasturias.com\\\/magazine365\\\/el-stand-de-andalucia-en-fitur-permite-a-los-empresarios-andaluces-iniciar-mas-de-11-800-contactos-comerciales\\\/#mainImage\"},\"datePublished\":\"2016-01-25T23:52:05+01:00\",\"dateModified\":\"2016-01-25T23:52:05+01:00\"},{\"@type\":\"WebSite\",\"@id\":\"https:\\\/\\\/eldigitaldeasturias.com\\\/magazine365\\\/#website\",\"url\":\"https:\\\/\\\/eldigitaldeasturias.com\\\/magazine365\\\/\",\"name\":\"El Digital de Asturias\",\"description\":\"Revista de ocio, turismo y estilo de vida\",\"inLanguage\":\"es-ES\",\"publisher\":{\"@id\":\"https:\\\/\\\/eldigitaldeasturias.com\\\/magazine365\\\/#organization\"}}]}\n\t\t<\/script>\n\t\t<!-- All in One SEO Pro -->\r\n\t\t<title>El stand de Andaluc\u00eda en Fitur permite a los empresarios andaluces iniciar m\u00e1s de 11.800 contactos comerciales | El Digital de Asturias<\/title>\n\n","aioseo_head_json":{"title":"El stand de Andaluc\u00eda en Fitur permite a los empresarios andaluces iniciar m\u00e1s de 11.800 contactos comerciales | El Digital de Asturias","description":"El stand de Andaluc\u00eda en la pasada edici\u00f3n de la Feria Internacional de Turismo (Fitur) en Madrid ha permitido a los empresarios y profesionales andaluces que contaron con mesa de trabajo en el expositor establecer m\u00e1s de 11.800 contactos comerciales. En una nota, la Consejer\u00eda de Turismo y Deporte ha precisado que as\u00ed, cada uno","canonical_url":"https:\/\/eldigitaldeasturias.com\/magazine365\/el-stand-de-andalucia-en-fitur-permite-a-los-empresarios-andaluces-iniciar-mas-de-11-800-contactos-comerciales\/","robots":"max-image-preview:large","keywords":"noticias y actualidad","webmasterTools":{"google-site-verification":"UA-38556648-1","miscellaneous":""},"schema":{"@context":"https:\/\/schema.org","@graph":[{"@type":"Article","@id":"https:\/\/eldigitaldeasturias.com\/magazine365\/el-stand-de-andalucia-en-fitur-permite-a-los-empresarios-andaluces-iniciar-mas-de-11-800-contactos-comerciales\/#article","name":"El stand de Andaluc\u00eda en Fitur permite a los empresarios andaluces iniciar m\u00e1s de 11.800 contactos comerciales | El Digital de Asturias","headline":"El stand de Andaluc\u00eda en Fitur permite a los empresarios andaluces iniciar m\u00e1s de 11.800 contactos comerciales","author":{"@id":"https:\/\/eldigitaldeasturias.com\/magazine365\/author\/admin\/#author"},"publisher":{"@id":"https:\/\/eldigitaldeasturias.com\/magazine365\/#organization"},"image":{"@type":"ImageObject","url":"https:\/\/eldigitaldeasturias.com\/magazine365\/wp-content\/uploads\/2016\/01\/fotonoticia_20160125155302_800.jpg","width":800,"height":476},"datePublished":"2016-01-25T23:52:05+01:00","dateModified":"2016-01-25T23:52:05+01:00","inLanguage":"es-ES","mainEntityOfPage":{"@id":"https:\/\/eldigitaldeasturias.com\/magazine365\/el-stand-de-andalucia-en-fitur-permite-a-los-empresarios-andaluces-iniciar-mas-de-11-800-contactos-comerciales\/#webpage"},"isPartOf":{"@id":"https:\/\/eldigitaldeasturias.com\/magazine365\/el-stand-de-andalucia-en-fitur-permite-a-los-empresarios-andaluces-iniciar-mas-de-11-800-contactos-comerciales\/#webpage"},"articleSection":"Noticias y Actualidad"},{"@type":"BreadcrumbList","@id":"https:\/\/eldigitaldeasturias.com\/magazine365\/el-stand-de-andalucia-en-fitur-permite-a-los-empresarios-andaluces-iniciar-mas-de-11-800-contactos-comerciales\/#breadcrumblist","itemListElement":[{"@type":"ListItem","@id":"https:\/\/eldigitaldeasturias.com\/magazine365#listItem","position":1,"name":"Home","item":"https:\/\/eldigitaldeasturias.com\/magazine365","nextItem":{"@type":"ListItem","@id":"https:\/\/eldigitaldeasturias.com\/magazine365\/category\/noticias-actualidad\/#listItem","name":"Noticias y Actualidad"}},{"@type":"ListItem","@id":"https:\/\/eldigitaldeasturias.com\/magazine365\/category\/noticias-actualidad\/#listItem","position":2,"name":"Noticias y Actualidad","item":"https:\/\/eldigitaldeasturias.com\/magazine365\/category\/noticias-actualidad\/","nextItem":{"@type":"ListItem","@id":"https:\/\/eldigitaldeasturias.com\/magazine365\/el-stand-de-andalucia-en-fitur-permite-a-los-empresarios-andaluces-iniciar-mas-de-11-800-contactos-comerciales\/#listItem","name":"El stand de Andaluc\u00eda en Fitur permite a los empresarios andaluces iniciar m\u00e1s de 11.800 contactos comerciales"},"previousItem":{"@type":"ListItem","@id":"https:\/\/eldigitaldeasturias.com\/magazine365#listItem","name":"Home"}},{"@type":"ListItem","@id":"https:\/\/eldigitaldeasturias.com\/magazine365\/el-stand-de-andalucia-en-fitur-permite-a-los-empresarios-andaluces-iniciar-mas-de-11-800-contactos-comerciales\/#listItem","position":3,"name":"El stand de Andaluc\u00eda en Fitur permite a los empresarios andaluces iniciar m\u00e1s de 11.800 contactos comerciales","previousItem":{"@type":"ListItem","@id":"https:\/\/eldigitaldeasturias.com\/magazine365\/category\/noticias-actualidad\/#listItem","name":"Noticias y Actualidad"}}]},{"@type":"Organization","@id":"https:\/\/eldigitaldeasturias.com\/magazine365\/#organization","name":"El digital de Asturias","description":"Revista de ocio, turismo y estilo de vida","url":"https:\/\/eldigitaldeasturias.com\/magazine365\/","logo":{"@type":"ImageObject","url":"https:\/\/www.eldigitaldeasturias.com\/noticias\/wp-content\/uploads\/2020\/12\/EDA.jpg","@id":"https:\/\/eldigitaldeasturias.com\/magazine365\/el-stand-de-andalucia-en-fitur-permite-a-los-empresarios-andaluces-iniciar-mas-de-11-800-contactos-comerciales\/#organizationLogo"},"image":{"@id":"https:\/\/eldigitaldeasturias.com\/magazine365\/el-stand-de-andalucia-en-fitur-permite-a-los-empresarios-andaluces-iniciar-mas-de-11-800-contactos-comerciales\/#organizationLogo"}},{"@type":"Person","@id":"https:\/\/eldigitaldeasturias.com\/magazine365\/author\/admin\/#author","url":"https:\/\/eldigitaldeasturias.com\/magazine365\/author\/admin\/","name":"admin","image":{"@type":"ImageObject","@id":"https:\/\/eldigitaldeasturias.com\/magazine365\/el-stand-de-andalucia-en-fitur-permite-a-los-empresarios-andaluces-iniciar-mas-de-11-800-contactos-comerciales\/#authorImage","url":"https:\/\/eldigitaldeasturias.com\/magazine365\/wp-content\/litespeed\/avatar\/e571bcf59a0edd6fa6838245a470f2fe.jpg?ver=1776969259","width":96,"height":96,"caption":"admin"}},{"@type":"WebPage","@id":"https:\/\/eldigitaldeasturias.com\/magazine365\/el-stand-de-andalucia-en-fitur-permite-a-los-empresarios-andaluces-iniciar-mas-de-11-800-contactos-comerciales\/#webpage","url":"https:\/\/eldigitaldeasturias.com\/magazine365\/el-stand-de-andalucia-en-fitur-permite-a-los-empresarios-andaluces-iniciar-mas-de-11-800-contactos-comerciales\/","name":"El stand de Andaluc\u00eda en Fitur permite a los empresarios andaluces iniciar m\u00e1s de 11.800 contactos comerciales | El Digital de Asturias","description":"El stand de Andaluc\u00eda en la pasada edici\u00f3n de la Feria Internacional de Turismo (Fitur) en Madrid ha permitido a los empresarios y profesionales andaluces que contaron con mesa de trabajo en el expositor establecer m\u00e1s de 11.800 contactos comerciales. En una nota, la Consejer\u00eda de Turismo y Deporte ha precisado que as\u00ed, cada uno","inLanguage":"es-ES","isPartOf":{"@id":"https:\/\/eldigitaldeasturias.com\/magazine365\/#website"},"breadcrumb":{"@id":"https:\/\/eldigitaldeasturias.com\/magazine365\/el-stand-de-andalucia-en-fitur-permite-a-los-empresarios-andaluces-iniciar-mas-de-11-800-contactos-comerciales\/#breadcrumblist"},"author":{"@id":"https:\/\/eldigitaldeasturias.com\/magazine365\/author\/admin\/#author"},"creator":{"@id":"https:\/\/eldigitaldeasturias.com\/magazine365\/author\/admin\/#author"},"image":{"@type":"ImageObject","url":"https:\/\/eldigitaldeasturias.com\/magazine365\/wp-content\/uploads\/2016\/01\/fotonoticia_20160125155302_800.jpg","@id":"https:\/\/eldigitaldeasturias.com\/magazine365\/el-stand-de-andalucia-en-fitur-permite-a-los-empresarios-andaluces-iniciar-mas-de-11-800-contactos-comerciales\/#mainImage","width":800,"height":476},"primaryImageOfPage":{"@id":"https:\/\/eldigitaldeasturias.com\/magazine365\/el-stand-de-andalucia-en-fitur-permite-a-los-empresarios-andaluces-iniciar-mas-de-11-800-contactos-comerciales\/#mainImage"},"datePublished":"2016-01-25T23:52:05+01:00","dateModified":"2016-01-25T23:52:05+01:00"},{"@type":"WebSite","@id":"https:\/\/eldigitaldeasturias.com\/magazine365\/#website","url":"https:\/\/eldigitaldeasturias.com\/magazine365\/","name":"El Digital de Asturias","description":"Revista de ocio, turismo y estilo de vida","inLanguage":"es-ES","publisher":{"@id":"https:\/\/eldigitaldeasturias.com\/magazine365\/#organization"}}]},"og:locale":"es_ES","og:site_name":"El Digital de Asturias \u2013 Revista de ocio, turismo y estilo de vida","og:type":"article","og:title":"El stand de Andaluc\u00eda en Fitur permite a los empresarios andaluces iniciar m\u00e1s de 11.800 contactos comerciales | El Digital de Asturias","og:description":"El stand de Andaluc\u00eda en la pasada edici\u00f3n de la Feria Internacional de Turismo (Fitur) en Madrid ha permitido a los empresarios y profesionales andaluces que contaron con mesa de trabajo en el expositor establecer m\u00e1s de 11.800 contactos comerciales. En una nota, la Consejer\u00eda de Turismo y Deporte ha precisado que as\u00ed, cada uno","og:url":"https:\/\/eldigitaldeasturias.com\/magazine365\/el-stand-de-andalucia-en-fitur-permite-a-los-empresarios-andaluces-iniciar-mas-de-11-800-contactos-comerciales\/","og:image":"https:\/\/eldigitaldeasturias.com\/magazine365\/wp-content\/uploads\/2016\/01\/fotonoticia_20160125155302_800.jpg","og:image:secure_url":"https:\/\/eldigitaldeasturias.com\/magazine365\/wp-content\/uploads\/2016\/01\/fotonoticia_20160125155302_800.jpg","og:image:width":800,"og:image:height":476,"article:published_time":"2016-01-25T22:52:05+00:00","article:modified_time":"2016-01-25T22:52:05+00:00","twitter:card":"summary_large_image","twitter:title":"El stand de Andaluc\u00eda en Fitur permite a los empresarios andaluces iniciar m\u00e1s de 11.800 contactos comerciales | El Digital de Asturias","twitter:description":"El stand de Andaluc\u00eda en la pasada edici\u00f3n de la Feria Internacional de Turismo (Fitur) en Madrid ha permitido a los empresarios y profesionales andaluces que contaron con mesa de trabajo en el expositor establecer m\u00e1s de 11.800 contactos comerciales. En una nota, la Consejer\u00eda de Turismo y Deporte ha precisado que as\u00ed, cada uno","twitter:image":"https:\/\/eldigitaldeasturias.com\/magazine365\/wp-content\/uploads\/2016\/01\/fotonoticia_20160125155302_800.jpg"},"aioseo_meta_data":{"post_id":"62062","title":null,"description":null,"keywords":null,"keyphrases":null,"primary_term":null,"canonical_url":null,"og_title":null,"og_description":null,"og_object_type":"default","og_image_type":"default","og_image_url":null,"og_image_width":null,"og_image_height":null,"og_image_custom_url":null,"og_image_custom_fields":null,"og_video":null,"og_custom_url":null,"og_article_section":null,"og_article_tags":null,"twitter_use_og":false,"twitter_card":"default","twitter_image_type":"default","twitter_image_url":null,"twitter_image_custom_url":null,"twitter_image_custom_fields":null,"twitter_title":null,"twitter_description":null,"schema":{"blockGraphs":[],"customGraphs":[],"default":{"data":{"Article":[],"Course":[],"Dataset":[],"FAQPage":[],"Movie":[],"Person":[],"Product":[],"ProductReview":[],"Car":[],"Recipe":[],"Service":[],"SoftwareApplication":[],"WebPage":[]},"graphName":"","isEnabled":true},"graphs":[],"defaultGraph":"","defaultPostTypeGraph":""},"schema_type":null,"schema_type_options":null,"pillar_content":false,"robots_default":true,"robots_noindex":false,"robots_noarchive":false,"robots_nosnippet":false,"robots_nofollow":false,"robots_noimageindex":false,"robots_noodp":false,"robots_notranslate":false,"robots_max_snippet":null,"robots_max_videopreview":null,"robots_max_imagepreview":"large","priority":null,"frequency":null,"location":null,"local_seo":null,"seo_analyzer_scan_date":"2025-09-25 10:21:12","breadcrumb_settings":null,"limit_modified_date":false,"open_ai":null,"ai":null,"created":"2021-03-08 21:41:41","updated":"2025-09-25 10:21:12"},"aioseo_breadcrumb":"<div class=\"aioseo-breadcrumbs\"><span class=\"aioseo-breadcrumb\">\n\t<a href=\"https:\/\/eldigitaldeasturias.com\/magazine365\" title=\"Home\">Home<\/a>\n<\/span><span class=\"aioseo-breadcrumb-separator\">\u2013<\/span><span class=\"aioseo-breadcrumb\">\n\t<a href=\"https:\/\/eldigitaldeasturias.com\/magazine365\/category\/noticias-actualidad\/\" title=\"Noticias y Actualidad\">Noticias y Actualidad<\/a>\n<\/span><span class=\"aioseo-breadcrumb-separator\">\u2013<\/span><span class=\"aioseo-breadcrumb\">\n\t<a href=\"https:\/\/eldigitaldeasturias.com\/magazine365\/el-stand-de-andalucia-en-fitur-permite-a-los-empresarios-andaluces-iniciar-mas-de-11-800-contactos-comerciales\/\" title=\"El stand de Andaluc\u00eda en Fitur permite a los empresarios andaluces iniciar m\u00e1s de 11.800 contactos comerciales\">El stand de Andaluc\u00eda en Fitur permite a los empresarios andaluces iniciar m\u00e1s de 11.800 contactos comerciales<\/a>\n<\/span><\/div>","aioseo_breadcrumb_json":[{"label":"Home","link":"https:\/\/eldigitaldeasturias.com\/magazine365"},{"label":"Noticias y Actualidad","link":"https:\/\/eldigitaldeasturias.com\/magazine365\/category\/noticias-actualidad\/"},{"label":"El stand de Andaluc\u00eda en Fitur permite a los empresarios andaluces iniciar m\u00e1s de 11.800 contactos comerciales","link":"https:\/\/eldigitaldeasturias.com\/magazine365\/el-stand-de-andalucia-en-fitur-permite-a-los-empresarios-andaluces-iniciar-mas-de-11-800-contactos-comerciales\/"}],"_links":{"self":[{"href":"https:\/\/eldigitaldeasturias.com\/magazine365\/wp-json\/wp\/v2\/posts\/62062","targetHints":{"allow":["GET"]}}],"collection":[{"href":"https:\/\/eldigitaldeasturias.com\/magazine365\/wp-json\/wp\/v2\/posts"}],"about":[{"href":"https:\/\/eldigitaldeasturias.com\/magazine365\/wp-json\/wp\/v2\/types\/post"}],"author":[{"embeddable":true,"href":"https:\/\/eldigitaldeasturias.com\/magazine365\/wp-json\/wp\/v2\/users\/1"}],"replies":[{"embeddable":true,"href":"https:\/\/eldigitaldeasturias.com\/magazine365\/wp-json\/wp\/v2\/comments?post=62062"}],"version-history":[{"count":0,"href":"https:\/\/eldigitaldeasturias.com\/magazine365\/wp-json\/wp\/v2\/posts\/62062\/revisions"}],"wp:featuredmedia":[{"embeddable":true,"href":"https:\/\/eldigitaldeasturias.com\/magazine365\/wp-json\/wp\/v2\/media\/62063"}],"wp:attachment":[{"href":"https:\/\/eldigitaldeasturias.com\/magazine365\/wp-json\/wp\/v2\/media?parent=62062"}],"wp:term":[{"taxonomy":"category","embeddable":true,"href":"https:\/\/eldigitaldeasturias.com\/magazine365\/wp-json\/wp\/v2\/categories?post=62062"},{"taxonomy":"post_tag","embeddable":true,"href":"https:\/\/eldigitaldeasturias.com\/magazine365\/wp-json\/wp\/v2\/tags?post=62062"}],"curies":[{"name":"wp","href":"https:\/\/api.w.org\/{rel}","templated":true}]}}