{"id":62056,"date":"2016-01-25T23:50:32","date_gmt":"2016-01-25T22:50:32","guid":{"rendered":"http:\/\/eldigitaldeasturias.com\/magazine365\/?p=62056"},"modified":"2016-01-25T23:50:32","modified_gmt":"2016-01-25T22:50:32","slug":"mario-sandoval-nuevo-embajador-de-la-marca-m-producto-certificado-de-la-comunidad-de-madrid","status":"publish","type":"post","link":"https:\/\/eldigitaldeasturias.com\/magazine365\/mario-sandoval-nuevo-embajador-de-la-marca-m-producto-certificado-de-la-comunidad-de-madrid\/","title":{"rendered":"Mario Sandoval, nuevo embajador de la marca &#8216;M Producto certificado&#8217; de la Comunidad de Madrid"},"content":{"rendered":"<p><img fetchpriority=\"high\" decoding=\"async\" class=\"alignleft size-medium wp-image-62057\" src=\"https:\/\/eldigitaldeasturias.com\/magazine365\/wp-content\/uploads\/2016\/01\/fotonoticia_20160125154940_800-360x240.jpg\" alt=\"fotonoticia_20160125154940_800\" width=\"360\" height=\"240\" srcset=\"https:\/\/eldigitaldeasturias.com\/magazine365\/wp-content\/uploads\/2016\/01\/fotonoticia_20160125154940_800-360x240.jpg 360w, https:\/\/eldigitaldeasturias.com\/magazine365\/wp-content\/uploads\/2016\/01\/fotonoticia_20160125154940_800-650x433.jpg 650w, https:\/\/eldigitaldeasturias.com\/magazine365\/wp-content\/uploads\/2016\/01\/fotonoticia_20160125154940_800-768x512.jpg 768w, https:\/\/eldigitaldeasturias.com\/magazine365\/wp-content\/uploads\/2016\/01\/fotonoticia_20160125154940_800-150x100.jpg 150w, https:\/\/eldigitaldeasturias.com\/magazine365\/wp-content\/uploads\/2016\/01\/fotonoticia_20160125154940_800-450x300.jpg 450w, https:\/\/eldigitaldeasturias.com\/magazine365\/wp-content\/uploads\/2016\/01\/fotonoticia_20160125154940_800-696x464.jpg 696w, https:\/\/eldigitaldeasturias.com\/magazine365\/wp-content\/uploads\/2016\/01\/fotonoticia_20160125154940_800-630x420.jpg 630w, https:\/\/eldigitaldeasturias.com\/magazine365\/wp-content\/uploads\/2016\/01\/fotonoticia_20160125154940_800-101x66.jpg 101w, https:\/\/eldigitaldeasturias.com\/magazine365\/wp-content\/uploads\/2016\/01\/fotonoticia_20160125154940_800.jpg 800w\" sizes=\"(max-width: 360px) 100vw, 360px\" \/>La Comunidad de Madrid ha nombrado a Mario Sandoval embajador de la marca &#8216;M Producto Certificado&#8217;, un reconocimiento que queda reflejado en la chaquetilla de la que ha hecho entrega la presidenta regional, Cristina Cifuentes y que el chef lucir\u00e1 a lo largo de todo el a\u00f1o.<\/p>\n<p>Ha sido el acto central de la primera jornada de Madrid Fusi\u00f3n, uno de los foros gastron\u00f3micos m\u00e1s importantes del panorama mundial donde, a lo largo de tres d\u00edas, donde Cifuentes, ha hecho hincapi\u00e9 en la \u00abcalidad\u00bb de los productos gastron\u00f3micos de la regi\u00f3n as\u00ed como en la necesidad de promocionar que \u00abse consuman tanto fuera como dentro\u00bb de la regi\u00f3n.<\/p>\n<p>Los productos elegidos que podr\u00e1n degustarse durante la cita gastron\u00f3mica son, entre otros, leche de cabra, quesos de la Vega de San Mart\u00edn, vinos de la Bodega Alberto Ayuso y ymini-gintonics elaborados con ginebra Santamar\u00eda.<\/p>\n<p>Adem\u00e1s, los visitantes del expositor podr\u00e1n conocer y saborear las propiedad gastron\u00f3micas del polen ap\u00edcola, asistir a una exhibici\u00f3n de elaboraci\u00f3n de c\u00f3cteles o descubrir platos realizados con productos ecol\u00f3gicos.<\/p>\n<p>TRADICI\u00d3N Y VANGUARDIA<\/p>\n<p>Por su parte, Sandoval ha manifestado que \u00abMadrid es una de las ciudades mas ricas en agricultura y biodiversidad\u00bb y ha recalcado que la calidad-precio de la regi\u00f3n es \u00ababrumadora\u00bb. Adem\u00e1s, ha agradecido al Gobierno regional la oportunidad de \u00abrepresentar\u00bb a la Comunidad.<\/p>\n<p>Tradici\u00f3n y vanguardia se mezclan en el stand madrile\u00f1o, como ha quedado reflejado en la demostraci\u00f3n que el nuevo embajador de la marca M ha realizado ante la presidenta y el resto de asistentes. El producto elegido por Sandoval ha sido la cebolla tierna de Gri\u00f1\u00f3n y la receta algo tan tradicional y al mismo tiempo tan innovador como una mousse de cocido.<\/p>\n<p>El nuevo embajador de la marca M es colaborador de varios proyectos realizados con el Instituto Madrile\u00f1o de Investigaci\u00f3n y Desarrollo Rural, Agrario y Alimentario (IMIDRA) y el Centro Superior de Investigaciones Cient\u00edficas (CSIC).<\/p>\n<p>Entre ellos destaca el denominado \u00abaperitivo perfecto\u00bb, bocados en los que Sandoval ha eliminado l\u00e1cteos, az\u00facar procesado y frituras mediante hidr\u00f3lisis qu\u00edmica o enzim\u00e1tica de la clara de huevo para convertirlos en platos aptos para diab\u00e9ticos, personas con intolerancia a la lactosa y ni\u00f1os.<\/p>\n<p>Tras la \u00abmagia\u00bb de Sandoval, el showcooking de la Comunidad de Madrid ha acogido una degustaci\u00f3n de carnes procedentes de La Finca de Jim\u00e9nez Barbero cocinadas por los prestigiosos chefs Julio Reoyo, del Mes\u00f3n de do\u00f1a Filo, y Javier Est\u00e9vez, de La Tasquer\u00eda y candidato al premio de \u00abCocinero revelaci\u00f3n Madrid Fusi\u00f3n 2016\u00bb.<\/p>\n","protected":false},"excerpt":{"rendered":"<p>La Comunidad de Madrid ha nombrado a Mario Sandoval embajador de la marca &#8216;M Producto Certificado&#8217;, un reconocimiento que queda reflejado en la chaquetilla de la que ha hecho entrega la presidenta regional, Cristina Cifuentes y que el chef lucir\u00e1 a lo largo de todo el a\u00f1o. Ha sido el acto central de la primera<\/p>\n","protected":false},"author":1,"featured_media":62057,"comment_status":"open","ping_status":"closed","sticky":false,"template":"","format":"standard","meta":{"footnotes":""},"categories":[224],"tags":[],"class_list":{"0":"post-62056","1":"post","2":"type-post","3":"status-publish","4":"format-standard","5":"has-post-thumbnail","7":"category-noticias-actualidad"},"aioseo_notices":[],"aioseo_head":"\n\t\t<!-- All in One SEO Pro 4.9.6.1 - aioseo.com -->\n\t<meta name=\"description\" content=\"La Comunidad de Madrid ha nombrado a Mario Sandoval embajador de la marca &#039;M Producto Certificado&#039;, un reconocimiento que queda reflejado en la chaquetilla de la que ha hecho entrega la presidenta regional, Cristina Cifuentes y que el chef lucir\u00e1 a lo largo de todo el a\u00f1o. Ha sido el acto central de la primera\" \/>\n\t<meta name=\"robots\" content=\"max-image-preview:large\" \/>\n\t<meta name=\"author\" content=\"admin\"\/>\n\t<meta name=\"google-site-verification\" content=\"UA-38556648-1\" \/>\n\t<meta name=\"keywords\" content=\"noticias y actualidad\" \/>\n\t<link rel=\"canonical\" href=\"https:\/\/eldigitaldeasturias.com\/magazine365\/mario-sandoval-nuevo-embajador-de-la-marca-m-producto-certificado-de-la-comunidad-de-madrid\/\" \/>\n\t<meta name=\"generator\" content=\"All in One SEO Pro (AIOSEO) 4.9.6.1\" \/>\n\t\t<meta property=\"og:locale\" content=\"es_ES\" \/>\n\t\t<meta property=\"og:site_name\" content=\"El Digital de Asturias \u2013 Revista de ocio, turismo y estilo de vida\" \/>\n\t\t<meta property=\"og:type\" content=\"article\" \/>\n\t\t<meta property=\"og:title\" content=\"Mario Sandoval, nuevo embajador de la marca \u2018M Producto certificado\u2019 de la Comunidad de Madrid | El Digital de Asturias\" \/>\n\t\t<meta property=\"og:description\" content=\"La Comunidad de Madrid ha nombrado a Mario Sandoval embajador de la marca &#039;M Producto Certificado&#039;, un reconocimiento que queda reflejado en la chaquetilla de la que ha hecho entrega la presidenta regional, Cristina Cifuentes y que el chef lucir\u00e1 a lo largo de todo el a\u00f1o. Ha sido el acto central de la primera\" \/>\n\t\t<meta property=\"og:url\" content=\"https:\/\/eldigitaldeasturias.com\/magazine365\/mario-sandoval-nuevo-embajador-de-la-marca-m-producto-certificado-de-la-comunidad-de-madrid\/\" \/>\n\t\t<meta property=\"og:image\" content=\"https:\/\/eldigitaldeasturias.com\/magazine365\/wp-content\/uploads\/2016\/01\/fotonoticia_20160125154940_800.jpg\" \/>\n\t\t<meta property=\"og:image:secure_url\" content=\"https:\/\/eldigitaldeasturias.com\/magazine365\/wp-content\/uploads\/2016\/01\/fotonoticia_20160125154940_800.jpg\" \/>\n\t\t<meta property=\"og:image:width\" content=\"800\" \/>\n\t\t<meta property=\"og:image:height\" content=\"533\" \/>\n\t\t<meta property=\"article:published_time\" content=\"2016-01-25T22:50:32+00:00\" \/>\n\t\t<meta property=\"article:modified_time\" content=\"2016-01-25T22:50:32+00:00\" \/>\n\t\t<meta name=\"twitter:card\" content=\"summary_large_image\" \/>\n\t\t<meta name=\"twitter:title\" content=\"Mario Sandoval, nuevo embajador de la marca \u2018M Producto certificado\u2019 de la Comunidad de Madrid | El Digital de Asturias\" \/>\n\t\t<meta name=\"twitter:description\" content=\"La Comunidad de Madrid ha nombrado a Mario Sandoval embajador de la marca &#039;M Producto Certificado&#039;, un reconocimiento que queda reflejado en la chaquetilla de la que ha hecho entrega la presidenta regional, Cristina Cifuentes y que el chef lucir\u00e1 a lo largo de todo el a\u00f1o. Ha sido el acto central de la primera\" \/>\n\t\t<meta name=\"twitter:image\" content=\"https:\/\/eldigitaldeasturias.com\/magazine365\/wp-content\/uploads\/2016\/01\/fotonoticia_20160125154940_800.jpg\" \/>\n\t\t<script type=\"application\/ld+json\" class=\"aioseo-schema\">\n\t\t\t{\"@context\":\"https:\\\/\\\/schema.org\",\"@graph\":[{\"@type\":\"Article\",\"@id\":\"https:\\\/\\\/eldigitaldeasturias.com\\\/magazine365\\\/mario-sandoval-nuevo-embajador-de-la-marca-m-producto-certificado-de-la-comunidad-de-madrid\\\/#article\",\"name\":\"Mario Sandoval, nuevo embajador de la marca \\u2018M Producto certificado\\u2019 de la Comunidad de Madrid | El Digital de Asturias\",\"headline\":\"Mario Sandoval, nuevo embajador de la marca &#8216;M Producto certificado&#8217; de la Comunidad de Madrid\",\"author\":{\"@id\":\"https:\\\/\\\/eldigitaldeasturias.com\\\/magazine365\\\/author\\\/admin\\\/#author\"},\"publisher\":{\"@id\":\"https:\\\/\\\/eldigitaldeasturias.com\\\/magazine365\\\/#organization\"},\"image\":{\"@type\":\"ImageObject\",\"url\":\"https:\\\/\\\/eldigitaldeasturias.com\\\/magazine365\\\/wp-content\\\/uploads\\\/2016\\\/01\\\/fotonoticia_20160125154940_800.jpg\",\"width\":800,\"height\":533},\"datePublished\":\"2016-01-25T23:50:32+01:00\",\"dateModified\":\"2016-01-25T23:50:32+01:00\",\"inLanguage\":\"es-ES\",\"mainEntityOfPage\":{\"@id\":\"https:\\\/\\\/eldigitaldeasturias.com\\\/magazine365\\\/mario-sandoval-nuevo-embajador-de-la-marca-m-producto-certificado-de-la-comunidad-de-madrid\\\/#webpage\"},\"isPartOf\":{\"@id\":\"https:\\\/\\\/eldigitaldeasturias.com\\\/magazine365\\\/mario-sandoval-nuevo-embajador-de-la-marca-m-producto-certificado-de-la-comunidad-de-madrid\\\/#webpage\"},\"articleSection\":\"Noticias y Actualidad\"},{\"@type\":\"BreadcrumbList\",\"@id\":\"https:\\\/\\\/eldigitaldeasturias.com\\\/magazine365\\\/mario-sandoval-nuevo-embajador-de-la-marca-m-producto-certificado-de-la-comunidad-de-madrid\\\/#breadcrumblist\",\"itemListElement\":[{\"@type\":\"ListItem\",\"@id\":\"https:\\\/\\\/eldigitaldeasturias.com\\\/magazine365#listItem\",\"position\":1,\"name\":\"Home\",\"item\":\"https:\\\/\\\/eldigitaldeasturias.com\\\/magazine365\",\"nextItem\":{\"@type\":\"ListItem\",\"@id\":\"https:\\\/\\\/eldigitaldeasturias.com\\\/magazine365\\\/category\\\/noticias-actualidad\\\/#listItem\",\"name\":\"Noticias y Actualidad\"}},{\"@type\":\"ListItem\",\"@id\":\"https:\\\/\\\/eldigitaldeasturias.com\\\/magazine365\\\/category\\\/noticias-actualidad\\\/#listItem\",\"position\":2,\"name\":\"Noticias y Actualidad\",\"item\":\"https:\\\/\\\/eldigitaldeasturias.com\\\/magazine365\\\/category\\\/noticias-actualidad\\\/\",\"nextItem\":{\"@type\":\"ListItem\",\"@id\":\"https:\\\/\\\/eldigitaldeasturias.com\\\/magazine365\\\/mario-sandoval-nuevo-embajador-de-la-marca-m-producto-certificado-de-la-comunidad-de-madrid\\\/#listItem\",\"name\":\"Mario Sandoval, nuevo embajador de la marca &#8216;M Producto certificado&#8217; de la Comunidad de Madrid\"},\"previousItem\":{\"@type\":\"ListItem\",\"@id\":\"https:\\\/\\\/eldigitaldeasturias.com\\\/magazine365#listItem\",\"name\":\"Home\"}},{\"@type\":\"ListItem\",\"@id\":\"https:\\\/\\\/eldigitaldeasturias.com\\\/magazine365\\\/mario-sandoval-nuevo-embajador-de-la-marca-m-producto-certificado-de-la-comunidad-de-madrid\\\/#listItem\",\"position\":3,\"name\":\"Mario Sandoval, nuevo embajador de la marca &#8216;M Producto certificado&#8217; de la Comunidad de Madrid\",\"previousItem\":{\"@type\":\"ListItem\",\"@id\":\"https:\\\/\\\/eldigitaldeasturias.com\\\/magazine365\\\/category\\\/noticias-actualidad\\\/#listItem\",\"name\":\"Noticias y Actualidad\"}}]},{\"@type\":\"Organization\",\"@id\":\"https:\\\/\\\/eldigitaldeasturias.com\\\/magazine365\\\/#organization\",\"name\":\"El digital de Asturias\",\"description\":\"Revista de ocio, turismo y estilo de vida\",\"url\":\"https:\\\/\\\/eldigitaldeasturias.com\\\/magazine365\\\/\",\"logo\":{\"@type\":\"ImageObject\",\"url\":\"https:\\\/\\\/www.eldigitaldeasturias.com\\\/noticias\\\/wp-content\\\/uploads\\\/2020\\\/12\\\/EDA.jpg\",\"@id\":\"https:\\\/\\\/eldigitaldeasturias.com\\\/magazine365\\\/mario-sandoval-nuevo-embajador-de-la-marca-m-producto-certificado-de-la-comunidad-de-madrid\\\/#organizationLogo\"},\"image\":{\"@id\":\"https:\\\/\\\/eldigitaldeasturias.com\\\/magazine365\\\/mario-sandoval-nuevo-embajador-de-la-marca-m-producto-certificado-de-la-comunidad-de-madrid\\\/#organizationLogo\"}},{\"@type\":\"Person\",\"@id\":\"https:\\\/\\\/eldigitaldeasturias.com\\\/magazine365\\\/author\\\/admin\\\/#author\",\"url\":\"https:\\\/\\\/eldigitaldeasturias.com\\\/magazine365\\\/author\\\/admin\\\/\",\"name\":\"admin\",\"image\":{\"@type\":\"ImageObject\",\"@id\":\"https:\\\/\\\/eldigitaldeasturias.com\\\/magazine365\\\/mario-sandoval-nuevo-embajador-de-la-marca-m-producto-certificado-de-la-comunidad-de-madrid\\\/#authorImage\",\"url\":\"https:\\\/\\\/eldigitaldeasturias.com\\\/magazine365\\\/wp-content\\\/litespeed\\\/avatar\\\/e571bcf59a0edd6fa6838245a470f2fe.jpg?ver=1776969259\",\"width\":96,\"height\":96,\"caption\":\"admin\"}},{\"@type\":\"WebPage\",\"@id\":\"https:\\\/\\\/eldigitaldeasturias.com\\\/magazine365\\\/mario-sandoval-nuevo-embajador-de-la-marca-m-producto-certificado-de-la-comunidad-de-madrid\\\/#webpage\",\"url\":\"https:\\\/\\\/eldigitaldeasturias.com\\\/magazine365\\\/mario-sandoval-nuevo-embajador-de-la-marca-m-producto-certificado-de-la-comunidad-de-madrid\\\/\",\"name\":\"Mario Sandoval, nuevo embajador de la marca \\u2018M Producto certificado\\u2019 de la Comunidad de Madrid | El Digital de Asturias\",\"description\":\"La Comunidad de Madrid ha nombrado a Mario Sandoval embajador de la marca 'M Producto Certificado', un reconocimiento que queda reflejado en la chaquetilla de la que ha hecho entrega la presidenta regional, Cristina Cifuentes y que el chef lucir\\u00e1 a lo largo de todo el a\\u00f1o. Ha sido el acto central de la primera\",\"inLanguage\":\"es-ES\",\"isPartOf\":{\"@id\":\"https:\\\/\\\/eldigitaldeasturias.com\\\/magazine365\\\/#website\"},\"breadcrumb\":{\"@id\":\"https:\\\/\\\/eldigitaldeasturias.com\\\/magazine365\\\/mario-sandoval-nuevo-embajador-de-la-marca-m-producto-certificado-de-la-comunidad-de-madrid\\\/#breadcrumblist\"},\"author\":{\"@id\":\"https:\\\/\\\/eldigitaldeasturias.com\\\/magazine365\\\/author\\\/admin\\\/#author\"},\"creator\":{\"@id\":\"https:\\\/\\\/eldigitaldeasturias.com\\\/magazine365\\\/author\\\/admin\\\/#author\"},\"image\":{\"@type\":\"ImageObject\",\"url\":\"https:\\\/\\\/eldigitaldeasturias.com\\\/magazine365\\\/wp-content\\\/uploads\\\/2016\\\/01\\\/fotonoticia_20160125154940_800.jpg\",\"@id\":\"https:\\\/\\\/eldigitaldeasturias.com\\\/magazine365\\\/mario-sandoval-nuevo-embajador-de-la-marca-m-producto-certificado-de-la-comunidad-de-madrid\\\/#mainImage\",\"width\":800,\"height\":533},\"primaryImageOfPage\":{\"@id\":\"https:\\\/\\\/eldigitaldeasturias.com\\\/magazine365\\\/mario-sandoval-nuevo-embajador-de-la-marca-m-producto-certificado-de-la-comunidad-de-madrid\\\/#mainImage\"},\"datePublished\":\"2016-01-25T23:50:32+01:00\",\"dateModified\":\"2016-01-25T23:50:32+01:00\"},{\"@type\":\"WebSite\",\"@id\":\"https:\\\/\\\/eldigitaldeasturias.com\\\/magazine365\\\/#website\",\"url\":\"https:\\\/\\\/eldigitaldeasturias.com\\\/magazine365\\\/\",\"name\":\"El Digital de Asturias\",\"description\":\"Revista de ocio, turismo y estilo de vida\",\"inLanguage\":\"es-ES\",\"publisher\":{\"@id\":\"https:\\\/\\\/eldigitaldeasturias.com\\\/magazine365\\\/#organization\"}}]}\n\t\t<\/script>\n\t\t<!-- All in One SEO Pro -->\r\n\t\t<title>Mario Sandoval, nuevo embajador de la marca \u2018M Producto certificado\u2019 de la Comunidad de Madrid | El Digital de Asturias<\/title>\n\n","aioseo_head_json":{"title":"Mario Sandoval, nuevo embajador de la marca \u2018M Producto certificado\u2019 de la Comunidad de Madrid | El Digital de Asturias","description":"La Comunidad de Madrid ha nombrado a Mario Sandoval embajador de la marca 'M Producto Certificado', un reconocimiento que queda reflejado en la chaquetilla de la que ha hecho entrega la presidenta regional, Cristina Cifuentes y que el chef lucir\u00e1 a lo largo de todo el a\u00f1o. Ha sido el acto central de la primera","canonical_url":"https:\/\/eldigitaldeasturias.com\/magazine365\/mario-sandoval-nuevo-embajador-de-la-marca-m-producto-certificado-de-la-comunidad-de-madrid\/","robots":"max-image-preview:large","keywords":"noticias y actualidad","webmasterTools":{"google-site-verification":"UA-38556648-1","miscellaneous":""},"schema":{"@context":"https:\/\/schema.org","@graph":[{"@type":"Article","@id":"https:\/\/eldigitaldeasturias.com\/magazine365\/mario-sandoval-nuevo-embajador-de-la-marca-m-producto-certificado-de-la-comunidad-de-madrid\/#article","name":"Mario Sandoval, nuevo embajador de la marca \u2018M Producto certificado\u2019 de la Comunidad de Madrid | El Digital de Asturias","headline":"Mario Sandoval, nuevo embajador de la marca &#8216;M Producto certificado&#8217; de la Comunidad de Madrid","author":{"@id":"https:\/\/eldigitaldeasturias.com\/magazine365\/author\/admin\/#author"},"publisher":{"@id":"https:\/\/eldigitaldeasturias.com\/magazine365\/#organization"},"image":{"@type":"ImageObject","url":"https:\/\/eldigitaldeasturias.com\/magazine365\/wp-content\/uploads\/2016\/01\/fotonoticia_20160125154940_800.jpg","width":800,"height":533},"datePublished":"2016-01-25T23:50:32+01:00","dateModified":"2016-01-25T23:50:32+01:00","inLanguage":"es-ES","mainEntityOfPage":{"@id":"https:\/\/eldigitaldeasturias.com\/magazine365\/mario-sandoval-nuevo-embajador-de-la-marca-m-producto-certificado-de-la-comunidad-de-madrid\/#webpage"},"isPartOf":{"@id":"https:\/\/eldigitaldeasturias.com\/magazine365\/mario-sandoval-nuevo-embajador-de-la-marca-m-producto-certificado-de-la-comunidad-de-madrid\/#webpage"},"articleSection":"Noticias y Actualidad"},{"@type":"BreadcrumbList","@id":"https:\/\/eldigitaldeasturias.com\/magazine365\/mario-sandoval-nuevo-embajador-de-la-marca-m-producto-certificado-de-la-comunidad-de-madrid\/#breadcrumblist","itemListElement":[{"@type":"ListItem","@id":"https:\/\/eldigitaldeasturias.com\/magazine365#listItem","position":1,"name":"Home","item":"https:\/\/eldigitaldeasturias.com\/magazine365","nextItem":{"@type":"ListItem","@id":"https:\/\/eldigitaldeasturias.com\/magazine365\/category\/noticias-actualidad\/#listItem","name":"Noticias y Actualidad"}},{"@type":"ListItem","@id":"https:\/\/eldigitaldeasturias.com\/magazine365\/category\/noticias-actualidad\/#listItem","position":2,"name":"Noticias y Actualidad","item":"https:\/\/eldigitaldeasturias.com\/magazine365\/category\/noticias-actualidad\/","nextItem":{"@type":"ListItem","@id":"https:\/\/eldigitaldeasturias.com\/magazine365\/mario-sandoval-nuevo-embajador-de-la-marca-m-producto-certificado-de-la-comunidad-de-madrid\/#listItem","name":"Mario Sandoval, nuevo embajador de la marca &#8216;M Producto certificado&#8217; de la Comunidad de Madrid"},"previousItem":{"@type":"ListItem","@id":"https:\/\/eldigitaldeasturias.com\/magazine365#listItem","name":"Home"}},{"@type":"ListItem","@id":"https:\/\/eldigitaldeasturias.com\/magazine365\/mario-sandoval-nuevo-embajador-de-la-marca-m-producto-certificado-de-la-comunidad-de-madrid\/#listItem","position":3,"name":"Mario Sandoval, nuevo embajador de la marca &#8216;M Producto certificado&#8217; de la Comunidad de Madrid","previousItem":{"@type":"ListItem","@id":"https:\/\/eldigitaldeasturias.com\/magazine365\/category\/noticias-actualidad\/#listItem","name":"Noticias y Actualidad"}}]},{"@type":"Organization","@id":"https:\/\/eldigitaldeasturias.com\/magazine365\/#organization","name":"El digital de Asturias","description":"Revista de ocio, turismo y estilo de vida","url":"https:\/\/eldigitaldeasturias.com\/magazine365\/","logo":{"@type":"ImageObject","url":"https:\/\/www.eldigitaldeasturias.com\/noticias\/wp-content\/uploads\/2020\/12\/EDA.jpg","@id":"https:\/\/eldigitaldeasturias.com\/magazine365\/mario-sandoval-nuevo-embajador-de-la-marca-m-producto-certificado-de-la-comunidad-de-madrid\/#organizationLogo"},"image":{"@id":"https:\/\/eldigitaldeasturias.com\/magazine365\/mario-sandoval-nuevo-embajador-de-la-marca-m-producto-certificado-de-la-comunidad-de-madrid\/#organizationLogo"}},{"@type":"Person","@id":"https:\/\/eldigitaldeasturias.com\/magazine365\/author\/admin\/#author","url":"https:\/\/eldigitaldeasturias.com\/magazine365\/author\/admin\/","name":"admin","image":{"@type":"ImageObject","@id":"https:\/\/eldigitaldeasturias.com\/magazine365\/mario-sandoval-nuevo-embajador-de-la-marca-m-producto-certificado-de-la-comunidad-de-madrid\/#authorImage","url":"https:\/\/eldigitaldeasturias.com\/magazine365\/wp-content\/litespeed\/avatar\/e571bcf59a0edd6fa6838245a470f2fe.jpg?ver=1776969259","width":96,"height":96,"caption":"admin"}},{"@type":"WebPage","@id":"https:\/\/eldigitaldeasturias.com\/magazine365\/mario-sandoval-nuevo-embajador-de-la-marca-m-producto-certificado-de-la-comunidad-de-madrid\/#webpage","url":"https:\/\/eldigitaldeasturias.com\/magazine365\/mario-sandoval-nuevo-embajador-de-la-marca-m-producto-certificado-de-la-comunidad-de-madrid\/","name":"Mario Sandoval, nuevo embajador de la marca \u2018M Producto certificado\u2019 de la Comunidad de Madrid | El Digital de Asturias","description":"La Comunidad de Madrid ha nombrado a Mario Sandoval embajador de la marca 'M Producto Certificado', un reconocimiento que queda reflejado en la chaquetilla de la que ha hecho entrega la presidenta regional, Cristina Cifuentes y que el chef lucir\u00e1 a lo largo de todo el a\u00f1o. Ha sido el acto central de la primera","inLanguage":"es-ES","isPartOf":{"@id":"https:\/\/eldigitaldeasturias.com\/magazine365\/#website"},"breadcrumb":{"@id":"https:\/\/eldigitaldeasturias.com\/magazine365\/mario-sandoval-nuevo-embajador-de-la-marca-m-producto-certificado-de-la-comunidad-de-madrid\/#breadcrumblist"},"author":{"@id":"https:\/\/eldigitaldeasturias.com\/magazine365\/author\/admin\/#author"},"creator":{"@id":"https:\/\/eldigitaldeasturias.com\/magazine365\/author\/admin\/#author"},"image":{"@type":"ImageObject","url":"https:\/\/eldigitaldeasturias.com\/magazine365\/wp-content\/uploads\/2016\/01\/fotonoticia_20160125154940_800.jpg","@id":"https:\/\/eldigitaldeasturias.com\/magazine365\/mario-sandoval-nuevo-embajador-de-la-marca-m-producto-certificado-de-la-comunidad-de-madrid\/#mainImage","width":800,"height":533},"primaryImageOfPage":{"@id":"https:\/\/eldigitaldeasturias.com\/magazine365\/mario-sandoval-nuevo-embajador-de-la-marca-m-producto-certificado-de-la-comunidad-de-madrid\/#mainImage"},"datePublished":"2016-01-25T23:50:32+01:00","dateModified":"2016-01-25T23:50:32+01:00"},{"@type":"WebSite","@id":"https:\/\/eldigitaldeasturias.com\/magazine365\/#website","url":"https:\/\/eldigitaldeasturias.com\/magazine365\/","name":"El Digital de Asturias","description":"Revista de ocio, turismo y estilo de vida","inLanguage":"es-ES","publisher":{"@id":"https:\/\/eldigitaldeasturias.com\/magazine365\/#organization"}}]},"og:locale":"es_ES","og:site_name":"El Digital de Asturias \u2013 Revista de ocio, turismo y estilo de vida","og:type":"article","og:title":"Mario Sandoval, nuevo embajador de la marca \u2018M Producto certificado\u2019 de la Comunidad de Madrid | El Digital de Asturias","og:description":"La Comunidad de Madrid ha nombrado a Mario Sandoval embajador de la marca 'M Producto Certificado', un reconocimiento que queda reflejado en la chaquetilla de la que ha hecho entrega la presidenta regional, Cristina Cifuentes y que el chef lucir\u00e1 a lo largo de todo el a\u00f1o. Ha sido el acto central de la primera","og:url":"https:\/\/eldigitaldeasturias.com\/magazine365\/mario-sandoval-nuevo-embajador-de-la-marca-m-producto-certificado-de-la-comunidad-de-madrid\/","og:image":"https:\/\/eldigitaldeasturias.com\/magazine365\/wp-content\/uploads\/2016\/01\/fotonoticia_20160125154940_800.jpg","og:image:secure_url":"https:\/\/eldigitaldeasturias.com\/magazine365\/wp-content\/uploads\/2016\/01\/fotonoticia_20160125154940_800.jpg","og:image:width":800,"og:image:height":533,"article:published_time":"2016-01-25T22:50:32+00:00","article:modified_time":"2016-01-25T22:50:32+00:00","twitter:card":"summary_large_image","twitter:title":"Mario Sandoval, nuevo embajador de la marca \u2018M Producto certificado\u2019 de la Comunidad de Madrid | El Digital de Asturias","twitter:description":"La Comunidad de Madrid ha nombrado a Mario Sandoval embajador de la marca 'M Producto Certificado', un reconocimiento que queda reflejado en la chaquetilla de la que ha hecho entrega la presidenta regional, Cristina Cifuentes y que el chef lucir\u00e1 a lo largo de todo el a\u00f1o. Ha sido el acto central de la primera","twitter:image":"https:\/\/eldigitaldeasturias.com\/magazine365\/wp-content\/uploads\/2016\/01\/fotonoticia_20160125154940_800.jpg"},"aioseo_meta_data":{"post_id":"62056","title":null,"description":null,"keywords":null,"keyphrases":null,"primary_term":null,"canonical_url":null,"og_title":null,"og_description":null,"og_object_type":"default","og_image_type":"default","og_image_url":null,"og_image_width":null,"og_image_height":null,"og_image_custom_url":null,"og_image_custom_fields":null,"og_video":null,"og_custom_url":null,"og_article_section":null,"og_article_tags":null,"twitter_use_og":false,"twitter_card":"default","twitter_image_type":"default","twitter_image_url":null,"twitter_image_custom_url":null,"twitter_image_custom_fields":null,"twitter_title":null,"twitter_description":null,"schema":{"blockGraphs":[],"customGraphs":[],"default":{"data":{"Article":[],"Course":[],"Dataset":[],"FAQPage":[],"Movie":[],"Person":[],"Product":[],"ProductReview":[],"Car":[],"Recipe":[],"Service":[],"SoftwareApplication":[],"WebPage":[]},"graphName":"","isEnabled":true},"graphs":[]},"schema_type":null,"schema_type_options":null,"pillar_content":false,"robots_default":true,"robots_noindex":false,"robots_noarchive":false,"robots_nosnippet":false,"robots_nofollow":false,"robots_noimageindex":false,"robots_noodp":false,"robots_notranslate":false,"robots_max_snippet":null,"robots_max_videopreview":null,"robots_max_imagepreview":"large","priority":null,"frequency":null,"location":null,"local_seo":null,"seo_analyzer_scan_date":"2025-09-25 10:19:37","breadcrumb_settings":null,"limit_modified_date":false,"open_ai":null,"ai":null,"created":"2021-03-08 21:41:41","updated":"2025-09-25 10:19:37"},"aioseo_breadcrumb":"<div class=\"aioseo-breadcrumbs\"><span class=\"aioseo-breadcrumb\">\n\t<a href=\"https:\/\/eldigitaldeasturias.com\/magazine365\" title=\"Home\">Home<\/a>\n<\/span><span class=\"aioseo-breadcrumb-separator\">\u2013<\/span><span class=\"aioseo-breadcrumb\">\n\t<a href=\"https:\/\/eldigitaldeasturias.com\/magazine365\/category\/noticias-actualidad\/\" title=\"Noticias y Actualidad\">Noticias y Actualidad<\/a>\n<\/span><span class=\"aioseo-breadcrumb-separator\">\u2013<\/span><span class=\"aioseo-breadcrumb\">\n\t<a href=\"https:\/\/eldigitaldeasturias.com\/magazine365\/mario-sandoval-nuevo-embajador-de-la-marca-m-producto-certificado-de-la-comunidad-de-madrid\/\" title=\"Mario Sandoval, nuevo embajador de la marca \u2018M Producto certificado\u2019 de la Comunidad de Madrid\">Mario Sandoval, nuevo embajador de la marca \u2018M Producto certificado\u2019 de la Comunidad de Madrid<\/a>\n<\/span><\/div>","aioseo_breadcrumb_json":[{"label":"Home","link":"https:\/\/eldigitaldeasturias.com\/magazine365"},{"label":"Noticias y Actualidad","link":"https:\/\/eldigitaldeasturias.com\/magazine365\/category\/noticias-actualidad\/"},{"label":"Mario Sandoval, nuevo embajador de la marca &#8216;M Producto certificado&#8217; de la Comunidad de Madrid","link":"https:\/\/eldigitaldeasturias.com\/magazine365\/mario-sandoval-nuevo-embajador-de-la-marca-m-producto-certificado-de-la-comunidad-de-madrid\/"}],"_links":{"self":[{"href":"https:\/\/eldigitaldeasturias.com\/magazine365\/wp-json\/wp\/v2\/posts\/62056","targetHints":{"allow":["GET"]}}],"collection":[{"href":"https:\/\/eldigitaldeasturias.com\/magazine365\/wp-json\/wp\/v2\/posts"}],"about":[{"href":"https:\/\/eldigitaldeasturias.com\/magazine365\/wp-json\/wp\/v2\/types\/post"}],"author":[{"embeddable":true,"href":"https:\/\/eldigitaldeasturias.com\/magazine365\/wp-json\/wp\/v2\/users\/1"}],"replies":[{"embeddable":true,"href":"https:\/\/eldigitaldeasturias.com\/magazine365\/wp-json\/wp\/v2\/comments?post=62056"}],"version-history":[{"count":0,"href":"https:\/\/eldigitaldeasturias.com\/magazine365\/wp-json\/wp\/v2\/posts\/62056\/revisions"}],"wp:featuredmedia":[{"embeddable":true,"href":"https:\/\/eldigitaldeasturias.com\/magazine365\/wp-json\/wp\/v2\/media\/62057"}],"wp:attachment":[{"href":"https:\/\/eldigitaldeasturias.com\/magazine365\/wp-json\/wp\/v2\/media?parent=62056"}],"wp:term":[{"taxonomy":"category","embeddable":true,"href":"https:\/\/eldigitaldeasturias.com\/magazine365\/wp-json\/wp\/v2\/categories?post=62056"},{"taxonomy":"post_tag","embeddable":true,"href":"https:\/\/eldigitaldeasturias.com\/magazine365\/wp-json\/wp\/v2\/tags?post=62056"}],"curies":[{"name":"wp","href":"https:\/\/api.w.org\/{rel}","templated":true}]}}