{"id":62053,"date":"2016-01-25T23:49:45","date_gmt":"2016-01-25T22:49:45","guid":{"rendered":"http:\/\/eldigitaldeasturias.com\/magazine365\/?p=62053"},"modified":"2016-01-25T23:49:45","modified_gmt":"2016-01-25T22:49:45","slug":"la-diputacion-de-cadiz-valora-fitur-como-la-mejor-edicion-de-los-ultimos-anos-para-la-provincia","status":"publish","type":"post","link":"https:\/\/eldigitaldeasturias.com\/magazine365\/la-diputacion-de-cadiz-valora-fitur-como-la-mejor-edicion-de-los-ultimos-anos-para-la-provincia\/","title":{"rendered":"La Diputaci\u00f3n de C\u00e1diz valora Fitur como \u00abla mejor edici\u00f3n de los \u00faltimos a\u00f1os para la provincia\u00bb"},"content":{"rendered":"<p><img fetchpriority=\"high\" decoding=\"async\" class=\"alignleft size-medium wp-image-62054\" src=\"https:\/\/eldigitaldeasturias.com\/magazine365\/wp-content\/uploads\/2016\/01\/fotonoticia_20160125153407_800-360x214.jpg\" alt=\"fotonoticia_20160125153407_800\" width=\"360\" height=\"214\" srcset=\"https:\/\/eldigitaldeasturias.com\/magazine365\/wp-content\/uploads\/2016\/01\/fotonoticia_20160125153407_800-360x214.jpg 360w, https:\/\/eldigitaldeasturias.com\/magazine365\/wp-content\/uploads\/2016\/01\/fotonoticia_20160125153407_800-650x387.jpg 650w, https:\/\/eldigitaldeasturias.com\/magazine365\/wp-content\/uploads\/2016\/01\/fotonoticia_20160125153407_800-768x457.jpg 768w, https:\/\/eldigitaldeasturias.com\/magazine365\/wp-content\/uploads\/2016\/01\/fotonoticia_20160125153407_800-150x89.jpg 150w, https:\/\/eldigitaldeasturias.com\/magazine365\/wp-content\/uploads\/2016\/01\/fotonoticia_20160125153407_800-450x268.jpg 450w, https:\/\/eldigitaldeasturias.com\/magazine365\/wp-content\/uploads\/2016\/01\/fotonoticia_20160125153407_800-696x414.jpg 696w, https:\/\/eldigitaldeasturias.com\/magazine365\/wp-content\/uploads\/2016\/01\/fotonoticia_20160125153407_800-706x420.jpg 706w, https:\/\/eldigitaldeasturias.com\/magazine365\/wp-content\/uploads\/2016\/01\/fotonoticia_20160125153407_800.jpg 800w\" sizes=\"(max-width: 360px) 100vw, 360px\" \/>La diputada de Turismo y vicepresidenta del Patronato Provincial de Turismo de la Diputaci\u00f3n de C\u00e1diz, Mar\u00eda Dolores Varo, ha valorado la Feria Internacional de Turismo (Fitur) que se ha celebrado hasta el domingo en Madrid como \u00abla mejor para la provincia de C\u00e1diz en los \u00faltimos a\u00f1os\u00bb.<\/p>\n<p>En un comunicado, Varo ha asegurado que \u00abFitur solo es el comienzo de un 2016 magn\u00edfico para el turismo en la provincia\u00bb, tanto por la imagen proyectada por la provincia en los distintos actos que ha organizado, como por las reuniones t\u00e9cnicas mantenidas.<\/p>\n<p>En este sentido, la Diputaci\u00f3n ha recordado que durante los tres d\u00edas dedicados a profesionales, el Patronato Provincial de Turismo ha mantenido una veintena de encuentros de trabajos con OET (oficinas espa\u00f1olas de turismo en el exterior) aerol\u00edneas, touroperadores y medios de comunicaci\u00f3n especializados.<\/p>\n<p>Igualmente, en el espacio de la provincia los municipios gaditanos, empresas tur\u00edsticas y la propia Diputaci\u00f3n han realizado 31 presentaciones, destacando el D\u00eda de la Provincia en Fitur, que se celebr\u00f3 el jueves y que estuvo presidido por la presidenta Irene Garc\u00eda y el consejero de Turismo y Deporte de la Junta de Andaluc\u00eda, Francisco Javier Fern\u00e1ndez.<\/p>\n<p>Adem\u00e1s, ha recordado que la Diputaci\u00f3n organiz\u00f3 el mi\u00e9rcoles 20 &#8216;La Noche de C\u00e1diz en Madrid&#8217;, en la que present\u00f3 a nivel nacional el video promocional &#8216;Magic&#8217; y se estren\u00f3 en Madrid el espect\u00e1culo flamenco &#8216;Caijer\u00e9&#8217;.<\/p>\n<p>Por otra parte, la Diputaci\u00f3n ha se\u00f1alado que Fitur ha coincidido tambi\u00e9n con la publicaci\u00f3n de los datos oficiales del Instituto Nacional de Estad\u00edstica sobre c\u00f3mo hab\u00eda funcionado el sector tur\u00edstico en 2015, en el que casi 2,3 millones de turistas eligieron los hoteles de la provincia de C\u00e1diz para disfrutar o para hacer negocios, \u00ablo que ha convertido 2015 en un a\u00f1o extraordinario\u00bb.<\/p>\n<p>Finalmente, ha recordado que en 2015 vinieron a la provincia un 9,55 por ceinto m\u00e1s de turistas que el a\u00f1o anterior, que es la media de lo que creci\u00f3 el turismo nacional y el extranjero.<\/p>\n","protected":false},"excerpt":{"rendered":"<p>La diputada de Turismo y vicepresidenta del Patronato Provincial de Turismo de la Diputaci\u00f3n de C\u00e1diz, Mar\u00eda Dolores Varo, ha valorado la Feria Internacional de Turismo (Fitur) que se ha celebrado hasta el domingo en Madrid como \u00abla mejor para la provincia de C\u00e1diz en los \u00faltimos a\u00f1os\u00bb. En un comunicado, Varo ha asegurado que<\/p>\n","protected":false},"author":1,"featured_media":62054,"comment_status":"open","ping_status":"closed","sticky":false,"template":"","format":"standard","meta":{"footnotes":""},"categories":[224],"tags":[],"class_list":{"0":"post-62053","1":"post","2":"type-post","3":"status-publish","4":"format-standard","5":"has-post-thumbnail","7":"category-noticias-actualidad"},"aioseo_notices":[],"aioseo_head":"\n\t\t<!-- All in One SEO Pro 4.9.6.1 - aioseo.com -->\n\t<meta name=\"description\" content=\"La diputada de Turismo y vicepresidenta del Patronato Provincial de Turismo de la Diputaci\u00f3n de C\u00e1diz, Mar\u00eda Dolores Varo, ha valorado la Feria Internacional de Turismo (Fitur) que se ha celebrado hasta el domingo en Madrid como &quot;la mejor para la provincia de C\u00e1diz en los \u00faltimos a\u00f1os&quot;. En un comunicado, Varo ha asegurado que\" \/>\n\t<meta name=\"robots\" content=\"max-image-preview:large\" \/>\n\t<meta name=\"author\" content=\"admin\"\/>\n\t<meta name=\"google-site-verification\" content=\"UA-38556648-1\" \/>\n\t<meta name=\"keywords\" content=\"noticias y actualidad\" \/>\n\t<link rel=\"canonical\" href=\"https:\/\/eldigitaldeasturias.com\/magazine365\/la-diputacion-de-cadiz-valora-fitur-como-la-mejor-edicion-de-los-ultimos-anos-para-la-provincia\/\" \/>\n\t<meta name=\"generator\" content=\"All in One SEO Pro (AIOSEO) 4.9.6.1\" \/>\n\t\t<meta property=\"og:locale\" content=\"es_ES\" \/>\n\t\t<meta property=\"og:site_name\" content=\"El Digital de Asturias \u2013 Revista de ocio, turismo y estilo de vida\" \/>\n\t\t<meta property=\"og:type\" content=\"article\" \/>\n\t\t<meta property=\"og:title\" content=\"La Diputaci\u00f3n de C\u00e1diz valora Fitur como \u00abla mejor edici\u00f3n de los \u00faltimos a\u00f1os para la provincia\u00bb | El Digital de Asturias\" \/>\n\t\t<meta property=\"og:description\" content=\"La diputada de Turismo y vicepresidenta del Patronato Provincial de Turismo de la Diputaci\u00f3n de C\u00e1diz, Mar\u00eda Dolores Varo, ha valorado la Feria Internacional de Turismo (Fitur) que se ha celebrado hasta el domingo en Madrid como &quot;la mejor para la provincia de C\u00e1diz en los \u00faltimos a\u00f1os&quot;. En un comunicado, Varo ha asegurado que\" \/>\n\t\t<meta property=\"og:url\" content=\"https:\/\/eldigitaldeasturias.com\/magazine365\/la-diputacion-de-cadiz-valora-fitur-como-la-mejor-edicion-de-los-ultimos-anos-para-la-provincia\/\" \/>\n\t\t<meta property=\"og:image\" content=\"https:\/\/eldigitaldeasturias.com\/magazine365\/wp-content\/uploads\/2016\/01\/fotonoticia_20160125153407_800.jpg\" \/>\n\t\t<meta property=\"og:image:secure_url\" content=\"https:\/\/eldigitaldeasturias.com\/magazine365\/wp-content\/uploads\/2016\/01\/fotonoticia_20160125153407_800.jpg\" \/>\n\t\t<meta property=\"og:image:width\" content=\"800\" \/>\n\t\t<meta property=\"og:image:height\" content=\"476\" \/>\n\t\t<meta property=\"article:published_time\" content=\"2016-01-25T22:49:45+00:00\" \/>\n\t\t<meta property=\"article:modified_time\" content=\"2016-01-25T22:49:45+00:00\" \/>\n\t\t<meta name=\"twitter:card\" content=\"summary_large_image\" \/>\n\t\t<meta name=\"twitter:title\" content=\"La Diputaci\u00f3n de C\u00e1diz valora Fitur como \u00abla mejor edici\u00f3n de los \u00faltimos a\u00f1os para la provincia\u00bb | El Digital de Asturias\" \/>\n\t\t<meta name=\"twitter:description\" content=\"La diputada de Turismo y vicepresidenta del Patronato Provincial de Turismo de la Diputaci\u00f3n de C\u00e1diz, Mar\u00eda Dolores Varo, ha valorado la Feria Internacional de Turismo (Fitur) que se ha celebrado hasta el domingo en Madrid como &quot;la mejor para la provincia de C\u00e1diz en los \u00faltimos a\u00f1os&quot;. En un comunicado, Varo ha asegurado que\" \/>\n\t\t<meta name=\"twitter:image\" content=\"https:\/\/eldigitaldeasturias.com\/magazine365\/wp-content\/uploads\/2016\/01\/fotonoticia_20160125153407_800.jpg\" \/>\n\t\t<script type=\"application\/ld+json\" class=\"aioseo-schema\">\n\t\t\t{\"@context\":\"https:\\\/\\\/schema.org\",\"@graph\":[{\"@type\":\"Article\",\"@id\":\"https:\\\/\\\/eldigitaldeasturias.com\\\/magazine365\\\/la-diputacion-de-cadiz-valora-fitur-como-la-mejor-edicion-de-los-ultimos-anos-para-la-provincia\\\/#article\",\"name\":\"La Diputaci\\u00f3n de C\\u00e1diz valora Fitur como \\u00abla mejor edici\\u00f3n de los \\u00faltimos a\\u00f1os para la provincia\\u00bb | El Digital de Asturias\",\"headline\":\"La Diputaci\\u00f3n de C\\u00e1diz valora Fitur como \\u00abla mejor edici\\u00f3n de los \\u00faltimos a\\u00f1os para la provincia\\u00bb\",\"author\":{\"@id\":\"https:\\\/\\\/eldigitaldeasturias.com\\\/magazine365\\\/author\\\/admin\\\/#author\"},\"publisher\":{\"@id\":\"https:\\\/\\\/eldigitaldeasturias.com\\\/magazine365\\\/#organization\"},\"image\":{\"@type\":\"ImageObject\",\"url\":\"https:\\\/\\\/eldigitaldeasturias.com\\\/magazine365\\\/wp-content\\\/uploads\\\/2016\\\/01\\\/fotonoticia_20160125153407_800.jpg\",\"width\":800,\"height\":476},\"datePublished\":\"2016-01-25T23:49:45+01:00\",\"dateModified\":\"2016-01-25T23:49:45+01:00\",\"inLanguage\":\"es-ES\",\"mainEntityOfPage\":{\"@id\":\"https:\\\/\\\/eldigitaldeasturias.com\\\/magazine365\\\/la-diputacion-de-cadiz-valora-fitur-como-la-mejor-edicion-de-los-ultimos-anos-para-la-provincia\\\/#webpage\"},\"isPartOf\":{\"@id\":\"https:\\\/\\\/eldigitaldeasturias.com\\\/magazine365\\\/la-diputacion-de-cadiz-valora-fitur-como-la-mejor-edicion-de-los-ultimos-anos-para-la-provincia\\\/#webpage\"},\"articleSection\":\"Noticias y Actualidad\"},{\"@type\":\"BreadcrumbList\",\"@id\":\"https:\\\/\\\/eldigitaldeasturias.com\\\/magazine365\\\/la-diputacion-de-cadiz-valora-fitur-como-la-mejor-edicion-de-los-ultimos-anos-para-la-provincia\\\/#breadcrumblist\",\"itemListElement\":[{\"@type\":\"ListItem\",\"@id\":\"https:\\\/\\\/eldigitaldeasturias.com\\\/magazine365#listItem\",\"position\":1,\"name\":\"Home\",\"item\":\"https:\\\/\\\/eldigitaldeasturias.com\\\/magazine365\",\"nextItem\":{\"@type\":\"ListItem\",\"@id\":\"https:\\\/\\\/eldigitaldeasturias.com\\\/magazine365\\\/category\\\/noticias-actualidad\\\/#listItem\",\"name\":\"Noticias y Actualidad\"}},{\"@type\":\"ListItem\",\"@id\":\"https:\\\/\\\/eldigitaldeasturias.com\\\/magazine365\\\/category\\\/noticias-actualidad\\\/#listItem\",\"position\":2,\"name\":\"Noticias y Actualidad\",\"item\":\"https:\\\/\\\/eldigitaldeasturias.com\\\/magazine365\\\/category\\\/noticias-actualidad\\\/\",\"nextItem\":{\"@type\":\"ListItem\",\"@id\":\"https:\\\/\\\/eldigitaldeasturias.com\\\/magazine365\\\/la-diputacion-de-cadiz-valora-fitur-como-la-mejor-edicion-de-los-ultimos-anos-para-la-provincia\\\/#listItem\",\"name\":\"La Diputaci\\u00f3n de C\\u00e1diz valora Fitur como \\u00abla mejor edici\\u00f3n de los \\u00faltimos a\\u00f1os para la provincia\\u00bb\"},\"previousItem\":{\"@type\":\"ListItem\",\"@id\":\"https:\\\/\\\/eldigitaldeasturias.com\\\/magazine365#listItem\",\"name\":\"Home\"}},{\"@type\":\"ListItem\",\"@id\":\"https:\\\/\\\/eldigitaldeasturias.com\\\/magazine365\\\/la-diputacion-de-cadiz-valora-fitur-como-la-mejor-edicion-de-los-ultimos-anos-para-la-provincia\\\/#listItem\",\"position\":3,\"name\":\"La Diputaci\\u00f3n de C\\u00e1diz valora Fitur como \\u00abla mejor edici\\u00f3n de los \\u00faltimos a\\u00f1os para la provincia\\u00bb\",\"previousItem\":{\"@type\":\"ListItem\",\"@id\":\"https:\\\/\\\/eldigitaldeasturias.com\\\/magazine365\\\/category\\\/noticias-actualidad\\\/#listItem\",\"name\":\"Noticias y Actualidad\"}}]},{\"@type\":\"Organization\",\"@id\":\"https:\\\/\\\/eldigitaldeasturias.com\\\/magazine365\\\/#organization\",\"name\":\"El digital de Asturias\",\"description\":\"Revista de ocio, turismo y estilo de vida\",\"url\":\"https:\\\/\\\/eldigitaldeasturias.com\\\/magazine365\\\/\",\"logo\":{\"@type\":\"ImageObject\",\"url\":\"https:\\\/\\\/www.eldigitaldeasturias.com\\\/noticias\\\/wp-content\\\/uploads\\\/2020\\\/12\\\/EDA.jpg\",\"@id\":\"https:\\\/\\\/eldigitaldeasturias.com\\\/magazine365\\\/la-diputacion-de-cadiz-valora-fitur-como-la-mejor-edicion-de-los-ultimos-anos-para-la-provincia\\\/#organizationLogo\"},\"image\":{\"@id\":\"https:\\\/\\\/eldigitaldeasturias.com\\\/magazine365\\\/la-diputacion-de-cadiz-valora-fitur-como-la-mejor-edicion-de-los-ultimos-anos-para-la-provincia\\\/#organizationLogo\"}},{\"@type\":\"Person\",\"@id\":\"https:\\\/\\\/eldigitaldeasturias.com\\\/magazine365\\\/author\\\/admin\\\/#author\",\"url\":\"https:\\\/\\\/eldigitaldeasturias.com\\\/magazine365\\\/author\\\/admin\\\/\",\"name\":\"admin\",\"image\":{\"@type\":\"ImageObject\",\"@id\":\"https:\\\/\\\/eldigitaldeasturias.com\\\/magazine365\\\/la-diputacion-de-cadiz-valora-fitur-como-la-mejor-edicion-de-los-ultimos-anos-para-la-provincia\\\/#authorImage\",\"url\":\"https:\\\/\\\/eldigitaldeasturias.com\\\/magazine365\\\/wp-content\\\/litespeed\\\/avatar\\\/e571bcf59a0edd6fa6838245a470f2fe.jpg?ver=1776969259\",\"width\":96,\"height\":96,\"caption\":\"admin\"}},{\"@type\":\"WebPage\",\"@id\":\"https:\\\/\\\/eldigitaldeasturias.com\\\/magazine365\\\/la-diputacion-de-cadiz-valora-fitur-como-la-mejor-edicion-de-los-ultimos-anos-para-la-provincia\\\/#webpage\",\"url\":\"https:\\\/\\\/eldigitaldeasturias.com\\\/magazine365\\\/la-diputacion-de-cadiz-valora-fitur-como-la-mejor-edicion-de-los-ultimos-anos-para-la-provincia\\\/\",\"name\":\"La Diputaci\\u00f3n de C\\u00e1diz valora Fitur como \\u00abla mejor edici\\u00f3n de los \\u00faltimos a\\u00f1os para la provincia\\u00bb | El Digital de Asturias\",\"description\":\"La diputada de Turismo y vicepresidenta del Patronato Provincial de Turismo de la Diputaci\\u00f3n de C\\u00e1diz, Mar\\u00eda Dolores Varo, ha valorado la Feria Internacional de Turismo (Fitur) que se ha celebrado hasta el domingo en Madrid como \\\"la mejor para la provincia de C\\u00e1diz en los \\u00faltimos a\\u00f1os\\\". En un comunicado, Varo ha asegurado que\",\"inLanguage\":\"es-ES\",\"isPartOf\":{\"@id\":\"https:\\\/\\\/eldigitaldeasturias.com\\\/magazine365\\\/#website\"},\"breadcrumb\":{\"@id\":\"https:\\\/\\\/eldigitaldeasturias.com\\\/magazine365\\\/la-diputacion-de-cadiz-valora-fitur-como-la-mejor-edicion-de-los-ultimos-anos-para-la-provincia\\\/#breadcrumblist\"},\"author\":{\"@id\":\"https:\\\/\\\/eldigitaldeasturias.com\\\/magazine365\\\/author\\\/admin\\\/#author\"},\"creator\":{\"@id\":\"https:\\\/\\\/eldigitaldeasturias.com\\\/magazine365\\\/author\\\/admin\\\/#author\"},\"image\":{\"@type\":\"ImageObject\",\"url\":\"https:\\\/\\\/eldigitaldeasturias.com\\\/magazine365\\\/wp-content\\\/uploads\\\/2016\\\/01\\\/fotonoticia_20160125153407_800.jpg\",\"@id\":\"https:\\\/\\\/eldigitaldeasturias.com\\\/magazine365\\\/la-diputacion-de-cadiz-valora-fitur-como-la-mejor-edicion-de-los-ultimos-anos-para-la-provincia\\\/#mainImage\",\"width\":800,\"height\":476},\"primaryImageOfPage\":{\"@id\":\"https:\\\/\\\/eldigitaldeasturias.com\\\/magazine365\\\/la-diputacion-de-cadiz-valora-fitur-como-la-mejor-edicion-de-los-ultimos-anos-para-la-provincia\\\/#mainImage\"},\"datePublished\":\"2016-01-25T23:49:45+01:00\",\"dateModified\":\"2016-01-25T23:49:45+01:00\"},{\"@type\":\"WebSite\",\"@id\":\"https:\\\/\\\/eldigitaldeasturias.com\\\/magazine365\\\/#website\",\"url\":\"https:\\\/\\\/eldigitaldeasturias.com\\\/magazine365\\\/\",\"name\":\"El Digital de Asturias\",\"description\":\"Revista de ocio, turismo y estilo de vida\",\"inLanguage\":\"es-ES\",\"publisher\":{\"@id\":\"https:\\\/\\\/eldigitaldeasturias.com\\\/magazine365\\\/#organization\"}}]}\n\t\t<\/script>\n\t\t<!-- All in One SEO Pro -->\r\n\t\t<title>La Diputaci\u00f3n de C\u00e1diz valora Fitur como \u00abla mejor edici\u00f3n de los \u00faltimos a\u00f1os para la provincia\u00bb | El Digital de Asturias<\/title>\n\n","aioseo_head_json":{"title":"La Diputaci\u00f3n de C\u00e1diz valora Fitur como \u00abla mejor edici\u00f3n de los \u00faltimos a\u00f1os para la provincia\u00bb | El Digital de Asturias","description":"La diputada de Turismo y vicepresidenta del Patronato Provincial de Turismo de la Diputaci\u00f3n de C\u00e1diz, Mar\u00eda Dolores Varo, ha valorado la Feria Internacional de Turismo (Fitur) que se ha celebrado hasta el domingo en Madrid como \"la mejor para la provincia de C\u00e1diz en los \u00faltimos a\u00f1os\". En un comunicado, Varo ha asegurado que","canonical_url":"https:\/\/eldigitaldeasturias.com\/magazine365\/la-diputacion-de-cadiz-valora-fitur-como-la-mejor-edicion-de-los-ultimos-anos-para-la-provincia\/","robots":"max-image-preview:large","keywords":"noticias y actualidad","webmasterTools":{"google-site-verification":"UA-38556648-1","miscellaneous":""},"schema":{"@context":"https:\/\/schema.org","@graph":[{"@type":"Article","@id":"https:\/\/eldigitaldeasturias.com\/magazine365\/la-diputacion-de-cadiz-valora-fitur-como-la-mejor-edicion-de-los-ultimos-anos-para-la-provincia\/#article","name":"La Diputaci\u00f3n de C\u00e1diz valora Fitur como \u00abla mejor edici\u00f3n de los \u00faltimos a\u00f1os para la provincia\u00bb | El Digital de Asturias","headline":"La Diputaci\u00f3n de C\u00e1diz valora Fitur como \u00abla mejor edici\u00f3n de los \u00faltimos a\u00f1os para la provincia\u00bb","author":{"@id":"https:\/\/eldigitaldeasturias.com\/magazine365\/author\/admin\/#author"},"publisher":{"@id":"https:\/\/eldigitaldeasturias.com\/magazine365\/#organization"},"image":{"@type":"ImageObject","url":"https:\/\/eldigitaldeasturias.com\/magazine365\/wp-content\/uploads\/2016\/01\/fotonoticia_20160125153407_800.jpg","width":800,"height":476},"datePublished":"2016-01-25T23:49:45+01:00","dateModified":"2016-01-25T23:49:45+01:00","inLanguage":"es-ES","mainEntityOfPage":{"@id":"https:\/\/eldigitaldeasturias.com\/magazine365\/la-diputacion-de-cadiz-valora-fitur-como-la-mejor-edicion-de-los-ultimos-anos-para-la-provincia\/#webpage"},"isPartOf":{"@id":"https:\/\/eldigitaldeasturias.com\/magazine365\/la-diputacion-de-cadiz-valora-fitur-como-la-mejor-edicion-de-los-ultimos-anos-para-la-provincia\/#webpage"},"articleSection":"Noticias y Actualidad"},{"@type":"BreadcrumbList","@id":"https:\/\/eldigitaldeasturias.com\/magazine365\/la-diputacion-de-cadiz-valora-fitur-como-la-mejor-edicion-de-los-ultimos-anos-para-la-provincia\/#breadcrumblist","itemListElement":[{"@type":"ListItem","@id":"https:\/\/eldigitaldeasturias.com\/magazine365#listItem","position":1,"name":"Home","item":"https:\/\/eldigitaldeasturias.com\/magazine365","nextItem":{"@type":"ListItem","@id":"https:\/\/eldigitaldeasturias.com\/magazine365\/category\/noticias-actualidad\/#listItem","name":"Noticias y Actualidad"}},{"@type":"ListItem","@id":"https:\/\/eldigitaldeasturias.com\/magazine365\/category\/noticias-actualidad\/#listItem","position":2,"name":"Noticias y Actualidad","item":"https:\/\/eldigitaldeasturias.com\/magazine365\/category\/noticias-actualidad\/","nextItem":{"@type":"ListItem","@id":"https:\/\/eldigitaldeasturias.com\/magazine365\/la-diputacion-de-cadiz-valora-fitur-como-la-mejor-edicion-de-los-ultimos-anos-para-la-provincia\/#listItem","name":"La Diputaci\u00f3n de C\u00e1diz valora Fitur como \u00abla mejor edici\u00f3n de los \u00faltimos a\u00f1os para la provincia\u00bb"},"previousItem":{"@type":"ListItem","@id":"https:\/\/eldigitaldeasturias.com\/magazine365#listItem","name":"Home"}},{"@type":"ListItem","@id":"https:\/\/eldigitaldeasturias.com\/magazine365\/la-diputacion-de-cadiz-valora-fitur-como-la-mejor-edicion-de-los-ultimos-anos-para-la-provincia\/#listItem","position":3,"name":"La Diputaci\u00f3n de C\u00e1diz valora Fitur como \u00abla mejor edici\u00f3n de los \u00faltimos a\u00f1os para la provincia\u00bb","previousItem":{"@type":"ListItem","@id":"https:\/\/eldigitaldeasturias.com\/magazine365\/category\/noticias-actualidad\/#listItem","name":"Noticias y Actualidad"}}]},{"@type":"Organization","@id":"https:\/\/eldigitaldeasturias.com\/magazine365\/#organization","name":"El digital de Asturias","description":"Revista de ocio, turismo y estilo de vida","url":"https:\/\/eldigitaldeasturias.com\/magazine365\/","logo":{"@type":"ImageObject","url":"https:\/\/www.eldigitaldeasturias.com\/noticias\/wp-content\/uploads\/2020\/12\/EDA.jpg","@id":"https:\/\/eldigitaldeasturias.com\/magazine365\/la-diputacion-de-cadiz-valora-fitur-como-la-mejor-edicion-de-los-ultimos-anos-para-la-provincia\/#organizationLogo"},"image":{"@id":"https:\/\/eldigitaldeasturias.com\/magazine365\/la-diputacion-de-cadiz-valora-fitur-como-la-mejor-edicion-de-los-ultimos-anos-para-la-provincia\/#organizationLogo"}},{"@type":"Person","@id":"https:\/\/eldigitaldeasturias.com\/magazine365\/author\/admin\/#author","url":"https:\/\/eldigitaldeasturias.com\/magazine365\/author\/admin\/","name":"admin","image":{"@type":"ImageObject","@id":"https:\/\/eldigitaldeasturias.com\/magazine365\/la-diputacion-de-cadiz-valora-fitur-como-la-mejor-edicion-de-los-ultimos-anos-para-la-provincia\/#authorImage","url":"https:\/\/eldigitaldeasturias.com\/magazine365\/wp-content\/litespeed\/avatar\/e571bcf59a0edd6fa6838245a470f2fe.jpg?ver=1776969259","width":96,"height":96,"caption":"admin"}},{"@type":"WebPage","@id":"https:\/\/eldigitaldeasturias.com\/magazine365\/la-diputacion-de-cadiz-valora-fitur-como-la-mejor-edicion-de-los-ultimos-anos-para-la-provincia\/#webpage","url":"https:\/\/eldigitaldeasturias.com\/magazine365\/la-diputacion-de-cadiz-valora-fitur-como-la-mejor-edicion-de-los-ultimos-anos-para-la-provincia\/","name":"La Diputaci\u00f3n de C\u00e1diz valora Fitur como \u00abla mejor edici\u00f3n de los \u00faltimos a\u00f1os para la provincia\u00bb | El Digital de Asturias","description":"La diputada de Turismo y vicepresidenta del Patronato Provincial de Turismo de la Diputaci\u00f3n de C\u00e1diz, Mar\u00eda Dolores Varo, ha valorado la Feria Internacional de Turismo (Fitur) que se ha celebrado hasta el domingo en Madrid como \"la mejor para la provincia de C\u00e1diz en los \u00faltimos a\u00f1os\". En un comunicado, Varo ha asegurado que","inLanguage":"es-ES","isPartOf":{"@id":"https:\/\/eldigitaldeasturias.com\/magazine365\/#website"},"breadcrumb":{"@id":"https:\/\/eldigitaldeasturias.com\/magazine365\/la-diputacion-de-cadiz-valora-fitur-como-la-mejor-edicion-de-los-ultimos-anos-para-la-provincia\/#breadcrumblist"},"author":{"@id":"https:\/\/eldigitaldeasturias.com\/magazine365\/author\/admin\/#author"},"creator":{"@id":"https:\/\/eldigitaldeasturias.com\/magazine365\/author\/admin\/#author"},"image":{"@type":"ImageObject","url":"https:\/\/eldigitaldeasturias.com\/magazine365\/wp-content\/uploads\/2016\/01\/fotonoticia_20160125153407_800.jpg","@id":"https:\/\/eldigitaldeasturias.com\/magazine365\/la-diputacion-de-cadiz-valora-fitur-como-la-mejor-edicion-de-los-ultimos-anos-para-la-provincia\/#mainImage","width":800,"height":476},"primaryImageOfPage":{"@id":"https:\/\/eldigitaldeasturias.com\/magazine365\/la-diputacion-de-cadiz-valora-fitur-como-la-mejor-edicion-de-los-ultimos-anos-para-la-provincia\/#mainImage"},"datePublished":"2016-01-25T23:49:45+01:00","dateModified":"2016-01-25T23:49:45+01:00"},{"@type":"WebSite","@id":"https:\/\/eldigitaldeasturias.com\/magazine365\/#website","url":"https:\/\/eldigitaldeasturias.com\/magazine365\/","name":"El Digital de Asturias","description":"Revista de ocio, turismo y estilo de vida","inLanguage":"es-ES","publisher":{"@id":"https:\/\/eldigitaldeasturias.com\/magazine365\/#organization"}}]},"og:locale":"es_ES","og:site_name":"El Digital de Asturias \u2013 Revista de ocio, turismo y estilo de vida","og:type":"article","og:title":"La Diputaci\u00f3n de C\u00e1diz valora Fitur como \u00abla mejor edici\u00f3n de los \u00faltimos a\u00f1os para la provincia\u00bb | El Digital de Asturias","og:description":"La diputada de Turismo y vicepresidenta del Patronato Provincial de Turismo de la Diputaci\u00f3n de C\u00e1diz, Mar\u00eda Dolores Varo, ha valorado la Feria Internacional de Turismo (Fitur) que se ha celebrado hasta el domingo en Madrid como &quot;la mejor para la provincia de C\u00e1diz en los \u00faltimos a\u00f1os&quot;. En un comunicado, Varo ha asegurado que","og:url":"https:\/\/eldigitaldeasturias.com\/magazine365\/la-diputacion-de-cadiz-valora-fitur-como-la-mejor-edicion-de-los-ultimos-anos-para-la-provincia\/","og:image":"https:\/\/eldigitaldeasturias.com\/magazine365\/wp-content\/uploads\/2016\/01\/fotonoticia_20160125153407_800.jpg","og:image:secure_url":"https:\/\/eldigitaldeasturias.com\/magazine365\/wp-content\/uploads\/2016\/01\/fotonoticia_20160125153407_800.jpg","og:image:width":800,"og:image:height":476,"article:published_time":"2016-01-25T22:49:45+00:00","article:modified_time":"2016-01-25T22:49:45+00:00","twitter:card":"summary_large_image","twitter:title":"La Diputaci\u00f3n de C\u00e1diz valora Fitur como \u00abla mejor edici\u00f3n de los \u00faltimos a\u00f1os para la provincia\u00bb | El Digital de Asturias","twitter:description":"La diputada de Turismo y vicepresidenta del Patronato Provincial de Turismo de la Diputaci\u00f3n de C\u00e1diz, Mar\u00eda Dolores Varo, ha valorado la Feria Internacional de Turismo (Fitur) que se ha celebrado hasta el domingo en Madrid como &quot;la mejor para la provincia de C\u00e1diz en los \u00faltimos a\u00f1os&quot;. En un comunicado, Varo ha asegurado que","twitter:image":"https:\/\/eldigitaldeasturias.com\/magazine365\/wp-content\/uploads\/2016\/01\/fotonoticia_20160125153407_800.jpg"},"aioseo_meta_data":{"post_id":"62053","title":null,"description":null,"keywords":null,"keyphrases":null,"primary_term":null,"canonical_url":null,"og_title":null,"og_description":null,"og_object_type":"default","og_image_type":"default","og_image_url":null,"og_image_width":null,"og_image_height":null,"og_image_custom_url":null,"og_image_custom_fields":null,"og_video":null,"og_custom_url":null,"og_article_section":null,"og_article_tags":null,"twitter_use_og":false,"twitter_card":"default","twitter_image_type":"default","twitter_image_url":null,"twitter_image_custom_url":null,"twitter_image_custom_fields":null,"twitter_title":null,"twitter_description":null,"schema":{"blockGraphs":[],"customGraphs":[],"default":{"data":{"Article":[],"Course":[],"Dataset":[],"FAQPage":[],"Movie":[],"Person":[],"Product":[],"ProductReview":[],"Car":[],"Recipe":[],"Service":[],"SoftwareApplication":[],"WebPage":[]},"graphName":"","isEnabled":true},"graphs":[],"defaultGraph":"","defaultPostTypeGraph":""},"schema_type":null,"schema_type_options":null,"pillar_content":false,"robots_default":true,"robots_noindex":false,"robots_noarchive":false,"robots_nosnippet":false,"robots_nofollow":false,"robots_noimageindex":false,"robots_noodp":false,"robots_notranslate":false,"robots_max_snippet":null,"robots_max_videopreview":null,"robots_max_imagepreview":"large","priority":null,"frequency":null,"location":null,"local_seo":null,"seo_analyzer_scan_date":"2025-09-25 10:19:36","breadcrumb_settings":null,"limit_modified_date":false,"open_ai":null,"ai":null,"created":"2021-03-08 21:41:41","updated":"2025-09-25 10:19:36"},"aioseo_breadcrumb":"<div class=\"aioseo-breadcrumbs\"><span class=\"aioseo-breadcrumb\">\n\t<a href=\"https:\/\/eldigitaldeasturias.com\/magazine365\" title=\"Home\">Home<\/a>\n<\/span><span class=\"aioseo-breadcrumb-separator\">\u2013<\/span><span class=\"aioseo-breadcrumb\">\n\t<a href=\"https:\/\/eldigitaldeasturias.com\/magazine365\/category\/noticias-actualidad\/\" title=\"Noticias y Actualidad\">Noticias y Actualidad<\/a>\n<\/span><span class=\"aioseo-breadcrumb-separator\">\u2013<\/span><span class=\"aioseo-breadcrumb\">\n\t<a href=\"https:\/\/eldigitaldeasturias.com\/magazine365\/la-diputacion-de-cadiz-valora-fitur-como-la-mejor-edicion-de-los-ultimos-anos-para-la-provincia\/\" title=\"La Diputaci\u00f3n de C\u00e1diz valora Fitur como \u00abla mejor edici\u00f3n de los \u00faltimos a\u00f1os para la provincia\u00bb\">La Diputaci\u00f3n de C\u00e1diz valora Fitur como \u00abla mejor edici\u00f3n de los \u00faltimos a\u00f1os para la provincia\u00bb<\/a>\n<\/span><\/div>","aioseo_breadcrumb_json":[{"label":"Home","link":"https:\/\/eldigitaldeasturias.com\/magazine365"},{"label":"Noticias y Actualidad","link":"https:\/\/eldigitaldeasturias.com\/magazine365\/category\/noticias-actualidad\/"},{"label":"La Diputaci\u00f3n de C\u00e1diz valora Fitur como \u00abla mejor edici\u00f3n de los \u00faltimos a\u00f1os para la provincia\u00bb","link":"https:\/\/eldigitaldeasturias.com\/magazine365\/la-diputacion-de-cadiz-valora-fitur-como-la-mejor-edicion-de-los-ultimos-anos-para-la-provincia\/"}],"_links":{"self":[{"href":"https:\/\/eldigitaldeasturias.com\/magazine365\/wp-json\/wp\/v2\/posts\/62053","targetHints":{"allow":["GET"]}}],"collection":[{"href":"https:\/\/eldigitaldeasturias.com\/magazine365\/wp-json\/wp\/v2\/posts"}],"about":[{"href":"https:\/\/eldigitaldeasturias.com\/magazine365\/wp-json\/wp\/v2\/types\/post"}],"author":[{"embeddable":true,"href":"https:\/\/eldigitaldeasturias.com\/magazine365\/wp-json\/wp\/v2\/users\/1"}],"replies":[{"embeddable":true,"href":"https:\/\/eldigitaldeasturias.com\/magazine365\/wp-json\/wp\/v2\/comments?post=62053"}],"version-history":[{"count":0,"href":"https:\/\/eldigitaldeasturias.com\/magazine365\/wp-json\/wp\/v2\/posts\/62053\/revisions"}],"wp:featuredmedia":[{"embeddable":true,"href":"https:\/\/eldigitaldeasturias.com\/magazine365\/wp-json\/wp\/v2\/media\/62054"}],"wp:attachment":[{"href":"https:\/\/eldigitaldeasturias.com\/magazine365\/wp-json\/wp\/v2\/media?parent=62053"}],"wp:term":[{"taxonomy":"category","embeddable":true,"href":"https:\/\/eldigitaldeasturias.com\/magazine365\/wp-json\/wp\/v2\/categories?post=62053"},{"taxonomy":"post_tag","embeddable":true,"href":"https:\/\/eldigitaldeasturias.com\/magazine365\/wp-json\/wp\/v2\/tags?post=62053"}],"curies":[{"name":"wp","href":"https:\/\/api.w.org\/{rel}","templated":true}]}}