{"id":62048,"date":"2016-01-25T23:48:10","date_gmt":"2016-01-25T22:48:10","guid":{"rendered":"http:\/\/eldigitaldeasturias.com\/magazine365\/?p=62048"},"modified":"2016-01-25T23:48:10","modified_gmt":"2016-01-25T22:48:10","slug":"la-atb-dona-a-comedores-sociales-el-excedente-de-productos-alimenticios-de-la-feria","status":"publish","type":"post","link":"https:\/\/eldigitaldeasturias.com\/magazine365\/la-atb-dona-a-comedores-sociales-el-excedente-de-productos-alimenticios-de-la-feria\/","title":{"rendered":"La ATB dona a comedores sociales el excedente de productos alimenticios de la feria"},"content":{"rendered":"<p>La Agencia de Turismo de Baleares (ATB) ha donado a comedores sociales el excedente de productos alimenticios de la feria internacional de turismo Fitur, que ha tenido lugar en Madrid del 20 al 24 de enero.<\/p>\n<p>   Seg\u00fan ha informado la ATB en un comunicado, durante los d\u00edas de la feria hab\u00eda instalado en el estand de Baleares una cafeter\u00eda donde se serv\u00eda chocolate a la taza y caf\u00e9 con ensaimadas, carquinyols y fla\u00f3 como parte de la estrategia de dar un impulso promocional a la reposter\u00eda de las Islas.<\/p>\n<p>   De esta forma, los productos perecederos sobrantes de esta acci\u00f3n han sido donados a comedores sociales a Madrid, como el de la Hermandad del Refugio y la parroquia San Jos\u00e9 de Vallecas.<\/p>\n","protected":false},"excerpt":{"rendered":"<p>La Agencia de Turismo de Baleares (ATB) ha donado a comedores sociales el excedente de productos alimenticios de la feria internacional de turismo Fitur, que ha tenido lugar en Madrid del 20 al 24 de enero. Seg\u00fan ha informado la ATB en un comunicado, durante los d\u00edas de la feria hab\u00eda instalado en el estand<\/p>\n","protected":false},"author":1,"featured_media":61252,"comment_status":"open","ping_status":"closed","sticky":false,"template":"","format":"standard","meta":{"footnotes":""},"categories":[224],"tags":[],"class_list":{"0":"post-62048","1":"post","2":"type-post","3":"status-publish","4":"format-standard","5":"has-post-thumbnail","7":"category-noticias-actualidad"},"aioseo_notices":[],"aioseo_head":"\n\t\t<!-- All in One SEO Pro 4.9.6.1 - aioseo.com -->\n\t<meta name=\"description\" content=\"La Agencia de Turismo de Baleares (ATB) ha donado a comedores sociales el excedente de productos alimenticios de la feria internacional de turismo Fitur, que ha tenido lugar en Madrid del 20 al 24 de enero. Seg\u00fan ha informado la ATB en un comunicado, durante los d\u00edas de la feria hab\u00eda instalado en el estand\" \/>\n\t<meta name=\"robots\" content=\"max-image-preview:large\" \/>\n\t<meta name=\"author\" content=\"admin\"\/>\n\t<meta name=\"google-site-verification\" content=\"UA-38556648-1\" \/>\n\t<meta name=\"keywords\" content=\"noticias y actualidad\" \/>\n\t<link rel=\"canonical\" href=\"https:\/\/eldigitaldeasturias.com\/magazine365\/la-atb-dona-a-comedores-sociales-el-excedente-de-productos-alimenticios-de-la-feria\/\" \/>\n\t<meta name=\"generator\" content=\"All in One SEO Pro (AIOSEO) 4.9.6.1\" \/>\n\t\t<meta property=\"og:locale\" content=\"es_ES\" \/>\n\t\t<meta property=\"og:site_name\" content=\"El Digital de Asturias \u2013 Revista de ocio, turismo y estilo de vida\" \/>\n\t\t<meta property=\"og:type\" content=\"article\" \/>\n\t\t<meta property=\"og:title\" content=\"La ATB dona a comedores sociales el excedente de productos alimenticios de la feria | El Digital de Asturias\" \/>\n\t\t<meta property=\"og:description\" content=\"La Agencia de Turismo de Baleares (ATB) ha donado a comedores sociales el excedente de productos alimenticios de la feria internacional de turismo Fitur, que ha tenido lugar en Madrid del 20 al 24 de enero. Seg\u00fan ha informado la ATB en un comunicado, durante los d\u00edas de la feria hab\u00eda instalado en el estand\" \/>\n\t\t<meta property=\"og:url\" content=\"https:\/\/eldigitaldeasturias.com\/magazine365\/la-atb-dona-a-comedores-sociales-el-excedente-de-productos-alimenticios-de-la-feria\/\" \/>\n\t\t<meta property=\"og:image\" content=\"https:\/\/eldigitaldeasturias.com\/magazine365\/wp-content\/uploads\/2016\/01\/fitur2016.jpg\" \/>\n\t\t<meta property=\"og:image:secure_url\" content=\"https:\/\/eldigitaldeasturias.com\/magazine365\/wp-content\/uploads\/2016\/01\/fitur2016.jpg\" \/>\n\t\t<meta property=\"og:image:width\" content=\"800\" \/>\n\t\t<meta property=\"og:image:height\" content=\"533\" \/>\n\t\t<meta property=\"article:published_time\" content=\"2016-01-25T22:48:10+00:00\" \/>\n\t\t<meta property=\"article:modified_time\" content=\"2016-01-25T22:48:10+00:00\" \/>\n\t\t<meta name=\"twitter:card\" content=\"summary_large_image\" \/>\n\t\t<meta name=\"twitter:title\" content=\"La ATB dona a comedores sociales el excedente de productos alimenticios de la feria | El Digital de Asturias\" \/>\n\t\t<meta name=\"twitter:description\" content=\"La Agencia de Turismo de Baleares (ATB) ha donado a comedores sociales el excedente de productos alimenticios de la feria internacional de turismo Fitur, que ha tenido lugar en Madrid del 20 al 24 de enero. Seg\u00fan ha informado la ATB en un comunicado, durante los d\u00edas de la feria hab\u00eda instalado en el estand\" \/>\n\t\t<meta name=\"twitter:image\" content=\"https:\/\/eldigitaldeasturias.com\/magazine365\/wp-content\/uploads\/2016\/01\/fitur2016.jpg\" \/>\n\t\t<script type=\"application\/ld+json\" class=\"aioseo-schema\">\n\t\t\t{\"@context\":\"https:\\\/\\\/schema.org\",\"@graph\":[{\"@type\":\"Article\",\"@id\":\"https:\\\/\\\/eldigitaldeasturias.com\\\/magazine365\\\/la-atb-dona-a-comedores-sociales-el-excedente-de-productos-alimenticios-de-la-feria\\\/#article\",\"name\":\"La ATB dona a comedores sociales el excedente de productos alimenticios de la feria | El Digital de Asturias\",\"headline\":\"La ATB dona a comedores sociales el excedente de productos alimenticios de la feria\",\"author\":{\"@id\":\"https:\\\/\\\/eldigitaldeasturias.com\\\/magazine365\\\/author\\\/admin\\\/#author\"},\"publisher\":{\"@id\":\"https:\\\/\\\/eldigitaldeasturias.com\\\/magazine365\\\/#organization\"},\"image\":{\"@type\":\"ImageObject\",\"url\":\"https:\\\/\\\/eldigitaldeasturias.com\\\/magazine365\\\/wp-content\\\/uploads\\\/2016\\\/01\\\/fitur2016.jpg\",\"width\":800,\"height\":533},\"datePublished\":\"2016-01-25T23:48:10+01:00\",\"dateModified\":\"2016-01-25T23:48:10+01:00\",\"inLanguage\":\"es-ES\",\"mainEntityOfPage\":{\"@id\":\"https:\\\/\\\/eldigitaldeasturias.com\\\/magazine365\\\/la-atb-dona-a-comedores-sociales-el-excedente-de-productos-alimenticios-de-la-feria\\\/#webpage\"},\"isPartOf\":{\"@id\":\"https:\\\/\\\/eldigitaldeasturias.com\\\/magazine365\\\/la-atb-dona-a-comedores-sociales-el-excedente-de-productos-alimenticios-de-la-feria\\\/#webpage\"},\"articleSection\":\"Noticias y Actualidad\"},{\"@type\":\"BreadcrumbList\",\"@id\":\"https:\\\/\\\/eldigitaldeasturias.com\\\/magazine365\\\/la-atb-dona-a-comedores-sociales-el-excedente-de-productos-alimenticios-de-la-feria\\\/#breadcrumblist\",\"itemListElement\":[{\"@type\":\"ListItem\",\"@id\":\"https:\\\/\\\/eldigitaldeasturias.com\\\/magazine365#listItem\",\"position\":1,\"name\":\"Home\",\"item\":\"https:\\\/\\\/eldigitaldeasturias.com\\\/magazine365\",\"nextItem\":{\"@type\":\"ListItem\",\"@id\":\"https:\\\/\\\/eldigitaldeasturias.com\\\/magazine365\\\/category\\\/noticias-actualidad\\\/#listItem\",\"name\":\"Noticias y Actualidad\"}},{\"@type\":\"ListItem\",\"@id\":\"https:\\\/\\\/eldigitaldeasturias.com\\\/magazine365\\\/category\\\/noticias-actualidad\\\/#listItem\",\"position\":2,\"name\":\"Noticias y Actualidad\",\"item\":\"https:\\\/\\\/eldigitaldeasturias.com\\\/magazine365\\\/category\\\/noticias-actualidad\\\/\",\"nextItem\":{\"@type\":\"ListItem\",\"@id\":\"https:\\\/\\\/eldigitaldeasturias.com\\\/magazine365\\\/la-atb-dona-a-comedores-sociales-el-excedente-de-productos-alimenticios-de-la-feria\\\/#listItem\",\"name\":\"La ATB dona a comedores sociales el excedente de productos alimenticios de la feria\"},\"previousItem\":{\"@type\":\"ListItem\",\"@id\":\"https:\\\/\\\/eldigitaldeasturias.com\\\/magazine365#listItem\",\"name\":\"Home\"}},{\"@type\":\"ListItem\",\"@id\":\"https:\\\/\\\/eldigitaldeasturias.com\\\/magazine365\\\/la-atb-dona-a-comedores-sociales-el-excedente-de-productos-alimenticios-de-la-feria\\\/#listItem\",\"position\":3,\"name\":\"La ATB dona a comedores sociales el excedente de productos alimenticios de la feria\",\"previousItem\":{\"@type\":\"ListItem\",\"@id\":\"https:\\\/\\\/eldigitaldeasturias.com\\\/magazine365\\\/category\\\/noticias-actualidad\\\/#listItem\",\"name\":\"Noticias y Actualidad\"}}]},{\"@type\":\"Organization\",\"@id\":\"https:\\\/\\\/eldigitaldeasturias.com\\\/magazine365\\\/#organization\",\"name\":\"El digital de Asturias\",\"description\":\"Revista de ocio, turismo y estilo de vida\",\"url\":\"https:\\\/\\\/eldigitaldeasturias.com\\\/magazine365\\\/\",\"logo\":{\"@type\":\"ImageObject\",\"url\":\"https:\\\/\\\/www.eldigitaldeasturias.com\\\/noticias\\\/wp-content\\\/uploads\\\/2020\\\/12\\\/EDA.jpg\",\"@id\":\"https:\\\/\\\/eldigitaldeasturias.com\\\/magazine365\\\/la-atb-dona-a-comedores-sociales-el-excedente-de-productos-alimenticios-de-la-feria\\\/#organizationLogo\"},\"image\":{\"@id\":\"https:\\\/\\\/eldigitaldeasturias.com\\\/magazine365\\\/la-atb-dona-a-comedores-sociales-el-excedente-de-productos-alimenticios-de-la-feria\\\/#organizationLogo\"}},{\"@type\":\"Person\",\"@id\":\"https:\\\/\\\/eldigitaldeasturias.com\\\/magazine365\\\/author\\\/admin\\\/#author\",\"url\":\"https:\\\/\\\/eldigitaldeasturias.com\\\/magazine365\\\/author\\\/admin\\\/\",\"name\":\"admin\",\"image\":{\"@type\":\"ImageObject\",\"@id\":\"https:\\\/\\\/eldigitaldeasturias.com\\\/magazine365\\\/la-atb-dona-a-comedores-sociales-el-excedente-de-productos-alimenticios-de-la-feria\\\/#authorImage\",\"url\":\"https:\\\/\\\/eldigitaldeasturias.com\\\/magazine365\\\/wp-content\\\/litespeed\\\/avatar\\\/e571bcf59a0edd6fa6838245a470f2fe.jpg?ver=1776969259\",\"width\":96,\"height\":96,\"caption\":\"admin\"}},{\"@type\":\"WebPage\",\"@id\":\"https:\\\/\\\/eldigitaldeasturias.com\\\/magazine365\\\/la-atb-dona-a-comedores-sociales-el-excedente-de-productos-alimenticios-de-la-feria\\\/#webpage\",\"url\":\"https:\\\/\\\/eldigitaldeasturias.com\\\/magazine365\\\/la-atb-dona-a-comedores-sociales-el-excedente-de-productos-alimenticios-de-la-feria\\\/\",\"name\":\"La ATB dona a comedores sociales el excedente de productos alimenticios de la feria | El Digital de Asturias\",\"description\":\"La Agencia de Turismo de Baleares (ATB) ha donado a comedores sociales el excedente de productos alimenticios de la feria internacional de turismo Fitur, que ha tenido lugar en Madrid del 20 al 24 de enero. Seg\\u00fan ha informado la ATB en un comunicado, durante los d\\u00edas de la feria hab\\u00eda instalado en el estand\",\"inLanguage\":\"es-ES\",\"isPartOf\":{\"@id\":\"https:\\\/\\\/eldigitaldeasturias.com\\\/magazine365\\\/#website\"},\"breadcrumb\":{\"@id\":\"https:\\\/\\\/eldigitaldeasturias.com\\\/magazine365\\\/la-atb-dona-a-comedores-sociales-el-excedente-de-productos-alimenticios-de-la-feria\\\/#breadcrumblist\"},\"author\":{\"@id\":\"https:\\\/\\\/eldigitaldeasturias.com\\\/magazine365\\\/author\\\/admin\\\/#author\"},\"creator\":{\"@id\":\"https:\\\/\\\/eldigitaldeasturias.com\\\/magazine365\\\/author\\\/admin\\\/#author\"},\"image\":{\"@type\":\"ImageObject\",\"url\":\"https:\\\/\\\/eldigitaldeasturias.com\\\/magazine365\\\/wp-content\\\/uploads\\\/2016\\\/01\\\/fitur2016.jpg\",\"@id\":\"https:\\\/\\\/eldigitaldeasturias.com\\\/magazine365\\\/la-atb-dona-a-comedores-sociales-el-excedente-de-productos-alimenticios-de-la-feria\\\/#mainImage\",\"width\":800,\"height\":533},\"primaryImageOfPage\":{\"@id\":\"https:\\\/\\\/eldigitaldeasturias.com\\\/magazine365\\\/la-atb-dona-a-comedores-sociales-el-excedente-de-productos-alimenticios-de-la-feria\\\/#mainImage\"},\"datePublished\":\"2016-01-25T23:48:10+01:00\",\"dateModified\":\"2016-01-25T23:48:10+01:00\"},{\"@type\":\"WebSite\",\"@id\":\"https:\\\/\\\/eldigitaldeasturias.com\\\/magazine365\\\/#website\",\"url\":\"https:\\\/\\\/eldigitaldeasturias.com\\\/magazine365\\\/\",\"name\":\"El Digital de Asturias\",\"description\":\"Revista de ocio, turismo y estilo de vida\",\"inLanguage\":\"es-ES\",\"publisher\":{\"@id\":\"https:\\\/\\\/eldigitaldeasturias.com\\\/magazine365\\\/#organization\"}}]}\n\t\t<\/script>\n\t\t<!-- All in One SEO Pro -->\r\n\t\t<title>La ATB dona a comedores sociales el excedente de productos alimenticios de la feria | El Digital de Asturias<\/title>\n\n","aioseo_head_json":{"title":"La ATB dona a comedores sociales el excedente de productos alimenticios de la feria | El Digital de Asturias","description":"La Agencia de Turismo de Baleares (ATB) ha donado a comedores sociales el excedente de productos alimenticios de la feria internacional de turismo Fitur, que ha tenido lugar en Madrid del 20 al 24 de enero. Seg\u00fan ha informado la ATB en un comunicado, durante los d\u00edas de la feria hab\u00eda instalado en el estand","canonical_url":"https:\/\/eldigitaldeasturias.com\/magazine365\/la-atb-dona-a-comedores-sociales-el-excedente-de-productos-alimenticios-de-la-feria\/","robots":"max-image-preview:large","keywords":"noticias y actualidad","webmasterTools":{"google-site-verification":"UA-38556648-1","miscellaneous":""},"schema":{"@context":"https:\/\/schema.org","@graph":[{"@type":"Article","@id":"https:\/\/eldigitaldeasturias.com\/magazine365\/la-atb-dona-a-comedores-sociales-el-excedente-de-productos-alimenticios-de-la-feria\/#article","name":"La ATB dona a comedores sociales el excedente de productos alimenticios de la feria | El Digital de Asturias","headline":"La ATB dona a comedores sociales el excedente de productos alimenticios de la feria","author":{"@id":"https:\/\/eldigitaldeasturias.com\/magazine365\/author\/admin\/#author"},"publisher":{"@id":"https:\/\/eldigitaldeasturias.com\/magazine365\/#organization"},"image":{"@type":"ImageObject","url":"https:\/\/eldigitaldeasturias.com\/magazine365\/wp-content\/uploads\/2016\/01\/fitur2016.jpg","width":800,"height":533},"datePublished":"2016-01-25T23:48:10+01:00","dateModified":"2016-01-25T23:48:10+01:00","inLanguage":"es-ES","mainEntityOfPage":{"@id":"https:\/\/eldigitaldeasturias.com\/magazine365\/la-atb-dona-a-comedores-sociales-el-excedente-de-productos-alimenticios-de-la-feria\/#webpage"},"isPartOf":{"@id":"https:\/\/eldigitaldeasturias.com\/magazine365\/la-atb-dona-a-comedores-sociales-el-excedente-de-productos-alimenticios-de-la-feria\/#webpage"},"articleSection":"Noticias y Actualidad"},{"@type":"BreadcrumbList","@id":"https:\/\/eldigitaldeasturias.com\/magazine365\/la-atb-dona-a-comedores-sociales-el-excedente-de-productos-alimenticios-de-la-feria\/#breadcrumblist","itemListElement":[{"@type":"ListItem","@id":"https:\/\/eldigitaldeasturias.com\/magazine365#listItem","position":1,"name":"Home","item":"https:\/\/eldigitaldeasturias.com\/magazine365","nextItem":{"@type":"ListItem","@id":"https:\/\/eldigitaldeasturias.com\/magazine365\/category\/noticias-actualidad\/#listItem","name":"Noticias y Actualidad"}},{"@type":"ListItem","@id":"https:\/\/eldigitaldeasturias.com\/magazine365\/category\/noticias-actualidad\/#listItem","position":2,"name":"Noticias y Actualidad","item":"https:\/\/eldigitaldeasturias.com\/magazine365\/category\/noticias-actualidad\/","nextItem":{"@type":"ListItem","@id":"https:\/\/eldigitaldeasturias.com\/magazine365\/la-atb-dona-a-comedores-sociales-el-excedente-de-productos-alimenticios-de-la-feria\/#listItem","name":"La ATB dona a comedores sociales el excedente de productos alimenticios de la feria"},"previousItem":{"@type":"ListItem","@id":"https:\/\/eldigitaldeasturias.com\/magazine365#listItem","name":"Home"}},{"@type":"ListItem","@id":"https:\/\/eldigitaldeasturias.com\/magazine365\/la-atb-dona-a-comedores-sociales-el-excedente-de-productos-alimenticios-de-la-feria\/#listItem","position":3,"name":"La ATB dona a comedores sociales el excedente de productos alimenticios de la feria","previousItem":{"@type":"ListItem","@id":"https:\/\/eldigitaldeasturias.com\/magazine365\/category\/noticias-actualidad\/#listItem","name":"Noticias y Actualidad"}}]},{"@type":"Organization","@id":"https:\/\/eldigitaldeasturias.com\/magazine365\/#organization","name":"El digital de Asturias","description":"Revista de ocio, turismo y estilo de vida","url":"https:\/\/eldigitaldeasturias.com\/magazine365\/","logo":{"@type":"ImageObject","url":"https:\/\/www.eldigitaldeasturias.com\/noticias\/wp-content\/uploads\/2020\/12\/EDA.jpg","@id":"https:\/\/eldigitaldeasturias.com\/magazine365\/la-atb-dona-a-comedores-sociales-el-excedente-de-productos-alimenticios-de-la-feria\/#organizationLogo"},"image":{"@id":"https:\/\/eldigitaldeasturias.com\/magazine365\/la-atb-dona-a-comedores-sociales-el-excedente-de-productos-alimenticios-de-la-feria\/#organizationLogo"}},{"@type":"Person","@id":"https:\/\/eldigitaldeasturias.com\/magazine365\/author\/admin\/#author","url":"https:\/\/eldigitaldeasturias.com\/magazine365\/author\/admin\/","name":"admin","image":{"@type":"ImageObject","@id":"https:\/\/eldigitaldeasturias.com\/magazine365\/la-atb-dona-a-comedores-sociales-el-excedente-de-productos-alimenticios-de-la-feria\/#authorImage","url":"https:\/\/eldigitaldeasturias.com\/magazine365\/wp-content\/litespeed\/avatar\/e571bcf59a0edd6fa6838245a470f2fe.jpg?ver=1776969259","width":96,"height":96,"caption":"admin"}},{"@type":"WebPage","@id":"https:\/\/eldigitaldeasturias.com\/magazine365\/la-atb-dona-a-comedores-sociales-el-excedente-de-productos-alimenticios-de-la-feria\/#webpage","url":"https:\/\/eldigitaldeasturias.com\/magazine365\/la-atb-dona-a-comedores-sociales-el-excedente-de-productos-alimenticios-de-la-feria\/","name":"La ATB dona a comedores sociales el excedente de productos alimenticios de la feria | El Digital de Asturias","description":"La Agencia de Turismo de Baleares (ATB) ha donado a comedores sociales el excedente de productos alimenticios de la feria internacional de turismo Fitur, que ha tenido lugar en Madrid del 20 al 24 de enero. Seg\u00fan ha informado la ATB en un comunicado, durante los d\u00edas de la feria hab\u00eda instalado en el estand","inLanguage":"es-ES","isPartOf":{"@id":"https:\/\/eldigitaldeasturias.com\/magazine365\/#website"},"breadcrumb":{"@id":"https:\/\/eldigitaldeasturias.com\/magazine365\/la-atb-dona-a-comedores-sociales-el-excedente-de-productos-alimenticios-de-la-feria\/#breadcrumblist"},"author":{"@id":"https:\/\/eldigitaldeasturias.com\/magazine365\/author\/admin\/#author"},"creator":{"@id":"https:\/\/eldigitaldeasturias.com\/magazine365\/author\/admin\/#author"},"image":{"@type":"ImageObject","url":"https:\/\/eldigitaldeasturias.com\/magazine365\/wp-content\/uploads\/2016\/01\/fitur2016.jpg","@id":"https:\/\/eldigitaldeasturias.com\/magazine365\/la-atb-dona-a-comedores-sociales-el-excedente-de-productos-alimenticios-de-la-feria\/#mainImage","width":800,"height":533},"primaryImageOfPage":{"@id":"https:\/\/eldigitaldeasturias.com\/magazine365\/la-atb-dona-a-comedores-sociales-el-excedente-de-productos-alimenticios-de-la-feria\/#mainImage"},"datePublished":"2016-01-25T23:48:10+01:00","dateModified":"2016-01-25T23:48:10+01:00"},{"@type":"WebSite","@id":"https:\/\/eldigitaldeasturias.com\/magazine365\/#website","url":"https:\/\/eldigitaldeasturias.com\/magazine365\/","name":"El Digital de Asturias","description":"Revista de ocio, turismo y estilo de vida","inLanguage":"es-ES","publisher":{"@id":"https:\/\/eldigitaldeasturias.com\/magazine365\/#organization"}}]},"og:locale":"es_ES","og:site_name":"El Digital de Asturias \u2013 Revista de ocio, turismo y estilo de vida","og:type":"article","og:title":"La ATB dona a comedores sociales el excedente de productos alimenticios de la feria | El Digital de Asturias","og:description":"La Agencia de Turismo de Baleares (ATB) ha donado a comedores sociales el excedente de productos alimenticios de la feria internacional de turismo Fitur, que ha tenido lugar en Madrid del 20 al 24 de enero. Seg\u00fan ha informado la ATB en un comunicado, durante los d\u00edas de la feria hab\u00eda instalado en el estand","og:url":"https:\/\/eldigitaldeasturias.com\/magazine365\/la-atb-dona-a-comedores-sociales-el-excedente-de-productos-alimenticios-de-la-feria\/","og:image":"https:\/\/eldigitaldeasturias.com\/magazine365\/wp-content\/uploads\/2016\/01\/fitur2016.jpg","og:image:secure_url":"https:\/\/eldigitaldeasturias.com\/magazine365\/wp-content\/uploads\/2016\/01\/fitur2016.jpg","og:image:width":800,"og:image:height":533,"article:published_time":"2016-01-25T22:48:10+00:00","article:modified_time":"2016-01-25T22:48:10+00:00","twitter:card":"summary_large_image","twitter:title":"La ATB dona a comedores sociales el excedente de productos alimenticios de la feria | El Digital de Asturias","twitter:description":"La Agencia de Turismo de Baleares (ATB) ha donado a comedores sociales el excedente de productos alimenticios de la feria internacional de turismo Fitur, que ha tenido lugar en Madrid del 20 al 24 de enero. Seg\u00fan ha informado la ATB en un comunicado, durante los d\u00edas de la feria hab\u00eda instalado en el estand","twitter:image":"https:\/\/eldigitaldeasturias.com\/magazine365\/wp-content\/uploads\/2016\/01\/fitur2016.jpg"},"aioseo_meta_data":{"post_id":"62048","title":null,"description":null,"keywords":null,"keyphrases":null,"primary_term":null,"canonical_url":null,"og_title":null,"og_description":null,"og_object_type":"default","og_image_type":"default","og_image_url":null,"og_image_width":null,"og_image_height":null,"og_image_custom_url":null,"og_image_custom_fields":null,"og_video":null,"og_custom_url":null,"og_article_section":null,"og_article_tags":null,"twitter_use_og":false,"twitter_card":"default","twitter_image_type":"default","twitter_image_url":null,"twitter_image_custom_url":null,"twitter_image_custom_fields":null,"twitter_title":null,"twitter_description":null,"schema":{"blockGraphs":[],"customGraphs":[],"default":{"data":{"Article":[],"Course":[],"Dataset":[],"FAQPage":[],"Movie":[],"Person":[],"Product":[],"ProductReview":[],"Car":[],"Recipe":[],"Service":[],"SoftwareApplication":[],"WebPage":[]},"graphName":"","isEnabled":true},"graphs":[],"defaultGraph":"","defaultPostTypeGraph":""},"schema_type":null,"schema_type_options":null,"pillar_content":false,"robots_default":true,"robots_noindex":false,"robots_noarchive":false,"robots_nosnippet":false,"robots_nofollow":false,"robots_noimageindex":false,"robots_noodp":false,"robots_notranslate":false,"robots_max_snippet":null,"robots_max_videopreview":null,"robots_max_imagepreview":"large","priority":null,"frequency":null,"location":null,"local_seo":null,"seo_analyzer_scan_date":"2025-09-25 10:19:34","breadcrumb_settings":null,"limit_modified_date":false,"open_ai":null,"ai":null,"created":"2021-03-08 21:41:41","updated":"2025-09-25 10:19:34"},"aioseo_breadcrumb":"<div class=\"aioseo-breadcrumbs\"><span class=\"aioseo-breadcrumb\">\n\t<a href=\"https:\/\/eldigitaldeasturias.com\/magazine365\" title=\"Home\">Home<\/a>\n<\/span><span class=\"aioseo-breadcrumb-separator\">\u2013<\/span><span class=\"aioseo-breadcrumb\">\n\t<a href=\"https:\/\/eldigitaldeasturias.com\/magazine365\/category\/noticias-actualidad\/\" title=\"Noticias y Actualidad\">Noticias y Actualidad<\/a>\n<\/span><span class=\"aioseo-breadcrumb-separator\">\u2013<\/span><span class=\"aioseo-breadcrumb\">\n\t<a href=\"https:\/\/eldigitaldeasturias.com\/magazine365\/la-atb-dona-a-comedores-sociales-el-excedente-de-productos-alimenticios-de-la-feria\/\" title=\"La ATB dona a comedores sociales el excedente de productos alimenticios de la feria\">La ATB dona a comedores sociales el excedente de productos alimenticios de la feria<\/a>\n<\/span><\/div>","aioseo_breadcrumb_json":[{"label":"Home","link":"https:\/\/eldigitaldeasturias.com\/magazine365"},{"label":"Noticias y Actualidad","link":"https:\/\/eldigitaldeasturias.com\/magazine365\/category\/noticias-actualidad\/"},{"label":"La ATB dona a comedores sociales el excedente de productos alimenticios de la feria","link":"https:\/\/eldigitaldeasturias.com\/magazine365\/la-atb-dona-a-comedores-sociales-el-excedente-de-productos-alimenticios-de-la-feria\/"}],"_links":{"self":[{"href":"https:\/\/eldigitaldeasturias.com\/magazine365\/wp-json\/wp\/v2\/posts\/62048","targetHints":{"allow":["GET"]}}],"collection":[{"href":"https:\/\/eldigitaldeasturias.com\/magazine365\/wp-json\/wp\/v2\/posts"}],"about":[{"href":"https:\/\/eldigitaldeasturias.com\/magazine365\/wp-json\/wp\/v2\/types\/post"}],"author":[{"embeddable":true,"href":"https:\/\/eldigitaldeasturias.com\/magazine365\/wp-json\/wp\/v2\/users\/1"}],"replies":[{"embeddable":true,"href":"https:\/\/eldigitaldeasturias.com\/magazine365\/wp-json\/wp\/v2\/comments?post=62048"}],"version-history":[{"count":0,"href":"https:\/\/eldigitaldeasturias.com\/magazine365\/wp-json\/wp\/v2\/posts\/62048\/revisions"}],"wp:featuredmedia":[{"embeddable":true,"href":"https:\/\/eldigitaldeasturias.com\/magazine365\/wp-json\/wp\/v2\/media\/61252"}],"wp:attachment":[{"href":"https:\/\/eldigitaldeasturias.com\/magazine365\/wp-json\/wp\/v2\/media?parent=62048"}],"wp:term":[{"taxonomy":"category","embeddable":true,"href":"https:\/\/eldigitaldeasturias.com\/magazine365\/wp-json\/wp\/v2\/categories?post=62048"},{"taxonomy":"post_tag","embeddable":true,"href":"https:\/\/eldigitaldeasturias.com\/magazine365\/wp-json\/wp\/v2\/tags?post=62048"}],"curies":[{"name":"wp","href":"https:\/\/api.w.org\/{rel}","templated":true}]}}