{"id":62043,"date":"2016-01-25T23:46:46","date_gmt":"2016-01-25T22:46:46","guid":{"rendered":"http:\/\/eldigitaldeasturias.com\/magazine365\/?p=62043"},"modified":"2016-01-25T23:46:46","modified_gmt":"2016-01-25T22:46:46","slug":"el-consell-de-mallorca-promocionara-el-senderismo-en-familia-y-el-turismo-de-experiencia","status":"publish","type":"post","link":"https:\/\/eldigitaldeasturias.com\/magazine365\/el-consell-de-mallorca-promocionara-el-senderismo-en-familia-y-el-turismo-de-experiencia\/","title":{"rendered":"El Consell de Mallorca promocionar\u00e1 el senderismo en familia y el turismo de experiencia"},"content":{"rendered":"<p><img fetchpriority=\"high\" decoding=\"async\" class=\"alignleft size-medium wp-image-50096\" src=\"https:\/\/eldigitaldeasturias.com\/magazine365\/wp-content\/uploads\/2015\/09\/palma-300x300.jpg\" alt=\"palma\" width=\"300\" height=\"300\" srcset=\"https:\/\/eldigitaldeasturias.com\/magazine365\/wp-content\/uploads\/2015\/09\/palma-300x300.jpg 300w, https:\/\/eldigitaldeasturias.com\/magazine365\/wp-content\/uploads\/2015\/09\/palma-640x640.jpg 640w, https:\/\/eldigitaldeasturias.com\/magazine365\/wp-content\/uploads\/2015\/09\/palma-768x768.jpg 768w, https:\/\/eldigitaldeasturias.com\/magazine365\/wp-content\/uploads\/2015\/09\/palma-150x150.jpg 150w, https:\/\/eldigitaldeasturias.com\/magazine365\/wp-content\/uploads\/2015\/09\/palma-450x450.jpg 450w, https:\/\/eldigitaldeasturias.com\/magazine365\/wp-content\/uploads\/2015\/09\/palma-696x696.jpg 696w, https:\/\/eldigitaldeasturias.com\/magazine365\/wp-content\/uploads\/2015\/09\/palma-420x420.jpg 420w, https:\/\/eldigitaldeasturias.com\/magazine365\/wp-content\/uploads\/2015\/09\/palma-50x50.jpg 50w, https:\/\/eldigitaldeasturias.com\/magazine365\/wp-content\/uploads\/2015\/09\/palma.jpg 800w\" sizes=\"(max-width: 300px) 100vw, 300px\" \/>El Consell de Mallorca promocionar\u00e1 el senderismo en familia y el turismo de experiencia a trav\u00e9s del proyecto europeo &#8216;Rando pour la culture&#8217;, una iniciativa que busca revalorar el patrimonio etnol\u00f3gico de zonas rurales y naturales europeas de forma sostenible y creativa mediante los itinerarios senderistas.<\/p>\n<p>Seg\u00fan ha informado el departamento de Medio Ambiente de la instituci\u00f3n insular en un comunicado, para llevar a cabo esta iniciativa en Mallorca se han seleccionado itinerarios que se pueden recorrer en una sola jornada, que se adaptan a diferentes p\u00fablicos (senderistas, familias, escolares&#8230;) y que permiten dar a conocer un rico patrimonio cultural y natural.<\/p>\n<p>Para esta primera experiencia se ha contando con la colaboraci\u00f3n de los municipios de Alar\u00f3, Dei\u00e0 y Selva, que forman parte de los itinerarios de la red se\u00f1alizada por el Consell. Concretamente, se han seleccionado los circuitos senderistas de Cala Dei\u00e0, el Castell d&#8217;Alar\u00f3 y s&#8217;Esquena de s&#8217;Ermita (Selva-Caimari).<\/p>\n<p>Una vez seleccionadas las diferentes rutas se ha llevado a cabo una tarea de adecuaci\u00f3n y se\u00f1alizaci\u00f3n. Esta se\u00f1alizaci\u00f3n de la ruta se inicia desde el mismo pueblo para crear un nexo de uni\u00f3n entre los municipios y su entorno.<\/p>\n<p>PUNTOS DE INTER\u00c9S CULTURAL Y CREATIVO DE LOS PUEBLOS<\/p>\n<p>Paralelamente, dentro de cada pueblo se han identificado Puntos de Inter\u00e9s Cultural y Creativo (PEECC) para crear una red de artesanos, artistas, asociaciones, profesionales o de equipamientos culturales, que pueden ofrecer actividades o experiencias activas y creativas a los visitantes que hagan el circuito.<\/p>\n<p>De este modo, se podr\u00e1n compartir experiencias activas y creativas ligadas al patrimonio del pueblo. Adem\u00e1s, se da respuesta a una reclamaci\u00f3n hist\u00f3rica de los municipios fomentando el intercambio cultural y econ\u00f3mico entre los senderistas y los municipios.<\/p>\n<p>En total se han identificado 17 PEECC -uno en Dei\u00e0, siete en Selva y nueve en Alar\u00f3-. El precio de cada actividad lo marca el artesano o artistas, excepto las que se llevan a cabo desde los ayuntamientos que son gratuitas.<\/p>\n<p>Toda la informaci\u00f3n se puede encontrar en la p\u00e1gina web de \u00e1mbito internacional www.randoculture.eu ya que el objetivo es que los visitantes combinen el recorrido por los circuitos con alguna de las actividades que ofrecen los PEECC.<\/p>\n<p>MUESTRA DE BAILE O ACOMPA\u00d1AR AL CHEF AL MERCADO, ENTRE LAS POSIBLES ACTIVIDADES<\/p>\n<p>Por ejemplo, en Selva se puede ver una muestra de baile mallorqu\u00edn o acompa\u00f1ar a un chef al mercado a comparar los productos con los cuales despu\u00e9s servir\u00e1 un men\u00fa degustaci\u00f3n. Mientras, en Alar\u00f3 hay una dise\u00f1adora que ense\u00f1a su taller y permite pedir prendas de ropa sobre patr\u00f3n y una vez acabadas las env\u00eda al lugar de residencia del cliente.<\/p>\n<p>En el marco de este proyecto se ha editado la Gu\u00eda de itinerarios familiares donde se ilustra las 15 rutas que se han clasificado y se\u00f1alizado por parte del Consell. Esta gu\u00eda se podr\u00e1 encontrar en los municipios que aparecen y en los refugios del Consell. Adem\u00e1s, desde el 26 de enero hasta el 2 de febrero se sortear\u00e1n 100 ejemplares entre los seguidores del Facebook de Pedra en sec y senderismo, que compartan la informaci\u00f3n sobre el proyecto Rando.<\/p>\n<p>Como complemento, se ha elaborado material educativo que se repartir\u00e1 en las escuelas de educaci\u00f3n infantil de Mallorca. Incluye, adem\u00e1s de la Gu\u00eda de Itinerarios Familiares, un juego sobre la Serra de Tramuntana.<\/p>\n<p>Para la segunda fase del proyecto, ya se ha empezado a trabajar con los municipios de Pollen\u00e7a, S\u00f3ller y Fornalutx, a pesar de que se espera poder ampliarlo progresivamente a todos los pueblos de Mallorca. De este modo, el Consell apuesta por fomentar el turismo de experiencias sostenible, respetuoso y que favorece la desestacionalizaci\u00f3n.<\/p>\n","protected":false},"excerpt":{"rendered":"<p>El Consell de Mallorca promocionar\u00e1 el senderismo en familia y el turismo de experiencia a trav\u00e9s del proyecto europeo &#8216;Rando pour la culture&#8217;, una iniciativa que busca revalorar el patrimonio etnol\u00f3gico de zonas rurales y naturales europeas de forma sostenible y creativa mediante los itinerarios senderistas. Seg\u00fan ha informado el departamento de Medio Ambiente de<\/p>\n","protected":false},"author":1,"featured_media":50096,"comment_status":"open","ping_status":"closed","sticky":false,"template":"","format":"standard","meta":{"footnotes":""},"categories":[224],"tags":[],"class_list":{"0":"post-62043","1":"post","2":"type-post","3":"status-publish","4":"format-standard","5":"has-post-thumbnail","7":"category-noticias-actualidad"},"aioseo_notices":[],"aioseo_head":"\n\t\t<!-- All in One SEO Pro 4.9.6.1 - aioseo.com -->\n\t<meta name=\"description\" content=\"El Consell de Mallorca promocionar\u00e1 el senderismo en familia y el turismo de experiencia a trav\u00e9s del proyecto europeo &#039;Rando pour la culture&#039;, una iniciativa que busca revalorar el patrimonio etnol\u00f3gico de zonas rurales y naturales europeas de forma sostenible y creativa mediante los itinerarios senderistas. Seg\u00fan ha informado el departamento de Medio Ambiente de\" \/>\n\t<meta name=\"robots\" content=\"max-image-preview:large\" \/>\n\t<meta name=\"author\" content=\"admin\"\/>\n\t<meta name=\"google-site-verification\" content=\"UA-38556648-1\" \/>\n\t<meta name=\"keywords\" content=\"noticias y actualidad\" \/>\n\t<link rel=\"canonical\" href=\"https:\/\/eldigitaldeasturias.com\/magazine365\/el-consell-de-mallorca-promocionara-el-senderismo-en-familia-y-el-turismo-de-experiencia\/\" \/>\n\t<meta name=\"generator\" content=\"All in One SEO Pro (AIOSEO) 4.9.6.1\" \/>\n\t\t<meta property=\"og:locale\" content=\"es_ES\" \/>\n\t\t<meta property=\"og:site_name\" content=\"El Digital de Asturias \u2013 Revista de ocio, turismo y estilo de vida\" \/>\n\t\t<meta property=\"og:type\" content=\"article\" \/>\n\t\t<meta property=\"og:title\" content=\"El Consell de Mallorca promocionar\u00e1 el senderismo en familia y el turismo de experiencia | El Digital de Asturias\" \/>\n\t\t<meta property=\"og:description\" content=\"El Consell de Mallorca promocionar\u00e1 el senderismo en familia y el turismo de experiencia a trav\u00e9s del proyecto europeo &#039;Rando pour la culture&#039;, una iniciativa que busca revalorar el patrimonio etnol\u00f3gico de zonas rurales y naturales europeas de forma sostenible y creativa mediante los itinerarios senderistas. Seg\u00fan ha informado el departamento de Medio Ambiente de\" \/>\n\t\t<meta property=\"og:url\" content=\"https:\/\/eldigitaldeasturias.com\/magazine365\/el-consell-de-mallorca-promocionara-el-senderismo-en-familia-y-el-turismo-de-experiencia\/\" \/>\n\t\t<meta property=\"og:image\" content=\"https:\/\/eldigitaldeasturias.com\/magazine365\/wp-content\/uploads\/2015\/09\/palma.jpg\" \/>\n\t\t<meta property=\"og:image:secure_url\" content=\"https:\/\/eldigitaldeasturias.com\/magazine365\/wp-content\/uploads\/2015\/09\/palma.jpg\" \/>\n\t\t<meta property=\"og:image:width\" content=\"800\" \/>\n\t\t<meta property=\"og:image:height\" content=\"800\" \/>\n\t\t<meta property=\"article:published_time\" content=\"2016-01-25T22:46:46+00:00\" \/>\n\t\t<meta property=\"article:modified_time\" content=\"2016-01-25T22:46:46+00:00\" \/>\n\t\t<meta name=\"twitter:card\" content=\"summary_large_image\" \/>\n\t\t<meta name=\"twitter:title\" content=\"El Consell de Mallorca promocionar\u00e1 el senderismo en familia y el turismo de experiencia | El Digital de Asturias\" \/>\n\t\t<meta name=\"twitter:description\" content=\"El Consell de Mallorca promocionar\u00e1 el senderismo en familia y el turismo de experiencia a trav\u00e9s del proyecto europeo &#039;Rando pour la culture&#039;, una iniciativa que busca revalorar el patrimonio etnol\u00f3gico de zonas rurales y naturales europeas de forma sostenible y creativa mediante los itinerarios senderistas. Seg\u00fan ha informado el departamento de Medio Ambiente de\" \/>\n\t\t<meta name=\"twitter:image\" content=\"https:\/\/eldigitaldeasturias.com\/magazine365\/wp-content\/uploads\/2015\/09\/palma.jpg\" \/>\n\t\t<script type=\"application\/ld+json\" class=\"aioseo-schema\">\n\t\t\t{\"@context\":\"https:\\\/\\\/schema.org\",\"@graph\":[{\"@type\":\"Article\",\"@id\":\"https:\\\/\\\/eldigitaldeasturias.com\\\/magazine365\\\/el-consell-de-mallorca-promocionara-el-senderismo-en-familia-y-el-turismo-de-experiencia\\\/#article\",\"name\":\"El Consell de Mallorca promocionar\\u00e1 el senderismo en familia y el turismo de experiencia | El Digital de Asturias\",\"headline\":\"El Consell de Mallorca promocionar\\u00e1 el senderismo en familia y el turismo de experiencia\",\"author\":{\"@id\":\"https:\\\/\\\/eldigitaldeasturias.com\\\/magazine365\\\/author\\\/admin\\\/#author\"},\"publisher\":{\"@id\":\"https:\\\/\\\/eldigitaldeasturias.com\\\/magazine365\\\/#organization\"},\"image\":{\"@type\":\"ImageObject\",\"url\":\"https:\\\/\\\/eldigitaldeasturias.com\\\/magazine365\\\/wp-content\\\/uploads\\\/2015\\\/09\\\/palma.jpg\",\"width\":800,\"height\":800},\"datePublished\":\"2016-01-25T23:46:46+01:00\",\"dateModified\":\"2016-01-25T23:46:46+01:00\",\"inLanguage\":\"es-ES\",\"mainEntityOfPage\":{\"@id\":\"https:\\\/\\\/eldigitaldeasturias.com\\\/magazine365\\\/el-consell-de-mallorca-promocionara-el-senderismo-en-familia-y-el-turismo-de-experiencia\\\/#webpage\"},\"isPartOf\":{\"@id\":\"https:\\\/\\\/eldigitaldeasturias.com\\\/magazine365\\\/el-consell-de-mallorca-promocionara-el-senderismo-en-familia-y-el-turismo-de-experiencia\\\/#webpage\"},\"articleSection\":\"Noticias y Actualidad\"},{\"@type\":\"BreadcrumbList\",\"@id\":\"https:\\\/\\\/eldigitaldeasturias.com\\\/magazine365\\\/el-consell-de-mallorca-promocionara-el-senderismo-en-familia-y-el-turismo-de-experiencia\\\/#breadcrumblist\",\"itemListElement\":[{\"@type\":\"ListItem\",\"@id\":\"https:\\\/\\\/eldigitaldeasturias.com\\\/magazine365#listItem\",\"position\":1,\"name\":\"Home\",\"item\":\"https:\\\/\\\/eldigitaldeasturias.com\\\/magazine365\",\"nextItem\":{\"@type\":\"ListItem\",\"@id\":\"https:\\\/\\\/eldigitaldeasturias.com\\\/magazine365\\\/category\\\/noticias-actualidad\\\/#listItem\",\"name\":\"Noticias y Actualidad\"}},{\"@type\":\"ListItem\",\"@id\":\"https:\\\/\\\/eldigitaldeasturias.com\\\/magazine365\\\/category\\\/noticias-actualidad\\\/#listItem\",\"position\":2,\"name\":\"Noticias y Actualidad\",\"item\":\"https:\\\/\\\/eldigitaldeasturias.com\\\/magazine365\\\/category\\\/noticias-actualidad\\\/\",\"nextItem\":{\"@type\":\"ListItem\",\"@id\":\"https:\\\/\\\/eldigitaldeasturias.com\\\/magazine365\\\/el-consell-de-mallorca-promocionara-el-senderismo-en-familia-y-el-turismo-de-experiencia\\\/#listItem\",\"name\":\"El Consell de Mallorca promocionar\\u00e1 el senderismo en familia y el turismo de experiencia\"},\"previousItem\":{\"@type\":\"ListItem\",\"@id\":\"https:\\\/\\\/eldigitaldeasturias.com\\\/magazine365#listItem\",\"name\":\"Home\"}},{\"@type\":\"ListItem\",\"@id\":\"https:\\\/\\\/eldigitaldeasturias.com\\\/magazine365\\\/el-consell-de-mallorca-promocionara-el-senderismo-en-familia-y-el-turismo-de-experiencia\\\/#listItem\",\"position\":3,\"name\":\"El Consell de Mallorca promocionar\\u00e1 el senderismo en familia y el turismo de experiencia\",\"previousItem\":{\"@type\":\"ListItem\",\"@id\":\"https:\\\/\\\/eldigitaldeasturias.com\\\/magazine365\\\/category\\\/noticias-actualidad\\\/#listItem\",\"name\":\"Noticias y Actualidad\"}}]},{\"@type\":\"Organization\",\"@id\":\"https:\\\/\\\/eldigitaldeasturias.com\\\/magazine365\\\/#organization\",\"name\":\"El digital de Asturias\",\"description\":\"Revista de ocio, turismo y estilo de vida\",\"url\":\"https:\\\/\\\/eldigitaldeasturias.com\\\/magazine365\\\/\",\"logo\":{\"@type\":\"ImageObject\",\"url\":\"https:\\\/\\\/www.eldigitaldeasturias.com\\\/noticias\\\/wp-content\\\/uploads\\\/2020\\\/12\\\/EDA.jpg\",\"@id\":\"https:\\\/\\\/eldigitaldeasturias.com\\\/magazine365\\\/el-consell-de-mallorca-promocionara-el-senderismo-en-familia-y-el-turismo-de-experiencia\\\/#organizationLogo\"},\"image\":{\"@id\":\"https:\\\/\\\/eldigitaldeasturias.com\\\/magazine365\\\/el-consell-de-mallorca-promocionara-el-senderismo-en-familia-y-el-turismo-de-experiencia\\\/#organizationLogo\"}},{\"@type\":\"Person\",\"@id\":\"https:\\\/\\\/eldigitaldeasturias.com\\\/magazine365\\\/author\\\/admin\\\/#author\",\"url\":\"https:\\\/\\\/eldigitaldeasturias.com\\\/magazine365\\\/author\\\/admin\\\/\",\"name\":\"admin\",\"image\":{\"@type\":\"ImageObject\",\"@id\":\"https:\\\/\\\/eldigitaldeasturias.com\\\/magazine365\\\/el-consell-de-mallorca-promocionara-el-senderismo-en-familia-y-el-turismo-de-experiencia\\\/#authorImage\",\"url\":\"https:\\\/\\\/eldigitaldeasturias.com\\\/magazine365\\\/wp-content\\\/litespeed\\\/avatar\\\/e571bcf59a0edd6fa6838245a470f2fe.jpg?ver=1776969259\",\"width\":96,\"height\":96,\"caption\":\"admin\"}},{\"@type\":\"WebPage\",\"@id\":\"https:\\\/\\\/eldigitaldeasturias.com\\\/magazine365\\\/el-consell-de-mallorca-promocionara-el-senderismo-en-familia-y-el-turismo-de-experiencia\\\/#webpage\",\"url\":\"https:\\\/\\\/eldigitaldeasturias.com\\\/magazine365\\\/el-consell-de-mallorca-promocionara-el-senderismo-en-familia-y-el-turismo-de-experiencia\\\/\",\"name\":\"El Consell de Mallorca promocionar\\u00e1 el senderismo en familia y el turismo de experiencia | El Digital de Asturias\",\"description\":\"El Consell de Mallorca promocionar\\u00e1 el senderismo en familia y el turismo de experiencia a trav\\u00e9s del proyecto europeo 'Rando pour la culture', una iniciativa que busca revalorar el patrimonio etnol\\u00f3gico de zonas rurales y naturales europeas de forma sostenible y creativa mediante los itinerarios senderistas. Seg\\u00fan ha informado el departamento de Medio Ambiente de\",\"inLanguage\":\"es-ES\",\"isPartOf\":{\"@id\":\"https:\\\/\\\/eldigitaldeasturias.com\\\/magazine365\\\/#website\"},\"breadcrumb\":{\"@id\":\"https:\\\/\\\/eldigitaldeasturias.com\\\/magazine365\\\/el-consell-de-mallorca-promocionara-el-senderismo-en-familia-y-el-turismo-de-experiencia\\\/#breadcrumblist\"},\"author\":{\"@id\":\"https:\\\/\\\/eldigitaldeasturias.com\\\/magazine365\\\/author\\\/admin\\\/#author\"},\"creator\":{\"@id\":\"https:\\\/\\\/eldigitaldeasturias.com\\\/magazine365\\\/author\\\/admin\\\/#author\"},\"image\":{\"@type\":\"ImageObject\",\"url\":\"https:\\\/\\\/eldigitaldeasturias.com\\\/magazine365\\\/wp-content\\\/uploads\\\/2015\\\/09\\\/palma.jpg\",\"@id\":\"https:\\\/\\\/eldigitaldeasturias.com\\\/magazine365\\\/el-consell-de-mallorca-promocionara-el-senderismo-en-familia-y-el-turismo-de-experiencia\\\/#mainImage\",\"width\":800,\"height\":800},\"primaryImageOfPage\":{\"@id\":\"https:\\\/\\\/eldigitaldeasturias.com\\\/magazine365\\\/el-consell-de-mallorca-promocionara-el-senderismo-en-familia-y-el-turismo-de-experiencia\\\/#mainImage\"},\"datePublished\":\"2016-01-25T23:46:46+01:00\",\"dateModified\":\"2016-01-25T23:46:46+01:00\"},{\"@type\":\"WebSite\",\"@id\":\"https:\\\/\\\/eldigitaldeasturias.com\\\/magazine365\\\/#website\",\"url\":\"https:\\\/\\\/eldigitaldeasturias.com\\\/magazine365\\\/\",\"name\":\"El Digital de Asturias\",\"description\":\"Revista de ocio, turismo y estilo de vida\",\"inLanguage\":\"es-ES\",\"publisher\":{\"@id\":\"https:\\\/\\\/eldigitaldeasturias.com\\\/magazine365\\\/#organization\"}}]}\n\t\t<\/script>\n\t\t<!-- All in One SEO Pro -->\r\n\t\t<title>El Consell de Mallorca promocionar\u00e1 el senderismo en familia y el turismo de experiencia | El Digital de Asturias<\/title>\n\n","aioseo_head_json":{"title":"El Consell de Mallorca promocionar\u00e1 el senderismo en familia y el turismo de experiencia | El Digital de Asturias","description":"El Consell de Mallorca promocionar\u00e1 el senderismo en familia y el turismo de experiencia a trav\u00e9s del proyecto europeo 'Rando pour la culture', una iniciativa que busca revalorar el patrimonio etnol\u00f3gico de zonas rurales y naturales europeas de forma sostenible y creativa mediante los itinerarios senderistas. Seg\u00fan ha informado el departamento de Medio Ambiente de","canonical_url":"https:\/\/eldigitaldeasturias.com\/magazine365\/el-consell-de-mallorca-promocionara-el-senderismo-en-familia-y-el-turismo-de-experiencia\/","robots":"max-image-preview:large","keywords":"noticias y actualidad","webmasterTools":{"google-site-verification":"UA-38556648-1","miscellaneous":""},"schema":{"@context":"https:\/\/schema.org","@graph":[{"@type":"Article","@id":"https:\/\/eldigitaldeasturias.com\/magazine365\/el-consell-de-mallorca-promocionara-el-senderismo-en-familia-y-el-turismo-de-experiencia\/#article","name":"El Consell de Mallorca promocionar\u00e1 el senderismo en familia y el turismo de experiencia | El Digital de Asturias","headline":"El Consell de Mallorca promocionar\u00e1 el senderismo en familia y el turismo de experiencia","author":{"@id":"https:\/\/eldigitaldeasturias.com\/magazine365\/author\/admin\/#author"},"publisher":{"@id":"https:\/\/eldigitaldeasturias.com\/magazine365\/#organization"},"image":{"@type":"ImageObject","url":"https:\/\/eldigitaldeasturias.com\/magazine365\/wp-content\/uploads\/2015\/09\/palma.jpg","width":800,"height":800},"datePublished":"2016-01-25T23:46:46+01:00","dateModified":"2016-01-25T23:46:46+01:00","inLanguage":"es-ES","mainEntityOfPage":{"@id":"https:\/\/eldigitaldeasturias.com\/magazine365\/el-consell-de-mallorca-promocionara-el-senderismo-en-familia-y-el-turismo-de-experiencia\/#webpage"},"isPartOf":{"@id":"https:\/\/eldigitaldeasturias.com\/magazine365\/el-consell-de-mallorca-promocionara-el-senderismo-en-familia-y-el-turismo-de-experiencia\/#webpage"},"articleSection":"Noticias y Actualidad"},{"@type":"BreadcrumbList","@id":"https:\/\/eldigitaldeasturias.com\/magazine365\/el-consell-de-mallorca-promocionara-el-senderismo-en-familia-y-el-turismo-de-experiencia\/#breadcrumblist","itemListElement":[{"@type":"ListItem","@id":"https:\/\/eldigitaldeasturias.com\/magazine365#listItem","position":1,"name":"Home","item":"https:\/\/eldigitaldeasturias.com\/magazine365","nextItem":{"@type":"ListItem","@id":"https:\/\/eldigitaldeasturias.com\/magazine365\/category\/noticias-actualidad\/#listItem","name":"Noticias y Actualidad"}},{"@type":"ListItem","@id":"https:\/\/eldigitaldeasturias.com\/magazine365\/category\/noticias-actualidad\/#listItem","position":2,"name":"Noticias y Actualidad","item":"https:\/\/eldigitaldeasturias.com\/magazine365\/category\/noticias-actualidad\/","nextItem":{"@type":"ListItem","@id":"https:\/\/eldigitaldeasturias.com\/magazine365\/el-consell-de-mallorca-promocionara-el-senderismo-en-familia-y-el-turismo-de-experiencia\/#listItem","name":"El Consell de Mallorca promocionar\u00e1 el senderismo en familia y el turismo de experiencia"},"previousItem":{"@type":"ListItem","@id":"https:\/\/eldigitaldeasturias.com\/magazine365#listItem","name":"Home"}},{"@type":"ListItem","@id":"https:\/\/eldigitaldeasturias.com\/magazine365\/el-consell-de-mallorca-promocionara-el-senderismo-en-familia-y-el-turismo-de-experiencia\/#listItem","position":3,"name":"El Consell de Mallorca promocionar\u00e1 el senderismo en familia y el turismo de experiencia","previousItem":{"@type":"ListItem","@id":"https:\/\/eldigitaldeasturias.com\/magazine365\/category\/noticias-actualidad\/#listItem","name":"Noticias y Actualidad"}}]},{"@type":"Organization","@id":"https:\/\/eldigitaldeasturias.com\/magazine365\/#organization","name":"El digital de Asturias","description":"Revista de ocio, turismo y estilo de vida","url":"https:\/\/eldigitaldeasturias.com\/magazine365\/","logo":{"@type":"ImageObject","url":"https:\/\/www.eldigitaldeasturias.com\/noticias\/wp-content\/uploads\/2020\/12\/EDA.jpg","@id":"https:\/\/eldigitaldeasturias.com\/magazine365\/el-consell-de-mallorca-promocionara-el-senderismo-en-familia-y-el-turismo-de-experiencia\/#organizationLogo"},"image":{"@id":"https:\/\/eldigitaldeasturias.com\/magazine365\/el-consell-de-mallorca-promocionara-el-senderismo-en-familia-y-el-turismo-de-experiencia\/#organizationLogo"}},{"@type":"Person","@id":"https:\/\/eldigitaldeasturias.com\/magazine365\/author\/admin\/#author","url":"https:\/\/eldigitaldeasturias.com\/magazine365\/author\/admin\/","name":"admin","image":{"@type":"ImageObject","@id":"https:\/\/eldigitaldeasturias.com\/magazine365\/el-consell-de-mallorca-promocionara-el-senderismo-en-familia-y-el-turismo-de-experiencia\/#authorImage","url":"https:\/\/eldigitaldeasturias.com\/magazine365\/wp-content\/litespeed\/avatar\/e571bcf59a0edd6fa6838245a470f2fe.jpg?ver=1776969259","width":96,"height":96,"caption":"admin"}},{"@type":"WebPage","@id":"https:\/\/eldigitaldeasturias.com\/magazine365\/el-consell-de-mallorca-promocionara-el-senderismo-en-familia-y-el-turismo-de-experiencia\/#webpage","url":"https:\/\/eldigitaldeasturias.com\/magazine365\/el-consell-de-mallorca-promocionara-el-senderismo-en-familia-y-el-turismo-de-experiencia\/","name":"El Consell de Mallorca promocionar\u00e1 el senderismo en familia y el turismo de experiencia | El Digital de Asturias","description":"El Consell de Mallorca promocionar\u00e1 el senderismo en familia y el turismo de experiencia a trav\u00e9s del proyecto europeo 'Rando pour la culture', una iniciativa que busca revalorar el patrimonio etnol\u00f3gico de zonas rurales y naturales europeas de forma sostenible y creativa mediante los itinerarios senderistas. Seg\u00fan ha informado el departamento de Medio Ambiente de","inLanguage":"es-ES","isPartOf":{"@id":"https:\/\/eldigitaldeasturias.com\/magazine365\/#website"},"breadcrumb":{"@id":"https:\/\/eldigitaldeasturias.com\/magazine365\/el-consell-de-mallorca-promocionara-el-senderismo-en-familia-y-el-turismo-de-experiencia\/#breadcrumblist"},"author":{"@id":"https:\/\/eldigitaldeasturias.com\/magazine365\/author\/admin\/#author"},"creator":{"@id":"https:\/\/eldigitaldeasturias.com\/magazine365\/author\/admin\/#author"},"image":{"@type":"ImageObject","url":"https:\/\/eldigitaldeasturias.com\/magazine365\/wp-content\/uploads\/2015\/09\/palma.jpg","@id":"https:\/\/eldigitaldeasturias.com\/magazine365\/el-consell-de-mallorca-promocionara-el-senderismo-en-familia-y-el-turismo-de-experiencia\/#mainImage","width":800,"height":800},"primaryImageOfPage":{"@id":"https:\/\/eldigitaldeasturias.com\/magazine365\/el-consell-de-mallorca-promocionara-el-senderismo-en-familia-y-el-turismo-de-experiencia\/#mainImage"},"datePublished":"2016-01-25T23:46:46+01:00","dateModified":"2016-01-25T23:46:46+01:00"},{"@type":"WebSite","@id":"https:\/\/eldigitaldeasturias.com\/magazine365\/#website","url":"https:\/\/eldigitaldeasturias.com\/magazine365\/","name":"El Digital de Asturias","description":"Revista de ocio, turismo y estilo de vida","inLanguage":"es-ES","publisher":{"@id":"https:\/\/eldigitaldeasturias.com\/magazine365\/#organization"}}]},"og:locale":"es_ES","og:site_name":"El Digital de Asturias \u2013 Revista de ocio, turismo y estilo de vida","og:type":"article","og:title":"El Consell de Mallorca promocionar\u00e1 el senderismo en familia y el turismo de experiencia | El Digital de Asturias","og:description":"El Consell de Mallorca promocionar\u00e1 el senderismo en familia y el turismo de experiencia a trav\u00e9s del proyecto europeo 'Rando pour la culture', una iniciativa que busca revalorar el patrimonio etnol\u00f3gico de zonas rurales y naturales europeas de forma sostenible y creativa mediante los itinerarios senderistas. Seg\u00fan ha informado el departamento de Medio Ambiente de","og:url":"https:\/\/eldigitaldeasturias.com\/magazine365\/el-consell-de-mallorca-promocionara-el-senderismo-en-familia-y-el-turismo-de-experiencia\/","og:image":"https:\/\/eldigitaldeasturias.com\/magazine365\/wp-content\/uploads\/2015\/09\/palma.jpg","og:image:secure_url":"https:\/\/eldigitaldeasturias.com\/magazine365\/wp-content\/uploads\/2015\/09\/palma.jpg","og:image:width":800,"og:image:height":800,"article:published_time":"2016-01-25T22:46:46+00:00","article:modified_time":"2016-01-25T22:46:46+00:00","twitter:card":"summary_large_image","twitter:title":"El Consell de Mallorca promocionar\u00e1 el senderismo en familia y el turismo de experiencia | El Digital de Asturias","twitter:description":"El Consell de Mallorca promocionar\u00e1 el senderismo en familia y el turismo de experiencia a trav\u00e9s del proyecto europeo 'Rando pour la culture', una iniciativa que busca revalorar el patrimonio etnol\u00f3gico de zonas rurales y naturales europeas de forma sostenible y creativa mediante los itinerarios senderistas. Seg\u00fan ha informado el departamento de Medio Ambiente de","twitter:image":"https:\/\/eldigitaldeasturias.com\/magazine365\/wp-content\/uploads\/2015\/09\/palma.jpg"},"aioseo_meta_data":{"post_id":"62043","title":null,"description":null,"keywords":null,"keyphrases":null,"primary_term":null,"canonical_url":null,"og_title":null,"og_description":null,"og_object_type":"default","og_image_type":"default","og_image_url":null,"og_image_width":null,"og_image_height":null,"og_image_custom_url":null,"og_image_custom_fields":null,"og_video":null,"og_custom_url":null,"og_article_section":null,"og_article_tags":null,"twitter_use_og":false,"twitter_card":"default","twitter_image_type":"default","twitter_image_url":null,"twitter_image_custom_url":null,"twitter_image_custom_fields":null,"twitter_title":null,"twitter_description":null,"schema":{"blockGraphs":[],"customGraphs":[],"default":{"data":{"Article":[],"Course":[],"Dataset":[],"FAQPage":[],"Movie":[],"Person":[],"Product":[],"ProductReview":[],"Car":[],"Recipe":[],"Service":[],"SoftwareApplication":[],"WebPage":[]},"graphName":"","isEnabled":true},"graphs":[]},"schema_type":null,"schema_type_options":null,"pillar_content":false,"robots_default":true,"robots_noindex":false,"robots_noarchive":false,"robots_nosnippet":false,"robots_nofollow":false,"robots_noimageindex":false,"robots_noodp":false,"robots_notranslate":false,"robots_max_snippet":null,"robots_max_videopreview":null,"robots_max_imagepreview":"large","priority":null,"frequency":null,"location":null,"local_seo":null,"seo_analyzer_scan_date":"2025-09-25 10:18:06","breadcrumb_settings":null,"limit_modified_date":false,"open_ai":null,"ai":null,"created":"2021-03-08 21:41:41","updated":"2025-09-25 10:18:06"},"aioseo_breadcrumb":"<div class=\"aioseo-breadcrumbs\"><span class=\"aioseo-breadcrumb\">\n\t<a href=\"https:\/\/eldigitaldeasturias.com\/magazine365\" title=\"Home\">Home<\/a>\n<\/span><span class=\"aioseo-breadcrumb-separator\">\u2013<\/span><span class=\"aioseo-breadcrumb\">\n\t<a href=\"https:\/\/eldigitaldeasturias.com\/magazine365\/category\/noticias-actualidad\/\" title=\"Noticias y Actualidad\">Noticias y Actualidad<\/a>\n<\/span><span class=\"aioseo-breadcrumb-separator\">\u2013<\/span><span class=\"aioseo-breadcrumb\">\n\t<a href=\"https:\/\/eldigitaldeasturias.com\/magazine365\/el-consell-de-mallorca-promocionara-el-senderismo-en-familia-y-el-turismo-de-experiencia\/\" title=\"El Consell de Mallorca promocionar\u00e1 el senderismo en familia y el turismo de experiencia\">El Consell de Mallorca promocionar\u00e1 el senderismo en familia y el turismo de experiencia<\/a>\n<\/span><\/div>","aioseo_breadcrumb_json":[{"label":"Home","link":"https:\/\/eldigitaldeasturias.com\/magazine365"},{"label":"Noticias y Actualidad","link":"https:\/\/eldigitaldeasturias.com\/magazine365\/category\/noticias-actualidad\/"},{"label":"El Consell de Mallorca promocionar\u00e1 el senderismo en familia y el turismo de experiencia","link":"https:\/\/eldigitaldeasturias.com\/magazine365\/el-consell-de-mallorca-promocionara-el-senderismo-en-familia-y-el-turismo-de-experiencia\/"}],"_links":{"self":[{"href":"https:\/\/eldigitaldeasturias.com\/magazine365\/wp-json\/wp\/v2\/posts\/62043","targetHints":{"allow":["GET"]}}],"collection":[{"href":"https:\/\/eldigitaldeasturias.com\/magazine365\/wp-json\/wp\/v2\/posts"}],"about":[{"href":"https:\/\/eldigitaldeasturias.com\/magazine365\/wp-json\/wp\/v2\/types\/post"}],"author":[{"embeddable":true,"href":"https:\/\/eldigitaldeasturias.com\/magazine365\/wp-json\/wp\/v2\/users\/1"}],"replies":[{"embeddable":true,"href":"https:\/\/eldigitaldeasturias.com\/magazine365\/wp-json\/wp\/v2\/comments?post=62043"}],"version-history":[{"count":0,"href":"https:\/\/eldigitaldeasturias.com\/magazine365\/wp-json\/wp\/v2\/posts\/62043\/revisions"}],"wp:featuredmedia":[{"embeddable":true,"href":"https:\/\/eldigitaldeasturias.com\/magazine365\/wp-json\/wp\/v2\/media\/50096"}],"wp:attachment":[{"href":"https:\/\/eldigitaldeasturias.com\/magazine365\/wp-json\/wp\/v2\/media?parent=62043"}],"wp:term":[{"taxonomy":"category","embeddable":true,"href":"https:\/\/eldigitaldeasturias.com\/magazine365\/wp-json\/wp\/v2\/categories?post=62043"},{"taxonomy":"post_tag","embeddable":true,"href":"https:\/\/eldigitaldeasturias.com\/magazine365\/wp-json\/wp\/v2\/tags?post=62043"}],"curies":[{"name":"wp","href":"https:\/\/api.w.org\/{rel}","templated":true}]}}