{"id":62031,"date":"2016-01-25T23:42:41","date_gmt":"2016-01-25T22:42:41","guid":{"rendered":"http:\/\/eldigitaldeasturias.com\/magazine365\/?p=62031"},"modified":"2016-01-25T23:42:41","modified_gmt":"2016-01-25T22:42:41","slug":"axa-y-socialcar-firman-un-acuerdo-para-cubrir-a-usuarios-de-rent-a-car-colaborativo","status":"publish","type":"post","link":"https:\/\/eldigitaldeasturias.com\/magazine365\/axa-y-socialcar-firman-un-acuerdo-para-cubrir-a-usuarios-de-rent-a-car-colaborativo\/","title":{"rendered":"Axa y SocialCar firman un acuerdo para cubrir a usuarios de &#8216;rent a car&#8217; colaborativo"},"content":{"rendered":"<p><img fetchpriority=\"high\" decoding=\"async\" class=\"alignleft size-medium wp-image-62032\" src=\"https:\/\/eldigitaldeasturias.com\/magazine365\/wp-content\/uploads\/2016\/01\/fotonoticia_20160125143901_800-200x300.jpg\" alt=\"fotonoticia_20160125143901_800\" width=\"200\" height=\"300\" srcset=\"https:\/\/eldigitaldeasturias.com\/magazine365\/wp-content\/uploads\/2016\/01\/fotonoticia_20160125143901_800-200x300.jpg 200w, https:\/\/eldigitaldeasturias.com\/magazine365\/wp-content\/uploads\/2016\/01\/fotonoticia_20160125143901_800-427x640.jpg 427w, https:\/\/eldigitaldeasturias.com\/magazine365\/wp-content\/uploads\/2016\/01\/fotonoticia_20160125143901_800-768x1151.jpg 768w, https:\/\/eldigitaldeasturias.com\/magazine365\/wp-content\/uploads\/2016\/01\/fotonoticia_20160125143901_800-150x225.jpg 150w, https:\/\/eldigitaldeasturias.com\/magazine365\/wp-content\/uploads\/2016\/01\/fotonoticia_20160125143901_800-450x674.jpg 450w, https:\/\/eldigitaldeasturias.com\/magazine365\/wp-content\/uploads\/2016\/01\/fotonoticia_20160125143901_800-696x1043.jpg 696w, https:\/\/eldigitaldeasturias.com\/magazine365\/wp-content\/uploads\/2016\/01\/fotonoticia_20160125143901_800-280x420.jpg 280w, https:\/\/eldigitaldeasturias.com\/magazine365\/wp-content\/uploads\/2016\/01\/fotonoticia_20160125143901_800.jpg 800w\" sizes=\"(max-width: 200px) 100vw, 200px\" \/>Axa ha llegado a un acuerdo con la plataforma de alquiler de veh\u00edculos entre particulares SocialCar con el objeto de incluir un seguro a todo riesgo para los usuarios de esta actividad colaborativa sin coste a\u00f1adido.<\/p>\n<p>La consejera delegada de SocialCar Espa\u00f1a, Mar Alarc\u00f3n, indic\u00f3 que el acuerdo supone un \u00abhito\u00bb para la econom\u00eda colaborativa que permitir\u00e1 a los usuarios disfrutar de \u00abun servicio y seguridad equiparables a las opciones tradicionales de alquiler de veh\u00edculos\u00bb.<\/p>\n<p>La contrataci\u00f3n de las coberturas se realizar\u00e1 de forma autom\u00e1tica en todos los alquileres gestionados a trav\u00e9s de sistemas de reserva &#8216;on line&#8217; de SocialCar por el periodo en que se realice el servicio.<\/p>\n<p>Adem\u00e1s, seg\u00fan indican en una nota, AXA y SocialCar ofrecer\u00e1n la cobertura m\u00e1s amplia del mercado, en la que incluir\u00e1n servicios innovadores como la validez para extranjeros o la edad m\u00ednima para acceder a \u00e9l.<\/p>\n","protected":false},"excerpt":{"rendered":"<p>Axa ha llegado a un acuerdo con la plataforma de alquiler de veh\u00edculos entre particulares SocialCar con el objeto de incluir un seguro a todo riesgo para los usuarios de esta actividad colaborativa sin coste a\u00f1adido. La consejera delegada de SocialCar Espa\u00f1a, Mar Alarc\u00f3n, indic\u00f3 que el acuerdo supone un \u00abhito\u00bb para la econom\u00eda colaborativa<\/p>\n","protected":false},"author":1,"featured_media":62032,"comment_status":"open","ping_status":"closed","sticky":false,"template":"","format":"standard","meta":{"footnotes":""},"categories":[224],"tags":[],"class_list":{"0":"post-62031","1":"post","2":"type-post","3":"status-publish","4":"format-standard","5":"has-post-thumbnail","7":"category-noticias-actualidad"},"aioseo_notices":[],"aioseo_head":"\n\t\t<!-- All in One SEO Pro 4.9.6.1 - aioseo.com -->\n\t<meta name=\"description\" content=\"Axa ha llegado a un acuerdo con la plataforma de alquiler de veh\u00edculos entre particulares SocialCar con el objeto de incluir un seguro a todo riesgo para los usuarios de esta actividad colaborativa sin coste a\u00f1adido. La consejera delegada de SocialCar Espa\u00f1a, Mar Alarc\u00f3n, indic\u00f3 que el acuerdo supone un &quot;hito&quot; para la econom\u00eda colaborativa\" \/>\n\t<meta name=\"robots\" content=\"max-image-preview:large\" \/>\n\t<meta name=\"author\" content=\"admin\"\/>\n\t<meta name=\"google-site-verification\" content=\"UA-38556648-1\" \/>\n\t<meta name=\"keywords\" content=\"noticias y actualidad\" \/>\n\t<link rel=\"canonical\" href=\"https:\/\/eldigitaldeasturias.com\/magazine365\/axa-y-socialcar-firman-un-acuerdo-para-cubrir-a-usuarios-de-rent-a-car-colaborativo\/\" \/>\n\t<meta name=\"generator\" content=\"All in One SEO Pro (AIOSEO) 4.9.6.1\" \/>\n\t\t<meta property=\"og:locale\" content=\"es_ES\" \/>\n\t\t<meta property=\"og:site_name\" content=\"El Digital de Asturias \u2013 Revista de ocio, turismo y estilo de vida\" \/>\n\t\t<meta property=\"og:type\" content=\"article\" \/>\n\t\t<meta property=\"og:title\" content=\"Axa y SocialCar firman un acuerdo para cubrir a usuarios de \u2018rent a car\u2019 colaborativo | El Digital de Asturias\" \/>\n\t\t<meta property=\"og:description\" content=\"Axa ha llegado a un acuerdo con la plataforma de alquiler de veh\u00edculos entre particulares SocialCar con el objeto de incluir un seguro a todo riesgo para los usuarios de esta actividad colaborativa sin coste a\u00f1adido. La consejera delegada de SocialCar Espa\u00f1a, Mar Alarc\u00f3n, indic\u00f3 que el acuerdo supone un &quot;hito&quot; para la econom\u00eda colaborativa\" \/>\n\t\t<meta property=\"og:url\" content=\"https:\/\/eldigitaldeasturias.com\/magazine365\/axa-y-socialcar-firman-un-acuerdo-para-cubrir-a-usuarios-de-rent-a-car-colaborativo\/\" \/>\n\t\t<meta property=\"og:image\" content=\"https:\/\/eldigitaldeasturias.com\/magazine365\/wp-content\/uploads\/2016\/01\/fotonoticia_20160125143901_800.jpg\" \/>\n\t\t<meta property=\"og:image:secure_url\" content=\"https:\/\/eldigitaldeasturias.com\/magazine365\/wp-content\/uploads\/2016\/01\/fotonoticia_20160125143901_800.jpg\" \/>\n\t\t<meta property=\"og:image:width\" content=\"800\" \/>\n\t\t<meta property=\"og:image:height\" content=\"1199\" \/>\n\t\t<meta property=\"article:published_time\" content=\"2016-01-25T22:42:41+00:00\" \/>\n\t\t<meta property=\"article:modified_time\" content=\"2016-01-25T22:42:41+00:00\" \/>\n\t\t<meta name=\"twitter:card\" content=\"summary_large_image\" \/>\n\t\t<meta name=\"twitter:title\" content=\"Axa y SocialCar firman un acuerdo para cubrir a usuarios de \u2018rent a car\u2019 colaborativo | El Digital de Asturias\" \/>\n\t\t<meta name=\"twitter:description\" content=\"Axa ha llegado a un acuerdo con la plataforma de alquiler de veh\u00edculos entre particulares SocialCar con el objeto de incluir un seguro a todo riesgo para los usuarios de esta actividad colaborativa sin coste a\u00f1adido. La consejera delegada de SocialCar Espa\u00f1a, Mar Alarc\u00f3n, indic\u00f3 que el acuerdo supone un &quot;hito&quot; para la econom\u00eda colaborativa\" \/>\n\t\t<meta name=\"twitter:image\" content=\"https:\/\/eldigitaldeasturias.com\/magazine365\/wp-content\/uploads\/2016\/01\/fotonoticia_20160125143901_800.jpg\" \/>\n\t\t<script type=\"application\/ld+json\" class=\"aioseo-schema\">\n\t\t\t{\"@context\":\"https:\\\/\\\/schema.org\",\"@graph\":[{\"@type\":\"Article\",\"@id\":\"https:\\\/\\\/eldigitaldeasturias.com\\\/magazine365\\\/axa-y-socialcar-firman-un-acuerdo-para-cubrir-a-usuarios-de-rent-a-car-colaborativo\\\/#article\",\"name\":\"Axa y SocialCar firman un acuerdo para cubrir a usuarios de \\u2018rent a car\\u2019 colaborativo | El Digital de Asturias\",\"headline\":\"Axa y SocialCar firman un acuerdo para cubrir a usuarios de &#8216;rent a car&#8217; colaborativo\",\"author\":{\"@id\":\"https:\\\/\\\/eldigitaldeasturias.com\\\/magazine365\\\/author\\\/admin\\\/#author\"},\"publisher\":{\"@id\":\"https:\\\/\\\/eldigitaldeasturias.com\\\/magazine365\\\/#organization\"},\"image\":{\"@type\":\"ImageObject\",\"url\":\"https:\\\/\\\/eldigitaldeasturias.com\\\/magazine365\\\/wp-content\\\/uploads\\\/2016\\\/01\\\/fotonoticia_20160125143901_800.jpg\",\"width\":800,\"height\":1199},\"datePublished\":\"2016-01-25T23:42:41+01:00\",\"dateModified\":\"2016-01-25T23:42:41+01:00\",\"inLanguage\":\"es-ES\",\"mainEntityOfPage\":{\"@id\":\"https:\\\/\\\/eldigitaldeasturias.com\\\/magazine365\\\/axa-y-socialcar-firman-un-acuerdo-para-cubrir-a-usuarios-de-rent-a-car-colaborativo\\\/#webpage\"},\"isPartOf\":{\"@id\":\"https:\\\/\\\/eldigitaldeasturias.com\\\/magazine365\\\/axa-y-socialcar-firman-un-acuerdo-para-cubrir-a-usuarios-de-rent-a-car-colaborativo\\\/#webpage\"},\"articleSection\":\"Noticias y Actualidad\"},{\"@type\":\"BreadcrumbList\",\"@id\":\"https:\\\/\\\/eldigitaldeasturias.com\\\/magazine365\\\/axa-y-socialcar-firman-un-acuerdo-para-cubrir-a-usuarios-de-rent-a-car-colaborativo\\\/#breadcrumblist\",\"itemListElement\":[{\"@type\":\"ListItem\",\"@id\":\"https:\\\/\\\/eldigitaldeasturias.com\\\/magazine365#listItem\",\"position\":1,\"name\":\"Home\",\"item\":\"https:\\\/\\\/eldigitaldeasturias.com\\\/magazine365\",\"nextItem\":{\"@type\":\"ListItem\",\"@id\":\"https:\\\/\\\/eldigitaldeasturias.com\\\/magazine365\\\/category\\\/noticias-actualidad\\\/#listItem\",\"name\":\"Noticias y Actualidad\"}},{\"@type\":\"ListItem\",\"@id\":\"https:\\\/\\\/eldigitaldeasturias.com\\\/magazine365\\\/category\\\/noticias-actualidad\\\/#listItem\",\"position\":2,\"name\":\"Noticias y Actualidad\",\"item\":\"https:\\\/\\\/eldigitaldeasturias.com\\\/magazine365\\\/category\\\/noticias-actualidad\\\/\",\"nextItem\":{\"@type\":\"ListItem\",\"@id\":\"https:\\\/\\\/eldigitaldeasturias.com\\\/magazine365\\\/axa-y-socialcar-firman-un-acuerdo-para-cubrir-a-usuarios-de-rent-a-car-colaborativo\\\/#listItem\",\"name\":\"Axa y SocialCar firman un acuerdo para cubrir a usuarios de &#8216;rent a car&#8217; colaborativo\"},\"previousItem\":{\"@type\":\"ListItem\",\"@id\":\"https:\\\/\\\/eldigitaldeasturias.com\\\/magazine365#listItem\",\"name\":\"Home\"}},{\"@type\":\"ListItem\",\"@id\":\"https:\\\/\\\/eldigitaldeasturias.com\\\/magazine365\\\/axa-y-socialcar-firman-un-acuerdo-para-cubrir-a-usuarios-de-rent-a-car-colaborativo\\\/#listItem\",\"position\":3,\"name\":\"Axa y SocialCar firman un acuerdo para cubrir a usuarios de &#8216;rent a car&#8217; colaborativo\",\"previousItem\":{\"@type\":\"ListItem\",\"@id\":\"https:\\\/\\\/eldigitaldeasturias.com\\\/magazine365\\\/category\\\/noticias-actualidad\\\/#listItem\",\"name\":\"Noticias y Actualidad\"}}]},{\"@type\":\"Organization\",\"@id\":\"https:\\\/\\\/eldigitaldeasturias.com\\\/magazine365\\\/#organization\",\"name\":\"El digital de Asturias\",\"description\":\"Revista de ocio, turismo y estilo de vida\",\"url\":\"https:\\\/\\\/eldigitaldeasturias.com\\\/magazine365\\\/\",\"logo\":{\"@type\":\"ImageObject\",\"url\":\"https:\\\/\\\/www.eldigitaldeasturias.com\\\/noticias\\\/wp-content\\\/uploads\\\/2020\\\/12\\\/EDA.jpg\",\"@id\":\"https:\\\/\\\/eldigitaldeasturias.com\\\/magazine365\\\/axa-y-socialcar-firman-un-acuerdo-para-cubrir-a-usuarios-de-rent-a-car-colaborativo\\\/#organizationLogo\"},\"image\":{\"@id\":\"https:\\\/\\\/eldigitaldeasturias.com\\\/magazine365\\\/axa-y-socialcar-firman-un-acuerdo-para-cubrir-a-usuarios-de-rent-a-car-colaborativo\\\/#organizationLogo\"}},{\"@type\":\"Person\",\"@id\":\"https:\\\/\\\/eldigitaldeasturias.com\\\/magazine365\\\/author\\\/admin\\\/#author\",\"url\":\"https:\\\/\\\/eldigitaldeasturias.com\\\/magazine365\\\/author\\\/admin\\\/\",\"name\":\"admin\",\"image\":{\"@type\":\"ImageObject\",\"@id\":\"https:\\\/\\\/eldigitaldeasturias.com\\\/magazine365\\\/axa-y-socialcar-firman-un-acuerdo-para-cubrir-a-usuarios-de-rent-a-car-colaborativo\\\/#authorImage\",\"url\":\"https:\\\/\\\/eldigitaldeasturias.com\\\/magazine365\\\/wp-content\\\/litespeed\\\/avatar\\\/e571bcf59a0edd6fa6838245a470f2fe.jpg?ver=1776969259\",\"width\":96,\"height\":96,\"caption\":\"admin\"}},{\"@type\":\"WebPage\",\"@id\":\"https:\\\/\\\/eldigitaldeasturias.com\\\/magazine365\\\/axa-y-socialcar-firman-un-acuerdo-para-cubrir-a-usuarios-de-rent-a-car-colaborativo\\\/#webpage\",\"url\":\"https:\\\/\\\/eldigitaldeasturias.com\\\/magazine365\\\/axa-y-socialcar-firman-un-acuerdo-para-cubrir-a-usuarios-de-rent-a-car-colaborativo\\\/\",\"name\":\"Axa y SocialCar firman un acuerdo para cubrir a usuarios de \\u2018rent a car\\u2019 colaborativo | El Digital de Asturias\",\"description\":\"Axa ha llegado a un acuerdo con la plataforma de alquiler de veh\\u00edculos entre particulares SocialCar con el objeto de incluir un seguro a todo riesgo para los usuarios de esta actividad colaborativa sin coste a\\u00f1adido. La consejera delegada de SocialCar Espa\\u00f1a, Mar Alarc\\u00f3n, indic\\u00f3 que el acuerdo supone un \\\"hito\\\" para la econom\\u00eda colaborativa\",\"inLanguage\":\"es-ES\",\"isPartOf\":{\"@id\":\"https:\\\/\\\/eldigitaldeasturias.com\\\/magazine365\\\/#website\"},\"breadcrumb\":{\"@id\":\"https:\\\/\\\/eldigitaldeasturias.com\\\/magazine365\\\/axa-y-socialcar-firman-un-acuerdo-para-cubrir-a-usuarios-de-rent-a-car-colaborativo\\\/#breadcrumblist\"},\"author\":{\"@id\":\"https:\\\/\\\/eldigitaldeasturias.com\\\/magazine365\\\/author\\\/admin\\\/#author\"},\"creator\":{\"@id\":\"https:\\\/\\\/eldigitaldeasturias.com\\\/magazine365\\\/author\\\/admin\\\/#author\"},\"image\":{\"@type\":\"ImageObject\",\"url\":\"https:\\\/\\\/eldigitaldeasturias.com\\\/magazine365\\\/wp-content\\\/uploads\\\/2016\\\/01\\\/fotonoticia_20160125143901_800.jpg\",\"@id\":\"https:\\\/\\\/eldigitaldeasturias.com\\\/magazine365\\\/axa-y-socialcar-firman-un-acuerdo-para-cubrir-a-usuarios-de-rent-a-car-colaborativo\\\/#mainImage\",\"width\":800,\"height\":1199},\"primaryImageOfPage\":{\"@id\":\"https:\\\/\\\/eldigitaldeasturias.com\\\/magazine365\\\/axa-y-socialcar-firman-un-acuerdo-para-cubrir-a-usuarios-de-rent-a-car-colaborativo\\\/#mainImage\"},\"datePublished\":\"2016-01-25T23:42:41+01:00\",\"dateModified\":\"2016-01-25T23:42:41+01:00\"},{\"@type\":\"WebSite\",\"@id\":\"https:\\\/\\\/eldigitaldeasturias.com\\\/magazine365\\\/#website\",\"url\":\"https:\\\/\\\/eldigitaldeasturias.com\\\/magazine365\\\/\",\"name\":\"El Digital de Asturias\",\"description\":\"Revista de ocio, turismo y estilo de vida\",\"inLanguage\":\"es-ES\",\"publisher\":{\"@id\":\"https:\\\/\\\/eldigitaldeasturias.com\\\/magazine365\\\/#organization\"}}]}\n\t\t<\/script>\n\t\t<!-- All in One SEO Pro -->\r\n\t\t<title>Axa y SocialCar firman un acuerdo para cubrir a usuarios de \u2018rent a car\u2019 colaborativo | El Digital de Asturias<\/title>\n\n","aioseo_head_json":{"title":"Axa y SocialCar firman un acuerdo para cubrir a usuarios de \u2018rent a car\u2019 colaborativo | El Digital de Asturias","description":"Axa ha llegado a un acuerdo con la plataforma de alquiler de veh\u00edculos entre particulares SocialCar con el objeto de incluir un seguro a todo riesgo para los usuarios de esta actividad colaborativa sin coste a\u00f1adido. La consejera delegada de SocialCar Espa\u00f1a, Mar Alarc\u00f3n, indic\u00f3 que el acuerdo supone un \"hito\" para la econom\u00eda colaborativa","canonical_url":"https:\/\/eldigitaldeasturias.com\/magazine365\/axa-y-socialcar-firman-un-acuerdo-para-cubrir-a-usuarios-de-rent-a-car-colaborativo\/","robots":"max-image-preview:large","keywords":"noticias y actualidad","webmasterTools":{"google-site-verification":"UA-38556648-1","miscellaneous":""},"schema":{"@context":"https:\/\/schema.org","@graph":[{"@type":"Article","@id":"https:\/\/eldigitaldeasturias.com\/magazine365\/axa-y-socialcar-firman-un-acuerdo-para-cubrir-a-usuarios-de-rent-a-car-colaborativo\/#article","name":"Axa y SocialCar firman un acuerdo para cubrir a usuarios de \u2018rent a car\u2019 colaborativo | El Digital de Asturias","headline":"Axa y SocialCar firman un acuerdo para cubrir a usuarios de &#8216;rent a car&#8217; colaborativo","author":{"@id":"https:\/\/eldigitaldeasturias.com\/magazine365\/author\/admin\/#author"},"publisher":{"@id":"https:\/\/eldigitaldeasturias.com\/magazine365\/#organization"},"image":{"@type":"ImageObject","url":"https:\/\/eldigitaldeasturias.com\/magazine365\/wp-content\/uploads\/2016\/01\/fotonoticia_20160125143901_800.jpg","width":800,"height":1199},"datePublished":"2016-01-25T23:42:41+01:00","dateModified":"2016-01-25T23:42:41+01:00","inLanguage":"es-ES","mainEntityOfPage":{"@id":"https:\/\/eldigitaldeasturias.com\/magazine365\/axa-y-socialcar-firman-un-acuerdo-para-cubrir-a-usuarios-de-rent-a-car-colaborativo\/#webpage"},"isPartOf":{"@id":"https:\/\/eldigitaldeasturias.com\/magazine365\/axa-y-socialcar-firman-un-acuerdo-para-cubrir-a-usuarios-de-rent-a-car-colaborativo\/#webpage"},"articleSection":"Noticias y Actualidad"},{"@type":"BreadcrumbList","@id":"https:\/\/eldigitaldeasturias.com\/magazine365\/axa-y-socialcar-firman-un-acuerdo-para-cubrir-a-usuarios-de-rent-a-car-colaborativo\/#breadcrumblist","itemListElement":[{"@type":"ListItem","@id":"https:\/\/eldigitaldeasturias.com\/magazine365#listItem","position":1,"name":"Home","item":"https:\/\/eldigitaldeasturias.com\/magazine365","nextItem":{"@type":"ListItem","@id":"https:\/\/eldigitaldeasturias.com\/magazine365\/category\/noticias-actualidad\/#listItem","name":"Noticias y Actualidad"}},{"@type":"ListItem","@id":"https:\/\/eldigitaldeasturias.com\/magazine365\/category\/noticias-actualidad\/#listItem","position":2,"name":"Noticias y Actualidad","item":"https:\/\/eldigitaldeasturias.com\/magazine365\/category\/noticias-actualidad\/","nextItem":{"@type":"ListItem","@id":"https:\/\/eldigitaldeasturias.com\/magazine365\/axa-y-socialcar-firman-un-acuerdo-para-cubrir-a-usuarios-de-rent-a-car-colaborativo\/#listItem","name":"Axa y SocialCar firman un acuerdo para cubrir a usuarios de &#8216;rent a car&#8217; colaborativo"},"previousItem":{"@type":"ListItem","@id":"https:\/\/eldigitaldeasturias.com\/magazine365#listItem","name":"Home"}},{"@type":"ListItem","@id":"https:\/\/eldigitaldeasturias.com\/magazine365\/axa-y-socialcar-firman-un-acuerdo-para-cubrir-a-usuarios-de-rent-a-car-colaborativo\/#listItem","position":3,"name":"Axa y SocialCar firman un acuerdo para cubrir a usuarios de &#8216;rent a car&#8217; colaborativo","previousItem":{"@type":"ListItem","@id":"https:\/\/eldigitaldeasturias.com\/magazine365\/category\/noticias-actualidad\/#listItem","name":"Noticias y Actualidad"}}]},{"@type":"Organization","@id":"https:\/\/eldigitaldeasturias.com\/magazine365\/#organization","name":"El digital de Asturias","description":"Revista de ocio, turismo y estilo de vida","url":"https:\/\/eldigitaldeasturias.com\/magazine365\/","logo":{"@type":"ImageObject","url":"https:\/\/www.eldigitaldeasturias.com\/noticias\/wp-content\/uploads\/2020\/12\/EDA.jpg","@id":"https:\/\/eldigitaldeasturias.com\/magazine365\/axa-y-socialcar-firman-un-acuerdo-para-cubrir-a-usuarios-de-rent-a-car-colaborativo\/#organizationLogo"},"image":{"@id":"https:\/\/eldigitaldeasturias.com\/magazine365\/axa-y-socialcar-firman-un-acuerdo-para-cubrir-a-usuarios-de-rent-a-car-colaborativo\/#organizationLogo"}},{"@type":"Person","@id":"https:\/\/eldigitaldeasturias.com\/magazine365\/author\/admin\/#author","url":"https:\/\/eldigitaldeasturias.com\/magazine365\/author\/admin\/","name":"admin","image":{"@type":"ImageObject","@id":"https:\/\/eldigitaldeasturias.com\/magazine365\/axa-y-socialcar-firman-un-acuerdo-para-cubrir-a-usuarios-de-rent-a-car-colaborativo\/#authorImage","url":"https:\/\/eldigitaldeasturias.com\/magazine365\/wp-content\/litespeed\/avatar\/e571bcf59a0edd6fa6838245a470f2fe.jpg?ver=1776969259","width":96,"height":96,"caption":"admin"}},{"@type":"WebPage","@id":"https:\/\/eldigitaldeasturias.com\/magazine365\/axa-y-socialcar-firman-un-acuerdo-para-cubrir-a-usuarios-de-rent-a-car-colaborativo\/#webpage","url":"https:\/\/eldigitaldeasturias.com\/magazine365\/axa-y-socialcar-firman-un-acuerdo-para-cubrir-a-usuarios-de-rent-a-car-colaborativo\/","name":"Axa y SocialCar firman un acuerdo para cubrir a usuarios de \u2018rent a car\u2019 colaborativo | El Digital de Asturias","description":"Axa ha llegado a un acuerdo con la plataforma de alquiler de veh\u00edculos entre particulares SocialCar con el objeto de incluir un seguro a todo riesgo para los usuarios de esta actividad colaborativa sin coste a\u00f1adido. La consejera delegada de SocialCar Espa\u00f1a, Mar Alarc\u00f3n, indic\u00f3 que el acuerdo supone un \"hito\" para la econom\u00eda colaborativa","inLanguage":"es-ES","isPartOf":{"@id":"https:\/\/eldigitaldeasturias.com\/magazine365\/#website"},"breadcrumb":{"@id":"https:\/\/eldigitaldeasturias.com\/magazine365\/axa-y-socialcar-firman-un-acuerdo-para-cubrir-a-usuarios-de-rent-a-car-colaborativo\/#breadcrumblist"},"author":{"@id":"https:\/\/eldigitaldeasturias.com\/magazine365\/author\/admin\/#author"},"creator":{"@id":"https:\/\/eldigitaldeasturias.com\/magazine365\/author\/admin\/#author"},"image":{"@type":"ImageObject","url":"https:\/\/eldigitaldeasturias.com\/magazine365\/wp-content\/uploads\/2016\/01\/fotonoticia_20160125143901_800.jpg","@id":"https:\/\/eldigitaldeasturias.com\/magazine365\/axa-y-socialcar-firman-un-acuerdo-para-cubrir-a-usuarios-de-rent-a-car-colaborativo\/#mainImage","width":800,"height":1199},"primaryImageOfPage":{"@id":"https:\/\/eldigitaldeasturias.com\/magazine365\/axa-y-socialcar-firman-un-acuerdo-para-cubrir-a-usuarios-de-rent-a-car-colaborativo\/#mainImage"},"datePublished":"2016-01-25T23:42:41+01:00","dateModified":"2016-01-25T23:42:41+01:00"},{"@type":"WebSite","@id":"https:\/\/eldigitaldeasturias.com\/magazine365\/#website","url":"https:\/\/eldigitaldeasturias.com\/magazine365\/","name":"El Digital de Asturias","description":"Revista de ocio, turismo y estilo de vida","inLanguage":"es-ES","publisher":{"@id":"https:\/\/eldigitaldeasturias.com\/magazine365\/#organization"}}]},"og:locale":"es_ES","og:site_name":"El Digital de Asturias \u2013 Revista de ocio, turismo y estilo de vida","og:type":"article","og:title":"Axa y SocialCar firman un acuerdo para cubrir a usuarios de \u2018rent a car\u2019 colaborativo | El Digital de Asturias","og:description":"Axa ha llegado a un acuerdo con la plataforma de alquiler de veh\u00edculos entre particulares SocialCar con el objeto de incluir un seguro a todo riesgo para los usuarios de esta actividad colaborativa sin coste a\u00f1adido. La consejera delegada de SocialCar Espa\u00f1a, Mar Alarc\u00f3n, indic\u00f3 que el acuerdo supone un &quot;hito&quot; para la econom\u00eda colaborativa","og:url":"https:\/\/eldigitaldeasturias.com\/magazine365\/axa-y-socialcar-firman-un-acuerdo-para-cubrir-a-usuarios-de-rent-a-car-colaborativo\/","og:image":"https:\/\/eldigitaldeasturias.com\/magazine365\/wp-content\/uploads\/2016\/01\/fotonoticia_20160125143901_800.jpg","og:image:secure_url":"https:\/\/eldigitaldeasturias.com\/magazine365\/wp-content\/uploads\/2016\/01\/fotonoticia_20160125143901_800.jpg","og:image:width":800,"og:image:height":1199,"article:published_time":"2016-01-25T22:42:41+00:00","article:modified_time":"2016-01-25T22:42:41+00:00","twitter:card":"summary_large_image","twitter:title":"Axa y SocialCar firman un acuerdo para cubrir a usuarios de \u2018rent a car\u2019 colaborativo | El Digital de Asturias","twitter:description":"Axa ha llegado a un acuerdo con la plataforma de alquiler de veh\u00edculos entre particulares SocialCar con el objeto de incluir un seguro a todo riesgo para los usuarios de esta actividad colaborativa sin coste a\u00f1adido. La consejera delegada de SocialCar Espa\u00f1a, Mar Alarc\u00f3n, indic\u00f3 que el acuerdo supone un &quot;hito&quot; para la econom\u00eda colaborativa","twitter:image":"https:\/\/eldigitaldeasturias.com\/magazine365\/wp-content\/uploads\/2016\/01\/fotonoticia_20160125143901_800.jpg"},"aioseo_meta_data":{"post_id":"62031","title":null,"description":null,"keywords":null,"keyphrases":null,"primary_term":null,"canonical_url":null,"og_title":null,"og_description":null,"og_object_type":"default","og_image_type":"default","og_image_url":null,"og_image_width":null,"og_image_height":null,"og_image_custom_url":null,"og_image_custom_fields":null,"og_video":null,"og_custom_url":null,"og_article_section":null,"og_article_tags":null,"twitter_use_og":false,"twitter_card":"default","twitter_image_type":"default","twitter_image_url":null,"twitter_image_custom_url":null,"twitter_image_custom_fields":null,"twitter_title":null,"twitter_description":null,"schema":{"blockGraphs":[],"customGraphs":[],"default":{"data":{"Article":[],"Course":[],"Dataset":[],"FAQPage":[],"Movie":[],"Person":[],"Product":[],"ProductReview":[],"Car":[],"Recipe":[],"Service":[],"SoftwareApplication":[],"WebPage":[]},"graphName":"","isEnabled":true},"graphs":[],"defaultGraph":"","defaultPostTypeGraph":""},"schema_type":null,"schema_type_options":null,"pillar_content":false,"robots_default":true,"robots_noindex":false,"robots_noarchive":false,"robots_nosnippet":false,"robots_nofollow":false,"robots_noimageindex":false,"robots_noodp":false,"robots_notranslate":false,"robots_max_snippet":null,"robots_max_videopreview":null,"robots_max_imagepreview":"large","priority":null,"frequency":null,"location":null,"local_seo":null,"seo_analyzer_scan_date":"2025-09-25 10:16:28","breadcrumb_settings":null,"limit_modified_date":false,"open_ai":null,"ai":null,"created":"2021-03-08 21:41:41","updated":"2025-09-25 10:16:28"},"aioseo_breadcrumb":"<div class=\"aioseo-breadcrumbs\"><span class=\"aioseo-breadcrumb\">\n\t<a href=\"https:\/\/eldigitaldeasturias.com\/magazine365\" title=\"Home\">Home<\/a>\n<\/span><span class=\"aioseo-breadcrumb-separator\">\u2013<\/span><span class=\"aioseo-breadcrumb\">\n\t<a href=\"https:\/\/eldigitaldeasturias.com\/magazine365\/category\/noticias-actualidad\/\" title=\"Noticias y Actualidad\">Noticias y Actualidad<\/a>\n<\/span><span class=\"aioseo-breadcrumb-separator\">\u2013<\/span><span class=\"aioseo-breadcrumb\">\n\t<a href=\"https:\/\/eldigitaldeasturias.com\/magazine365\/axa-y-socialcar-firman-un-acuerdo-para-cubrir-a-usuarios-de-rent-a-car-colaborativo\/\" title=\"Axa y SocialCar firman un acuerdo para cubrir a usuarios de \u2018rent a car\u2019 colaborativo\">Axa y SocialCar firman un acuerdo para cubrir a usuarios de \u2018rent a car\u2019 colaborativo<\/a>\n<\/span><\/div>","aioseo_breadcrumb_json":[{"label":"Home","link":"https:\/\/eldigitaldeasturias.com\/magazine365"},{"label":"Noticias y Actualidad","link":"https:\/\/eldigitaldeasturias.com\/magazine365\/category\/noticias-actualidad\/"},{"label":"Axa y SocialCar firman un acuerdo para cubrir a usuarios de &#8216;rent a car&#8217; colaborativo","link":"https:\/\/eldigitaldeasturias.com\/magazine365\/axa-y-socialcar-firman-un-acuerdo-para-cubrir-a-usuarios-de-rent-a-car-colaborativo\/"}],"_links":{"self":[{"href":"https:\/\/eldigitaldeasturias.com\/magazine365\/wp-json\/wp\/v2\/posts\/62031","targetHints":{"allow":["GET"]}}],"collection":[{"href":"https:\/\/eldigitaldeasturias.com\/magazine365\/wp-json\/wp\/v2\/posts"}],"about":[{"href":"https:\/\/eldigitaldeasturias.com\/magazine365\/wp-json\/wp\/v2\/types\/post"}],"author":[{"embeddable":true,"href":"https:\/\/eldigitaldeasturias.com\/magazine365\/wp-json\/wp\/v2\/users\/1"}],"replies":[{"embeddable":true,"href":"https:\/\/eldigitaldeasturias.com\/magazine365\/wp-json\/wp\/v2\/comments?post=62031"}],"version-history":[{"count":0,"href":"https:\/\/eldigitaldeasturias.com\/magazine365\/wp-json\/wp\/v2\/posts\/62031\/revisions"}],"wp:featuredmedia":[{"embeddable":true,"href":"https:\/\/eldigitaldeasturias.com\/magazine365\/wp-json\/wp\/v2\/media\/62032"}],"wp:attachment":[{"href":"https:\/\/eldigitaldeasturias.com\/magazine365\/wp-json\/wp\/v2\/media?parent=62031"}],"wp:term":[{"taxonomy":"category","embeddable":true,"href":"https:\/\/eldigitaldeasturias.com\/magazine365\/wp-json\/wp\/v2\/categories?post=62031"},{"taxonomy":"post_tag","embeddable":true,"href":"https:\/\/eldigitaldeasturias.com\/magazine365\/wp-json\/wp\/v2\/tags?post=62031"}],"curies":[{"name":"wp","href":"https:\/\/api.w.org\/{rel}","templated":true}]}}