{"id":62029,"date":"2016-01-25T23:41:50","date_gmt":"2016-01-25T22:41:50","guid":{"rendered":"http:\/\/eldigitaldeasturias.com\/magazine365\/?p=62029"},"modified":"2016-01-25T23:41:50","modified_gmt":"2016-01-25T22:41:50","slug":"camara-de-comercio-y-comerciantes-se-alian-para-potenciar-el-turismo-de-compras-y-reducir-la-brecha-digital","status":"publish","type":"post","link":"https:\/\/eldigitaldeasturias.com\/magazine365\/camara-de-comercio-y-comerciantes-se-alian-para-potenciar-el-turismo-de-compras-y-reducir-la-brecha-digital\/","title":{"rendered":"C\u00e1mara de Comercio y comerciantes se al\u00edan para potenciar el turismo de compras y reducir la brecha digital"},"content":{"rendered":"<p>  El presidente de la C\u00e1mara de Comercio de Espa\u00f1a, Jos\u00e9 Luis Bonet, y el de la Confederaci\u00f3n Espa\u00f1ola de Comercio (CEC), Manuel Garc\u00eda-Izquierdo, han rubricado un acuerdo para dinamizar el comercio urbano, potenciar el turismo de compras e incorporar la venta &#8216;online&#8217;, seg\u00fan han informado en un comunicado.<\/p>\n<p>   En concreto, ambas instituciones apuestan por impulsar la mejora de la competitividad del comercio, un objetivo conjunto que les ha llevado a firmar, por primera vez, un acuerdo de colaboraci\u00f3n que tendr\u00e1 alcance nacional.<\/p>\n<p>   El presidente de la C\u00e1mara de Comercio, Jos\u00e9 Luis Bonet, ha se\u00f1alado que la promoci\u00f3n del comercio est\u00e1 en \u00abla esencia de la instituci\u00f3n\u00bb y ha recordado que desde que en 2013 la Secretar\u00eda de Estado de Comercio pusiese en marcha el Plan Integral de Apoyo a la Competitividad del Comercio Minorista, la C\u00e1mara de Comercio de Espa\u00f1a ha tenido una destacada participaci\u00f3n en su desarrollo.<\/p>\n<p>   La inversi\u00f3n total ascendi\u00f3 a 14,2 millones de euros y en \u00e9l han colaborado la Administraci\u00f3n General del Estado, las comunidades aut\u00f3nomas, las entidades locales, las C\u00e1maras de Comercio y las asociaciones m\u00e1s representativas del sector. La inversi\u00f3n inducida propiciada por este programa ha ascendido a 18 millones de euros.<\/p>\n<p>   Por su parte, Manuel Garc\u00eda-Izquierdo ha resaltado que este acuerdo pionero supone un \u00abimpulso\u00bb a la labor para la reactivaci\u00f3n del sector comercial, en la que vienen trabajando conjuntamente con la Secretar\u00eda de Estado de Comercio, cuyo papel ha sido fundamental para el buen fin de este importante acuerdo.<\/p>\n<p>DINAMIZAR EL COMERCIO URBANO <\/p>\n<p>   Entre las l\u00edneas generales de este acuerdo destaca el dinamizar el comercio urbano y que reclama un plan de actuaci\u00f3n conjunta orientado a reconvertir las \u00e1reas urbanas y sus ejes comerciales para generar un entorno comercial competitivo y sostenible.<\/p>\n<p>   Para ello, la C\u00e1mara de Espa\u00f1a y la CEC promover\u00e1n actuaciones de reconversi\u00f3n de los espacios comerciales y de mejora de la imagen de los n\u00facleos comerciales. Asimismo, trabajar\u00e1n para integrar a los comercios en el \u00e1mbito de las SmartCities e impulsar\u00e1n la gesti\u00f3n profesionalizada de las \u00e1reas comerciales urbanas a trav\u00e9s de f\u00f3rmulas de colaboraci\u00f3n p\u00fablico-privadas.<\/p>\n<p>   Respecto al turismo de compras, apuestan por la promoci\u00f3n, la formaci\u00f3n a comerciantes para dar un servicio diferenciado al turista, as\u00ed como el dise\u00f1o de itinerarios tur\u00edstico-comerciales o la modernizaci\u00f3n del equipamiento comercial de los centros urbanos.<\/p>\n<p>   Ambas instituciones tambi\u00e9n apuestan por reducir la brecha digital en las pymes comerciales, por lo que consideran \u00abprioritario\u00bb desarrollar una estrategia conjunta basada en la capacitaci\u00f3n, el conocimiento y la sensibilizaci\u00f3n que permita apoyar iniciativas como el desarrollo del canal de venta online como canal complementario a la venta presencial y la implantaci\u00f3n de la econom\u00eda digital.<\/p>\n<p>   El acuerdo contempla actuaciones encaminadas a facilitar el relevo generacional en la actividad comercial para promover la continuidad de negocios viables, as\u00ed como el dise\u00f1o y la realizaci\u00f3n de talleres y jornadas sobre temas de actualidad en comercio interior.<\/p>\n<p>   El comercio ha registrado en los \u00faltimos meses un evoluci\u00f3n positiva, que se refleja en los buenos datos de ventas y empleo. Las ventas del comercio minorista, que iniciaron su recuperaci\u00f3n a partir de septiembre de 2013, han consolidado su tendencia positiva a lo largo de 2015.<\/p>\n<p>   En concreto, en los 11 primeros meses del a\u00f1o pasado, se registr\u00f3 un crecimiento del 3,7% interanual de media, corregida de efectos estacionales y de calendario, mientras que la ocupaci\u00f3n en el comercio minorista aument\u00f3 en 17.400 personas, un 0,9%, en el tercer trimestre del a\u00f1o pasado respecto al mismo periodo del a\u00f1o anterior, seg\u00fan la EPA.<\/p>\n","protected":false},"excerpt":{"rendered":"<p>El presidente de la C\u00e1mara de Comercio de Espa\u00f1a, Jos\u00e9 Luis Bonet, y el de la Confederaci\u00f3n Espa\u00f1ola de Comercio (CEC), Manuel Garc\u00eda-Izquierdo, han rubricado un acuerdo para dinamizar el comercio urbano, potenciar el turismo de compras e incorporar la venta &#8216;online&#8217;, seg\u00fan han informado en un comunicado. En concreto, ambas instituciones apuestan por impulsar<\/p>\n","protected":false},"author":1,"featured_media":40137,"comment_status":"open","ping_status":"closed","sticky":false,"template":"","format":"standard","meta":{"footnotes":""},"categories":[224],"tags":[],"class_list":{"0":"post-62029","1":"post","2":"type-post","3":"status-publish","4":"format-standard","5":"has-post-thumbnail","7":"category-noticias-actualidad"},"aioseo_notices":[],"aioseo_head":"\n\t\t<!-- All in One SEO Pro 4.9.6.1 - aioseo.com -->\n\t<meta name=\"description\" content=\"El presidente de la C\u00e1mara de Comercio de Espa\u00f1a, Jos\u00e9 Luis Bonet, y el de la Confederaci\u00f3n Espa\u00f1ola de Comercio (CEC), Manuel Garc\u00eda-Izquierdo, han rubricado un acuerdo para dinamizar el comercio urbano, potenciar el turismo de compras e incorporar la venta &#039;online&#039;, seg\u00fan han informado en un comunicado. En concreto, ambas instituciones apuestan por impulsar\" \/>\n\t<meta name=\"robots\" content=\"max-image-preview:large\" \/>\n\t<meta name=\"author\" content=\"admin\"\/>\n\t<meta name=\"google-site-verification\" content=\"UA-38556648-1\" \/>\n\t<meta name=\"keywords\" content=\"noticias y actualidad\" \/>\n\t<link rel=\"canonical\" href=\"https:\/\/eldigitaldeasturias.com\/magazine365\/camara-de-comercio-y-comerciantes-se-alian-para-potenciar-el-turismo-de-compras-y-reducir-la-brecha-digital\/\" \/>\n\t<meta name=\"generator\" content=\"All in One SEO Pro (AIOSEO) 4.9.6.1\" \/>\n\t\t<meta property=\"og:locale\" content=\"es_ES\" \/>\n\t\t<meta property=\"og:site_name\" content=\"El Digital de Asturias \u2013 Revista de ocio, turismo y estilo de vida\" \/>\n\t\t<meta property=\"og:type\" content=\"article\" \/>\n\t\t<meta property=\"og:title\" content=\"C\u00e1mara de Comercio y comerciantes se al\u00edan para potenciar el turismo de compras y reducir la brecha digital | El Digital de Asturias\" \/>\n\t\t<meta property=\"og:description\" content=\"El presidente de la C\u00e1mara de Comercio de Espa\u00f1a, Jos\u00e9 Luis Bonet, y el de la Confederaci\u00f3n Espa\u00f1ola de Comercio (CEC), Manuel Garc\u00eda-Izquierdo, han rubricado un acuerdo para dinamizar el comercio urbano, potenciar el turismo de compras e incorporar la venta &#039;online&#039;, seg\u00fan han informado en un comunicado. En concreto, ambas instituciones apuestan por impulsar\" \/>\n\t\t<meta property=\"og:url\" content=\"https:\/\/eldigitaldeasturias.com\/magazine365\/camara-de-comercio-y-comerciantes-se-alian-para-potenciar-el-turismo-de-compras-y-reducir-la-brecha-digital\/\" \/>\n\t\t<meta property=\"og:image\" content=\"https:\/\/eldigitaldeasturias.com\/magazine365\/wp-content\/uploads\/2015\/06\/madrid2.jpg\" \/>\n\t\t<meta property=\"og:image:secure_url\" content=\"https:\/\/eldigitaldeasturias.com\/magazine365\/wp-content\/uploads\/2015\/06\/madrid2.jpg\" \/>\n\t\t<meta property=\"og:image:width\" content=\"800\" \/>\n\t\t<meta property=\"og:image:height\" content=\"600\" \/>\n\t\t<meta property=\"article:published_time\" content=\"2016-01-25T22:41:50+00:00\" \/>\n\t\t<meta property=\"article:modified_time\" content=\"2016-01-25T22:41:50+00:00\" \/>\n\t\t<meta name=\"twitter:card\" content=\"summary_large_image\" \/>\n\t\t<meta name=\"twitter:title\" content=\"C\u00e1mara de Comercio y comerciantes se al\u00edan para potenciar el turismo de compras y reducir la brecha digital | El Digital de Asturias\" \/>\n\t\t<meta name=\"twitter:description\" content=\"El presidente de la C\u00e1mara de Comercio de Espa\u00f1a, Jos\u00e9 Luis Bonet, y el de la Confederaci\u00f3n Espa\u00f1ola de Comercio (CEC), Manuel Garc\u00eda-Izquierdo, han rubricado un acuerdo para dinamizar el comercio urbano, potenciar el turismo de compras e incorporar la venta &#039;online&#039;, seg\u00fan han informado en un comunicado. En concreto, ambas instituciones apuestan por impulsar\" \/>\n\t\t<meta name=\"twitter:image\" content=\"https:\/\/eldigitaldeasturias.com\/magazine365\/wp-content\/uploads\/2015\/06\/madrid2.jpg\" \/>\n\t\t<script type=\"application\/ld+json\" class=\"aioseo-schema\">\n\t\t\t{\"@context\":\"https:\\\/\\\/schema.org\",\"@graph\":[{\"@type\":\"Article\",\"@id\":\"https:\\\/\\\/eldigitaldeasturias.com\\\/magazine365\\\/camara-de-comercio-y-comerciantes-se-alian-para-potenciar-el-turismo-de-compras-y-reducir-la-brecha-digital\\\/#article\",\"name\":\"C\\u00e1mara de Comercio y comerciantes se al\\u00edan para potenciar el turismo de compras y reducir la brecha digital | El Digital de Asturias\",\"headline\":\"C\\u00e1mara de Comercio y comerciantes se al\\u00edan para potenciar el turismo de compras y reducir la brecha digital\",\"author\":{\"@id\":\"https:\\\/\\\/eldigitaldeasturias.com\\\/magazine365\\\/author\\\/admin\\\/#author\"},\"publisher\":{\"@id\":\"https:\\\/\\\/eldigitaldeasturias.com\\\/magazine365\\\/#organization\"},\"image\":{\"@type\":\"ImageObject\",\"url\":\"https:\\\/\\\/eldigitaldeasturias.com\\\/magazine365\\\/wp-content\\\/uploads\\\/2015\\\/06\\\/madrid2.jpg\",\"width\":800,\"height\":600},\"datePublished\":\"2016-01-25T23:41:50+01:00\",\"dateModified\":\"2016-01-25T23:41:50+01:00\",\"inLanguage\":\"es-ES\",\"mainEntityOfPage\":{\"@id\":\"https:\\\/\\\/eldigitaldeasturias.com\\\/magazine365\\\/camara-de-comercio-y-comerciantes-se-alian-para-potenciar-el-turismo-de-compras-y-reducir-la-brecha-digital\\\/#webpage\"},\"isPartOf\":{\"@id\":\"https:\\\/\\\/eldigitaldeasturias.com\\\/magazine365\\\/camara-de-comercio-y-comerciantes-se-alian-para-potenciar-el-turismo-de-compras-y-reducir-la-brecha-digital\\\/#webpage\"},\"articleSection\":\"Noticias y Actualidad\"},{\"@type\":\"BreadcrumbList\",\"@id\":\"https:\\\/\\\/eldigitaldeasturias.com\\\/magazine365\\\/camara-de-comercio-y-comerciantes-se-alian-para-potenciar-el-turismo-de-compras-y-reducir-la-brecha-digital\\\/#breadcrumblist\",\"itemListElement\":[{\"@type\":\"ListItem\",\"@id\":\"https:\\\/\\\/eldigitaldeasturias.com\\\/magazine365#listItem\",\"position\":1,\"name\":\"Home\",\"item\":\"https:\\\/\\\/eldigitaldeasturias.com\\\/magazine365\",\"nextItem\":{\"@type\":\"ListItem\",\"@id\":\"https:\\\/\\\/eldigitaldeasturias.com\\\/magazine365\\\/category\\\/noticias-actualidad\\\/#listItem\",\"name\":\"Noticias y Actualidad\"}},{\"@type\":\"ListItem\",\"@id\":\"https:\\\/\\\/eldigitaldeasturias.com\\\/magazine365\\\/category\\\/noticias-actualidad\\\/#listItem\",\"position\":2,\"name\":\"Noticias y Actualidad\",\"item\":\"https:\\\/\\\/eldigitaldeasturias.com\\\/magazine365\\\/category\\\/noticias-actualidad\\\/\",\"nextItem\":{\"@type\":\"ListItem\",\"@id\":\"https:\\\/\\\/eldigitaldeasturias.com\\\/magazine365\\\/camara-de-comercio-y-comerciantes-se-alian-para-potenciar-el-turismo-de-compras-y-reducir-la-brecha-digital\\\/#listItem\",\"name\":\"C\\u00e1mara de Comercio y comerciantes se al\\u00edan para potenciar el turismo de compras y reducir la brecha digital\"},\"previousItem\":{\"@type\":\"ListItem\",\"@id\":\"https:\\\/\\\/eldigitaldeasturias.com\\\/magazine365#listItem\",\"name\":\"Home\"}},{\"@type\":\"ListItem\",\"@id\":\"https:\\\/\\\/eldigitaldeasturias.com\\\/magazine365\\\/camara-de-comercio-y-comerciantes-se-alian-para-potenciar-el-turismo-de-compras-y-reducir-la-brecha-digital\\\/#listItem\",\"position\":3,\"name\":\"C\\u00e1mara de Comercio y comerciantes se al\\u00edan para potenciar el turismo de compras y reducir la brecha digital\",\"previousItem\":{\"@type\":\"ListItem\",\"@id\":\"https:\\\/\\\/eldigitaldeasturias.com\\\/magazine365\\\/category\\\/noticias-actualidad\\\/#listItem\",\"name\":\"Noticias y Actualidad\"}}]},{\"@type\":\"Organization\",\"@id\":\"https:\\\/\\\/eldigitaldeasturias.com\\\/magazine365\\\/#organization\",\"name\":\"El digital de Asturias\",\"description\":\"Revista de ocio, turismo y estilo de vida\",\"url\":\"https:\\\/\\\/eldigitaldeasturias.com\\\/magazine365\\\/\",\"logo\":{\"@type\":\"ImageObject\",\"url\":\"https:\\\/\\\/www.eldigitaldeasturias.com\\\/noticias\\\/wp-content\\\/uploads\\\/2020\\\/12\\\/EDA.jpg\",\"@id\":\"https:\\\/\\\/eldigitaldeasturias.com\\\/magazine365\\\/camara-de-comercio-y-comerciantes-se-alian-para-potenciar-el-turismo-de-compras-y-reducir-la-brecha-digital\\\/#organizationLogo\"},\"image\":{\"@id\":\"https:\\\/\\\/eldigitaldeasturias.com\\\/magazine365\\\/camara-de-comercio-y-comerciantes-se-alian-para-potenciar-el-turismo-de-compras-y-reducir-la-brecha-digital\\\/#organizationLogo\"}},{\"@type\":\"Person\",\"@id\":\"https:\\\/\\\/eldigitaldeasturias.com\\\/magazine365\\\/author\\\/admin\\\/#author\",\"url\":\"https:\\\/\\\/eldigitaldeasturias.com\\\/magazine365\\\/author\\\/admin\\\/\",\"name\":\"admin\",\"image\":{\"@type\":\"ImageObject\",\"@id\":\"https:\\\/\\\/eldigitaldeasturias.com\\\/magazine365\\\/camara-de-comercio-y-comerciantes-se-alian-para-potenciar-el-turismo-de-compras-y-reducir-la-brecha-digital\\\/#authorImage\",\"url\":\"https:\\\/\\\/eldigitaldeasturias.com\\\/magazine365\\\/wp-content\\\/litespeed\\\/avatar\\\/e571bcf59a0edd6fa6838245a470f2fe.jpg?ver=1776969259\",\"width\":96,\"height\":96,\"caption\":\"admin\"}},{\"@type\":\"WebPage\",\"@id\":\"https:\\\/\\\/eldigitaldeasturias.com\\\/magazine365\\\/camara-de-comercio-y-comerciantes-se-alian-para-potenciar-el-turismo-de-compras-y-reducir-la-brecha-digital\\\/#webpage\",\"url\":\"https:\\\/\\\/eldigitaldeasturias.com\\\/magazine365\\\/camara-de-comercio-y-comerciantes-se-alian-para-potenciar-el-turismo-de-compras-y-reducir-la-brecha-digital\\\/\",\"name\":\"C\\u00e1mara de Comercio y comerciantes se al\\u00edan para potenciar el turismo de compras y reducir la brecha digital | El Digital de Asturias\",\"description\":\"El presidente de la C\\u00e1mara de Comercio de Espa\\u00f1a, Jos\\u00e9 Luis Bonet, y el de la Confederaci\\u00f3n Espa\\u00f1ola de Comercio (CEC), Manuel Garc\\u00eda-Izquierdo, han rubricado un acuerdo para dinamizar el comercio urbano, potenciar el turismo de compras e incorporar la venta 'online', seg\\u00fan han informado en un comunicado. En concreto, ambas instituciones apuestan por impulsar\",\"inLanguage\":\"es-ES\",\"isPartOf\":{\"@id\":\"https:\\\/\\\/eldigitaldeasturias.com\\\/magazine365\\\/#website\"},\"breadcrumb\":{\"@id\":\"https:\\\/\\\/eldigitaldeasturias.com\\\/magazine365\\\/camara-de-comercio-y-comerciantes-se-alian-para-potenciar-el-turismo-de-compras-y-reducir-la-brecha-digital\\\/#breadcrumblist\"},\"author\":{\"@id\":\"https:\\\/\\\/eldigitaldeasturias.com\\\/magazine365\\\/author\\\/admin\\\/#author\"},\"creator\":{\"@id\":\"https:\\\/\\\/eldigitaldeasturias.com\\\/magazine365\\\/author\\\/admin\\\/#author\"},\"image\":{\"@type\":\"ImageObject\",\"url\":\"https:\\\/\\\/eldigitaldeasturias.com\\\/magazine365\\\/wp-content\\\/uploads\\\/2015\\\/06\\\/madrid2.jpg\",\"@id\":\"https:\\\/\\\/eldigitaldeasturias.com\\\/magazine365\\\/camara-de-comercio-y-comerciantes-se-alian-para-potenciar-el-turismo-de-compras-y-reducir-la-brecha-digital\\\/#mainImage\",\"width\":800,\"height\":600},\"primaryImageOfPage\":{\"@id\":\"https:\\\/\\\/eldigitaldeasturias.com\\\/magazine365\\\/camara-de-comercio-y-comerciantes-se-alian-para-potenciar-el-turismo-de-compras-y-reducir-la-brecha-digital\\\/#mainImage\"},\"datePublished\":\"2016-01-25T23:41:50+01:00\",\"dateModified\":\"2016-01-25T23:41:50+01:00\"},{\"@type\":\"WebSite\",\"@id\":\"https:\\\/\\\/eldigitaldeasturias.com\\\/magazine365\\\/#website\",\"url\":\"https:\\\/\\\/eldigitaldeasturias.com\\\/magazine365\\\/\",\"name\":\"El Digital de Asturias\",\"description\":\"Revista de ocio, turismo y estilo de vida\",\"inLanguage\":\"es-ES\",\"publisher\":{\"@id\":\"https:\\\/\\\/eldigitaldeasturias.com\\\/magazine365\\\/#organization\"}}]}\n\t\t<\/script>\n\t\t<!-- All in One SEO Pro -->\r\n\t\t<title>C\u00e1mara de Comercio y comerciantes se al\u00edan para potenciar el turismo de compras y reducir la brecha digital | El Digital de Asturias<\/title>\n\n","aioseo_head_json":{"title":"C\u00e1mara de Comercio y comerciantes se al\u00edan para potenciar el turismo de compras y reducir la brecha digital | El Digital de Asturias","description":"El presidente de la C\u00e1mara de Comercio de Espa\u00f1a, Jos\u00e9 Luis Bonet, y el de la Confederaci\u00f3n Espa\u00f1ola de Comercio (CEC), Manuel Garc\u00eda-Izquierdo, han rubricado un acuerdo para dinamizar el comercio urbano, potenciar el turismo de compras e incorporar la venta 'online', seg\u00fan han informado en un comunicado. En concreto, ambas instituciones apuestan por impulsar","canonical_url":"https:\/\/eldigitaldeasturias.com\/magazine365\/camara-de-comercio-y-comerciantes-se-alian-para-potenciar-el-turismo-de-compras-y-reducir-la-brecha-digital\/","robots":"max-image-preview:large","keywords":"noticias y actualidad","webmasterTools":{"google-site-verification":"UA-38556648-1","miscellaneous":""},"schema":{"@context":"https:\/\/schema.org","@graph":[{"@type":"Article","@id":"https:\/\/eldigitaldeasturias.com\/magazine365\/camara-de-comercio-y-comerciantes-se-alian-para-potenciar-el-turismo-de-compras-y-reducir-la-brecha-digital\/#article","name":"C\u00e1mara de Comercio y comerciantes se al\u00edan para potenciar el turismo de compras y reducir la brecha digital | El Digital de Asturias","headline":"C\u00e1mara de Comercio y comerciantes se al\u00edan para potenciar el turismo de compras y reducir la brecha digital","author":{"@id":"https:\/\/eldigitaldeasturias.com\/magazine365\/author\/admin\/#author"},"publisher":{"@id":"https:\/\/eldigitaldeasturias.com\/magazine365\/#organization"},"image":{"@type":"ImageObject","url":"https:\/\/eldigitaldeasturias.com\/magazine365\/wp-content\/uploads\/2015\/06\/madrid2.jpg","width":800,"height":600},"datePublished":"2016-01-25T23:41:50+01:00","dateModified":"2016-01-25T23:41:50+01:00","inLanguage":"es-ES","mainEntityOfPage":{"@id":"https:\/\/eldigitaldeasturias.com\/magazine365\/camara-de-comercio-y-comerciantes-se-alian-para-potenciar-el-turismo-de-compras-y-reducir-la-brecha-digital\/#webpage"},"isPartOf":{"@id":"https:\/\/eldigitaldeasturias.com\/magazine365\/camara-de-comercio-y-comerciantes-se-alian-para-potenciar-el-turismo-de-compras-y-reducir-la-brecha-digital\/#webpage"},"articleSection":"Noticias y Actualidad"},{"@type":"BreadcrumbList","@id":"https:\/\/eldigitaldeasturias.com\/magazine365\/camara-de-comercio-y-comerciantes-se-alian-para-potenciar-el-turismo-de-compras-y-reducir-la-brecha-digital\/#breadcrumblist","itemListElement":[{"@type":"ListItem","@id":"https:\/\/eldigitaldeasturias.com\/magazine365#listItem","position":1,"name":"Home","item":"https:\/\/eldigitaldeasturias.com\/magazine365","nextItem":{"@type":"ListItem","@id":"https:\/\/eldigitaldeasturias.com\/magazine365\/category\/noticias-actualidad\/#listItem","name":"Noticias y Actualidad"}},{"@type":"ListItem","@id":"https:\/\/eldigitaldeasturias.com\/magazine365\/category\/noticias-actualidad\/#listItem","position":2,"name":"Noticias y Actualidad","item":"https:\/\/eldigitaldeasturias.com\/magazine365\/category\/noticias-actualidad\/","nextItem":{"@type":"ListItem","@id":"https:\/\/eldigitaldeasturias.com\/magazine365\/camara-de-comercio-y-comerciantes-se-alian-para-potenciar-el-turismo-de-compras-y-reducir-la-brecha-digital\/#listItem","name":"C\u00e1mara de Comercio y comerciantes se al\u00edan para potenciar el turismo de compras y reducir la brecha digital"},"previousItem":{"@type":"ListItem","@id":"https:\/\/eldigitaldeasturias.com\/magazine365#listItem","name":"Home"}},{"@type":"ListItem","@id":"https:\/\/eldigitaldeasturias.com\/magazine365\/camara-de-comercio-y-comerciantes-se-alian-para-potenciar-el-turismo-de-compras-y-reducir-la-brecha-digital\/#listItem","position":3,"name":"C\u00e1mara de Comercio y comerciantes se al\u00edan para potenciar el turismo de compras y reducir la brecha digital","previousItem":{"@type":"ListItem","@id":"https:\/\/eldigitaldeasturias.com\/magazine365\/category\/noticias-actualidad\/#listItem","name":"Noticias y Actualidad"}}]},{"@type":"Organization","@id":"https:\/\/eldigitaldeasturias.com\/magazine365\/#organization","name":"El digital de Asturias","description":"Revista de ocio, turismo y estilo de vida","url":"https:\/\/eldigitaldeasturias.com\/magazine365\/","logo":{"@type":"ImageObject","url":"https:\/\/www.eldigitaldeasturias.com\/noticias\/wp-content\/uploads\/2020\/12\/EDA.jpg","@id":"https:\/\/eldigitaldeasturias.com\/magazine365\/camara-de-comercio-y-comerciantes-se-alian-para-potenciar-el-turismo-de-compras-y-reducir-la-brecha-digital\/#organizationLogo"},"image":{"@id":"https:\/\/eldigitaldeasturias.com\/magazine365\/camara-de-comercio-y-comerciantes-se-alian-para-potenciar-el-turismo-de-compras-y-reducir-la-brecha-digital\/#organizationLogo"}},{"@type":"Person","@id":"https:\/\/eldigitaldeasturias.com\/magazine365\/author\/admin\/#author","url":"https:\/\/eldigitaldeasturias.com\/magazine365\/author\/admin\/","name":"admin","image":{"@type":"ImageObject","@id":"https:\/\/eldigitaldeasturias.com\/magazine365\/camara-de-comercio-y-comerciantes-se-alian-para-potenciar-el-turismo-de-compras-y-reducir-la-brecha-digital\/#authorImage","url":"https:\/\/eldigitaldeasturias.com\/magazine365\/wp-content\/litespeed\/avatar\/e571bcf59a0edd6fa6838245a470f2fe.jpg?ver=1776969259","width":96,"height":96,"caption":"admin"}},{"@type":"WebPage","@id":"https:\/\/eldigitaldeasturias.com\/magazine365\/camara-de-comercio-y-comerciantes-se-alian-para-potenciar-el-turismo-de-compras-y-reducir-la-brecha-digital\/#webpage","url":"https:\/\/eldigitaldeasturias.com\/magazine365\/camara-de-comercio-y-comerciantes-se-alian-para-potenciar-el-turismo-de-compras-y-reducir-la-brecha-digital\/","name":"C\u00e1mara de Comercio y comerciantes se al\u00edan para potenciar el turismo de compras y reducir la brecha digital | El Digital de Asturias","description":"El presidente de la C\u00e1mara de Comercio de Espa\u00f1a, Jos\u00e9 Luis Bonet, y el de la Confederaci\u00f3n Espa\u00f1ola de Comercio (CEC), Manuel Garc\u00eda-Izquierdo, han rubricado un acuerdo para dinamizar el comercio urbano, potenciar el turismo de compras e incorporar la venta 'online', seg\u00fan han informado en un comunicado. En concreto, ambas instituciones apuestan por impulsar","inLanguage":"es-ES","isPartOf":{"@id":"https:\/\/eldigitaldeasturias.com\/magazine365\/#website"},"breadcrumb":{"@id":"https:\/\/eldigitaldeasturias.com\/magazine365\/camara-de-comercio-y-comerciantes-se-alian-para-potenciar-el-turismo-de-compras-y-reducir-la-brecha-digital\/#breadcrumblist"},"author":{"@id":"https:\/\/eldigitaldeasturias.com\/magazine365\/author\/admin\/#author"},"creator":{"@id":"https:\/\/eldigitaldeasturias.com\/magazine365\/author\/admin\/#author"},"image":{"@type":"ImageObject","url":"https:\/\/eldigitaldeasturias.com\/magazine365\/wp-content\/uploads\/2015\/06\/madrid2.jpg","@id":"https:\/\/eldigitaldeasturias.com\/magazine365\/camara-de-comercio-y-comerciantes-se-alian-para-potenciar-el-turismo-de-compras-y-reducir-la-brecha-digital\/#mainImage","width":800,"height":600},"primaryImageOfPage":{"@id":"https:\/\/eldigitaldeasturias.com\/magazine365\/camara-de-comercio-y-comerciantes-se-alian-para-potenciar-el-turismo-de-compras-y-reducir-la-brecha-digital\/#mainImage"},"datePublished":"2016-01-25T23:41:50+01:00","dateModified":"2016-01-25T23:41:50+01:00"},{"@type":"WebSite","@id":"https:\/\/eldigitaldeasturias.com\/magazine365\/#website","url":"https:\/\/eldigitaldeasturias.com\/magazine365\/","name":"El Digital de Asturias","description":"Revista de ocio, turismo y estilo de vida","inLanguage":"es-ES","publisher":{"@id":"https:\/\/eldigitaldeasturias.com\/magazine365\/#organization"}}]},"og:locale":"es_ES","og:site_name":"El Digital de Asturias \u2013 Revista de ocio, turismo y estilo de vida","og:type":"article","og:title":"C\u00e1mara de Comercio y comerciantes se al\u00edan para potenciar el turismo de compras y reducir la brecha digital | El Digital de Asturias","og:description":"El presidente de la C\u00e1mara de Comercio de Espa\u00f1a, Jos\u00e9 Luis Bonet, y el de la Confederaci\u00f3n Espa\u00f1ola de Comercio (CEC), Manuel Garc\u00eda-Izquierdo, han rubricado un acuerdo para dinamizar el comercio urbano, potenciar el turismo de compras e incorporar la venta 'online', seg\u00fan han informado en un comunicado. En concreto, ambas instituciones apuestan por impulsar","og:url":"https:\/\/eldigitaldeasturias.com\/magazine365\/camara-de-comercio-y-comerciantes-se-alian-para-potenciar-el-turismo-de-compras-y-reducir-la-brecha-digital\/","og:image":"https:\/\/eldigitaldeasturias.com\/magazine365\/wp-content\/uploads\/2015\/06\/madrid2.jpg","og:image:secure_url":"https:\/\/eldigitaldeasturias.com\/magazine365\/wp-content\/uploads\/2015\/06\/madrid2.jpg","og:image:width":800,"og:image:height":600,"article:published_time":"2016-01-25T22:41:50+00:00","article:modified_time":"2016-01-25T22:41:50+00:00","twitter:card":"summary_large_image","twitter:title":"C\u00e1mara de Comercio y comerciantes se al\u00edan para potenciar el turismo de compras y reducir la brecha digital | El Digital de Asturias","twitter:description":"El presidente de la C\u00e1mara de Comercio de Espa\u00f1a, Jos\u00e9 Luis Bonet, y el de la Confederaci\u00f3n Espa\u00f1ola de Comercio (CEC), Manuel Garc\u00eda-Izquierdo, han rubricado un acuerdo para dinamizar el comercio urbano, potenciar el turismo de compras e incorporar la venta 'online', seg\u00fan han informado en un comunicado. En concreto, ambas instituciones apuestan por impulsar","twitter:image":"https:\/\/eldigitaldeasturias.com\/magazine365\/wp-content\/uploads\/2015\/06\/madrid2.jpg"},"aioseo_meta_data":{"post_id":"62029","title":null,"description":null,"keywords":null,"keyphrases":null,"primary_term":null,"canonical_url":null,"og_title":null,"og_description":null,"og_object_type":"default","og_image_type":"default","og_image_url":null,"og_image_width":null,"og_image_height":null,"og_image_custom_url":null,"og_image_custom_fields":null,"og_video":null,"og_custom_url":null,"og_article_section":null,"og_article_tags":null,"twitter_use_og":false,"twitter_card":"default","twitter_image_type":"default","twitter_image_url":null,"twitter_image_custom_url":null,"twitter_image_custom_fields":null,"twitter_title":null,"twitter_description":null,"schema":{"blockGraphs":[],"customGraphs":[],"default":{"data":{"Article":[],"Course":[],"Dataset":[],"FAQPage":[],"Movie":[],"Person":[],"Product":[],"ProductReview":[],"Car":[],"Recipe":[],"Service":[],"SoftwareApplication":[],"WebPage":[]},"graphName":"","isEnabled":true},"graphs":[],"defaultGraph":"","defaultPostTypeGraph":""},"schema_type":null,"schema_type_options":null,"pillar_content":false,"robots_default":true,"robots_noindex":false,"robots_noarchive":false,"robots_nosnippet":false,"robots_nofollow":false,"robots_noimageindex":false,"robots_noodp":false,"robots_notranslate":false,"robots_max_snippet":null,"robots_max_videopreview":null,"robots_max_imagepreview":"large","priority":null,"frequency":null,"location":null,"local_seo":null,"seo_analyzer_scan_date":"2025-09-25 10:16:27","breadcrumb_settings":null,"limit_modified_date":false,"open_ai":null,"ai":null,"created":"2021-03-08 21:41:41","updated":"2025-09-25 10:16:27"},"aioseo_breadcrumb":"<div class=\"aioseo-breadcrumbs\"><span class=\"aioseo-breadcrumb\">\n\t<a href=\"https:\/\/eldigitaldeasturias.com\/magazine365\" title=\"Home\">Home<\/a>\n<\/span><span class=\"aioseo-breadcrumb-separator\">\u2013<\/span><span class=\"aioseo-breadcrumb\">\n\t<a href=\"https:\/\/eldigitaldeasturias.com\/magazine365\/category\/noticias-actualidad\/\" title=\"Noticias y Actualidad\">Noticias y Actualidad<\/a>\n<\/span><span class=\"aioseo-breadcrumb-separator\">\u2013<\/span><span class=\"aioseo-breadcrumb\">\n\t<a href=\"https:\/\/eldigitaldeasturias.com\/magazine365\/camara-de-comercio-y-comerciantes-se-alian-para-potenciar-el-turismo-de-compras-y-reducir-la-brecha-digital\/\" title=\"C\u00e1mara de Comercio y comerciantes se al\u00edan para potenciar el turismo de compras y reducir la brecha digital\">C\u00e1mara de Comercio y comerciantes se al\u00edan para potenciar el turismo de compras y reducir la brecha digital<\/a>\n<\/span><\/div>","aioseo_breadcrumb_json":[{"label":"Home","link":"https:\/\/eldigitaldeasturias.com\/magazine365"},{"label":"Noticias y Actualidad","link":"https:\/\/eldigitaldeasturias.com\/magazine365\/category\/noticias-actualidad\/"},{"label":"C\u00e1mara de Comercio y comerciantes se al\u00edan para potenciar el turismo de compras y reducir la brecha digital","link":"https:\/\/eldigitaldeasturias.com\/magazine365\/camara-de-comercio-y-comerciantes-se-alian-para-potenciar-el-turismo-de-compras-y-reducir-la-brecha-digital\/"}],"_links":{"self":[{"href":"https:\/\/eldigitaldeasturias.com\/magazine365\/wp-json\/wp\/v2\/posts\/62029","targetHints":{"allow":["GET"]}}],"collection":[{"href":"https:\/\/eldigitaldeasturias.com\/magazine365\/wp-json\/wp\/v2\/posts"}],"about":[{"href":"https:\/\/eldigitaldeasturias.com\/magazine365\/wp-json\/wp\/v2\/types\/post"}],"author":[{"embeddable":true,"href":"https:\/\/eldigitaldeasturias.com\/magazine365\/wp-json\/wp\/v2\/users\/1"}],"replies":[{"embeddable":true,"href":"https:\/\/eldigitaldeasturias.com\/magazine365\/wp-json\/wp\/v2\/comments?post=62029"}],"version-history":[{"count":0,"href":"https:\/\/eldigitaldeasturias.com\/magazine365\/wp-json\/wp\/v2\/posts\/62029\/revisions"}],"wp:featuredmedia":[{"embeddable":true,"href":"https:\/\/eldigitaldeasturias.com\/magazine365\/wp-json\/wp\/v2\/media\/40137"}],"wp:attachment":[{"href":"https:\/\/eldigitaldeasturias.com\/magazine365\/wp-json\/wp\/v2\/media?parent=62029"}],"wp:term":[{"taxonomy":"category","embeddable":true,"href":"https:\/\/eldigitaldeasturias.com\/magazine365\/wp-json\/wp\/v2\/categories?post=62029"},{"taxonomy":"post_tag","embeddable":true,"href":"https:\/\/eldigitaldeasturias.com\/magazine365\/wp-json\/wp\/v2\/tags?post=62029"}],"curies":[{"name":"wp","href":"https:\/\/api.w.org\/{rel}","templated":true}]}}