{"id":62026,"date":"2016-01-25T23:41:07","date_gmt":"2016-01-25T22:41:07","guid":{"rendered":"http:\/\/eldigitaldeasturias.com\/magazine365\/?p=62026"},"modified":"2016-01-25T23:41:07","modified_gmt":"2016-01-25T22:41:07","slug":"bendodo-insta-a-trabajar-en-el-turismo-emergente-tras-la-experiencia-positiva-en-fitur","status":"publish","type":"post","link":"https:\/\/eldigitaldeasturias.com\/magazine365\/bendodo-insta-a-trabajar-en-el-turismo-emergente-tras-la-experiencia-positiva-en-fitur\/","title":{"rendered":"Bendodo insta a trabajar en el turismo emergente tras la experiencia \u00abpositiva\u00bb en Fitur"},"content":{"rendered":"<p><img fetchpriority=\"high\" decoding=\"async\" class=\"alignleft size-medium wp-image-62027\" src=\"https:\/\/eldigitaldeasturias.com\/magazine365\/wp-content\/uploads\/2016\/01\/fotonoticia_20160125143249_800-225x300.jpg\" alt=\"fotonoticia_20160125143249_800\" width=\"225\" height=\"300\" srcset=\"https:\/\/eldigitaldeasturias.com\/magazine365\/wp-content\/uploads\/2016\/01\/fotonoticia_20160125143249_800-225x300.jpg 225w, https:\/\/eldigitaldeasturias.com\/magazine365\/wp-content\/uploads\/2016\/01\/fotonoticia_20160125143249_800-480x640.jpg 480w, https:\/\/eldigitaldeasturias.com\/magazine365\/wp-content\/uploads\/2016\/01\/fotonoticia_20160125143249_800-768x1024.jpg 768w, https:\/\/eldigitaldeasturias.com\/magazine365\/wp-content\/uploads\/2016\/01\/fotonoticia_20160125143249_800-150x200.jpg 150w, https:\/\/eldigitaldeasturias.com\/magazine365\/wp-content\/uploads\/2016\/01\/fotonoticia_20160125143249_800-450x600.jpg 450w, https:\/\/eldigitaldeasturias.com\/magazine365\/wp-content\/uploads\/2016\/01\/fotonoticia_20160125143249_800-696x928.jpg 696w, https:\/\/eldigitaldeasturias.com\/magazine365\/wp-content\/uploads\/2016\/01\/fotonoticia_20160125143249_800-315x420.jpg 315w, https:\/\/eldigitaldeasturias.com\/magazine365\/wp-content\/uploads\/2016\/01\/fotonoticia_20160125143249_800.jpg 800w\" sizes=\"(max-width: 225px) 100vw, 225px\" \/>El presidente de Turismo Costa del Sol, El\u00edas Bendodo, ha instado a trabajar en los sectores emergentes del turismo en la provincia, en referencia al relacionado con la naturaleza y riesgo, el cultural y el gastron\u00f3mico. Adem\u00e1s, ha calificado como \u00abpositiva\u00bb la experiencia de la Costa del Sol en la Feria Internacional de Turismo (Fitur) en Madrid.<\/p>\n<p>Bendodo ha destacado este lunes en rueda de prensa los m\u00e1s de 800 encuentros profesionales que ha mantenido la delegaci\u00f3n de la Costa del Sol en la capital de Espa\u00f1a, gracias a los que \u00abse han confirmado nuestras buenas previsiones para 2016\u00bb.<\/p>\n<p>El a\u00f1o pasado llegaron a la provincia de M\u00e1laga un total de 4,3 millones de turistas nacionales y el impacto econ\u00f3mico que dejaron roz\u00f3 los 3.690 millones de euros, lo que supone el 32 por ciento del impacto econ\u00f3mico del gasto tur\u00edstico de la provincia.<\/p>\n<p>El objetivo principal en Fitur, seg\u00fan Bendodo, ha sido \u00abpotenciar en el mercado nacional los nichos tur\u00edsticos que nos permiten crecer en la temporada de oto\u00f1o e invierno\u00bb.<\/p>\n<p>La visita a Madrid ha supuesto una inversi\u00f3n que ronda los 80.000 euros, un 32 por ciento m\u00e1s que en 2014, cuando se invirtieron 60.000 euros. Los representantes de la Costa del Sol han mantenido citas profesionales con diferentes actores de la industria tur\u00edstica nacional e internacional.<\/p>\n","protected":false},"excerpt":{"rendered":"<p>El presidente de Turismo Costa del Sol, El\u00edas Bendodo, ha instado a trabajar en los sectores emergentes del turismo en la provincia, en referencia al relacionado con la naturaleza y riesgo, el cultural y el gastron\u00f3mico. Adem\u00e1s, ha calificado como \u00abpositiva\u00bb la experiencia de la Costa del Sol en la Feria Internacional de Turismo (Fitur)<\/p>\n","protected":false},"author":1,"featured_media":62027,"comment_status":"open","ping_status":"closed","sticky":false,"template":"","format":"standard","meta":{"footnotes":""},"categories":[224],"tags":[],"class_list":{"0":"post-62026","1":"post","2":"type-post","3":"status-publish","4":"format-standard","5":"has-post-thumbnail","7":"category-noticias-actualidad"},"aioseo_notices":[],"aioseo_head":"\n\t\t<!-- All in One SEO Pro 4.9.6.1 - aioseo.com -->\n\t<meta name=\"description\" content=\"El presidente de Turismo Costa del Sol, El\u00edas Bendodo, ha instado a trabajar en los sectores emergentes del turismo en la provincia, en referencia al relacionado con la naturaleza y riesgo, el cultural y el gastron\u00f3mico. Adem\u00e1s, ha calificado como &quot;positiva&quot; la experiencia de la Costa del Sol en la Feria Internacional de Turismo (Fitur)\" \/>\n\t<meta name=\"robots\" content=\"max-image-preview:large\" \/>\n\t<meta name=\"author\" content=\"admin\"\/>\n\t<meta name=\"google-site-verification\" content=\"UA-38556648-1\" \/>\n\t<meta name=\"keywords\" content=\"noticias y actualidad\" \/>\n\t<link rel=\"canonical\" href=\"https:\/\/eldigitaldeasturias.com\/magazine365\/bendodo-insta-a-trabajar-en-el-turismo-emergente-tras-la-experiencia-positiva-en-fitur\/\" \/>\n\t<meta name=\"generator\" content=\"All in One SEO Pro (AIOSEO) 4.9.6.1\" \/>\n\t\t<meta property=\"og:locale\" content=\"es_ES\" \/>\n\t\t<meta property=\"og:site_name\" content=\"El Digital de Asturias \u2013 Revista de ocio, turismo y estilo de vida\" \/>\n\t\t<meta property=\"og:type\" content=\"article\" \/>\n\t\t<meta property=\"og:title\" content=\"Bendodo insta a trabajar en el turismo emergente tras la experiencia \u00abpositiva\u00bb en Fitur | El Digital de Asturias\" \/>\n\t\t<meta property=\"og:description\" content=\"El presidente de Turismo Costa del Sol, El\u00edas Bendodo, ha instado a trabajar en los sectores emergentes del turismo en la provincia, en referencia al relacionado con la naturaleza y riesgo, el cultural y el gastron\u00f3mico. Adem\u00e1s, ha calificado como &quot;positiva&quot; la experiencia de la Costa del Sol en la Feria Internacional de Turismo (Fitur)\" \/>\n\t\t<meta property=\"og:url\" content=\"https:\/\/eldigitaldeasturias.com\/magazine365\/bendodo-insta-a-trabajar-en-el-turismo-emergente-tras-la-experiencia-positiva-en-fitur\/\" \/>\n\t\t<meta property=\"og:image\" content=\"https:\/\/eldigitaldeasturias.com\/magazine365\/wp-content\/uploads\/2016\/01\/fotonoticia_20160125143249_800.jpg\" \/>\n\t\t<meta property=\"og:image:secure_url\" content=\"https:\/\/eldigitaldeasturias.com\/magazine365\/wp-content\/uploads\/2016\/01\/fotonoticia_20160125143249_800.jpg\" \/>\n\t\t<meta property=\"og:image:width\" content=\"800\" \/>\n\t\t<meta property=\"og:image:height\" content=\"1067\" \/>\n\t\t<meta property=\"article:published_time\" content=\"2016-01-25T22:41:07+00:00\" \/>\n\t\t<meta property=\"article:modified_time\" content=\"2016-01-25T22:41:07+00:00\" \/>\n\t\t<meta name=\"twitter:card\" content=\"summary_large_image\" \/>\n\t\t<meta name=\"twitter:title\" content=\"Bendodo insta a trabajar en el turismo emergente tras la experiencia \u00abpositiva\u00bb en Fitur | El Digital de Asturias\" \/>\n\t\t<meta name=\"twitter:description\" content=\"El presidente de Turismo Costa del Sol, El\u00edas Bendodo, ha instado a trabajar en los sectores emergentes del turismo en la provincia, en referencia al relacionado con la naturaleza y riesgo, el cultural y el gastron\u00f3mico. Adem\u00e1s, ha calificado como &quot;positiva&quot; la experiencia de la Costa del Sol en la Feria Internacional de Turismo (Fitur)\" \/>\n\t\t<meta name=\"twitter:image\" content=\"https:\/\/eldigitaldeasturias.com\/magazine365\/wp-content\/uploads\/2016\/01\/fotonoticia_20160125143249_800.jpg\" \/>\n\t\t<script type=\"application\/ld+json\" class=\"aioseo-schema\">\n\t\t\t{\"@context\":\"https:\\\/\\\/schema.org\",\"@graph\":[{\"@type\":\"Article\",\"@id\":\"https:\\\/\\\/eldigitaldeasturias.com\\\/magazine365\\\/bendodo-insta-a-trabajar-en-el-turismo-emergente-tras-la-experiencia-positiva-en-fitur\\\/#article\",\"name\":\"Bendodo insta a trabajar en el turismo emergente tras la experiencia \\u00abpositiva\\u00bb en Fitur | El Digital de Asturias\",\"headline\":\"Bendodo insta a trabajar en el turismo emergente tras la experiencia \\u00abpositiva\\u00bb en Fitur\",\"author\":{\"@id\":\"https:\\\/\\\/eldigitaldeasturias.com\\\/magazine365\\\/author\\\/admin\\\/#author\"},\"publisher\":{\"@id\":\"https:\\\/\\\/eldigitaldeasturias.com\\\/magazine365\\\/#organization\"},\"image\":{\"@type\":\"ImageObject\",\"url\":\"https:\\\/\\\/eldigitaldeasturias.com\\\/magazine365\\\/wp-content\\\/uploads\\\/2016\\\/01\\\/fotonoticia_20160125143249_800.jpg\",\"width\":800,\"height\":1067},\"datePublished\":\"2016-01-25T23:41:07+01:00\",\"dateModified\":\"2016-01-25T23:41:07+01:00\",\"inLanguage\":\"es-ES\",\"mainEntityOfPage\":{\"@id\":\"https:\\\/\\\/eldigitaldeasturias.com\\\/magazine365\\\/bendodo-insta-a-trabajar-en-el-turismo-emergente-tras-la-experiencia-positiva-en-fitur\\\/#webpage\"},\"isPartOf\":{\"@id\":\"https:\\\/\\\/eldigitaldeasturias.com\\\/magazine365\\\/bendodo-insta-a-trabajar-en-el-turismo-emergente-tras-la-experiencia-positiva-en-fitur\\\/#webpage\"},\"articleSection\":\"Noticias y Actualidad\"},{\"@type\":\"BreadcrumbList\",\"@id\":\"https:\\\/\\\/eldigitaldeasturias.com\\\/magazine365\\\/bendodo-insta-a-trabajar-en-el-turismo-emergente-tras-la-experiencia-positiva-en-fitur\\\/#breadcrumblist\",\"itemListElement\":[{\"@type\":\"ListItem\",\"@id\":\"https:\\\/\\\/eldigitaldeasturias.com\\\/magazine365#listItem\",\"position\":1,\"name\":\"Home\",\"item\":\"https:\\\/\\\/eldigitaldeasturias.com\\\/magazine365\",\"nextItem\":{\"@type\":\"ListItem\",\"@id\":\"https:\\\/\\\/eldigitaldeasturias.com\\\/magazine365\\\/category\\\/noticias-actualidad\\\/#listItem\",\"name\":\"Noticias y Actualidad\"}},{\"@type\":\"ListItem\",\"@id\":\"https:\\\/\\\/eldigitaldeasturias.com\\\/magazine365\\\/category\\\/noticias-actualidad\\\/#listItem\",\"position\":2,\"name\":\"Noticias y Actualidad\",\"item\":\"https:\\\/\\\/eldigitaldeasturias.com\\\/magazine365\\\/category\\\/noticias-actualidad\\\/\",\"nextItem\":{\"@type\":\"ListItem\",\"@id\":\"https:\\\/\\\/eldigitaldeasturias.com\\\/magazine365\\\/bendodo-insta-a-trabajar-en-el-turismo-emergente-tras-la-experiencia-positiva-en-fitur\\\/#listItem\",\"name\":\"Bendodo insta a trabajar en el turismo emergente tras la experiencia \\u00abpositiva\\u00bb en Fitur\"},\"previousItem\":{\"@type\":\"ListItem\",\"@id\":\"https:\\\/\\\/eldigitaldeasturias.com\\\/magazine365#listItem\",\"name\":\"Home\"}},{\"@type\":\"ListItem\",\"@id\":\"https:\\\/\\\/eldigitaldeasturias.com\\\/magazine365\\\/bendodo-insta-a-trabajar-en-el-turismo-emergente-tras-la-experiencia-positiva-en-fitur\\\/#listItem\",\"position\":3,\"name\":\"Bendodo insta a trabajar en el turismo emergente tras la experiencia \\u00abpositiva\\u00bb en Fitur\",\"previousItem\":{\"@type\":\"ListItem\",\"@id\":\"https:\\\/\\\/eldigitaldeasturias.com\\\/magazine365\\\/category\\\/noticias-actualidad\\\/#listItem\",\"name\":\"Noticias y Actualidad\"}}]},{\"@type\":\"Organization\",\"@id\":\"https:\\\/\\\/eldigitaldeasturias.com\\\/magazine365\\\/#organization\",\"name\":\"El digital de Asturias\",\"description\":\"Revista de ocio, turismo y estilo de vida\",\"url\":\"https:\\\/\\\/eldigitaldeasturias.com\\\/magazine365\\\/\",\"logo\":{\"@type\":\"ImageObject\",\"url\":\"https:\\\/\\\/www.eldigitaldeasturias.com\\\/noticias\\\/wp-content\\\/uploads\\\/2020\\\/12\\\/EDA.jpg\",\"@id\":\"https:\\\/\\\/eldigitaldeasturias.com\\\/magazine365\\\/bendodo-insta-a-trabajar-en-el-turismo-emergente-tras-la-experiencia-positiva-en-fitur\\\/#organizationLogo\"},\"image\":{\"@id\":\"https:\\\/\\\/eldigitaldeasturias.com\\\/magazine365\\\/bendodo-insta-a-trabajar-en-el-turismo-emergente-tras-la-experiencia-positiva-en-fitur\\\/#organizationLogo\"}},{\"@type\":\"Person\",\"@id\":\"https:\\\/\\\/eldigitaldeasturias.com\\\/magazine365\\\/author\\\/admin\\\/#author\",\"url\":\"https:\\\/\\\/eldigitaldeasturias.com\\\/magazine365\\\/author\\\/admin\\\/\",\"name\":\"admin\",\"image\":{\"@type\":\"ImageObject\",\"@id\":\"https:\\\/\\\/eldigitaldeasturias.com\\\/magazine365\\\/bendodo-insta-a-trabajar-en-el-turismo-emergente-tras-la-experiencia-positiva-en-fitur\\\/#authorImage\",\"url\":\"https:\\\/\\\/eldigitaldeasturias.com\\\/magazine365\\\/wp-content\\\/litespeed\\\/avatar\\\/e571bcf59a0edd6fa6838245a470f2fe.jpg?ver=1776969259\",\"width\":96,\"height\":96,\"caption\":\"admin\"}},{\"@type\":\"WebPage\",\"@id\":\"https:\\\/\\\/eldigitaldeasturias.com\\\/magazine365\\\/bendodo-insta-a-trabajar-en-el-turismo-emergente-tras-la-experiencia-positiva-en-fitur\\\/#webpage\",\"url\":\"https:\\\/\\\/eldigitaldeasturias.com\\\/magazine365\\\/bendodo-insta-a-trabajar-en-el-turismo-emergente-tras-la-experiencia-positiva-en-fitur\\\/\",\"name\":\"Bendodo insta a trabajar en el turismo emergente tras la experiencia \\u00abpositiva\\u00bb en Fitur | El Digital de Asturias\",\"description\":\"El presidente de Turismo Costa del Sol, El\\u00edas Bendodo, ha instado a trabajar en los sectores emergentes del turismo en la provincia, en referencia al relacionado con la naturaleza y riesgo, el cultural y el gastron\\u00f3mico. Adem\\u00e1s, ha calificado como \\\"positiva\\\" la experiencia de la Costa del Sol en la Feria Internacional de Turismo (Fitur)\",\"inLanguage\":\"es-ES\",\"isPartOf\":{\"@id\":\"https:\\\/\\\/eldigitaldeasturias.com\\\/magazine365\\\/#website\"},\"breadcrumb\":{\"@id\":\"https:\\\/\\\/eldigitaldeasturias.com\\\/magazine365\\\/bendodo-insta-a-trabajar-en-el-turismo-emergente-tras-la-experiencia-positiva-en-fitur\\\/#breadcrumblist\"},\"author\":{\"@id\":\"https:\\\/\\\/eldigitaldeasturias.com\\\/magazine365\\\/author\\\/admin\\\/#author\"},\"creator\":{\"@id\":\"https:\\\/\\\/eldigitaldeasturias.com\\\/magazine365\\\/author\\\/admin\\\/#author\"},\"image\":{\"@type\":\"ImageObject\",\"url\":\"https:\\\/\\\/eldigitaldeasturias.com\\\/magazine365\\\/wp-content\\\/uploads\\\/2016\\\/01\\\/fotonoticia_20160125143249_800.jpg\",\"@id\":\"https:\\\/\\\/eldigitaldeasturias.com\\\/magazine365\\\/bendodo-insta-a-trabajar-en-el-turismo-emergente-tras-la-experiencia-positiva-en-fitur\\\/#mainImage\",\"width\":800,\"height\":1067},\"primaryImageOfPage\":{\"@id\":\"https:\\\/\\\/eldigitaldeasturias.com\\\/magazine365\\\/bendodo-insta-a-trabajar-en-el-turismo-emergente-tras-la-experiencia-positiva-en-fitur\\\/#mainImage\"},\"datePublished\":\"2016-01-25T23:41:07+01:00\",\"dateModified\":\"2016-01-25T23:41:07+01:00\"},{\"@type\":\"WebSite\",\"@id\":\"https:\\\/\\\/eldigitaldeasturias.com\\\/magazine365\\\/#website\",\"url\":\"https:\\\/\\\/eldigitaldeasturias.com\\\/magazine365\\\/\",\"name\":\"El Digital de Asturias\",\"description\":\"Revista de ocio, turismo y estilo de vida\",\"inLanguage\":\"es-ES\",\"publisher\":{\"@id\":\"https:\\\/\\\/eldigitaldeasturias.com\\\/magazine365\\\/#organization\"}}]}\n\t\t<\/script>\n\t\t<!-- All in One SEO Pro -->\r\n\t\t<title>Bendodo insta a trabajar en el turismo emergente tras la experiencia \u00abpositiva\u00bb en Fitur | El Digital de Asturias<\/title>\n\n","aioseo_head_json":{"title":"Bendodo insta a trabajar en el turismo emergente tras la experiencia \u00abpositiva\u00bb en Fitur | El Digital de Asturias","description":"El presidente de Turismo Costa del Sol, El\u00edas Bendodo, ha instado a trabajar en los sectores emergentes del turismo en la provincia, en referencia al relacionado con la naturaleza y riesgo, el cultural y el gastron\u00f3mico. Adem\u00e1s, ha calificado como \"positiva\" la experiencia de la Costa del Sol en la Feria Internacional de Turismo (Fitur)","canonical_url":"https:\/\/eldigitaldeasturias.com\/magazine365\/bendodo-insta-a-trabajar-en-el-turismo-emergente-tras-la-experiencia-positiva-en-fitur\/","robots":"max-image-preview:large","keywords":"noticias y actualidad","webmasterTools":{"google-site-verification":"UA-38556648-1","miscellaneous":""},"schema":{"@context":"https:\/\/schema.org","@graph":[{"@type":"Article","@id":"https:\/\/eldigitaldeasturias.com\/magazine365\/bendodo-insta-a-trabajar-en-el-turismo-emergente-tras-la-experiencia-positiva-en-fitur\/#article","name":"Bendodo insta a trabajar en el turismo emergente tras la experiencia \u00abpositiva\u00bb en Fitur | El Digital de Asturias","headline":"Bendodo insta a trabajar en el turismo emergente tras la experiencia \u00abpositiva\u00bb en Fitur","author":{"@id":"https:\/\/eldigitaldeasturias.com\/magazine365\/author\/admin\/#author"},"publisher":{"@id":"https:\/\/eldigitaldeasturias.com\/magazine365\/#organization"},"image":{"@type":"ImageObject","url":"https:\/\/eldigitaldeasturias.com\/magazine365\/wp-content\/uploads\/2016\/01\/fotonoticia_20160125143249_800.jpg","width":800,"height":1067},"datePublished":"2016-01-25T23:41:07+01:00","dateModified":"2016-01-25T23:41:07+01:00","inLanguage":"es-ES","mainEntityOfPage":{"@id":"https:\/\/eldigitaldeasturias.com\/magazine365\/bendodo-insta-a-trabajar-en-el-turismo-emergente-tras-la-experiencia-positiva-en-fitur\/#webpage"},"isPartOf":{"@id":"https:\/\/eldigitaldeasturias.com\/magazine365\/bendodo-insta-a-trabajar-en-el-turismo-emergente-tras-la-experiencia-positiva-en-fitur\/#webpage"},"articleSection":"Noticias y Actualidad"},{"@type":"BreadcrumbList","@id":"https:\/\/eldigitaldeasturias.com\/magazine365\/bendodo-insta-a-trabajar-en-el-turismo-emergente-tras-la-experiencia-positiva-en-fitur\/#breadcrumblist","itemListElement":[{"@type":"ListItem","@id":"https:\/\/eldigitaldeasturias.com\/magazine365#listItem","position":1,"name":"Home","item":"https:\/\/eldigitaldeasturias.com\/magazine365","nextItem":{"@type":"ListItem","@id":"https:\/\/eldigitaldeasturias.com\/magazine365\/category\/noticias-actualidad\/#listItem","name":"Noticias y Actualidad"}},{"@type":"ListItem","@id":"https:\/\/eldigitaldeasturias.com\/magazine365\/category\/noticias-actualidad\/#listItem","position":2,"name":"Noticias y Actualidad","item":"https:\/\/eldigitaldeasturias.com\/magazine365\/category\/noticias-actualidad\/","nextItem":{"@type":"ListItem","@id":"https:\/\/eldigitaldeasturias.com\/magazine365\/bendodo-insta-a-trabajar-en-el-turismo-emergente-tras-la-experiencia-positiva-en-fitur\/#listItem","name":"Bendodo insta a trabajar en el turismo emergente tras la experiencia \u00abpositiva\u00bb en Fitur"},"previousItem":{"@type":"ListItem","@id":"https:\/\/eldigitaldeasturias.com\/magazine365#listItem","name":"Home"}},{"@type":"ListItem","@id":"https:\/\/eldigitaldeasturias.com\/magazine365\/bendodo-insta-a-trabajar-en-el-turismo-emergente-tras-la-experiencia-positiva-en-fitur\/#listItem","position":3,"name":"Bendodo insta a trabajar en el turismo emergente tras la experiencia \u00abpositiva\u00bb en Fitur","previousItem":{"@type":"ListItem","@id":"https:\/\/eldigitaldeasturias.com\/magazine365\/category\/noticias-actualidad\/#listItem","name":"Noticias y Actualidad"}}]},{"@type":"Organization","@id":"https:\/\/eldigitaldeasturias.com\/magazine365\/#organization","name":"El digital de Asturias","description":"Revista de ocio, turismo y estilo de vida","url":"https:\/\/eldigitaldeasturias.com\/magazine365\/","logo":{"@type":"ImageObject","url":"https:\/\/www.eldigitaldeasturias.com\/noticias\/wp-content\/uploads\/2020\/12\/EDA.jpg","@id":"https:\/\/eldigitaldeasturias.com\/magazine365\/bendodo-insta-a-trabajar-en-el-turismo-emergente-tras-la-experiencia-positiva-en-fitur\/#organizationLogo"},"image":{"@id":"https:\/\/eldigitaldeasturias.com\/magazine365\/bendodo-insta-a-trabajar-en-el-turismo-emergente-tras-la-experiencia-positiva-en-fitur\/#organizationLogo"}},{"@type":"Person","@id":"https:\/\/eldigitaldeasturias.com\/magazine365\/author\/admin\/#author","url":"https:\/\/eldigitaldeasturias.com\/magazine365\/author\/admin\/","name":"admin","image":{"@type":"ImageObject","@id":"https:\/\/eldigitaldeasturias.com\/magazine365\/bendodo-insta-a-trabajar-en-el-turismo-emergente-tras-la-experiencia-positiva-en-fitur\/#authorImage","url":"https:\/\/eldigitaldeasturias.com\/magazine365\/wp-content\/litespeed\/avatar\/e571bcf59a0edd6fa6838245a470f2fe.jpg?ver=1776969259","width":96,"height":96,"caption":"admin"}},{"@type":"WebPage","@id":"https:\/\/eldigitaldeasturias.com\/magazine365\/bendodo-insta-a-trabajar-en-el-turismo-emergente-tras-la-experiencia-positiva-en-fitur\/#webpage","url":"https:\/\/eldigitaldeasturias.com\/magazine365\/bendodo-insta-a-trabajar-en-el-turismo-emergente-tras-la-experiencia-positiva-en-fitur\/","name":"Bendodo insta a trabajar en el turismo emergente tras la experiencia \u00abpositiva\u00bb en Fitur | El Digital de Asturias","description":"El presidente de Turismo Costa del Sol, El\u00edas Bendodo, ha instado a trabajar en los sectores emergentes del turismo en la provincia, en referencia al relacionado con la naturaleza y riesgo, el cultural y el gastron\u00f3mico. Adem\u00e1s, ha calificado como \"positiva\" la experiencia de la Costa del Sol en la Feria Internacional de Turismo (Fitur)","inLanguage":"es-ES","isPartOf":{"@id":"https:\/\/eldigitaldeasturias.com\/magazine365\/#website"},"breadcrumb":{"@id":"https:\/\/eldigitaldeasturias.com\/magazine365\/bendodo-insta-a-trabajar-en-el-turismo-emergente-tras-la-experiencia-positiva-en-fitur\/#breadcrumblist"},"author":{"@id":"https:\/\/eldigitaldeasturias.com\/magazine365\/author\/admin\/#author"},"creator":{"@id":"https:\/\/eldigitaldeasturias.com\/magazine365\/author\/admin\/#author"},"image":{"@type":"ImageObject","url":"https:\/\/eldigitaldeasturias.com\/magazine365\/wp-content\/uploads\/2016\/01\/fotonoticia_20160125143249_800.jpg","@id":"https:\/\/eldigitaldeasturias.com\/magazine365\/bendodo-insta-a-trabajar-en-el-turismo-emergente-tras-la-experiencia-positiva-en-fitur\/#mainImage","width":800,"height":1067},"primaryImageOfPage":{"@id":"https:\/\/eldigitaldeasturias.com\/magazine365\/bendodo-insta-a-trabajar-en-el-turismo-emergente-tras-la-experiencia-positiva-en-fitur\/#mainImage"},"datePublished":"2016-01-25T23:41:07+01:00","dateModified":"2016-01-25T23:41:07+01:00"},{"@type":"WebSite","@id":"https:\/\/eldigitaldeasturias.com\/magazine365\/#website","url":"https:\/\/eldigitaldeasturias.com\/magazine365\/","name":"El Digital de Asturias","description":"Revista de ocio, turismo y estilo de vida","inLanguage":"es-ES","publisher":{"@id":"https:\/\/eldigitaldeasturias.com\/magazine365\/#organization"}}]},"og:locale":"es_ES","og:site_name":"El Digital de Asturias \u2013 Revista de ocio, turismo y estilo de vida","og:type":"article","og:title":"Bendodo insta a trabajar en el turismo emergente tras la experiencia \u00abpositiva\u00bb en Fitur | El Digital de Asturias","og:description":"El presidente de Turismo Costa del Sol, El\u00edas Bendodo, ha instado a trabajar en los sectores emergentes del turismo en la provincia, en referencia al relacionado con la naturaleza y riesgo, el cultural y el gastron\u00f3mico. Adem\u00e1s, ha calificado como &quot;positiva&quot; la experiencia de la Costa del Sol en la Feria Internacional de Turismo (Fitur)","og:url":"https:\/\/eldigitaldeasturias.com\/magazine365\/bendodo-insta-a-trabajar-en-el-turismo-emergente-tras-la-experiencia-positiva-en-fitur\/","og:image":"https:\/\/eldigitaldeasturias.com\/magazine365\/wp-content\/uploads\/2016\/01\/fotonoticia_20160125143249_800.jpg","og:image:secure_url":"https:\/\/eldigitaldeasturias.com\/magazine365\/wp-content\/uploads\/2016\/01\/fotonoticia_20160125143249_800.jpg","og:image:width":800,"og:image:height":1067,"article:published_time":"2016-01-25T22:41:07+00:00","article:modified_time":"2016-01-25T22:41:07+00:00","twitter:card":"summary_large_image","twitter:title":"Bendodo insta a trabajar en el turismo emergente tras la experiencia \u00abpositiva\u00bb en Fitur | El Digital de Asturias","twitter:description":"El presidente de Turismo Costa del Sol, El\u00edas Bendodo, ha instado a trabajar en los sectores emergentes del turismo en la provincia, en referencia al relacionado con la naturaleza y riesgo, el cultural y el gastron\u00f3mico. Adem\u00e1s, ha calificado como &quot;positiva&quot; la experiencia de la Costa del Sol en la Feria Internacional de Turismo (Fitur)","twitter:image":"https:\/\/eldigitaldeasturias.com\/magazine365\/wp-content\/uploads\/2016\/01\/fotonoticia_20160125143249_800.jpg"},"aioseo_meta_data":{"post_id":"62026","title":null,"description":null,"keywords":null,"keyphrases":null,"primary_term":null,"canonical_url":null,"og_title":null,"og_description":null,"og_object_type":"default","og_image_type":"default","og_image_url":null,"og_image_width":null,"og_image_height":null,"og_image_custom_url":null,"og_image_custom_fields":null,"og_video":null,"og_custom_url":null,"og_article_section":null,"og_article_tags":null,"twitter_use_og":false,"twitter_card":"default","twitter_image_type":"default","twitter_image_url":null,"twitter_image_custom_url":null,"twitter_image_custom_fields":null,"twitter_title":null,"twitter_description":null,"schema":{"blockGraphs":[],"customGraphs":[],"default":{"data":{"Article":[],"Course":[],"Dataset":[],"FAQPage":[],"Movie":[],"Person":[],"Product":[],"ProductReview":[],"Car":[],"Recipe":[],"Service":[],"SoftwareApplication":[],"WebPage":[]},"graphName":"","isEnabled":true},"graphs":[],"defaultGraph":"","defaultPostTypeGraph":""},"schema_type":null,"schema_type_options":null,"pillar_content":false,"robots_default":true,"robots_noindex":false,"robots_noarchive":false,"robots_nosnippet":false,"robots_nofollow":false,"robots_noimageindex":false,"robots_noodp":false,"robots_notranslate":false,"robots_max_snippet":null,"robots_max_videopreview":null,"robots_max_imagepreview":"large","priority":null,"frequency":null,"location":null,"local_seo":null,"seo_analyzer_scan_date":"2025-09-25 10:16:26","breadcrumb_settings":null,"limit_modified_date":false,"open_ai":null,"ai":null,"created":"2021-03-08 21:41:41","updated":"2025-09-25 10:16:26"},"aioseo_breadcrumb":"<div class=\"aioseo-breadcrumbs\"><span class=\"aioseo-breadcrumb\">\n\t<a href=\"https:\/\/eldigitaldeasturias.com\/magazine365\" title=\"Home\">Home<\/a>\n<\/span><span class=\"aioseo-breadcrumb-separator\">\u2013<\/span><span class=\"aioseo-breadcrumb\">\n\t<a href=\"https:\/\/eldigitaldeasturias.com\/magazine365\/category\/noticias-actualidad\/\" title=\"Noticias y Actualidad\">Noticias y Actualidad<\/a>\n<\/span><span class=\"aioseo-breadcrumb-separator\">\u2013<\/span><span class=\"aioseo-breadcrumb\">\n\t<a href=\"https:\/\/eldigitaldeasturias.com\/magazine365\/bendodo-insta-a-trabajar-en-el-turismo-emergente-tras-la-experiencia-positiva-en-fitur\/\" title=\"Bendodo insta a trabajar en el turismo emergente tras la experiencia \u00abpositiva\u00bb en Fitur\">Bendodo insta a trabajar en el turismo emergente tras la experiencia \u00abpositiva\u00bb en Fitur<\/a>\n<\/span><\/div>","aioseo_breadcrumb_json":[{"label":"Home","link":"https:\/\/eldigitaldeasturias.com\/magazine365"},{"label":"Noticias y Actualidad","link":"https:\/\/eldigitaldeasturias.com\/magazine365\/category\/noticias-actualidad\/"},{"label":"Bendodo insta a trabajar en el turismo emergente tras la experiencia \u00abpositiva\u00bb en Fitur","link":"https:\/\/eldigitaldeasturias.com\/magazine365\/bendodo-insta-a-trabajar-en-el-turismo-emergente-tras-la-experiencia-positiva-en-fitur\/"}],"_links":{"self":[{"href":"https:\/\/eldigitaldeasturias.com\/magazine365\/wp-json\/wp\/v2\/posts\/62026","targetHints":{"allow":["GET"]}}],"collection":[{"href":"https:\/\/eldigitaldeasturias.com\/magazine365\/wp-json\/wp\/v2\/posts"}],"about":[{"href":"https:\/\/eldigitaldeasturias.com\/magazine365\/wp-json\/wp\/v2\/types\/post"}],"author":[{"embeddable":true,"href":"https:\/\/eldigitaldeasturias.com\/magazine365\/wp-json\/wp\/v2\/users\/1"}],"replies":[{"embeddable":true,"href":"https:\/\/eldigitaldeasturias.com\/magazine365\/wp-json\/wp\/v2\/comments?post=62026"}],"version-history":[{"count":0,"href":"https:\/\/eldigitaldeasturias.com\/magazine365\/wp-json\/wp\/v2\/posts\/62026\/revisions"}],"wp:featuredmedia":[{"embeddable":true,"href":"https:\/\/eldigitaldeasturias.com\/magazine365\/wp-json\/wp\/v2\/media\/62027"}],"wp:attachment":[{"href":"https:\/\/eldigitaldeasturias.com\/magazine365\/wp-json\/wp\/v2\/media?parent=62026"}],"wp:term":[{"taxonomy":"category","embeddable":true,"href":"https:\/\/eldigitaldeasturias.com\/magazine365\/wp-json\/wp\/v2\/categories?post=62026"},{"taxonomy":"post_tag","embeddable":true,"href":"https:\/\/eldigitaldeasturias.com\/magazine365\/wp-json\/wp\/v2\/tags?post=62026"}],"curies":[{"name":"wp","href":"https:\/\/api.w.org\/{rel}","templated":true}]}}