{"id":62021,"date":"2016-01-25T23:39:21","date_gmt":"2016-01-25T22:39:21","guid":{"rendered":"http:\/\/eldigitaldeasturias.com\/magazine365\/?p=62021"},"modified":"2016-01-25T23:39:21","modified_gmt":"2016-01-25T22:39:21","slug":"el-transporte-publico-del-amb-sumo-16-millones-de-viajeros-mas-en-2015","status":"publish","type":"post","link":"https:\/\/eldigitaldeasturias.com\/magazine365\/el-transporte-publico-del-amb-sumo-16-millones-de-viajeros-mas-en-2015\/","title":{"rendered":"El transporte p\u00fablico del AMB sum\u00f3 16 millones de viajeros m\u00e1s en 2015"},"content":{"rendered":"<p>  El sistema de transporte p\u00fablico de metro y autobuses del \u00c1rea Metropolitana de Barcelona (AMB) registr\u00f3 665,84 millones de viajeros durante el a\u00f1o 2015, lo que supone un crecimiento del 2,5% respecto al a\u00f1o anterior, confirmando el cambio de tendencia iniciado en 2014.<\/p>\n<p>   De esta forma, el transporte p\u00fablico del AMB ha sumado 16,26 millones de nuevos viajeros, pasando de los 639.574.784 pasajeros del a\u00f1o 2014 a los 655.841.736 pasajeros de 2015.<\/p>\n<p>   Por diferentes modos de transporte, la red de metro alcanz\u00f3 el segundo mejor dato anual de su historia, con 385 millones de viajeros, un 2,5% m\u00e1s; los autobuses de Transportes Metropolitanos de Barcelona (TMB) contaron con 187,78 millones de pasajeros, un 1,9% m\u00e1s; y los autobuses de gesti\u00f3n indirecta del AMB registraron 83,05 millones, un 4,4% m\u00e1s.<\/p>\n<p>   El vicepresidente de Transporte y Movilidad del AMB, Antoni Poveda, y la presidenta de TMB, Mercedes Vidal, han dado a conocer estos datos en una rueda de prensa celebrada este viernes en la sede de la administraci\u00f3n metropolitana.<\/p>\n<p>   Poveda ha explicado que \u00aben 2015 se consolid\u00f3 la recuperaci\u00f3n de las cifras de viajeros, seguramente por la mayor movilidad obligada derivada de la mejor\u00eda de las cifras de empleo\u00bb.<\/p>\n<p>   Sin embargo, el responsable de Transporte ha alertado de que \u00abla movilidad en veh\u00edculo privado crece m\u00e1s proporcionalmente, de forma que en el per\u00edmetro delimitado por las rondas y por los r\u00edos Llobregat y Bes\u00f2s, con carreteras como la C-31, la C-32, la B-23 y la C-58, la circulaci\u00f3n de veh\u00edculos privados ha aumentado un 4,7%\u00bb.<\/p>\n<p>   Por su parte, la presidenta de TMB ha manifestado que el incremento de los pasajeros en el metro y los autobuses urbanos \u00abresponde a elementos coyunturales, como un cierto incremento de la actividad econ\u00f3mica, pero tambi\u00e9n a elementos estructurales, como la ampliaci\u00f3n de la oferta derivada de la nueva red ortogonal de bus\u00bb.<\/p>\n","protected":false},"excerpt":{"rendered":"<p>El sistema de transporte p\u00fablico de metro y autobuses del \u00c1rea Metropolitana de Barcelona (AMB) registr\u00f3 665,84 millones de viajeros durante el a\u00f1o 2015, lo que supone un crecimiento del 2,5% respecto al a\u00f1o anterior, confirmando el cambio de tendencia iniciado en 2014. De esta forma, el transporte p\u00fablico del AMB ha sumado 16,26 millones<\/p>\n","protected":false},"author":1,"featured_media":49390,"comment_status":"open","ping_status":"closed","sticky":false,"template":"","format":"standard","meta":{"footnotes":""},"categories":[224],"tags":[],"class_list":{"0":"post-62021","1":"post","2":"type-post","3":"status-publish","4":"format-standard","5":"has-post-thumbnail","7":"category-noticias-actualidad"},"aioseo_notices":[],"aioseo_head":"\n\t\t<!-- All in One SEO Pro 4.9.6.1 - aioseo.com -->\n\t<meta name=\"description\" content=\"El sistema de transporte p\u00fablico de metro y autobuses del \u00c1rea Metropolitana de Barcelona (AMB) registr\u00f3 665,84 millones de viajeros durante el a\u00f1o 2015, lo que supone un crecimiento del 2,5% respecto al a\u00f1o anterior, confirmando el cambio de tendencia iniciado en 2014. De esta forma, el transporte p\u00fablico del AMB ha sumado 16,26 millones\" \/>\n\t<meta name=\"robots\" content=\"max-image-preview:large\" \/>\n\t<meta name=\"author\" content=\"admin\"\/>\n\t<meta name=\"google-site-verification\" content=\"UA-38556648-1\" \/>\n\t<meta name=\"keywords\" content=\"noticias y actualidad\" \/>\n\t<link rel=\"canonical\" href=\"https:\/\/eldigitaldeasturias.com\/magazine365\/el-transporte-publico-del-amb-sumo-16-millones-de-viajeros-mas-en-2015\/\" \/>\n\t<meta name=\"generator\" content=\"All in One SEO Pro (AIOSEO) 4.9.6.1\" \/>\n\t\t<meta property=\"og:locale\" content=\"es_ES\" \/>\n\t\t<meta property=\"og:site_name\" content=\"El Digital de Asturias \u2013 Revista de ocio, turismo y estilo de vida\" \/>\n\t\t<meta property=\"og:type\" content=\"article\" \/>\n\t\t<meta property=\"og:title\" content=\"El transporte p\u00fablico del AMB sum\u00f3 16 millones de viajeros m\u00e1s en 2015 | El Digital de Asturias\" \/>\n\t\t<meta property=\"og:description\" content=\"El sistema de transporte p\u00fablico de metro y autobuses del \u00c1rea Metropolitana de Barcelona (AMB) registr\u00f3 665,84 millones de viajeros durante el a\u00f1o 2015, lo que supone un crecimiento del 2,5% respecto al a\u00f1o anterior, confirmando el cambio de tendencia iniciado en 2014. De esta forma, el transporte p\u00fablico del AMB ha sumado 16,26 millones\" \/>\n\t\t<meta property=\"og:url\" content=\"https:\/\/eldigitaldeasturias.com\/magazine365\/el-transporte-publico-del-amb-sumo-16-millones-de-viajeros-mas-en-2015\/\" \/>\n\t\t<meta property=\"og:image\" content=\"https:\/\/eldigitaldeasturias.com\/magazine365\/wp-content\/uploads\/2015\/09\/bus-palma.jpg\" \/>\n\t\t<meta property=\"og:image:secure_url\" content=\"https:\/\/eldigitaldeasturias.com\/magazine365\/wp-content\/uploads\/2015\/09\/bus-palma.jpg\" \/>\n\t\t<meta property=\"og:image:width\" content=\"800\" \/>\n\t\t<meta property=\"og:image:height\" content=\"1422\" \/>\n\t\t<meta property=\"article:published_time\" content=\"2016-01-25T22:39:21+00:00\" \/>\n\t\t<meta property=\"article:modified_time\" content=\"2016-01-25T22:39:21+00:00\" \/>\n\t\t<meta name=\"twitter:card\" content=\"summary_large_image\" \/>\n\t\t<meta name=\"twitter:title\" content=\"El transporte p\u00fablico del AMB sum\u00f3 16 millones de viajeros m\u00e1s en 2015 | El Digital de Asturias\" \/>\n\t\t<meta name=\"twitter:description\" content=\"El sistema de transporte p\u00fablico de metro y autobuses del \u00c1rea Metropolitana de Barcelona (AMB) registr\u00f3 665,84 millones de viajeros durante el a\u00f1o 2015, lo que supone un crecimiento del 2,5% respecto al a\u00f1o anterior, confirmando el cambio de tendencia iniciado en 2014. De esta forma, el transporte p\u00fablico del AMB ha sumado 16,26 millones\" \/>\n\t\t<meta name=\"twitter:image\" content=\"https:\/\/eldigitaldeasturias.com\/magazine365\/wp-content\/uploads\/2015\/09\/bus-palma.jpg\" \/>\n\t\t<script type=\"application\/ld+json\" class=\"aioseo-schema\">\n\t\t\t{\"@context\":\"https:\\\/\\\/schema.org\",\"@graph\":[{\"@type\":\"Article\",\"@id\":\"https:\\\/\\\/eldigitaldeasturias.com\\\/magazine365\\\/el-transporte-publico-del-amb-sumo-16-millones-de-viajeros-mas-en-2015\\\/#article\",\"name\":\"El transporte p\\u00fablico del AMB sum\\u00f3 16 millones de viajeros m\\u00e1s en 2015 | El Digital de Asturias\",\"headline\":\"El transporte p\\u00fablico del AMB sum\\u00f3 16 millones de viajeros m\\u00e1s en 2015\",\"author\":{\"@id\":\"https:\\\/\\\/eldigitaldeasturias.com\\\/magazine365\\\/author\\\/admin\\\/#author\"},\"publisher\":{\"@id\":\"https:\\\/\\\/eldigitaldeasturias.com\\\/magazine365\\\/#organization\"},\"image\":{\"@type\":\"ImageObject\",\"url\":\"https:\\\/\\\/eldigitaldeasturias.com\\\/magazine365\\\/wp-content\\\/uploads\\\/2015\\\/09\\\/bus-palma.jpg\",\"width\":800,\"height\":1422},\"datePublished\":\"2016-01-25T23:39:21+01:00\",\"dateModified\":\"2016-01-25T23:39:21+01:00\",\"inLanguage\":\"es-ES\",\"mainEntityOfPage\":{\"@id\":\"https:\\\/\\\/eldigitaldeasturias.com\\\/magazine365\\\/el-transporte-publico-del-amb-sumo-16-millones-de-viajeros-mas-en-2015\\\/#webpage\"},\"isPartOf\":{\"@id\":\"https:\\\/\\\/eldigitaldeasturias.com\\\/magazine365\\\/el-transporte-publico-del-amb-sumo-16-millones-de-viajeros-mas-en-2015\\\/#webpage\"},\"articleSection\":\"Noticias y Actualidad\"},{\"@type\":\"BreadcrumbList\",\"@id\":\"https:\\\/\\\/eldigitaldeasturias.com\\\/magazine365\\\/el-transporte-publico-del-amb-sumo-16-millones-de-viajeros-mas-en-2015\\\/#breadcrumblist\",\"itemListElement\":[{\"@type\":\"ListItem\",\"@id\":\"https:\\\/\\\/eldigitaldeasturias.com\\\/magazine365#listItem\",\"position\":1,\"name\":\"Home\",\"item\":\"https:\\\/\\\/eldigitaldeasturias.com\\\/magazine365\",\"nextItem\":{\"@type\":\"ListItem\",\"@id\":\"https:\\\/\\\/eldigitaldeasturias.com\\\/magazine365\\\/category\\\/noticias-actualidad\\\/#listItem\",\"name\":\"Noticias y Actualidad\"}},{\"@type\":\"ListItem\",\"@id\":\"https:\\\/\\\/eldigitaldeasturias.com\\\/magazine365\\\/category\\\/noticias-actualidad\\\/#listItem\",\"position\":2,\"name\":\"Noticias y Actualidad\",\"item\":\"https:\\\/\\\/eldigitaldeasturias.com\\\/magazine365\\\/category\\\/noticias-actualidad\\\/\",\"nextItem\":{\"@type\":\"ListItem\",\"@id\":\"https:\\\/\\\/eldigitaldeasturias.com\\\/magazine365\\\/el-transporte-publico-del-amb-sumo-16-millones-de-viajeros-mas-en-2015\\\/#listItem\",\"name\":\"El transporte p\\u00fablico del AMB sum\\u00f3 16 millones de viajeros m\\u00e1s en 2015\"},\"previousItem\":{\"@type\":\"ListItem\",\"@id\":\"https:\\\/\\\/eldigitaldeasturias.com\\\/magazine365#listItem\",\"name\":\"Home\"}},{\"@type\":\"ListItem\",\"@id\":\"https:\\\/\\\/eldigitaldeasturias.com\\\/magazine365\\\/el-transporte-publico-del-amb-sumo-16-millones-de-viajeros-mas-en-2015\\\/#listItem\",\"position\":3,\"name\":\"El transporte p\\u00fablico del AMB sum\\u00f3 16 millones de viajeros m\\u00e1s en 2015\",\"previousItem\":{\"@type\":\"ListItem\",\"@id\":\"https:\\\/\\\/eldigitaldeasturias.com\\\/magazine365\\\/category\\\/noticias-actualidad\\\/#listItem\",\"name\":\"Noticias y Actualidad\"}}]},{\"@type\":\"Organization\",\"@id\":\"https:\\\/\\\/eldigitaldeasturias.com\\\/magazine365\\\/#organization\",\"name\":\"El digital de Asturias\",\"description\":\"Revista de ocio, turismo y estilo de vida\",\"url\":\"https:\\\/\\\/eldigitaldeasturias.com\\\/magazine365\\\/\",\"logo\":{\"@type\":\"ImageObject\",\"url\":\"https:\\\/\\\/www.eldigitaldeasturias.com\\\/noticias\\\/wp-content\\\/uploads\\\/2020\\\/12\\\/EDA.jpg\",\"@id\":\"https:\\\/\\\/eldigitaldeasturias.com\\\/magazine365\\\/el-transporte-publico-del-amb-sumo-16-millones-de-viajeros-mas-en-2015\\\/#organizationLogo\"},\"image\":{\"@id\":\"https:\\\/\\\/eldigitaldeasturias.com\\\/magazine365\\\/el-transporte-publico-del-amb-sumo-16-millones-de-viajeros-mas-en-2015\\\/#organizationLogo\"}},{\"@type\":\"Person\",\"@id\":\"https:\\\/\\\/eldigitaldeasturias.com\\\/magazine365\\\/author\\\/admin\\\/#author\",\"url\":\"https:\\\/\\\/eldigitaldeasturias.com\\\/magazine365\\\/author\\\/admin\\\/\",\"name\":\"admin\",\"image\":{\"@type\":\"ImageObject\",\"@id\":\"https:\\\/\\\/eldigitaldeasturias.com\\\/magazine365\\\/el-transporte-publico-del-amb-sumo-16-millones-de-viajeros-mas-en-2015\\\/#authorImage\",\"url\":\"https:\\\/\\\/eldigitaldeasturias.com\\\/magazine365\\\/wp-content\\\/litespeed\\\/avatar\\\/e571bcf59a0edd6fa6838245a470f2fe.jpg?ver=1776969259\",\"width\":96,\"height\":96,\"caption\":\"admin\"}},{\"@type\":\"WebPage\",\"@id\":\"https:\\\/\\\/eldigitaldeasturias.com\\\/magazine365\\\/el-transporte-publico-del-amb-sumo-16-millones-de-viajeros-mas-en-2015\\\/#webpage\",\"url\":\"https:\\\/\\\/eldigitaldeasturias.com\\\/magazine365\\\/el-transporte-publico-del-amb-sumo-16-millones-de-viajeros-mas-en-2015\\\/\",\"name\":\"El transporte p\\u00fablico del AMB sum\\u00f3 16 millones de viajeros m\\u00e1s en 2015 | El Digital de Asturias\",\"description\":\"El sistema de transporte p\\u00fablico de metro y autobuses del \\u00c1rea Metropolitana de Barcelona (AMB) registr\\u00f3 665,84 millones de viajeros durante el a\\u00f1o 2015, lo que supone un crecimiento del 2,5% respecto al a\\u00f1o anterior, confirmando el cambio de tendencia iniciado en 2014. De esta forma, el transporte p\\u00fablico del AMB ha sumado 16,26 millones\",\"inLanguage\":\"es-ES\",\"isPartOf\":{\"@id\":\"https:\\\/\\\/eldigitaldeasturias.com\\\/magazine365\\\/#website\"},\"breadcrumb\":{\"@id\":\"https:\\\/\\\/eldigitaldeasturias.com\\\/magazine365\\\/el-transporte-publico-del-amb-sumo-16-millones-de-viajeros-mas-en-2015\\\/#breadcrumblist\"},\"author\":{\"@id\":\"https:\\\/\\\/eldigitaldeasturias.com\\\/magazine365\\\/author\\\/admin\\\/#author\"},\"creator\":{\"@id\":\"https:\\\/\\\/eldigitaldeasturias.com\\\/magazine365\\\/author\\\/admin\\\/#author\"},\"image\":{\"@type\":\"ImageObject\",\"url\":\"https:\\\/\\\/eldigitaldeasturias.com\\\/magazine365\\\/wp-content\\\/uploads\\\/2015\\\/09\\\/bus-palma.jpg\",\"@id\":\"https:\\\/\\\/eldigitaldeasturias.com\\\/magazine365\\\/el-transporte-publico-del-amb-sumo-16-millones-de-viajeros-mas-en-2015\\\/#mainImage\",\"width\":800,\"height\":1422},\"primaryImageOfPage\":{\"@id\":\"https:\\\/\\\/eldigitaldeasturias.com\\\/magazine365\\\/el-transporte-publico-del-amb-sumo-16-millones-de-viajeros-mas-en-2015\\\/#mainImage\"},\"datePublished\":\"2016-01-25T23:39:21+01:00\",\"dateModified\":\"2016-01-25T23:39:21+01:00\"},{\"@type\":\"WebSite\",\"@id\":\"https:\\\/\\\/eldigitaldeasturias.com\\\/magazine365\\\/#website\",\"url\":\"https:\\\/\\\/eldigitaldeasturias.com\\\/magazine365\\\/\",\"name\":\"El Digital de Asturias\",\"description\":\"Revista de ocio, turismo y estilo de vida\",\"inLanguage\":\"es-ES\",\"publisher\":{\"@id\":\"https:\\\/\\\/eldigitaldeasturias.com\\\/magazine365\\\/#organization\"}}]}\n\t\t<\/script>\n\t\t<!-- All in One SEO Pro -->\r\n\t\t<title>El transporte p\u00fablico del AMB sum\u00f3 16 millones de viajeros m\u00e1s en 2015 | El Digital de Asturias<\/title>\n\n","aioseo_head_json":{"title":"El transporte p\u00fablico del AMB sum\u00f3 16 millones de viajeros m\u00e1s en 2015 | El Digital de Asturias","description":"El sistema de transporte p\u00fablico de metro y autobuses del \u00c1rea Metropolitana de Barcelona (AMB) registr\u00f3 665,84 millones de viajeros durante el a\u00f1o 2015, lo que supone un crecimiento del 2,5% respecto al a\u00f1o anterior, confirmando el cambio de tendencia iniciado en 2014. De esta forma, el transporte p\u00fablico del AMB ha sumado 16,26 millones","canonical_url":"https:\/\/eldigitaldeasturias.com\/magazine365\/el-transporte-publico-del-amb-sumo-16-millones-de-viajeros-mas-en-2015\/","robots":"max-image-preview:large","keywords":"noticias y actualidad","webmasterTools":{"google-site-verification":"UA-38556648-1","miscellaneous":""},"schema":{"@context":"https:\/\/schema.org","@graph":[{"@type":"Article","@id":"https:\/\/eldigitaldeasturias.com\/magazine365\/el-transporte-publico-del-amb-sumo-16-millones-de-viajeros-mas-en-2015\/#article","name":"El transporte p\u00fablico del AMB sum\u00f3 16 millones de viajeros m\u00e1s en 2015 | El Digital de Asturias","headline":"El transporte p\u00fablico del AMB sum\u00f3 16 millones de viajeros m\u00e1s en 2015","author":{"@id":"https:\/\/eldigitaldeasturias.com\/magazine365\/author\/admin\/#author"},"publisher":{"@id":"https:\/\/eldigitaldeasturias.com\/magazine365\/#organization"},"image":{"@type":"ImageObject","url":"https:\/\/eldigitaldeasturias.com\/magazine365\/wp-content\/uploads\/2015\/09\/bus-palma.jpg","width":800,"height":1422},"datePublished":"2016-01-25T23:39:21+01:00","dateModified":"2016-01-25T23:39:21+01:00","inLanguage":"es-ES","mainEntityOfPage":{"@id":"https:\/\/eldigitaldeasturias.com\/magazine365\/el-transporte-publico-del-amb-sumo-16-millones-de-viajeros-mas-en-2015\/#webpage"},"isPartOf":{"@id":"https:\/\/eldigitaldeasturias.com\/magazine365\/el-transporte-publico-del-amb-sumo-16-millones-de-viajeros-mas-en-2015\/#webpage"},"articleSection":"Noticias y Actualidad"},{"@type":"BreadcrumbList","@id":"https:\/\/eldigitaldeasturias.com\/magazine365\/el-transporte-publico-del-amb-sumo-16-millones-de-viajeros-mas-en-2015\/#breadcrumblist","itemListElement":[{"@type":"ListItem","@id":"https:\/\/eldigitaldeasturias.com\/magazine365#listItem","position":1,"name":"Home","item":"https:\/\/eldigitaldeasturias.com\/magazine365","nextItem":{"@type":"ListItem","@id":"https:\/\/eldigitaldeasturias.com\/magazine365\/category\/noticias-actualidad\/#listItem","name":"Noticias y Actualidad"}},{"@type":"ListItem","@id":"https:\/\/eldigitaldeasturias.com\/magazine365\/category\/noticias-actualidad\/#listItem","position":2,"name":"Noticias y Actualidad","item":"https:\/\/eldigitaldeasturias.com\/magazine365\/category\/noticias-actualidad\/","nextItem":{"@type":"ListItem","@id":"https:\/\/eldigitaldeasturias.com\/magazine365\/el-transporte-publico-del-amb-sumo-16-millones-de-viajeros-mas-en-2015\/#listItem","name":"El transporte p\u00fablico del AMB sum\u00f3 16 millones de viajeros m\u00e1s en 2015"},"previousItem":{"@type":"ListItem","@id":"https:\/\/eldigitaldeasturias.com\/magazine365#listItem","name":"Home"}},{"@type":"ListItem","@id":"https:\/\/eldigitaldeasturias.com\/magazine365\/el-transporte-publico-del-amb-sumo-16-millones-de-viajeros-mas-en-2015\/#listItem","position":3,"name":"El transporte p\u00fablico del AMB sum\u00f3 16 millones de viajeros m\u00e1s en 2015","previousItem":{"@type":"ListItem","@id":"https:\/\/eldigitaldeasturias.com\/magazine365\/category\/noticias-actualidad\/#listItem","name":"Noticias y Actualidad"}}]},{"@type":"Organization","@id":"https:\/\/eldigitaldeasturias.com\/magazine365\/#organization","name":"El digital de Asturias","description":"Revista de ocio, turismo y estilo de vida","url":"https:\/\/eldigitaldeasturias.com\/magazine365\/","logo":{"@type":"ImageObject","url":"https:\/\/www.eldigitaldeasturias.com\/noticias\/wp-content\/uploads\/2020\/12\/EDA.jpg","@id":"https:\/\/eldigitaldeasturias.com\/magazine365\/el-transporte-publico-del-amb-sumo-16-millones-de-viajeros-mas-en-2015\/#organizationLogo"},"image":{"@id":"https:\/\/eldigitaldeasturias.com\/magazine365\/el-transporte-publico-del-amb-sumo-16-millones-de-viajeros-mas-en-2015\/#organizationLogo"}},{"@type":"Person","@id":"https:\/\/eldigitaldeasturias.com\/magazine365\/author\/admin\/#author","url":"https:\/\/eldigitaldeasturias.com\/magazine365\/author\/admin\/","name":"admin","image":{"@type":"ImageObject","@id":"https:\/\/eldigitaldeasturias.com\/magazine365\/el-transporte-publico-del-amb-sumo-16-millones-de-viajeros-mas-en-2015\/#authorImage","url":"https:\/\/eldigitaldeasturias.com\/magazine365\/wp-content\/litespeed\/avatar\/e571bcf59a0edd6fa6838245a470f2fe.jpg?ver=1776969259","width":96,"height":96,"caption":"admin"}},{"@type":"WebPage","@id":"https:\/\/eldigitaldeasturias.com\/magazine365\/el-transporte-publico-del-amb-sumo-16-millones-de-viajeros-mas-en-2015\/#webpage","url":"https:\/\/eldigitaldeasturias.com\/magazine365\/el-transporte-publico-del-amb-sumo-16-millones-de-viajeros-mas-en-2015\/","name":"El transporte p\u00fablico del AMB sum\u00f3 16 millones de viajeros m\u00e1s en 2015 | El Digital de Asturias","description":"El sistema de transporte p\u00fablico de metro y autobuses del \u00c1rea Metropolitana de Barcelona (AMB) registr\u00f3 665,84 millones de viajeros durante el a\u00f1o 2015, lo que supone un crecimiento del 2,5% respecto al a\u00f1o anterior, confirmando el cambio de tendencia iniciado en 2014. De esta forma, el transporte p\u00fablico del AMB ha sumado 16,26 millones","inLanguage":"es-ES","isPartOf":{"@id":"https:\/\/eldigitaldeasturias.com\/magazine365\/#website"},"breadcrumb":{"@id":"https:\/\/eldigitaldeasturias.com\/magazine365\/el-transporte-publico-del-amb-sumo-16-millones-de-viajeros-mas-en-2015\/#breadcrumblist"},"author":{"@id":"https:\/\/eldigitaldeasturias.com\/magazine365\/author\/admin\/#author"},"creator":{"@id":"https:\/\/eldigitaldeasturias.com\/magazine365\/author\/admin\/#author"},"image":{"@type":"ImageObject","url":"https:\/\/eldigitaldeasturias.com\/magazine365\/wp-content\/uploads\/2015\/09\/bus-palma.jpg","@id":"https:\/\/eldigitaldeasturias.com\/magazine365\/el-transporte-publico-del-amb-sumo-16-millones-de-viajeros-mas-en-2015\/#mainImage","width":800,"height":1422},"primaryImageOfPage":{"@id":"https:\/\/eldigitaldeasturias.com\/magazine365\/el-transporte-publico-del-amb-sumo-16-millones-de-viajeros-mas-en-2015\/#mainImage"},"datePublished":"2016-01-25T23:39:21+01:00","dateModified":"2016-01-25T23:39:21+01:00"},{"@type":"WebSite","@id":"https:\/\/eldigitaldeasturias.com\/magazine365\/#website","url":"https:\/\/eldigitaldeasturias.com\/magazine365\/","name":"El Digital de Asturias","description":"Revista de ocio, turismo y estilo de vida","inLanguage":"es-ES","publisher":{"@id":"https:\/\/eldigitaldeasturias.com\/magazine365\/#organization"}}]},"og:locale":"es_ES","og:site_name":"El Digital de Asturias \u2013 Revista de ocio, turismo y estilo de vida","og:type":"article","og:title":"El transporte p\u00fablico del AMB sum\u00f3 16 millones de viajeros m\u00e1s en 2015 | El Digital de Asturias","og:description":"El sistema de transporte p\u00fablico de metro y autobuses del \u00c1rea Metropolitana de Barcelona (AMB) registr\u00f3 665,84 millones de viajeros durante el a\u00f1o 2015, lo que supone un crecimiento del 2,5% respecto al a\u00f1o anterior, confirmando el cambio de tendencia iniciado en 2014. De esta forma, el transporte p\u00fablico del AMB ha sumado 16,26 millones","og:url":"https:\/\/eldigitaldeasturias.com\/magazine365\/el-transporte-publico-del-amb-sumo-16-millones-de-viajeros-mas-en-2015\/","og:image":"https:\/\/eldigitaldeasturias.com\/magazine365\/wp-content\/uploads\/2015\/09\/bus-palma.jpg","og:image:secure_url":"https:\/\/eldigitaldeasturias.com\/magazine365\/wp-content\/uploads\/2015\/09\/bus-palma.jpg","og:image:width":800,"og:image:height":1422,"article:published_time":"2016-01-25T22:39:21+00:00","article:modified_time":"2016-01-25T22:39:21+00:00","twitter:card":"summary_large_image","twitter:title":"El transporte p\u00fablico del AMB sum\u00f3 16 millones de viajeros m\u00e1s en 2015 | El Digital de Asturias","twitter:description":"El sistema de transporte p\u00fablico de metro y autobuses del \u00c1rea Metropolitana de Barcelona (AMB) registr\u00f3 665,84 millones de viajeros durante el a\u00f1o 2015, lo que supone un crecimiento del 2,5% respecto al a\u00f1o anterior, confirmando el cambio de tendencia iniciado en 2014. De esta forma, el transporte p\u00fablico del AMB ha sumado 16,26 millones","twitter:image":"https:\/\/eldigitaldeasturias.com\/magazine365\/wp-content\/uploads\/2015\/09\/bus-palma.jpg"},"aioseo_meta_data":{"post_id":"62021","title":null,"description":null,"keywords":null,"keyphrases":null,"primary_term":null,"canonical_url":null,"og_title":null,"og_description":null,"og_object_type":"default","og_image_type":"default","og_image_url":null,"og_image_width":null,"og_image_height":null,"og_image_custom_url":null,"og_image_custom_fields":null,"og_video":null,"og_custom_url":null,"og_article_section":null,"og_article_tags":null,"twitter_use_og":false,"twitter_card":"default","twitter_image_type":"default","twitter_image_url":null,"twitter_image_custom_url":null,"twitter_image_custom_fields":null,"twitter_title":null,"twitter_description":null,"schema":{"blockGraphs":[],"customGraphs":[],"default":{"data":{"Article":[],"Course":[],"Dataset":[],"FAQPage":[],"Movie":[],"Person":[],"Product":[],"ProductReview":[],"Car":[],"Recipe":[],"Service":[],"SoftwareApplication":[],"WebPage":[]},"graphName":"","isEnabled":true},"graphs":[],"defaultGraph":"","defaultPostTypeGraph":""},"schema_type":null,"schema_type_options":null,"pillar_content":false,"robots_default":true,"robots_noindex":false,"robots_noarchive":false,"robots_nosnippet":false,"robots_nofollow":false,"robots_noimageindex":false,"robots_noodp":false,"robots_notranslate":false,"robots_max_snippet":null,"robots_max_videopreview":null,"robots_max_imagepreview":"large","priority":null,"frequency":null,"location":null,"local_seo":null,"seo_analyzer_scan_date":"2025-09-25 10:16:24","breadcrumb_settings":null,"limit_modified_date":false,"open_ai":null,"ai":null,"created":"2021-03-08 21:41:41","updated":"2025-09-25 10:16:24"},"aioseo_breadcrumb":"<div class=\"aioseo-breadcrumbs\"><span class=\"aioseo-breadcrumb\">\n\t<a href=\"https:\/\/eldigitaldeasturias.com\/magazine365\" title=\"Home\">Home<\/a>\n<\/span><span class=\"aioseo-breadcrumb-separator\">\u2013<\/span><span class=\"aioseo-breadcrumb\">\n\t<a href=\"https:\/\/eldigitaldeasturias.com\/magazine365\/category\/noticias-actualidad\/\" title=\"Noticias y Actualidad\">Noticias y Actualidad<\/a>\n<\/span><span class=\"aioseo-breadcrumb-separator\">\u2013<\/span><span class=\"aioseo-breadcrumb\">\n\t<a href=\"https:\/\/eldigitaldeasturias.com\/magazine365\/el-transporte-publico-del-amb-sumo-16-millones-de-viajeros-mas-en-2015\/\" title=\"El transporte p\u00fablico del AMB sum\u00f3 16 millones de viajeros m\u00e1s en 2015\">El transporte p\u00fablico del AMB sum\u00f3 16 millones de viajeros m\u00e1s en 2015<\/a>\n<\/span><\/div>","aioseo_breadcrumb_json":[{"label":"Home","link":"https:\/\/eldigitaldeasturias.com\/magazine365"},{"label":"Noticias y Actualidad","link":"https:\/\/eldigitaldeasturias.com\/magazine365\/category\/noticias-actualidad\/"},{"label":"El transporte p\u00fablico del AMB sum\u00f3 16 millones de viajeros m\u00e1s en 2015","link":"https:\/\/eldigitaldeasturias.com\/magazine365\/el-transporte-publico-del-amb-sumo-16-millones-de-viajeros-mas-en-2015\/"}],"_links":{"self":[{"href":"https:\/\/eldigitaldeasturias.com\/magazine365\/wp-json\/wp\/v2\/posts\/62021","targetHints":{"allow":["GET"]}}],"collection":[{"href":"https:\/\/eldigitaldeasturias.com\/magazine365\/wp-json\/wp\/v2\/posts"}],"about":[{"href":"https:\/\/eldigitaldeasturias.com\/magazine365\/wp-json\/wp\/v2\/types\/post"}],"author":[{"embeddable":true,"href":"https:\/\/eldigitaldeasturias.com\/magazine365\/wp-json\/wp\/v2\/users\/1"}],"replies":[{"embeddable":true,"href":"https:\/\/eldigitaldeasturias.com\/magazine365\/wp-json\/wp\/v2\/comments?post=62021"}],"version-history":[{"count":0,"href":"https:\/\/eldigitaldeasturias.com\/magazine365\/wp-json\/wp\/v2\/posts\/62021\/revisions"}],"wp:featuredmedia":[{"embeddable":true,"href":"https:\/\/eldigitaldeasturias.com\/magazine365\/wp-json\/wp\/v2\/media\/49390"}],"wp:attachment":[{"href":"https:\/\/eldigitaldeasturias.com\/magazine365\/wp-json\/wp\/v2\/media?parent=62021"}],"wp:term":[{"taxonomy":"category","embeddable":true,"href":"https:\/\/eldigitaldeasturias.com\/magazine365\/wp-json\/wp\/v2\/categories?post=62021"},{"taxonomy":"post_tag","embeddable":true,"href":"https:\/\/eldigitaldeasturias.com\/magazine365\/wp-json\/wp\/v2\/tags?post=62021"}],"curies":[{"name":"wp","href":"https:\/\/api.w.org\/{rel}","templated":true}]}}