{"id":62012,"date":"2016-01-25T21:18:55","date_gmt":"2016-01-25T20:18:55","guid":{"rendered":"http:\/\/eldigitaldeasturias.com\/magazine365\/?p=62012"},"modified":"2016-01-25T21:18:55","modified_gmt":"2016-01-25T20:18:55","slug":"adjudicada-por-mas-de-28-millones-la-gestion-del-complejo-del-embalse-del-tranco","status":"publish","type":"post","link":"https:\/\/eldigitaldeasturias.com\/magazine365\/adjudicada-por-mas-de-28-millones-la-gestion-del-complejo-del-embalse-del-tranco\/","title":{"rendered":"Adjudicada por m\u00e1s de 2,8 millones la gesti\u00f3n del complejo del embalse del Tranco"},"content":{"rendered":"<p> La Diputaci\u00f3n de Ja\u00e9n ha adjudicado el contrato de gesti\u00f3n del complejo tur\u00edstico-deportivo construido en el embalse del Tranco. Una uni\u00f3n temporal de empresas (UTE) del Parque Natural Sierras de Cazorla, Segura y Las Villas se har\u00e1 cargo de las instalaciones por m\u00e1s de 2,8 millones de euros y durante un periodo inicial de ocho a\u00f1os.<\/p>\n<p>   El presidente de la Administraci\u00f3n provincial, Francisco Reyes, ha destacado la celeridad con la que se ha realizado esta adjudicaci\u00f3n con el objetivo de poner en marcha lo antes posible unos equipamientos, \u00abque supondr\u00e1n un revulsivo tur\u00edstico para este parque natural y para el para\u00edso interior jiennense y cuya apertura esperamos que sea una realidad en torno a primavera\u00bb.<\/p>\n<p>   En concreto, la UTE que gestionar\u00e1 este complejo est\u00e1 conformada por las empresas del Parque Natural Sierras de Cazorla, Segura y Las Villas Transportes Gil San SL, Nattum Ecotur SL, Antonio Gil Romera (Tourofertas), Teodoro L\u00f3pez Nieto (Cafeter\u00eda-bar restaurante El Cruce), Manuel Javier S\u00e1nchez P\u00e9rez (Casa rural y restaurante Los Parrales).<\/p>\n<p>   \u00abEstamos hablando de unas instalaciones de gran calidad desde las que el turista podr\u00e1 realizar paseos en barco en los que podr\u00e1 admirar la belleza de este embalse y todo su entorno, practicar senderismo, tirolina o pirag\u00fcismo o disfrutar de lo mejor de nuestra gastronom\u00eda\u00bb, ha subrayado este lunes en una nota Reyes.<\/p>\n<p>   Por ello, ha hecho hincapi\u00e9 en que su puesta en marcha permitir\u00e1 \u00abofrecer al turista un motivo m\u00e1s para su estancia en la provincia, para alojarse, pernoctar y consumir en este impresionante espacio natural\u00bb, de ah\u00ed, por ejemplo, que haya sido uno de las novedades que ha protagonizado la oferta tur\u00edstica con la que la provincia ha participado en la reciente edici\u00f3n de Fitur.<\/p>\n<p>   Para esta adjudicaci\u00f3n, a la que han concurrido dos empresas de este parque natural, se han valorado especialmente las mejoras incluidas respecto a los criterios establecidos en el pliego de condiciones t\u00e9cnicas y administrativas establecidas en el contrato de gesti\u00f3n.<\/p>\n<p>   Se han basado fundamentalmente en la creaci\u00f3n de un mayor n\u00famero de puestos de trabajo &#8211;con una previsi\u00f3n de 16 en total&#8211;, la ampliaci\u00f3n del equipamiento deportivo con el que contar\u00e1 este complejo para la realizaci\u00f3n de actividades con kayak, hidropedales o bicicleta de monta\u00f1a, o los itinerarios tem\u00e1ticos propuestos para los viajes tur\u00edsticos que realizar\u00e1 el barco solar &#8211;uno dedicado a la ornitolog\u00eda y otro a la historia y arqueolog\u00eda de la zona, adem\u00e1s de la berrea&#8211;, as\u00ed como la ampliaci\u00f3n de los servicios establecidos en este complejo tur\u00edstico, como exhibici\u00f3n de aves rapaces o degustaci\u00f3n de aceites.<\/p>\n<p>   La Diputaci\u00f3n y la Junta de Andaluc\u00eda han invertido m\u00e1s de 2,2 millones de euros en la ejecuci\u00f3n de estas infraestructuras, de las que forma parte el barco de uso recreativo y tur\u00edstico que ya est\u00e1 anclado en el embalse. Junto a esta embarcaci\u00f3n, que funcionar\u00e1 a trav\u00e9s de energ\u00eda solar, el complejo tur\u00edstico-deportivo del Tranco cuenta un edificio de usos m\u00faltiples de tres plantas dotado, entre otros espacios, de tienda, cafeter\u00eda, restaurante, zona buffet, terraza y sal\u00f3n de actos, vestuarios y zona de almac\u00e9n para piraguas, canoas y bicicletas, que ser\u00e1n los servicios deportivo-tur\u00edsticos que se ofrecer\u00e1n desde el mismo.<\/p>\n<p>   Tambi\u00e9n en la parte exterior se ha habilitado una zona de juegos infantiles, dos roc\u00f3dromos, tirolina de 140 metros, torre mirador, merenderos y un Paseo de las Rapaces dotado de ilustraciones en paneles de madera y figuras de forja donde se interpretan diez especies de rapaces del entorno. Cuenta, asimismo, con aparcamiento para cerca de una veintena de turismos y autocares, embarcadero y pantal\u00e1n flotantes y se ha mejorado el acceso a estas instalaciones desde la A-319.<\/p>\n","protected":false},"excerpt":{"rendered":"<p>La Diputaci\u00f3n de Ja\u00e9n ha adjudicado el contrato de gesti\u00f3n del complejo tur\u00edstico-deportivo construido en el embalse del Tranco. Una uni\u00f3n temporal de empresas (UTE) del Parque Natural Sierras de Cazorla, Segura y Las Villas se har\u00e1 cargo de las instalaciones por m\u00e1s de 2,8 millones de euros y durante un periodo inicial de ocho<\/p>\n","protected":false},"author":1,"featured_media":42478,"comment_status":"open","ping_status":"closed","sticky":false,"template":"","format":"standard","meta":{"footnotes":""},"categories":[224],"tags":[],"class_list":{"0":"post-62012","1":"post","2":"type-post","3":"status-publish","4":"format-standard","5":"has-post-thumbnail","7":"category-noticias-actualidad"},"aioseo_notices":[],"aioseo_head":"\n\t\t<!-- All in One SEO Pro 4.9.6.1 - aioseo.com -->\n\t<meta name=\"description\" content=\"La Diputaci\u00f3n de Ja\u00e9n ha adjudicado el contrato de gesti\u00f3n del complejo tur\u00edstico-deportivo construido en el embalse del Tranco. Una uni\u00f3n temporal de empresas (UTE) del Parque Natural Sierras de Cazorla, Segura y Las Villas se har\u00e1 cargo de las instalaciones por m\u00e1s de 2,8 millones de euros y durante un periodo inicial de ocho\" \/>\n\t<meta name=\"robots\" content=\"max-image-preview:large\" \/>\n\t<meta name=\"author\" content=\"admin\"\/>\n\t<meta name=\"google-site-verification\" content=\"UA-38556648-1\" \/>\n\t<meta name=\"keywords\" content=\"noticias y actualidad\" \/>\n\t<link rel=\"canonical\" href=\"https:\/\/eldigitaldeasturias.com\/magazine365\/adjudicada-por-mas-de-28-millones-la-gestion-del-complejo-del-embalse-del-tranco\/\" \/>\n\t<meta name=\"generator\" content=\"All in One SEO Pro (AIOSEO) 4.9.6.1\" \/>\n\t\t<meta property=\"og:locale\" content=\"es_ES\" \/>\n\t\t<meta property=\"og:site_name\" content=\"El Digital de Asturias \u2013 Revista de ocio, turismo y estilo de vida\" \/>\n\t\t<meta property=\"og:type\" content=\"article\" \/>\n\t\t<meta property=\"og:title\" content=\"Adjudicada por m\u00e1s de 2,8 millones la gesti\u00f3n del complejo del embalse del Tranco | El Digital de Asturias\" \/>\n\t\t<meta property=\"og:description\" content=\"La Diputaci\u00f3n de Ja\u00e9n ha adjudicado el contrato de gesti\u00f3n del complejo tur\u00edstico-deportivo construido en el embalse del Tranco. Una uni\u00f3n temporal de empresas (UTE) del Parque Natural Sierras de Cazorla, Segura y Las Villas se har\u00e1 cargo de las instalaciones por m\u00e1s de 2,8 millones de euros y durante un periodo inicial de ocho\" \/>\n\t\t<meta property=\"og:url\" content=\"https:\/\/eldigitaldeasturias.com\/magazine365\/adjudicada-por-mas-de-28-millones-la-gestion-del-complejo-del-embalse-del-tranco\/\" \/>\n\t\t<meta property=\"og:image\" content=\"https:\/\/eldigitaldeasturias.com\/magazine365\/wp-content\/uploads\/2015\/07\/euros.jpg\" \/>\n\t\t<meta property=\"og:image:secure_url\" content=\"https:\/\/eldigitaldeasturias.com\/magazine365\/wp-content\/uploads\/2015\/07\/euros.jpg\" \/>\n\t\t<meta property=\"og:image:width\" content=\"655\" \/>\n\t\t<meta property=\"og:image:height\" content=\"360\" \/>\n\t\t<meta property=\"article:published_time\" content=\"2016-01-25T20:18:55+00:00\" \/>\n\t\t<meta property=\"article:modified_time\" content=\"2016-01-25T20:18:55+00:00\" \/>\n\t\t<meta name=\"twitter:card\" content=\"summary_large_image\" \/>\n\t\t<meta name=\"twitter:title\" content=\"Adjudicada por m\u00e1s de 2,8 millones la gesti\u00f3n del complejo del embalse del Tranco | El Digital de Asturias\" \/>\n\t\t<meta name=\"twitter:description\" content=\"La Diputaci\u00f3n de Ja\u00e9n ha adjudicado el contrato de gesti\u00f3n del complejo tur\u00edstico-deportivo construido en el embalse del Tranco. Una uni\u00f3n temporal de empresas (UTE) del Parque Natural Sierras de Cazorla, Segura y Las Villas se har\u00e1 cargo de las instalaciones por m\u00e1s de 2,8 millones de euros y durante un periodo inicial de ocho\" \/>\n\t\t<meta name=\"twitter:image\" content=\"https:\/\/eldigitaldeasturias.com\/magazine365\/wp-content\/uploads\/2015\/07\/euros.jpg\" \/>\n\t\t<script type=\"application\/ld+json\" class=\"aioseo-schema\">\n\t\t\t{\"@context\":\"https:\\\/\\\/schema.org\",\"@graph\":[{\"@type\":\"Article\",\"@id\":\"https:\\\/\\\/eldigitaldeasturias.com\\\/magazine365\\\/adjudicada-por-mas-de-28-millones-la-gestion-del-complejo-del-embalse-del-tranco\\\/#article\",\"name\":\"Adjudicada por m\\u00e1s de 2,8 millones la gesti\\u00f3n del complejo del embalse del Tranco | El Digital de Asturias\",\"headline\":\"Adjudicada por m\\u00e1s de 2,8 millones la gesti\\u00f3n del complejo del embalse del Tranco\",\"author\":{\"@id\":\"https:\\\/\\\/eldigitaldeasturias.com\\\/magazine365\\\/author\\\/admin\\\/#author\"},\"publisher\":{\"@id\":\"https:\\\/\\\/eldigitaldeasturias.com\\\/magazine365\\\/#organization\"},\"image\":{\"@type\":\"ImageObject\",\"url\":\"https:\\\/\\\/eldigitaldeasturias.com\\\/magazine365\\\/wp-content\\\/uploads\\\/2015\\\/07\\\/euros.jpg\",\"width\":655,\"height\":360},\"datePublished\":\"2016-01-25T21:18:55+01:00\",\"dateModified\":\"2016-01-25T21:18:55+01:00\",\"inLanguage\":\"es-ES\",\"mainEntityOfPage\":{\"@id\":\"https:\\\/\\\/eldigitaldeasturias.com\\\/magazine365\\\/adjudicada-por-mas-de-28-millones-la-gestion-del-complejo-del-embalse-del-tranco\\\/#webpage\"},\"isPartOf\":{\"@id\":\"https:\\\/\\\/eldigitaldeasturias.com\\\/magazine365\\\/adjudicada-por-mas-de-28-millones-la-gestion-del-complejo-del-embalse-del-tranco\\\/#webpage\"},\"articleSection\":\"Noticias y Actualidad\"},{\"@type\":\"BreadcrumbList\",\"@id\":\"https:\\\/\\\/eldigitaldeasturias.com\\\/magazine365\\\/adjudicada-por-mas-de-28-millones-la-gestion-del-complejo-del-embalse-del-tranco\\\/#breadcrumblist\",\"itemListElement\":[{\"@type\":\"ListItem\",\"@id\":\"https:\\\/\\\/eldigitaldeasturias.com\\\/magazine365#listItem\",\"position\":1,\"name\":\"Home\",\"item\":\"https:\\\/\\\/eldigitaldeasturias.com\\\/magazine365\",\"nextItem\":{\"@type\":\"ListItem\",\"@id\":\"https:\\\/\\\/eldigitaldeasturias.com\\\/magazine365\\\/category\\\/noticias-actualidad\\\/#listItem\",\"name\":\"Noticias y Actualidad\"}},{\"@type\":\"ListItem\",\"@id\":\"https:\\\/\\\/eldigitaldeasturias.com\\\/magazine365\\\/category\\\/noticias-actualidad\\\/#listItem\",\"position\":2,\"name\":\"Noticias y Actualidad\",\"item\":\"https:\\\/\\\/eldigitaldeasturias.com\\\/magazine365\\\/category\\\/noticias-actualidad\\\/\",\"nextItem\":{\"@type\":\"ListItem\",\"@id\":\"https:\\\/\\\/eldigitaldeasturias.com\\\/magazine365\\\/adjudicada-por-mas-de-28-millones-la-gestion-del-complejo-del-embalse-del-tranco\\\/#listItem\",\"name\":\"Adjudicada por m\\u00e1s de 2,8 millones la gesti\\u00f3n del complejo del embalse del Tranco\"},\"previousItem\":{\"@type\":\"ListItem\",\"@id\":\"https:\\\/\\\/eldigitaldeasturias.com\\\/magazine365#listItem\",\"name\":\"Home\"}},{\"@type\":\"ListItem\",\"@id\":\"https:\\\/\\\/eldigitaldeasturias.com\\\/magazine365\\\/adjudicada-por-mas-de-28-millones-la-gestion-del-complejo-del-embalse-del-tranco\\\/#listItem\",\"position\":3,\"name\":\"Adjudicada por m\\u00e1s de 2,8 millones la gesti\\u00f3n del complejo del embalse del Tranco\",\"previousItem\":{\"@type\":\"ListItem\",\"@id\":\"https:\\\/\\\/eldigitaldeasturias.com\\\/magazine365\\\/category\\\/noticias-actualidad\\\/#listItem\",\"name\":\"Noticias y Actualidad\"}}]},{\"@type\":\"Organization\",\"@id\":\"https:\\\/\\\/eldigitaldeasturias.com\\\/magazine365\\\/#organization\",\"name\":\"El digital de Asturias\",\"description\":\"Revista de ocio, turismo y estilo de vida\",\"url\":\"https:\\\/\\\/eldigitaldeasturias.com\\\/magazine365\\\/\",\"logo\":{\"@type\":\"ImageObject\",\"url\":\"https:\\\/\\\/www.eldigitaldeasturias.com\\\/noticias\\\/wp-content\\\/uploads\\\/2020\\\/12\\\/EDA.jpg\",\"@id\":\"https:\\\/\\\/eldigitaldeasturias.com\\\/magazine365\\\/adjudicada-por-mas-de-28-millones-la-gestion-del-complejo-del-embalse-del-tranco\\\/#organizationLogo\"},\"image\":{\"@id\":\"https:\\\/\\\/eldigitaldeasturias.com\\\/magazine365\\\/adjudicada-por-mas-de-28-millones-la-gestion-del-complejo-del-embalse-del-tranco\\\/#organizationLogo\"}},{\"@type\":\"Person\",\"@id\":\"https:\\\/\\\/eldigitaldeasturias.com\\\/magazine365\\\/author\\\/admin\\\/#author\",\"url\":\"https:\\\/\\\/eldigitaldeasturias.com\\\/magazine365\\\/author\\\/admin\\\/\",\"name\":\"admin\",\"image\":{\"@type\":\"ImageObject\",\"@id\":\"https:\\\/\\\/eldigitaldeasturias.com\\\/magazine365\\\/adjudicada-por-mas-de-28-millones-la-gestion-del-complejo-del-embalse-del-tranco\\\/#authorImage\",\"url\":\"https:\\\/\\\/eldigitaldeasturias.com\\\/magazine365\\\/wp-content\\\/litespeed\\\/avatar\\\/e571bcf59a0edd6fa6838245a470f2fe.jpg?ver=1776969259\",\"width\":96,\"height\":96,\"caption\":\"admin\"}},{\"@type\":\"WebPage\",\"@id\":\"https:\\\/\\\/eldigitaldeasturias.com\\\/magazine365\\\/adjudicada-por-mas-de-28-millones-la-gestion-del-complejo-del-embalse-del-tranco\\\/#webpage\",\"url\":\"https:\\\/\\\/eldigitaldeasturias.com\\\/magazine365\\\/adjudicada-por-mas-de-28-millones-la-gestion-del-complejo-del-embalse-del-tranco\\\/\",\"name\":\"Adjudicada por m\\u00e1s de 2,8 millones la gesti\\u00f3n del complejo del embalse del Tranco | El Digital de Asturias\",\"description\":\"La Diputaci\\u00f3n de Ja\\u00e9n ha adjudicado el contrato de gesti\\u00f3n del complejo tur\\u00edstico-deportivo construido en el embalse del Tranco. Una uni\\u00f3n temporal de empresas (UTE) del Parque Natural Sierras de Cazorla, Segura y Las Villas se har\\u00e1 cargo de las instalaciones por m\\u00e1s de 2,8 millones de euros y durante un periodo inicial de ocho\",\"inLanguage\":\"es-ES\",\"isPartOf\":{\"@id\":\"https:\\\/\\\/eldigitaldeasturias.com\\\/magazine365\\\/#website\"},\"breadcrumb\":{\"@id\":\"https:\\\/\\\/eldigitaldeasturias.com\\\/magazine365\\\/adjudicada-por-mas-de-28-millones-la-gestion-del-complejo-del-embalse-del-tranco\\\/#breadcrumblist\"},\"author\":{\"@id\":\"https:\\\/\\\/eldigitaldeasturias.com\\\/magazine365\\\/author\\\/admin\\\/#author\"},\"creator\":{\"@id\":\"https:\\\/\\\/eldigitaldeasturias.com\\\/magazine365\\\/author\\\/admin\\\/#author\"},\"image\":{\"@type\":\"ImageObject\",\"url\":\"https:\\\/\\\/eldigitaldeasturias.com\\\/magazine365\\\/wp-content\\\/uploads\\\/2015\\\/07\\\/euros.jpg\",\"@id\":\"https:\\\/\\\/eldigitaldeasturias.com\\\/magazine365\\\/adjudicada-por-mas-de-28-millones-la-gestion-del-complejo-del-embalse-del-tranco\\\/#mainImage\",\"width\":655,\"height\":360},\"primaryImageOfPage\":{\"@id\":\"https:\\\/\\\/eldigitaldeasturias.com\\\/magazine365\\\/adjudicada-por-mas-de-28-millones-la-gestion-del-complejo-del-embalse-del-tranco\\\/#mainImage\"},\"datePublished\":\"2016-01-25T21:18:55+01:00\",\"dateModified\":\"2016-01-25T21:18:55+01:00\"},{\"@type\":\"WebSite\",\"@id\":\"https:\\\/\\\/eldigitaldeasturias.com\\\/magazine365\\\/#website\",\"url\":\"https:\\\/\\\/eldigitaldeasturias.com\\\/magazine365\\\/\",\"name\":\"El Digital de Asturias\",\"description\":\"Revista de ocio, turismo y estilo de vida\",\"inLanguage\":\"es-ES\",\"publisher\":{\"@id\":\"https:\\\/\\\/eldigitaldeasturias.com\\\/magazine365\\\/#organization\"}}]}\n\t\t<\/script>\n\t\t<!-- All in One SEO Pro -->\r\n\t\t<title>Adjudicada por m\u00e1s de 2,8 millones la gesti\u00f3n del complejo del embalse del Tranco | El Digital de Asturias<\/title>\n\n","aioseo_head_json":{"title":"Adjudicada por m\u00e1s de 2,8 millones la gesti\u00f3n del complejo del embalse del Tranco | El Digital de Asturias","description":"La Diputaci\u00f3n de Ja\u00e9n ha adjudicado el contrato de gesti\u00f3n del complejo tur\u00edstico-deportivo construido en el embalse del Tranco. Una uni\u00f3n temporal de empresas (UTE) del Parque Natural Sierras de Cazorla, Segura y Las Villas se har\u00e1 cargo de las instalaciones por m\u00e1s de 2,8 millones de euros y durante un periodo inicial de ocho","canonical_url":"https:\/\/eldigitaldeasturias.com\/magazine365\/adjudicada-por-mas-de-28-millones-la-gestion-del-complejo-del-embalse-del-tranco\/","robots":"max-image-preview:large","keywords":"noticias y actualidad","webmasterTools":{"google-site-verification":"UA-38556648-1","miscellaneous":""},"schema":{"@context":"https:\/\/schema.org","@graph":[{"@type":"Article","@id":"https:\/\/eldigitaldeasturias.com\/magazine365\/adjudicada-por-mas-de-28-millones-la-gestion-del-complejo-del-embalse-del-tranco\/#article","name":"Adjudicada por m\u00e1s de 2,8 millones la gesti\u00f3n del complejo del embalse del Tranco | El Digital de Asturias","headline":"Adjudicada por m\u00e1s de 2,8 millones la gesti\u00f3n del complejo del embalse del Tranco","author":{"@id":"https:\/\/eldigitaldeasturias.com\/magazine365\/author\/admin\/#author"},"publisher":{"@id":"https:\/\/eldigitaldeasturias.com\/magazine365\/#organization"},"image":{"@type":"ImageObject","url":"https:\/\/eldigitaldeasturias.com\/magazine365\/wp-content\/uploads\/2015\/07\/euros.jpg","width":655,"height":360},"datePublished":"2016-01-25T21:18:55+01:00","dateModified":"2016-01-25T21:18:55+01:00","inLanguage":"es-ES","mainEntityOfPage":{"@id":"https:\/\/eldigitaldeasturias.com\/magazine365\/adjudicada-por-mas-de-28-millones-la-gestion-del-complejo-del-embalse-del-tranco\/#webpage"},"isPartOf":{"@id":"https:\/\/eldigitaldeasturias.com\/magazine365\/adjudicada-por-mas-de-28-millones-la-gestion-del-complejo-del-embalse-del-tranco\/#webpage"},"articleSection":"Noticias y Actualidad"},{"@type":"BreadcrumbList","@id":"https:\/\/eldigitaldeasturias.com\/magazine365\/adjudicada-por-mas-de-28-millones-la-gestion-del-complejo-del-embalse-del-tranco\/#breadcrumblist","itemListElement":[{"@type":"ListItem","@id":"https:\/\/eldigitaldeasturias.com\/magazine365#listItem","position":1,"name":"Home","item":"https:\/\/eldigitaldeasturias.com\/magazine365","nextItem":{"@type":"ListItem","@id":"https:\/\/eldigitaldeasturias.com\/magazine365\/category\/noticias-actualidad\/#listItem","name":"Noticias y Actualidad"}},{"@type":"ListItem","@id":"https:\/\/eldigitaldeasturias.com\/magazine365\/category\/noticias-actualidad\/#listItem","position":2,"name":"Noticias y Actualidad","item":"https:\/\/eldigitaldeasturias.com\/magazine365\/category\/noticias-actualidad\/","nextItem":{"@type":"ListItem","@id":"https:\/\/eldigitaldeasturias.com\/magazine365\/adjudicada-por-mas-de-28-millones-la-gestion-del-complejo-del-embalse-del-tranco\/#listItem","name":"Adjudicada por m\u00e1s de 2,8 millones la gesti\u00f3n del complejo del embalse del Tranco"},"previousItem":{"@type":"ListItem","@id":"https:\/\/eldigitaldeasturias.com\/magazine365#listItem","name":"Home"}},{"@type":"ListItem","@id":"https:\/\/eldigitaldeasturias.com\/magazine365\/adjudicada-por-mas-de-28-millones-la-gestion-del-complejo-del-embalse-del-tranco\/#listItem","position":3,"name":"Adjudicada por m\u00e1s de 2,8 millones la gesti\u00f3n del complejo del embalse del Tranco","previousItem":{"@type":"ListItem","@id":"https:\/\/eldigitaldeasturias.com\/magazine365\/category\/noticias-actualidad\/#listItem","name":"Noticias y Actualidad"}}]},{"@type":"Organization","@id":"https:\/\/eldigitaldeasturias.com\/magazine365\/#organization","name":"El digital de Asturias","description":"Revista de ocio, turismo y estilo de vida","url":"https:\/\/eldigitaldeasturias.com\/magazine365\/","logo":{"@type":"ImageObject","url":"https:\/\/www.eldigitaldeasturias.com\/noticias\/wp-content\/uploads\/2020\/12\/EDA.jpg","@id":"https:\/\/eldigitaldeasturias.com\/magazine365\/adjudicada-por-mas-de-28-millones-la-gestion-del-complejo-del-embalse-del-tranco\/#organizationLogo"},"image":{"@id":"https:\/\/eldigitaldeasturias.com\/magazine365\/adjudicada-por-mas-de-28-millones-la-gestion-del-complejo-del-embalse-del-tranco\/#organizationLogo"}},{"@type":"Person","@id":"https:\/\/eldigitaldeasturias.com\/magazine365\/author\/admin\/#author","url":"https:\/\/eldigitaldeasturias.com\/magazine365\/author\/admin\/","name":"admin","image":{"@type":"ImageObject","@id":"https:\/\/eldigitaldeasturias.com\/magazine365\/adjudicada-por-mas-de-28-millones-la-gestion-del-complejo-del-embalse-del-tranco\/#authorImage","url":"https:\/\/eldigitaldeasturias.com\/magazine365\/wp-content\/litespeed\/avatar\/e571bcf59a0edd6fa6838245a470f2fe.jpg?ver=1776969259","width":96,"height":96,"caption":"admin"}},{"@type":"WebPage","@id":"https:\/\/eldigitaldeasturias.com\/magazine365\/adjudicada-por-mas-de-28-millones-la-gestion-del-complejo-del-embalse-del-tranco\/#webpage","url":"https:\/\/eldigitaldeasturias.com\/magazine365\/adjudicada-por-mas-de-28-millones-la-gestion-del-complejo-del-embalse-del-tranco\/","name":"Adjudicada por m\u00e1s de 2,8 millones la gesti\u00f3n del complejo del embalse del Tranco | El Digital de Asturias","description":"La Diputaci\u00f3n de Ja\u00e9n ha adjudicado el contrato de gesti\u00f3n del complejo tur\u00edstico-deportivo construido en el embalse del Tranco. Una uni\u00f3n temporal de empresas (UTE) del Parque Natural Sierras de Cazorla, Segura y Las Villas se har\u00e1 cargo de las instalaciones por m\u00e1s de 2,8 millones de euros y durante un periodo inicial de ocho","inLanguage":"es-ES","isPartOf":{"@id":"https:\/\/eldigitaldeasturias.com\/magazine365\/#website"},"breadcrumb":{"@id":"https:\/\/eldigitaldeasturias.com\/magazine365\/adjudicada-por-mas-de-28-millones-la-gestion-del-complejo-del-embalse-del-tranco\/#breadcrumblist"},"author":{"@id":"https:\/\/eldigitaldeasturias.com\/magazine365\/author\/admin\/#author"},"creator":{"@id":"https:\/\/eldigitaldeasturias.com\/magazine365\/author\/admin\/#author"},"image":{"@type":"ImageObject","url":"https:\/\/eldigitaldeasturias.com\/magazine365\/wp-content\/uploads\/2015\/07\/euros.jpg","@id":"https:\/\/eldigitaldeasturias.com\/magazine365\/adjudicada-por-mas-de-28-millones-la-gestion-del-complejo-del-embalse-del-tranco\/#mainImage","width":655,"height":360},"primaryImageOfPage":{"@id":"https:\/\/eldigitaldeasturias.com\/magazine365\/adjudicada-por-mas-de-28-millones-la-gestion-del-complejo-del-embalse-del-tranco\/#mainImage"},"datePublished":"2016-01-25T21:18:55+01:00","dateModified":"2016-01-25T21:18:55+01:00"},{"@type":"WebSite","@id":"https:\/\/eldigitaldeasturias.com\/magazine365\/#website","url":"https:\/\/eldigitaldeasturias.com\/magazine365\/","name":"El Digital de Asturias","description":"Revista de ocio, turismo y estilo de vida","inLanguage":"es-ES","publisher":{"@id":"https:\/\/eldigitaldeasturias.com\/magazine365\/#organization"}}]},"og:locale":"es_ES","og:site_name":"El Digital de Asturias \u2013 Revista de ocio, turismo y estilo de vida","og:type":"article","og:title":"Adjudicada por m\u00e1s de 2,8 millones la gesti\u00f3n del complejo del embalse del Tranco | El Digital de Asturias","og:description":"La Diputaci\u00f3n de Ja\u00e9n ha adjudicado el contrato de gesti\u00f3n del complejo tur\u00edstico-deportivo construido en el embalse del Tranco. Una uni\u00f3n temporal de empresas (UTE) del Parque Natural Sierras de Cazorla, Segura y Las Villas se har\u00e1 cargo de las instalaciones por m\u00e1s de 2,8 millones de euros y durante un periodo inicial de ocho","og:url":"https:\/\/eldigitaldeasturias.com\/magazine365\/adjudicada-por-mas-de-28-millones-la-gestion-del-complejo-del-embalse-del-tranco\/","og:image":"https:\/\/eldigitaldeasturias.com\/magazine365\/wp-content\/uploads\/2015\/07\/euros.jpg","og:image:secure_url":"https:\/\/eldigitaldeasturias.com\/magazine365\/wp-content\/uploads\/2015\/07\/euros.jpg","og:image:width":655,"og:image:height":360,"article:published_time":"2016-01-25T20:18:55+00:00","article:modified_time":"2016-01-25T20:18:55+00:00","twitter:card":"summary_large_image","twitter:title":"Adjudicada por m\u00e1s de 2,8 millones la gesti\u00f3n del complejo del embalse del Tranco | El Digital de Asturias","twitter:description":"La Diputaci\u00f3n de Ja\u00e9n ha adjudicado el contrato de gesti\u00f3n del complejo tur\u00edstico-deportivo construido en el embalse del Tranco. Una uni\u00f3n temporal de empresas (UTE) del Parque Natural Sierras de Cazorla, Segura y Las Villas se har\u00e1 cargo de las instalaciones por m\u00e1s de 2,8 millones de euros y durante un periodo inicial de ocho","twitter:image":"https:\/\/eldigitaldeasturias.com\/magazine365\/wp-content\/uploads\/2015\/07\/euros.jpg"},"aioseo_meta_data":{"post_id":"62012","title":null,"description":null,"keywords":null,"keyphrases":null,"primary_term":null,"canonical_url":null,"og_title":null,"og_description":null,"og_object_type":"default","og_image_type":"default","og_image_url":null,"og_image_width":null,"og_image_height":null,"og_image_custom_url":null,"og_image_custom_fields":null,"og_video":null,"og_custom_url":null,"og_article_section":null,"og_article_tags":null,"twitter_use_og":false,"twitter_card":"default","twitter_image_type":"default","twitter_image_url":null,"twitter_image_custom_url":null,"twitter_image_custom_fields":null,"twitter_title":null,"twitter_description":null,"schema":{"blockGraphs":[],"customGraphs":[],"default":{"data":{"Article":[],"Course":[],"Dataset":[],"FAQPage":[],"Movie":[],"Person":[],"Product":[],"ProductReview":[],"Car":[],"Recipe":[],"Service":[],"SoftwareApplication":[],"WebPage":[]},"graphName":"","isEnabled":true},"graphs":[],"defaultGraph":"","defaultPostTypeGraph":""},"schema_type":null,"schema_type_options":null,"pillar_content":false,"robots_default":true,"robots_noindex":false,"robots_noarchive":false,"robots_nosnippet":false,"robots_nofollow":false,"robots_noimageindex":false,"robots_noodp":false,"robots_notranslate":false,"robots_max_snippet":null,"robots_max_videopreview":null,"robots_max_imagepreview":"large","priority":null,"frequency":null,"location":null,"local_seo":null,"seo_analyzer_scan_date":"2025-09-25 10:13:07","breadcrumb_settings":null,"limit_modified_date":false,"open_ai":null,"ai":null,"created":"2021-03-08 21:42:49","updated":"2025-09-25 10:13:07"},"aioseo_breadcrumb":"<div class=\"aioseo-breadcrumbs\"><span class=\"aioseo-breadcrumb\">\n\t<a href=\"https:\/\/eldigitaldeasturias.com\/magazine365\" title=\"Home\">Home<\/a>\n<\/span><span class=\"aioseo-breadcrumb-separator\">\u2013<\/span><span class=\"aioseo-breadcrumb\">\n\t<a href=\"https:\/\/eldigitaldeasturias.com\/magazine365\/category\/noticias-actualidad\/\" title=\"Noticias y Actualidad\">Noticias y Actualidad<\/a>\n<\/span><span class=\"aioseo-breadcrumb-separator\">\u2013<\/span><span class=\"aioseo-breadcrumb\">\n\t<a href=\"https:\/\/eldigitaldeasturias.com\/magazine365\/adjudicada-por-mas-de-28-millones-la-gestion-del-complejo-del-embalse-del-tranco\/\" title=\"Adjudicada por m\u00e1s de 2,8 millones la gesti\u00f3n del complejo del embalse del Tranco\">Adjudicada por m\u00e1s de 2,8 millones la gesti\u00f3n del complejo del embalse del Tranco<\/a>\n<\/span><\/div>","aioseo_breadcrumb_json":[{"label":"Home","link":"https:\/\/eldigitaldeasturias.com\/magazine365"},{"label":"Noticias y Actualidad","link":"https:\/\/eldigitaldeasturias.com\/magazine365\/category\/noticias-actualidad\/"},{"label":"Adjudicada por m\u00e1s de 2,8 millones la gesti\u00f3n del complejo del embalse del Tranco","link":"https:\/\/eldigitaldeasturias.com\/magazine365\/adjudicada-por-mas-de-28-millones-la-gestion-del-complejo-del-embalse-del-tranco\/"}],"_links":{"self":[{"href":"https:\/\/eldigitaldeasturias.com\/magazine365\/wp-json\/wp\/v2\/posts\/62012","targetHints":{"allow":["GET"]}}],"collection":[{"href":"https:\/\/eldigitaldeasturias.com\/magazine365\/wp-json\/wp\/v2\/posts"}],"about":[{"href":"https:\/\/eldigitaldeasturias.com\/magazine365\/wp-json\/wp\/v2\/types\/post"}],"author":[{"embeddable":true,"href":"https:\/\/eldigitaldeasturias.com\/magazine365\/wp-json\/wp\/v2\/users\/1"}],"replies":[{"embeddable":true,"href":"https:\/\/eldigitaldeasturias.com\/magazine365\/wp-json\/wp\/v2\/comments?post=62012"}],"version-history":[{"count":0,"href":"https:\/\/eldigitaldeasturias.com\/magazine365\/wp-json\/wp\/v2\/posts\/62012\/revisions"}],"wp:featuredmedia":[{"embeddable":true,"href":"https:\/\/eldigitaldeasturias.com\/magazine365\/wp-json\/wp\/v2\/media\/42478"}],"wp:attachment":[{"href":"https:\/\/eldigitaldeasturias.com\/magazine365\/wp-json\/wp\/v2\/media?parent=62012"}],"wp:term":[{"taxonomy":"category","embeddable":true,"href":"https:\/\/eldigitaldeasturias.com\/magazine365\/wp-json\/wp\/v2\/categories?post=62012"},{"taxonomy":"post_tag","embeddable":true,"href":"https:\/\/eldigitaldeasturias.com\/magazine365\/wp-json\/wp\/v2\/tags?post=62012"}],"curies":[{"name":"wp","href":"https:\/\/api.w.org\/{rel}","templated":true}]}}