{"id":61985,"date":"2016-01-25T21:10:00","date_gmt":"2016-01-25T20:10:00","guid":{"rendered":"http:\/\/eldigitaldeasturias.com\/magazine365\/?p=61985"},"modified":"2016-01-25T21:10:00","modified_gmt":"2016-01-25T20:10:00","slug":"carmena-define-la-cocina-como-la-actividad-pensada-para-desarrollar-lo-mejor-para-los-demas-y-dar-placer","status":"publish","type":"post","link":"https:\/\/eldigitaldeasturias.com\/magazine365\/carmena-define-la-cocina-como-la-actividad-pensada-para-desarrollar-lo-mejor-para-los-demas-y-dar-placer\/","title":{"rendered":"Carmena define la cocina como \u00abla actividad pensada para desarrollar lo mejor para los dem\u00e1s\u00bb y \u00abdar placer\u00bb"},"content":{"rendered":"<p><img fetchpriority=\"high\" decoding=\"async\" class=\"alignleft size-medium wp-image-61986\" src=\"https:\/\/eldigitaldeasturias.com\/magazine365\/wp-content\/uploads\/2016\/01\/fotonoticia_20160125133156_800-360x240.jpg\" alt=\"fotonoticia_20160125133156_800\" width=\"360\" height=\"240\" srcset=\"https:\/\/eldigitaldeasturias.com\/magazine365\/wp-content\/uploads\/2016\/01\/fotonoticia_20160125133156_800-360x240.jpg 360w, https:\/\/eldigitaldeasturias.com\/magazine365\/wp-content\/uploads\/2016\/01\/fotonoticia_20160125133156_800-650x433.jpg 650w, https:\/\/eldigitaldeasturias.com\/magazine365\/wp-content\/uploads\/2016\/01\/fotonoticia_20160125133156_800-768x512.jpg 768w, https:\/\/eldigitaldeasturias.com\/magazine365\/wp-content\/uploads\/2016\/01\/fotonoticia_20160125133156_800-150x100.jpg 150w, https:\/\/eldigitaldeasturias.com\/magazine365\/wp-content\/uploads\/2016\/01\/fotonoticia_20160125133156_800-450x300.jpg 450w, https:\/\/eldigitaldeasturias.com\/magazine365\/wp-content\/uploads\/2016\/01\/fotonoticia_20160125133156_800-696x464.jpg 696w, https:\/\/eldigitaldeasturias.com\/magazine365\/wp-content\/uploads\/2016\/01\/fotonoticia_20160125133156_800-630x420.jpg 630w, https:\/\/eldigitaldeasturias.com\/magazine365\/wp-content\/uploads\/2016\/01\/fotonoticia_20160125133156_800-101x66.jpg 101w, https:\/\/eldigitaldeasturias.com\/magazine365\/wp-content\/uploads\/2016\/01\/fotonoticia_20160125133156_800.jpg 800w\" sizes=\"(max-width: 360px) 100vw, 360px\" \/>La alcaldesa de la capital, Manuela Carmena, ha destacado este lunes en la inauguraci\u00f3n de Madrid Fusi\u00f3n que la cocina es \u00abuna actividad pensada para desarrollar lo mejor para los dem\u00e1s\u00bb, ejecutada para \u00abdar placer\u00bb.<\/p>\n<p>La regidora ha asegurado que Madrid est\u00e1 \u00aborgullosa de acoger la Academia de la Gastronom\u00eda\u00bb que es Madrid Fusi\u00f3n, antes de confesar que le parece \u00abmuy hermoso\u00bb que las cocinas tomen el escenario del Palacio Municipal de Congresos.<\/p>\n<p>Carmena ha recordado que la cocina, de un modo u otro, siempre ha acompa\u00f1ado a la evoluci\u00f3n del ser humano. Ha aprovechado la inauguraci\u00f3n para recordar a \u00abtantas mujeres y hombres, especialmente mujeres\u00bb que guisan \u00abpensando en los dem\u00e1s, en dar placer\u00bb, entre las que se ha incluido.<\/p>\n<p>No ha querido bajarse del escenario sin destacar las bondades del az\u00facar, entendido siempre como \u00abun premio, como el non plus ultra de la satisfacci\u00f3n, del placer\u00bb, vinculado culturalmente \u00abcon los ni\u00f1os y la ilusi\u00f3n\u00bb. Y, por supuesto, tampoco ha olvidado hacer referencia a los mercados municipales, donde se pueden adquirir los productos para que la gastronom\u00eda alcance su elevado nivel de creatividad.<\/p>\n<p>Manuela Carmena ha zanjado su intervenci\u00f3n homenajeando a los mejores pasteleros, como Paco Torreblanca, Mart\u00edn Berasategui, Jordi Roca, Albert Adri\u00e1, Oriol Balaguer e, incluso, monjas de clausura. A preguntas de los periodistas ha asegurado que uno de los platos que mejor le salen es el pollo al curry.<\/p>\n","protected":false},"excerpt":{"rendered":"<p>La alcaldesa de la capital, Manuela Carmena, ha destacado este lunes en la inauguraci\u00f3n de Madrid Fusi\u00f3n que la cocina es \u00abuna actividad pensada para desarrollar lo mejor para los dem\u00e1s\u00bb, ejecutada para \u00abdar placer\u00bb. La regidora ha asegurado que Madrid est\u00e1 \u00aborgullosa de acoger la Academia de la Gastronom\u00eda\u00bb que es Madrid Fusi\u00f3n, antes<\/p>\n","protected":false},"author":1,"featured_media":61986,"comment_status":"open","ping_status":"closed","sticky":false,"template":"","format":"standard","meta":{"footnotes":""},"categories":[224],"tags":[],"class_list":{"0":"post-61985","1":"post","2":"type-post","3":"status-publish","4":"format-standard","5":"has-post-thumbnail","7":"category-noticias-actualidad"},"aioseo_notices":[],"aioseo_head":"\n\t\t<!-- All in One SEO Pro 4.9.6.1 - aioseo.com -->\n\t<meta name=\"description\" content=\"La alcaldesa de la capital, Manuela Carmena, ha destacado este lunes en la inauguraci\u00f3n de Madrid Fusi\u00f3n que la cocina es &quot;una actividad pensada para desarrollar lo mejor para los dem\u00e1s&quot;, ejecutada para &quot;dar placer&quot;. La regidora ha asegurado que Madrid est\u00e1 &quot;orgullosa de acoger la Academia de la Gastronom\u00eda&quot; que es Madrid Fusi\u00f3n, antes\" \/>\n\t<meta name=\"robots\" content=\"max-image-preview:large\" \/>\n\t<meta name=\"author\" content=\"admin\"\/>\n\t<meta name=\"google-site-verification\" content=\"UA-38556648-1\" \/>\n\t<meta name=\"keywords\" content=\"noticias y actualidad\" \/>\n\t<link rel=\"canonical\" href=\"https:\/\/eldigitaldeasturias.com\/magazine365\/carmena-define-la-cocina-como-la-actividad-pensada-para-desarrollar-lo-mejor-para-los-demas-y-dar-placer\/\" \/>\n\t<meta name=\"generator\" content=\"All in One SEO Pro (AIOSEO) 4.9.6.1\" \/>\n\t\t<meta property=\"og:locale\" content=\"es_ES\" \/>\n\t\t<meta property=\"og:site_name\" content=\"El Digital de Asturias \u2013 Revista de ocio, turismo y estilo de vida\" \/>\n\t\t<meta property=\"og:type\" content=\"article\" \/>\n\t\t<meta property=\"og:title\" content=\"Carmena define la cocina como \u00abla actividad pensada para desarrollar lo mejor para los dem\u00e1s\u00bb y \u00abdar placer\u00bb | El Digital de Asturias\" \/>\n\t\t<meta property=\"og:description\" content=\"La alcaldesa de la capital, Manuela Carmena, ha destacado este lunes en la inauguraci\u00f3n de Madrid Fusi\u00f3n que la cocina es &quot;una actividad pensada para desarrollar lo mejor para los dem\u00e1s&quot;, ejecutada para &quot;dar placer&quot;. La regidora ha asegurado que Madrid est\u00e1 &quot;orgullosa de acoger la Academia de la Gastronom\u00eda&quot; que es Madrid Fusi\u00f3n, antes\" \/>\n\t\t<meta property=\"og:url\" content=\"https:\/\/eldigitaldeasturias.com\/magazine365\/carmena-define-la-cocina-como-la-actividad-pensada-para-desarrollar-lo-mejor-para-los-demas-y-dar-placer\/\" \/>\n\t\t<meta property=\"og:image\" content=\"https:\/\/eldigitaldeasturias.com\/magazine365\/wp-content\/uploads\/2016\/01\/fotonoticia_20160125133156_800.jpg\" \/>\n\t\t<meta property=\"og:image:secure_url\" content=\"https:\/\/eldigitaldeasturias.com\/magazine365\/wp-content\/uploads\/2016\/01\/fotonoticia_20160125133156_800.jpg\" \/>\n\t\t<meta property=\"og:image:width\" content=\"800\" \/>\n\t\t<meta property=\"og:image:height\" content=\"533\" \/>\n\t\t<meta property=\"article:published_time\" content=\"2016-01-25T20:10:00+00:00\" \/>\n\t\t<meta property=\"article:modified_time\" content=\"2016-01-25T20:10:00+00:00\" \/>\n\t\t<meta name=\"twitter:card\" content=\"summary_large_image\" \/>\n\t\t<meta name=\"twitter:title\" content=\"Carmena define la cocina como \u00abla actividad pensada para desarrollar lo mejor para los dem\u00e1s\u00bb y \u00abdar placer\u00bb | El Digital de Asturias\" \/>\n\t\t<meta name=\"twitter:description\" content=\"La alcaldesa de la capital, Manuela Carmena, ha destacado este lunes en la inauguraci\u00f3n de Madrid Fusi\u00f3n que la cocina es &quot;una actividad pensada para desarrollar lo mejor para los dem\u00e1s&quot;, ejecutada para &quot;dar placer&quot;. La regidora ha asegurado que Madrid est\u00e1 &quot;orgullosa de acoger la Academia de la Gastronom\u00eda&quot; que es Madrid Fusi\u00f3n, antes\" \/>\n\t\t<meta name=\"twitter:image\" content=\"https:\/\/eldigitaldeasturias.com\/magazine365\/wp-content\/uploads\/2016\/01\/fotonoticia_20160125133156_800.jpg\" \/>\n\t\t<script type=\"application\/ld+json\" class=\"aioseo-schema\">\n\t\t\t{\"@context\":\"https:\\\/\\\/schema.org\",\"@graph\":[{\"@type\":\"Article\",\"@id\":\"https:\\\/\\\/eldigitaldeasturias.com\\\/magazine365\\\/carmena-define-la-cocina-como-la-actividad-pensada-para-desarrollar-lo-mejor-para-los-demas-y-dar-placer\\\/#article\",\"name\":\"Carmena define la cocina como \\u00abla actividad pensada para desarrollar lo mejor para los dem\\u00e1s\\u00bb y \\u00abdar placer\\u00bb | El Digital de Asturias\",\"headline\":\"Carmena define la cocina como \\u00abla actividad pensada para desarrollar lo mejor para los dem\\u00e1s\\u00bb y \\u00abdar placer\\u00bb\",\"author\":{\"@id\":\"https:\\\/\\\/eldigitaldeasturias.com\\\/magazine365\\\/author\\\/admin\\\/#author\"},\"publisher\":{\"@id\":\"https:\\\/\\\/eldigitaldeasturias.com\\\/magazine365\\\/#organization\"},\"image\":{\"@type\":\"ImageObject\",\"url\":\"https:\\\/\\\/eldigitaldeasturias.com\\\/magazine365\\\/wp-content\\\/uploads\\\/2016\\\/01\\\/fotonoticia_20160125133156_800.jpg\",\"width\":800,\"height\":533},\"datePublished\":\"2016-01-25T21:10:00+01:00\",\"dateModified\":\"2016-01-25T21:10:00+01:00\",\"inLanguage\":\"es-ES\",\"mainEntityOfPage\":{\"@id\":\"https:\\\/\\\/eldigitaldeasturias.com\\\/magazine365\\\/carmena-define-la-cocina-como-la-actividad-pensada-para-desarrollar-lo-mejor-para-los-demas-y-dar-placer\\\/#webpage\"},\"isPartOf\":{\"@id\":\"https:\\\/\\\/eldigitaldeasturias.com\\\/magazine365\\\/carmena-define-la-cocina-como-la-actividad-pensada-para-desarrollar-lo-mejor-para-los-demas-y-dar-placer\\\/#webpage\"},\"articleSection\":\"Noticias y Actualidad\"},{\"@type\":\"BreadcrumbList\",\"@id\":\"https:\\\/\\\/eldigitaldeasturias.com\\\/magazine365\\\/carmena-define-la-cocina-como-la-actividad-pensada-para-desarrollar-lo-mejor-para-los-demas-y-dar-placer\\\/#breadcrumblist\",\"itemListElement\":[{\"@type\":\"ListItem\",\"@id\":\"https:\\\/\\\/eldigitaldeasturias.com\\\/magazine365#listItem\",\"position\":1,\"name\":\"Home\",\"item\":\"https:\\\/\\\/eldigitaldeasturias.com\\\/magazine365\",\"nextItem\":{\"@type\":\"ListItem\",\"@id\":\"https:\\\/\\\/eldigitaldeasturias.com\\\/magazine365\\\/category\\\/noticias-actualidad\\\/#listItem\",\"name\":\"Noticias y Actualidad\"}},{\"@type\":\"ListItem\",\"@id\":\"https:\\\/\\\/eldigitaldeasturias.com\\\/magazine365\\\/category\\\/noticias-actualidad\\\/#listItem\",\"position\":2,\"name\":\"Noticias y Actualidad\",\"item\":\"https:\\\/\\\/eldigitaldeasturias.com\\\/magazine365\\\/category\\\/noticias-actualidad\\\/\",\"nextItem\":{\"@type\":\"ListItem\",\"@id\":\"https:\\\/\\\/eldigitaldeasturias.com\\\/magazine365\\\/carmena-define-la-cocina-como-la-actividad-pensada-para-desarrollar-lo-mejor-para-los-demas-y-dar-placer\\\/#listItem\",\"name\":\"Carmena define la cocina como \\u00abla actividad pensada para desarrollar lo mejor para los dem\\u00e1s\\u00bb y \\u00abdar placer\\u00bb\"},\"previousItem\":{\"@type\":\"ListItem\",\"@id\":\"https:\\\/\\\/eldigitaldeasturias.com\\\/magazine365#listItem\",\"name\":\"Home\"}},{\"@type\":\"ListItem\",\"@id\":\"https:\\\/\\\/eldigitaldeasturias.com\\\/magazine365\\\/carmena-define-la-cocina-como-la-actividad-pensada-para-desarrollar-lo-mejor-para-los-demas-y-dar-placer\\\/#listItem\",\"position\":3,\"name\":\"Carmena define la cocina como \\u00abla actividad pensada para desarrollar lo mejor para los dem\\u00e1s\\u00bb y \\u00abdar placer\\u00bb\",\"previousItem\":{\"@type\":\"ListItem\",\"@id\":\"https:\\\/\\\/eldigitaldeasturias.com\\\/magazine365\\\/category\\\/noticias-actualidad\\\/#listItem\",\"name\":\"Noticias y Actualidad\"}}]},{\"@type\":\"Organization\",\"@id\":\"https:\\\/\\\/eldigitaldeasturias.com\\\/magazine365\\\/#organization\",\"name\":\"El digital de Asturias\",\"description\":\"Revista de ocio, turismo y estilo de vida\",\"url\":\"https:\\\/\\\/eldigitaldeasturias.com\\\/magazine365\\\/\",\"logo\":{\"@type\":\"ImageObject\",\"url\":\"https:\\\/\\\/www.eldigitaldeasturias.com\\\/noticias\\\/wp-content\\\/uploads\\\/2020\\\/12\\\/EDA.jpg\",\"@id\":\"https:\\\/\\\/eldigitaldeasturias.com\\\/magazine365\\\/carmena-define-la-cocina-como-la-actividad-pensada-para-desarrollar-lo-mejor-para-los-demas-y-dar-placer\\\/#organizationLogo\"},\"image\":{\"@id\":\"https:\\\/\\\/eldigitaldeasturias.com\\\/magazine365\\\/carmena-define-la-cocina-como-la-actividad-pensada-para-desarrollar-lo-mejor-para-los-demas-y-dar-placer\\\/#organizationLogo\"}},{\"@type\":\"Person\",\"@id\":\"https:\\\/\\\/eldigitaldeasturias.com\\\/magazine365\\\/author\\\/admin\\\/#author\",\"url\":\"https:\\\/\\\/eldigitaldeasturias.com\\\/magazine365\\\/author\\\/admin\\\/\",\"name\":\"admin\",\"image\":{\"@type\":\"ImageObject\",\"@id\":\"https:\\\/\\\/eldigitaldeasturias.com\\\/magazine365\\\/carmena-define-la-cocina-como-la-actividad-pensada-para-desarrollar-lo-mejor-para-los-demas-y-dar-placer\\\/#authorImage\",\"url\":\"https:\\\/\\\/eldigitaldeasturias.com\\\/magazine365\\\/wp-content\\\/litespeed\\\/avatar\\\/e571bcf59a0edd6fa6838245a470f2fe.jpg?ver=1776969259\",\"width\":96,\"height\":96,\"caption\":\"admin\"}},{\"@type\":\"WebPage\",\"@id\":\"https:\\\/\\\/eldigitaldeasturias.com\\\/magazine365\\\/carmena-define-la-cocina-como-la-actividad-pensada-para-desarrollar-lo-mejor-para-los-demas-y-dar-placer\\\/#webpage\",\"url\":\"https:\\\/\\\/eldigitaldeasturias.com\\\/magazine365\\\/carmena-define-la-cocina-como-la-actividad-pensada-para-desarrollar-lo-mejor-para-los-demas-y-dar-placer\\\/\",\"name\":\"Carmena define la cocina como \\u00abla actividad pensada para desarrollar lo mejor para los dem\\u00e1s\\u00bb y \\u00abdar placer\\u00bb | El Digital de Asturias\",\"description\":\"La alcaldesa de la capital, Manuela Carmena, ha destacado este lunes en la inauguraci\\u00f3n de Madrid Fusi\\u00f3n que la cocina es \\\"una actividad pensada para desarrollar lo mejor para los dem\\u00e1s\\\", ejecutada para \\\"dar placer\\\". La regidora ha asegurado que Madrid est\\u00e1 \\\"orgullosa de acoger la Academia de la Gastronom\\u00eda\\\" que es Madrid Fusi\\u00f3n, antes\",\"inLanguage\":\"es-ES\",\"isPartOf\":{\"@id\":\"https:\\\/\\\/eldigitaldeasturias.com\\\/magazine365\\\/#website\"},\"breadcrumb\":{\"@id\":\"https:\\\/\\\/eldigitaldeasturias.com\\\/magazine365\\\/carmena-define-la-cocina-como-la-actividad-pensada-para-desarrollar-lo-mejor-para-los-demas-y-dar-placer\\\/#breadcrumblist\"},\"author\":{\"@id\":\"https:\\\/\\\/eldigitaldeasturias.com\\\/magazine365\\\/author\\\/admin\\\/#author\"},\"creator\":{\"@id\":\"https:\\\/\\\/eldigitaldeasturias.com\\\/magazine365\\\/author\\\/admin\\\/#author\"},\"image\":{\"@type\":\"ImageObject\",\"url\":\"https:\\\/\\\/eldigitaldeasturias.com\\\/magazine365\\\/wp-content\\\/uploads\\\/2016\\\/01\\\/fotonoticia_20160125133156_800.jpg\",\"@id\":\"https:\\\/\\\/eldigitaldeasturias.com\\\/magazine365\\\/carmena-define-la-cocina-como-la-actividad-pensada-para-desarrollar-lo-mejor-para-los-demas-y-dar-placer\\\/#mainImage\",\"width\":800,\"height\":533},\"primaryImageOfPage\":{\"@id\":\"https:\\\/\\\/eldigitaldeasturias.com\\\/magazine365\\\/carmena-define-la-cocina-como-la-actividad-pensada-para-desarrollar-lo-mejor-para-los-demas-y-dar-placer\\\/#mainImage\"},\"datePublished\":\"2016-01-25T21:10:00+01:00\",\"dateModified\":\"2016-01-25T21:10:00+01:00\"},{\"@type\":\"WebSite\",\"@id\":\"https:\\\/\\\/eldigitaldeasturias.com\\\/magazine365\\\/#website\",\"url\":\"https:\\\/\\\/eldigitaldeasturias.com\\\/magazine365\\\/\",\"name\":\"El Digital de Asturias\",\"description\":\"Revista de ocio, turismo y estilo de vida\",\"inLanguage\":\"es-ES\",\"publisher\":{\"@id\":\"https:\\\/\\\/eldigitaldeasturias.com\\\/magazine365\\\/#organization\"}}]}\n\t\t<\/script>\n\t\t<!-- All in One SEO Pro -->\r\n\t\t<title>Carmena define la cocina como \u00abla actividad pensada para desarrollar lo mejor para los dem\u00e1s\u00bb y \u00abdar placer\u00bb | El Digital de Asturias<\/title>\n\n","aioseo_head_json":{"title":"Carmena define la cocina como \u00abla actividad pensada para desarrollar lo mejor para los dem\u00e1s\u00bb y \u00abdar placer\u00bb | El Digital de Asturias","description":"La alcaldesa de la capital, Manuela Carmena, ha destacado este lunes en la inauguraci\u00f3n de Madrid Fusi\u00f3n que la cocina es \"una actividad pensada para desarrollar lo mejor para los dem\u00e1s\", ejecutada para \"dar placer\". La regidora ha asegurado que Madrid est\u00e1 \"orgullosa de acoger la Academia de la Gastronom\u00eda\" que es Madrid Fusi\u00f3n, antes","canonical_url":"https:\/\/eldigitaldeasturias.com\/magazine365\/carmena-define-la-cocina-como-la-actividad-pensada-para-desarrollar-lo-mejor-para-los-demas-y-dar-placer\/","robots":"max-image-preview:large","keywords":"noticias y actualidad","webmasterTools":{"google-site-verification":"UA-38556648-1","miscellaneous":""},"schema":{"@context":"https:\/\/schema.org","@graph":[{"@type":"Article","@id":"https:\/\/eldigitaldeasturias.com\/magazine365\/carmena-define-la-cocina-como-la-actividad-pensada-para-desarrollar-lo-mejor-para-los-demas-y-dar-placer\/#article","name":"Carmena define la cocina como \u00abla actividad pensada para desarrollar lo mejor para los dem\u00e1s\u00bb y \u00abdar placer\u00bb | El Digital de Asturias","headline":"Carmena define la cocina como \u00abla actividad pensada para desarrollar lo mejor para los dem\u00e1s\u00bb y \u00abdar placer\u00bb","author":{"@id":"https:\/\/eldigitaldeasturias.com\/magazine365\/author\/admin\/#author"},"publisher":{"@id":"https:\/\/eldigitaldeasturias.com\/magazine365\/#organization"},"image":{"@type":"ImageObject","url":"https:\/\/eldigitaldeasturias.com\/magazine365\/wp-content\/uploads\/2016\/01\/fotonoticia_20160125133156_800.jpg","width":800,"height":533},"datePublished":"2016-01-25T21:10:00+01:00","dateModified":"2016-01-25T21:10:00+01:00","inLanguage":"es-ES","mainEntityOfPage":{"@id":"https:\/\/eldigitaldeasturias.com\/magazine365\/carmena-define-la-cocina-como-la-actividad-pensada-para-desarrollar-lo-mejor-para-los-demas-y-dar-placer\/#webpage"},"isPartOf":{"@id":"https:\/\/eldigitaldeasturias.com\/magazine365\/carmena-define-la-cocina-como-la-actividad-pensada-para-desarrollar-lo-mejor-para-los-demas-y-dar-placer\/#webpage"},"articleSection":"Noticias y Actualidad"},{"@type":"BreadcrumbList","@id":"https:\/\/eldigitaldeasturias.com\/magazine365\/carmena-define-la-cocina-como-la-actividad-pensada-para-desarrollar-lo-mejor-para-los-demas-y-dar-placer\/#breadcrumblist","itemListElement":[{"@type":"ListItem","@id":"https:\/\/eldigitaldeasturias.com\/magazine365#listItem","position":1,"name":"Home","item":"https:\/\/eldigitaldeasturias.com\/magazine365","nextItem":{"@type":"ListItem","@id":"https:\/\/eldigitaldeasturias.com\/magazine365\/category\/noticias-actualidad\/#listItem","name":"Noticias y Actualidad"}},{"@type":"ListItem","@id":"https:\/\/eldigitaldeasturias.com\/magazine365\/category\/noticias-actualidad\/#listItem","position":2,"name":"Noticias y Actualidad","item":"https:\/\/eldigitaldeasturias.com\/magazine365\/category\/noticias-actualidad\/","nextItem":{"@type":"ListItem","@id":"https:\/\/eldigitaldeasturias.com\/magazine365\/carmena-define-la-cocina-como-la-actividad-pensada-para-desarrollar-lo-mejor-para-los-demas-y-dar-placer\/#listItem","name":"Carmena define la cocina como \u00abla actividad pensada para desarrollar lo mejor para los dem\u00e1s\u00bb y \u00abdar placer\u00bb"},"previousItem":{"@type":"ListItem","@id":"https:\/\/eldigitaldeasturias.com\/magazine365#listItem","name":"Home"}},{"@type":"ListItem","@id":"https:\/\/eldigitaldeasturias.com\/magazine365\/carmena-define-la-cocina-como-la-actividad-pensada-para-desarrollar-lo-mejor-para-los-demas-y-dar-placer\/#listItem","position":3,"name":"Carmena define la cocina como \u00abla actividad pensada para desarrollar lo mejor para los dem\u00e1s\u00bb y \u00abdar placer\u00bb","previousItem":{"@type":"ListItem","@id":"https:\/\/eldigitaldeasturias.com\/magazine365\/category\/noticias-actualidad\/#listItem","name":"Noticias y Actualidad"}}]},{"@type":"Organization","@id":"https:\/\/eldigitaldeasturias.com\/magazine365\/#organization","name":"El digital de Asturias","description":"Revista de ocio, turismo y estilo de vida","url":"https:\/\/eldigitaldeasturias.com\/magazine365\/","logo":{"@type":"ImageObject","url":"https:\/\/www.eldigitaldeasturias.com\/noticias\/wp-content\/uploads\/2020\/12\/EDA.jpg","@id":"https:\/\/eldigitaldeasturias.com\/magazine365\/carmena-define-la-cocina-como-la-actividad-pensada-para-desarrollar-lo-mejor-para-los-demas-y-dar-placer\/#organizationLogo"},"image":{"@id":"https:\/\/eldigitaldeasturias.com\/magazine365\/carmena-define-la-cocina-como-la-actividad-pensada-para-desarrollar-lo-mejor-para-los-demas-y-dar-placer\/#organizationLogo"}},{"@type":"Person","@id":"https:\/\/eldigitaldeasturias.com\/magazine365\/author\/admin\/#author","url":"https:\/\/eldigitaldeasturias.com\/magazine365\/author\/admin\/","name":"admin","image":{"@type":"ImageObject","@id":"https:\/\/eldigitaldeasturias.com\/magazine365\/carmena-define-la-cocina-como-la-actividad-pensada-para-desarrollar-lo-mejor-para-los-demas-y-dar-placer\/#authorImage","url":"https:\/\/eldigitaldeasturias.com\/magazine365\/wp-content\/litespeed\/avatar\/e571bcf59a0edd6fa6838245a470f2fe.jpg?ver=1776969259","width":96,"height":96,"caption":"admin"}},{"@type":"WebPage","@id":"https:\/\/eldigitaldeasturias.com\/magazine365\/carmena-define-la-cocina-como-la-actividad-pensada-para-desarrollar-lo-mejor-para-los-demas-y-dar-placer\/#webpage","url":"https:\/\/eldigitaldeasturias.com\/magazine365\/carmena-define-la-cocina-como-la-actividad-pensada-para-desarrollar-lo-mejor-para-los-demas-y-dar-placer\/","name":"Carmena define la cocina como \u00abla actividad pensada para desarrollar lo mejor para los dem\u00e1s\u00bb y \u00abdar placer\u00bb | El Digital de Asturias","description":"La alcaldesa de la capital, Manuela Carmena, ha destacado este lunes en la inauguraci\u00f3n de Madrid Fusi\u00f3n que la cocina es \"una actividad pensada para desarrollar lo mejor para los dem\u00e1s\", ejecutada para \"dar placer\". La regidora ha asegurado que Madrid est\u00e1 \"orgullosa de acoger la Academia de la Gastronom\u00eda\" que es Madrid Fusi\u00f3n, antes","inLanguage":"es-ES","isPartOf":{"@id":"https:\/\/eldigitaldeasturias.com\/magazine365\/#website"},"breadcrumb":{"@id":"https:\/\/eldigitaldeasturias.com\/magazine365\/carmena-define-la-cocina-como-la-actividad-pensada-para-desarrollar-lo-mejor-para-los-demas-y-dar-placer\/#breadcrumblist"},"author":{"@id":"https:\/\/eldigitaldeasturias.com\/magazine365\/author\/admin\/#author"},"creator":{"@id":"https:\/\/eldigitaldeasturias.com\/magazine365\/author\/admin\/#author"},"image":{"@type":"ImageObject","url":"https:\/\/eldigitaldeasturias.com\/magazine365\/wp-content\/uploads\/2016\/01\/fotonoticia_20160125133156_800.jpg","@id":"https:\/\/eldigitaldeasturias.com\/magazine365\/carmena-define-la-cocina-como-la-actividad-pensada-para-desarrollar-lo-mejor-para-los-demas-y-dar-placer\/#mainImage","width":800,"height":533},"primaryImageOfPage":{"@id":"https:\/\/eldigitaldeasturias.com\/magazine365\/carmena-define-la-cocina-como-la-actividad-pensada-para-desarrollar-lo-mejor-para-los-demas-y-dar-placer\/#mainImage"},"datePublished":"2016-01-25T21:10:00+01:00","dateModified":"2016-01-25T21:10:00+01:00"},{"@type":"WebSite","@id":"https:\/\/eldigitaldeasturias.com\/magazine365\/#website","url":"https:\/\/eldigitaldeasturias.com\/magazine365\/","name":"El Digital de Asturias","description":"Revista de ocio, turismo y estilo de vida","inLanguage":"es-ES","publisher":{"@id":"https:\/\/eldigitaldeasturias.com\/magazine365\/#organization"}}]},"og:locale":"es_ES","og:site_name":"El Digital de Asturias \u2013 Revista de ocio, turismo y estilo de vida","og:type":"article","og:title":"Carmena define la cocina como \u00abla actividad pensada para desarrollar lo mejor para los dem\u00e1s\u00bb y \u00abdar placer\u00bb | El Digital de Asturias","og:description":"La alcaldesa de la capital, Manuela Carmena, ha destacado este lunes en la inauguraci\u00f3n de Madrid Fusi\u00f3n que la cocina es &quot;una actividad pensada para desarrollar lo mejor para los dem\u00e1s&quot;, ejecutada para &quot;dar placer&quot;. La regidora ha asegurado que Madrid est\u00e1 &quot;orgullosa de acoger la Academia de la Gastronom\u00eda&quot; que es Madrid Fusi\u00f3n, antes","og:url":"https:\/\/eldigitaldeasturias.com\/magazine365\/carmena-define-la-cocina-como-la-actividad-pensada-para-desarrollar-lo-mejor-para-los-demas-y-dar-placer\/","og:image":"https:\/\/eldigitaldeasturias.com\/magazine365\/wp-content\/uploads\/2016\/01\/fotonoticia_20160125133156_800.jpg","og:image:secure_url":"https:\/\/eldigitaldeasturias.com\/magazine365\/wp-content\/uploads\/2016\/01\/fotonoticia_20160125133156_800.jpg","og:image:width":800,"og:image:height":533,"article:published_time":"2016-01-25T20:10:00+00:00","article:modified_time":"2016-01-25T20:10:00+00:00","twitter:card":"summary_large_image","twitter:title":"Carmena define la cocina como \u00abla actividad pensada para desarrollar lo mejor para los dem\u00e1s\u00bb y \u00abdar placer\u00bb | El Digital de Asturias","twitter:description":"La alcaldesa de la capital, Manuela Carmena, ha destacado este lunes en la inauguraci\u00f3n de Madrid Fusi\u00f3n que la cocina es &quot;una actividad pensada para desarrollar lo mejor para los dem\u00e1s&quot;, ejecutada para &quot;dar placer&quot;. La regidora ha asegurado que Madrid est\u00e1 &quot;orgullosa de acoger la Academia de la Gastronom\u00eda&quot; que es Madrid Fusi\u00f3n, antes","twitter:image":"https:\/\/eldigitaldeasturias.com\/magazine365\/wp-content\/uploads\/2016\/01\/fotonoticia_20160125133156_800.jpg"},"aioseo_meta_data":{"post_id":"61985","title":null,"description":null,"keywords":null,"keyphrases":null,"primary_term":null,"canonical_url":null,"og_title":null,"og_description":null,"og_object_type":"default","og_image_type":"default","og_image_url":null,"og_image_width":null,"og_image_height":null,"og_image_custom_url":null,"og_image_custom_fields":null,"og_video":null,"og_custom_url":null,"og_article_section":null,"og_article_tags":null,"twitter_use_og":false,"twitter_card":"default","twitter_image_type":"default","twitter_image_url":null,"twitter_image_custom_url":null,"twitter_image_custom_fields":null,"twitter_title":null,"twitter_description":null,"schema":{"blockGraphs":[],"customGraphs":[],"default":{"data":{"Article":[],"Course":[],"Dataset":[],"FAQPage":[],"Movie":[],"Person":[],"Product":[],"ProductReview":[],"Car":[],"Recipe":[],"Service":[],"SoftwareApplication":[],"WebPage":[]},"graphName":"","isEnabled":true},"graphs":[],"defaultGraph":"","defaultPostTypeGraph":""},"schema_type":null,"schema_type_options":null,"pillar_content":false,"robots_default":true,"robots_noindex":false,"robots_noarchive":false,"robots_nosnippet":false,"robots_nofollow":false,"robots_noimageindex":false,"robots_noodp":false,"robots_notranslate":false,"robots_max_snippet":null,"robots_max_videopreview":null,"robots_max_imagepreview":"large","priority":null,"frequency":null,"location":null,"local_seo":null,"seo_analyzer_scan_date":"2025-09-25 10:08:11","breadcrumb_settings":null,"limit_modified_date":false,"open_ai":null,"ai":null,"created":"2021-03-08 21:42:49","updated":"2025-09-25 10:08:11"},"aioseo_breadcrumb":"<div class=\"aioseo-breadcrumbs\"><span class=\"aioseo-breadcrumb\">\n\t<a href=\"https:\/\/eldigitaldeasturias.com\/magazine365\" title=\"Home\">Home<\/a>\n<\/span><span class=\"aioseo-breadcrumb-separator\">\u2013<\/span><span class=\"aioseo-breadcrumb\">\n\t<a href=\"https:\/\/eldigitaldeasturias.com\/magazine365\/category\/noticias-actualidad\/\" title=\"Noticias y Actualidad\">Noticias y Actualidad<\/a>\n<\/span><span class=\"aioseo-breadcrumb-separator\">\u2013<\/span><span class=\"aioseo-breadcrumb\">\n\t<a href=\"https:\/\/eldigitaldeasturias.com\/magazine365\/carmena-define-la-cocina-como-la-actividad-pensada-para-desarrollar-lo-mejor-para-los-demas-y-dar-placer\/\" title=\"Carmena define la cocina como \u00abla actividad pensada para desarrollar lo mejor para los dem\u00e1s\u00bb y \u00abdar placer\u00bb\">Carmena define la cocina como \u00abla actividad pensada para desarrollar lo mejor para los dem\u00e1s\u00bb y \u00abdar placer\u00bb<\/a>\n<\/span><\/div>","aioseo_breadcrumb_json":[{"label":"Home","link":"https:\/\/eldigitaldeasturias.com\/magazine365"},{"label":"Noticias y Actualidad","link":"https:\/\/eldigitaldeasturias.com\/magazine365\/category\/noticias-actualidad\/"},{"label":"Carmena define la cocina como \u00abla actividad pensada para desarrollar lo mejor para los dem\u00e1s\u00bb y \u00abdar placer\u00bb","link":"https:\/\/eldigitaldeasturias.com\/magazine365\/carmena-define-la-cocina-como-la-actividad-pensada-para-desarrollar-lo-mejor-para-los-demas-y-dar-placer\/"}],"_links":{"self":[{"href":"https:\/\/eldigitaldeasturias.com\/magazine365\/wp-json\/wp\/v2\/posts\/61985","targetHints":{"allow":["GET"]}}],"collection":[{"href":"https:\/\/eldigitaldeasturias.com\/magazine365\/wp-json\/wp\/v2\/posts"}],"about":[{"href":"https:\/\/eldigitaldeasturias.com\/magazine365\/wp-json\/wp\/v2\/types\/post"}],"author":[{"embeddable":true,"href":"https:\/\/eldigitaldeasturias.com\/magazine365\/wp-json\/wp\/v2\/users\/1"}],"replies":[{"embeddable":true,"href":"https:\/\/eldigitaldeasturias.com\/magazine365\/wp-json\/wp\/v2\/comments?post=61985"}],"version-history":[{"count":0,"href":"https:\/\/eldigitaldeasturias.com\/magazine365\/wp-json\/wp\/v2\/posts\/61985\/revisions"}],"wp:featuredmedia":[{"embeddable":true,"href":"https:\/\/eldigitaldeasturias.com\/magazine365\/wp-json\/wp\/v2\/media\/61986"}],"wp:attachment":[{"href":"https:\/\/eldigitaldeasturias.com\/magazine365\/wp-json\/wp\/v2\/media?parent=61985"}],"wp:term":[{"taxonomy":"category","embeddable":true,"href":"https:\/\/eldigitaldeasturias.com\/magazine365\/wp-json\/wp\/v2\/categories?post=61985"},{"taxonomy":"post_tag","embeddable":true,"href":"https:\/\/eldigitaldeasturias.com\/magazine365\/wp-json\/wp\/v2\/tags?post=61985"}],"curies":[{"name":"wp","href":"https:\/\/api.w.org\/{rel}","templated":true}]}}