{"id":61979,"date":"2016-01-25T21:08:11","date_gmt":"2016-01-25T20:08:11","guid":{"rendered":"http:\/\/eldigitaldeasturias.com\/magazine365\/?p=61979"},"modified":"2016-01-25T21:08:11","modified_gmt":"2016-01-25T20:08:11","slug":"el-stand-riojano-supera-los-232-000-visitantes-en-fitur-2016","status":"publish","type":"post","link":"https:\/\/eldigitaldeasturias.com\/magazine365\/el-stand-riojano-supera-los-232-000-visitantes-en-fitur-2016\/","title":{"rendered":"El stand riojano supera los 232.000 visitantes en Fitur 2016"},"content":{"rendered":"<p><img fetchpriority=\"high\" decoding=\"async\" class=\"alignleft size-medium wp-image-61980\" src=\"https:\/\/eldigitaldeasturias.com\/magazine365\/wp-content\/uploads\/2016\/01\/fotonoticia_20160125131915_800-360x270.jpg\" alt=\"fotonoticia_20160125131915_800\" width=\"360\" height=\"270\" srcset=\"https:\/\/eldigitaldeasturias.com\/magazine365\/wp-content\/uploads\/2016\/01\/fotonoticia_20160125131915_800-360x270.jpg 360w, https:\/\/eldigitaldeasturias.com\/magazine365\/wp-content\/uploads\/2016\/01\/fotonoticia_20160125131915_800-650x488.jpg 650w, https:\/\/eldigitaldeasturias.com\/magazine365\/wp-content\/uploads\/2016\/01\/fotonoticia_20160125131915_800-768x576.jpg 768w, https:\/\/eldigitaldeasturias.com\/magazine365\/wp-content\/uploads\/2016\/01\/fotonoticia_20160125131915_800-150x113.jpg 150w, https:\/\/eldigitaldeasturias.com\/magazine365\/wp-content\/uploads\/2016\/01\/fotonoticia_20160125131915_800-450x338.jpg 450w, https:\/\/eldigitaldeasturias.com\/magazine365\/wp-content\/uploads\/2016\/01\/fotonoticia_20160125131915_800-80x60.jpg 80w, https:\/\/eldigitaldeasturias.com\/magazine365\/wp-content\/uploads\/2016\/01\/fotonoticia_20160125131915_800-265x198.jpg 265w, https:\/\/eldigitaldeasturias.com\/magazine365\/wp-content\/uploads\/2016\/01\/fotonoticia_20160125131915_800-696x522.jpg 696w, https:\/\/eldigitaldeasturias.com\/magazine365\/wp-content\/uploads\/2016\/01\/fotonoticia_20160125131915_800-560x420.jpg 560w, https:\/\/eldigitaldeasturias.com\/magazine365\/wp-content\/uploads\/2016\/01\/fotonoticia_20160125131915_800-90x67.jpg 90w, https:\/\/eldigitaldeasturias.com\/magazine365\/wp-content\/uploads\/2016\/01\/fotonoticia_20160125131915_800-164x124.jpg 164w, https:\/\/eldigitaldeasturias.com\/magazine365\/wp-content\/uploads\/2016\/01\/fotonoticia_20160125131915_800-100x75.jpg 100w, https:\/\/eldigitaldeasturias.com\/magazine365\/wp-content\/uploads\/2016\/01\/fotonoticia_20160125131915_800.jpg 800w\" sizes=\"(max-width: 360px) 100vw, 360px\" \/>El stand riojano en la Feria Internacional de Turismo, Fitur 2016, ha logrado el \u00abmejor dato de su historia\u00bb, al superar lo 232.000 visitantes, seg\u00fan han destacado la consejera de Desarrollo Econ\u00f3mico e Innovaci\u00f3n, Leonor Gonz\u00e1lez, y el director general de Cultura y Turismo, Eduardo Rodr\u00edguez Os\u00e9s.<\/p>\n<p>Ambos se han mostrados satisfechos con la participaci\u00f3n riojana en la feria, que se ha desarrollado en Madrid del 21 al 24 de enero, en el que el pabell\u00f3n riojano, adem\u00e1s, ha sido reconocido como el mejor de instituciones y Comunidades Aut\u00f3nomas. Para ello, se ha tenido en cuenta, ha se\u00f1alado Gonz\u00e1lez, la \u00abprofesionalidad, comunicaci\u00f3n, promoci\u00f3n y dise\u00f1o del stand\u00bb.<\/p>\n<p>Ha indicado que gracias a la presencia de La Rioja en la trig\u00e9simo sexta edici\u00f3n de la feria, se han logrado dos de los objetivos que se marcaron, como fueron \u00abdar a conocer nuestra Comunidad Aut\u00f3noma y que el turismo se consolide como uno de los principales motores de nuestra econom\u00eda\u00bb.<\/p>\n<p>Gonz\u00e1lez, ha indicado que Fitur \u00abes un magn\u00edfico escaparate en el que damos a conocer los atractivos tur\u00edsticos que ofrece La Rioja al visitante y promocionamos nuestros productos m\u00e1s representativos, no solo el vino, que por supuesto tambi\u00e9n, si no muchos de los m\u00e1s significativos de nuestro sector agroalimentario\u00bb.<\/p>\n<p>La consejera ha destacado el enorme movimiento del stand riojano, donde cada d\u00eda conviv\u00edan las actividades programadas con las numerosas reuniones que ha mantenido el Gobierno de La Rioja y todos los representantes riojanos del sector tur\u00edstico, agroalimentario, artesan\u00eda o de la comunicaci\u00f3n con sus contactos.<\/p>\n<p>Por ello, ha querido agradecer su esfuerzo a todo el equipo de La Rioja Turismo, de la Escuela de Hosteler\u00eda &#8216;Camino de Santiago&#8217; de Santo Domingo de la Calzada y Oficinas de Turismo (La Rioja, N\u00e1jera, Alfaro, Valcidacos, Cameros, Calahorra) as\u00ed como a los estudiantes del Grado de Turismo de La Universidad de La Rioja. Todos han trabajado \u00abunidos y muy duro para que todo haya salido muy bien y que las personas que nos han visitado se hayan ido satisfechos\u00bb.<\/p>\n<p>Adem\u00e1s, ha indicado que se ha intentado que el de La Rioja fuera un escaparate real de todo lo que ofrece La Rioja y que resulta de enorme inter\u00e9s tanto para empresas tur\u00edsticas como para el p\u00fablico en general. \u00abNo quer\u00edamos limitarnos a ser un mostrador en el que se reparten folletos, si no un lugar en el que todos los que se acercaban descubrieran algo que les sorprendiera y que, por supuesto, les empuje a querer visitar La Rioja\u00bb, ha resaltado.<\/p>\n<p>M\u00c1S VISITAS<\/p>\n<p>Fitur 2016 ha cerrado con los mejores datos de sus 36 ediciones, tanto en participaci\u00f3n y como en peso internacional, que reflejan el actual empuje del sector tur\u00edstico. As\u00ed, ha recibido a 232.000 visitantes, un 6 por ciento m\u00e1s que en 2015, y han participado 9.605 empresas, ha destacado Rodr\u00edguez.<\/p>\n<p>En cuanto al stand de La Rioja, ha resaltado que personal de las oficinas de turismo de La Rioja all\u00ed desplazadas han repartido un total de 37.580 folletos. En total, hab\u00eda m\u00e1s de 200 tipos de material impreso tanto institucionales como del sector privado. El folleto m\u00e1s demandado ha sido el mapa de La Rioja y uno sobre vino y gastronom\u00eda.<\/p>\n<p>El personal de bar atendi\u00f3 a 11.800 personas durante estos cinco d\u00edas. Han sido especialmente concurridas las actividades de &#8216;cocina en directo&#8217; del equipo del &#8216;Cooking Team&#8217; o las catas.<\/p>\n<p>La presencia de La Rioja en stand ha tenido una importante repercusi\u00f3n medi\u00e1tica. As\u00ed, se atendieron a casi 200 periodistas de medios nacionales e internacionales, de informaci\u00f3n general y especializados. Se realizaron, adem\u00e1s, seis directos de televisiones nacionales desde el stand riojano e intervenciones en radios nacionales.<\/p>\n<p>En cuanto a las reuniones y encuentros m\u00e1s destacados el director general de Cultura y Turismo, Eduardo Rodr\u00edguez Os\u00e9s, particip\u00f3 en el foro de Liderazgo Tur\u00edstico Exceltur y asisti\u00f3 a la entrega de los galardones Q en la que fueron distinguidos &#8216;Bodegas Campo Viejo&#8217;, &#8216;Bodegas Rioja Alta&#8217;, &#8216;Montecillo&#8217;, &#8216;Hotel Finca Los Arandinos&#8217; y el Balneario de Arnedillo.<\/p>\n<p>Rodr\u00edguez Os\u00e9s ha mantenido, adem\u00e1s, reuniones con sus hom\u00f3logos de Castilla Le\u00f3n, Galicia y Navarra con objeto de reforzar la visibilidad y calidad del servicio en el Camino de Santiago.<\/p>\n<p>Tambi\u00e9n ha realizado encuentros con los directores de Oficinas Espa\u00f1olas de Turismo en el mundo: Mil\u00e1n, Irlanda, Holanda, Frankfurt, Mosc\u00fa, Viena, M\u00e9xico, Reino Unido, Berl\u00edn, Buenos Aires y Par\u00eds. Adem\u00e1s, citas con turoperadores como: Exclusive Destinations (Belgica), Turavion (Chile), Queensberry (Brasil), Wine Trip List (China), Visa Concord Travel (Rusia), Julia Tours, Adsmundo (Chile)<\/p>\n<p>Los t\u00e9cnicos de La Rioja Turismo, por su parte, han mantenido encuentros con los principales portales de turismo &#8216;online&#8217;: Rumbo, Atr\u00e1palo, Logitravel, Edreams, Minube, Destinia, Escapada Rural, Easy Voyage, Muchoviaje. Tambi\u00e9n asistieron al congreso, celebrado en FITUR, &#8216;Google Travel Think&#8217;.<\/p>\n<p>El stand ha recibido las visitas de, entre otros, la Secretaria de Estado de Turismo, Isabel Borrego; el Secretario de Estado de Agricultura y Alimentaci\u00f3n, Carlos Cabanas; responsables de entidades culturales como el Museo Thyssen; el director de Segittur, Antonio L\u00f3pez D\u00e1vila; consejeros y directores generales de varias Comunidades Aut\u00f3nomas; responsables de ITCE (Instituto de Calidad Tur\u00edstica de Espa\u00f1a), Exceltur, Acci\u00f3n Cultural, Observatorio espa\u00f1ol del mercado del vino.<\/p>\n","protected":false},"excerpt":{"rendered":"<p>El stand riojano en la Feria Internacional de Turismo, Fitur 2016, ha logrado el \u00abmejor dato de su historia\u00bb, al superar lo 232.000 visitantes, seg\u00fan han destacado la consejera de Desarrollo Econ\u00f3mico e Innovaci\u00f3n, Leonor Gonz\u00e1lez, y el director general de Cultura y Turismo, Eduardo Rodr\u00edguez Os\u00e9s. Ambos se han mostrados satisfechos con la participaci\u00f3n<\/p>\n","protected":false},"author":1,"featured_media":61980,"comment_status":"open","ping_status":"closed","sticky":false,"template":"","format":"standard","meta":{"footnotes":""},"categories":[224],"tags":[],"class_list":{"0":"post-61979","1":"post","2":"type-post","3":"status-publish","4":"format-standard","5":"has-post-thumbnail","7":"category-noticias-actualidad"},"aioseo_notices":[],"aioseo_head":"\n\t\t<!-- All in One SEO Pro 4.9.6.1 - aioseo.com -->\n\t<meta name=\"description\" content=\"El stand riojano en la Feria Internacional de Turismo, Fitur 2016, ha logrado el &quot;mejor dato de su historia&quot;, al superar lo 232.000 visitantes, seg\u00fan han destacado la consejera de Desarrollo Econ\u00f3mico e Innovaci\u00f3n, Leonor Gonz\u00e1lez, y el director general de Cultura y Turismo, Eduardo Rodr\u00edguez Os\u00e9s. Ambos se han mostrados satisfechos con la participaci\u00f3n\" \/>\n\t<meta name=\"robots\" content=\"max-image-preview:large\" \/>\n\t<meta name=\"author\" content=\"admin\"\/>\n\t<meta name=\"google-site-verification\" content=\"UA-38556648-1\" \/>\n\t<meta name=\"keywords\" content=\"noticias y actualidad\" \/>\n\t<link rel=\"canonical\" href=\"https:\/\/eldigitaldeasturias.com\/magazine365\/el-stand-riojano-supera-los-232-000-visitantes-en-fitur-2016\/\" \/>\n\t<meta name=\"generator\" content=\"All in One SEO Pro (AIOSEO) 4.9.6.1\" \/>\n\t\t<meta property=\"og:locale\" content=\"es_ES\" \/>\n\t\t<meta property=\"og:site_name\" content=\"El Digital de Asturias \u2013 Revista de ocio, turismo y estilo de vida\" \/>\n\t\t<meta property=\"og:type\" content=\"article\" \/>\n\t\t<meta property=\"og:title\" content=\"El stand riojano supera los 232.000 visitantes en Fitur 2016 | El Digital de Asturias\" \/>\n\t\t<meta property=\"og:description\" content=\"El stand riojano en la Feria Internacional de Turismo, Fitur 2016, ha logrado el &quot;mejor dato de su historia&quot;, al superar lo 232.000 visitantes, seg\u00fan han destacado la consejera de Desarrollo Econ\u00f3mico e Innovaci\u00f3n, Leonor Gonz\u00e1lez, y el director general de Cultura y Turismo, Eduardo Rodr\u00edguez Os\u00e9s. Ambos se han mostrados satisfechos con la participaci\u00f3n\" \/>\n\t\t<meta property=\"og:url\" content=\"https:\/\/eldigitaldeasturias.com\/magazine365\/el-stand-riojano-supera-los-232-000-visitantes-en-fitur-2016\/\" \/>\n\t\t<meta property=\"og:image\" content=\"https:\/\/eldigitaldeasturias.com\/magazine365\/wp-content\/uploads\/2016\/01\/fotonoticia_20160125131915_800.jpg\" \/>\n\t\t<meta property=\"og:image:secure_url\" content=\"https:\/\/eldigitaldeasturias.com\/magazine365\/wp-content\/uploads\/2016\/01\/fotonoticia_20160125131915_800.jpg\" \/>\n\t\t<meta property=\"og:image:width\" content=\"800\" \/>\n\t\t<meta property=\"og:image:height\" content=\"600\" \/>\n\t\t<meta property=\"article:published_time\" content=\"2016-01-25T20:08:11+00:00\" \/>\n\t\t<meta property=\"article:modified_time\" content=\"2016-01-25T20:08:11+00:00\" \/>\n\t\t<meta name=\"twitter:card\" content=\"summary_large_image\" \/>\n\t\t<meta name=\"twitter:title\" content=\"El stand riojano supera los 232.000 visitantes en Fitur 2016 | El Digital de Asturias\" \/>\n\t\t<meta name=\"twitter:description\" content=\"El stand riojano en la Feria Internacional de Turismo, Fitur 2016, ha logrado el &quot;mejor dato de su historia&quot;, al superar lo 232.000 visitantes, seg\u00fan han destacado la consejera de Desarrollo Econ\u00f3mico e Innovaci\u00f3n, Leonor Gonz\u00e1lez, y el director general de Cultura y Turismo, Eduardo Rodr\u00edguez Os\u00e9s. Ambos se han mostrados satisfechos con la participaci\u00f3n\" \/>\n\t\t<meta name=\"twitter:image\" content=\"https:\/\/eldigitaldeasturias.com\/magazine365\/wp-content\/uploads\/2016\/01\/fotonoticia_20160125131915_800.jpg\" \/>\n\t\t<script type=\"application\/ld+json\" class=\"aioseo-schema\">\n\t\t\t{\"@context\":\"https:\\\/\\\/schema.org\",\"@graph\":[{\"@type\":\"Article\",\"@id\":\"https:\\\/\\\/eldigitaldeasturias.com\\\/magazine365\\\/el-stand-riojano-supera-los-232-000-visitantes-en-fitur-2016\\\/#article\",\"name\":\"El stand riojano supera los 232.000 visitantes en Fitur 2016 | El Digital de Asturias\",\"headline\":\"El stand riojano supera los 232.000 visitantes en Fitur 2016\",\"author\":{\"@id\":\"https:\\\/\\\/eldigitaldeasturias.com\\\/magazine365\\\/author\\\/admin\\\/#author\"},\"publisher\":{\"@id\":\"https:\\\/\\\/eldigitaldeasturias.com\\\/magazine365\\\/#organization\"},\"image\":{\"@type\":\"ImageObject\",\"url\":\"https:\\\/\\\/eldigitaldeasturias.com\\\/magazine365\\\/wp-content\\\/uploads\\\/2016\\\/01\\\/fotonoticia_20160125131915_800.jpg\",\"width\":800,\"height\":600},\"datePublished\":\"2016-01-25T21:08:11+01:00\",\"dateModified\":\"2016-01-25T21:08:11+01:00\",\"inLanguage\":\"es-ES\",\"mainEntityOfPage\":{\"@id\":\"https:\\\/\\\/eldigitaldeasturias.com\\\/magazine365\\\/el-stand-riojano-supera-los-232-000-visitantes-en-fitur-2016\\\/#webpage\"},\"isPartOf\":{\"@id\":\"https:\\\/\\\/eldigitaldeasturias.com\\\/magazine365\\\/el-stand-riojano-supera-los-232-000-visitantes-en-fitur-2016\\\/#webpage\"},\"articleSection\":\"Noticias y Actualidad\"},{\"@type\":\"BreadcrumbList\",\"@id\":\"https:\\\/\\\/eldigitaldeasturias.com\\\/magazine365\\\/el-stand-riojano-supera-los-232-000-visitantes-en-fitur-2016\\\/#breadcrumblist\",\"itemListElement\":[{\"@type\":\"ListItem\",\"@id\":\"https:\\\/\\\/eldigitaldeasturias.com\\\/magazine365#listItem\",\"position\":1,\"name\":\"Home\",\"item\":\"https:\\\/\\\/eldigitaldeasturias.com\\\/magazine365\",\"nextItem\":{\"@type\":\"ListItem\",\"@id\":\"https:\\\/\\\/eldigitaldeasturias.com\\\/magazine365\\\/category\\\/noticias-actualidad\\\/#listItem\",\"name\":\"Noticias y Actualidad\"}},{\"@type\":\"ListItem\",\"@id\":\"https:\\\/\\\/eldigitaldeasturias.com\\\/magazine365\\\/category\\\/noticias-actualidad\\\/#listItem\",\"position\":2,\"name\":\"Noticias y Actualidad\",\"item\":\"https:\\\/\\\/eldigitaldeasturias.com\\\/magazine365\\\/category\\\/noticias-actualidad\\\/\",\"nextItem\":{\"@type\":\"ListItem\",\"@id\":\"https:\\\/\\\/eldigitaldeasturias.com\\\/magazine365\\\/el-stand-riojano-supera-los-232-000-visitantes-en-fitur-2016\\\/#listItem\",\"name\":\"El stand riojano supera los 232.000 visitantes en Fitur 2016\"},\"previousItem\":{\"@type\":\"ListItem\",\"@id\":\"https:\\\/\\\/eldigitaldeasturias.com\\\/magazine365#listItem\",\"name\":\"Home\"}},{\"@type\":\"ListItem\",\"@id\":\"https:\\\/\\\/eldigitaldeasturias.com\\\/magazine365\\\/el-stand-riojano-supera-los-232-000-visitantes-en-fitur-2016\\\/#listItem\",\"position\":3,\"name\":\"El stand riojano supera los 232.000 visitantes en Fitur 2016\",\"previousItem\":{\"@type\":\"ListItem\",\"@id\":\"https:\\\/\\\/eldigitaldeasturias.com\\\/magazine365\\\/category\\\/noticias-actualidad\\\/#listItem\",\"name\":\"Noticias y Actualidad\"}}]},{\"@type\":\"Organization\",\"@id\":\"https:\\\/\\\/eldigitaldeasturias.com\\\/magazine365\\\/#organization\",\"name\":\"El digital de Asturias\",\"description\":\"Revista de ocio, turismo y estilo de vida\",\"url\":\"https:\\\/\\\/eldigitaldeasturias.com\\\/magazine365\\\/\",\"logo\":{\"@type\":\"ImageObject\",\"url\":\"https:\\\/\\\/www.eldigitaldeasturias.com\\\/noticias\\\/wp-content\\\/uploads\\\/2020\\\/12\\\/EDA.jpg\",\"@id\":\"https:\\\/\\\/eldigitaldeasturias.com\\\/magazine365\\\/el-stand-riojano-supera-los-232-000-visitantes-en-fitur-2016\\\/#organizationLogo\"},\"image\":{\"@id\":\"https:\\\/\\\/eldigitaldeasturias.com\\\/magazine365\\\/el-stand-riojano-supera-los-232-000-visitantes-en-fitur-2016\\\/#organizationLogo\"}},{\"@type\":\"Person\",\"@id\":\"https:\\\/\\\/eldigitaldeasturias.com\\\/magazine365\\\/author\\\/admin\\\/#author\",\"url\":\"https:\\\/\\\/eldigitaldeasturias.com\\\/magazine365\\\/author\\\/admin\\\/\",\"name\":\"admin\",\"image\":{\"@type\":\"ImageObject\",\"@id\":\"https:\\\/\\\/eldigitaldeasturias.com\\\/magazine365\\\/el-stand-riojano-supera-los-232-000-visitantes-en-fitur-2016\\\/#authorImage\",\"url\":\"https:\\\/\\\/eldigitaldeasturias.com\\\/magazine365\\\/wp-content\\\/litespeed\\\/avatar\\\/e571bcf59a0edd6fa6838245a470f2fe.jpg?ver=1776969259\",\"width\":96,\"height\":96,\"caption\":\"admin\"}},{\"@type\":\"WebPage\",\"@id\":\"https:\\\/\\\/eldigitaldeasturias.com\\\/magazine365\\\/el-stand-riojano-supera-los-232-000-visitantes-en-fitur-2016\\\/#webpage\",\"url\":\"https:\\\/\\\/eldigitaldeasturias.com\\\/magazine365\\\/el-stand-riojano-supera-los-232-000-visitantes-en-fitur-2016\\\/\",\"name\":\"El stand riojano supera los 232.000 visitantes en Fitur 2016 | El Digital de Asturias\",\"description\":\"El stand riojano en la Feria Internacional de Turismo, Fitur 2016, ha logrado el \\\"mejor dato de su historia\\\", al superar lo 232.000 visitantes, seg\\u00fan han destacado la consejera de Desarrollo Econ\\u00f3mico e Innovaci\\u00f3n, Leonor Gonz\\u00e1lez, y el director general de Cultura y Turismo, Eduardo Rodr\\u00edguez Os\\u00e9s. Ambos se han mostrados satisfechos con la participaci\\u00f3n\",\"inLanguage\":\"es-ES\",\"isPartOf\":{\"@id\":\"https:\\\/\\\/eldigitaldeasturias.com\\\/magazine365\\\/#website\"},\"breadcrumb\":{\"@id\":\"https:\\\/\\\/eldigitaldeasturias.com\\\/magazine365\\\/el-stand-riojano-supera-los-232-000-visitantes-en-fitur-2016\\\/#breadcrumblist\"},\"author\":{\"@id\":\"https:\\\/\\\/eldigitaldeasturias.com\\\/magazine365\\\/author\\\/admin\\\/#author\"},\"creator\":{\"@id\":\"https:\\\/\\\/eldigitaldeasturias.com\\\/magazine365\\\/author\\\/admin\\\/#author\"},\"image\":{\"@type\":\"ImageObject\",\"url\":\"https:\\\/\\\/eldigitaldeasturias.com\\\/magazine365\\\/wp-content\\\/uploads\\\/2016\\\/01\\\/fotonoticia_20160125131915_800.jpg\",\"@id\":\"https:\\\/\\\/eldigitaldeasturias.com\\\/magazine365\\\/el-stand-riojano-supera-los-232-000-visitantes-en-fitur-2016\\\/#mainImage\",\"width\":800,\"height\":600},\"primaryImageOfPage\":{\"@id\":\"https:\\\/\\\/eldigitaldeasturias.com\\\/magazine365\\\/el-stand-riojano-supera-los-232-000-visitantes-en-fitur-2016\\\/#mainImage\"},\"datePublished\":\"2016-01-25T21:08:11+01:00\",\"dateModified\":\"2016-01-25T21:08:11+01:00\"},{\"@type\":\"WebSite\",\"@id\":\"https:\\\/\\\/eldigitaldeasturias.com\\\/magazine365\\\/#website\",\"url\":\"https:\\\/\\\/eldigitaldeasturias.com\\\/magazine365\\\/\",\"name\":\"El Digital de Asturias\",\"description\":\"Revista de ocio, turismo y estilo de vida\",\"inLanguage\":\"es-ES\",\"publisher\":{\"@id\":\"https:\\\/\\\/eldigitaldeasturias.com\\\/magazine365\\\/#organization\"}}]}\n\t\t<\/script>\n\t\t<!-- All in One SEO Pro -->\r\n\t\t<title>El stand riojano supera los 232.000 visitantes en Fitur 2016 | El Digital de Asturias<\/title>\n\n","aioseo_head_json":{"title":"El stand riojano supera los 232.000 visitantes en Fitur 2016 | El Digital de Asturias","description":"El stand riojano en la Feria Internacional de Turismo, Fitur 2016, ha logrado el \"mejor dato de su historia\", al superar lo 232.000 visitantes, seg\u00fan han destacado la consejera de Desarrollo Econ\u00f3mico e Innovaci\u00f3n, Leonor Gonz\u00e1lez, y el director general de Cultura y Turismo, Eduardo Rodr\u00edguez Os\u00e9s. Ambos se han mostrados satisfechos con la participaci\u00f3n","canonical_url":"https:\/\/eldigitaldeasturias.com\/magazine365\/el-stand-riojano-supera-los-232-000-visitantes-en-fitur-2016\/","robots":"max-image-preview:large","keywords":"noticias y actualidad","webmasterTools":{"google-site-verification":"UA-38556648-1","miscellaneous":""},"schema":{"@context":"https:\/\/schema.org","@graph":[{"@type":"Article","@id":"https:\/\/eldigitaldeasturias.com\/magazine365\/el-stand-riojano-supera-los-232-000-visitantes-en-fitur-2016\/#article","name":"El stand riojano supera los 232.000 visitantes en Fitur 2016 | El Digital de Asturias","headline":"El stand riojano supera los 232.000 visitantes en Fitur 2016","author":{"@id":"https:\/\/eldigitaldeasturias.com\/magazine365\/author\/admin\/#author"},"publisher":{"@id":"https:\/\/eldigitaldeasturias.com\/magazine365\/#organization"},"image":{"@type":"ImageObject","url":"https:\/\/eldigitaldeasturias.com\/magazine365\/wp-content\/uploads\/2016\/01\/fotonoticia_20160125131915_800.jpg","width":800,"height":600},"datePublished":"2016-01-25T21:08:11+01:00","dateModified":"2016-01-25T21:08:11+01:00","inLanguage":"es-ES","mainEntityOfPage":{"@id":"https:\/\/eldigitaldeasturias.com\/magazine365\/el-stand-riojano-supera-los-232-000-visitantes-en-fitur-2016\/#webpage"},"isPartOf":{"@id":"https:\/\/eldigitaldeasturias.com\/magazine365\/el-stand-riojano-supera-los-232-000-visitantes-en-fitur-2016\/#webpage"},"articleSection":"Noticias y Actualidad"},{"@type":"BreadcrumbList","@id":"https:\/\/eldigitaldeasturias.com\/magazine365\/el-stand-riojano-supera-los-232-000-visitantes-en-fitur-2016\/#breadcrumblist","itemListElement":[{"@type":"ListItem","@id":"https:\/\/eldigitaldeasturias.com\/magazine365#listItem","position":1,"name":"Home","item":"https:\/\/eldigitaldeasturias.com\/magazine365","nextItem":{"@type":"ListItem","@id":"https:\/\/eldigitaldeasturias.com\/magazine365\/category\/noticias-actualidad\/#listItem","name":"Noticias y Actualidad"}},{"@type":"ListItem","@id":"https:\/\/eldigitaldeasturias.com\/magazine365\/category\/noticias-actualidad\/#listItem","position":2,"name":"Noticias y Actualidad","item":"https:\/\/eldigitaldeasturias.com\/magazine365\/category\/noticias-actualidad\/","nextItem":{"@type":"ListItem","@id":"https:\/\/eldigitaldeasturias.com\/magazine365\/el-stand-riojano-supera-los-232-000-visitantes-en-fitur-2016\/#listItem","name":"El stand riojano supera los 232.000 visitantes en Fitur 2016"},"previousItem":{"@type":"ListItem","@id":"https:\/\/eldigitaldeasturias.com\/magazine365#listItem","name":"Home"}},{"@type":"ListItem","@id":"https:\/\/eldigitaldeasturias.com\/magazine365\/el-stand-riojano-supera-los-232-000-visitantes-en-fitur-2016\/#listItem","position":3,"name":"El stand riojano supera los 232.000 visitantes en Fitur 2016","previousItem":{"@type":"ListItem","@id":"https:\/\/eldigitaldeasturias.com\/magazine365\/category\/noticias-actualidad\/#listItem","name":"Noticias y Actualidad"}}]},{"@type":"Organization","@id":"https:\/\/eldigitaldeasturias.com\/magazine365\/#organization","name":"El digital de Asturias","description":"Revista de ocio, turismo y estilo de vida","url":"https:\/\/eldigitaldeasturias.com\/magazine365\/","logo":{"@type":"ImageObject","url":"https:\/\/www.eldigitaldeasturias.com\/noticias\/wp-content\/uploads\/2020\/12\/EDA.jpg","@id":"https:\/\/eldigitaldeasturias.com\/magazine365\/el-stand-riojano-supera-los-232-000-visitantes-en-fitur-2016\/#organizationLogo"},"image":{"@id":"https:\/\/eldigitaldeasturias.com\/magazine365\/el-stand-riojano-supera-los-232-000-visitantes-en-fitur-2016\/#organizationLogo"}},{"@type":"Person","@id":"https:\/\/eldigitaldeasturias.com\/magazine365\/author\/admin\/#author","url":"https:\/\/eldigitaldeasturias.com\/magazine365\/author\/admin\/","name":"admin","image":{"@type":"ImageObject","@id":"https:\/\/eldigitaldeasturias.com\/magazine365\/el-stand-riojano-supera-los-232-000-visitantes-en-fitur-2016\/#authorImage","url":"https:\/\/eldigitaldeasturias.com\/magazine365\/wp-content\/litespeed\/avatar\/e571bcf59a0edd6fa6838245a470f2fe.jpg?ver=1776969259","width":96,"height":96,"caption":"admin"}},{"@type":"WebPage","@id":"https:\/\/eldigitaldeasturias.com\/magazine365\/el-stand-riojano-supera-los-232-000-visitantes-en-fitur-2016\/#webpage","url":"https:\/\/eldigitaldeasturias.com\/magazine365\/el-stand-riojano-supera-los-232-000-visitantes-en-fitur-2016\/","name":"El stand riojano supera los 232.000 visitantes en Fitur 2016 | El Digital de Asturias","description":"El stand riojano en la Feria Internacional de Turismo, Fitur 2016, ha logrado el \"mejor dato de su historia\", al superar lo 232.000 visitantes, seg\u00fan han destacado la consejera de Desarrollo Econ\u00f3mico e Innovaci\u00f3n, Leonor Gonz\u00e1lez, y el director general de Cultura y Turismo, Eduardo Rodr\u00edguez Os\u00e9s. Ambos se han mostrados satisfechos con la participaci\u00f3n","inLanguage":"es-ES","isPartOf":{"@id":"https:\/\/eldigitaldeasturias.com\/magazine365\/#website"},"breadcrumb":{"@id":"https:\/\/eldigitaldeasturias.com\/magazine365\/el-stand-riojano-supera-los-232-000-visitantes-en-fitur-2016\/#breadcrumblist"},"author":{"@id":"https:\/\/eldigitaldeasturias.com\/magazine365\/author\/admin\/#author"},"creator":{"@id":"https:\/\/eldigitaldeasturias.com\/magazine365\/author\/admin\/#author"},"image":{"@type":"ImageObject","url":"https:\/\/eldigitaldeasturias.com\/magazine365\/wp-content\/uploads\/2016\/01\/fotonoticia_20160125131915_800.jpg","@id":"https:\/\/eldigitaldeasturias.com\/magazine365\/el-stand-riojano-supera-los-232-000-visitantes-en-fitur-2016\/#mainImage","width":800,"height":600},"primaryImageOfPage":{"@id":"https:\/\/eldigitaldeasturias.com\/magazine365\/el-stand-riojano-supera-los-232-000-visitantes-en-fitur-2016\/#mainImage"},"datePublished":"2016-01-25T21:08:11+01:00","dateModified":"2016-01-25T21:08:11+01:00"},{"@type":"WebSite","@id":"https:\/\/eldigitaldeasturias.com\/magazine365\/#website","url":"https:\/\/eldigitaldeasturias.com\/magazine365\/","name":"El Digital de Asturias","description":"Revista de ocio, turismo y estilo de vida","inLanguage":"es-ES","publisher":{"@id":"https:\/\/eldigitaldeasturias.com\/magazine365\/#organization"}}]},"og:locale":"es_ES","og:site_name":"El Digital de Asturias \u2013 Revista de ocio, turismo y estilo de vida","og:type":"article","og:title":"El stand riojano supera los 232.000 visitantes en Fitur 2016 | El Digital de Asturias","og:description":"El stand riojano en la Feria Internacional de Turismo, Fitur 2016, ha logrado el &quot;mejor dato de su historia&quot;, al superar lo 232.000 visitantes, seg\u00fan han destacado la consejera de Desarrollo Econ\u00f3mico e Innovaci\u00f3n, Leonor Gonz\u00e1lez, y el director general de Cultura y Turismo, Eduardo Rodr\u00edguez Os\u00e9s. Ambos se han mostrados satisfechos con la participaci\u00f3n","og:url":"https:\/\/eldigitaldeasturias.com\/magazine365\/el-stand-riojano-supera-los-232-000-visitantes-en-fitur-2016\/","og:image":"https:\/\/eldigitaldeasturias.com\/magazine365\/wp-content\/uploads\/2016\/01\/fotonoticia_20160125131915_800.jpg","og:image:secure_url":"https:\/\/eldigitaldeasturias.com\/magazine365\/wp-content\/uploads\/2016\/01\/fotonoticia_20160125131915_800.jpg","og:image:width":800,"og:image:height":600,"article:published_time":"2016-01-25T20:08:11+00:00","article:modified_time":"2016-01-25T20:08:11+00:00","twitter:card":"summary_large_image","twitter:title":"El stand riojano supera los 232.000 visitantes en Fitur 2016 | El Digital de Asturias","twitter:description":"El stand riojano en la Feria Internacional de Turismo, Fitur 2016, ha logrado el &quot;mejor dato de su historia&quot;, al superar lo 232.000 visitantes, seg\u00fan han destacado la consejera de Desarrollo Econ\u00f3mico e Innovaci\u00f3n, Leonor Gonz\u00e1lez, y el director general de Cultura y Turismo, Eduardo Rodr\u00edguez Os\u00e9s. Ambos se han mostrados satisfechos con la participaci\u00f3n","twitter:image":"https:\/\/eldigitaldeasturias.com\/magazine365\/wp-content\/uploads\/2016\/01\/fotonoticia_20160125131915_800.jpg"},"aioseo_meta_data":{"post_id":"61979","title":null,"description":null,"keywords":null,"keyphrases":null,"primary_term":null,"canonical_url":null,"og_title":null,"og_description":null,"og_object_type":"default","og_image_type":"default","og_image_url":null,"og_image_width":null,"og_image_height":null,"og_image_custom_url":null,"og_image_custom_fields":null,"og_video":null,"og_custom_url":null,"og_article_section":null,"og_article_tags":null,"twitter_use_og":false,"twitter_card":"default","twitter_image_type":"default","twitter_image_url":null,"twitter_image_custom_url":null,"twitter_image_custom_fields":null,"twitter_title":null,"twitter_description":null,"schema":{"blockGraphs":[],"customGraphs":[],"default":{"data":{"Article":[],"Course":[],"Dataset":[],"FAQPage":[],"Movie":[],"Person":[],"Product":[],"ProductReview":[],"Car":[],"Recipe":[],"Service":[],"SoftwareApplication":[],"WebPage":[]},"graphName":"","isEnabled":true},"graphs":[],"defaultGraph":"","defaultPostTypeGraph":""},"schema_type":null,"schema_type_options":null,"pillar_content":false,"robots_default":true,"robots_noindex":false,"robots_noarchive":false,"robots_nosnippet":false,"robots_nofollow":false,"robots_noimageindex":false,"robots_noodp":false,"robots_notranslate":false,"robots_max_snippet":null,"robots_max_videopreview":null,"robots_max_imagepreview":"large","priority":null,"frequency":null,"location":null,"local_seo":null,"seo_analyzer_scan_date":"2025-09-25 10:08:09","breadcrumb_settings":null,"limit_modified_date":false,"open_ai":null,"ai":null,"created":"2021-03-08 21:42:49","updated":"2025-09-25 10:08:09"},"aioseo_breadcrumb":"<div class=\"aioseo-breadcrumbs\"><span class=\"aioseo-breadcrumb\">\n\t<a href=\"https:\/\/eldigitaldeasturias.com\/magazine365\" title=\"Home\">Home<\/a>\n<\/span><span class=\"aioseo-breadcrumb-separator\">\u2013<\/span><span class=\"aioseo-breadcrumb\">\n\t<a href=\"https:\/\/eldigitaldeasturias.com\/magazine365\/category\/noticias-actualidad\/\" title=\"Noticias y Actualidad\">Noticias y Actualidad<\/a>\n<\/span><span class=\"aioseo-breadcrumb-separator\">\u2013<\/span><span class=\"aioseo-breadcrumb\">\n\t<a href=\"https:\/\/eldigitaldeasturias.com\/magazine365\/el-stand-riojano-supera-los-232-000-visitantes-en-fitur-2016\/\" title=\"El stand riojano supera los 232.000 visitantes en Fitur 2016\">El stand riojano supera los 232.000 visitantes en Fitur 2016<\/a>\n<\/span><\/div>","aioseo_breadcrumb_json":[{"label":"Home","link":"https:\/\/eldigitaldeasturias.com\/magazine365"},{"label":"Noticias y Actualidad","link":"https:\/\/eldigitaldeasturias.com\/magazine365\/category\/noticias-actualidad\/"},{"label":"El stand riojano supera los 232.000 visitantes en Fitur 2016","link":"https:\/\/eldigitaldeasturias.com\/magazine365\/el-stand-riojano-supera-los-232-000-visitantes-en-fitur-2016\/"}],"_links":{"self":[{"href":"https:\/\/eldigitaldeasturias.com\/magazine365\/wp-json\/wp\/v2\/posts\/61979","targetHints":{"allow":["GET"]}}],"collection":[{"href":"https:\/\/eldigitaldeasturias.com\/magazine365\/wp-json\/wp\/v2\/posts"}],"about":[{"href":"https:\/\/eldigitaldeasturias.com\/magazine365\/wp-json\/wp\/v2\/types\/post"}],"author":[{"embeddable":true,"href":"https:\/\/eldigitaldeasturias.com\/magazine365\/wp-json\/wp\/v2\/users\/1"}],"replies":[{"embeddable":true,"href":"https:\/\/eldigitaldeasturias.com\/magazine365\/wp-json\/wp\/v2\/comments?post=61979"}],"version-history":[{"count":0,"href":"https:\/\/eldigitaldeasturias.com\/magazine365\/wp-json\/wp\/v2\/posts\/61979\/revisions"}],"wp:featuredmedia":[{"embeddable":true,"href":"https:\/\/eldigitaldeasturias.com\/magazine365\/wp-json\/wp\/v2\/media\/61980"}],"wp:attachment":[{"href":"https:\/\/eldigitaldeasturias.com\/magazine365\/wp-json\/wp\/v2\/media?parent=61979"}],"wp:term":[{"taxonomy":"category","embeddable":true,"href":"https:\/\/eldigitaldeasturias.com\/magazine365\/wp-json\/wp\/v2\/categories?post=61979"},{"taxonomy":"post_tag","embeddable":true,"href":"https:\/\/eldigitaldeasturias.com\/magazine365\/wp-json\/wp\/v2\/tags?post=61979"}],"curies":[{"name":"wp","href":"https:\/\/api.w.org\/{rel}","templated":true}]}}