{"id":61976,"date":"2016-01-25T21:07:07","date_gmt":"2016-01-25T20:07:07","guid":{"rendered":"http:\/\/eldigitaldeasturias.com\/magazine365\/?p=61976"},"modified":"2016-01-25T21:07:07","modified_gmt":"2016-01-25T20:07:07","slug":"cerca-de-400-personas-estrenan-el-esqui-nocturno-en-la-pista-de-el-rio-de-sierra-nevada","status":"publish","type":"post","link":"https:\/\/eldigitaldeasturias.com\/magazine365\/cerca-de-400-personas-estrenan-el-esqui-nocturno-en-la-pista-de-el-rio-de-sierra-nevada\/","title":{"rendered":"Cerca de 400 personas estrenan el esqu\u00ed nocturno en la pista de El R\u00edo de Sierra Nevada"},"content":{"rendered":"<p><img fetchpriority=\"high\" decoding=\"async\" class=\"alignleft size-medium wp-image-61977\" src=\"https:\/\/eldigitaldeasturias.com\/magazine365\/wp-content\/uploads\/2016\/01\/fotonoticia_20160125130207_800-360x229.jpg\" alt=\"fotonoticia_20160125130207_800\" width=\"360\" height=\"229\" srcset=\"https:\/\/eldigitaldeasturias.com\/magazine365\/wp-content\/uploads\/2016\/01\/fotonoticia_20160125130207_800-360x229.jpg 360w, https:\/\/eldigitaldeasturias.com\/magazine365\/wp-content\/uploads\/2016\/01\/fotonoticia_20160125130207_800-650x413.jpg 650w, https:\/\/eldigitaldeasturias.com\/magazine365\/wp-content\/uploads\/2016\/01\/fotonoticia_20160125130207_800-768x488.jpg 768w, https:\/\/eldigitaldeasturias.com\/magazine365\/wp-content\/uploads\/2016\/01\/fotonoticia_20160125130207_800-150x95.jpg 150w, https:\/\/eldigitaldeasturias.com\/magazine365\/wp-content\/uploads\/2016\/01\/fotonoticia_20160125130207_800-450x286.jpg 450w, https:\/\/eldigitaldeasturias.com\/magazine365\/wp-content\/uploads\/2016\/01\/fotonoticia_20160125130207_800-696x442.jpg 696w, https:\/\/eldigitaldeasturias.com\/magazine365\/wp-content\/uploads\/2016\/01\/fotonoticia_20160125130207_800-661x420.jpg 661w, https:\/\/eldigitaldeasturias.com\/magazine365\/wp-content\/uploads\/2016\/01\/fotonoticia_20160125130207_800-269x170.jpg 269w, https:\/\/eldigitaldeasturias.com\/magazine365\/wp-content\/uploads\/2016\/01\/fotonoticia_20160125130207_800-355x226.jpg 355w, https:\/\/eldigitaldeasturias.com\/magazine365\/wp-content\/uploads\/2016\/01\/fotonoticia_20160125130207_800.jpg 800w\" sizes=\"(max-width: 360px) 100vw, 360px\" \/>La estaci\u00f3n invernal de Sierra Nevada (Granada) ha inaugurado este fin de semana, con la asistencia de cerca de 400 esquiadores, la iluminaci\u00f3n de la pista de El R\u00edo para esqu\u00ed nocturno, una vez consolidada la superficie de la emblem\u00e1tica pista que conecta Borreguiles y el \u00e1rea urbana de Pradollano.<\/p>\n<p>En un comunicado, Cetursa, la empresa que gestiona este espacio tur\u00edstico, ha informado de que la inauguraci\u00f3n del R\u00edo para esqu\u00ed nocturno ha coincidido con la celebraci\u00f3n del V Ternua Snowrunning de Sierra Nevada, en el que han participado cerca de 700 corredores.<\/p>\n<p>Seg\u00fan han se\u00f1alado, estos corredores, en sentido ascendente, y esquiadores, en descenso, han compartido la misma pista, inaugurada la noche de este pasado s\u00e1bado, \u00absin se registraran incidentes\u00bb.<\/p>\n<p>La actividad nocturna de El R\u00edo ha puesto fin a las jornadas de esqu\u00ed ininterrumpido que se ven\u00edan desarrollando desde inicios de temporada con la iluminaci\u00f3n provisional de telesilla Emile Allais y las pistas de principiantes contiguas a este remonte.<\/p>\n<p>La pista de El R\u00edo, que esta temporada ha mejorado la iluminaci\u00f3n de las zonas con menos visibilidad nocturna, ofrece 3,3 kil\u00f3metros esquiables, un desnivel de 600 metros y dispone de 35 puntos de luz a lo largo de su recorrido. La estaci\u00f3n dispone de otra pista iluminada, la Maribel, paralela al R\u00edo, de unos 2,5 kil\u00f3metros, que se incorporar\u00e1 a la oferta de esqu\u00ed nocturno en cuanto las condiciones de nieve lo permitan.<\/p>\n<p>Por otra parte, la estaci\u00f3n ha alcanzado este fin de semana un nuevo m\u00e1ximo en superficie esquiable, con 20 kil\u00f3metros de pistas, en la zona de Borreguiles y R\u00edo, seg\u00fan han destacado desde Cetursa.<\/p>\n","protected":false},"excerpt":{"rendered":"<p>La estaci\u00f3n invernal de Sierra Nevada (Granada) ha inaugurado este fin de semana, con la asistencia de cerca de 400 esquiadores, la iluminaci\u00f3n de la pista de El R\u00edo para esqu\u00ed nocturno, una vez consolidada la superficie de la emblem\u00e1tica pista que conecta Borreguiles y el \u00e1rea urbana de Pradollano. En un comunicado, Cetursa, la<\/p>\n","protected":false},"author":1,"featured_media":61977,"comment_status":"open","ping_status":"closed","sticky":false,"template":"","format":"standard","meta":{"footnotes":""},"categories":[224],"tags":[],"class_list":{"0":"post-61976","1":"post","2":"type-post","3":"status-publish","4":"format-standard","5":"has-post-thumbnail","7":"category-noticias-actualidad"},"aioseo_notices":[],"aioseo_head":"\n\t\t<!-- All in One SEO Pro 4.9.6.1 - aioseo.com -->\n\t<meta name=\"description\" content=\"La estaci\u00f3n invernal de Sierra Nevada (Granada) ha inaugurado este fin de semana, con la asistencia de cerca de 400 esquiadores, la iluminaci\u00f3n de la pista de El R\u00edo para esqu\u00ed nocturno, una vez consolidada la superficie de la emblem\u00e1tica pista que conecta Borreguiles y el \u00e1rea urbana de Pradollano. En un comunicado, Cetursa, la\" \/>\n\t<meta name=\"robots\" content=\"max-image-preview:large\" \/>\n\t<meta name=\"author\" content=\"admin\"\/>\n\t<meta name=\"google-site-verification\" content=\"UA-38556648-1\" \/>\n\t<meta name=\"keywords\" content=\"noticias y actualidad\" \/>\n\t<link rel=\"canonical\" href=\"https:\/\/eldigitaldeasturias.com\/magazine365\/cerca-de-400-personas-estrenan-el-esqui-nocturno-en-la-pista-de-el-rio-de-sierra-nevada\/\" \/>\n\t<meta name=\"generator\" content=\"All in One SEO Pro (AIOSEO) 4.9.6.1\" \/>\n\t\t<meta property=\"og:locale\" content=\"es_ES\" \/>\n\t\t<meta property=\"og:site_name\" content=\"El Digital de Asturias \u2013 Revista de ocio, turismo y estilo de vida\" \/>\n\t\t<meta property=\"og:type\" content=\"article\" \/>\n\t\t<meta property=\"og:title\" content=\"Cerca de 400 personas estrenan el esqu\u00ed nocturno en la pista de El R\u00edo de Sierra Nevada | El Digital de Asturias\" \/>\n\t\t<meta property=\"og:description\" content=\"La estaci\u00f3n invernal de Sierra Nevada (Granada) ha inaugurado este fin de semana, con la asistencia de cerca de 400 esquiadores, la iluminaci\u00f3n de la pista de El R\u00edo para esqu\u00ed nocturno, una vez consolidada la superficie de la emblem\u00e1tica pista que conecta Borreguiles y el \u00e1rea urbana de Pradollano. En un comunicado, Cetursa, la\" \/>\n\t\t<meta property=\"og:url\" content=\"https:\/\/eldigitaldeasturias.com\/magazine365\/cerca-de-400-personas-estrenan-el-esqui-nocturno-en-la-pista-de-el-rio-de-sierra-nevada\/\" \/>\n\t\t<meta property=\"og:image\" content=\"https:\/\/eldigitaldeasturias.com\/magazine365\/wp-content\/uploads\/2016\/01\/fotonoticia_20160125130207_800.jpg\" \/>\n\t\t<meta property=\"og:image:secure_url\" content=\"https:\/\/eldigitaldeasturias.com\/magazine365\/wp-content\/uploads\/2016\/01\/fotonoticia_20160125130207_800.jpg\" \/>\n\t\t<meta property=\"og:image:width\" content=\"800\" \/>\n\t\t<meta property=\"og:image:height\" content=\"508\" \/>\n\t\t<meta property=\"article:published_time\" content=\"2016-01-25T20:07:07+00:00\" \/>\n\t\t<meta property=\"article:modified_time\" content=\"2016-01-25T20:07:07+00:00\" \/>\n\t\t<meta name=\"twitter:card\" content=\"summary_large_image\" \/>\n\t\t<meta name=\"twitter:title\" content=\"Cerca de 400 personas estrenan el esqu\u00ed nocturno en la pista de El R\u00edo de Sierra Nevada | El Digital de Asturias\" \/>\n\t\t<meta name=\"twitter:description\" content=\"La estaci\u00f3n invernal de Sierra Nevada (Granada) ha inaugurado este fin de semana, con la asistencia de cerca de 400 esquiadores, la iluminaci\u00f3n de la pista de El R\u00edo para esqu\u00ed nocturno, una vez consolidada la superficie de la emblem\u00e1tica pista que conecta Borreguiles y el \u00e1rea urbana de Pradollano. En un comunicado, Cetursa, la\" \/>\n\t\t<meta name=\"twitter:image\" content=\"https:\/\/eldigitaldeasturias.com\/magazine365\/wp-content\/uploads\/2016\/01\/fotonoticia_20160125130207_800.jpg\" \/>\n\t\t<script type=\"application\/ld+json\" class=\"aioseo-schema\">\n\t\t\t{\"@context\":\"https:\\\/\\\/schema.org\",\"@graph\":[{\"@type\":\"Article\",\"@id\":\"https:\\\/\\\/eldigitaldeasturias.com\\\/magazine365\\\/cerca-de-400-personas-estrenan-el-esqui-nocturno-en-la-pista-de-el-rio-de-sierra-nevada\\\/#article\",\"name\":\"Cerca de 400 personas estrenan el esqu\\u00ed nocturno en la pista de El R\\u00edo de Sierra Nevada | El Digital de Asturias\",\"headline\":\"Cerca de 400 personas estrenan el esqu\\u00ed nocturno en la pista de El R\\u00edo de Sierra Nevada\",\"author\":{\"@id\":\"https:\\\/\\\/eldigitaldeasturias.com\\\/magazine365\\\/author\\\/admin\\\/#author\"},\"publisher\":{\"@id\":\"https:\\\/\\\/eldigitaldeasturias.com\\\/magazine365\\\/#organization\"},\"image\":{\"@type\":\"ImageObject\",\"url\":\"https:\\\/\\\/eldigitaldeasturias.com\\\/magazine365\\\/wp-content\\\/uploads\\\/2016\\\/01\\\/fotonoticia_20160125130207_800.jpg\",\"width\":800,\"height\":508},\"datePublished\":\"2016-01-25T21:07:07+01:00\",\"dateModified\":\"2016-01-25T21:07:07+01:00\",\"inLanguage\":\"es-ES\",\"mainEntityOfPage\":{\"@id\":\"https:\\\/\\\/eldigitaldeasturias.com\\\/magazine365\\\/cerca-de-400-personas-estrenan-el-esqui-nocturno-en-la-pista-de-el-rio-de-sierra-nevada\\\/#webpage\"},\"isPartOf\":{\"@id\":\"https:\\\/\\\/eldigitaldeasturias.com\\\/magazine365\\\/cerca-de-400-personas-estrenan-el-esqui-nocturno-en-la-pista-de-el-rio-de-sierra-nevada\\\/#webpage\"},\"articleSection\":\"Noticias y Actualidad\"},{\"@type\":\"BreadcrumbList\",\"@id\":\"https:\\\/\\\/eldigitaldeasturias.com\\\/magazine365\\\/cerca-de-400-personas-estrenan-el-esqui-nocturno-en-la-pista-de-el-rio-de-sierra-nevada\\\/#breadcrumblist\",\"itemListElement\":[{\"@type\":\"ListItem\",\"@id\":\"https:\\\/\\\/eldigitaldeasturias.com\\\/magazine365#listItem\",\"position\":1,\"name\":\"Home\",\"item\":\"https:\\\/\\\/eldigitaldeasturias.com\\\/magazine365\",\"nextItem\":{\"@type\":\"ListItem\",\"@id\":\"https:\\\/\\\/eldigitaldeasturias.com\\\/magazine365\\\/category\\\/noticias-actualidad\\\/#listItem\",\"name\":\"Noticias y Actualidad\"}},{\"@type\":\"ListItem\",\"@id\":\"https:\\\/\\\/eldigitaldeasturias.com\\\/magazine365\\\/category\\\/noticias-actualidad\\\/#listItem\",\"position\":2,\"name\":\"Noticias y Actualidad\",\"item\":\"https:\\\/\\\/eldigitaldeasturias.com\\\/magazine365\\\/category\\\/noticias-actualidad\\\/\",\"nextItem\":{\"@type\":\"ListItem\",\"@id\":\"https:\\\/\\\/eldigitaldeasturias.com\\\/magazine365\\\/cerca-de-400-personas-estrenan-el-esqui-nocturno-en-la-pista-de-el-rio-de-sierra-nevada\\\/#listItem\",\"name\":\"Cerca de 400 personas estrenan el esqu\\u00ed nocturno en la pista de El R\\u00edo de Sierra Nevada\"},\"previousItem\":{\"@type\":\"ListItem\",\"@id\":\"https:\\\/\\\/eldigitaldeasturias.com\\\/magazine365#listItem\",\"name\":\"Home\"}},{\"@type\":\"ListItem\",\"@id\":\"https:\\\/\\\/eldigitaldeasturias.com\\\/magazine365\\\/cerca-de-400-personas-estrenan-el-esqui-nocturno-en-la-pista-de-el-rio-de-sierra-nevada\\\/#listItem\",\"position\":3,\"name\":\"Cerca de 400 personas estrenan el esqu\\u00ed nocturno en la pista de El R\\u00edo de Sierra Nevada\",\"previousItem\":{\"@type\":\"ListItem\",\"@id\":\"https:\\\/\\\/eldigitaldeasturias.com\\\/magazine365\\\/category\\\/noticias-actualidad\\\/#listItem\",\"name\":\"Noticias y Actualidad\"}}]},{\"@type\":\"Organization\",\"@id\":\"https:\\\/\\\/eldigitaldeasturias.com\\\/magazine365\\\/#organization\",\"name\":\"El digital de Asturias\",\"description\":\"Revista de ocio, turismo y estilo de vida\",\"url\":\"https:\\\/\\\/eldigitaldeasturias.com\\\/magazine365\\\/\",\"logo\":{\"@type\":\"ImageObject\",\"url\":\"https:\\\/\\\/www.eldigitaldeasturias.com\\\/noticias\\\/wp-content\\\/uploads\\\/2020\\\/12\\\/EDA.jpg\",\"@id\":\"https:\\\/\\\/eldigitaldeasturias.com\\\/magazine365\\\/cerca-de-400-personas-estrenan-el-esqui-nocturno-en-la-pista-de-el-rio-de-sierra-nevada\\\/#organizationLogo\"},\"image\":{\"@id\":\"https:\\\/\\\/eldigitaldeasturias.com\\\/magazine365\\\/cerca-de-400-personas-estrenan-el-esqui-nocturno-en-la-pista-de-el-rio-de-sierra-nevada\\\/#organizationLogo\"}},{\"@type\":\"Person\",\"@id\":\"https:\\\/\\\/eldigitaldeasturias.com\\\/magazine365\\\/author\\\/admin\\\/#author\",\"url\":\"https:\\\/\\\/eldigitaldeasturias.com\\\/magazine365\\\/author\\\/admin\\\/\",\"name\":\"admin\",\"image\":{\"@type\":\"ImageObject\",\"@id\":\"https:\\\/\\\/eldigitaldeasturias.com\\\/magazine365\\\/cerca-de-400-personas-estrenan-el-esqui-nocturno-en-la-pista-de-el-rio-de-sierra-nevada\\\/#authorImage\",\"url\":\"https:\\\/\\\/eldigitaldeasturias.com\\\/magazine365\\\/wp-content\\\/litespeed\\\/avatar\\\/e571bcf59a0edd6fa6838245a470f2fe.jpg?ver=1776969259\",\"width\":96,\"height\":96,\"caption\":\"admin\"}},{\"@type\":\"WebPage\",\"@id\":\"https:\\\/\\\/eldigitaldeasturias.com\\\/magazine365\\\/cerca-de-400-personas-estrenan-el-esqui-nocturno-en-la-pista-de-el-rio-de-sierra-nevada\\\/#webpage\",\"url\":\"https:\\\/\\\/eldigitaldeasturias.com\\\/magazine365\\\/cerca-de-400-personas-estrenan-el-esqui-nocturno-en-la-pista-de-el-rio-de-sierra-nevada\\\/\",\"name\":\"Cerca de 400 personas estrenan el esqu\\u00ed nocturno en la pista de El R\\u00edo de Sierra Nevada | El Digital de Asturias\",\"description\":\"La estaci\\u00f3n invernal de Sierra Nevada (Granada) ha inaugurado este fin de semana, con la asistencia de cerca de 400 esquiadores, la iluminaci\\u00f3n de la pista de El R\\u00edo para esqu\\u00ed nocturno, una vez consolidada la superficie de la emblem\\u00e1tica pista que conecta Borreguiles y el \\u00e1rea urbana de Pradollano. En un comunicado, Cetursa, la\",\"inLanguage\":\"es-ES\",\"isPartOf\":{\"@id\":\"https:\\\/\\\/eldigitaldeasturias.com\\\/magazine365\\\/#website\"},\"breadcrumb\":{\"@id\":\"https:\\\/\\\/eldigitaldeasturias.com\\\/magazine365\\\/cerca-de-400-personas-estrenan-el-esqui-nocturno-en-la-pista-de-el-rio-de-sierra-nevada\\\/#breadcrumblist\"},\"author\":{\"@id\":\"https:\\\/\\\/eldigitaldeasturias.com\\\/magazine365\\\/author\\\/admin\\\/#author\"},\"creator\":{\"@id\":\"https:\\\/\\\/eldigitaldeasturias.com\\\/magazine365\\\/author\\\/admin\\\/#author\"},\"image\":{\"@type\":\"ImageObject\",\"url\":\"https:\\\/\\\/eldigitaldeasturias.com\\\/magazine365\\\/wp-content\\\/uploads\\\/2016\\\/01\\\/fotonoticia_20160125130207_800.jpg\",\"@id\":\"https:\\\/\\\/eldigitaldeasturias.com\\\/magazine365\\\/cerca-de-400-personas-estrenan-el-esqui-nocturno-en-la-pista-de-el-rio-de-sierra-nevada\\\/#mainImage\",\"width\":800,\"height\":508},\"primaryImageOfPage\":{\"@id\":\"https:\\\/\\\/eldigitaldeasturias.com\\\/magazine365\\\/cerca-de-400-personas-estrenan-el-esqui-nocturno-en-la-pista-de-el-rio-de-sierra-nevada\\\/#mainImage\"},\"datePublished\":\"2016-01-25T21:07:07+01:00\",\"dateModified\":\"2016-01-25T21:07:07+01:00\"},{\"@type\":\"WebSite\",\"@id\":\"https:\\\/\\\/eldigitaldeasturias.com\\\/magazine365\\\/#website\",\"url\":\"https:\\\/\\\/eldigitaldeasturias.com\\\/magazine365\\\/\",\"name\":\"El Digital de Asturias\",\"description\":\"Revista de ocio, turismo y estilo de vida\",\"inLanguage\":\"es-ES\",\"publisher\":{\"@id\":\"https:\\\/\\\/eldigitaldeasturias.com\\\/magazine365\\\/#organization\"}}]}\n\t\t<\/script>\n\t\t<!-- All in One SEO Pro -->\r\n\t\t<title>Cerca de 400 personas estrenan el esqu\u00ed nocturno en la pista de El R\u00edo de Sierra Nevada | El Digital de Asturias<\/title>\n\n","aioseo_head_json":{"title":"Cerca de 400 personas estrenan el esqu\u00ed nocturno en la pista de El R\u00edo de Sierra Nevada | El Digital de Asturias","description":"La estaci\u00f3n invernal de Sierra Nevada (Granada) ha inaugurado este fin de semana, con la asistencia de cerca de 400 esquiadores, la iluminaci\u00f3n de la pista de El R\u00edo para esqu\u00ed nocturno, una vez consolidada la superficie de la emblem\u00e1tica pista que conecta Borreguiles y el \u00e1rea urbana de Pradollano. En un comunicado, Cetursa, la","canonical_url":"https:\/\/eldigitaldeasturias.com\/magazine365\/cerca-de-400-personas-estrenan-el-esqui-nocturno-en-la-pista-de-el-rio-de-sierra-nevada\/","robots":"max-image-preview:large","keywords":"noticias y actualidad","webmasterTools":{"google-site-verification":"UA-38556648-1","miscellaneous":""},"schema":{"@context":"https:\/\/schema.org","@graph":[{"@type":"Article","@id":"https:\/\/eldigitaldeasturias.com\/magazine365\/cerca-de-400-personas-estrenan-el-esqui-nocturno-en-la-pista-de-el-rio-de-sierra-nevada\/#article","name":"Cerca de 400 personas estrenan el esqu\u00ed nocturno en la pista de El R\u00edo de Sierra Nevada | El Digital de Asturias","headline":"Cerca de 400 personas estrenan el esqu\u00ed nocturno en la pista de El R\u00edo de Sierra Nevada","author":{"@id":"https:\/\/eldigitaldeasturias.com\/magazine365\/author\/admin\/#author"},"publisher":{"@id":"https:\/\/eldigitaldeasturias.com\/magazine365\/#organization"},"image":{"@type":"ImageObject","url":"https:\/\/eldigitaldeasturias.com\/magazine365\/wp-content\/uploads\/2016\/01\/fotonoticia_20160125130207_800.jpg","width":800,"height":508},"datePublished":"2016-01-25T21:07:07+01:00","dateModified":"2016-01-25T21:07:07+01:00","inLanguage":"es-ES","mainEntityOfPage":{"@id":"https:\/\/eldigitaldeasturias.com\/magazine365\/cerca-de-400-personas-estrenan-el-esqui-nocturno-en-la-pista-de-el-rio-de-sierra-nevada\/#webpage"},"isPartOf":{"@id":"https:\/\/eldigitaldeasturias.com\/magazine365\/cerca-de-400-personas-estrenan-el-esqui-nocturno-en-la-pista-de-el-rio-de-sierra-nevada\/#webpage"},"articleSection":"Noticias y Actualidad"},{"@type":"BreadcrumbList","@id":"https:\/\/eldigitaldeasturias.com\/magazine365\/cerca-de-400-personas-estrenan-el-esqui-nocturno-en-la-pista-de-el-rio-de-sierra-nevada\/#breadcrumblist","itemListElement":[{"@type":"ListItem","@id":"https:\/\/eldigitaldeasturias.com\/magazine365#listItem","position":1,"name":"Home","item":"https:\/\/eldigitaldeasturias.com\/magazine365","nextItem":{"@type":"ListItem","@id":"https:\/\/eldigitaldeasturias.com\/magazine365\/category\/noticias-actualidad\/#listItem","name":"Noticias y Actualidad"}},{"@type":"ListItem","@id":"https:\/\/eldigitaldeasturias.com\/magazine365\/category\/noticias-actualidad\/#listItem","position":2,"name":"Noticias y Actualidad","item":"https:\/\/eldigitaldeasturias.com\/magazine365\/category\/noticias-actualidad\/","nextItem":{"@type":"ListItem","@id":"https:\/\/eldigitaldeasturias.com\/magazine365\/cerca-de-400-personas-estrenan-el-esqui-nocturno-en-la-pista-de-el-rio-de-sierra-nevada\/#listItem","name":"Cerca de 400 personas estrenan el esqu\u00ed nocturno en la pista de El R\u00edo de Sierra Nevada"},"previousItem":{"@type":"ListItem","@id":"https:\/\/eldigitaldeasturias.com\/magazine365#listItem","name":"Home"}},{"@type":"ListItem","@id":"https:\/\/eldigitaldeasturias.com\/magazine365\/cerca-de-400-personas-estrenan-el-esqui-nocturno-en-la-pista-de-el-rio-de-sierra-nevada\/#listItem","position":3,"name":"Cerca de 400 personas estrenan el esqu\u00ed nocturno en la pista de El R\u00edo de Sierra Nevada","previousItem":{"@type":"ListItem","@id":"https:\/\/eldigitaldeasturias.com\/magazine365\/category\/noticias-actualidad\/#listItem","name":"Noticias y Actualidad"}}]},{"@type":"Organization","@id":"https:\/\/eldigitaldeasturias.com\/magazine365\/#organization","name":"El digital de Asturias","description":"Revista de ocio, turismo y estilo de vida","url":"https:\/\/eldigitaldeasturias.com\/magazine365\/","logo":{"@type":"ImageObject","url":"https:\/\/www.eldigitaldeasturias.com\/noticias\/wp-content\/uploads\/2020\/12\/EDA.jpg","@id":"https:\/\/eldigitaldeasturias.com\/magazine365\/cerca-de-400-personas-estrenan-el-esqui-nocturno-en-la-pista-de-el-rio-de-sierra-nevada\/#organizationLogo"},"image":{"@id":"https:\/\/eldigitaldeasturias.com\/magazine365\/cerca-de-400-personas-estrenan-el-esqui-nocturno-en-la-pista-de-el-rio-de-sierra-nevada\/#organizationLogo"}},{"@type":"Person","@id":"https:\/\/eldigitaldeasturias.com\/magazine365\/author\/admin\/#author","url":"https:\/\/eldigitaldeasturias.com\/magazine365\/author\/admin\/","name":"admin","image":{"@type":"ImageObject","@id":"https:\/\/eldigitaldeasturias.com\/magazine365\/cerca-de-400-personas-estrenan-el-esqui-nocturno-en-la-pista-de-el-rio-de-sierra-nevada\/#authorImage","url":"https:\/\/eldigitaldeasturias.com\/magazine365\/wp-content\/litespeed\/avatar\/e571bcf59a0edd6fa6838245a470f2fe.jpg?ver=1776969259","width":96,"height":96,"caption":"admin"}},{"@type":"WebPage","@id":"https:\/\/eldigitaldeasturias.com\/magazine365\/cerca-de-400-personas-estrenan-el-esqui-nocturno-en-la-pista-de-el-rio-de-sierra-nevada\/#webpage","url":"https:\/\/eldigitaldeasturias.com\/magazine365\/cerca-de-400-personas-estrenan-el-esqui-nocturno-en-la-pista-de-el-rio-de-sierra-nevada\/","name":"Cerca de 400 personas estrenan el esqu\u00ed nocturno en la pista de El R\u00edo de Sierra Nevada | El Digital de Asturias","description":"La estaci\u00f3n invernal de Sierra Nevada (Granada) ha inaugurado este fin de semana, con la asistencia de cerca de 400 esquiadores, la iluminaci\u00f3n de la pista de El R\u00edo para esqu\u00ed nocturno, una vez consolidada la superficie de la emblem\u00e1tica pista que conecta Borreguiles y el \u00e1rea urbana de Pradollano. En un comunicado, Cetursa, la","inLanguage":"es-ES","isPartOf":{"@id":"https:\/\/eldigitaldeasturias.com\/magazine365\/#website"},"breadcrumb":{"@id":"https:\/\/eldigitaldeasturias.com\/magazine365\/cerca-de-400-personas-estrenan-el-esqui-nocturno-en-la-pista-de-el-rio-de-sierra-nevada\/#breadcrumblist"},"author":{"@id":"https:\/\/eldigitaldeasturias.com\/magazine365\/author\/admin\/#author"},"creator":{"@id":"https:\/\/eldigitaldeasturias.com\/magazine365\/author\/admin\/#author"},"image":{"@type":"ImageObject","url":"https:\/\/eldigitaldeasturias.com\/magazine365\/wp-content\/uploads\/2016\/01\/fotonoticia_20160125130207_800.jpg","@id":"https:\/\/eldigitaldeasturias.com\/magazine365\/cerca-de-400-personas-estrenan-el-esqui-nocturno-en-la-pista-de-el-rio-de-sierra-nevada\/#mainImage","width":800,"height":508},"primaryImageOfPage":{"@id":"https:\/\/eldigitaldeasturias.com\/magazine365\/cerca-de-400-personas-estrenan-el-esqui-nocturno-en-la-pista-de-el-rio-de-sierra-nevada\/#mainImage"},"datePublished":"2016-01-25T21:07:07+01:00","dateModified":"2016-01-25T21:07:07+01:00"},{"@type":"WebSite","@id":"https:\/\/eldigitaldeasturias.com\/magazine365\/#website","url":"https:\/\/eldigitaldeasturias.com\/magazine365\/","name":"El Digital de Asturias","description":"Revista de ocio, turismo y estilo de vida","inLanguage":"es-ES","publisher":{"@id":"https:\/\/eldigitaldeasturias.com\/magazine365\/#organization"}}]},"og:locale":"es_ES","og:site_name":"El Digital de Asturias \u2013 Revista de ocio, turismo y estilo de vida","og:type":"article","og:title":"Cerca de 400 personas estrenan el esqu\u00ed nocturno en la pista de El R\u00edo de Sierra Nevada | El Digital de Asturias","og:description":"La estaci\u00f3n invernal de Sierra Nevada (Granada) ha inaugurado este fin de semana, con la asistencia de cerca de 400 esquiadores, la iluminaci\u00f3n de la pista de El R\u00edo para esqu\u00ed nocturno, una vez consolidada la superficie de la emblem\u00e1tica pista que conecta Borreguiles y el \u00e1rea urbana de Pradollano. En un comunicado, Cetursa, la","og:url":"https:\/\/eldigitaldeasturias.com\/magazine365\/cerca-de-400-personas-estrenan-el-esqui-nocturno-en-la-pista-de-el-rio-de-sierra-nevada\/","og:image":"https:\/\/eldigitaldeasturias.com\/magazine365\/wp-content\/uploads\/2016\/01\/fotonoticia_20160125130207_800.jpg","og:image:secure_url":"https:\/\/eldigitaldeasturias.com\/magazine365\/wp-content\/uploads\/2016\/01\/fotonoticia_20160125130207_800.jpg","og:image:width":800,"og:image:height":508,"article:published_time":"2016-01-25T20:07:07+00:00","article:modified_time":"2016-01-25T20:07:07+00:00","twitter:card":"summary_large_image","twitter:title":"Cerca de 400 personas estrenan el esqu\u00ed nocturno en la pista de El R\u00edo de Sierra Nevada | El Digital de Asturias","twitter:description":"La estaci\u00f3n invernal de Sierra Nevada (Granada) ha inaugurado este fin de semana, con la asistencia de cerca de 400 esquiadores, la iluminaci\u00f3n de la pista de El R\u00edo para esqu\u00ed nocturno, una vez consolidada la superficie de la emblem\u00e1tica pista que conecta Borreguiles y el \u00e1rea urbana de Pradollano. En un comunicado, Cetursa, la","twitter:image":"https:\/\/eldigitaldeasturias.com\/magazine365\/wp-content\/uploads\/2016\/01\/fotonoticia_20160125130207_800.jpg"},"aioseo_meta_data":{"post_id":"61976","title":null,"description":null,"keywords":null,"keyphrases":null,"primary_term":null,"canonical_url":null,"og_title":null,"og_description":null,"og_object_type":"default","og_image_type":"default","og_image_url":null,"og_image_width":null,"og_image_height":null,"og_image_custom_url":null,"og_image_custom_fields":null,"og_video":null,"og_custom_url":null,"og_article_section":null,"og_article_tags":null,"twitter_use_og":false,"twitter_card":"default","twitter_image_type":"default","twitter_image_url":null,"twitter_image_custom_url":null,"twitter_image_custom_fields":null,"twitter_title":null,"twitter_description":null,"schema":{"blockGraphs":[],"customGraphs":[],"default":{"data":{"Article":[],"Course":[],"Dataset":[],"FAQPage":[],"Movie":[],"Person":[],"Product":[],"ProductReview":[],"Car":[],"Recipe":[],"Service":[],"SoftwareApplication":[],"WebPage":[]},"graphName":"","isEnabled":true},"graphs":[],"defaultGraph":"","defaultPostTypeGraph":""},"schema_type":null,"schema_type_options":null,"pillar_content":false,"robots_default":true,"robots_noindex":false,"robots_noarchive":false,"robots_nosnippet":false,"robots_nofollow":false,"robots_noimageindex":false,"robots_noodp":false,"robots_notranslate":false,"robots_max_snippet":null,"robots_max_videopreview":null,"robots_max_imagepreview":"large","priority":null,"frequency":null,"location":null,"local_seo":null,"seo_analyzer_scan_date":"2025-09-25 10:08:08","breadcrumb_settings":null,"limit_modified_date":false,"open_ai":null,"ai":null,"created":"2021-03-08 21:42:49","updated":"2025-09-25 10:08:08"},"aioseo_breadcrumb":"<div class=\"aioseo-breadcrumbs\"><span class=\"aioseo-breadcrumb\">\n\t<a href=\"https:\/\/eldigitaldeasturias.com\/magazine365\" title=\"Home\">Home<\/a>\n<\/span><span class=\"aioseo-breadcrumb-separator\">\u2013<\/span><span class=\"aioseo-breadcrumb\">\n\t<a href=\"https:\/\/eldigitaldeasturias.com\/magazine365\/category\/noticias-actualidad\/\" title=\"Noticias y Actualidad\">Noticias y Actualidad<\/a>\n<\/span><span class=\"aioseo-breadcrumb-separator\">\u2013<\/span><span class=\"aioseo-breadcrumb\">\n\t<a href=\"https:\/\/eldigitaldeasturias.com\/magazine365\/cerca-de-400-personas-estrenan-el-esqui-nocturno-en-la-pista-de-el-rio-de-sierra-nevada\/\" title=\"Cerca de 400 personas estrenan el esqu\u00ed nocturno en la pista de El R\u00edo de Sierra Nevada\">Cerca de 400 personas estrenan el esqu\u00ed nocturno en la pista de El R\u00edo de Sierra Nevada<\/a>\n<\/span><\/div>","aioseo_breadcrumb_json":[{"label":"Home","link":"https:\/\/eldigitaldeasturias.com\/magazine365"},{"label":"Noticias y Actualidad","link":"https:\/\/eldigitaldeasturias.com\/magazine365\/category\/noticias-actualidad\/"},{"label":"Cerca de 400 personas estrenan el esqu\u00ed nocturno en la pista de El R\u00edo de Sierra Nevada","link":"https:\/\/eldigitaldeasturias.com\/magazine365\/cerca-de-400-personas-estrenan-el-esqui-nocturno-en-la-pista-de-el-rio-de-sierra-nevada\/"}],"_links":{"self":[{"href":"https:\/\/eldigitaldeasturias.com\/magazine365\/wp-json\/wp\/v2\/posts\/61976","targetHints":{"allow":["GET"]}}],"collection":[{"href":"https:\/\/eldigitaldeasturias.com\/magazine365\/wp-json\/wp\/v2\/posts"}],"about":[{"href":"https:\/\/eldigitaldeasturias.com\/magazine365\/wp-json\/wp\/v2\/types\/post"}],"author":[{"embeddable":true,"href":"https:\/\/eldigitaldeasturias.com\/magazine365\/wp-json\/wp\/v2\/users\/1"}],"replies":[{"embeddable":true,"href":"https:\/\/eldigitaldeasturias.com\/magazine365\/wp-json\/wp\/v2\/comments?post=61976"}],"version-history":[{"count":0,"href":"https:\/\/eldigitaldeasturias.com\/magazine365\/wp-json\/wp\/v2\/posts\/61976\/revisions"}],"wp:featuredmedia":[{"embeddable":true,"href":"https:\/\/eldigitaldeasturias.com\/magazine365\/wp-json\/wp\/v2\/media\/61977"}],"wp:attachment":[{"href":"https:\/\/eldigitaldeasturias.com\/magazine365\/wp-json\/wp\/v2\/media?parent=61976"}],"wp:term":[{"taxonomy":"category","embeddable":true,"href":"https:\/\/eldigitaldeasturias.com\/magazine365\/wp-json\/wp\/v2\/categories?post=61976"},{"taxonomy":"post_tag","embeddable":true,"href":"https:\/\/eldigitaldeasturias.com\/magazine365\/wp-json\/wp\/v2\/tags?post=61976"}],"curies":[{"name":"wp","href":"https:\/\/api.w.org\/{rel}","templated":true}]}}