{"id":61973,"date":"2016-01-25T21:06:11","date_gmt":"2016-01-25T20:06:11","guid":{"rendered":"http:\/\/eldigitaldeasturias.com\/magazine365\/?p=61973"},"modified":"2016-01-25T21:06:11","modified_gmt":"2016-01-25T20:06:11","slug":"cancelados-el-20-de-los-vuelos-para-este-martes-en-francia-por-la-huelga-de-controladores","status":"publish","type":"post","link":"https:\/\/eldigitaldeasturias.com\/magazine365\/cancelados-el-20-de-los-vuelos-para-este-martes-en-francia-por-la-huelga-de-controladores\/","title":{"rendered":"Cancelados el 20% de los vuelos para este martes en Francia por la huelga de controladores"},"content":{"rendered":"<p><img fetchpriority=\"high\" decoding=\"async\" class=\"alignleft size-medium wp-image-61974\" src=\"https:\/\/eldigitaldeasturias.com\/magazine365\/wp-content\/uploads\/2016\/01\/fotonoticia_20160125125942_800-360x226.jpg\" alt=\"fotonoticia_20160125125942_800\" width=\"360\" height=\"226\" srcset=\"https:\/\/eldigitaldeasturias.com\/magazine365\/wp-content\/uploads\/2016\/01\/fotonoticia_20160125125942_800-360x226.jpg 360w, https:\/\/eldigitaldeasturias.com\/magazine365\/wp-content\/uploads\/2016\/01\/fotonoticia_20160125125942_800-650x409.jpg 650w, https:\/\/eldigitaldeasturias.com\/magazine365\/wp-content\/uploads\/2016\/01\/fotonoticia_20160125125942_800-768x483.jpg 768w, https:\/\/eldigitaldeasturias.com\/magazine365\/wp-content\/uploads\/2016\/01\/fotonoticia_20160125125942_800-150x94.jpg 150w, https:\/\/eldigitaldeasturias.com\/magazine365\/wp-content\/uploads\/2016\/01\/fotonoticia_20160125125942_800-450x283.jpg 450w, https:\/\/eldigitaldeasturias.com\/magazine365\/wp-content\/uploads\/2016\/01\/fotonoticia_20160125125942_800-696x438.jpg 696w, https:\/\/eldigitaldeasturias.com\/magazine365\/wp-content\/uploads\/2016\/01\/fotonoticia_20160125125942_800-668x420.jpg 668w, https:\/\/eldigitaldeasturias.com\/magazine365\/wp-content\/uploads\/2016\/01\/fotonoticia_20160125125942_800-269x170.jpg 269w, https:\/\/eldigitaldeasturias.com\/magazine365\/wp-content\/uploads\/2016\/01\/fotonoticia_20160125125942_800-365x230.jpg 365w, https:\/\/eldigitaldeasturias.com\/magazine365\/wp-content\/uploads\/2016\/01\/fotonoticia_20160125125942_800-160x100.jpg 160w, https:\/\/eldigitaldeasturias.com\/magazine365\/wp-content\/uploads\/2016\/01\/fotonoticia_20160125125942_800-480x300.jpg 480w, https:\/\/eldigitaldeasturias.com\/magazine365\/wp-content\/uploads\/2016\/01\/fotonoticia_20160125125942_800.jpg 800w\" sizes=\"(max-width: 360px) 100vw, 360px\" \/>La Direcci\u00f3n General de la Aviaci\u00f3n Civil francesa (DGAC) ha pedido a las aerol\u00edneas que operan en el pa\u00eds que anulen este martes el 20% de los vuelos de previstos para dicha jornada ante la huelga convocada por los dos principales sindicatos de controladores galos.<\/p>\n<p>En un comunicado, el organismo ha alertado de \u00abperturbaciones\u00bb en el conjunto del territorio, por lo que aconseja a los pasajeros que se informen del estado de sus vuelos en contactando con las aerol\u00edneas correspondientes antes de trasladarse a los aeropuertos.<\/p>\n<p>Los sindicatos SNCTA y Usac-CGT, que representan al 70% del colectivo de los controladores a\u00e9reos en Francia, han convocado una nueva huelga para este martes, coincidiendo con una convocatoria genera de huelga de sindicatos de los servicios p\u00fablicos.<\/p>\n<p>Los controladores reclaman ser excluidos de la revisi\u00f3n del sistema de bonificaciones de la Administraci\u00f3n p\u00fablica para los funcionarios propuesta por el Gobierno franc\u00e9s, que para este colectivo representan m\u00e1s de la mitad de su remuneraci\u00f3n.<\/p>\n<p>Asimismo, denuncian los recortes de personal realizados en los \u00faltimos a\u00f1os entre los controladores, con 1.000 empleos perdidos en menos de diez a\u00f1os, seg\u00fan Usac-CGT.<\/p>\n","protected":false},"excerpt":{"rendered":"<p>La Direcci\u00f3n General de la Aviaci\u00f3n Civil francesa (DGAC) ha pedido a las aerol\u00edneas que operan en el pa\u00eds que anulen este martes el 20% de los vuelos de previstos para dicha jornada ante la huelga convocada por los dos principales sindicatos de controladores galos. En un comunicado, el organismo ha alertado de \u00abperturbaciones\u00bb en<\/p>\n","protected":false},"author":1,"featured_media":61974,"comment_status":"open","ping_status":"closed","sticky":false,"template":"","format":"standard","meta":{"footnotes":""},"categories":[224],"tags":[],"class_list":{"0":"post-61973","1":"post","2":"type-post","3":"status-publish","4":"format-standard","5":"has-post-thumbnail","7":"category-noticias-actualidad"},"aioseo_notices":[],"aioseo_head":"\n\t\t<!-- All in One SEO Pro 4.9.6.1 - aioseo.com -->\n\t<meta name=\"description\" content=\"La Direcci\u00f3n General de la Aviaci\u00f3n Civil francesa (DGAC) ha pedido a las aerol\u00edneas que operan en el pa\u00eds que anulen este martes el 20% de los vuelos de previstos para dicha jornada ante la huelga convocada por los dos principales sindicatos de controladores galos. En un comunicado, el organismo ha alertado de &quot;perturbaciones&quot; en\" \/>\n\t<meta name=\"robots\" content=\"max-image-preview:large\" \/>\n\t<meta name=\"author\" content=\"admin\"\/>\n\t<meta name=\"google-site-verification\" content=\"UA-38556648-1\" \/>\n\t<meta name=\"keywords\" content=\"noticias y actualidad\" \/>\n\t<link rel=\"canonical\" href=\"https:\/\/eldigitaldeasturias.com\/magazine365\/cancelados-el-20-de-los-vuelos-para-este-martes-en-francia-por-la-huelga-de-controladores\/\" \/>\n\t<meta name=\"generator\" content=\"All in One SEO Pro (AIOSEO) 4.9.6.1\" \/>\n\t\t<meta property=\"og:locale\" content=\"es_ES\" \/>\n\t\t<meta property=\"og:site_name\" content=\"El Digital de Asturias \u2013 Revista de ocio, turismo y estilo de vida\" \/>\n\t\t<meta property=\"og:type\" content=\"article\" \/>\n\t\t<meta property=\"og:title\" content=\"Cancelados el 20% de los vuelos para este martes en Francia por la huelga de controladores | El Digital de Asturias\" \/>\n\t\t<meta property=\"og:description\" content=\"La Direcci\u00f3n General de la Aviaci\u00f3n Civil francesa (DGAC) ha pedido a las aerol\u00edneas que operan en el pa\u00eds que anulen este martes el 20% de los vuelos de previstos para dicha jornada ante la huelga convocada por los dos principales sindicatos de controladores galos. En un comunicado, el organismo ha alertado de &quot;perturbaciones&quot; en\" \/>\n\t\t<meta property=\"og:url\" content=\"https:\/\/eldigitaldeasturias.com\/magazine365\/cancelados-el-20-de-los-vuelos-para-este-martes-en-francia-por-la-huelga-de-controladores\/\" \/>\n\t\t<meta property=\"og:image\" content=\"https:\/\/eldigitaldeasturias.com\/magazine365\/wp-content\/uploads\/2016\/01\/fotonoticia_20160125125942_800.jpg\" \/>\n\t\t<meta property=\"og:image:secure_url\" content=\"https:\/\/eldigitaldeasturias.com\/magazine365\/wp-content\/uploads\/2016\/01\/fotonoticia_20160125125942_800.jpg\" \/>\n\t\t<meta property=\"og:image:width\" content=\"800\" \/>\n\t\t<meta property=\"og:image:height\" content=\"503\" \/>\n\t\t<meta property=\"article:published_time\" content=\"2016-01-25T20:06:11+00:00\" \/>\n\t\t<meta property=\"article:modified_time\" content=\"2016-01-25T20:06:11+00:00\" \/>\n\t\t<meta name=\"twitter:card\" content=\"summary_large_image\" \/>\n\t\t<meta name=\"twitter:title\" content=\"Cancelados el 20% de los vuelos para este martes en Francia por la huelga de controladores | El Digital de Asturias\" \/>\n\t\t<meta name=\"twitter:description\" content=\"La Direcci\u00f3n General de la Aviaci\u00f3n Civil francesa (DGAC) ha pedido a las aerol\u00edneas que operan en el pa\u00eds que anulen este martes el 20% de los vuelos de previstos para dicha jornada ante la huelga convocada por los dos principales sindicatos de controladores galos. En un comunicado, el organismo ha alertado de &quot;perturbaciones&quot; en\" \/>\n\t\t<meta name=\"twitter:image\" content=\"https:\/\/eldigitaldeasturias.com\/magazine365\/wp-content\/uploads\/2016\/01\/fotonoticia_20160125125942_800.jpg\" \/>\n\t\t<script type=\"application\/ld+json\" class=\"aioseo-schema\">\n\t\t\t{\"@context\":\"https:\\\/\\\/schema.org\",\"@graph\":[{\"@type\":\"Article\",\"@id\":\"https:\\\/\\\/eldigitaldeasturias.com\\\/magazine365\\\/cancelados-el-20-de-los-vuelos-para-este-martes-en-francia-por-la-huelga-de-controladores\\\/#article\",\"name\":\"Cancelados el 20% de los vuelos para este martes en Francia por la huelga de controladores | El Digital de Asturias\",\"headline\":\"Cancelados el 20% de los vuelos para este martes en Francia por la huelga de controladores\",\"author\":{\"@id\":\"https:\\\/\\\/eldigitaldeasturias.com\\\/magazine365\\\/author\\\/admin\\\/#author\"},\"publisher\":{\"@id\":\"https:\\\/\\\/eldigitaldeasturias.com\\\/magazine365\\\/#organization\"},\"image\":{\"@type\":\"ImageObject\",\"url\":\"https:\\\/\\\/eldigitaldeasturias.com\\\/magazine365\\\/wp-content\\\/uploads\\\/2016\\\/01\\\/fotonoticia_20160125125942_800.jpg\",\"width\":800,\"height\":503},\"datePublished\":\"2016-01-25T21:06:11+01:00\",\"dateModified\":\"2016-01-25T21:06:11+01:00\",\"inLanguage\":\"es-ES\",\"mainEntityOfPage\":{\"@id\":\"https:\\\/\\\/eldigitaldeasturias.com\\\/magazine365\\\/cancelados-el-20-de-los-vuelos-para-este-martes-en-francia-por-la-huelga-de-controladores\\\/#webpage\"},\"isPartOf\":{\"@id\":\"https:\\\/\\\/eldigitaldeasturias.com\\\/magazine365\\\/cancelados-el-20-de-los-vuelos-para-este-martes-en-francia-por-la-huelga-de-controladores\\\/#webpage\"},\"articleSection\":\"Noticias y Actualidad\"},{\"@type\":\"BreadcrumbList\",\"@id\":\"https:\\\/\\\/eldigitaldeasturias.com\\\/magazine365\\\/cancelados-el-20-de-los-vuelos-para-este-martes-en-francia-por-la-huelga-de-controladores\\\/#breadcrumblist\",\"itemListElement\":[{\"@type\":\"ListItem\",\"@id\":\"https:\\\/\\\/eldigitaldeasturias.com\\\/magazine365#listItem\",\"position\":1,\"name\":\"Home\",\"item\":\"https:\\\/\\\/eldigitaldeasturias.com\\\/magazine365\",\"nextItem\":{\"@type\":\"ListItem\",\"@id\":\"https:\\\/\\\/eldigitaldeasturias.com\\\/magazine365\\\/category\\\/noticias-actualidad\\\/#listItem\",\"name\":\"Noticias y Actualidad\"}},{\"@type\":\"ListItem\",\"@id\":\"https:\\\/\\\/eldigitaldeasturias.com\\\/magazine365\\\/category\\\/noticias-actualidad\\\/#listItem\",\"position\":2,\"name\":\"Noticias y Actualidad\",\"item\":\"https:\\\/\\\/eldigitaldeasturias.com\\\/magazine365\\\/category\\\/noticias-actualidad\\\/\",\"nextItem\":{\"@type\":\"ListItem\",\"@id\":\"https:\\\/\\\/eldigitaldeasturias.com\\\/magazine365\\\/cancelados-el-20-de-los-vuelos-para-este-martes-en-francia-por-la-huelga-de-controladores\\\/#listItem\",\"name\":\"Cancelados el 20% de los vuelos para este martes en Francia por la huelga de controladores\"},\"previousItem\":{\"@type\":\"ListItem\",\"@id\":\"https:\\\/\\\/eldigitaldeasturias.com\\\/magazine365#listItem\",\"name\":\"Home\"}},{\"@type\":\"ListItem\",\"@id\":\"https:\\\/\\\/eldigitaldeasturias.com\\\/magazine365\\\/cancelados-el-20-de-los-vuelos-para-este-martes-en-francia-por-la-huelga-de-controladores\\\/#listItem\",\"position\":3,\"name\":\"Cancelados el 20% de los vuelos para este martes en Francia por la huelga de controladores\",\"previousItem\":{\"@type\":\"ListItem\",\"@id\":\"https:\\\/\\\/eldigitaldeasturias.com\\\/magazine365\\\/category\\\/noticias-actualidad\\\/#listItem\",\"name\":\"Noticias y Actualidad\"}}]},{\"@type\":\"Organization\",\"@id\":\"https:\\\/\\\/eldigitaldeasturias.com\\\/magazine365\\\/#organization\",\"name\":\"El digital de Asturias\",\"description\":\"Revista de ocio, turismo y estilo de vida\",\"url\":\"https:\\\/\\\/eldigitaldeasturias.com\\\/magazine365\\\/\",\"logo\":{\"@type\":\"ImageObject\",\"url\":\"https:\\\/\\\/www.eldigitaldeasturias.com\\\/noticias\\\/wp-content\\\/uploads\\\/2020\\\/12\\\/EDA.jpg\",\"@id\":\"https:\\\/\\\/eldigitaldeasturias.com\\\/magazine365\\\/cancelados-el-20-de-los-vuelos-para-este-martes-en-francia-por-la-huelga-de-controladores\\\/#organizationLogo\"},\"image\":{\"@id\":\"https:\\\/\\\/eldigitaldeasturias.com\\\/magazine365\\\/cancelados-el-20-de-los-vuelos-para-este-martes-en-francia-por-la-huelga-de-controladores\\\/#organizationLogo\"}},{\"@type\":\"Person\",\"@id\":\"https:\\\/\\\/eldigitaldeasturias.com\\\/magazine365\\\/author\\\/admin\\\/#author\",\"url\":\"https:\\\/\\\/eldigitaldeasturias.com\\\/magazine365\\\/author\\\/admin\\\/\",\"name\":\"admin\",\"image\":{\"@type\":\"ImageObject\",\"@id\":\"https:\\\/\\\/eldigitaldeasturias.com\\\/magazine365\\\/cancelados-el-20-de-los-vuelos-para-este-martes-en-francia-por-la-huelga-de-controladores\\\/#authorImage\",\"url\":\"https:\\\/\\\/eldigitaldeasturias.com\\\/magazine365\\\/wp-content\\\/litespeed\\\/avatar\\\/e571bcf59a0edd6fa6838245a470f2fe.jpg?ver=1776969259\",\"width\":96,\"height\":96,\"caption\":\"admin\"}},{\"@type\":\"WebPage\",\"@id\":\"https:\\\/\\\/eldigitaldeasturias.com\\\/magazine365\\\/cancelados-el-20-de-los-vuelos-para-este-martes-en-francia-por-la-huelga-de-controladores\\\/#webpage\",\"url\":\"https:\\\/\\\/eldigitaldeasturias.com\\\/magazine365\\\/cancelados-el-20-de-los-vuelos-para-este-martes-en-francia-por-la-huelga-de-controladores\\\/\",\"name\":\"Cancelados el 20% de los vuelos para este martes en Francia por la huelga de controladores | El Digital de Asturias\",\"description\":\"La Direcci\\u00f3n General de la Aviaci\\u00f3n Civil francesa (DGAC) ha pedido a las aerol\\u00edneas que operan en el pa\\u00eds que anulen este martes el 20% de los vuelos de previstos para dicha jornada ante la huelga convocada por los dos principales sindicatos de controladores galos. En un comunicado, el organismo ha alertado de \\\"perturbaciones\\\" en\",\"inLanguage\":\"es-ES\",\"isPartOf\":{\"@id\":\"https:\\\/\\\/eldigitaldeasturias.com\\\/magazine365\\\/#website\"},\"breadcrumb\":{\"@id\":\"https:\\\/\\\/eldigitaldeasturias.com\\\/magazine365\\\/cancelados-el-20-de-los-vuelos-para-este-martes-en-francia-por-la-huelga-de-controladores\\\/#breadcrumblist\"},\"author\":{\"@id\":\"https:\\\/\\\/eldigitaldeasturias.com\\\/magazine365\\\/author\\\/admin\\\/#author\"},\"creator\":{\"@id\":\"https:\\\/\\\/eldigitaldeasturias.com\\\/magazine365\\\/author\\\/admin\\\/#author\"},\"image\":{\"@type\":\"ImageObject\",\"url\":\"https:\\\/\\\/eldigitaldeasturias.com\\\/magazine365\\\/wp-content\\\/uploads\\\/2016\\\/01\\\/fotonoticia_20160125125942_800.jpg\",\"@id\":\"https:\\\/\\\/eldigitaldeasturias.com\\\/magazine365\\\/cancelados-el-20-de-los-vuelos-para-este-martes-en-francia-por-la-huelga-de-controladores\\\/#mainImage\",\"width\":800,\"height\":503},\"primaryImageOfPage\":{\"@id\":\"https:\\\/\\\/eldigitaldeasturias.com\\\/magazine365\\\/cancelados-el-20-de-los-vuelos-para-este-martes-en-francia-por-la-huelga-de-controladores\\\/#mainImage\"},\"datePublished\":\"2016-01-25T21:06:11+01:00\",\"dateModified\":\"2016-01-25T21:06:11+01:00\"},{\"@type\":\"WebSite\",\"@id\":\"https:\\\/\\\/eldigitaldeasturias.com\\\/magazine365\\\/#website\",\"url\":\"https:\\\/\\\/eldigitaldeasturias.com\\\/magazine365\\\/\",\"name\":\"El Digital de Asturias\",\"description\":\"Revista de ocio, turismo y estilo de vida\",\"inLanguage\":\"es-ES\",\"publisher\":{\"@id\":\"https:\\\/\\\/eldigitaldeasturias.com\\\/magazine365\\\/#organization\"}}]}\n\t\t<\/script>\n\t\t<!-- All in One SEO Pro -->\r\n\t\t<title>Cancelados el 20% de los vuelos para este martes en Francia por la huelga de controladores | El Digital de Asturias<\/title>\n\n","aioseo_head_json":{"title":"Cancelados el 20% de los vuelos para este martes en Francia por la huelga de controladores | El Digital de Asturias","description":"La Direcci\u00f3n General de la Aviaci\u00f3n Civil francesa (DGAC) ha pedido a las aerol\u00edneas que operan en el pa\u00eds que anulen este martes el 20% de los vuelos de previstos para dicha jornada ante la huelga convocada por los dos principales sindicatos de controladores galos. En un comunicado, el organismo ha alertado de \"perturbaciones\" en","canonical_url":"https:\/\/eldigitaldeasturias.com\/magazine365\/cancelados-el-20-de-los-vuelos-para-este-martes-en-francia-por-la-huelga-de-controladores\/","robots":"max-image-preview:large","keywords":"noticias y actualidad","webmasterTools":{"google-site-verification":"UA-38556648-1","miscellaneous":""},"schema":{"@context":"https:\/\/schema.org","@graph":[{"@type":"Article","@id":"https:\/\/eldigitaldeasturias.com\/magazine365\/cancelados-el-20-de-los-vuelos-para-este-martes-en-francia-por-la-huelga-de-controladores\/#article","name":"Cancelados el 20% de los vuelos para este martes en Francia por la huelga de controladores | El Digital de Asturias","headline":"Cancelados el 20% de los vuelos para este martes en Francia por la huelga de controladores","author":{"@id":"https:\/\/eldigitaldeasturias.com\/magazine365\/author\/admin\/#author"},"publisher":{"@id":"https:\/\/eldigitaldeasturias.com\/magazine365\/#organization"},"image":{"@type":"ImageObject","url":"https:\/\/eldigitaldeasturias.com\/magazine365\/wp-content\/uploads\/2016\/01\/fotonoticia_20160125125942_800.jpg","width":800,"height":503},"datePublished":"2016-01-25T21:06:11+01:00","dateModified":"2016-01-25T21:06:11+01:00","inLanguage":"es-ES","mainEntityOfPage":{"@id":"https:\/\/eldigitaldeasturias.com\/magazine365\/cancelados-el-20-de-los-vuelos-para-este-martes-en-francia-por-la-huelga-de-controladores\/#webpage"},"isPartOf":{"@id":"https:\/\/eldigitaldeasturias.com\/magazine365\/cancelados-el-20-de-los-vuelos-para-este-martes-en-francia-por-la-huelga-de-controladores\/#webpage"},"articleSection":"Noticias y Actualidad"},{"@type":"BreadcrumbList","@id":"https:\/\/eldigitaldeasturias.com\/magazine365\/cancelados-el-20-de-los-vuelos-para-este-martes-en-francia-por-la-huelga-de-controladores\/#breadcrumblist","itemListElement":[{"@type":"ListItem","@id":"https:\/\/eldigitaldeasturias.com\/magazine365#listItem","position":1,"name":"Home","item":"https:\/\/eldigitaldeasturias.com\/magazine365","nextItem":{"@type":"ListItem","@id":"https:\/\/eldigitaldeasturias.com\/magazine365\/category\/noticias-actualidad\/#listItem","name":"Noticias y Actualidad"}},{"@type":"ListItem","@id":"https:\/\/eldigitaldeasturias.com\/magazine365\/category\/noticias-actualidad\/#listItem","position":2,"name":"Noticias y Actualidad","item":"https:\/\/eldigitaldeasturias.com\/magazine365\/category\/noticias-actualidad\/","nextItem":{"@type":"ListItem","@id":"https:\/\/eldigitaldeasturias.com\/magazine365\/cancelados-el-20-de-los-vuelos-para-este-martes-en-francia-por-la-huelga-de-controladores\/#listItem","name":"Cancelados el 20% de los vuelos para este martes en Francia por la huelga de controladores"},"previousItem":{"@type":"ListItem","@id":"https:\/\/eldigitaldeasturias.com\/magazine365#listItem","name":"Home"}},{"@type":"ListItem","@id":"https:\/\/eldigitaldeasturias.com\/magazine365\/cancelados-el-20-de-los-vuelos-para-este-martes-en-francia-por-la-huelga-de-controladores\/#listItem","position":3,"name":"Cancelados el 20% de los vuelos para este martes en Francia por la huelga de controladores","previousItem":{"@type":"ListItem","@id":"https:\/\/eldigitaldeasturias.com\/magazine365\/category\/noticias-actualidad\/#listItem","name":"Noticias y Actualidad"}}]},{"@type":"Organization","@id":"https:\/\/eldigitaldeasturias.com\/magazine365\/#organization","name":"El digital de Asturias","description":"Revista de ocio, turismo y estilo de vida","url":"https:\/\/eldigitaldeasturias.com\/magazine365\/","logo":{"@type":"ImageObject","url":"https:\/\/www.eldigitaldeasturias.com\/noticias\/wp-content\/uploads\/2020\/12\/EDA.jpg","@id":"https:\/\/eldigitaldeasturias.com\/magazine365\/cancelados-el-20-de-los-vuelos-para-este-martes-en-francia-por-la-huelga-de-controladores\/#organizationLogo"},"image":{"@id":"https:\/\/eldigitaldeasturias.com\/magazine365\/cancelados-el-20-de-los-vuelos-para-este-martes-en-francia-por-la-huelga-de-controladores\/#organizationLogo"}},{"@type":"Person","@id":"https:\/\/eldigitaldeasturias.com\/magazine365\/author\/admin\/#author","url":"https:\/\/eldigitaldeasturias.com\/magazine365\/author\/admin\/","name":"admin","image":{"@type":"ImageObject","@id":"https:\/\/eldigitaldeasturias.com\/magazine365\/cancelados-el-20-de-los-vuelos-para-este-martes-en-francia-por-la-huelga-de-controladores\/#authorImage","url":"https:\/\/eldigitaldeasturias.com\/magazine365\/wp-content\/litespeed\/avatar\/e571bcf59a0edd6fa6838245a470f2fe.jpg?ver=1776969259","width":96,"height":96,"caption":"admin"}},{"@type":"WebPage","@id":"https:\/\/eldigitaldeasturias.com\/magazine365\/cancelados-el-20-de-los-vuelos-para-este-martes-en-francia-por-la-huelga-de-controladores\/#webpage","url":"https:\/\/eldigitaldeasturias.com\/magazine365\/cancelados-el-20-de-los-vuelos-para-este-martes-en-francia-por-la-huelga-de-controladores\/","name":"Cancelados el 20% de los vuelos para este martes en Francia por la huelga de controladores | El Digital de Asturias","description":"La Direcci\u00f3n General de la Aviaci\u00f3n Civil francesa (DGAC) ha pedido a las aerol\u00edneas que operan en el pa\u00eds que anulen este martes el 20% de los vuelos de previstos para dicha jornada ante la huelga convocada por los dos principales sindicatos de controladores galos. En un comunicado, el organismo ha alertado de \"perturbaciones\" en","inLanguage":"es-ES","isPartOf":{"@id":"https:\/\/eldigitaldeasturias.com\/magazine365\/#website"},"breadcrumb":{"@id":"https:\/\/eldigitaldeasturias.com\/magazine365\/cancelados-el-20-de-los-vuelos-para-este-martes-en-francia-por-la-huelga-de-controladores\/#breadcrumblist"},"author":{"@id":"https:\/\/eldigitaldeasturias.com\/magazine365\/author\/admin\/#author"},"creator":{"@id":"https:\/\/eldigitaldeasturias.com\/magazine365\/author\/admin\/#author"},"image":{"@type":"ImageObject","url":"https:\/\/eldigitaldeasturias.com\/magazine365\/wp-content\/uploads\/2016\/01\/fotonoticia_20160125125942_800.jpg","@id":"https:\/\/eldigitaldeasturias.com\/magazine365\/cancelados-el-20-de-los-vuelos-para-este-martes-en-francia-por-la-huelga-de-controladores\/#mainImage","width":800,"height":503},"primaryImageOfPage":{"@id":"https:\/\/eldigitaldeasturias.com\/magazine365\/cancelados-el-20-de-los-vuelos-para-este-martes-en-francia-por-la-huelga-de-controladores\/#mainImage"},"datePublished":"2016-01-25T21:06:11+01:00","dateModified":"2016-01-25T21:06:11+01:00"},{"@type":"WebSite","@id":"https:\/\/eldigitaldeasturias.com\/magazine365\/#website","url":"https:\/\/eldigitaldeasturias.com\/magazine365\/","name":"El Digital de Asturias","description":"Revista de ocio, turismo y estilo de vida","inLanguage":"es-ES","publisher":{"@id":"https:\/\/eldigitaldeasturias.com\/magazine365\/#organization"}}]},"og:locale":"es_ES","og:site_name":"El Digital de Asturias \u2013 Revista de ocio, turismo y estilo de vida","og:type":"article","og:title":"Cancelados el 20% de los vuelos para este martes en Francia por la huelga de controladores | El Digital de Asturias","og:description":"La Direcci\u00f3n General de la Aviaci\u00f3n Civil francesa (DGAC) ha pedido a las aerol\u00edneas que operan en el pa\u00eds que anulen este martes el 20% de los vuelos de previstos para dicha jornada ante la huelga convocada por los dos principales sindicatos de controladores galos. En un comunicado, el organismo ha alertado de &quot;perturbaciones&quot; en","og:url":"https:\/\/eldigitaldeasturias.com\/magazine365\/cancelados-el-20-de-los-vuelos-para-este-martes-en-francia-por-la-huelga-de-controladores\/","og:image":"https:\/\/eldigitaldeasturias.com\/magazine365\/wp-content\/uploads\/2016\/01\/fotonoticia_20160125125942_800.jpg","og:image:secure_url":"https:\/\/eldigitaldeasturias.com\/magazine365\/wp-content\/uploads\/2016\/01\/fotonoticia_20160125125942_800.jpg","og:image:width":800,"og:image:height":503,"article:published_time":"2016-01-25T20:06:11+00:00","article:modified_time":"2016-01-25T20:06:11+00:00","twitter:card":"summary_large_image","twitter:title":"Cancelados el 20% de los vuelos para este martes en Francia por la huelga de controladores | El Digital de Asturias","twitter:description":"La Direcci\u00f3n General de la Aviaci\u00f3n Civil francesa (DGAC) ha pedido a las aerol\u00edneas que operan en el pa\u00eds que anulen este martes el 20% de los vuelos de previstos para dicha jornada ante la huelga convocada por los dos principales sindicatos de controladores galos. En un comunicado, el organismo ha alertado de &quot;perturbaciones&quot; en","twitter:image":"https:\/\/eldigitaldeasturias.com\/magazine365\/wp-content\/uploads\/2016\/01\/fotonoticia_20160125125942_800.jpg"},"aioseo_meta_data":{"post_id":"61973","title":null,"description":null,"keywords":null,"keyphrases":null,"primary_term":null,"canonical_url":null,"og_title":null,"og_description":null,"og_object_type":"default","og_image_type":"default","og_image_url":null,"og_image_width":null,"og_image_height":null,"og_image_custom_url":null,"og_image_custom_fields":null,"og_video":null,"og_custom_url":null,"og_article_section":null,"og_article_tags":null,"twitter_use_og":false,"twitter_card":"default","twitter_image_type":"default","twitter_image_url":null,"twitter_image_custom_url":null,"twitter_image_custom_fields":null,"twitter_title":null,"twitter_description":null,"schema":{"blockGraphs":[],"customGraphs":[],"default":{"data":{"Article":[],"Course":[],"Dataset":[],"FAQPage":[],"Movie":[],"Person":[],"Product":[],"ProductReview":[],"Car":[],"Recipe":[],"Service":[],"SoftwareApplication":[],"WebPage":[]},"graphName":"","isEnabled":true},"graphs":[],"defaultGraph":"","defaultPostTypeGraph":""},"schema_type":null,"schema_type_options":null,"pillar_content":false,"robots_default":true,"robots_noindex":false,"robots_noarchive":false,"robots_nosnippet":false,"robots_nofollow":false,"robots_noimageindex":false,"robots_noodp":false,"robots_notranslate":false,"robots_max_snippet":null,"robots_max_videopreview":null,"robots_max_imagepreview":"large","priority":null,"frequency":null,"location":null,"local_seo":null,"seo_analyzer_scan_date":"2025-09-25 10:06:20","breadcrumb_settings":null,"limit_modified_date":false,"open_ai":null,"ai":null,"created":"2021-03-08 21:42:49","updated":"2025-09-25 10:06:20"},"aioseo_breadcrumb":"<div class=\"aioseo-breadcrumbs\"><span class=\"aioseo-breadcrumb\">\n\t<a href=\"https:\/\/eldigitaldeasturias.com\/magazine365\" title=\"Home\">Home<\/a>\n<\/span><span class=\"aioseo-breadcrumb-separator\">\u2013<\/span><span class=\"aioseo-breadcrumb\">\n\t<a href=\"https:\/\/eldigitaldeasturias.com\/magazine365\/category\/noticias-actualidad\/\" title=\"Noticias y Actualidad\">Noticias y Actualidad<\/a>\n<\/span><span class=\"aioseo-breadcrumb-separator\">\u2013<\/span><span class=\"aioseo-breadcrumb\">\n\t<a href=\"https:\/\/eldigitaldeasturias.com\/magazine365\/cancelados-el-20-de-los-vuelos-para-este-martes-en-francia-por-la-huelga-de-controladores\/\" title=\"Cancelados el 20% de los vuelos para este martes en Francia por la huelga de controladores\">Cancelados el 20% de los vuelos para este martes en Francia por la huelga de controladores<\/a>\n<\/span><\/div>","aioseo_breadcrumb_json":[{"label":"Home","link":"https:\/\/eldigitaldeasturias.com\/magazine365"},{"label":"Noticias y Actualidad","link":"https:\/\/eldigitaldeasturias.com\/magazine365\/category\/noticias-actualidad\/"},{"label":"Cancelados el 20% de los vuelos para este martes en Francia por la huelga de controladores","link":"https:\/\/eldigitaldeasturias.com\/magazine365\/cancelados-el-20-de-los-vuelos-para-este-martes-en-francia-por-la-huelga-de-controladores\/"}],"_links":{"self":[{"href":"https:\/\/eldigitaldeasturias.com\/magazine365\/wp-json\/wp\/v2\/posts\/61973","targetHints":{"allow":["GET"]}}],"collection":[{"href":"https:\/\/eldigitaldeasturias.com\/magazine365\/wp-json\/wp\/v2\/posts"}],"about":[{"href":"https:\/\/eldigitaldeasturias.com\/magazine365\/wp-json\/wp\/v2\/types\/post"}],"author":[{"embeddable":true,"href":"https:\/\/eldigitaldeasturias.com\/magazine365\/wp-json\/wp\/v2\/users\/1"}],"replies":[{"embeddable":true,"href":"https:\/\/eldigitaldeasturias.com\/magazine365\/wp-json\/wp\/v2\/comments?post=61973"}],"version-history":[{"count":0,"href":"https:\/\/eldigitaldeasturias.com\/magazine365\/wp-json\/wp\/v2\/posts\/61973\/revisions"}],"wp:featuredmedia":[{"embeddable":true,"href":"https:\/\/eldigitaldeasturias.com\/magazine365\/wp-json\/wp\/v2\/media\/61974"}],"wp:attachment":[{"href":"https:\/\/eldigitaldeasturias.com\/magazine365\/wp-json\/wp\/v2\/media?parent=61973"}],"wp:term":[{"taxonomy":"category","embeddable":true,"href":"https:\/\/eldigitaldeasturias.com\/magazine365\/wp-json\/wp\/v2\/categories?post=61973"},{"taxonomy":"post_tag","embeddable":true,"href":"https:\/\/eldigitaldeasturias.com\/magazine365\/wp-json\/wp\/v2\/tags?post=61973"}],"curies":[{"name":"wp","href":"https:\/\/api.w.org\/{rel}","templated":true}]}}