{"id":61971,"date":"2016-01-25T21:05:11","date_gmt":"2016-01-25T20:05:11","guid":{"rendered":"http:\/\/eldigitaldeasturias.com\/magazine365\/?p=61971"},"modified":"2016-01-25T21:05:11","modified_gmt":"2016-01-25T20:05:11","slug":"iran-prepara-la-renovacion-de-su-flota-con-planes-para-adquirir-mas-de-500-aviones","status":"publish","type":"post","link":"https:\/\/eldigitaldeasturias.com\/magazine365\/iran-prepara-la-renovacion-de-su-flota-con-planes-para-adquirir-mas-de-500-aviones\/","title":{"rendered":"Ir\u00e1n prepara la renovaci\u00f3n de su flota con planes para adquirir m\u00e1s de 500 aviones"},"content":{"rendered":"<p>El Gobierno de Ir\u00e1n se prepara para adquirir en los pr\u00f3ximos a\u00f1os unos 500 aviones de diferentes tipos para renovar su flota a\u00e9rea a trav\u00e9s de una serie de conversaciones con los gigantes mundiales de la aeron\u00e1utica una vez que la comunidad internacional ha comenzado a relajar las sanciones comerciales que pesaban sobre el pa\u00eds.<\/p>\n<p>La intenci\u00f3n es la de adquirir un centenar de aviones de corta distancia y otros 400 de largo recorrido, seg\u00fan ha informado el ministro de Carreteras y Desarrollo Urban\u00edstico, Abbas Ajondi, durante el transcurso de la Cumbre sobre Aviaci\u00f3n que se est\u00e1 desarrollando en Teher\u00e1n.<\/p>\n<p>Tras la firma del hist\u00f3rico acuerdo nuclear en julio del a\u00f1o pasado y su verificaci\u00f3n en enero, Ir\u00e1n tiene v\u00eda libre para modernizar su aviaci\u00f3n civil y su industria tur\u00edstica.<\/p>\n<p>\u00abEstamos manteniendo conversaciones con la compa\u00f1\u00eda Boeing en este sentido\u00bb, ha declarado Ajondi en comentarios recogidos por la agencia iran\u00ed Tasnim. En el mismo escenario y en comentarios a Reuters, el consejero delegado de la aerol\u00ednea Kish Air, Sadat Ajavi, manifest\u00f3 su intenci\u00f3n de adquirir seis aviones A321 de Airbus y no descarta hablar con la brasile\u00f1a Embraer.<\/p>\n<p>114 AVIONES CON AIRBUS.<\/p>\n<p>La compa\u00f1\u00eda Airbus es una de las compa\u00f1\u00edas m\u00e1s interesantes para Ir\u00e1n, que finalizar\u00e1 en las pr\u00f3ximas semanas un acuerdo para adquirir 114 aviones, que probablemente. El pacto quedar\u00e1 sellado posiblemente en la pr\u00f3xima visita que el presidente iran\u00ed Has\u00e1n Rohani tiene previsto realizar a Francia.<\/p>\n","protected":false},"excerpt":{"rendered":"<p>El Gobierno de Ir\u00e1n se prepara para adquirir en los pr\u00f3ximos a\u00f1os unos 500 aviones de diferentes tipos para renovar su flota a\u00e9rea a trav\u00e9s de una serie de conversaciones con los gigantes mundiales de la aeron\u00e1utica una vez que la comunidad internacional ha comenzado a relajar las sanciones comerciales que pesaban sobre el pa\u00eds.<\/p>\n","protected":false},"author":1,"featured_media":39092,"comment_status":"open","ping_status":"closed","sticky":false,"template":"","format":"standard","meta":{"footnotes":""},"categories":[224],"tags":[],"class_list":{"0":"post-61971","1":"post","2":"type-post","3":"status-publish","4":"format-standard","5":"has-post-thumbnail","7":"category-noticias-actualidad"},"aioseo_notices":[],"aioseo_head":"\n\t\t<!-- All in One SEO Pro 4.9.6.1 - aioseo.com -->\n\t<meta name=\"description\" content=\"El Gobierno de Ir\u00e1n se prepara para adquirir en los pr\u00f3ximos a\u00f1os unos 500 aviones de diferentes tipos para renovar su flota a\u00e9rea a trav\u00e9s de una serie de conversaciones con los gigantes mundiales de la aeron\u00e1utica una vez que la comunidad internacional ha comenzado a relajar las sanciones comerciales que pesaban sobre el pa\u00eds.\" \/>\n\t<meta name=\"robots\" content=\"max-image-preview:large\" \/>\n\t<meta name=\"author\" content=\"admin\"\/>\n\t<meta name=\"google-site-verification\" content=\"UA-38556648-1\" \/>\n\t<meta name=\"keywords\" content=\"noticias y actualidad\" \/>\n\t<link rel=\"canonical\" href=\"https:\/\/eldigitaldeasturias.com\/magazine365\/iran-prepara-la-renovacion-de-su-flota-con-planes-para-adquirir-mas-de-500-aviones\/\" \/>\n\t<meta name=\"generator\" content=\"All in One SEO Pro (AIOSEO) 4.9.6.1\" \/>\n\t\t<meta property=\"og:locale\" content=\"es_ES\" \/>\n\t\t<meta property=\"og:site_name\" content=\"El Digital de Asturias \u2013 Revista de ocio, turismo y estilo de vida\" \/>\n\t\t<meta property=\"og:type\" content=\"article\" \/>\n\t\t<meta property=\"og:title\" content=\"Ir\u00e1n prepara la renovaci\u00f3n de su flota con planes para adquirir m\u00e1s de 500 aviones | El Digital de Asturias\" \/>\n\t\t<meta property=\"og:description\" content=\"El Gobierno de Ir\u00e1n se prepara para adquirir en los pr\u00f3ximos a\u00f1os unos 500 aviones de diferentes tipos para renovar su flota a\u00e9rea a trav\u00e9s de una serie de conversaciones con los gigantes mundiales de la aeron\u00e1utica una vez que la comunidad internacional ha comenzado a relajar las sanciones comerciales que pesaban sobre el pa\u00eds.\" \/>\n\t\t<meta property=\"og:url\" content=\"https:\/\/eldigitaldeasturias.com\/magazine365\/iran-prepara-la-renovacion-de-su-flota-con-planes-para-adquirir-mas-de-500-aviones\/\" \/>\n\t\t<meta property=\"og:image\" content=\"https:\/\/eldigitaldeasturias.com\/magazine365\/wp-content\/uploads\/2015\/06\/aeropuerto.jpg\" \/>\n\t\t<meta property=\"og:image:secure_url\" content=\"https:\/\/eldigitaldeasturias.com\/magazine365\/wp-content\/uploads\/2015\/06\/aeropuerto.jpg\" \/>\n\t\t<meta property=\"og:image:width\" content=\"800\" \/>\n\t\t<meta property=\"og:image:height\" content=\"531\" \/>\n\t\t<meta property=\"article:published_time\" content=\"2016-01-25T20:05:11+00:00\" \/>\n\t\t<meta property=\"article:modified_time\" content=\"2016-01-25T20:05:11+00:00\" \/>\n\t\t<meta name=\"twitter:card\" content=\"summary_large_image\" \/>\n\t\t<meta name=\"twitter:title\" content=\"Ir\u00e1n prepara la renovaci\u00f3n de su flota con planes para adquirir m\u00e1s de 500 aviones | El Digital de Asturias\" \/>\n\t\t<meta name=\"twitter:description\" content=\"El Gobierno de Ir\u00e1n se prepara para adquirir en los pr\u00f3ximos a\u00f1os unos 500 aviones de diferentes tipos para renovar su flota a\u00e9rea a trav\u00e9s de una serie de conversaciones con los gigantes mundiales de la aeron\u00e1utica una vez que la comunidad internacional ha comenzado a relajar las sanciones comerciales que pesaban sobre el pa\u00eds.\" \/>\n\t\t<meta name=\"twitter:image\" content=\"https:\/\/eldigitaldeasturias.com\/magazine365\/wp-content\/uploads\/2015\/06\/aeropuerto.jpg\" \/>\n\t\t<script type=\"application\/ld+json\" class=\"aioseo-schema\">\n\t\t\t{\"@context\":\"https:\\\/\\\/schema.org\",\"@graph\":[{\"@type\":\"Article\",\"@id\":\"https:\\\/\\\/eldigitaldeasturias.com\\\/magazine365\\\/iran-prepara-la-renovacion-de-su-flota-con-planes-para-adquirir-mas-de-500-aviones\\\/#article\",\"name\":\"Ir\\u00e1n prepara la renovaci\\u00f3n de su flota con planes para adquirir m\\u00e1s de 500 aviones | El Digital de Asturias\",\"headline\":\"Ir\\u00e1n prepara la renovaci\\u00f3n de su flota con planes para adquirir m\\u00e1s de 500 aviones\",\"author\":{\"@id\":\"https:\\\/\\\/eldigitaldeasturias.com\\\/magazine365\\\/author\\\/admin\\\/#author\"},\"publisher\":{\"@id\":\"https:\\\/\\\/eldigitaldeasturias.com\\\/magazine365\\\/#organization\"},\"image\":{\"@type\":\"ImageObject\",\"url\":\"https:\\\/\\\/eldigitaldeasturias.com\\\/magazine365\\\/wp-content\\\/uploads\\\/2015\\\/06\\\/aeropuerto.jpg\",\"width\":800,\"height\":531},\"datePublished\":\"2016-01-25T21:05:11+01:00\",\"dateModified\":\"2016-01-25T21:05:11+01:00\",\"inLanguage\":\"es-ES\",\"mainEntityOfPage\":{\"@id\":\"https:\\\/\\\/eldigitaldeasturias.com\\\/magazine365\\\/iran-prepara-la-renovacion-de-su-flota-con-planes-para-adquirir-mas-de-500-aviones\\\/#webpage\"},\"isPartOf\":{\"@id\":\"https:\\\/\\\/eldigitaldeasturias.com\\\/magazine365\\\/iran-prepara-la-renovacion-de-su-flota-con-planes-para-adquirir-mas-de-500-aviones\\\/#webpage\"},\"articleSection\":\"Noticias y Actualidad\"},{\"@type\":\"BreadcrumbList\",\"@id\":\"https:\\\/\\\/eldigitaldeasturias.com\\\/magazine365\\\/iran-prepara-la-renovacion-de-su-flota-con-planes-para-adquirir-mas-de-500-aviones\\\/#breadcrumblist\",\"itemListElement\":[{\"@type\":\"ListItem\",\"@id\":\"https:\\\/\\\/eldigitaldeasturias.com\\\/magazine365#listItem\",\"position\":1,\"name\":\"Home\",\"item\":\"https:\\\/\\\/eldigitaldeasturias.com\\\/magazine365\",\"nextItem\":{\"@type\":\"ListItem\",\"@id\":\"https:\\\/\\\/eldigitaldeasturias.com\\\/magazine365\\\/category\\\/noticias-actualidad\\\/#listItem\",\"name\":\"Noticias y Actualidad\"}},{\"@type\":\"ListItem\",\"@id\":\"https:\\\/\\\/eldigitaldeasturias.com\\\/magazine365\\\/category\\\/noticias-actualidad\\\/#listItem\",\"position\":2,\"name\":\"Noticias y Actualidad\",\"item\":\"https:\\\/\\\/eldigitaldeasturias.com\\\/magazine365\\\/category\\\/noticias-actualidad\\\/\",\"nextItem\":{\"@type\":\"ListItem\",\"@id\":\"https:\\\/\\\/eldigitaldeasturias.com\\\/magazine365\\\/iran-prepara-la-renovacion-de-su-flota-con-planes-para-adquirir-mas-de-500-aviones\\\/#listItem\",\"name\":\"Ir\\u00e1n prepara la renovaci\\u00f3n de su flota con planes para adquirir m\\u00e1s de 500 aviones\"},\"previousItem\":{\"@type\":\"ListItem\",\"@id\":\"https:\\\/\\\/eldigitaldeasturias.com\\\/magazine365#listItem\",\"name\":\"Home\"}},{\"@type\":\"ListItem\",\"@id\":\"https:\\\/\\\/eldigitaldeasturias.com\\\/magazine365\\\/iran-prepara-la-renovacion-de-su-flota-con-planes-para-adquirir-mas-de-500-aviones\\\/#listItem\",\"position\":3,\"name\":\"Ir\\u00e1n prepara la renovaci\\u00f3n de su flota con planes para adquirir m\\u00e1s de 500 aviones\",\"previousItem\":{\"@type\":\"ListItem\",\"@id\":\"https:\\\/\\\/eldigitaldeasturias.com\\\/magazine365\\\/category\\\/noticias-actualidad\\\/#listItem\",\"name\":\"Noticias y Actualidad\"}}]},{\"@type\":\"Organization\",\"@id\":\"https:\\\/\\\/eldigitaldeasturias.com\\\/magazine365\\\/#organization\",\"name\":\"El digital de Asturias\",\"description\":\"Revista de ocio, turismo y estilo de vida\",\"url\":\"https:\\\/\\\/eldigitaldeasturias.com\\\/magazine365\\\/\",\"logo\":{\"@type\":\"ImageObject\",\"url\":\"https:\\\/\\\/www.eldigitaldeasturias.com\\\/noticias\\\/wp-content\\\/uploads\\\/2020\\\/12\\\/EDA.jpg\",\"@id\":\"https:\\\/\\\/eldigitaldeasturias.com\\\/magazine365\\\/iran-prepara-la-renovacion-de-su-flota-con-planes-para-adquirir-mas-de-500-aviones\\\/#organizationLogo\"},\"image\":{\"@id\":\"https:\\\/\\\/eldigitaldeasturias.com\\\/magazine365\\\/iran-prepara-la-renovacion-de-su-flota-con-planes-para-adquirir-mas-de-500-aviones\\\/#organizationLogo\"}},{\"@type\":\"Person\",\"@id\":\"https:\\\/\\\/eldigitaldeasturias.com\\\/magazine365\\\/author\\\/admin\\\/#author\",\"url\":\"https:\\\/\\\/eldigitaldeasturias.com\\\/magazine365\\\/author\\\/admin\\\/\",\"name\":\"admin\",\"image\":{\"@type\":\"ImageObject\",\"@id\":\"https:\\\/\\\/eldigitaldeasturias.com\\\/magazine365\\\/iran-prepara-la-renovacion-de-su-flota-con-planes-para-adquirir-mas-de-500-aviones\\\/#authorImage\",\"url\":\"https:\\\/\\\/eldigitaldeasturias.com\\\/magazine365\\\/wp-content\\\/litespeed\\\/avatar\\\/e571bcf59a0edd6fa6838245a470f2fe.jpg?ver=1776969259\",\"width\":96,\"height\":96,\"caption\":\"admin\"}},{\"@type\":\"WebPage\",\"@id\":\"https:\\\/\\\/eldigitaldeasturias.com\\\/magazine365\\\/iran-prepara-la-renovacion-de-su-flota-con-planes-para-adquirir-mas-de-500-aviones\\\/#webpage\",\"url\":\"https:\\\/\\\/eldigitaldeasturias.com\\\/magazine365\\\/iran-prepara-la-renovacion-de-su-flota-con-planes-para-adquirir-mas-de-500-aviones\\\/\",\"name\":\"Ir\\u00e1n prepara la renovaci\\u00f3n de su flota con planes para adquirir m\\u00e1s de 500 aviones | El Digital de Asturias\",\"description\":\"El Gobierno de Ir\\u00e1n se prepara para adquirir en los pr\\u00f3ximos a\\u00f1os unos 500 aviones de diferentes tipos para renovar su flota a\\u00e9rea a trav\\u00e9s de una serie de conversaciones con los gigantes mundiales de la aeron\\u00e1utica una vez que la comunidad internacional ha comenzado a relajar las sanciones comerciales que pesaban sobre el pa\\u00eds.\",\"inLanguage\":\"es-ES\",\"isPartOf\":{\"@id\":\"https:\\\/\\\/eldigitaldeasturias.com\\\/magazine365\\\/#website\"},\"breadcrumb\":{\"@id\":\"https:\\\/\\\/eldigitaldeasturias.com\\\/magazine365\\\/iran-prepara-la-renovacion-de-su-flota-con-planes-para-adquirir-mas-de-500-aviones\\\/#breadcrumblist\"},\"author\":{\"@id\":\"https:\\\/\\\/eldigitaldeasturias.com\\\/magazine365\\\/author\\\/admin\\\/#author\"},\"creator\":{\"@id\":\"https:\\\/\\\/eldigitaldeasturias.com\\\/magazine365\\\/author\\\/admin\\\/#author\"},\"image\":{\"@type\":\"ImageObject\",\"url\":\"https:\\\/\\\/eldigitaldeasturias.com\\\/magazine365\\\/wp-content\\\/uploads\\\/2015\\\/06\\\/aeropuerto.jpg\",\"@id\":\"https:\\\/\\\/eldigitaldeasturias.com\\\/magazine365\\\/iran-prepara-la-renovacion-de-su-flota-con-planes-para-adquirir-mas-de-500-aviones\\\/#mainImage\",\"width\":800,\"height\":531},\"primaryImageOfPage\":{\"@id\":\"https:\\\/\\\/eldigitaldeasturias.com\\\/magazine365\\\/iran-prepara-la-renovacion-de-su-flota-con-planes-para-adquirir-mas-de-500-aviones\\\/#mainImage\"},\"datePublished\":\"2016-01-25T21:05:11+01:00\",\"dateModified\":\"2016-01-25T21:05:11+01:00\"},{\"@type\":\"WebSite\",\"@id\":\"https:\\\/\\\/eldigitaldeasturias.com\\\/magazine365\\\/#website\",\"url\":\"https:\\\/\\\/eldigitaldeasturias.com\\\/magazine365\\\/\",\"name\":\"El Digital de Asturias\",\"description\":\"Revista de ocio, turismo y estilo de vida\",\"inLanguage\":\"es-ES\",\"publisher\":{\"@id\":\"https:\\\/\\\/eldigitaldeasturias.com\\\/magazine365\\\/#organization\"}}]}\n\t\t<\/script>\n\t\t<!-- All in One SEO Pro -->\r\n\t\t<title>Ir\u00e1n prepara la renovaci\u00f3n de su flota con planes para adquirir m\u00e1s de 500 aviones | El Digital de Asturias<\/title>\n\n","aioseo_head_json":{"title":"Ir\u00e1n prepara la renovaci\u00f3n de su flota con planes para adquirir m\u00e1s de 500 aviones | El Digital de Asturias","description":"El Gobierno de Ir\u00e1n se prepara para adquirir en los pr\u00f3ximos a\u00f1os unos 500 aviones de diferentes tipos para renovar su flota a\u00e9rea a trav\u00e9s de una serie de conversaciones con los gigantes mundiales de la aeron\u00e1utica una vez que la comunidad internacional ha comenzado a relajar las sanciones comerciales que pesaban sobre el pa\u00eds.","canonical_url":"https:\/\/eldigitaldeasturias.com\/magazine365\/iran-prepara-la-renovacion-de-su-flota-con-planes-para-adquirir-mas-de-500-aviones\/","robots":"max-image-preview:large","keywords":"noticias y actualidad","webmasterTools":{"google-site-verification":"UA-38556648-1","miscellaneous":""},"schema":{"@context":"https:\/\/schema.org","@graph":[{"@type":"Article","@id":"https:\/\/eldigitaldeasturias.com\/magazine365\/iran-prepara-la-renovacion-de-su-flota-con-planes-para-adquirir-mas-de-500-aviones\/#article","name":"Ir\u00e1n prepara la renovaci\u00f3n de su flota con planes para adquirir m\u00e1s de 500 aviones | El Digital de Asturias","headline":"Ir\u00e1n prepara la renovaci\u00f3n de su flota con planes para adquirir m\u00e1s de 500 aviones","author":{"@id":"https:\/\/eldigitaldeasturias.com\/magazine365\/author\/admin\/#author"},"publisher":{"@id":"https:\/\/eldigitaldeasturias.com\/magazine365\/#organization"},"image":{"@type":"ImageObject","url":"https:\/\/eldigitaldeasturias.com\/magazine365\/wp-content\/uploads\/2015\/06\/aeropuerto.jpg","width":800,"height":531},"datePublished":"2016-01-25T21:05:11+01:00","dateModified":"2016-01-25T21:05:11+01:00","inLanguage":"es-ES","mainEntityOfPage":{"@id":"https:\/\/eldigitaldeasturias.com\/magazine365\/iran-prepara-la-renovacion-de-su-flota-con-planes-para-adquirir-mas-de-500-aviones\/#webpage"},"isPartOf":{"@id":"https:\/\/eldigitaldeasturias.com\/magazine365\/iran-prepara-la-renovacion-de-su-flota-con-planes-para-adquirir-mas-de-500-aviones\/#webpage"},"articleSection":"Noticias y Actualidad"},{"@type":"BreadcrumbList","@id":"https:\/\/eldigitaldeasturias.com\/magazine365\/iran-prepara-la-renovacion-de-su-flota-con-planes-para-adquirir-mas-de-500-aviones\/#breadcrumblist","itemListElement":[{"@type":"ListItem","@id":"https:\/\/eldigitaldeasturias.com\/magazine365#listItem","position":1,"name":"Home","item":"https:\/\/eldigitaldeasturias.com\/magazine365","nextItem":{"@type":"ListItem","@id":"https:\/\/eldigitaldeasturias.com\/magazine365\/category\/noticias-actualidad\/#listItem","name":"Noticias y Actualidad"}},{"@type":"ListItem","@id":"https:\/\/eldigitaldeasturias.com\/magazine365\/category\/noticias-actualidad\/#listItem","position":2,"name":"Noticias y Actualidad","item":"https:\/\/eldigitaldeasturias.com\/magazine365\/category\/noticias-actualidad\/","nextItem":{"@type":"ListItem","@id":"https:\/\/eldigitaldeasturias.com\/magazine365\/iran-prepara-la-renovacion-de-su-flota-con-planes-para-adquirir-mas-de-500-aviones\/#listItem","name":"Ir\u00e1n prepara la renovaci\u00f3n de su flota con planes para adquirir m\u00e1s de 500 aviones"},"previousItem":{"@type":"ListItem","@id":"https:\/\/eldigitaldeasturias.com\/magazine365#listItem","name":"Home"}},{"@type":"ListItem","@id":"https:\/\/eldigitaldeasturias.com\/magazine365\/iran-prepara-la-renovacion-de-su-flota-con-planes-para-adquirir-mas-de-500-aviones\/#listItem","position":3,"name":"Ir\u00e1n prepara la renovaci\u00f3n de su flota con planes para adquirir m\u00e1s de 500 aviones","previousItem":{"@type":"ListItem","@id":"https:\/\/eldigitaldeasturias.com\/magazine365\/category\/noticias-actualidad\/#listItem","name":"Noticias y Actualidad"}}]},{"@type":"Organization","@id":"https:\/\/eldigitaldeasturias.com\/magazine365\/#organization","name":"El digital de Asturias","description":"Revista de ocio, turismo y estilo de vida","url":"https:\/\/eldigitaldeasturias.com\/magazine365\/","logo":{"@type":"ImageObject","url":"https:\/\/www.eldigitaldeasturias.com\/noticias\/wp-content\/uploads\/2020\/12\/EDA.jpg","@id":"https:\/\/eldigitaldeasturias.com\/magazine365\/iran-prepara-la-renovacion-de-su-flota-con-planes-para-adquirir-mas-de-500-aviones\/#organizationLogo"},"image":{"@id":"https:\/\/eldigitaldeasturias.com\/magazine365\/iran-prepara-la-renovacion-de-su-flota-con-planes-para-adquirir-mas-de-500-aviones\/#organizationLogo"}},{"@type":"Person","@id":"https:\/\/eldigitaldeasturias.com\/magazine365\/author\/admin\/#author","url":"https:\/\/eldigitaldeasturias.com\/magazine365\/author\/admin\/","name":"admin","image":{"@type":"ImageObject","@id":"https:\/\/eldigitaldeasturias.com\/magazine365\/iran-prepara-la-renovacion-de-su-flota-con-planes-para-adquirir-mas-de-500-aviones\/#authorImage","url":"https:\/\/eldigitaldeasturias.com\/magazine365\/wp-content\/litespeed\/avatar\/e571bcf59a0edd6fa6838245a470f2fe.jpg?ver=1776969259","width":96,"height":96,"caption":"admin"}},{"@type":"WebPage","@id":"https:\/\/eldigitaldeasturias.com\/magazine365\/iran-prepara-la-renovacion-de-su-flota-con-planes-para-adquirir-mas-de-500-aviones\/#webpage","url":"https:\/\/eldigitaldeasturias.com\/magazine365\/iran-prepara-la-renovacion-de-su-flota-con-planes-para-adquirir-mas-de-500-aviones\/","name":"Ir\u00e1n prepara la renovaci\u00f3n de su flota con planes para adquirir m\u00e1s de 500 aviones | El Digital de Asturias","description":"El Gobierno de Ir\u00e1n se prepara para adquirir en los pr\u00f3ximos a\u00f1os unos 500 aviones de diferentes tipos para renovar su flota a\u00e9rea a trav\u00e9s de una serie de conversaciones con los gigantes mundiales de la aeron\u00e1utica una vez que la comunidad internacional ha comenzado a relajar las sanciones comerciales que pesaban sobre el pa\u00eds.","inLanguage":"es-ES","isPartOf":{"@id":"https:\/\/eldigitaldeasturias.com\/magazine365\/#website"},"breadcrumb":{"@id":"https:\/\/eldigitaldeasturias.com\/magazine365\/iran-prepara-la-renovacion-de-su-flota-con-planes-para-adquirir-mas-de-500-aviones\/#breadcrumblist"},"author":{"@id":"https:\/\/eldigitaldeasturias.com\/magazine365\/author\/admin\/#author"},"creator":{"@id":"https:\/\/eldigitaldeasturias.com\/magazine365\/author\/admin\/#author"},"image":{"@type":"ImageObject","url":"https:\/\/eldigitaldeasturias.com\/magazine365\/wp-content\/uploads\/2015\/06\/aeropuerto.jpg","@id":"https:\/\/eldigitaldeasturias.com\/magazine365\/iran-prepara-la-renovacion-de-su-flota-con-planes-para-adquirir-mas-de-500-aviones\/#mainImage","width":800,"height":531},"primaryImageOfPage":{"@id":"https:\/\/eldigitaldeasturias.com\/magazine365\/iran-prepara-la-renovacion-de-su-flota-con-planes-para-adquirir-mas-de-500-aviones\/#mainImage"},"datePublished":"2016-01-25T21:05:11+01:00","dateModified":"2016-01-25T21:05:11+01:00"},{"@type":"WebSite","@id":"https:\/\/eldigitaldeasturias.com\/magazine365\/#website","url":"https:\/\/eldigitaldeasturias.com\/magazine365\/","name":"El Digital de Asturias","description":"Revista de ocio, turismo y estilo de vida","inLanguage":"es-ES","publisher":{"@id":"https:\/\/eldigitaldeasturias.com\/magazine365\/#organization"}}]},"og:locale":"es_ES","og:site_name":"El Digital de Asturias \u2013 Revista de ocio, turismo y estilo de vida","og:type":"article","og:title":"Ir\u00e1n prepara la renovaci\u00f3n de su flota con planes para adquirir m\u00e1s de 500 aviones | El Digital de Asturias","og:description":"El Gobierno de Ir\u00e1n se prepara para adquirir en los pr\u00f3ximos a\u00f1os unos 500 aviones de diferentes tipos para renovar su flota a\u00e9rea a trav\u00e9s de una serie de conversaciones con los gigantes mundiales de la aeron\u00e1utica una vez que la comunidad internacional ha comenzado a relajar las sanciones comerciales que pesaban sobre el pa\u00eds.","og:url":"https:\/\/eldigitaldeasturias.com\/magazine365\/iran-prepara-la-renovacion-de-su-flota-con-planes-para-adquirir-mas-de-500-aviones\/","og:image":"https:\/\/eldigitaldeasturias.com\/magazine365\/wp-content\/uploads\/2015\/06\/aeropuerto.jpg","og:image:secure_url":"https:\/\/eldigitaldeasturias.com\/magazine365\/wp-content\/uploads\/2015\/06\/aeropuerto.jpg","og:image:width":800,"og:image:height":531,"article:published_time":"2016-01-25T20:05:11+00:00","article:modified_time":"2016-01-25T20:05:11+00:00","twitter:card":"summary_large_image","twitter:title":"Ir\u00e1n prepara la renovaci\u00f3n de su flota con planes para adquirir m\u00e1s de 500 aviones | El Digital de Asturias","twitter:description":"El Gobierno de Ir\u00e1n se prepara para adquirir en los pr\u00f3ximos a\u00f1os unos 500 aviones de diferentes tipos para renovar su flota a\u00e9rea a trav\u00e9s de una serie de conversaciones con los gigantes mundiales de la aeron\u00e1utica una vez que la comunidad internacional ha comenzado a relajar las sanciones comerciales que pesaban sobre el pa\u00eds.","twitter:image":"https:\/\/eldigitaldeasturias.com\/magazine365\/wp-content\/uploads\/2015\/06\/aeropuerto.jpg"},"aioseo_meta_data":{"post_id":"61971","title":null,"description":null,"keywords":null,"keyphrases":null,"primary_term":null,"canonical_url":null,"og_title":null,"og_description":null,"og_object_type":"default","og_image_type":"default","og_image_url":null,"og_image_width":null,"og_image_height":null,"og_image_custom_url":null,"og_image_custom_fields":null,"og_video":null,"og_custom_url":null,"og_article_section":null,"og_article_tags":null,"twitter_use_og":false,"twitter_card":"default","twitter_image_type":"default","twitter_image_url":null,"twitter_image_custom_url":null,"twitter_image_custom_fields":null,"twitter_title":null,"twitter_description":null,"schema":{"blockGraphs":[],"customGraphs":[],"default":{"data":{"Article":[],"Course":[],"Dataset":[],"FAQPage":[],"Movie":[],"Person":[],"Product":[],"ProductReview":[],"Car":[],"Recipe":[],"Service":[],"SoftwareApplication":[],"WebPage":[]},"graphName":"","isEnabled":true},"graphs":[],"defaultGraph":"","defaultPostTypeGraph":""},"schema_type":null,"schema_type_options":null,"pillar_content":false,"robots_default":true,"robots_noindex":false,"robots_noarchive":false,"robots_nosnippet":false,"robots_nofollow":false,"robots_noimageindex":false,"robots_noodp":false,"robots_notranslate":false,"robots_max_snippet":null,"robots_max_videopreview":null,"robots_max_imagepreview":"large","priority":null,"frequency":null,"location":null,"local_seo":null,"seo_analyzer_scan_date":"2025-09-25 10:06:19","breadcrumb_settings":null,"limit_modified_date":false,"open_ai":null,"ai":null,"created":"2021-03-08 21:42:49","updated":"2025-09-25 10:06:19"},"aioseo_breadcrumb":"<div class=\"aioseo-breadcrumbs\"><span class=\"aioseo-breadcrumb\">\n\t<a href=\"https:\/\/eldigitaldeasturias.com\/magazine365\" title=\"Home\">Home<\/a>\n<\/span><span class=\"aioseo-breadcrumb-separator\">\u2013<\/span><span class=\"aioseo-breadcrumb\">\n\t<a href=\"https:\/\/eldigitaldeasturias.com\/magazine365\/category\/noticias-actualidad\/\" title=\"Noticias y Actualidad\">Noticias y Actualidad<\/a>\n<\/span><span class=\"aioseo-breadcrumb-separator\">\u2013<\/span><span class=\"aioseo-breadcrumb\">\n\t<a href=\"https:\/\/eldigitaldeasturias.com\/magazine365\/iran-prepara-la-renovacion-de-su-flota-con-planes-para-adquirir-mas-de-500-aviones\/\" title=\"Ir\u00e1n prepara la renovaci\u00f3n de su flota con planes para adquirir m\u00e1s de 500 aviones\">Ir\u00e1n prepara la renovaci\u00f3n de su flota con planes para adquirir m\u00e1s de 500 aviones<\/a>\n<\/span><\/div>","aioseo_breadcrumb_json":[{"label":"Home","link":"https:\/\/eldigitaldeasturias.com\/magazine365"},{"label":"Noticias y Actualidad","link":"https:\/\/eldigitaldeasturias.com\/magazine365\/category\/noticias-actualidad\/"},{"label":"Ir\u00e1n prepara la renovaci\u00f3n de su flota con planes para adquirir m\u00e1s de 500 aviones","link":"https:\/\/eldigitaldeasturias.com\/magazine365\/iran-prepara-la-renovacion-de-su-flota-con-planes-para-adquirir-mas-de-500-aviones\/"}],"_links":{"self":[{"href":"https:\/\/eldigitaldeasturias.com\/magazine365\/wp-json\/wp\/v2\/posts\/61971","targetHints":{"allow":["GET"]}}],"collection":[{"href":"https:\/\/eldigitaldeasturias.com\/magazine365\/wp-json\/wp\/v2\/posts"}],"about":[{"href":"https:\/\/eldigitaldeasturias.com\/magazine365\/wp-json\/wp\/v2\/types\/post"}],"author":[{"embeddable":true,"href":"https:\/\/eldigitaldeasturias.com\/magazine365\/wp-json\/wp\/v2\/users\/1"}],"replies":[{"embeddable":true,"href":"https:\/\/eldigitaldeasturias.com\/magazine365\/wp-json\/wp\/v2\/comments?post=61971"}],"version-history":[{"count":0,"href":"https:\/\/eldigitaldeasturias.com\/magazine365\/wp-json\/wp\/v2\/posts\/61971\/revisions"}],"wp:featuredmedia":[{"embeddable":true,"href":"https:\/\/eldigitaldeasturias.com\/magazine365\/wp-json\/wp\/v2\/media\/39092"}],"wp:attachment":[{"href":"https:\/\/eldigitaldeasturias.com\/magazine365\/wp-json\/wp\/v2\/media?parent=61971"}],"wp:term":[{"taxonomy":"category","embeddable":true,"href":"https:\/\/eldigitaldeasturias.com\/magazine365\/wp-json\/wp\/v2\/categories?post=61971"},{"taxonomy":"post_tag","embeddable":true,"href":"https:\/\/eldigitaldeasturias.com\/magazine365\/wp-json\/wp\/v2\/tags?post=61971"}],"curies":[{"name":"wp","href":"https:\/\/api.w.org\/{rel}","templated":true}]}}