{"id":61948,"date":"2016-01-25T13:40:12","date_gmt":"2016-01-25T12:40:12","guid":{"rendered":"http:\/\/eldigitaldeasturias.com\/magazine365\/?p=61948"},"modified":"2016-01-25T13:40:12","modified_gmt":"2016-01-25T12:40:12","slug":"el-pabellon-de-extremadura-recibe-miles-de-visitas-en-fitur-2016","status":"publish","type":"post","link":"https:\/\/eldigitaldeasturias.com\/magazine365\/el-pabellon-de-extremadura-recibe-miles-de-visitas-en-fitur-2016\/","title":{"rendered":"El pabell\u00f3n de Extremadura recibe miles de visitas en Fitur 2016"},"content":{"rendered":"<p><img fetchpriority=\"high\" decoding=\"async\" class=\"alignleft size-medium wp-image-61949\" src=\"https:\/\/eldigitaldeasturias.com\/magazine365\/wp-content\/uploads\/2016\/01\/fotonoticia_20160125105727_800-360x240.jpg\" alt=\"fotonoticia_20160125105727_800\" width=\"360\" height=\"240\" srcset=\"https:\/\/eldigitaldeasturias.com\/magazine365\/wp-content\/uploads\/2016\/01\/fotonoticia_20160125105727_800-360x240.jpg 360w, https:\/\/eldigitaldeasturias.com\/magazine365\/wp-content\/uploads\/2016\/01\/fotonoticia_20160125105727_800-650x433.jpg 650w, https:\/\/eldigitaldeasturias.com\/magazine365\/wp-content\/uploads\/2016\/01\/fotonoticia_20160125105727_800-768x512.jpg 768w, https:\/\/eldigitaldeasturias.com\/magazine365\/wp-content\/uploads\/2016\/01\/fotonoticia_20160125105727_800-150x100.jpg 150w, https:\/\/eldigitaldeasturias.com\/magazine365\/wp-content\/uploads\/2016\/01\/fotonoticia_20160125105727_800-450x300.jpg 450w, https:\/\/eldigitaldeasturias.com\/magazine365\/wp-content\/uploads\/2016\/01\/fotonoticia_20160125105727_800-696x464.jpg 696w, https:\/\/eldigitaldeasturias.com\/magazine365\/wp-content\/uploads\/2016\/01\/fotonoticia_20160125105727_800-630x420.jpg 630w, https:\/\/eldigitaldeasturias.com\/magazine365\/wp-content\/uploads\/2016\/01\/fotonoticia_20160125105727_800-101x66.jpg 101w, https:\/\/eldigitaldeasturias.com\/magazine365\/wp-content\/uploads\/2016\/01\/fotonoticia_20160125105727_800.jpg 800w\" sizes=\"(max-width: 360px) 100vw, 360px\" \/>La comunidad aut\u00f3noma de Extremadura ha cerrado su participaci\u00f3n en la Feria Internacional de Turismo (Fitur) 2016 con una \u00abgran afluencia de p\u00fablico\u00bb durante el fin de semana y una \u00abintensa agenda\u00bb en los d\u00edas profesionales, de mi\u00e9rcoles a viernes, d\u00edas en los que se han celebrado 43 presentaciones de proyectos y eventos tur\u00edsticos y m\u00e1s de 400 reuniones entre empresarios.<\/p>\n<p>Miles de personas han pasado por el pabell\u00f3n extreme\u00f1o para interesarse por los recursos naturales, culturales y gastron\u00f3micos de la regi\u00f3n, sus rutas tur\u00edsticas y sus propuestas de ocio, seg\u00fan informa la Junta de Extremadura en una nota de prensa, en la que valora que las actividades programadas para el p\u00fablico han registrado una \u00abalta participaci\u00f3n\u00bb.<\/p>\n<p>La Direcci\u00f3n General de Turismo ha organizado catas comentadas de productos extreme\u00f1os con Denominaci\u00f3n de Origen como vino Ribera del Guadiana, Piment\u00f3n de la Vera, Quesos y Miel Villuercas-Ibores, a las que han asistido algo m\u00e1s de 330 personas entre el s\u00e1bado y el domingo.<\/p>\n<p>Tambi\u00e9n se han celebrado talleres de dibujo para ni\u00f1os, caricaturas en directo y rutas virtuales en bicicleta, entre otras actividades destinadas a promocionar la gastronom\u00eda y la naturaleza de Extremadura.<\/p>\n<p>En el \u00e1mbito profesional, la sala de presentaciones ha sido el escenario donde la Junta de Extremadura, las diputaciones de Badajoz y C\u00e1ceres, ayuntamientos, empresas y asociaciones han dado a conocer sus proyectos, agendas y fiestas para 2016.<\/p>\n<p>Desde el programa de actividades de M\u00e9rida Capital Iberoamericana de la Cultura Gastron\u00f3mica hasta las experiencias de geoturismo en el Geoparque Villuercas Ibores Jara, pasando por la Semana Santa de Jerez de los Caballeros, la fiesta de Los Conversos de Herv\u00e1s, la Feria del Toro de Olivenza, la recreaci\u00f3n de la batalla de La Albuera, el Carnaval de Badajoz, el A\u00f1o Santo Guadalupense o el turismo de congresos.<\/p>\n<p>En total, 43 presentaciones que contaron con la presencia de 1.330 personas, se\u00f1ala el Ejecutivo regional.<\/p>\n<p>A\u00f1ade tambi\u00e9n que la actividad en la zona empresarial del Pabell\u00f3n de Extremadura ha sido \u00abintensa\u00bb, donde unas 110 empresas e instituciones de la regi\u00f3n han celebrado reuniones de trabajo para \u00abofrecer sus servicios y productos tur\u00edsticos a potenciales clientes y explorar nuevas oportunidades de negocio\u00bb.<\/p>\n<p>En tres d\u00edas se han registrado 400 reuniones en las que han participado hoteles, alojamientos de turismo rural, agencias de viajes, empresas de actividades de ocio y tiempo libre, asociaciones empresariales, consultoras y entidades p\u00fablicas de la regi\u00f3n.<\/p>\n","protected":false},"excerpt":{"rendered":"<p>La comunidad aut\u00f3noma de Extremadura ha cerrado su participaci\u00f3n en la Feria Internacional de Turismo (Fitur) 2016 con una \u00abgran afluencia de p\u00fablico\u00bb durante el fin de semana y una \u00abintensa agenda\u00bb en los d\u00edas profesionales, de mi\u00e9rcoles a viernes, d\u00edas en los que se han celebrado 43 presentaciones de proyectos y eventos tur\u00edsticos y<\/p>\n","protected":false},"author":1,"featured_media":61949,"comment_status":"open","ping_status":"closed","sticky":false,"template":"","format":"standard","meta":{"footnotes":""},"categories":[224],"tags":[],"class_list":{"0":"post-61948","1":"post","2":"type-post","3":"status-publish","4":"format-standard","5":"has-post-thumbnail","7":"category-noticias-actualidad"},"aioseo_notices":[],"aioseo_head":"\n\t\t<!-- All in One SEO Pro 4.9.6.1 - aioseo.com -->\n\t<meta name=\"description\" content=\"La comunidad aut\u00f3noma de Extremadura ha cerrado su participaci\u00f3n en la Feria Internacional de Turismo (Fitur) 2016 con una &quot;gran afluencia de p\u00fablico&quot; durante el fin de semana y una &quot;intensa agenda&quot; en los d\u00edas profesionales, de mi\u00e9rcoles a viernes, d\u00edas en los que se han celebrado 43 presentaciones de proyectos y eventos tur\u00edsticos y\" \/>\n\t<meta name=\"robots\" content=\"max-image-preview:large\" \/>\n\t<meta name=\"author\" content=\"admin\"\/>\n\t<meta name=\"google-site-verification\" content=\"UA-38556648-1\" \/>\n\t<meta name=\"keywords\" content=\"noticias y actualidad\" \/>\n\t<link rel=\"canonical\" href=\"https:\/\/eldigitaldeasturias.com\/magazine365\/el-pabellon-de-extremadura-recibe-miles-de-visitas-en-fitur-2016\/\" \/>\n\t<meta name=\"generator\" content=\"All in One SEO Pro (AIOSEO) 4.9.6.1\" \/>\n\t\t<meta property=\"og:locale\" content=\"es_ES\" \/>\n\t\t<meta property=\"og:site_name\" content=\"El Digital de Asturias \u2013 Revista de ocio, turismo y estilo de vida\" \/>\n\t\t<meta property=\"og:type\" content=\"article\" \/>\n\t\t<meta property=\"og:title\" content=\"El pabell\u00f3n de Extremadura recibe miles de visitas en Fitur 2016 | El Digital de Asturias\" \/>\n\t\t<meta property=\"og:description\" content=\"La comunidad aut\u00f3noma de Extremadura ha cerrado su participaci\u00f3n en la Feria Internacional de Turismo (Fitur) 2016 con una &quot;gran afluencia de p\u00fablico&quot; durante el fin de semana y una &quot;intensa agenda&quot; en los d\u00edas profesionales, de mi\u00e9rcoles a viernes, d\u00edas en los que se han celebrado 43 presentaciones de proyectos y eventos tur\u00edsticos y\" \/>\n\t\t<meta property=\"og:url\" content=\"https:\/\/eldigitaldeasturias.com\/magazine365\/el-pabellon-de-extremadura-recibe-miles-de-visitas-en-fitur-2016\/\" \/>\n\t\t<meta property=\"og:image\" content=\"https:\/\/eldigitaldeasturias.com\/magazine365\/wp-content\/uploads\/2016\/01\/fotonoticia_20160125105727_800.jpg\" \/>\n\t\t<meta property=\"og:image:secure_url\" content=\"https:\/\/eldigitaldeasturias.com\/magazine365\/wp-content\/uploads\/2016\/01\/fotonoticia_20160125105727_800.jpg\" \/>\n\t\t<meta property=\"og:image:width\" content=\"800\" \/>\n\t\t<meta property=\"og:image:height\" content=\"533\" \/>\n\t\t<meta property=\"article:published_time\" content=\"2016-01-25T12:40:12+00:00\" \/>\n\t\t<meta property=\"article:modified_time\" content=\"2016-01-25T12:40:12+00:00\" \/>\n\t\t<meta name=\"twitter:card\" content=\"summary_large_image\" \/>\n\t\t<meta name=\"twitter:title\" content=\"El pabell\u00f3n de Extremadura recibe miles de visitas en Fitur 2016 | El Digital de Asturias\" \/>\n\t\t<meta name=\"twitter:description\" content=\"La comunidad aut\u00f3noma de Extremadura ha cerrado su participaci\u00f3n en la Feria Internacional de Turismo (Fitur) 2016 con una &quot;gran afluencia de p\u00fablico&quot; durante el fin de semana y una &quot;intensa agenda&quot; en los d\u00edas profesionales, de mi\u00e9rcoles a viernes, d\u00edas en los que se han celebrado 43 presentaciones de proyectos y eventos tur\u00edsticos y\" \/>\n\t\t<meta name=\"twitter:image\" content=\"https:\/\/eldigitaldeasturias.com\/magazine365\/wp-content\/uploads\/2016\/01\/fotonoticia_20160125105727_800.jpg\" \/>\n\t\t<script type=\"application\/ld+json\" class=\"aioseo-schema\">\n\t\t\t{\"@context\":\"https:\\\/\\\/schema.org\",\"@graph\":[{\"@type\":\"Article\",\"@id\":\"https:\\\/\\\/eldigitaldeasturias.com\\\/magazine365\\\/el-pabellon-de-extremadura-recibe-miles-de-visitas-en-fitur-2016\\\/#article\",\"name\":\"El pabell\\u00f3n de Extremadura recibe miles de visitas en Fitur 2016 | El Digital de Asturias\",\"headline\":\"El pabell\\u00f3n de Extremadura recibe miles de visitas en Fitur 2016\",\"author\":{\"@id\":\"https:\\\/\\\/eldigitaldeasturias.com\\\/magazine365\\\/author\\\/admin\\\/#author\"},\"publisher\":{\"@id\":\"https:\\\/\\\/eldigitaldeasturias.com\\\/magazine365\\\/#organization\"},\"image\":{\"@type\":\"ImageObject\",\"url\":\"https:\\\/\\\/eldigitaldeasturias.com\\\/magazine365\\\/wp-content\\\/uploads\\\/2016\\\/01\\\/fotonoticia_20160125105727_800.jpg\",\"width\":800,\"height\":533},\"datePublished\":\"2016-01-25T13:40:12+01:00\",\"dateModified\":\"2016-01-25T13:40:12+01:00\",\"inLanguage\":\"es-ES\",\"mainEntityOfPage\":{\"@id\":\"https:\\\/\\\/eldigitaldeasturias.com\\\/magazine365\\\/el-pabellon-de-extremadura-recibe-miles-de-visitas-en-fitur-2016\\\/#webpage\"},\"isPartOf\":{\"@id\":\"https:\\\/\\\/eldigitaldeasturias.com\\\/magazine365\\\/el-pabellon-de-extremadura-recibe-miles-de-visitas-en-fitur-2016\\\/#webpage\"},\"articleSection\":\"Noticias y Actualidad\"},{\"@type\":\"BreadcrumbList\",\"@id\":\"https:\\\/\\\/eldigitaldeasturias.com\\\/magazine365\\\/el-pabellon-de-extremadura-recibe-miles-de-visitas-en-fitur-2016\\\/#breadcrumblist\",\"itemListElement\":[{\"@type\":\"ListItem\",\"@id\":\"https:\\\/\\\/eldigitaldeasturias.com\\\/magazine365#listItem\",\"position\":1,\"name\":\"Home\",\"item\":\"https:\\\/\\\/eldigitaldeasturias.com\\\/magazine365\",\"nextItem\":{\"@type\":\"ListItem\",\"@id\":\"https:\\\/\\\/eldigitaldeasturias.com\\\/magazine365\\\/category\\\/noticias-actualidad\\\/#listItem\",\"name\":\"Noticias y Actualidad\"}},{\"@type\":\"ListItem\",\"@id\":\"https:\\\/\\\/eldigitaldeasturias.com\\\/magazine365\\\/category\\\/noticias-actualidad\\\/#listItem\",\"position\":2,\"name\":\"Noticias y Actualidad\",\"item\":\"https:\\\/\\\/eldigitaldeasturias.com\\\/magazine365\\\/category\\\/noticias-actualidad\\\/\",\"nextItem\":{\"@type\":\"ListItem\",\"@id\":\"https:\\\/\\\/eldigitaldeasturias.com\\\/magazine365\\\/el-pabellon-de-extremadura-recibe-miles-de-visitas-en-fitur-2016\\\/#listItem\",\"name\":\"El pabell\\u00f3n de Extremadura recibe miles de visitas en Fitur 2016\"},\"previousItem\":{\"@type\":\"ListItem\",\"@id\":\"https:\\\/\\\/eldigitaldeasturias.com\\\/magazine365#listItem\",\"name\":\"Home\"}},{\"@type\":\"ListItem\",\"@id\":\"https:\\\/\\\/eldigitaldeasturias.com\\\/magazine365\\\/el-pabellon-de-extremadura-recibe-miles-de-visitas-en-fitur-2016\\\/#listItem\",\"position\":3,\"name\":\"El pabell\\u00f3n de Extremadura recibe miles de visitas en Fitur 2016\",\"previousItem\":{\"@type\":\"ListItem\",\"@id\":\"https:\\\/\\\/eldigitaldeasturias.com\\\/magazine365\\\/category\\\/noticias-actualidad\\\/#listItem\",\"name\":\"Noticias y Actualidad\"}}]},{\"@type\":\"Organization\",\"@id\":\"https:\\\/\\\/eldigitaldeasturias.com\\\/magazine365\\\/#organization\",\"name\":\"El digital de Asturias\",\"description\":\"Revista de ocio, turismo y estilo de vida\",\"url\":\"https:\\\/\\\/eldigitaldeasturias.com\\\/magazine365\\\/\",\"logo\":{\"@type\":\"ImageObject\",\"url\":\"https:\\\/\\\/www.eldigitaldeasturias.com\\\/noticias\\\/wp-content\\\/uploads\\\/2020\\\/12\\\/EDA.jpg\",\"@id\":\"https:\\\/\\\/eldigitaldeasturias.com\\\/magazine365\\\/el-pabellon-de-extremadura-recibe-miles-de-visitas-en-fitur-2016\\\/#organizationLogo\"},\"image\":{\"@id\":\"https:\\\/\\\/eldigitaldeasturias.com\\\/magazine365\\\/el-pabellon-de-extremadura-recibe-miles-de-visitas-en-fitur-2016\\\/#organizationLogo\"}},{\"@type\":\"Person\",\"@id\":\"https:\\\/\\\/eldigitaldeasturias.com\\\/magazine365\\\/author\\\/admin\\\/#author\",\"url\":\"https:\\\/\\\/eldigitaldeasturias.com\\\/magazine365\\\/author\\\/admin\\\/\",\"name\":\"admin\",\"image\":{\"@type\":\"ImageObject\",\"@id\":\"https:\\\/\\\/eldigitaldeasturias.com\\\/magazine365\\\/el-pabellon-de-extremadura-recibe-miles-de-visitas-en-fitur-2016\\\/#authorImage\",\"url\":\"https:\\\/\\\/eldigitaldeasturias.com\\\/magazine365\\\/wp-content\\\/litespeed\\\/avatar\\\/e571bcf59a0edd6fa6838245a470f2fe.jpg?ver=1776969259\",\"width\":96,\"height\":96,\"caption\":\"admin\"}},{\"@type\":\"WebPage\",\"@id\":\"https:\\\/\\\/eldigitaldeasturias.com\\\/magazine365\\\/el-pabellon-de-extremadura-recibe-miles-de-visitas-en-fitur-2016\\\/#webpage\",\"url\":\"https:\\\/\\\/eldigitaldeasturias.com\\\/magazine365\\\/el-pabellon-de-extremadura-recibe-miles-de-visitas-en-fitur-2016\\\/\",\"name\":\"El pabell\\u00f3n de Extremadura recibe miles de visitas en Fitur 2016 | El Digital de Asturias\",\"description\":\"La comunidad aut\\u00f3noma de Extremadura ha cerrado su participaci\\u00f3n en la Feria Internacional de Turismo (Fitur) 2016 con una \\\"gran afluencia de p\\u00fablico\\\" durante el fin de semana y una \\\"intensa agenda\\\" en los d\\u00edas profesionales, de mi\\u00e9rcoles a viernes, d\\u00edas en los que se han celebrado 43 presentaciones de proyectos y eventos tur\\u00edsticos y\",\"inLanguage\":\"es-ES\",\"isPartOf\":{\"@id\":\"https:\\\/\\\/eldigitaldeasturias.com\\\/magazine365\\\/#website\"},\"breadcrumb\":{\"@id\":\"https:\\\/\\\/eldigitaldeasturias.com\\\/magazine365\\\/el-pabellon-de-extremadura-recibe-miles-de-visitas-en-fitur-2016\\\/#breadcrumblist\"},\"author\":{\"@id\":\"https:\\\/\\\/eldigitaldeasturias.com\\\/magazine365\\\/author\\\/admin\\\/#author\"},\"creator\":{\"@id\":\"https:\\\/\\\/eldigitaldeasturias.com\\\/magazine365\\\/author\\\/admin\\\/#author\"},\"image\":{\"@type\":\"ImageObject\",\"url\":\"https:\\\/\\\/eldigitaldeasturias.com\\\/magazine365\\\/wp-content\\\/uploads\\\/2016\\\/01\\\/fotonoticia_20160125105727_800.jpg\",\"@id\":\"https:\\\/\\\/eldigitaldeasturias.com\\\/magazine365\\\/el-pabellon-de-extremadura-recibe-miles-de-visitas-en-fitur-2016\\\/#mainImage\",\"width\":800,\"height\":533},\"primaryImageOfPage\":{\"@id\":\"https:\\\/\\\/eldigitaldeasturias.com\\\/magazine365\\\/el-pabellon-de-extremadura-recibe-miles-de-visitas-en-fitur-2016\\\/#mainImage\"},\"datePublished\":\"2016-01-25T13:40:12+01:00\",\"dateModified\":\"2016-01-25T13:40:12+01:00\"},{\"@type\":\"WebSite\",\"@id\":\"https:\\\/\\\/eldigitaldeasturias.com\\\/magazine365\\\/#website\",\"url\":\"https:\\\/\\\/eldigitaldeasturias.com\\\/magazine365\\\/\",\"name\":\"El Digital de Asturias\",\"description\":\"Revista de ocio, turismo y estilo de vida\",\"inLanguage\":\"es-ES\",\"publisher\":{\"@id\":\"https:\\\/\\\/eldigitaldeasturias.com\\\/magazine365\\\/#organization\"}}]}\n\t\t<\/script>\n\t\t<!-- All in One SEO Pro -->\r\n\t\t<title>El pabell\u00f3n de Extremadura recibe miles de visitas en Fitur 2016 | El Digital de Asturias<\/title>\n\n","aioseo_head_json":{"title":"El pabell\u00f3n de Extremadura recibe miles de visitas en Fitur 2016 | El Digital de Asturias","description":"La comunidad aut\u00f3noma de Extremadura ha cerrado su participaci\u00f3n en la Feria Internacional de Turismo (Fitur) 2016 con una \"gran afluencia de p\u00fablico\" durante el fin de semana y una \"intensa agenda\" en los d\u00edas profesionales, de mi\u00e9rcoles a viernes, d\u00edas en los que se han celebrado 43 presentaciones de proyectos y eventos tur\u00edsticos y","canonical_url":"https:\/\/eldigitaldeasturias.com\/magazine365\/el-pabellon-de-extremadura-recibe-miles-de-visitas-en-fitur-2016\/","robots":"max-image-preview:large","keywords":"noticias y actualidad","webmasterTools":{"google-site-verification":"UA-38556648-1","miscellaneous":""},"schema":{"@context":"https:\/\/schema.org","@graph":[{"@type":"Article","@id":"https:\/\/eldigitaldeasturias.com\/magazine365\/el-pabellon-de-extremadura-recibe-miles-de-visitas-en-fitur-2016\/#article","name":"El pabell\u00f3n de Extremadura recibe miles de visitas en Fitur 2016 | El Digital de Asturias","headline":"El pabell\u00f3n de Extremadura recibe miles de visitas en Fitur 2016","author":{"@id":"https:\/\/eldigitaldeasturias.com\/magazine365\/author\/admin\/#author"},"publisher":{"@id":"https:\/\/eldigitaldeasturias.com\/magazine365\/#organization"},"image":{"@type":"ImageObject","url":"https:\/\/eldigitaldeasturias.com\/magazine365\/wp-content\/uploads\/2016\/01\/fotonoticia_20160125105727_800.jpg","width":800,"height":533},"datePublished":"2016-01-25T13:40:12+01:00","dateModified":"2016-01-25T13:40:12+01:00","inLanguage":"es-ES","mainEntityOfPage":{"@id":"https:\/\/eldigitaldeasturias.com\/magazine365\/el-pabellon-de-extremadura-recibe-miles-de-visitas-en-fitur-2016\/#webpage"},"isPartOf":{"@id":"https:\/\/eldigitaldeasturias.com\/magazine365\/el-pabellon-de-extremadura-recibe-miles-de-visitas-en-fitur-2016\/#webpage"},"articleSection":"Noticias y Actualidad"},{"@type":"BreadcrumbList","@id":"https:\/\/eldigitaldeasturias.com\/magazine365\/el-pabellon-de-extremadura-recibe-miles-de-visitas-en-fitur-2016\/#breadcrumblist","itemListElement":[{"@type":"ListItem","@id":"https:\/\/eldigitaldeasturias.com\/magazine365#listItem","position":1,"name":"Home","item":"https:\/\/eldigitaldeasturias.com\/magazine365","nextItem":{"@type":"ListItem","@id":"https:\/\/eldigitaldeasturias.com\/magazine365\/category\/noticias-actualidad\/#listItem","name":"Noticias y Actualidad"}},{"@type":"ListItem","@id":"https:\/\/eldigitaldeasturias.com\/magazine365\/category\/noticias-actualidad\/#listItem","position":2,"name":"Noticias y Actualidad","item":"https:\/\/eldigitaldeasturias.com\/magazine365\/category\/noticias-actualidad\/","nextItem":{"@type":"ListItem","@id":"https:\/\/eldigitaldeasturias.com\/magazine365\/el-pabellon-de-extremadura-recibe-miles-de-visitas-en-fitur-2016\/#listItem","name":"El pabell\u00f3n de Extremadura recibe miles de visitas en Fitur 2016"},"previousItem":{"@type":"ListItem","@id":"https:\/\/eldigitaldeasturias.com\/magazine365#listItem","name":"Home"}},{"@type":"ListItem","@id":"https:\/\/eldigitaldeasturias.com\/magazine365\/el-pabellon-de-extremadura-recibe-miles-de-visitas-en-fitur-2016\/#listItem","position":3,"name":"El pabell\u00f3n de Extremadura recibe miles de visitas en Fitur 2016","previousItem":{"@type":"ListItem","@id":"https:\/\/eldigitaldeasturias.com\/magazine365\/category\/noticias-actualidad\/#listItem","name":"Noticias y Actualidad"}}]},{"@type":"Organization","@id":"https:\/\/eldigitaldeasturias.com\/magazine365\/#organization","name":"El digital de Asturias","description":"Revista de ocio, turismo y estilo de vida","url":"https:\/\/eldigitaldeasturias.com\/magazine365\/","logo":{"@type":"ImageObject","url":"https:\/\/www.eldigitaldeasturias.com\/noticias\/wp-content\/uploads\/2020\/12\/EDA.jpg","@id":"https:\/\/eldigitaldeasturias.com\/magazine365\/el-pabellon-de-extremadura-recibe-miles-de-visitas-en-fitur-2016\/#organizationLogo"},"image":{"@id":"https:\/\/eldigitaldeasturias.com\/magazine365\/el-pabellon-de-extremadura-recibe-miles-de-visitas-en-fitur-2016\/#organizationLogo"}},{"@type":"Person","@id":"https:\/\/eldigitaldeasturias.com\/magazine365\/author\/admin\/#author","url":"https:\/\/eldigitaldeasturias.com\/magazine365\/author\/admin\/","name":"admin","image":{"@type":"ImageObject","@id":"https:\/\/eldigitaldeasturias.com\/magazine365\/el-pabellon-de-extremadura-recibe-miles-de-visitas-en-fitur-2016\/#authorImage","url":"https:\/\/eldigitaldeasturias.com\/magazine365\/wp-content\/litespeed\/avatar\/e571bcf59a0edd6fa6838245a470f2fe.jpg?ver=1776969259","width":96,"height":96,"caption":"admin"}},{"@type":"WebPage","@id":"https:\/\/eldigitaldeasturias.com\/magazine365\/el-pabellon-de-extremadura-recibe-miles-de-visitas-en-fitur-2016\/#webpage","url":"https:\/\/eldigitaldeasturias.com\/magazine365\/el-pabellon-de-extremadura-recibe-miles-de-visitas-en-fitur-2016\/","name":"El pabell\u00f3n de Extremadura recibe miles de visitas en Fitur 2016 | El Digital de Asturias","description":"La comunidad aut\u00f3noma de Extremadura ha cerrado su participaci\u00f3n en la Feria Internacional de Turismo (Fitur) 2016 con una \"gran afluencia de p\u00fablico\" durante el fin de semana y una \"intensa agenda\" en los d\u00edas profesionales, de mi\u00e9rcoles a viernes, d\u00edas en los que se han celebrado 43 presentaciones de proyectos y eventos tur\u00edsticos y","inLanguage":"es-ES","isPartOf":{"@id":"https:\/\/eldigitaldeasturias.com\/magazine365\/#website"},"breadcrumb":{"@id":"https:\/\/eldigitaldeasturias.com\/magazine365\/el-pabellon-de-extremadura-recibe-miles-de-visitas-en-fitur-2016\/#breadcrumblist"},"author":{"@id":"https:\/\/eldigitaldeasturias.com\/magazine365\/author\/admin\/#author"},"creator":{"@id":"https:\/\/eldigitaldeasturias.com\/magazine365\/author\/admin\/#author"},"image":{"@type":"ImageObject","url":"https:\/\/eldigitaldeasturias.com\/magazine365\/wp-content\/uploads\/2016\/01\/fotonoticia_20160125105727_800.jpg","@id":"https:\/\/eldigitaldeasturias.com\/magazine365\/el-pabellon-de-extremadura-recibe-miles-de-visitas-en-fitur-2016\/#mainImage","width":800,"height":533},"primaryImageOfPage":{"@id":"https:\/\/eldigitaldeasturias.com\/magazine365\/el-pabellon-de-extremadura-recibe-miles-de-visitas-en-fitur-2016\/#mainImage"},"datePublished":"2016-01-25T13:40:12+01:00","dateModified":"2016-01-25T13:40:12+01:00"},{"@type":"WebSite","@id":"https:\/\/eldigitaldeasturias.com\/magazine365\/#website","url":"https:\/\/eldigitaldeasturias.com\/magazine365\/","name":"El Digital de Asturias","description":"Revista de ocio, turismo y estilo de vida","inLanguage":"es-ES","publisher":{"@id":"https:\/\/eldigitaldeasturias.com\/magazine365\/#organization"}}]},"og:locale":"es_ES","og:site_name":"El Digital de Asturias \u2013 Revista de ocio, turismo y estilo de vida","og:type":"article","og:title":"El pabell\u00f3n de Extremadura recibe miles de visitas en Fitur 2016 | El Digital de Asturias","og:description":"La comunidad aut\u00f3noma de Extremadura ha cerrado su participaci\u00f3n en la Feria Internacional de Turismo (Fitur) 2016 con una &quot;gran afluencia de p\u00fablico&quot; durante el fin de semana y una &quot;intensa agenda&quot; en los d\u00edas profesionales, de mi\u00e9rcoles a viernes, d\u00edas en los que se han celebrado 43 presentaciones de proyectos y eventos tur\u00edsticos y","og:url":"https:\/\/eldigitaldeasturias.com\/magazine365\/el-pabellon-de-extremadura-recibe-miles-de-visitas-en-fitur-2016\/","og:image":"https:\/\/eldigitaldeasturias.com\/magazine365\/wp-content\/uploads\/2016\/01\/fotonoticia_20160125105727_800.jpg","og:image:secure_url":"https:\/\/eldigitaldeasturias.com\/magazine365\/wp-content\/uploads\/2016\/01\/fotonoticia_20160125105727_800.jpg","og:image:width":800,"og:image:height":533,"article:published_time":"2016-01-25T12:40:12+00:00","article:modified_time":"2016-01-25T12:40:12+00:00","twitter:card":"summary_large_image","twitter:title":"El pabell\u00f3n de Extremadura recibe miles de visitas en Fitur 2016 | El Digital de Asturias","twitter:description":"La comunidad aut\u00f3noma de Extremadura ha cerrado su participaci\u00f3n en la Feria Internacional de Turismo (Fitur) 2016 con una &quot;gran afluencia de p\u00fablico&quot; durante el fin de semana y una &quot;intensa agenda&quot; en los d\u00edas profesionales, de mi\u00e9rcoles a viernes, d\u00edas en los que se han celebrado 43 presentaciones de proyectos y eventos tur\u00edsticos y","twitter:image":"https:\/\/eldigitaldeasturias.com\/magazine365\/wp-content\/uploads\/2016\/01\/fotonoticia_20160125105727_800.jpg"},"aioseo_meta_data":{"post_id":"61948","title":null,"description":null,"keywords":null,"keyphrases":null,"primary_term":null,"canonical_url":null,"og_title":null,"og_description":null,"og_object_type":"default","og_image_type":"default","og_image_url":null,"og_image_width":null,"og_image_height":null,"og_image_custom_url":null,"og_image_custom_fields":null,"og_video":null,"og_custom_url":null,"og_article_section":null,"og_article_tags":null,"twitter_use_og":false,"twitter_card":"default","twitter_image_type":"default","twitter_image_url":null,"twitter_image_custom_url":null,"twitter_image_custom_fields":null,"twitter_title":null,"twitter_description":null,"schema":{"blockGraphs":[],"customGraphs":[],"default":{"data":{"Article":[],"Course":[],"Dataset":[],"FAQPage":[],"Movie":[],"Person":[],"Product":[],"ProductReview":[],"Car":[],"Recipe":[],"Service":[],"SoftwareApplication":[],"WebPage":[]},"graphName":"","isEnabled":true},"graphs":[],"defaultGraph":"","defaultPostTypeGraph":""},"schema_type":null,"schema_type_options":null,"pillar_content":false,"robots_default":true,"robots_noindex":false,"robots_noarchive":false,"robots_nosnippet":false,"robots_nofollow":false,"robots_noimageindex":false,"robots_noodp":false,"robots_notranslate":false,"robots_max_snippet":null,"robots_max_videopreview":null,"robots_max_imagepreview":"large","priority":null,"frequency":null,"location":null,"local_seo":null,"seo_analyzer_scan_date":"2025-09-25 10:04:38","breadcrumb_settings":null,"limit_modified_date":false,"open_ai":null,"ai":null,"created":"2021-03-08 21:42:49","updated":"2025-09-25 10:04:38"},"aioseo_breadcrumb":"<div class=\"aioseo-breadcrumbs\"><span class=\"aioseo-breadcrumb\">\n\t<a href=\"https:\/\/eldigitaldeasturias.com\/magazine365\" title=\"Home\">Home<\/a>\n<\/span><span class=\"aioseo-breadcrumb-separator\">\u2013<\/span><span class=\"aioseo-breadcrumb\">\n\t<a href=\"https:\/\/eldigitaldeasturias.com\/magazine365\/category\/noticias-actualidad\/\" title=\"Noticias y Actualidad\">Noticias y Actualidad<\/a>\n<\/span><span class=\"aioseo-breadcrumb-separator\">\u2013<\/span><span class=\"aioseo-breadcrumb\">\n\t<a href=\"https:\/\/eldigitaldeasturias.com\/magazine365\/el-pabellon-de-extremadura-recibe-miles-de-visitas-en-fitur-2016\/\" title=\"El pabell\u00f3n de Extremadura recibe miles de visitas en Fitur 2016\">El pabell\u00f3n de Extremadura recibe miles de visitas en Fitur 2016<\/a>\n<\/span><\/div>","aioseo_breadcrumb_json":[{"label":"Home","link":"https:\/\/eldigitaldeasturias.com\/magazine365"},{"label":"Noticias y Actualidad","link":"https:\/\/eldigitaldeasturias.com\/magazine365\/category\/noticias-actualidad\/"},{"label":"El pabell\u00f3n de Extremadura recibe miles de visitas en Fitur 2016","link":"https:\/\/eldigitaldeasturias.com\/magazine365\/el-pabellon-de-extremadura-recibe-miles-de-visitas-en-fitur-2016\/"}],"_links":{"self":[{"href":"https:\/\/eldigitaldeasturias.com\/magazine365\/wp-json\/wp\/v2\/posts\/61948","targetHints":{"allow":["GET"]}}],"collection":[{"href":"https:\/\/eldigitaldeasturias.com\/magazine365\/wp-json\/wp\/v2\/posts"}],"about":[{"href":"https:\/\/eldigitaldeasturias.com\/magazine365\/wp-json\/wp\/v2\/types\/post"}],"author":[{"embeddable":true,"href":"https:\/\/eldigitaldeasturias.com\/magazine365\/wp-json\/wp\/v2\/users\/1"}],"replies":[{"embeddable":true,"href":"https:\/\/eldigitaldeasturias.com\/magazine365\/wp-json\/wp\/v2\/comments?post=61948"}],"version-history":[{"count":0,"href":"https:\/\/eldigitaldeasturias.com\/magazine365\/wp-json\/wp\/v2\/posts\/61948\/revisions"}],"wp:featuredmedia":[{"embeddable":true,"href":"https:\/\/eldigitaldeasturias.com\/magazine365\/wp-json\/wp\/v2\/media\/61949"}],"wp:attachment":[{"href":"https:\/\/eldigitaldeasturias.com\/magazine365\/wp-json\/wp\/v2\/media?parent=61948"}],"wp:term":[{"taxonomy":"category","embeddable":true,"href":"https:\/\/eldigitaldeasturias.com\/magazine365\/wp-json\/wp\/v2\/categories?post=61948"},{"taxonomy":"post_tag","embeddable":true,"href":"https:\/\/eldigitaldeasturias.com\/magazine365\/wp-json\/wp\/v2\/tags?post=61948"}],"curies":[{"name":"wp","href":"https:\/\/api.w.org\/{rel}","templated":true}]}}