{"id":61945,"date":"2016-01-25T13:37:31","date_gmt":"2016-01-25T12:37:31","guid":{"rendered":"http:\/\/eldigitaldeasturias.com\/magazine365\/?p=61945"},"modified":"2016-01-25T13:37:31","modified_gmt":"2016-01-25T12:37:31","slug":"madrid-fusion-abre-sus-puertas","status":"publish","type":"post","link":"https:\/\/eldigitaldeasturias.com\/magazine365\/madrid-fusion-abre-sus-puertas\/","title":{"rendered":"Madrid Fusi\u00f3n abre sus puertas"},"content":{"rendered":"<p><img fetchpriority=\"high\" decoding=\"async\" class=\"alignleft size-medium wp-image-61946\" src=\"https:\/\/eldigitaldeasturias.com\/magazine365\/wp-content\/uploads\/2016\/01\/fotonoticia_20160125105422_800-360x240.jpg\" alt=\"fotonoticia_20160125105422_800\" width=\"360\" height=\"240\" srcset=\"https:\/\/eldigitaldeasturias.com\/magazine365\/wp-content\/uploads\/2016\/01\/fotonoticia_20160125105422_800-360x240.jpg 360w, https:\/\/eldigitaldeasturias.com\/magazine365\/wp-content\/uploads\/2016\/01\/fotonoticia_20160125105422_800-650x433.jpg 650w, https:\/\/eldigitaldeasturias.com\/magazine365\/wp-content\/uploads\/2016\/01\/fotonoticia_20160125105422_800-768x512.jpg 768w, https:\/\/eldigitaldeasturias.com\/magazine365\/wp-content\/uploads\/2016\/01\/fotonoticia_20160125105422_800-150x100.jpg 150w, https:\/\/eldigitaldeasturias.com\/magazine365\/wp-content\/uploads\/2016\/01\/fotonoticia_20160125105422_800-450x300.jpg 450w, https:\/\/eldigitaldeasturias.com\/magazine365\/wp-content\/uploads\/2016\/01\/fotonoticia_20160125105422_800-696x464.jpg 696w, https:\/\/eldigitaldeasturias.com\/magazine365\/wp-content\/uploads\/2016\/01\/fotonoticia_20160125105422_800-630x420.jpg 630w, https:\/\/eldigitaldeasturias.com\/magazine365\/wp-content\/uploads\/2016\/01\/fotonoticia_20160125105422_800-101x66.jpg 101w, https:\/\/eldigitaldeasturias.com\/magazine365\/wp-content\/uploads\/2016\/01\/fotonoticia_20160125105422_800.jpg 800w\" sizes=\"(max-width: 360px) 100vw, 360px\" \/>Madrid se convertir\u00e1 esta semana en la capital mundial de la gastronom\u00eda durante la 14 edici\u00f3n de la cumbre internacional Madrid Fusi\u00f3n en la que m\u00e1s de un centenar de cocineros de 14 pa\u00edses expondr\u00e1n los nuevos caminos de la creatividad culinaria.<\/p>\n<p>Bajo el lema &#8216;El lenguaje de la postvanguardia&#8217; se desarrollar\u00e1n m\u00e1s de 70 ponencias y talleres por parte de grandes cocineros, adem\u00e1s de concursos y exposiciones de productos gourmet en el Palacio Municipal de Congresos de Madrid. Este a\u00f1o Tailandia ser\u00e1 el pa\u00eds invitado y Colombia la cocina a descubrir.<\/p>\n<p>Las previsiones son que m\u00e1s de 700 congresistas y unos 12.000 visitantes, adem\u00e1s de numerosos periodistas nacionales e internacionales, asistir\u00e1n a las ponencias de chefs como Joan y Jordi Roca, David Mu\u00f1oz, Jos\u00e9 Andr\u00e9s, Daniel Humm, Grant Achatz, y las estrellas latinas Virgilio Mart\u00ednez y Jorge Vallejo.<\/p>\n<p>Durante el evento los visitantes podr\u00e1n disfrutar de huertos urbanos, productos in\u00e9ditos, o interpretaci\u00f3n en clave de postre de la Novena Sinfon\u00eda de Beethoven.<\/p>\n<p>HOMENAJE A LA REVOLUCI\u00d3N GOLOSA.<\/p>\n<p>Adem\u00e1s se realizar\u00e1 un homenaje a la revoluci\u00f3n golosa: el soporte t\u00e9cnico de la alta cocina. La m\u00e1s importante concentraci\u00f3n de pasteleros, heladeros y cocineros de postres espa\u00f1oles de las \u00faltimas d\u00e9cadas.<\/p>\n<p>En los concursos habr\u00e1 bocados con queso, bocadillos de autor, recetas con queso, cocina con aceite de oliva, croquetas, cocina creativa con productos italianos, tapas de dise\u00f1o y el divertido &#8216;Escoge Tu Pinche&#8217; en el que estudiantes de hosteler\u00eda tendr\u00e1n como ayudantes a grandes cocineros.<\/p>\n<p>Tambi\u00e9n habr\u00e1 18 talleres para 50 personas cada uno, que van de las Esencias de la cocina mexicana de Roberto Ru\u00edz (Punto MX) a la elaboraci\u00f3n del sushi y el taller del wabocho, presentado por el Doctor Hattori (Escuela Hattori Tokio), los arroces de Kiko Moya (L&#8217;Escaleta), las 7 t\u00e9cnicas pasteleras para postres de restaurante de Ricardo V\u00e9lez o la cocina l\u00edquida de StreetXo presentada por el equipo de cocteleros de Dabiz Mu\u00f1oz.<\/p>\n<p>Uno de los eventos m\u00e1s esperados es el de la elecci\u00f3n del cocinero revelaci\u00f3n de Espa\u00f1a de este a\u00f1o y al que optan cinco figuras emergentes como son: Anna Merino, de Mont Bar en Barcelona; Alberto Lareo,de Manso Restaurante en Santiago de Compostela; Ricardo Temi\u00f1o,de La F\u00e1brica en Burgos; Mar\u00eda Jos\u00e9 Mart\u00ednez,de Lienzo, en Valencia; Javi Est\u00e9vez de La Tasquer\u00eda en Madrid y Txema Llamosas, de Casa Garras, en Concha, Vizcaya;<\/p>\n<p><strong>GASTROFESTIVAL MADRID.<\/strong><\/p>\n<p>El congreso se completa con el encuentro de vinos Enofusi\u00f3n y adem\u00e1s el VII Gastrofestival animar\u00e1 a \u00abcomerse Madrid\u00bb a trav\u00e9s de m\u00e1s de 300 actividades que se dar\u00e1n cita en la capital combinando el \u00e1mbito culinario con arte, cine, m\u00fasica y moda.<\/p>\n<p>Del 23 de enero al 7 de febrero, m\u00e1s de 300 restaurantes y bares, repartidos por toda la ciudad, participar\u00e1n con propuestas especialmente dise\u00f1adas para la ocasi\u00f3n que no superar\u00e1n los 40 euros.<\/p>\n<p>M\u00e1s de 400 empresas e instituciones participan en esta cita, que organizan el Ayuntamiento de Madrid, a trav\u00e9s del \u00c1rea de Turismo de Madrid Destino, y Madrid Fusi\u00f3nGastrofestival Madrid pone en valor la calidad y variedad de la gastronom\u00eda de la ciudad, uno de los grandes atractivos tur\u00edsticos de la capital. En esta edici\u00f3n, los restaurantes participantes se clasificar\u00e1n en funci\u00f3n del tipo de cocina: Cocinas espa\u00f1olas, Cocinas del mundo y Cocina fusi\u00f3n.<\/p>\n<p>Conde Duque se convertir\u00e1 en el epicentro de las actividades culturales, un completo programa que mezcla gastronom\u00eda con disciplinas art\u00edsticas como la pintura, la m\u00fasica y, por primera vez, el cine. Los mercados municipales ser\u00e1n sedes protagonistas en las que se organizar\u00e1n talleres, catas y demostraciones para todos los p\u00fablicos.<\/p>\n","protected":false},"excerpt":{"rendered":"<p>Madrid se convertir\u00e1 esta semana en la capital mundial de la gastronom\u00eda durante la 14 edici\u00f3n de la cumbre internacional Madrid Fusi\u00f3n en la que m\u00e1s de un centenar de cocineros de 14 pa\u00edses expondr\u00e1n los nuevos caminos de la creatividad culinaria. Bajo el lema &#8216;El lenguaje de la postvanguardia&#8217; se desarrollar\u00e1n m\u00e1s de 70<\/p>\n","protected":false},"author":1,"featured_media":61946,"comment_status":"open","ping_status":"closed","sticky":false,"template":"","format":"standard","meta":{"footnotes":""},"categories":[224],"tags":[],"class_list":{"0":"post-61945","1":"post","2":"type-post","3":"status-publish","4":"format-standard","5":"has-post-thumbnail","7":"category-noticias-actualidad"},"aioseo_notices":[],"aioseo_head":"\n\t\t<!-- All in One SEO Pro 4.9.6.1 - aioseo.com -->\n\t<meta name=\"description\" content=\"Madrid se convertir\u00e1 esta semana en la capital mundial de la gastronom\u00eda durante la 14 edici\u00f3n de la cumbre internacional Madrid Fusi\u00f3n en la que m\u00e1s de un centenar de cocineros de 14 pa\u00edses expondr\u00e1n los nuevos caminos de la creatividad culinaria. Bajo el lema &#039;El lenguaje de la postvanguardia&#039; se desarrollar\u00e1n m\u00e1s de 70\" \/>\n\t<meta name=\"robots\" content=\"max-image-preview:large\" \/>\n\t<meta name=\"author\" content=\"admin\"\/>\n\t<meta name=\"google-site-verification\" content=\"UA-38556648-1\" \/>\n\t<meta name=\"keywords\" content=\"noticias y actualidad\" \/>\n\t<link rel=\"canonical\" href=\"https:\/\/eldigitaldeasturias.com\/magazine365\/madrid-fusion-abre-sus-puertas\/\" \/>\n\t<meta name=\"generator\" content=\"All in One SEO Pro (AIOSEO) 4.9.6.1\" \/>\n\t\t<meta property=\"og:locale\" content=\"es_ES\" \/>\n\t\t<meta property=\"og:site_name\" content=\"El Digital de Asturias \u2013 Revista de ocio, turismo y estilo de vida\" \/>\n\t\t<meta property=\"og:type\" content=\"article\" \/>\n\t\t<meta property=\"og:title\" content=\"Madrid Fusi\u00f3n abre sus puertas | El Digital de Asturias\" \/>\n\t\t<meta property=\"og:description\" content=\"Madrid se convertir\u00e1 esta semana en la capital mundial de la gastronom\u00eda durante la 14 edici\u00f3n de la cumbre internacional Madrid Fusi\u00f3n en la que m\u00e1s de un centenar de cocineros de 14 pa\u00edses expondr\u00e1n los nuevos caminos de la creatividad culinaria. Bajo el lema &#039;El lenguaje de la postvanguardia&#039; se desarrollar\u00e1n m\u00e1s de 70\" \/>\n\t\t<meta property=\"og:url\" content=\"https:\/\/eldigitaldeasturias.com\/magazine365\/madrid-fusion-abre-sus-puertas\/\" \/>\n\t\t<meta property=\"og:image\" content=\"https:\/\/eldigitaldeasturias.com\/magazine365\/wp-content\/uploads\/2016\/01\/fotonoticia_20160125105422_800.jpg\" \/>\n\t\t<meta property=\"og:image:secure_url\" content=\"https:\/\/eldigitaldeasturias.com\/magazine365\/wp-content\/uploads\/2016\/01\/fotonoticia_20160125105422_800.jpg\" \/>\n\t\t<meta property=\"og:image:width\" content=\"800\" \/>\n\t\t<meta property=\"og:image:height\" content=\"533\" \/>\n\t\t<meta property=\"article:published_time\" content=\"2016-01-25T12:37:31+00:00\" \/>\n\t\t<meta property=\"article:modified_time\" content=\"2016-01-25T12:37:31+00:00\" \/>\n\t\t<meta name=\"twitter:card\" content=\"summary_large_image\" \/>\n\t\t<meta name=\"twitter:title\" content=\"Madrid Fusi\u00f3n abre sus puertas | El Digital de Asturias\" \/>\n\t\t<meta name=\"twitter:description\" content=\"Madrid se convertir\u00e1 esta semana en la capital mundial de la gastronom\u00eda durante la 14 edici\u00f3n de la cumbre internacional Madrid Fusi\u00f3n en la que m\u00e1s de un centenar de cocineros de 14 pa\u00edses expondr\u00e1n los nuevos caminos de la creatividad culinaria. Bajo el lema &#039;El lenguaje de la postvanguardia&#039; se desarrollar\u00e1n m\u00e1s de 70\" \/>\n\t\t<meta name=\"twitter:image\" content=\"https:\/\/eldigitaldeasturias.com\/magazine365\/wp-content\/uploads\/2016\/01\/fotonoticia_20160125105422_800.jpg\" \/>\n\t\t<script type=\"application\/ld+json\" class=\"aioseo-schema\">\n\t\t\t{\"@context\":\"https:\\\/\\\/schema.org\",\"@graph\":[{\"@type\":\"Article\",\"@id\":\"https:\\\/\\\/eldigitaldeasturias.com\\\/magazine365\\\/madrid-fusion-abre-sus-puertas\\\/#article\",\"name\":\"Madrid Fusi\\u00f3n abre sus puertas | El Digital de Asturias\",\"headline\":\"Madrid Fusi\\u00f3n abre sus puertas\",\"author\":{\"@id\":\"https:\\\/\\\/eldigitaldeasturias.com\\\/magazine365\\\/author\\\/admin\\\/#author\"},\"publisher\":{\"@id\":\"https:\\\/\\\/eldigitaldeasturias.com\\\/magazine365\\\/#organization\"},\"image\":{\"@type\":\"ImageObject\",\"url\":\"https:\\\/\\\/eldigitaldeasturias.com\\\/magazine365\\\/wp-content\\\/uploads\\\/2016\\\/01\\\/fotonoticia_20160125105422_800.jpg\",\"width\":800,\"height\":533},\"datePublished\":\"2016-01-25T13:37:31+01:00\",\"dateModified\":\"2016-01-25T13:37:31+01:00\",\"inLanguage\":\"es-ES\",\"mainEntityOfPage\":{\"@id\":\"https:\\\/\\\/eldigitaldeasturias.com\\\/magazine365\\\/madrid-fusion-abre-sus-puertas\\\/#webpage\"},\"isPartOf\":{\"@id\":\"https:\\\/\\\/eldigitaldeasturias.com\\\/magazine365\\\/madrid-fusion-abre-sus-puertas\\\/#webpage\"},\"articleSection\":\"Noticias y Actualidad\"},{\"@type\":\"BreadcrumbList\",\"@id\":\"https:\\\/\\\/eldigitaldeasturias.com\\\/magazine365\\\/madrid-fusion-abre-sus-puertas\\\/#breadcrumblist\",\"itemListElement\":[{\"@type\":\"ListItem\",\"@id\":\"https:\\\/\\\/eldigitaldeasturias.com\\\/magazine365#listItem\",\"position\":1,\"name\":\"Home\",\"item\":\"https:\\\/\\\/eldigitaldeasturias.com\\\/magazine365\",\"nextItem\":{\"@type\":\"ListItem\",\"@id\":\"https:\\\/\\\/eldigitaldeasturias.com\\\/magazine365\\\/category\\\/noticias-actualidad\\\/#listItem\",\"name\":\"Noticias y Actualidad\"}},{\"@type\":\"ListItem\",\"@id\":\"https:\\\/\\\/eldigitaldeasturias.com\\\/magazine365\\\/category\\\/noticias-actualidad\\\/#listItem\",\"position\":2,\"name\":\"Noticias y Actualidad\",\"item\":\"https:\\\/\\\/eldigitaldeasturias.com\\\/magazine365\\\/category\\\/noticias-actualidad\\\/\",\"nextItem\":{\"@type\":\"ListItem\",\"@id\":\"https:\\\/\\\/eldigitaldeasturias.com\\\/magazine365\\\/madrid-fusion-abre-sus-puertas\\\/#listItem\",\"name\":\"Madrid Fusi\\u00f3n abre sus puertas\"},\"previousItem\":{\"@type\":\"ListItem\",\"@id\":\"https:\\\/\\\/eldigitaldeasturias.com\\\/magazine365#listItem\",\"name\":\"Home\"}},{\"@type\":\"ListItem\",\"@id\":\"https:\\\/\\\/eldigitaldeasturias.com\\\/magazine365\\\/madrid-fusion-abre-sus-puertas\\\/#listItem\",\"position\":3,\"name\":\"Madrid Fusi\\u00f3n abre sus puertas\",\"previousItem\":{\"@type\":\"ListItem\",\"@id\":\"https:\\\/\\\/eldigitaldeasturias.com\\\/magazine365\\\/category\\\/noticias-actualidad\\\/#listItem\",\"name\":\"Noticias y Actualidad\"}}]},{\"@type\":\"Organization\",\"@id\":\"https:\\\/\\\/eldigitaldeasturias.com\\\/magazine365\\\/#organization\",\"name\":\"El digital de Asturias\",\"description\":\"Revista de ocio, turismo y estilo de vida\",\"url\":\"https:\\\/\\\/eldigitaldeasturias.com\\\/magazine365\\\/\",\"logo\":{\"@type\":\"ImageObject\",\"url\":\"https:\\\/\\\/www.eldigitaldeasturias.com\\\/noticias\\\/wp-content\\\/uploads\\\/2020\\\/12\\\/EDA.jpg\",\"@id\":\"https:\\\/\\\/eldigitaldeasturias.com\\\/magazine365\\\/madrid-fusion-abre-sus-puertas\\\/#organizationLogo\"},\"image\":{\"@id\":\"https:\\\/\\\/eldigitaldeasturias.com\\\/magazine365\\\/madrid-fusion-abre-sus-puertas\\\/#organizationLogo\"}},{\"@type\":\"Person\",\"@id\":\"https:\\\/\\\/eldigitaldeasturias.com\\\/magazine365\\\/author\\\/admin\\\/#author\",\"url\":\"https:\\\/\\\/eldigitaldeasturias.com\\\/magazine365\\\/author\\\/admin\\\/\",\"name\":\"admin\",\"image\":{\"@type\":\"ImageObject\",\"@id\":\"https:\\\/\\\/eldigitaldeasturias.com\\\/magazine365\\\/madrid-fusion-abre-sus-puertas\\\/#authorImage\",\"url\":\"https:\\\/\\\/eldigitaldeasturias.com\\\/magazine365\\\/wp-content\\\/litespeed\\\/avatar\\\/e571bcf59a0edd6fa6838245a470f2fe.jpg?ver=1776969259\",\"width\":96,\"height\":96,\"caption\":\"admin\"}},{\"@type\":\"WebPage\",\"@id\":\"https:\\\/\\\/eldigitaldeasturias.com\\\/magazine365\\\/madrid-fusion-abre-sus-puertas\\\/#webpage\",\"url\":\"https:\\\/\\\/eldigitaldeasturias.com\\\/magazine365\\\/madrid-fusion-abre-sus-puertas\\\/\",\"name\":\"Madrid Fusi\\u00f3n abre sus puertas | El Digital de Asturias\",\"description\":\"Madrid se convertir\\u00e1 esta semana en la capital mundial de la gastronom\\u00eda durante la 14 edici\\u00f3n de la cumbre internacional Madrid Fusi\\u00f3n en la que m\\u00e1s de un centenar de cocineros de 14 pa\\u00edses expondr\\u00e1n los nuevos caminos de la creatividad culinaria. Bajo el lema 'El lenguaje de la postvanguardia' se desarrollar\\u00e1n m\\u00e1s de 70\",\"inLanguage\":\"es-ES\",\"isPartOf\":{\"@id\":\"https:\\\/\\\/eldigitaldeasturias.com\\\/magazine365\\\/#website\"},\"breadcrumb\":{\"@id\":\"https:\\\/\\\/eldigitaldeasturias.com\\\/magazine365\\\/madrid-fusion-abre-sus-puertas\\\/#breadcrumblist\"},\"author\":{\"@id\":\"https:\\\/\\\/eldigitaldeasturias.com\\\/magazine365\\\/author\\\/admin\\\/#author\"},\"creator\":{\"@id\":\"https:\\\/\\\/eldigitaldeasturias.com\\\/magazine365\\\/author\\\/admin\\\/#author\"},\"image\":{\"@type\":\"ImageObject\",\"url\":\"https:\\\/\\\/eldigitaldeasturias.com\\\/magazine365\\\/wp-content\\\/uploads\\\/2016\\\/01\\\/fotonoticia_20160125105422_800.jpg\",\"@id\":\"https:\\\/\\\/eldigitaldeasturias.com\\\/magazine365\\\/madrid-fusion-abre-sus-puertas\\\/#mainImage\",\"width\":800,\"height\":533},\"primaryImageOfPage\":{\"@id\":\"https:\\\/\\\/eldigitaldeasturias.com\\\/magazine365\\\/madrid-fusion-abre-sus-puertas\\\/#mainImage\"},\"datePublished\":\"2016-01-25T13:37:31+01:00\",\"dateModified\":\"2016-01-25T13:37:31+01:00\"},{\"@type\":\"WebSite\",\"@id\":\"https:\\\/\\\/eldigitaldeasturias.com\\\/magazine365\\\/#website\",\"url\":\"https:\\\/\\\/eldigitaldeasturias.com\\\/magazine365\\\/\",\"name\":\"El Digital de Asturias\",\"description\":\"Revista de ocio, turismo y estilo de vida\",\"inLanguage\":\"es-ES\",\"publisher\":{\"@id\":\"https:\\\/\\\/eldigitaldeasturias.com\\\/magazine365\\\/#organization\"}}]}\n\t\t<\/script>\n\t\t<!-- All in One SEO Pro -->\r\n\t\t<title>Madrid Fusi\u00f3n abre sus puertas | El Digital de Asturias<\/title>\n\n","aioseo_head_json":{"title":"Madrid Fusi\u00f3n abre sus puertas | El Digital de Asturias","description":"Madrid se convertir\u00e1 esta semana en la capital mundial de la gastronom\u00eda durante la 14 edici\u00f3n de la cumbre internacional Madrid Fusi\u00f3n en la que m\u00e1s de un centenar de cocineros de 14 pa\u00edses expondr\u00e1n los nuevos caminos de la creatividad culinaria. Bajo el lema 'El lenguaje de la postvanguardia' se desarrollar\u00e1n m\u00e1s de 70","canonical_url":"https:\/\/eldigitaldeasturias.com\/magazine365\/madrid-fusion-abre-sus-puertas\/","robots":"max-image-preview:large","keywords":"noticias y actualidad","webmasterTools":{"google-site-verification":"UA-38556648-1","miscellaneous":""},"schema":{"@context":"https:\/\/schema.org","@graph":[{"@type":"Article","@id":"https:\/\/eldigitaldeasturias.com\/magazine365\/madrid-fusion-abre-sus-puertas\/#article","name":"Madrid Fusi\u00f3n abre sus puertas | El Digital de Asturias","headline":"Madrid Fusi\u00f3n abre sus puertas","author":{"@id":"https:\/\/eldigitaldeasturias.com\/magazine365\/author\/admin\/#author"},"publisher":{"@id":"https:\/\/eldigitaldeasturias.com\/magazine365\/#organization"},"image":{"@type":"ImageObject","url":"https:\/\/eldigitaldeasturias.com\/magazine365\/wp-content\/uploads\/2016\/01\/fotonoticia_20160125105422_800.jpg","width":800,"height":533},"datePublished":"2016-01-25T13:37:31+01:00","dateModified":"2016-01-25T13:37:31+01:00","inLanguage":"es-ES","mainEntityOfPage":{"@id":"https:\/\/eldigitaldeasturias.com\/magazine365\/madrid-fusion-abre-sus-puertas\/#webpage"},"isPartOf":{"@id":"https:\/\/eldigitaldeasturias.com\/magazine365\/madrid-fusion-abre-sus-puertas\/#webpage"},"articleSection":"Noticias y Actualidad"},{"@type":"BreadcrumbList","@id":"https:\/\/eldigitaldeasturias.com\/magazine365\/madrid-fusion-abre-sus-puertas\/#breadcrumblist","itemListElement":[{"@type":"ListItem","@id":"https:\/\/eldigitaldeasturias.com\/magazine365#listItem","position":1,"name":"Home","item":"https:\/\/eldigitaldeasturias.com\/magazine365","nextItem":{"@type":"ListItem","@id":"https:\/\/eldigitaldeasturias.com\/magazine365\/category\/noticias-actualidad\/#listItem","name":"Noticias y Actualidad"}},{"@type":"ListItem","@id":"https:\/\/eldigitaldeasturias.com\/magazine365\/category\/noticias-actualidad\/#listItem","position":2,"name":"Noticias y Actualidad","item":"https:\/\/eldigitaldeasturias.com\/magazine365\/category\/noticias-actualidad\/","nextItem":{"@type":"ListItem","@id":"https:\/\/eldigitaldeasturias.com\/magazine365\/madrid-fusion-abre-sus-puertas\/#listItem","name":"Madrid Fusi\u00f3n abre sus puertas"},"previousItem":{"@type":"ListItem","@id":"https:\/\/eldigitaldeasturias.com\/magazine365#listItem","name":"Home"}},{"@type":"ListItem","@id":"https:\/\/eldigitaldeasturias.com\/magazine365\/madrid-fusion-abre-sus-puertas\/#listItem","position":3,"name":"Madrid Fusi\u00f3n abre sus puertas","previousItem":{"@type":"ListItem","@id":"https:\/\/eldigitaldeasturias.com\/magazine365\/category\/noticias-actualidad\/#listItem","name":"Noticias y Actualidad"}}]},{"@type":"Organization","@id":"https:\/\/eldigitaldeasturias.com\/magazine365\/#organization","name":"El digital de Asturias","description":"Revista de ocio, turismo y estilo de vida","url":"https:\/\/eldigitaldeasturias.com\/magazine365\/","logo":{"@type":"ImageObject","url":"https:\/\/www.eldigitaldeasturias.com\/noticias\/wp-content\/uploads\/2020\/12\/EDA.jpg","@id":"https:\/\/eldigitaldeasturias.com\/magazine365\/madrid-fusion-abre-sus-puertas\/#organizationLogo"},"image":{"@id":"https:\/\/eldigitaldeasturias.com\/magazine365\/madrid-fusion-abre-sus-puertas\/#organizationLogo"}},{"@type":"Person","@id":"https:\/\/eldigitaldeasturias.com\/magazine365\/author\/admin\/#author","url":"https:\/\/eldigitaldeasturias.com\/magazine365\/author\/admin\/","name":"admin","image":{"@type":"ImageObject","@id":"https:\/\/eldigitaldeasturias.com\/magazine365\/madrid-fusion-abre-sus-puertas\/#authorImage","url":"https:\/\/eldigitaldeasturias.com\/magazine365\/wp-content\/litespeed\/avatar\/e571bcf59a0edd6fa6838245a470f2fe.jpg?ver=1776969259","width":96,"height":96,"caption":"admin"}},{"@type":"WebPage","@id":"https:\/\/eldigitaldeasturias.com\/magazine365\/madrid-fusion-abre-sus-puertas\/#webpage","url":"https:\/\/eldigitaldeasturias.com\/magazine365\/madrid-fusion-abre-sus-puertas\/","name":"Madrid Fusi\u00f3n abre sus puertas | El Digital de Asturias","description":"Madrid se convertir\u00e1 esta semana en la capital mundial de la gastronom\u00eda durante la 14 edici\u00f3n de la cumbre internacional Madrid Fusi\u00f3n en la que m\u00e1s de un centenar de cocineros de 14 pa\u00edses expondr\u00e1n los nuevos caminos de la creatividad culinaria. Bajo el lema 'El lenguaje de la postvanguardia' se desarrollar\u00e1n m\u00e1s de 70","inLanguage":"es-ES","isPartOf":{"@id":"https:\/\/eldigitaldeasturias.com\/magazine365\/#website"},"breadcrumb":{"@id":"https:\/\/eldigitaldeasturias.com\/magazine365\/madrid-fusion-abre-sus-puertas\/#breadcrumblist"},"author":{"@id":"https:\/\/eldigitaldeasturias.com\/magazine365\/author\/admin\/#author"},"creator":{"@id":"https:\/\/eldigitaldeasturias.com\/magazine365\/author\/admin\/#author"},"image":{"@type":"ImageObject","url":"https:\/\/eldigitaldeasturias.com\/magazine365\/wp-content\/uploads\/2016\/01\/fotonoticia_20160125105422_800.jpg","@id":"https:\/\/eldigitaldeasturias.com\/magazine365\/madrid-fusion-abre-sus-puertas\/#mainImage","width":800,"height":533},"primaryImageOfPage":{"@id":"https:\/\/eldigitaldeasturias.com\/magazine365\/madrid-fusion-abre-sus-puertas\/#mainImage"},"datePublished":"2016-01-25T13:37:31+01:00","dateModified":"2016-01-25T13:37:31+01:00"},{"@type":"WebSite","@id":"https:\/\/eldigitaldeasturias.com\/magazine365\/#website","url":"https:\/\/eldigitaldeasturias.com\/magazine365\/","name":"El Digital de Asturias","description":"Revista de ocio, turismo y estilo de vida","inLanguage":"es-ES","publisher":{"@id":"https:\/\/eldigitaldeasturias.com\/magazine365\/#organization"}}]},"og:locale":"es_ES","og:site_name":"El Digital de Asturias \u2013 Revista de ocio, turismo y estilo de vida","og:type":"article","og:title":"Madrid Fusi\u00f3n abre sus puertas | El Digital de Asturias","og:description":"Madrid se convertir\u00e1 esta semana en la capital mundial de la gastronom\u00eda durante la 14 edici\u00f3n de la cumbre internacional Madrid Fusi\u00f3n en la que m\u00e1s de un centenar de cocineros de 14 pa\u00edses expondr\u00e1n los nuevos caminos de la creatividad culinaria. Bajo el lema 'El lenguaje de la postvanguardia' se desarrollar\u00e1n m\u00e1s de 70","og:url":"https:\/\/eldigitaldeasturias.com\/magazine365\/madrid-fusion-abre-sus-puertas\/","og:image":"https:\/\/eldigitaldeasturias.com\/magazine365\/wp-content\/uploads\/2016\/01\/fotonoticia_20160125105422_800.jpg","og:image:secure_url":"https:\/\/eldigitaldeasturias.com\/magazine365\/wp-content\/uploads\/2016\/01\/fotonoticia_20160125105422_800.jpg","og:image:width":800,"og:image:height":533,"article:published_time":"2016-01-25T12:37:31+00:00","article:modified_time":"2016-01-25T12:37:31+00:00","twitter:card":"summary_large_image","twitter:title":"Madrid Fusi\u00f3n abre sus puertas | El Digital de Asturias","twitter:description":"Madrid se convertir\u00e1 esta semana en la capital mundial de la gastronom\u00eda durante la 14 edici\u00f3n de la cumbre internacional Madrid Fusi\u00f3n en la que m\u00e1s de un centenar de cocineros de 14 pa\u00edses expondr\u00e1n los nuevos caminos de la creatividad culinaria. Bajo el lema 'El lenguaje de la postvanguardia' se desarrollar\u00e1n m\u00e1s de 70","twitter:image":"https:\/\/eldigitaldeasturias.com\/magazine365\/wp-content\/uploads\/2016\/01\/fotonoticia_20160125105422_800.jpg"},"aioseo_meta_data":{"post_id":"61945","title":null,"description":null,"keywords":null,"keyphrases":null,"primary_term":null,"canonical_url":null,"og_title":null,"og_description":null,"og_object_type":"default","og_image_type":"default","og_image_url":null,"og_image_width":null,"og_image_height":null,"og_image_custom_url":null,"og_image_custom_fields":null,"og_video":null,"og_custom_url":null,"og_article_section":null,"og_article_tags":null,"twitter_use_og":false,"twitter_card":"default","twitter_image_type":"default","twitter_image_url":null,"twitter_image_custom_url":null,"twitter_image_custom_fields":null,"twitter_title":null,"twitter_description":null,"schema":{"blockGraphs":[],"customGraphs":[],"default":{"data":{"Article":[],"Course":[],"Dataset":[],"FAQPage":[],"Movie":[],"Person":[],"Product":[],"ProductReview":[],"Car":[],"Recipe":[],"Service":[],"SoftwareApplication":[],"WebPage":[]},"graphName":"","isEnabled":true},"graphs":[],"defaultGraph":"","defaultPostTypeGraph":""},"schema_type":null,"schema_type_options":null,"pillar_content":false,"robots_default":true,"robots_noindex":false,"robots_noarchive":false,"robots_nosnippet":false,"robots_nofollow":false,"robots_noimageindex":false,"robots_noodp":false,"robots_notranslate":false,"robots_max_snippet":null,"robots_max_videopreview":null,"robots_max_imagepreview":"large","priority":null,"frequency":null,"location":null,"local_seo":null,"seo_analyzer_scan_date":"2025-09-25 10:02:49","breadcrumb_settings":null,"limit_modified_date":false,"open_ai":null,"ai":null,"created":"2021-03-08 21:42:49","updated":"2025-09-25 10:02:49"},"aioseo_breadcrumb":"<div class=\"aioseo-breadcrumbs\"><span class=\"aioseo-breadcrumb\">\n\t<a href=\"https:\/\/eldigitaldeasturias.com\/magazine365\" title=\"Home\">Home<\/a>\n<\/span><span class=\"aioseo-breadcrumb-separator\">\u2013<\/span><span class=\"aioseo-breadcrumb\">\n\t<a href=\"https:\/\/eldigitaldeasturias.com\/magazine365\/category\/noticias-actualidad\/\" title=\"Noticias y Actualidad\">Noticias y Actualidad<\/a>\n<\/span><span class=\"aioseo-breadcrumb-separator\">\u2013<\/span><span class=\"aioseo-breadcrumb\">\n\t<a href=\"https:\/\/eldigitaldeasturias.com\/magazine365\/madrid-fusion-abre-sus-puertas\/\" title=\"Madrid Fusi\u00f3n abre sus puertas\">Madrid Fusi\u00f3n abre sus puertas<\/a>\n<\/span><\/div>","aioseo_breadcrumb_json":[{"label":"Home","link":"https:\/\/eldigitaldeasturias.com\/magazine365"},{"label":"Noticias y Actualidad","link":"https:\/\/eldigitaldeasturias.com\/magazine365\/category\/noticias-actualidad\/"},{"label":"Madrid Fusi\u00f3n abre sus puertas","link":"https:\/\/eldigitaldeasturias.com\/magazine365\/madrid-fusion-abre-sus-puertas\/"}],"_links":{"self":[{"href":"https:\/\/eldigitaldeasturias.com\/magazine365\/wp-json\/wp\/v2\/posts\/61945","targetHints":{"allow":["GET"]}}],"collection":[{"href":"https:\/\/eldigitaldeasturias.com\/magazine365\/wp-json\/wp\/v2\/posts"}],"about":[{"href":"https:\/\/eldigitaldeasturias.com\/magazine365\/wp-json\/wp\/v2\/types\/post"}],"author":[{"embeddable":true,"href":"https:\/\/eldigitaldeasturias.com\/magazine365\/wp-json\/wp\/v2\/users\/1"}],"replies":[{"embeddable":true,"href":"https:\/\/eldigitaldeasturias.com\/magazine365\/wp-json\/wp\/v2\/comments?post=61945"}],"version-history":[{"count":0,"href":"https:\/\/eldigitaldeasturias.com\/magazine365\/wp-json\/wp\/v2\/posts\/61945\/revisions"}],"wp:featuredmedia":[{"embeddable":true,"href":"https:\/\/eldigitaldeasturias.com\/magazine365\/wp-json\/wp\/v2\/media\/61946"}],"wp:attachment":[{"href":"https:\/\/eldigitaldeasturias.com\/magazine365\/wp-json\/wp\/v2\/media?parent=61945"}],"wp:term":[{"taxonomy":"category","embeddable":true,"href":"https:\/\/eldigitaldeasturias.com\/magazine365\/wp-json\/wp\/v2\/categories?post=61945"},{"taxonomy":"post_tag","embeddable":true,"href":"https:\/\/eldigitaldeasturias.com\/magazine365\/wp-json\/wp\/v2\/tags?post=61945"}],"curies":[{"name":"wp","href":"https:\/\/api.w.org\/{rel}","templated":true}]}}