{"id":61942,"date":"2016-01-25T11:07:36","date_gmt":"2016-01-25T10:07:36","guid":{"rendered":"http:\/\/eldigitaldeasturias.com\/magazine365\/?p=61942"},"modified":"2016-01-25T11:07:36","modified_gmt":"2016-01-25T10:07:36","slug":"aumenta-la-facturacion-de-agencias-de-viajes-y-touroperadores","status":"publish","type":"post","link":"https:\/\/eldigitaldeasturias.com\/magazine365\/aumenta-la-facturacion-de-agencias-de-viajes-y-touroperadores\/","title":{"rendered":"Aumenta la facturaci\u00f3n de agencias de viajes y touroperadores"},"content":{"rendered":"<p><img fetchpriority=\"high\" decoding=\"async\" class=\"alignleft size-medium wp-image-61943\" src=\"https:\/\/eldigitaldeasturias.com\/magazine365\/wp-content\/uploads\/2016\/01\/fotonoticia_20160125085932_800-360x270.jpg\" alt=\"fotonoticia_20160125085932_800\" width=\"360\" height=\"270\" srcset=\"https:\/\/eldigitaldeasturias.com\/magazine365\/wp-content\/uploads\/2016\/01\/fotonoticia_20160125085932_800-360x270.jpg 360w, https:\/\/eldigitaldeasturias.com\/magazine365\/wp-content\/uploads\/2016\/01\/fotonoticia_20160125085932_800-650x488.jpg 650w, https:\/\/eldigitaldeasturias.com\/magazine365\/wp-content\/uploads\/2016\/01\/fotonoticia_20160125085932_800-768x576.jpg 768w, https:\/\/eldigitaldeasturias.com\/magazine365\/wp-content\/uploads\/2016\/01\/fotonoticia_20160125085932_800-150x113.jpg 150w, https:\/\/eldigitaldeasturias.com\/magazine365\/wp-content\/uploads\/2016\/01\/fotonoticia_20160125085932_800-450x338.jpg 450w, https:\/\/eldigitaldeasturias.com\/magazine365\/wp-content\/uploads\/2016\/01\/fotonoticia_20160125085932_800-80x60.jpg 80w, https:\/\/eldigitaldeasturias.com\/magazine365\/wp-content\/uploads\/2016\/01\/fotonoticia_20160125085932_800-265x198.jpg 265w, https:\/\/eldigitaldeasturias.com\/magazine365\/wp-content\/uploads\/2016\/01\/fotonoticia_20160125085932_800-696x522.jpg 696w, https:\/\/eldigitaldeasturias.com\/magazine365\/wp-content\/uploads\/2016\/01\/fotonoticia_20160125085932_800-560x420.jpg 560w, https:\/\/eldigitaldeasturias.com\/magazine365\/wp-content\/uploads\/2016\/01\/fotonoticia_20160125085932_800-90x67.jpg 90w, https:\/\/eldigitaldeasturias.com\/magazine365\/wp-content\/uploads\/2016\/01\/fotonoticia_20160125085932_800-164x124.jpg 164w, https:\/\/eldigitaldeasturias.com\/magazine365\/wp-content\/uploads\/2016\/01\/fotonoticia_20160125085932_800-100x75.jpg 100w, https:\/\/eldigitaldeasturias.com\/magazine365\/wp-content\/uploads\/2016\/01\/fotonoticia_20160125085932_800.jpg 800w\" sizes=\"(max-width: 360px) 100vw, 360px\" \/>La cifra de negocio de las agencias de viajes y touroperadores repunt\u00f3 un 10,5% en noviembre respecto al mismo mes del a\u00f1o anterior, seg\u00fan datos provisionales publicados por el Instituto Nacional de Estad\u00edstica (INE).<\/p>\n<p>En lo que va de a\u00f1o, el aumento en el volumen de negocio de las agencias y touroperadores se sit\u00faa en el 8,4%.<\/p>\n<p>En el und\u00e9cimo mes del a\u00f1o, el nivel de facturaci\u00f3n en hosteler\u00eda aument\u00f3 un 5,6%, gracias al avance del 7,1% del alojamiento y de los servicios de comidas y bebidas, con una subida del 5,1%.<\/p>\n<p>De enero a noviembre, la hosteler\u00eda increment\u00f3 de media un 5% las ventas, gracias a un incremento del 6,1% en servicios de alojamiento y a un aumento del volumen de negocio del 4,5% en servicios de comidas y bebidas.<\/p>\n<p>En conjunto, el sector servicios registr\u00f3 un aumento de su facturaci\u00f3n del 5,2% el pasado mes de noviembre en relaci\u00f3n al mismo mes de 2014, seg\u00fan datos provisionales.<\/p>\n<p>Esta tasa, con la que los servicios encadenan ya 27 meses de ascensos, es 1,7 puntos superior a la de octubre de 2015, cuando las ventas del sector repuntaron un 3,5%.<\/p>\n<p>Corregidos los efectos estacionales y de calendario, la facturaci\u00f3n de los servicios registr\u00f3 el pasado mes de noviembre un avance interanual del 4,6%, tasa 1,1 puntos inferior a la registrada en octubre (+5,7%).<\/p>\n<p>En el caso del transporte a\u00e9reo, la cifra de negocio aument\u00f3 un 2,2% en noviembre, mientras que en el transporte en ferrocarril lo hizo en un 4,3%. En el acumulado del a\u00f1o 2015 hasta que se tienen datos, el transporte a\u00e9reo repunt\u00f3 un 4,3% y el ferroviario, un 3,8%.<\/p>\n<p class=\"ladillo\">LA OCUPACI\u00d3N EN AGENCIAS AUMENT\u00d3 UN 1,8%.<\/p>\n<p>En cuanto al empleo en el sector servicios aument\u00f3 en el pen\u00faltimo mes del a\u00f1o pasado un 2,1% en tasa interanual, igualando el dato de octubre. Con este repunte, el sector suma ya 19 meses de crecimiento interanual de la ocupaci\u00f3n despu\u00e9s de casi tres a\u00f1os de ca\u00eddas.<\/p>\n<p>En tasa mensual, el empleo en los servicios baj\u00f3 un 0,8%, con un descenso del 1,6% en los otros servicios y un repunte del 0,3% en el comercio.<\/p>\n<p>En las actividades vinculadas al sector tur\u00edstico se registraron tasas positivas del 1,7% en hosteler\u00eda y del 1,8% en las agencias de viajes y touroperadores.<\/p>\n<p>Dentro del sector de la hosteler\u00eda, en alojamiento el empleo aument\u00f3 un 1,5% con respecto al a\u00f1o anterior, mientras que los servicios de restauraci\u00f3n se incrementaron un 1,7%. Con respecto a septiembre, el empleo en hosteler\u00eda cay\u00f3 un 5,8%.<\/p>\n<p>En lo que va de a\u00f1o, el empleo en hosteler\u00eda acumula un ascenso del 1,5%, con un aumento del 1,3% en servicios de alojamiento y del 1,5% en restauraci\u00f3n. Por su parte, el incremento medio de ocupaci\u00f3n en las agencias de viajes y operadores tur\u00edsticos en el a\u00f1o 2015 hasta noviembre es del 3,2%.<\/p>\n<p>Los datos del INE tambi\u00e9n muestran c\u00f3mo en el sector a\u00e9reo el personal ocupado creci\u00f3 un 0,7% en noviembre, pero en el acumulado en los once primeros meses cay\u00f3 un 1,3%. El empleo en ferrocarril decreci\u00f3 un 0,9% en noviembre y un 2,1% en el periodo acumulado.<\/p>\n","protected":false},"excerpt":{"rendered":"<p>La cifra de negocio de las agencias de viajes y touroperadores repunt\u00f3 un 10,5% en noviembre respecto al mismo mes del a\u00f1o anterior, seg\u00fan datos provisionales publicados por el Instituto Nacional de Estad\u00edstica (INE). En lo que va de a\u00f1o, el aumento en el volumen de negocio de las agencias y touroperadores se sit\u00faa en<\/p>\n","protected":false},"author":1,"featured_media":61943,"comment_status":"open","ping_status":"closed","sticky":false,"template":"","format":"standard","meta":{"footnotes":""},"categories":[224],"tags":[],"class_list":{"0":"post-61942","1":"post","2":"type-post","3":"status-publish","4":"format-standard","5":"has-post-thumbnail","7":"category-noticias-actualidad"},"aioseo_notices":[],"aioseo_head":"\n\t\t<!-- All in One SEO Pro 4.9.6.1 - aioseo.com -->\n\t<meta name=\"description\" content=\"La cifra de negocio de las agencias de viajes y touroperadores repunt\u00f3 un 10,5% en noviembre respecto al mismo mes del a\u00f1o anterior, seg\u00fan datos provisionales publicados por el Instituto Nacional de Estad\u00edstica (INE). En lo que va de a\u00f1o, el aumento en el volumen de negocio de las agencias y touroperadores se sit\u00faa en\" \/>\n\t<meta name=\"robots\" content=\"max-image-preview:large\" \/>\n\t<meta name=\"author\" content=\"admin\"\/>\n\t<meta name=\"google-site-verification\" content=\"UA-38556648-1\" \/>\n\t<meta name=\"keywords\" content=\"noticias y actualidad\" \/>\n\t<link rel=\"canonical\" href=\"https:\/\/eldigitaldeasturias.com\/magazine365\/aumenta-la-facturacion-de-agencias-de-viajes-y-touroperadores\/\" \/>\n\t<meta name=\"generator\" content=\"All in One SEO Pro (AIOSEO) 4.9.6.1\" \/>\n\t\t<meta property=\"og:locale\" content=\"es_ES\" \/>\n\t\t<meta property=\"og:site_name\" content=\"El Digital de Asturias \u2013 Revista de ocio, turismo y estilo de vida\" \/>\n\t\t<meta property=\"og:type\" content=\"article\" \/>\n\t\t<meta property=\"og:title\" content=\"Aumenta la facturaci\u00f3n de agencias de viajes y touroperadores | El Digital de Asturias\" \/>\n\t\t<meta property=\"og:description\" content=\"La cifra de negocio de las agencias de viajes y touroperadores repunt\u00f3 un 10,5% en noviembre respecto al mismo mes del a\u00f1o anterior, seg\u00fan datos provisionales publicados por el Instituto Nacional de Estad\u00edstica (INE). En lo que va de a\u00f1o, el aumento en el volumen de negocio de las agencias y touroperadores se sit\u00faa en\" \/>\n\t\t<meta property=\"og:url\" content=\"https:\/\/eldigitaldeasturias.com\/magazine365\/aumenta-la-facturacion-de-agencias-de-viajes-y-touroperadores\/\" \/>\n\t\t<meta property=\"og:image\" content=\"https:\/\/eldigitaldeasturias.com\/magazine365\/wp-content\/uploads\/2016\/01\/fotonoticia_20160125085932_800.jpg\" \/>\n\t\t<meta property=\"og:image:secure_url\" content=\"https:\/\/eldigitaldeasturias.com\/magazine365\/wp-content\/uploads\/2016\/01\/fotonoticia_20160125085932_800.jpg\" \/>\n\t\t<meta property=\"og:image:width\" content=\"800\" \/>\n\t\t<meta property=\"og:image:height\" content=\"600\" \/>\n\t\t<meta property=\"article:published_time\" content=\"2016-01-25T10:07:36+00:00\" \/>\n\t\t<meta property=\"article:modified_time\" content=\"2016-01-25T10:07:36+00:00\" \/>\n\t\t<meta name=\"twitter:card\" content=\"summary_large_image\" \/>\n\t\t<meta name=\"twitter:title\" content=\"Aumenta la facturaci\u00f3n de agencias de viajes y touroperadores | El Digital de Asturias\" \/>\n\t\t<meta name=\"twitter:description\" content=\"La cifra de negocio de las agencias de viajes y touroperadores repunt\u00f3 un 10,5% en noviembre respecto al mismo mes del a\u00f1o anterior, seg\u00fan datos provisionales publicados por el Instituto Nacional de Estad\u00edstica (INE). En lo que va de a\u00f1o, el aumento en el volumen de negocio de las agencias y touroperadores se sit\u00faa en\" \/>\n\t\t<meta name=\"twitter:image\" content=\"https:\/\/eldigitaldeasturias.com\/magazine365\/wp-content\/uploads\/2016\/01\/fotonoticia_20160125085932_800.jpg\" \/>\n\t\t<script type=\"application\/ld+json\" class=\"aioseo-schema\">\n\t\t\t{\"@context\":\"https:\\\/\\\/schema.org\",\"@graph\":[{\"@type\":\"Article\",\"@id\":\"https:\\\/\\\/eldigitaldeasturias.com\\\/magazine365\\\/aumenta-la-facturacion-de-agencias-de-viajes-y-touroperadores\\\/#article\",\"name\":\"Aumenta la facturaci\\u00f3n de agencias de viajes y touroperadores | El Digital de Asturias\",\"headline\":\"Aumenta la facturaci\\u00f3n de agencias de viajes y touroperadores\",\"author\":{\"@id\":\"https:\\\/\\\/eldigitaldeasturias.com\\\/magazine365\\\/author\\\/admin\\\/#author\"},\"publisher\":{\"@id\":\"https:\\\/\\\/eldigitaldeasturias.com\\\/magazine365\\\/#organization\"},\"image\":{\"@type\":\"ImageObject\",\"url\":\"https:\\\/\\\/eldigitaldeasturias.com\\\/magazine365\\\/wp-content\\\/uploads\\\/2016\\\/01\\\/fotonoticia_20160125085932_800.jpg\",\"width\":800,\"height\":600},\"datePublished\":\"2016-01-25T11:07:36+01:00\",\"dateModified\":\"2016-01-25T11:07:36+01:00\",\"inLanguage\":\"es-ES\",\"mainEntityOfPage\":{\"@id\":\"https:\\\/\\\/eldigitaldeasturias.com\\\/magazine365\\\/aumenta-la-facturacion-de-agencias-de-viajes-y-touroperadores\\\/#webpage\"},\"isPartOf\":{\"@id\":\"https:\\\/\\\/eldigitaldeasturias.com\\\/magazine365\\\/aumenta-la-facturacion-de-agencias-de-viajes-y-touroperadores\\\/#webpage\"},\"articleSection\":\"Noticias y Actualidad\"},{\"@type\":\"BreadcrumbList\",\"@id\":\"https:\\\/\\\/eldigitaldeasturias.com\\\/magazine365\\\/aumenta-la-facturacion-de-agencias-de-viajes-y-touroperadores\\\/#breadcrumblist\",\"itemListElement\":[{\"@type\":\"ListItem\",\"@id\":\"https:\\\/\\\/eldigitaldeasturias.com\\\/magazine365#listItem\",\"position\":1,\"name\":\"Home\",\"item\":\"https:\\\/\\\/eldigitaldeasturias.com\\\/magazine365\",\"nextItem\":{\"@type\":\"ListItem\",\"@id\":\"https:\\\/\\\/eldigitaldeasturias.com\\\/magazine365\\\/category\\\/noticias-actualidad\\\/#listItem\",\"name\":\"Noticias y Actualidad\"}},{\"@type\":\"ListItem\",\"@id\":\"https:\\\/\\\/eldigitaldeasturias.com\\\/magazine365\\\/category\\\/noticias-actualidad\\\/#listItem\",\"position\":2,\"name\":\"Noticias y Actualidad\",\"item\":\"https:\\\/\\\/eldigitaldeasturias.com\\\/magazine365\\\/category\\\/noticias-actualidad\\\/\",\"nextItem\":{\"@type\":\"ListItem\",\"@id\":\"https:\\\/\\\/eldigitaldeasturias.com\\\/magazine365\\\/aumenta-la-facturacion-de-agencias-de-viajes-y-touroperadores\\\/#listItem\",\"name\":\"Aumenta la facturaci\\u00f3n de agencias de viajes y touroperadores\"},\"previousItem\":{\"@type\":\"ListItem\",\"@id\":\"https:\\\/\\\/eldigitaldeasturias.com\\\/magazine365#listItem\",\"name\":\"Home\"}},{\"@type\":\"ListItem\",\"@id\":\"https:\\\/\\\/eldigitaldeasturias.com\\\/magazine365\\\/aumenta-la-facturacion-de-agencias-de-viajes-y-touroperadores\\\/#listItem\",\"position\":3,\"name\":\"Aumenta la facturaci\\u00f3n de agencias de viajes y touroperadores\",\"previousItem\":{\"@type\":\"ListItem\",\"@id\":\"https:\\\/\\\/eldigitaldeasturias.com\\\/magazine365\\\/category\\\/noticias-actualidad\\\/#listItem\",\"name\":\"Noticias y Actualidad\"}}]},{\"@type\":\"Organization\",\"@id\":\"https:\\\/\\\/eldigitaldeasturias.com\\\/magazine365\\\/#organization\",\"name\":\"El digital de Asturias\",\"description\":\"Revista de ocio, turismo y estilo de vida\",\"url\":\"https:\\\/\\\/eldigitaldeasturias.com\\\/magazine365\\\/\",\"logo\":{\"@type\":\"ImageObject\",\"url\":\"https:\\\/\\\/www.eldigitaldeasturias.com\\\/noticias\\\/wp-content\\\/uploads\\\/2020\\\/12\\\/EDA.jpg\",\"@id\":\"https:\\\/\\\/eldigitaldeasturias.com\\\/magazine365\\\/aumenta-la-facturacion-de-agencias-de-viajes-y-touroperadores\\\/#organizationLogo\"},\"image\":{\"@id\":\"https:\\\/\\\/eldigitaldeasturias.com\\\/magazine365\\\/aumenta-la-facturacion-de-agencias-de-viajes-y-touroperadores\\\/#organizationLogo\"}},{\"@type\":\"Person\",\"@id\":\"https:\\\/\\\/eldigitaldeasturias.com\\\/magazine365\\\/author\\\/admin\\\/#author\",\"url\":\"https:\\\/\\\/eldigitaldeasturias.com\\\/magazine365\\\/author\\\/admin\\\/\",\"name\":\"admin\",\"image\":{\"@type\":\"ImageObject\",\"@id\":\"https:\\\/\\\/eldigitaldeasturias.com\\\/magazine365\\\/aumenta-la-facturacion-de-agencias-de-viajes-y-touroperadores\\\/#authorImage\",\"url\":\"https:\\\/\\\/eldigitaldeasturias.com\\\/magazine365\\\/wp-content\\\/litespeed\\\/avatar\\\/e571bcf59a0edd6fa6838245a470f2fe.jpg?ver=1776969259\",\"width\":96,\"height\":96,\"caption\":\"admin\"}},{\"@type\":\"WebPage\",\"@id\":\"https:\\\/\\\/eldigitaldeasturias.com\\\/magazine365\\\/aumenta-la-facturacion-de-agencias-de-viajes-y-touroperadores\\\/#webpage\",\"url\":\"https:\\\/\\\/eldigitaldeasturias.com\\\/magazine365\\\/aumenta-la-facturacion-de-agencias-de-viajes-y-touroperadores\\\/\",\"name\":\"Aumenta la facturaci\\u00f3n de agencias de viajes y touroperadores | El Digital de Asturias\",\"description\":\"La cifra de negocio de las agencias de viajes y touroperadores repunt\\u00f3 un 10,5% en noviembre respecto al mismo mes del a\\u00f1o anterior, seg\\u00fan datos provisionales publicados por el Instituto Nacional de Estad\\u00edstica (INE). En lo que va de a\\u00f1o, el aumento en el volumen de negocio de las agencias y touroperadores se sit\\u00faa en\",\"inLanguage\":\"es-ES\",\"isPartOf\":{\"@id\":\"https:\\\/\\\/eldigitaldeasturias.com\\\/magazine365\\\/#website\"},\"breadcrumb\":{\"@id\":\"https:\\\/\\\/eldigitaldeasturias.com\\\/magazine365\\\/aumenta-la-facturacion-de-agencias-de-viajes-y-touroperadores\\\/#breadcrumblist\"},\"author\":{\"@id\":\"https:\\\/\\\/eldigitaldeasturias.com\\\/magazine365\\\/author\\\/admin\\\/#author\"},\"creator\":{\"@id\":\"https:\\\/\\\/eldigitaldeasturias.com\\\/magazine365\\\/author\\\/admin\\\/#author\"},\"image\":{\"@type\":\"ImageObject\",\"url\":\"https:\\\/\\\/eldigitaldeasturias.com\\\/magazine365\\\/wp-content\\\/uploads\\\/2016\\\/01\\\/fotonoticia_20160125085932_800.jpg\",\"@id\":\"https:\\\/\\\/eldigitaldeasturias.com\\\/magazine365\\\/aumenta-la-facturacion-de-agencias-de-viajes-y-touroperadores\\\/#mainImage\",\"width\":800,\"height\":600},\"primaryImageOfPage\":{\"@id\":\"https:\\\/\\\/eldigitaldeasturias.com\\\/magazine365\\\/aumenta-la-facturacion-de-agencias-de-viajes-y-touroperadores\\\/#mainImage\"},\"datePublished\":\"2016-01-25T11:07:36+01:00\",\"dateModified\":\"2016-01-25T11:07:36+01:00\"},{\"@type\":\"WebSite\",\"@id\":\"https:\\\/\\\/eldigitaldeasturias.com\\\/magazine365\\\/#website\",\"url\":\"https:\\\/\\\/eldigitaldeasturias.com\\\/magazine365\\\/\",\"name\":\"El Digital de Asturias\",\"description\":\"Revista de ocio, turismo y estilo de vida\",\"inLanguage\":\"es-ES\",\"publisher\":{\"@id\":\"https:\\\/\\\/eldigitaldeasturias.com\\\/magazine365\\\/#organization\"}}]}\n\t\t<\/script>\n\t\t<!-- All in One SEO Pro -->\r\n\t\t<title>Aumenta la facturaci\u00f3n de agencias de viajes y touroperadores | El Digital de Asturias<\/title>\n\n","aioseo_head_json":{"title":"Aumenta la facturaci\u00f3n de agencias de viajes y touroperadores | El Digital de Asturias","description":"La cifra de negocio de las agencias de viajes y touroperadores repunt\u00f3 un 10,5% en noviembre respecto al mismo mes del a\u00f1o anterior, seg\u00fan datos provisionales publicados por el Instituto Nacional de Estad\u00edstica (INE). En lo que va de a\u00f1o, el aumento en el volumen de negocio de las agencias y touroperadores se sit\u00faa en","canonical_url":"https:\/\/eldigitaldeasturias.com\/magazine365\/aumenta-la-facturacion-de-agencias-de-viajes-y-touroperadores\/","robots":"max-image-preview:large","keywords":"noticias y actualidad","webmasterTools":{"google-site-verification":"UA-38556648-1","miscellaneous":""},"schema":{"@context":"https:\/\/schema.org","@graph":[{"@type":"Article","@id":"https:\/\/eldigitaldeasturias.com\/magazine365\/aumenta-la-facturacion-de-agencias-de-viajes-y-touroperadores\/#article","name":"Aumenta la facturaci\u00f3n de agencias de viajes y touroperadores | El Digital de Asturias","headline":"Aumenta la facturaci\u00f3n de agencias de viajes y touroperadores","author":{"@id":"https:\/\/eldigitaldeasturias.com\/magazine365\/author\/admin\/#author"},"publisher":{"@id":"https:\/\/eldigitaldeasturias.com\/magazine365\/#organization"},"image":{"@type":"ImageObject","url":"https:\/\/eldigitaldeasturias.com\/magazine365\/wp-content\/uploads\/2016\/01\/fotonoticia_20160125085932_800.jpg","width":800,"height":600},"datePublished":"2016-01-25T11:07:36+01:00","dateModified":"2016-01-25T11:07:36+01:00","inLanguage":"es-ES","mainEntityOfPage":{"@id":"https:\/\/eldigitaldeasturias.com\/magazine365\/aumenta-la-facturacion-de-agencias-de-viajes-y-touroperadores\/#webpage"},"isPartOf":{"@id":"https:\/\/eldigitaldeasturias.com\/magazine365\/aumenta-la-facturacion-de-agencias-de-viajes-y-touroperadores\/#webpage"},"articleSection":"Noticias y Actualidad"},{"@type":"BreadcrumbList","@id":"https:\/\/eldigitaldeasturias.com\/magazine365\/aumenta-la-facturacion-de-agencias-de-viajes-y-touroperadores\/#breadcrumblist","itemListElement":[{"@type":"ListItem","@id":"https:\/\/eldigitaldeasturias.com\/magazine365#listItem","position":1,"name":"Home","item":"https:\/\/eldigitaldeasturias.com\/magazine365","nextItem":{"@type":"ListItem","@id":"https:\/\/eldigitaldeasturias.com\/magazine365\/category\/noticias-actualidad\/#listItem","name":"Noticias y Actualidad"}},{"@type":"ListItem","@id":"https:\/\/eldigitaldeasturias.com\/magazine365\/category\/noticias-actualidad\/#listItem","position":2,"name":"Noticias y Actualidad","item":"https:\/\/eldigitaldeasturias.com\/magazine365\/category\/noticias-actualidad\/","nextItem":{"@type":"ListItem","@id":"https:\/\/eldigitaldeasturias.com\/magazine365\/aumenta-la-facturacion-de-agencias-de-viajes-y-touroperadores\/#listItem","name":"Aumenta la facturaci\u00f3n de agencias de viajes y touroperadores"},"previousItem":{"@type":"ListItem","@id":"https:\/\/eldigitaldeasturias.com\/magazine365#listItem","name":"Home"}},{"@type":"ListItem","@id":"https:\/\/eldigitaldeasturias.com\/magazine365\/aumenta-la-facturacion-de-agencias-de-viajes-y-touroperadores\/#listItem","position":3,"name":"Aumenta la facturaci\u00f3n de agencias de viajes y touroperadores","previousItem":{"@type":"ListItem","@id":"https:\/\/eldigitaldeasturias.com\/magazine365\/category\/noticias-actualidad\/#listItem","name":"Noticias y Actualidad"}}]},{"@type":"Organization","@id":"https:\/\/eldigitaldeasturias.com\/magazine365\/#organization","name":"El digital de Asturias","description":"Revista de ocio, turismo y estilo de vida","url":"https:\/\/eldigitaldeasturias.com\/magazine365\/","logo":{"@type":"ImageObject","url":"https:\/\/www.eldigitaldeasturias.com\/noticias\/wp-content\/uploads\/2020\/12\/EDA.jpg","@id":"https:\/\/eldigitaldeasturias.com\/magazine365\/aumenta-la-facturacion-de-agencias-de-viajes-y-touroperadores\/#organizationLogo"},"image":{"@id":"https:\/\/eldigitaldeasturias.com\/magazine365\/aumenta-la-facturacion-de-agencias-de-viajes-y-touroperadores\/#organizationLogo"}},{"@type":"Person","@id":"https:\/\/eldigitaldeasturias.com\/magazine365\/author\/admin\/#author","url":"https:\/\/eldigitaldeasturias.com\/magazine365\/author\/admin\/","name":"admin","image":{"@type":"ImageObject","@id":"https:\/\/eldigitaldeasturias.com\/magazine365\/aumenta-la-facturacion-de-agencias-de-viajes-y-touroperadores\/#authorImage","url":"https:\/\/eldigitaldeasturias.com\/magazine365\/wp-content\/litespeed\/avatar\/e571bcf59a0edd6fa6838245a470f2fe.jpg?ver=1776969259","width":96,"height":96,"caption":"admin"}},{"@type":"WebPage","@id":"https:\/\/eldigitaldeasturias.com\/magazine365\/aumenta-la-facturacion-de-agencias-de-viajes-y-touroperadores\/#webpage","url":"https:\/\/eldigitaldeasturias.com\/magazine365\/aumenta-la-facturacion-de-agencias-de-viajes-y-touroperadores\/","name":"Aumenta la facturaci\u00f3n de agencias de viajes y touroperadores | El Digital de Asturias","description":"La cifra de negocio de las agencias de viajes y touroperadores repunt\u00f3 un 10,5% en noviembre respecto al mismo mes del a\u00f1o anterior, seg\u00fan datos provisionales publicados por el Instituto Nacional de Estad\u00edstica (INE). En lo que va de a\u00f1o, el aumento en el volumen de negocio de las agencias y touroperadores se sit\u00faa en","inLanguage":"es-ES","isPartOf":{"@id":"https:\/\/eldigitaldeasturias.com\/magazine365\/#website"},"breadcrumb":{"@id":"https:\/\/eldigitaldeasturias.com\/magazine365\/aumenta-la-facturacion-de-agencias-de-viajes-y-touroperadores\/#breadcrumblist"},"author":{"@id":"https:\/\/eldigitaldeasturias.com\/magazine365\/author\/admin\/#author"},"creator":{"@id":"https:\/\/eldigitaldeasturias.com\/magazine365\/author\/admin\/#author"},"image":{"@type":"ImageObject","url":"https:\/\/eldigitaldeasturias.com\/magazine365\/wp-content\/uploads\/2016\/01\/fotonoticia_20160125085932_800.jpg","@id":"https:\/\/eldigitaldeasturias.com\/magazine365\/aumenta-la-facturacion-de-agencias-de-viajes-y-touroperadores\/#mainImage","width":800,"height":600},"primaryImageOfPage":{"@id":"https:\/\/eldigitaldeasturias.com\/magazine365\/aumenta-la-facturacion-de-agencias-de-viajes-y-touroperadores\/#mainImage"},"datePublished":"2016-01-25T11:07:36+01:00","dateModified":"2016-01-25T11:07:36+01:00"},{"@type":"WebSite","@id":"https:\/\/eldigitaldeasturias.com\/magazine365\/#website","url":"https:\/\/eldigitaldeasturias.com\/magazine365\/","name":"El Digital de Asturias","description":"Revista de ocio, turismo y estilo de vida","inLanguage":"es-ES","publisher":{"@id":"https:\/\/eldigitaldeasturias.com\/magazine365\/#organization"}}]},"og:locale":"es_ES","og:site_name":"El Digital de Asturias \u2013 Revista de ocio, turismo y estilo de vida","og:type":"article","og:title":"Aumenta la facturaci\u00f3n de agencias de viajes y touroperadores | El Digital de Asturias","og:description":"La cifra de negocio de las agencias de viajes y touroperadores repunt\u00f3 un 10,5% en noviembre respecto al mismo mes del a\u00f1o anterior, seg\u00fan datos provisionales publicados por el Instituto Nacional de Estad\u00edstica (INE). En lo que va de a\u00f1o, el aumento en el volumen de negocio de las agencias y touroperadores se sit\u00faa en","og:url":"https:\/\/eldigitaldeasturias.com\/magazine365\/aumenta-la-facturacion-de-agencias-de-viajes-y-touroperadores\/","og:image":"https:\/\/eldigitaldeasturias.com\/magazine365\/wp-content\/uploads\/2016\/01\/fotonoticia_20160125085932_800.jpg","og:image:secure_url":"https:\/\/eldigitaldeasturias.com\/magazine365\/wp-content\/uploads\/2016\/01\/fotonoticia_20160125085932_800.jpg","og:image:width":800,"og:image:height":600,"article:published_time":"2016-01-25T10:07:36+00:00","article:modified_time":"2016-01-25T10:07:36+00:00","twitter:card":"summary_large_image","twitter:title":"Aumenta la facturaci\u00f3n de agencias de viajes y touroperadores | El Digital de Asturias","twitter:description":"La cifra de negocio de las agencias de viajes y touroperadores repunt\u00f3 un 10,5% en noviembre respecto al mismo mes del a\u00f1o anterior, seg\u00fan datos provisionales publicados por el Instituto Nacional de Estad\u00edstica (INE). En lo que va de a\u00f1o, el aumento en el volumen de negocio de las agencias y touroperadores se sit\u00faa en","twitter:image":"https:\/\/eldigitaldeasturias.com\/magazine365\/wp-content\/uploads\/2016\/01\/fotonoticia_20160125085932_800.jpg"},"aioseo_meta_data":{"post_id":"61942","title":null,"description":null,"keywords":null,"keyphrases":null,"primary_term":null,"canonical_url":null,"og_title":null,"og_description":null,"og_object_type":"default","og_image_type":"default","og_image_url":null,"og_image_width":null,"og_image_height":null,"og_image_custom_url":null,"og_image_custom_fields":null,"og_video":null,"og_custom_url":null,"og_article_section":null,"og_article_tags":null,"twitter_use_og":false,"twitter_card":"default","twitter_image_type":"default","twitter_image_url":null,"twitter_image_custom_url":null,"twitter_image_custom_fields":null,"twitter_title":null,"twitter_description":null,"schema":{"blockGraphs":[],"customGraphs":[],"default":{"data":{"Article":[],"Course":[],"Dataset":[],"FAQPage":[],"Movie":[],"Person":[],"Product":[],"ProductReview":[],"Car":[],"Recipe":[],"Service":[],"SoftwareApplication":[],"WebPage":[]},"graphName":"","isEnabled":true},"graphs":[],"defaultGraph":"","defaultPostTypeGraph":""},"schema_type":null,"schema_type_options":null,"pillar_content":false,"robots_default":true,"robots_noindex":false,"robots_noarchive":false,"robots_nosnippet":false,"robots_nofollow":false,"robots_noimageindex":false,"robots_noodp":false,"robots_notranslate":false,"robots_max_snippet":null,"robots_max_videopreview":null,"robots_max_imagepreview":"large","priority":null,"frequency":null,"location":null,"local_seo":null,"seo_analyzer_scan_date":"2025-09-25 10:02:46","breadcrumb_settings":null,"limit_modified_date":false,"open_ai":null,"ai":null,"created":"2021-03-08 21:42:49","updated":"2025-09-25 10:02:46"},"aioseo_breadcrumb":"<div class=\"aioseo-breadcrumbs\"><span class=\"aioseo-breadcrumb\">\n\t<a href=\"https:\/\/eldigitaldeasturias.com\/magazine365\" title=\"Home\">Home<\/a>\n<\/span><span class=\"aioseo-breadcrumb-separator\">\u2013<\/span><span class=\"aioseo-breadcrumb\">\n\t<a href=\"https:\/\/eldigitaldeasturias.com\/magazine365\/category\/noticias-actualidad\/\" title=\"Noticias y Actualidad\">Noticias y Actualidad<\/a>\n<\/span><span class=\"aioseo-breadcrumb-separator\">\u2013<\/span><span class=\"aioseo-breadcrumb\">\n\t<a href=\"https:\/\/eldigitaldeasturias.com\/magazine365\/aumenta-la-facturacion-de-agencias-de-viajes-y-touroperadores\/\" title=\"Aumenta la facturaci\u00f3n de agencias de viajes y touroperadores\">Aumenta la facturaci\u00f3n de agencias de viajes y touroperadores<\/a>\n<\/span><\/div>","aioseo_breadcrumb_json":[{"label":"Home","link":"https:\/\/eldigitaldeasturias.com\/magazine365"},{"label":"Noticias y Actualidad","link":"https:\/\/eldigitaldeasturias.com\/magazine365\/category\/noticias-actualidad\/"},{"label":"Aumenta la facturaci\u00f3n de agencias de viajes y touroperadores","link":"https:\/\/eldigitaldeasturias.com\/magazine365\/aumenta-la-facturacion-de-agencias-de-viajes-y-touroperadores\/"}],"_links":{"self":[{"href":"https:\/\/eldigitaldeasturias.com\/magazine365\/wp-json\/wp\/v2\/posts\/61942","targetHints":{"allow":["GET"]}}],"collection":[{"href":"https:\/\/eldigitaldeasturias.com\/magazine365\/wp-json\/wp\/v2\/posts"}],"about":[{"href":"https:\/\/eldigitaldeasturias.com\/magazine365\/wp-json\/wp\/v2\/types\/post"}],"author":[{"embeddable":true,"href":"https:\/\/eldigitaldeasturias.com\/magazine365\/wp-json\/wp\/v2\/users\/1"}],"replies":[{"embeddable":true,"href":"https:\/\/eldigitaldeasturias.com\/magazine365\/wp-json\/wp\/v2\/comments?post=61942"}],"version-history":[{"count":0,"href":"https:\/\/eldigitaldeasturias.com\/magazine365\/wp-json\/wp\/v2\/posts\/61942\/revisions"}],"wp:featuredmedia":[{"embeddable":true,"href":"https:\/\/eldigitaldeasturias.com\/magazine365\/wp-json\/wp\/v2\/media\/61943"}],"wp:attachment":[{"href":"https:\/\/eldigitaldeasturias.com\/magazine365\/wp-json\/wp\/v2\/media?parent=61942"}],"wp:term":[{"taxonomy":"category","embeddable":true,"href":"https:\/\/eldigitaldeasturias.com\/magazine365\/wp-json\/wp\/v2\/categories?post=61942"},{"taxonomy":"post_tag","embeddable":true,"href":"https:\/\/eldigitaldeasturias.com\/magazine365\/wp-json\/wp\/v2\/tags?post=61942"}],"curies":[{"name":"wp","href":"https:\/\/api.w.org\/{rel}","templated":true}]}}